{"id":963,"date":"2026-04-23T06:02:16","date_gmt":"2026-04-23T06:02:16","guid":{"rendered":"https:\/\/www.encontracamacari.com.br\/sobre\/profissionais-participam-de-qualificacao-sobre-o-sipia-em-camacari\/"},"modified":"2026-04-23T06:02:16","modified_gmt":"2026-04-23T06:02:16","slug":"profissionais-participam-de-qualificacao-sobre-o-sipia-em-camacari","status":"publish","type":"post","link":"https:\/\/www.encontracamacari.com.br\/sobre\/profissionais-participam-de-qualificacao-sobre-o-sipia-em-camacari\/","title":{"rendered":"Profissionais participam de qualifica\u00e7\u00e3o sobre o SIPIA em Cama\u00e7ari"},"content":{"rendered":"<div class=\"2410bb7248a64bb1f71103797e0f239b\" data-index=\"1\" style=\"float: none; margin:0px;\">\n<ins class=\"adsbygoogle\"\r\n     style=\"display:block\"\r\n     data-ad-client=\"ca-pub-8585364105181520\"\r\n     data-ad-slot=\"8789329856\"\r\n     data-ad-format=\"auto\"\r\n     data-full-width-responsive=\"true\"><\/ins>\r\n<script>\r\n     (adsbygoogle = window.adsbygoogle || []).push({});\r\n<\/script>\n<\/div>\n<h2>Import\u00e2ncia do SIPIA para Crian\u00e7as e Adolescentes<\/h2>\n<p>O <strong>Sistema de Informa\u00e7\u00f5es para a Inf\u00e2ncia e Adolesc\u00eancia (SIPIA)<\/strong> \u00e9 crucial na promo\u00e7\u00e3o e na prote\u00e7\u00e3o dos direitos de crian\u00e7as e adolescentes no Brasil. Ele fornece uma plataforma robusta para o registro e acompanhamento de situa\u00e7\u00f5es que requerem aten\u00e7\u00e3o especial, permitindo que as autoridades respons\u00e1veis acessem informa\u00e7\u00f5es vitais de maneira integrada e sistem\u00e1tica. Ao centralizar dados sobre a inf\u00e2ncia e adolesc\u00eancia, o SIPIA auxilia na formula\u00e7\u00e3o de pol\u00edticas p\u00fablicas mais eficazes e na implementa\u00e7\u00e3o de a\u00e7\u00f5es direcionadas, garantindo que os direitos das crian\u00e7as e adolescentes sejam efetivamente respeitados.<\/p>\n<h2>Profissionais Envolvidos na Qualifica\u00e7\u00e3o<\/h2>\n<p>A qualifica\u00e7\u00e3o de profissionais que trabalham com o SIPIA \u00e9 essencial para garantir que todos estejam bem preparados para lidar com as quest\u00f5es que cercam a inf\u00e2ncia e a adolesc\u00eancia. Entre os participantes dessa forma\u00e7\u00e3o est\u00e3o:<\/p>\n<ul>\n<li><strong>Conselheiros Tutelares:<\/strong> Esses profissionais t\u00eam um papel fundamental na prote\u00e7\u00e3o dos direitos de crian\u00e7as e adolescentes, atuando como mediadores nas situa\u00e7\u00f5es de vulnerabilidade social.<\/li>\n<li><strong>Assistentes Sociais:<\/strong> Respons\u00e1veis por acompanhar e avaliar as condi\u00e7\u00f5es de vida das fam\u00edlias, promovendo pol\u00edticas de assist\u00eancia e orienta\u00e7\u00e3o.<\/li>\n<li><strong>Educadores:<\/strong> Professores e educadores que ajudam na promo\u00e7\u00e3o da educa\u00e7\u00e3o e na identifica\u00e7\u00e3o de situa\u00e7\u00f5es de risco nas escolas.<\/li>\n<li><strong>Pessoal da Sa\u00fade:<\/strong> Profissionais que atuam no atendimento a crian\u00e7as e adolescentes, registrando quest\u00f5es de sa\u00fade e desenvolvimento que podem afetar sua inf\u00e2ncia.<\/li>\n<\/ul>\n<h2>Objetivos da Qualifica\u00e7\u00e3o<\/h2>\n<p>A qualifica\u00e7\u00e3o realizada sobre o SIPIA tem objetivos primordiais:<\/p>\n<p><img decoding=\"async\" src=\"https:\/\/www.encontracamacari.com.br\/sobre\/wp-content\/uploads\/2026\/04\/profissionais-participam-de-qualificacao-sobre-o-sipia-em-camacari.webp\" alt=\"SIPIA\" loading=\"lazy\" \/><\/p>\n<ul>\n<li><strong>Capacitar Profissionais:<\/strong> Prover o conhecimento necess\u00e1rio para que os profissionais saibam utilizar eficientemente o sistema, registrando e monitorando situa\u00e7\u00f5es cr\u00edticas.<\/li>\n<li><strong>Promover a Integra\u00e7\u00e3o:<\/strong> Fomentar a colabora\u00e7\u00e3o entre diferentes \u00e1reas que lidam com a inf\u00e2ncia e a adolesc\u00eancia, como sa\u00fade, educa\u00e7\u00e3o e assist\u00eancia social.<\/li>\n<li><strong>Atualizar Conhecimentos:<\/strong> Oferecer informa\u00e7\u00f5es sobre as \u00faltimas diretrizes e legisla\u00e7\u00f5es relacionadas aos direitos das crian\u00e7as e adolescentes.<\/li>\n<li><strong>Estimular a Sensibilidade:<\/strong> Aumentar a percep\u00e7\u00e3o sobre os direitos das crian\u00e7as, gerando uma cultura de prote\u00e7\u00e3o e cuidado.<\/li>\n<\/ul>\n<h2>O Papel dos Conselheiros Tutelares<\/h2>\n<p>Os <strong>Conselheiros Tutelares<\/strong> desempenham um papel indispens\u00e1vel na prote\u00e7\u00e3o dos direitos das crian\u00e7as e adolescentes. Suas principais responsabilidades incluem:<\/p>\n<ul>\n<li><strong>Escuta ativa:<\/strong> Ouvir as demandas de crian\u00e7as e adolescentes em situa\u00e7\u00f5es de vulnerabilidade.<\/li>\n<li><strong>Interven\u00e7\u00e3o:<\/strong> Propor a\u00e7\u00f5es que visem a prote\u00e7\u00e3o e o restabelecimento de direitos violados.<\/li>\n<li><strong>Articula\u00e7\u00e3o com a Rede de Prote\u00e7\u00e3o:<\/strong> Trabalhar em conjunto com outros profissionais e institui\u00e7\u00f5es que atuam na garantia dos direitos da inf\u00e2ncia.<\/li>\n<\/ul>\n<h2>Sistema de Garantia de Direitos<\/h2>\n<p>O <strong>Sistema de Garantia de Direitos da Crian\u00e7a e do Adolescente<\/strong> \u00e9 um conjunto de pol\u00edticas e a\u00e7\u00f5es integradas que buscam assegurar o bem-estar e os direitos dessa faixa et\u00e1ria. Esse sistema \u00e9 formado por diversas institui\u00e7\u00f5es, tais como:<\/p><div class=\"2410bb7248a64bb1f71103797e0f239b\" data-index=\"2\" style=\"float: none; margin:0px;\">\n<ins class=\"adsbygoogle\"\r\n     style=\"display:block; text-align:center;\"\r\n     data-ad-layout=\"in-article\"\r\n     data-ad-format=\"fluid\"\r\n     data-ad-client=\"ca-pub-8585364105181520\"\r\n     data-ad-slot=\"2899217073\"><\/ins>\r\n<script>\r\n     (adsbygoogle = window.adsbygoogle || []).push({});\r\n<\/script>\r\n\r\n<\/br><\/br>\n<\/div>\n\n<ul>\n<li><strong>Conselhos Tutelares<\/strong><\/li>\n<li><strong>Secretarias de Assist\u00eancia Social<\/strong><\/li>\n<li><strong>Escolas<\/strong><\/li>\n<li><strong>Servi\u00e7os de Sa\u00fade<\/strong><\/li>\n<\/ul>\n<p>Todos esses elementos trabalham em conjunto para que a inf\u00e2ncia e adolesc\u00eancia sejam respeitadas e protegidas em sua integridade.<\/p>\n<h2>Como Participar do SIPIA<\/h2>\n<p>A participa\u00e7\u00e3o no SIPIA \u00e9 aberta a todos os profissionais que atuam na \u00e1rea da inf\u00e2ncia e adolesc\u00eancia. Para isso, \u00e9 necess\u00e1rio:<\/p>\n<ul>\n<li>Inscrever-se nos cursos de qualifica\u00e7\u00e3o oferecidos pelas institui\u00e7\u00f5es respons\u00e1veis pelo SIPIA.<\/li>\n<li>Realizar os treinamentos de capacita\u00e7\u00e3o que abordam o uso pr\u00e1tico do sistema.<\/li>\n<li>Engajar-se em grupos de discuss\u00e3o e f\u00f3runs que promovem a troca de experi\u00eancias e informa\u00e7\u00f5es sobre o sistema.<\/li>\n<\/ul>\n<h2>Desafios na Prote\u00e7\u00e3o dos Direitos Infantis<\/h2>\n<p>Apesar dos avan\u00e7os na prote\u00e7\u00e3o dos direitos de crian\u00e7as e adolescentes, ainda existem diversos desafios que precisam ser enfrentados:<\/p>\n<ul>\n<li><strong>Desigualdade Social:<\/strong> A vulnerabilidade das crian\u00e7as em contextos de pobreza \u00e9 um fator limitante na prote\u00e7\u00e3o de seus direitos.<\/li>\n<li><strong>Falta de Informa\u00e7\u00e3o:<\/strong> Muitos profissionais ainda carecem de acesso a informa\u00e7\u00f5es atualizadas sobre os direitos e pol\u00edticas aplic\u00e1veis.<\/li>\n<li><strong>Recursos Limitados:<\/strong> A escassez de recursos financeiros e humanos pode prejudicar a efetividade das a\u00e7\u00f5es de prote\u00e7\u00e3o.<\/li>\n<\/ul>\n<h2>Experi\u00eancias Pr\u00e1ticas durante a Qualifica\u00e7\u00e3o<\/h2>\n<p>Durante a qualifica\u00e7\u00e3o sobre o SIPIA, s\u00e3o realizadas atividades pr\u00e1ticas e din\u00e2micas que ajudam a fixar o aprendizado. Algumas dessas experi\u00eancias incluem:<\/p>\n<ul>\n<li><strong>Estudos de Caso:<\/strong> An\u00e1lise de situa\u00e7\u00f5es reais que demandam interven\u00e7\u00e3o e aplica\u00e7\u00e3o do SIPIA.<\/li>\n<li><strong>Simula\u00e7\u00f5es:<\/strong> Role-playing onde os participantes exercitam o que aprenderam na pr\u00e1tica.<\/li>\n<li><strong>Debates:<\/strong> Discuss\u00e3o em grupo sobre os desafios vividos no cotidiano do trabalho com crian\u00e7as e adolescentes.<\/li>\n<\/ul>\n<h2>Impactos da Qualifica\u00e7\u00e3o na Comunidade<\/h2>\n<p>Os impactos da qualifica\u00e7\u00e3o sobre o SIPIA v\u00e3o al\u00e9m do pr\u00f3prio sistema, impactando a comunidade de v\u00e1rias maneiras:<\/p>\n<ul>\n<li><strong>Aumento na Efici\u00eancia:<\/strong> Processos mais \u00e1geis e eficazes no atendimento de crian\u00e7as e adolescentes em situa\u00e7\u00e3o de risco.<\/li>\n<li><strong>Promo\u00e7\u00e3o de uma Cultura de Direitos:<\/strong> Maior conscientiza\u00e7\u00e3o da comunidade sobre a import\u00e2ncia de proteger os direitos da inf\u00e2ncia.<\/li>\n<li><strong>Fortalecimento da Rede de Prote\u00e7\u00e3o:<\/strong> Aumento da colabora\u00e7\u00e3o entre entidades e profissionais que atuam na \u00e1rea, resultando em um suporte mais coeso e eficaz.<\/li>\n<\/ul>\n<h2>Futuras Capacita\u00e7\u00f5es sobre o SIPIA<\/h2>\n<p>Com a crescente necessidade de proteger os direitos das crian\u00e7as e adolescentes, futuras capacita\u00e7\u00f5es sobre o SIPIA s\u00e3o essenciais. Estas oportunidades de forma\u00e7\u00e3o cont\u00ednua visam:<\/p>\n<ul>\n<li><strong>Atualiza\u00e7\u00e3o Constante:<\/strong> Manter os profissionais informados sobre mudan\u00e7as na legisla\u00e7\u00e3o e melhores pr\u00e1ticas.<\/li>\n<li><strong>Novo Aprendizado:<\/strong> Introduzir novas ferramentas e metodologias que podem ser aplicadas no trabalho di\u00e1rio.<\/li>\n<li><strong>Engajamento da Comunidade:<\/strong> Estimular a participa\u00e7\u00e3o da comunidade nas atividades de forma\u00e7\u00e3o e conscientiza\u00e7\u00e3o.<\/li>\n<\/ul>\n<div class=\"2410bb7248a64bb1f71103797e0f239b\" data-index=\"3\" style=\"float: none; margin:0px;\">\n<\/br><\/br>\r\n\r\n<ins class=\"adsbygoogle\"\r\n     style=\"display:block\"\r\n     data-ad-format=\"fluid\"\r\n     data-ad-layout-key=\"-63+do+n-1s+9e\"\r\n     data-ad-client=\"ca-pub-8585364105181520\"\r\n     data-ad-slot=\"6838462089\"><\/ins>\r\n<script>\r\n     (adsbygoogle = window.adsbygoogle || []).push({});\r\n<\/script>\n<\/div>\n\n<div style=\"font-size: 0px; height: 0px; line-height: 0px; margin: 0; padding: 0; clear: both;\"><\/div>","protected":false},"excerpt":{"rendered":"<p>A qualifica\u00e7\u00e3o sobre o SIPIA em Cama\u00e7ari fortalece direitos da inf\u00e2ncia e adolesc\u00eancia.<\/p>\n","protected":false},"author":1,"featured_media":962,"comment_status":"open","ping_status":"closed","sticky":false,"template":"","format":"standard","meta":{"footnotes":""},"categories":[1],"tags":[],"class_list":["post-963","post","type-post","status-publish","format-standard","has-post-thumbnail","hentry","category-noticias-em-camacari","has_thumb"],"aioseo_notices":[],"aioseo_head":"\n\t\t<!-- All in One SEO 5.0.0.1 - aioseo.com -->\n\t<meta name=\"description\" content=\"A qualifica\u00e7\u00e3o sobre o SIPIA em Cama\u00e7ari fortalece direitos da inf\u00e2ncia e adolesc\u00eancia.\" \/>\n\t<meta name=\"robots\" content=\"max-image-preview:large\" \/>\n\t<meta name=\"author\" content=\"Encontra Cama\u00e7ari\"\/>\n\t<link rel=\"canonical\" href=\"https:\/\/www.encontracamacari.com.br\/sobre\/profissionais-participam-de-qualificacao-sobre-o-sipia-em-camacari\/\" \/>\n\t<meta name=\"generator\" content=\"All in One SEO (AIOSEO) 5.0.0.1\" \/>\n\t\t<meta property=\"og:locale\" content=\"pt_BR\" \/>\n\t\t<meta property=\"og:site_name\" content=\"Encontra Cama\u00e7ari - Not\u00edcias, eventos, informa\u00e7\u00f5es e dicas na cidade de Cama\u00e7ari e regi\u00e3o.\" \/>\n\t\t<meta property=\"og:type\" content=\"article\" \/>\n\t\t<meta property=\"og:title\" content=\"Profissionais participam de qualifica\u00e7\u00e3o sobre o SIPIA em Cama\u00e7ari - Encontra Cama\u00e7ari\" \/>\n\t\t<meta property=\"og:description\" content=\"A qualifica\u00e7\u00e3o sobre o SIPIA em Cama\u00e7ari fortalece direitos da inf\u00e2ncia e adolesc\u00eancia.\" \/>\n\t\t<meta property=\"og:url\" content=\"https:\/\/www.encontracamacari.com.br\/sobre\/profissionais-participam-de-qualificacao-sobre-o-sipia-em-camacari\/\" \/>\n\t\t<meta property=\"article:published_time\" content=\"2026-04-23T06:02:16+00:00\" \/>\n\t\t<meta property=\"article:modified_time\" content=\"2026-04-23T06:02:16+00:00\" \/>\n\t\t<meta name=\"twitter:card\" content=\"summary_large_image\" \/>\n\t\t<meta name=\"twitter:title\" content=\"Profissionais participam de qualifica\u00e7\u00e3o sobre o SIPIA em Cama\u00e7ari - Encontra Cama\u00e7ari\" \/>\n\t\t<meta name=\"twitter:description\" content=\"A qualifica\u00e7\u00e3o sobre o SIPIA em Cama\u00e7ari fortalece direitos da inf\u00e2ncia e adolesc\u00eancia.\" \/>\n\t\t<script type=\"application\/ld+json\" class=\"aioseo-schema\">\n\t\t\t{\"@context\":\"https:\\\/\\\/schema.org\",\"@graph\":[{\"@type\":\"BlogPosting\",\"@id\":\"https:\\\/\\\/www.encontracamacari.com.br\\\/sobre\\\/profissionais-participam-de-qualificacao-sobre-o-sipia-em-camacari\\\/#blogposting\",\"name\":\"Profissionais participam de qualifica\\u00e7\\u00e3o sobre o SIPIA em Cama\\u00e7ari - Encontra Cama\\u00e7ari\",\"headline\":\"Profissionais participam de qualifica\\u00e7\\u00e3o sobre o SIPIA em Cama\\u00e7ari\",\"author\":{\"@id\":\"https:\\\/\\\/www.encontracamacari.com.br\\\/sobre\\\/author\\\/ecamacari\\\/#author\"},\"publisher\":{\"@id\":\"https:\\\/\\\/www.encontracamacari.com.br\\\/sobre\\\/#organization\"},\"image\":{\"@type\":\"ImageObject\",\"url\":\"https:\\\/\\\/www.encontracamacari.com.br\\\/sobre\\\/wp-content\\\/uploads\\\/2026\\\/04\\\/profissionais-participam-de-qualificacao-sobre-o-sipia-em-camacari.webp\",\"width\":280,\"height\":280,\"caption\":\"SIPIA\"},\"datePublished\":\"2026-04-23T06:02:16+00:00\",\"dateModified\":\"2026-04-23T06:02:16+00:00\",\"inLanguage\":\"pt-BR\",\"mainEntityOfPage\":{\"@id\":\"https:\\\/\\\/www.encontracamacari.com.br\\\/sobre\\\/profissionais-participam-de-qualificacao-sobre-o-sipia-em-camacari\\\/#webpage\"},\"isPartOf\":{\"@id\":\"https:\\\/\\\/www.encontracamacari.com.br\\\/sobre\\\/profissionais-participam-de-qualificacao-sobre-o-sipia-em-camacari\\\/#webpage\"},\"articleSection\":\"Not\\u00edcias Cama\\u00e7ari\"},{\"@type\":\"BreadcrumbList\",\"@id\":\"https:\\\/\\\/www.encontracamacari.com.br\\\/sobre\\\/profissionais-participam-de-qualificacao-sobre-o-sipia-em-camacari\\\/#breadcrumblist\",\"itemListElement\":[{\"@type\":\"ListItem\",\"@id\":\"https:\\\/\\\/www.encontracamacari.com.br\\\/sobre#listItem\",\"position\":1,\"name\":\"Home\",\"item\":\"https:\\\/\\\/www.encontracamacari.com.br\\\/sobre\",\"nextItem\":{\"@type\":\"ListItem\",\"@id\":\"https:\\\/\\\/www.encontracamacari.com.br\\\/sobre\\\/noticias-em-camacari\\\/#listItem\",\"name\":\"Not\\u00edcias Cama\\u00e7ari\"}},{\"@type\":\"ListItem\",\"@id\":\"https:\\\/\\\/www.encontracamacari.com.br\\\/sobre\\\/noticias-em-camacari\\\/#listItem\",\"position\":2,\"name\":\"Not\\u00edcias Cama\\u00e7ari\",\"item\":\"https:\\\/\\\/www.encontracamacari.com.br\\\/sobre\\\/noticias-em-camacari\\\/\",\"nextItem\":{\"@type\":\"ListItem\",\"@id\":\"https:\\\/\\\/www.encontracamacari.com.br\\\/sobre\\\/profissionais-participam-de-qualificacao-sobre-o-sipia-em-camacari\\\/#listItem\",\"name\":\"Profissionais participam de qualifica\\u00e7\\u00e3o sobre o SIPIA em Cama\\u00e7ari\"},\"previousItem\":{\"@type\":\"ListItem\",\"@id\":\"https:\\\/\\\/www.encontracamacari.com.br\\\/sobre#listItem\",\"name\":\"Home\"}},{\"@type\":\"ListItem\",\"@id\":\"https:\\\/\\\/www.encontracamacari.com.br\\\/sobre\\\/profissionais-participam-de-qualificacao-sobre-o-sipia-em-camacari\\\/#listItem\",\"position\":3,\"name\":\"Profissionais participam de qualifica\\u00e7\\u00e3o sobre o SIPIA em Cama\\u00e7ari\",\"previousItem\":{\"@type\":\"ListItem\",\"@id\":\"https:\\\/\\\/www.encontracamacari.com.br\\\/sobre\\\/noticias-em-camacari\\\/#listItem\",\"name\":\"Not\\u00edcias Cama\\u00e7ari\"}}]},{\"@type\":\"Organization\",\"@id\":\"https:\\\/\\\/www.encontracamacari.com.br\\\/sobre\\\/#organization\",\"name\":\"Encontra Cama\\u00e7ari\",\"description\":\"Not\\u00edcias, eventos, informa\\u00e7\\u00f5es e dicas na cidade de Cama\\u00e7ari e regi\\u00e3o.\",\"url\":\"https:\\\/\\\/www.encontracamacari.com.br\\\/sobre\\\/\"},{\"@type\":\"Person\",\"@id\":\"https:\\\/\\\/www.encontracamacari.com.br\\\/sobre\\\/author\\\/ecamacari\\\/#author\",\"url\":\"https:\\\/\\\/www.encontracamacari.com.br\\\/sobre\\\/author\\\/ecamacari\\\/\",\"name\":\"Encontra Cama\\u00e7ari\",\"image\":{\"@type\":\"ImageObject\",\"@id\":\"https:\\\/\\\/www.encontracamacari.com.br\\\/sobre\\\/profissionais-participam-de-qualificacao-sobre-o-sipia-em-camacari\\\/#authorImage\",\"url\":\"https:\\\/\\\/secure.gravatar.com\\\/avatar\\\/507340682b8270222e1f208e23198b6ae7e2c6a1033ae84e99bc6bce4f82a387?s=96&d=mm&r=g\",\"width\":96,\"height\":96,\"caption\":\"Encontra Cama\\u00e7ari\"}},{\"@type\":\"WebPage\",\"@id\":\"https:\\\/\\\/www.encontracamacari.com.br\\\/sobre\\\/profissionais-participam-de-qualificacao-sobre-o-sipia-em-camacari\\\/#webpage\",\"url\":\"https:\\\/\\\/www.encontracamacari.com.br\\\/sobre\\\/profissionais-participam-de-qualificacao-sobre-o-sipia-em-camacari\\\/\",\"name\":\"Profissionais participam de qualifica\\u00e7\\u00e3o sobre o SIPIA em Cama\\u00e7ari - Encontra Cama\\u00e7ari\",\"description\":\"A qualifica\\u00e7\\u00e3o sobre o SIPIA em Cama\\u00e7ari fortalece direitos da inf\\u00e2ncia e adolesc\\u00eancia.\",\"inLanguage\":\"pt-BR\",\"isPartOf\":{\"@id\":\"https:\\\/\\\/www.encontracamacari.com.br\\\/sobre\\\/#website\"},\"breadcrumb\":{\"@id\":\"https:\\\/\\\/www.encontracamacari.com.br\\\/sobre\\\/profissionais-participam-de-qualificacao-sobre-o-sipia-em-camacari\\\/#breadcrumblist\"},\"author\":{\"@id\":\"https:\\\/\\\/www.encontracamacari.com.br\\\/sobre\\\/author\\\/ecamacari\\\/#author\"},\"creator\":{\"@id\":\"https:\\\/\\\/www.encontracamacari.com.br\\\/sobre\\\/author\\\/ecamacari\\\/#author\"},\"image\":{\"@type\":\"ImageObject\",\"url\":\"https:\\\/\\\/www.encontracamacari.com.br\\\/sobre\\\/wp-content\\\/uploads\\\/2026\\\/04\\\/profissionais-participam-de-qualificacao-sobre-o-sipia-em-camacari.webp\",\"@id\":\"https:\\\/\\\/www.encontracamacari.com.br\\\/sobre\\\/profissionais-participam-de-qualificacao-sobre-o-sipia-em-camacari\\\/#mainImage\",\"width\":280,\"height\":280,\"caption\":\"SIPIA\"},\"primaryImageOfPage\":{\"@id\":\"https:\\\/\\\/www.encontracamacari.com.br\\\/sobre\\\/profissionais-participam-de-qualificacao-sobre-o-sipia-em-camacari\\\/#mainImage\"},\"datePublished\":\"2026-04-23T06:02:16+00:00\",\"dateModified\":\"2026-04-23T06:02:16+00:00\"},{\"@type\":\"WebSite\",\"@id\":\"https:\\\/\\\/www.encontracamacari.com.br\\\/sobre\\\/#website\",\"url\":\"https:\\\/\\\/www.encontracamacari.com.br\\\/sobre\\\/\",\"name\":\"Encontra Cama\\u00e7ari\",\"description\":\"Not\\u00edcias, eventos, informa\\u00e7\\u00f5es e dicas na cidade de Cama\\u00e7ari e regi\\u00e3o.\",\"inLanguage\":\"pt-BR\",\"publisher\":{\"@id\":\"https:\\\/\\\/www.encontracamacari.com.br\\\/sobre\\\/#organization\"}}]}\n\t\t<\/script>\n\t\t<!-- All in One SEO -->\n\n","aioseo_head_json":{"title":"Profissionais participam de qualifica\u00e7\u00e3o sobre o SIPIA em Cama\u00e7ari - Encontra Cama\u00e7ari","description":"A qualifica\u00e7\u00e3o sobre o SIPIA em Cama\u00e7ari fortalece direitos da inf\u00e2ncia e adolesc\u00eancia.","canonical_url":"https:\/\/www.encontracamacari.com.br\/sobre\/profissionais-participam-de-qualificacao-sobre-o-sipia-em-camacari\/","robots":"max-image-preview:large","keywords":"","webmasterTools":{"miscellaneous":""},"schema":{"@context":"https:\/\/schema.org","@graph":[{"@type":"BlogPosting","@id":"https:\/\/www.encontracamacari.com.br\/sobre\/profissionais-participam-de-qualificacao-sobre-o-sipia-em-camacari\/#blogposting","name":"Profissionais participam de qualifica\u00e7\u00e3o sobre o SIPIA em Cama\u00e7ari - Encontra Cama\u00e7ari","headline":"Profissionais participam de qualifica\u00e7\u00e3o sobre o SIPIA em Cama\u00e7ari","author":{"@id":"https:\/\/www.encontracamacari.com.br\/sobre\/author\/ecamacari\/#author"},"publisher":{"@id":"https:\/\/www.encontracamacari.com.br\/sobre\/#organization"},"image":{"@type":"ImageObject","url":"https:\/\/www.encontracamacari.com.br\/sobre\/wp-content\/uploads\/2026\/04\/profissionais-participam-de-qualificacao-sobre-o-sipia-em-camacari.webp","width":280,"height":280,"caption":"SIPIA"},"datePublished":"2026-04-23T06:02:16+00:00","dateModified":"2026-04-23T06:02:16+00:00","inLanguage":"pt-BR","mainEntityOfPage":{"@id":"https:\/\/www.encontracamacari.com.br\/sobre\/profissionais-participam-de-qualificacao-sobre-o-sipia-em-camacari\/#webpage"},"isPartOf":{"@id":"https:\/\/www.encontracamacari.com.br\/sobre\/profissionais-participam-de-qualificacao-sobre-o-sipia-em-camacari\/#webpage"},"articleSection":"Not\u00edcias Cama\u00e7ari"},{"@type":"BreadcrumbList","@id":"https:\/\/www.encontracamacari.com.br\/sobre\/profissionais-participam-de-qualificacao-sobre-o-sipia-em-camacari\/#breadcrumblist","itemListElement":[{"@type":"ListItem","@id":"https:\/\/www.encontracamacari.com.br\/sobre#listItem","position":1,"name":"Home","item":"https:\/\/www.encontracamacari.com.br\/sobre","nextItem":{"@type":"ListItem","@id":"https:\/\/www.encontracamacari.com.br\/sobre\/noticias-em-camacari\/#listItem","name":"Not\u00edcias Cama\u00e7ari"}},{"@type":"ListItem","@id":"https:\/\/www.encontracamacari.com.br\/sobre\/noticias-em-camacari\/#listItem","position":2,"name":"Not\u00edcias Cama\u00e7ari","item":"https:\/\/www.encontracamacari.com.br\/sobre\/noticias-em-camacari\/","nextItem":{"@type":"ListItem","@id":"https:\/\/www.encontracamacari.com.br\/sobre\/profissionais-participam-de-qualificacao-sobre-o-sipia-em-camacari\/#listItem","name":"Profissionais participam de qualifica\u00e7\u00e3o sobre o SIPIA em Cama\u00e7ari"},"previousItem":{"@type":"ListItem","@id":"https:\/\/www.encontracamacari.com.br\/sobre#listItem","name":"Home"}},{"@type":"ListItem","@id":"https:\/\/www.encontracamacari.com.br\/sobre\/profissionais-participam-de-qualificacao-sobre-o-sipia-em-camacari\/#listItem","position":3,"name":"Profissionais participam de qualifica\u00e7\u00e3o sobre o SIPIA em Cama\u00e7ari","previousItem":{"@type":"ListItem","@id":"https:\/\/www.encontracamacari.com.br\/sobre\/noticias-em-camacari\/#listItem","name":"Not\u00edcias Cama\u00e7ari"}}]},{"@type":"Organization","@id":"https:\/\/www.encontracamacari.com.br\/sobre\/#organization","name":"Encontra Cama\u00e7ari","description":"Not\u00edcias, eventos, informa\u00e7\u00f5es e dicas na cidade de Cama\u00e7ari e regi\u00e3o.","url":"https:\/\/www.encontracamacari.com.br\/sobre\/"},{"@type":"Person","@id":"https:\/\/www.encontracamacari.com.br\/sobre\/author\/ecamacari\/#author","url":"https:\/\/www.encontracamacari.com.br\/sobre\/author\/ecamacari\/","name":"Encontra Cama\u00e7ari","image":{"@type":"ImageObject","@id":"https:\/\/www.encontracamacari.com.br\/sobre\/profissionais-participam-de-qualificacao-sobre-o-sipia-em-camacari\/#authorImage","url":"https:\/\/secure.gravatar.com\/avatar\/507340682b8270222e1f208e23198b6ae7e2c6a1033ae84e99bc6bce4f82a387?s=96&d=mm&r=g","width":96,"height":96,"caption":"Encontra Cama\u00e7ari"}},{"@type":"WebPage","@id":"https:\/\/www.encontracamacari.com.br\/sobre\/profissionais-participam-de-qualificacao-sobre-o-sipia-em-camacari\/#webpage","url":"https:\/\/www.encontracamacari.com.br\/sobre\/profissionais-participam-de-qualificacao-sobre-o-sipia-em-camacari\/","name":"Profissionais participam de qualifica\u00e7\u00e3o sobre o SIPIA em Cama\u00e7ari - Encontra Cama\u00e7ari","description":"A qualifica\u00e7\u00e3o sobre o SIPIA em Cama\u00e7ari fortalece direitos da inf\u00e2ncia e adolesc\u00eancia.","inLanguage":"pt-BR","isPartOf":{"@id":"https:\/\/www.encontracamacari.com.br\/sobre\/#website"},"breadcrumb":{"@id":"https:\/\/www.encontracamacari.com.br\/sobre\/profissionais-participam-de-qualificacao-sobre-o-sipia-em-camacari\/#breadcrumblist"},"author":{"@id":"https:\/\/www.encontracamacari.com.br\/sobre\/author\/ecamacari\/#author"},"creator":{"@id":"https:\/\/www.encontracamacari.com.br\/sobre\/author\/ecamacari\/#author"},"image":{"@type":"ImageObject","url":"https:\/\/www.encontracamacari.com.br\/sobre\/wp-content\/uploads\/2026\/04\/profissionais-participam-de-qualificacao-sobre-o-sipia-em-camacari.webp","@id":"https:\/\/www.encontracamacari.com.br\/sobre\/profissionais-participam-de-qualificacao-sobre-o-sipia-em-camacari\/#mainImage","width":280,"height":280,"caption":"SIPIA"},"primaryImageOfPage":{"@id":"https:\/\/www.encontracamacari.com.br\/sobre\/profissionais-participam-de-qualificacao-sobre-o-sipia-em-camacari\/#mainImage"},"datePublished":"2026-04-23T06:02:16+00:00","dateModified":"2026-04-23T06:02:16+00:00"},{"@type":"WebSite","@id":"https:\/\/www.encontracamacari.com.br\/sobre\/#website","url":"https:\/\/www.encontracamacari.com.br\/sobre\/","name":"Encontra Cama\u00e7ari","description":"Not\u00edcias, eventos, informa\u00e7\u00f5es e dicas na cidade de Cama\u00e7ari e regi\u00e3o.","inLanguage":"pt-BR","publisher":{"@id":"https:\/\/www.encontracamacari.com.br\/sobre\/#organization"}}]},"og:locale":"pt_BR","og:site_name":"Encontra Cama\u00e7ari - Not\u00edcias, eventos, informa\u00e7\u00f5es e dicas na cidade de Cama\u00e7ari e regi\u00e3o.","og:type":"article","og:title":"Profissionais participam de qualifica\u00e7\u00e3o sobre o SIPIA em Cama\u00e7ari - Encontra Cama\u00e7ari","og:description":"A qualifica\u00e7\u00e3o sobre o SIPIA em Cama\u00e7ari fortalece direitos da inf\u00e2ncia e adolesc\u00eancia.","og:url":"https:\/\/www.encontracamacari.com.br\/sobre\/profissionais-participam-de-qualificacao-sobre-o-sipia-em-camacari\/","article:published_time":"2026-04-23T06:02:16+00:00","article:modified_time":"2026-04-23T06:02:16+00:00","twitter:card":"summary_large_image","twitter:title":"Profissionais participam de qualifica\u00e7\u00e3o sobre o SIPIA em Cama\u00e7ari - Encontra Cama\u00e7ari","twitter:description":"A qualifica\u00e7\u00e3o sobre o SIPIA em Cama\u00e7ari fortalece direitos da inf\u00e2ncia e adolesc\u00eancia."},"aioseo_meta_data":{"post_id":"963","title":null,"description":null,"keywords":null,"keyphrases":null,"primary_term":null,"canonical_url":null,"og_title":null,"og_description":null,"og_object_type":"default","og_image_type":"default","og_image_url":null,"og_image_width":null,"og_image_height":null,"og_image_custom_url":null,"og_image_custom_fields":null,"og_video":null,"og_custom_url":null,"og_article_section":null,"og_article_tags":null,"twitter_use_og":false,"twitter_card":"default","twitter_image_type":"default","twitter_image_url":null,"twitter_image_custom_url":null,"twitter_image_custom_fields":null,"twitter_title":null,"twitter_description":null,"schema":{"blockGraphs":[],"customGraphs":[],"default":{"data":{"Article":[],"Course":[],"Dataset":[],"FAQPage":[],"Movie":[],"Person":[],"Product":[],"ProductReview":[],"Car":[],"Recipe":[],"Service":[],"SoftwareApplication":[],"WebPage":[]},"graphName":"BlogPosting","isEnabled":true},"graphs":[]},"schema_type":"default","schema_type_options":null,"pillar_content":false,"robots_default":true,"robots_noindex":false,"robots_noarchive":false,"robots_nosnippet":false,"robots_nofollow":false,"robots_noimageindex":false,"robots_noodp":false,"robots_notranslate":false,"robots_max_snippet":null,"robots_max_videopreview":null,"robots_max_imagepreview":"large","priority":null,"frequency":null,"local_seo":null,"limit_modified_date":false,"created":"2026-04-23 06:02:20","updated":"2026-08-06 02:33:57","focus_keyword":null,"additional_keywords":null,"truseo_locale":null,"ai":null,"breadcrumb_settings":null,"seo_analyzer_scan_date":null},"aioseo_breadcrumb":"<div class=\"aioseo-breadcrumbs\"><span class=\"aioseo-breadcrumb\">\n\t\t\t<a href=\"https:\/\/www.encontracamacari.com.br\/sobre\" title=\"Home\">Home<\/a>\n\t\t<\/span><span class=\"aioseo-breadcrumb-separator\">&raquo;<\/span><span class=\"aioseo-breadcrumb\">\n\t\t\t<a href=\"https:\/\/www.encontracamacari.com.br\/sobre\/noticias-em-camacari\/\" title=\"Not\u00edcias Cama\u00e7ari\">Not\u00edcias Cama\u00e7ari<\/a>\n\t\t<\/span><span class=\"aioseo-breadcrumb-separator\">&raquo;<\/span><span class=\"aioseo-breadcrumb\">\n\t\t\tProfissionais participam de qualifica\u00e7\u00e3o sobre o SIPIA em Cama\u00e7ari\n\t\t<\/span><\/div>","aioseo_breadcrumb_json":[{"label":"Home","link":"https:\/\/www.encontracamacari.com.br\/sobre"},{"label":"Not\u00edcias Cama\u00e7ari","link":"https:\/\/www.encontracamacari.com.br\/sobre\/noticias-em-camacari\/"},{"label":"Profissionais participam de qualifica\u00e7\u00e3o sobre o SIPIA em Cama\u00e7ari","link":"https:\/\/www.encontracamacari.com.br\/sobre\/profissionais-participam-de-qualificacao-sobre-o-sipia-em-camacari\/"}],"_links":{"self":[{"href":"https:\/\/www.encontracamacari.com.br\/sobre\/wp-json\/wp\/v2\/posts\/963","targetHints":{"allow":["GET"]}}],"collection":[{"href":"https:\/\/www.encontracamacari.com.br\/sobre\/wp-json\/wp\/v2\/posts"}],"about":[{"href":"https:\/\/www.encontracamacari.com.br\/sobre\/wp-json\/wp\/v2\/types\/post"}],"author":[{"embeddable":true,"href":"https:\/\/www.encontracamacari.com.br\/sobre\/wp-json\/wp\/v2\/users\/1"}],"replies":[{"embeddable":true,"href":"https:\/\/www.encontracamacari.com.br\/sobre\/wp-json\/wp\/v2\/comments?post=963"}],"version-history":[{"count":0,"href":"https:\/\/www.encontracamacari.com.br\/sobre\/wp-json\/wp\/v2\/posts\/963\/revisions"}],"wp:featuredmedia":[{"embeddable":true,"href":"https:\/\/www.encontracamacari.com.br\/sobre\/wp-json\/wp\/v2\/media\/962"}],"wp:attachment":[{"href":"https:\/\/www.encontracamacari.com.br\/sobre\/wp-json\/wp\/v2\/media?parent=963"}],"wp:term":[{"taxonomy":"category","embeddable":true,"href":"https:\/\/www.encontracamacari.com.br\/sobre\/wp-json\/wp\/v2\/categories?post=963"},{"taxonomy":"post_tag","embeddable":true,"href":"https:\/\/www.encontracamacari.com.br\/sobre\/wp-json\/wp\/v2\/tags?post=963"}],"curies":[{"name":"wp","href":"https:\/\/api.w.org\/{rel}","templated":true}]}}