{"id":959,"date":"2026-04-22T06:01:54","date_gmt":"2026-04-22T06:01:54","guid":{"rendered":"https:\/\/www.encontracamacari.com.br\/sobre\/galerias-de-fotos\/"},"modified":"2026-04-22T06:01:54","modified_gmt":"2026-04-22T06:01:54","slug":"galerias-de-fotos","status":"publish","type":"post","link":"https:\/\/www.encontracamacari.com.br\/sobre\/galerias-de-fotos\/","title":{"rendered":"Galerias de Fotos"},"content":{"rendered":"<div class=\"2410bb7248a64bb1f71103797e0f239b\" data-index=\"1\" style=\"float: none; margin:0px;\">\n<ins class=\"adsbygoogle\"\r\n     style=\"display:block\"\r\n     data-ad-client=\"ca-pub-8585364105181520\"\r\n     data-ad-slot=\"8789329856\"\r\n     data-ad-format=\"auto\"\r\n     data-full-width-responsive=\"true\"><\/ins>\r\n<script>\r\n     (adsbygoogle = window.adsbygoogle || []).push({});\r\n<\/script>\n<\/div>\n<h2>Visite as Galerias de Fotos<\/h2>\n<p>As galerias de fotos da C\u00e2mara Municipal de Cama\u00e7ari oferecem uma rica experi\u00eancia visual, permitindo que cidad\u00e3os e interessados conhe\u00e7am mais sobre a atua\u00e7\u00e3o do legislativo local. Essas cole\u00e7\u00f5es de imagens s\u00e3o atualizadas frequentemente e refletem a din\u00e2mica e os eventos que ocorrem na cidade. Atrav\u00e9s das galerias, pode-se observar importantes momentos do cotidiano do trabalho dos vereadores e a\u00e7\u00f5es que visam o benef\u00edcio da comunidade.<\/p>\n<h2>Hist\u00f3ria Visual da C\u00e2mara<\/h2>\n<p>A hist\u00f3ria visual da C\u00e2mara Municipal \u00e9 um retrato da trajet\u00f3ria legislativa que moldou e continua a moldar a cidade de Cama\u00e7ari. As dezenas de imagens dispon\u00edveis em nossas galerias permitem que os visitantes acompanhem o desenvolvimento das atividades e decis\u00f5es que influenciam a vida cotidiana dos cidad\u00e3os. Cada troca de mandato, sess\u00e3o e evento importante \u00e9 registrado, criando um acervo que narra a evolu\u00e7\u00e3o do poder legislativo municipal.<\/p>\n<h2>Eventos Recentes em Fotos<\/h2>\n<p>Os eventos mais recentes da C\u00e2mara Municipal s\u00e3o documentados em \u00e1lbuns espec\u00edficos, onde s\u00e3o disponibilizadas fotos de audi\u00eancias p\u00fablicas, sess\u00f5es ordin\u00e1rias e eventos especiais, como a comemora\u00e7\u00e3o do Dia do Trabalhador. As imagens capturam a ess\u00eancia de cada atividade, mostrando a participa\u00e7\u00e3o da comunidade e a intera\u00e7\u00e3o dos vereadores com os cidad\u00e3os.<\/p>\n<p><img decoding=\"async\" src=\"https:\/\/www.encontracamacari.com.br\/sobre\/wp-content\/uploads\/2026\/04\/galerias-de-fotos.webp\" alt=\"galerias de fotos\" loading=\"lazy\" \/><\/p>\n<h2>A Import\u00e2ncia da Documenta\u00e7\u00e3o Visual<\/h2>\n<p>A documenta\u00e7\u00e3o visual \u00e9 fundamental para a transpar\u00eancia e a presta\u00e7\u00e3o de contas da C\u00e2mara Municipal. As fotografias servem como um registro das atividades e decis\u00f5es tomadas, permitindo que a popula\u00e7\u00e3o tenha acesso ao que acontece dentro do legislativo. Al\u00e9m de facilitar a compreens\u00e3o do trabalho dos vereadores, essas imagens promovem um maior engajamento da popula\u00e7\u00e3o nas quest\u00f5es pol\u00edticas locais.<\/p>\n<h2>Imagens das Sess\u00f5es Ordin\u00e1rias<\/h2>\n<p>As sess\u00f5es ordin\u00e1rias da C\u00e2mara Municipal s\u00e3o um momento crucial na vida pol\u00edtica de Cama\u00e7ari. As galerias de fotos cont\u00eam registros de como essas reuni\u00f5es acontecem, com imagens das discuss\u00f5es, debates e decis\u00f5es votadas. Cada sess\u00e3o \u00e9 uma oportunidade para que os cidad\u00e3os vejam diretamente como os vereadores atuam em prol de suas comunidades e quais temas est\u00e3o sendo abordados nas pautas do dia.<\/p><div class=\"2410bb7248a64bb1f71103797e0f239b\" data-index=\"2\" style=\"float: none; margin:0px;\">\n<ins class=\"adsbygoogle\"\r\n     style=\"display:block; text-align:center;\"\r\n     data-ad-layout=\"in-article\"\r\n     data-ad-format=\"fluid\"\r\n     data-ad-client=\"ca-pub-8585364105181520\"\r\n     data-ad-slot=\"2899217073\"><\/ins>\r\n<script>\r\n     (adsbygoogle = window.adsbygoogle || []).push({});\r\n<\/script>\r\n\r\n<\/br><\/br>\n<\/div>\n\n<h2>Galerias de Audi\u00eancias P\u00fablicas<\/h2>\n<p>As audi\u00eancias p\u00fablicas s\u00e3o uma forma de promover a intera\u00e7\u00e3o entre os vereadores e a comunidade. Em nossas galerias, \u00e9 poss\u00edvel visualizar essas sess\u00f5es, onde a popula\u00e7\u00e3o \u00e9 convidada a participar ativamente, expressando sua opini\u00e3o sobre temas relevantes para a cidade. As fotos dessas audi\u00eancias ajudam a registrar a presen\u00e7a e o engajamento da comunidade nas pol\u00edticas p\u00fablicas.<\/p>\n<h2>Momentos Especiais Registrados<\/h2>\n<p>Nossa cobertura fotogr\u00e1fica tamb\u00e9m se estende a momentos especiais, como a celebra\u00e7\u00e3o de datas comemorativas e eventos de import\u00e2ncia cultural e social. Cada imagem \u00e9 uma captura de momentos significativos que refletem n\u00e3o apenas a atividade legislativa, mas tamb\u00e9m a vida social e cultural de Cama\u00e7ari, mostrando o contato dos vereadores com a popula\u00e7\u00e3o em diferentes contextos.<\/p>\n<h2>O Papel da C\u00e2mara na Comunidade<\/h2>\n<p>A C\u00e2mara Municipal desempenha um papel vital na vida da comunidade. Suas a\u00e7\u00f5es e decis\u00f5es impactam diretamente a vida de todos os cidad\u00e3os. As galerias de fotos representam essa rela\u00e7\u00e3o, onde a intera\u00e7\u00e3o do legislativo com o povo \u00e9 evidente. Atrav\u00e9s das imagens, os cidad\u00e3os podem observar como suas vozes s\u00e3o ouvidas e consideradas nas tomadas de decis\u00e3o, refor\u00e7ando a import\u00e2ncia da participa\u00e7\u00e3o popular.<\/p>\n<h2>Acessibilidade nas Galerias<\/h2>\n<p>As galerias de fotos s\u00e3o acess\u00edveis a todos, visando garantir que qualquer pessoa tenha a oportunidade de conhecer as atividades da C\u00e2mara Municipal. Pensamos na acessibilidade digital, assegurando que o conte\u00fado possa ser facilmente navegado por todos, inclusive por aqueles com defici\u00eancias visuais ou motoras. As imagens s\u00e3o acompanhadas de descri\u00e7\u00f5es para garantir que todos possam apreciar o conte\u00fado apresentado.<\/p>\n<h2>Como Encontrar Imagens Hist\u00f3ricas<\/h2>\n<p>Ao explorar as galerias da C\u00e2mara, diversos mecanismos de busca est\u00e3o dispon\u00edveis para facilitar a localiza\u00e7\u00e3o de imagens hist\u00f3ricas. Os usu\u00e1rios podem filtrar as buscas por datas, eventos e tipos de sess\u00f5es. Isso permite que qualquer pessoa, ao pesquisar, possa rapidamente acessar o que deseja, tornando nossa galeria n\u00e3o apenas um arquivo visual, mas uma ferramenta de pesquisa acess\u00edvel.<\/p>\n<div class=\"2410bb7248a64bb1f71103797e0f239b\" data-index=\"3\" style=\"float: none; margin:0px;\">\n<\/br><\/br>\r\n\r\n<ins class=\"adsbygoogle\"\r\n     style=\"display:block\"\r\n     data-ad-format=\"fluid\"\r\n     data-ad-layout-key=\"-63+do+n-1s+9e\"\r\n     data-ad-client=\"ca-pub-8585364105181520\"\r\n     data-ad-slot=\"6838462089\"><\/ins>\r\n<script>\r\n     (adsbygoogle = window.adsbygoogle || []).push({});\r\n<\/script>\n<\/div>\n\n<div style=\"font-size: 0px; height: 0px; line-height: 0px; margin: 0; padding: 0; clear: both;\"><\/div>","protected":false},"excerpt":{"rendered":"<p>Explore as galeria de fotos da C\u00e2mara Municipal de Cama\u00e7ari e veja a hist\u00f3ria e eventos da cidade.<\/p>\n","protected":false},"author":1,"featured_media":958,"comment_status":"open","ping_status":"closed","sticky":false,"template":"","format":"standard","meta":{"footnotes":""},"categories":[1],"tags":[],"class_list":["post-959","post","type-post","status-publish","format-standard","has-post-thumbnail","hentry","category-noticias-em-camacari","has_thumb"],"aioseo_notices":[],"aioseo_head":"\n\t\t<!-- All in One SEO 5.0.0.1 - aioseo.com -->\n\t<meta name=\"description\" content=\"Explore as galeria de fotos da C\u00e2mara Municipal de Cama\u00e7ari e veja a hist\u00f3ria e eventos da cidade.\" \/>\n\t<meta name=\"robots\" content=\"max-image-preview:large\" \/>\n\t<meta name=\"author\" content=\"Encontra Cama\u00e7ari\"\/>\n\t<link rel=\"canonical\" href=\"https:\/\/www.encontracamacari.com.br\/sobre\/galerias-de-fotos\/\" \/>\n\t<meta name=\"generator\" content=\"All in One SEO (AIOSEO) 5.0.0.1\" \/>\n\t\t<meta property=\"og:locale\" content=\"pt_BR\" \/>\n\t\t<meta property=\"og:site_name\" content=\"Encontra Cama\u00e7ari - Not\u00edcias, eventos, informa\u00e7\u00f5es e dicas na cidade de Cama\u00e7ari e regi\u00e3o.\" \/>\n\t\t<meta property=\"og:type\" content=\"article\" \/>\n\t\t<meta property=\"og:title\" content=\"Galerias de Fotos - Encontra Cama\u00e7ari\" \/>\n\t\t<meta property=\"og:description\" content=\"Explore as galeria de fotos da C\u00e2mara Municipal de Cama\u00e7ari e veja a hist\u00f3ria e eventos da cidade.\" \/>\n\t\t<meta property=\"og:url\" content=\"https:\/\/www.encontracamacari.com.br\/sobre\/galerias-de-fotos\/\" \/>\n\t\t<meta property=\"article:published_time\" content=\"2026-04-22T06:01:54+00:00\" \/>\n\t\t<meta property=\"article:modified_time\" content=\"2026-04-22T06:01:54+00:00\" \/>\n\t\t<meta name=\"twitter:card\" content=\"summary_large_image\" \/>\n\t\t<meta name=\"twitter:title\" content=\"Galerias de Fotos - Encontra Cama\u00e7ari\" \/>\n\t\t<meta name=\"twitter:description\" content=\"Explore as galeria de fotos da C\u00e2mara Municipal de Cama\u00e7ari e veja a hist\u00f3ria e eventos da cidade.\" \/>\n\t\t<script type=\"application\/ld+json\" class=\"aioseo-schema\">\n\t\t\t{\"@context\":\"https:\\\/\\\/schema.org\",\"@graph\":[{\"@type\":\"BlogPosting\",\"@id\":\"https:\\\/\\\/www.encontracamacari.com.br\\\/sobre\\\/galerias-de-fotos\\\/#blogposting\",\"name\":\"Galerias de Fotos - Encontra Cama\\u00e7ari\",\"headline\":\"Galerias de Fotos\",\"author\":{\"@id\":\"https:\\\/\\\/www.encontracamacari.com.br\\\/sobre\\\/author\\\/ecamacari\\\/#author\"},\"publisher\":{\"@id\":\"https:\\\/\\\/www.encontracamacari.com.br\\\/sobre\\\/#organization\"},\"image\":{\"@type\":\"ImageObject\",\"url\":\"https:\\\/\\\/www.encontracamacari.com.br\\\/sobre\\\/wp-content\\\/uploads\\\/2026\\\/04\\\/galerias-de-fotos.webp\",\"width\":280,\"height\":280,\"caption\":\"galerias de fotos\"},\"datePublished\":\"2026-04-22T06:01:54+00:00\",\"dateModified\":\"2026-04-22T06:01:54+00:00\",\"inLanguage\":\"pt-BR\",\"mainEntityOfPage\":{\"@id\":\"https:\\\/\\\/www.encontracamacari.com.br\\\/sobre\\\/galerias-de-fotos\\\/#webpage\"},\"isPartOf\":{\"@id\":\"https:\\\/\\\/www.encontracamacari.com.br\\\/sobre\\\/galerias-de-fotos\\\/#webpage\"},\"articleSection\":\"Not\\u00edcias Cama\\u00e7ari\"},{\"@type\":\"BreadcrumbList\",\"@id\":\"https:\\\/\\\/www.encontracamacari.com.br\\\/sobre\\\/galerias-de-fotos\\\/#breadcrumblist\",\"itemListElement\":[{\"@type\":\"ListItem\",\"@id\":\"https:\\\/\\\/www.encontracamacari.com.br\\\/sobre#listItem\",\"position\":1,\"name\":\"Home\",\"item\":\"https:\\\/\\\/www.encontracamacari.com.br\\\/sobre\",\"nextItem\":{\"@type\":\"ListItem\",\"@id\":\"https:\\\/\\\/www.encontracamacari.com.br\\\/sobre\\\/noticias-em-camacari\\\/#listItem\",\"name\":\"Not\\u00edcias Cama\\u00e7ari\"}},{\"@type\":\"ListItem\",\"@id\":\"https:\\\/\\\/www.encontracamacari.com.br\\\/sobre\\\/noticias-em-camacari\\\/#listItem\",\"position\":2,\"name\":\"Not\\u00edcias Cama\\u00e7ari\",\"item\":\"https:\\\/\\\/www.encontracamacari.com.br\\\/sobre\\\/noticias-em-camacari\\\/\",\"nextItem\":{\"@type\":\"ListItem\",\"@id\":\"https:\\\/\\\/www.encontracamacari.com.br\\\/sobre\\\/galerias-de-fotos\\\/#listItem\",\"name\":\"Galerias de Fotos\"},\"previousItem\":{\"@type\":\"ListItem\",\"@id\":\"https:\\\/\\\/www.encontracamacari.com.br\\\/sobre#listItem\",\"name\":\"Home\"}},{\"@type\":\"ListItem\",\"@id\":\"https:\\\/\\\/www.encontracamacari.com.br\\\/sobre\\\/galerias-de-fotos\\\/#listItem\",\"position\":3,\"name\":\"Galerias de Fotos\",\"previousItem\":{\"@type\":\"ListItem\",\"@id\":\"https:\\\/\\\/www.encontracamacari.com.br\\\/sobre\\\/noticias-em-camacari\\\/#listItem\",\"name\":\"Not\\u00edcias Cama\\u00e7ari\"}}]},{\"@type\":\"Organization\",\"@id\":\"https:\\\/\\\/www.encontracamacari.com.br\\\/sobre\\\/#organization\",\"name\":\"Encontra Cama\\u00e7ari\",\"description\":\"Not\\u00edcias, eventos, informa\\u00e7\\u00f5es e dicas na cidade de Cama\\u00e7ari e regi\\u00e3o.\",\"url\":\"https:\\\/\\\/www.encontracamacari.com.br\\\/sobre\\\/\"},{\"@type\":\"Person\",\"@id\":\"https:\\\/\\\/www.encontracamacari.com.br\\\/sobre\\\/author\\\/ecamacari\\\/#author\",\"url\":\"https:\\\/\\\/www.encontracamacari.com.br\\\/sobre\\\/author\\\/ecamacari\\\/\",\"name\":\"Encontra Cama\\u00e7ari\",\"image\":{\"@type\":\"ImageObject\",\"@id\":\"https:\\\/\\\/www.encontracamacari.com.br\\\/sobre\\\/galerias-de-fotos\\\/#authorImage\",\"url\":\"https:\\\/\\\/secure.gravatar.com\\\/avatar\\\/507340682b8270222e1f208e23198b6ae7e2c6a1033ae84e99bc6bce4f82a387?s=96&d=mm&r=g\",\"width\":96,\"height\":96,\"caption\":\"Encontra Cama\\u00e7ari\"}},{\"@type\":\"WebPage\",\"@id\":\"https:\\\/\\\/www.encontracamacari.com.br\\\/sobre\\\/galerias-de-fotos\\\/#webpage\",\"url\":\"https:\\\/\\\/www.encontracamacari.com.br\\\/sobre\\\/galerias-de-fotos\\\/\",\"name\":\"Galerias de Fotos - Encontra Cama\\u00e7ari\",\"description\":\"Explore as galeria de fotos da C\\u00e2mara Municipal de Cama\\u00e7ari e veja a hist\\u00f3ria e eventos da cidade.\",\"inLanguage\":\"pt-BR\",\"isPartOf\":{\"@id\":\"https:\\\/\\\/www.encontracamacari.com.br\\\/sobre\\\/#website\"},\"breadcrumb\":{\"@id\":\"https:\\\/\\\/www.encontracamacari.com.br\\\/sobre\\\/galerias-de-fotos\\\/#breadcrumblist\"},\"author\":{\"@id\":\"https:\\\/\\\/www.encontracamacari.com.br\\\/sobre\\\/author\\\/ecamacari\\\/#author\"},\"creator\":{\"@id\":\"https:\\\/\\\/www.encontracamacari.com.br\\\/sobre\\\/author\\\/ecamacari\\\/#author\"},\"image\":{\"@type\":\"ImageObject\",\"url\":\"https:\\\/\\\/www.encontracamacari.com.br\\\/sobre\\\/wp-content\\\/uploads\\\/2026\\\/04\\\/galerias-de-fotos.webp\",\"@id\":\"https:\\\/\\\/www.encontracamacari.com.br\\\/sobre\\\/galerias-de-fotos\\\/#mainImage\",\"width\":280,\"height\":280,\"caption\":\"galerias de fotos\"},\"primaryImageOfPage\":{\"@id\":\"https:\\\/\\\/www.encontracamacari.com.br\\\/sobre\\\/galerias-de-fotos\\\/#mainImage\"},\"datePublished\":\"2026-04-22T06:01:54+00:00\",\"dateModified\":\"2026-04-22T06:01:54+00:00\"},{\"@type\":\"WebSite\",\"@id\":\"https:\\\/\\\/www.encontracamacari.com.br\\\/sobre\\\/#website\",\"url\":\"https:\\\/\\\/www.encontracamacari.com.br\\\/sobre\\\/\",\"name\":\"Encontra Cama\\u00e7ari\",\"description\":\"Not\\u00edcias, eventos, informa\\u00e7\\u00f5es e dicas na cidade de Cama\\u00e7ari e regi\\u00e3o.\",\"inLanguage\":\"pt-BR\",\"publisher\":{\"@id\":\"https:\\\/\\\/www.encontracamacari.com.br\\\/sobre\\\/#organization\"}}]}\n\t\t<\/script>\n\t\t<!-- All in One SEO -->\n\n","aioseo_head_json":{"title":"Galerias de Fotos - Encontra Cama\u00e7ari","description":"Explore as galeria de fotos da C\u00e2mara Municipal de Cama\u00e7ari e veja a hist\u00f3ria e eventos da cidade.","canonical_url":"https:\/\/www.encontracamacari.com.br\/sobre\/galerias-de-fotos\/","robots":"max-image-preview:large","keywords":"","webmasterTools":{"miscellaneous":""},"schema":{"@context":"https:\/\/schema.org","@graph":[{"@type":"BlogPosting","@id":"https:\/\/www.encontracamacari.com.br\/sobre\/galerias-de-fotos\/#blogposting","name":"Galerias de Fotos - Encontra Cama\u00e7ari","headline":"Galerias de Fotos","author":{"@id":"https:\/\/www.encontracamacari.com.br\/sobre\/author\/ecamacari\/#author"},"publisher":{"@id":"https:\/\/www.encontracamacari.com.br\/sobre\/#organization"},"image":{"@type":"ImageObject","url":"https:\/\/www.encontracamacari.com.br\/sobre\/wp-content\/uploads\/2026\/04\/galerias-de-fotos.webp","width":280,"height":280,"caption":"galerias de fotos"},"datePublished":"2026-04-22T06:01:54+00:00","dateModified":"2026-04-22T06:01:54+00:00","inLanguage":"pt-BR","mainEntityOfPage":{"@id":"https:\/\/www.encontracamacari.com.br\/sobre\/galerias-de-fotos\/#webpage"},"isPartOf":{"@id":"https:\/\/www.encontracamacari.com.br\/sobre\/galerias-de-fotos\/#webpage"},"articleSection":"Not\u00edcias Cama\u00e7ari"},{"@type":"BreadcrumbList","@id":"https:\/\/www.encontracamacari.com.br\/sobre\/galerias-de-fotos\/#breadcrumblist","itemListElement":[{"@type":"ListItem","@id":"https:\/\/www.encontracamacari.com.br\/sobre#listItem","position":1,"name":"Home","item":"https:\/\/www.encontracamacari.com.br\/sobre","nextItem":{"@type":"ListItem","@id":"https:\/\/www.encontracamacari.com.br\/sobre\/noticias-em-camacari\/#listItem","name":"Not\u00edcias Cama\u00e7ari"}},{"@type":"ListItem","@id":"https:\/\/www.encontracamacari.com.br\/sobre\/noticias-em-camacari\/#listItem","position":2,"name":"Not\u00edcias Cama\u00e7ari","item":"https:\/\/www.encontracamacari.com.br\/sobre\/noticias-em-camacari\/","nextItem":{"@type":"ListItem","@id":"https:\/\/www.encontracamacari.com.br\/sobre\/galerias-de-fotos\/#listItem","name":"Galerias de Fotos"},"previousItem":{"@type":"ListItem","@id":"https:\/\/www.encontracamacari.com.br\/sobre#listItem","name":"Home"}},{"@type":"ListItem","@id":"https:\/\/www.encontracamacari.com.br\/sobre\/galerias-de-fotos\/#listItem","position":3,"name":"Galerias de Fotos","previousItem":{"@type":"ListItem","@id":"https:\/\/www.encontracamacari.com.br\/sobre\/noticias-em-camacari\/#listItem","name":"Not\u00edcias Cama\u00e7ari"}}]},{"@type":"Organization","@id":"https:\/\/www.encontracamacari.com.br\/sobre\/#organization","name":"Encontra Cama\u00e7ari","description":"Not\u00edcias, eventos, informa\u00e7\u00f5es e dicas na cidade de Cama\u00e7ari e regi\u00e3o.","url":"https:\/\/www.encontracamacari.com.br\/sobre\/"},{"@type":"Person","@id":"https:\/\/www.encontracamacari.com.br\/sobre\/author\/ecamacari\/#author","url":"https:\/\/www.encontracamacari.com.br\/sobre\/author\/ecamacari\/","name":"Encontra Cama\u00e7ari","image":{"@type":"ImageObject","@id":"https:\/\/www.encontracamacari.com.br\/sobre\/galerias-de-fotos\/#authorImage","url":"https:\/\/secure.gravatar.com\/avatar\/507340682b8270222e1f208e23198b6ae7e2c6a1033ae84e99bc6bce4f82a387?s=96&d=mm&r=g","width":96,"height":96,"caption":"Encontra Cama\u00e7ari"}},{"@type":"WebPage","@id":"https:\/\/www.encontracamacari.com.br\/sobre\/galerias-de-fotos\/#webpage","url":"https:\/\/www.encontracamacari.com.br\/sobre\/galerias-de-fotos\/","name":"Galerias de Fotos - Encontra Cama\u00e7ari","description":"Explore as galeria de fotos da C\u00e2mara Municipal de Cama\u00e7ari e veja a hist\u00f3ria e eventos da cidade.","inLanguage":"pt-BR","isPartOf":{"@id":"https:\/\/www.encontracamacari.com.br\/sobre\/#website"},"breadcrumb":{"@id":"https:\/\/www.encontracamacari.com.br\/sobre\/galerias-de-fotos\/#breadcrumblist"},"author":{"@id":"https:\/\/www.encontracamacari.com.br\/sobre\/author\/ecamacari\/#author"},"creator":{"@id":"https:\/\/www.encontracamacari.com.br\/sobre\/author\/ecamacari\/#author"},"image":{"@type":"ImageObject","url":"https:\/\/www.encontracamacari.com.br\/sobre\/wp-content\/uploads\/2026\/04\/galerias-de-fotos.webp","@id":"https:\/\/www.encontracamacari.com.br\/sobre\/galerias-de-fotos\/#mainImage","width":280,"height":280,"caption":"galerias de fotos"},"primaryImageOfPage":{"@id":"https:\/\/www.encontracamacari.com.br\/sobre\/galerias-de-fotos\/#mainImage"},"datePublished":"2026-04-22T06:01:54+00:00","dateModified":"2026-04-22T06:01:54+00:00"},{"@type":"WebSite","@id":"https:\/\/www.encontracamacari.com.br\/sobre\/#website","url":"https:\/\/www.encontracamacari.com.br\/sobre\/","name":"Encontra Cama\u00e7ari","description":"Not\u00edcias, eventos, informa\u00e7\u00f5es e dicas na cidade de Cama\u00e7ari e regi\u00e3o.","inLanguage":"pt-BR","publisher":{"@id":"https:\/\/www.encontracamacari.com.br\/sobre\/#organization"}}]},"og:locale":"pt_BR","og:site_name":"Encontra Cama\u00e7ari - Not\u00edcias, eventos, informa\u00e7\u00f5es e dicas na cidade de Cama\u00e7ari e regi\u00e3o.","og:type":"article","og:title":"Galerias de Fotos - Encontra Cama\u00e7ari","og:description":"Explore as galeria de fotos da C\u00e2mara Municipal de Cama\u00e7ari e veja a hist\u00f3ria e eventos da cidade.","og:url":"https:\/\/www.encontracamacari.com.br\/sobre\/galerias-de-fotos\/","article:published_time":"2026-04-22T06:01:54+00:00","article:modified_time":"2026-04-22T06:01:54+00:00","twitter:card":"summary_large_image","twitter:title":"Galerias de Fotos - Encontra Cama\u00e7ari","twitter:description":"Explore as galeria de fotos da C\u00e2mara Municipal de Cama\u00e7ari e veja a hist\u00f3ria e eventos da cidade."},"aioseo_meta_data":{"post_id":"959","title":null,"description":null,"keywords":null,"keyphrases":null,"primary_term":null,"canonical_url":null,"og_title":null,"og_description":null,"og_object_type":"default","og_image_type":"default","og_image_url":null,"og_image_width":null,"og_image_height":null,"og_image_custom_url":null,"og_image_custom_fields":null,"og_video":null,"og_custom_url":null,"og_article_section":null,"og_article_tags":null,"twitter_use_og":false,"twitter_card":"default","twitter_image_type":"default","twitter_image_url":null,"twitter_image_custom_url":null,"twitter_image_custom_fields":null,"twitter_title":null,"twitter_description":null,"schema":{"blockGraphs":[],"customGraphs":[],"default":{"data":{"Article":[],"Course":[],"Dataset":[],"FAQPage":[],"Movie":[],"Person":[],"Product":[],"ProductReview":[],"Car":[],"Recipe":[],"Service":[],"SoftwareApplication":[],"WebPage":[]},"graphName":"BlogPosting","isEnabled":true},"graphs":[]},"schema_type":"default","schema_type_options":null,"pillar_content":false,"robots_default":true,"robots_noindex":false,"robots_noarchive":false,"robots_nosnippet":false,"robots_nofollow":false,"robots_noimageindex":false,"robots_noodp":false,"robots_notranslate":false,"robots_max_snippet":null,"robots_max_videopreview":null,"robots_max_imagepreview":"large","priority":null,"frequency":null,"local_seo":null,"limit_modified_date":false,"created":"2026-04-22 06:01:58","updated":"2026-08-06 02:33:57","focus_keyword":null,"additional_keywords":null,"truseo_locale":null,"ai":null,"breadcrumb_settings":null,"seo_analyzer_scan_date":null},"aioseo_breadcrumb":"<div class=\"aioseo-breadcrumbs\"><span class=\"aioseo-breadcrumb\">\n\t\t\t<a href=\"https:\/\/www.encontracamacari.com.br\/sobre\" title=\"Home\">Home<\/a>\n\t\t<\/span><span class=\"aioseo-breadcrumb-separator\">&raquo;<\/span><span class=\"aioseo-breadcrumb\">\n\t\t\t<a href=\"https:\/\/www.encontracamacari.com.br\/sobre\/noticias-em-camacari\/\" title=\"Not\u00edcias Cama\u00e7ari\">Not\u00edcias Cama\u00e7ari<\/a>\n\t\t<\/span><span class=\"aioseo-breadcrumb-separator\">&raquo;<\/span><span class=\"aioseo-breadcrumb\">\n\t\t\tGalerias de Fotos\n\t\t<\/span><\/div>","aioseo_breadcrumb_json":[{"label":"Home","link":"https:\/\/www.encontracamacari.com.br\/sobre"},{"label":"Not\u00edcias Cama\u00e7ari","link":"https:\/\/www.encontracamacari.com.br\/sobre\/noticias-em-camacari\/"},{"label":"Galerias de Fotos","link":"https:\/\/www.encontracamacari.com.br\/sobre\/galerias-de-fotos\/"}],"_links":{"self":[{"href":"https:\/\/www.encontracamacari.com.br\/sobre\/wp-json\/wp\/v2\/posts\/959","targetHints":{"allow":["GET"]}}],"collection":[{"href":"https:\/\/www.encontracamacari.com.br\/sobre\/wp-json\/wp\/v2\/posts"}],"about":[{"href":"https:\/\/www.encontracamacari.com.br\/sobre\/wp-json\/wp\/v2\/types\/post"}],"author":[{"embeddable":true,"href":"https:\/\/www.encontracamacari.com.br\/sobre\/wp-json\/wp\/v2\/users\/1"}],"replies":[{"embeddable":true,"href":"https:\/\/www.encontracamacari.com.br\/sobre\/wp-json\/wp\/v2\/comments?post=959"}],"version-history":[{"count":0,"href":"https:\/\/www.encontracamacari.com.br\/sobre\/wp-json\/wp\/v2\/posts\/959\/revisions"}],"wp:featuredmedia":[{"embeddable":true,"href":"https:\/\/www.encontracamacari.com.br\/sobre\/wp-json\/wp\/v2\/media\/958"}],"wp:attachment":[{"href":"https:\/\/www.encontracamacari.com.br\/sobre\/wp-json\/wp\/v2\/media?parent=959"}],"wp:term":[{"taxonomy":"category","embeddable":true,"href":"https:\/\/www.encontracamacari.com.br\/sobre\/wp-json\/wp\/v2\/categories?post=959"},{"taxonomy":"post_tag","embeddable":true,"href":"https:\/\/www.encontracamacari.com.br\/sobre\/wp-json\/wp\/v2\/tags?post=959"}],"curies":[{"name":"wp","href":"https:\/\/api.w.org\/{rel}","templated":true}]}}