{"id":955,"date":"2026-04-21T06:02:26","date_gmt":"2026-04-21T06:02:26","guid":{"rendered":"https:\/\/www.encontracamacari.com.br\/sobre\/byd-sai-da-lista-suja-do-trabalho-escravo-apos-decisao-judicial\/"},"modified":"2026-04-21T06:02:26","modified_gmt":"2026-04-21T06:02:26","slug":"byd-sai-da-lista-suja-do-trabalho-escravo-apos-decisao-judicial","status":"publish","type":"post","link":"https:\/\/www.encontracamacari.com.br\/sobre\/byd-sai-da-lista-suja-do-trabalho-escravo-apos-decisao-judicial\/","title":{"rendered":"BYD sai da \u2018lista suja\u2019 do trabalho escravo ap\u00f3s decis\u00e3o judicial"},"content":{"rendered":"<div class=\"2410bb7248a64bb1f71103797e0f239b\" data-index=\"1\" style=\"float: none; margin:0px;\">\n<ins class=\"adsbygoogle\"\r\n     style=\"display:block\"\r\n     data-ad-client=\"ca-pub-8585364105181520\"\r\n     data-ad-slot=\"8789329856\"\r\n     data-ad-format=\"auto\"\r\n     data-full-width-responsive=\"true\"><\/ins>\r\n<script>\r\n     (adsbygoogle = window.adsbygoogle || []).push({});\r\n<\/script>\n<\/div>\n<h2>Entenda a Decis\u00e3o Judicial<\/h2>\n<p>A BYD, fabricante de autom\u00f3veis, obteve uma decis\u00e3o judicial que resultou na sua retirada tempor\u00e1ria da denominada &#8220;lista suja&#8221; ligada ao trabalho escravo, uma designa\u00e7\u00e3o utilizada pelo governo para identificar empresas que se beneficiam de condi\u00e7\u00f5es de trabalho an\u00e1logas \u00e0 escravid\u00e3o. Essa decis\u00e3o foi proferida em 8 de abril de 2026, ap\u00f3s a empresa ter sido inclu\u00edda na lista dois dias antes, devido \u00e0 constata\u00e7\u00e3o de condi\u00e7\u00f5es de trabalho inadequadas para oper\u00e1rios contratados em sua nova f\u00e1brica localizada em Cama\u00e7ari, na Bahia. O juiz respons\u00e1vel pelo caso, Luiz Fausto Marinho de Medeiros, argumentou que a BYD n\u00e3o tinha um v\u00ednculo direto de trabalho com os oper\u00e1rios, os quais eram contratados por empresas terceirizadas.<\/p>\n<h2>Impacto da Inclus\u00e3o na Lista<\/h2>\n<p>Estar presente na lista suja resulta em consequ\u00eancias significativas para as empresas. Elas enfrentam restri\u00e7\u00f5es severas, como a perda de acesso a linhas de cr\u00e9dito e a impossibilidade de participar de licita\u00e7\u00f5es p\u00fablicas. Para a BYD, permanecer nessa lista poderia acarretar preju\u00edzos financeiros substanciais e impedir a continuidade dos investimentos necess\u00e1rios na f\u00e1brica da Bahia. Essa inclus\u00e3o tamb\u00e9m poderia comprometer acordos e incentivos fiscais estabelecidos com o governo da Bahia.<\/p>\n<h2>O Caso da F\u00e1brica da Bahia<\/h2>\n<p>O caso da f\u00e1brica da BYD em Cama\u00e7ari ganhou notoriedade ap\u00f3s den\u00fancias que revelaram condi\u00e7\u00f5es de trabalho degradantes. Imagens e relatos apontaram que oper\u00e1rios chineses estavam vivendo em condi\u00e7\u00f5es prec\u00e1rias, sem acesso a alimenta\u00e7\u00e3o adequada e equipamentos de seguran\u00e7a. A situa\u00e7\u00e3o s\u00f3 veio \u00e0 tona em novembro de 2024, quando uma reportagem da Ag\u00eancia P\u00fablica exp\u00f4s as pr\u00e1ticas abusivas e insalubres, que inclu\u00edam limita\u00e7\u00f5es severas na alimenta\u00e7\u00e3o e higiene dos trabalhadores. Ao todo, 224 trabalhadores chineses foram encontrados em situa\u00e7\u00f5es an\u00e1logas \u00e0 escravid\u00e3o.<\/p>\n<p><img decoding=\"async\" src=\"https:\/\/www.encontracamacari.com.br\/sobre\/wp-content\/uploads\/2026\/04\/byd-sai-da-lista-suja-do-trabalho-escravo-apos-decisao-judicial.webp\" alt=\"lista suja\" loading=\"lazy\" \/><\/p>\n<h2>Trabalho Escravo e suas Implica\u00e7\u00f5es<\/h2>\n<p>O conceito de trabalho escravo abrange qualquer \u03b5\u03c1\u03b3\u03b1\u03c3\u03af\u03b5\u03c2 que n\u00e3o ofere\u00e7am ao trabalhador liberdade e condi\u00e7\u00f5es dignas. A investiga\u00e7\u00e3o inicial, que levou ao resgate dos trabalhadores, revelou n\u00e3o apenas a falta de pagamento, mas tamb\u00e9m a reten\u00e7\u00e3o indevida de documentos pessoais. A situa\u00e7\u00e3o tornou-se ainda mais alarmante com a descoberta de que muitos trabalhadores eram for\u00e7ados a pagar taxas exorbitantes, chegando a perder a maior parte de seus sal\u00e1rios, que eram usados para cobrir custos de transporte e taxas de perman\u00eancia.<\/p><div class=\"2410bb7248a64bb1f71103797e0f239b\" data-index=\"2\" style=\"float: none; margin:0px;\">\n<ins class=\"adsbygoogle\"\r\n     style=\"display:block; text-align:center;\"\r\n     data-ad-layout=\"in-article\"\r\n     data-ad-format=\"fluid\"\r\n     data-ad-client=\"ca-pub-8585364105181520\"\r\n     data-ad-slot=\"2899217073\"><\/ins>\r\n<script>\r\n     (adsbygoogle = window.adsbygoogle || []).push({});\r\n<\/script>\r\n\r\n<\/br><\/br>\n<\/div>\n\n<h2>Argumentos da Defesa da BYD<\/h2>\n<p>A defesa da BYD sustentou que a empresa n\u00e3o tinha responsabilidade direta sobre as condi\u00e7\u00f5es de trabalho dos oper\u00e1rios, uma vez que estes foram contratados por empreiteiras. Segundo o advogado da empresa, a fiscaliza\u00e7\u00e3o sobre os trabalhadores terceirizados n\u00e3o estava sob seu controle. O juiz acatou esse argumento, asseverando que a estrutura da contrata\u00e7\u00e3o n\u00e3o implicava na responsabilidade direta da BYD pelas condi\u00e7\u00f5es de seus trabalhadores. Este princ\u00edpio judicial reflete decis\u00f5es anteriores do Supremo Tribunal Federal que legitimam a terceiriza\u00e7\u00e3o de servi\u00e7os.<\/p>\n<h2>Acordo com o Minist\u00e9rio P\u00fablico<\/h2>\n<p>Al\u00e9m das manchetes geradas pelo processo, a BYD tamb\u00e9m chegou a um acordo com o Minist\u00e9rio P\u00fablico do Trabalho da Bahia, que envolveu um pagamento significativo de R$ 40 milh\u00f5es. Este montante foi destinado a indeniza\u00e7\u00f5es para os trabalhadores resgatados e para compensa\u00e7\u00e3o por danos morais coletivos. O acordo, embora tenha encerrado as a\u00e7\u00f5es judiciais, ainda n\u00e3o extinguiu a necessidade de monitoramento das condi\u00e7\u00f5es de trabalho nas instala\u00e7\u00f5es da empresa.<\/p>\n<h2>Pr\u00f3ximos Passos no Processo Judicial<\/h2>\n<p>A exclus\u00e3o da BYD da lista suja do trabalho escravo \u00e9 provis\u00f3ria e depende do desfecho do processo administrativo em andamento. O governo e o Minist\u00e9rio P\u00fablico do Trabalho devem manifestar suas opini\u00f5es sobre o caso, que poder\u00e1 resultar em uma nova avalia\u00e7\u00e3o da situa\u00e7\u00e3o da empresa. Se a decis\u00e3o em primeira inst\u00e2ncia for revertida, a empresa poder\u00e1 voltar a ser inclu\u00edda no cadastro restritivo e enfrentar novamente as repercuss\u00f5es legais e financeiras associadas.<\/p>\n<h2>Repercuss\u00f5es Financeiras para a BYD<\/h2>\n<p>As implica\u00e7\u00f5es financeiras para a BYD s\u00e3o substanciais. A presen\u00e7a da empresa na lista suja resultaria, n\u00e3o apenas em restri\u00e7\u00f5es de cr\u00e9dito, mas tamb\u00e9m em limita\u00e7\u00f5es quanto \u00e0 sua capacidade de atrair investidores. A repercuss\u00e3o negativa em sua imagem pode afetar vendas e a reputa\u00e7\u00e3o corporativa a longo prazo. Portanto, a recupera\u00e7\u00e3o judicial e o esfor\u00e7o para limpar a imagem da companhia no mercado s\u00e3o fundamentais para sua sustentabilidade financeira.<\/p>\n<h2>Tend\u00eancias no Mercado Automotivo<\/h2>\n<p>O caso da BYD \u00e9 sintom\u00e1tico de uma quest\u00e3o mais ampla no mercado automotivo, onde pr\u00e1ticas de trabalho \u00e9ticas est\u00e3o se tornando essenciais. Cada vez mais, consumidores e investidores exigem transpar\u00eancia e responsabilidade social das empresas. A forma como as montadoras lidam com a terceiriza\u00e7\u00e3o de servi\u00e7os e a supervis\u00e3o de suas opera\u00e7\u00f5es ser\u00e1 um fator cr\u00edtico para a reputa\u00e7\u00e3o e o sucesso futuro das empresas neste setor.<\/p>\n<h2>Reflex\u00f5es sobre Trabalho e Direitos<\/h2>\n<p>O caso da BYD e o esc\u00e2ndalo em torno das condi\u00e7\u00f5es de trabalho de seus oper\u00e1rios levantam quest\u00f5es importantes sobre direitos trabalhistas no Brasil. \u00c9 vital que todos os envolvidos na cadeia produtiva da automa\u00e7\u00e3o, desde os trabalhadores at\u00e9 as grandes empresas, tenham suas vozes ouvidas e suas condi\u00e7\u00f5es de trabalho asseguradas. Apenas assim ser\u00e1 poss\u00edvel evitar que trag\u00e9dias semelhantes se repitam e garantir o respeito aos direitos humanos fundamentais.<\/p>\n<div class=\"2410bb7248a64bb1f71103797e0f239b\" data-index=\"3\" style=\"float: none; margin:0px;\">\n<\/br><\/br>\r\n\r\n<ins class=\"adsbygoogle\"\r\n     style=\"display:block\"\r\n     data-ad-format=\"fluid\"\r\n     data-ad-layout-key=\"-63+do+n-1s+9e\"\r\n     data-ad-client=\"ca-pub-8585364105181520\"\r\n     data-ad-slot=\"6838462089\"><\/ins>\r\n<script>\r\n     (adsbygoogle = window.adsbygoogle || []).push({});\r\n<\/script>\n<\/div>\n\n<div style=\"font-size: 0px; height: 0px; line-height: 0px; margin: 0; padding: 0; clear: both;\"><\/div>","protected":false},"excerpt":{"rendered":"<p>BYD sai da lista suja de trabalho escravo ap\u00f3s importante decis\u00e3o judicial.<\/p>\n","protected":false},"author":1,"featured_media":954,"comment_status":"open","ping_status":"closed","sticky":false,"template":"","format":"standard","meta":{"footnotes":""},"categories":[1],"tags":[],"class_list":["post-955","post","type-post","status-publish","format-standard","has-post-thumbnail","hentry","category-noticias-em-camacari","has_thumb"],"aioseo_notices":[],"aioseo_head":"\n\t\t<!-- All in One SEO 5.0.0.1 - aioseo.com -->\n\t<meta name=\"description\" content=\"BYD sai da lista suja de trabalho escravo ap\u00f3s importante decis\u00e3o judicial.\" \/>\n\t<meta name=\"robots\" content=\"max-image-preview:large\" \/>\n\t<meta name=\"author\" content=\"Encontra Cama\u00e7ari\"\/>\n\t<link rel=\"canonical\" href=\"https:\/\/www.encontracamacari.com.br\/sobre\/byd-sai-da-lista-suja-do-trabalho-escravo-apos-decisao-judicial\/\" \/>\n\t<meta name=\"generator\" content=\"All in One SEO (AIOSEO) 5.0.0.1\" \/>\n\t\t<meta property=\"og:locale\" content=\"pt_BR\" \/>\n\t\t<meta property=\"og:site_name\" content=\"Encontra Cama\u00e7ari - Not\u00edcias, eventos, informa\u00e7\u00f5es e dicas na cidade de Cama\u00e7ari e regi\u00e3o.\" \/>\n\t\t<meta property=\"og:type\" content=\"article\" \/>\n\t\t<meta property=\"og:title\" content=\"BYD sai da \u2018lista suja\u2019 do trabalho escravo ap\u00f3s decis\u00e3o judicial - Encontra Cama\u00e7ari\" \/>\n\t\t<meta property=\"og:description\" content=\"BYD sai da lista suja de trabalho escravo ap\u00f3s importante decis\u00e3o judicial.\" \/>\n\t\t<meta property=\"og:url\" content=\"https:\/\/www.encontracamacari.com.br\/sobre\/byd-sai-da-lista-suja-do-trabalho-escravo-apos-decisao-judicial\/\" \/>\n\t\t<meta property=\"article:published_time\" content=\"2026-04-21T06:02:26+00:00\" \/>\n\t\t<meta property=\"article:modified_time\" content=\"2026-04-21T06:02:26+00:00\" \/>\n\t\t<meta name=\"twitter:card\" content=\"summary_large_image\" \/>\n\t\t<meta name=\"twitter:title\" content=\"BYD sai da \u2018lista suja\u2019 do trabalho escravo ap\u00f3s decis\u00e3o judicial - Encontra Cama\u00e7ari\" \/>\n\t\t<meta name=\"twitter:description\" content=\"BYD sai da lista suja de trabalho escravo ap\u00f3s importante decis\u00e3o judicial.\" \/>\n\t\t<script type=\"application\/ld+json\" class=\"aioseo-schema\">\n\t\t\t{\"@context\":\"https:\\\/\\\/schema.org\",\"@graph\":[{\"@type\":\"BlogPosting\",\"@id\":\"https:\\\/\\\/www.encontracamacari.com.br\\\/sobre\\\/byd-sai-da-lista-suja-do-trabalho-escravo-apos-decisao-judicial\\\/#blogposting\",\"name\":\"BYD sai da \\u2018lista suja\\u2019 do trabalho escravo ap\\u00f3s decis\\u00e3o judicial - Encontra Cama\\u00e7ari\",\"headline\":\"BYD sai da \\u2018lista suja\\u2019 do trabalho escravo ap\\u00f3s decis\\u00e3o judicial\",\"author\":{\"@id\":\"https:\\\/\\\/www.encontracamacari.com.br\\\/sobre\\\/author\\\/ecamacari\\\/#author\"},\"publisher\":{\"@id\":\"https:\\\/\\\/www.encontracamacari.com.br\\\/sobre\\\/#organization\"},\"image\":{\"@type\":\"ImageObject\",\"url\":\"https:\\\/\\\/www.encontracamacari.com.br\\\/sobre\\\/wp-content\\\/uploads\\\/2026\\\/04\\\/byd-sai-da-lista-suja-do-trabalho-escravo-apos-decisao-judicial.webp\",\"width\":280,\"height\":280,\"caption\":\"lista suja\"},\"datePublished\":\"2026-04-21T06:02:26+00:00\",\"dateModified\":\"2026-04-21T06:02:26+00:00\",\"inLanguage\":\"pt-BR\",\"mainEntityOfPage\":{\"@id\":\"https:\\\/\\\/www.encontracamacari.com.br\\\/sobre\\\/byd-sai-da-lista-suja-do-trabalho-escravo-apos-decisao-judicial\\\/#webpage\"},\"isPartOf\":{\"@id\":\"https:\\\/\\\/www.encontracamacari.com.br\\\/sobre\\\/byd-sai-da-lista-suja-do-trabalho-escravo-apos-decisao-judicial\\\/#webpage\"},\"articleSection\":\"Not\\u00edcias Cama\\u00e7ari\"},{\"@type\":\"BreadcrumbList\",\"@id\":\"https:\\\/\\\/www.encontracamacari.com.br\\\/sobre\\\/byd-sai-da-lista-suja-do-trabalho-escravo-apos-decisao-judicial\\\/#breadcrumblist\",\"itemListElement\":[{\"@type\":\"ListItem\",\"@id\":\"https:\\\/\\\/www.encontracamacari.com.br\\\/sobre#listItem\",\"position\":1,\"name\":\"Home\",\"item\":\"https:\\\/\\\/www.encontracamacari.com.br\\\/sobre\",\"nextItem\":{\"@type\":\"ListItem\",\"@id\":\"https:\\\/\\\/www.encontracamacari.com.br\\\/sobre\\\/noticias-em-camacari\\\/#listItem\",\"name\":\"Not\\u00edcias Cama\\u00e7ari\"}},{\"@type\":\"ListItem\",\"@id\":\"https:\\\/\\\/www.encontracamacari.com.br\\\/sobre\\\/noticias-em-camacari\\\/#listItem\",\"position\":2,\"name\":\"Not\\u00edcias Cama\\u00e7ari\",\"item\":\"https:\\\/\\\/www.encontracamacari.com.br\\\/sobre\\\/noticias-em-camacari\\\/\",\"nextItem\":{\"@type\":\"ListItem\",\"@id\":\"https:\\\/\\\/www.encontracamacari.com.br\\\/sobre\\\/byd-sai-da-lista-suja-do-trabalho-escravo-apos-decisao-judicial\\\/#listItem\",\"name\":\"BYD sai da \\u2018lista suja\\u2019 do trabalho escravo ap\\u00f3s decis\\u00e3o judicial\"},\"previousItem\":{\"@type\":\"ListItem\",\"@id\":\"https:\\\/\\\/www.encontracamacari.com.br\\\/sobre#listItem\",\"name\":\"Home\"}},{\"@type\":\"ListItem\",\"@id\":\"https:\\\/\\\/www.encontracamacari.com.br\\\/sobre\\\/byd-sai-da-lista-suja-do-trabalho-escravo-apos-decisao-judicial\\\/#listItem\",\"position\":3,\"name\":\"BYD sai da \\u2018lista suja\\u2019 do trabalho escravo ap\\u00f3s decis\\u00e3o judicial\",\"previousItem\":{\"@type\":\"ListItem\",\"@id\":\"https:\\\/\\\/www.encontracamacari.com.br\\\/sobre\\\/noticias-em-camacari\\\/#listItem\",\"name\":\"Not\\u00edcias Cama\\u00e7ari\"}}]},{\"@type\":\"Organization\",\"@id\":\"https:\\\/\\\/www.encontracamacari.com.br\\\/sobre\\\/#organization\",\"name\":\"Encontra Cama\\u00e7ari\",\"description\":\"Not\\u00edcias, eventos, informa\\u00e7\\u00f5es e dicas na cidade de Cama\\u00e7ari e regi\\u00e3o.\",\"url\":\"https:\\\/\\\/www.encontracamacari.com.br\\\/sobre\\\/\"},{\"@type\":\"Person\",\"@id\":\"https:\\\/\\\/www.encontracamacari.com.br\\\/sobre\\\/author\\\/ecamacari\\\/#author\",\"url\":\"https:\\\/\\\/www.encontracamacari.com.br\\\/sobre\\\/author\\\/ecamacari\\\/\",\"name\":\"Encontra Cama\\u00e7ari\",\"image\":{\"@type\":\"ImageObject\",\"@id\":\"https:\\\/\\\/www.encontracamacari.com.br\\\/sobre\\\/byd-sai-da-lista-suja-do-trabalho-escravo-apos-decisao-judicial\\\/#authorImage\",\"url\":\"https:\\\/\\\/secure.gravatar.com\\\/avatar\\\/507340682b8270222e1f208e23198b6ae7e2c6a1033ae84e99bc6bce4f82a387?s=96&d=mm&r=g\",\"width\":96,\"height\":96,\"caption\":\"Encontra Cama\\u00e7ari\"}},{\"@type\":\"WebPage\",\"@id\":\"https:\\\/\\\/www.encontracamacari.com.br\\\/sobre\\\/byd-sai-da-lista-suja-do-trabalho-escravo-apos-decisao-judicial\\\/#webpage\",\"url\":\"https:\\\/\\\/www.encontracamacari.com.br\\\/sobre\\\/byd-sai-da-lista-suja-do-trabalho-escravo-apos-decisao-judicial\\\/\",\"name\":\"BYD sai da \\u2018lista suja\\u2019 do trabalho escravo ap\\u00f3s decis\\u00e3o judicial - Encontra Cama\\u00e7ari\",\"description\":\"BYD sai da lista suja de trabalho escravo ap\\u00f3s importante decis\\u00e3o judicial.\",\"inLanguage\":\"pt-BR\",\"isPartOf\":{\"@id\":\"https:\\\/\\\/www.encontracamacari.com.br\\\/sobre\\\/#website\"},\"breadcrumb\":{\"@id\":\"https:\\\/\\\/www.encontracamacari.com.br\\\/sobre\\\/byd-sai-da-lista-suja-do-trabalho-escravo-apos-decisao-judicial\\\/#breadcrumblist\"},\"author\":{\"@id\":\"https:\\\/\\\/www.encontracamacari.com.br\\\/sobre\\\/author\\\/ecamacari\\\/#author\"},\"creator\":{\"@id\":\"https:\\\/\\\/www.encontracamacari.com.br\\\/sobre\\\/author\\\/ecamacari\\\/#author\"},\"image\":{\"@type\":\"ImageObject\",\"url\":\"https:\\\/\\\/www.encontracamacari.com.br\\\/sobre\\\/wp-content\\\/uploads\\\/2026\\\/04\\\/byd-sai-da-lista-suja-do-trabalho-escravo-apos-decisao-judicial.webp\",\"@id\":\"https:\\\/\\\/www.encontracamacari.com.br\\\/sobre\\\/byd-sai-da-lista-suja-do-trabalho-escravo-apos-decisao-judicial\\\/#mainImage\",\"width\":280,\"height\":280,\"caption\":\"lista suja\"},\"primaryImageOfPage\":{\"@id\":\"https:\\\/\\\/www.encontracamacari.com.br\\\/sobre\\\/byd-sai-da-lista-suja-do-trabalho-escravo-apos-decisao-judicial\\\/#mainImage\"},\"datePublished\":\"2026-04-21T06:02:26+00:00\",\"dateModified\":\"2026-04-21T06:02:26+00:00\"},{\"@type\":\"WebSite\",\"@id\":\"https:\\\/\\\/www.encontracamacari.com.br\\\/sobre\\\/#website\",\"url\":\"https:\\\/\\\/www.encontracamacari.com.br\\\/sobre\\\/\",\"name\":\"Encontra Cama\\u00e7ari\",\"description\":\"Not\\u00edcias, eventos, informa\\u00e7\\u00f5es e dicas na cidade de Cama\\u00e7ari e regi\\u00e3o.\",\"inLanguage\":\"pt-BR\",\"publisher\":{\"@id\":\"https:\\\/\\\/www.encontracamacari.com.br\\\/sobre\\\/#organization\"}}]}\n\t\t<\/script>\n\t\t<!-- All in One SEO -->\n\n","aioseo_head_json":{"title":"BYD sai da \u2018lista suja\u2019 do trabalho escravo ap\u00f3s decis\u00e3o judicial - Encontra Cama\u00e7ari","description":"BYD sai da lista suja de trabalho escravo ap\u00f3s importante decis\u00e3o judicial.","canonical_url":"https:\/\/www.encontracamacari.com.br\/sobre\/byd-sai-da-lista-suja-do-trabalho-escravo-apos-decisao-judicial\/","robots":"max-image-preview:large","keywords":"","webmasterTools":{"miscellaneous":""},"schema":{"@context":"https:\/\/schema.org","@graph":[{"@type":"BlogPosting","@id":"https:\/\/www.encontracamacari.com.br\/sobre\/byd-sai-da-lista-suja-do-trabalho-escravo-apos-decisao-judicial\/#blogposting","name":"BYD sai da \u2018lista suja\u2019 do trabalho escravo ap\u00f3s decis\u00e3o judicial - Encontra Cama\u00e7ari","headline":"BYD sai da \u2018lista suja\u2019 do trabalho escravo ap\u00f3s decis\u00e3o judicial","author":{"@id":"https:\/\/www.encontracamacari.com.br\/sobre\/author\/ecamacari\/#author"},"publisher":{"@id":"https:\/\/www.encontracamacari.com.br\/sobre\/#organization"},"image":{"@type":"ImageObject","url":"https:\/\/www.encontracamacari.com.br\/sobre\/wp-content\/uploads\/2026\/04\/byd-sai-da-lista-suja-do-trabalho-escravo-apos-decisao-judicial.webp","width":280,"height":280,"caption":"lista suja"},"datePublished":"2026-04-21T06:02:26+00:00","dateModified":"2026-04-21T06:02:26+00:00","inLanguage":"pt-BR","mainEntityOfPage":{"@id":"https:\/\/www.encontracamacari.com.br\/sobre\/byd-sai-da-lista-suja-do-trabalho-escravo-apos-decisao-judicial\/#webpage"},"isPartOf":{"@id":"https:\/\/www.encontracamacari.com.br\/sobre\/byd-sai-da-lista-suja-do-trabalho-escravo-apos-decisao-judicial\/#webpage"},"articleSection":"Not\u00edcias Cama\u00e7ari"},{"@type":"BreadcrumbList","@id":"https:\/\/www.encontracamacari.com.br\/sobre\/byd-sai-da-lista-suja-do-trabalho-escravo-apos-decisao-judicial\/#breadcrumblist","itemListElement":[{"@type":"ListItem","@id":"https:\/\/www.encontracamacari.com.br\/sobre#listItem","position":1,"name":"Home","item":"https:\/\/www.encontracamacari.com.br\/sobre","nextItem":{"@type":"ListItem","@id":"https:\/\/www.encontracamacari.com.br\/sobre\/noticias-em-camacari\/#listItem","name":"Not\u00edcias Cama\u00e7ari"}},{"@type":"ListItem","@id":"https:\/\/www.encontracamacari.com.br\/sobre\/noticias-em-camacari\/#listItem","position":2,"name":"Not\u00edcias Cama\u00e7ari","item":"https:\/\/www.encontracamacari.com.br\/sobre\/noticias-em-camacari\/","nextItem":{"@type":"ListItem","@id":"https:\/\/www.encontracamacari.com.br\/sobre\/byd-sai-da-lista-suja-do-trabalho-escravo-apos-decisao-judicial\/#listItem","name":"BYD sai da \u2018lista suja\u2019 do trabalho escravo ap\u00f3s decis\u00e3o judicial"},"previousItem":{"@type":"ListItem","@id":"https:\/\/www.encontracamacari.com.br\/sobre#listItem","name":"Home"}},{"@type":"ListItem","@id":"https:\/\/www.encontracamacari.com.br\/sobre\/byd-sai-da-lista-suja-do-trabalho-escravo-apos-decisao-judicial\/#listItem","position":3,"name":"BYD sai da \u2018lista suja\u2019 do trabalho escravo ap\u00f3s decis\u00e3o judicial","previousItem":{"@type":"ListItem","@id":"https:\/\/www.encontracamacari.com.br\/sobre\/noticias-em-camacari\/#listItem","name":"Not\u00edcias Cama\u00e7ari"}}]},{"@type":"Organization","@id":"https:\/\/www.encontracamacari.com.br\/sobre\/#organization","name":"Encontra Cama\u00e7ari","description":"Not\u00edcias, eventos, informa\u00e7\u00f5es e dicas na cidade de Cama\u00e7ari e regi\u00e3o.","url":"https:\/\/www.encontracamacari.com.br\/sobre\/"},{"@type":"Person","@id":"https:\/\/www.encontracamacari.com.br\/sobre\/author\/ecamacari\/#author","url":"https:\/\/www.encontracamacari.com.br\/sobre\/author\/ecamacari\/","name":"Encontra Cama\u00e7ari","image":{"@type":"ImageObject","@id":"https:\/\/www.encontracamacari.com.br\/sobre\/byd-sai-da-lista-suja-do-trabalho-escravo-apos-decisao-judicial\/#authorImage","url":"https:\/\/secure.gravatar.com\/avatar\/507340682b8270222e1f208e23198b6ae7e2c6a1033ae84e99bc6bce4f82a387?s=96&d=mm&r=g","width":96,"height":96,"caption":"Encontra Cama\u00e7ari"}},{"@type":"WebPage","@id":"https:\/\/www.encontracamacari.com.br\/sobre\/byd-sai-da-lista-suja-do-trabalho-escravo-apos-decisao-judicial\/#webpage","url":"https:\/\/www.encontracamacari.com.br\/sobre\/byd-sai-da-lista-suja-do-trabalho-escravo-apos-decisao-judicial\/","name":"BYD sai da \u2018lista suja\u2019 do trabalho escravo ap\u00f3s decis\u00e3o judicial - Encontra Cama\u00e7ari","description":"BYD sai da lista suja de trabalho escravo ap\u00f3s importante decis\u00e3o judicial.","inLanguage":"pt-BR","isPartOf":{"@id":"https:\/\/www.encontracamacari.com.br\/sobre\/#website"},"breadcrumb":{"@id":"https:\/\/www.encontracamacari.com.br\/sobre\/byd-sai-da-lista-suja-do-trabalho-escravo-apos-decisao-judicial\/#breadcrumblist"},"author":{"@id":"https:\/\/www.encontracamacari.com.br\/sobre\/author\/ecamacari\/#author"},"creator":{"@id":"https:\/\/www.encontracamacari.com.br\/sobre\/author\/ecamacari\/#author"},"image":{"@type":"ImageObject","url":"https:\/\/www.encontracamacari.com.br\/sobre\/wp-content\/uploads\/2026\/04\/byd-sai-da-lista-suja-do-trabalho-escravo-apos-decisao-judicial.webp","@id":"https:\/\/www.encontracamacari.com.br\/sobre\/byd-sai-da-lista-suja-do-trabalho-escravo-apos-decisao-judicial\/#mainImage","width":280,"height":280,"caption":"lista suja"},"primaryImageOfPage":{"@id":"https:\/\/www.encontracamacari.com.br\/sobre\/byd-sai-da-lista-suja-do-trabalho-escravo-apos-decisao-judicial\/#mainImage"},"datePublished":"2026-04-21T06:02:26+00:00","dateModified":"2026-04-21T06:02:26+00:00"},{"@type":"WebSite","@id":"https:\/\/www.encontracamacari.com.br\/sobre\/#website","url":"https:\/\/www.encontracamacari.com.br\/sobre\/","name":"Encontra Cama\u00e7ari","description":"Not\u00edcias, eventos, informa\u00e7\u00f5es e dicas na cidade de Cama\u00e7ari e regi\u00e3o.","inLanguage":"pt-BR","publisher":{"@id":"https:\/\/www.encontracamacari.com.br\/sobre\/#organization"}}]},"og:locale":"pt_BR","og:site_name":"Encontra Cama\u00e7ari - Not\u00edcias, eventos, informa\u00e7\u00f5es e dicas na cidade de Cama\u00e7ari e regi\u00e3o.","og:type":"article","og:title":"BYD sai da \u2018lista suja\u2019 do trabalho escravo ap\u00f3s decis\u00e3o judicial - Encontra Cama\u00e7ari","og:description":"BYD sai da lista suja de trabalho escravo ap\u00f3s importante decis\u00e3o judicial.","og:url":"https:\/\/www.encontracamacari.com.br\/sobre\/byd-sai-da-lista-suja-do-trabalho-escravo-apos-decisao-judicial\/","article:published_time":"2026-04-21T06:02:26+00:00","article:modified_time":"2026-04-21T06:02:26+00:00","twitter:card":"summary_large_image","twitter:title":"BYD sai da \u2018lista suja\u2019 do trabalho escravo ap\u00f3s decis\u00e3o judicial - Encontra Cama\u00e7ari","twitter:description":"BYD sai da lista suja de trabalho escravo ap\u00f3s importante decis\u00e3o judicial."},"aioseo_meta_data":{"post_id":"955","title":null,"description":null,"keywords":null,"keyphrases":null,"primary_term":null,"canonical_url":null,"og_title":null,"og_description":null,"og_object_type":"default","og_image_type":"default","og_image_url":null,"og_image_width":null,"og_image_height":null,"og_image_custom_url":null,"og_image_custom_fields":null,"og_video":null,"og_custom_url":null,"og_article_section":null,"og_article_tags":null,"twitter_use_og":false,"twitter_card":"default","twitter_image_type":"default","twitter_image_url":null,"twitter_image_custom_url":null,"twitter_image_custom_fields":null,"twitter_title":null,"twitter_description":null,"schema":{"blockGraphs":[],"customGraphs":[],"default":{"data":{"Article":[],"Course":[],"Dataset":[],"FAQPage":[],"Movie":[],"Person":[],"Product":[],"ProductReview":[],"Car":[],"Recipe":[],"Service":[],"SoftwareApplication":[],"WebPage":[]},"graphName":"BlogPosting","isEnabled":true},"graphs":[]},"schema_type":"default","schema_type_options":null,"pillar_content":false,"robots_default":true,"robots_noindex":false,"robots_noarchive":false,"robots_nosnippet":false,"robots_nofollow":false,"robots_noimageindex":false,"robots_noodp":false,"robots_notranslate":false,"robots_max_snippet":null,"robots_max_videopreview":null,"robots_max_imagepreview":"large","priority":null,"frequency":null,"local_seo":null,"limit_modified_date":false,"created":"2026-04-21 06:02:31","updated":"2026-08-06 02:33:57","focus_keyword":null,"additional_keywords":null,"truseo_locale":null,"ai":null,"breadcrumb_settings":null,"seo_analyzer_scan_date":null},"aioseo_breadcrumb":"<div class=\"aioseo-breadcrumbs\"><span class=\"aioseo-breadcrumb\">\n\t\t\t<a href=\"https:\/\/www.encontracamacari.com.br\/sobre\" title=\"Home\">Home<\/a>\n\t\t<\/span><span class=\"aioseo-breadcrumb-separator\">&raquo;<\/span><span class=\"aioseo-breadcrumb\">\n\t\t\t<a href=\"https:\/\/www.encontracamacari.com.br\/sobre\/noticias-em-camacari\/\" title=\"Not\u00edcias Cama\u00e7ari\">Not\u00edcias Cama\u00e7ari<\/a>\n\t\t<\/span><span class=\"aioseo-breadcrumb-separator\">&raquo;<\/span><span class=\"aioseo-breadcrumb\">\n\t\t\tBYD sai da \u2018lista suja\u2019 do trabalho escravo ap\u00f3s decis\u00e3o judicial\n\t\t<\/span><\/div>","aioseo_breadcrumb_json":[{"label":"Home","link":"https:\/\/www.encontracamacari.com.br\/sobre"},{"label":"Not\u00edcias Cama\u00e7ari","link":"https:\/\/www.encontracamacari.com.br\/sobre\/noticias-em-camacari\/"},{"label":"BYD sai da \u2018lista suja\u2019 do trabalho escravo ap\u00f3s decis\u00e3o judicial","link":"https:\/\/www.encontracamacari.com.br\/sobre\/byd-sai-da-lista-suja-do-trabalho-escravo-apos-decisao-judicial\/"}],"_links":{"self":[{"href":"https:\/\/www.encontracamacari.com.br\/sobre\/wp-json\/wp\/v2\/posts\/955","targetHints":{"allow":["GET"]}}],"collection":[{"href":"https:\/\/www.encontracamacari.com.br\/sobre\/wp-json\/wp\/v2\/posts"}],"about":[{"href":"https:\/\/www.encontracamacari.com.br\/sobre\/wp-json\/wp\/v2\/types\/post"}],"author":[{"embeddable":true,"href":"https:\/\/www.encontracamacari.com.br\/sobre\/wp-json\/wp\/v2\/users\/1"}],"replies":[{"embeddable":true,"href":"https:\/\/www.encontracamacari.com.br\/sobre\/wp-json\/wp\/v2\/comments?post=955"}],"version-history":[{"count":0,"href":"https:\/\/www.encontracamacari.com.br\/sobre\/wp-json\/wp\/v2\/posts\/955\/revisions"}],"wp:featuredmedia":[{"embeddable":true,"href":"https:\/\/www.encontracamacari.com.br\/sobre\/wp-json\/wp\/v2\/media\/954"}],"wp:attachment":[{"href":"https:\/\/www.encontracamacari.com.br\/sobre\/wp-json\/wp\/v2\/media?parent=955"}],"wp:term":[{"taxonomy":"category","embeddable":true,"href":"https:\/\/www.encontracamacari.com.br\/sobre\/wp-json\/wp\/v2\/categories?post=955"},{"taxonomy":"post_tag","embeddable":true,"href":"https:\/\/www.encontracamacari.com.br\/sobre\/wp-json\/wp\/v2\/tags?post=955"}],"curies":[{"name":"wp","href":"https:\/\/api.w.org\/{rel}","templated":true}]}}