{"id":951,"date":"2026-04-20T06:01:44","date_gmt":"2026-04-20T06:01:44","guid":{"rendered":"https:\/\/www.encontracamacari.com.br\/sobre\/amado-batista-e-byd-sao-incluidos-em-lista-de-trabalho-escravo-do-mte\/"},"modified":"2026-04-20T06:01:44","modified_gmt":"2026-04-20T06:01:44","slug":"amado-batista-e-byd-sao-incluidos-em-lista-de-trabalho-escravo-do-mte","status":"publish","type":"post","link":"https:\/\/www.encontracamacari.com.br\/sobre\/amado-batista-e-byd-sao-incluidos-em-lista-de-trabalho-escravo-do-mte\/","title":{"rendered":"Amado Batista e BYD s\u00e3o inclu\u00eddos em lista de trabalho escravo do MTE"},"content":{"rendered":"<div class=\"2410bb7248a64bb1f71103797e0f239b\" data-index=\"1\" style=\"float: none; margin:0px;\">\n<ins class=\"adsbygoogle\"\r\n     style=\"display:block\"\r\n     data-ad-client=\"ca-pub-8585364105181520\"\r\n     data-ad-slot=\"8789329856\"\r\n     data-ad-format=\"auto\"\r\n     data-full-width-responsive=\"true\"><\/ins>\r\n<script>\r\n     (adsbygoogle = window.adsbygoogle || []).push({});\r\n<\/script>\n<\/div>\n<h2>O que \u00e9 a Lista de Trabalho Escravo do MTE?<\/h2>\n<p>A Lista de Trabalho Escravo do Minist\u00e9rio do Trabalho e Emprego (MTE) \u00e9 um registro que visa identificar e tornar p\u00fablico empregadores que exploram trabalhadores em condi\u00e7\u00f5es an\u00e1logas \u00e0 escravid\u00e3o. Este documento \u00e9 crucial na luta contra a explora\u00e7\u00e3o laboral, pois permite que a sociedade tome conhecimento das pr\u00e1ticas dessas empresas e aja de acordo. A lista \u00e9 atualizada semestralmente, refletindo o esfor\u00e7o do governo para erradicar o trabalho escravo no Brasil.<\/p>\n<h2>Impacto da Inclus\u00e3o na Lista<\/h2>\n<p>Estar na Lista de Trabalho Escravo do MTE traz s\u00e9rias consequ\u00eancias para as empresas inclu\u00eddas. Elas podem enfrentar n\u00e3o apenas repercuss\u00f5es legais, como multas e processos judiciais, mas tamb\u00e9m danos \u00e0 sua reputa\u00e7\u00e3o. A inclus\u00e3o no cadastro \u00e9 um alerta para consumidores e parceiros comerciais, que podem optar por n\u00e3o se associar a essas marcas. Al\u00e9m disso, a sociedade civil pode pressionar essas empresas por mudan\u00e7as em suas pr\u00e1ticas laborais.<\/p>\n<h2>Responsabilidades das Empresas<\/h2>\n<p>Empresas que figuram na lista t\u00eam a responsabilidade de assegurar condi\u00e7\u00f5es de trabalho justas e dignas. Isso envolve a ado\u00e7\u00e3o de pol\u00edticas que tragam conformidade com as leis trabalhistas e a garantia de que todos os colaboradores sejam tratados com respeito. As organiza\u00e7\u00f5es devem implementar pr\u00e1ticas que evitem a explora\u00e7\u00e3o de trabalhadores, incluindo auditorias internas e a promo\u00e7\u00e3o de um ambiente seguro e saud\u00e1vel.<\/p>\n<p><img decoding=\"async\" src=\"https:\/\/www.encontracamacari.com.br\/sobre\/wp-content\/uploads\/2026\/04\/amado-batista-e-byd-sao-incluidos-em-lista-de-trabalho-escravo-do-mte.webp\" alt=\"lista de trabalho escravo\" loading=\"lazy\" \/><\/p>\n<h2>Condutas Irregulares na Fiscaliza\u00e7\u00e3o<\/h2>\n<p>Durante as investiga\u00e7\u00f5es do MTE, condutas irregulares frequentemente surgem como fator de viola\u00e7\u00e3o dos direitos dos trabalhadores. As fiscaliza\u00e7\u00f5es identificam casos de trabalho for\u00e7ado, jornadas exaustivas e ambientes de trabalho degradantes. Tais a\u00e7\u00f5es s\u00e3o fundamentais para desmantelar redes de explora\u00e7\u00e3o e garantir que os respons\u00e1veis sejam responsabilizados. A fiscaliza\u00e7\u00e3o \u00e9 um mecanismo crucial de combate ao trabalho escravo, pois exp\u00f5e pr\u00e1ticas abusivas que, muitas vezes, ocorrem nas sombras.<\/p>\n<h2>Condi\u00e7\u00f5es dos Trabalhadores Migrantes<\/h2>\n<p>Os trabalhadores migrantes frequentemente enfrentam condi\u00e7\u00f5es ainda mais severas. Muitas vezes, s\u00e3o atra\u00eddos por promessas de emprego e melhores condi\u00e7\u00f5es de vida, mas acabam em situa\u00e7\u00f5es vulner\u00e1veis, submetidos a trabalhos extenuantes e sem os direitos b\u00e1sicos garantidos. Em diversos casos, a falta de documenta\u00e7\u00e3o adequada e a imposi\u00e7\u00e3o de d\u00edvidas tornaram-nos ref\u00e9ns de seus empregadores. A prote\u00e7\u00e3o desses trabalhadores \u00e9 uma quest\u00e3o priorit\u00e1ria que demanda aten\u00e7\u00e3o urgente das autoridades e da sociedade.<\/p><div class=\"2410bb7248a64bb1f71103797e0f239b\" data-index=\"2\" style=\"float: none; margin:0px;\">\n<ins class=\"adsbygoogle\"\r\n     style=\"display:block; text-align:center;\"\r\n     data-ad-layout=\"in-article\"\r\n     data-ad-format=\"fluid\"\r\n     data-ad-client=\"ca-pub-8585364105181520\"\r\n     data-ad-slot=\"2899217073\"><\/ins>\r\n<script>\r\n     (adsbygoogle = window.adsbygoogle || []).push({});\r\n<\/script>\r\n\r\n<\/br><\/br>\n<\/div>\n\n<h2>Contexto Hist\u00f3rico da Escravid\u00e3o Moderna<\/h2>\n<p>A escravid\u00e3o moderna, embora abolida formalmente em muitos pa\u00edses, ainda persiste sob v\u00e1rias formas. Compreender as ra\u00edzes hist\u00f3ricas do trabalho escravo \u00e9 essencial para enfrentar esta quest\u00e3o no presente e no futuro. Desde a coloniza\u00e7\u00e3o e a explora\u00e7\u00e3o de recursos humanos, o sistema de trabalho for\u00e7ado se moldou, adaptando-se \u00e0 economia global contempor\u00e2nea. Para erradicar essa pr\u00e1tica, \u00e9 necess\u00e1rio um engajamento coletivo e educativo que promova a conscientiza\u00e7\u00e3o e a mudan\u00e7a social.<\/p>\n<h2>Casos Not\u00e1veis de Trabalho Escravo<\/h2>\n<p>V\u00e1rios casos impactantes chamaram a aten\u00e7\u00e3o da m\u00eddia e do p\u00fablico ao longo dos anos. Empresas de diversos setores foram denunciadas por manter condi\u00e7\u00f5es an\u00e1logas \u00e0 escravid\u00e3o em suas opera\u00e7\u00f5es. Estes casos n\u00e3o apenas evidenciam a persist\u00eancia do problema, mas tamb\u00e9m servem como exemplos do que n\u00e3o deve ocorrer. A divulga\u00e7\u00e3o desses casos \u00e9 essencial para que a sociedade identifique e retribua a responsabilidade a empresas que n\u00e3o respeitam os direitos dos trabalhadores.<\/p>\n<h2>Diferen\u00e7as Entre Trabalho For\u00e7ado e Escravo<\/h2>\n<p>Embora ambos os termos se refiram \u00e0 explora\u00e7\u00e3o, existem diferen\u00e7as importantes que precisam ser destacadas. O trabalho for\u00e7ado refere-se a situa\u00e7\u00f5es em que o indiv\u00edduo \u00e9 coagido a trabalhar sob a amea\u00e7a de san\u00e7\u00f5es, enquanto a escravid\u00e3o moderna envolve um controle mais absoluto sobre a vida do trabalhador, negando-lhe liberdade de movimenta\u00e7\u00e3o e direitos b\u00e1sicos. A compreens\u00e3o dessas diferen\u00e7as \u00e9 vital para a elabora\u00e7\u00e3o de pol\u00edticas eficazes de combate \u00e0 explora\u00e7\u00e3o e prote\u00e7\u00e3o dos trabalhadores.<\/p>\n<h2>A Import\u00e2ncia da Den\u00fancia<\/h2>\n<p>A den\u00fancia \u00e9 uma ferramenta vital na luta contra o trabalho escravo. Ao reportar pr\u00e1ticas abusivas, indiv\u00edduos e organiza\u00e7\u00f5es contribuem para a erradica\u00e7\u00e3o da explora\u00e7\u00e3o laboral. Canais seguros e acess\u00edveis devem ser disponibilizados para que trabalhadores ou testemunhas possam fazer den\u00fancias sem medo de retalia\u00e7\u00e3o. A responsabilidade tamb\u00e9m recai sobre a sociedade, que deve estar atenta e disposta a agir quando perceber viola\u00e7\u00f5es aos direitos humanos.<\/p>\n<h2>O Papel da Sociedade na Luta Contra o Trabalho Escravo<\/h2>\n<p>A sociedade desempenha um papel crucial na erradica\u00e7\u00e3o do trabalho escravo. A conscientiza\u00e7\u00e3o e a educa\u00e7\u00e3o sobre os direitos dos trabalhadores s\u00e3o fundamentais para mudar percep\u00e7\u00f5es e pr\u00e1ticas. O engajamento comunit\u00e1rio, junto com as a\u00e7\u00f5es de fiscaliza\u00e7\u00e3o governamental, cria um ambiente onde as pr\u00e1ticas de explora\u00e7\u00e3o s\u00e3o combatidas. A colabora\u00e7\u00e3o entre cidad\u00e3os, organiza\u00e7\u00f5es n\u00e3o governamentais e o governo \u00e9 imprescind\u00edvel para desenvolver redes de apoio e estrat\u00e9gias eficazes que promovam a dignidade e os direitos humanos para todos os trabalhadores.<\/p>\n<div class=\"2410bb7248a64bb1f71103797e0f239b\" data-index=\"3\" style=\"float: none; margin:0px;\">\n<\/br><\/br>\r\n\r\n<ins class=\"adsbygoogle\"\r\n     style=\"display:block\"\r\n     data-ad-format=\"fluid\"\r\n     data-ad-layout-key=\"-63+do+n-1s+9e\"\r\n     data-ad-client=\"ca-pub-8585364105181520\"\r\n     data-ad-slot=\"6838462089\"><\/ins>\r\n<script>\r\n     (adsbygoogle = window.adsbygoogle || []).push({});\r\n<\/script>\n<\/div>\n\n<div style=\"font-size: 0px; height: 0px; line-height: 0px; margin: 0; padding: 0; clear: both;\"><\/div>","protected":false},"excerpt":{"rendered":"<p>Trabalho escravo: impactos e consequ\u00eancias para BYD e Amado Batista.<\/p>\n","protected":false},"author":1,"featured_media":950,"comment_status":"open","ping_status":"closed","sticky":false,"template":"","format":"standard","meta":{"footnotes":""},"categories":[1],"tags":[],"class_list":["post-951","post","type-post","status-publish","format-standard","has-post-thumbnail","hentry","category-noticias-em-camacari","has_thumb"],"aioseo_notices":[],"aioseo_head":"\n\t\t<!-- All in One SEO 5.0.0.1 - aioseo.com -->\n\t<meta name=\"description\" content=\"Trabalho escravo: impactos e consequ\u00eancias para BYD e Amado Batista.\" \/>\n\t<meta name=\"robots\" content=\"max-image-preview:large\" \/>\n\t<meta name=\"author\" content=\"Encontra Cama\u00e7ari\"\/>\n\t<link rel=\"canonical\" href=\"https:\/\/www.encontracamacari.com.br\/sobre\/amado-batista-e-byd-sao-incluidos-em-lista-de-trabalho-escravo-do-mte\/\" \/>\n\t<meta name=\"generator\" content=\"All in One SEO (AIOSEO) 5.0.0.1\" \/>\n\t\t<meta property=\"og:locale\" content=\"pt_BR\" \/>\n\t\t<meta property=\"og:site_name\" content=\"Encontra Cama\u00e7ari - Not\u00edcias, eventos, informa\u00e7\u00f5es e dicas na cidade de Cama\u00e7ari e regi\u00e3o.\" \/>\n\t\t<meta property=\"og:type\" content=\"article\" \/>\n\t\t<meta property=\"og:title\" content=\"Amado Batista e BYD s\u00e3o inclu\u00eddos em lista de trabalho escravo do MTE - Encontra Cama\u00e7ari\" \/>\n\t\t<meta property=\"og:description\" content=\"Trabalho escravo: impactos e consequ\u00eancias para BYD e Amado Batista.\" \/>\n\t\t<meta property=\"og:url\" content=\"https:\/\/www.encontracamacari.com.br\/sobre\/amado-batista-e-byd-sao-incluidos-em-lista-de-trabalho-escravo-do-mte\/\" \/>\n\t\t<meta property=\"article:published_time\" content=\"2026-04-20T06:01:44+00:00\" \/>\n\t\t<meta property=\"article:modified_time\" content=\"2026-04-20T06:01:44+00:00\" \/>\n\t\t<meta name=\"twitter:card\" content=\"summary_large_image\" \/>\n\t\t<meta name=\"twitter:title\" content=\"Amado Batista e BYD s\u00e3o inclu\u00eddos em lista de trabalho escravo do MTE - Encontra Cama\u00e7ari\" \/>\n\t\t<meta name=\"twitter:description\" content=\"Trabalho escravo: impactos e consequ\u00eancias para BYD e Amado Batista.\" \/>\n\t\t<script type=\"application\/ld+json\" class=\"aioseo-schema\">\n\t\t\t{\"@context\":\"https:\\\/\\\/schema.org\",\"@graph\":[{\"@type\":\"BlogPosting\",\"@id\":\"https:\\\/\\\/www.encontracamacari.com.br\\\/sobre\\\/amado-batista-e-byd-sao-incluidos-em-lista-de-trabalho-escravo-do-mte\\\/#blogposting\",\"name\":\"Amado Batista e BYD s\\u00e3o inclu\\u00eddos em lista de trabalho escravo do MTE - Encontra Cama\\u00e7ari\",\"headline\":\"Amado Batista e BYD s\\u00e3o inclu\\u00eddos em lista de trabalho escravo do MTE\",\"author\":{\"@id\":\"https:\\\/\\\/www.encontracamacari.com.br\\\/sobre\\\/author\\\/ecamacari\\\/#author\"},\"publisher\":{\"@id\":\"https:\\\/\\\/www.encontracamacari.com.br\\\/sobre\\\/#organization\"},\"image\":{\"@type\":\"ImageObject\",\"url\":\"https:\\\/\\\/www.encontracamacari.com.br\\\/sobre\\\/wp-content\\\/uploads\\\/2026\\\/04\\\/amado-batista-e-byd-sao-incluidos-em-lista-de-trabalho-escravo-do-mte.webp\",\"width\":280,\"height\":280,\"caption\":\"lista de trabalho escravo\"},\"datePublished\":\"2026-04-20T06:01:44+00:00\",\"dateModified\":\"2026-04-20T06:01:44+00:00\",\"inLanguage\":\"pt-BR\",\"mainEntityOfPage\":{\"@id\":\"https:\\\/\\\/www.encontracamacari.com.br\\\/sobre\\\/amado-batista-e-byd-sao-incluidos-em-lista-de-trabalho-escravo-do-mte\\\/#webpage\"},\"isPartOf\":{\"@id\":\"https:\\\/\\\/www.encontracamacari.com.br\\\/sobre\\\/amado-batista-e-byd-sao-incluidos-em-lista-de-trabalho-escravo-do-mte\\\/#webpage\"},\"articleSection\":\"Not\\u00edcias Cama\\u00e7ari\"},{\"@type\":\"BreadcrumbList\",\"@id\":\"https:\\\/\\\/www.encontracamacari.com.br\\\/sobre\\\/amado-batista-e-byd-sao-incluidos-em-lista-de-trabalho-escravo-do-mte\\\/#breadcrumblist\",\"itemListElement\":[{\"@type\":\"ListItem\",\"@id\":\"https:\\\/\\\/www.encontracamacari.com.br\\\/sobre#listItem\",\"position\":1,\"name\":\"Home\",\"item\":\"https:\\\/\\\/www.encontracamacari.com.br\\\/sobre\",\"nextItem\":{\"@type\":\"ListItem\",\"@id\":\"https:\\\/\\\/www.encontracamacari.com.br\\\/sobre\\\/noticias-em-camacari\\\/#listItem\",\"name\":\"Not\\u00edcias Cama\\u00e7ari\"}},{\"@type\":\"ListItem\",\"@id\":\"https:\\\/\\\/www.encontracamacari.com.br\\\/sobre\\\/noticias-em-camacari\\\/#listItem\",\"position\":2,\"name\":\"Not\\u00edcias Cama\\u00e7ari\",\"item\":\"https:\\\/\\\/www.encontracamacari.com.br\\\/sobre\\\/noticias-em-camacari\\\/\",\"nextItem\":{\"@type\":\"ListItem\",\"@id\":\"https:\\\/\\\/www.encontracamacari.com.br\\\/sobre\\\/amado-batista-e-byd-sao-incluidos-em-lista-de-trabalho-escravo-do-mte\\\/#listItem\",\"name\":\"Amado Batista e BYD s\\u00e3o inclu\\u00eddos em lista de trabalho escravo do MTE\"},\"previousItem\":{\"@type\":\"ListItem\",\"@id\":\"https:\\\/\\\/www.encontracamacari.com.br\\\/sobre#listItem\",\"name\":\"Home\"}},{\"@type\":\"ListItem\",\"@id\":\"https:\\\/\\\/www.encontracamacari.com.br\\\/sobre\\\/amado-batista-e-byd-sao-incluidos-em-lista-de-trabalho-escravo-do-mte\\\/#listItem\",\"position\":3,\"name\":\"Amado Batista e BYD s\\u00e3o inclu\\u00eddos em lista de trabalho escravo do MTE\",\"previousItem\":{\"@type\":\"ListItem\",\"@id\":\"https:\\\/\\\/www.encontracamacari.com.br\\\/sobre\\\/noticias-em-camacari\\\/#listItem\",\"name\":\"Not\\u00edcias Cama\\u00e7ari\"}}]},{\"@type\":\"Organization\",\"@id\":\"https:\\\/\\\/www.encontracamacari.com.br\\\/sobre\\\/#organization\",\"name\":\"Encontra Cama\\u00e7ari\",\"description\":\"Not\\u00edcias, eventos, informa\\u00e7\\u00f5es e dicas na cidade de Cama\\u00e7ari e regi\\u00e3o.\",\"url\":\"https:\\\/\\\/www.encontracamacari.com.br\\\/sobre\\\/\"},{\"@type\":\"Person\",\"@id\":\"https:\\\/\\\/www.encontracamacari.com.br\\\/sobre\\\/author\\\/ecamacari\\\/#author\",\"url\":\"https:\\\/\\\/www.encontracamacari.com.br\\\/sobre\\\/author\\\/ecamacari\\\/\",\"name\":\"Encontra Cama\\u00e7ari\",\"image\":{\"@type\":\"ImageObject\",\"@id\":\"https:\\\/\\\/www.encontracamacari.com.br\\\/sobre\\\/amado-batista-e-byd-sao-incluidos-em-lista-de-trabalho-escravo-do-mte\\\/#authorImage\",\"url\":\"https:\\\/\\\/secure.gravatar.com\\\/avatar\\\/507340682b8270222e1f208e23198b6ae7e2c6a1033ae84e99bc6bce4f82a387?s=96&d=mm&r=g\",\"width\":96,\"height\":96,\"caption\":\"Encontra Cama\\u00e7ari\"}},{\"@type\":\"WebPage\",\"@id\":\"https:\\\/\\\/www.encontracamacari.com.br\\\/sobre\\\/amado-batista-e-byd-sao-incluidos-em-lista-de-trabalho-escravo-do-mte\\\/#webpage\",\"url\":\"https:\\\/\\\/www.encontracamacari.com.br\\\/sobre\\\/amado-batista-e-byd-sao-incluidos-em-lista-de-trabalho-escravo-do-mte\\\/\",\"name\":\"Amado Batista e BYD s\\u00e3o inclu\\u00eddos em lista de trabalho escravo do MTE - Encontra Cama\\u00e7ari\",\"description\":\"Trabalho escravo: impactos e consequ\\u00eancias para BYD e Amado Batista.\",\"inLanguage\":\"pt-BR\",\"isPartOf\":{\"@id\":\"https:\\\/\\\/www.encontracamacari.com.br\\\/sobre\\\/#website\"},\"breadcrumb\":{\"@id\":\"https:\\\/\\\/www.encontracamacari.com.br\\\/sobre\\\/amado-batista-e-byd-sao-incluidos-em-lista-de-trabalho-escravo-do-mte\\\/#breadcrumblist\"},\"author\":{\"@id\":\"https:\\\/\\\/www.encontracamacari.com.br\\\/sobre\\\/author\\\/ecamacari\\\/#author\"},\"creator\":{\"@id\":\"https:\\\/\\\/www.encontracamacari.com.br\\\/sobre\\\/author\\\/ecamacari\\\/#author\"},\"image\":{\"@type\":\"ImageObject\",\"url\":\"https:\\\/\\\/www.encontracamacari.com.br\\\/sobre\\\/wp-content\\\/uploads\\\/2026\\\/04\\\/amado-batista-e-byd-sao-incluidos-em-lista-de-trabalho-escravo-do-mte.webp\",\"@id\":\"https:\\\/\\\/www.encontracamacari.com.br\\\/sobre\\\/amado-batista-e-byd-sao-incluidos-em-lista-de-trabalho-escravo-do-mte\\\/#mainImage\",\"width\":280,\"height\":280,\"caption\":\"lista de trabalho escravo\"},\"primaryImageOfPage\":{\"@id\":\"https:\\\/\\\/www.encontracamacari.com.br\\\/sobre\\\/amado-batista-e-byd-sao-incluidos-em-lista-de-trabalho-escravo-do-mte\\\/#mainImage\"},\"datePublished\":\"2026-04-20T06:01:44+00:00\",\"dateModified\":\"2026-04-20T06:01:44+00:00\"},{\"@type\":\"WebSite\",\"@id\":\"https:\\\/\\\/www.encontracamacari.com.br\\\/sobre\\\/#website\",\"url\":\"https:\\\/\\\/www.encontracamacari.com.br\\\/sobre\\\/\",\"name\":\"Encontra Cama\\u00e7ari\",\"description\":\"Not\\u00edcias, eventos, informa\\u00e7\\u00f5es e dicas na cidade de Cama\\u00e7ari e regi\\u00e3o.\",\"inLanguage\":\"pt-BR\",\"publisher\":{\"@id\":\"https:\\\/\\\/www.encontracamacari.com.br\\\/sobre\\\/#organization\"}}]}\n\t\t<\/script>\n\t\t<!-- All in One SEO -->\n\n","aioseo_head_json":{"title":"Amado Batista e BYD s\u00e3o inclu\u00eddos em lista de trabalho escravo do MTE - Encontra Cama\u00e7ari","description":"Trabalho escravo: impactos e consequ\u00eancias para BYD e Amado Batista.","canonical_url":"https:\/\/www.encontracamacari.com.br\/sobre\/amado-batista-e-byd-sao-incluidos-em-lista-de-trabalho-escravo-do-mte\/","robots":"max-image-preview:large","keywords":"","webmasterTools":{"miscellaneous":""},"schema":{"@context":"https:\/\/schema.org","@graph":[{"@type":"BlogPosting","@id":"https:\/\/www.encontracamacari.com.br\/sobre\/amado-batista-e-byd-sao-incluidos-em-lista-de-trabalho-escravo-do-mte\/#blogposting","name":"Amado Batista e BYD s\u00e3o inclu\u00eddos em lista de trabalho escravo do MTE - Encontra Cama\u00e7ari","headline":"Amado Batista e BYD s\u00e3o inclu\u00eddos em lista de trabalho escravo do MTE","author":{"@id":"https:\/\/www.encontracamacari.com.br\/sobre\/author\/ecamacari\/#author"},"publisher":{"@id":"https:\/\/www.encontracamacari.com.br\/sobre\/#organization"},"image":{"@type":"ImageObject","url":"https:\/\/www.encontracamacari.com.br\/sobre\/wp-content\/uploads\/2026\/04\/amado-batista-e-byd-sao-incluidos-em-lista-de-trabalho-escravo-do-mte.webp","width":280,"height":280,"caption":"lista de trabalho escravo"},"datePublished":"2026-04-20T06:01:44+00:00","dateModified":"2026-04-20T06:01:44+00:00","inLanguage":"pt-BR","mainEntityOfPage":{"@id":"https:\/\/www.encontracamacari.com.br\/sobre\/amado-batista-e-byd-sao-incluidos-em-lista-de-trabalho-escravo-do-mte\/#webpage"},"isPartOf":{"@id":"https:\/\/www.encontracamacari.com.br\/sobre\/amado-batista-e-byd-sao-incluidos-em-lista-de-trabalho-escravo-do-mte\/#webpage"},"articleSection":"Not\u00edcias Cama\u00e7ari"},{"@type":"BreadcrumbList","@id":"https:\/\/www.encontracamacari.com.br\/sobre\/amado-batista-e-byd-sao-incluidos-em-lista-de-trabalho-escravo-do-mte\/#breadcrumblist","itemListElement":[{"@type":"ListItem","@id":"https:\/\/www.encontracamacari.com.br\/sobre#listItem","position":1,"name":"Home","item":"https:\/\/www.encontracamacari.com.br\/sobre","nextItem":{"@type":"ListItem","@id":"https:\/\/www.encontracamacari.com.br\/sobre\/noticias-em-camacari\/#listItem","name":"Not\u00edcias Cama\u00e7ari"}},{"@type":"ListItem","@id":"https:\/\/www.encontracamacari.com.br\/sobre\/noticias-em-camacari\/#listItem","position":2,"name":"Not\u00edcias Cama\u00e7ari","item":"https:\/\/www.encontracamacari.com.br\/sobre\/noticias-em-camacari\/","nextItem":{"@type":"ListItem","@id":"https:\/\/www.encontracamacari.com.br\/sobre\/amado-batista-e-byd-sao-incluidos-em-lista-de-trabalho-escravo-do-mte\/#listItem","name":"Amado Batista e BYD s\u00e3o inclu\u00eddos em lista de trabalho escravo do MTE"},"previousItem":{"@type":"ListItem","@id":"https:\/\/www.encontracamacari.com.br\/sobre#listItem","name":"Home"}},{"@type":"ListItem","@id":"https:\/\/www.encontracamacari.com.br\/sobre\/amado-batista-e-byd-sao-incluidos-em-lista-de-trabalho-escravo-do-mte\/#listItem","position":3,"name":"Amado Batista e BYD s\u00e3o inclu\u00eddos em lista de trabalho escravo do MTE","previousItem":{"@type":"ListItem","@id":"https:\/\/www.encontracamacari.com.br\/sobre\/noticias-em-camacari\/#listItem","name":"Not\u00edcias Cama\u00e7ari"}}]},{"@type":"Organization","@id":"https:\/\/www.encontracamacari.com.br\/sobre\/#organization","name":"Encontra Cama\u00e7ari","description":"Not\u00edcias, eventos, informa\u00e7\u00f5es e dicas na cidade de Cama\u00e7ari e regi\u00e3o.","url":"https:\/\/www.encontracamacari.com.br\/sobre\/"},{"@type":"Person","@id":"https:\/\/www.encontracamacari.com.br\/sobre\/author\/ecamacari\/#author","url":"https:\/\/www.encontracamacari.com.br\/sobre\/author\/ecamacari\/","name":"Encontra Cama\u00e7ari","image":{"@type":"ImageObject","@id":"https:\/\/www.encontracamacari.com.br\/sobre\/amado-batista-e-byd-sao-incluidos-em-lista-de-trabalho-escravo-do-mte\/#authorImage","url":"https:\/\/secure.gravatar.com\/avatar\/507340682b8270222e1f208e23198b6ae7e2c6a1033ae84e99bc6bce4f82a387?s=96&d=mm&r=g","width":96,"height":96,"caption":"Encontra Cama\u00e7ari"}},{"@type":"WebPage","@id":"https:\/\/www.encontracamacari.com.br\/sobre\/amado-batista-e-byd-sao-incluidos-em-lista-de-trabalho-escravo-do-mte\/#webpage","url":"https:\/\/www.encontracamacari.com.br\/sobre\/amado-batista-e-byd-sao-incluidos-em-lista-de-trabalho-escravo-do-mte\/","name":"Amado Batista e BYD s\u00e3o inclu\u00eddos em lista de trabalho escravo do MTE - Encontra Cama\u00e7ari","description":"Trabalho escravo: impactos e consequ\u00eancias para BYD e Amado Batista.","inLanguage":"pt-BR","isPartOf":{"@id":"https:\/\/www.encontracamacari.com.br\/sobre\/#website"},"breadcrumb":{"@id":"https:\/\/www.encontracamacari.com.br\/sobre\/amado-batista-e-byd-sao-incluidos-em-lista-de-trabalho-escravo-do-mte\/#breadcrumblist"},"author":{"@id":"https:\/\/www.encontracamacari.com.br\/sobre\/author\/ecamacari\/#author"},"creator":{"@id":"https:\/\/www.encontracamacari.com.br\/sobre\/author\/ecamacari\/#author"},"image":{"@type":"ImageObject","url":"https:\/\/www.encontracamacari.com.br\/sobre\/wp-content\/uploads\/2026\/04\/amado-batista-e-byd-sao-incluidos-em-lista-de-trabalho-escravo-do-mte.webp","@id":"https:\/\/www.encontracamacari.com.br\/sobre\/amado-batista-e-byd-sao-incluidos-em-lista-de-trabalho-escravo-do-mte\/#mainImage","width":280,"height":280,"caption":"lista de trabalho escravo"},"primaryImageOfPage":{"@id":"https:\/\/www.encontracamacari.com.br\/sobre\/amado-batista-e-byd-sao-incluidos-em-lista-de-trabalho-escravo-do-mte\/#mainImage"},"datePublished":"2026-04-20T06:01:44+00:00","dateModified":"2026-04-20T06:01:44+00:00"},{"@type":"WebSite","@id":"https:\/\/www.encontracamacari.com.br\/sobre\/#website","url":"https:\/\/www.encontracamacari.com.br\/sobre\/","name":"Encontra Cama\u00e7ari","description":"Not\u00edcias, eventos, informa\u00e7\u00f5es e dicas na cidade de Cama\u00e7ari e regi\u00e3o.","inLanguage":"pt-BR","publisher":{"@id":"https:\/\/www.encontracamacari.com.br\/sobre\/#organization"}}]},"og:locale":"pt_BR","og:site_name":"Encontra Cama\u00e7ari - Not\u00edcias, eventos, informa\u00e7\u00f5es e dicas na cidade de Cama\u00e7ari e regi\u00e3o.","og:type":"article","og:title":"Amado Batista e BYD s\u00e3o inclu\u00eddos em lista de trabalho escravo do MTE - Encontra Cama\u00e7ari","og:description":"Trabalho escravo: impactos e consequ\u00eancias para BYD e Amado Batista.","og:url":"https:\/\/www.encontracamacari.com.br\/sobre\/amado-batista-e-byd-sao-incluidos-em-lista-de-trabalho-escravo-do-mte\/","article:published_time":"2026-04-20T06:01:44+00:00","article:modified_time":"2026-04-20T06:01:44+00:00","twitter:card":"summary_large_image","twitter:title":"Amado Batista e BYD s\u00e3o inclu\u00eddos em lista de trabalho escravo do MTE - Encontra Cama\u00e7ari","twitter:description":"Trabalho escravo: impactos e consequ\u00eancias para BYD e Amado Batista."},"aioseo_meta_data":{"post_id":"951","title":null,"description":null,"keywords":null,"keyphrases":null,"primary_term":null,"canonical_url":null,"og_title":null,"og_description":null,"og_object_type":"default","og_image_type":"default","og_image_url":null,"og_image_width":null,"og_image_height":null,"og_image_custom_url":null,"og_image_custom_fields":null,"og_video":null,"og_custom_url":null,"og_article_section":null,"og_article_tags":null,"twitter_use_og":false,"twitter_card":"default","twitter_image_type":"default","twitter_image_url":null,"twitter_image_custom_url":null,"twitter_image_custom_fields":null,"twitter_title":null,"twitter_description":null,"schema":{"blockGraphs":[],"customGraphs":[],"default":{"data":{"Article":[],"Course":[],"Dataset":[],"FAQPage":[],"Movie":[],"Person":[],"Product":[],"ProductReview":[],"Car":[],"Recipe":[],"Service":[],"SoftwareApplication":[],"WebPage":[]},"graphName":"BlogPosting","isEnabled":true},"graphs":[]},"schema_type":"default","schema_type_options":null,"pillar_content":false,"robots_default":true,"robots_noindex":false,"robots_noarchive":false,"robots_nosnippet":false,"robots_nofollow":false,"robots_noimageindex":false,"robots_noodp":false,"robots_notranslate":false,"robots_max_snippet":null,"robots_max_videopreview":null,"robots_max_imagepreview":"large","priority":null,"frequency":null,"local_seo":null,"limit_modified_date":false,"created":"2026-04-20 06:01:48","updated":"2026-08-06 02:33:57","focus_keyword":null,"additional_keywords":null,"truseo_locale":null,"ai":null,"breadcrumb_settings":null,"seo_analyzer_scan_date":null},"aioseo_breadcrumb":"<div class=\"aioseo-breadcrumbs\"><span class=\"aioseo-breadcrumb\">\n\t\t\t<a href=\"https:\/\/www.encontracamacari.com.br\/sobre\" title=\"Home\">Home<\/a>\n\t\t<\/span><span class=\"aioseo-breadcrumb-separator\">&raquo;<\/span><span class=\"aioseo-breadcrumb\">\n\t\t\t<a href=\"https:\/\/www.encontracamacari.com.br\/sobre\/noticias-em-camacari\/\" title=\"Not\u00edcias Cama\u00e7ari\">Not\u00edcias Cama\u00e7ari<\/a>\n\t\t<\/span><span class=\"aioseo-breadcrumb-separator\">&raquo;<\/span><span class=\"aioseo-breadcrumb\">\n\t\t\tAmado Batista e BYD s\u00e3o inclu\u00eddos em lista de trabalho escravo do MTE\n\t\t<\/span><\/div>","aioseo_breadcrumb_json":[{"label":"Home","link":"https:\/\/www.encontracamacari.com.br\/sobre"},{"label":"Not\u00edcias Cama\u00e7ari","link":"https:\/\/www.encontracamacari.com.br\/sobre\/noticias-em-camacari\/"},{"label":"Amado Batista e BYD s\u00e3o inclu\u00eddos em lista de trabalho escravo do MTE","link":"https:\/\/www.encontracamacari.com.br\/sobre\/amado-batista-e-byd-sao-incluidos-em-lista-de-trabalho-escravo-do-mte\/"}],"_links":{"self":[{"href":"https:\/\/www.encontracamacari.com.br\/sobre\/wp-json\/wp\/v2\/posts\/951","targetHints":{"allow":["GET"]}}],"collection":[{"href":"https:\/\/www.encontracamacari.com.br\/sobre\/wp-json\/wp\/v2\/posts"}],"about":[{"href":"https:\/\/www.encontracamacari.com.br\/sobre\/wp-json\/wp\/v2\/types\/post"}],"author":[{"embeddable":true,"href":"https:\/\/www.encontracamacari.com.br\/sobre\/wp-json\/wp\/v2\/users\/1"}],"replies":[{"embeddable":true,"href":"https:\/\/www.encontracamacari.com.br\/sobre\/wp-json\/wp\/v2\/comments?post=951"}],"version-history":[{"count":0,"href":"https:\/\/www.encontracamacari.com.br\/sobre\/wp-json\/wp\/v2\/posts\/951\/revisions"}],"wp:featuredmedia":[{"embeddable":true,"href":"https:\/\/www.encontracamacari.com.br\/sobre\/wp-json\/wp\/v2\/media\/950"}],"wp:attachment":[{"href":"https:\/\/www.encontracamacari.com.br\/sobre\/wp-json\/wp\/v2\/media?parent=951"}],"wp:term":[{"taxonomy":"category","embeddable":true,"href":"https:\/\/www.encontracamacari.com.br\/sobre\/wp-json\/wp\/v2\/categories?post=951"},{"taxonomy":"post_tag","embeddable":true,"href":"https:\/\/www.encontracamacari.com.br\/sobre\/wp-json\/wp\/v2\/tags?post=951"}],"curies":[{"name":"wp","href":"https:\/\/api.w.org\/{rel}","templated":true}]}}