{"id":949,"date":"2026-04-19T06:05:20","date_gmt":"2026-04-19T06:05:20","guid":{"rendered":"https:\/\/www.encontracamacari.com.br\/sobre\/seinfra-apresenta-a-comunidade-da-lama-preta-programa-integrado-das-obras-da-bacia-do-rio-camacari\/"},"modified":"2026-04-19T06:05:20","modified_gmt":"2026-04-19T06:05:20","slug":"seinfra-apresenta-a-comunidade-da-lama-preta-programa-integrado-das-obras-da-bacia-do-rio-camacari","status":"publish","type":"post","link":"https:\/\/www.encontracamacari.com.br\/sobre\/seinfra-apresenta-a-comunidade-da-lama-preta-programa-integrado-das-obras-da-bacia-do-rio-camacari\/","title":{"rendered":"Seinfra apresenta \u00e0 comunidade da Lama Preta programa integrado das obras da Bacia do Rio Cama\u00e7ari"},"content":{"rendered":"<div class=\"2410bb7248a64bb1f71103797e0f239b\" data-index=\"1\" style=\"float: none; margin:0px;\">\n<ins class=\"adsbygoogle\"\r\n     style=\"display:block\"\r\n     data-ad-client=\"ca-pub-8585364105181520\"\r\n     data-ad-slot=\"8789329856\"\r\n     data-ad-format=\"auto\"\r\n     data-full-width-responsive=\"true\"><\/ins>\r\n<script>\r\n     (adsbygoogle = window.adsbygoogle || []).push({});\r\n<\/script>\n<\/div>\n<h2>O que \u00e9 o programa integrado da Bacia do Rio Cama\u00e7ari<\/h2>\n<p>O programa integrado da Bacia do Rio Cama\u00e7ari \u00e9 uma iniciativa da Prefeitura de Cama\u00e7ari voltada para a atualiza\u00e7\u00e3o e melhoria da infraestrutura urbana, especialmente nas \u00e1reas impactadas por inunda\u00e7\u00f5es e problemas de saneamento. Este projeto envolvem a\u00e7\u00f5es de macrodrenagem e \u00e9 focado em beneficiar diversas comunidades, com destaque para a Lama Preta.<\/p>\n<h2>Import\u00e2ncia das obras de macrodrenagem<\/h2>\n<p>As obras de macrodrenagem s\u00e3o cruciais para prevenir alagamentos, especialmente em per\u00edodos de chuva intensa. Ao melhorar a capacidade de escoamento da \u00e1gua, essas interven\u00e7\u00f5es ajudam a minimizar os riscos relacionados a enchentes, que podem causar danos significativos \u00e0s propriedades e \u00e0 sa\u00fade p\u00fablica. Al\u00e9m disso, uma drenagem adequada promove a melhoria das condi\u00e7\u00f5es sanit\u00e1rias e do meio ambiente local.<\/p>\n<h2>O papel da Seinfra na execu\u00e7\u00e3o do projeto<\/h2>\n<p>A Secretaria da Infraestrutura (Seinfra) desempenha um papel fundamental na implementa\u00e7\u00e3o do programa integrado. Ela \u00e9 respons\u00e1vel pela coordena\u00e7\u00e3o das atividades de constru\u00e7\u00e3o e execu\u00e7\u00e3o das obras, que incluem a limpeza, escava\u00e7\u00e3o e dragagem necess\u00e1rias para a efetiva\u00e7\u00e3o das melhorias desejadas. O secret\u00e1rio Jos\u00e9 M\u00e1rio Bastos ressaltou que o enfoque desse projeto \u00e9 a durabilidade e a efic\u00e1cia, garantindo que as solu\u00e7\u00f5es implementadas sejam sustent\u00e1veis a longo prazo.<\/p>\n<p><img decoding=\"async\" src=\"https:\/\/www.encontracamacari.com.br\/sobre\/wp-content\/uploads\/2026\/04\/seinfra-apresenta-a-comunidade-da-lama-preta-programa-integrado-das-obras-da-bacia-do-rio-camacari.webp\" alt=\"programa integrado Bacia do Rio Cama\u00e7ari\" loading=\"lazy\" \/><\/p>\n<h2>Benef\u00edcios esperados para a comunidade da Lama Preta<\/h2>\n<p>Com a execu\u00e7\u00e3o dessas obras, espera-se que aproximadamente 20 mil moradores da regi\u00e3o da Lama Preta sejam beneficiados. O projeto prev\u00ea a instala\u00e7\u00e3o de um sistema de esgotamento sanit\u00e1rio e a recupera\u00e7\u00e3o ambiental da \u00e1rea, que trar\u00e1 avan\u00e7os significativos na qualidade de vida da popula\u00e7\u00e3o local. A interven\u00e7\u00e3o n\u00e3o apenas melhorar\u00e1 o escoamento das \u00e1guas pluviais, mas tamb\u00e9m criar\u00e1 condi\u00e7\u00f5es mais favor\u00e1veis para a sa\u00fade e o bem-estar da comunidade.<\/p>\n<h2>Investimento nas obras e seu impacto econ\u00f4mico<\/h2>\n<p>Os investimentos nas obras de macrodrenagem da Bacia do Rio Cama\u00e7ari ultrapassam R$ 8 milh\u00f5es, provenientes do Novo Programa de Acelera\u00e7\u00e3o do Crescimento (PAC). O comprometimento financeiro representa uma oportunidade de gera\u00e7\u00e3o de empregos e melhorias na infraestrutura da regi\u00e3o, que pode atrair novos investimentos e fomentar a economia local no longo prazo.<\/p><div class=\"2410bb7248a64bb1f71103797e0f239b\" data-index=\"2\" style=\"float: none; margin:0px;\">\n<ins class=\"adsbygoogle\"\r\n     style=\"display:block; text-align:center;\"\r\n     data-ad-layout=\"in-article\"\r\n     data-ad-format=\"fluid\"\r\n     data-ad-client=\"ca-pub-8585364105181520\"\r\n     data-ad-slot=\"2899217073\"><\/ins>\r\n<script>\r\n     (adsbygoogle = window.adsbygoogle || []).push({});\r\n<\/script>\r\n\r\n<\/br><\/br>\n<\/div>\n\n<h2>A\u00e7\u00f5es de trabalho social e engajamento comunit\u00e1rio<\/h2>\n<p>Pensando no envolvimento da popula\u00e7\u00e3o, o projeto inclui uma vertente de trabalho social que visa manter um di\u00e1logo constante com os moradores locais. A equipe social acompanhar\u00e1 o andamento das obras e as demandas da comunidade, oferecendo suporte e promovendo a inclus\u00e3o social. Monique Azevedo, coordenadora Social da Seinfra, destacou a import\u00e2ncia de ter um canal aberto de comunica\u00e7\u00e3o, garantindo que as vozes da comunidade sejam ouvidas durante todo o processo de constru\u00e7\u00e3o.<\/p>\n<h2>Testemunhos de moradores sobre o projeto<\/h2>\n<p>A expectativa da comunidade tem sido positiva. Manoel Ramos, presidente da Associa\u00e7\u00e3o de Moradores da Lama Preta, expressou sua satisfa\u00e7\u00e3o com o projeto, enfatizando que a comunidade esperou por essa interven\u00e7\u00e3o durante anos. Outros moradores, como Erivaldo Gomes, tamb\u00e9m manifestaram entusiasmo e esperan\u00e7a, ressaltando que a aten\u00e7\u00e3o das autoridades ao di\u00e1logo com eles \u00e9 uma conquista significativa.<\/p>\n<h2>Desafios enfrentados na implementa\u00e7\u00e3o das obras<\/h2>\n<p>A implementa\u00e7\u00e3o das obras de macrodrenagem traz seus pr\u00f3prios desafios. Quest\u00f5es administrativas, como a obten\u00e7\u00e3o de licen\u00e7as e a necessidade de negocia\u00e7\u00e3o com a comunidade, s\u00e3o elementos cruciais para que as interven\u00e7\u00f5es ocorram de forma eficaz. Al\u00e9m disso, fatores clim\u00e1ticos e log\u00edsticos podem atrasar o cronograma, exigindo uma gest\u00e3o cuidadosa dos prazos e recursos dispon\u00edveis.<\/p>\n<h2>Cronograma das interven\u00e7\u00f5es na Bacia do Rio Cama\u00e7ari<\/h2>\n<p>A ordem de servi\u00e7o para as obras no Riacho da Lama Preta foi assinada em 1\u00ba de abril e faz parte de um conjunto mais amplo de interven\u00e7\u00f5es planejadas para a Bacia do Rio Cama\u00e7ari. O cronograma prev\u00ea a conclus\u00e3o das obras em um per\u00edodo determinado, com acompanhamento cont\u00ednuo dos resultados e ajustes necess\u00e1rios para garantir a efic\u00e1cia das solu\u00e7\u00f5es implementadas.<\/p>\n<h2>Futuro da infraestrutura urbana em Cama\u00e7ari<\/h2>\n<p>As obras da Bacia do Rio Cama\u00e7ari representam um passo significativo para o fortalecimento da infraestrutura urbana em Cama\u00e7ari. Ao abordar problemas hist\u00f3ricos de alagamento e saneamento, o projeto promete transformar a realidade da comunidade e criar um entorno mais seguro e saud\u00e1vel para seus moradores. Com um compromisso cont\u00ednuo de manuten\u00e7\u00e3o e acompanhamento, a expectativa \u00e9 que essas melhorias ajudem a moldar um futuro mais sustent\u00e1vel e promissor para a popula\u00e7\u00e3o local.<\/p>\n<p>Essas interven\u00e7\u00f5es s\u00e3o um claro exemplo do potencial impacto que a infraestrutura adequada pode ter na qualidade de vida das pessoas, e apresenta a possibilidade de novas oportunidades de crescimento e desenvolvimento para a cidade como um todo.<\/p>\n<div class=\"2410bb7248a64bb1f71103797e0f239b\" data-index=\"3\" style=\"float: none; margin:0px;\">\n<\/br><\/br>\r\n\r\n<ins class=\"adsbygoogle\"\r\n     style=\"display:block\"\r\n     data-ad-format=\"fluid\"\r\n     data-ad-layout-key=\"-63+do+n-1s+9e\"\r\n     data-ad-client=\"ca-pub-8585364105181520\"\r\n     data-ad-slot=\"6838462089\"><\/ins>\r\n<script>\r\n     (adsbygoogle = window.adsbygoogle || []).push({});\r\n<\/script>\n<\/div>\n\n<div style=\"font-size: 0px; height: 0px; line-height: 0px; margin: 0; padding: 0; clear: both;\"><\/div>","protected":false},"excerpt":{"rendered":"<p>Seinfra revela programa integrado das obras da Bacia do Rio Cama\u00e7ari para a comunidade da Lama Preta.<\/p>\n","protected":false},"author":1,"featured_media":948,"comment_status":"open","ping_status":"closed","sticky":false,"template":"","format":"standard","meta":{"footnotes":""},"categories":[1],"tags":[],"class_list":["post-949","post","type-post","status-publish","format-standard","has-post-thumbnail","hentry","category-noticias-em-camacari","has_thumb"],"aioseo_notices":[],"aioseo_head":"\n\t\t<!-- All in One SEO 5.0.0.1 - aioseo.com -->\n\t<meta name=\"description\" content=\"Seinfra revela programa integrado das obras da Bacia do Rio Cama\u00e7ari para a comunidade da Lama Preta.\" \/>\n\t<meta name=\"robots\" content=\"max-image-preview:large\" \/>\n\t<meta name=\"author\" content=\"Encontra Cama\u00e7ari\"\/>\n\t<link rel=\"canonical\" href=\"https:\/\/www.encontracamacari.com.br\/sobre\/seinfra-apresenta-a-comunidade-da-lama-preta-programa-integrado-das-obras-da-bacia-do-rio-camacari\/\" \/>\n\t<meta name=\"generator\" content=\"All in One SEO (AIOSEO) 5.0.0.1\" \/>\n\t\t<meta property=\"og:locale\" content=\"pt_BR\" \/>\n\t\t<meta property=\"og:site_name\" content=\"Encontra Cama\u00e7ari - Not\u00edcias, eventos, informa\u00e7\u00f5es e dicas na cidade de Cama\u00e7ari e regi\u00e3o.\" \/>\n\t\t<meta property=\"og:type\" content=\"article\" \/>\n\t\t<meta property=\"og:title\" content=\"Seinfra apresenta \u00e0 comunidade da Lama Preta programa integrado das obras da Bacia do Rio Cama\u00e7ari - Encontra Cama\u00e7ari\" \/>\n\t\t<meta property=\"og:description\" content=\"Seinfra revela programa integrado das obras da Bacia do Rio Cama\u00e7ari para a comunidade da Lama Preta.\" \/>\n\t\t<meta property=\"og:url\" content=\"https:\/\/www.encontracamacari.com.br\/sobre\/seinfra-apresenta-a-comunidade-da-lama-preta-programa-integrado-das-obras-da-bacia-do-rio-camacari\/\" \/>\n\t\t<meta property=\"article:published_time\" content=\"2026-04-19T06:05:20+00:00\" \/>\n\t\t<meta property=\"article:modified_time\" content=\"2026-04-19T06:05:20+00:00\" \/>\n\t\t<meta name=\"twitter:card\" content=\"summary_large_image\" \/>\n\t\t<meta name=\"twitter:title\" content=\"Seinfra apresenta \u00e0 comunidade da Lama Preta programa integrado das obras da Bacia do Rio Cama\u00e7ari - Encontra Cama\u00e7ari\" \/>\n\t\t<meta name=\"twitter:description\" content=\"Seinfra revela programa integrado das obras da Bacia do Rio Cama\u00e7ari para a comunidade da Lama Preta.\" \/>\n\t\t<script type=\"application\/ld+json\" class=\"aioseo-schema\">\n\t\t\t{\"@context\":\"https:\\\/\\\/schema.org\",\"@graph\":[{\"@type\":\"BlogPosting\",\"@id\":\"https:\\\/\\\/www.encontracamacari.com.br\\\/sobre\\\/seinfra-apresenta-a-comunidade-da-lama-preta-programa-integrado-das-obras-da-bacia-do-rio-camacari\\\/#blogposting\",\"name\":\"Seinfra apresenta \\u00e0 comunidade da Lama Preta programa integrado das obras da Bacia do Rio Cama\\u00e7ari - Encontra Cama\\u00e7ari\",\"headline\":\"Seinfra apresenta \\u00e0 comunidade da Lama Preta programa integrado das obras da Bacia do Rio Cama\\u00e7ari\",\"author\":{\"@id\":\"https:\\\/\\\/www.encontracamacari.com.br\\\/sobre\\\/author\\\/ecamacari\\\/#author\"},\"publisher\":{\"@id\":\"https:\\\/\\\/www.encontracamacari.com.br\\\/sobre\\\/#organization\"},\"image\":{\"@type\":\"ImageObject\",\"url\":\"https:\\\/\\\/www.encontracamacari.com.br\\\/sobre\\\/wp-content\\\/uploads\\\/2026\\\/04\\\/seinfra-apresenta-a-comunidade-da-lama-preta-programa-integrado-das-obras-da-bacia-do-rio-camacari.webp\",\"width\":280,\"height\":280,\"caption\":\"programa integrado Bacia do Rio Cama\\u00e7ari\"},\"datePublished\":\"2026-04-19T06:05:20+00:00\",\"dateModified\":\"2026-04-19T06:05:20+00:00\",\"inLanguage\":\"pt-BR\",\"mainEntityOfPage\":{\"@id\":\"https:\\\/\\\/www.encontracamacari.com.br\\\/sobre\\\/seinfra-apresenta-a-comunidade-da-lama-preta-programa-integrado-das-obras-da-bacia-do-rio-camacari\\\/#webpage\"},\"isPartOf\":{\"@id\":\"https:\\\/\\\/www.encontracamacari.com.br\\\/sobre\\\/seinfra-apresenta-a-comunidade-da-lama-preta-programa-integrado-das-obras-da-bacia-do-rio-camacari\\\/#webpage\"},\"articleSection\":\"Not\\u00edcias Cama\\u00e7ari\"},{\"@type\":\"BreadcrumbList\",\"@id\":\"https:\\\/\\\/www.encontracamacari.com.br\\\/sobre\\\/seinfra-apresenta-a-comunidade-da-lama-preta-programa-integrado-das-obras-da-bacia-do-rio-camacari\\\/#breadcrumblist\",\"itemListElement\":[{\"@type\":\"ListItem\",\"@id\":\"https:\\\/\\\/www.encontracamacari.com.br\\\/sobre#listItem\",\"position\":1,\"name\":\"Home\",\"item\":\"https:\\\/\\\/www.encontracamacari.com.br\\\/sobre\",\"nextItem\":{\"@type\":\"ListItem\",\"@id\":\"https:\\\/\\\/www.encontracamacari.com.br\\\/sobre\\\/noticias-em-camacari\\\/#listItem\",\"name\":\"Not\\u00edcias Cama\\u00e7ari\"}},{\"@type\":\"ListItem\",\"@id\":\"https:\\\/\\\/www.encontracamacari.com.br\\\/sobre\\\/noticias-em-camacari\\\/#listItem\",\"position\":2,\"name\":\"Not\\u00edcias Cama\\u00e7ari\",\"item\":\"https:\\\/\\\/www.encontracamacari.com.br\\\/sobre\\\/noticias-em-camacari\\\/\",\"nextItem\":{\"@type\":\"ListItem\",\"@id\":\"https:\\\/\\\/www.encontracamacari.com.br\\\/sobre\\\/seinfra-apresenta-a-comunidade-da-lama-preta-programa-integrado-das-obras-da-bacia-do-rio-camacari\\\/#listItem\",\"name\":\"Seinfra apresenta \\u00e0 comunidade da Lama Preta programa integrado das obras da Bacia do Rio Cama\\u00e7ari\"},\"previousItem\":{\"@type\":\"ListItem\",\"@id\":\"https:\\\/\\\/www.encontracamacari.com.br\\\/sobre#listItem\",\"name\":\"Home\"}},{\"@type\":\"ListItem\",\"@id\":\"https:\\\/\\\/www.encontracamacari.com.br\\\/sobre\\\/seinfra-apresenta-a-comunidade-da-lama-preta-programa-integrado-das-obras-da-bacia-do-rio-camacari\\\/#listItem\",\"position\":3,\"name\":\"Seinfra apresenta \\u00e0 comunidade da Lama Preta programa integrado das obras da Bacia do Rio Cama\\u00e7ari\",\"previousItem\":{\"@type\":\"ListItem\",\"@id\":\"https:\\\/\\\/www.encontracamacari.com.br\\\/sobre\\\/noticias-em-camacari\\\/#listItem\",\"name\":\"Not\\u00edcias Cama\\u00e7ari\"}}]},{\"@type\":\"Organization\",\"@id\":\"https:\\\/\\\/www.encontracamacari.com.br\\\/sobre\\\/#organization\",\"name\":\"Encontra Cama\\u00e7ari\",\"description\":\"Not\\u00edcias, eventos, informa\\u00e7\\u00f5es e dicas na cidade de Cama\\u00e7ari e regi\\u00e3o.\",\"url\":\"https:\\\/\\\/www.encontracamacari.com.br\\\/sobre\\\/\"},{\"@type\":\"Person\",\"@id\":\"https:\\\/\\\/www.encontracamacari.com.br\\\/sobre\\\/author\\\/ecamacari\\\/#author\",\"url\":\"https:\\\/\\\/www.encontracamacari.com.br\\\/sobre\\\/author\\\/ecamacari\\\/\",\"name\":\"Encontra Cama\\u00e7ari\",\"image\":{\"@type\":\"ImageObject\",\"@id\":\"https:\\\/\\\/www.encontracamacari.com.br\\\/sobre\\\/seinfra-apresenta-a-comunidade-da-lama-preta-programa-integrado-das-obras-da-bacia-do-rio-camacari\\\/#authorImage\",\"url\":\"https:\\\/\\\/secure.gravatar.com\\\/avatar\\\/507340682b8270222e1f208e23198b6ae7e2c6a1033ae84e99bc6bce4f82a387?s=96&d=mm&r=g\",\"width\":96,\"height\":96,\"caption\":\"Encontra Cama\\u00e7ari\"}},{\"@type\":\"WebPage\",\"@id\":\"https:\\\/\\\/www.encontracamacari.com.br\\\/sobre\\\/seinfra-apresenta-a-comunidade-da-lama-preta-programa-integrado-das-obras-da-bacia-do-rio-camacari\\\/#webpage\",\"url\":\"https:\\\/\\\/www.encontracamacari.com.br\\\/sobre\\\/seinfra-apresenta-a-comunidade-da-lama-preta-programa-integrado-das-obras-da-bacia-do-rio-camacari\\\/\",\"name\":\"Seinfra apresenta \\u00e0 comunidade da Lama Preta programa integrado das obras da Bacia do Rio Cama\\u00e7ari - Encontra Cama\\u00e7ari\",\"description\":\"Seinfra revela programa integrado das obras da Bacia do Rio Cama\\u00e7ari para a comunidade da Lama Preta.\",\"inLanguage\":\"pt-BR\",\"isPartOf\":{\"@id\":\"https:\\\/\\\/www.encontracamacari.com.br\\\/sobre\\\/#website\"},\"breadcrumb\":{\"@id\":\"https:\\\/\\\/www.encontracamacari.com.br\\\/sobre\\\/seinfra-apresenta-a-comunidade-da-lama-preta-programa-integrado-das-obras-da-bacia-do-rio-camacari\\\/#breadcrumblist\"},\"author\":{\"@id\":\"https:\\\/\\\/www.encontracamacari.com.br\\\/sobre\\\/author\\\/ecamacari\\\/#author\"},\"creator\":{\"@id\":\"https:\\\/\\\/www.encontracamacari.com.br\\\/sobre\\\/author\\\/ecamacari\\\/#author\"},\"image\":{\"@type\":\"ImageObject\",\"url\":\"https:\\\/\\\/www.encontracamacari.com.br\\\/sobre\\\/wp-content\\\/uploads\\\/2026\\\/04\\\/seinfra-apresenta-a-comunidade-da-lama-preta-programa-integrado-das-obras-da-bacia-do-rio-camacari.webp\",\"@id\":\"https:\\\/\\\/www.encontracamacari.com.br\\\/sobre\\\/seinfra-apresenta-a-comunidade-da-lama-preta-programa-integrado-das-obras-da-bacia-do-rio-camacari\\\/#mainImage\",\"width\":280,\"height\":280,\"caption\":\"programa integrado Bacia do Rio Cama\\u00e7ari\"},\"primaryImageOfPage\":{\"@id\":\"https:\\\/\\\/www.encontracamacari.com.br\\\/sobre\\\/seinfra-apresenta-a-comunidade-da-lama-preta-programa-integrado-das-obras-da-bacia-do-rio-camacari\\\/#mainImage\"},\"datePublished\":\"2026-04-19T06:05:20+00:00\",\"dateModified\":\"2026-04-19T06:05:20+00:00\"},{\"@type\":\"WebSite\",\"@id\":\"https:\\\/\\\/www.encontracamacari.com.br\\\/sobre\\\/#website\",\"url\":\"https:\\\/\\\/www.encontracamacari.com.br\\\/sobre\\\/\",\"name\":\"Encontra Cama\\u00e7ari\",\"description\":\"Not\\u00edcias, eventos, informa\\u00e7\\u00f5es e dicas na cidade de Cama\\u00e7ari e regi\\u00e3o.\",\"inLanguage\":\"pt-BR\",\"publisher\":{\"@id\":\"https:\\\/\\\/www.encontracamacari.com.br\\\/sobre\\\/#organization\"}}]}\n\t\t<\/script>\n\t\t<!-- All in One SEO -->\n\n","aioseo_head_json":{"title":"Seinfra apresenta \u00e0 comunidade da Lama Preta programa integrado das obras da Bacia do Rio Cama\u00e7ari - Encontra Cama\u00e7ari","description":"Seinfra revela programa integrado das obras da Bacia do Rio Cama\u00e7ari para a comunidade da Lama Preta.","canonical_url":"https:\/\/www.encontracamacari.com.br\/sobre\/seinfra-apresenta-a-comunidade-da-lama-preta-programa-integrado-das-obras-da-bacia-do-rio-camacari\/","robots":"max-image-preview:large","keywords":"","webmasterTools":{"miscellaneous":""},"schema":{"@context":"https:\/\/schema.org","@graph":[{"@type":"BlogPosting","@id":"https:\/\/www.encontracamacari.com.br\/sobre\/seinfra-apresenta-a-comunidade-da-lama-preta-programa-integrado-das-obras-da-bacia-do-rio-camacari\/#blogposting","name":"Seinfra apresenta \u00e0 comunidade da Lama Preta programa integrado das obras da Bacia do Rio Cama\u00e7ari - Encontra Cama\u00e7ari","headline":"Seinfra apresenta \u00e0 comunidade da Lama Preta programa integrado das obras da Bacia do Rio Cama\u00e7ari","author":{"@id":"https:\/\/www.encontracamacari.com.br\/sobre\/author\/ecamacari\/#author"},"publisher":{"@id":"https:\/\/www.encontracamacari.com.br\/sobre\/#organization"},"image":{"@type":"ImageObject","url":"https:\/\/www.encontracamacari.com.br\/sobre\/wp-content\/uploads\/2026\/04\/seinfra-apresenta-a-comunidade-da-lama-preta-programa-integrado-das-obras-da-bacia-do-rio-camacari.webp","width":280,"height":280,"caption":"programa integrado Bacia do Rio Cama\u00e7ari"},"datePublished":"2026-04-19T06:05:20+00:00","dateModified":"2026-04-19T06:05:20+00:00","inLanguage":"pt-BR","mainEntityOfPage":{"@id":"https:\/\/www.encontracamacari.com.br\/sobre\/seinfra-apresenta-a-comunidade-da-lama-preta-programa-integrado-das-obras-da-bacia-do-rio-camacari\/#webpage"},"isPartOf":{"@id":"https:\/\/www.encontracamacari.com.br\/sobre\/seinfra-apresenta-a-comunidade-da-lama-preta-programa-integrado-das-obras-da-bacia-do-rio-camacari\/#webpage"},"articleSection":"Not\u00edcias Cama\u00e7ari"},{"@type":"BreadcrumbList","@id":"https:\/\/www.encontracamacari.com.br\/sobre\/seinfra-apresenta-a-comunidade-da-lama-preta-programa-integrado-das-obras-da-bacia-do-rio-camacari\/#breadcrumblist","itemListElement":[{"@type":"ListItem","@id":"https:\/\/www.encontracamacari.com.br\/sobre#listItem","position":1,"name":"Home","item":"https:\/\/www.encontracamacari.com.br\/sobre","nextItem":{"@type":"ListItem","@id":"https:\/\/www.encontracamacari.com.br\/sobre\/noticias-em-camacari\/#listItem","name":"Not\u00edcias Cama\u00e7ari"}},{"@type":"ListItem","@id":"https:\/\/www.encontracamacari.com.br\/sobre\/noticias-em-camacari\/#listItem","position":2,"name":"Not\u00edcias Cama\u00e7ari","item":"https:\/\/www.encontracamacari.com.br\/sobre\/noticias-em-camacari\/","nextItem":{"@type":"ListItem","@id":"https:\/\/www.encontracamacari.com.br\/sobre\/seinfra-apresenta-a-comunidade-da-lama-preta-programa-integrado-das-obras-da-bacia-do-rio-camacari\/#listItem","name":"Seinfra apresenta \u00e0 comunidade da Lama Preta programa integrado das obras da Bacia do Rio Cama\u00e7ari"},"previousItem":{"@type":"ListItem","@id":"https:\/\/www.encontracamacari.com.br\/sobre#listItem","name":"Home"}},{"@type":"ListItem","@id":"https:\/\/www.encontracamacari.com.br\/sobre\/seinfra-apresenta-a-comunidade-da-lama-preta-programa-integrado-das-obras-da-bacia-do-rio-camacari\/#listItem","position":3,"name":"Seinfra apresenta \u00e0 comunidade da Lama Preta programa integrado das obras da Bacia do Rio Cama\u00e7ari","previousItem":{"@type":"ListItem","@id":"https:\/\/www.encontracamacari.com.br\/sobre\/noticias-em-camacari\/#listItem","name":"Not\u00edcias Cama\u00e7ari"}}]},{"@type":"Organization","@id":"https:\/\/www.encontracamacari.com.br\/sobre\/#organization","name":"Encontra Cama\u00e7ari","description":"Not\u00edcias, eventos, informa\u00e7\u00f5es e dicas na cidade de Cama\u00e7ari e regi\u00e3o.","url":"https:\/\/www.encontracamacari.com.br\/sobre\/"},{"@type":"Person","@id":"https:\/\/www.encontracamacari.com.br\/sobre\/author\/ecamacari\/#author","url":"https:\/\/www.encontracamacari.com.br\/sobre\/author\/ecamacari\/","name":"Encontra Cama\u00e7ari","image":{"@type":"ImageObject","@id":"https:\/\/www.encontracamacari.com.br\/sobre\/seinfra-apresenta-a-comunidade-da-lama-preta-programa-integrado-das-obras-da-bacia-do-rio-camacari\/#authorImage","url":"https:\/\/secure.gravatar.com\/avatar\/507340682b8270222e1f208e23198b6ae7e2c6a1033ae84e99bc6bce4f82a387?s=96&d=mm&r=g","width":96,"height":96,"caption":"Encontra Cama\u00e7ari"}},{"@type":"WebPage","@id":"https:\/\/www.encontracamacari.com.br\/sobre\/seinfra-apresenta-a-comunidade-da-lama-preta-programa-integrado-das-obras-da-bacia-do-rio-camacari\/#webpage","url":"https:\/\/www.encontracamacari.com.br\/sobre\/seinfra-apresenta-a-comunidade-da-lama-preta-programa-integrado-das-obras-da-bacia-do-rio-camacari\/","name":"Seinfra apresenta \u00e0 comunidade da Lama Preta programa integrado das obras da Bacia do Rio Cama\u00e7ari - Encontra Cama\u00e7ari","description":"Seinfra revela programa integrado das obras da Bacia do Rio Cama\u00e7ari para a comunidade da Lama Preta.","inLanguage":"pt-BR","isPartOf":{"@id":"https:\/\/www.encontracamacari.com.br\/sobre\/#website"},"breadcrumb":{"@id":"https:\/\/www.encontracamacari.com.br\/sobre\/seinfra-apresenta-a-comunidade-da-lama-preta-programa-integrado-das-obras-da-bacia-do-rio-camacari\/#breadcrumblist"},"author":{"@id":"https:\/\/www.encontracamacari.com.br\/sobre\/author\/ecamacari\/#author"},"creator":{"@id":"https:\/\/www.encontracamacari.com.br\/sobre\/author\/ecamacari\/#author"},"image":{"@type":"ImageObject","url":"https:\/\/www.encontracamacari.com.br\/sobre\/wp-content\/uploads\/2026\/04\/seinfra-apresenta-a-comunidade-da-lama-preta-programa-integrado-das-obras-da-bacia-do-rio-camacari.webp","@id":"https:\/\/www.encontracamacari.com.br\/sobre\/seinfra-apresenta-a-comunidade-da-lama-preta-programa-integrado-das-obras-da-bacia-do-rio-camacari\/#mainImage","width":280,"height":280,"caption":"programa integrado Bacia do Rio Cama\u00e7ari"},"primaryImageOfPage":{"@id":"https:\/\/www.encontracamacari.com.br\/sobre\/seinfra-apresenta-a-comunidade-da-lama-preta-programa-integrado-das-obras-da-bacia-do-rio-camacari\/#mainImage"},"datePublished":"2026-04-19T06:05:20+00:00","dateModified":"2026-04-19T06:05:20+00:00"},{"@type":"WebSite","@id":"https:\/\/www.encontracamacari.com.br\/sobre\/#website","url":"https:\/\/www.encontracamacari.com.br\/sobre\/","name":"Encontra Cama\u00e7ari","description":"Not\u00edcias, eventos, informa\u00e7\u00f5es e dicas na cidade de Cama\u00e7ari e regi\u00e3o.","inLanguage":"pt-BR","publisher":{"@id":"https:\/\/www.encontracamacari.com.br\/sobre\/#organization"}}]},"og:locale":"pt_BR","og:site_name":"Encontra Cama\u00e7ari - Not\u00edcias, eventos, informa\u00e7\u00f5es e dicas na cidade de Cama\u00e7ari e regi\u00e3o.","og:type":"article","og:title":"Seinfra apresenta \u00e0 comunidade da Lama Preta programa integrado das obras da Bacia do Rio Cama\u00e7ari - Encontra Cama\u00e7ari","og:description":"Seinfra revela programa integrado das obras da Bacia do Rio Cama\u00e7ari para a comunidade da Lama Preta.","og:url":"https:\/\/www.encontracamacari.com.br\/sobre\/seinfra-apresenta-a-comunidade-da-lama-preta-programa-integrado-das-obras-da-bacia-do-rio-camacari\/","article:published_time":"2026-04-19T06:05:20+00:00","article:modified_time":"2026-04-19T06:05:20+00:00","twitter:card":"summary_large_image","twitter:title":"Seinfra apresenta \u00e0 comunidade da Lama Preta programa integrado das obras da Bacia do Rio Cama\u00e7ari - Encontra Cama\u00e7ari","twitter:description":"Seinfra revela programa integrado das obras da Bacia do Rio Cama\u00e7ari para a comunidade da Lama Preta."},"aioseo_meta_data":{"post_id":"949","title":null,"description":null,"keywords":null,"keyphrases":null,"primary_term":null,"canonical_url":null,"og_title":null,"og_description":null,"og_object_type":"default","og_image_type":"default","og_image_url":null,"og_image_width":null,"og_image_height":null,"og_image_custom_url":null,"og_image_custom_fields":null,"og_video":null,"og_custom_url":null,"og_article_section":null,"og_article_tags":null,"twitter_use_og":false,"twitter_card":"default","twitter_image_type":"default","twitter_image_url":null,"twitter_image_custom_url":null,"twitter_image_custom_fields":null,"twitter_title":null,"twitter_description":null,"schema":{"blockGraphs":[],"customGraphs":[],"default":{"data":{"Article":[],"Course":[],"Dataset":[],"FAQPage":[],"Movie":[],"Person":[],"Product":[],"ProductReview":[],"Car":[],"Recipe":[],"Service":[],"SoftwareApplication":[],"WebPage":[]},"graphName":"BlogPosting","isEnabled":true},"graphs":[]},"schema_type":"default","schema_type_options":null,"pillar_content":false,"robots_default":true,"robots_noindex":false,"robots_noarchive":false,"robots_nosnippet":false,"robots_nofollow":false,"robots_noimageindex":false,"robots_noodp":false,"robots_notranslate":false,"robots_max_snippet":null,"robots_max_videopreview":null,"robots_max_imagepreview":"large","priority":null,"frequency":null,"local_seo":null,"limit_modified_date":false,"created":"2026-04-19 06:05:24","updated":"2026-08-06 02:33:57","focus_keyword":null,"additional_keywords":null,"truseo_locale":null,"ai":null,"breadcrumb_settings":null,"seo_analyzer_scan_date":null},"aioseo_breadcrumb":"<div class=\"aioseo-breadcrumbs\"><span class=\"aioseo-breadcrumb\">\n\t\t\t<a href=\"https:\/\/www.encontracamacari.com.br\/sobre\" title=\"Home\">Home<\/a>\n\t\t<\/span><span class=\"aioseo-breadcrumb-separator\">&raquo;<\/span><span class=\"aioseo-breadcrumb\">\n\t\t\t<a href=\"https:\/\/www.encontracamacari.com.br\/sobre\/noticias-em-camacari\/\" title=\"Not\u00edcias Cama\u00e7ari\">Not\u00edcias Cama\u00e7ari<\/a>\n\t\t<\/span><span class=\"aioseo-breadcrumb-separator\">&raquo;<\/span><span class=\"aioseo-breadcrumb\">\n\t\t\tSeinfra apresenta \u00e0 comunidade da Lama Preta programa integrado das obras da Bacia do Rio Cama\u00e7ari\n\t\t<\/span><\/div>","aioseo_breadcrumb_json":[{"label":"Home","link":"https:\/\/www.encontracamacari.com.br\/sobre"},{"label":"Not\u00edcias Cama\u00e7ari","link":"https:\/\/www.encontracamacari.com.br\/sobre\/noticias-em-camacari\/"},{"label":"Seinfra apresenta \u00e0 comunidade da Lama Preta programa integrado das obras da Bacia do Rio Cama\u00e7ari","link":"https:\/\/www.encontracamacari.com.br\/sobre\/seinfra-apresenta-a-comunidade-da-lama-preta-programa-integrado-das-obras-da-bacia-do-rio-camacari\/"}],"_links":{"self":[{"href":"https:\/\/www.encontracamacari.com.br\/sobre\/wp-json\/wp\/v2\/posts\/949","targetHints":{"allow":["GET"]}}],"collection":[{"href":"https:\/\/www.encontracamacari.com.br\/sobre\/wp-json\/wp\/v2\/posts"}],"about":[{"href":"https:\/\/www.encontracamacari.com.br\/sobre\/wp-json\/wp\/v2\/types\/post"}],"author":[{"embeddable":true,"href":"https:\/\/www.encontracamacari.com.br\/sobre\/wp-json\/wp\/v2\/users\/1"}],"replies":[{"embeddable":true,"href":"https:\/\/www.encontracamacari.com.br\/sobre\/wp-json\/wp\/v2\/comments?post=949"}],"version-history":[{"count":0,"href":"https:\/\/www.encontracamacari.com.br\/sobre\/wp-json\/wp\/v2\/posts\/949\/revisions"}],"wp:featuredmedia":[{"embeddable":true,"href":"https:\/\/www.encontracamacari.com.br\/sobre\/wp-json\/wp\/v2\/media\/948"}],"wp:attachment":[{"href":"https:\/\/www.encontracamacari.com.br\/sobre\/wp-json\/wp\/v2\/media?parent=949"}],"wp:term":[{"taxonomy":"category","embeddable":true,"href":"https:\/\/www.encontracamacari.com.br\/sobre\/wp-json\/wp\/v2\/categories?post=949"},{"taxonomy":"post_tag","embeddable":true,"href":"https:\/\/www.encontracamacari.com.br\/sobre\/wp-json\/wp\/v2\/tags?post=949"}],"curies":[{"name":"wp","href":"https:\/\/api.w.org\/{rel}","templated":true}]}}