{"id":943,"date":"2026-04-18T06:05:06","date_gmt":"2026-04-18T06:05:06","guid":{"rendered":"https:\/\/www.encontracamacari.com.br\/sobre\/evento-marca-lancamentos-de-documentario-e-livro-que-abordam-historia-de-camacari\/"},"modified":"2026-04-18T06:05:06","modified_gmt":"2026-04-18T06:05:06","slug":"evento-marca-lancamentos-de-documentario-e-livro-que-abordam-historia-de-camacari","status":"publish","type":"post","link":"https:\/\/www.encontracamacari.com.br\/sobre\/evento-marca-lancamentos-de-documentario-e-livro-que-abordam-historia-de-camacari\/","title":{"rendered":"Evento marca lan\u00e7amentos de document\u00e1rio e livro que abordam hist\u00f3ria de Cama\u00e7ari"},"content":{"rendered":"<div class=\"2410bb7248a64bb1f71103797e0f239b\" data-index=\"1\" style=\"float: none; margin:0px;\">\n<ins class=\"adsbygoogle\"\r\n     style=\"display:block\"\r\n     data-ad-client=\"ca-pub-8585364105181520\"\r\n     data-ad-slot=\"8789329856\"\r\n     data-ad-format=\"auto\"\r\n     data-full-width-responsive=\"true\"><\/ins>\r\n<script>\r\n     (adsbygoogle = window.adsbygoogle || []).push({});\r\n<\/script>\n<\/div>\n<h2>O que Esperar do Evento no Teatro Cidade do Saber<\/h2>\n<p>No pr\u00f3ximo s\u00e1bado (21), o Teatro Cidade do Saber (TCS) ser\u00e1 o palco para o lan\u00e7amento de duas relevantes produ\u00e7\u00f5es que giram em torno da hist\u00f3ria de Cama\u00e7ari. O evento est\u00e1 agendado para come\u00e7ar \u00e0s 9h e ser\u00e1 gratuito, oferecendo ao p\u00fablico a chance de participar da celebra\u00e7\u00e3o do Dia Internacional de Luta pela Elimina\u00e7\u00e3o da Discrimina\u00e7\u00e3o Racial. Essa ocasi\u00e3o \u00e9 n\u00e3o s\u00f3 uma oportunidade de apreciar o trabalho do historiador e professor Diego Copque, mas tamb\u00e9m de se envolver em uma discuss\u00e3o sobre a hist\u00f3ria e a cultura local.<\/p>\n<h2>O Document\u00e1rio: Do Joanes ao Pojuca<\/h2>\n<p>O document\u00e1rio intitulado <strong>&#8220;Do Joanes ao Pojuca: Narrando a Hist\u00f3ria de Cama\u00e7ari&#8221;<\/strong> \u00e9 uma obra que se destaca pela sua abordagem did\u00e1tica e acess\u00edvel. Financiado por meio da Lei Aldir Blanc, com o apoio da Secretaria de Cultura de Cama\u00e7ari (Secult), o filme tra\u00e7a a trajet\u00f3ria de Cama\u00e7ari desde sua funda\u00e7\u00e3o no s\u00e9culo XVI, quando foi criado o Aldeamento do Esp\u00edrito Santo \u00e0s margens do Rio Carassu\u00edpe, tamb\u00e9m conhecido como Rio Joanes. A inten\u00e7\u00e3o central da produ\u00e7\u00e3o \u00e9 resgatar n\u00e3o apenas a identidade hist\u00f3rica e geogr\u00e1fica da regi\u00e3o do Rec\u00f4ncavo Norte da Bahia, mas tamb\u00e9m promover um senso de pertencimento nas novas gera\u00e7\u00f5es.<\/p>\n<h2>Sobre o Livro: Do Joanes ao Jacu\u00edpe<\/h2>\n<p>Em paralelo ao document\u00e1rio, tamb\u00e9m ser\u00e1 lan\u00e7ada a segunda edi\u00e7\u00e3o revista e ampliada do livro <strong>&#8220;Do Joanes ao Jacu\u00edpe \u2013 Uma hist\u00f3ria de muitas querelas, tens\u00f5es e disputas locais&#8221;<\/strong>, que chega cinco anos ap\u00f3s a primeira vers\u00e3o. Este livro n\u00e3o apenas compila hist\u00f3rias sobre as disputas locais que moldaram Cama\u00e7ari, mas tamb\u00e9m traz 250 p\u00e1ginas adicionais de conte\u00fado in\u00e9dito, apresentando novas perspectivas sobre a forma\u00e7\u00e3o das comunidades aut\u00f4nomas na regi\u00e3o. Os temas abordam a resist\u00eancia dos povos origin\u00e1rios e dos africanos escravizados, explorando os conflitos que ocorreram ao longo da hist\u00f3ria do munic\u00edpio.<\/p>\n<p><img decoding=\"async\" src=\"https:\/\/www.encontracamacari.com.br\/sobre\/wp-content\/uploads\/2026\/04\/evento-marca-lancamentos-de-documentario-e-livro-que-abordam-historia-de-camacari.webp\" alt=\"\" loading=\"lazy\" \/><\/p>\n<h2>A Import\u00e2ncia da Hist\u00f3ria Local<\/h2>\n<p>A obra de Copque \u00e9 essencial para a forma\u00e7\u00e3o de uma consci\u00eancia cr\u00edtica entre os estudantes das escolas p\u00fablicas e privadas de Cama\u00e7ari. Ao valorizar a hist\u00f3ria local, o autor busca n\u00e3o s\u00f3 educar, mas tamb\u00e9m inspirar um sentimento de orgulho e pertencimento na comunidade. A narrativa sobre a resist\u00eancia e as culturas que promoveram a diversidade na regi\u00e3o \u00e9 um elemento chave para a constru\u00e7\u00e3o de uma educa\u00e7\u00e3o antirracista e inclusiva.<\/p><div class=\"2410bb7248a64bb1f71103797e0f239b\" data-index=\"2\" style=\"float: none; margin:0px;\">\n<ins class=\"adsbygoogle\"\r\n     style=\"display:block; text-align:center;\"\r\n     data-ad-layout=\"in-article\"\r\n     data-ad-format=\"fluid\"\r\n     data-ad-client=\"ca-pub-8585364105181520\"\r\n     data-ad-slot=\"2899217073\"><\/ins>\r\n<script>\r\n     (adsbygoogle = window.adsbygoogle || []).push({});\r\n<\/script>\r\n\r\n<\/br><\/br>\n<\/div>\n\n<h2>Celebra\u00e7\u00e3o da Diversidade Cultural<\/h2>\n<p>O evento de lan\u00e7amento ser\u00e1 enriquecido por uma programa\u00e7\u00e3o cultural diversificada. Entre as atra\u00e7\u00f5es est\u00e3o o Grupo de Capoeira Inclusiva, o Samba Chula Filhos de Oy\u00f2, Bule-Bule e performances do poeta quilombola Tiago. Essa variedade refor\u00e7a o comprometimento do projeto em celebrar as diferentes express\u00f5es culturais que constituem a identidade de Cama\u00e7ari, promovendo uma integra\u00e7\u00e3o entre arte e educa\u00e7\u00e3o.<\/p>\n<h2>Participa\u00e7\u00f5es Art\u00edsticas no Lan\u00e7amento<\/h2>\n<p>As participa\u00e7\u00f5es especiais no lan\u00e7amento do document\u00e1rio e do livro s\u00e3o fundamentais para enfatizar a intera\u00e7\u00e3o entre a hist\u00f3ria, a cultura e a comunidade local. Cada grupo art\u00edstico traz sua pr\u00f3pria narrativa e express\u00e3o, contribuindo para um ambiente de valoriza\u00e7\u00e3o da hist\u00f3ria. O papel da arte na educa\u00e7\u00e3o e na conscientiza\u00e7\u00e3o sobre temas de diversidade e inclus\u00e3o ser\u00e1 um ponto central da celebra\u00e7\u00e3o.<\/p>\n<h2>O Papel da Lei Aldir Blanc<\/h2>\n<p>A Lei Aldir Blanc tem sido um pilar essencial para o apoio cultural em diversas regi\u00f5es do Brasil, especialmente durante tempos desafiadores. O financiamento do document\u00e1rio por meio desta lei n\u00e3o s\u00f3 propicia a produ\u00e7\u00e3o de obras que resgatam a hist\u00f3ria local, mas tamb\u00e9m demonstra o compromisso do Estado com a cultura e a arte como instrumentos fundamentais para a educa\u00e7\u00e3o e conscientiza\u00e7\u00e3o social.<\/p>\n<h2>A Hist\u00f3ria de Cama\u00e7ari em Nossas M\u00e3os<\/h2>\n<p>O trabalho de Diego Copque \u00e9 um convite \u00e0 reflex\u00e3o sobre a hist\u00f3ria viva de Cama\u00e7ari. Ao reviver narrativas passadas, ele tamb\u00e9m encoraja a atualidade a se apropriar dessa hist\u00f3ria, promover o conhecimento e colocar a cidadania em pr\u00e1tica. A produ\u00e7\u00e3o desses livros e document\u00e1rios ajuda a ancorar a identidade local, criando um la\u00e7o mais forte entre as pessoas e sua cultura.<\/p>\n<h2>Reflex\u00f5es sobre Identidade e Pertencimento<\/h2>\n<p>Em sua ess\u00eancia, as obras lan\u00e7adas buscam estabelecer uma correla\u00e7\u00e3o entre a hist\u00f3ria e a forma\u00e7\u00e3o da identidade cultural. A valoriza\u00e7\u00e3o das tradi\u00e7\u00f5es locais, al\u00e9m da luta crescente pela igualdade racial, est\u00e3o no cerne deste pensamento. As produ\u00e7\u00f5es de Copque s\u00e3o uma ode ao pertencimento, uma afirma\u00e7\u00e3o das heran\u00e7as culturais e uma forma de resist\u00eancia perante os desafios contempor\u00e2neos.<\/p>\n<h2>Contribui\u00e7\u00f5es dos Autores para a Cultura<\/h2>\n<p>A atua\u00e7\u00e3o de Diego Copque e suas obras s\u00e3o um verdadeiro testemunho do poder da cultura na educa\u00e7\u00e3o. Atrav\u00e9s dos relatos hist\u00f3ricos, ele n\u00e3o s\u00f3 resgata a mem\u00f3ria coletiva, mas tamb\u00e9m oferece novas maneiras de olhar e entender o mundo. A inclus\u00e3o de diferentes vozes e perspectivas em suas produ\u00e7\u00f5es \u00e9 essencial para enriquecer o di\u00e1logo cultural e reafirmar a import\u00e2ncia de conhecer e respeitar a hist\u00f3ria.<\/p>\n<div class=\"2410bb7248a64bb1f71103797e0f239b\" data-index=\"3\" style=\"float: none; margin:0px;\">\n<\/br><\/br>\r\n\r\n<ins class=\"adsbygoogle\"\r\n     style=\"display:block\"\r\n     data-ad-format=\"fluid\"\r\n     data-ad-layout-key=\"-63+do+n-1s+9e\"\r\n     data-ad-client=\"ca-pub-8585364105181520\"\r\n     data-ad-slot=\"6838462089\"><\/ins>\r\n<script>\r\n     (adsbygoogle = window.adsbygoogle || []).push({});\r\n<\/script>\n<\/div>\n\n<div style=\"font-size: 0px; height: 0px; line-height: 0px; margin: 0; padding: 0; clear: both;\"><\/div>","protected":false},"excerpt":{"rendered":"<p>Lan\u00e7amento de document\u00e1rio e livro destaca a rica hist\u00f3ria de Cama\u00e7ari.<\/p>\n","protected":false},"author":1,"featured_media":942,"comment_status":"open","ping_status":"closed","sticky":false,"template":"","format":"standard","meta":{"footnotes":""},"categories":[1],"tags":[],"class_list":["post-943","post","type-post","status-publish","format-standard","has-post-thumbnail","hentry","category-noticias-em-camacari","has_thumb"],"aioseo_notices":[],"aioseo_head":"\n\t\t<!-- All in One SEO 5.0.0.1 - aioseo.com -->\n\t<meta name=\"description\" content=\"Lan\u00e7amento de document\u00e1rio e livro destaca a rica hist\u00f3ria de Cama\u00e7ari.\" \/>\n\t<meta name=\"robots\" content=\"max-image-preview:large\" \/>\n\t<meta name=\"author\" content=\"Encontra Cama\u00e7ari\"\/>\n\t<link rel=\"canonical\" href=\"https:\/\/www.encontracamacari.com.br\/sobre\/evento-marca-lancamentos-de-documentario-e-livro-que-abordam-historia-de-camacari\/\" \/>\n\t<meta name=\"generator\" content=\"All in One SEO (AIOSEO) 5.0.0.1\" \/>\n\t\t<meta property=\"og:locale\" content=\"pt_BR\" \/>\n\t\t<meta property=\"og:site_name\" content=\"Encontra Cama\u00e7ari - Not\u00edcias, eventos, informa\u00e7\u00f5es e dicas na cidade de Cama\u00e7ari e regi\u00e3o.\" \/>\n\t\t<meta property=\"og:type\" content=\"article\" \/>\n\t\t<meta property=\"og:title\" content=\"Evento marca lan\u00e7amentos de document\u00e1rio e livro que abordam hist\u00f3ria de Cama\u00e7ari - Encontra Cama\u00e7ari\" \/>\n\t\t<meta property=\"og:description\" content=\"Lan\u00e7amento de document\u00e1rio e livro destaca a rica hist\u00f3ria de Cama\u00e7ari.\" \/>\n\t\t<meta property=\"og:url\" content=\"https:\/\/www.encontracamacari.com.br\/sobre\/evento-marca-lancamentos-de-documentario-e-livro-que-abordam-historia-de-camacari\/\" \/>\n\t\t<meta property=\"article:published_time\" content=\"2026-04-18T06:05:06+00:00\" \/>\n\t\t<meta property=\"article:modified_time\" content=\"2026-04-18T06:05:06+00:00\" \/>\n\t\t<meta name=\"twitter:card\" content=\"summary_large_image\" \/>\n\t\t<meta name=\"twitter:title\" content=\"Evento marca lan\u00e7amentos de document\u00e1rio e livro que abordam hist\u00f3ria de Cama\u00e7ari - Encontra Cama\u00e7ari\" \/>\n\t\t<meta name=\"twitter:description\" content=\"Lan\u00e7amento de document\u00e1rio e livro destaca a rica hist\u00f3ria de Cama\u00e7ari.\" \/>\n\t\t<script type=\"application\/ld+json\" class=\"aioseo-schema\">\n\t\t\t{\"@context\":\"https:\\\/\\\/schema.org\",\"@graph\":[{\"@type\":\"BlogPosting\",\"@id\":\"https:\\\/\\\/www.encontracamacari.com.br\\\/sobre\\\/evento-marca-lancamentos-de-documentario-e-livro-que-abordam-historia-de-camacari\\\/#blogposting\",\"name\":\"Evento marca lan\\u00e7amentos de document\\u00e1rio e livro que abordam hist\\u00f3ria de Cama\\u00e7ari - Encontra Cama\\u00e7ari\",\"headline\":\"Evento marca lan\\u00e7amentos de document\\u00e1rio e livro que abordam hist\\u00f3ria de Cama\\u00e7ari\",\"author\":{\"@id\":\"https:\\\/\\\/www.encontracamacari.com.br\\\/sobre\\\/author\\\/ecamacari\\\/#author\"},\"publisher\":{\"@id\":\"https:\\\/\\\/www.encontracamacari.com.br\\\/sobre\\\/#organization\"},\"image\":{\"@type\":\"ImageObject\",\"url\":\"https:\\\/\\\/www.encontracamacari.com.br\\\/sobre\\\/wp-content\\\/uploads\\\/2026\\\/04\\\/evento-marca-lancamentos-de-documentario-e-livro-que-abordam-historia-de-camacari.webp\",\"width\":280,\"height\":280},\"datePublished\":\"2026-04-18T06:05:06+00:00\",\"dateModified\":\"2026-04-18T06:05:06+00:00\",\"inLanguage\":\"pt-BR\",\"mainEntityOfPage\":{\"@id\":\"https:\\\/\\\/www.encontracamacari.com.br\\\/sobre\\\/evento-marca-lancamentos-de-documentario-e-livro-que-abordam-historia-de-camacari\\\/#webpage\"},\"isPartOf\":{\"@id\":\"https:\\\/\\\/www.encontracamacari.com.br\\\/sobre\\\/evento-marca-lancamentos-de-documentario-e-livro-que-abordam-historia-de-camacari\\\/#webpage\"},\"articleSection\":\"Not\\u00edcias Cama\\u00e7ari\"},{\"@type\":\"BreadcrumbList\",\"@id\":\"https:\\\/\\\/www.encontracamacari.com.br\\\/sobre\\\/evento-marca-lancamentos-de-documentario-e-livro-que-abordam-historia-de-camacari\\\/#breadcrumblist\",\"itemListElement\":[{\"@type\":\"ListItem\",\"@id\":\"https:\\\/\\\/www.encontracamacari.com.br\\\/sobre#listItem\",\"position\":1,\"name\":\"Home\",\"item\":\"https:\\\/\\\/www.encontracamacari.com.br\\\/sobre\",\"nextItem\":{\"@type\":\"ListItem\",\"@id\":\"https:\\\/\\\/www.encontracamacari.com.br\\\/sobre\\\/noticias-em-camacari\\\/#listItem\",\"name\":\"Not\\u00edcias Cama\\u00e7ari\"}},{\"@type\":\"ListItem\",\"@id\":\"https:\\\/\\\/www.encontracamacari.com.br\\\/sobre\\\/noticias-em-camacari\\\/#listItem\",\"position\":2,\"name\":\"Not\\u00edcias Cama\\u00e7ari\",\"item\":\"https:\\\/\\\/www.encontracamacari.com.br\\\/sobre\\\/noticias-em-camacari\\\/\",\"nextItem\":{\"@type\":\"ListItem\",\"@id\":\"https:\\\/\\\/www.encontracamacari.com.br\\\/sobre\\\/evento-marca-lancamentos-de-documentario-e-livro-que-abordam-historia-de-camacari\\\/#listItem\",\"name\":\"Evento marca lan\\u00e7amentos de document\\u00e1rio e livro que abordam hist\\u00f3ria de Cama\\u00e7ari\"},\"previousItem\":{\"@type\":\"ListItem\",\"@id\":\"https:\\\/\\\/www.encontracamacari.com.br\\\/sobre#listItem\",\"name\":\"Home\"}},{\"@type\":\"ListItem\",\"@id\":\"https:\\\/\\\/www.encontracamacari.com.br\\\/sobre\\\/evento-marca-lancamentos-de-documentario-e-livro-que-abordam-historia-de-camacari\\\/#listItem\",\"position\":3,\"name\":\"Evento marca lan\\u00e7amentos de document\\u00e1rio e livro que abordam hist\\u00f3ria de Cama\\u00e7ari\",\"previousItem\":{\"@type\":\"ListItem\",\"@id\":\"https:\\\/\\\/www.encontracamacari.com.br\\\/sobre\\\/noticias-em-camacari\\\/#listItem\",\"name\":\"Not\\u00edcias Cama\\u00e7ari\"}}]},{\"@type\":\"Organization\",\"@id\":\"https:\\\/\\\/www.encontracamacari.com.br\\\/sobre\\\/#organization\",\"name\":\"Encontra Cama\\u00e7ari\",\"description\":\"Not\\u00edcias, eventos, informa\\u00e7\\u00f5es e dicas na cidade de Cama\\u00e7ari e regi\\u00e3o.\",\"url\":\"https:\\\/\\\/www.encontracamacari.com.br\\\/sobre\\\/\"},{\"@type\":\"Person\",\"@id\":\"https:\\\/\\\/www.encontracamacari.com.br\\\/sobre\\\/author\\\/ecamacari\\\/#author\",\"url\":\"https:\\\/\\\/www.encontracamacari.com.br\\\/sobre\\\/author\\\/ecamacari\\\/\",\"name\":\"Encontra Cama\\u00e7ari\",\"image\":{\"@type\":\"ImageObject\",\"@id\":\"https:\\\/\\\/www.encontracamacari.com.br\\\/sobre\\\/evento-marca-lancamentos-de-documentario-e-livro-que-abordam-historia-de-camacari\\\/#authorImage\",\"url\":\"https:\\\/\\\/secure.gravatar.com\\\/avatar\\\/507340682b8270222e1f208e23198b6ae7e2c6a1033ae84e99bc6bce4f82a387?s=96&d=mm&r=g\",\"width\":96,\"height\":96,\"caption\":\"Encontra Cama\\u00e7ari\"}},{\"@type\":\"WebPage\",\"@id\":\"https:\\\/\\\/www.encontracamacari.com.br\\\/sobre\\\/evento-marca-lancamentos-de-documentario-e-livro-que-abordam-historia-de-camacari\\\/#webpage\",\"url\":\"https:\\\/\\\/www.encontracamacari.com.br\\\/sobre\\\/evento-marca-lancamentos-de-documentario-e-livro-que-abordam-historia-de-camacari\\\/\",\"name\":\"Evento marca lan\\u00e7amentos de document\\u00e1rio e livro que abordam hist\\u00f3ria de Cama\\u00e7ari - Encontra Cama\\u00e7ari\",\"description\":\"Lan\\u00e7amento de document\\u00e1rio e livro destaca a rica hist\\u00f3ria de Cama\\u00e7ari.\",\"inLanguage\":\"pt-BR\",\"isPartOf\":{\"@id\":\"https:\\\/\\\/www.encontracamacari.com.br\\\/sobre\\\/#website\"},\"breadcrumb\":{\"@id\":\"https:\\\/\\\/www.encontracamacari.com.br\\\/sobre\\\/evento-marca-lancamentos-de-documentario-e-livro-que-abordam-historia-de-camacari\\\/#breadcrumblist\"},\"author\":{\"@id\":\"https:\\\/\\\/www.encontracamacari.com.br\\\/sobre\\\/author\\\/ecamacari\\\/#author\"},\"creator\":{\"@id\":\"https:\\\/\\\/www.encontracamacari.com.br\\\/sobre\\\/author\\\/ecamacari\\\/#author\"},\"image\":{\"@type\":\"ImageObject\",\"url\":\"https:\\\/\\\/www.encontracamacari.com.br\\\/sobre\\\/wp-content\\\/uploads\\\/2026\\\/04\\\/evento-marca-lancamentos-de-documentario-e-livro-que-abordam-historia-de-camacari.webp\",\"@id\":\"https:\\\/\\\/www.encontracamacari.com.br\\\/sobre\\\/evento-marca-lancamentos-de-documentario-e-livro-que-abordam-historia-de-camacari\\\/#mainImage\",\"width\":280,\"height\":280},\"primaryImageOfPage\":{\"@id\":\"https:\\\/\\\/www.encontracamacari.com.br\\\/sobre\\\/evento-marca-lancamentos-de-documentario-e-livro-que-abordam-historia-de-camacari\\\/#mainImage\"},\"datePublished\":\"2026-04-18T06:05:06+00:00\",\"dateModified\":\"2026-04-18T06:05:06+00:00\"},{\"@type\":\"WebSite\",\"@id\":\"https:\\\/\\\/www.encontracamacari.com.br\\\/sobre\\\/#website\",\"url\":\"https:\\\/\\\/www.encontracamacari.com.br\\\/sobre\\\/\",\"name\":\"Encontra Cama\\u00e7ari\",\"description\":\"Not\\u00edcias, eventos, informa\\u00e7\\u00f5es e dicas na cidade de Cama\\u00e7ari e regi\\u00e3o.\",\"inLanguage\":\"pt-BR\",\"publisher\":{\"@id\":\"https:\\\/\\\/www.encontracamacari.com.br\\\/sobre\\\/#organization\"}}]}\n\t\t<\/script>\n\t\t<!-- All in One SEO -->\n\n","aioseo_head_json":{"title":"Evento marca lan\u00e7amentos de document\u00e1rio e livro que abordam hist\u00f3ria de Cama\u00e7ari - Encontra Cama\u00e7ari","description":"Lan\u00e7amento de document\u00e1rio e livro destaca a rica hist\u00f3ria de Cama\u00e7ari.","canonical_url":"https:\/\/www.encontracamacari.com.br\/sobre\/evento-marca-lancamentos-de-documentario-e-livro-que-abordam-historia-de-camacari\/","robots":"max-image-preview:large","keywords":"","webmasterTools":{"miscellaneous":""},"schema":{"@context":"https:\/\/schema.org","@graph":[{"@type":"BlogPosting","@id":"https:\/\/www.encontracamacari.com.br\/sobre\/evento-marca-lancamentos-de-documentario-e-livro-que-abordam-historia-de-camacari\/#blogposting","name":"Evento marca lan\u00e7amentos de document\u00e1rio e livro que abordam hist\u00f3ria de Cama\u00e7ari - Encontra Cama\u00e7ari","headline":"Evento marca lan\u00e7amentos de document\u00e1rio e livro que abordam hist\u00f3ria de Cama\u00e7ari","author":{"@id":"https:\/\/www.encontracamacari.com.br\/sobre\/author\/ecamacari\/#author"},"publisher":{"@id":"https:\/\/www.encontracamacari.com.br\/sobre\/#organization"},"image":{"@type":"ImageObject","url":"https:\/\/www.encontracamacari.com.br\/sobre\/wp-content\/uploads\/2026\/04\/evento-marca-lancamentos-de-documentario-e-livro-que-abordam-historia-de-camacari.webp","width":280,"height":280},"datePublished":"2026-04-18T06:05:06+00:00","dateModified":"2026-04-18T06:05:06+00:00","inLanguage":"pt-BR","mainEntityOfPage":{"@id":"https:\/\/www.encontracamacari.com.br\/sobre\/evento-marca-lancamentos-de-documentario-e-livro-que-abordam-historia-de-camacari\/#webpage"},"isPartOf":{"@id":"https:\/\/www.encontracamacari.com.br\/sobre\/evento-marca-lancamentos-de-documentario-e-livro-que-abordam-historia-de-camacari\/#webpage"},"articleSection":"Not\u00edcias Cama\u00e7ari"},{"@type":"BreadcrumbList","@id":"https:\/\/www.encontracamacari.com.br\/sobre\/evento-marca-lancamentos-de-documentario-e-livro-que-abordam-historia-de-camacari\/#breadcrumblist","itemListElement":[{"@type":"ListItem","@id":"https:\/\/www.encontracamacari.com.br\/sobre#listItem","position":1,"name":"Home","item":"https:\/\/www.encontracamacari.com.br\/sobre","nextItem":{"@type":"ListItem","@id":"https:\/\/www.encontracamacari.com.br\/sobre\/noticias-em-camacari\/#listItem","name":"Not\u00edcias Cama\u00e7ari"}},{"@type":"ListItem","@id":"https:\/\/www.encontracamacari.com.br\/sobre\/noticias-em-camacari\/#listItem","position":2,"name":"Not\u00edcias Cama\u00e7ari","item":"https:\/\/www.encontracamacari.com.br\/sobre\/noticias-em-camacari\/","nextItem":{"@type":"ListItem","@id":"https:\/\/www.encontracamacari.com.br\/sobre\/evento-marca-lancamentos-de-documentario-e-livro-que-abordam-historia-de-camacari\/#listItem","name":"Evento marca lan\u00e7amentos de document\u00e1rio e livro que abordam hist\u00f3ria de Cama\u00e7ari"},"previousItem":{"@type":"ListItem","@id":"https:\/\/www.encontracamacari.com.br\/sobre#listItem","name":"Home"}},{"@type":"ListItem","@id":"https:\/\/www.encontracamacari.com.br\/sobre\/evento-marca-lancamentos-de-documentario-e-livro-que-abordam-historia-de-camacari\/#listItem","position":3,"name":"Evento marca lan\u00e7amentos de document\u00e1rio e livro que abordam hist\u00f3ria de Cama\u00e7ari","previousItem":{"@type":"ListItem","@id":"https:\/\/www.encontracamacari.com.br\/sobre\/noticias-em-camacari\/#listItem","name":"Not\u00edcias Cama\u00e7ari"}}]},{"@type":"Organization","@id":"https:\/\/www.encontracamacari.com.br\/sobre\/#organization","name":"Encontra Cama\u00e7ari","description":"Not\u00edcias, eventos, informa\u00e7\u00f5es e dicas na cidade de Cama\u00e7ari e regi\u00e3o.","url":"https:\/\/www.encontracamacari.com.br\/sobre\/"},{"@type":"Person","@id":"https:\/\/www.encontracamacari.com.br\/sobre\/author\/ecamacari\/#author","url":"https:\/\/www.encontracamacari.com.br\/sobre\/author\/ecamacari\/","name":"Encontra Cama\u00e7ari","image":{"@type":"ImageObject","@id":"https:\/\/www.encontracamacari.com.br\/sobre\/evento-marca-lancamentos-de-documentario-e-livro-que-abordam-historia-de-camacari\/#authorImage","url":"https:\/\/secure.gravatar.com\/avatar\/507340682b8270222e1f208e23198b6ae7e2c6a1033ae84e99bc6bce4f82a387?s=96&d=mm&r=g","width":96,"height":96,"caption":"Encontra Cama\u00e7ari"}},{"@type":"WebPage","@id":"https:\/\/www.encontracamacari.com.br\/sobre\/evento-marca-lancamentos-de-documentario-e-livro-que-abordam-historia-de-camacari\/#webpage","url":"https:\/\/www.encontracamacari.com.br\/sobre\/evento-marca-lancamentos-de-documentario-e-livro-que-abordam-historia-de-camacari\/","name":"Evento marca lan\u00e7amentos de document\u00e1rio e livro que abordam hist\u00f3ria de Cama\u00e7ari - Encontra Cama\u00e7ari","description":"Lan\u00e7amento de document\u00e1rio e livro destaca a rica hist\u00f3ria de Cama\u00e7ari.","inLanguage":"pt-BR","isPartOf":{"@id":"https:\/\/www.encontracamacari.com.br\/sobre\/#website"},"breadcrumb":{"@id":"https:\/\/www.encontracamacari.com.br\/sobre\/evento-marca-lancamentos-de-documentario-e-livro-que-abordam-historia-de-camacari\/#breadcrumblist"},"author":{"@id":"https:\/\/www.encontracamacari.com.br\/sobre\/author\/ecamacari\/#author"},"creator":{"@id":"https:\/\/www.encontracamacari.com.br\/sobre\/author\/ecamacari\/#author"},"image":{"@type":"ImageObject","url":"https:\/\/www.encontracamacari.com.br\/sobre\/wp-content\/uploads\/2026\/04\/evento-marca-lancamentos-de-documentario-e-livro-que-abordam-historia-de-camacari.webp","@id":"https:\/\/www.encontracamacari.com.br\/sobre\/evento-marca-lancamentos-de-documentario-e-livro-que-abordam-historia-de-camacari\/#mainImage","width":280,"height":280},"primaryImageOfPage":{"@id":"https:\/\/www.encontracamacari.com.br\/sobre\/evento-marca-lancamentos-de-documentario-e-livro-que-abordam-historia-de-camacari\/#mainImage"},"datePublished":"2026-04-18T06:05:06+00:00","dateModified":"2026-04-18T06:05:06+00:00"},{"@type":"WebSite","@id":"https:\/\/www.encontracamacari.com.br\/sobre\/#website","url":"https:\/\/www.encontracamacari.com.br\/sobre\/","name":"Encontra Cama\u00e7ari","description":"Not\u00edcias, eventos, informa\u00e7\u00f5es e dicas na cidade de Cama\u00e7ari e regi\u00e3o.","inLanguage":"pt-BR","publisher":{"@id":"https:\/\/www.encontracamacari.com.br\/sobre\/#organization"}}]},"og:locale":"pt_BR","og:site_name":"Encontra Cama\u00e7ari - Not\u00edcias, eventos, informa\u00e7\u00f5es e dicas na cidade de Cama\u00e7ari e regi\u00e3o.","og:type":"article","og:title":"Evento marca lan\u00e7amentos de document\u00e1rio e livro que abordam hist\u00f3ria de Cama\u00e7ari - Encontra Cama\u00e7ari","og:description":"Lan\u00e7amento de document\u00e1rio e livro destaca a rica hist\u00f3ria de Cama\u00e7ari.","og:url":"https:\/\/www.encontracamacari.com.br\/sobre\/evento-marca-lancamentos-de-documentario-e-livro-que-abordam-historia-de-camacari\/","article:published_time":"2026-04-18T06:05:06+00:00","article:modified_time":"2026-04-18T06:05:06+00:00","twitter:card":"summary_large_image","twitter:title":"Evento marca lan\u00e7amentos de document\u00e1rio e livro que abordam hist\u00f3ria de Cama\u00e7ari - Encontra Cama\u00e7ari","twitter:description":"Lan\u00e7amento de document\u00e1rio e livro destaca a rica hist\u00f3ria de Cama\u00e7ari."},"aioseo_meta_data":{"post_id":"943","title":null,"description":null,"keywords":null,"keyphrases":null,"primary_term":null,"canonical_url":null,"og_title":null,"og_description":null,"og_object_type":"default","og_image_type":"default","og_image_url":null,"og_image_width":null,"og_image_height":null,"og_image_custom_url":null,"og_image_custom_fields":null,"og_video":null,"og_custom_url":null,"og_article_section":null,"og_article_tags":null,"twitter_use_og":false,"twitter_card":"default","twitter_image_type":"default","twitter_image_url":null,"twitter_image_custom_url":null,"twitter_image_custom_fields":null,"twitter_title":null,"twitter_description":null,"schema":{"blockGraphs":[],"customGraphs":[],"default":{"data":{"Article":[],"Course":[],"Dataset":[],"FAQPage":[],"Movie":[],"Person":[],"Product":[],"ProductReview":[],"Car":[],"Recipe":[],"Service":[],"SoftwareApplication":[],"WebPage":[]},"graphName":"BlogPosting","isEnabled":true},"graphs":[]},"schema_type":"default","schema_type_options":null,"pillar_content":false,"robots_default":true,"robots_noindex":false,"robots_noarchive":false,"robots_nosnippet":false,"robots_nofollow":false,"robots_noimageindex":false,"robots_noodp":false,"robots_notranslate":false,"robots_max_snippet":null,"robots_max_videopreview":null,"robots_max_imagepreview":"large","priority":null,"frequency":null,"local_seo":null,"limit_modified_date":false,"created":"2026-04-18 06:06:48","updated":"2026-08-06 02:31:35","focus_keyword":null,"additional_keywords":null,"truseo_locale":null,"ai":null,"breadcrumb_settings":null,"seo_analyzer_scan_date":null},"aioseo_breadcrumb":"<div class=\"aioseo-breadcrumbs\"><span class=\"aioseo-breadcrumb\">\n\t\t\t<a href=\"https:\/\/www.encontracamacari.com.br\/sobre\" title=\"Home\">Home<\/a>\n\t\t<\/span><span class=\"aioseo-breadcrumb-separator\">&raquo;<\/span><span class=\"aioseo-breadcrumb\">\n\t\t\t<a href=\"https:\/\/www.encontracamacari.com.br\/sobre\/noticias-em-camacari\/\" title=\"Not\u00edcias Cama\u00e7ari\">Not\u00edcias Cama\u00e7ari<\/a>\n\t\t<\/span><span class=\"aioseo-breadcrumb-separator\">&raquo;<\/span><span class=\"aioseo-breadcrumb\">\n\t\t\tEvento marca lan\u00e7amentos de document\u00e1rio e livro que abordam hist\u00f3ria de Cama\u00e7ari\n\t\t<\/span><\/div>","aioseo_breadcrumb_json":[{"label":"Home","link":"https:\/\/www.encontracamacari.com.br\/sobre"},{"label":"Not\u00edcias Cama\u00e7ari","link":"https:\/\/www.encontracamacari.com.br\/sobre\/noticias-em-camacari\/"},{"label":"Evento marca lan\u00e7amentos de document\u00e1rio e livro que abordam hist\u00f3ria de Cama\u00e7ari","link":"https:\/\/www.encontracamacari.com.br\/sobre\/evento-marca-lancamentos-de-documentario-e-livro-que-abordam-historia-de-camacari\/"}],"_links":{"self":[{"href":"https:\/\/www.encontracamacari.com.br\/sobre\/wp-json\/wp\/v2\/posts\/943","targetHints":{"allow":["GET"]}}],"collection":[{"href":"https:\/\/www.encontracamacari.com.br\/sobre\/wp-json\/wp\/v2\/posts"}],"about":[{"href":"https:\/\/www.encontracamacari.com.br\/sobre\/wp-json\/wp\/v2\/types\/post"}],"author":[{"embeddable":true,"href":"https:\/\/www.encontracamacari.com.br\/sobre\/wp-json\/wp\/v2\/users\/1"}],"replies":[{"embeddable":true,"href":"https:\/\/www.encontracamacari.com.br\/sobre\/wp-json\/wp\/v2\/comments?post=943"}],"version-history":[{"count":0,"href":"https:\/\/www.encontracamacari.com.br\/sobre\/wp-json\/wp\/v2\/posts\/943\/revisions"}],"wp:featuredmedia":[{"embeddable":true,"href":"https:\/\/www.encontracamacari.com.br\/sobre\/wp-json\/wp\/v2\/media\/942"}],"wp:attachment":[{"href":"https:\/\/www.encontracamacari.com.br\/sobre\/wp-json\/wp\/v2\/media?parent=943"}],"wp:term":[{"taxonomy":"category","embeddable":true,"href":"https:\/\/www.encontracamacari.com.br\/sobre\/wp-json\/wp\/v2\/categories?post=943"},{"taxonomy":"post_tag","embeddable":true,"href":"https:\/\/www.encontracamacari.com.br\/sobre\/wp-json\/wp\/v2\/tags?post=943"}],"curies":[{"name":"wp","href":"https:\/\/api.w.org\/{rel}","templated":true}]}}