{"id":916,"date":"2026-04-13T06:14:35","date_gmt":"2026-04-13T06:14:35","guid":{"rendered":"https:\/\/www.encontracamacari.com.br\/sobre\/prefeitura-de-camacari-e-basf-avancam-em-tratativas-para-investimentos-em-projetos-sociais\/"},"modified":"2026-04-13T06:14:35","modified_gmt":"2026-04-13T06:14:35","slug":"prefeitura-de-camacari-e-basf-avancam-em-tratativas-para-investimentos-em-projetos-sociais","status":"publish","type":"post","link":"https:\/\/www.encontracamacari.com.br\/sobre\/prefeitura-de-camacari-e-basf-avancam-em-tratativas-para-investimentos-em-projetos-sociais\/","title":{"rendered":"Prefeitura de Cama\u00e7ari e Basf avan\u00e7am em tratativas para investimentos em projetos sociais"},"content":{"rendered":"<div class=\"2410bb7248a64bb1f71103797e0f239b\" data-index=\"1\" style=\"float: none; margin:0px;\">\n<ins class=\"adsbygoogle\"\r\n     style=\"display:block\"\r\n     data-ad-client=\"ca-pub-8585364105181520\"\r\n     data-ad-slot=\"8789329856\"\r\n     data-ad-format=\"auto\"\r\n     data-full-width-responsive=\"true\"><\/ins>\r\n<script>\r\n     (adsbygoogle = window.adsbygoogle || []).push({});\r\n<\/script>\n<\/div>\n<h2>Um Compromisso com o Desenvolvimento Social<\/h2>\n<p>A Prefeitura de Cama\u00e7ari reafirma seu compromisso em promover o desenvolvimento social por meio de iniciativas que estimulam a participa\u00e7\u00e3o do setor privado. A colabora\u00e7\u00e3o com a Basf representa uma abordagem estrat\u00e9gica para atender \u00e0s necessidades sociais da comunidade. Este engajamento reflete a disposi\u00e7\u00e3o da administra\u00e7\u00e3o municipal em unir esfor\u00e7os com empresas que desejam contribuir significativamente para o bem-estar da popula\u00e7\u00e3o local.<\/p>\n<h2>O Papel da Basf em Cama\u00e7ari<\/h2>\n<p>A Basf, uma das l\u00edderes mundiais em produtos qu\u00edmicos, busca estabelecer parcerias que gerem impacto positivo. A empresa organizou um workshop, no dia 8 de abril de 2026, como um espa\u00e7o para discuss\u00e3o de investimentos em projetos sociais em Cama\u00e7ari. A iniciativa visa explorar potenciais \u00e1reas de colabora\u00e7\u00e3o que podem beneficiar tanto os moradores da cidade quanto a pr\u00f3pria Basf, alinhando suas opera\u00e7\u00f5es \u00e0 responsabilidade social.<\/p>\n<h2>Workshop: Di\u00e1logo e A\u00e7\u00f5es Conjuntas<\/h2>\n<p>No workshop realizado pela Basf, os participantes foram divididos em grupos de trabalho com a finalidade de discutir e aprimorar ideias que envolvem educa\u00e7\u00e3o, cultura e esporte. Esses di\u00e1logos s\u00e3o fundamentais para fomentar um entendimento mais profundo sobre as necessidades e aspira\u00e7\u00f5es da comunidade de Cama\u00e7ari. O objetivo \u00e9 identificar como as iniciativas propostas podem ser integradas \u00e0 realidade local e, assim, garantir uma implementa\u00e7\u00e3o eficaz e ben\u00e9fica.<\/p>\n<p><img decoding=\"async\" src=\"https:\/\/www.encontracamacari.com.br\/sobre\/wp-content\/uploads\/2026\/04\/prefeitura-de-camacari-e-basf-avancam-em-tratativas-para-investimentos-em-projetos-sociais.webp\" alt=\"Prefeitura de Cama\u00e7ari e Basf\" loading=\"lazy\" \/><\/p>\n<h2>Projetos nas \u00c1reas de Educa\u00e7\u00e3o e Cultura<\/h2>\n<p>Dentre as iniciativas discutidas, destacam-se diversos projetos focados em educa\u00e7\u00e3o e cultura. A secret\u00e1ria de Cultura, Elci Freitas, enfatizou a import\u00e2ncia dessas parcerias para potencializar a\u00e7\u00f5es que podem transformar e enriquecer a identidade cultural da cidade. Essas iniciativas promovem n\u00e3o apenas o acesso \u00e0 cultura, mas tamb\u00e9m fortalecem a forma\u00e7\u00e3o e capacita\u00e7\u00e3o de jovens e adultos, proporcionando oportunidades que v\u00e3o al\u00e9m do mero entretenimento.<\/p>\n<h2>Impacto dos Investimentos na Comunidade<\/h2>\n<p>Com a Basf considerando 14 projetos sociais para serem desenvolvidos na regi\u00e3o de Cama\u00e7ari, a expectativa \u00e9 que esses esfor\u00e7os causem um impacto significativo na sociedade local. Os investimentos visam n\u00e3o s\u00f3 criar espa\u00e7os para express\u00e3o art\u00edstica e cultural, mas tamb\u00e9m atuar diretamente na melhoria do sistema educacional. \u00c9 uma estrat\u00e9gia pensada para atender a diversas faixas et\u00e1rias e setores da comunidade, ampliando o horizonte de possibilidades para todos.<\/p><div class=\"2410bb7248a64bb1f71103797e0f239b\" data-index=\"2\" style=\"float: none; margin:0px;\">\n<ins class=\"adsbygoogle\"\r\n     style=\"display:block; text-align:center;\"\r\n     data-ad-layout=\"in-article\"\r\n     data-ad-format=\"fluid\"\r\n     data-ad-client=\"ca-pub-8585364105181520\"\r\n     data-ad-slot=\"2899217073\"><\/ins>\r\n<script>\r\n     (adsbygoogle = window.adsbygoogle || []).push({});\r\n<\/script>\r\n\r\n<\/br><\/br>\n<\/div>\n\n<h2>F\u00f3rmula de Talentos para Jovens<\/h2>\n<p>Um dos planos mais inovadores apresentados foi o &#8220;F\u00f3rmula de Talentos&#8221;, que proporcionar\u00e1 aulas e oficinas complementares para estudantes com altas habilidades ou superdota\u00e7\u00e3o. Esse projeto \u00e9 uma verdadeira oportunidade para o desenvolvimento dessas crian\u00e7as e jovens, focando em \u00e1reas como STEAM (Ci\u00eancia, Tecnologia, Engenharia, Artes e Matem\u00e1tica) e habilidades socioemocionais. O processo de sele\u00e7\u00e3o ser\u00e1 rigoroso, garantindo que apenas aqueles que realmente se destacam tenham acesso aos benef\u00edcios do programa.<\/p>\n<h2>Circuito de Economia Criativa 2026<\/h2>\n<p>Outro projeto intrigante \u00e9 o Circuito de Economia Criativa 2026, que pretende incentivar a criatividade e o empreendedorismo local. A cria\u00e7\u00e3o de hubs de inova\u00e7\u00e3o voltados principalmente para mulheres e a comunidade em geral ser\u00e1 um dos focos desse circuito, promovendo uma troca rica de experi\u00eancias e conhecimentos. Este evento garantir\u00e1 que a cultura e as artes estejam no centro das discuss\u00f5es econ\u00f4micas, mostrando como a criatividade pode impulsionar o desenvolvimento regional.<\/p>\n<h2>A Import\u00e2ncia do Setor Esportivo<\/h2>\n<p>O setor esportivo tamb\u00e9m teve seu espa\u00e7o nas discuss\u00f5es. O secret\u00e1rio de Esporte, Lazer e Juventude, T\u00e9o Ribeiro, destacou a import\u00e2ncia de iniciativas esportivas como ferramenta de inclus\u00e3o e cidadania. Projetos como o Time M, que pretende oferecer oficinas esportivas como karat\u00ea e futsal, s\u00e3o exemplos de como o esporte pode servir como um meio de unir a comunidade e promover valores como disciplina, respeito e trabalho em equipe.<\/p>\n<h2>Parcerias que Transformam<\/h2>\n<p>A gerente de Rela\u00e7\u00f5es Governamentais e Engajamento Social da Basf, Ana Michi, refor\u00e7ou a busca pela constru\u00e7\u00e3o de parcerias que realmente transformem a realidade local. A import\u00e2ncia do di\u00e1logo aberto entre o setor p\u00fablico e privado foi ressaltada, mostrando que a colabora\u00e7\u00e3o \u00e9 essencial para garantir que os projetos sejam efetivos e sustent\u00e1veis. O workshop foi um sinal claro de que a Basf est\u00e1 comprometida com a constru\u00e7\u00e3o de um futuro melhor para Cama\u00e7ari, alinhando seus objetivos empresariais \u00e0s necessidades da comunidade.<\/p>\n<h2>O Futuro de Cama\u00e7ari: Vis\u00e3o e A\u00e7\u00f5es<\/h2>\n<p>A continuidade desses projetos depender\u00e1 do engajamento de todos os envolvidos: moradores, governo e empresas. O fortalecimento das a\u00e7\u00f5es sociais e culturais visa n\u00e3o apenas a melhoria imediata da qualidade de vida, mas tamb\u00e9m a constru\u00e7\u00e3o de um legado duradouro para as futuras gera\u00e7\u00f5es. A colabora\u00e7\u00e3o entre a Prefeitura de Cama\u00e7ari e a Basf \u00e9 um passo importante nessa dire\u00e7\u00e3o, revelando um futuro de oportunidades e crescimento para todos.<\/p>\n<div class=\"2410bb7248a64bb1f71103797e0f239b\" data-index=\"3\" style=\"float: none; margin:0px;\">\n<\/br><\/br>\r\n\r\n<ins class=\"adsbygoogle\"\r\n     style=\"display:block\"\r\n     data-ad-format=\"fluid\"\r\n     data-ad-layout-key=\"-63+do+n-1s+9e\"\r\n     data-ad-client=\"ca-pub-8585364105181520\"\r\n     data-ad-slot=\"6838462089\"><\/ins>\r\n<script>\r\n     (adsbygoogle = window.adsbygoogle || []).push({});\r\n<\/script>\n<\/div>\n\n<div style=\"font-size: 0px; height: 0px; line-height: 0px; margin: 0; padding: 0; clear: both;\"><\/div>","protected":false},"excerpt":{"rendered":"<p>Prefeitura de Cama\u00e7ari e Basf avan\u00e7am juntos em projetos sociais significativos.<\/p>\n","protected":false},"author":1,"featured_media":915,"comment_status":"open","ping_status":"closed","sticky":false,"template":"","format":"standard","meta":{"footnotes":""},"categories":[1],"tags":[],"class_list":["post-916","post","type-post","status-publish","format-standard","has-post-thumbnail","hentry","category-noticias-em-camacari","has_thumb"],"aioseo_notices":[],"aioseo_head":"\n\t\t<!-- All in One SEO 5.0.0.1 - aioseo.com -->\n\t<meta name=\"description\" content=\"Prefeitura de Cama\u00e7ari e Basf avan\u00e7am juntos em projetos sociais significativos.\" \/>\n\t<meta name=\"robots\" content=\"max-image-preview:large\" \/>\n\t<meta name=\"author\" content=\"Encontra Cama\u00e7ari\"\/>\n\t<link rel=\"canonical\" href=\"https:\/\/www.encontracamacari.com.br\/sobre\/prefeitura-de-camacari-e-basf-avancam-em-tratativas-para-investimentos-em-projetos-sociais\/\" \/>\n\t<meta name=\"generator\" content=\"All in One SEO (AIOSEO) 5.0.0.1\" \/>\n\t\t<meta property=\"og:locale\" content=\"pt_BR\" \/>\n\t\t<meta property=\"og:site_name\" content=\"Encontra Cama\u00e7ari - Not\u00edcias, eventos, informa\u00e7\u00f5es e dicas na cidade de Cama\u00e7ari e regi\u00e3o.\" \/>\n\t\t<meta property=\"og:type\" content=\"article\" \/>\n\t\t<meta property=\"og:title\" content=\"Prefeitura de Cama\u00e7ari e Basf avan\u00e7am em tratativas para investimentos em projetos sociais - Encontra Cama\u00e7ari\" \/>\n\t\t<meta property=\"og:description\" content=\"Prefeitura de Cama\u00e7ari e Basf avan\u00e7am juntos em projetos sociais significativos.\" \/>\n\t\t<meta property=\"og:url\" content=\"https:\/\/www.encontracamacari.com.br\/sobre\/prefeitura-de-camacari-e-basf-avancam-em-tratativas-para-investimentos-em-projetos-sociais\/\" \/>\n\t\t<meta property=\"article:published_time\" content=\"2026-04-13T06:14:35+00:00\" \/>\n\t\t<meta property=\"article:modified_time\" content=\"2026-04-13T06:14:35+00:00\" \/>\n\t\t<meta name=\"twitter:card\" content=\"summary_large_image\" \/>\n\t\t<meta name=\"twitter:title\" content=\"Prefeitura de Cama\u00e7ari e Basf avan\u00e7am em tratativas para investimentos em projetos sociais - Encontra Cama\u00e7ari\" \/>\n\t\t<meta name=\"twitter:description\" content=\"Prefeitura de Cama\u00e7ari e Basf avan\u00e7am juntos em projetos sociais significativos.\" \/>\n\t\t<script type=\"application\/ld+json\" class=\"aioseo-schema\">\n\t\t\t{\"@context\":\"https:\\\/\\\/schema.org\",\"@graph\":[{\"@type\":\"BlogPosting\",\"@id\":\"https:\\\/\\\/www.encontracamacari.com.br\\\/sobre\\\/prefeitura-de-camacari-e-basf-avancam-em-tratativas-para-investimentos-em-projetos-sociais\\\/#blogposting\",\"name\":\"Prefeitura de Cama\\u00e7ari e Basf avan\\u00e7am em tratativas para investimentos em projetos sociais - Encontra Cama\\u00e7ari\",\"headline\":\"Prefeitura de Cama\\u00e7ari e Basf avan\\u00e7am em tratativas para investimentos em projetos sociais\",\"author\":{\"@id\":\"https:\\\/\\\/www.encontracamacari.com.br\\\/sobre\\\/author\\\/ecamacari\\\/#author\"},\"publisher\":{\"@id\":\"https:\\\/\\\/www.encontracamacari.com.br\\\/sobre\\\/#organization\"},\"image\":{\"@type\":\"ImageObject\",\"url\":\"https:\\\/\\\/www.encontracamacari.com.br\\\/sobre\\\/wp-content\\\/uploads\\\/2026\\\/04\\\/prefeitura-de-camacari-e-basf-avancam-em-tratativas-para-investimentos-em-projetos-sociais.webp\",\"width\":280,\"height\":280,\"caption\":\"Prefeitura de Cama\\u00e7ari e Basf\"},\"datePublished\":\"2026-04-13T06:14:35+00:00\",\"dateModified\":\"2026-04-13T06:14:35+00:00\",\"inLanguage\":\"pt-BR\",\"mainEntityOfPage\":{\"@id\":\"https:\\\/\\\/www.encontracamacari.com.br\\\/sobre\\\/prefeitura-de-camacari-e-basf-avancam-em-tratativas-para-investimentos-em-projetos-sociais\\\/#webpage\"},\"isPartOf\":{\"@id\":\"https:\\\/\\\/www.encontracamacari.com.br\\\/sobre\\\/prefeitura-de-camacari-e-basf-avancam-em-tratativas-para-investimentos-em-projetos-sociais\\\/#webpage\"},\"articleSection\":\"Not\\u00edcias Cama\\u00e7ari\"},{\"@type\":\"BreadcrumbList\",\"@id\":\"https:\\\/\\\/www.encontracamacari.com.br\\\/sobre\\\/prefeitura-de-camacari-e-basf-avancam-em-tratativas-para-investimentos-em-projetos-sociais\\\/#breadcrumblist\",\"itemListElement\":[{\"@type\":\"ListItem\",\"@id\":\"https:\\\/\\\/www.encontracamacari.com.br\\\/sobre#listItem\",\"position\":1,\"name\":\"Home\",\"item\":\"https:\\\/\\\/www.encontracamacari.com.br\\\/sobre\",\"nextItem\":{\"@type\":\"ListItem\",\"@id\":\"https:\\\/\\\/www.encontracamacari.com.br\\\/sobre\\\/noticias-em-camacari\\\/#listItem\",\"name\":\"Not\\u00edcias Cama\\u00e7ari\"}},{\"@type\":\"ListItem\",\"@id\":\"https:\\\/\\\/www.encontracamacari.com.br\\\/sobre\\\/noticias-em-camacari\\\/#listItem\",\"position\":2,\"name\":\"Not\\u00edcias Cama\\u00e7ari\",\"item\":\"https:\\\/\\\/www.encontracamacari.com.br\\\/sobre\\\/noticias-em-camacari\\\/\",\"nextItem\":{\"@type\":\"ListItem\",\"@id\":\"https:\\\/\\\/www.encontracamacari.com.br\\\/sobre\\\/prefeitura-de-camacari-e-basf-avancam-em-tratativas-para-investimentos-em-projetos-sociais\\\/#listItem\",\"name\":\"Prefeitura de Cama\\u00e7ari e Basf avan\\u00e7am em tratativas para investimentos em projetos sociais\"},\"previousItem\":{\"@type\":\"ListItem\",\"@id\":\"https:\\\/\\\/www.encontracamacari.com.br\\\/sobre#listItem\",\"name\":\"Home\"}},{\"@type\":\"ListItem\",\"@id\":\"https:\\\/\\\/www.encontracamacari.com.br\\\/sobre\\\/prefeitura-de-camacari-e-basf-avancam-em-tratativas-para-investimentos-em-projetos-sociais\\\/#listItem\",\"position\":3,\"name\":\"Prefeitura de Cama\\u00e7ari e Basf avan\\u00e7am em tratativas para investimentos em projetos sociais\",\"previousItem\":{\"@type\":\"ListItem\",\"@id\":\"https:\\\/\\\/www.encontracamacari.com.br\\\/sobre\\\/noticias-em-camacari\\\/#listItem\",\"name\":\"Not\\u00edcias Cama\\u00e7ari\"}}]},{\"@type\":\"Organization\",\"@id\":\"https:\\\/\\\/www.encontracamacari.com.br\\\/sobre\\\/#organization\",\"name\":\"Encontra Cama\\u00e7ari\",\"description\":\"Not\\u00edcias, eventos, informa\\u00e7\\u00f5es e dicas na cidade de Cama\\u00e7ari e regi\\u00e3o.\",\"url\":\"https:\\\/\\\/www.encontracamacari.com.br\\\/sobre\\\/\"},{\"@type\":\"Person\",\"@id\":\"https:\\\/\\\/www.encontracamacari.com.br\\\/sobre\\\/author\\\/ecamacari\\\/#author\",\"url\":\"https:\\\/\\\/www.encontracamacari.com.br\\\/sobre\\\/author\\\/ecamacari\\\/\",\"name\":\"Encontra Cama\\u00e7ari\",\"image\":{\"@type\":\"ImageObject\",\"@id\":\"https:\\\/\\\/www.encontracamacari.com.br\\\/sobre\\\/prefeitura-de-camacari-e-basf-avancam-em-tratativas-para-investimentos-em-projetos-sociais\\\/#authorImage\",\"url\":\"https:\\\/\\\/secure.gravatar.com\\\/avatar\\\/507340682b8270222e1f208e23198b6ae7e2c6a1033ae84e99bc6bce4f82a387?s=96&d=mm&r=g\",\"width\":96,\"height\":96,\"caption\":\"Encontra Cama\\u00e7ari\"}},{\"@type\":\"WebPage\",\"@id\":\"https:\\\/\\\/www.encontracamacari.com.br\\\/sobre\\\/prefeitura-de-camacari-e-basf-avancam-em-tratativas-para-investimentos-em-projetos-sociais\\\/#webpage\",\"url\":\"https:\\\/\\\/www.encontracamacari.com.br\\\/sobre\\\/prefeitura-de-camacari-e-basf-avancam-em-tratativas-para-investimentos-em-projetos-sociais\\\/\",\"name\":\"Prefeitura de Cama\\u00e7ari e Basf avan\\u00e7am em tratativas para investimentos em projetos sociais - Encontra Cama\\u00e7ari\",\"description\":\"Prefeitura de Cama\\u00e7ari e Basf avan\\u00e7am juntos em projetos sociais significativos.\",\"inLanguage\":\"pt-BR\",\"isPartOf\":{\"@id\":\"https:\\\/\\\/www.encontracamacari.com.br\\\/sobre\\\/#website\"},\"breadcrumb\":{\"@id\":\"https:\\\/\\\/www.encontracamacari.com.br\\\/sobre\\\/prefeitura-de-camacari-e-basf-avancam-em-tratativas-para-investimentos-em-projetos-sociais\\\/#breadcrumblist\"},\"author\":{\"@id\":\"https:\\\/\\\/www.encontracamacari.com.br\\\/sobre\\\/author\\\/ecamacari\\\/#author\"},\"creator\":{\"@id\":\"https:\\\/\\\/www.encontracamacari.com.br\\\/sobre\\\/author\\\/ecamacari\\\/#author\"},\"image\":{\"@type\":\"ImageObject\",\"url\":\"https:\\\/\\\/www.encontracamacari.com.br\\\/sobre\\\/wp-content\\\/uploads\\\/2026\\\/04\\\/prefeitura-de-camacari-e-basf-avancam-em-tratativas-para-investimentos-em-projetos-sociais.webp\",\"@id\":\"https:\\\/\\\/www.encontracamacari.com.br\\\/sobre\\\/prefeitura-de-camacari-e-basf-avancam-em-tratativas-para-investimentos-em-projetos-sociais\\\/#mainImage\",\"width\":280,\"height\":280,\"caption\":\"Prefeitura de Cama\\u00e7ari e Basf\"},\"primaryImageOfPage\":{\"@id\":\"https:\\\/\\\/www.encontracamacari.com.br\\\/sobre\\\/prefeitura-de-camacari-e-basf-avancam-em-tratativas-para-investimentos-em-projetos-sociais\\\/#mainImage\"},\"datePublished\":\"2026-04-13T06:14:35+00:00\",\"dateModified\":\"2026-04-13T06:14:35+00:00\"},{\"@type\":\"WebSite\",\"@id\":\"https:\\\/\\\/www.encontracamacari.com.br\\\/sobre\\\/#website\",\"url\":\"https:\\\/\\\/www.encontracamacari.com.br\\\/sobre\\\/\",\"name\":\"Encontra Cama\\u00e7ari\",\"description\":\"Not\\u00edcias, eventos, informa\\u00e7\\u00f5es e dicas na cidade de Cama\\u00e7ari e regi\\u00e3o.\",\"inLanguage\":\"pt-BR\",\"publisher\":{\"@id\":\"https:\\\/\\\/www.encontracamacari.com.br\\\/sobre\\\/#organization\"}}]}\n\t\t<\/script>\n\t\t<!-- All in One SEO -->\n\n","aioseo_head_json":{"title":"Prefeitura de Cama\u00e7ari e Basf avan\u00e7am em tratativas para investimentos em projetos sociais - Encontra Cama\u00e7ari","description":"Prefeitura de Cama\u00e7ari e Basf avan\u00e7am juntos em projetos sociais significativos.","canonical_url":"https:\/\/www.encontracamacari.com.br\/sobre\/prefeitura-de-camacari-e-basf-avancam-em-tratativas-para-investimentos-em-projetos-sociais\/","robots":"max-image-preview:large","keywords":"","webmasterTools":{"miscellaneous":""},"schema":{"@context":"https:\/\/schema.org","@graph":[{"@type":"BlogPosting","@id":"https:\/\/www.encontracamacari.com.br\/sobre\/prefeitura-de-camacari-e-basf-avancam-em-tratativas-para-investimentos-em-projetos-sociais\/#blogposting","name":"Prefeitura de Cama\u00e7ari e Basf avan\u00e7am em tratativas para investimentos em projetos sociais - Encontra Cama\u00e7ari","headline":"Prefeitura de Cama\u00e7ari e Basf avan\u00e7am em tratativas para investimentos em projetos sociais","author":{"@id":"https:\/\/www.encontracamacari.com.br\/sobre\/author\/ecamacari\/#author"},"publisher":{"@id":"https:\/\/www.encontracamacari.com.br\/sobre\/#organization"},"image":{"@type":"ImageObject","url":"https:\/\/www.encontracamacari.com.br\/sobre\/wp-content\/uploads\/2026\/04\/prefeitura-de-camacari-e-basf-avancam-em-tratativas-para-investimentos-em-projetos-sociais.webp","width":280,"height":280,"caption":"Prefeitura de Cama\u00e7ari e Basf"},"datePublished":"2026-04-13T06:14:35+00:00","dateModified":"2026-04-13T06:14:35+00:00","inLanguage":"pt-BR","mainEntityOfPage":{"@id":"https:\/\/www.encontracamacari.com.br\/sobre\/prefeitura-de-camacari-e-basf-avancam-em-tratativas-para-investimentos-em-projetos-sociais\/#webpage"},"isPartOf":{"@id":"https:\/\/www.encontracamacari.com.br\/sobre\/prefeitura-de-camacari-e-basf-avancam-em-tratativas-para-investimentos-em-projetos-sociais\/#webpage"},"articleSection":"Not\u00edcias Cama\u00e7ari"},{"@type":"BreadcrumbList","@id":"https:\/\/www.encontracamacari.com.br\/sobre\/prefeitura-de-camacari-e-basf-avancam-em-tratativas-para-investimentos-em-projetos-sociais\/#breadcrumblist","itemListElement":[{"@type":"ListItem","@id":"https:\/\/www.encontracamacari.com.br\/sobre#listItem","position":1,"name":"Home","item":"https:\/\/www.encontracamacari.com.br\/sobre","nextItem":{"@type":"ListItem","@id":"https:\/\/www.encontracamacari.com.br\/sobre\/noticias-em-camacari\/#listItem","name":"Not\u00edcias Cama\u00e7ari"}},{"@type":"ListItem","@id":"https:\/\/www.encontracamacari.com.br\/sobre\/noticias-em-camacari\/#listItem","position":2,"name":"Not\u00edcias Cama\u00e7ari","item":"https:\/\/www.encontracamacari.com.br\/sobre\/noticias-em-camacari\/","nextItem":{"@type":"ListItem","@id":"https:\/\/www.encontracamacari.com.br\/sobre\/prefeitura-de-camacari-e-basf-avancam-em-tratativas-para-investimentos-em-projetos-sociais\/#listItem","name":"Prefeitura de Cama\u00e7ari e Basf avan\u00e7am em tratativas para investimentos em projetos sociais"},"previousItem":{"@type":"ListItem","@id":"https:\/\/www.encontracamacari.com.br\/sobre#listItem","name":"Home"}},{"@type":"ListItem","@id":"https:\/\/www.encontracamacari.com.br\/sobre\/prefeitura-de-camacari-e-basf-avancam-em-tratativas-para-investimentos-em-projetos-sociais\/#listItem","position":3,"name":"Prefeitura de Cama\u00e7ari e Basf avan\u00e7am em tratativas para investimentos em projetos sociais","previousItem":{"@type":"ListItem","@id":"https:\/\/www.encontracamacari.com.br\/sobre\/noticias-em-camacari\/#listItem","name":"Not\u00edcias Cama\u00e7ari"}}]},{"@type":"Organization","@id":"https:\/\/www.encontracamacari.com.br\/sobre\/#organization","name":"Encontra Cama\u00e7ari","description":"Not\u00edcias, eventos, informa\u00e7\u00f5es e dicas na cidade de Cama\u00e7ari e regi\u00e3o.","url":"https:\/\/www.encontracamacari.com.br\/sobre\/"},{"@type":"Person","@id":"https:\/\/www.encontracamacari.com.br\/sobre\/author\/ecamacari\/#author","url":"https:\/\/www.encontracamacari.com.br\/sobre\/author\/ecamacari\/","name":"Encontra Cama\u00e7ari","image":{"@type":"ImageObject","@id":"https:\/\/www.encontracamacari.com.br\/sobre\/prefeitura-de-camacari-e-basf-avancam-em-tratativas-para-investimentos-em-projetos-sociais\/#authorImage","url":"https:\/\/secure.gravatar.com\/avatar\/507340682b8270222e1f208e23198b6ae7e2c6a1033ae84e99bc6bce4f82a387?s=96&d=mm&r=g","width":96,"height":96,"caption":"Encontra Cama\u00e7ari"}},{"@type":"WebPage","@id":"https:\/\/www.encontracamacari.com.br\/sobre\/prefeitura-de-camacari-e-basf-avancam-em-tratativas-para-investimentos-em-projetos-sociais\/#webpage","url":"https:\/\/www.encontracamacari.com.br\/sobre\/prefeitura-de-camacari-e-basf-avancam-em-tratativas-para-investimentos-em-projetos-sociais\/","name":"Prefeitura de Cama\u00e7ari e Basf avan\u00e7am em tratativas para investimentos em projetos sociais - Encontra Cama\u00e7ari","description":"Prefeitura de Cama\u00e7ari e Basf avan\u00e7am juntos em projetos sociais significativos.","inLanguage":"pt-BR","isPartOf":{"@id":"https:\/\/www.encontracamacari.com.br\/sobre\/#website"},"breadcrumb":{"@id":"https:\/\/www.encontracamacari.com.br\/sobre\/prefeitura-de-camacari-e-basf-avancam-em-tratativas-para-investimentos-em-projetos-sociais\/#breadcrumblist"},"author":{"@id":"https:\/\/www.encontracamacari.com.br\/sobre\/author\/ecamacari\/#author"},"creator":{"@id":"https:\/\/www.encontracamacari.com.br\/sobre\/author\/ecamacari\/#author"},"image":{"@type":"ImageObject","url":"https:\/\/www.encontracamacari.com.br\/sobre\/wp-content\/uploads\/2026\/04\/prefeitura-de-camacari-e-basf-avancam-em-tratativas-para-investimentos-em-projetos-sociais.webp","@id":"https:\/\/www.encontracamacari.com.br\/sobre\/prefeitura-de-camacari-e-basf-avancam-em-tratativas-para-investimentos-em-projetos-sociais\/#mainImage","width":280,"height":280,"caption":"Prefeitura de Cama\u00e7ari e Basf"},"primaryImageOfPage":{"@id":"https:\/\/www.encontracamacari.com.br\/sobre\/prefeitura-de-camacari-e-basf-avancam-em-tratativas-para-investimentos-em-projetos-sociais\/#mainImage"},"datePublished":"2026-04-13T06:14:35+00:00","dateModified":"2026-04-13T06:14:35+00:00"},{"@type":"WebSite","@id":"https:\/\/www.encontracamacari.com.br\/sobre\/#website","url":"https:\/\/www.encontracamacari.com.br\/sobre\/","name":"Encontra Cama\u00e7ari","description":"Not\u00edcias, eventos, informa\u00e7\u00f5es e dicas na cidade de Cama\u00e7ari e regi\u00e3o.","inLanguage":"pt-BR","publisher":{"@id":"https:\/\/www.encontracamacari.com.br\/sobre\/#organization"}}]},"og:locale":"pt_BR","og:site_name":"Encontra Cama\u00e7ari - Not\u00edcias, eventos, informa\u00e7\u00f5es e dicas na cidade de Cama\u00e7ari e regi\u00e3o.","og:type":"article","og:title":"Prefeitura de Cama\u00e7ari e Basf avan\u00e7am em tratativas para investimentos em projetos sociais - Encontra Cama\u00e7ari","og:description":"Prefeitura de Cama\u00e7ari e Basf avan\u00e7am juntos em projetos sociais significativos.","og:url":"https:\/\/www.encontracamacari.com.br\/sobre\/prefeitura-de-camacari-e-basf-avancam-em-tratativas-para-investimentos-em-projetos-sociais\/","article:published_time":"2026-04-13T06:14:35+00:00","article:modified_time":"2026-04-13T06:14:35+00:00","twitter:card":"summary_large_image","twitter:title":"Prefeitura de Cama\u00e7ari e Basf avan\u00e7am em tratativas para investimentos em projetos sociais - Encontra Cama\u00e7ari","twitter:description":"Prefeitura de Cama\u00e7ari e Basf avan\u00e7am juntos em projetos sociais significativos."},"aioseo_meta_data":{"post_id":"916","title":null,"description":null,"keywords":null,"keyphrases":null,"primary_term":null,"canonical_url":null,"og_title":null,"og_description":null,"og_object_type":"default","og_image_type":"default","og_image_url":null,"og_image_width":null,"og_image_height":null,"og_image_custom_url":null,"og_image_custom_fields":null,"og_video":null,"og_custom_url":null,"og_article_section":null,"og_article_tags":null,"twitter_use_og":false,"twitter_card":"default","twitter_image_type":"default","twitter_image_url":null,"twitter_image_custom_url":null,"twitter_image_custom_fields":null,"twitter_title":null,"twitter_description":null,"schema":{"blockGraphs":[],"customGraphs":[],"default":{"data":{"Article":[],"Course":[],"Dataset":[],"FAQPage":[],"Movie":[],"Person":[],"Product":[],"ProductReview":[],"Car":[],"Recipe":[],"Service":[],"SoftwareApplication":[],"WebPage":[]},"graphName":"BlogPosting","isEnabled":true},"graphs":[]},"schema_type":"default","schema_type_options":null,"pillar_content":false,"robots_default":true,"robots_noindex":false,"robots_noarchive":false,"robots_nosnippet":false,"robots_nofollow":false,"robots_noimageindex":false,"robots_noodp":false,"robots_notranslate":false,"robots_max_snippet":null,"robots_max_videopreview":null,"robots_max_imagepreview":"large","priority":null,"frequency":null,"local_seo":null,"limit_modified_date":false,"created":"2026-04-13 06:14:40","updated":"2026-08-06 02:24:40","focus_keyword":null,"additional_keywords":null,"truseo_locale":null,"ai":null,"breadcrumb_settings":null,"seo_analyzer_scan_date":null},"aioseo_breadcrumb":"<div class=\"aioseo-breadcrumbs\"><span class=\"aioseo-breadcrumb\">\n\t\t\t<a href=\"https:\/\/www.encontracamacari.com.br\/sobre\" title=\"Home\">Home<\/a>\n\t\t<\/span><span class=\"aioseo-breadcrumb-separator\">&raquo;<\/span><span class=\"aioseo-breadcrumb\">\n\t\t\t<a href=\"https:\/\/www.encontracamacari.com.br\/sobre\/noticias-em-camacari\/\" title=\"Not\u00edcias Cama\u00e7ari\">Not\u00edcias Cama\u00e7ari<\/a>\n\t\t<\/span><span class=\"aioseo-breadcrumb-separator\">&raquo;<\/span><span class=\"aioseo-breadcrumb\">\n\t\t\tPrefeitura de Cama\u00e7ari e Basf avan\u00e7am em tratativas para investimentos em projetos sociais\n\t\t<\/span><\/div>","aioseo_breadcrumb_json":[{"label":"Home","link":"https:\/\/www.encontracamacari.com.br\/sobre"},{"label":"Not\u00edcias Cama\u00e7ari","link":"https:\/\/www.encontracamacari.com.br\/sobre\/noticias-em-camacari\/"},{"label":"Prefeitura de Cama\u00e7ari e Basf avan\u00e7am em tratativas para investimentos em projetos sociais","link":"https:\/\/www.encontracamacari.com.br\/sobre\/prefeitura-de-camacari-e-basf-avancam-em-tratativas-para-investimentos-em-projetos-sociais\/"}],"_links":{"self":[{"href":"https:\/\/www.encontracamacari.com.br\/sobre\/wp-json\/wp\/v2\/posts\/916","targetHints":{"allow":["GET"]}}],"collection":[{"href":"https:\/\/www.encontracamacari.com.br\/sobre\/wp-json\/wp\/v2\/posts"}],"about":[{"href":"https:\/\/www.encontracamacari.com.br\/sobre\/wp-json\/wp\/v2\/types\/post"}],"author":[{"embeddable":true,"href":"https:\/\/www.encontracamacari.com.br\/sobre\/wp-json\/wp\/v2\/users\/1"}],"replies":[{"embeddable":true,"href":"https:\/\/www.encontracamacari.com.br\/sobre\/wp-json\/wp\/v2\/comments?post=916"}],"version-history":[{"count":0,"href":"https:\/\/www.encontracamacari.com.br\/sobre\/wp-json\/wp\/v2\/posts\/916\/revisions"}],"wp:featuredmedia":[{"embeddable":true,"href":"https:\/\/www.encontracamacari.com.br\/sobre\/wp-json\/wp\/v2\/media\/915"}],"wp:attachment":[{"href":"https:\/\/www.encontracamacari.com.br\/sobre\/wp-json\/wp\/v2\/media?parent=916"}],"wp:term":[{"taxonomy":"category","embeddable":true,"href":"https:\/\/www.encontracamacari.com.br\/sobre\/wp-json\/wp\/v2\/categories?post=916"},{"taxonomy":"post_tag","embeddable":true,"href":"https:\/\/www.encontracamacari.com.br\/sobre\/wp-json\/wp\/v2\/tags?post=916"}],"curies":[{"name":"wp","href":"https:\/\/api.w.org\/{rel}","templated":true}]}}