{"id":912,"date":"2026-04-12T06:17:55","date_gmt":"2026-04-12T06:17:55","guid":{"rendered":"https:\/\/www.encontracamacari.com.br\/sobre\/video-vereador-rasga-contracheque-de-professora-durante-sessao-na-camara-de-camacari\/"},"modified":"2026-04-12T06:17:55","modified_gmt":"2026-04-12T06:17:55","slug":"video-vereador-rasga-contracheque-de-professora-durante-sessao-na-camara-de-camacari","status":"publish","type":"post","link":"https:\/\/www.encontracamacari.com.br\/sobre\/video-vereador-rasga-contracheque-de-professora-durante-sessao-na-camara-de-camacari\/","title":{"rendered":"V\u00cdDEO: vereador rasga contracheque de professora durante sess\u00e3o na C\u00e2mara de Cama\u00e7ari"},"content":{"rendered":"<div class=\"2410bb7248a64bb1f71103797e0f239b\" data-index=\"1\" style=\"float: none; margin:0px;\">\n<ins class=\"adsbygoogle\"\r\n     style=\"display:block\"\r\n     data-ad-client=\"ca-pub-8585364105181520\"\r\n     data-ad-slot=\"8789329856\"\r\n     data-ad-format=\"auto\"\r\n     data-full-width-responsive=\"true\"><\/ins>\r\n<script>\r\n     (adsbygoogle = window.adsbygoogle || []).push({});\r\n<\/script>\n<\/div>\n<h2>O Incidente Marcante na C\u00e2mara<\/h2>\n<p>No dia 9 de abril de 2026, durante uma sess\u00e3o da C\u00e2mara Municipal de Cama\u00e7ari, um evento chocante ocorreu, envolvendo um ato considerado desrespeitoso por muitos. O vereador Jamesson, ao receber o contracheque de uma professora da rede municipal, decidiu rasg\u00e1-lo em plena audi\u00eancia. O ato aconteceu no contexto de uma mobiliza\u00e7\u00e3o maci\u00e7a de educadores que se reuniram para exigir que os vereadores agilizassem a tramita\u00e7\u00e3o de um projeto de lei que visava o reajuste salarial da categoria. Os professores estavam insatisfeitos com a falta de progresso na discuss\u00e3o desta proposta, que estava parada na Comiss\u00e3o de Finan\u00e7as e Or\u00e7amento.<\/p>\n<h2>A Mobiliza\u00e7\u00e3o dos Educadores<\/h2>\n<p>A press\u00e3o dos educadores sobre os vereadores n\u00e3o \u00e9 uma novidade. Com a proposta de reajuste salarial sem avan\u00e7os, a classe decidiu ocupar a C\u00e2mara Municipal para reivindicar uma solu\u00e7\u00e3o. Esta mobiliza\u00e7\u00e3o foi necess\u00e1ria para chamar a aten\u00e7\u00e3o dos representantes locais, uma vez que a categoria vinha se sentindo desvalorizada e ignorada em suas reivindica\u00e7\u00f5es. Muitos professores participaram da ocupa\u00e7\u00e3o, demonstrando a uni\u00e3o e determina\u00e7\u00e3o do grupo em busca de melhores condi\u00e7\u00f5es de trabalho e remunera\u00e7\u00e3o.<\/p>\n<h2>Rea\u00e7\u00f5es do Sindicato de Professores<\/h2>\n<p>Ap\u00f3s o incidente, o Sindicato dos Professores e Professoras da Rede P\u00fablica Municipal de Cama\u00e7ari (Sispec) emitiu um comunicado forte condenando a atitude do vereador Jamesson. A presidente da entidade, Sara Santiago Carneiro, expressou que a a\u00e7\u00e3o foi, de fato, \u201cabsolutamente repugnante\u201d, e ressaltou que tal ato n\u00e3o representa apenas desrespeito \u00e0 categoria, mas tamb\u00e9m \u00e0 dignidade das mulheres. O sindicato, em sua nota, chamou a aten\u00e7\u00e3o para a necessidade de uma postura respeitosa e profissional dentro da C\u00e2mara, um espa\u00e7o que deveria ser acolhedor para todos, especialmente para os educadores que moldam o futuro da popula\u00e7\u00e3o.<\/p>\n<p><img decoding=\"async\" src=\"https:\/\/www.encontracamacari.com.br\/sobre\/wp-content\/uploads\/2026\/04\/video-vereador-rasga-contracheque-de-professora-durante-sessao-na-camara-de-camacari.webp\" alt=\"Vereador rasga contracheque de professora\" loading=\"lazy\" \/><\/p>\n<h2>As Consequ\u00eancias do Ato do Vereador<\/h2>\n<p>O ato do vereador gerou uma onda de indigna\u00e7\u00e3o tanto entre os presentes na sess\u00e3o quanto nas m\u00eddias sociais. A imagem do vereador rasgando o contracheque se espalhou rapidamente, desencadeando debates sobre o tratamento dado aos profissionais da educa\u00e7\u00e3o. Muitos argumentaram que incidentes como esse refletem uma cultura de desvaloriza\u00e7\u00e3o da educa\u00e7\u00e3o no pa\u00eds. O presidente da C\u00e2mara, Niltinho Maturino, tamb\u00e9m se posicionou contra a a\u00e7\u00e3o, afirmando que tomaria as medidas necess\u00e1rias para garantir que eventos dessa natureza n\u00e3o se repetissem.<\/p><div class=\"2410bb7248a64bb1f71103797e0f239b\" data-index=\"2\" style=\"float: none; margin:0px;\">\n<ins class=\"adsbygoogle\"\r\n     style=\"display:block; text-align:center;\"\r\n     data-ad-layout=\"in-article\"\r\n     data-ad-format=\"fluid\"\r\n     data-ad-client=\"ca-pub-8585364105181520\"\r\n     data-ad-slot=\"2899217073\"><\/ins>\r\n<script>\r\n     (adsbygoogle = window.adsbygoogle || []).push({});\r\n<\/script>\r\n\r\n<\/br><\/br>\n<\/div>\n\n<h2>O Contexto do Reajuste Salarial<\/h2>\n<p>A quest\u00e3o do reajuste salarial dos educadores \u00e9 complexa e j\u00e1 vinha sendo discutida h\u00e1 algum tempo. Segundo a Prefeitura de Cama\u00e7ari, a proposta de reajuste, aprovada em assembleia pelos professores, varia entre 5,4% e 10,36%, dependendo das categorias e n\u00edveis de forma\u00e7\u00e3o dos docentes. O reajuste proposto estaria alinhado com a recomposi\u00e7\u00e3o da tabela do Plano de Cargos, Carreira e Vencimentos (PCCV) e o aumento do piso nacional do magist\u00e9rio. No entanto, os educadores alegam que a proposta ainda est\u00e1 muito aqu\u00e9m do que seria necess\u00e1rio para compensar as perdas acumuladas ao longo dos \u00faltimos anos.<\/p>\n<h2>A Resposta da Prefeitura de Cama\u00e7ari<\/h2>\n<p>Diante da preocupa\u00e7\u00e3o expressa pelos educadores, a prefeitura defendeu que estabeleceu um di\u00e1logo aberto com o sindicato e que j\u00e1 apresentou diversas propostas de ajuste salarial. Em um esfor\u00e7o para demonstrar comprometimento com a valoriza\u00e7\u00e3o do magist\u00e9rio, o governo municipal afirmou que a proposta de reajuste foi formulada com base em estudos realizados em parceria com o Departamento Intersindical de Estat\u00edstica e Estudos Socioecon\u00f4micos (Dieese).<\/p>\n<h2>O Papel do Vereador na Discuss\u00e3o<\/h2>\n<p>Jamesson, que rasgou o contracheque, defendeu suas a\u00e7\u00f5es alegando que havia inconsist\u00eancias s\u00e9rias no projeto de reajuste, que, segundo ele, precisaria ser corrigido antes de receber a aprova\u00e7\u00e3o da C\u00e2mara. Ele criticar o sindicato e sua rela\u00e7\u00e3o com a gest\u00e3o municipal, insinuando que havia uma tentativa de politicagem em torno do tema. O vereador argumentou que as altera\u00e7\u00f5es sugeridas buscavam garantir que os direitos dos professores fossem respeitados, apontando itens no projeto que, em sua opini\u00e3o, poderiam provocar retrocessos.<\/p>\n<h2>Implica\u00e7\u00f5es para a Educa\u00e7\u00e3o Municipal<\/h2>\n<p>Os desdobramentos deste epis\u00f3dio trouxeram \u00e0 tona a necessidade urgente de discutir a valoriza\u00e7\u00e3o dos profissionais da educa\u00e7\u00e3o. O epis\u00f3dio ressaltou como a desvaloriza\u00e7\u00e3o da profiss\u00e3o pode se manifestar n\u00e3o apenas em sal\u00e1rios, mas tamb\u00e9m em atitudes e no respeito demonstrado pelos legisladores. A falta de di\u00e1logo e a polariza\u00e7\u00e3o entre governo e educadores podem afetar negativamente o ambiente escolar e a autoestima dos docentes, refletindo diretamente na qualidade da educa\u00e7\u00e3o oferecida aos alunos publicamente.<\/p>\n<h2>Como a Sociedade Reagiu a Esse Caso<\/h2>\n<p>A repercuss\u00e3o do incidente com o vereador e a professora foi substancial nas redes sociais e na m\u00eddia convencional. Muitas pessoas apoiaram a categoria de professores, ressaltando a import\u00e2ncia do respeito e valoriza\u00e7\u00e3o de sua luta. O caso inspirou debates sobre a representatividade dos profissionais da educa\u00e7\u00e3o e a urg\u00eancia de melhorar as condi\u00e7\u00f5es de trabalho e remunera\u00e7\u00e3o dos educadores, que desempenham um papel vital na forma\u00e7\u00e3o de cidad\u00e3os e na constru\u00e7\u00e3o da sociedade.<\/p>\n<h2>Reflex\u00f5es sobre Respeito e Profissionalismo<\/h2>\n<p>Este epis\u00f3dio levanta quest\u00f5es sobre como tratados profissionalmente em ambientes que deveriam ser respeitosos. A maneira como as autoridades se comportam em rela\u00e7\u00e3o a educadores n\u00e3o reflete apenas a postura individual de um vereador, mas simboliza uma vis\u00e3o mais ampla sobre a import\u00e2ncia da educa\u00e7\u00e3o na sociedade. Refletir sobre atitudes como a de Jamesson \u00e9 essencial para construir um ambiente mais construtivo e respeitoso em todas as esferas que envolvem a educa\u00e7\u00e3o e seus profissionais.<\/p>\n<div class=\"2410bb7248a64bb1f71103797e0f239b\" data-index=\"3\" style=\"float: none; margin:0px;\">\n<\/br><\/br>\r\n\r\n<ins class=\"adsbygoogle\"\r\n     style=\"display:block\"\r\n     data-ad-format=\"fluid\"\r\n     data-ad-layout-key=\"-63+do+n-1s+9e\"\r\n     data-ad-client=\"ca-pub-8585364105181520\"\r\n     data-ad-slot=\"6838462089\"><\/ins>\r\n<script>\r\n     (adsbygoogle = window.adsbygoogle || []).push({});\r\n<\/script>\n<\/div>\n\n<div style=\"font-size: 0px; height: 0px; line-height: 0px; margin: 0; padding: 0; clear: both;\"><\/div>","protected":false},"excerpt":{"rendered":"<p>Vereador rasga contracheque de professora durante sess\u00e3o na C\u00e2mara de Cama\u00e7ari, causando repercuss\u00e3o.<\/p>\n","protected":false},"author":1,"featured_media":911,"comment_status":"open","ping_status":"closed","sticky":false,"template":"","format":"standard","meta":{"footnotes":""},"categories":[1],"tags":[],"class_list":["post-912","post","type-post","status-publish","format-standard","has-post-thumbnail","hentry","category-noticias-em-camacari","has_thumb"],"aioseo_notices":[],"aioseo_head":"\n\t\t<!-- All in One SEO 5.0.0.1 - aioseo.com -->\n\t<meta name=\"description\" content=\"Vereador rasga contracheque de professora durante sess\u00e3o na C\u00e2mara de Cama\u00e7ari, causando repercuss\u00e3o.\" \/>\n\t<meta name=\"robots\" content=\"max-image-preview:large\" \/>\n\t<meta name=\"author\" content=\"Encontra Cama\u00e7ari\"\/>\n\t<link rel=\"canonical\" href=\"https:\/\/www.encontracamacari.com.br\/sobre\/video-vereador-rasga-contracheque-de-professora-durante-sessao-na-camara-de-camacari\/\" \/>\n\t<meta name=\"generator\" content=\"All in One SEO (AIOSEO) 5.0.0.1\" \/>\n\t\t<meta property=\"og:locale\" content=\"pt_BR\" \/>\n\t\t<meta property=\"og:site_name\" content=\"Encontra Cama\u00e7ari - Not\u00edcias, eventos, informa\u00e7\u00f5es e dicas na cidade de Cama\u00e7ari e regi\u00e3o.\" \/>\n\t\t<meta property=\"og:type\" content=\"article\" \/>\n\t\t<meta property=\"og:title\" content=\"V\u00cdDEO: vereador rasga contracheque de professora durante sess\u00e3o na C\u00e2mara de Cama\u00e7ari - Encontra Cama\u00e7ari\" \/>\n\t\t<meta property=\"og:description\" content=\"Vereador rasga contracheque de professora durante sess\u00e3o na C\u00e2mara de Cama\u00e7ari, causando repercuss\u00e3o.\" \/>\n\t\t<meta property=\"og:url\" content=\"https:\/\/www.encontracamacari.com.br\/sobre\/video-vereador-rasga-contracheque-de-professora-durante-sessao-na-camara-de-camacari\/\" \/>\n\t\t<meta property=\"article:published_time\" content=\"2026-04-12T06:17:55+00:00\" \/>\n\t\t<meta property=\"article:modified_time\" content=\"2026-04-12T06:17:55+00:00\" \/>\n\t\t<meta name=\"twitter:card\" content=\"summary_large_image\" \/>\n\t\t<meta name=\"twitter:title\" content=\"V\u00cdDEO: vereador rasga contracheque de professora durante sess\u00e3o na C\u00e2mara de Cama\u00e7ari - Encontra Cama\u00e7ari\" \/>\n\t\t<meta name=\"twitter:description\" content=\"Vereador rasga contracheque de professora durante sess\u00e3o na C\u00e2mara de Cama\u00e7ari, causando repercuss\u00e3o.\" \/>\n\t\t<script type=\"application\/ld+json\" class=\"aioseo-schema\">\n\t\t\t{\"@context\":\"https:\\\/\\\/schema.org\",\"@graph\":[{\"@type\":\"BlogPosting\",\"@id\":\"https:\\\/\\\/www.encontracamacari.com.br\\\/sobre\\\/video-vereador-rasga-contracheque-de-professora-durante-sessao-na-camara-de-camacari\\\/#blogposting\",\"name\":\"V\\u00cdDEO: vereador rasga contracheque de professora durante sess\\u00e3o na C\\u00e2mara de Cama\\u00e7ari - Encontra Cama\\u00e7ari\",\"headline\":\"V\\u00cdDEO: vereador rasga contracheque de professora durante sess\\u00e3o na C\\u00e2mara de Cama\\u00e7ari\",\"author\":{\"@id\":\"https:\\\/\\\/www.encontracamacari.com.br\\\/sobre\\\/author\\\/ecamacari\\\/#author\"},\"publisher\":{\"@id\":\"https:\\\/\\\/www.encontracamacari.com.br\\\/sobre\\\/#organization\"},\"image\":{\"@type\":\"ImageObject\",\"url\":\"https:\\\/\\\/www.encontracamacari.com.br\\\/sobre\\\/wp-content\\\/uploads\\\/2026\\\/04\\\/video-vereador-rasga-contracheque-de-professora-durante-sessao-na-camara-de-camacari.webp\",\"width\":280,\"height\":280,\"caption\":\"Vereador rasga contracheque de professora\"},\"datePublished\":\"2026-04-12T06:17:55+00:00\",\"dateModified\":\"2026-04-12T06:17:55+00:00\",\"inLanguage\":\"pt-BR\",\"mainEntityOfPage\":{\"@id\":\"https:\\\/\\\/www.encontracamacari.com.br\\\/sobre\\\/video-vereador-rasga-contracheque-de-professora-durante-sessao-na-camara-de-camacari\\\/#webpage\"},\"isPartOf\":{\"@id\":\"https:\\\/\\\/www.encontracamacari.com.br\\\/sobre\\\/video-vereador-rasga-contracheque-de-professora-durante-sessao-na-camara-de-camacari\\\/#webpage\"},\"articleSection\":\"Not\\u00edcias Cama\\u00e7ari\"},{\"@type\":\"BreadcrumbList\",\"@id\":\"https:\\\/\\\/www.encontracamacari.com.br\\\/sobre\\\/video-vereador-rasga-contracheque-de-professora-durante-sessao-na-camara-de-camacari\\\/#breadcrumblist\",\"itemListElement\":[{\"@type\":\"ListItem\",\"@id\":\"https:\\\/\\\/www.encontracamacari.com.br\\\/sobre#listItem\",\"position\":1,\"name\":\"Home\",\"item\":\"https:\\\/\\\/www.encontracamacari.com.br\\\/sobre\",\"nextItem\":{\"@type\":\"ListItem\",\"@id\":\"https:\\\/\\\/www.encontracamacari.com.br\\\/sobre\\\/noticias-em-camacari\\\/#listItem\",\"name\":\"Not\\u00edcias Cama\\u00e7ari\"}},{\"@type\":\"ListItem\",\"@id\":\"https:\\\/\\\/www.encontracamacari.com.br\\\/sobre\\\/noticias-em-camacari\\\/#listItem\",\"position\":2,\"name\":\"Not\\u00edcias Cama\\u00e7ari\",\"item\":\"https:\\\/\\\/www.encontracamacari.com.br\\\/sobre\\\/noticias-em-camacari\\\/\",\"nextItem\":{\"@type\":\"ListItem\",\"@id\":\"https:\\\/\\\/www.encontracamacari.com.br\\\/sobre\\\/video-vereador-rasga-contracheque-de-professora-durante-sessao-na-camara-de-camacari\\\/#listItem\",\"name\":\"V\\u00cdDEO: vereador rasga contracheque de professora durante sess\\u00e3o na C\\u00e2mara de Cama\\u00e7ari\"},\"previousItem\":{\"@type\":\"ListItem\",\"@id\":\"https:\\\/\\\/www.encontracamacari.com.br\\\/sobre#listItem\",\"name\":\"Home\"}},{\"@type\":\"ListItem\",\"@id\":\"https:\\\/\\\/www.encontracamacari.com.br\\\/sobre\\\/video-vereador-rasga-contracheque-de-professora-durante-sessao-na-camara-de-camacari\\\/#listItem\",\"position\":3,\"name\":\"V\\u00cdDEO: vereador rasga contracheque de professora durante sess\\u00e3o na C\\u00e2mara de Cama\\u00e7ari\",\"previousItem\":{\"@type\":\"ListItem\",\"@id\":\"https:\\\/\\\/www.encontracamacari.com.br\\\/sobre\\\/noticias-em-camacari\\\/#listItem\",\"name\":\"Not\\u00edcias Cama\\u00e7ari\"}}]},{\"@type\":\"Organization\",\"@id\":\"https:\\\/\\\/www.encontracamacari.com.br\\\/sobre\\\/#organization\",\"name\":\"Encontra Cama\\u00e7ari\",\"description\":\"Not\\u00edcias, eventos, informa\\u00e7\\u00f5es e dicas na cidade de Cama\\u00e7ari e regi\\u00e3o.\",\"url\":\"https:\\\/\\\/www.encontracamacari.com.br\\\/sobre\\\/\"},{\"@type\":\"Person\",\"@id\":\"https:\\\/\\\/www.encontracamacari.com.br\\\/sobre\\\/author\\\/ecamacari\\\/#author\",\"url\":\"https:\\\/\\\/www.encontracamacari.com.br\\\/sobre\\\/author\\\/ecamacari\\\/\",\"name\":\"Encontra Cama\\u00e7ari\",\"image\":{\"@type\":\"ImageObject\",\"@id\":\"https:\\\/\\\/www.encontracamacari.com.br\\\/sobre\\\/video-vereador-rasga-contracheque-de-professora-durante-sessao-na-camara-de-camacari\\\/#authorImage\",\"url\":\"https:\\\/\\\/secure.gravatar.com\\\/avatar\\\/507340682b8270222e1f208e23198b6ae7e2c6a1033ae84e99bc6bce4f82a387?s=96&d=mm&r=g\",\"width\":96,\"height\":96,\"caption\":\"Encontra Cama\\u00e7ari\"}},{\"@type\":\"WebPage\",\"@id\":\"https:\\\/\\\/www.encontracamacari.com.br\\\/sobre\\\/video-vereador-rasga-contracheque-de-professora-durante-sessao-na-camara-de-camacari\\\/#webpage\",\"url\":\"https:\\\/\\\/www.encontracamacari.com.br\\\/sobre\\\/video-vereador-rasga-contracheque-de-professora-durante-sessao-na-camara-de-camacari\\\/\",\"name\":\"V\\u00cdDEO: vereador rasga contracheque de professora durante sess\\u00e3o na C\\u00e2mara de Cama\\u00e7ari - Encontra Cama\\u00e7ari\",\"description\":\"Vereador rasga contracheque de professora durante sess\\u00e3o na C\\u00e2mara de Cama\\u00e7ari, causando repercuss\\u00e3o.\",\"inLanguage\":\"pt-BR\",\"isPartOf\":{\"@id\":\"https:\\\/\\\/www.encontracamacari.com.br\\\/sobre\\\/#website\"},\"breadcrumb\":{\"@id\":\"https:\\\/\\\/www.encontracamacari.com.br\\\/sobre\\\/video-vereador-rasga-contracheque-de-professora-durante-sessao-na-camara-de-camacari\\\/#breadcrumblist\"},\"author\":{\"@id\":\"https:\\\/\\\/www.encontracamacari.com.br\\\/sobre\\\/author\\\/ecamacari\\\/#author\"},\"creator\":{\"@id\":\"https:\\\/\\\/www.encontracamacari.com.br\\\/sobre\\\/author\\\/ecamacari\\\/#author\"},\"image\":{\"@type\":\"ImageObject\",\"url\":\"https:\\\/\\\/www.encontracamacari.com.br\\\/sobre\\\/wp-content\\\/uploads\\\/2026\\\/04\\\/video-vereador-rasga-contracheque-de-professora-durante-sessao-na-camara-de-camacari.webp\",\"@id\":\"https:\\\/\\\/www.encontracamacari.com.br\\\/sobre\\\/video-vereador-rasga-contracheque-de-professora-durante-sessao-na-camara-de-camacari\\\/#mainImage\",\"width\":280,\"height\":280,\"caption\":\"Vereador rasga contracheque de professora\"},\"primaryImageOfPage\":{\"@id\":\"https:\\\/\\\/www.encontracamacari.com.br\\\/sobre\\\/video-vereador-rasga-contracheque-de-professora-durante-sessao-na-camara-de-camacari\\\/#mainImage\"},\"datePublished\":\"2026-04-12T06:17:55+00:00\",\"dateModified\":\"2026-04-12T06:17:55+00:00\"},{\"@type\":\"WebSite\",\"@id\":\"https:\\\/\\\/www.encontracamacari.com.br\\\/sobre\\\/#website\",\"url\":\"https:\\\/\\\/www.encontracamacari.com.br\\\/sobre\\\/\",\"name\":\"Encontra Cama\\u00e7ari\",\"description\":\"Not\\u00edcias, eventos, informa\\u00e7\\u00f5es e dicas na cidade de Cama\\u00e7ari e regi\\u00e3o.\",\"inLanguage\":\"pt-BR\",\"publisher\":{\"@id\":\"https:\\\/\\\/www.encontracamacari.com.br\\\/sobre\\\/#organization\"}}]}\n\t\t<\/script>\n\t\t<!-- All in One SEO -->\n\n","aioseo_head_json":{"title":"V\u00cdDEO: vereador rasga contracheque de professora durante sess\u00e3o na C\u00e2mara de Cama\u00e7ari - Encontra Cama\u00e7ari","description":"Vereador rasga contracheque de professora durante sess\u00e3o na C\u00e2mara de Cama\u00e7ari, causando repercuss\u00e3o.","canonical_url":"https:\/\/www.encontracamacari.com.br\/sobre\/video-vereador-rasga-contracheque-de-professora-durante-sessao-na-camara-de-camacari\/","robots":"max-image-preview:large","keywords":"","webmasterTools":{"miscellaneous":""},"schema":{"@context":"https:\/\/schema.org","@graph":[{"@type":"BlogPosting","@id":"https:\/\/www.encontracamacari.com.br\/sobre\/video-vereador-rasga-contracheque-de-professora-durante-sessao-na-camara-de-camacari\/#blogposting","name":"V\u00cdDEO: vereador rasga contracheque de professora durante sess\u00e3o na C\u00e2mara de Cama\u00e7ari - Encontra Cama\u00e7ari","headline":"V\u00cdDEO: vereador rasga contracheque de professora durante sess\u00e3o na C\u00e2mara de Cama\u00e7ari","author":{"@id":"https:\/\/www.encontracamacari.com.br\/sobre\/author\/ecamacari\/#author"},"publisher":{"@id":"https:\/\/www.encontracamacari.com.br\/sobre\/#organization"},"image":{"@type":"ImageObject","url":"https:\/\/www.encontracamacari.com.br\/sobre\/wp-content\/uploads\/2026\/04\/video-vereador-rasga-contracheque-de-professora-durante-sessao-na-camara-de-camacari.webp","width":280,"height":280,"caption":"Vereador rasga contracheque de professora"},"datePublished":"2026-04-12T06:17:55+00:00","dateModified":"2026-04-12T06:17:55+00:00","inLanguage":"pt-BR","mainEntityOfPage":{"@id":"https:\/\/www.encontracamacari.com.br\/sobre\/video-vereador-rasga-contracheque-de-professora-durante-sessao-na-camara-de-camacari\/#webpage"},"isPartOf":{"@id":"https:\/\/www.encontracamacari.com.br\/sobre\/video-vereador-rasga-contracheque-de-professora-durante-sessao-na-camara-de-camacari\/#webpage"},"articleSection":"Not\u00edcias Cama\u00e7ari"},{"@type":"BreadcrumbList","@id":"https:\/\/www.encontracamacari.com.br\/sobre\/video-vereador-rasga-contracheque-de-professora-durante-sessao-na-camara-de-camacari\/#breadcrumblist","itemListElement":[{"@type":"ListItem","@id":"https:\/\/www.encontracamacari.com.br\/sobre#listItem","position":1,"name":"Home","item":"https:\/\/www.encontracamacari.com.br\/sobre","nextItem":{"@type":"ListItem","@id":"https:\/\/www.encontracamacari.com.br\/sobre\/noticias-em-camacari\/#listItem","name":"Not\u00edcias Cama\u00e7ari"}},{"@type":"ListItem","@id":"https:\/\/www.encontracamacari.com.br\/sobre\/noticias-em-camacari\/#listItem","position":2,"name":"Not\u00edcias Cama\u00e7ari","item":"https:\/\/www.encontracamacari.com.br\/sobre\/noticias-em-camacari\/","nextItem":{"@type":"ListItem","@id":"https:\/\/www.encontracamacari.com.br\/sobre\/video-vereador-rasga-contracheque-de-professora-durante-sessao-na-camara-de-camacari\/#listItem","name":"V\u00cdDEO: vereador rasga contracheque de professora durante sess\u00e3o na C\u00e2mara de Cama\u00e7ari"},"previousItem":{"@type":"ListItem","@id":"https:\/\/www.encontracamacari.com.br\/sobre#listItem","name":"Home"}},{"@type":"ListItem","@id":"https:\/\/www.encontracamacari.com.br\/sobre\/video-vereador-rasga-contracheque-de-professora-durante-sessao-na-camara-de-camacari\/#listItem","position":3,"name":"V\u00cdDEO: vereador rasga contracheque de professora durante sess\u00e3o na C\u00e2mara de Cama\u00e7ari","previousItem":{"@type":"ListItem","@id":"https:\/\/www.encontracamacari.com.br\/sobre\/noticias-em-camacari\/#listItem","name":"Not\u00edcias Cama\u00e7ari"}}]},{"@type":"Organization","@id":"https:\/\/www.encontracamacari.com.br\/sobre\/#organization","name":"Encontra Cama\u00e7ari","description":"Not\u00edcias, eventos, informa\u00e7\u00f5es e dicas na cidade de Cama\u00e7ari e regi\u00e3o.","url":"https:\/\/www.encontracamacari.com.br\/sobre\/"},{"@type":"Person","@id":"https:\/\/www.encontracamacari.com.br\/sobre\/author\/ecamacari\/#author","url":"https:\/\/www.encontracamacari.com.br\/sobre\/author\/ecamacari\/","name":"Encontra Cama\u00e7ari","image":{"@type":"ImageObject","@id":"https:\/\/www.encontracamacari.com.br\/sobre\/video-vereador-rasga-contracheque-de-professora-durante-sessao-na-camara-de-camacari\/#authorImage","url":"https:\/\/secure.gravatar.com\/avatar\/507340682b8270222e1f208e23198b6ae7e2c6a1033ae84e99bc6bce4f82a387?s=96&d=mm&r=g","width":96,"height":96,"caption":"Encontra Cama\u00e7ari"}},{"@type":"WebPage","@id":"https:\/\/www.encontracamacari.com.br\/sobre\/video-vereador-rasga-contracheque-de-professora-durante-sessao-na-camara-de-camacari\/#webpage","url":"https:\/\/www.encontracamacari.com.br\/sobre\/video-vereador-rasga-contracheque-de-professora-durante-sessao-na-camara-de-camacari\/","name":"V\u00cdDEO: vereador rasga contracheque de professora durante sess\u00e3o na C\u00e2mara de Cama\u00e7ari - Encontra Cama\u00e7ari","description":"Vereador rasga contracheque de professora durante sess\u00e3o na C\u00e2mara de Cama\u00e7ari, causando repercuss\u00e3o.","inLanguage":"pt-BR","isPartOf":{"@id":"https:\/\/www.encontracamacari.com.br\/sobre\/#website"},"breadcrumb":{"@id":"https:\/\/www.encontracamacari.com.br\/sobre\/video-vereador-rasga-contracheque-de-professora-durante-sessao-na-camara-de-camacari\/#breadcrumblist"},"author":{"@id":"https:\/\/www.encontracamacari.com.br\/sobre\/author\/ecamacari\/#author"},"creator":{"@id":"https:\/\/www.encontracamacari.com.br\/sobre\/author\/ecamacari\/#author"},"image":{"@type":"ImageObject","url":"https:\/\/www.encontracamacari.com.br\/sobre\/wp-content\/uploads\/2026\/04\/video-vereador-rasga-contracheque-de-professora-durante-sessao-na-camara-de-camacari.webp","@id":"https:\/\/www.encontracamacari.com.br\/sobre\/video-vereador-rasga-contracheque-de-professora-durante-sessao-na-camara-de-camacari\/#mainImage","width":280,"height":280,"caption":"Vereador rasga contracheque de professora"},"primaryImageOfPage":{"@id":"https:\/\/www.encontracamacari.com.br\/sobre\/video-vereador-rasga-contracheque-de-professora-durante-sessao-na-camara-de-camacari\/#mainImage"},"datePublished":"2026-04-12T06:17:55+00:00","dateModified":"2026-04-12T06:17:55+00:00"},{"@type":"WebSite","@id":"https:\/\/www.encontracamacari.com.br\/sobre\/#website","url":"https:\/\/www.encontracamacari.com.br\/sobre\/","name":"Encontra Cama\u00e7ari","description":"Not\u00edcias, eventos, informa\u00e7\u00f5es e dicas na cidade de Cama\u00e7ari e regi\u00e3o.","inLanguage":"pt-BR","publisher":{"@id":"https:\/\/www.encontracamacari.com.br\/sobre\/#organization"}}]},"og:locale":"pt_BR","og:site_name":"Encontra Cama\u00e7ari - Not\u00edcias, eventos, informa\u00e7\u00f5es e dicas na cidade de Cama\u00e7ari e regi\u00e3o.","og:type":"article","og:title":"V\u00cdDEO: vereador rasga contracheque de professora durante sess\u00e3o na C\u00e2mara de Cama\u00e7ari - Encontra Cama\u00e7ari","og:description":"Vereador rasga contracheque de professora durante sess\u00e3o na C\u00e2mara de Cama\u00e7ari, causando repercuss\u00e3o.","og:url":"https:\/\/www.encontracamacari.com.br\/sobre\/video-vereador-rasga-contracheque-de-professora-durante-sessao-na-camara-de-camacari\/","article:published_time":"2026-04-12T06:17:55+00:00","article:modified_time":"2026-04-12T06:17:55+00:00","twitter:card":"summary_large_image","twitter:title":"V\u00cdDEO: vereador rasga contracheque de professora durante sess\u00e3o na C\u00e2mara de Cama\u00e7ari - Encontra Cama\u00e7ari","twitter:description":"Vereador rasga contracheque de professora durante sess\u00e3o na C\u00e2mara de Cama\u00e7ari, causando repercuss\u00e3o."},"aioseo_meta_data":{"post_id":"912","title":null,"description":null,"keywords":null,"keyphrases":null,"primary_term":null,"canonical_url":null,"og_title":null,"og_description":null,"og_object_type":"default","og_image_type":"default","og_image_url":null,"og_image_width":null,"og_image_height":null,"og_image_custom_url":null,"og_image_custom_fields":null,"og_video":null,"og_custom_url":null,"og_article_section":null,"og_article_tags":null,"twitter_use_og":false,"twitter_card":"default","twitter_image_type":"default","twitter_image_url":null,"twitter_image_custom_url":null,"twitter_image_custom_fields":null,"twitter_title":null,"twitter_description":null,"schema":{"blockGraphs":[],"customGraphs":[],"default":{"data":{"Article":[],"Course":[],"Dataset":[],"FAQPage":[],"Movie":[],"Person":[],"Product":[],"ProductReview":[],"Car":[],"Recipe":[],"Service":[],"SoftwareApplication":[],"WebPage":[]},"graphName":"BlogPosting","isEnabled":true},"graphs":[]},"schema_type":"default","schema_type_options":null,"pillar_content":false,"robots_default":true,"robots_noindex":false,"robots_noarchive":false,"robots_nosnippet":false,"robots_nofollow":false,"robots_noimageindex":false,"robots_noodp":false,"robots_notranslate":false,"robots_max_snippet":null,"robots_max_videopreview":null,"robots_max_imagepreview":"large","priority":null,"frequency":null,"local_seo":null,"limit_modified_date":false,"created":"2026-04-12 06:18:02","updated":"2026-08-06 02:24:40","focus_keyword":null,"additional_keywords":null,"truseo_locale":null,"ai":null,"breadcrumb_settings":null,"seo_analyzer_scan_date":null},"aioseo_breadcrumb":"<div class=\"aioseo-breadcrumbs\"><span class=\"aioseo-breadcrumb\">\n\t\t\t<a href=\"https:\/\/www.encontracamacari.com.br\/sobre\" title=\"Home\">Home<\/a>\n\t\t<\/span><span class=\"aioseo-breadcrumb-separator\">&raquo;<\/span><span class=\"aioseo-breadcrumb\">\n\t\t\t<a href=\"https:\/\/www.encontracamacari.com.br\/sobre\/noticias-em-camacari\/\" title=\"Not\u00edcias Cama\u00e7ari\">Not\u00edcias Cama\u00e7ari<\/a>\n\t\t<\/span><span class=\"aioseo-breadcrumb-separator\">&raquo;<\/span><span class=\"aioseo-breadcrumb\">\n\t\t\tV\u00cdDEO: vereador rasga contracheque de professora durante sess\u00e3o na C\u00e2mara de Cama\u00e7ari\n\t\t<\/span><\/div>","aioseo_breadcrumb_json":[{"label":"Home","link":"https:\/\/www.encontracamacari.com.br\/sobre"},{"label":"Not\u00edcias Cama\u00e7ari","link":"https:\/\/www.encontracamacari.com.br\/sobre\/noticias-em-camacari\/"},{"label":"V\u00cdDEO: vereador rasga contracheque de professora durante sess\u00e3o na C\u00e2mara de Cama\u00e7ari","link":"https:\/\/www.encontracamacari.com.br\/sobre\/video-vereador-rasga-contracheque-de-professora-durante-sessao-na-camara-de-camacari\/"}],"_links":{"self":[{"href":"https:\/\/www.encontracamacari.com.br\/sobre\/wp-json\/wp\/v2\/posts\/912","targetHints":{"allow":["GET"]}}],"collection":[{"href":"https:\/\/www.encontracamacari.com.br\/sobre\/wp-json\/wp\/v2\/posts"}],"about":[{"href":"https:\/\/www.encontracamacari.com.br\/sobre\/wp-json\/wp\/v2\/types\/post"}],"author":[{"embeddable":true,"href":"https:\/\/www.encontracamacari.com.br\/sobre\/wp-json\/wp\/v2\/users\/1"}],"replies":[{"embeddable":true,"href":"https:\/\/www.encontracamacari.com.br\/sobre\/wp-json\/wp\/v2\/comments?post=912"}],"version-history":[{"count":0,"href":"https:\/\/www.encontracamacari.com.br\/sobre\/wp-json\/wp\/v2\/posts\/912\/revisions"}],"wp:featuredmedia":[{"embeddable":true,"href":"https:\/\/www.encontracamacari.com.br\/sobre\/wp-json\/wp\/v2\/media\/911"}],"wp:attachment":[{"href":"https:\/\/www.encontracamacari.com.br\/sobre\/wp-json\/wp\/v2\/media?parent=912"}],"wp:term":[{"taxonomy":"category","embeddable":true,"href":"https:\/\/www.encontracamacari.com.br\/sobre\/wp-json\/wp\/v2\/categories?post=912"},{"taxonomy":"post_tag","embeddable":true,"href":"https:\/\/www.encontracamacari.com.br\/sobre\/wp-json\/wp\/v2\/tags?post=912"}],"curies":[{"name":"wp","href":"https:\/\/api.w.org\/{rel}","templated":true}]}}