{"id":902,"date":"2026-04-10T06:17:15","date_gmt":"2026-04-10T06:17:15","guid":{"rendered":"https:\/\/www.encontracamacari.com.br\/sobre\/audiencia-publica-apresentacao-do-projeto-que-institui-a-rede-nacional-e-internacional-brics\/"},"modified":"2026-04-10T06:17:15","modified_gmt":"2026-04-10T06:17:15","slug":"audiencia-publica-apresentacao-do-projeto-que-institui-a-rede-nacional-e-internacional-brics","status":"publish","type":"post","link":"https:\/\/www.encontracamacari.com.br\/sobre\/audiencia-publica-apresentacao-do-projeto-que-institui-a-rede-nacional-e-internacional-brics\/","title":{"rendered":"Audi\u00eancia P\u00fablica apresenta\u00e7\u00e3o do projeto que institui a Rede Nacional e Internacional\/BRICS"},"content":{"rendered":"<div class=\"2410bb7248a64bb1f71103797e0f239b\" data-index=\"1\" style=\"float: none; margin:0px;\">\n<ins class=\"adsbygoogle\"\r\n     style=\"display:block\"\r\n     data-ad-client=\"ca-pub-8585364105181520\"\r\n     data-ad-slot=\"8789329856\"\r\n     data-ad-format=\"auto\"\r\n     data-full-width-responsive=\"true\"><\/ins>\r\n<script>\r\n     (adsbygoogle = window.adsbygoogle || []).push({});\r\n<\/script>\n<\/div>\n<h2>O que \u00e9 a Rede Nacional e Internacional\/BRICS?<\/h2>\n<p>A Rede Nacional e Internacional\/BRICS \u00e9 uma iniciativa que visa integrar as na\u00e7\u00f5es membros do grupo BRICS &#8211; Brasil, R\u00fassia, \u00cdndia, China e \u00c1frica do Sul &#8211; em uma plataforma colaborativa para fortalecer la\u00e7os econ\u00f4micos, sociais e culturais. Este projeto busca promover parcerias estrat\u00e9gicas e o interc\u00e2mbio de conhecimentos e experi\u00eancias entre os pa\u00edses, proporcionando uma abordagem cooperativa para enfrentar desafios globais comuns.<\/p>\n<h2>Objetivos do projeto apresentado<\/h2>\n<p>Os principais objetivos da Rede Nacional e Internacional\/BRICS incluem:<\/p>\n<ul>\n<li><strong>Fortalecimento da Coopera\u00e7\u00e3o:<\/strong> Promover um ambiente de colabora\u00e7\u00e3o entre os pa\u00edses membros para a resolu\u00e7\u00e3o de problemas que afetam suas economias.<\/li>\n<li><strong>Interc\u00e2mbio Cultural:<\/strong> Incentivar a troca de experi\u00eancias culturais para fomentar a compreens\u00e3o m\u00fatua e a solidariedade entre as na\u00e7\u00f5es.<\/li>\n<li><strong>Desenvolvimento Sustent\u00e1vel:<\/strong> Trabalhar em conjunto para alcan\u00e7ar os Objetivos de Desenvolvimento Sustent\u00e1vel (ODS) propostos pela ONU, abordando quest\u00f5es como pobreza, desigualdade e mudan\u00e7a clim\u00e1tica.<\/li>\n<li><strong>Inova\u00e7\u00e3o e Tecnologia:<\/strong> Facilitar o acesso a novas tecnologias e inova\u00e7\u00f5es, promovendo um ambiente de crescimento econ\u00f4mico din\u00e2mico.<\/li>\n<\/ul>\n<h2>Como a audi\u00eancia p\u00fablica foi organizada<\/h2>\n<p>A audi\u00eancia p\u00fablica para a apresenta\u00e7\u00e3o do projeto da Rede Nacional e Internacional\/BRICS foi organizada de forma a envolver diversos setores da sociedade. A estrutura do evento incluiu:<\/p>\n<p><img decoding=\"async\" src=\"https:\/\/www.encontracamacari.com.br\/sobre\/wp-content\/uploads\/2026\/04\/audiencia-publica-apresentacao-do-projeto-que-institui-a-rede-nacional-e-internacional-brics.webp\" alt=\"Rede Nacional e Internacional\/BRICS\" loading=\"lazy\" \/><\/p>\n<ul>\n<li><strong>F\u00f3runs de Discuss\u00e3o:<\/strong> Foram realizados f\u00f3runs abertos onde os cidad\u00e3os puderam expressar suas opini\u00f5es e sugest\u00f5es sobre o projeto.<\/li>\n<li><strong>Participa\u00e7\u00e3o de Especialistas:<\/strong> Especialistas em rela\u00e7\u00f5es internacionais e representantes de organiza\u00e7\u00f5es da sociedade civil participaram, apresentando suas perspectivas e contribuindo com conhecimentos relevantes.<\/li>\n<li><strong>Divulga\u00e7\u00e3o da M\u00eddia:<\/strong> A audi\u00eancia foi amplamente divulgada por meio de redes sociais e meios de comunica\u00e7\u00e3o, garantindo uma ampla participa\u00e7\u00e3o.<\/li>\n<\/ul>\n<h2>Impactos esperados na economia local<\/h2>\n<p>A implementa\u00e7\u00e3o da Rede Nacional e Internacional\/BRICS deve trazer impactos significativos para a economia local, tais como:<\/p>\n<ul>\n<li><strong>Aumento de Investimentos:<\/strong> Atra\u00e7\u00e3o de investimentos estrangeiros atrav\u00e9s da cria\u00e7\u00e3o de um ambiente mais favor\u00e1vel para neg\u00f3cios.<\/li>\n<li><strong>Cria\u00e7\u00e3o de Empregos:<\/strong> Desenvolvimento de novos projetos e programas que podem gerar oportunidades de trabalho e emprego.<\/li>\n<li><strong>Fomento ao Com\u00e9rcio:<\/strong> Est\u00edmulo ao com\u00e9rcio entre os pa\u00edses membros, ampliando o mercado para produtos e servi\u00e7os locais.<\/li>\n<li><strong>Desenvolvimento de Infraestrutura:<\/strong> Melhoria na infraestrutura local por meio de parcerias e investimentos internacionais, facilitando o crescimento econ\u00f4mico.<\/li>\n<\/ul>\n<h2>Import\u00e2ncia da participa\u00e7\u00e3o cidad\u00e3<\/h2>\n<p>A participa\u00e7\u00e3o cidad\u00e3 \u00e9 um componente crucial para o \u00eaxito da Rede Nacional e Internacional\/BRICS. Motivos que destacam sua import\u00e2ncia incluem:<\/p><div class=\"2410bb7248a64bb1f71103797e0f239b\" data-index=\"2\" style=\"float: none; margin:0px;\">\n<ins class=\"adsbygoogle\"\r\n     style=\"display:block; text-align:center;\"\r\n     data-ad-layout=\"in-article\"\r\n     data-ad-format=\"fluid\"\r\n     data-ad-client=\"ca-pub-8585364105181520\"\r\n     data-ad-slot=\"2899217073\"><\/ins>\r\n<script>\r\n     (adsbygoogle = window.adsbygoogle || []).push({});\r\n<\/script>\r\n\r\n<\/br><\/br>\n<\/div>\n\n<ul>\n<li><strong>Legitimidade do Processo:<\/strong> A inclus\u00e3o da opini\u00e3o p\u00fablica confere legitimidade ao projeto, fazendo com que a popula\u00e7\u00e3o se sinta parte integrante do processo decis\u00f3rio.<\/li>\n<li><strong>Contribui\u00e7\u00e3o de Ideias:<\/strong> Os cidad\u00e3os podem oferecer insights valiosos e sugest\u00f5es que enriquecem o projeto, tornando-o mais alinhado com as necessidades da popula\u00e7\u00e3o.<\/li>\n<li><strong>Mobiliza\u00e7\u00e3o Social:<\/strong> O engajamento da sociedade civil pode gerar um movimento proativo em prol do desenvolvimento e fortalecimento das rela\u00e7\u00f5es internacionais.<\/li>\n<\/ul>\n<h2>A atua\u00e7\u00e3o dos vereadores na discuss\u00e3o<\/h2>\n<p>Os vereadores desempenham um papel fundamental na discuss\u00e3o da Rede Nacional e Internacional\/BRICS, sendo respons\u00e1veis por:<\/p>\n<ul>\n<li><strong>Representa\u00e7\u00e3o:<\/strong> Representar os interesses de sua comunidade nas discuss\u00f5es sobre a rede e suas implica\u00e7\u00f5es.<\/li>\n<li><strong>Debate e An\u00e1lise:<\/strong> Participar ativamente dos debates para analisar os impactos do projeto, contribuindo com a elabora\u00e7\u00e3o de pol\u00edticas que beneficiem a popula\u00e7\u00e3o local.<\/li>\n<li><strong>Comunica\u00e7\u00e3o com a Popula\u00e7\u00e3o:<\/strong> Manter a comunidade informada sobre o andamento do projeto e fomentar espa\u00e7os de di\u00e1logo para esclarecer d\u00favidas.<\/li>\n<\/ul>\n<h2>O papel das m\u00eddias sociais na divulga\u00e7\u00e3o<\/h2>\n<p>As m\u00eddias sociais t\u00eam um papel crucial na divulga\u00e7\u00e3o da Rede Nacional e Internacional\/BRICS. Alguns pontos que evidenciam isso incluem:<\/p>\n<ul>\n<li><strong>Alcance Massivo:<\/strong> As redes sociais permitem que a informa\u00e7\u00e3o chegue a um p\u00fablico amplo e variado de forma r\u00e1pida e eficaz.<\/li>\n<li><strong>Engajamento Direto:<\/strong> As plataformas possibilitam intera\u00e7\u00e3o direta entre cidad\u00e3os e autoridades, criando um canal de di\u00e1logo aberto.<\/li>\n<li><strong>Feedback Imediato:<\/strong> As opini\u00f5es e rea\u00e7\u00f5es \u00e0 proposta podem ser captadas em tempo real, permitindo ajustes e melhorias conforme necess\u00e1rio.<\/li>\n<\/ul>\n<h2>Compara\u00e7\u00e3o com redes internacionais semelhantes<\/h2>\n<p>Comparar a Rede Nacional e Internacional\/BRICS com outras redes internacionais pode trazer li\u00e7\u00f5es valiosas. Exemplos incluem:<\/p>\n<ul>\n<li><strong>Uni\u00e3o Europeia:<\/strong> Focada na integra\u00e7\u00e3o econ\u00f4mica e pol\u00edtica, serve como modelo de coopera\u00e7\u00e3o, mas enfrenta desafios pol\u00edticos internos.<\/li>\n<li><strong>ASEAN:<\/strong> A Associa\u00e7\u00e3o de Na\u00e7\u00f5es do Sudeste Asi\u00e1tico foca em seguran\u00e7a e estabilidade, mostrando a import\u00e2ncia da flexibilidade em alian\u00e7as.<\/li>\n<li><strong>OMC:<\/strong> A Organiza\u00e7\u00e3o Mundial do Com\u00e9rcio, que promove o com\u00e9rcio livre entre na\u00e7\u00f5es, enfatiza a relev\u00e2ncia do di\u00e1logo sobre normas comerciais.<\/li>\n<\/ul>\n<h2>Desafios a serem enfrentados<\/h2>\n<p>Embora a Rede Nacional e Internacional\/BRICS traga muitas oportunidades, alguns desafios precisam ser superados, como:<\/p>\n<ul>\n<li><strong>Diversidade Cultural:<\/strong> Lidar com as diferentes culturas e tradi\u00e7\u00f5es dos pa\u00edses membros \u00e9 fundamental para o sucesso da rede.<\/li>\n<li><strong>Diferen\u00e7as Pol\u00edticas:<\/strong> As diverg\u00eancias pol\u00edticas entre os pa\u00edses podem dificultar a colabora\u00e7\u00e3o e a implementa\u00e7\u00e3o de projetos em conjunto.<\/li>\n<li><strong>Desigualdade Econ\u00f4mica:<\/strong> A disparidade econ\u00f4mica entre os pa\u00edses membros pode criar fric\u00e7\u00f5es nas rela\u00e7\u00f5es.<\/li>\n<\/ul>\n<h2>Como acompanhar o desenvolvimento do projeto<\/h2>\n<p>Para acompanhar o progresso da Rede Nacional e Internacional\/BRICS, os cidad\u00e3os podem:<\/p>\n<ul>\n<li><strong>Participar de Reuni\u00f5es:<\/strong> Acompanhar e participar de reuni\u00f5es e audi\u00eancias p\u00fablicas sobre o projeto.<\/li>\n<li><strong>Seguir nas Redes Sociais:<\/strong> Manter-se atualizado por meio das redes sociais oficiais, onde s\u00e3o divulgadas informa\u00e7\u00f5es e novidades sobre o projeto.<\/li>\n<li><strong>Contribuir com Sugest\u00f5es:<\/strong> Enviar opini\u00f5es e sugest\u00f5es para os representantes locais e participar ativamente do processo de desenvolvimento.<\/li>\n<\/ul>\n<div class=\"2410bb7248a64bb1f71103797e0f239b\" data-index=\"3\" style=\"float: none; margin:0px;\">\n<\/br><\/br>\r\n\r\n<ins class=\"adsbygoogle\"\r\n     style=\"display:block\"\r\n     data-ad-format=\"fluid\"\r\n     data-ad-layout-key=\"-63+do+n-1s+9e\"\r\n     data-ad-client=\"ca-pub-8585364105181520\"\r\n     data-ad-slot=\"6838462089\"><\/ins>\r\n<script>\r\n     (adsbygoogle = window.adsbygoogle || []).push({});\r\n<\/script>\n<\/div>\n\n<div style=\"font-size: 0px; height: 0px; line-height: 0px; margin: 0; padding: 0; clear: both;\"><\/div>","protected":false},"excerpt":{"rendered":"<p>A Rede Nacional e Internacional\/BRICS \u00e9 fundamental para o futuro do nosso pa\u00eds.<\/p>\n","protected":false},"author":1,"featured_media":901,"comment_status":"open","ping_status":"closed","sticky":false,"template":"","format":"standard","meta":{"footnotes":""},"categories":[1],"tags":[],"class_list":["post-902","post","type-post","status-publish","format-standard","has-post-thumbnail","hentry","category-noticias-em-camacari","has_thumb"],"aioseo_notices":[],"aioseo_head":"\n\t\t<!-- All in One SEO 5.0.0.1 - aioseo.com -->\n\t<meta name=\"description\" content=\"A Rede Nacional e Internacional\/BRICS \u00e9 fundamental para o futuro do nosso pa\u00eds.\" \/>\n\t<meta name=\"robots\" content=\"max-image-preview:large\" \/>\n\t<meta name=\"author\" content=\"Encontra Cama\u00e7ari\"\/>\n\t<link rel=\"canonical\" href=\"https:\/\/www.encontracamacari.com.br\/sobre\/audiencia-publica-apresentacao-do-projeto-que-institui-a-rede-nacional-e-internacional-brics\/\" \/>\n\t<meta name=\"generator\" content=\"All in One SEO (AIOSEO) 5.0.0.1\" \/>\n\t\t<meta property=\"og:locale\" content=\"pt_BR\" \/>\n\t\t<meta property=\"og:site_name\" content=\"Encontra Cama\u00e7ari - Not\u00edcias, eventos, informa\u00e7\u00f5es e dicas na cidade de Cama\u00e7ari e regi\u00e3o.\" \/>\n\t\t<meta property=\"og:type\" content=\"article\" \/>\n\t\t<meta property=\"og:title\" content=\"Audi\u00eancia P\u00fablica apresenta\u00e7\u00e3o do projeto que institui a Rede Nacional e Internacional\/BRICS - Encontra Cama\u00e7ari\" \/>\n\t\t<meta property=\"og:description\" content=\"A Rede Nacional e Internacional\/BRICS \u00e9 fundamental para o futuro do nosso pa\u00eds.\" \/>\n\t\t<meta property=\"og:url\" content=\"https:\/\/www.encontracamacari.com.br\/sobre\/audiencia-publica-apresentacao-do-projeto-que-institui-a-rede-nacional-e-internacional-brics\/\" \/>\n\t\t<meta property=\"article:published_time\" content=\"2026-04-10T06:17:15+00:00\" \/>\n\t\t<meta property=\"article:modified_time\" content=\"2026-04-10T06:17:15+00:00\" \/>\n\t\t<meta name=\"twitter:card\" content=\"summary_large_image\" \/>\n\t\t<meta name=\"twitter:title\" content=\"Audi\u00eancia P\u00fablica apresenta\u00e7\u00e3o do projeto que institui a Rede Nacional e Internacional\/BRICS - Encontra Cama\u00e7ari\" \/>\n\t\t<meta name=\"twitter:description\" content=\"A Rede Nacional e Internacional\/BRICS \u00e9 fundamental para o futuro do nosso pa\u00eds.\" \/>\n\t\t<script type=\"application\/ld+json\" class=\"aioseo-schema\">\n\t\t\t{\"@context\":\"https:\\\/\\\/schema.org\",\"@graph\":[{\"@type\":\"BlogPosting\",\"@id\":\"https:\\\/\\\/www.encontracamacari.com.br\\\/sobre\\\/audiencia-publica-apresentacao-do-projeto-que-institui-a-rede-nacional-e-internacional-brics\\\/#blogposting\",\"name\":\"Audi\\u00eancia P\\u00fablica apresenta\\u00e7\\u00e3o do projeto que institui a Rede Nacional e Internacional\\\/BRICS - Encontra Cama\\u00e7ari\",\"headline\":\"Audi\\u00eancia P\\u00fablica apresenta\\u00e7\\u00e3o do projeto que institui a Rede Nacional e Internacional\\\/BRICS\",\"author\":{\"@id\":\"https:\\\/\\\/www.encontracamacari.com.br\\\/sobre\\\/author\\\/ecamacari\\\/#author\"},\"publisher\":{\"@id\":\"https:\\\/\\\/www.encontracamacari.com.br\\\/sobre\\\/#organization\"},\"image\":{\"@type\":\"ImageObject\",\"url\":\"https:\\\/\\\/www.encontracamacari.com.br\\\/sobre\\\/wp-content\\\/uploads\\\/2026\\\/04\\\/audiencia-publica-apresentacao-do-projeto-que-institui-a-rede-nacional-e-internacional-brics.webp\",\"width\":280,\"height\":280,\"caption\":\"Rede Nacional e Internacional\\\/BRICS\"},\"datePublished\":\"2026-04-10T06:17:15+00:00\",\"dateModified\":\"2026-04-10T06:17:15+00:00\",\"inLanguage\":\"pt-BR\",\"mainEntityOfPage\":{\"@id\":\"https:\\\/\\\/www.encontracamacari.com.br\\\/sobre\\\/audiencia-publica-apresentacao-do-projeto-que-institui-a-rede-nacional-e-internacional-brics\\\/#webpage\"},\"isPartOf\":{\"@id\":\"https:\\\/\\\/www.encontracamacari.com.br\\\/sobre\\\/audiencia-publica-apresentacao-do-projeto-que-institui-a-rede-nacional-e-internacional-brics\\\/#webpage\"},\"articleSection\":\"Not\\u00edcias Cama\\u00e7ari\"},{\"@type\":\"BreadcrumbList\",\"@id\":\"https:\\\/\\\/www.encontracamacari.com.br\\\/sobre\\\/audiencia-publica-apresentacao-do-projeto-que-institui-a-rede-nacional-e-internacional-brics\\\/#breadcrumblist\",\"itemListElement\":[{\"@type\":\"ListItem\",\"@id\":\"https:\\\/\\\/www.encontracamacari.com.br\\\/sobre#listItem\",\"position\":1,\"name\":\"Home\",\"item\":\"https:\\\/\\\/www.encontracamacari.com.br\\\/sobre\",\"nextItem\":{\"@type\":\"ListItem\",\"@id\":\"https:\\\/\\\/www.encontracamacari.com.br\\\/sobre\\\/noticias-em-camacari\\\/#listItem\",\"name\":\"Not\\u00edcias Cama\\u00e7ari\"}},{\"@type\":\"ListItem\",\"@id\":\"https:\\\/\\\/www.encontracamacari.com.br\\\/sobre\\\/noticias-em-camacari\\\/#listItem\",\"position\":2,\"name\":\"Not\\u00edcias Cama\\u00e7ari\",\"item\":\"https:\\\/\\\/www.encontracamacari.com.br\\\/sobre\\\/noticias-em-camacari\\\/\",\"nextItem\":{\"@type\":\"ListItem\",\"@id\":\"https:\\\/\\\/www.encontracamacari.com.br\\\/sobre\\\/audiencia-publica-apresentacao-do-projeto-que-institui-a-rede-nacional-e-internacional-brics\\\/#listItem\",\"name\":\"Audi\\u00eancia P\\u00fablica apresenta\\u00e7\\u00e3o do projeto que institui a Rede Nacional e Internacional\\\/BRICS\"},\"previousItem\":{\"@type\":\"ListItem\",\"@id\":\"https:\\\/\\\/www.encontracamacari.com.br\\\/sobre#listItem\",\"name\":\"Home\"}},{\"@type\":\"ListItem\",\"@id\":\"https:\\\/\\\/www.encontracamacari.com.br\\\/sobre\\\/audiencia-publica-apresentacao-do-projeto-que-institui-a-rede-nacional-e-internacional-brics\\\/#listItem\",\"position\":3,\"name\":\"Audi\\u00eancia P\\u00fablica apresenta\\u00e7\\u00e3o do projeto que institui a Rede Nacional e Internacional\\\/BRICS\",\"previousItem\":{\"@type\":\"ListItem\",\"@id\":\"https:\\\/\\\/www.encontracamacari.com.br\\\/sobre\\\/noticias-em-camacari\\\/#listItem\",\"name\":\"Not\\u00edcias Cama\\u00e7ari\"}}]},{\"@type\":\"Organization\",\"@id\":\"https:\\\/\\\/www.encontracamacari.com.br\\\/sobre\\\/#organization\",\"name\":\"Encontra Cama\\u00e7ari\",\"description\":\"Not\\u00edcias, eventos, informa\\u00e7\\u00f5es e dicas na cidade de Cama\\u00e7ari e regi\\u00e3o.\",\"url\":\"https:\\\/\\\/www.encontracamacari.com.br\\\/sobre\\\/\"},{\"@type\":\"Person\",\"@id\":\"https:\\\/\\\/www.encontracamacari.com.br\\\/sobre\\\/author\\\/ecamacari\\\/#author\",\"url\":\"https:\\\/\\\/www.encontracamacari.com.br\\\/sobre\\\/author\\\/ecamacari\\\/\",\"name\":\"Encontra Cama\\u00e7ari\",\"image\":{\"@type\":\"ImageObject\",\"@id\":\"https:\\\/\\\/www.encontracamacari.com.br\\\/sobre\\\/audiencia-publica-apresentacao-do-projeto-que-institui-a-rede-nacional-e-internacional-brics\\\/#authorImage\",\"url\":\"https:\\\/\\\/secure.gravatar.com\\\/avatar\\\/507340682b8270222e1f208e23198b6ae7e2c6a1033ae84e99bc6bce4f82a387?s=96&d=mm&r=g\",\"width\":96,\"height\":96,\"caption\":\"Encontra Cama\\u00e7ari\"}},{\"@type\":\"WebPage\",\"@id\":\"https:\\\/\\\/www.encontracamacari.com.br\\\/sobre\\\/audiencia-publica-apresentacao-do-projeto-que-institui-a-rede-nacional-e-internacional-brics\\\/#webpage\",\"url\":\"https:\\\/\\\/www.encontracamacari.com.br\\\/sobre\\\/audiencia-publica-apresentacao-do-projeto-que-institui-a-rede-nacional-e-internacional-brics\\\/\",\"name\":\"Audi\\u00eancia P\\u00fablica apresenta\\u00e7\\u00e3o do projeto que institui a Rede Nacional e Internacional\\\/BRICS - Encontra Cama\\u00e7ari\",\"description\":\"A Rede Nacional e Internacional\\\/BRICS \\u00e9 fundamental para o futuro do nosso pa\\u00eds.\",\"inLanguage\":\"pt-BR\",\"isPartOf\":{\"@id\":\"https:\\\/\\\/www.encontracamacari.com.br\\\/sobre\\\/#website\"},\"breadcrumb\":{\"@id\":\"https:\\\/\\\/www.encontracamacari.com.br\\\/sobre\\\/audiencia-publica-apresentacao-do-projeto-que-institui-a-rede-nacional-e-internacional-brics\\\/#breadcrumblist\"},\"author\":{\"@id\":\"https:\\\/\\\/www.encontracamacari.com.br\\\/sobre\\\/author\\\/ecamacari\\\/#author\"},\"creator\":{\"@id\":\"https:\\\/\\\/www.encontracamacari.com.br\\\/sobre\\\/author\\\/ecamacari\\\/#author\"},\"image\":{\"@type\":\"ImageObject\",\"url\":\"https:\\\/\\\/www.encontracamacari.com.br\\\/sobre\\\/wp-content\\\/uploads\\\/2026\\\/04\\\/audiencia-publica-apresentacao-do-projeto-que-institui-a-rede-nacional-e-internacional-brics.webp\",\"@id\":\"https:\\\/\\\/www.encontracamacari.com.br\\\/sobre\\\/audiencia-publica-apresentacao-do-projeto-que-institui-a-rede-nacional-e-internacional-brics\\\/#mainImage\",\"width\":280,\"height\":280,\"caption\":\"Rede Nacional e Internacional\\\/BRICS\"},\"primaryImageOfPage\":{\"@id\":\"https:\\\/\\\/www.encontracamacari.com.br\\\/sobre\\\/audiencia-publica-apresentacao-do-projeto-que-institui-a-rede-nacional-e-internacional-brics\\\/#mainImage\"},\"datePublished\":\"2026-04-10T06:17:15+00:00\",\"dateModified\":\"2026-04-10T06:17:15+00:00\"},{\"@type\":\"WebSite\",\"@id\":\"https:\\\/\\\/www.encontracamacari.com.br\\\/sobre\\\/#website\",\"url\":\"https:\\\/\\\/www.encontracamacari.com.br\\\/sobre\\\/\",\"name\":\"Encontra Cama\\u00e7ari\",\"description\":\"Not\\u00edcias, eventos, informa\\u00e7\\u00f5es e dicas na cidade de Cama\\u00e7ari e regi\\u00e3o.\",\"inLanguage\":\"pt-BR\",\"publisher\":{\"@id\":\"https:\\\/\\\/www.encontracamacari.com.br\\\/sobre\\\/#organization\"}}]}\n\t\t<\/script>\n\t\t<!-- All in One SEO -->\n\n","aioseo_head_json":{"title":"Audi\u00eancia P\u00fablica apresenta\u00e7\u00e3o do projeto que institui a Rede Nacional e Internacional\/BRICS - Encontra Cama\u00e7ari","description":"A Rede Nacional e Internacional\/BRICS \u00e9 fundamental para o futuro do nosso pa\u00eds.","canonical_url":"https:\/\/www.encontracamacari.com.br\/sobre\/audiencia-publica-apresentacao-do-projeto-que-institui-a-rede-nacional-e-internacional-brics\/","robots":"max-image-preview:large","keywords":"","webmasterTools":{"miscellaneous":""},"schema":{"@context":"https:\/\/schema.org","@graph":[{"@type":"BlogPosting","@id":"https:\/\/www.encontracamacari.com.br\/sobre\/audiencia-publica-apresentacao-do-projeto-que-institui-a-rede-nacional-e-internacional-brics\/#blogposting","name":"Audi\u00eancia P\u00fablica apresenta\u00e7\u00e3o do projeto que institui a Rede Nacional e Internacional\/BRICS - Encontra Cama\u00e7ari","headline":"Audi\u00eancia P\u00fablica apresenta\u00e7\u00e3o do projeto que institui a Rede Nacional e Internacional\/BRICS","author":{"@id":"https:\/\/www.encontracamacari.com.br\/sobre\/author\/ecamacari\/#author"},"publisher":{"@id":"https:\/\/www.encontracamacari.com.br\/sobre\/#organization"},"image":{"@type":"ImageObject","url":"https:\/\/www.encontracamacari.com.br\/sobre\/wp-content\/uploads\/2026\/04\/audiencia-publica-apresentacao-do-projeto-que-institui-a-rede-nacional-e-internacional-brics.webp","width":280,"height":280,"caption":"Rede Nacional e Internacional\/BRICS"},"datePublished":"2026-04-10T06:17:15+00:00","dateModified":"2026-04-10T06:17:15+00:00","inLanguage":"pt-BR","mainEntityOfPage":{"@id":"https:\/\/www.encontracamacari.com.br\/sobre\/audiencia-publica-apresentacao-do-projeto-que-institui-a-rede-nacional-e-internacional-brics\/#webpage"},"isPartOf":{"@id":"https:\/\/www.encontracamacari.com.br\/sobre\/audiencia-publica-apresentacao-do-projeto-que-institui-a-rede-nacional-e-internacional-brics\/#webpage"},"articleSection":"Not\u00edcias Cama\u00e7ari"},{"@type":"BreadcrumbList","@id":"https:\/\/www.encontracamacari.com.br\/sobre\/audiencia-publica-apresentacao-do-projeto-que-institui-a-rede-nacional-e-internacional-brics\/#breadcrumblist","itemListElement":[{"@type":"ListItem","@id":"https:\/\/www.encontracamacari.com.br\/sobre#listItem","position":1,"name":"Home","item":"https:\/\/www.encontracamacari.com.br\/sobre","nextItem":{"@type":"ListItem","@id":"https:\/\/www.encontracamacari.com.br\/sobre\/noticias-em-camacari\/#listItem","name":"Not\u00edcias Cama\u00e7ari"}},{"@type":"ListItem","@id":"https:\/\/www.encontracamacari.com.br\/sobre\/noticias-em-camacari\/#listItem","position":2,"name":"Not\u00edcias Cama\u00e7ari","item":"https:\/\/www.encontracamacari.com.br\/sobre\/noticias-em-camacari\/","nextItem":{"@type":"ListItem","@id":"https:\/\/www.encontracamacari.com.br\/sobre\/audiencia-publica-apresentacao-do-projeto-que-institui-a-rede-nacional-e-internacional-brics\/#listItem","name":"Audi\u00eancia P\u00fablica apresenta\u00e7\u00e3o do projeto que institui a Rede Nacional e Internacional\/BRICS"},"previousItem":{"@type":"ListItem","@id":"https:\/\/www.encontracamacari.com.br\/sobre#listItem","name":"Home"}},{"@type":"ListItem","@id":"https:\/\/www.encontracamacari.com.br\/sobre\/audiencia-publica-apresentacao-do-projeto-que-institui-a-rede-nacional-e-internacional-brics\/#listItem","position":3,"name":"Audi\u00eancia P\u00fablica apresenta\u00e7\u00e3o do projeto que institui a Rede Nacional e Internacional\/BRICS","previousItem":{"@type":"ListItem","@id":"https:\/\/www.encontracamacari.com.br\/sobre\/noticias-em-camacari\/#listItem","name":"Not\u00edcias Cama\u00e7ari"}}]},{"@type":"Organization","@id":"https:\/\/www.encontracamacari.com.br\/sobre\/#organization","name":"Encontra Cama\u00e7ari","description":"Not\u00edcias, eventos, informa\u00e7\u00f5es e dicas na cidade de Cama\u00e7ari e regi\u00e3o.","url":"https:\/\/www.encontracamacari.com.br\/sobre\/"},{"@type":"Person","@id":"https:\/\/www.encontracamacari.com.br\/sobre\/author\/ecamacari\/#author","url":"https:\/\/www.encontracamacari.com.br\/sobre\/author\/ecamacari\/","name":"Encontra Cama\u00e7ari","image":{"@type":"ImageObject","@id":"https:\/\/www.encontracamacari.com.br\/sobre\/audiencia-publica-apresentacao-do-projeto-que-institui-a-rede-nacional-e-internacional-brics\/#authorImage","url":"https:\/\/secure.gravatar.com\/avatar\/507340682b8270222e1f208e23198b6ae7e2c6a1033ae84e99bc6bce4f82a387?s=96&d=mm&r=g","width":96,"height":96,"caption":"Encontra Cama\u00e7ari"}},{"@type":"WebPage","@id":"https:\/\/www.encontracamacari.com.br\/sobre\/audiencia-publica-apresentacao-do-projeto-que-institui-a-rede-nacional-e-internacional-brics\/#webpage","url":"https:\/\/www.encontracamacari.com.br\/sobre\/audiencia-publica-apresentacao-do-projeto-que-institui-a-rede-nacional-e-internacional-brics\/","name":"Audi\u00eancia P\u00fablica apresenta\u00e7\u00e3o do projeto que institui a Rede Nacional e Internacional\/BRICS - Encontra Cama\u00e7ari","description":"A Rede Nacional e Internacional\/BRICS \u00e9 fundamental para o futuro do nosso pa\u00eds.","inLanguage":"pt-BR","isPartOf":{"@id":"https:\/\/www.encontracamacari.com.br\/sobre\/#website"},"breadcrumb":{"@id":"https:\/\/www.encontracamacari.com.br\/sobre\/audiencia-publica-apresentacao-do-projeto-que-institui-a-rede-nacional-e-internacional-brics\/#breadcrumblist"},"author":{"@id":"https:\/\/www.encontracamacari.com.br\/sobre\/author\/ecamacari\/#author"},"creator":{"@id":"https:\/\/www.encontracamacari.com.br\/sobre\/author\/ecamacari\/#author"},"image":{"@type":"ImageObject","url":"https:\/\/www.encontracamacari.com.br\/sobre\/wp-content\/uploads\/2026\/04\/audiencia-publica-apresentacao-do-projeto-que-institui-a-rede-nacional-e-internacional-brics.webp","@id":"https:\/\/www.encontracamacari.com.br\/sobre\/audiencia-publica-apresentacao-do-projeto-que-institui-a-rede-nacional-e-internacional-brics\/#mainImage","width":280,"height":280,"caption":"Rede Nacional e Internacional\/BRICS"},"primaryImageOfPage":{"@id":"https:\/\/www.encontracamacari.com.br\/sobre\/audiencia-publica-apresentacao-do-projeto-que-institui-a-rede-nacional-e-internacional-brics\/#mainImage"},"datePublished":"2026-04-10T06:17:15+00:00","dateModified":"2026-04-10T06:17:15+00:00"},{"@type":"WebSite","@id":"https:\/\/www.encontracamacari.com.br\/sobre\/#website","url":"https:\/\/www.encontracamacari.com.br\/sobre\/","name":"Encontra Cama\u00e7ari","description":"Not\u00edcias, eventos, informa\u00e7\u00f5es e dicas na cidade de Cama\u00e7ari e regi\u00e3o.","inLanguage":"pt-BR","publisher":{"@id":"https:\/\/www.encontracamacari.com.br\/sobre\/#organization"}}]},"og:locale":"pt_BR","og:site_name":"Encontra Cama\u00e7ari - Not\u00edcias, eventos, informa\u00e7\u00f5es e dicas na cidade de Cama\u00e7ari e regi\u00e3o.","og:type":"article","og:title":"Audi\u00eancia P\u00fablica apresenta\u00e7\u00e3o do projeto que institui a Rede Nacional e Internacional\/BRICS - Encontra Cama\u00e7ari","og:description":"A Rede Nacional e Internacional\/BRICS \u00e9 fundamental para o futuro do nosso pa\u00eds.","og:url":"https:\/\/www.encontracamacari.com.br\/sobre\/audiencia-publica-apresentacao-do-projeto-que-institui-a-rede-nacional-e-internacional-brics\/","article:published_time":"2026-04-10T06:17:15+00:00","article:modified_time":"2026-04-10T06:17:15+00:00","twitter:card":"summary_large_image","twitter:title":"Audi\u00eancia P\u00fablica apresenta\u00e7\u00e3o do projeto que institui a Rede Nacional e Internacional\/BRICS - Encontra Cama\u00e7ari","twitter:description":"A Rede Nacional e Internacional\/BRICS \u00e9 fundamental para o futuro do nosso pa\u00eds."},"aioseo_meta_data":{"post_id":"902","title":null,"description":null,"keywords":null,"keyphrases":null,"primary_term":null,"canonical_url":null,"og_title":null,"og_description":null,"og_object_type":"default","og_image_type":"default","og_image_url":null,"og_image_width":null,"og_image_height":null,"og_image_custom_url":null,"og_image_custom_fields":null,"og_video":null,"og_custom_url":null,"og_article_section":null,"og_article_tags":null,"twitter_use_og":false,"twitter_card":"default","twitter_image_type":"default","twitter_image_url":null,"twitter_image_custom_url":null,"twitter_image_custom_fields":null,"twitter_title":null,"twitter_description":null,"schema":{"blockGraphs":[],"customGraphs":[],"default":{"data":{"Article":[],"Course":[],"Dataset":[],"FAQPage":[],"Movie":[],"Person":[],"Product":[],"ProductReview":[],"Car":[],"Recipe":[],"Service":[],"SoftwareApplication":[],"WebPage":[]},"graphName":"BlogPosting","isEnabled":true},"graphs":[]},"schema_type":"default","schema_type_options":null,"pillar_content":false,"robots_default":true,"robots_noindex":false,"robots_noarchive":false,"robots_nosnippet":false,"robots_nofollow":false,"robots_noimageindex":false,"robots_noodp":false,"robots_notranslate":false,"robots_max_snippet":null,"robots_max_videopreview":null,"robots_max_imagepreview":"large","priority":null,"frequency":null,"local_seo":null,"limit_modified_date":false,"created":"2026-04-10 06:17:18","updated":"2026-08-06 02:04:45","focus_keyword":null,"additional_keywords":null,"truseo_locale":null,"ai":null,"breadcrumb_settings":null,"seo_analyzer_scan_date":null},"aioseo_breadcrumb":"<div class=\"aioseo-breadcrumbs\"><span class=\"aioseo-breadcrumb\">\n\t\t\t<a href=\"https:\/\/www.encontracamacari.com.br\/sobre\" title=\"Home\">Home<\/a>\n\t\t<\/span><span class=\"aioseo-breadcrumb-separator\">&raquo;<\/span><span class=\"aioseo-breadcrumb\">\n\t\t\t<a href=\"https:\/\/www.encontracamacari.com.br\/sobre\/noticias-em-camacari\/\" title=\"Not\u00edcias Cama\u00e7ari\">Not\u00edcias Cama\u00e7ari<\/a>\n\t\t<\/span><span class=\"aioseo-breadcrumb-separator\">&raquo;<\/span><span class=\"aioseo-breadcrumb\">\n\t\t\tAudi\u00eancia P\u00fablica apresenta\u00e7\u00e3o do projeto que institui a Rede Nacional e Internacional\/BRICS\n\t\t<\/span><\/div>","aioseo_breadcrumb_json":[{"label":"Home","link":"https:\/\/www.encontracamacari.com.br\/sobre"},{"label":"Not\u00edcias Cama\u00e7ari","link":"https:\/\/www.encontracamacari.com.br\/sobre\/noticias-em-camacari\/"},{"label":"Audi\u00eancia P\u00fablica apresenta\u00e7\u00e3o do projeto que institui a Rede Nacional e Internacional\/BRICS","link":"https:\/\/www.encontracamacari.com.br\/sobre\/audiencia-publica-apresentacao-do-projeto-que-institui-a-rede-nacional-e-internacional-brics\/"}],"_links":{"self":[{"href":"https:\/\/www.encontracamacari.com.br\/sobre\/wp-json\/wp\/v2\/posts\/902","targetHints":{"allow":["GET"]}}],"collection":[{"href":"https:\/\/www.encontracamacari.com.br\/sobre\/wp-json\/wp\/v2\/posts"}],"about":[{"href":"https:\/\/www.encontracamacari.com.br\/sobre\/wp-json\/wp\/v2\/types\/post"}],"author":[{"embeddable":true,"href":"https:\/\/www.encontracamacari.com.br\/sobre\/wp-json\/wp\/v2\/users\/1"}],"replies":[{"embeddable":true,"href":"https:\/\/www.encontracamacari.com.br\/sobre\/wp-json\/wp\/v2\/comments?post=902"}],"version-history":[{"count":0,"href":"https:\/\/www.encontracamacari.com.br\/sobre\/wp-json\/wp\/v2\/posts\/902\/revisions"}],"wp:featuredmedia":[{"embeddable":true,"href":"https:\/\/www.encontracamacari.com.br\/sobre\/wp-json\/wp\/v2\/media\/901"}],"wp:attachment":[{"href":"https:\/\/www.encontracamacari.com.br\/sobre\/wp-json\/wp\/v2\/media?parent=902"}],"wp:term":[{"taxonomy":"category","embeddable":true,"href":"https:\/\/www.encontracamacari.com.br\/sobre\/wp-json\/wp\/v2\/categories?post=902"},{"taxonomy":"post_tag","embeddable":true,"href":"https:\/\/www.encontracamacari.com.br\/sobre\/wp-json\/wp\/v2\/tags?post=902"}],"curies":[{"name":"wp","href":"https:\/\/api.w.org\/{rel}","templated":true}]}}