{"id":898,"date":"2026-04-10T06:14:45","date_gmt":"2026-04-10T06:14:45","guid":{"rendered":"https:\/\/www.encontracamacari.com.br\/sobre\/11a-sessao-ordinaria-do-1o-periodo-legislativo\/"},"modified":"2026-04-10T06:14:45","modified_gmt":"2026-04-10T06:14:45","slug":"11a-sessao-ordinaria-do-1o-periodo-legislativo","status":"publish","type":"post","link":"https:\/\/www.encontracamacari.com.br\/sobre\/11a-sessao-ordinaria-do-1o-periodo-legislativo\/","title":{"rendered":"11\u00aa Sess\u00e3o Ordin\u00e1ria do 1\u00ba Per\u00edodo Legislativo"},"content":{"rendered":"<div class=\"2410bb7248a64bb1f71103797e0f239b\" data-index=\"1\" style=\"float: none; margin:0px;\">\n<ins class=\"adsbygoogle\"\r\n     style=\"display:block\"\r\n     data-ad-client=\"ca-pub-8585364105181520\"\r\n     data-ad-slot=\"8789329856\"\r\n     data-ad-format=\"auto\"\r\n     data-full-width-responsive=\"true\"><\/ins>\r\n<script>\r\n     (adsbygoogle = window.adsbygoogle || []).push({});\r\n<\/script>\n<\/div>\n<h2>Contextualiza\u00e7\u00e3o da 11\u00aa Sess\u00e3o Ordin\u00e1ria<\/h2>\n<p>A 11\u00aa Sess\u00e3o Ordin\u00e1ria do 1\u00ba Per\u00edodo Legislativo ocorreu na manh\u00e3 do dia 9 de abril de 2026, reunindo os vereadores em um espa\u00e7o onde foram discutidos temas importantes para a comunidade de Cama\u00e7ari. Esta sess\u00e3o \u00e9 parte de um ciclo legislativo que visa promover e debater quest\u00f5es relevantes para o desenvolvimento social e econ\u00f4mico da cidade. O ambiente \u00e9 marcado pela participa\u00e7\u00e3o ativa dos representantes do povo, que buscam solu\u00e7\u00f5es para os anseios da popula\u00e7\u00e3o.<\/p>\n<h2>Principais Temas Abordados na Sess\u00e3o<\/h2>\n<p>Durante a sess\u00e3o, diversos assuntos foram trazidos \u00e0 tona. Entre os principais t\u00f3picos discutidos, destacam-se:<\/p>\n<ul>\n<li><strong>Sa\u00fade P\u00fablica:<\/strong> Debate sobre melhorias nos servi\u00e7os de sa\u00fade e a necessidade de investimentos na infraestrutura hospitalar.<\/li>\n<li><strong>Educa\u00e7\u00e3o:<\/strong> Propostas para a amplia\u00e7\u00e3o das escolas e melhorias nas condi\u00e7\u00f5es de ensino.<\/li>\n<li><strong>Seguran\u00e7a P\u00fablica:<\/strong> Discuss\u00e3o sobre estrat\u00e9gias para aumentar a seguran\u00e7a na cidade, incluindo a presen\u00e7a policial nas \u00e1reas cr\u00edticas.<\/li>\n<li><strong>Desenvolvimento Sustent\u00e1vel:<\/strong> Apresenta\u00e7\u00e3o de projetos voltados para a preserva\u00e7\u00e3o ambiental e o uso consciente dos recursos naturais.<\/li>\n<\/ul>\n<h2>Transpar\u00eancia e Acesso \u00e0 Informa\u00e7\u00e3o Legislativa<\/h2>\n<p>A abertura da sess\u00e3o contou com uma apresenta\u00e7\u00e3o sobre a import\u00e2ncia da transpar\u00eancia na gest\u00e3o p\u00fablica. Os vereadores enfatizaram a relev\u00e2ncia do acesso \u00e0 informa\u00e7\u00e3o para que a popula\u00e7\u00e3o possa acompanhar e verificar as a\u00e7\u00f5es do poder legislativo. Medidas para a amplia\u00e7\u00e3o da comunica\u00e7\u00e3o entre a c\u00e2mara e os cidad\u00e3os foram anunciadas, aspirando aumentar o engajamento e a confian\u00e7a da popula\u00e7\u00e3o nas decis\u00f5es tomadas.<\/p>\n<p><img decoding=\"async\" src=\"https:\/\/www.encontracamacari.com.br\/sobre\/wp-content\/uploads\/2026\/04\/11-sessao-ordinaria-do-1-periodo-legislativo.webp\" alt=\"11\u00aa Sess\u00e3o Ordin\u00e1ria\" loading=\"lazy\" \/><\/p>\n<h2>Impacto das Decis\u00f5es na Comunidade<\/h2>\n<p>As delibera\u00e7\u00f5es ocorridas durante a sess\u00e3o t\u00eam um impacto direto na vida dos moradores. A sa\u00fade da popula\u00e7\u00e3o pode melhorar significativamente com a aprova\u00e7\u00e3o de novas pol\u00edticas p\u00fablicas, assim como a educa\u00e7\u00e3o e a seguran\u00e7a. A proposta de um projeto voltado ao desenvolvimento sustent\u00e1vel visa n\u00e3o apenas a prote\u00e7\u00e3o do meio ambiente, mas tamb\u00e9m a consequentemente melhoria da qualidade de vida dos cidad\u00e3os.<\/p><div class=\"2410bb7248a64bb1f71103797e0f239b\" data-index=\"2\" style=\"float: none; margin:0px;\">\n<ins class=\"adsbygoogle\"\r\n     style=\"display:block; text-align:center;\"\r\n     data-ad-layout=\"in-article\"\r\n     data-ad-format=\"fluid\"\r\n     data-ad-client=\"ca-pub-8585364105181520\"\r\n     data-ad-slot=\"2899217073\"><\/ins>\r\n<script>\r\n     (adsbygoogle = window.adsbygoogle || []).push({});\r\n<\/script>\r\n\r\n<\/br><\/br>\n<\/div>\n\n<h2>Participa\u00e7\u00e3o Popular nas Sess\u00f5es<\/h2>\n<p>A participa\u00e7\u00e3o da popula\u00e7\u00e3o nas sess\u00f5es da c\u00e2mara municipal \u00e9 encorajada. Cidad\u00e3os presentes poder\u00e3o acompanhar de perto as discuss\u00f5es e ter\u00e3o a oportunidade de expressar suas opini\u00f5es durante os per\u00edodos destinados \u00e0s considera\u00e7\u00f5es do p\u00fablico. Isso refor\u00e7a o papel do legislativo como um espa\u00e7o de di\u00e1logo entre representantes e representados.<\/p>\n<h2>Eventos da C\u00e2mara Municipal<\/h2>\n<p>A c\u00e2mara municipal de Cama\u00e7ari est\u00e1 sempre promovendo eventos destinados a informar e integrar a comunidade com a administra\u00e7\u00e3o p\u00fablica. A pr\u00f3xima sess\u00e3o ordin\u00e1ria, programada para o dia 11 de abril, tamb\u00e9m contar\u00e1 com a participa\u00e7\u00e3o de especialistas que ir\u00e3o abordar quest\u00f5es espec\u00edficas a serem discutidas em plen\u00e1rio.<\/p>\n<h2>Comunica\u00e7\u00e3o da C\u00e2mara com os Cidad\u00e3os<\/h2>\n<p>Para aprimorar o di\u00e1logo com a sociedade, a C\u00e2mara Municipal tem investido em canais de comunica\u00e7\u00e3o, como redes sociais e um portal de transpar\u00eancia online. Por meio desses meios, os cidad\u00e3os podem acessar informa\u00e7\u00f5es sobre as atividades legislativas, como tamb\u00e9m apresentar suas sugest\u00f5es e cr\u00edticas, facilitando a intera\u00e7\u00e3o entre a c\u00e2mara e a popula\u00e7\u00e3o.<\/p>\n<h2>Legisla\u00e7\u00e3o em Debate<\/h2>\n<p>Neste encontro, diversas propostas de lei foram apresentadas e debatidas. A vota\u00e7\u00e3o de novos projetos se faz essencial para atender \u00e0s demandas da popula\u00e7\u00e3o, e todos os vereadores est\u00e3o comprometidos em avaliar cada proposta com aten\u00e7\u00e3o e responsabilidade. A tramita\u00e7\u00e3o de iniciativas voltadas para \u00e1reas cr\u00edticas, como a sa\u00fade e educa\u00e7\u00e3o, faz parte do compromisso do legislativo com o progresso social.<\/p>\n<h2>Desafios Encontrados na Sess\u00e3o<\/h2>\n<p>A realiza\u00e7\u00e3o da sess\u00e3o ordin\u00e1ria n\u00e3o est\u00e1 isenta de desafios. A concilia\u00e7\u00e3o de interesses divergentes entre os vereadores e a necessidade de atender \u00e0s demandas populares representam um equil\u00edbrio delicado. Al\u00e9m disso, a discuss\u00e3o sobre o or\u00e7amento e a aloca\u00e7\u00e3o de recursos tamb\u00e9m \u00e9 um tema sens\u00edvel e que exige di\u00e1logo prof\u00edcuo entre os membros da c\u00e2mara.<\/p>\n<h2>Como Acompanhar as Pr\u00f3ximas Sess\u00f5es<\/h2>\n<p>Os cidad\u00e3os podem acompanhar as futuras sess\u00f5es ordin\u00e1rias da C\u00e2mara Municipal de Cama\u00e7ari atrav\u00e9s do site oficial e de suas redes sociais. As datas e hor\u00e1rios das reuni\u00f5es s\u00e3o anunciados com anteced\u00eancia, permitindo que a popula\u00e7\u00e3o participe ativamente. Al\u00e9m disso, grava\u00e7\u00f5es das sess\u00f5es anteriores est\u00e3o dispon\u00edveis na plataforma online da c\u00e2mara, garantindo total acesso \u00e0s atividades legislativas.<\/p>\n<div class=\"2410bb7248a64bb1f71103797e0f239b\" data-index=\"3\" style=\"float: none; margin:0px;\">\n<\/br><\/br>\r\n\r\n<ins class=\"adsbygoogle\"\r\n     style=\"display:block\"\r\n     data-ad-format=\"fluid\"\r\n     data-ad-layout-key=\"-63+do+n-1s+9e\"\r\n     data-ad-client=\"ca-pub-8585364105181520\"\r\n     data-ad-slot=\"6838462089\"><\/ins>\r\n<script>\r\n     (adsbygoogle = window.adsbygoogle || []).push({});\r\n<\/script>\n<\/div>\n\n<div style=\"font-size: 0px; height: 0px; line-height: 0px; margin: 0; padding: 0; clear: both;\"><\/div>","protected":false},"excerpt":{"rendered":"<p>A 11\u00aa Sess\u00e3o Ordin\u00e1ria traz novidades e informa\u00e7\u00f5es essenciais sobre o legislativo.<\/p>\n","protected":false},"author":1,"featured_media":897,"comment_status":"open","ping_status":"closed","sticky":false,"template":"","format":"standard","meta":{"footnotes":""},"categories":[1],"tags":[],"class_list":["post-898","post","type-post","status-publish","format-standard","has-post-thumbnail","hentry","category-noticias-em-camacari","has_thumb"],"aioseo_notices":[],"aioseo_head":"\n\t\t<!-- All in One SEO 5.0.0.1 - aioseo.com -->\n\t<meta name=\"description\" content=\"A 11\u00aa Sess\u00e3o Ordin\u00e1ria traz novidades e informa\u00e7\u00f5es essenciais sobre o legislativo.\" \/>\n\t<meta name=\"robots\" content=\"max-image-preview:large\" \/>\n\t<meta name=\"author\" content=\"Encontra Cama\u00e7ari\"\/>\n\t<link rel=\"canonical\" href=\"https:\/\/www.encontracamacari.com.br\/sobre\/11a-sessao-ordinaria-do-1o-periodo-legislativo\/\" \/>\n\t<meta name=\"generator\" content=\"All in One SEO (AIOSEO) 5.0.0.1\" \/>\n\t\t<meta property=\"og:locale\" content=\"pt_BR\" \/>\n\t\t<meta property=\"og:site_name\" content=\"Encontra Cama\u00e7ari - Not\u00edcias, eventos, informa\u00e7\u00f5es e dicas na cidade de Cama\u00e7ari e regi\u00e3o.\" \/>\n\t\t<meta property=\"og:type\" content=\"article\" \/>\n\t\t<meta property=\"og:title\" content=\"11\u00aa Sess\u00e3o Ordin\u00e1ria do 1\u00ba Per\u00edodo Legislativo - Encontra Cama\u00e7ari\" \/>\n\t\t<meta property=\"og:description\" content=\"A 11\u00aa Sess\u00e3o Ordin\u00e1ria traz novidades e informa\u00e7\u00f5es essenciais sobre o legislativo.\" \/>\n\t\t<meta property=\"og:url\" content=\"https:\/\/www.encontracamacari.com.br\/sobre\/11a-sessao-ordinaria-do-1o-periodo-legislativo\/\" \/>\n\t\t<meta property=\"article:published_time\" content=\"2026-04-10T06:14:45+00:00\" \/>\n\t\t<meta property=\"article:modified_time\" content=\"2026-04-10T06:14:45+00:00\" \/>\n\t\t<meta name=\"twitter:card\" content=\"summary_large_image\" \/>\n\t\t<meta name=\"twitter:title\" content=\"11\u00aa Sess\u00e3o Ordin\u00e1ria do 1\u00ba Per\u00edodo Legislativo - Encontra Cama\u00e7ari\" \/>\n\t\t<meta name=\"twitter:description\" content=\"A 11\u00aa Sess\u00e3o Ordin\u00e1ria traz novidades e informa\u00e7\u00f5es essenciais sobre o legislativo.\" \/>\n\t\t<script type=\"application\/ld+json\" class=\"aioseo-schema\">\n\t\t\t{\"@context\":\"https:\\\/\\\/schema.org\",\"@graph\":[{\"@type\":\"BlogPosting\",\"@id\":\"https:\\\/\\\/www.encontracamacari.com.br\\\/sobre\\\/11a-sessao-ordinaria-do-1o-periodo-legislativo\\\/#blogposting\",\"name\":\"11\\u00aa Sess\\u00e3o Ordin\\u00e1ria do 1\\u00ba Per\\u00edodo Legislativo - Encontra Cama\\u00e7ari\",\"headline\":\"11\\u00aa Sess\\u00e3o Ordin\\u00e1ria do 1\\u00ba Per\\u00edodo Legislativo\",\"author\":{\"@id\":\"https:\\\/\\\/www.encontracamacari.com.br\\\/sobre\\\/author\\\/ecamacari\\\/#author\"},\"publisher\":{\"@id\":\"https:\\\/\\\/www.encontracamacari.com.br\\\/sobre\\\/#organization\"},\"image\":{\"@type\":\"ImageObject\",\"url\":\"https:\\\/\\\/www.encontracamacari.com.br\\\/sobre\\\/wp-content\\\/uploads\\\/2026\\\/04\\\/11-sessao-ordinaria-do-1-periodo-legislativo.webp\",\"width\":280,\"height\":280,\"caption\":\"11\\u00aa Sess\\u00e3o Ordin\\u00e1ria\"},\"datePublished\":\"2026-04-10T06:14:45+00:00\",\"dateModified\":\"2026-04-10T06:14:45+00:00\",\"inLanguage\":\"pt-BR\",\"mainEntityOfPage\":{\"@id\":\"https:\\\/\\\/www.encontracamacari.com.br\\\/sobre\\\/11a-sessao-ordinaria-do-1o-periodo-legislativo\\\/#webpage\"},\"isPartOf\":{\"@id\":\"https:\\\/\\\/www.encontracamacari.com.br\\\/sobre\\\/11a-sessao-ordinaria-do-1o-periodo-legislativo\\\/#webpage\"},\"articleSection\":\"Not\\u00edcias Cama\\u00e7ari\"},{\"@type\":\"BreadcrumbList\",\"@id\":\"https:\\\/\\\/www.encontracamacari.com.br\\\/sobre\\\/11a-sessao-ordinaria-do-1o-periodo-legislativo\\\/#breadcrumblist\",\"itemListElement\":[{\"@type\":\"ListItem\",\"@id\":\"https:\\\/\\\/www.encontracamacari.com.br\\\/sobre#listItem\",\"position\":1,\"name\":\"Home\",\"item\":\"https:\\\/\\\/www.encontracamacari.com.br\\\/sobre\",\"nextItem\":{\"@type\":\"ListItem\",\"@id\":\"https:\\\/\\\/www.encontracamacari.com.br\\\/sobre\\\/noticias-em-camacari\\\/#listItem\",\"name\":\"Not\\u00edcias Cama\\u00e7ari\"}},{\"@type\":\"ListItem\",\"@id\":\"https:\\\/\\\/www.encontracamacari.com.br\\\/sobre\\\/noticias-em-camacari\\\/#listItem\",\"position\":2,\"name\":\"Not\\u00edcias Cama\\u00e7ari\",\"item\":\"https:\\\/\\\/www.encontracamacari.com.br\\\/sobre\\\/noticias-em-camacari\\\/\",\"nextItem\":{\"@type\":\"ListItem\",\"@id\":\"https:\\\/\\\/www.encontracamacari.com.br\\\/sobre\\\/11a-sessao-ordinaria-do-1o-periodo-legislativo\\\/#listItem\",\"name\":\"11\\u00aa Sess\\u00e3o Ordin\\u00e1ria do 1\\u00ba Per\\u00edodo Legislativo\"},\"previousItem\":{\"@type\":\"ListItem\",\"@id\":\"https:\\\/\\\/www.encontracamacari.com.br\\\/sobre#listItem\",\"name\":\"Home\"}},{\"@type\":\"ListItem\",\"@id\":\"https:\\\/\\\/www.encontracamacari.com.br\\\/sobre\\\/11a-sessao-ordinaria-do-1o-periodo-legislativo\\\/#listItem\",\"position\":3,\"name\":\"11\\u00aa Sess\\u00e3o Ordin\\u00e1ria do 1\\u00ba Per\\u00edodo Legislativo\",\"previousItem\":{\"@type\":\"ListItem\",\"@id\":\"https:\\\/\\\/www.encontracamacari.com.br\\\/sobre\\\/noticias-em-camacari\\\/#listItem\",\"name\":\"Not\\u00edcias Cama\\u00e7ari\"}}]},{\"@type\":\"Organization\",\"@id\":\"https:\\\/\\\/www.encontracamacari.com.br\\\/sobre\\\/#organization\",\"name\":\"Encontra Cama\\u00e7ari\",\"description\":\"Not\\u00edcias, eventos, informa\\u00e7\\u00f5es e dicas na cidade de Cama\\u00e7ari e regi\\u00e3o.\",\"url\":\"https:\\\/\\\/www.encontracamacari.com.br\\\/sobre\\\/\"},{\"@type\":\"Person\",\"@id\":\"https:\\\/\\\/www.encontracamacari.com.br\\\/sobre\\\/author\\\/ecamacari\\\/#author\",\"url\":\"https:\\\/\\\/www.encontracamacari.com.br\\\/sobre\\\/author\\\/ecamacari\\\/\",\"name\":\"Encontra Cama\\u00e7ari\",\"image\":{\"@type\":\"ImageObject\",\"@id\":\"https:\\\/\\\/www.encontracamacari.com.br\\\/sobre\\\/11a-sessao-ordinaria-do-1o-periodo-legislativo\\\/#authorImage\",\"url\":\"https:\\\/\\\/secure.gravatar.com\\\/avatar\\\/507340682b8270222e1f208e23198b6ae7e2c6a1033ae84e99bc6bce4f82a387?s=96&d=mm&r=g\",\"width\":96,\"height\":96,\"caption\":\"Encontra Cama\\u00e7ari\"}},{\"@type\":\"WebPage\",\"@id\":\"https:\\\/\\\/www.encontracamacari.com.br\\\/sobre\\\/11a-sessao-ordinaria-do-1o-periodo-legislativo\\\/#webpage\",\"url\":\"https:\\\/\\\/www.encontracamacari.com.br\\\/sobre\\\/11a-sessao-ordinaria-do-1o-periodo-legislativo\\\/\",\"name\":\"11\\u00aa Sess\\u00e3o Ordin\\u00e1ria do 1\\u00ba Per\\u00edodo Legislativo - Encontra Cama\\u00e7ari\",\"description\":\"A 11\\u00aa Sess\\u00e3o Ordin\\u00e1ria traz novidades e informa\\u00e7\\u00f5es essenciais sobre o legislativo.\",\"inLanguage\":\"pt-BR\",\"isPartOf\":{\"@id\":\"https:\\\/\\\/www.encontracamacari.com.br\\\/sobre\\\/#website\"},\"breadcrumb\":{\"@id\":\"https:\\\/\\\/www.encontracamacari.com.br\\\/sobre\\\/11a-sessao-ordinaria-do-1o-periodo-legislativo\\\/#breadcrumblist\"},\"author\":{\"@id\":\"https:\\\/\\\/www.encontracamacari.com.br\\\/sobre\\\/author\\\/ecamacari\\\/#author\"},\"creator\":{\"@id\":\"https:\\\/\\\/www.encontracamacari.com.br\\\/sobre\\\/author\\\/ecamacari\\\/#author\"},\"image\":{\"@type\":\"ImageObject\",\"url\":\"https:\\\/\\\/www.encontracamacari.com.br\\\/sobre\\\/wp-content\\\/uploads\\\/2026\\\/04\\\/11-sessao-ordinaria-do-1-periodo-legislativo.webp\",\"@id\":\"https:\\\/\\\/www.encontracamacari.com.br\\\/sobre\\\/11a-sessao-ordinaria-do-1o-periodo-legislativo\\\/#mainImage\",\"width\":280,\"height\":280,\"caption\":\"11\\u00aa Sess\\u00e3o Ordin\\u00e1ria\"},\"primaryImageOfPage\":{\"@id\":\"https:\\\/\\\/www.encontracamacari.com.br\\\/sobre\\\/11a-sessao-ordinaria-do-1o-periodo-legislativo\\\/#mainImage\"},\"datePublished\":\"2026-04-10T06:14:45+00:00\",\"dateModified\":\"2026-04-10T06:14:45+00:00\"},{\"@type\":\"WebSite\",\"@id\":\"https:\\\/\\\/www.encontracamacari.com.br\\\/sobre\\\/#website\",\"url\":\"https:\\\/\\\/www.encontracamacari.com.br\\\/sobre\\\/\",\"name\":\"Encontra Cama\\u00e7ari\",\"description\":\"Not\\u00edcias, eventos, informa\\u00e7\\u00f5es e dicas na cidade de Cama\\u00e7ari e regi\\u00e3o.\",\"inLanguage\":\"pt-BR\",\"publisher\":{\"@id\":\"https:\\\/\\\/www.encontracamacari.com.br\\\/sobre\\\/#organization\"}}]}\n\t\t<\/script>\n\t\t<!-- All in One SEO -->\n\n","aioseo_head_json":{"title":"11\u00aa Sess\u00e3o Ordin\u00e1ria do 1\u00ba Per\u00edodo Legislativo - Encontra Cama\u00e7ari","description":"A 11\u00aa Sess\u00e3o Ordin\u00e1ria traz novidades e informa\u00e7\u00f5es essenciais sobre o legislativo.","canonical_url":"https:\/\/www.encontracamacari.com.br\/sobre\/11a-sessao-ordinaria-do-1o-periodo-legislativo\/","robots":"max-image-preview:large","keywords":"","webmasterTools":{"miscellaneous":""},"schema":{"@context":"https:\/\/schema.org","@graph":[{"@type":"BlogPosting","@id":"https:\/\/www.encontracamacari.com.br\/sobre\/11a-sessao-ordinaria-do-1o-periodo-legislativo\/#blogposting","name":"11\u00aa Sess\u00e3o Ordin\u00e1ria do 1\u00ba Per\u00edodo Legislativo - Encontra Cama\u00e7ari","headline":"11\u00aa Sess\u00e3o Ordin\u00e1ria do 1\u00ba Per\u00edodo Legislativo","author":{"@id":"https:\/\/www.encontracamacari.com.br\/sobre\/author\/ecamacari\/#author"},"publisher":{"@id":"https:\/\/www.encontracamacari.com.br\/sobre\/#organization"},"image":{"@type":"ImageObject","url":"https:\/\/www.encontracamacari.com.br\/sobre\/wp-content\/uploads\/2026\/04\/11-sessao-ordinaria-do-1-periodo-legislativo.webp","width":280,"height":280,"caption":"11\u00aa Sess\u00e3o Ordin\u00e1ria"},"datePublished":"2026-04-10T06:14:45+00:00","dateModified":"2026-04-10T06:14:45+00:00","inLanguage":"pt-BR","mainEntityOfPage":{"@id":"https:\/\/www.encontracamacari.com.br\/sobre\/11a-sessao-ordinaria-do-1o-periodo-legislativo\/#webpage"},"isPartOf":{"@id":"https:\/\/www.encontracamacari.com.br\/sobre\/11a-sessao-ordinaria-do-1o-periodo-legislativo\/#webpage"},"articleSection":"Not\u00edcias Cama\u00e7ari"},{"@type":"BreadcrumbList","@id":"https:\/\/www.encontracamacari.com.br\/sobre\/11a-sessao-ordinaria-do-1o-periodo-legislativo\/#breadcrumblist","itemListElement":[{"@type":"ListItem","@id":"https:\/\/www.encontracamacari.com.br\/sobre#listItem","position":1,"name":"Home","item":"https:\/\/www.encontracamacari.com.br\/sobre","nextItem":{"@type":"ListItem","@id":"https:\/\/www.encontracamacari.com.br\/sobre\/noticias-em-camacari\/#listItem","name":"Not\u00edcias Cama\u00e7ari"}},{"@type":"ListItem","@id":"https:\/\/www.encontracamacari.com.br\/sobre\/noticias-em-camacari\/#listItem","position":2,"name":"Not\u00edcias Cama\u00e7ari","item":"https:\/\/www.encontracamacari.com.br\/sobre\/noticias-em-camacari\/","nextItem":{"@type":"ListItem","@id":"https:\/\/www.encontracamacari.com.br\/sobre\/11a-sessao-ordinaria-do-1o-periodo-legislativo\/#listItem","name":"11\u00aa Sess\u00e3o Ordin\u00e1ria do 1\u00ba Per\u00edodo Legislativo"},"previousItem":{"@type":"ListItem","@id":"https:\/\/www.encontracamacari.com.br\/sobre#listItem","name":"Home"}},{"@type":"ListItem","@id":"https:\/\/www.encontracamacari.com.br\/sobre\/11a-sessao-ordinaria-do-1o-periodo-legislativo\/#listItem","position":3,"name":"11\u00aa Sess\u00e3o Ordin\u00e1ria do 1\u00ba Per\u00edodo Legislativo","previousItem":{"@type":"ListItem","@id":"https:\/\/www.encontracamacari.com.br\/sobre\/noticias-em-camacari\/#listItem","name":"Not\u00edcias Cama\u00e7ari"}}]},{"@type":"Organization","@id":"https:\/\/www.encontracamacari.com.br\/sobre\/#organization","name":"Encontra Cama\u00e7ari","description":"Not\u00edcias, eventos, informa\u00e7\u00f5es e dicas na cidade de Cama\u00e7ari e regi\u00e3o.","url":"https:\/\/www.encontracamacari.com.br\/sobre\/"},{"@type":"Person","@id":"https:\/\/www.encontracamacari.com.br\/sobre\/author\/ecamacari\/#author","url":"https:\/\/www.encontracamacari.com.br\/sobre\/author\/ecamacari\/","name":"Encontra Cama\u00e7ari","image":{"@type":"ImageObject","@id":"https:\/\/www.encontracamacari.com.br\/sobre\/11a-sessao-ordinaria-do-1o-periodo-legislativo\/#authorImage","url":"https:\/\/secure.gravatar.com\/avatar\/507340682b8270222e1f208e23198b6ae7e2c6a1033ae84e99bc6bce4f82a387?s=96&d=mm&r=g","width":96,"height":96,"caption":"Encontra Cama\u00e7ari"}},{"@type":"WebPage","@id":"https:\/\/www.encontracamacari.com.br\/sobre\/11a-sessao-ordinaria-do-1o-periodo-legislativo\/#webpage","url":"https:\/\/www.encontracamacari.com.br\/sobre\/11a-sessao-ordinaria-do-1o-periodo-legislativo\/","name":"11\u00aa Sess\u00e3o Ordin\u00e1ria do 1\u00ba Per\u00edodo Legislativo - Encontra Cama\u00e7ari","description":"A 11\u00aa Sess\u00e3o Ordin\u00e1ria traz novidades e informa\u00e7\u00f5es essenciais sobre o legislativo.","inLanguage":"pt-BR","isPartOf":{"@id":"https:\/\/www.encontracamacari.com.br\/sobre\/#website"},"breadcrumb":{"@id":"https:\/\/www.encontracamacari.com.br\/sobre\/11a-sessao-ordinaria-do-1o-periodo-legislativo\/#breadcrumblist"},"author":{"@id":"https:\/\/www.encontracamacari.com.br\/sobre\/author\/ecamacari\/#author"},"creator":{"@id":"https:\/\/www.encontracamacari.com.br\/sobre\/author\/ecamacari\/#author"},"image":{"@type":"ImageObject","url":"https:\/\/www.encontracamacari.com.br\/sobre\/wp-content\/uploads\/2026\/04\/11-sessao-ordinaria-do-1-periodo-legislativo.webp","@id":"https:\/\/www.encontracamacari.com.br\/sobre\/11a-sessao-ordinaria-do-1o-periodo-legislativo\/#mainImage","width":280,"height":280,"caption":"11\u00aa Sess\u00e3o Ordin\u00e1ria"},"primaryImageOfPage":{"@id":"https:\/\/www.encontracamacari.com.br\/sobre\/11a-sessao-ordinaria-do-1o-periodo-legislativo\/#mainImage"},"datePublished":"2026-04-10T06:14:45+00:00","dateModified":"2026-04-10T06:14:45+00:00"},{"@type":"WebSite","@id":"https:\/\/www.encontracamacari.com.br\/sobre\/#website","url":"https:\/\/www.encontracamacari.com.br\/sobre\/","name":"Encontra Cama\u00e7ari","description":"Not\u00edcias, eventos, informa\u00e7\u00f5es e dicas na cidade de Cama\u00e7ari e regi\u00e3o.","inLanguage":"pt-BR","publisher":{"@id":"https:\/\/www.encontracamacari.com.br\/sobre\/#organization"}}]},"og:locale":"pt_BR","og:site_name":"Encontra Cama\u00e7ari - Not\u00edcias, eventos, informa\u00e7\u00f5es e dicas na cidade de Cama\u00e7ari e regi\u00e3o.","og:type":"article","og:title":"11\u00aa Sess\u00e3o Ordin\u00e1ria do 1\u00ba Per\u00edodo Legislativo - Encontra Cama\u00e7ari","og:description":"A 11\u00aa Sess\u00e3o Ordin\u00e1ria traz novidades e informa\u00e7\u00f5es essenciais sobre o legislativo.","og:url":"https:\/\/www.encontracamacari.com.br\/sobre\/11a-sessao-ordinaria-do-1o-periodo-legislativo\/","article:published_time":"2026-04-10T06:14:45+00:00","article:modified_time":"2026-04-10T06:14:45+00:00","twitter:card":"summary_large_image","twitter:title":"11\u00aa Sess\u00e3o Ordin\u00e1ria do 1\u00ba Per\u00edodo Legislativo - Encontra Cama\u00e7ari","twitter:description":"A 11\u00aa Sess\u00e3o Ordin\u00e1ria traz novidades e informa\u00e7\u00f5es essenciais sobre o legislativo."},"aioseo_meta_data":{"post_id":"898","title":null,"description":null,"keywords":null,"keyphrases":null,"primary_term":null,"canonical_url":null,"og_title":null,"og_description":null,"og_object_type":"default","og_image_type":"default","og_image_url":null,"og_image_width":null,"og_image_height":null,"og_image_custom_url":null,"og_image_custom_fields":null,"og_video":null,"og_custom_url":null,"og_article_section":null,"og_article_tags":null,"twitter_use_og":false,"twitter_card":"default","twitter_image_type":"default","twitter_image_url":null,"twitter_image_custom_url":null,"twitter_image_custom_fields":null,"twitter_title":null,"twitter_description":null,"schema":{"blockGraphs":[],"customGraphs":[],"default":{"data":{"Article":[],"Course":[],"Dataset":[],"FAQPage":[],"Movie":[],"Person":[],"Product":[],"ProductReview":[],"Car":[],"Recipe":[],"Service":[],"SoftwareApplication":[],"WebPage":[]},"graphName":"BlogPosting","isEnabled":true},"graphs":[]},"schema_type":"default","schema_type_options":null,"pillar_content":false,"robots_default":true,"robots_noindex":false,"robots_noarchive":false,"robots_nosnippet":false,"robots_nofollow":false,"robots_noimageindex":false,"robots_noodp":false,"robots_notranslate":false,"robots_max_snippet":null,"robots_max_videopreview":null,"robots_max_imagepreview":"large","priority":null,"frequency":null,"local_seo":null,"limit_modified_date":false,"created":"2026-04-10 06:14:49","updated":"2026-08-06 02:04:44","focus_keyword":null,"additional_keywords":null,"truseo_locale":null,"ai":null,"breadcrumb_settings":null,"seo_analyzer_scan_date":null},"aioseo_breadcrumb":"<div class=\"aioseo-breadcrumbs\"><span class=\"aioseo-breadcrumb\">\n\t\t\t<a href=\"https:\/\/www.encontracamacari.com.br\/sobre\" title=\"Home\">Home<\/a>\n\t\t<\/span><span class=\"aioseo-breadcrumb-separator\">&raquo;<\/span><span class=\"aioseo-breadcrumb\">\n\t\t\t<a href=\"https:\/\/www.encontracamacari.com.br\/sobre\/noticias-em-camacari\/\" title=\"Not\u00edcias Cama\u00e7ari\">Not\u00edcias Cama\u00e7ari<\/a>\n\t\t<\/span><span class=\"aioseo-breadcrumb-separator\">&raquo;<\/span><span class=\"aioseo-breadcrumb\">\n\t\t\t11\u00aa Sess\u00e3o Ordin\u00e1ria do 1\u00ba Per\u00edodo Legislativo\n\t\t<\/span><\/div>","aioseo_breadcrumb_json":[{"label":"Home","link":"https:\/\/www.encontracamacari.com.br\/sobre"},{"label":"Not\u00edcias Cama\u00e7ari","link":"https:\/\/www.encontracamacari.com.br\/sobre\/noticias-em-camacari\/"},{"label":"11\u00aa Sess\u00e3o Ordin\u00e1ria do 1\u00ba Per\u00edodo Legislativo","link":"https:\/\/www.encontracamacari.com.br\/sobre\/11a-sessao-ordinaria-do-1o-periodo-legislativo\/"}],"_links":{"self":[{"href":"https:\/\/www.encontracamacari.com.br\/sobre\/wp-json\/wp\/v2\/posts\/898","targetHints":{"allow":["GET"]}}],"collection":[{"href":"https:\/\/www.encontracamacari.com.br\/sobre\/wp-json\/wp\/v2\/posts"}],"about":[{"href":"https:\/\/www.encontracamacari.com.br\/sobre\/wp-json\/wp\/v2\/types\/post"}],"author":[{"embeddable":true,"href":"https:\/\/www.encontracamacari.com.br\/sobre\/wp-json\/wp\/v2\/users\/1"}],"replies":[{"embeddable":true,"href":"https:\/\/www.encontracamacari.com.br\/sobre\/wp-json\/wp\/v2\/comments?post=898"}],"version-history":[{"count":0,"href":"https:\/\/www.encontracamacari.com.br\/sobre\/wp-json\/wp\/v2\/posts\/898\/revisions"}],"wp:featuredmedia":[{"embeddable":true,"href":"https:\/\/www.encontracamacari.com.br\/sobre\/wp-json\/wp\/v2\/media\/897"}],"wp:attachment":[{"href":"https:\/\/www.encontracamacari.com.br\/sobre\/wp-json\/wp\/v2\/media?parent=898"}],"wp:term":[{"taxonomy":"category","embeddable":true,"href":"https:\/\/www.encontracamacari.com.br\/sobre\/wp-json\/wp\/v2\/categories?post=898"},{"taxonomy":"post_tag","embeddable":true,"href":"https:\/\/www.encontracamacari.com.br\/sobre\/wp-json\/wp\/v2\/tags?post=898"}],"curies":[{"name":"wp","href":"https:\/\/api.w.org\/{rel}","templated":true}]}}