{"id":892,"date":"2026-04-09T06:15:08","date_gmt":"2026-04-09T06:15:08","guid":{"rendered":"https:\/\/www.encontracamacari.com.br\/sobre\/reuniao-da-comissao-de-defesa-dos-direitos-da-pessoa-idosa\/"},"modified":"2026-04-09T06:15:08","modified_gmt":"2026-04-09T06:15:08","slug":"reuniao-da-comissao-de-defesa-dos-direitos-da-pessoa-idosa","status":"publish","type":"post","link":"https:\/\/www.encontracamacari.com.br\/sobre\/reuniao-da-comissao-de-defesa-dos-direitos-da-pessoa-idosa\/","title":{"rendered":"Reuni\u00e3o da Comiss\u00e3o de Defesa dos Direitos da Pessoa Idosa"},"content":{"rendered":"<div class=\"2410bb7248a64bb1f71103797e0f239b\" data-index=\"1\" style=\"float: none; margin:0px;\">\n<ins class=\"adsbygoogle\"\r\n     style=\"display:block\"\r\n     data-ad-client=\"ca-pub-8585364105181520\"\r\n     data-ad-slot=\"8789329856\"\r\n     data-ad-format=\"auto\"\r\n     data-full-width-responsive=\"true\"><\/ins>\r\n<script>\r\n     (adsbygoogle = window.adsbygoogle || []).push({});\r\n<\/script>\n<\/div>\n<h2>Import\u00e2ncia da Comiss\u00e3o de Defesa dos Direitos da Pessoa Idosa<\/h2>\n<p>A Comiss\u00e3o de Defesa dos Direitos da Pessoa Idosa desempenha um papel fundamental na promo\u00e7\u00e3o e prote\u00e7\u00e3o dos direitos dos cidad\u00e3os mais velhos. Este grupo \u00e9 respons\u00e1vel por garantir que as pol\u00edticas p\u00fablicas voltadas para essa faixa et\u00e1ria sejam adequadamente implementadas e que seus interesses sejam representados nas discuss\u00f5es legislativas. A presen\u00e7a dessa comiss\u00e3o \u00e9 essencial para aumentar a conscientiza\u00e7\u00e3o sobre as quest\u00f5es que afetam a popula\u00e7\u00e3o idosa, promovendo medidas que assegurem dignidade, respeito e qualidade de vida.<\/p>\n<h2>Data e Local da Reuni\u00e3o<\/h2>\n<p>A reuni\u00e3o da Comiss\u00e3o de Defesa dos Direitos da Pessoa Idosa ocorreu no dia 7 de abril de 2026, com a participa\u00e7\u00e3o dos seus membros e convidados, proporcionando um espa\u00e7o para debat\u00ea-las. Essa data marca um importante momento de reflex\u00e3o sobre os desafios enfrentados por essa popula\u00e7\u00e3o e como as pol\u00edticas locais podem ser moldadas para atender a essas necessidades.<\/p>\n<h2>Representantes Presentes<\/h2>\n<p>A sess\u00e3o teve a presen\u00e7a dos seguintes representantes:<\/p>\n<p><img decoding=\"async\" src=\"https:\/\/www.encontracamacari.com.br\/sobre\/wp-content\/uploads\/2026\/04\/reuniao-da-comissao-de-defesa-dos-direitos-da-pessoa-idosa.webp\" alt=\"Comiss\u00e3o de Defesa dos Direitos da Pessoa Idosa\" loading=\"lazy\" \/><\/p>\n<ul>\n<li><strong>Manoel Jacar\u00e9<\/strong> &#8211; Vereador e membro da comiss\u00e3o, participou ativamente dos debates.<\/li>\n<li><strong>Tagner Cerqueira<\/strong> &#8211; Presidente da comiss\u00e3o, respons\u00e1vel por coordenar as discuss\u00f5es.<\/li>\n<li><strong>Paulinho do Som<\/strong> &#8211; Membro da comiss\u00e3o, cuja participa\u00e7\u00e3o foi registrada como ausente nesta reuni\u00e3o.<\/li>\n<\/ul>\n<h2>Pauta da Reuni\u00e3o<\/h2>\n<p>A pauta discutida durante a reuni\u00e3o abordou t\u00f3picos relevantes, incluindo:<\/p>\n<ol>\n<li>Di\u00e1logo com o Conselho Municipal dos Direitos da Pessoa Idosa, visando alinhar esfor\u00e7os em prol da defesa dos direitos dos idosos.<\/li>\n<li>An\u00e1lise das pol\u00edticas existentes e propostas de melhorias que possam ser implementadas no munic\u00edpio.<\/li>\n<\/ol>\n<p>Esses itens foram fundamentais para o progresso das discuss\u00f5es sobre como atender melhor as demandas do p\u00fablico idoso.<\/p>\n<h2>Resumo da Sess\u00e3o<\/h2>\n<p>Nesta sess\u00e3o, a comiss\u00e3o se debru\u00e7ou sobre a import\u00e2ncia de estabelecer um canal de comunica\u00e7\u00e3o efetivo com o Conselho Municipal dos Direitos da Pessoa Idosa. Durante os debates, foram levantadas v\u00e1rias quest\u00f5es sobre as dificuldades enfrentadas pelos idosos no cotidiano e as lacunas nas pol\u00edticas p\u00fablicas. O di\u00e1logo colaborativo busca n\u00e3o apenas ouvir as demandas mas tamb\u00e9m elaborar propostas tang\u00edveis que melhorarem a qualidade de vida dessa popula\u00e7\u00e3o.<\/p><div class=\"2410bb7248a64bb1f71103797e0f239b\" data-index=\"2\" style=\"float: none; margin:0px;\">\n<ins class=\"adsbygoogle\"\r\n     style=\"display:block; text-align:center;\"\r\n     data-ad-layout=\"in-article\"\r\n     data-ad-format=\"fluid\"\r\n     data-ad-client=\"ca-pub-8585364105181520\"\r\n     data-ad-slot=\"2899217073\"><\/ins>\r\n<script>\r\n     (adsbygoogle = window.adsbygoogle || []).push({});\r\n<\/script>\r\n\r\n<\/br><\/br>\n<\/div>\n\n<h2>Principais Temas Abordados<\/h2>\n<p>Os principais temas abordados na reuni\u00e3o inclu\u00edram:<\/p>\n<ul>\n<li><strong>Educa\u00e7\u00e3o e Conscientiza\u00e7\u00e3o:<\/strong> A necessidade de programas informativos e educacionais para ajudar os idosos a entenderem seus direitos.<\/li>\n<li><strong>Acesso \u00e0 Sa\u00fade:<\/strong> Discuss\u00f5es sobre a melhoria do acesso aos servi\u00e7os de sa\u00fade, com foco na cria\u00e7\u00e3o de iniciativas que considerem as especificidades dessa faixa et\u00e1ria.<\/li>\n<li><strong>Inclus\u00e3o Social:<\/strong> Propostas para promover a inclus\u00e3o social dos idosos em atividades culturais e recreativas, assim como em iniciativas que possibilitem sua participa\u00e7\u00e3o ativa na comunidade.<\/li>\n<\/ul>\n<h2>Documentos Relacionados \u00e0 Reuni\u00e3o<\/h2>\n<p>No momento, n\u00e3o houve documentos apresentados na reuni\u00e3o, mas notou-se a import\u00e2ncia de registrar as delibera\u00e7\u00f5es e encaminhamentos da comiss\u00e3o para futuras reuni\u00f5es. Esses registros s\u00e3o vitais para monitorar o progresso das a\u00e7\u00f5es propostas e garantir a continuidade do di\u00e1logo sobre os direitos dos idosos.<\/p>\n<h2>V\u00eddeo da Transmiss\u00e3o<\/h2>\n<p>Infelizmente, n\u00e3o houve transmiss\u00e3o em v\u00eddeo da sess\u00e3o, o que limita o acesso das informa\u00e7\u00f5es discutidas para aqueles que n\u00e3o puderam comparecer. Fica a recomenda\u00e7\u00e3o para que futuras reuni\u00f5es busquem disponibilizar a grava\u00e7\u00e3o das discuss\u00f5es, ampliando a transpar\u00eancia e o alcance do trabalho da comiss\u00e3o.<\/p>\n<h2>Atividades Futuras da Comiss\u00e3o<\/h2>\n<p>Para as pr\u00f3ximas semanas, a Comiss\u00e3o de Defesa dos Direitos da Pessoa Idosa planeja agendar encontros com diferentes setores da sociedade civil para abordar as pol\u00edticas e melhorias necess\u00e1rias. Tamb\u00e9m ser\u00e1 realizada uma pesquisa para coletar dados das comunidades sobre os problemas enfrentados pelos idosos e sugest\u00f5es de melhorias.<\/p>\n<h2>Como Acompanhar as Pr\u00f3ximas Reuni\u00f5es<\/h2>\n<p>Os cidad\u00e3os interessados em acompanhar as atividades da Comiss\u00e3o podem faz\u00ea-lo atrav\u00e9s do website oficial da C\u00e2mara Municipal, onde s\u00e3o divulgadas as datas das pr\u00f3ximas reuni\u00f5es, pautas e informa\u00e7\u00f5es adicionais sobre o trabalho da comiss\u00e3o. Al\u00e9m disso, \u00e9 recomendado seguir as redes sociais da C\u00e2mara para atualiza\u00e7\u00f5es em tempo real e informa\u00e7\u00f5es sobre envolvimento comunit\u00e1rio.<\/p>\n<p>Essas pr\u00e1ticas p\u00fablicas s\u00e3o essenciais para construir um canal de comunica\u00e7\u00e3o eficaz entre a comiss\u00e3o, a sociedade civil e o poder p\u00fablico, refletindo o compromisso com os direitos da popula\u00e7\u00e3o idosa.<\/p>\n<div class=\"2410bb7248a64bb1f71103797e0f239b\" data-index=\"3\" style=\"float: none; margin:0px;\">\n<\/br><\/br>\r\n\r\n<ins class=\"adsbygoogle\"\r\n     style=\"display:block\"\r\n     data-ad-format=\"fluid\"\r\n     data-ad-layout-key=\"-63+do+n-1s+9e\"\r\n     data-ad-client=\"ca-pub-8585364105181520\"\r\n     data-ad-slot=\"6838462089\"><\/ins>\r\n<script>\r\n     (adsbygoogle = window.adsbygoogle || []).push({});\r\n<\/script>\n<\/div>\n\n<div style=\"font-size: 0px; height: 0px; line-height: 0px; margin: 0; padding: 0; clear: both;\"><\/div>","protected":false},"excerpt":{"rendered":"<p>Descubra os detalhes da reuni\u00e3o da Comiss\u00e3o de Defesa dos Direitos da Pessoa Idosa.<\/p>\n","protected":false},"author":1,"featured_media":891,"comment_status":"open","ping_status":"closed","sticky":false,"template":"","format":"standard","meta":{"footnotes":""},"categories":[1],"tags":[],"class_list":["post-892","post","type-post","status-publish","format-standard","has-post-thumbnail","hentry","category-noticias-em-camacari","has_thumb"],"aioseo_notices":[],"aioseo_head":"\n\t\t<!-- All in One SEO 5.0.0.1 - aioseo.com -->\n\t<meta name=\"description\" content=\"Descubra os detalhes da reuni\u00e3o da Comiss\u00e3o de Defesa dos Direitos da Pessoa Idosa.\" \/>\n\t<meta name=\"robots\" content=\"max-image-preview:large\" \/>\n\t<meta name=\"author\" content=\"Encontra Cama\u00e7ari\"\/>\n\t<link rel=\"canonical\" href=\"https:\/\/www.encontracamacari.com.br\/sobre\/reuniao-da-comissao-de-defesa-dos-direitos-da-pessoa-idosa\/\" \/>\n\t<meta name=\"generator\" content=\"All in One SEO (AIOSEO) 5.0.0.1\" \/>\n\t\t<meta property=\"og:locale\" content=\"pt_BR\" \/>\n\t\t<meta property=\"og:site_name\" content=\"Encontra Cama\u00e7ari - Not\u00edcias, eventos, informa\u00e7\u00f5es e dicas na cidade de Cama\u00e7ari e regi\u00e3o.\" \/>\n\t\t<meta property=\"og:type\" content=\"article\" \/>\n\t\t<meta property=\"og:title\" content=\"Reuni\u00e3o da Comiss\u00e3o de Defesa dos Direitos da Pessoa Idosa - Encontra Cama\u00e7ari\" \/>\n\t\t<meta property=\"og:description\" content=\"Descubra os detalhes da reuni\u00e3o da Comiss\u00e3o de Defesa dos Direitos da Pessoa Idosa.\" \/>\n\t\t<meta property=\"og:url\" content=\"https:\/\/www.encontracamacari.com.br\/sobre\/reuniao-da-comissao-de-defesa-dos-direitos-da-pessoa-idosa\/\" \/>\n\t\t<meta property=\"article:published_time\" content=\"2026-04-09T06:15:08+00:00\" \/>\n\t\t<meta property=\"article:modified_time\" content=\"2026-04-09T06:15:08+00:00\" \/>\n\t\t<meta name=\"twitter:card\" content=\"summary_large_image\" \/>\n\t\t<meta name=\"twitter:title\" content=\"Reuni\u00e3o da Comiss\u00e3o de Defesa dos Direitos da Pessoa Idosa - Encontra Cama\u00e7ari\" \/>\n\t\t<meta name=\"twitter:description\" content=\"Descubra os detalhes da reuni\u00e3o da Comiss\u00e3o de Defesa dos Direitos da Pessoa Idosa.\" \/>\n\t\t<script type=\"application\/ld+json\" class=\"aioseo-schema\">\n\t\t\t{\"@context\":\"https:\\\/\\\/schema.org\",\"@graph\":[{\"@type\":\"BlogPosting\",\"@id\":\"https:\\\/\\\/www.encontracamacari.com.br\\\/sobre\\\/reuniao-da-comissao-de-defesa-dos-direitos-da-pessoa-idosa\\\/#blogposting\",\"name\":\"Reuni\\u00e3o da Comiss\\u00e3o de Defesa dos Direitos da Pessoa Idosa - Encontra Cama\\u00e7ari\",\"headline\":\"Reuni\\u00e3o da Comiss\\u00e3o de Defesa dos Direitos da Pessoa Idosa\",\"author\":{\"@id\":\"https:\\\/\\\/www.encontracamacari.com.br\\\/sobre\\\/author\\\/ecamacari\\\/#author\"},\"publisher\":{\"@id\":\"https:\\\/\\\/www.encontracamacari.com.br\\\/sobre\\\/#organization\"},\"image\":{\"@type\":\"ImageObject\",\"url\":\"https:\\\/\\\/www.encontracamacari.com.br\\\/sobre\\\/wp-content\\\/uploads\\\/2026\\\/04\\\/reuniao-da-comissao-de-defesa-dos-direitos-da-pessoa-idosa.webp\",\"width\":280,\"height\":280,\"caption\":\"Comiss\\u00e3o de Defesa dos Direitos da Pessoa Idosa\"},\"datePublished\":\"2026-04-09T06:15:08+00:00\",\"dateModified\":\"2026-04-09T06:15:08+00:00\",\"inLanguage\":\"pt-BR\",\"mainEntityOfPage\":{\"@id\":\"https:\\\/\\\/www.encontracamacari.com.br\\\/sobre\\\/reuniao-da-comissao-de-defesa-dos-direitos-da-pessoa-idosa\\\/#webpage\"},\"isPartOf\":{\"@id\":\"https:\\\/\\\/www.encontracamacari.com.br\\\/sobre\\\/reuniao-da-comissao-de-defesa-dos-direitos-da-pessoa-idosa\\\/#webpage\"},\"articleSection\":\"Not\\u00edcias Cama\\u00e7ari\"},{\"@type\":\"BreadcrumbList\",\"@id\":\"https:\\\/\\\/www.encontracamacari.com.br\\\/sobre\\\/reuniao-da-comissao-de-defesa-dos-direitos-da-pessoa-idosa\\\/#breadcrumblist\",\"itemListElement\":[{\"@type\":\"ListItem\",\"@id\":\"https:\\\/\\\/www.encontracamacari.com.br\\\/sobre#listItem\",\"position\":1,\"name\":\"Home\",\"item\":\"https:\\\/\\\/www.encontracamacari.com.br\\\/sobre\",\"nextItem\":{\"@type\":\"ListItem\",\"@id\":\"https:\\\/\\\/www.encontracamacari.com.br\\\/sobre\\\/noticias-em-camacari\\\/#listItem\",\"name\":\"Not\\u00edcias Cama\\u00e7ari\"}},{\"@type\":\"ListItem\",\"@id\":\"https:\\\/\\\/www.encontracamacari.com.br\\\/sobre\\\/noticias-em-camacari\\\/#listItem\",\"position\":2,\"name\":\"Not\\u00edcias Cama\\u00e7ari\",\"item\":\"https:\\\/\\\/www.encontracamacari.com.br\\\/sobre\\\/noticias-em-camacari\\\/\",\"nextItem\":{\"@type\":\"ListItem\",\"@id\":\"https:\\\/\\\/www.encontracamacari.com.br\\\/sobre\\\/reuniao-da-comissao-de-defesa-dos-direitos-da-pessoa-idosa\\\/#listItem\",\"name\":\"Reuni\\u00e3o da Comiss\\u00e3o de Defesa dos Direitos da Pessoa Idosa\"},\"previousItem\":{\"@type\":\"ListItem\",\"@id\":\"https:\\\/\\\/www.encontracamacari.com.br\\\/sobre#listItem\",\"name\":\"Home\"}},{\"@type\":\"ListItem\",\"@id\":\"https:\\\/\\\/www.encontracamacari.com.br\\\/sobre\\\/reuniao-da-comissao-de-defesa-dos-direitos-da-pessoa-idosa\\\/#listItem\",\"position\":3,\"name\":\"Reuni\\u00e3o da Comiss\\u00e3o de Defesa dos Direitos da Pessoa Idosa\",\"previousItem\":{\"@type\":\"ListItem\",\"@id\":\"https:\\\/\\\/www.encontracamacari.com.br\\\/sobre\\\/noticias-em-camacari\\\/#listItem\",\"name\":\"Not\\u00edcias Cama\\u00e7ari\"}}]},{\"@type\":\"Organization\",\"@id\":\"https:\\\/\\\/www.encontracamacari.com.br\\\/sobre\\\/#organization\",\"name\":\"Encontra Cama\\u00e7ari\",\"description\":\"Not\\u00edcias, eventos, informa\\u00e7\\u00f5es e dicas na cidade de Cama\\u00e7ari e regi\\u00e3o.\",\"url\":\"https:\\\/\\\/www.encontracamacari.com.br\\\/sobre\\\/\"},{\"@type\":\"Person\",\"@id\":\"https:\\\/\\\/www.encontracamacari.com.br\\\/sobre\\\/author\\\/ecamacari\\\/#author\",\"url\":\"https:\\\/\\\/www.encontracamacari.com.br\\\/sobre\\\/author\\\/ecamacari\\\/\",\"name\":\"Encontra Cama\\u00e7ari\",\"image\":{\"@type\":\"ImageObject\",\"@id\":\"https:\\\/\\\/www.encontracamacari.com.br\\\/sobre\\\/reuniao-da-comissao-de-defesa-dos-direitos-da-pessoa-idosa\\\/#authorImage\",\"url\":\"https:\\\/\\\/secure.gravatar.com\\\/avatar\\\/507340682b8270222e1f208e23198b6ae7e2c6a1033ae84e99bc6bce4f82a387?s=96&d=mm&r=g\",\"width\":96,\"height\":96,\"caption\":\"Encontra Cama\\u00e7ari\"}},{\"@type\":\"WebPage\",\"@id\":\"https:\\\/\\\/www.encontracamacari.com.br\\\/sobre\\\/reuniao-da-comissao-de-defesa-dos-direitos-da-pessoa-idosa\\\/#webpage\",\"url\":\"https:\\\/\\\/www.encontracamacari.com.br\\\/sobre\\\/reuniao-da-comissao-de-defesa-dos-direitos-da-pessoa-idosa\\\/\",\"name\":\"Reuni\\u00e3o da Comiss\\u00e3o de Defesa dos Direitos da Pessoa Idosa - Encontra Cama\\u00e7ari\",\"description\":\"Descubra os detalhes da reuni\\u00e3o da Comiss\\u00e3o de Defesa dos Direitos da Pessoa Idosa.\",\"inLanguage\":\"pt-BR\",\"isPartOf\":{\"@id\":\"https:\\\/\\\/www.encontracamacari.com.br\\\/sobre\\\/#website\"},\"breadcrumb\":{\"@id\":\"https:\\\/\\\/www.encontracamacari.com.br\\\/sobre\\\/reuniao-da-comissao-de-defesa-dos-direitos-da-pessoa-idosa\\\/#breadcrumblist\"},\"author\":{\"@id\":\"https:\\\/\\\/www.encontracamacari.com.br\\\/sobre\\\/author\\\/ecamacari\\\/#author\"},\"creator\":{\"@id\":\"https:\\\/\\\/www.encontracamacari.com.br\\\/sobre\\\/author\\\/ecamacari\\\/#author\"},\"image\":{\"@type\":\"ImageObject\",\"url\":\"https:\\\/\\\/www.encontracamacari.com.br\\\/sobre\\\/wp-content\\\/uploads\\\/2026\\\/04\\\/reuniao-da-comissao-de-defesa-dos-direitos-da-pessoa-idosa.webp\",\"@id\":\"https:\\\/\\\/www.encontracamacari.com.br\\\/sobre\\\/reuniao-da-comissao-de-defesa-dos-direitos-da-pessoa-idosa\\\/#mainImage\",\"width\":280,\"height\":280,\"caption\":\"Comiss\\u00e3o de Defesa dos Direitos da Pessoa Idosa\"},\"primaryImageOfPage\":{\"@id\":\"https:\\\/\\\/www.encontracamacari.com.br\\\/sobre\\\/reuniao-da-comissao-de-defesa-dos-direitos-da-pessoa-idosa\\\/#mainImage\"},\"datePublished\":\"2026-04-09T06:15:08+00:00\",\"dateModified\":\"2026-04-09T06:15:08+00:00\"},{\"@type\":\"WebSite\",\"@id\":\"https:\\\/\\\/www.encontracamacari.com.br\\\/sobre\\\/#website\",\"url\":\"https:\\\/\\\/www.encontracamacari.com.br\\\/sobre\\\/\",\"name\":\"Encontra Cama\\u00e7ari\",\"description\":\"Not\\u00edcias, eventos, informa\\u00e7\\u00f5es e dicas na cidade de Cama\\u00e7ari e regi\\u00e3o.\",\"inLanguage\":\"pt-BR\",\"publisher\":{\"@id\":\"https:\\\/\\\/www.encontracamacari.com.br\\\/sobre\\\/#organization\"}}]}\n\t\t<\/script>\n\t\t<!-- All in One SEO -->\n\n","aioseo_head_json":{"title":"Reuni\u00e3o da Comiss\u00e3o de Defesa dos Direitos da Pessoa Idosa - Encontra Cama\u00e7ari","description":"Descubra os detalhes da reuni\u00e3o da Comiss\u00e3o de Defesa dos Direitos da Pessoa Idosa.","canonical_url":"https:\/\/www.encontracamacari.com.br\/sobre\/reuniao-da-comissao-de-defesa-dos-direitos-da-pessoa-idosa\/","robots":"max-image-preview:large","keywords":"","webmasterTools":{"miscellaneous":""},"schema":{"@context":"https:\/\/schema.org","@graph":[{"@type":"BlogPosting","@id":"https:\/\/www.encontracamacari.com.br\/sobre\/reuniao-da-comissao-de-defesa-dos-direitos-da-pessoa-idosa\/#blogposting","name":"Reuni\u00e3o da Comiss\u00e3o de Defesa dos Direitos da Pessoa Idosa - Encontra Cama\u00e7ari","headline":"Reuni\u00e3o da Comiss\u00e3o de Defesa dos Direitos da Pessoa Idosa","author":{"@id":"https:\/\/www.encontracamacari.com.br\/sobre\/author\/ecamacari\/#author"},"publisher":{"@id":"https:\/\/www.encontracamacari.com.br\/sobre\/#organization"},"image":{"@type":"ImageObject","url":"https:\/\/www.encontracamacari.com.br\/sobre\/wp-content\/uploads\/2026\/04\/reuniao-da-comissao-de-defesa-dos-direitos-da-pessoa-idosa.webp","width":280,"height":280,"caption":"Comiss\u00e3o de Defesa dos Direitos da Pessoa Idosa"},"datePublished":"2026-04-09T06:15:08+00:00","dateModified":"2026-04-09T06:15:08+00:00","inLanguage":"pt-BR","mainEntityOfPage":{"@id":"https:\/\/www.encontracamacari.com.br\/sobre\/reuniao-da-comissao-de-defesa-dos-direitos-da-pessoa-idosa\/#webpage"},"isPartOf":{"@id":"https:\/\/www.encontracamacari.com.br\/sobre\/reuniao-da-comissao-de-defesa-dos-direitos-da-pessoa-idosa\/#webpage"},"articleSection":"Not\u00edcias Cama\u00e7ari"},{"@type":"BreadcrumbList","@id":"https:\/\/www.encontracamacari.com.br\/sobre\/reuniao-da-comissao-de-defesa-dos-direitos-da-pessoa-idosa\/#breadcrumblist","itemListElement":[{"@type":"ListItem","@id":"https:\/\/www.encontracamacari.com.br\/sobre#listItem","position":1,"name":"Home","item":"https:\/\/www.encontracamacari.com.br\/sobre","nextItem":{"@type":"ListItem","@id":"https:\/\/www.encontracamacari.com.br\/sobre\/noticias-em-camacari\/#listItem","name":"Not\u00edcias Cama\u00e7ari"}},{"@type":"ListItem","@id":"https:\/\/www.encontracamacari.com.br\/sobre\/noticias-em-camacari\/#listItem","position":2,"name":"Not\u00edcias Cama\u00e7ari","item":"https:\/\/www.encontracamacari.com.br\/sobre\/noticias-em-camacari\/","nextItem":{"@type":"ListItem","@id":"https:\/\/www.encontracamacari.com.br\/sobre\/reuniao-da-comissao-de-defesa-dos-direitos-da-pessoa-idosa\/#listItem","name":"Reuni\u00e3o da Comiss\u00e3o de Defesa dos Direitos da Pessoa Idosa"},"previousItem":{"@type":"ListItem","@id":"https:\/\/www.encontracamacari.com.br\/sobre#listItem","name":"Home"}},{"@type":"ListItem","@id":"https:\/\/www.encontracamacari.com.br\/sobre\/reuniao-da-comissao-de-defesa-dos-direitos-da-pessoa-idosa\/#listItem","position":3,"name":"Reuni\u00e3o da Comiss\u00e3o de Defesa dos Direitos da Pessoa Idosa","previousItem":{"@type":"ListItem","@id":"https:\/\/www.encontracamacari.com.br\/sobre\/noticias-em-camacari\/#listItem","name":"Not\u00edcias Cama\u00e7ari"}}]},{"@type":"Organization","@id":"https:\/\/www.encontracamacari.com.br\/sobre\/#organization","name":"Encontra Cama\u00e7ari","description":"Not\u00edcias, eventos, informa\u00e7\u00f5es e dicas na cidade de Cama\u00e7ari e regi\u00e3o.","url":"https:\/\/www.encontracamacari.com.br\/sobre\/"},{"@type":"Person","@id":"https:\/\/www.encontracamacari.com.br\/sobre\/author\/ecamacari\/#author","url":"https:\/\/www.encontracamacari.com.br\/sobre\/author\/ecamacari\/","name":"Encontra Cama\u00e7ari","image":{"@type":"ImageObject","@id":"https:\/\/www.encontracamacari.com.br\/sobre\/reuniao-da-comissao-de-defesa-dos-direitos-da-pessoa-idosa\/#authorImage","url":"https:\/\/secure.gravatar.com\/avatar\/507340682b8270222e1f208e23198b6ae7e2c6a1033ae84e99bc6bce4f82a387?s=96&d=mm&r=g","width":96,"height":96,"caption":"Encontra Cama\u00e7ari"}},{"@type":"WebPage","@id":"https:\/\/www.encontracamacari.com.br\/sobre\/reuniao-da-comissao-de-defesa-dos-direitos-da-pessoa-idosa\/#webpage","url":"https:\/\/www.encontracamacari.com.br\/sobre\/reuniao-da-comissao-de-defesa-dos-direitos-da-pessoa-idosa\/","name":"Reuni\u00e3o da Comiss\u00e3o de Defesa dos Direitos da Pessoa Idosa - Encontra Cama\u00e7ari","description":"Descubra os detalhes da reuni\u00e3o da Comiss\u00e3o de Defesa dos Direitos da Pessoa Idosa.","inLanguage":"pt-BR","isPartOf":{"@id":"https:\/\/www.encontracamacari.com.br\/sobre\/#website"},"breadcrumb":{"@id":"https:\/\/www.encontracamacari.com.br\/sobre\/reuniao-da-comissao-de-defesa-dos-direitos-da-pessoa-idosa\/#breadcrumblist"},"author":{"@id":"https:\/\/www.encontracamacari.com.br\/sobre\/author\/ecamacari\/#author"},"creator":{"@id":"https:\/\/www.encontracamacari.com.br\/sobre\/author\/ecamacari\/#author"},"image":{"@type":"ImageObject","url":"https:\/\/www.encontracamacari.com.br\/sobre\/wp-content\/uploads\/2026\/04\/reuniao-da-comissao-de-defesa-dos-direitos-da-pessoa-idosa.webp","@id":"https:\/\/www.encontracamacari.com.br\/sobre\/reuniao-da-comissao-de-defesa-dos-direitos-da-pessoa-idosa\/#mainImage","width":280,"height":280,"caption":"Comiss\u00e3o de Defesa dos Direitos da Pessoa Idosa"},"primaryImageOfPage":{"@id":"https:\/\/www.encontracamacari.com.br\/sobre\/reuniao-da-comissao-de-defesa-dos-direitos-da-pessoa-idosa\/#mainImage"},"datePublished":"2026-04-09T06:15:08+00:00","dateModified":"2026-04-09T06:15:08+00:00"},{"@type":"WebSite","@id":"https:\/\/www.encontracamacari.com.br\/sobre\/#website","url":"https:\/\/www.encontracamacari.com.br\/sobre\/","name":"Encontra Cama\u00e7ari","description":"Not\u00edcias, eventos, informa\u00e7\u00f5es e dicas na cidade de Cama\u00e7ari e regi\u00e3o.","inLanguage":"pt-BR","publisher":{"@id":"https:\/\/www.encontracamacari.com.br\/sobre\/#organization"}}]},"og:locale":"pt_BR","og:site_name":"Encontra Cama\u00e7ari - Not\u00edcias, eventos, informa\u00e7\u00f5es e dicas na cidade de Cama\u00e7ari e regi\u00e3o.","og:type":"article","og:title":"Reuni\u00e3o da Comiss\u00e3o de Defesa dos Direitos da Pessoa Idosa - Encontra Cama\u00e7ari","og:description":"Descubra os detalhes da reuni\u00e3o da Comiss\u00e3o de Defesa dos Direitos da Pessoa Idosa.","og:url":"https:\/\/www.encontracamacari.com.br\/sobre\/reuniao-da-comissao-de-defesa-dos-direitos-da-pessoa-idosa\/","article:published_time":"2026-04-09T06:15:08+00:00","article:modified_time":"2026-04-09T06:15:08+00:00","twitter:card":"summary_large_image","twitter:title":"Reuni\u00e3o da Comiss\u00e3o de Defesa dos Direitos da Pessoa Idosa - Encontra Cama\u00e7ari","twitter:description":"Descubra os detalhes da reuni\u00e3o da Comiss\u00e3o de Defesa dos Direitos da Pessoa Idosa."},"aioseo_meta_data":{"post_id":"892","title":null,"description":null,"keywords":null,"keyphrases":null,"primary_term":null,"canonical_url":null,"og_title":null,"og_description":null,"og_object_type":"default","og_image_type":"default","og_image_url":null,"og_image_width":null,"og_image_height":null,"og_image_custom_url":null,"og_image_custom_fields":null,"og_video":null,"og_custom_url":null,"og_article_section":null,"og_article_tags":null,"twitter_use_og":false,"twitter_card":"default","twitter_image_type":"default","twitter_image_url":null,"twitter_image_custom_url":null,"twitter_image_custom_fields":null,"twitter_title":null,"twitter_description":null,"schema":{"blockGraphs":[],"customGraphs":[],"default":{"data":{"Article":[],"Course":[],"Dataset":[],"FAQPage":[],"Movie":[],"Person":[],"Product":[],"ProductReview":[],"Car":[],"Recipe":[],"Service":[],"SoftwareApplication":[],"WebPage":[]},"graphName":"BlogPosting","isEnabled":true},"graphs":[]},"schema_type":"default","schema_type_options":null,"pillar_content":false,"robots_default":true,"robots_noindex":false,"robots_noarchive":false,"robots_nosnippet":false,"robots_nofollow":false,"robots_noimageindex":false,"robots_noodp":false,"robots_notranslate":false,"robots_max_snippet":null,"robots_max_videopreview":null,"robots_max_imagepreview":"large","priority":null,"frequency":null,"local_seo":null,"limit_modified_date":false,"created":"2026-04-09 06:15:11","updated":"2026-08-06 02:04:44","focus_keyword":null,"additional_keywords":null,"truseo_locale":null,"ai":null,"breadcrumb_settings":null,"seo_analyzer_scan_date":null},"aioseo_breadcrumb":"<div class=\"aioseo-breadcrumbs\"><span class=\"aioseo-breadcrumb\">\n\t\t\t<a href=\"https:\/\/www.encontracamacari.com.br\/sobre\" title=\"Home\">Home<\/a>\n\t\t<\/span><span class=\"aioseo-breadcrumb-separator\">&raquo;<\/span><span class=\"aioseo-breadcrumb\">\n\t\t\t<a href=\"https:\/\/www.encontracamacari.com.br\/sobre\/noticias-em-camacari\/\" title=\"Not\u00edcias Cama\u00e7ari\">Not\u00edcias Cama\u00e7ari<\/a>\n\t\t<\/span><span class=\"aioseo-breadcrumb-separator\">&raquo;<\/span><span class=\"aioseo-breadcrumb\">\n\t\t\tReuni\u00e3o da Comiss\u00e3o de Defesa dos Direitos da Pessoa Idosa\n\t\t<\/span><\/div>","aioseo_breadcrumb_json":[{"label":"Home","link":"https:\/\/www.encontracamacari.com.br\/sobre"},{"label":"Not\u00edcias Cama\u00e7ari","link":"https:\/\/www.encontracamacari.com.br\/sobre\/noticias-em-camacari\/"},{"label":"Reuni\u00e3o da Comiss\u00e3o de Defesa dos Direitos da Pessoa Idosa","link":"https:\/\/www.encontracamacari.com.br\/sobre\/reuniao-da-comissao-de-defesa-dos-direitos-da-pessoa-idosa\/"}],"_links":{"self":[{"href":"https:\/\/www.encontracamacari.com.br\/sobre\/wp-json\/wp\/v2\/posts\/892","targetHints":{"allow":["GET"]}}],"collection":[{"href":"https:\/\/www.encontracamacari.com.br\/sobre\/wp-json\/wp\/v2\/posts"}],"about":[{"href":"https:\/\/www.encontracamacari.com.br\/sobre\/wp-json\/wp\/v2\/types\/post"}],"author":[{"embeddable":true,"href":"https:\/\/www.encontracamacari.com.br\/sobre\/wp-json\/wp\/v2\/users\/1"}],"replies":[{"embeddable":true,"href":"https:\/\/www.encontracamacari.com.br\/sobre\/wp-json\/wp\/v2\/comments?post=892"}],"version-history":[{"count":0,"href":"https:\/\/www.encontracamacari.com.br\/sobre\/wp-json\/wp\/v2\/posts\/892\/revisions"}],"wp:featuredmedia":[{"embeddable":true,"href":"https:\/\/www.encontracamacari.com.br\/sobre\/wp-json\/wp\/v2\/media\/891"}],"wp:attachment":[{"href":"https:\/\/www.encontracamacari.com.br\/sobre\/wp-json\/wp\/v2\/media?parent=892"}],"wp:term":[{"taxonomy":"category","embeddable":true,"href":"https:\/\/www.encontracamacari.com.br\/sobre\/wp-json\/wp\/v2\/categories?post=892"},{"taxonomy":"post_tag","embeddable":true,"href":"https:\/\/www.encontracamacari.com.br\/sobre\/wp-json\/wp\/v2\/tags?post=892"}],"curies":[{"name":"wp","href":"https:\/\/api.w.org\/{rel}","templated":true}]}}