{"id":888,"date":"2026-04-08T06:14:30","date_gmt":"2026-04-08T06:14:30","guid":{"rendered":"https:\/\/www.encontracamacari.com.br\/sobre\/10a-sessao-ordinaria-do-1o-periodo-legislativo\/"},"modified":"2026-04-08T06:14:30","modified_gmt":"2026-04-08T06:14:30","slug":"10a-sessao-ordinaria-do-1o-periodo-legislativo","status":"publish","type":"post","link":"https:\/\/www.encontracamacari.com.br\/sobre\/10a-sessao-ordinaria-do-1o-periodo-legislativo\/","title":{"rendered":"10\u00aa Sess\u00e3o Ordin\u00e1ria do 1\u00ba Per\u00edodo Legislativo"},"content":{"rendered":"<div class=\"2410bb7248a64bb1f71103797e0f239b\" data-index=\"1\" style=\"float: none; margin:0px;\">\n<ins class=\"adsbygoogle\"\r\n     style=\"display:block\"\r\n     data-ad-client=\"ca-pub-8585364105181520\"\r\n     data-ad-slot=\"8789329856\"\r\n     data-ad-format=\"auto\"\r\n     data-full-width-responsive=\"true\"><\/ins>\r\n<script>\r\n     (adsbygoogle = window.adsbygoogle || []).push({});\r\n<\/script>\n<\/div>\n<h2>Vis\u00e3o Geral da 10\u00aa Sess\u00e3o Ordin\u00e1ria<\/h2>\n<p>A 10\u00aa Sess\u00e3o Ordin\u00e1ria do 1\u00ba Per\u00edodo Legislativo ocorreu em 7 de Abril de 2026. Este evento \u00e9 uma oportunidade importante para a C\u00e2mara Municipal de Cama\u00e7ari, onde temas relevantes para a comunidade s\u00e3o discutidos e votados.<\/p>\n<h2>Principais Assuntos em Discuss\u00e3o<\/h2>\n<p>Nesta sess\u00e3o, v\u00e1rios t\u00f3picos foram abordados, incluindo propostas de lei, requerimentos e indica\u00e7\u00f5es. A participa\u00e7\u00e3o dos vereadores \u00e9 fundamental na delibera\u00e7\u00e3o sobre assuntos que impactam diretamente a vida dos cidad\u00e3os. A discuss\u00e3o focou em:<\/p>\n<ul>\n<li>Propostas de melhorias na infraestrutura local.<\/li>\n<li>Quest\u00f5es relacionadas \u00e0 sa\u00fade p\u00fablica e educa\u00e7\u00e3o.<\/li>\n<li>Iniciativas para promover a seguran\u00e7a e bem-estar da popula\u00e7\u00e3o.<\/li>\n<\/ul>\n<h2>Import\u00e2ncia da Participa\u00e7\u00e3o Cidad\u00e3<\/h2>\n<p>A participa\u00e7\u00e3o da popula\u00e7\u00e3o nas sess\u00f5es legislativas \u00e9 crucial. Ela n\u00e3o s\u00f3 fortalece a democracia, mas tamb\u00e9m permite que os cidad\u00e3os expressem suas preocupa\u00e7\u00f5es e sugest\u00f5es. Durante a 10\u00aa Sess\u00e3o Ordin\u00e1ria, representantes da sociedade civil puderam apresentar suas opini\u00f5es, reafirmando a relev\u00e2ncia do envolvimento da comunidade nas decis\u00f5es pol\u00edticas.<\/p>\n<p><img decoding=\"async\" src=\"https:\/\/www.encontracamacari.com.br\/sobre\/wp-content\/uploads\/2026\/04\/10-sessao-ordinaria-do-1-periodo-legislativo.webp\" alt=\"10\u00aa Sess\u00e3o Ordin\u00e1ria do 1\u00ba Per\u00edodo Legislativo\" loading=\"lazy\" \/><\/p>\n<h2>Como Acompanhar as Sess\u00f5es ao Vivo<\/h2>\n<p>Para aqueles que desejam acompanhar de perto as atividades da C\u00e2mara Municipal, as sess\u00f5es s\u00e3o transmitidas ao vivo. As informa\u00e7\u00f5es sobre como assistir podem ser encontradas no site oficial da <a href=\"https:\/\/www.cmcamacari.ba.gov.br\">C\u00e2mara Municipal de Cama\u00e7ari<\/a>. Al\u00e9m disso, as grava\u00e7\u00f5es das sess\u00f5es ficam dispon\u00edveis para consulta posterior, possibilitando que os cidad\u00e3os acompanhem os acontecimentos mesmo ap\u00f3s a realiza\u00e7\u00e3o das reuni\u00f5es.<\/p>\n<h2>Registros em V\u00eddeo da Sess\u00e3o<\/h2>\n<p>Os v\u00eddeos das sess\u00f5es s\u00e3o uma excelente ferramenta para transpar\u00eancia e presta\u00e7\u00e3o de contas. Os cidad\u00e3os t\u00eam acesso aos debates e vota\u00e7\u00f5es, permitindo uma vis\u00e3o clara do funcionamento e das decis\u00f5es da C\u00e2mara. Visite a se\u00e7\u00e3o de v\u00eddeos no site da C\u00e2mara para acessar as grava\u00e7\u00f5es anteriores e os momentos mais importantes da 10\u00aa Sess\u00e3o Ordin\u00e1ria.<\/p><div class=\"2410bb7248a64bb1f71103797e0f239b\" data-index=\"2\" style=\"float: none; margin:0px;\">\n<ins class=\"adsbygoogle\"\r\n     style=\"display:block; text-align:center;\"\r\n     data-ad-layout=\"in-article\"\r\n     data-ad-format=\"fluid\"\r\n     data-ad-client=\"ca-pub-8585364105181520\"\r\n     data-ad-slot=\"2899217073\"><\/ins>\r\n<script>\r\n     (adsbygoogle = window.adsbygoogle || []).push({});\r\n<\/script>\r\n\r\n<\/br><\/br>\n<\/div>\n\n<h2>Pol\u00edticas Abordadas na Sess\u00e3o<\/h2>\n<p>A agenda da 10\u00aa Sess\u00e3o Ordin\u00e1ria incluiu a an\u00e1lise de diversas pol\u00edticas p\u00fablicas, que s\u00e3o essenciais para o desenvolvimento da cidade. As pol\u00edticas discutidas abrangeram:<\/p>\n<ul>\n<li><strong>Educa\u00e7\u00e3o:<\/strong> Propostas para melhoria da qualidade do ensino nas escolas locais.<\/li>\n<li><strong>Sa\u00fade:<\/strong> Iniciativas para aumentar o acesso a servi\u00e7os de sa\u00fade de qualidade.<\/li>\n<li><strong>Sustentabilidade:<\/strong> Projetos voltados \u00e0 preserva\u00e7\u00e3o ambiental e desenvolvimento sustent\u00e1vel.<\/li>\n<\/ul>\n<h2>Entrevistas com Vereadores<\/h2>\n<p>As entrevistas realizadas com os vereadores durante e ap\u00f3s a sess\u00e3o destacaram suas posi\u00e7\u00f5es sobre os principais assuntos discutidos. Os vereadores compartilham suas opini\u00f5es e explicam o impacto das propostas na comunidade, fornecendo um \u00e1udio e v\u00eddeo de suas entrevistas que podem ser encontrados no site da C\u00e2mara.<\/p>\n<h2>Dados e Estat\u00edsticas Relevantes<\/h2>\n<p>Durante a 10\u00aa Sess\u00e3o Ordin\u00e1ria, dados e estat\u00edsticas foram apresentados para embasar as decis\u00f5es discutidas. Informa\u00e7\u00f5es sobre investimentos, custos e resultados de a\u00e7\u00f5es anteriores foram cruciais para a tomada de decis\u00f5es. Esses dados s\u00e3o frequentemente disponibilizados no site da c\u00e2mara, promovendo transpar\u00eancia e responsabilidade.<\/p>\n<h2>O Papel da C\u00e2mara Municipal<\/h2>\n<p>A C\u00e2mara Municipal de Cama\u00e7ari desempenha um papel fundamental em promover a transpar\u00eancia e a responsabilidade no governo local. As sess\u00f5es ordin\u00e1rias s\u00e3o uma forma de os vereadores discutirem as necessidades da comunidade e tomarem decis\u00f5es que afetam o bem-estar da popula\u00e7\u00e3o.<\/p>\n<h2>Pr\u00f3ximas Sess\u00f5es e Eventos<\/h2>\n<p>Para aqueles que est\u00e3o interessados em acompanhar as atividades da C\u00e2mara, \u00e9 essencial ficar atento ao calend\u00e1rio de sess\u00f5es e eventos. As pr\u00f3ximas sess\u00f5es ocorrer\u00e3o \u00e0s ter\u00e7as e quintas-feiras, a partir das 9h, e qualquer altera\u00e7\u00e3o \u00e9 comunicada atrav\u00e9s das redes sociais e do site oficial da C\u00e2mara.<\/p>\n<p>O envolvimento da comunidade \u00e9 vital para o \u00eaxito das atividades legislativas e para assegurar que a voz dos cidad\u00e3os seja ouvida. Participe ativamente, esteja informado e exercite sua cidadania!<\/p>\n<div class=\"2410bb7248a64bb1f71103797e0f239b\" data-index=\"3\" style=\"float: none; margin:0px;\">\n<\/br><\/br>\r\n\r\n<ins class=\"adsbygoogle\"\r\n     style=\"display:block\"\r\n     data-ad-format=\"fluid\"\r\n     data-ad-layout-key=\"-63+do+n-1s+9e\"\r\n     data-ad-client=\"ca-pub-8585364105181520\"\r\n     data-ad-slot=\"6838462089\"><\/ins>\r\n<script>\r\n     (adsbygoogle = window.adsbygoogle || []).push({});\r\n<\/script>\n<\/div>\n\n<div style=\"font-size: 0px; height: 0px; line-height: 0px; margin: 0; padding: 0; clear: both;\"><\/div>","protected":false},"excerpt":{"rendered":"<p>Descubra tudo sobre a 10\u00aa Sess\u00e3o Ordin\u00e1ria do Legislativo em Cama\u00e7ari, incluindo v\u00eddeos.<\/p>\n","protected":false},"author":1,"featured_media":887,"comment_status":"open","ping_status":"closed","sticky":false,"template":"","format":"standard","meta":{"footnotes":""},"categories":[1],"tags":[],"class_list":["post-888","post","type-post","status-publish","format-standard","has-post-thumbnail","hentry","category-noticias-em-camacari","has_thumb"],"aioseo_notices":[],"aioseo_head":"\n\t\t<!-- All in One SEO 5.0.0.1 - aioseo.com -->\n\t<meta name=\"description\" content=\"Descubra tudo sobre a 10\u00aa Sess\u00e3o Ordin\u00e1ria do Legislativo em Cama\u00e7ari, incluindo v\u00eddeos.\" \/>\n\t<meta name=\"robots\" content=\"max-image-preview:large\" \/>\n\t<meta name=\"author\" content=\"Encontra Cama\u00e7ari\"\/>\n\t<link rel=\"canonical\" href=\"https:\/\/www.encontracamacari.com.br\/sobre\/10a-sessao-ordinaria-do-1o-periodo-legislativo\/\" \/>\n\t<meta name=\"generator\" content=\"All in One SEO (AIOSEO) 5.0.0.1\" \/>\n\t\t<meta property=\"og:locale\" content=\"pt_BR\" \/>\n\t\t<meta property=\"og:site_name\" content=\"Encontra Cama\u00e7ari - Not\u00edcias, eventos, informa\u00e7\u00f5es e dicas na cidade de Cama\u00e7ari e regi\u00e3o.\" \/>\n\t\t<meta property=\"og:type\" content=\"article\" \/>\n\t\t<meta property=\"og:title\" content=\"10\u00aa Sess\u00e3o Ordin\u00e1ria do 1\u00ba Per\u00edodo Legislativo - Encontra Cama\u00e7ari\" \/>\n\t\t<meta property=\"og:description\" content=\"Descubra tudo sobre a 10\u00aa Sess\u00e3o Ordin\u00e1ria do Legislativo em Cama\u00e7ari, incluindo v\u00eddeos.\" \/>\n\t\t<meta property=\"og:url\" content=\"https:\/\/www.encontracamacari.com.br\/sobre\/10a-sessao-ordinaria-do-1o-periodo-legislativo\/\" \/>\n\t\t<meta property=\"article:published_time\" content=\"2026-04-08T06:14:30+00:00\" \/>\n\t\t<meta property=\"article:modified_time\" content=\"2026-04-08T06:14:30+00:00\" \/>\n\t\t<meta name=\"twitter:card\" content=\"summary_large_image\" \/>\n\t\t<meta name=\"twitter:title\" content=\"10\u00aa Sess\u00e3o Ordin\u00e1ria do 1\u00ba Per\u00edodo Legislativo - Encontra Cama\u00e7ari\" \/>\n\t\t<meta name=\"twitter:description\" content=\"Descubra tudo sobre a 10\u00aa Sess\u00e3o Ordin\u00e1ria do Legislativo em Cama\u00e7ari, incluindo v\u00eddeos.\" \/>\n\t\t<script type=\"application\/ld+json\" class=\"aioseo-schema\">\n\t\t\t{\"@context\":\"https:\\\/\\\/schema.org\",\"@graph\":[{\"@type\":\"BlogPosting\",\"@id\":\"https:\\\/\\\/www.encontracamacari.com.br\\\/sobre\\\/10a-sessao-ordinaria-do-1o-periodo-legislativo\\\/#blogposting\",\"name\":\"10\\u00aa Sess\\u00e3o Ordin\\u00e1ria do 1\\u00ba Per\\u00edodo Legislativo - Encontra Cama\\u00e7ari\",\"headline\":\"10\\u00aa Sess\\u00e3o Ordin\\u00e1ria do 1\\u00ba Per\\u00edodo Legislativo\",\"author\":{\"@id\":\"https:\\\/\\\/www.encontracamacari.com.br\\\/sobre\\\/author\\\/ecamacari\\\/#author\"},\"publisher\":{\"@id\":\"https:\\\/\\\/www.encontracamacari.com.br\\\/sobre\\\/#organization\"},\"image\":{\"@type\":\"ImageObject\",\"url\":\"https:\\\/\\\/www.encontracamacari.com.br\\\/sobre\\\/wp-content\\\/uploads\\\/2026\\\/04\\\/10-sessao-ordinaria-do-1-periodo-legislativo.webp\",\"width\":280,\"height\":280,\"caption\":\"10\\u00aa Sess\\u00e3o Ordin\\u00e1ria do 1\\u00ba Per\\u00edodo Legislativo\"},\"datePublished\":\"2026-04-08T06:14:30+00:00\",\"dateModified\":\"2026-04-08T06:14:30+00:00\",\"inLanguage\":\"pt-BR\",\"mainEntityOfPage\":{\"@id\":\"https:\\\/\\\/www.encontracamacari.com.br\\\/sobre\\\/10a-sessao-ordinaria-do-1o-periodo-legislativo\\\/#webpage\"},\"isPartOf\":{\"@id\":\"https:\\\/\\\/www.encontracamacari.com.br\\\/sobre\\\/10a-sessao-ordinaria-do-1o-periodo-legislativo\\\/#webpage\"},\"articleSection\":\"Not\\u00edcias Cama\\u00e7ari\"},{\"@type\":\"BreadcrumbList\",\"@id\":\"https:\\\/\\\/www.encontracamacari.com.br\\\/sobre\\\/10a-sessao-ordinaria-do-1o-periodo-legislativo\\\/#breadcrumblist\",\"itemListElement\":[{\"@type\":\"ListItem\",\"@id\":\"https:\\\/\\\/www.encontracamacari.com.br\\\/sobre#listItem\",\"position\":1,\"name\":\"Home\",\"item\":\"https:\\\/\\\/www.encontracamacari.com.br\\\/sobre\",\"nextItem\":{\"@type\":\"ListItem\",\"@id\":\"https:\\\/\\\/www.encontracamacari.com.br\\\/sobre\\\/noticias-em-camacari\\\/#listItem\",\"name\":\"Not\\u00edcias Cama\\u00e7ari\"}},{\"@type\":\"ListItem\",\"@id\":\"https:\\\/\\\/www.encontracamacari.com.br\\\/sobre\\\/noticias-em-camacari\\\/#listItem\",\"position\":2,\"name\":\"Not\\u00edcias Cama\\u00e7ari\",\"item\":\"https:\\\/\\\/www.encontracamacari.com.br\\\/sobre\\\/noticias-em-camacari\\\/\",\"nextItem\":{\"@type\":\"ListItem\",\"@id\":\"https:\\\/\\\/www.encontracamacari.com.br\\\/sobre\\\/10a-sessao-ordinaria-do-1o-periodo-legislativo\\\/#listItem\",\"name\":\"10\\u00aa Sess\\u00e3o Ordin\\u00e1ria do 1\\u00ba Per\\u00edodo Legislativo\"},\"previousItem\":{\"@type\":\"ListItem\",\"@id\":\"https:\\\/\\\/www.encontracamacari.com.br\\\/sobre#listItem\",\"name\":\"Home\"}},{\"@type\":\"ListItem\",\"@id\":\"https:\\\/\\\/www.encontracamacari.com.br\\\/sobre\\\/10a-sessao-ordinaria-do-1o-periodo-legislativo\\\/#listItem\",\"position\":3,\"name\":\"10\\u00aa Sess\\u00e3o Ordin\\u00e1ria do 1\\u00ba Per\\u00edodo Legislativo\",\"previousItem\":{\"@type\":\"ListItem\",\"@id\":\"https:\\\/\\\/www.encontracamacari.com.br\\\/sobre\\\/noticias-em-camacari\\\/#listItem\",\"name\":\"Not\\u00edcias Cama\\u00e7ari\"}}]},{\"@type\":\"Organization\",\"@id\":\"https:\\\/\\\/www.encontracamacari.com.br\\\/sobre\\\/#organization\",\"name\":\"Encontra Cama\\u00e7ari\",\"description\":\"Not\\u00edcias, eventos, informa\\u00e7\\u00f5es e dicas na cidade de Cama\\u00e7ari e regi\\u00e3o.\",\"url\":\"https:\\\/\\\/www.encontracamacari.com.br\\\/sobre\\\/\"},{\"@type\":\"Person\",\"@id\":\"https:\\\/\\\/www.encontracamacari.com.br\\\/sobre\\\/author\\\/ecamacari\\\/#author\",\"url\":\"https:\\\/\\\/www.encontracamacari.com.br\\\/sobre\\\/author\\\/ecamacari\\\/\",\"name\":\"Encontra Cama\\u00e7ari\",\"image\":{\"@type\":\"ImageObject\",\"@id\":\"https:\\\/\\\/www.encontracamacari.com.br\\\/sobre\\\/10a-sessao-ordinaria-do-1o-periodo-legislativo\\\/#authorImage\",\"url\":\"https:\\\/\\\/secure.gravatar.com\\\/avatar\\\/507340682b8270222e1f208e23198b6ae7e2c6a1033ae84e99bc6bce4f82a387?s=96&d=mm&r=g\",\"width\":96,\"height\":96,\"caption\":\"Encontra Cama\\u00e7ari\"}},{\"@type\":\"WebPage\",\"@id\":\"https:\\\/\\\/www.encontracamacari.com.br\\\/sobre\\\/10a-sessao-ordinaria-do-1o-periodo-legislativo\\\/#webpage\",\"url\":\"https:\\\/\\\/www.encontracamacari.com.br\\\/sobre\\\/10a-sessao-ordinaria-do-1o-periodo-legislativo\\\/\",\"name\":\"10\\u00aa Sess\\u00e3o Ordin\\u00e1ria do 1\\u00ba Per\\u00edodo Legislativo - Encontra Cama\\u00e7ari\",\"description\":\"Descubra tudo sobre a 10\\u00aa Sess\\u00e3o Ordin\\u00e1ria do Legislativo em Cama\\u00e7ari, incluindo v\\u00eddeos.\",\"inLanguage\":\"pt-BR\",\"isPartOf\":{\"@id\":\"https:\\\/\\\/www.encontracamacari.com.br\\\/sobre\\\/#website\"},\"breadcrumb\":{\"@id\":\"https:\\\/\\\/www.encontracamacari.com.br\\\/sobre\\\/10a-sessao-ordinaria-do-1o-periodo-legislativo\\\/#breadcrumblist\"},\"author\":{\"@id\":\"https:\\\/\\\/www.encontracamacari.com.br\\\/sobre\\\/author\\\/ecamacari\\\/#author\"},\"creator\":{\"@id\":\"https:\\\/\\\/www.encontracamacari.com.br\\\/sobre\\\/author\\\/ecamacari\\\/#author\"},\"image\":{\"@type\":\"ImageObject\",\"url\":\"https:\\\/\\\/www.encontracamacari.com.br\\\/sobre\\\/wp-content\\\/uploads\\\/2026\\\/04\\\/10-sessao-ordinaria-do-1-periodo-legislativo.webp\",\"@id\":\"https:\\\/\\\/www.encontracamacari.com.br\\\/sobre\\\/10a-sessao-ordinaria-do-1o-periodo-legislativo\\\/#mainImage\",\"width\":280,\"height\":280,\"caption\":\"10\\u00aa Sess\\u00e3o Ordin\\u00e1ria do 1\\u00ba Per\\u00edodo Legislativo\"},\"primaryImageOfPage\":{\"@id\":\"https:\\\/\\\/www.encontracamacari.com.br\\\/sobre\\\/10a-sessao-ordinaria-do-1o-periodo-legislativo\\\/#mainImage\"},\"datePublished\":\"2026-04-08T06:14:30+00:00\",\"dateModified\":\"2026-04-08T06:14:30+00:00\"},{\"@type\":\"WebSite\",\"@id\":\"https:\\\/\\\/www.encontracamacari.com.br\\\/sobre\\\/#website\",\"url\":\"https:\\\/\\\/www.encontracamacari.com.br\\\/sobre\\\/\",\"name\":\"Encontra Cama\\u00e7ari\",\"description\":\"Not\\u00edcias, eventos, informa\\u00e7\\u00f5es e dicas na cidade de Cama\\u00e7ari e regi\\u00e3o.\",\"inLanguage\":\"pt-BR\",\"publisher\":{\"@id\":\"https:\\\/\\\/www.encontracamacari.com.br\\\/sobre\\\/#organization\"}}]}\n\t\t<\/script>\n\t\t<!-- All in One SEO -->\n\n","aioseo_head_json":{"title":"10\u00aa Sess\u00e3o Ordin\u00e1ria do 1\u00ba Per\u00edodo Legislativo - Encontra Cama\u00e7ari","description":"Descubra tudo sobre a 10\u00aa Sess\u00e3o Ordin\u00e1ria do Legislativo em Cama\u00e7ari, incluindo v\u00eddeos.","canonical_url":"https:\/\/www.encontracamacari.com.br\/sobre\/10a-sessao-ordinaria-do-1o-periodo-legislativo\/","robots":"max-image-preview:large","keywords":"","webmasterTools":{"miscellaneous":""},"schema":{"@context":"https:\/\/schema.org","@graph":[{"@type":"BlogPosting","@id":"https:\/\/www.encontracamacari.com.br\/sobre\/10a-sessao-ordinaria-do-1o-periodo-legislativo\/#blogposting","name":"10\u00aa Sess\u00e3o Ordin\u00e1ria do 1\u00ba Per\u00edodo Legislativo - Encontra Cama\u00e7ari","headline":"10\u00aa Sess\u00e3o Ordin\u00e1ria do 1\u00ba Per\u00edodo Legislativo","author":{"@id":"https:\/\/www.encontracamacari.com.br\/sobre\/author\/ecamacari\/#author"},"publisher":{"@id":"https:\/\/www.encontracamacari.com.br\/sobre\/#organization"},"image":{"@type":"ImageObject","url":"https:\/\/www.encontracamacari.com.br\/sobre\/wp-content\/uploads\/2026\/04\/10-sessao-ordinaria-do-1-periodo-legislativo.webp","width":280,"height":280,"caption":"10\u00aa Sess\u00e3o Ordin\u00e1ria do 1\u00ba Per\u00edodo Legislativo"},"datePublished":"2026-04-08T06:14:30+00:00","dateModified":"2026-04-08T06:14:30+00:00","inLanguage":"pt-BR","mainEntityOfPage":{"@id":"https:\/\/www.encontracamacari.com.br\/sobre\/10a-sessao-ordinaria-do-1o-periodo-legislativo\/#webpage"},"isPartOf":{"@id":"https:\/\/www.encontracamacari.com.br\/sobre\/10a-sessao-ordinaria-do-1o-periodo-legislativo\/#webpage"},"articleSection":"Not\u00edcias Cama\u00e7ari"},{"@type":"BreadcrumbList","@id":"https:\/\/www.encontracamacari.com.br\/sobre\/10a-sessao-ordinaria-do-1o-periodo-legislativo\/#breadcrumblist","itemListElement":[{"@type":"ListItem","@id":"https:\/\/www.encontracamacari.com.br\/sobre#listItem","position":1,"name":"Home","item":"https:\/\/www.encontracamacari.com.br\/sobre","nextItem":{"@type":"ListItem","@id":"https:\/\/www.encontracamacari.com.br\/sobre\/noticias-em-camacari\/#listItem","name":"Not\u00edcias Cama\u00e7ari"}},{"@type":"ListItem","@id":"https:\/\/www.encontracamacari.com.br\/sobre\/noticias-em-camacari\/#listItem","position":2,"name":"Not\u00edcias Cama\u00e7ari","item":"https:\/\/www.encontracamacari.com.br\/sobre\/noticias-em-camacari\/","nextItem":{"@type":"ListItem","@id":"https:\/\/www.encontracamacari.com.br\/sobre\/10a-sessao-ordinaria-do-1o-periodo-legislativo\/#listItem","name":"10\u00aa Sess\u00e3o Ordin\u00e1ria do 1\u00ba Per\u00edodo Legislativo"},"previousItem":{"@type":"ListItem","@id":"https:\/\/www.encontracamacari.com.br\/sobre#listItem","name":"Home"}},{"@type":"ListItem","@id":"https:\/\/www.encontracamacari.com.br\/sobre\/10a-sessao-ordinaria-do-1o-periodo-legislativo\/#listItem","position":3,"name":"10\u00aa Sess\u00e3o Ordin\u00e1ria do 1\u00ba Per\u00edodo Legislativo","previousItem":{"@type":"ListItem","@id":"https:\/\/www.encontracamacari.com.br\/sobre\/noticias-em-camacari\/#listItem","name":"Not\u00edcias Cama\u00e7ari"}}]},{"@type":"Organization","@id":"https:\/\/www.encontracamacari.com.br\/sobre\/#organization","name":"Encontra Cama\u00e7ari","description":"Not\u00edcias, eventos, informa\u00e7\u00f5es e dicas na cidade de Cama\u00e7ari e regi\u00e3o.","url":"https:\/\/www.encontracamacari.com.br\/sobre\/"},{"@type":"Person","@id":"https:\/\/www.encontracamacari.com.br\/sobre\/author\/ecamacari\/#author","url":"https:\/\/www.encontracamacari.com.br\/sobre\/author\/ecamacari\/","name":"Encontra Cama\u00e7ari","image":{"@type":"ImageObject","@id":"https:\/\/www.encontracamacari.com.br\/sobre\/10a-sessao-ordinaria-do-1o-periodo-legislativo\/#authorImage","url":"https:\/\/secure.gravatar.com\/avatar\/507340682b8270222e1f208e23198b6ae7e2c6a1033ae84e99bc6bce4f82a387?s=96&d=mm&r=g","width":96,"height":96,"caption":"Encontra Cama\u00e7ari"}},{"@type":"WebPage","@id":"https:\/\/www.encontracamacari.com.br\/sobre\/10a-sessao-ordinaria-do-1o-periodo-legislativo\/#webpage","url":"https:\/\/www.encontracamacari.com.br\/sobre\/10a-sessao-ordinaria-do-1o-periodo-legislativo\/","name":"10\u00aa Sess\u00e3o Ordin\u00e1ria do 1\u00ba Per\u00edodo Legislativo - Encontra Cama\u00e7ari","description":"Descubra tudo sobre a 10\u00aa Sess\u00e3o Ordin\u00e1ria do Legislativo em Cama\u00e7ari, incluindo v\u00eddeos.","inLanguage":"pt-BR","isPartOf":{"@id":"https:\/\/www.encontracamacari.com.br\/sobre\/#website"},"breadcrumb":{"@id":"https:\/\/www.encontracamacari.com.br\/sobre\/10a-sessao-ordinaria-do-1o-periodo-legislativo\/#breadcrumblist"},"author":{"@id":"https:\/\/www.encontracamacari.com.br\/sobre\/author\/ecamacari\/#author"},"creator":{"@id":"https:\/\/www.encontracamacari.com.br\/sobre\/author\/ecamacari\/#author"},"image":{"@type":"ImageObject","url":"https:\/\/www.encontracamacari.com.br\/sobre\/wp-content\/uploads\/2026\/04\/10-sessao-ordinaria-do-1-periodo-legislativo.webp","@id":"https:\/\/www.encontracamacari.com.br\/sobre\/10a-sessao-ordinaria-do-1o-periodo-legislativo\/#mainImage","width":280,"height":280,"caption":"10\u00aa Sess\u00e3o Ordin\u00e1ria do 1\u00ba Per\u00edodo Legislativo"},"primaryImageOfPage":{"@id":"https:\/\/www.encontracamacari.com.br\/sobre\/10a-sessao-ordinaria-do-1o-periodo-legislativo\/#mainImage"},"datePublished":"2026-04-08T06:14:30+00:00","dateModified":"2026-04-08T06:14:30+00:00"},{"@type":"WebSite","@id":"https:\/\/www.encontracamacari.com.br\/sobre\/#website","url":"https:\/\/www.encontracamacari.com.br\/sobre\/","name":"Encontra Cama\u00e7ari","description":"Not\u00edcias, eventos, informa\u00e7\u00f5es e dicas na cidade de Cama\u00e7ari e regi\u00e3o.","inLanguage":"pt-BR","publisher":{"@id":"https:\/\/www.encontracamacari.com.br\/sobre\/#organization"}}]},"og:locale":"pt_BR","og:site_name":"Encontra Cama\u00e7ari - Not\u00edcias, eventos, informa\u00e7\u00f5es e dicas na cidade de Cama\u00e7ari e regi\u00e3o.","og:type":"article","og:title":"10\u00aa Sess\u00e3o Ordin\u00e1ria do 1\u00ba Per\u00edodo Legislativo - Encontra Cama\u00e7ari","og:description":"Descubra tudo sobre a 10\u00aa Sess\u00e3o Ordin\u00e1ria do Legislativo em Cama\u00e7ari, incluindo v\u00eddeos.","og:url":"https:\/\/www.encontracamacari.com.br\/sobre\/10a-sessao-ordinaria-do-1o-periodo-legislativo\/","article:published_time":"2026-04-08T06:14:30+00:00","article:modified_time":"2026-04-08T06:14:30+00:00","twitter:card":"summary_large_image","twitter:title":"10\u00aa Sess\u00e3o Ordin\u00e1ria do 1\u00ba Per\u00edodo Legislativo - Encontra Cama\u00e7ari","twitter:description":"Descubra tudo sobre a 10\u00aa Sess\u00e3o Ordin\u00e1ria do Legislativo em Cama\u00e7ari, incluindo v\u00eddeos."},"aioseo_meta_data":{"post_id":"888","title":null,"description":null,"keywords":null,"keyphrases":null,"primary_term":null,"canonical_url":null,"og_title":null,"og_description":null,"og_object_type":"default","og_image_type":"default","og_image_url":null,"og_image_width":null,"og_image_height":null,"og_image_custom_url":null,"og_image_custom_fields":null,"og_video":null,"og_custom_url":null,"og_article_section":null,"og_article_tags":null,"twitter_use_og":false,"twitter_card":"default","twitter_image_type":"default","twitter_image_url":null,"twitter_image_custom_url":null,"twitter_image_custom_fields":null,"twitter_title":null,"twitter_description":null,"schema":{"blockGraphs":[],"customGraphs":[],"default":{"data":{"Article":[],"Course":[],"Dataset":[],"FAQPage":[],"Movie":[],"Person":[],"Product":[],"ProductReview":[],"Car":[],"Recipe":[],"Service":[],"SoftwareApplication":[],"WebPage":[]},"graphName":"BlogPosting","isEnabled":true},"graphs":[]},"schema_type":"default","schema_type_options":null,"pillar_content":false,"robots_default":true,"robots_noindex":false,"robots_noarchive":false,"robots_nosnippet":false,"robots_nofollow":false,"robots_noimageindex":false,"robots_noodp":false,"robots_notranslate":false,"robots_max_snippet":null,"robots_max_videopreview":null,"robots_max_imagepreview":"large","priority":null,"frequency":null,"local_seo":null,"limit_modified_date":false,"created":"2026-04-08 06:14:35","updated":"2026-08-06 02:04:44","focus_keyword":null,"additional_keywords":null,"truseo_locale":null,"ai":null,"breadcrumb_settings":null,"seo_analyzer_scan_date":null},"aioseo_breadcrumb":"<div class=\"aioseo-breadcrumbs\"><span class=\"aioseo-breadcrumb\">\n\t\t\t<a href=\"https:\/\/www.encontracamacari.com.br\/sobre\" title=\"Home\">Home<\/a>\n\t\t<\/span><span class=\"aioseo-breadcrumb-separator\">&raquo;<\/span><span class=\"aioseo-breadcrumb\">\n\t\t\t<a href=\"https:\/\/www.encontracamacari.com.br\/sobre\/noticias-em-camacari\/\" title=\"Not\u00edcias Cama\u00e7ari\">Not\u00edcias Cama\u00e7ari<\/a>\n\t\t<\/span><span class=\"aioseo-breadcrumb-separator\">&raquo;<\/span><span class=\"aioseo-breadcrumb\">\n\t\t\t10\u00aa Sess\u00e3o Ordin\u00e1ria do 1\u00ba Per\u00edodo Legislativo\n\t\t<\/span><\/div>","aioseo_breadcrumb_json":[{"label":"Home","link":"https:\/\/www.encontracamacari.com.br\/sobre"},{"label":"Not\u00edcias Cama\u00e7ari","link":"https:\/\/www.encontracamacari.com.br\/sobre\/noticias-em-camacari\/"},{"label":"10\u00aa Sess\u00e3o Ordin\u00e1ria do 1\u00ba Per\u00edodo Legislativo","link":"https:\/\/www.encontracamacari.com.br\/sobre\/10a-sessao-ordinaria-do-1o-periodo-legislativo\/"}],"_links":{"self":[{"href":"https:\/\/www.encontracamacari.com.br\/sobre\/wp-json\/wp\/v2\/posts\/888","targetHints":{"allow":["GET"]}}],"collection":[{"href":"https:\/\/www.encontracamacari.com.br\/sobre\/wp-json\/wp\/v2\/posts"}],"about":[{"href":"https:\/\/www.encontracamacari.com.br\/sobre\/wp-json\/wp\/v2\/types\/post"}],"author":[{"embeddable":true,"href":"https:\/\/www.encontracamacari.com.br\/sobre\/wp-json\/wp\/v2\/users\/1"}],"replies":[{"embeddable":true,"href":"https:\/\/www.encontracamacari.com.br\/sobre\/wp-json\/wp\/v2\/comments?post=888"}],"version-history":[{"count":0,"href":"https:\/\/www.encontracamacari.com.br\/sobre\/wp-json\/wp\/v2\/posts\/888\/revisions"}],"wp:featuredmedia":[{"embeddable":true,"href":"https:\/\/www.encontracamacari.com.br\/sobre\/wp-json\/wp\/v2\/media\/887"}],"wp:attachment":[{"href":"https:\/\/www.encontracamacari.com.br\/sobre\/wp-json\/wp\/v2\/media?parent=888"}],"wp:term":[{"taxonomy":"category","embeddable":true,"href":"https:\/\/www.encontracamacari.com.br\/sobre\/wp-json\/wp\/v2\/categories?post=888"},{"taxonomy":"post_tag","embeddable":true,"href":"https:\/\/www.encontracamacari.com.br\/sobre\/wp-json\/wp\/v2\/tags?post=888"}],"curies":[{"name":"wp","href":"https:\/\/api.w.org\/{rel}","templated":true}]}}