{"id":883,"date":"2026-04-07T06:16:54","date_gmt":"2026-04-07T06:16:54","guid":{"rendered":"https:\/\/www.encontracamacari.com.br\/sobre\/camacari-vira-a-queridinha-da-byd-por-motivo-bilionario\/"},"modified":"2026-04-07T06:16:54","modified_gmt":"2026-04-07T06:16:54","slug":"camacari-vira-a-queridinha-da-byd-por-motivo-bilionario","status":"publish","type":"post","link":"https:\/\/www.encontracamacari.com.br\/sobre\/camacari-vira-a-queridinha-da-byd-por-motivo-bilionario\/","title":{"rendered":"Cama\u00e7ari vira a queridinha da BYD por motivo bilion\u00e1rio"},"content":{"rendered":"<div class=\"2410bb7248a64bb1f71103797e0f239b\" data-index=\"1\" style=\"float: none; margin:0px;\">\n<ins class=\"adsbygoogle\"\r\n     style=\"display:block\"\r\n     data-ad-client=\"ca-pub-8585364105181520\"\r\n     data-ad-slot=\"8789329856\"\r\n     data-ad-format=\"auto\"\r\n     data-full-width-responsive=\"true\"><\/ins>\r\n<script>\r\n     (adsbygoogle = window.adsbygoogle || []).push({});\r\n<\/script>\n<\/div>\n<h2>A Nova Capital dos Carros El\u00e9tricos na Am\u00e9rica Latina<\/h2>\n<p>Cama\u00e7ari, situada na Bahia, est\u00e1 se destacando como um polo de refer\u00eancia para a ind\u00fastria automotiva de ve\u00edculos el\u00e9tricos na Am\u00e9rica Latina. A cidade vem atraindo a aten\u00e7\u00e3o nacional e internacional devido aos investimentos significativos que est\u00e3o transformando seu cen\u00e1rio econ\u00f4mico e industrial. Com a chegada da multinacional **BYD**, a regi\u00e3o se tornou um espa\u00e7o promissor para a produ\u00e7\u00e3o de tecnologias avan\u00e7adas de mobilidade.<\/p>\n<h2>Investimentos Bilion\u00e1rios: O Que Est\u00e1 em Jogo?<\/h2>\n<p>O investimento da BYD no complexo industrial de Cama\u00e7ari ultrapassa os **R$ 3 bilh\u00f5es**. Este aporte financeiro n\u00e3o s\u00f3 garante a cria\u00e7\u00e3o de novas infraestruturas, mas tamb\u00e9m impulsiona a economia local, gerando milhares de novas oportunidades de emprego e potencializando a competitividade de modelos de carros el\u00e9tricos no mercado brasileiro.<\/p>\n<h2>Como Cama\u00e7ari Atraiu a BYD para o Brasil<\/h2>\n<p>A escolha de Cama\u00e7ari como o local para a instala\u00e7\u00e3o da nova f\u00e1brica n\u00e3o foi aleat\u00f3ria. A antiga planta da Ford oferece um conjunto de vantagens log\u00edsticas e fiscais que se mostram altamente atrativas. A posi\u00e7\u00e3o geogr\u00e1fica da cidade facilita a distribui\u00e7\u00e3o de ve\u00edculos para diversas regi\u00f5es do Brasil e at\u00e9 mesmo para a exporta\u00e7\u00e3o, oferecendo uma vantagem competitiva em rela\u00e7\u00e3o a outros mercados.<\/p>\n<h2>Empregos em Cama\u00e7ari: Oportunidades e Expectativas<\/h2>\n<p>A iniciativa da BYD n\u00e3o se limita apenas ao investimento em infraestrutura, mas tamb\u00e9m \u00e0 cria\u00e7\u00e3o de **3 mil oportunidades de emprego**, tanto diretas quanto indiretas. Esses empregos contemplar\u00e3o diversas \u00e1reas  na montagem, pintura, soldagem e tamb\u00e9m em fun\u00e7\u00f5es administrativas e de engenharia, proporcionando uma gama de op\u00e7\u00f5es para profissionais qualificados.<\/p>\n<h2>Infraestrutura Log\u00edstica e Incentivos Fiscais<\/h2>\n<p>A infraestrutura da antiga unidade da Ford, com acesso facilitado \u00e0s principais rodovias e portos, j\u00e1 oferece um ambiente prop\u00edcio para a montagem de ve\u00edculos el\u00e9tricos. Al\u00e9m disso, os incentivos fiscais oferecidos pelo estado da Bahia foram determinantes para a decis\u00e3o da BYD de investir na regi\u00e3o, tornando os custos de produ\u00e7\u00e3o mais vi\u00e1veis e atraentes.<\/p><div class=\"2410bb7248a64bb1f71103797e0f239b\" data-index=\"2\" style=\"float: none; margin:0px;\">\n<ins class=\"adsbygoogle\"\r\n     style=\"display:block; text-align:center;\"\r\n     data-ad-layout=\"in-article\"\r\n     data-ad-format=\"fluid\"\r\n     data-ad-client=\"ca-pub-8585364105181520\"\r\n     data-ad-slot=\"2899217073\"><\/ins>\r\n<script>\r\n     (adsbygoogle = window.adsbygoogle || []).push({});\r\n<\/script>\r\n\r\n<\/br><\/br>\n<\/div>\n\n<h2>Modelos que Ser\u00e3o Produzidos na Nova F\u00e1brica<\/h2>\n<p>A nova planta da BYD em Cama\u00e7ari se dedicar\u00e1 \u00e0 produ\u00e7\u00e3o de ve\u00edculos inovadores, incluindo modelos como o **Dolphin** e o **Song Plus**. Esses modelos el\u00e9tricos prometem atender \u00e0 crescente demanda por alternativas sustent\u00e1veis no mercado automotivo, contribuindo com uma vis\u00e3o de mobilidade mais ecol\u00f3gica.<\/p>\n<h2>A Revolu\u00e7\u00e3o dos Ve\u00edculos El\u00e9tricos na Ind\u00fastria Automotiva<\/h2>\n<p>A presen\u00e7a da BYD em Cama\u00e7ari n\u00e3o \u00e9 apenas um passo significativo para a empresa, mas uma revolu\u00e7\u00e3o potencial para a ind\u00fastria automotiva brasileira. A produ\u00e7\u00e3o local de ve\u00edculos el\u00e9tricos poder\u00e1 reduzir os custos e ampliar a oferta de produtos, oferecendo mais op\u00e7\u00f5es aos consumidores e fomentando a transi\u00e7\u00e3o para um transporte mais sustent\u00e1vel.<\/p>\n<h2>Como se Preparar para as Vagas de Emprego<\/h2>\n<p>Para os interessados em se candidatar a uma das **3 mil vagas** anunciadas, o primeiro passo \u00e9 se registrar atrav\u00e9s do portal de carreiras da BYD ou de plataformas parceiras autorizadas. Al\u00e9m disso, a unidade do **Sine Cama\u00e7ari** atuar\u00e1 como um centro de triagem para candidatos a vagas operacionais, facilitando o acesso a oportunidades no setor.<\/p>\n<h2>O Futuro do Mercado de Carros na Bahia<\/h2>\n<p>A instala\u00e7\u00e3o da BYD em Cama\u00e7ari marca um novo cap\u00edtulo para o mercado de autom\u00f3veis na Bahia. Com a produ\u00e7\u00e3o local, espera-se n\u00e3o apenas uma redu\u00e7\u00e3o nos pre\u00e7os dos ve\u00edculos, mas tamb\u00e9m uma maior acessibilidade a tecnologias inovadoras, beneficiando diretamente os consumidores baianos.<\/p>\n<h2>A Contribui\u00e7\u00e3o da BYD para a Economia Regional<\/h2>\n<p>O impacto econ\u00f4mico da BYD em Cama\u00e7ari \u00e9 significativo. A instala\u00e7\u00e3o da nova f\u00e1brica n\u00e3o apenas gera empregos, mas tamb\u00e9m estimula outras \u00e1reas da economia local, atrav\u00e9s de uma cadeia de suprimentos que pode incluir fornecedores e prestadores de servi\u00e7os. A expectativa \u00e9 que a economia baiana se revitalize e viva uma fase de crescimento impulsionada pela nova ind\u00fastria.<\/p>\n<div class=\"2410bb7248a64bb1f71103797e0f239b\" data-index=\"3\" style=\"float: none; margin:0px;\">\n<\/br><\/br>\r\n\r\n<ins class=\"adsbygoogle\"\r\n     style=\"display:block\"\r\n     data-ad-format=\"fluid\"\r\n     data-ad-layout-key=\"-63+do+n-1s+9e\"\r\n     data-ad-client=\"ca-pub-8585364105181520\"\r\n     data-ad-slot=\"6838462089\"><\/ins>\r\n<script>\r\n     (adsbygoogle = window.adsbygoogle || []).push({});\r\n<\/script>\n<\/div>\n\n<div style=\"font-size: 0px; height: 0px; line-height: 0px; margin: 0; padding: 0; clear: both;\"><\/div>","protected":false},"excerpt":{"rendered":"<p>Cama\u00e7ari se transforma na nova capital dos carros el\u00e9tricos com 3 mil empregos.<\/p>\n","protected":false},"author":1,"featured_media":0,"comment_status":"open","ping_status":"closed","sticky":false,"template":"","format":"standard","meta":{"footnotes":""},"categories":[1],"tags":[],"class_list":["post-883","post","type-post","status-publish","format-standard","hentry","category-noticias-em-camacari"],"aioseo_notices":[],"aioseo_head":"\n\t\t<!-- All in One SEO 5.0.0.1 - aioseo.com -->\n\t<meta name=\"description\" content=\"Cama\u00e7ari se transforma na nova capital dos carros el\u00e9tricos com 3 mil empregos.\" \/>\n\t<meta name=\"robots\" content=\"max-image-preview:large\" \/>\n\t<meta name=\"author\" content=\"Encontra Cama\u00e7ari\"\/>\n\t<link rel=\"canonical\" href=\"https:\/\/www.encontracamacari.com.br\/sobre\/camacari-vira-a-queridinha-da-byd-por-motivo-bilionario\/\" \/>\n\t<meta name=\"generator\" content=\"All in One SEO (AIOSEO) 5.0.0.1\" \/>\n\t\t<meta property=\"og:locale\" content=\"pt_BR\" \/>\n\t\t<meta property=\"og:site_name\" content=\"Encontra Cama\u00e7ari - Not\u00edcias, eventos, informa\u00e7\u00f5es e dicas na cidade de Cama\u00e7ari e regi\u00e3o.\" \/>\n\t\t<meta property=\"og:type\" content=\"article\" \/>\n\t\t<meta property=\"og:title\" content=\"Cama\u00e7ari vira a queridinha da BYD por motivo bilion\u00e1rio - Encontra Cama\u00e7ari\" \/>\n\t\t<meta property=\"og:description\" content=\"Cama\u00e7ari se transforma na nova capital dos carros el\u00e9tricos com 3 mil empregos.\" \/>\n\t\t<meta property=\"og:url\" content=\"https:\/\/www.encontracamacari.com.br\/sobre\/camacari-vira-a-queridinha-da-byd-por-motivo-bilionario\/\" \/>\n\t\t<meta property=\"article:published_time\" content=\"2026-04-07T06:16:54+00:00\" \/>\n\t\t<meta property=\"article:modified_time\" content=\"2026-04-07T06:16:54+00:00\" \/>\n\t\t<meta name=\"twitter:card\" content=\"summary_large_image\" \/>\n\t\t<meta name=\"twitter:title\" content=\"Cama\u00e7ari vira a queridinha da BYD por motivo bilion\u00e1rio - Encontra Cama\u00e7ari\" \/>\n\t\t<meta name=\"twitter:description\" content=\"Cama\u00e7ari se transforma na nova capital dos carros el\u00e9tricos com 3 mil empregos.\" \/>\n\t\t<script type=\"application\/ld+json\" class=\"aioseo-schema\">\n\t\t\t{\"@context\":\"https:\\\/\\\/schema.org\",\"@graph\":[{\"@type\":\"BlogPosting\",\"@id\":\"https:\\\/\\\/www.encontracamacari.com.br\\\/sobre\\\/camacari-vira-a-queridinha-da-byd-por-motivo-bilionario\\\/#blogposting\",\"name\":\"Cama\\u00e7ari vira a queridinha da BYD por motivo bilion\\u00e1rio - Encontra Cama\\u00e7ari\",\"headline\":\"Cama\\u00e7ari vira a queridinha da BYD por motivo bilion\\u00e1rio\",\"author\":{\"@id\":\"https:\\\/\\\/www.encontracamacari.com.br\\\/sobre\\\/author\\\/ecamacari\\\/#author\"},\"publisher\":{\"@id\":\"https:\\\/\\\/www.encontracamacari.com.br\\\/sobre\\\/#organization\"},\"datePublished\":\"2026-04-07T06:16:54+00:00\",\"dateModified\":\"2026-04-07T06:16:54+00:00\",\"inLanguage\":\"pt-BR\",\"mainEntityOfPage\":{\"@id\":\"https:\\\/\\\/www.encontracamacari.com.br\\\/sobre\\\/camacari-vira-a-queridinha-da-byd-por-motivo-bilionario\\\/#webpage\"},\"isPartOf\":{\"@id\":\"https:\\\/\\\/www.encontracamacari.com.br\\\/sobre\\\/camacari-vira-a-queridinha-da-byd-por-motivo-bilionario\\\/#webpage\"},\"articleSection\":\"Not\\u00edcias Cama\\u00e7ari\"},{\"@type\":\"BreadcrumbList\",\"@id\":\"https:\\\/\\\/www.encontracamacari.com.br\\\/sobre\\\/camacari-vira-a-queridinha-da-byd-por-motivo-bilionario\\\/#breadcrumblist\",\"itemListElement\":[{\"@type\":\"ListItem\",\"@id\":\"https:\\\/\\\/www.encontracamacari.com.br\\\/sobre#listItem\",\"position\":1,\"name\":\"Home\",\"item\":\"https:\\\/\\\/www.encontracamacari.com.br\\\/sobre\",\"nextItem\":{\"@type\":\"ListItem\",\"@id\":\"https:\\\/\\\/www.encontracamacari.com.br\\\/sobre\\\/noticias-em-camacari\\\/#listItem\",\"name\":\"Not\\u00edcias Cama\\u00e7ari\"}},{\"@type\":\"ListItem\",\"@id\":\"https:\\\/\\\/www.encontracamacari.com.br\\\/sobre\\\/noticias-em-camacari\\\/#listItem\",\"position\":2,\"name\":\"Not\\u00edcias Cama\\u00e7ari\",\"item\":\"https:\\\/\\\/www.encontracamacari.com.br\\\/sobre\\\/noticias-em-camacari\\\/\",\"nextItem\":{\"@type\":\"ListItem\",\"@id\":\"https:\\\/\\\/www.encontracamacari.com.br\\\/sobre\\\/camacari-vira-a-queridinha-da-byd-por-motivo-bilionario\\\/#listItem\",\"name\":\"Cama\\u00e7ari vira a queridinha da BYD por motivo bilion\\u00e1rio\"},\"previousItem\":{\"@type\":\"ListItem\",\"@id\":\"https:\\\/\\\/www.encontracamacari.com.br\\\/sobre#listItem\",\"name\":\"Home\"}},{\"@type\":\"ListItem\",\"@id\":\"https:\\\/\\\/www.encontracamacari.com.br\\\/sobre\\\/camacari-vira-a-queridinha-da-byd-por-motivo-bilionario\\\/#listItem\",\"position\":3,\"name\":\"Cama\\u00e7ari vira a queridinha da BYD por motivo bilion\\u00e1rio\",\"previousItem\":{\"@type\":\"ListItem\",\"@id\":\"https:\\\/\\\/www.encontracamacari.com.br\\\/sobre\\\/noticias-em-camacari\\\/#listItem\",\"name\":\"Not\\u00edcias Cama\\u00e7ari\"}}]},{\"@type\":\"Organization\",\"@id\":\"https:\\\/\\\/www.encontracamacari.com.br\\\/sobre\\\/#organization\",\"name\":\"Encontra Cama\\u00e7ari\",\"description\":\"Not\\u00edcias, eventos, informa\\u00e7\\u00f5es e dicas na cidade de Cama\\u00e7ari e regi\\u00e3o.\",\"url\":\"https:\\\/\\\/www.encontracamacari.com.br\\\/sobre\\\/\"},{\"@type\":\"Person\",\"@id\":\"https:\\\/\\\/www.encontracamacari.com.br\\\/sobre\\\/author\\\/ecamacari\\\/#author\",\"url\":\"https:\\\/\\\/www.encontracamacari.com.br\\\/sobre\\\/author\\\/ecamacari\\\/\",\"name\":\"Encontra Cama\\u00e7ari\",\"image\":{\"@type\":\"ImageObject\",\"@id\":\"https:\\\/\\\/www.encontracamacari.com.br\\\/sobre\\\/camacari-vira-a-queridinha-da-byd-por-motivo-bilionario\\\/#authorImage\",\"url\":\"https:\\\/\\\/secure.gravatar.com\\\/avatar\\\/507340682b8270222e1f208e23198b6ae7e2c6a1033ae84e99bc6bce4f82a387?s=96&d=mm&r=g\",\"width\":96,\"height\":96,\"caption\":\"Encontra Cama\\u00e7ari\"}},{\"@type\":\"WebPage\",\"@id\":\"https:\\\/\\\/www.encontracamacari.com.br\\\/sobre\\\/camacari-vira-a-queridinha-da-byd-por-motivo-bilionario\\\/#webpage\",\"url\":\"https:\\\/\\\/www.encontracamacari.com.br\\\/sobre\\\/camacari-vira-a-queridinha-da-byd-por-motivo-bilionario\\\/\",\"name\":\"Cama\\u00e7ari vira a queridinha da BYD por motivo bilion\\u00e1rio - Encontra Cama\\u00e7ari\",\"description\":\"Cama\\u00e7ari se transforma na nova capital dos carros el\\u00e9tricos com 3 mil empregos.\",\"inLanguage\":\"pt-BR\",\"isPartOf\":{\"@id\":\"https:\\\/\\\/www.encontracamacari.com.br\\\/sobre\\\/#website\"},\"breadcrumb\":{\"@id\":\"https:\\\/\\\/www.encontracamacari.com.br\\\/sobre\\\/camacari-vira-a-queridinha-da-byd-por-motivo-bilionario\\\/#breadcrumblist\"},\"author\":{\"@id\":\"https:\\\/\\\/www.encontracamacari.com.br\\\/sobre\\\/author\\\/ecamacari\\\/#author\"},\"creator\":{\"@id\":\"https:\\\/\\\/www.encontracamacari.com.br\\\/sobre\\\/author\\\/ecamacari\\\/#author\"},\"datePublished\":\"2026-04-07T06:16:54+00:00\",\"dateModified\":\"2026-04-07T06:16:54+00:00\"},{\"@type\":\"WebSite\",\"@id\":\"https:\\\/\\\/www.encontracamacari.com.br\\\/sobre\\\/#website\",\"url\":\"https:\\\/\\\/www.encontracamacari.com.br\\\/sobre\\\/\",\"name\":\"Encontra Cama\\u00e7ari\",\"description\":\"Not\\u00edcias, eventos, informa\\u00e7\\u00f5es e dicas na cidade de Cama\\u00e7ari e regi\\u00e3o.\",\"inLanguage\":\"pt-BR\",\"publisher\":{\"@id\":\"https:\\\/\\\/www.encontracamacari.com.br\\\/sobre\\\/#organization\"}}]}\n\t\t<\/script>\n\t\t<!-- All in One SEO -->\n\n","aioseo_head_json":{"title":"Cama\u00e7ari vira a queridinha da BYD por motivo bilion\u00e1rio - Encontra Cama\u00e7ari","description":"Cama\u00e7ari se transforma na nova capital dos carros el\u00e9tricos com 3 mil empregos.","canonical_url":"https:\/\/www.encontracamacari.com.br\/sobre\/camacari-vira-a-queridinha-da-byd-por-motivo-bilionario\/","robots":"max-image-preview:large","keywords":"","webmasterTools":{"miscellaneous":""},"schema":{"@context":"https:\/\/schema.org","@graph":[{"@type":"BlogPosting","@id":"https:\/\/www.encontracamacari.com.br\/sobre\/camacari-vira-a-queridinha-da-byd-por-motivo-bilionario\/#blogposting","name":"Cama\u00e7ari vira a queridinha da BYD por motivo bilion\u00e1rio - Encontra Cama\u00e7ari","headline":"Cama\u00e7ari vira a queridinha da BYD por motivo bilion\u00e1rio","author":{"@id":"https:\/\/www.encontracamacari.com.br\/sobre\/author\/ecamacari\/#author"},"publisher":{"@id":"https:\/\/www.encontracamacari.com.br\/sobre\/#organization"},"datePublished":"2026-04-07T06:16:54+00:00","dateModified":"2026-04-07T06:16:54+00:00","inLanguage":"pt-BR","mainEntityOfPage":{"@id":"https:\/\/www.encontracamacari.com.br\/sobre\/camacari-vira-a-queridinha-da-byd-por-motivo-bilionario\/#webpage"},"isPartOf":{"@id":"https:\/\/www.encontracamacari.com.br\/sobre\/camacari-vira-a-queridinha-da-byd-por-motivo-bilionario\/#webpage"},"articleSection":"Not\u00edcias Cama\u00e7ari"},{"@type":"BreadcrumbList","@id":"https:\/\/www.encontracamacari.com.br\/sobre\/camacari-vira-a-queridinha-da-byd-por-motivo-bilionario\/#breadcrumblist","itemListElement":[{"@type":"ListItem","@id":"https:\/\/www.encontracamacari.com.br\/sobre#listItem","position":1,"name":"Home","item":"https:\/\/www.encontracamacari.com.br\/sobre","nextItem":{"@type":"ListItem","@id":"https:\/\/www.encontracamacari.com.br\/sobre\/noticias-em-camacari\/#listItem","name":"Not\u00edcias Cama\u00e7ari"}},{"@type":"ListItem","@id":"https:\/\/www.encontracamacari.com.br\/sobre\/noticias-em-camacari\/#listItem","position":2,"name":"Not\u00edcias Cama\u00e7ari","item":"https:\/\/www.encontracamacari.com.br\/sobre\/noticias-em-camacari\/","nextItem":{"@type":"ListItem","@id":"https:\/\/www.encontracamacari.com.br\/sobre\/camacari-vira-a-queridinha-da-byd-por-motivo-bilionario\/#listItem","name":"Cama\u00e7ari vira a queridinha da BYD por motivo bilion\u00e1rio"},"previousItem":{"@type":"ListItem","@id":"https:\/\/www.encontracamacari.com.br\/sobre#listItem","name":"Home"}},{"@type":"ListItem","@id":"https:\/\/www.encontracamacari.com.br\/sobre\/camacari-vira-a-queridinha-da-byd-por-motivo-bilionario\/#listItem","position":3,"name":"Cama\u00e7ari vira a queridinha da BYD por motivo bilion\u00e1rio","previousItem":{"@type":"ListItem","@id":"https:\/\/www.encontracamacari.com.br\/sobre\/noticias-em-camacari\/#listItem","name":"Not\u00edcias Cama\u00e7ari"}}]},{"@type":"Organization","@id":"https:\/\/www.encontracamacari.com.br\/sobre\/#organization","name":"Encontra Cama\u00e7ari","description":"Not\u00edcias, eventos, informa\u00e7\u00f5es e dicas na cidade de Cama\u00e7ari e regi\u00e3o.","url":"https:\/\/www.encontracamacari.com.br\/sobre\/"},{"@type":"Person","@id":"https:\/\/www.encontracamacari.com.br\/sobre\/author\/ecamacari\/#author","url":"https:\/\/www.encontracamacari.com.br\/sobre\/author\/ecamacari\/","name":"Encontra Cama\u00e7ari","image":{"@type":"ImageObject","@id":"https:\/\/www.encontracamacari.com.br\/sobre\/camacari-vira-a-queridinha-da-byd-por-motivo-bilionario\/#authorImage","url":"https:\/\/secure.gravatar.com\/avatar\/507340682b8270222e1f208e23198b6ae7e2c6a1033ae84e99bc6bce4f82a387?s=96&d=mm&r=g","width":96,"height":96,"caption":"Encontra Cama\u00e7ari"}},{"@type":"WebPage","@id":"https:\/\/www.encontracamacari.com.br\/sobre\/camacari-vira-a-queridinha-da-byd-por-motivo-bilionario\/#webpage","url":"https:\/\/www.encontracamacari.com.br\/sobre\/camacari-vira-a-queridinha-da-byd-por-motivo-bilionario\/","name":"Cama\u00e7ari vira a queridinha da BYD por motivo bilion\u00e1rio - Encontra Cama\u00e7ari","description":"Cama\u00e7ari se transforma na nova capital dos carros el\u00e9tricos com 3 mil empregos.","inLanguage":"pt-BR","isPartOf":{"@id":"https:\/\/www.encontracamacari.com.br\/sobre\/#website"},"breadcrumb":{"@id":"https:\/\/www.encontracamacari.com.br\/sobre\/camacari-vira-a-queridinha-da-byd-por-motivo-bilionario\/#breadcrumblist"},"author":{"@id":"https:\/\/www.encontracamacari.com.br\/sobre\/author\/ecamacari\/#author"},"creator":{"@id":"https:\/\/www.encontracamacari.com.br\/sobre\/author\/ecamacari\/#author"},"datePublished":"2026-04-07T06:16:54+00:00","dateModified":"2026-04-07T06:16:54+00:00"},{"@type":"WebSite","@id":"https:\/\/www.encontracamacari.com.br\/sobre\/#website","url":"https:\/\/www.encontracamacari.com.br\/sobre\/","name":"Encontra Cama\u00e7ari","description":"Not\u00edcias, eventos, informa\u00e7\u00f5es e dicas na cidade de Cama\u00e7ari e regi\u00e3o.","inLanguage":"pt-BR","publisher":{"@id":"https:\/\/www.encontracamacari.com.br\/sobre\/#organization"}}]},"og:locale":"pt_BR","og:site_name":"Encontra Cama\u00e7ari - Not\u00edcias, eventos, informa\u00e7\u00f5es e dicas na cidade de Cama\u00e7ari e regi\u00e3o.","og:type":"article","og:title":"Cama\u00e7ari vira a queridinha da BYD por motivo bilion\u00e1rio - Encontra Cama\u00e7ari","og:description":"Cama\u00e7ari se transforma na nova capital dos carros el\u00e9tricos com 3 mil empregos.","og:url":"https:\/\/www.encontracamacari.com.br\/sobre\/camacari-vira-a-queridinha-da-byd-por-motivo-bilionario\/","article:published_time":"2026-04-07T06:16:54+00:00","article:modified_time":"2026-04-07T06:16:54+00:00","twitter:card":"summary_large_image","twitter:title":"Cama\u00e7ari vira a queridinha da BYD por motivo bilion\u00e1rio - Encontra Cama\u00e7ari","twitter:description":"Cama\u00e7ari se transforma na nova capital dos carros el\u00e9tricos com 3 mil empregos."},"aioseo_meta_data":{"post_id":"883","title":null,"description":null,"keywords":null,"keyphrases":null,"primary_term":null,"canonical_url":null,"og_title":null,"og_description":null,"og_object_type":"default","og_image_type":"default","og_image_url":null,"og_image_width":null,"og_image_height":null,"og_image_custom_url":null,"og_image_custom_fields":null,"og_video":null,"og_custom_url":null,"og_article_section":null,"og_article_tags":null,"twitter_use_og":false,"twitter_card":"default","twitter_image_type":"default","twitter_image_url":null,"twitter_image_custom_url":null,"twitter_image_custom_fields":null,"twitter_title":null,"twitter_description":null,"schema":{"blockGraphs":[],"customGraphs":[],"default":{"data":{"Article":[],"Course":[],"Dataset":[],"FAQPage":[],"Movie":[],"Person":[],"Product":[],"ProductReview":[],"Car":[],"Recipe":[],"Service":[],"SoftwareApplication":[],"WebPage":[]},"graphName":"BlogPosting","isEnabled":true},"graphs":[]},"schema_type":"default","schema_type_options":null,"pillar_content":false,"robots_default":true,"robots_noindex":false,"robots_noarchive":false,"robots_nosnippet":false,"robots_nofollow":false,"robots_noimageindex":false,"robots_noodp":false,"robots_notranslate":false,"robots_max_snippet":null,"robots_max_videopreview":null,"robots_max_imagepreview":"large","priority":null,"frequency":null,"local_seo":null,"limit_modified_date":false,"created":"2026-04-07 06:16:58","updated":"2026-08-06 02:01:51","focus_keyword":null,"additional_keywords":null,"truseo_locale":null,"ai":null,"breadcrumb_settings":null,"seo_analyzer_scan_date":null},"aioseo_breadcrumb":"<div class=\"aioseo-breadcrumbs\"><span class=\"aioseo-breadcrumb\">\n\t\t\t<a href=\"https:\/\/www.encontracamacari.com.br\/sobre\" title=\"Home\">Home<\/a>\n\t\t<\/span><span class=\"aioseo-breadcrumb-separator\">&raquo;<\/span><span class=\"aioseo-breadcrumb\">\n\t\t\t<a href=\"https:\/\/www.encontracamacari.com.br\/sobre\/noticias-em-camacari\/\" title=\"Not\u00edcias Cama\u00e7ari\">Not\u00edcias Cama\u00e7ari<\/a>\n\t\t<\/span><span class=\"aioseo-breadcrumb-separator\">&raquo;<\/span><span class=\"aioseo-breadcrumb\">\n\t\t\tCama\u00e7ari vira a queridinha da BYD por motivo bilion\u00e1rio\n\t\t<\/span><\/div>","aioseo_breadcrumb_json":[{"label":"Home","link":"https:\/\/www.encontracamacari.com.br\/sobre"},{"label":"Not\u00edcias Cama\u00e7ari","link":"https:\/\/www.encontracamacari.com.br\/sobre\/noticias-em-camacari\/"},{"label":"Cama\u00e7ari vira a queridinha da BYD por motivo bilion\u00e1rio","link":"https:\/\/www.encontracamacari.com.br\/sobre\/camacari-vira-a-queridinha-da-byd-por-motivo-bilionario\/"}],"_links":{"self":[{"href":"https:\/\/www.encontracamacari.com.br\/sobre\/wp-json\/wp\/v2\/posts\/883","targetHints":{"allow":["GET"]}}],"collection":[{"href":"https:\/\/www.encontracamacari.com.br\/sobre\/wp-json\/wp\/v2\/posts"}],"about":[{"href":"https:\/\/www.encontracamacari.com.br\/sobre\/wp-json\/wp\/v2\/types\/post"}],"author":[{"embeddable":true,"href":"https:\/\/www.encontracamacari.com.br\/sobre\/wp-json\/wp\/v2\/users\/1"}],"replies":[{"embeddable":true,"href":"https:\/\/www.encontracamacari.com.br\/sobre\/wp-json\/wp\/v2\/comments?post=883"}],"version-history":[{"count":0,"href":"https:\/\/www.encontracamacari.com.br\/sobre\/wp-json\/wp\/v2\/posts\/883\/revisions"}],"wp:attachment":[{"href":"https:\/\/www.encontracamacari.com.br\/sobre\/wp-json\/wp\/v2\/media?parent=883"}],"wp:term":[{"taxonomy":"category","embeddable":true,"href":"https:\/\/www.encontracamacari.com.br\/sobre\/wp-json\/wp\/v2\/categories?post=883"},{"taxonomy":"post_tag","embeddable":true,"href":"https:\/\/www.encontracamacari.com.br\/sobre\/wp-json\/wp\/v2\/tags?post=883"}],"curies":[{"name":"wp","href":"https:\/\/api.w.org\/{rel}","templated":true}]}}