{"id":880,"date":"2026-04-06T06:17:51","date_gmt":"2026-04-06T06:17:51","guid":{"rendered":"https:\/\/www.encontracamacari.com.br\/sobre\/byd-anuncia-3-mil-empregos-na-bahia-e-investimento-de-r-300-milhoes-no-rio-de-janeiro\/"},"modified":"2026-04-06T06:17:51","modified_gmt":"2026-04-06T06:17:51","slug":"byd-anuncia-3-mil-empregos-na-bahia-e-investimento-de-r-300-milhoes-no-rio-de-janeiro","status":"publish","type":"post","link":"https:\/\/www.encontracamacari.com.br\/sobre\/byd-anuncia-3-mil-empregos-na-bahia-e-investimento-de-r-300-milhoes-no-rio-de-janeiro\/","title":{"rendered":"BYD anuncia 3 mil empregos na Bahia e investimento de R$ 300 milh\u00f5es no Rio de Janeiro"},"content":{"rendered":"<div class=\"2410bb7248a64bb1f71103797e0f239b\" data-index=\"1\" style=\"float: none; margin:0px;\">\n<ins class=\"adsbygoogle\"\r\n     style=\"display:block\"\r\n     data-ad-client=\"ca-pub-8585364105181520\"\r\n     data-ad-slot=\"8789329856\"\r\n     data-ad-format=\"auto\"\r\n     data-full-width-responsive=\"true\"><\/ins>\r\n<script>\r\n     (adsbygoogle = window.adsbygoogle || []).push({});\r\n<\/script>\n<\/div>\n<h2>O Impacto dos Novos Empregos na Economia Local<\/h2>\n<p>A recente decis\u00e3o da BYD de aumentar sua for\u00e7a de trabalho na Bahia com a adi\u00e7\u00e3o de 3 mil novos empregos representa um marco significativo para a economia local. Este movimento n\u00e3o apenas elevar\u00e1 o total de funcion\u00e1rios da f\u00e1brica situada em Cama\u00e7ari para mais de 6 mil, como tamb\u00e9m promete estimular o mercado de trabalho regional. Com a chegada de mais empregos diretos, a expectativa \u00e9 que haja um impacto positivo na \u00e1rea de servi\u00e7os, com\u00e9rcio e infraestrutura local.<\/p>\n<p>Essas novas oportunidades de emprego devem aumentar a renda das fam\u00edlias e impulsionar o consumo local. Al\u00e9m disso, a cria\u00e7\u00e3o de empregos pode promover um aumento na qualifica\u00e7\u00e3o profissional da popula\u00e7\u00e3o, j\u00e1 que a BYD poder\u00e1 oferecer treinamentos e capacita\u00e7\u00f5es espec\u00edficas para seus colaboradores. O fortalecimento da ind\u00fastria automotiva na Bahia pode, por sua vez, gerar uma cadeia de fornecedores e servi\u00e7os que beneficiar\u00e1 toda a economia.<\/p>\n<h2>Investimento da BYD na Ind\u00fastria Automotiva Brasileira<\/h2>\n<p>O investimento de R$ 300 milh\u00f5es que a BYD anunciou para a constru\u00e7\u00e3o de um centro de testes e pesquisa no Rio de Janeiro \u00e9 mais um indicativo da confian\u00e7a da montadora chinesa no potencial do mercado brasileiro. Este centro n\u00e3o apenas representar\u00e1 um avan\u00e7o tecnol\u00f3gico, mas tamb\u00e9m sinaliza uma expans\u00e3o da presen\u00e7a da empresa no pa\u00eds, refor\u00e7ando seu comprometimento com o desenvolvimento da ind\u00fastria automotiva nacional.<\/p>\n<p><img decoding=\"async\" src=\"https:\/\/www.encontracamacari.com.br\/sobre\/wp-content\/uploads\/2026\/04\/byd-anuncia-3-mil-empregos-na-bahia-e-investimento-de-r-300-milhoes-no-rio-de-janeiro.webp\" alt=\"BYD empregos e investimento\" loading=\"lazy\" \/><\/p>\n<p>O investimento na infraestrutura deve seguir padr\u00f5es elevados, inspirados em centros semelhantes na China, garantindo que o complexo atenda exig\u00eancias de inova\u00e7\u00e3o e qualidade. Assim, a BYD n\u00e3o apenas se posiciona como um protagonista no mercado de ve\u00edculos el\u00e9tricos, mas tamb\u00e9m como um agente de transforma\u00e7\u00e3o na ind\u00fastria automotiva brasileira.<\/p>\n<h2>Estrat\u00e9gia de Expans\u00e3o em Cama\u00e7ari<\/h2>\n<p>A BYD planeja praticamente dobrar a capacidade de sua planta em Cama\u00e7ari, transformando-a em um dos maiores polos de produ\u00e7\u00e3o de ve\u00edculos eletrificados nas Am\u00e9ricas. Com um investimento total estimado em R$ 5,5 bilh\u00f5es, o complexo ocupar\u00e1 4,65 milh\u00f5es de metros quadrados e ter\u00e1 a capacidade de produzir at\u00e9 600 mil ve\u00edculos por ano quando totalmente operacional.<\/p>\n<p>Essa expans\u00e3o reflete a crescente demanda por ve\u00edculos el\u00e9tricos e a necessidade da empresa de atender tanto o mercado interno quanto o externo. A adapta\u00e7\u00e3o do local, que anteriormente abrigava a Ford, permitir\u00e1 \u00e0 BYD utilizar um espa\u00e7o j\u00e1 preparado para a ind\u00fastria automotiva, minimizando custos e tempo de implanta\u00e7\u00e3o.<\/p>\n<h2>Perspectivas de Exporta\u00e7\u00e3o para Mercado Latino-Americano<\/h2>\n<p>A possibilidade de exportar ve\u00edculos fabricados em Cama\u00e7ari para a Am\u00e9rica Latina e at\u00e9 para mercados europeus \u00e9 uma das prioridades da estrat\u00e9gia da BYD. A empresa j\u00e1 discute com seus executivos como pode viabilizar essa opera\u00e7\u00e3o, aproveitando-se das vantagens log\u00edsticas que o Brasil oferece na regi\u00e3o. Isso n\u00e3o apenas aumentaria a competitividade da BYD no mercado global, mas tamb\u00e9m poderia amplificar a presen\u00e7a da marca em diversos pa\u00edses.<\/p>\n<p>A capacidade de exporta\u00e7\u00e3o tamb\u00e9m pode gerar uma s\u00e9rie de benef\u00edcios para a economia brasileira, j\u00e1 que a produ\u00e7\u00e3o local se tornar\u00e1 uma refer\u00eancia em qualidade e tecnologia, fortalecendo ainda mais a imagem do Brasil como um polo de inova\u00e7\u00e3o na mobilidade el\u00e9trica.<\/p>\n<h2>Centro de Pesquisa e Desenvolvimento no Rio de Janeiro<\/h2>\n<p>No que diz respeito ao investimento no Rio de Janeiro, a BYD planeja um centro de testes e avalia\u00e7\u00e3o automotiva que ter\u00e1 aproximadamente 184 mil metros quadrados. Essa instala\u00e7\u00e3o ser\u00e1 fundamental para a realiza\u00e7\u00e3o de testes em condi\u00e7\u00f5es reais, permitindo \u00e0 montadora desenvolver e validar tecnologias que atendam \u00e0s necessidades do mercado latino-americano.<\/p><div class=\"2410bb7248a64bb1f71103797e0f239b\" data-index=\"2\" style=\"float: none; margin:0px;\">\n<ins class=\"adsbygoogle\"\r\n     style=\"display:block; text-align:center;\"\r\n     data-ad-layout=\"in-article\"\r\n     data-ad-format=\"fluid\"\r\n     data-ad-client=\"ca-pub-8585364105181520\"\r\n     data-ad-slot=\"2899217073\"><\/ins>\r\n<script>\r\n     (adsbygoogle = window.adsbygoogle || []).push({});\r\n<\/script>\r\n\r\n<\/br><\/br>\n<\/div>\n\n<p>O centro ser\u00e1 equipado para simula\u00e7\u00f5es avan\u00e7adas e aprova\u00e7\u00f5es de seguran\u00e7a, e contar\u00e1 com pistas de diferentes tipos, incluindo uma piscina para testes de flutua\u00e7\u00e3o em ve\u00edculos, uma inova\u00e7\u00e3o que demonstrar\u00e1 a versatilidade e o compromisso da BYD com a seguran\u00e7a e efici\u00eancia. A expectativa \u00e9 que a constru\u00e7\u00e3o deste centro inicie no final de 2026, com conclus\u00e3o prevista para 2028.<\/p>\n<h2>Inova\u00e7\u00e3o e Tecnologia: O Futuro da Mobilidade<\/h2>\n<p>A presen\u00e7a da BYD no Brasil n\u00e3o \u00e9 apenas sobre emprego e investimento; ela implica em um compromisso com a inova\u00e7\u00e3o e o futuro da mobilidade el\u00e9trica. O centro de pesquisa no Rio de Janeiro servir\u00e1 como um elo crucial para o desenvolvimento de ve\u00edculos que atendam \u00e0s especificidades do clima e da infraestrutura brasileira.<\/p>\n<p>Com um foco em tecnologia, a empresa buscar\u00e1 implementar solu\u00e7\u00f5es inovadoras que visem melhorar a efici\u00eancia energ\u00e9tica e a autonomiza\u00e7\u00e3o dos ve\u00edculos. Projetos de pesquisa poder\u00e3o abordar desde novas fontes de energia at\u00e9 sistemas de dire\u00e7\u00e3o aut\u00f4noma e conectividade, posicionando \u00e0 BYD na vanguarda da mobilidade el\u00e9trica.<\/p>\n<h2>Import\u00e2ncia da Sustentabilidade no Novo Complexo<\/h2>\n<p>Particularmente relevante na atualidade, a quest\u00e3o da sustentabilidade ser\u00e1 uma prioridade nas opera\u00e7\u00f5es da BYD no Brasil. A empresa tem se comprometido a seguir pr\u00e1ticas ecol\u00f3gicas em sua produ\u00e7\u00e3o e desenvolvimento, algo que \u00e9 vital no cen\u00e1rio atual de mudan\u00e7as clim\u00e1ticas e crescente conscientiza\u00e7\u00e3o ambiental.<\/p>\n<p>A BYD se prop\u00f5e a ser um exemplo na ind\u00fastria automotiva ao integrar tecnologia verde em seu processo de fabrica\u00e7\u00e3o, desde a energia utilizada nas f\u00e1bricas at\u00e9 a gest\u00e3o dos res\u00edduos produzidos. Esta abordagem n\u00e3o apenas melhora a imagem da empresa, mas tamb\u00e9m contribui para um Brasil mais sustent\u00e1vel.<\/p>\n<h2>Desenvolvimento de Tecnologias Locais para Ve\u00edculos El\u00e9tricos<\/h2>\n<p>Criar solu\u00e7\u00f5es adaptadas \u00e0 realidade local \u00e9 fundamental para o sucesso da BYD no Brasil. O centro de pesquisa permitir\u00e1 a implementa\u00e7\u00e3o de inova\u00e7\u00f5es espec\u00edficas para o mercado latino-americano, explorando as particularidades culturais e geogr\u00e1ficas da regi\u00e3o.<\/p>\n<p>Uma abordagem focada em tecnologias locais garantir\u00e1 que os produtos da BYD se encaixem perfeitamente \u00e0s necessidades dos consumidores brasileiros. Isso n\u00e3o s\u00f3 ajudar\u00e1 na aceita\u00e7\u00e3o e populariza\u00e7\u00e3o dos ve\u00edculos el\u00e9tricos, como tamb\u00e9m contribuir\u00e1 para um futuro mais verde e sustent\u00e1vel.<\/p>\n<h2>Aumentando a Capacidade de Produ\u00e7\u00e3o na Bahia<\/h2>\n<p>A expans\u00e3o em Cama\u00e7ari n\u00e3o apenas aumentar\u00e1 a capacidade de produ\u00e7\u00e3o, mas tamb\u00e9m impulsionar\u00e1 a qualifica\u00e7\u00e3o de m\u00e3o de obra na regi\u00e3o. A proposta da BYD de incluir treinamentos e capacita\u00e7\u00f5es para seus trabalhadores fortificar\u00e1 a base de conhecimento local, preparando-os para atuar em um setor que cada vez mais demanda compet\u00eancias t\u00e9cnicas e especializadas.<\/p>\n<p>Essa eleva\u00e7\u00e3o no n\u00edvel de qualifica\u00e7\u00e3o da m\u00e3o de obra da Bahia proporcionar\u00e1 benef\u00edcios duradouros, contribuindo para o desenvolvimento econ\u00f4mico sustent\u00e1vel e criando um legado de inova\u00e7\u00e3o no estado. O foco em produ\u00e7\u00e3o de ve\u00edculos el\u00e9tricos ser\u00e1 um diferencial competitivo para a regi\u00e3o.<\/p>\n<h2>Preparando o Brasil para um Mercado Automotivo El\u00e9trico<\/h2>\n<p>A iniciativa da BYD em expandir sua atua\u00e7\u00e3o no Brasil tamb\u00e9m \u00e9 uma resposta \u00e0s tend\u00eancias globais de eletrifica\u00e7\u00e3o do setor automotivo. \u00c0 medida que o mundo se direciona para um futuro mais sustent\u00e1vel, o Brasil, com suas ricas fontes de recursos renov\u00e1veis, tem potencial para se tornar um l\u00edder nesse mercado.<\/p>\n<p>A fabriliza\u00e7\u00e3o de ve\u00edculos el\u00e9tricos em territ\u00f3rio nacional n\u00e3o s\u00f3 ajudar\u00e1 a cumprir compromissos de emiss\u00f5es mais baixas, mas tamb\u00e9m promover\u00e1 a independ\u00eancia energ\u00e9tica do pa\u00eds, com um aumento no uso de energias renov\u00e1veis nos processos de produ\u00e7\u00e3o. Ser parte desse movimento \u00e9 uma oportunidade que a BYD n\u00e3o apenas ambiciona, mas se compromete a encontrar solu\u00e7\u00f5es para.<\/p>\n<div class=\"2410bb7248a64bb1f71103797e0f239b\" data-index=\"3\" style=\"float: none; margin:0px;\">\n<\/br><\/br>\r\n\r\n<ins class=\"adsbygoogle\"\r\n     style=\"display:block\"\r\n     data-ad-format=\"fluid\"\r\n     data-ad-layout-key=\"-63+do+n-1s+9e\"\r\n     data-ad-client=\"ca-pub-8585364105181520\"\r\n     data-ad-slot=\"6838462089\"><\/ins>\r\n<script>\r\n     (adsbygoogle = window.adsbygoogle || []).push({});\r\n<\/script>\n<\/div>\n\n<div style=\"font-size: 0px; height: 0px; line-height: 0px; margin: 0; padding: 0; clear: both;\"><\/div>","protected":false},"excerpt":{"rendered":"<p>BYD expande opera\u00e7\u00f5es no Brasil com 3 mil novos empregos e R$ 300 milh\u00f5es de investimento.<\/p>\n","protected":false},"author":1,"featured_media":879,"comment_status":"open","ping_status":"closed","sticky":false,"template":"","format":"standard","meta":{"footnotes":""},"categories":[1],"tags":[],"class_list":["post-880","post","type-post","status-publish","format-standard","has-post-thumbnail","hentry","category-noticias-em-camacari","has_thumb"],"aioseo_notices":[],"aioseo_head":"\n\t\t<!-- All in One SEO 5.0.0.1 - aioseo.com -->\n\t<meta name=\"description\" content=\"BYD expande opera\u00e7\u00f5es no Brasil com 3 mil novos empregos e R$ 300 milh\u00f5es de investimento.\" \/>\n\t<meta name=\"robots\" content=\"max-image-preview:large\" \/>\n\t<meta name=\"author\" content=\"Encontra Cama\u00e7ari\"\/>\n\t<link rel=\"canonical\" href=\"https:\/\/www.encontracamacari.com.br\/sobre\/byd-anuncia-3-mil-empregos-na-bahia-e-investimento-de-r-300-milhoes-no-rio-de-janeiro\/\" \/>\n\t<meta name=\"generator\" content=\"All in One SEO (AIOSEO) 5.0.0.1\" \/>\n\t\t<meta property=\"og:locale\" content=\"pt_BR\" \/>\n\t\t<meta property=\"og:site_name\" content=\"Encontra Cama\u00e7ari - Not\u00edcias, eventos, informa\u00e7\u00f5es e dicas na cidade de Cama\u00e7ari e regi\u00e3o.\" \/>\n\t\t<meta property=\"og:type\" content=\"article\" \/>\n\t\t<meta property=\"og:title\" content=\"BYD anuncia 3 mil empregos na Bahia e investimento de R$ 300 milh\u00f5es no Rio de Janeiro - Encontra Cama\u00e7ari\" \/>\n\t\t<meta property=\"og:description\" content=\"BYD expande opera\u00e7\u00f5es no Brasil com 3 mil novos empregos e R$ 300 milh\u00f5es de investimento.\" \/>\n\t\t<meta property=\"og:url\" content=\"https:\/\/www.encontracamacari.com.br\/sobre\/byd-anuncia-3-mil-empregos-na-bahia-e-investimento-de-r-300-milhoes-no-rio-de-janeiro\/\" \/>\n\t\t<meta property=\"article:published_time\" content=\"2026-04-06T06:17:51+00:00\" \/>\n\t\t<meta property=\"article:modified_time\" content=\"2026-04-06T06:17:51+00:00\" \/>\n\t\t<meta name=\"twitter:card\" content=\"summary_large_image\" \/>\n\t\t<meta name=\"twitter:title\" content=\"BYD anuncia 3 mil empregos na Bahia e investimento de R$ 300 milh\u00f5es no Rio de Janeiro - Encontra Cama\u00e7ari\" \/>\n\t\t<meta name=\"twitter:description\" content=\"BYD expande opera\u00e7\u00f5es no Brasil com 3 mil novos empregos e R$ 300 milh\u00f5es de investimento.\" \/>\n\t\t<script type=\"application\/ld+json\" class=\"aioseo-schema\">\n\t\t\t{\"@context\":\"https:\\\/\\\/schema.org\",\"@graph\":[{\"@type\":\"BlogPosting\",\"@id\":\"https:\\\/\\\/www.encontracamacari.com.br\\\/sobre\\\/byd-anuncia-3-mil-empregos-na-bahia-e-investimento-de-r-300-milhoes-no-rio-de-janeiro\\\/#blogposting\",\"name\":\"BYD anuncia 3 mil empregos na Bahia e investimento de R$ 300 milh\\u00f5es no Rio de Janeiro - Encontra Cama\\u00e7ari\",\"headline\":\"BYD anuncia 3 mil empregos na Bahia e investimento de R$ 300 milh\\u00f5es no Rio de Janeiro\",\"author\":{\"@id\":\"https:\\\/\\\/www.encontracamacari.com.br\\\/sobre\\\/author\\\/ecamacari\\\/#author\"},\"publisher\":{\"@id\":\"https:\\\/\\\/www.encontracamacari.com.br\\\/sobre\\\/#organization\"},\"image\":{\"@type\":\"ImageObject\",\"url\":\"https:\\\/\\\/www.encontracamacari.com.br\\\/sobre\\\/wp-content\\\/uploads\\\/2026\\\/04\\\/byd-anuncia-3-mil-empregos-na-bahia-e-investimento-de-r-300-milhoes-no-rio-de-janeiro.webp\",\"width\":280,\"height\":280,\"caption\":\"BYD empregos e investimento\"},\"datePublished\":\"2026-04-06T06:17:51+00:00\",\"dateModified\":\"2026-04-06T06:17:51+00:00\",\"inLanguage\":\"pt-BR\",\"mainEntityOfPage\":{\"@id\":\"https:\\\/\\\/www.encontracamacari.com.br\\\/sobre\\\/byd-anuncia-3-mil-empregos-na-bahia-e-investimento-de-r-300-milhoes-no-rio-de-janeiro\\\/#webpage\"},\"isPartOf\":{\"@id\":\"https:\\\/\\\/www.encontracamacari.com.br\\\/sobre\\\/byd-anuncia-3-mil-empregos-na-bahia-e-investimento-de-r-300-milhoes-no-rio-de-janeiro\\\/#webpage\"},\"articleSection\":\"Not\\u00edcias Cama\\u00e7ari\"},{\"@type\":\"BreadcrumbList\",\"@id\":\"https:\\\/\\\/www.encontracamacari.com.br\\\/sobre\\\/byd-anuncia-3-mil-empregos-na-bahia-e-investimento-de-r-300-milhoes-no-rio-de-janeiro\\\/#breadcrumblist\",\"itemListElement\":[{\"@type\":\"ListItem\",\"@id\":\"https:\\\/\\\/www.encontracamacari.com.br\\\/sobre#listItem\",\"position\":1,\"name\":\"Home\",\"item\":\"https:\\\/\\\/www.encontracamacari.com.br\\\/sobre\",\"nextItem\":{\"@type\":\"ListItem\",\"@id\":\"https:\\\/\\\/www.encontracamacari.com.br\\\/sobre\\\/noticias-em-camacari\\\/#listItem\",\"name\":\"Not\\u00edcias Cama\\u00e7ari\"}},{\"@type\":\"ListItem\",\"@id\":\"https:\\\/\\\/www.encontracamacari.com.br\\\/sobre\\\/noticias-em-camacari\\\/#listItem\",\"position\":2,\"name\":\"Not\\u00edcias Cama\\u00e7ari\",\"item\":\"https:\\\/\\\/www.encontracamacari.com.br\\\/sobre\\\/noticias-em-camacari\\\/\",\"nextItem\":{\"@type\":\"ListItem\",\"@id\":\"https:\\\/\\\/www.encontracamacari.com.br\\\/sobre\\\/byd-anuncia-3-mil-empregos-na-bahia-e-investimento-de-r-300-milhoes-no-rio-de-janeiro\\\/#listItem\",\"name\":\"BYD anuncia 3 mil empregos na Bahia e investimento de R$ 300 milh\\u00f5es no Rio de Janeiro\"},\"previousItem\":{\"@type\":\"ListItem\",\"@id\":\"https:\\\/\\\/www.encontracamacari.com.br\\\/sobre#listItem\",\"name\":\"Home\"}},{\"@type\":\"ListItem\",\"@id\":\"https:\\\/\\\/www.encontracamacari.com.br\\\/sobre\\\/byd-anuncia-3-mil-empregos-na-bahia-e-investimento-de-r-300-milhoes-no-rio-de-janeiro\\\/#listItem\",\"position\":3,\"name\":\"BYD anuncia 3 mil empregos na Bahia e investimento de R$ 300 milh\\u00f5es no Rio de Janeiro\",\"previousItem\":{\"@type\":\"ListItem\",\"@id\":\"https:\\\/\\\/www.encontracamacari.com.br\\\/sobre\\\/noticias-em-camacari\\\/#listItem\",\"name\":\"Not\\u00edcias Cama\\u00e7ari\"}}]},{\"@type\":\"Organization\",\"@id\":\"https:\\\/\\\/www.encontracamacari.com.br\\\/sobre\\\/#organization\",\"name\":\"Encontra Cama\\u00e7ari\",\"description\":\"Not\\u00edcias, eventos, informa\\u00e7\\u00f5es e dicas na cidade de Cama\\u00e7ari e regi\\u00e3o.\",\"url\":\"https:\\\/\\\/www.encontracamacari.com.br\\\/sobre\\\/\"},{\"@type\":\"Person\",\"@id\":\"https:\\\/\\\/www.encontracamacari.com.br\\\/sobre\\\/author\\\/ecamacari\\\/#author\",\"url\":\"https:\\\/\\\/www.encontracamacari.com.br\\\/sobre\\\/author\\\/ecamacari\\\/\",\"name\":\"Encontra Cama\\u00e7ari\",\"image\":{\"@type\":\"ImageObject\",\"@id\":\"https:\\\/\\\/www.encontracamacari.com.br\\\/sobre\\\/byd-anuncia-3-mil-empregos-na-bahia-e-investimento-de-r-300-milhoes-no-rio-de-janeiro\\\/#authorImage\",\"url\":\"https:\\\/\\\/secure.gravatar.com\\\/avatar\\\/507340682b8270222e1f208e23198b6ae7e2c6a1033ae84e99bc6bce4f82a387?s=96&d=mm&r=g\",\"width\":96,\"height\":96,\"caption\":\"Encontra Cama\\u00e7ari\"}},{\"@type\":\"WebPage\",\"@id\":\"https:\\\/\\\/www.encontracamacari.com.br\\\/sobre\\\/byd-anuncia-3-mil-empregos-na-bahia-e-investimento-de-r-300-milhoes-no-rio-de-janeiro\\\/#webpage\",\"url\":\"https:\\\/\\\/www.encontracamacari.com.br\\\/sobre\\\/byd-anuncia-3-mil-empregos-na-bahia-e-investimento-de-r-300-milhoes-no-rio-de-janeiro\\\/\",\"name\":\"BYD anuncia 3 mil empregos na Bahia e investimento de R$ 300 milh\\u00f5es no Rio de Janeiro - Encontra Cama\\u00e7ari\",\"description\":\"BYD expande opera\\u00e7\\u00f5es no Brasil com 3 mil novos empregos e R$ 300 milh\\u00f5es de investimento.\",\"inLanguage\":\"pt-BR\",\"isPartOf\":{\"@id\":\"https:\\\/\\\/www.encontracamacari.com.br\\\/sobre\\\/#website\"},\"breadcrumb\":{\"@id\":\"https:\\\/\\\/www.encontracamacari.com.br\\\/sobre\\\/byd-anuncia-3-mil-empregos-na-bahia-e-investimento-de-r-300-milhoes-no-rio-de-janeiro\\\/#breadcrumblist\"},\"author\":{\"@id\":\"https:\\\/\\\/www.encontracamacari.com.br\\\/sobre\\\/author\\\/ecamacari\\\/#author\"},\"creator\":{\"@id\":\"https:\\\/\\\/www.encontracamacari.com.br\\\/sobre\\\/author\\\/ecamacari\\\/#author\"},\"image\":{\"@type\":\"ImageObject\",\"url\":\"https:\\\/\\\/www.encontracamacari.com.br\\\/sobre\\\/wp-content\\\/uploads\\\/2026\\\/04\\\/byd-anuncia-3-mil-empregos-na-bahia-e-investimento-de-r-300-milhoes-no-rio-de-janeiro.webp\",\"@id\":\"https:\\\/\\\/www.encontracamacari.com.br\\\/sobre\\\/byd-anuncia-3-mil-empregos-na-bahia-e-investimento-de-r-300-milhoes-no-rio-de-janeiro\\\/#mainImage\",\"width\":280,\"height\":280,\"caption\":\"BYD empregos e investimento\"},\"primaryImageOfPage\":{\"@id\":\"https:\\\/\\\/www.encontracamacari.com.br\\\/sobre\\\/byd-anuncia-3-mil-empregos-na-bahia-e-investimento-de-r-300-milhoes-no-rio-de-janeiro\\\/#mainImage\"},\"datePublished\":\"2026-04-06T06:17:51+00:00\",\"dateModified\":\"2026-04-06T06:17:51+00:00\"},{\"@type\":\"WebSite\",\"@id\":\"https:\\\/\\\/www.encontracamacari.com.br\\\/sobre\\\/#website\",\"url\":\"https:\\\/\\\/www.encontracamacari.com.br\\\/sobre\\\/\",\"name\":\"Encontra Cama\\u00e7ari\",\"description\":\"Not\\u00edcias, eventos, informa\\u00e7\\u00f5es e dicas na cidade de Cama\\u00e7ari e regi\\u00e3o.\",\"inLanguage\":\"pt-BR\",\"publisher\":{\"@id\":\"https:\\\/\\\/www.encontracamacari.com.br\\\/sobre\\\/#organization\"}}]}\n\t\t<\/script>\n\t\t<!-- All in One SEO -->\n\n","aioseo_head_json":{"title":"BYD anuncia 3 mil empregos na Bahia e investimento de R$ 300 milh\u00f5es no Rio de Janeiro - Encontra Cama\u00e7ari","description":"BYD expande opera\u00e7\u00f5es no Brasil com 3 mil novos empregos e R$ 300 milh\u00f5es de investimento.","canonical_url":"https:\/\/www.encontracamacari.com.br\/sobre\/byd-anuncia-3-mil-empregos-na-bahia-e-investimento-de-r-300-milhoes-no-rio-de-janeiro\/","robots":"max-image-preview:large","keywords":"","webmasterTools":{"miscellaneous":""},"schema":{"@context":"https:\/\/schema.org","@graph":[{"@type":"BlogPosting","@id":"https:\/\/www.encontracamacari.com.br\/sobre\/byd-anuncia-3-mil-empregos-na-bahia-e-investimento-de-r-300-milhoes-no-rio-de-janeiro\/#blogposting","name":"BYD anuncia 3 mil empregos na Bahia e investimento de R$ 300 milh\u00f5es no Rio de Janeiro - Encontra Cama\u00e7ari","headline":"BYD anuncia 3 mil empregos na Bahia e investimento de R$ 300 milh\u00f5es no Rio de Janeiro","author":{"@id":"https:\/\/www.encontracamacari.com.br\/sobre\/author\/ecamacari\/#author"},"publisher":{"@id":"https:\/\/www.encontracamacari.com.br\/sobre\/#organization"},"image":{"@type":"ImageObject","url":"https:\/\/www.encontracamacari.com.br\/sobre\/wp-content\/uploads\/2026\/04\/byd-anuncia-3-mil-empregos-na-bahia-e-investimento-de-r-300-milhoes-no-rio-de-janeiro.webp","width":280,"height":280,"caption":"BYD empregos e investimento"},"datePublished":"2026-04-06T06:17:51+00:00","dateModified":"2026-04-06T06:17:51+00:00","inLanguage":"pt-BR","mainEntityOfPage":{"@id":"https:\/\/www.encontracamacari.com.br\/sobre\/byd-anuncia-3-mil-empregos-na-bahia-e-investimento-de-r-300-milhoes-no-rio-de-janeiro\/#webpage"},"isPartOf":{"@id":"https:\/\/www.encontracamacari.com.br\/sobre\/byd-anuncia-3-mil-empregos-na-bahia-e-investimento-de-r-300-milhoes-no-rio-de-janeiro\/#webpage"},"articleSection":"Not\u00edcias Cama\u00e7ari"},{"@type":"BreadcrumbList","@id":"https:\/\/www.encontracamacari.com.br\/sobre\/byd-anuncia-3-mil-empregos-na-bahia-e-investimento-de-r-300-milhoes-no-rio-de-janeiro\/#breadcrumblist","itemListElement":[{"@type":"ListItem","@id":"https:\/\/www.encontracamacari.com.br\/sobre#listItem","position":1,"name":"Home","item":"https:\/\/www.encontracamacari.com.br\/sobre","nextItem":{"@type":"ListItem","@id":"https:\/\/www.encontracamacari.com.br\/sobre\/noticias-em-camacari\/#listItem","name":"Not\u00edcias Cama\u00e7ari"}},{"@type":"ListItem","@id":"https:\/\/www.encontracamacari.com.br\/sobre\/noticias-em-camacari\/#listItem","position":2,"name":"Not\u00edcias Cama\u00e7ari","item":"https:\/\/www.encontracamacari.com.br\/sobre\/noticias-em-camacari\/","nextItem":{"@type":"ListItem","@id":"https:\/\/www.encontracamacari.com.br\/sobre\/byd-anuncia-3-mil-empregos-na-bahia-e-investimento-de-r-300-milhoes-no-rio-de-janeiro\/#listItem","name":"BYD anuncia 3 mil empregos na Bahia e investimento de R$ 300 milh\u00f5es no Rio de Janeiro"},"previousItem":{"@type":"ListItem","@id":"https:\/\/www.encontracamacari.com.br\/sobre#listItem","name":"Home"}},{"@type":"ListItem","@id":"https:\/\/www.encontracamacari.com.br\/sobre\/byd-anuncia-3-mil-empregos-na-bahia-e-investimento-de-r-300-milhoes-no-rio-de-janeiro\/#listItem","position":3,"name":"BYD anuncia 3 mil empregos na Bahia e investimento de R$ 300 milh\u00f5es no Rio de Janeiro","previousItem":{"@type":"ListItem","@id":"https:\/\/www.encontracamacari.com.br\/sobre\/noticias-em-camacari\/#listItem","name":"Not\u00edcias Cama\u00e7ari"}}]},{"@type":"Organization","@id":"https:\/\/www.encontracamacari.com.br\/sobre\/#organization","name":"Encontra Cama\u00e7ari","description":"Not\u00edcias, eventos, informa\u00e7\u00f5es e dicas na cidade de Cama\u00e7ari e regi\u00e3o.","url":"https:\/\/www.encontracamacari.com.br\/sobre\/"},{"@type":"Person","@id":"https:\/\/www.encontracamacari.com.br\/sobre\/author\/ecamacari\/#author","url":"https:\/\/www.encontracamacari.com.br\/sobre\/author\/ecamacari\/","name":"Encontra Cama\u00e7ari","image":{"@type":"ImageObject","@id":"https:\/\/www.encontracamacari.com.br\/sobre\/byd-anuncia-3-mil-empregos-na-bahia-e-investimento-de-r-300-milhoes-no-rio-de-janeiro\/#authorImage","url":"https:\/\/secure.gravatar.com\/avatar\/507340682b8270222e1f208e23198b6ae7e2c6a1033ae84e99bc6bce4f82a387?s=96&d=mm&r=g","width":96,"height":96,"caption":"Encontra Cama\u00e7ari"}},{"@type":"WebPage","@id":"https:\/\/www.encontracamacari.com.br\/sobre\/byd-anuncia-3-mil-empregos-na-bahia-e-investimento-de-r-300-milhoes-no-rio-de-janeiro\/#webpage","url":"https:\/\/www.encontracamacari.com.br\/sobre\/byd-anuncia-3-mil-empregos-na-bahia-e-investimento-de-r-300-milhoes-no-rio-de-janeiro\/","name":"BYD anuncia 3 mil empregos na Bahia e investimento de R$ 300 milh\u00f5es no Rio de Janeiro - Encontra Cama\u00e7ari","description":"BYD expande opera\u00e7\u00f5es no Brasil com 3 mil novos empregos e R$ 300 milh\u00f5es de investimento.","inLanguage":"pt-BR","isPartOf":{"@id":"https:\/\/www.encontracamacari.com.br\/sobre\/#website"},"breadcrumb":{"@id":"https:\/\/www.encontracamacari.com.br\/sobre\/byd-anuncia-3-mil-empregos-na-bahia-e-investimento-de-r-300-milhoes-no-rio-de-janeiro\/#breadcrumblist"},"author":{"@id":"https:\/\/www.encontracamacari.com.br\/sobre\/author\/ecamacari\/#author"},"creator":{"@id":"https:\/\/www.encontracamacari.com.br\/sobre\/author\/ecamacari\/#author"},"image":{"@type":"ImageObject","url":"https:\/\/www.encontracamacari.com.br\/sobre\/wp-content\/uploads\/2026\/04\/byd-anuncia-3-mil-empregos-na-bahia-e-investimento-de-r-300-milhoes-no-rio-de-janeiro.webp","@id":"https:\/\/www.encontracamacari.com.br\/sobre\/byd-anuncia-3-mil-empregos-na-bahia-e-investimento-de-r-300-milhoes-no-rio-de-janeiro\/#mainImage","width":280,"height":280,"caption":"BYD empregos e investimento"},"primaryImageOfPage":{"@id":"https:\/\/www.encontracamacari.com.br\/sobre\/byd-anuncia-3-mil-empregos-na-bahia-e-investimento-de-r-300-milhoes-no-rio-de-janeiro\/#mainImage"},"datePublished":"2026-04-06T06:17:51+00:00","dateModified":"2026-04-06T06:17:51+00:00"},{"@type":"WebSite","@id":"https:\/\/www.encontracamacari.com.br\/sobre\/#website","url":"https:\/\/www.encontracamacari.com.br\/sobre\/","name":"Encontra Cama\u00e7ari","description":"Not\u00edcias, eventos, informa\u00e7\u00f5es e dicas na cidade de Cama\u00e7ari e regi\u00e3o.","inLanguage":"pt-BR","publisher":{"@id":"https:\/\/www.encontracamacari.com.br\/sobre\/#organization"}}]},"og:locale":"pt_BR","og:site_name":"Encontra Cama\u00e7ari - Not\u00edcias, eventos, informa\u00e7\u00f5es e dicas na cidade de Cama\u00e7ari e regi\u00e3o.","og:type":"article","og:title":"BYD anuncia 3 mil empregos na Bahia e investimento de R$ 300 milh\u00f5es no Rio de Janeiro - Encontra Cama\u00e7ari","og:description":"BYD expande opera\u00e7\u00f5es no Brasil com 3 mil novos empregos e R$ 300 milh\u00f5es de investimento.","og:url":"https:\/\/www.encontracamacari.com.br\/sobre\/byd-anuncia-3-mil-empregos-na-bahia-e-investimento-de-r-300-milhoes-no-rio-de-janeiro\/","article:published_time":"2026-04-06T06:17:51+00:00","article:modified_time":"2026-04-06T06:17:51+00:00","twitter:card":"summary_large_image","twitter:title":"BYD anuncia 3 mil empregos na Bahia e investimento de R$ 300 milh\u00f5es no Rio de Janeiro - Encontra Cama\u00e7ari","twitter:description":"BYD expande opera\u00e7\u00f5es no Brasil com 3 mil novos empregos e R$ 300 milh\u00f5es de investimento."},"aioseo_meta_data":{"post_id":"880","title":null,"description":null,"keywords":null,"keyphrases":null,"primary_term":null,"canonical_url":null,"og_title":null,"og_description":null,"og_object_type":"default","og_image_type":"default","og_image_url":null,"og_image_width":null,"og_image_height":null,"og_image_custom_url":null,"og_image_custom_fields":null,"og_video":null,"og_custom_url":null,"og_article_section":null,"og_article_tags":null,"twitter_use_og":false,"twitter_card":"default","twitter_image_type":"default","twitter_image_url":null,"twitter_image_custom_url":null,"twitter_image_custom_fields":null,"twitter_title":null,"twitter_description":null,"schema":{"blockGraphs":[],"customGraphs":[],"default":{"data":{"Article":[],"Course":[],"Dataset":[],"FAQPage":[],"Movie":[],"Person":[],"Product":[],"ProductReview":[],"Car":[],"Recipe":[],"Service":[],"SoftwareApplication":[],"WebPage":[]},"graphName":"BlogPosting","isEnabled":true},"graphs":[]},"schema_type":"default","schema_type_options":null,"pillar_content":false,"robots_default":true,"robots_noindex":false,"robots_noarchive":false,"robots_nosnippet":false,"robots_nofollow":false,"robots_noimageindex":false,"robots_noodp":false,"robots_notranslate":false,"robots_max_snippet":null,"robots_max_videopreview":null,"robots_max_imagepreview":"large","priority":null,"frequency":null,"local_seo":null,"limit_modified_date":false,"created":"2026-04-06 06:17:55","updated":"2026-08-06 02:01:51","focus_keyword":null,"additional_keywords":null,"truseo_locale":null,"ai":null,"breadcrumb_settings":null,"seo_analyzer_scan_date":null},"aioseo_breadcrumb":"<div class=\"aioseo-breadcrumbs\"><span class=\"aioseo-breadcrumb\">\n\t\t\t<a href=\"https:\/\/www.encontracamacari.com.br\/sobre\" title=\"Home\">Home<\/a>\n\t\t<\/span><span class=\"aioseo-breadcrumb-separator\">&raquo;<\/span><span class=\"aioseo-breadcrumb\">\n\t\t\t<a href=\"https:\/\/www.encontracamacari.com.br\/sobre\/noticias-em-camacari\/\" title=\"Not\u00edcias Cama\u00e7ari\">Not\u00edcias Cama\u00e7ari<\/a>\n\t\t<\/span><span class=\"aioseo-breadcrumb-separator\">&raquo;<\/span><span class=\"aioseo-breadcrumb\">\n\t\t\tBYD anuncia 3 mil empregos na Bahia e investimento de R$ 300 milh\u00f5es no Rio de Janeiro\n\t\t<\/span><\/div>","aioseo_breadcrumb_json":[{"label":"Home","link":"https:\/\/www.encontracamacari.com.br\/sobre"},{"label":"Not\u00edcias Cama\u00e7ari","link":"https:\/\/www.encontracamacari.com.br\/sobre\/noticias-em-camacari\/"},{"label":"BYD anuncia 3 mil empregos na Bahia e investimento de R$ 300 milh\u00f5es no Rio de Janeiro","link":"https:\/\/www.encontracamacari.com.br\/sobre\/byd-anuncia-3-mil-empregos-na-bahia-e-investimento-de-r-300-milhoes-no-rio-de-janeiro\/"}],"_links":{"self":[{"href":"https:\/\/www.encontracamacari.com.br\/sobre\/wp-json\/wp\/v2\/posts\/880","targetHints":{"allow":["GET"]}}],"collection":[{"href":"https:\/\/www.encontracamacari.com.br\/sobre\/wp-json\/wp\/v2\/posts"}],"about":[{"href":"https:\/\/www.encontracamacari.com.br\/sobre\/wp-json\/wp\/v2\/types\/post"}],"author":[{"embeddable":true,"href":"https:\/\/www.encontracamacari.com.br\/sobre\/wp-json\/wp\/v2\/users\/1"}],"replies":[{"embeddable":true,"href":"https:\/\/www.encontracamacari.com.br\/sobre\/wp-json\/wp\/v2\/comments?post=880"}],"version-history":[{"count":0,"href":"https:\/\/www.encontracamacari.com.br\/sobre\/wp-json\/wp\/v2\/posts\/880\/revisions"}],"wp:featuredmedia":[{"embeddable":true,"href":"https:\/\/www.encontracamacari.com.br\/sobre\/wp-json\/wp\/v2\/media\/879"}],"wp:attachment":[{"href":"https:\/\/www.encontracamacari.com.br\/sobre\/wp-json\/wp\/v2\/media?parent=880"}],"wp:term":[{"taxonomy":"category","embeddable":true,"href":"https:\/\/www.encontracamacari.com.br\/sobre\/wp-json\/wp\/v2\/categories?post=880"},{"taxonomy":"post_tag","embeddable":true,"href":"https:\/\/www.encontracamacari.com.br\/sobre\/wp-json\/wp\/v2\/tags?post=880"}],"curies":[{"name":"wp","href":"https:\/\/api.w.org\/{rel}","templated":true}]}}