{"id":866,"date":"2026-04-02T06:17:40","date_gmt":"2026-04-02T06:17:40","guid":{"rendered":"https:\/\/www.encontracamacari.com.br\/sobre\/foto-de-lider-do-candomble-retirada-de-forum-na-bahia-gera-representacao-no-cnj\/"},"modified":"2026-04-02T06:17:40","modified_gmt":"2026-04-02T06:17:40","slug":"foto-de-lider-do-candomble-retirada-de-forum-na-bahia-gera-representacao-no-cnj","status":"publish","type":"post","link":"https:\/\/www.encontracamacari.com.br\/sobre\/foto-de-lider-do-candomble-retirada-de-forum-na-bahia-gera-representacao-no-cnj\/","title":{"rendered":"Foto de l\u00edder do Candombl\u00e9 retirada de f\u00f3rum na Bahia gera representa\u00e7\u00e3o no CNJ"},"content":{"rendered":"<div class=\"2410bb7248a64bb1f71103797e0f239b\" data-index=\"1\" style=\"float: none; margin:0px;\">\n<ins class=\"adsbygoogle\"\r\n     style=\"display:block\"\r\n     data-ad-client=\"ca-pub-8585364105181520\"\r\n     data-ad-slot=\"8789329856\"\r\n     data-ad-format=\"auto\"\r\n     data-full-width-responsive=\"true\"><\/ins>\r\n<script>\r\n     (adsbygoogle = window.adsbygoogle || []).push({});\r\n<\/script>\n<\/div>\n<h2>O Caso do F\u00f3rum de Cama\u00e7ari<\/h2>\n<p>Recentemente, uma pol\u00eamica surgiu em Cama\u00e7ari, na Bahia, ap\u00f3s a retirada de uma fotografia representativa de uma l\u00edder do Candombl\u00e9 em um f\u00f3rum local. A decis\u00e3o foi tomada por um juiz que questionou a presen\u00e7a da imagem em um espa\u00e7o p\u00fablico, sinalizando que isso poderia ferir o princ\u00edpio da laicidade do Estado. A imagem em quest\u00e3o retrata Solange Borges, uma figura proeminente no Candombl\u00e9, que \u00e9 tamb\u00e9m escritora e chef.<\/p>\n<p>O incidente ganhou notoriedade e gerou repercuss\u00f5es significativas na comunidade, com a alega\u00e7\u00e3o de que tal a\u00e7\u00e3o constitu\u00eda um ato de discrimina\u00e7\u00e3o religiosa. O caso destaca a necessidade de discutir a laicidade do Estado e os direitos das religi\u00f5es afro-brasileiras em ambientes p\u00fablicos.<\/p>\n<h2>IDAFRO e a Representa\u00e7\u00e3o no CNJ<\/h2>\n<p>O Instituto de Defesa dos Direitos das Religi\u00f5es Afro-Brasileiras (IDAFRO), juntamente com Solange Borges, protocolou uma representa\u00e7\u00e3o no Conselho Nacional de Justi\u00e7a (CNJ). A representa\u00e7\u00e3o requer a reintegra\u00e7\u00e3o imediata da fotografia e pede a revis\u00e3o da decis\u00e3o do juiz, alegando que a a\u00e7\u00e3o n\u00e3o apenas infringe os direitos individuais, mas tamb\u00e9m compromete a imagem das religi\u00f5es afro-brasileiras.<\/p>\n<p><img decoding=\"async\" src=\"https:\/\/www.encontracamacari.com.br\/sobre\/wp-content\/uploads\/2026\/04\/foto-de-lider-do-candomble-retirada-de-forum-na-bahia-gera-representacao-no-cnj.webp\" alt=\"foto de l\u00edder do Candombl\u00e9\" loading=\"lazy\" \/><\/p>\n<p>As solicita\u00e7\u00f5es incluem um Procedimento de Controle Administrativo e a possibilidade de um lit\u00edgio indenizat\u00f3rio por danos causados pela discrimina\u00e7\u00e3o religiosa. Com a crescente controv\u00e9rsia, o IDAFRO espera reverter a decis\u00e3o e afirmar a presen\u00e7a e a import\u00e2ncia das religi\u00f5es afro-brasileiras na esfera p\u00fablica.<\/p>\n<h2>A Interpreta\u00e7\u00e3o da Laicidade pelo Judici\u00e1rio<\/h2>\n<p>A interpreta\u00e7\u00e3o do princ\u00edpio de laicidade pelo juiz foi contestada. Muitos afirmam que a laicidade n\u00e3o deve ser vista como uma forma de impedir a express\u00e3o religiosa, mas sim como uma garantia de liberdade religiosa. O pr\u00f3prio foro, ao manter s\u00edmbolos religiosos crist\u00e3os e representa\u00e7\u00f5es de diferentes cren\u00e7as sem restri\u00e7\u00e3o, mostra uma aplica\u00e7\u00e3o seletiva da laicidade.<\/p>\n<p>Contesta\u00e7\u00f5es surgem, apontando que a retirada da imagem representa uma injusti\u00e7a, acarretando desigualdade no tratamento de s\u00edmbolos religiosos. O advogado H\u00e9dio Silva Jr., presidente do IDAFRO, enfatiza que a laicidade deve permitir a coexist\u00eancia pac\u00edfica de todas as cren\u00e7as e n\u00e3o ser uma ferramenta para a censura de tradi\u00e7\u00f5es afro-religiosas.<\/p>\n<h2>Racismo Religioso: Um Debate Necess\u00e1rio<\/h2>\n<p>Este caso n\u00e3o \u00e9 isolado e traz \u00e0 tona um tema relevante na sociedade brasileira: o racismo religioso. Imagens e s\u00edmbolos que representam religi\u00f5es de matriz africana frequentemente enfrentam discrimina\u00e7\u00e3o e preconceito. A retirada da fotografia de Solange Borges evidencia como a intoler\u00e2ncia religiosa se manifesta em ambientes que deveriam ser neutros.<\/p>\n<p>\u00c9 importante abrir um espa\u00e7o de di\u00e1logo sobre como as tradi\u00e7\u00f5es afro-brasileiras s\u00e3o frequentemente marginalizadas e a necessidade de processos educativos que promovam o respeito e a valoriza\u00e7\u00e3o dessa heran\u00e7a cultural no Brasil. O racismo religioso n\u00e3o \u00e9 apenas um fen\u00f4meno associado a cren\u00e7as, mas tamb\u00e9m tem ra\u00edzes profundas na desigualdade social e \u00e9tnica.<\/p>\n<h2>A Cultura Afro-Brasileira em Espa\u00e7os P\u00fablicos<\/h2>\n<p>A presen\u00e7a de representa\u00e7\u00f5es da cultura afro-brasileira em espa\u00e7os p\u00fablicos \u00e9 vital para promover a diversidade e o respeito multi\u00e9tnico. As institui\u00e7\u00f5es estatais devem respeitar e incentivar a representa\u00e7\u00e3o equitativa de todas as cren\u00e7as.<\/p><div class=\"2410bb7248a64bb1f71103797e0f239b\" data-index=\"2\" style=\"float: none; margin:0px;\">\n<ins class=\"adsbygoogle\"\r\n     style=\"display:block; text-align:center;\"\r\n     data-ad-layout=\"in-article\"\r\n     data-ad-format=\"fluid\"\r\n     data-ad-client=\"ca-pub-8585364105181520\"\r\n     data-ad-slot=\"2899217073\"><\/ins>\r\n<script>\r\n     (adsbygoogle = window.adsbygoogle || []).push({});\r\n<\/script>\r\n\r\n<\/br><\/br>\n<\/div>\n\n<p>O espa\u00e7o p\u00fablico, sendo um reflexo da sociedade, deveria acolher express\u00f5es culturais variadas, incluindo todas as tradi\u00e7\u00f5es religiosas. Desta forma, fortalecemos a luta contra o preconceito e a seara \u00e9tnica, promovendo uma unidade social necess\u00e1ria em um pa\u00eds com tanta diversidade.<\/p>\n<h2>Liberdade Religiosa e seus Desafios<\/h2>\n<p>A liberdade religiosa \u00e9 um direito garantido pela Constitui\u00e7\u00e3o Brasileira, mas a sua concretiza\u00e7\u00e3o enfrenta muitos desafios. Os incidentes de discrimina\u00e7\u00e3o religiosa, como o que ocorreu em Cama\u00e7ari, revelam a fragilidade desse direito em rela\u00e7\u00e3o a v\u00e1rias religi\u00f5es, especialmente as de matriz africana.<\/p>\n<p>\u00c9 essencial que a sociedade se mobilize a favor da prote\u00e7\u00e3o de todos os cultos e tradi\u00e7\u00f5es. A atua\u00e7\u00e3o do Estado em garantir a plena liberdade religiosa deve ser incessante, evitando retrocessos e favorecendo um ambiente de igualdade para todas as cren\u00e7as.<\/p>\n<h2>Eventos que Levam \u00e0 Intoler\u00e2ncia Religiosa<\/h2>\n<p>Diferentes eventos sociais, pol\u00edticos e culturais podem acirrar a intoler\u00e2ncia religiosa. A retirada de s\u00edmbolos e representa\u00e7\u00f5es de religi\u00f5es afro-brasileiras frequentemente traz \u00e0 tona uma resist\u00eancia cultural que se manifesta em tentativas de deslegitima\u00e7\u00e3o dessas tradi\u00e7\u00f5es.<\/p>\n<p>\u00c9 vital que, em momentos de tensions sociais, haja um chamado \u00e0 paz e ao respeito, refor\u00e7ando o desenvolvimento de pol\u00edticas que incentivem a reflex\u00e3o cr\u00edtica sobre a cultura e a religi\u00e3o. Tais pol\u00edticas ajudam a prevenir a intoler\u00e2ncia e promovem a conviv\u00eancia pac\u00edfica.<\/p>\n<h2>Implica\u00e7\u00f5es Legais da Remo\u00e7\u00e3o de Imagens<\/h2>\n<p>A remo\u00e7\u00e3o de imagens de l\u00edderes afro-religiosos, como a que ocorreu no caso de Solange Borges, pode resultar em diversas implica\u00e7\u00f5es legais. N\u00e3o apenas a viola\u00e7\u00e3o dos direitos \u00e0 liberdade de express\u00e3o e religiosa \u00e9 um fator a ser considerado, mas tamb\u00e9m as consequ\u00eancias associadas ao reconhecimento de uma religi\u00e3o ou cultura como inferior.<\/p>\n<p>Dessa maneira, capturar as motiva\u00e7\u00f5es e os efeitos legais de a\u00e7\u00f5es como essa \u00e9 crucial para a aplica\u00e7\u00e3o correta da lei e a justi\u00e7a \u00e0s comunidades de matriz africana que frequentemente enfrentam discrimina\u00e7\u00e3o e exclus\u00e3o.<\/p>\n<h2>Rea\u00e7\u00f5es da Comunidade e da Sociedade Civil<\/h2>\n<p>A rea\u00e7\u00e3o da comunidade em resposta \u00e0 retirada da imagem foi significativa. Diversos setores da sociedade se manifestaram a favor da reintegra\u00e7\u00e3o da fotografia e do reconhecimento da import\u00e2ncia do Candombl\u00e9.<\/p>\n<p>A mobiliza\u00e7\u00e3o social e as organiza\u00e7\u00f5es de direitos humanos t\u00eam um papel fundamental em defender as liberdades religiosas, promovendo campanhas de conscientiza\u00e7\u00e3o que lutam contra a intoler\u00e2ncia religiosa. Estas a\u00e7\u00f5es fortalece as bases da luta e criam um movimento solid\u00e1rio pela igualdade.<\/p>\n<h2>O Papel do Estado na Garantia dos Direitos Religiosos<\/h2>\n<p>O Estado possui um papel vital na\u4fdd\u62a4 dos direitos religiosos no Brasil. Isso inclui garantir que todas as cren\u00e7as possam ser praticadas e representadas em espa\u00e7os p\u00fablicos sem discrimina\u00e7\u00e3o. O reconhecimento da diversidade religiosa como uma riqueza cultural \u00e9 fundamental para o bem-estar social.<\/p>\n<p>Al\u00e9m disso, precisam ser implementadas pol\u00edticas p\u00fablicas que promovam a educa\u00e7\u00e3o intercultural e a prote\u00e7\u00e3o dos direitos de religiosidade, garantindo que tradi\u00e7\u00f5es variadas possam prosperar em um ambiente respeitoso e inclusivo. Assim, o Estado efetivamente valoriza o pluralismo cultural e assegura a paz social.<\/p>\n<div class=\"2410bb7248a64bb1f71103797e0f239b\" data-index=\"3\" style=\"float: none; margin:0px;\">\n<\/br><\/br>\r\n\r\n<ins class=\"adsbygoogle\"\r\n     style=\"display:block\"\r\n     data-ad-format=\"fluid\"\r\n     data-ad-layout-key=\"-63+do+n-1s+9e\"\r\n     data-ad-client=\"ca-pub-8585364105181520\"\r\n     data-ad-slot=\"6838462089\"><\/ins>\r\n<script>\r\n     (adsbygoogle = window.adsbygoogle || []).push({});\r\n<\/script>\n<\/div>\n\n<div style=\"font-size: 0px; height: 0px; line-height: 0px; margin: 0; padding: 0; clear: both;\"><\/div>","protected":false},"excerpt":{"rendered":"<p>Foto de l\u00edder do Candombl\u00e9 \u00e9 removida e gera pol\u00eamica no CNJ.<\/p>\n","protected":false},"author":1,"featured_media":865,"comment_status":"open","ping_status":"closed","sticky":false,"template":"","format":"standard","meta":{"footnotes":""},"categories":[1],"tags":[],"class_list":["post-866","post","type-post","status-publish","format-standard","has-post-thumbnail","hentry","category-noticias-em-camacari","has_thumb"],"aioseo_notices":[],"aioseo_head":"\n\t\t<!-- All in One SEO 5.0.0.1 - aioseo.com -->\n\t<meta name=\"description\" content=\"Foto de l\u00edder do Candombl\u00e9 \u00e9 removida e gera pol\u00eamica no CNJ.\" \/>\n\t<meta name=\"robots\" content=\"max-image-preview:large\" \/>\n\t<meta name=\"author\" content=\"Encontra Cama\u00e7ari\"\/>\n\t<link rel=\"canonical\" href=\"https:\/\/www.encontracamacari.com.br\/sobre\/foto-de-lider-do-candomble-retirada-de-forum-na-bahia-gera-representacao-no-cnj\/\" \/>\n\t<meta name=\"generator\" content=\"All in One SEO (AIOSEO) 5.0.0.1\" \/>\n\t\t<meta property=\"og:locale\" content=\"pt_BR\" \/>\n\t\t<meta property=\"og:site_name\" content=\"Encontra Cama\u00e7ari - Not\u00edcias, eventos, informa\u00e7\u00f5es e dicas na cidade de Cama\u00e7ari e regi\u00e3o.\" \/>\n\t\t<meta property=\"og:type\" content=\"article\" \/>\n\t\t<meta property=\"og:title\" content=\"Foto de l\u00edder do Candombl\u00e9 retirada de f\u00f3rum na Bahia gera representa\u00e7\u00e3o no CNJ - Encontra Cama\u00e7ari\" \/>\n\t\t<meta property=\"og:description\" content=\"Foto de l\u00edder do Candombl\u00e9 \u00e9 removida e gera pol\u00eamica no CNJ.\" \/>\n\t\t<meta property=\"og:url\" content=\"https:\/\/www.encontracamacari.com.br\/sobre\/foto-de-lider-do-candomble-retirada-de-forum-na-bahia-gera-representacao-no-cnj\/\" \/>\n\t\t<meta property=\"article:published_time\" content=\"2026-04-02T06:17:40+00:00\" \/>\n\t\t<meta property=\"article:modified_time\" content=\"2026-04-02T06:17:40+00:00\" \/>\n\t\t<meta name=\"twitter:card\" content=\"summary_large_image\" \/>\n\t\t<meta name=\"twitter:title\" content=\"Foto de l\u00edder do Candombl\u00e9 retirada de f\u00f3rum na Bahia gera representa\u00e7\u00e3o no CNJ - Encontra Cama\u00e7ari\" \/>\n\t\t<meta name=\"twitter:description\" content=\"Foto de l\u00edder do Candombl\u00e9 \u00e9 removida e gera pol\u00eamica no CNJ.\" \/>\n\t\t<script type=\"application\/ld+json\" class=\"aioseo-schema\">\n\t\t\t{\"@context\":\"https:\\\/\\\/schema.org\",\"@graph\":[{\"@type\":\"BlogPosting\",\"@id\":\"https:\\\/\\\/www.encontracamacari.com.br\\\/sobre\\\/foto-de-lider-do-candomble-retirada-de-forum-na-bahia-gera-representacao-no-cnj\\\/#blogposting\",\"name\":\"Foto de l\\u00edder do Candombl\\u00e9 retirada de f\\u00f3rum na Bahia gera representa\\u00e7\\u00e3o no CNJ - Encontra Cama\\u00e7ari\",\"headline\":\"Foto de l\\u00edder do Candombl\\u00e9 retirada de f\\u00f3rum na Bahia gera representa\\u00e7\\u00e3o no CNJ\",\"author\":{\"@id\":\"https:\\\/\\\/www.encontracamacari.com.br\\\/sobre\\\/author\\\/ecamacari\\\/#author\"},\"publisher\":{\"@id\":\"https:\\\/\\\/www.encontracamacari.com.br\\\/sobre\\\/#organization\"},\"image\":{\"@type\":\"ImageObject\",\"url\":\"https:\\\/\\\/www.encontracamacari.com.br\\\/sobre\\\/wp-content\\\/uploads\\\/2026\\\/04\\\/foto-de-lider-do-candomble-retirada-de-forum-na-bahia-gera-representacao-no-cnj.webp\",\"width\":280,\"height\":280,\"caption\":\"foto de l\\u00edder do Candombl\\u00e9\"},\"datePublished\":\"2026-04-02T06:17:40+00:00\",\"dateModified\":\"2026-04-02T06:17:40+00:00\",\"inLanguage\":\"pt-BR\",\"mainEntityOfPage\":{\"@id\":\"https:\\\/\\\/www.encontracamacari.com.br\\\/sobre\\\/foto-de-lider-do-candomble-retirada-de-forum-na-bahia-gera-representacao-no-cnj\\\/#webpage\"},\"isPartOf\":{\"@id\":\"https:\\\/\\\/www.encontracamacari.com.br\\\/sobre\\\/foto-de-lider-do-candomble-retirada-de-forum-na-bahia-gera-representacao-no-cnj\\\/#webpage\"},\"articleSection\":\"Not\\u00edcias Cama\\u00e7ari\"},{\"@type\":\"BreadcrumbList\",\"@id\":\"https:\\\/\\\/www.encontracamacari.com.br\\\/sobre\\\/foto-de-lider-do-candomble-retirada-de-forum-na-bahia-gera-representacao-no-cnj\\\/#breadcrumblist\",\"itemListElement\":[{\"@type\":\"ListItem\",\"@id\":\"https:\\\/\\\/www.encontracamacari.com.br\\\/sobre#listItem\",\"position\":1,\"name\":\"Home\",\"item\":\"https:\\\/\\\/www.encontracamacari.com.br\\\/sobre\",\"nextItem\":{\"@type\":\"ListItem\",\"@id\":\"https:\\\/\\\/www.encontracamacari.com.br\\\/sobre\\\/noticias-em-camacari\\\/#listItem\",\"name\":\"Not\\u00edcias Cama\\u00e7ari\"}},{\"@type\":\"ListItem\",\"@id\":\"https:\\\/\\\/www.encontracamacari.com.br\\\/sobre\\\/noticias-em-camacari\\\/#listItem\",\"position\":2,\"name\":\"Not\\u00edcias Cama\\u00e7ari\",\"item\":\"https:\\\/\\\/www.encontracamacari.com.br\\\/sobre\\\/noticias-em-camacari\\\/\",\"nextItem\":{\"@type\":\"ListItem\",\"@id\":\"https:\\\/\\\/www.encontracamacari.com.br\\\/sobre\\\/foto-de-lider-do-candomble-retirada-de-forum-na-bahia-gera-representacao-no-cnj\\\/#listItem\",\"name\":\"Foto de l\\u00edder do Candombl\\u00e9 retirada de f\\u00f3rum na Bahia gera representa\\u00e7\\u00e3o no CNJ\"},\"previousItem\":{\"@type\":\"ListItem\",\"@id\":\"https:\\\/\\\/www.encontracamacari.com.br\\\/sobre#listItem\",\"name\":\"Home\"}},{\"@type\":\"ListItem\",\"@id\":\"https:\\\/\\\/www.encontracamacari.com.br\\\/sobre\\\/foto-de-lider-do-candomble-retirada-de-forum-na-bahia-gera-representacao-no-cnj\\\/#listItem\",\"position\":3,\"name\":\"Foto de l\\u00edder do Candombl\\u00e9 retirada de f\\u00f3rum na Bahia gera representa\\u00e7\\u00e3o no CNJ\",\"previousItem\":{\"@type\":\"ListItem\",\"@id\":\"https:\\\/\\\/www.encontracamacari.com.br\\\/sobre\\\/noticias-em-camacari\\\/#listItem\",\"name\":\"Not\\u00edcias Cama\\u00e7ari\"}}]},{\"@type\":\"Organization\",\"@id\":\"https:\\\/\\\/www.encontracamacari.com.br\\\/sobre\\\/#organization\",\"name\":\"Encontra Cama\\u00e7ari\",\"description\":\"Not\\u00edcias, eventos, informa\\u00e7\\u00f5es e dicas na cidade de Cama\\u00e7ari e regi\\u00e3o.\",\"url\":\"https:\\\/\\\/www.encontracamacari.com.br\\\/sobre\\\/\"},{\"@type\":\"Person\",\"@id\":\"https:\\\/\\\/www.encontracamacari.com.br\\\/sobre\\\/author\\\/ecamacari\\\/#author\",\"url\":\"https:\\\/\\\/www.encontracamacari.com.br\\\/sobre\\\/author\\\/ecamacari\\\/\",\"name\":\"Encontra Cama\\u00e7ari\",\"image\":{\"@type\":\"ImageObject\",\"@id\":\"https:\\\/\\\/www.encontracamacari.com.br\\\/sobre\\\/foto-de-lider-do-candomble-retirada-de-forum-na-bahia-gera-representacao-no-cnj\\\/#authorImage\",\"url\":\"https:\\\/\\\/secure.gravatar.com\\\/avatar\\\/507340682b8270222e1f208e23198b6ae7e2c6a1033ae84e99bc6bce4f82a387?s=96&d=mm&r=g\",\"width\":96,\"height\":96,\"caption\":\"Encontra Cama\\u00e7ari\"}},{\"@type\":\"WebPage\",\"@id\":\"https:\\\/\\\/www.encontracamacari.com.br\\\/sobre\\\/foto-de-lider-do-candomble-retirada-de-forum-na-bahia-gera-representacao-no-cnj\\\/#webpage\",\"url\":\"https:\\\/\\\/www.encontracamacari.com.br\\\/sobre\\\/foto-de-lider-do-candomble-retirada-de-forum-na-bahia-gera-representacao-no-cnj\\\/\",\"name\":\"Foto de l\\u00edder do Candombl\\u00e9 retirada de f\\u00f3rum na Bahia gera representa\\u00e7\\u00e3o no CNJ - Encontra Cama\\u00e7ari\",\"description\":\"Foto de l\\u00edder do Candombl\\u00e9 \\u00e9 removida e gera pol\\u00eamica no CNJ.\",\"inLanguage\":\"pt-BR\",\"isPartOf\":{\"@id\":\"https:\\\/\\\/www.encontracamacari.com.br\\\/sobre\\\/#website\"},\"breadcrumb\":{\"@id\":\"https:\\\/\\\/www.encontracamacari.com.br\\\/sobre\\\/foto-de-lider-do-candomble-retirada-de-forum-na-bahia-gera-representacao-no-cnj\\\/#breadcrumblist\"},\"author\":{\"@id\":\"https:\\\/\\\/www.encontracamacari.com.br\\\/sobre\\\/author\\\/ecamacari\\\/#author\"},\"creator\":{\"@id\":\"https:\\\/\\\/www.encontracamacari.com.br\\\/sobre\\\/author\\\/ecamacari\\\/#author\"},\"image\":{\"@type\":\"ImageObject\",\"url\":\"https:\\\/\\\/www.encontracamacari.com.br\\\/sobre\\\/wp-content\\\/uploads\\\/2026\\\/04\\\/foto-de-lider-do-candomble-retirada-de-forum-na-bahia-gera-representacao-no-cnj.webp\",\"@id\":\"https:\\\/\\\/www.encontracamacari.com.br\\\/sobre\\\/foto-de-lider-do-candomble-retirada-de-forum-na-bahia-gera-representacao-no-cnj\\\/#mainImage\",\"width\":280,\"height\":280,\"caption\":\"foto de l\\u00edder do Candombl\\u00e9\"},\"primaryImageOfPage\":{\"@id\":\"https:\\\/\\\/www.encontracamacari.com.br\\\/sobre\\\/foto-de-lider-do-candomble-retirada-de-forum-na-bahia-gera-representacao-no-cnj\\\/#mainImage\"},\"datePublished\":\"2026-04-02T06:17:40+00:00\",\"dateModified\":\"2026-04-02T06:17:40+00:00\"},{\"@type\":\"WebSite\",\"@id\":\"https:\\\/\\\/www.encontracamacari.com.br\\\/sobre\\\/#website\",\"url\":\"https:\\\/\\\/www.encontracamacari.com.br\\\/sobre\\\/\",\"name\":\"Encontra Cama\\u00e7ari\",\"description\":\"Not\\u00edcias, eventos, informa\\u00e7\\u00f5es e dicas na cidade de Cama\\u00e7ari e regi\\u00e3o.\",\"inLanguage\":\"pt-BR\",\"publisher\":{\"@id\":\"https:\\\/\\\/www.encontracamacari.com.br\\\/sobre\\\/#organization\"}}]}\n\t\t<\/script>\n\t\t<!-- All in One SEO -->\n\n","aioseo_head_json":{"title":"Foto de l\u00edder do Candombl\u00e9 retirada de f\u00f3rum na Bahia gera representa\u00e7\u00e3o no CNJ - Encontra Cama\u00e7ari","description":"Foto de l\u00edder do Candombl\u00e9 \u00e9 removida e gera pol\u00eamica no CNJ.","canonical_url":"https:\/\/www.encontracamacari.com.br\/sobre\/foto-de-lider-do-candomble-retirada-de-forum-na-bahia-gera-representacao-no-cnj\/","robots":"max-image-preview:large","keywords":"","webmasterTools":{"miscellaneous":""},"schema":{"@context":"https:\/\/schema.org","@graph":[{"@type":"BlogPosting","@id":"https:\/\/www.encontracamacari.com.br\/sobre\/foto-de-lider-do-candomble-retirada-de-forum-na-bahia-gera-representacao-no-cnj\/#blogposting","name":"Foto de l\u00edder do Candombl\u00e9 retirada de f\u00f3rum na Bahia gera representa\u00e7\u00e3o no CNJ - Encontra Cama\u00e7ari","headline":"Foto de l\u00edder do Candombl\u00e9 retirada de f\u00f3rum na Bahia gera representa\u00e7\u00e3o no CNJ","author":{"@id":"https:\/\/www.encontracamacari.com.br\/sobre\/author\/ecamacari\/#author"},"publisher":{"@id":"https:\/\/www.encontracamacari.com.br\/sobre\/#organization"},"image":{"@type":"ImageObject","url":"https:\/\/www.encontracamacari.com.br\/sobre\/wp-content\/uploads\/2026\/04\/foto-de-lider-do-candomble-retirada-de-forum-na-bahia-gera-representacao-no-cnj.webp","width":280,"height":280,"caption":"foto de l\u00edder do Candombl\u00e9"},"datePublished":"2026-04-02T06:17:40+00:00","dateModified":"2026-04-02T06:17:40+00:00","inLanguage":"pt-BR","mainEntityOfPage":{"@id":"https:\/\/www.encontracamacari.com.br\/sobre\/foto-de-lider-do-candomble-retirada-de-forum-na-bahia-gera-representacao-no-cnj\/#webpage"},"isPartOf":{"@id":"https:\/\/www.encontracamacari.com.br\/sobre\/foto-de-lider-do-candomble-retirada-de-forum-na-bahia-gera-representacao-no-cnj\/#webpage"},"articleSection":"Not\u00edcias Cama\u00e7ari"},{"@type":"BreadcrumbList","@id":"https:\/\/www.encontracamacari.com.br\/sobre\/foto-de-lider-do-candomble-retirada-de-forum-na-bahia-gera-representacao-no-cnj\/#breadcrumblist","itemListElement":[{"@type":"ListItem","@id":"https:\/\/www.encontracamacari.com.br\/sobre#listItem","position":1,"name":"Home","item":"https:\/\/www.encontracamacari.com.br\/sobre","nextItem":{"@type":"ListItem","@id":"https:\/\/www.encontracamacari.com.br\/sobre\/noticias-em-camacari\/#listItem","name":"Not\u00edcias Cama\u00e7ari"}},{"@type":"ListItem","@id":"https:\/\/www.encontracamacari.com.br\/sobre\/noticias-em-camacari\/#listItem","position":2,"name":"Not\u00edcias Cama\u00e7ari","item":"https:\/\/www.encontracamacari.com.br\/sobre\/noticias-em-camacari\/","nextItem":{"@type":"ListItem","@id":"https:\/\/www.encontracamacari.com.br\/sobre\/foto-de-lider-do-candomble-retirada-de-forum-na-bahia-gera-representacao-no-cnj\/#listItem","name":"Foto de l\u00edder do Candombl\u00e9 retirada de f\u00f3rum na Bahia gera representa\u00e7\u00e3o no CNJ"},"previousItem":{"@type":"ListItem","@id":"https:\/\/www.encontracamacari.com.br\/sobre#listItem","name":"Home"}},{"@type":"ListItem","@id":"https:\/\/www.encontracamacari.com.br\/sobre\/foto-de-lider-do-candomble-retirada-de-forum-na-bahia-gera-representacao-no-cnj\/#listItem","position":3,"name":"Foto de l\u00edder do Candombl\u00e9 retirada de f\u00f3rum na Bahia gera representa\u00e7\u00e3o no CNJ","previousItem":{"@type":"ListItem","@id":"https:\/\/www.encontracamacari.com.br\/sobre\/noticias-em-camacari\/#listItem","name":"Not\u00edcias Cama\u00e7ari"}}]},{"@type":"Organization","@id":"https:\/\/www.encontracamacari.com.br\/sobre\/#organization","name":"Encontra Cama\u00e7ari","description":"Not\u00edcias, eventos, informa\u00e7\u00f5es e dicas na cidade de Cama\u00e7ari e regi\u00e3o.","url":"https:\/\/www.encontracamacari.com.br\/sobre\/"},{"@type":"Person","@id":"https:\/\/www.encontracamacari.com.br\/sobre\/author\/ecamacari\/#author","url":"https:\/\/www.encontracamacari.com.br\/sobre\/author\/ecamacari\/","name":"Encontra Cama\u00e7ari","image":{"@type":"ImageObject","@id":"https:\/\/www.encontracamacari.com.br\/sobre\/foto-de-lider-do-candomble-retirada-de-forum-na-bahia-gera-representacao-no-cnj\/#authorImage","url":"https:\/\/secure.gravatar.com\/avatar\/507340682b8270222e1f208e23198b6ae7e2c6a1033ae84e99bc6bce4f82a387?s=96&d=mm&r=g","width":96,"height":96,"caption":"Encontra Cama\u00e7ari"}},{"@type":"WebPage","@id":"https:\/\/www.encontracamacari.com.br\/sobre\/foto-de-lider-do-candomble-retirada-de-forum-na-bahia-gera-representacao-no-cnj\/#webpage","url":"https:\/\/www.encontracamacari.com.br\/sobre\/foto-de-lider-do-candomble-retirada-de-forum-na-bahia-gera-representacao-no-cnj\/","name":"Foto de l\u00edder do Candombl\u00e9 retirada de f\u00f3rum na Bahia gera representa\u00e7\u00e3o no CNJ - Encontra Cama\u00e7ari","description":"Foto de l\u00edder do Candombl\u00e9 \u00e9 removida e gera pol\u00eamica no CNJ.","inLanguage":"pt-BR","isPartOf":{"@id":"https:\/\/www.encontracamacari.com.br\/sobre\/#website"},"breadcrumb":{"@id":"https:\/\/www.encontracamacari.com.br\/sobre\/foto-de-lider-do-candomble-retirada-de-forum-na-bahia-gera-representacao-no-cnj\/#breadcrumblist"},"author":{"@id":"https:\/\/www.encontracamacari.com.br\/sobre\/author\/ecamacari\/#author"},"creator":{"@id":"https:\/\/www.encontracamacari.com.br\/sobre\/author\/ecamacari\/#author"},"image":{"@type":"ImageObject","url":"https:\/\/www.encontracamacari.com.br\/sobre\/wp-content\/uploads\/2026\/04\/foto-de-lider-do-candomble-retirada-de-forum-na-bahia-gera-representacao-no-cnj.webp","@id":"https:\/\/www.encontracamacari.com.br\/sobre\/foto-de-lider-do-candomble-retirada-de-forum-na-bahia-gera-representacao-no-cnj\/#mainImage","width":280,"height":280,"caption":"foto de l\u00edder do Candombl\u00e9"},"primaryImageOfPage":{"@id":"https:\/\/www.encontracamacari.com.br\/sobre\/foto-de-lider-do-candomble-retirada-de-forum-na-bahia-gera-representacao-no-cnj\/#mainImage"},"datePublished":"2026-04-02T06:17:40+00:00","dateModified":"2026-04-02T06:17:40+00:00"},{"@type":"WebSite","@id":"https:\/\/www.encontracamacari.com.br\/sobre\/#website","url":"https:\/\/www.encontracamacari.com.br\/sobre\/","name":"Encontra Cama\u00e7ari","description":"Not\u00edcias, eventos, informa\u00e7\u00f5es e dicas na cidade de Cama\u00e7ari e regi\u00e3o.","inLanguage":"pt-BR","publisher":{"@id":"https:\/\/www.encontracamacari.com.br\/sobre\/#organization"}}]},"og:locale":"pt_BR","og:site_name":"Encontra Cama\u00e7ari - Not\u00edcias, eventos, informa\u00e7\u00f5es e dicas na cidade de Cama\u00e7ari e regi\u00e3o.","og:type":"article","og:title":"Foto de l\u00edder do Candombl\u00e9 retirada de f\u00f3rum na Bahia gera representa\u00e7\u00e3o no CNJ - Encontra Cama\u00e7ari","og:description":"Foto de l\u00edder do Candombl\u00e9 \u00e9 removida e gera pol\u00eamica no CNJ.","og:url":"https:\/\/www.encontracamacari.com.br\/sobre\/foto-de-lider-do-candomble-retirada-de-forum-na-bahia-gera-representacao-no-cnj\/","article:published_time":"2026-04-02T06:17:40+00:00","article:modified_time":"2026-04-02T06:17:40+00:00","twitter:card":"summary_large_image","twitter:title":"Foto de l\u00edder do Candombl\u00e9 retirada de f\u00f3rum na Bahia gera representa\u00e7\u00e3o no CNJ - Encontra Cama\u00e7ari","twitter:description":"Foto de l\u00edder do Candombl\u00e9 \u00e9 removida e gera pol\u00eamica no CNJ."},"aioseo_meta_data":{"post_id":"866","title":null,"description":null,"keywords":null,"keyphrases":null,"primary_term":null,"canonical_url":null,"og_title":null,"og_description":null,"og_object_type":"default","og_image_type":"default","og_image_url":null,"og_image_width":null,"og_image_height":null,"og_image_custom_url":null,"og_image_custom_fields":null,"og_video":null,"og_custom_url":null,"og_article_section":null,"og_article_tags":null,"twitter_use_og":false,"twitter_card":"default","twitter_image_type":"default","twitter_image_url":null,"twitter_image_custom_url":null,"twitter_image_custom_fields":null,"twitter_title":null,"twitter_description":null,"schema":{"blockGraphs":[],"customGraphs":[],"default":{"data":{"Article":[],"Course":[],"Dataset":[],"FAQPage":[],"Movie":[],"Person":[],"Product":[],"ProductReview":[],"Car":[],"Recipe":[],"Service":[],"SoftwareApplication":[],"WebPage":[]},"graphName":"BlogPosting","isEnabled":true},"graphs":[]},"schema_type":"default","schema_type_options":null,"pillar_content":false,"robots_default":true,"robots_noindex":false,"robots_noarchive":false,"robots_nosnippet":false,"robots_nofollow":false,"robots_noimageindex":false,"robots_noodp":false,"robots_notranslate":false,"robots_max_snippet":null,"robots_max_videopreview":null,"robots_max_imagepreview":"large","priority":null,"frequency":null,"local_seo":null,"limit_modified_date":false,"created":"2026-04-02 06:17:44","updated":"2026-08-06 01:55:55","focus_keyword":null,"additional_keywords":null,"truseo_locale":null,"ai":null,"breadcrumb_settings":null,"seo_analyzer_scan_date":null},"aioseo_breadcrumb":"<div class=\"aioseo-breadcrumbs\"><span class=\"aioseo-breadcrumb\">\n\t\t\t<a href=\"https:\/\/www.encontracamacari.com.br\/sobre\" title=\"Home\">Home<\/a>\n\t\t<\/span><span class=\"aioseo-breadcrumb-separator\">&raquo;<\/span><span class=\"aioseo-breadcrumb\">\n\t\t\t<a href=\"https:\/\/www.encontracamacari.com.br\/sobre\/noticias-em-camacari\/\" title=\"Not\u00edcias Cama\u00e7ari\">Not\u00edcias Cama\u00e7ari<\/a>\n\t\t<\/span><span class=\"aioseo-breadcrumb-separator\">&raquo;<\/span><span class=\"aioseo-breadcrumb\">\n\t\t\tFoto de l\u00edder do Candombl\u00e9 retirada de f\u00f3rum na Bahia gera representa\u00e7\u00e3o no CNJ\n\t\t<\/span><\/div>","aioseo_breadcrumb_json":[{"label":"Home","link":"https:\/\/www.encontracamacari.com.br\/sobre"},{"label":"Not\u00edcias Cama\u00e7ari","link":"https:\/\/www.encontracamacari.com.br\/sobre\/noticias-em-camacari\/"},{"label":"Foto de l\u00edder do Candombl\u00e9 retirada de f\u00f3rum na Bahia gera representa\u00e7\u00e3o no CNJ","link":"https:\/\/www.encontracamacari.com.br\/sobre\/foto-de-lider-do-candomble-retirada-de-forum-na-bahia-gera-representacao-no-cnj\/"}],"_links":{"self":[{"href":"https:\/\/www.encontracamacari.com.br\/sobre\/wp-json\/wp\/v2\/posts\/866","targetHints":{"allow":["GET"]}}],"collection":[{"href":"https:\/\/www.encontracamacari.com.br\/sobre\/wp-json\/wp\/v2\/posts"}],"about":[{"href":"https:\/\/www.encontracamacari.com.br\/sobre\/wp-json\/wp\/v2\/types\/post"}],"author":[{"embeddable":true,"href":"https:\/\/www.encontracamacari.com.br\/sobre\/wp-json\/wp\/v2\/users\/1"}],"replies":[{"embeddable":true,"href":"https:\/\/www.encontracamacari.com.br\/sobre\/wp-json\/wp\/v2\/comments?post=866"}],"version-history":[{"count":0,"href":"https:\/\/www.encontracamacari.com.br\/sobre\/wp-json\/wp\/v2\/posts\/866\/revisions"}],"wp:featuredmedia":[{"embeddable":true,"href":"https:\/\/www.encontracamacari.com.br\/sobre\/wp-json\/wp\/v2\/media\/865"}],"wp:attachment":[{"href":"https:\/\/www.encontracamacari.com.br\/sobre\/wp-json\/wp\/v2\/media?parent=866"}],"wp:term":[{"taxonomy":"category","embeddable":true,"href":"https:\/\/www.encontracamacari.com.br\/sobre\/wp-json\/wp\/v2\/categories?post=866"},{"taxonomy":"post_tag","embeddable":true,"href":"https:\/\/www.encontracamacari.com.br\/sobre\/wp-json\/wp\/v2\/tags?post=866"}],"curies":[{"name":"wp","href":"https:\/\/api.w.org\/{rel}","templated":true}]}}