{"id":856,"date":"2026-03-31T06:18:39","date_gmt":"2026-03-31T06:18:39","guid":{"rendered":"https:\/\/www.encontracamacari.com.br\/sobre\/caravana-de-direitos-humanos-chega-a-camacari-com-oferta-de-servicos-gratuitos\/"},"modified":"2026-03-31T06:18:39","modified_gmt":"2026-03-31T06:18:39","slug":"caravana-de-direitos-humanos-chega-a-camacari-com-oferta-de-servicos-gratuitos","status":"publish","type":"post","link":"https:\/\/www.encontracamacari.com.br\/sobre\/caravana-de-direitos-humanos-chega-a-camacari-com-oferta-de-servicos-gratuitos\/","title":{"rendered":"Caravana de Direitos Humanos chega a Cama\u00e7ari com oferta de servi\u00e7os gratuitos"},"content":{"rendered":"<div class=\"2410bb7248a64bb1f71103797e0f239b\" data-index=\"1\" style=\"float: none; margin:0px;\">\n<ins class=\"adsbygoogle\"\r\n     style=\"display:block\"\r\n     data-ad-client=\"ca-pub-8585364105181520\"\r\n     data-ad-slot=\"8789329856\"\r\n     data-ad-format=\"auto\"\r\n     data-full-width-responsive=\"true\"><\/ins>\r\n<script>\r\n     (adsbygoogle = window.adsbygoogle || []).push({});\r\n<\/script>\n<\/div>\n<h2>Caravana de Direitos Humanos em Cama\u00e7ari<\/h2>\n<p>Na quarta-feira, 25 de mar\u00e7o de 2026, aconteceu em Cama\u00e7ari a Caravana de Direitos Humanos, uma iniciativa que trouxe diversos servi\u00e7os gratuitos e informa\u00e7\u00f5es essenciais \u00e0 comunidade. Localizada no Coletivo Bahia pela Paz, no bairro Phoc I, a a\u00e7\u00e3o foi uma colabora\u00e7\u00e3o entre a Prefeitura de Cama\u00e7ari e o Programa Bahia pela Paz, do governo estadual, tendo come\u00e7ado no dia anterior.<\/p>\n<h2>Servi\u00e7os Oferecidos pela Caravana<\/h2>\n<p>Dentre os servi\u00e7os disponibilizados, destacam-se:<\/p>\n<ul>\n<li>Emiss\u00e3o de documenta\u00e7\u00e3o, como a Carteira de Identidade Nacional (CIN) e segundas vias de certid\u00f5es de nascimento, casamento e \u00f3bito.<\/li>\n<li>Passe livre para pessoas com defici\u00eancia.<\/li>\n<li>Carteira de Identifica\u00e7\u00e3o da Pessoa com Transtorno do Espectro Autista (CIPTEA).<\/li>\n<li>Assist\u00eancia jur\u00eddica e acesso ao sistema de justi\u00e7a.<\/li>\n<\/ul>\n<p>A equipe da Caravana incluiu especialistas de diversas \u00e1reas, fornecendo assist\u00eancia abrangente aos cidad\u00e3os que compareceram.<\/p>\n<p><img decoding=\"async\" src=\"https:\/\/www.encontracamacari.com.br\/sobre\/wp-content\/uploads\/2026\/03\/caravana-de-direitos-humanos-chega-a-camacari-com-oferta-de-servicos-gratuitos.webp\" alt=\"Caravana de Direitos Humanos\" loading=\"lazy\" \/><\/p>\n<h2>Parceria entre Estado e Munic\u00edpio<\/h2>\n<p>Sobre esta articula\u00e7\u00e3o, Ademar Lopes, secret\u00e1rio de Rela\u00e7\u00f5es Institucionais de Cama\u00e7ari, comentou sobre a import\u00e2ncia da colabora\u00e7\u00e3o entre estado e munic\u00edpio. Segundo ele, essa uni\u00e3o visa a promo\u00e7\u00e3o de iniciativas que beneficiam a popula\u00e7\u00e3o local. &#8220;O Coletivo Bahia pela Paz \u00e9 fundamental para resgatar pessoas em situa\u00e7\u00e3o de vulnerabilidade, oferecendo suporte a uma equipe dedicada a cada projeto,&#8221; afirmou Lopes.<\/p>\n<h2>Import\u00e2ncia do Coletivo Bahia pela Paz<\/h2>\n<p>O espa\u00e7o onde ocorreu a caravana tem se mostrado essencial no contexto social, oferecendo um \u2018guarda-chuva\u2019 de direitos. Marcos Machado, coordenador do Coletivo, enfatizou a relev\u00e2ncia do projeto, que estimula as pessoas a se aproximarem dos servi\u00e7os dispon\u00edveis e a participarem de di\u00e1logos construtivos e coletivos.<\/p>\n<h2>Depoimentos da Comunidade<\/h2>\n<p>A popula\u00e7\u00e3o demonstrou grande satisfa\u00e7\u00e3o com a iniciativa. Entre os atendidos, \u00cdtalo Souza de Ara\u00fajo, um seguran\u00e7a de 42 anos, expressou gratid\u00e3o pela oportunidade de obter seus documentos. \u201cO atendimento foi excelente. Essa a\u00e7\u00e3o \u00e9 maravilhosa para a nossa comunidade,\u201d disse ele, destacando a relev\u00e2ncia do servi\u00e7o para moradores da regi\u00e3o.<\/p>\n<p>Simone Vieira de Jesus, uma dona de casa de 51 anos, tamb\u00e9m fez uso dos servi\u00e7os e elogiou a caravana: \u201cEstava precisando resolver v\u00e1rias quest\u00f5es documentais e consegui tudo. Uma iniciativa muito boa,\u201d afirmou, enquanto obtinha a certid\u00e3o de nascimento da filha.<\/p><div class=\"2410bb7248a64bb1f71103797e0f239b\" data-index=\"2\" style=\"float: none; margin:0px;\">\n<ins class=\"adsbygoogle\"\r\n     style=\"display:block; text-align:center;\"\r\n     data-ad-layout=\"in-article\"\r\n     data-ad-format=\"fluid\"\r\n     data-ad-client=\"ca-pub-8585364105181520\"\r\n     data-ad-slot=\"2899217073\"><\/ins>\r\n<script>\r\n     (adsbygoogle = window.adsbygoogle || []).push({});\r\n<\/script>\r\n\r\n<\/br><\/br>\n<\/div>\n\n<h2>Acesso \u00e0 Justi\u00e7a e Documenta\u00e7\u00e3o<\/h2>\n<p>Um dos servi\u00e7os mais procurados foi a emiss\u00e3o da CIN. Muitas pessoas compareceram na expectativa de regularizar sua documenta\u00e7\u00e3o, facilitando o acesso a direitos b\u00e1sicos. O Minist\u00e9rio P\u00fablico da Bahia (MP-BA) tamb\u00e9m contribuiu, oferecendo servi\u00e7os como reconhecimento espont\u00e2neo de paternidade, teste de DNA gratuito e encaminhamentos para pedidos de gratuidade de certid\u00f5es em todo o pa\u00eds.<\/p>\n<h2>Sa\u00fade e Imuniza\u00e7\u00e3o na Caravana<\/h2>\n<p>A Secretaria de Sa\u00fade de Cama\u00e7ari (Sesau) esteve presente com v\u00e1rias iniciativas voltadas \u00e0 sa\u00fade da popula\u00e7\u00e3o. Os servi\u00e7os inclu\u00edram imuniza\u00e7\u00e3o, testagem r\u00e1pida para infec\u00e7\u00f5es sexualmente transmiss\u00edveis (ISTs), como s\u00edfilis e HIV, al\u00e9m da emiss\u00e3o de relat\u00f3rios para pessoas com defici\u00eancia. Esse suporte na \u00e1rea da sa\u00fade foi um diferencial importante, demonstrando a integra\u00e7\u00e3o dos servi\u00e7os sociais oferecidos pela caravana.<\/p>\n<h2>A\u00e7\u00e3o Direta com o Minist\u00e9rio P\u00fablico<\/h2>\n<p>Al\u00e9m dos servi\u00e7os de documenta\u00e7\u00e3o, a presen\u00e7a do MP-BA ampliou o alcance da caravana. Com a oferta de servi\u00e7os como exames de DNA e orienta\u00e7\u00e3o na regulariza\u00e7\u00e3o de paternidade, houve um impacto significativo na vida de muitos moradores que atuaram para resolver pend\u00eancias jur\u00eddicas.<\/p>\n<h2>Atendimentos Especiais para Pessoas com Defici\u00eancia<\/h2>\n<p>A caravana n\u00e3o esqueceu de incluir servi\u00e7os voltados especificamente para pessoas com defici\u00eancia. A emiss\u00e3o de passes livres, bem como orienta\u00e7\u00f5es sobre direitos, foram claramente bem recebidos pela comunidade, aumentando a inclus\u00e3o social neste evento.<\/p>\n<h2>Iniciativas de Empreendedorismo e Trabalho<\/h2>\n<p>Ao longo da caravana, a\u00e7\u00f5es para fomentar o empreendedorismo estiveram presentes. A Secretaria de Promo\u00e7\u00e3o da Igualdade Racial (Sepromi) participou com o programa CrediAfro, que oferece orienta\u00e7\u00f5es sobre cr\u00e9dito e financiamentos para empres\u00e1rios negros. Al\u00e9m disso, a Secretaria do Trabalho, Emprego, Renda e Esporte (Setre) possibilitou o cadastramento e a atualiza\u00e7\u00e3o de dados para vagas de emprego, promovendo o acesso ao mercado de trabalho.<\/p>\n<h2>Pr\u00f3ximas Etapas da Caravana em Cama\u00e7ari<\/h2>\n<p>Ap\u00f3s a a\u00e7\u00e3o realizada no Coletivo Bahia pela Paz, a caravana seguir\u00e1 para o espa\u00e7o reservado do Coletivo Bahia pela Paz em Abrantes. Os servi\u00e7os que foram oferecidos em Phoc I ter\u00e3o continuidade, com um cronograma espec\u00edfico: no dia 26 de mar\u00e7o, o atendimento ser\u00e1 exclusivo para os usu\u00e1rios do coletivo, e no dia 27 de mar\u00e7o, a popula\u00e7\u00e3o em geral ser\u00e1 bem-vinda. As atividades ocorrer\u00e3o sempre das 9h \u00e0s 16h.<\/p>\n<h2>Conclus\u00e3o<\/h2>\n<p>A Caravana de Direitos Humanos \u00e9 um exemplo claro de como iniciativas p\u00fablicas podem impactar positivamente a vida de comunidades, oferecendo suporte jur\u00eddico, social e de sa\u00fade. O alcance dos servi\u00e7os e a satisfa\u00e7\u00e3o da popula\u00e7\u00e3o refletem a import\u00e2ncia desse tipo de a\u00e7\u00e3o, que busca trazer cidadania e dignidade a todos os cidad\u00e3os.<\/p>\n<div class=\"2410bb7248a64bb1f71103797e0f239b\" data-index=\"3\" style=\"float: none; margin:0px;\">\n<\/br><\/br>\r\n\r\n<ins class=\"adsbygoogle\"\r\n     style=\"display:block\"\r\n     data-ad-format=\"fluid\"\r\n     data-ad-layout-key=\"-63+do+n-1s+9e\"\r\n     data-ad-client=\"ca-pub-8585364105181520\"\r\n     data-ad-slot=\"6838462089\"><\/ins>\r\n<script>\r\n     (adsbygoogle = window.adsbygoogle || []).push({});\r\n<\/script>\n<\/div>\n\n<div style=\"font-size: 0px; height: 0px; line-height: 0px; margin: 0; padding: 0; clear: both;\"><\/div>","protected":false},"excerpt":{"rendered":"<p>Caravana de Direitos Humanos oferece servi\u00e7os gratuitos e acesso \u00e0 informa\u00e7\u00e3o para a comunidade de Cama\u00e7ari.<\/p>\n","protected":false},"author":1,"featured_media":855,"comment_status":"open","ping_status":"closed","sticky":false,"template":"","format":"standard","meta":{"footnotes":""},"categories":[1],"tags":[],"class_list":["post-856","post","type-post","status-publish","format-standard","has-post-thumbnail","hentry","category-noticias-em-camacari","has_thumb"],"aioseo_notices":[],"aioseo_head":"\n\t\t<!-- All in One SEO 5.0.0.1 - aioseo.com -->\n\t<meta name=\"description\" content=\"Caravana de Direitos Humanos oferece servi\u00e7os gratuitos e acesso \u00e0 informa\u00e7\u00e3o para a comunidade de Cama\u00e7ari.\" \/>\n\t<meta name=\"robots\" content=\"max-image-preview:large\" \/>\n\t<meta name=\"author\" content=\"Encontra Cama\u00e7ari\"\/>\n\t<link rel=\"canonical\" href=\"https:\/\/www.encontracamacari.com.br\/sobre\/caravana-de-direitos-humanos-chega-a-camacari-com-oferta-de-servicos-gratuitos\/\" \/>\n\t<meta name=\"generator\" content=\"All in One SEO (AIOSEO) 5.0.0.1\" \/>\n\t\t<meta property=\"og:locale\" content=\"pt_BR\" \/>\n\t\t<meta property=\"og:site_name\" content=\"Encontra Cama\u00e7ari - Not\u00edcias, eventos, informa\u00e7\u00f5es e dicas na cidade de Cama\u00e7ari e regi\u00e3o.\" \/>\n\t\t<meta property=\"og:type\" content=\"article\" \/>\n\t\t<meta property=\"og:title\" content=\"Caravana de Direitos Humanos chega a Cama\u00e7ari com oferta de servi\u00e7os gratuitos - Encontra Cama\u00e7ari\" \/>\n\t\t<meta property=\"og:description\" content=\"Caravana de Direitos Humanos oferece servi\u00e7os gratuitos e acesso \u00e0 informa\u00e7\u00e3o para a comunidade de Cama\u00e7ari.\" \/>\n\t\t<meta property=\"og:url\" content=\"https:\/\/www.encontracamacari.com.br\/sobre\/caravana-de-direitos-humanos-chega-a-camacari-com-oferta-de-servicos-gratuitos\/\" \/>\n\t\t<meta property=\"article:published_time\" content=\"2026-03-31T06:18:39+00:00\" \/>\n\t\t<meta property=\"article:modified_time\" content=\"2026-03-31T06:18:39+00:00\" \/>\n\t\t<meta name=\"twitter:card\" content=\"summary_large_image\" \/>\n\t\t<meta name=\"twitter:title\" content=\"Caravana de Direitos Humanos chega a Cama\u00e7ari com oferta de servi\u00e7os gratuitos - Encontra Cama\u00e7ari\" \/>\n\t\t<meta name=\"twitter:description\" content=\"Caravana de Direitos Humanos oferece servi\u00e7os gratuitos e acesso \u00e0 informa\u00e7\u00e3o para a comunidade de Cama\u00e7ari.\" \/>\n\t\t<script type=\"application\/ld+json\" class=\"aioseo-schema\">\n\t\t\t{\"@context\":\"https:\\\/\\\/schema.org\",\"@graph\":[{\"@type\":\"BlogPosting\",\"@id\":\"https:\\\/\\\/www.encontracamacari.com.br\\\/sobre\\\/caravana-de-direitos-humanos-chega-a-camacari-com-oferta-de-servicos-gratuitos\\\/#blogposting\",\"name\":\"Caravana de Direitos Humanos chega a Cama\\u00e7ari com oferta de servi\\u00e7os gratuitos - Encontra Cama\\u00e7ari\",\"headline\":\"Caravana de Direitos Humanos chega a Cama\\u00e7ari com oferta de servi\\u00e7os gratuitos\",\"author\":{\"@id\":\"https:\\\/\\\/www.encontracamacari.com.br\\\/sobre\\\/author\\\/ecamacari\\\/#author\"},\"publisher\":{\"@id\":\"https:\\\/\\\/www.encontracamacari.com.br\\\/sobre\\\/#organization\"},\"image\":{\"@type\":\"ImageObject\",\"url\":\"https:\\\/\\\/www.encontracamacari.com.br\\\/sobre\\\/wp-content\\\/uploads\\\/2026\\\/03\\\/caravana-de-direitos-humanos-chega-a-camacari-com-oferta-de-servicos-gratuitos.webp\",\"width\":280,\"height\":280,\"caption\":\"Caravana de Direitos Humanos\"},\"datePublished\":\"2026-03-31T06:18:39+00:00\",\"dateModified\":\"2026-03-31T06:18:39+00:00\",\"inLanguage\":\"pt-BR\",\"mainEntityOfPage\":{\"@id\":\"https:\\\/\\\/www.encontracamacari.com.br\\\/sobre\\\/caravana-de-direitos-humanos-chega-a-camacari-com-oferta-de-servicos-gratuitos\\\/#webpage\"},\"isPartOf\":{\"@id\":\"https:\\\/\\\/www.encontracamacari.com.br\\\/sobre\\\/caravana-de-direitos-humanos-chega-a-camacari-com-oferta-de-servicos-gratuitos\\\/#webpage\"},\"articleSection\":\"Not\\u00edcias Cama\\u00e7ari\"},{\"@type\":\"BreadcrumbList\",\"@id\":\"https:\\\/\\\/www.encontracamacari.com.br\\\/sobre\\\/caravana-de-direitos-humanos-chega-a-camacari-com-oferta-de-servicos-gratuitos\\\/#breadcrumblist\",\"itemListElement\":[{\"@type\":\"ListItem\",\"@id\":\"https:\\\/\\\/www.encontracamacari.com.br\\\/sobre#listItem\",\"position\":1,\"name\":\"Home\",\"item\":\"https:\\\/\\\/www.encontracamacari.com.br\\\/sobre\",\"nextItem\":{\"@type\":\"ListItem\",\"@id\":\"https:\\\/\\\/www.encontracamacari.com.br\\\/sobre\\\/noticias-em-camacari\\\/#listItem\",\"name\":\"Not\\u00edcias Cama\\u00e7ari\"}},{\"@type\":\"ListItem\",\"@id\":\"https:\\\/\\\/www.encontracamacari.com.br\\\/sobre\\\/noticias-em-camacari\\\/#listItem\",\"position\":2,\"name\":\"Not\\u00edcias Cama\\u00e7ari\",\"item\":\"https:\\\/\\\/www.encontracamacari.com.br\\\/sobre\\\/noticias-em-camacari\\\/\",\"nextItem\":{\"@type\":\"ListItem\",\"@id\":\"https:\\\/\\\/www.encontracamacari.com.br\\\/sobre\\\/caravana-de-direitos-humanos-chega-a-camacari-com-oferta-de-servicos-gratuitos\\\/#listItem\",\"name\":\"Caravana de Direitos Humanos chega a Cama\\u00e7ari com oferta de servi\\u00e7os gratuitos\"},\"previousItem\":{\"@type\":\"ListItem\",\"@id\":\"https:\\\/\\\/www.encontracamacari.com.br\\\/sobre#listItem\",\"name\":\"Home\"}},{\"@type\":\"ListItem\",\"@id\":\"https:\\\/\\\/www.encontracamacari.com.br\\\/sobre\\\/caravana-de-direitos-humanos-chega-a-camacari-com-oferta-de-servicos-gratuitos\\\/#listItem\",\"position\":3,\"name\":\"Caravana de Direitos Humanos chega a Cama\\u00e7ari com oferta de servi\\u00e7os gratuitos\",\"previousItem\":{\"@type\":\"ListItem\",\"@id\":\"https:\\\/\\\/www.encontracamacari.com.br\\\/sobre\\\/noticias-em-camacari\\\/#listItem\",\"name\":\"Not\\u00edcias Cama\\u00e7ari\"}}]},{\"@type\":\"Organization\",\"@id\":\"https:\\\/\\\/www.encontracamacari.com.br\\\/sobre\\\/#organization\",\"name\":\"Encontra Cama\\u00e7ari\",\"description\":\"Not\\u00edcias, eventos, informa\\u00e7\\u00f5es e dicas na cidade de Cama\\u00e7ari e regi\\u00e3o.\",\"url\":\"https:\\\/\\\/www.encontracamacari.com.br\\\/sobre\\\/\"},{\"@type\":\"Person\",\"@id\":\"https:\\\/\\\/www.encontracamacari.com.br\\\/sobre\\\/author\\\/ecamacari\\\/#author\",\"url\":\"https:\\\/\\\/www.encontracamacari.com.br\\\/sobre\\\/author\\\/ecamacari\\\/\",\"name\":\"Encontra Cama\\u00e7ari\",\"image\":{\"@type\":\"ImageObject\",\"@id\":\"https:\\\/\\\/www.encontracamacari.com.br\\\/sobre\\\/caravana-de-direitos-humanos-chega-a-camacari-com-oferta-de-servicos-gratuitos\\\/#authorImage\",\"url\":\"https:\\\/\\\/secure.gravatar.com\\\/avatar\\\/507340682b8270222e1f208e23198b6ae7e2c6a1033ae84e99bc6bce4f82a387?s=96&d=mm&r=g\",\"width\":96,\"height\":96,\"caption\":\"Encontra Cama\\u00e7ari\"}},{\"@type\":\"WebPage\",\"@id\":\"https:\\\/\\\/www.encontracamacari.com.br\\\/sobre\\\/caravana-de-direitos-humanos-chega-a-camacari-com-oferta-de-servicos-gratuitos\\\/#webpage\",\"url\":\"https:\\\/\\\/www.encontracamacari.com.br\\\/sobre\\\/caravana-de-direitos-humanos-chega-a-camacari-com-oferta-de-servicos-gratuitos\\\/\",\"name\":\"Caravana de Direitos Humanos chega a Cama\\u00e7ari com oferta de servi\\u00e7os gratuitos - Encontra Cama\\u00e7ari\",\"description\":\"Caravana de Direitos Humanos oferece servi\\u00e7os gratuitos e acesso \\u00e0 informa\\u00e7\\u00e3o para a comunidade de Cama\\u00e7ari.\",\"inLanguage\":\"pt-BR\",\"isPartOf\":{\"@id\":\"https:\\\/\\\/www.encontracamacari.com.br\\\/sobre\\\/#website\"},\"breadcrumb\":{\"@id\":\"https:\\\/\\\/www.encontracamacari.com.br\\\/sobre\\\/caravana-de-direitos-humanos-chega-a-camacari-com-oferta-de-servicos-gratuitos\\\/#breadcrumblist\"},\"author\":{\"@id\":\"https:\\\/\\\/www.encontracamacari.com.br\\\/sobre\\\/author\\\/ecamacari\\\/#author\"},\"creator\":{\"@id\":\"https:\\\/\\\/www.encontracamacari.com.br\\\/sobre\\\/author\\\/ecamacari\\\/#author\"},\"image\":{\"@type\":\"ImageObject\",\"url\":\"https:\\\/\\\/www.encontracamacari.com.br\\\/sobre\\\/wp-content\\\/uploads\\\/2026\\\/03\\\/caravana-de-direitos-humanos-chega-a-camacari-com-oferta-de-servicos-gratuitos.webp\",\"@id\":\"https:\\\/\\\/www.encontracamacari.com.br\\\/sobre\\\/caravana-de-direitos-humanos-chega-a-camacari-com-oferta-de-servicos-gratuitos\\\/#mainImage\",\"width\":280,\"height\":280,\"caption\":\"Caravana de Direitos Humanos\"},\"primaryImageOfPage\":{\"@id\":\"https:\\\/\\\/www.encontracamacari.com.br\\\/sobre\\\/caravana-de-direitos-humanos-chega-a-camacari-com-oferta-de-servicos-gratuitos\\\/#mainImage\"},\"datePublished\":\"2026-03-31T06:18:39+00:00\",\"dateModified\":\"2026-03-31T06:18:39+00:00\"},{\"@type\":\"WebSite\",\"@id\":\"https:\\\/\\\/www.encontracamacari.com.br\\\/sobre\\\/#website\",\"url\":\"https:\\\/\\\/www.encontracamacari.com.br\\\/sobre\\\/\",\"name\":\"Encontra Cama\\u00e7ari\",\"description\":\"Not\\u00edcias, eventos, informa\\u00e7\\u00f5es e dicas na cidade de Cama\\u00e7ari e regi\\u00e3o.\",\"inLanguage\":\"pt-BR\",\"publisher\":{\"@id\":\"https:\\\/\\\/www.encontracamacari.com.br\\\/sobre\\\/#organization\"}}]}\n\t\t<\/script>\n\t\t<!-- All in One SEO -->\n\n","aioseo_head_json":{"title":"Caravana de Direitos Humanos chega a Cama\u00e7ari com oferta de servi\u00e7os gratuitos - Encontra Cama\u00e7ari","description":"Caravana de Direitos Humanos oferece servi\u00e7os gratuitos e acesso \u00e0 informa\u00e7\u00e3o para a comunidade de Cama\u00e7ari.","canonical_url":"https:\/\/www.encontracamacari.com.br\/sobre\/caravana-de-direitos-humanos-chega-a-camacari-com-oferta-de-servicos-gratuitos\/","robots":"max-image-preview:large","keywords":"","webmasterTools":{"miscellaneous":""},"schema":{"@context":"https:\/\/schema.org","@graph":[{"@type":"BlogPosting","@id":"https:\/\/www.encontracamacari.com.br\/sobre\/caravana-de-direitos-humanos-chega-a-camacari-com-oferta-de-servicos-gratuitos\/#blogposting","name":"Caravana de Direitos Humanos chega a Cama\u00e7ari com oferta de servi\u00e7os gratuitos - Encontra Cama\u00e7ari","headline":"Caravana de Direitos Humanos chega a Cama\u00e7ari com oferta de servi\u00e7os gratuitos","author":{"@id":"https:\/\/www.encontracamacari.com.br\/sobre\/author\/ecamacari\/#author"},"publisher":{"@id":"https:\/\/www.encontracamacari.com.br\/sobre\/#organization"},"image":{"@type":"ImageObject","url":"https:\/\/www.encontracamacari.com.br\/sobre\/wp-content\/uploads\/2026\/03\/caravana-de-direitos-humanos-chega-a-camacari-com-oferta-de-servicos-gratuitos.webp","width":280,"height":280,"caption":"Caravana de Direitos Humanos"},"datePublished":"2026-03-31T06:18:39+00:00","dateModified":"2026-03-31T06:18:39+00:00","inLanguage":"pt-BR","mainEntityOfPage":{"@id":"https:\/\/www.encontracamacari.com.br\/sobre\/caravana-de-direitos-humanos-chega-a-camacari-com-oferta-de-servicos-gratuitos\/#webpage"},"isPartOf":{"@id":"https:\/\/www.encontracamacari.com.br\/sobre\/caravana-de-direitos-humanos-chega-a-camacari-com-oferta-de-servicos-gratuitos\/#webpage"},"articleSection":"Not\u00edcias Cama\u00e7ari"},{"@type":"BreadcrumbList","@id":"https:\/\/www.encontracamacari.com.br\/sobre\/caravana-de-direitos-humanos-chega-a-camacari-com-oferta-de-servicos-gratuitos\/#breadcrumblist","itemListElement":[{"@type":"ListItem","@id":"https:\/\/www.encontracamacari.com.br\/sobre#listItem","position":1,"name":"Home","item":"https:\/\/www.encontracamacari.com.br\/sobre","nextItem":{"@type":"ListItem","@id":"https:\/\/www.encontracamacari.com.br\/sobre\/noticias-em-camacari\/#listItem","name":"Not\u00edcias Cama\u00e7ari"}},{"@type":"ListItem","@id":"https:\/\/www.encontracamacari.com.br\/sobre\/noticias-em-camacari\/#listItem","position":2,"name":"Not\u00edcias Cama\u00e7ari","item":"https:\/\/www.encontracamacari.com.br\/sobre\/noticias-em-camacari\/","nextItem":{"@type":"ListItem","@id":"https:\/\/www.encontracamacari.com.br\/sobre\/caravana-de-direitos-humanos-chega-a-camacari-com-oferta-de-servicos-gratuitos\/#listItem","name":"Caravana de Direitos Humanos chega a Cama\u00e7ari com oferta de servi\u00e7os gratuitos"},"previousItem":{"@type":"ListItem","@id":"https:\/\/www.encontracamacari.com.br\/sobre#listItem","name":"Home"}},{"@type":"ListItem","@id":"https:\/\/www.encontracamacari.com.br\/sobre\/caravana-de-direitos-humanos-chega-a-camacari-com-oferta-de-servicos-gratuitos\/#listItem","position":3,"name":"Caravana de Direitos Humanos chega a Cama\u00e7ari com oferta de servi\u00e7os gratuitos","previousItem":{"@type":"ListItem","@id":"https:\/\/www.encontracamacari.com.br\/sobre\/noticias-em-camacari\/#listItem","name":"Not\u00edcias Cama\u00e7ari"}}]},{"@type":"Organization","@id":"https:\/\/www.encontracamacari.com.br\/sobre\/#organization","name":"Encontra Cama\u00e7ari","description":"Not\u00edcias, eventos, informa\u00e7\u00f5es e dicas na cidade de Cama\u00e7ari e regi\u00e3o.","url":"https:\/\/www.encontracamacari.com.br\/sobre\/"},{"@type":"Person","@id":"https:\/\/www.encontracamacari.com.br\/sobre\/author\/ecamacari\/#author","url":"https:\/\/www.encontracamacari.com.br\/sobre\/author\/ecamacari\/","name":"Encontra Cama\u00e7ari","image":{"@type":"ImageObject","@id":"https:\/\/www.encontracamacari.com.br\/sobre\/caravana-de-direitos-humanos-chega-a-camacari-com-oferta-de-servicos-gratuitos\/#authorImage","url":"https:\/\/secure.gravatar.com\/avatar\/507340682b8270222e1f208e23198b6ae7e2c6a1033ae84e99bc6bce4f82a387?s=96&d=mm&r=g","width":96,"height":96,"caption":"Encontra Cama\u00e7ari"}},{"@type":"WebPage","@id":"https:\/\/www.encontracamacari.com.br\/sobre\/caravana-de-direitos-humanos-chega-a-camacari-com-oferta-de-servicos-gratuitos\/#webpage","url":"https:\/\/www.encontracamacari.com.br\/sobre\/caravana-de-direitos-humanos-chega-a-camacari-com-oferta-de-servicos-gratuitos\/","name":"Caravana de Direitos Humanos chega a Cama\u00e7ari com oferta de servi\u00e7os gratuitos - Encontra Cama\u00e7ari","description":"Caravana de Direitos Humanos oferece servi\u00e7os gratuitos e acesso \u00e0 informa\u00e7\u00e3o para a comunidade de Cama\u00e7ari.","inLanguage":"pt-BR","isPartOf":{"@id":"https:\/\/www.encontracamacari.com.br\/sobre\/#website"},"breadcrumb":{"@id":"https:\/\/www.encontracamacari.com.br\/sobre\/caravana-de-direitos-humanos-chega-a-camacari-com-oferta-de-servicos-gratuitos\/#breadcrumblist"},"author":{"@id":"https:\/\/www.encontracamacari.com.br\/sobre\/author\/ecamacari\/#author"},"creator":{"@id":"https:\/\/www.encontracamacari.com.br\/sobre\/author\/ecamacari\/#author"},"image":{"@type":"ImageObject","url":"https:\/\/www.encontracamacari.com.br\/sobre\/wp-content\/uploads\/2026\/03\/caravana-de-direitos-humanos-chega-a-camacari-com-oferta-de-servicos-gratuitos.webp","@id":"https:\/\/www.encontracamacari.com.br\/sobre\/caravana-de-direitos-humanos-chega-a-camacari-com-oferta-de-servicos-gratuitos\/#mainImage","width":280,"height":280,"caption":"Caravana de Direitos Humanos"},"primaryImageOfPage":{"@id":"https:\/\/www.encontracamacari.com.br\/sobre\/caravana-de-direitos-humanos-chega-a-camacari-com-oferta-de-servicos-gratuitos\/#mainImage"},"datePublished":"2026-03-31T06:18:39+00:00","dateModified":"2026-03-31T06:18:39+00:00"},{"@type":"WebSite","@id":"https:\/\/www.encontracamacari.com.br\/sobre\/#website","url":"https:\/\/www.encontracamacari.com.br\/sobre\/","name":"Encontra Cama\u00e7ari","description":"Not\u00edcias, eventos, informa\u00e7\u00f5es e dicas na cidade de Cama\u00e7ari e regi\u00e3o.","inLanguage":"pt-BR","publisher":{"@id":"https:\/\/www.encontracamacari.com.br\/sobre\/#organization"}}]},"og:locale":"pt_BR","og:site_name":"Encontra Cama\u00e7ari - Not\u00edcias, eventos, informa\u00e7\u00f5es e dicas na cidade de Cama\u00e7ari e regi\u00e3o.","og:type":"article","og:title":"Caravana de Direitos Humanos chega a Cama\u00e7ari com oferta de servi\u00e7os gratuitos - Encontra Cama\u00e7ari","og:description":"Caravana de Direitos Humanos oferece servi\u00e7os gratuitos e acesso \u00e0 informa\u00e7\u00e3o para a comunidade de Cama\u00e7ari.","og:url":"https:\/\/www.encontracamacari.com.br\/sobre\/caravana-de-direitos-humanos-chega-a-camacari-com-oferta-de-servicos-gratuitos\/","article:published_time":"2026-03-31T06:18:39+00:00","article:modified_time":"2026-03-31T06:18:39+00:00","twitter:card":"summary_large_image","twitter:title":"Caravana de Direitos Humanos chega a Cama\u00e7ari com oferta de servi\u00e7os gratuitos - Encontra Cama\u00e7ari","twitter:description":"Caravana de Direitos Humanos oferece servi\u00e7os gratuitos e acesso \u00e0 informa\u00e7\u00e3o para a comunidade de Cama\u00e7ari."},"aioseo_meta_data":{"post_id":"856","title":null,"description":null,"keywords":null,"keyphrases":null,"primary_term":null,"canonical_url":null,"og_title":null,"og_description":null,"og_object_type":"default","og_image_type":"default","og_image_url":null,"og_image_width":null,"og_image_height":null,"og_image_custom_url":null,"og_image_custom_fields":null,"og_video":null,"og_custom_url":null,"og_article_section":null,"og_article_tags":null,"twitter_use_og":false,"twitter_card":"default","twitter_image_type":"default","twitter_image_url":null,"twitter_image_custom_url":null,"twitter_image_custom_fields":null,"twitter_title":null,"twitter_description":null,"schema":{"blockGraphs":[],"customGraphs":[],"default":{"data":{"Article":[],"Course":[],"Dataset":[],"FAQPage":[],"Movie":[],"Person":[],"Product":[],"ProductReview":[],"Car":[],"Recipe":[],"Service":[],"SoftwareApplication":[],"WebPage":[]},"graphName":"BlogPosting","isEnabled":true},"graphs":[]},"schema_type":"default","schema_type_options":null,"pillar_content":false,"robots_default":true,"robots_noindex":false,"robots_noarchive":false,"robots_nosnippet":false,"robots_nofollow":false,"robots_noimageindex":false,"robots_noodp":false,"robots_notranslate":false,"robots_max_snippet":null,"robots_max_videopreview":null,"robots_max_imagepreview":"large","priority":null,"frequency":null,"local_seo":null,"limit_modified_date":false,"created":"2026-03-31 06:18:41","updated":"2026-08-06 01:55:55","focus_keyword":null,"additional_keywords":null,"truseo_locale":null,"ai":null,"breadcrumb_settings":null,"seo_analyzer_scan_date":null},"aioseo_breadcrumb":"<div class=\"aioseo-breadcrumbs\"><span class=\"aioseo-breadcrumb\">\n\t\t\t<a href=\"https:\/\/www.encontracamacari.com.br\/sobre\" title=\"Home\">Home<\/a>\n\t\t<\/span><span class=\"aioseo-breadcrumb-separator\">&raquo;<\/span><span class=\"aioseo-breadcrumb\">\n\t\t\t<a href=\"https:\/\/www.encontracamacari.com.br\/sobre\/noticias-em-camacari\/\" title=\"Not\u00edcias Cama\u00e7ari\">Not\u00edcias Cama\u00e7ari<\/a>\n\t\t<\/span><span class=\"aioseo-breadcrumb-separator\">&raquo;<\/span><span class=\"aioseo-breadcrumb\">\n\t\t\tCaravana de Direitos Humanos chega a Cama\u00e7ari com oferta de servi\u00e7os gratuitos\n\t\t<\/span><\/div>","aioseo_breadcrumb_json":[{"label":"Home","link":"https:\/\/www.encontracamacari.com.br\/sobre"},{"label":"Not\u00edcias Cama\u00e7ari","link":"https:\/\/www.encontracamacari.com.br\/sobre\/noticias-em-camacari\/"},{"label":"Caravana de Direitos Humanos chega a Cama\u00e7ari com oferta de servi\u00e7os gratuitos","link":"https:\/\/www.encontracamacari.com.br\/sobre\/caravana-de-direitos-humanos-chega-a-camacari-com-oferta-de-servicos-gratuitos\/"}],"_links":{"self":[{"href":"https:\/\/www.encontracamacari.com.br\/sobre\/wp-json\/wp\/v2\/posts\/856","targetHints":{"allow":["GET"]}}],"collection":[{"href":"https:\/\/www.encontracamacari.com.br\/sobre\/wp-json\/wp\/v2\/posts"}],"about":[{"href":"https:\/\/www.encontracamacari.com.br\/sobre\/wp-json\/wp\/v2\/types\/post"}],"author":[{"embeddable":true,"href":"https:\/\/www.encontracamacari.com.br\/sobre\/wp-json\/wp\/v2\/users\/1"}],"replies":[{"embeddable":true,"href":"https:\/\/www.encontracamacari.com.br\/sobre\/wp-json\/wp\/v2\/comments?post=856"}],"version-history":[{"count":0,"href":"https:\/\/www.encontracamacari.com.br\/sobre\/wp-json\/wp\/v2\/posts\/856\/revisions"}],"wp:featuredmedia":[{"embeddable":true,"href":"https:\/\/www.encontracamacari.com.br\/sobre\/wp-json\/wp\/v2\/media\/855"}],"wp:attachment":[{"href":"https:\/\/www.encontracamacari.com.br\/sobre\/wp-json\/wp\/v2\/media?parent=856"}],"wp:term":[{"taxonomy":"category","embeddable":true,"href":"https:\/\/www.encontracamacari.com.br\/sobre\/wp-json\/wp\/v2\/categories?post=856"},{"taxonomy":"post_tag","embeddable":true,"href":"https:\/\/www.encontracamacari.com.br\/sobre\/wp-json\/wp\/v2\/tags?post=856"}],"curies":[{"name":"wp","href":"https:\/\/api.w.org\/{rel}","templated":true}]}}