{"id":852,"date":"2026-03-31T06:15:01","date_gmt":"2026-03-31T06:15:01","guid":{"rendered":"https:\/\/www.encontracamacari.com.br\/sobre\/inss-leva-orientacao-sobre-direitos-a-caravana-dos-direitos-humanos-em-camacari-ba\/"},"modified":"2026-03-31T06:15:01","modified_gmt":"2026-03-31T06:15:01","slug":"inss-leva-orientacao-sobre-direitos-a-caravana-dos-direitos-humanos-em-camacari-ba","status":"publish","type":"post","link":"https:\/\/www.encontracamacari.com.br\/sobre\/inss-leva-orientacao-sobre-direitos-a-caravana-dos-direitos-humanos-em-camacari-ba\/","title":{"rendered":"INSS leva orienta\u00e7\u00e3o sobre direitos \u00e0 Caravana dos Direitos Humanos em Cama\u00e7ari (BA)"},"content":{"rendered":"<div class=\"2410bb7248a64bb1f71103797e0f239b\" data-index=\"1\" style=\"float: none; margin:0px;\">\n<ins class=\"adsbygoogle\"\r\n     style=\"display:block\"\r\n     data-ad-client=\"ca-pub-8585364105181520\"\r\n     data-ad-slot=\"8789329856\"\r\n     data-ad-format=\"auto\"\r\n     data-full-width-responsive=\"true\"><\/ins>\r\n<script>\r\n     (adsbygoogle = window.adsbygoogle || []).push({});\r\n<\/script>\n<\/div>\n<h2>Objetivos da Caravana dos Direitos Humanos<\/h2>\n<p>A Caravana dos Direitos Humanos, promovida pela Secretaria de Justi\u00e7a e Direitos Humanos da Bahia, tem como objetivo principal proporcionar acesso \u00e0 informa\u00e7\u00e3o sobre direitos sociais e cidad\u00e3os \u00e0 popula\u00e7\u00e3o de Cama\u00e7ari. Este evento oferece uma oportunidade valiosa para os cidad\u00e3os conhecerem melhor seus direitos e como acess\u00e1-los, al\u00e9m de fomentar uma maior inclus\u00e3o social.<\/p>\n<h2>Atendimentos Realizados pelo INSS<\/h2>\n<p>Durante o evento, o Instituto Nacional do Seguro Social (INSS) disponibilizou profissionais capacitados em Previd\u00eancia Social para atender ao p\u00fablico. Foram oferecidas informa\u00e7\u00f5es sobre aposentadorias, benef\u00edcios assistenciais e aux\u00edlio-doen\u00e7a, entre outros servi\u00e7os. A iniciativa busca melhorar o entendimento da popula\u00e7\u00e3o sobre o funcionamento das pol\u00edticas de seguridade social.<\/p>\n<h2>D\u00favidas Comuns dos Cidad\u00e3os<\/h2>\n<p>Entre as d\u00favidas mais frequentes dos cidad\u00e3os, destacam-se quest\u00f5es sobre:<\/p>\n<p><img decoding=\"async\" src=\"https:\/\/www.encontracamacari.com.br\/sobre\/wp-content\/uploads\/2026\/03\/inss-leva-orientacao-sobre-direitos-a-caravana-dos-direitos-humanos-em-camacari-ba.webp\" alt=\"INSS Caravana dos Direitos Humanos\" loading=\"lazy\" \/><\/p>\n<ul>\n<li><strong>Aprocedimento para solicitar aposentadoria:<\/strong> Muitos questionam como iniciar o processo e quais documentos s\u00e3o necess\u00e1rios.<\/li>\n<li><strong>Benef\u00edcios assistenciais:<\/strong> Perguntas sobre os requisitos para se qualificar para o BPC (Benef\u00edcio de Presta\u00e7\u00e3o Continuada) e outros aux\u00edlios sociais.<\/li>\n<li><strong>Atualiza\u00e7\u00e3o de informa\u00e7\u00f5es cadastrais:<\/strong> Usu\u00e1rios frequentemente buscam orienta\u00e7\u00f5es sobre como atualizar seus dados pessoais no sistema do INSS.<\/li>\n<\/ul>\n<h2>Import\u00e2ncia do Acesso \u00e0 Informa\u00e7\u00e3o<\/h2>\n<p>O acesso \u00e0 informa\u00e7\u00e3o \u00e9 fundamental para que os cidad\u00e3os possam reivindicar e exercer plenamente seus direitos. Eventos como a Caravana dos Direitos Humanos servem para desmistificar o funcionamento das institui\u00e7\u00f5es p\u00fablicas e promovem o empoderamento da popula\u00e7\u00e3o, permitindo que conhe\u00e7am as ferramentas \u00e0 sua disposi\u00e7\u00e3o para garantir seu bem-estar social.<\/p><div class=\"2410bb7248a64bb1f71103797e0f239b\" data-index=\"2\" style=\"float: none; margin:0px;\">\n<ins class=\"adsbygoogle\"\r\n     style=\"display:block; text-align:center;\"\r\n     data-ad-layout=\"in-article\"\r\n     data-ad-format=\"fluid\"\r\n     data-ad-client=\"ca-pub-8585364105181520\"\r\n     data-ad-slot=\"2899217073\"><\/ins>\r\n<script>\r\n     (adsbygoogle = window.adsbygoogle || []).push({});\r\n<\/script>\r\n\r\n<\/br><\/br>\n<\/div>\n\n<h2>Testemunhos dos Participantes<\/h2>\n<p>A experi\u00eancia vivida pelos participantes revela a import\u00e2ncia dessas iniciativas. Um trabalhador da constru\u00e7\u00e3o civil, Gilton Cardoso, expressou satisfa\u00e7\u00e3o ao receber orienta\u00e7\u00e3o clara sobre seu pedido de aposentadoria, afirmando: &#8220;Foi aprovado. Agora j\u00e1 sei o que fazer para receber&#8221;. A sensa\u00e7\u00e3o de ser ouvido e bem orientado ajuda a construir um ambiente mais justo e inclusivo.<\/p>\n<h2>Servi\u00e7os Dispon\u00edveis Durante a Caravana<\/h2>\n<p>A Caravana ofereceu uma variedade de servi\u00e7os que inclu\u00edram:<\/p>\n<ul>\n<li>Assessoria sobre Previd\u00eancia Social;<\/li>\n<li>Emiss\u00e3o de documentos pessoais;<\/li>\n<li>Assist\u00eancia jur\u00eddica;<\/li>\n<li>Orienta\u00e7\u00f5es para o acesso a programas de emprego.<\/li>\n<\/ul>\n<h2>Resultados Alcan\u00e7ados na Comunidade<\/h2>\n<p>Ao final do evento, foram registrados 28 atendimentos realizados pelo INSS, demonstrando um compromisso claro de levar informa\u00e7\u00f5es e suporte \u00e0 popula\u00e7\u00e3o que mais precisa. Os resultados refletem a efic\u00e1cia destes eventos na melhoria do entendimento e na promo\u00e7\u00e3o dos direitos sociais.<\/p>\n<h2>A\u00e7\u00f5es Futuras do INSS<\/h2>\n<p>O INSS planeja continuar com essa abordagem proativa, participando de eventos futuros que visem fortalecer o acesso \u00e0 informa\u00e7\u00e3o e os direitos sociais. A ideia \u00e9 estabelecer um canal cont\u00ednuo de comunica\u00e7\u00e3o com a comunidade, preparando equipes para responder a d\u00favidas e orientar sobre benef\u00edcios e servi\u00e7os dispon\u00edveis.<\/p>\n<h2>Como Tirar D\u00favidas sobre Direitos<\/h2>\n<p>Os cidad\u00e3os podem acessar informa\u00e7\u00f5es sobre seus direitos e servi\u00e7os do INSS por meio de:<\/p>\n<ul>\n<li>Visitas ao site oficial do INSS;<\/li>\n<li>Atendimento presencial em ag\u00eancias do INSS;<\/li>\n<li>Central telef\u00f4nica 135;<\/li>\n<li>Eventos e caravanas informativas como esta.<\/li>\n<\/ul>\n<h2>Informa\u00e7\u00f5es Adicionais sobre o INSS<\/h2>\n<p>O Instituto Nacional do Seguro Social oferece diversos programas e modalidades de atendimento, incluindo:<\/p>\n<ul>\n<li><strong>Programa de Educa\u00e7\u00e3o Previdenci\u00e1ria:<\/strong> Voltado \u00e0 forma\u00e7\u00e3o e informa\u00e7\u00e3o sobre aposentadorias e benef\u00edcios.<\/li>\n<li><strong>Benef\u00edcios especiais:<\/strong> Como o BPC e benef\u00edcios para pessoas com defici\u00eancia e idosos.<\/li>\n<\/ul>\n<p>As a\u00e7\u00f5es do INSS visam proporcionar uma melhor qualidade de vida e seguran\u00e7a social para a popula\u00e7\u00e3o brasileira, especialmente aqueles que est\u00e3o em situa\u00e7\u00e3o de vulnerabilidade.<\/p>\n<p>Com iniciativas que promovem a educa\u00e7\u00e3o e o acesso \u00e0 informa\u00e7\u00e3o, o INSS se reafirma como um aliado essencial na promo\u00e7\u00e3o dos direitos humanos e sociais em nosso pa\u00eds.<\/p>\n<div class=\"2410bb7248a64bb1f71103797e0f239b\" data-index=\"3\" style=\"float: none; margin:0px;\">\n<\/br><\/br>\r\n\r\n<ins class=\"adsbygoogle\"\r\n     style=\"display:block\"\r\n     data-ad-format=\"fluid\"\r\n     data-ad-layout-key=\"-63+do+n-1s+9e\"\r\n     data-ad-client=\"ca-pub-8585364105181520\"\r\n     data-ad-slot=\"6838462089\"><\/ins>\r\n<script>\r\n     (adsbygoogle = window.adsbygoogle || []).push({});\r\n<\/script>\n<\/div>\n\n<div style=\"font-size: 0px; height: 0px; line-height: 0px; margin: 0; padding: 0; clear: both;\"><\/div>","protected":false},"excerpt":{"rendered":"<p>INSS leva orienta\u00e7\u00e3o sobre direitos \u00e0 Caravana dos Direitos Humanos em Cama\u00e7ari.<\/p>\n","protected":false},"author":1,"featured_media":851,"comment_status":"open","ping_status":"closed","sticky":false,"template":"","format":"standard","meta":{"footnotes":""},"categories":[1],"tags":[],"class_list":["post-852","post","type-post","status-publish","format-standard","has-post-thumbnail","hentry","category-noticias-em-camacari","has_thumb"],"aioseo_notices":[],"aioseo_head":"\n\t\t<!-- All in One SEO 5.0.0.1 - aioseo.com -->\n\t<meta name=\"description\" content=\"INSS leva orienta\u00e7\u00e3o sobre direitos \u00e0 Caravana dos Direitos Humanos em Cama\u00e7ari.\" \/>\n\t<meta name=\"robots\" content=\"max-image-preview:large\" \/>\n\t<meta name=\"author\" content=\"Encontra Cama\u00e7ari\"\/>\n\t<link rel=\"canonical\" href=\"https:\/\/www.encontracamacari.com.br\/sobre\/inss-leva-orientacao-sobre-direitos-a-caravana-dos-direitos-humanos-em-camacari-ba\/\" \/>\n\t<meta name=\"generator\" content=\"All in One SEO (AIOSEO) 5.0.0.1\" \/>\n\t\t<meta property=\"og:locale\" content=\"pt_BR\" \/>\n\t\t<meta property=\"og:site_name\" content=\"Encontra Cama\u00e7ari - Not\u00edcias, eventos, informa\u00e7\u00f5es e dicas na cidade de Cama\u00e7ari e regi\u00e3o.\" \/>\n\t\t<meta property=\"og:type\" content=\"article\" \/>\n\t\t<meta property=\"og:title\" content=\"INSS leva orienta\u00e7\u00e3o sobre direitos \u00e0 Caravana dos Direitos Humanos em Cama\u00e7ari (BA) - Encontra Cama\u00e7ari\" \/>\n\t\t<meta property=\"og:description\" content=\"INSS leva orienta\u00e7\u00e3o sobre direitos \u00e0 Caravana dos Direitos Humanos em Cama\u00e7ari.\" \/>\n\t\t<meta property=\"og:url\" content=\"https:\/\/www.encontracamacari.com.br\/sobre\/inss-leva-orientacao-sobre-direitos-a-caravana-dos-direitos-humanos-em-camacari-ba\/\" \/>\n\t\t<meta property=\"article:published_time\" content=\"2026-03-31T06:15:01+00:00\" \/>\n\t\t<meta property=\"article:modified_time\" content=\"2026-03-31T06:15:01+00:00\" \/>\n\t\t<meta name=\"twitter:card\" content=\"summary_large_image\" \/>\n\t\t<meta name=\"twitter:title\" content=\"INSS leva orienta\u00e7\u00e3o sobre direitos \u00e0 Caravana dos Direitos Humanos em Cama\u00e7ari (BA) - Encontra Cama\u00e7ari\" \/>\n\t\t<meta name=\"twitter:description\" content=\"INSS leva orienta\u00e7\u00e3o sobre direitos \u00e0 Caravana dos Direitos Humanos em Cama\u00e7ari.\" \/>\n\t\t<script type=\"application\/ld+json\" class=\"aioseo-schema\">\n\t\t\t{\"@context\":\"https:\\\/\\\/schema.org\",\"@graph\":[{\"@type\":\"BlogPosting\",\"@id\":\"https:\\\/\\\/www.encontracamacari.com.br\\\/sobre\\\/inss-leva-orientacao-sobre-direitos-a-caravana-dos-direitos-humanos-em-camacari-ba\\\/#blogposting\",\"name\":\"INSS leva orienta\\u00e7\\u00e3o sobre direitos \\u00e0 Caravana dos Direitos Humanos em Cama\\u00e7ari (BA) - Encontra Cama\\u00e7ari\",\"headline\":\"INSS leva orienta\\u00e7\\u00e3o sobre direitos \\u00e0 Caravana dos Direitos Humanos em Cama\\u00e7ari (BA)\",\"author\":{\"@id\":\"https:\\\/\\\/www.encontracamacari.com.br\\\/sobre\\\/author\\\/ecamacari\\\/#author\"},\"publisher\":{\"@id\":\"https:\\\/\\\/www.encontracamacari.com.br\\\/sobre\\\/#organization\"},\"image\":{\"@type\":\"ImageObject\",\"url\":\"https:\\\/\\\/www.encontracamacari.com.br\\\/sobre\\\/wp-content\\\/uploads\\\/2026\\\/03\\\/inss-leva-orientacao-sobre-direitos-a-caravana-dos-direitos-humanos-em-camacari-ba.webp\",\"width\":280,\"height\":280,\"caption\":\"INSS Caravana dos Direitos Humanos\"},\"datePublished\":\"2026-03-31T06:15:01+00:00\",\"dateModified\":\"2026-03-31T06:15:01+00:00\",\"inLanguage\":\"pt-BR\",\"mainEntityOfPage\":{\"@id\":\"https:\\\/\\\/www.encontracamacari.com.br\\\/sobre\\\/inss-leva-orientacao-sobre-direitos-a-caravana-dos-direitos-humanos-em-camacari-ba\\\/#webpage\"},\"isPartOf\":{\"@id\":\"https:\\\/\\\/www.encontracamacari.com.br\\\/sobre\\\/inss-leva-orientacao-sobre-direitos-a-caravana-dos-direitos-humanos-em-camacari-ba\\\/#webpage\"},\"articleSection\":\"Not\\u00edcias Cama\\u00e7ari\"},{\"@type\":\"BreadcrumbList\",\"@id\":\"https:\\\/\\\/www.encontracamacari.com.br\\\/sobre\\\/inss-leva-orientacao-sobre-direitos-a-caravana-dos-direitos-humanos-em-camacari-ba\\\/#breadcrumblist\",\"itemListElement\":[{\"@type\":\"ListItem\",\"@id\":\"https:\\\/\\\/www.encontracamacari.com.br\\\/sobre#listItem\",\"position\":1,\"name\":\"Home\",\"item\":\"https:\\\/\\\/www.encontracamacari.com.br\\\/sobre\",\"nextItem\":{\"@type\":\"ListItem\",\"@id\":\"https:\\\/\\\/www.encontracamacari.com.br\\\/sobre\\\/noticias-em-camacari\\\/#listItem\",\"name\":\"Not\\u00edcias Cama\\u00e7ari\"}},{\"@type\":\"ListItem\",\"@id\":\"https:\\\/\\\/www.encontracamacari.com.br\\\/sobre\\\/noticias-em-camacari\\\/#listItem\",\"position\":2,\"name\":\"Not\\u00edcias Cama\\u00e7ari\",\"item\":\"https:\\\/\\\/www.encontracamacari.com.br\\\/sobre\\\/noticias-em-camacari\\\/\",\"nextItem\":{\"@type\":\"ListItem\",\"@id\":\"https:\\\/\\\/www.encontracamacari.com.br\\\/sobre\\\/inss-leva-orientacao-sobre-direitos-a-caravana-dos-direitos-humanos-em-camacari-ba\\\/#listItem\",\"name\":\"INSS leva orienta\\u00e7\\u00e3o sobre direitos \\u00e0 Caravana dos Direitos Humanos em Cama\\u00e7ari (BA)\"},\"previousItem\":{\"@type\":\"ListItem\",\"@id\":\"https:\\\/\\\/www.encontracamacari.com.br\\\/sobre#listItem\",\"name\":\"Home\"}},{\"@type\":\"ListItem\",\"@id\":\"https:\\\/\\\/www.encontracamacari.com.br\\\/sobre\\\/inss-leva-orientacao-sobre-direitos-a-caravana-dos-direitos-humanos-em-camacari-ba\\\/#listItem\",\"position\":3,\"name\":\"INSS leva orienta\\u00e7\\u00e3o sobre direitos \\u00e0 Caravana dos Direitos Humanos em Cama\\u00e7ari (BA)\",\"previousItem\":{\"@type\":\"ListItem\",\"@id\":\"https:\\\/\\\/www.encontracamacari.com.br\\\/sobre\\\/noticias-em-camacari\\\/#listItem\",\"name\":\"Not\\u00edcias Cama\\u00e7ari\"}}]},{\"@type\":\"Organization\",\"@id\":\"https:\\\/\\\/www.encontracamacari.com.br\\\/sobre\\\/#organization\",\"name\":\"Encontra Cama\\u00e7ari\",\"description\":\"Not\\u00edcias, eventos, informa\\u00e7\\u00f5es e dicas na cidade de Cama\\u00e7ari e regi\\u00e3o.\",\"url\":\"https:\\\/\\\/www.encontracamacari.com.br\\\/sobre\\\/\"},{\"@type\":\"Person\",\"@id\":\"https:\\\/\\\/www.encontracamacari.com.br\\\/sobre\\\/author\\\/ecamacari\\\/#author\",\"url\":\"https:\\\/\\\/www.encontracamacari.com.br\\\/sobre\\\/author\\\/ecamacari\\\/\",\"name\":\"Encontra Cama\\u00e7ari\",\"image\":{\"@type\":\"ImageObject\",\"@id\":\"https:\\\/\\\/www.encontracamacari.com.br\\\/sobre\\\/inss-leva-orientacao-sobre-direitos-a-caravana-dos-direitos-humanos-em-camacari-ba\\\/#authorImage\",\"url\":\"https:\\\/\\\/secure.gravatar.com\\\/avatar\\\/507340682b8270222e1f208e23198b6ae7e2c6a1033ae84e99bc6bce4f82a387?s=96&d=mm&r=g\",\"width\":96,\"height\":96,\"caption\":\"Encontra Cama\\u00e7ari\"}},{\"@type\":\"WebPage\",\"@id\":\"https:\\\/\\\/www.encontracamacari.com.br\\\/sobre\\\/inss-leva-orientacao-sobre-direitos-a-caravana-dos-direitos-humanos-em-camacari-ba\\\/#webpage\",\"url\":\"https:\\\/\\\/www.encontracamacari.com.br\\\/sobre\\\/inss-leva-orientacao-sobre-direitos-a-caravana-dos-direitos-humanos-em-camacari-ba\\\/\",\"name\":\"INSS leva orienta\\u00e7\\u00e3o sobre direitos \\u00e0 Caravana dos Direitos Humanos em Cama\\u00e7ari (BA) - Encontra Cama\\u00e7ari\",\"description\":\"INSS leva orienta\\u00e7\\u00e3o sobre direitos \\u00e0 Caravana dos Direitos Humanos em Cama\\u00e7ari.\",\"inLanguage\":\"pt-BR\",\"isPartOf\":{\"@id\":\"https:\\\/\\\/www.encontracamacari.com.br\\\/sobre\\\/#website\"},\"breadcrumb\":{\"@id\":\"https:\\\/\\\/www.encontracamacari.com.br\\\/sobre\\\/inss-leva-orientacao-sobre-direitos-a-caravana-dos-direitos-humanos-em-camacari-ba\\\/#breadcrumblist\"},\"author\":{\"@id\":\"https:\\\/\\\/www.encontracamacari.com.br\\\/sobre\\\/author\\\/ecamacari\\\/#author\"},\"creator\":{\"@id\":\"https:\\\/\\\/www.encontracamacari.com.br\\\/sobre\\\/author\\\/ecamacari\\\/#author\"},\"image\":{\"@type\":\"ImageObject\",\"url\":\"https:\\\/\\\/www.encontracamacari.com.br\\\/sobre\\\/wp-content\\\/uploads\\\/2026\\\/03\\\/inss-leva-orientacao-sobre-direitos-a-caravana-dos-direitos-humanos-em-camacari-ba.webp\",\"@id\":\"https:\\\/\\\/www.encontracamacari.com.br\\\/sobre\\\/inss-leva-orientacao-sobre-direitos-a-caravana-dos-direitos-humanos-em-camacari-ba\\\/#mainImage\",\"width\":280,\"height\":280,\"caption\":\"INSS Caravana dos Direitos Humanos\"},\"primaryImageOfPage\":{\"@id\":\"https:\\\/\\\/www.encontracamacari.com.br\\\/sobre\\\/inss-leva-orientacao-sobre-direitos-a-caravana-dos-direitos-humanos-em-camacari-ba\\\/#mainImage\"},\"datePublished\":\"2026-03-31T06:15:01+00:00\",\"dateModified\":\"2026-03-31T06:15:01+00:00\"},{\"@type\":\"WebSite\",\"@id\":\"https:\\\/\\\/www.encontracamacari.com.br\\\/sobre\\\/#website\",\"url\":\"https:\\\/\\\/www.encontracamacari.com.br\\\/sobre\\\/\",\"name\":\"Encontra Cama\\u00e7ari\",\"description\":\"Not\\u00edcias, eventos, informa\\u00e7\\u00f5es e dicas na cidade de Cama\\u00e7ari e regi\\u00e3o.\",\"inLanguage\":\"pt-BR\",\"publisher\":{\"@id\":\"https:\\\/\\\/www.encontracamacari.com.br\\\/sobre\\\/#organization\"}}]}\n\t\t<\/script>\n\t\t<!-- All in One SEO -->\n\n","aioseo_head_json":{"title":"INSS leva orienta\u00e7\u00e3o sobre direitos \u00e0 Caravana dos Direitos Humanos em Cama\u00e7ari (BA) - Encontra Cama\u00e7ari","description":"INSS leva orienta\u00e7\u00e3o sobre direitos \u00e0 Caravana dos Direitos Humanos em Cama\u00e7ari.","canonical_url":"https:\/\/www.encontracamacari.com.br\/sobre\/inss-leva-orientacao-sobre-direitos-a-caravana-dos-direitos-humanos-em-camacari-ba\/","robots":"max-image-preview:large","keywords":"","webmasterTools":{"miscellaneous":""},"schema":{"@context":"https:\/\/schema.org","@graph":[{"@type":"BlogPosting","@id":"https:\/\/www.encontracamacari.com.br\/sobre\/inss-leva-orientacao-sobre-direitos-a-caravana-dos-direitos-humanos-em-camacari-ba\/#blogposting","name":"INSS leva orienta\u00e7\u00e3o sobre direitos \u00e0 Caravana dos Direitos Humanos em Cama\u00e7ari (BA) - Encontra Cama\u00e7ari","headline":"INSS leva orienta\u00e7\u00e3o sobre direitos \u00e0 Caravana dos Direitos Humanos em Cama\u00e7ari (BA)","author":{"@id":"https:\/\/www.encontracamacari.com.br\/sobre\/author\/ecamacari\/#author"},"publisher":{"@id":"https:\/\/www.encontracamacari.com.br\/sobre\/#organization"},"image":{"@type":"ImageObject","url":"https:\/\/www.encontracamacari.com.br\/sobre\/wp-content\/uploads\/2026\/03\/inss-leva-orientacao-sobre-direitos-a-caravana-dos-direitos-humanos-em-camacari-ba.webp","width":280,"height":280,"caption":"INSS Caravana dos Direitos Humanos"},"datePublished":"2026-03-31T06:15:01+00:00","dateModified":"2026-03-31T06:15:01+00:00","inLanguage":"pt-BR","mainEntityOfPage":{"@id":"https:\/\/www.encontracamacari.com.br\/sobre\/inss-leva-orientacao-sobre-direitos-a-caravana-dos-direitos-humanos-em-camacari-ba\/#webpage"},"isPartOf":{"@id":"https:\/\/www.encontracamacari.com.br\/sobre\/inss-leva-orientacao-sobre-direitos-a-caravana-dos-direitos-humanos-em-camacari-ba\/#webpage"},"articleSection":"Not\u00edcias Cama\u00e7ari"},{"@type":"BreadcrumbList","@id":"https:\/\/www.encontracamacari.com.br\/sobre\/inss-leva-orientacao-sobre-direitos-a-caravana-dos-direitos-humanos-em-camacari-ba\/#breadcrumblist","itemListElement":[{"@type":"ListItem","@id":"https:\/\/www.encontracamacari.com.br\/sobre#listItem","position":1,"name":"Home","item":"https:\/\/www.encontracamacari.com.br\/sobre","nextItem":{"@type":"ListItem","@id":"https:\/\/www.encontracamacari.com.br\/sobre\/noticias-em-camacari\/#listItem","name":"Not\u00edcias Cama\u00e7ari"}},{"@type":"ListItem","@id":"https:\/\/www.encontracamacari.com.br\/sobre\/noticias-em-camacari\/#listItem","position":2,"name":"Not\u00edcias Cama\u00e7ari","item":"https:\/\/www.encontracamacari.com.br\/sobre\/noticias-em-camacari\/","nextItem":{"@type":"ListItem","@id":"https:\/\/www.encontracamacari.com.br\/sobre\/inss-leva-orientacao-sobre-direitos-a-caravana-dos-direitos-humanos-em-camacari-ba\/#listItem","name":"INSS leva orienta\u00e7\u00e3o sobre direitos \u00e0 Caravana dos Direitos Humanos em Cama\u00e7ari (BA)"},"previousItem":{"@type":"ListItem","@id":"https:\/\/www.encontracamacari.com.br\/sobre#listItem","name":"Home"}},{"@type":"ListItem","@id":"https:\/\/www.encontracamacari.com.br\/sobre\/inss-leva-orientacao-sobre-direitos-a-caravana-dos-direitos-humanos-em-camacari-ba\/#listItem","position":3,"name":"INSS leva orienta\u00e7\u00e3o sobre direitos \u00e0 Caravana dos Direitos Humanos em Cama\u00e7ari (BA)","previousItem":{"@type":"ListItem","@id":"https:\/\/www.encontracamacari.com.br\/sobre\/noticias-em-camacari\/#listItem","name":"Not\u00edcias Cama\u00e7ari"}}]},{"@type":"Organization","@id":"https:\/\/www.encontracamacari.com.br\/sobre\/#organization","name":"Encontra Cama\u00e7ari","description":"Not\u00edcias, eventos, informa\u00e7\u00f5es e dicas na cidade de Cama\u00e7ari e regi\u00e3o.","url":"https:\/\/www.encontracamacari.com.br\/sobre\/"},{"@type":"Person","@id":"https:\/\/www.encontracamacari.com.br\/sobre\/author\/ecamacari\/#author","url":"https:\/\/www.encontracamacari.com.br\/sobre\/author\/ecamacari\/","name":"Encontra Cama\u00e7ari","image":{"@type":"ImageObject","@id":"https:\/\/www.encontracamacari.com.br\/sobre\/inss-leva-orientacao-sobre-direitos-a-caravana-dos-direitos-humanos-em-camacari-ba\/#authorImage","url":"https:\/\/secure.gravatar.com\/avatar\/507340682b8270222e1f208e23198b6ae7e2c6a1033ae84e99bc6bce4f82a387?s=96&d=mm&r=g","width":96,"height":96,"caption":"Encontra Cama\u00e7ari"}},{"@type":"WebPage","@id":"https:\/\/www.encontracamacari.com.br\/sobre\/inss-leva-orientacao-sobre-direitos-a-caravana-dos-direitos-humanos-em-camacari-ba\/#webpage","url":"https:\/\/www.encontracamacari.com.br\/sobre\/inss-leva-orientacao-sobre-direitos-a-caravana-dos-direitos-humanos-em-camacari-ba\/","name":"INSS leva orienta\u00e7\u00e3o sobre direitos \u00e0 Caravana dos Direitos Humanos em Cama\u00e7ari (BA) - Encontra Cama\u00e7ari","description":"INSS leva orienta\u00e7\u00e3o sobre direitos \u00e0 Caravana dos Direitos Humanos em Cama\u00e7ari.","inLanguage":"pt-BR","isPartOf":{"@id":"https:\/\/www.encontracamacari.com.br\/sobre\/#website"},"breadcrumb":{"@id":"https:\/\/www.encontracamacari.com.br\/sobre\/inss-leva-orientacao-sobre-direitos-a-caravana-dos-direitos-humanos-em-camacari-ba\/#breadcrumblist"},"author":{"@id":"https:\/\/www.encontracamacari.com.br\/sobre\/author\/ecamacari\/#author"},"creator":{"@id":"https:\/\/www.encontracamacari.com.br\/sobre\/author\/ecamacari\/#author"},"image":{"@type":"ImageObject","url":"https:\/\/www.encontracamacari.com.br\/sobre\/wp-content\/uploads\/2026\/03\/inss-leva-orientacao-sobre-direitos-a-caravana-dos-direitos-humanos-em-camacari-ba.webp","@id":"https:\/\/www.encontracamacari.com.br\/sobre\/inss-leva-orientacao-sobre-direitos-a-caravana-dos-direitos-humanos-em-camacari-ba\/#mainImage","width":280,"height":280,"caption":"INSS Caravana dos Direitos Humanos"},"primaryImageOfPage":{"@id":"https:\/\/www.encontracamacari.com.br\/sobre\/inss-leva-orientacao-sobre-direitos-a-caravana-dos-direitos-humanos-em-camacari-ba\/#mainImage"},"datePublished":"2026-03-31T06:15:01+00:00","dateModified":"2026-03-31T06:15:01+00:00"},{"@type":"WebSite","@id":"https:\/\/www.encontracamacari.com.br\/sobre\/#website","url":"https:\/\/www.encontracamacari.com.br\/sobre\/","name":"Encontra Cama\u00e7ari","description":"Not\u00edcias, eventos, informa\u00e7\u00f5es e dicas na cidade de Cama\u00e7ari e regi\u00e3o.","inLanguage":"pt-BR","publisher":{"@id":"https:\/\/www.encontracamacari.com.br\/sobre\/#organization"}}]},"og:locale":"pt_BR","og:site_name":"Encontra Cama\u00e7ari - Not\u00edcias, eventos, informa\u00e7\u00f5es e dicas na cidade de Cama\u00e7ari e regi\u00e3o.","og:type":"article","og:title":"INSS leva orienta\u00e7\u00e3o sobre direitos \u00e0 Caravana dos Direitos Humanos em Cama\u00e7ari (BA) - Encontra Cama\u00e7ari","og:description":"INSS leva orienta\u00e7\u00e3o sobre direitos \u00e0 Caravana dos Direitos Humanos em Cama\u00e7ari.","og:url":"https:\/\/www.encontracamacari.com.br\/sobre\/inss-leva-orientacao-sobre-direitos-a-caravana-dos-direitos-humanos-em-camacari-ba\/","article:published_time":"2026-03-31T06:15:01+00:00","article:modified_time":"2026-03-31T06:15:01+00:00","twitter:card":"summary_large_image","twitter:title":"INSS leva orienta\u00e7\u00e3o sobre direitos \u00e0 Caravana dos Direitos Humanos em Cama\u00e7ari (BA) - Encontra Cama\u00e7ari","twitter:description":"INSS leva orienta\u00e7\u00e3o sobre direitos \u00e0 Caravana dos Direitos Humanos em Cama\u00e7ari."},"aioseo_meta_data":{"post_id":"852","title":null,"description":null,"keywords":null,"keyphrases":null,"primary_term":null,"canonical_url":null,"og_title":null,"og_description":null,"og_object_type":"default","og_image_type":"default","og_image_url":null,"og_image_width":null,"og_image_height":null,"og_image_custom_url":null,"og_image_custom_fields":null,"og_video":null,"og_custom_url":null,"og_article_section":null,"og_article_tags":null,"twitter_use_og":false,"twitter_card":"default","twitter_image_type":"default","twitter_image_url":null,"twitter_image_custom_url":null,"twitter_image_custom_fields":null,"twitter_title":null,"twitter_description":null,"schema":{"blockGraphs":[],"customGraphs":[],"default":{"data":{"Article":[],"Course":[],"Dataset":[],"FAQPage":[],"Movie":[],"Person":[],"Product":[],"ProductReview":[],"Car":[],"Recipe":[],"Service":[],"SoftwareApplication":[],"WebPage":[]},"graphName":"BlogPosting","isEnabled":true},"graphs":[]},"schema_type":"default","schema_type_options":null,"pillar_content":false,"robots_default":true,"robots_noindex":false,"robots_noarchive":false,"robots_nosnippet":false,"robots_nofollow":false,"robots_noimageindex":false,"robots_noodp":false,"robots_notranslate":false,"robots_max_snippet":null,"robots_max_videopreview":null,"robots_max_imagepreview":"large","priority":null,"frequency":null,"local_seo":null,"limit_modified_date":false,"created":"2026-03-31 06:15:04","updated":"2026-08-06 01:55:55","focus_keyword":null,"additional_keywords":null,"truseo_locale":null,"ai":null,"breadcrumb_settings":null,"seo_analyzer_scan_date":null},"aioseo_breadcrumb":"<div class=\"aioseo-breadcrumbs\"><span class=\"aioseo-breadcrumb\">\n\t\t\t<a href=\"https:\/\/www.encontracamacari.com.br\/sobre\" title=\"Home\">Home<\/a>\n\t\t<\/span><span class=\"aioseo-breadcrumb-separator\">&raquo;<\/span><span class=\"aioseo-breadcrumb\">\n\t\t\t<a href=\"https:\/\/www.encontracamacari.com.br\/sobre\/noticias-em-camacari\/\" title=\"Not\u00edcias Cama\u00e7ari\">Not\u00edcias Cama\u00e7ari<\/a>\n\t\t<\/span><span class=\"aioseo-breadcrumb-separator\">&raquo;<\/span><span class=\"aioseo-breadcrumb\">\n\t\t\tINSS leva orienta\u00e7\u00e3o sobre direitos \u00e0 Caravana dos Direitos Humanos em Cama\u00e7ari (BA)\n\t\t<\/span><\/div>","aioseo_breadcrumb_json":[{"label":"Home","link":"https:\/\/www.encontracamacari.com.br\/sobre"},{"label":"Not\u00edcias Cama\u00e7ari","link":"https:\/\/www.encontracamacari.com.br\/sobre\/noticias-em-camacari\/"},{"label":"INSS leva orienta\u00e7\u00e3o sobre direitos \u00e0 Caravana dos Direitos Humanos em Cama\u00e7ari (BA)","link":"https:\/\/www.encontracamacari.com.br\/sobre\/inss-leva-orientacao-sobre-direitos-a-caravana-dos-direitos-humanos-em-camacari-ba\/"}],"_links":{"self":[{"href":"https:\/\/www.encontracamacari.com.br\/sobre\/wp-json\/wp\/v2\/posts\/852","targetHints":{"allow":["GET"]}}],"collection":[{"href":"https:\/\/www.encontracamacari.com.br\/sobre\/wp-json\/wp\/v2\/posts"}],"about":[{"href":"https:\/\/www.encontracamacari.com.br\/sobre\/wp-json\/wp\/v2\/types\/post"}],"author":[{"embeddable":true,"href":"https:\/\/www.encontracamacari.com.br\/sobre\/wp-json\/wp\/v2\/users\/1"}],"replies":[{"embeddable":true,"href":"https:\/\/www.encontracamacari.com.br\/sobre\/wp-json\/wp\/v2\/comments?post=852"}],"version-history":[{"count":0,"href":"https:\/\/www.encontracamacari.com.br\/sobre\/wp-json\/wp\/v2\/posts\/852\/revisions"}],"wp:featuredmedia":[{"embeddable":true,"href":"https:\/\/www.encontracamacari.com.br\/sobre\/wp-json\/wp\/v2\/media\/851"}],"wp:attachment":[{"href":"https:\/\/www.encontracamacari.com.br\/sobre\/wp-json\/wp\/v2\/media?parent=852"}],"wp:term":[{"taxonomy":"category","embeddable":true,"href":"https:\/\/www.encontracamacari.com.br\/sobre\/wp-json\/wp\/v2\/categories?post=852"},{"taxonomy":"post_tag","embeddable":true,"href":"https:\/\/www.encontracamacari.com.br\/sobre\/wp-json\/wp\/v2\/tags?post=852"}],"curies":[{"name":"wp","href":"https:\/\/api.w.org\/{rel}","templated":true}]}}