{"id":832,"date":"2026-03-27T06:15:57","date_gmt":"2026-03-27T06:15:57","guid":{"rendered":"https:\/\/www.encontracamacari.com.br\/sobre\/audio-funceb-celebra-o-dia-do-circo-com-espetaculo-gratuito-em-camacari\/"},"modified":"2026-03-27T06:15:57","modified_gmt":"2026-03-27T06:15:57","slug":"audio-funceb-celebra-o-dia-do-circo-com-espetaculo-gratuito-em-camacari","status":"publish","type":"post","link":"https:\/\/www.encontracamacari.com.br\/sobre\/audio-funceb-celebra-o-dia-do-circo-com-espetaculo-gratuito-em-camacari\/","title":{"rendered":"\u00c1UDIO: Funceb celebra o Dia do Circo com espet\u00e1culo gratuito em Cama\u00e7ari"},"content":{"rendered":"<div class=\"2410bb7248a64bb1f71103797e0f239b\" data-index=\"1\" style=\"float: none; margin:0px;\">\n<ins class=\"adsbygoogle\"\r\n     style=\"display:block\"\r\n     data-ad-client=\"ca-pub-8585364105181520\"\r\n     data-ad-slot=\"8789329856\"\r\n     data-ad-format=\"auto\"\r\n     data-full-width-responsive=\"true\"><\/ins>\r\n<script>\r\n     (adsbygoogle = window.adsbygoogle || []).push({});\r\n<\/script>\n<\/div>\n<h2>Cama\u00e7ari Celebra o Dia do Circo com Estilo<\/h2>\n<p>Nesta semana, a cidade de Cama\u00e7ari se prepara para uma festiva comemora\u00e7\u00e3o em homenagem ao Dia do Circo, que ocorre no dia 27 de mar\u00e7o. A Lona do Circo Kadoshy vai se transformar em um verdadeiro ponto de encontro para fam\u00edlias e amantes da arte circense. Ser\u00e3o duas noites de apresenta\u00e7\u00f5es extraordin\u00e1rias, prometendo surpresas e divers\u00e3o para todas as idades.<\/p>\n<p>A programa\u00e7\u00e3o especial ser\u00e1 realizada na quinta-feira e na sexta-feira, come\u00e7ando \u00e0s 20 horas, com entrada gratuita. Este evento apresenta a oportunidade perfeita para aqueles que desejam reverenciar essa forma de arte ic\u00f4nica, que h\u00e1 muito tempo encanta plateias ao redor do mundo.<\/p>\n<h2>O que Esperar do Espet\u00e1culo<\/h2>\n<p>Os espectadores poder\u00e3o esperar uma diversidade de performances que ressaltam a riqueza do circo. O espet\u00e1culo \u00e9 resultado de um extenso trabalho colaborativo que envolveu especialistas em diversas \u00e1reas, como palha\u00e7aria, acrobacias e gest\u00e3o cultural.<\/p>\n<p><img decoding=\"async\" src=\"https:\/\/www.encontracamacari.com.br\/sobre\/wp-content\/uploads\/2026\/03\/audio-funceb-celebra-o-dia-do-circo-com-espetaculo-gratuito-em-camacari.webp\" alt=\"Dia do Circo\" loading=\"lazy\" \/><\/p>\n<ul>\n<li><strong>Palha\u00e7os e Humor:<\/strong> Os palha\u00e7os s\u00e3o sempre a alma do circo. Com suas brincadeiras e piadas, prometem arrancar risadas do p\u00fablico.<\/li>\n<li><strong>Acrobatas:<\/strong> Performances de tirar o f\u00f4lego com acrobatas demonstrando fa\u00e7anhas que desafiam a gravidade.<\/li>\n<li><strong>Contorcionistas:<\/strong> Artistas que realizam movimentos impressionantes, mostrando a flexibilidade do corpo humano.<\/li>\n<\/ul>\n<h2>Programa\u00e7\u00e3o Completa do Evento<\/h2>\n<p>A programa\u00e7\u00e3o completa pode ser conferida nas redes sociais da Funceb, al\u00e9m do site oficial, onde est\u00e3o dispon\u00edveis detalhes adicionais sobre cada atra\u00e7\u00e3o e os artistas envolvidos. N\u00e3o perca a chance de se informar sobre tudo que esse evento tem a oferecer!<\/p>\n<h2>Como Chegar ao Circo Kadoshy<\/h2>\n<p>Localizado em uma \u00e1rea central de Cama\u00e7ari, o Circo Kadoshy \u00e9 de f\u00e1cil acesso. Os visitantes podem optar por transporte p\u00fablico ou ve\u00edculos particulares. Para aqueles que utilizam transportes coletivos, v\u00e1rias linhas operam na regi\u00e3o. A sugest\u00e3o \u00e9 verificar os hor\u00e1rios e itiner\u00e1rios das linhas locais para uma melhor programa\u00e7\u00e3o.<\/p><div class=\"2410bb7248a64bb1f71103797e0f239b\" data-index=\"2\" style=\"float: none; margin:0px;\">\n<ins class=\"adsbygoogle\"\r\n     style=\"display:block; text-align:center;\"\r\n     data-ad-layout=\"in-article\"\r\n     data-ad-format=\"fluid\"\r\n     data-ad-client=\"ca-pub-8585364105181520\"\r\n     data-ad-slot=\"2899217073\"><\/ins>\r\n<script>\r\n     (adsbygoogle = window.adsbygoogle || []).push({});\r\n<\/script>\r\n\r\n<\/br><\/br>\n<\/div>\n\n<h2>Informa\u00e7\u00f5es sobre a Entrada<\/h2>\n<p>A entrada para o espet\u00e1culo \u00e9 totalmente gratuita, o que representa uma excelente oportunidade para fam\u00edlias e grupos se reunirem e apreciarem um momento de lazer juntos. Tamb\u00e9m \u00e9 recomend\u00e1vel chegar com anteced\u00eancia para garantir bons lugares, uma vez que a expectativa \u00e9 de um grande p\u00fablico.<\/p>\n<h2>Curiosidades sobre o Dia do Circo<\/h2>\n<p>O Dia do Circo \u00e9 comemorado em v\u00e1rias partes do mundo, e no Brasil, essa data foi estabelecida como uma forma de homenagear e preservar a cultura circense. O circo \u00e9 considerado uma escola de vida, onde se ensinam valores como disciplina, respeito e trabalho em equipe, importantes n\u00e3o apenas para a arte, mas tamb\u00e9m para o dia a dia das pessoas.<\/p>\n<h2>O Papel da Funceb na Cultura<\/h2>\n<p>A Funda\u00e7\u00e3o Cultural do Estado da Bahia (Funceb) desempenha um papel fundamental no fomento das artes e na cultura local. Por meio de iniciativas como esta, busca se conectar com a comunidade, promover a cultura circense e incentivar novos talentos. O evento do Dia do Circo \u00e9 uma extens\u00e3o desse compromisso com a arte e a educa\u00e7\u00e3o.<\/p>\n<h2>Entrevista com os Artistas<\/h2>\n<p>Durante o evento, haver\u00e1 a oportunidade de interagir com os artistas que se apresentar\u00e3o, permitindo ao p\u00fablico entender mais sobre suas trajet\u00f3rias e a dedica\u00e7\u00e3o necess\u00e1ria para executar suas performances com maestria. Conversar com os artistas \u00e9 uma maneira de valorizar a cultura e entender o trabalho que h\u00e1 por tr\u00e1s de cada ato.<\/p>\n<h2>Atividades Interativas no Evento<\/h2>\n<p>Al\u00e9m do espet\u00e1culo principal, atividades interativas ser\u00e3o desenvolvidas, promovendo um espa\u00e7o onde as crian\u00e7as e adultos possam experimentar e vivenciar o universo circense. Isso incluir\u00e1 oficinas e demonstra\u00e7\u00f5es, que ajudar\u00e3o a transmitir a paix\u00e3o pela arte e a diversidade de habilidades que ela envolve.<\/p>\n<h2>Como Participar da Celebra\u00e7\u00e3o<\/h2>\n<p>Para participar deste evento maravilhoso, basta comparecer ao Circo Kadoshy nos dias 26 e 27 de mar\u00e7o. \u00c9 uma oportunidade imperd\u00edvel para celebrar a arte circense e se divertir em fam\u00edlia. A expectativa \u00e9 que todos os presentes tenham uma experi\u00eancia memor\u00e1vel e cheia de divers\u00e3o.<\/p>\n<div class=\"2410bb7248a64bb1f71103797e0f239b\" data-index=\"3\" style=\"float: none; margin:0px;\">\n<\/br><\/br>\r\n\r\n<ins class=\"adsbygoogle\"\r\n     style=\"display:block\"\r\n     data-ad-format=\"fluid\"\r\n     data-ad-layout-key=\"-63+do+n-1s+9e\"\r\n     data-ad-client=\"ca-pub-8585364105181520\"\r\n     data-ad-slot=\"6838462089\"><\/ins>\r\n<script>\r\n     (adsbygoogle = window.adsbygoogle || []).push({});\r\n<\/script>\n<\/div>\n\n<div style=\"font-size: 0px; height: 0px; line-height: 0px; margin: 0; padding: 0; clear: both;\"><\/div>","protected":false},"excerpt":{"rendered":"<p>Dia do Circo traz espet\u00e1culo gratuito imperd\u00edvel em Cama\u00e7ari.<\/p>\n","protected":false},"author":1,"featured_media":831,"comment_status":"open","ping_status":"closed","sticky":false,"template":"","format":"standard","meta":{"footnotes":""},"categories":[1],"tags":[],"class_list":["post-832","post","type-post","status-publish","format-standard","has-post-thumbnail","hentry","category-noticias-em-camacari","has_thumb"],"aioseo_notices":[],"aioseo_head":"\n\t\t<!-- All in One SEO 5.0.0.1 - aioseo.com -->\n\t<meta name=\"description\" content=\"Dia do Circo traz espet\u00e1culo gratuito imperd\u00edvel em Cama\u00e7ari.\" \/>\n\t<meta name=\"robots\" content=\"max-image-preview:large\" \/>\n\t<meta name=\"author\" content=\"Encontra Cama\u00e7ari\"\/>\n\t<link rel=\"canonical\" href=\"https:\/\/www.encontracamacari.com.br\/sobre\/audio-funceb-celebra-o-dia-do-circo-com-espetaculo-gratuito-em-camacari\/\" \/>\n\t<meta name=\"generator\" content=\"All in One SEO (AIOSEO) 5.0.0.1\" \/>\n\t\t<meta property=\"og:locale\" content=\"pt_BR\" \/>\n\t\t<meta property=\"og:site_name\" content=\"Encontra Cama\u00e7ari - Not\u00edcias, eventos, informa\u00e7\u00f5es e dicas na cidade de Cama\u00e7ari e regi\u00e3o.\" \/>\n\t\t<meta property=\"og:type\" content=\"article\" \/>\n\t\t<meta property=\"og:title\" content=\"\u00c1UDIO: Funceb celebra o Dia do Circo com espet\u00e1culo gratuito em Cama\u00e7ari - Encontra Cama\u00e7ari\" \/>\n\t\t<meta property=\"og:description\" content=\"Dia do Circo traz espet\u00e1culo gratuito imperd\u00edvel em Cama\u00e7ari.\" \/>\n\t\t<meta property=\"og:url\" content=\"https:\/\/www.encontracamacari.com.br\/sobre\/audio-funceb-celebra-o-dia-do-circo-com-espetaculo-gratuito-em-camacari\/\" \/>\n\t\t<meta property=\"article:published_time\" content=\"2026-03-27T06:15:57+00:00\" \/>\n\t\t<meta property=\"article:modified_time\" content=\"2026-03-27T06:15:57+00:00\" \/>\n\t\t<meta name=\"twitter:card\" content=\"summary_large_image\" \/>\n\t\t<meta name=\"twitter:title\" content=\"\u00c1UDIO: Funceb celebra o Dia do Circo com espet\u00e1culo gratuito em Cama\u00e7ari - Encontra Cama\u00e7ari\" \/>\n\t\t<meta name=\"twitter:description\" content=\"Dia do Circo traz espet\u00e1culo gratuito imperd\u00edvel em Cama\u00e7ari.\" \/>\n\t\t<script type=\"application\/ld+json\" class=\"aioseo-schema\">\n\t\t\t{\"@context\":\"https:\\\/\\\/schema.org\",\"@graph\":[{\"@type\":\"BlogPosting\",\"@id\":\"https:\\\/\\\/www.encontracamacari.com.br\\\/sobre\\\/audio-funceb-celebra-o-dia-do-circo-com-espetaculo-gratuito-em-camacari\\\/#blogposting\",\"name\":\"\\u00c1UDIO: Funceb celebra o Dia do Circo com espet\\u00e1culo gratuito em Cama\\u00e7ari - Encontra Cama\\u00e7ari\",\"headline\":\"\\u00c1UDIO: Funceb celebra o Dia do Circo com espet\\u00e1culo gratuito em Cama\\u00e7ari\",\"author\":{\"@id\":\"https:\\\/\\\/www.encontracamacari.com.br\\\/sobre\\\/author\\\/ecamacari\\\/#author\"},\"publisher\":{\"@id\":\"https:\\\/\\\/www.encontracamacari.com.br\\\/sobre\\\/#organization\"},\"image\":{\"@type\":\"ImageObject\",\"url\":\"https:\\\/\\\/www.encontracamacari.com.br\\\/sobre\\\/wp-content\\\/uploads\\\/2026\\\/03\\\/audio-funceb-celebra-o-dia-do-circo-com-espetaculo-gratuito-em-camacari.webp\",\"width\":280,\"height\":280,\"caption\":\"Dia do Circo\"},\"datePublished\":\"2026-03-27T06:15:57+00:00\",\"dateModified\":\"2026-03-27T06:15:57+00:00\",\"inLanguage\":\"pt-BR\",\"mainEntityOfPage\":{\"@id\":\"https:\\\/\\\/www.encontracamacari.com.br\\\/sobre\\\/audio-funceb-celebra-o-dia-do-circo-com-espetaculo-gratuito-em-camacari\\\/#webpage\"},\"isPartOf\":{\"@id\":\"https:\\\/\\\/www.encontracamacari.com.br\\\/sobre\\\/audio-funceb-celebra-o-dia-do-circo-com-espetaculo-gratuito-em-camacari\\\/#webpage\"},\"articleSection\":\"Not\\u00edcias Cama\\u00e7ari\"},{\"@type\":\"BreadcrumbList\",\"@id\":\"https:\\\/\\\/www.encontracamacari.com.br\\\/sobre\\\/audio-funceb-celebra-o-dia-do-circo-com-espetaculo-gratuito-em-camacari\\\/#breadcrumblist\",\"itemListElement\":[{\"@type\":\"ListItem\",\"@id\":\"https:\\\/\\\/www.encontracamacari.com.br\\\/sobre#listItem\",\"position\":1,\"name\":\"Home\",\"item\":\"https:\\\/\\\/www.encontracamacari.com.br\\\/sobre\",\"nextItem\":{\"@type\":\"ListItem\",\"@id\":\"https:\\\/\\\/www.encontracamacari.com.br\\\/sobre\\\/noticias-em-camacari\\\/#listItem\",\"name\":\"Not\\u00edcias Cama\\u00e7ari\"}},{\"@type\":\"ListItem\",\"@id\":\"https:\\\/\\\/www.encontracamacari.com.br\\\/sobre\\\/noticias-em-camacari\\\/#listItem\",\"position\":2,\"name\":\"Not\\u00edcias Cama\\u00e7ari\",\"item\":\"https:\\\/\\\/www.encontracamacari.com.br\\\/sobre\\\/noticias-em-camacari\\\/\",\"nextItem\":{\"@type\":\"ListItem\",\"@id\":\"https:\\\/\\\/www.encontracamacari.com.br\\\/sobre\\\/audio-funceb-celebra-o-dia-do-circo-com-espetaculo-gratuito-em-camacari\\\/#listItem\",\"name\":\"\\u00c1UDIO: Funceb celebra o Dia do Circo com espet\\u00e1culo gratuito em Cama\\u00e7ari\"},\"previousItem\":{\"@type\":\"ListItem\",\"@id\":\"https:\\\/\\\/www.encontracamacari.com.br\\\/sobre#listItem\",\"name\":\"Home\"}},{\"@type\":\"ListItem\",\"@id\":\"https:\\\/\\\/www.encontracamacari.com.br\\\/sobre\\\/audio-funceb-celebra-o-dia-do-circo-com-espetaculo-gratuito-em-camacari\\\/#listItem\",\"position\":3,\"name\":\"\\u00c1UDIO: Funceb celebra o Dia do Circo com espet\\u00e1culo gratuito em Cama\\u00e7ari\",\"previousItem\":{\"@type\":\"ListItem\",\"@id\":\"https:\\\/\\\/www.encontracamacari.com.br\\\/sobre\\\/noticias-em-camacari\\\/#listItem\",\"name\":\"Not\\u00edcias Cama\\u00e7ari\"}}]},{\"@type\":\"Organization\",\"@id\":\"https:\\\/\\\/www.encontracamacari.com.br\\\/sobre\\\/#organization\",\"name\":\"Encontra Cama\\u00e7ari\",\"description\":\"Not\\u00edcias, eventos, informa\\u00e7\\u00f5es e dicas na cidade de Cama\\u00e7ari e regi\\u00e3o.\",\"url\":\"https:\\\/\\\/www.encontracamacari.com.br\\\/sobre\\\/\"},{\"@type\":\"Person\",\"@id\":\"https:\\\/\\\/www.encontracamacari.com.br\\\/sobre\\\/author\\\/ecamacari\\\/#author\",\"url\":\"https:\\\/\\\/www.encontracamacari.com.br\\\/sobre\\\/author\\\/ecamacari\\\/\",\"name\":\"Encontra Cama\\u00e7ari\",\"image\":{\"@type\":\"ImageObject\",\"@id\":\"https:\\\/\\\/www.encontracamacari.com.br\\\/sobre\\\/audio-funceb-celebra-o-dia-do-circo-com-espetaculo-gratuito-em-camacari\\\/#authorImage\",\"url\":\"https:\\\/\\\/secure.gravatar.com\\\/avatar\\\/507340682b8270222e1f208e23198b6ae7e2c6a1033ae84e99bc6bce4f82a387?s=96&d=mm&r=g\",\"width\":96,\"height\":96,\"caption\":\"Encontra Cama\\u00e7ari\"}},{\"@type\":\"WebPage\",\"@id\":\"https:\\\/\\\/www.encontracamacari.com.br\\\/sobre\\\/audio-funceb-celebra-o-dia-do-circo-com-espetaculo-gratuito-em-camacari\\\/#webpage\",\"url\":\"https:\\\/\\\/www.encontracamacari.com.br\\\/sobre\\\/audio-funceb-celebra-o-dia-do-circo-com-espetaculo-gratuito-em-camacari\\\/\",\"name\":\"\\u00c1UDIO: Funceb celebra o Dia do Circo com espet\\u00e1culo gratuito em Cama\\u00e7ari - Encontra Cama\\u00e7ari\",\"description\":\"Dia do Circo traz espet\\u00e1culo gratuito imperd\\u00edvel em Cama\\u00e7ari.\",\"inLanguage\":\"pt-BR\",\"isPartOf\":{\"@id\":\"https:\\\/\\\/www.encontracamacari.com.br\\\/sobre\\\/#website\"},\"breadcrumb\":{\"@id\":\"https:\\\/\\\/www.encontracamacari.com.br\\\/sobre\\\/audio-funceb-celebra-o-dia-do-circo-com-espetaculo-gratuito-em-camacari\\\/#breadcrumblist\"},\"author\":{\"@id\":\"https:\\\/\\\/www.encontracamacari.com.br\\\/sobre\\\/author\\\/ecamacari\\\/#author\"},\"creator\":{\"@id\":\"https:\\\/\\\/www.encontracamacari.com.br\\\/sobre\\\/author\\\/ecamacari\\\/#author\"},\"image\":{\"@type\":\"ImageObject\",\"url\":\"https:\\\/\\\/www.encontracamacari.com.br\\\/sobre\\\/wp-content\\\/uploads\\\/2026\\\/03\\\/audio-funceb-celebra-o-dia-do-circo-com-espetaculo-gratuito-em-camacari.webp\",\"@id\":\"https:\\\/\\\/www.encontracamacari.com.br\\\/sobre\\\/audio-funceb-celebra-o-dia-do-circo-com-espetaculo-gratuito-em-camacari\\\/#mainImage\",\"width\":280,\"height\":280,\"caption\":\"Dia do Circo\"},\"primaryImageOfPage\":{\"@id\":\"https:\\\/\\\/www.encontracamacari.com.br\\\/sobre\\\/audio-funceb-celebra-o-dia-do-circo-com-espetaculo-gratuito-em-camacari\\\/#mainImage\"},\"datePublished\":\"2026-03-27T06:15:57+00:00\",\"dateModified\":\"2026-03-27T06:15:57+00:00\"},{\"@type\":\"WebSite\",\"@id\":\"https:\\\/\\\/www.encontracamacari.com.br\\\/sobre\\\/#website\",\"url\":\"https:\\\/\\\/www.encontracamacari.com.br\\\/sobre\\\/\",\"name\":\"Encontra Cama\\u00e7ari\",\"description\":\"Not\\u00edcias, eventos, informa\\u00e7\\u00f5es e dicas na cidade de Cama\\u00e7ari e regi\\u00e3o.\",\"inLanguage\":\"pt-BR\",\"publisher\":{\"@id\":\"https:\\\/\\\/www.encontracamacari.com.br\\\/sobre\\\/#organization\"}}]}\n\t\t<\/script>\n\t\t<!-- All in One SEO -->\n\n","aioseo_head_json":{"title":"\u00c1UDIO: Funceb celebra o Dia do Circo com espet\u00e1culo gratuito em Cama\u00e7ari - Encontra Cama\u00e7ari","description":"Dia do Circo traz espet\u00e1culo gratuito imperd\u00edvel em Cama\u00e7ari.","canonical_url":"https:\/\/www.encontracamacari.com.br\/sobre\/audio-funceb-celebra-o-dia-do-circo-com-espetaculo-gratuito-em-camacari\/","robots":"max-image-preview:large","keywords":"","webmasterTools":{"miscellaneous":""},"schema":{"@context":"https:\/\/schema.org","@graph":[{"@type":"BlogPosting","@id":"https:\/\/www.encontracamacari.com.br\/sobre\/audio-funceb-celebra-o-dia-do-circo-com-espetaculo-gratuito-em-camacari\/#blogposting","name":"\u00c1UDIO: Funceb celebra o Dia do Circo com espet\u00e1culo gratuito em Cama\u00e7ari - Encontra Cama\u00e7ari","headline":"\u00c1UDIO: Funceb celebra o Dia do Circo com espet\u00e1culo gratuito em Cama\u00e7ari","author":{"@id":"https:\/\/www.encontracamacari.com.br\/sobre\/author\/ecamacari\/#author"},"publisher":{"@id":"https:\/\/www.encontracamacari.com.br\/sobre\/#organization"},"image":{"@type":"ImageObject","url":"https:\/\/www.encontracamacari.com.br\/sobre\/wp-content\/uploads\/2026\/03\/audio-funceb-celebra-o-dia-do-circo-com-espetaculo-gratuito-em-camacari.webp","width":280,"height":280,"caption":"Dia do Circo"},"datePublished":"2026-03-27T06:15:57+00:00","dateModified":"2026-03-27T06:15:57+00:00","inLanguage":"pt-BR","mainEntityOfPage":{"@id":"https:\/\/www.encontracamacari.com.br\/sobre\/audio-funceb-celebra-o-dia-do-circo-com-espetaculo-gratuito-em-camacari\/#webpage"},"isPartOf":{"@id":"https:\/\/www.encontracamacari.com.br\/sobre\/audio-funceb-celebra-o-dia-do-circo-com-espetaculo-gratuito-em-camacari\/#webpage"},"articleSection":"Not\u00edcias Cama\u00e7ari"},{"@type":"BreadcrumbList","@id":"https:\/\/www.encontracamacari.com.br\/sobre\/audio-funceb-celebra-o-dia-do-circo-com-espetaculo-gratuito-em-camacari\/#breadcrumblist","itemListElement":[{"@type":"ListItem","@id":"https:\/\/www.encontracamacari.com.br\/sobre#listItem","position":1,"name":"Home","item":"https:\/\/www.encontracamacari.com.br\/sobre","nextItem":{"@type":"ListItem","@id":"https:\/\/www.encontracamacari.com.br\/sobre\/noticias-em-camacari\/#listItem","name":"Not\u00edcias Cama\u00e7ari"}},{"@type":"ListItem","@id":"https:\/\/www.encontracamacari.com.br\/sobre\/noticias-em-camacari\/#listItem","position":2,"name":"Not\u00edcias Cama\u00e7ari","item":"https:\/\/www.encontracamacari.com.br\/sobre\/noticias-em-camacari\/","nextItem":{"@type":"ListItem","@id":"https:\/\/www.encontracamacari.com.br\/sobre\/audio-funceb-celebra-o-dia-do-circo-com-espetaculo-gratuito-em-camacari\/#listItem","name":"\u00c1UDIO: Funceb celebra o Dia do Circo com espet\u00e1culo gratuito em Cama\u00e7ari"},"previousItem":{"@type":"ListItem","@id":"https:\/\/www.encontracamacari.com.br\/sobre#listItem","name":"Home"}},{"@type":"ListItem","@id":"https:\/\/www.encontracamacari.com.br\/sobre\/audio-funceb-celebra-o-dia-do-circo-com-espetaculo-gratuito-em-camacari\/#listItem","position":3,"name":"\u00c1UDIO: Funceb celebra o Dia do Circo com espet\u00e1culo gratuito em Cama\u00e7ari","previousItem":{"@type":"ListItem","@id":"https:\/\/www.encontracamacari.com.br\/sobre\/noticias-em-camacari\/#listItem","name":"Not\u00edcias Cama\u00e7ari"}}]},{"@type":"Organization","@id":"https:\/\/www.encontracamacari.com.br\/sobre\/#organization","name":"Encontra Cama\u00e7ari","description":"Not\u00edcias, eventos, informa\u00e7\u00f5es e dicas na cidade de Cama\u00e7ari e regi\u00e3o.","url":"https:\/\/www.encontracamacari.com.br\/sobre\/"},{"@type":"Person","@id":"https:\/\/www.encontracamacari.com.br\/sobre\/author\/ecamacari\/#author","url":"https:\/\/www.encontracamacari.com.br\/sobre\/author\/ecamacari\/","name":"Encontra Cama\u00e7ari","image":{"@type":"ImageObject","@id":"https:\/\/www.encontracamacari.com.br\/sobre\/audio-funceb-celebra-o-dia-do-circo-com-espetaculo-gratuito-em-camacari\/#authorImage","url":"https:\/\/secure.gravatar.com\/avatar\/507340682b8270222e1f208e23198b6ae7e2c6a1033ae84e99bc6bce4f82a387?s=96&d=mm&r=g","width":96,"height":96,"caption":"Encontra Cama\u00e7ari"}},{"@type":"WebPage","@id":"https:\/\/www.encontracamacari.com.br\/sobre\/audio-funceb-celebra-o-dia-do-circo-com-espetaculo-gratuito-em-camacari\/#webpage","url":"https:\/\/www.encontracamacari.com.br\/sobre\/audio-funceb-celebra-o-dia-do-circo-com-espetaculo-gratuito-em-camacari\/","name":"\u00c1UDIO: Funceb celebra o Dia do Circo com espet\u00e1culo gratuito em Cama\u00e7ari - Encontra Cama\u00e7ari","description":"Dia do Circo traz espet\u00e1culo gratuito imperd\u00edvel em Cama\u00e7ari.","inLanguage":"pt-BR","isPartOf":{"@id":"https:\/\/www.encontracamacari.com.br\/sobre\/#website"},"breadcrumb":{"@id":"https:\/\/www.encontracamacari.com.br\/sobre\/audio-funceb-celebra-o-dia-do-circo-com-espetaculo-gratuito-em-camacari\/#breadcrumblist"},"author":{"@id":"https:\/\/www.encontracamacari.com.br\/sobre\/author\/ecamacari\/#author"},"creator":{"@id":"https:\/\/www.encontracamacari.com.br\/sobre\/author\/ecamacari\/#author"},"image":{"@type":"ImageObject","url":"https:\/\/www.encontracamacari.com.br\/sobre\/wp-content\/uploads\/2026\/03\/audio-funceb-celebra-o-dia-do-circo-com-espetaculo-gratuito-em-camacari.webp","@id":"https:\/\/www.encontracamacari.com.br\/sobre\/audio-funceb-celebra-o-dia-do-circo-com-espetaculo-gratuito-em-camacari\/#mainImage","width":280,"height":280,"caption":"Dia do Circo"},"primaryImageOfPage":{"@id":"https:\/\/www.encontracamacari.com.br\/sobre\/audio-funceb-celebra-o-dia-do-circo-com-espetaculo-gratuito-em-camacari\/#mainImage"},"datePublished":"2026-03-27T06:15:57+00:00","dateModified":"2026-03-27T06:15:57+00:00"},{"@type":"WebSite","@id":"https:\/\/www.encontracamacari.com.br\/sobre\/#website","url":"https:\/\/www.encontracamacari.com.br\/sobre\/","name":"Encontra Cama\u00e7ari","description":"Not\u00edcias, eventos, informa\u00e7\u00f5es e dicas na cidade de Cama\u00e7ari e regi\u00e3o.","inLanguage":"pt-BR","publisher":{"@id":"https:\/\/www.encontracamacari.com.br\/sobre\/#organization"}}]},"og:locale":"pt_BR","og:site_name":"Encontra Cama\u00e7ari - Not\u00edcias, eventos, informa\u00e7\u00f5es e dicas na cidade de Cama\u00e7ari e regi\u00e3o.","og:type":"article","og:title":"\u00c1UDIO: Funceb celebra o Dia do Circo com espet\u00e1culo gratuito em Cama\u00e7ari - Encontra Cama\u00e7ari","og:description":"Dia do Circo traz espet\u00e1culo gratuito imperd\u00edvel em Cama\u00e7ari.","og:url":"https:\/\/www.encontracamacari.com.br\/sobre\/audio-funceb-celebra-o-dia-do-circo-com-espetaculo-gratuito-em-camacari\/","article:published_time":"2026-03-27T06:15:57+00:00","article:modified_time":"2026-03-27T06:15:57+00:00","twitter:card":"summary_large_image","twitter:title":"\u00c1UDIO: Funceb celebra o Dia do Circo com espet\u00e1culo gratuito em Cama\u00e7ari - Encontra Cama\u00e7ari","twitter:description":"Dia do Circo traz espet\u00e1culo gratuito imperd\u00edvel em Cama\u00e7ari."},"aioseo_meta_data":{"post_id":"832","title":null,"description":null,"keywords":null,"keyphrases":null,"primary_term":null,"canonical_url":null,"og_title":null,"og_description":null,"og_object_type":"default","og_image_type":"default","og_image_url":null,"og_image_width":null,"og_image_height":null,"og_image_custom_url":null,"og_image_custom_fields":null,"og_video":null,"og_custom_url":null,"og_article_section":null,"og_article_tags":null,"twitter_use_og":false,"twitter_card":"default","twitter_image_type":"default","twitter_image_url":null,"twitter_image_custom_url":null,"twitter_image_custom_fields":null,"twitter_title":null,"twitter_description":null,"schema":{"blockGraphs":[],"customGraphs":[],"default":{"data":{"Article":[],"Course":[],"Dataset":[],"FAQPage":[],"Movie":[],"Person":[],"Product":[],"ProductReview":[],"Car":[],"Recipe":[],"Service":[],"SoftwareApplication":[],"WebPage":[]},"graphName":"BlogPosting","isEnabled":true},"graphs":[]},"schema_type":"default","schema_type_options":null,"pillar_content":false,"robots_default":true,"robots_noindex":false,"robots_noarchive":false,"robots_nosnippet":false,"robots_nofollow":false,"robots_noimageindex":false,"robots_noodp":false,"robots_notranslate":false,"robots_max_snippet":null,"robots_max_videopreview":null,"robots_max_imagepreview":"large","priority":null,"frequency":null,"local_seo":null,"limit_modified_date":false,"created":"2026-03-27 06:16:02","updated":"2026-08-06 01:49:02","focus_keyword":null,"additional_keywords":null,"truseo_locale":null,"ai":null,"breadcrumb_settings":null,"seo_analyzer_scan_date":null},"aioseo_breadcrumb":"<div class=\"aioseo-breadcrumbs\"><span class=\"aioseo-breadcrumb\">\n\t\t\t<a href=\"https:\/\/www.encontracamacari.com.br\/sobre\" title=\"Home\">Home<\/a>\n\t\t<\/span><span class=\"aioseo-breadcrumb-separator\">&raquo;<\/span><span class=\"aioseo-breadcrumb\">\n\t\t\t<a href=\"https:\/\/www.encontracamacari.com.br\/sobre\/noticias-em-camacari\/\" title=\"Not\u00edcias Cama\u00e7ari\">Not\u00edcias Cama\u00e7ari<\/a>\n\t\t<\/span><span class=\"aioseo-breadcrumb-separator\">&raquo;<\/span><span class=\"aioseo-breadcrumb\">\n\t\t\t\u00c1UDIO: Funceb celebra o Dia do Circo com espet\u00e1culo gratuito em Cama\u00e7ari\n\t\t<\/span><\/div>","aioseo_breadcrumb_json":[{"label":"Home","link":"https:\/\/www.encontracamacari.com.br\/sobre"},{"label":"Not\u00edcias Cama\u00e7ari","link":"https:\/\/www.encontracamacari.com.br\/sobre\/noticias-em-camacari\/"},{"label":"\u00c1UDIO: Funceb celebra o Dia do Circo com espet\u00e1culo gratuito em Cama\u00e7ari","link":"https:\/\/www.encontracamacari.com.br\/sobre\/audio-funceb-celebra-o-dia-do-circo-com-espetaculo-gratuito-em-camacari\/"}],"_links":{"self":[{"href":"https:\/\/www.encontracamacari.com.br\/sobre\/wp-json\/wp\/v2\/posts\/832","targetHints":{"allow":["GET"]}}],"collection":[{"href":"https:\/\/www.encontracamacari.com.br\/sobre\/wp-json\/wp\/v2\/posts"}],"about":[{"href":"https:\/\/www.encontracamacari.com.br\/sobre\/wp-json\/wp\/v2\/types\/post"}],"author":[{"embeddable":true,"href":"https:\/\/www.encontracamacari.com.br\/sobre\/wp-json\/wp\/v2\/users\/1"}],"replies":[{"embeddable":true,"href":"https:\/\/www.encontracamacari.com.br\/sobre\/wp-json\/wp\/v2\/comments?post=832"}],"version-history":[{"count":0,"href":"https:\/\/www.encontracamacari.com.br\/sobre\/wp-json\/wp\/v2\/posts\/832\/revisions"}],"wp:featuredmedia":[{"embeddable":true,"href":"https:\/\/www.encontracamacari.com.br\/sobre\/wp-json\/wp\/v2\/media\/831"}],"wp:attachment":[{"href":"https:\/\/www.encontracamacari.com.br\/sobre\/wp-json\/wp\/v2\/media?parent=832"}],"wp:term":[{"taxonomy":"category","embeddable":true,"href":"https:\/\/www.encontracamacari.com.br\/sobre\/wp-json\/wp\/v2\/categories?post=832"},{"taxonomy":"post_tag","embeddable":true,"href":"https:\/\/www.encontracamacari.com.br\/sobre\/wp-json\/wp\/v2\/tags?post=832"}],"curies":[{"name":"wp","href":"https:\/\/api.w.org\/{rel}","templated":true}]}}