{"id":818,"date":"2026-03-24T06:14:43","date_gmt":"2026-03-24T06:14:43","guid":{"rendered":"https:\/\/www.encontracamacari.com.br\/sobre\/audio-caravana-de-direitos-humanos-chega-a-camacari-em-acao-integrada-ao-bahia-pela-paz\/"},"modified":"2026-03-24T06:14:43","modified_gmt":"2026-03-24T06:14:43","slug":"audio-caravana-de-direitos-humanos-chega-a-camacari-em-acao-integrada-ao-bahia-pela-paz","status":"publish","type":"post","link":"https:\/\/www.encontracamacari.com.br\/sobre\/audio-caravana-de-direitos-humanos-chega-a-camacari-em-acao-integrada-ao-bahia-pela-paz\/","title":{"rendered":"\u00c1UDIO: Caravana de Direitos Humanos chega a Cama\u00e7ari em a\u00e7\u00e3o integrada ao Bahia pela Paz"},"content":{"rendered":"<div class=\"2410bb7248a64bb1f71103797e0f239b\" data-index=\"1\" style=\"float: none; margin:0px;\">\n<ins class=\"adsbygoogle\"\r\n     style=\"display:block\"\r\n     data-ad-client=\"ca-pub-8585364105181520\"\r\n     data-ad-slot=\"8789329856\"\r\n     data-ad-format=\"auto\"\r\n     data-full-width-responsive=\"true\"><\/ins>\r\n<script>\r\n     (adsbygoogle = window.adsbygoogle || []).push({});\r\n<\/script>\n<\/div>\n<h2>O que \u00e9 a Caravana de Direitos Humanos?<\/h2>\n<p>A Caravana de Direitos Humanos \u00e9 uma iniciativa do governo da Bahia, organizada pela Secretaria de Justi\u00e7a e Direitos Humanos, que visa promover o acesso a servi\u00e7os essenciais e fortalecer a atua\u00e7\u00e3o do Estado em comunidades carentes. Este projeto busca garantir que direitos fundamentais sejam disponibilizados a todos, especialmente aqueles em situa\u00e7\u00f5es de vulnerabilidade social.<\/p>\n<h2>Objetivos da A\u00e7\u00e3o em Cama\u00e7ari<\/h2>\n<p>Durante a edi\u00e7\u00e3o que ocorrer\u00e1 em Cama\u00e7ari, de ter\u00e7a a sexta-feira, os objetivos principais incluem:<\/p>\n<ul>\n<li><strong>Ampliar o acesso:<\/strong> Proporcionar servi\u00e7os p\u00fablicos essenciais \u00e0 popula\u00e7\u00e3o local.<\/li>\n<li><strong>Fortalecer a presen\u00e7a do Estado:<\/strong> A a\u00e7\u00e3o visa intensificar a intera\u00e7\u00e3o do governo com os cidad\u00e3os em territ\u00f3rios que j\u00e1 t\u00eam acompanhamento por coletivos sociais.<\/li>\n<li><strong>Atendimento priorit\u00e1rio:<\/strong> Garantir que jovens e seus familiares recebam aten\u00e7\u00e3o especial.<\/li>\n<\/ul>\n<h2>Servi\u00e7os Oferecidos Durante a Caravana<\/h2>\n<p>Neste evento, diversos servi\u00e7os gratuitos estar\u00e3o dispon\u00edveis para a comunidade, abordando \u00e1reas fundamentais como:<\/p>\n<p><img decoding=\"async\" src=\"https:\/\/www.encontracamacari.com.br\/sobre\/wp-content\/uploads\/2026\/03\/audio-caravana-de-direitos-humanos-chega-a-camacari-em-acao-integrada-ao-bahia-pela-paz.webp\" alt=\"Caravana de Direitos Humanos\" loading=\"lazy\" \/><\/p>\n<ul>\n<li><strong>Documenta\u00e7\u00e3o Civil:<\/strong> Facilita\u00e7\u00e3o do acesso \u00e0 documenta\u00e7\u00e3o necess\u00e1ria civil.<\/li>\n<li><strong>Sa\u00fade:<\/strong> Ofertas de servi\u00e7os de sa\u00fade para a popula\u00e7\u00e3o.<\/li>\n<li><strong>Orienta\u00e7\u00e3o sobre Direitos:<\/strong> Presta\u00e7\u00e3o de informa\u00e7\u00f5es e orienta\u00e7\u00f5es sobre direitos civis e humanos.<\/li>\n<\/ul>\n<h2>Como Acessar os Servi\u00e7os da Caravana<\/h2>\n<p>Os cidad\u00e3os interessados em usufruir dos servi\u00e7os da Caravana de Direitos Humanos devem:<\/p>\n<ul>\n<li><strong>Fazer Agendamento:<\/strong> Marcar um hor\u00e1rio pr\u00e9vio para atendimento, visando melhor organiza\u00e7\u00e3o e efici\u00eancia.<\/li>\n<li><strong>Comparar no local:<\/strong> Cada servi\u00e7o estar\u00e1 dispon\u00edvel em suas respectivas sedes nos bairros Phocs e Abrantes.<\/li>\n<\/ul>\n<h2>Import\u00e2ncia da Integra\u00e7\u00e3o com o Programa Bahia pela Paz<\/h2>\n<p>Essa a\u00e7\u00e3o \u00e9 parte de uma estrat\u00e9gia maior, integrando-se ao programa Bahia pela Paz, que visa:<\/p><div class=\"2410bb7248a64bb1f71103797e0f239b\" data-index=\"2\" style=\"float: none; margin:0px;\">\n<ins class=\"adsbygoogle\"\r\n     style=\"display:block; text-align:center;\"\r\n     data-ad-layout=\"in-article\"\r\n     data-ad-format=\"fluid\"\r\n     data-ad-client=\"ca-pub-8585364105181520\"\r\n     data-ad-slot=\"2899217073\"><\/ins>\r\n<script>\r\n     (adsbygoogle = window.adsbygoogle || []).push({});\r\n<\/script>\r\n\r\n<\/br><\/br>\n<\/div>\n\n<ul>\n<li><strong>Reduzir a viol\u00eancia:<\/strong> Promover a\u00e7\u00f5es que contribuam para a pacifica\u00e7\u00e3o e seguran\u00e7a nas comunidades.<\/li>\n<li><strong>Oferecer suporte:<\/strong> Disponibilizar apoio psicol\u00f3gico e social \u00e0 popula\u00e7\u00e3o.<\/li>\n<\/ul>\n<h2>O Papel dos Coletivos na Caravana<\/h2>\n<p>Os coletivos sociais desempenham um papel crucial nesta iniciativa, contribuindo para:<\/p>\n<ul>\n<li><strong>Articula\u00e7\u00e3o local:<\/strong> Facilitar a comunica\u00e7\u00e3o entre o governo e a popula\u00e7\u00e3o.<\/li>\n<li><strong>Engajamento da comunidade:<\/strong> Incentivar a participa\u00e7\u00e3o dos moradores nos servi\u00e7os dispon\u00edveis.<\/li>\n<\/ul>\n<h2>A Experi\u00eancia dos Jovens com a Caravana<\/h2>\n<p>A participa\u00e7\u00e3o dos jovens \u00e9 um foco especial durante a Caravana, proporcionando:<\/p>\n<ul>\n<li><strong>Desenvolvimento pessoal:<\/strong> Oportunidades de aprendizado e conscientiza\u00e7\u00e3o sobre seus direitos.<\/li>\n<li><strong>Apoio \u00e0s fam\u00edlias:<\/strong> Incluir os respons\u00e1veis em atividades que promovam a solidariedade e a cidadania.<\/li>\n<\/ul>\n<h2>Resultados Esperados da A\u00e7\u00e3o em Cama\u00e7ari<\/h2>\n<p>Espera-se que a Caravana traga os seguintes resultados:<\/p>\n<ul>\n<li><strong>Maior acesso a servi\u00e7os:<\/strong> Um incremento significativo no acesso da popula\u00e7\u00e3o a servi\u00e7os essenciais.<\/li>\n<li><strong>Aumento da conscientiza\u00e7\u00e3o:<\/strong> Um aumento na consci\u00eancia da popula\u00e7\u00e3o sobre seus direitos.<\/li>\n<li><strong>Fortalecimento da comunidade:<\/strong> Promover um senso de uni\u00e3o e mobiliza\u00e7\u00e3o social entre os moradores.<\/li>\n<\/ul>\n<h2>Depoimentos de Participantes da Caravana<\/h2>\n<p>Os feedbacks de quem j\u00e1 participou de edi\u00e7\u00f5es anteriores demonstram um impacto positivo, com relatos sobre:<\/p>\n<ul>\n<li><strong>Melhoria na qualidade de vida:<\/strong> Benefici\u00e1rios relataram um aumento na qualidade de vida ap\u00f3s acessar os servi\u00e7os.<\/li>\n<li><strong>Reconhecimento de direitos:<\/strong> Muitos jovens se sentiram mais empoderados e conscientes sobre seus direitos ap\u00f3s a participa\u00e7\u00e3o.<\/li>\n<\/ul>\n<h2>Pr\u00f3ximas Etapas e Continuidade das A\u00e7\u00f5es<\/h2>\n<p>Ap\u00f3s a Caravana em Cama\u00e7ari, outras iniciativas est\u00e3o planejadas para diversos locais, com o intuito de:<\/p>\n<ul>\n<li><strong>Expandir servi\u00e7os:<\/strong> Continuar oferecendo acesso a servi\u00e7os essenciais \u00e0 popula\u00e7\u00e3o em diversas localidades.<\/li>\n<li><strong>Fomentar a articula\u00e7\u00e3o social:<\/strong> Promover a integra\u00e7\u00e3o entre o governo e coletivos, buscando fortalecer os servi\u00e7os prestados.<\/li>\n<\/ul>\n<div class=\"2410bb7248a64bb1f71103797e0f239b\" data-index=\"3\" style=\"float: none; margin:0px;\">\n<\/br><\/br>\r\n\r\n<ins class=\"adsbygoogle\"\r\n     style=\"display:block\"\r\n     data-ad-format=\"fluid\"\r\n     data-ad-layout-key=\"-63+do+n-1s+9e\"\r\n     data-ad-client=\"ca-pub-8585364105181520\"\r\n     data-ad-slot=\"6838462089\"><\/ins>\r\n<script>\r\n     (adsbygoogle = window.adsbygoogle || []).push({});\r\n<\/script>\n<\/div>\n\n<div style=\"font-size: 0px; height: 0px; line-height: 0px; margin: 0; padding: 0; clear: both;\"><\/div>","protected":false},"excerpt":{"rendered":"<p>A Caravana de Direitos Humanos traz servi\u00e7os essenciais e esperan\u00e7a a Cama\u00e7ari.<\/p>\n","protected":false},"author":1,"featured_media":817,"comment_status":"open","ping_status":"closed","sticky":false,"template":"","format":"standard","meta":{"footnotes":""},"categories":[1],"tags":[],"class_list":["post-818","post","type-post","status-publish","format-standard","has-post-thumbnail","hentry","category-noticias-em-camacari","has_thumb"],"aioseo_notices":[],"aioseo_head":"\n\t\t<!-- All in One SEO 5.0.0.1 - aioseo.com -->\n\t<meta name=\"description\" content=\"A Caravana de Direitos Humanos traz servi\u00e7os essenciais e esperan\u00e7a a Cama\u00e7ari.\" \/>\n\t<meta name=\"robots\" content=\"max-image-preview:large\" \/>\n\t<meta name=\"author\" content=\"Encontra Cama\u00e7ari\"\/>\n\t<link rel=\"canonical\" href=\"https:\/\/www.encontracamacari.com.br\/sobre\/audio-caravana-de-direitos-humanos-chega-a-camacari-em-acao-integrada-ao-bahia-pela-paz\/\" \/>\n\t<meta name=\"generator\" content=\"All in One SEO (AIOSEO) 5.0.0.1\" \/>\n\t\t<meta property=\"og:locale\" content=\"pt_BR\" \/>\n\t\t<meta property=\"og:site_name\" content=\"Encontra Cama\u00e7ari - Not\u00edcias, eventos, informa\u00e7\u00f5es e dicas na cidade de Cama\u00e7ari e regi\u00e3o.\" \/>\n\t\t<meta property=\"og:type\" content=\"article\" \/>\n\t\t<meta property=\"og:title\" content=\"\u00c1UDIO: Caravana de Direitos Humanos chega a Cama\u00e7ari em a\u00e7\u00e3o integrada ao Bahia pela Paz - Encontra Cama\u00e7ari\" \/>\n\t\t<meta property=\"og:description\" content=\"A Caravana de Direitos Humanos traz servi\u00e7os essenciais e esperan\u00e7a a Cama\u00e7ari.\" \/>\n\t\t<meta property=\"og:url\" content=\"https:\/\/www.encontracamacari.com.br\/sobre\/audio-caravana-de-direitos-humanos-chega-a-camacari-em-acao-integrada-ao-bahia-pela-paz\/\" \/>\n\t\t<meta property=\"article:published_time\" content=\"2026-03-24T06:14:43+00:00\" \/>\n\t\t<meta property=\"article:modified_time\" content=\"2026-03-24T06:14:43+00:00\" \/>\n\t\t<meta name=\"twitter:card\" content=\"summary_large_image\" \/>\n\t\t<meta name=\"twitter:title\" content=\"\u00c1UDIO: Caravana de Direitos Humanos chega a Cama\u00e7ari em a\u00e7\u00e3o integrada ao Bahia pela Paz - Encontra Cama\u00e7ari\" \/>\n\t\t<meta name=\"twitter:description\" content=\"A Caravana de Direitos Humanos traz servi\u00e7os essenciais e esperan\u00e7a a Cama\u00e7ari.\" \/>\n\t\t<script type=\"application\/ld+json\" class=\"aioseo-schema\">\n\t\t\t{\"@context\":\"https:\\\/\\\/schema.org\",\"@graph\":[{\"@type\":\"BlogPosting\",\"@id\":\"https:\\\/\\\/www.encontracamacari.com.br\\\/sobre\\\/audio-caravana-de-direitos-humanos-chega-a-camacari-em-acao-integrada-ao-bahia-pela-paz\\\/#blogposting\",\"name\":\"\\u00c1UDIO: Caravana de Direitos Humanos chega a Cama\\u00e7ari em a\\u00e7\\u00e3o integrada ao Bahia pela Paz - Encontra Cama\\u00e7ari\",\"headline\":\"\\u00c1UDIO: Caravana de Direitos Humanos chega a Cama\\u00e7ari em a\\u00e7\\u00e3o integrada ao Bahia pela Paz\",\"author\":{\"@id\":\"https:\\\/\\\/www.encontracamacari.com.br\\\/sobre\\\/author\\\/ecamacari\\\/#author\"},\"publisher\":{\"@id\":\"https:\\\/\\\/www.encontracamacari.com.br\\\/sobre\\\/#organization\"},\"image\":{\"@type\":\"ImageObject\",\"url\":\"https:\\\/\\\/www.encontracamacari.com.br\\\/sobre\\\/wp-content\\\/uploads\\\/2026\\\/03\\\/audio-caravana-de-direitos-humanos-chega-a-camacari-em-acao-integrada-ao-bahia-pela-paz.webp\",\"width\":280,\"height\":280,\"caption\":\"Caravana de Direitos Humanos\"},\"datePublished\":\"2026-03-24T06:14:43+00:00\",\"dateModified\":\"2026-03-24T06:14:43+00:00\",\"inLanguage\":\"pt-BR\",\"mainEntityOfPage\":{\"@id\":\"https:\\\/\\\/www.encontracamacari.com.br\\\/sobre\\\/audio-caravana-de-direitos-humanos-chega-a-camacari-em-acao-integrada-ao-bahia-pela-paz\\\/#webpage\"},\"isPartOf\":{\"@id\":\"https:\\\/\\\/www.encontracamacari.com.br\\\/sobre\\\/audio-caravana-de-direitos-humanos-chega-a-camacari-em-acao-integrada-ao-bahia-pela-paz\\\/#webpage\"},\"articleSection\":\"Not\\u00edcias Cama\\u00e7ari\"},{\"@type\":\"BreadcrumbList\",\"@id\":\"https:\\\/\\\/www.encontracamacari.com.br\\\/sobre\\\/audio-caravana-de-direitos-humanos-chega-a-camacari-em-acao-integrada-ao-bahia-pela-paz\\\/#breadcrumblist\",\"itemListElement\":[{\"@type\":\"ListItem\",\"@id\":\"https:\\\/\\\/www.encontracamacari.com.br\\\/sobre#listItem\",\"position\":1,\"name\":\"Home\",\"item\":\"https:\\\/\\\/www.encontracamacari.com.br\\\/sobre\",\"nextItem\":{\"@type\":\"ListItem\",\"@id\":\"https:\\\/\\\/www.encontracamacari.com.br\\\/sobre\\\/noticias-em-camacari\\\/#listItem\",\"name\":\"Not\\u00edcias Cama\\u00e7ari\"}},{\"@type\":\"ListItem\",\"@id\":\"https:\\\/\\\/www.encontracamacari.com.br\\\/sobre\\\/noticias-em-camacari\\\/#listItem\",\"position\":2,\"name\":\"Not\\u00edcias Cama\\u00e7ari\",\"item\":\"https:\\\/\\\/www.encontracamacari.com.br\\\/sobre\\\/noticias-em-camacari\\\/\",\"nextItem\":{\"@type\":\"ListItem\",\"@id\":\"https:\\\/\\\/www.encontracamacari.com.br\\\/sobre\\\/audio-caravana-de-direitos-humanos-chega-a-camacari-em-acao-integrada-ao-bahia-pela-paz\\\/#listItem\",\"name\":\"\\u00c1UDIO: Caravana de Direitos Humanos chega a Cama\\u00e7ari em a\\u00e7\\u00e3o integrada ao Bahia pela Paz\"},\"previousItem\":{\"@type\":\"ListItem\",\"@id\":\"https:\\\/\\\/www.encontracamacari.com.br\\\/sobre#listItem\",\"name\":\"Home\"}},{\"@type\":\"ListItem\",\"@id\":\"https:\\\/\\\/www.encontracamacari.com.br\\\/sobre\\\/audio-caravana-de-direitos-humanos-chega-a-camacari-em-acao-integrada-ao-bahia-pela-paz\\\/#listItem\",\"position\":3,\"name\":\"\\u00c1UDIO: Caravana de Direitos Humanos chega a Cama\\u00e7ari em a\\u00e7\\u00e3o integrada ao Bahia pela Paz\",\"previousItem\":{\"@type\":\"ListItem\",\"@id\":\"https:\\\/\\\/www.encontracamacari.com.br\\\/sobre\\\/noticias-em-camacari\\\/#listItem\",\"name\":\"Not\\u00edcias Cama\\u00e7ari\"}}]},{\"@type\":\"Organization\",\"@id\":\"https:\\\/\\\/www.encontracamacari.com.br\\\/sobre\\\/#organization\",\"name\":\"Encontra Cama\\u00e7ari\",\"description\":\"Not\\u00edcias, eventos, informa\\u00e7\\u00f5es e dicas na cidade de Cama\\u00e7ari e regi\\u00e3o.\",\"url\":\"https:\\\/\\\/www.encontracamacari.com.br\\\/sobre\\\/\"},{\"@type\":\"Person\",\"@id\":\"https:\\\/\\\/www.encontracamacari.com.br\\\/sobre\\\/author\\\/ecamacari\\\/#author\",\"url\":\"https:\\\/\\\/www.encontracamacari.com.br\\\/sobre\\\/author\\\/ecamacari\\\/\",\"name\":\"Encontra Cama\\u00e7ari\",\"image\":{\"@type\":\"ImageObject\",\"@id\":\"https:\\\/\\\/www.encontracamacari.com.br\\\/sobre\\\/audio-caravana-de-direitos-humanos-chega-a-camacari-em-acao-integrada-ao-bahia-pela-paz\\\/#authorImage\",\"url\":\"https:\\\/\\\/secure.gravatar.com\\\/avatar\\\/507340682b8270222e1f208e23198b6ae7e2c6a1033ae84e99bc6bce4f82a387?s=96&d=mm&r=g\",\"width\":96,\"height\":96,\"caption\":\"Encontra Cama\\u00e7ari\"}},{\"@type\":\"WebPage\",\"@id\":\"https:\\\/\\\/www.encontracamacari.com.br\\\/sobre\\\/audio-caravana-de-direitos-humanos-chega-a-camacari-em-acao-integrada-ao-bahia-pela-paz\\\/#webpage\",\"url\":\"https:\\\/\\\/www.encontracamacari.com.br\\\/sobre\\\/audio-caravana-de-direitos-humanos-chega-a-camacari-em-acao-integrada-ao-bahia-pela-paz\\\/\",\"name\":\"\\u00c1UDIO: Caravana de Direitos Humanos chega a Cama\\u00e7ari em a\\u00e7\\u00e3o integrada ao Bahia pela Paz - Encontra Cama\\u00e7ari\",\"description\":\"A Caravana de Direitos Humanos traz servi\\u00e7os essenciais e esperan\\u00e7a a Cama\\u00e7ari.\",\"inLanguage\":\"pt-BR\",\"isPartOf\":{\"@id\":\"https:\\\/\\\/www.encontracamacari.com.br\\\/sobre\\\/#website\"},\"breadcrumb\":{\"@id\":\"https:\\\/\\\/www.encontracamacari.com.br\\\/sobre\\\/audio-caravana-de-direitos-humanos-chega-a-camacari-em-acao-integrada-ao-bahia-pela-paz\\\/#breadcrumblist\"},\"author\":{\"@id\":\"https:\\\/\\\/www.encontracamacari.com.br\\\/sobre\\\/author\\\/ecamacari\\\/#author\"},\"creator\":{\"@id\":\"https:\\\/\\\/www.encontracamacari.com.br\\\/sobre\\\/author\\\/ecamacari\\\/#author\"},\"image\":{\"@type\":\"ImageObject\",\"url\":\"https:\\\/\\\/www.encontracamacari.com.br\\\/sobre\\\/wp-content\\\/uploads\\\/2026\\\/03\\\/audio-caravana-de-direitos-humanos-chega-a-camacari-em-acao-integrada-ao-bahia-pela-paz.webp\",\"@id\":\"https:\\\/\\\/www.encontracamacari.com.br\\\/sobre\\\/audio-caravana-de-direitos-humanos-chega-a-camacari-em-acao-integrada-ao-bahia-pela-paz\\\/#mainImage\",\"width\":280,\"height\":280,\"caption\":\"Caravana de Direitos Humanos\"},\"primaryImageOfPage\":{\"@id\":\"https:\\\/\\\/www.encontracamacari.com.br\\\/sobre\\\/audio-caravana-de-direitos-humanos-chega-a-camacari-em-acao-integrada-ao-bahia-pela-paz\\\/#mainImage\"},\"datePublished\":\"2026-03-24T06:14:43+00:00\",\"dateModified\":\"2026-03-24T06:14:43+00:00\"},{\"@type\":\"WebSite\",\"@id\":\"https:\\\/\\\/www.encontracamacari.com.br\\\/sobre\\\/#website\",\"url\":\"https:\\\/\\\/www.encontracamacari.com.br\\\/sobre\\\/\",\"name\":\"Encontra Cama\\u00e7ari\",\"description\":\"Not\\u00edcias, eventos, informa\\u00e7\\u00f5es e dicas na cidade de Cama\\u00e7ari e regi\\u00e3o.\",\"inLanguage\":\"pt-BR\",\"publisher\":{\"@id\":\"https:\\\/\\\/www.encontracamacari.com.br\\\/sobre\\\/#organization\"}}]}\n\t\t<\/script>\n\t\t<!-- All in One SEO -->\n\n","aioseo_head_json":{"title":"\u00c1UDIO: Caravana de Direitos Humanos chega a Cama\u00e7ari em a\u00e7\u00e3o integrada ao Bahia pela Paz - Encontra Cama\u00e7ari","description":"A Caravana de Direitos Humanos traz servi\u00e7os essenciais e esperan\u00e7a a Cama\u00e7ari.","canonical_url":"https:\/\/www.encontracamacari.com.br\/sobre\/audio-caravana-de-direitos-humanos-chega-a-camacari-em-acao-integrada-ao-bahia-pela-paz\/","robots":"max-image-preview:large","keywords":"","webmasterTools":{"miscellaneous":""},"schema":{"@context":"https:\/\/schema.org","@graph":[{"@type":"BlogPosting","@id":"https:\/\/www.encontracamacari.com.br\/sobre\/audio-caravana-de-direitos-humanos-chega-a-camacari-em-acao-integrada-ao-bahia-pela-paz\/#blogposting","name":"\u00c1UDIO: Caravana de Direitos Humanos chega a Cama\u00e7ari em a\u00e7\u00e3o integrada ao Bahia pela Paz - Encontra Cama\u00e7ari","headline":"\u00c1UDIO: Caravana de Direitos Humanos chega a Cama\u00e7ari em a\u00e7\u00e3o integrada ao Bahia pela Paz","author":{"@id":"https:\/\/www.encontracamacari.com.br\/sobre\/author\/ecamacari\/#author"},"publisher":{"@id":"https:\/\/www.encontracamacari.com.br\/sobre\/#organization"},"image":{"@type":"ImageObject","url":"https:\/\/www.encontracamacari.com.br\/sobre\/wp-content\/uploads\/2026\/03\/audio-caravana-de-direitos-humanos-chega-a-camacari-em-acao-integrada-ao-bahia-pela-paz.webp","width":280,"height":280,"caption":"Caravana de Direitos Humanos"},"datePublished":"2026-03-24T06:14:43+00:00","dateModified":"2026-03-24T06:14:43+00:00","inLanguage":"pt-BR","mainEntityOfPage":{"@id":"https:\/\/www.encontracamacari.com.br\/sobre\/audio-caravana-de-direitos-humanos-chega-a-camacari-em-acao-integrada-ao-bahia-pela-paz\/#webpage"},"isPartOf":{"@id":"https:\/\/www.encontracamacari.com.br\/sobre\/audio-caravana-de-direitos-humanos-chega-a-camacari-em-acao-integrada-ao-bahia-pela-paz\/#webpage"},"articleSection":"Not\u00edcias Cama\u00e7ari"},{"@type":"BreadcrumbList","@id":"https:\/\/www.encontracamacari.com.br\/sobre\/audio-caravana-de-direitos-humanos-chega-a-camacari-em-acao-integrada-ao-bahia-pela-paz\/#breadcrumblist","itemListElement":[{"@type":"ListItem","@id":"https:\/\/www.encontracamacari.com.br\/sobre#listItem","position":1,"name":"Home","item":"https:\/\/www.encontracamacari.com.br\/sobre","nextItem":{"@type":"ListItem","@id":"https:\/\/www.encontracamacari.com.br\/sobre\/noticias-em-camacari\/#listItem","name":"Not\u00edcias Cama\u00e7ari"}},{"@type":"ListItem","@id":"https:\/\/www.encontracamacari.com.br\/sobre\/noticias-em-camacari\/#listItem","position":2,"name":"Not\u00edcias Cama\u00e7ari","item":"https:\/\/www.encontracamacari.com.br\/sobre\/noticias-em-camacari\/","nextItem":{"@type":"ListItem","@id":"https:\/\/www.encontracamacari.com.br\/sobre\/audio-caravana-de-direitos-humanos-chega-a-camacari-em-acao-integrada-ao-bahia-pela-paz\/#listItem","name":"\u00c1UDIO: Caravana de Direitos Humanos chega a Cama\u00e7ari em a\u00e7\u00e3o integrada ao Bahia pela Paz"},"previousItem":{"@type":"ListItem","@id":"https:\/\/www.encontracamacari.com.br\/sobre#listItem","name":"Home"}},{"@type":"ListItem","@id":"https:\/\/www.encontracamacari.com.br\/sobre\/audio-caravana-de-direitos-humanos-chega-a-camacari-em-acao-integrada-ao-bahia-pela-paz\/#listItem","position":3,"name":"\u00c1UDIO: Caravana de Direitos Humanos chega a Cama\u00e7ari em a\u00e7\u00e3o integrada ao Bahia pela Paz","previousItem":{"@type":"ListItem","@id":"https:\/\/www.encontracamacari.com.br\/sobre\/noticias-em-camacari\/#listItem","name":"Not\u00edcias Cama\u00e7ari"}}]},{"@type":"Organization","@id":"https:\/\/www.encontracamacari.com.br\/sobre\/#organization","name":"Encontra Cama\u00e7ari","description":"Not\u00edcias, eventos, informa\u00e7\u00f5es e dicas na cidade de Cama\u00e7ari e regi\u00e3o.","url":"https:\/\/www.encontracamacari.com.br\/sobre\/"},{"@type":"Person","@id":"https:\/\/www.encontracamacari.com.br\/sobre\/author\/ecamacari\/#author","url":"https:\/\/www.encontracamacari.com.br\/sobre\/author\/ecamacari\/","name":"Encontra Cama\u00e7ari","image":{"@type":"ImageObject","@id":"https:\/\/www.encontracamacari.com.br\/sobre\/audio-caravana-de-direitos-humanos-chega-a-camacari-em-acao-integrada-ao-bahia-pela-paz\/#authorImage","url":"https:\/\/secure.gravatar.com\/avatar\/507340682b8270222e1f208e23198b6ae7e2c6a1033ae84e99bc6bce4f82a387?s=96&d=mm&r=g","width":96,"height":96,"caption":"Encontra Cama\u00e7ari"}},{"@type":"WebPage","@id":"https:\/\/www.encontracamacari.com.br\/sobre\/audio-caravana-de-direitos-humanos-chega-a-camacari-em-acao-integrada-ao-bahia-pela-paz\/#webpage","url":"https:\/\/www.encontracamacari.com.br\/sobre\/audio-caravana-de-direitos-humanos-chega-a-camacari-em-acao-integrada-ao-bahia-pela-paz\/","name":"\u00c1UDIO: Caravana de Direitos Humanos chega a Cama\u00e7ari em a\u00e7\u00e3o integrada ao Bahia pela Paz - Encontra Cama\u00e7ari","description":"A Caravana de Direitos Humanos traz servi\u00e7os essenciais e esperan\u00e7a a Cama\u00e7ari.","inLanguage":"pt-BR","isPartOf":{"@id":"https:\/\/www.encontracamacari.com.br\/sobre\/#website"},"breadcrumb":{"@id":"https:\/\/www.encontracamacari.com.br\/sobre\/audio-caravana-de-direitos-humanos-chega-a-camacari-em-acao-integrada-ao-bahia-pela-paz\/#breadcrumblist"},"author":{"@id":"https:\/\/www.encontracamacari.com.br\/sobre\/author\/ecamacari\/#author"},"creator":{"@id":"https:\/\/www.encontracamacari.com.br\/sobre\/author\/ecamacari\/#author"},"image":{"@type":"ImageObject","url":"https:\/\/www.encontracamacari.com.br\/sobre\/wp-content\/uploads\/2026\/03\/audio-caravana-de-direitos-humanos-chega-a-camacari-em-acao-integrada-ao-bahia-pela-paz.webp","@id":"https:\/\/www.encontracamacari.com.br\/sobre\/audio-caravana-de-direitos-humanos-chega-a-camacari-em-acao-integrada-ao-bahia-pela-paz\/#mainImage","width":280,"height":280,"caption":"Caravana de Direitos Humanos"},"primaryImageOfPage":{"@id":"https:\/\/www.encontracamacari.com.br\/sobre\/audio-caravana-de-direitos-humanos-chega-a-camacari-em-acao-integrada-ao-bahia-pela-paz\/#mainImage"},"datePublished":"2026-03-24T06:14:43+00:00","dateModified":"2026-03-24T06:14:43+00:00"},{"@type":"WebSite","@id":"https:\/\/www.encontracamacari.com.br\/sobre\/#website","url":"https:\/\/www.encontracamacari.com.br\/sobre\/","name":"Encontra Cama\u00e7ari","description":"Not\u00edcias, eventos, informa\u00e7\u00f5es e dicas na cidade de Cama\u00e7ari e regi\u00e3o.","inLanguage":"pt-BR","publisher":{"@id":"https:\/\/www.encontracamacari.com.br\/sobre\/#organization"}}]},"og:locale":"pt_BR","og:site_name":"Encontra Cama\u00e7ari - Not\u00edcias, eventos, informa\u00e7\u00f5es e dicas na cidade de Cama\u00e7ari e regi\u00e3o.","og:type":"article","og:title":"\u00c1UDIO: Caravana de Direitos Humanos chega a Cama\u00e7ari em a\u00e7\u00e3o integrada ao Bahia pela Paz - Encontra Cama\u00e7ari","og:description":"A Caravana de Direitos Humanos traz servi\u00e7os essenciais e esperan\u00e7a a Cama\u00e7ari.","og:url":"https:\/\/www.encontracamacari.com.br\/sobre\/audio-caravana-de-direitos-humanos-chega-a-camacari-em-acao-integrada-ao-bahia-pela-paz\/","article:published_time":"2026-03-24T06:14:43+00:00","article:modified_time":"2026-03-24T06:14:43+00:00","twitter:card":"summary_large_image","twitter:title":"\u00c1UDIO: Caravana de Direitos Humanos chega a Cama\u00e7ari em a\u00e7\u00e3o integrada ao Bahia pela Paz - Encontra Cama\u00e7ari","twitter:description":"A Caravana de Direitos Humanos traz servi\u00e7os essenciais e esperan\u00e7a a Cama\u00e7ari."},"aioseo_meta_data":{"post_id":"818","title":null,"description":null,"keywords":null,"keyphrases":null,"primary_term":null,"canonical_url":null,"og_title":null,"og_description":null,"og_object_type":"default","og_image_type":"default","og_image_url":null,"og_image_width":null,"og_image_height":null,"og_image_custom_url":null,"og_image_custom_fields":null,"og_video":null,"og_custom_url":null,"og_article_section":null,"og_article_tags":null,"twitter_use_og":false,"twitter_card":"default","twitter_image_type":"default","twitter_image_url":null,"twitter_image_custom_url":null,"twitter_image_custom_fields":null,"twitter_title":null,"twitter_description":null,"schema":{"blockGraphs":[],"customGraphs":[],"default":{"data":{"Article":[],"Course":[],"Dataset":[],"FAQPage":[],"Movie":[],"Person":[],"Product":[],"ProductReview":[],"Car":[],"Recipe":[],"Service":[],"SoftwareApplication":[],"WebPage":[]},"graphName":"BlogPosting","isEnabled":true},"graphs":[]},"schema_type":"default","schema_type_options":null,"pillar_content":false,"robots_default":true,"robots_noindex":false,"robots_noarchive":false,"robots_nosnippet":false,"robots_nofollow":false,"robots_noimageindex":false,"robots_noodp":false,"robots_notranslate":false,"robots_max_snippet":null,"robots_max_videopreview":null,"robots_max_imagepreview":"large","priority":null,"frequency":null,"local_seo":null,"limit_modified_date":false,"created":"2026-03-24 06:14:47","updated":"2026-08-06 01:35:52","focus_keyword":null,"additional_keywords":null,"truseo_locale":null,"ai":null,"breadcrumb_settings":null,"seo_analyzer_scan_date":null},"aioseo_breadcrumb":"<div class=\"aioseo-breadcrumbs\"><span class=\"aioseo-breadcrumb\">\n\t\t\t<a href=\"https:\/\/www.encontracamacari.com.br\/sobre\" title=\"Home\">Home<\/a>\n\t\t<\/span><span class=\"aioseo-breadcrumb-separator\">&raquo;<\/span><span class=\"aioseo-breadcrumb\">\n\t\t\t<a href=\"https:\/\/www.encontracamacari.com.br\/sobre\/noticias-em-camacari\/\" title=\"Not\u00edcias Cama\u00e7ari\">Not\u00edcias Cama\u00e7ari<\/a>\n\t\t<\/span><span class=\"aioseo-breadcrumb-separator\">&raquo;<\/span><span class=\"aioseo-breadcrumb\">\n\t\t\t\u00c1UDIO: Caravana de Direitos Humanos chega a Cama\u00e7ari em a\u00e7\u00e3o integrada ao Bahia pela Paz\n\t\t<\/span><\/div>","aioseo_breadcrumb_json":[{"label":"Home","link":"https:\/\/www.encontracamacari.com.br\/sobre"},{"label":"Not\u00edcias Cama\u00e7ari","link":"https:\/\/www.encontracamacari.com.br\/sobre\/noticias-em-camacari\/"},{"label":"\u00c1UDIO: Caravana de Direitos Humanos chega a Cama\u00e7ari em a\u00e7\u00e3o integrada ao Bahia pela Paz","link":"https:\/\/www.encontracamacari.com.br\/sobre\/audio-caravana-de-direitos-humanos-chega-a-camacari-em-acao-integrada-ao-bahia-pela-paz\/"}],"_links":{"self":[{"href":"https:\/\/www.encontracamacari.com.br\/sobre\/wp-json\/wp\/v2\/posts\/818","targetHints":{"allow":["GET"]}}],"collection":[{"href":"https:\/\/www.encontracamacari.com.br\/sobre\/wp-json\/wp\/v2\/posts"}],"about":[{"href":"https:\/\/www.encontracamacari.com.br\/sobre\/wp-json\/wp\/v2\/types\/post"}],"author":[{"embeddable":true,"href":"https:\/\/www.encontracamacari.com.br\/sobre\/wp-json\/wp\/v2\/users\/1"}],"replies":[{"embeddable":true,"href":"https:\/\/www.encontracamacari.com.br\/sobre\/wp-json\/wp\/v2\/comments?post=818"}],"version-history":[{"count":0,"href":"https:\/\/www.encontracamacari.com.br\/sobre\/wp-json\/wp\/v2\/posts\/818\/revisions"}],"wp:featuredmedia":[{"embeddable":true,"href":"https:\/\/www.encontracamacari.com.br\/sobre\/wp-json\/wp\/v2\/media\/817"}],"wp:attachment":[{"href":"https:\/\/www.encontracamacari.com.br\/sobre\/wp-json\/wp\/v2\/media?parent=818"}],"wp:term":[{"taxonomy":"category","embeddable":true,"href":"https:\/\/www.encontracamacari.com.br\/sobre\/wp-json\/wp\/v2\/categories?post=818"},{"taxonomy":"post_tag","embeddable":true,"href":"https:\/\/www.encontracamacari.com.br\/sobre\/wp-json\/wp\/v2\/tags?post=818"}],"curies":[{"name":"wp","href":"https:\/\/api.w.org\/{rel}","templated":true}]}}