{"id":808,"date":"2026-03-22T06:03:30","date_gmt":"2026-03-22T06:03:30","guid":{"rendered":"https:\/\/www.encontracamacari.com.br\/sobre\/festival-do-dende-fortalece-o-afroturismo-em-camacari-secom\/"},"modified":"2026-03-22T06:03:30","modified_gmt":"2026-03-22T06:03:30","slug":"festival-do-dende-fortalece-o-afroturismo-em-camacari-secom","status":"publish","type":"post","link":"https:\/\/www.encontracamacari.com.br\/sobre\/festival-do-dende-fortalece-o-afroturismo-em-camacari-secom\/","title":{"rendered":"Festival do Dend\u00ea fortalece o afroturismo em Cama\u00e7ari | SECOM"},"content":{"rendered":"<div class=\"2410bb7248a64bb1f71103797e0f239b\" data-index=\"1\" style=\"float: none; margin:0px;\">\n<ins class=\"adsbygoogle\"\r\n     style=\"display:block\"\r\n     data-ad-client=\"ca-pub-8585364105181520\"\r\n     data-ad-slot=\"8789329856\"\r\n     data-ad-format=\"auto\"\r\n     data-full-width-responsive=\"true\"><\/ins>\r\n<script>\r\n     (adsbygoogle = window.adsbygoogle || []).push({});\r\n<\/script>\n<\/div>\n<h2>O que \u00e9 o Festival do Dend\u00ea?<\/h2>\n<p>O Festival do Dend\u00ea \u00e9 um evento culin\u00e1rio \u00fanico que celebra a rica cultura afro-brasileira, com \u00eanfase na gastronomia, tradi\u00e7\u00f5es e manifesta\u00e7\u00f5es culturais ligadas ao dend\u00ea, um ingrediente emblem\u00e1tico da culin\u00e1ria baiana. Realizado em Cama\u00e7ari, esse festival tem como objetivo promover e valorizar a cultura afro, unindo cozinheiros, chefs e entusiastas da gastronomia por meio de uma programa\u00e7\u00e3o diversificada que abrange desde workshops at\u00e9 experi\u00eancias gastron\u00f4micas.<\/p>\n<h2>Import\u00e2ncia do Afroturismo<\/h2>\n<p>O afroturismo \u00e9 uma \u00e1rea que tem ganhado destaque significativo, especialmente na Bahia, onde a cultura africana teve uma forte influ\u00eancia. O Festival do Dend\u00ea \u00e9 um importante motor para a promo\u00e7\u00e3o do afroturismo, pois atrai turistas tanto nacionais quanto internacionais, interessados em vivenciar e aprender sobre a heran\u00e7a africana no Brasil. Ele n\u00e3o s\u00f3 celebra a culin\u00e1ria, mas tamb\u00e9m a m\u00fasica, dan\u00e7as e outras tradi\u00e7\u00f5es que comp\u00f5em a identidade cultural afro-brasileira, proporcionando uma imers\u00e3o completa para os visitantes.<\/p>\n<h2>Atra\u00e7\u00f5es Gastron\u00f4micas do Evento<\/h2>\n<p>A programa\u00e7\u00e3o do Festival do Dend\u00ea \u00e9 repleta de atra\u00e7\u00f5es culin\u00e1rias que incluem:<\/p>\n<p><img decoding=\"async\" src=\"https:\/\/www.encontracamacari.com.br\/sobre\/wp-content\/uploads\/2026\/03\/festival-do-dende-fortalece-o-afroturismo-em-camacari-secom.webp\" alt=\"festival do dend\u00ea\" loading=\"lazy\" \/><\/p>\n<ul>\n<li><strong>Degusta\u00e7\u00f5es:<\/strong> pratos tradicionais da cozinha baiana preparados com dend\u00ea, mostrando sua versatilidade e sabor.<\/li>\n<li><strong>Cozinha Show:<\/strong> apresenta\u00e7\u00f5es ao vivo onde chefs renomados demonstram suas habilidades e ensinam receitas.<\/li>\n<li><strong>Viv\u00eancias Gastron\u00f4micas:<\/strong> experi\u00eancias pr\u00e1ticas que permitem aos participantes aprender sobre ingredientes e t\u00e9cnicas culin\u00e1rias.<\/li>\n<li><strong>Rodas de Conversa:<\/strong> discuss\u00f5es sobre a cultura alimentar e suas conex\u00f5es com a identidade afro-brasileira.<\/li>\n<\/ul>\n<h2>Contribui\u00e7\u00e3o do Chef Alex Atala<\/h2>\n<p>O renomado chef Alex Atala desempenha um papel importante no Festival do Dend\u00ea, trazendo sua renomada expertise e amor pela culin\u00e1ria brasileira. Ao participar do evento, Atala n\u00e3o s\u00f3 aumenta a visibilidade do festival, mas tamb\u00e9m ajuda a legitimar a import\u00e2ncia da gastronomia afro-brasileira na cena culin\u00e1ria global. Sua presen\u00e7a contribui para atrair um p\u00fablico mais amplo e enriquece as trocas culturais durante o festival.<\/p><div class=\"2410bb7248a64bb1f71103797e0f239b\" data-index=\"2\" style=\"float: none; margin:0px;\">\n<ins class=\"adsbygoogle\"\r\n     style=\"display:block; text-align:center;\"\r\n     data-ad-layout=\"in-article\"\r\n     data-ad-format=\"fluid\"\r\n     data-ad-client=\"ca-pub-8585364105181520\"\r\n     data-ad-slot=\"2899217073\"><\/ins>\r\n<script>\r\n     (adsbygoogle = window.adsbygoogle || []).push({});\r\n<\/script>\r\n\r\n<\/br><\/br>\n<\/div>\n\n<h2>Atividades e Experi\u00eancias Culturais<\/h2>\n<p>Al\u00e9m da programa\u00e7\u00e3o focada na gastronomia, o festival inclui uma s\u00e9rie de atividades culturais que t\u00eam como objetivo celebrar a heran\u00e7a africana. As experi\u00eancias variam de dan\u00e7as tradicionais a apresenta\u00e7\u00f5es musicais e exposi\u00e7\u00f5es de arte, promovendo um ambiente vibrante e cheio de energia, que cativa tanto os locais quanto os visitantes.<\/p>\n<h2>Impacto do Festival na Economia Local<\/h2>\n<p>O Festival do Dend\u00ea representa uma importante inje\u00e7\u00e3o econ\u00f4mica para a cidade de Cama\u00e7ari e para a regi\u00e3o da Costa dos Coqueiros. O aumento do turismo durante o evento impulsiona os neg\u00f3cios locais, desde restaurantes e hot\u00e9is at\u00e9 artes\u00e3os e pequenos comerciantes, contribuindo para a cria\u00e7\u00e3o de oportunidades de emprego e fomento da economia regional. Al\u00e9m disso, o festival ajuda a fortalecer a identidade cultural local, atraindo mais visitantes e promovendo a diversidade cultural.<\/p>\n<h2>Apoio do Governo e Iniciativas<\/h2>\n<p>O Governo do Estado da Bahia tem dado suporte fundamental para a realiza\u00e7\u00e3o do Festival do Dend\u00ea, reconhecendo a import\u00e2ncia do evento na promo\u00e7\u00e3o do afroturismo e na valoriza\u00e7\u00e3o da cultura local. Atrav\u00e9s da Secretaria de Turismo (Setur-BA), foram implementadas iniciativas que oferecem n\u00e3o apenas apoio financeiro, mas tamb\u00e9m estrat\u00e9gias de marketing e divulga\u00e7\u00e3o que ampliam o alcance do festival.<\/p>\n<h2>Hist\u00f3rias de Chefs Participantes<\/h2>\n<p>Os chefs que participam do festival trazem consigo hist\u00f3rias ricas e din\u00e2micas que refletem suas experi\u00eancias e suas conex\u00f5es com a culin\u00e1ria afro-brasileira. Cada um deles contribui com suas receitas e t\u00e9cnicas, criando um mosaico de sabores e tradi\u00e7\u00f5es que encantam o p\u00fablico e fazem parte do legado do evento. As trocas entre os chefs e os visitantes geram conhecimento e inspira\u00e7\u00e3o, disseminando a riqueza da culin\u00e1ria brasileira.<\/p>\n<h2>Participa\u00e7\u00e3o Internacional no Festival<\/h2>\n<p>A presen\u00e7a de chefs internacionais de pa\u00edses como Fran\u00e7a, Camar\u00f5es e Col\u00f4mbia enriquece a diversidade do Festival do Dend\u00ea, proporcionando uma plataforma de interc\u00e2mbio cultural. Essas colabora\u00e7\u00f5es ajudam a criar um di\u00e1logo gastron\u00f4mico que transcende fronteiras, fortalecendo as rela\u00e7\u00f5es entre as culturas e expandindo a compreens\u00e3o sobre as tradi\u00e7\u00f5es culin\u00e1rias afro-brasileiras no cen\u00e1rio global.<\/p>\n<h2>Expectativas para o Pr\u00f3ximo Festival<\/h2>\n<p>As expectativas para as pr\u00f3ximas edi\u00e7\u00f5es do Festival do Dend\u00ea s\u00e3o altas. Com o crescimento cont\u00ednuo do interesse pelo afroturismo e pela culin\u00e1ria baiana, o festival tem o potencial de se consolidar como um dos principais eventos gastron\u00f4micos do Brasil. Planeja-se expandir a programa\u00e7\u00e3o, incorporar novas experi\u00eancias interativas e continuar a promover a diversidade cultural, garantindo um espa\u00e7o onde a culin\u00e1ria e a cultura afro-brasileira sejam celebradas e respeitadas.<\/p>\n<div class=\"2410bb7248a64bb1f71103797e0f239b\" data-index=\"3\" style=\"float: none; margin:0px;\">\n<\/br><\/br>\r\n\r\n<ins class=\"adsbygoogle\"\r\n     style=\"display:block\"\r\n     data-ad-format=\"fluid\"\r\n     data-ad-layout-key=\"-63+do+n-1s+9e\"\r\n     data-ad-client=\"ca-pub-8585364105181520\"\r\n     data-ad-slot=\"6838462089\"><\/ins>\r\n<script>\r\n     (adsbygoogle = window.adsbygoogle || []).push({});\r\n<\/script>\n<\/div>\n\n<div style=\"font-size: 0px; height: 0px; line-height: 0px; margin: 0; padding: 0; clear: both;\"><\/div>","protected":false},"excerpt":{"rendered":"<p>Festival do Dend\u00ea promove o afroturismo e gastronomia em Cama\u00e7ari.<\/p>\n","protected":false},"author":1,"featured_media":807,"comment_status":"open","ping_status":"closed","sticky":false,"template":"","format":"standard","meta":{"footnotes":""},"categories":[1],"tags":[],"class_list":["post-808","post","type-post","status-publish","format-standard","has-post-thumbnail","hentry","category-noticias-em-camacari","has_thumb"],"aioseo_notices":[],"aioseo_head":"\n\t\t<!-- All in One SEO 5.0.0.1 - aioseo.com -->\n\t<meta name=\"description\" content=\"Festival do Dend\u00ea promove o afroturismo e gastronomia em Cama\u00e7ari.\" \/>\n\t<meta name=\"robots\" content=\"max-image-preview:large\" \/>\n\t<meta name=\"author\" content=\"Encontra Cama\u00e7ari\"\/>\n\t<link rel=\"canonical\" href=\"https:\/\/www.encontracamacari.com.br\/sobre\/festival-do-dende-fortalece-o-afroturismo-em-camacari-secom\/\" \/>\n\t<meta name=\"generator\" content=\"All in One SEO (AIOSEO) 5.0.0.1\" \/>\n\t\t<meta property=\"og:locale\" content=\"pt_BR\" \/>\n\t\t<meta property=\"og:site_name\" content=\"Encontra Cama\u00e7ari - Not\u00edcias, eventos, informa\u00e7\u00f5es e dicas na cidade de Cama\u00e7ari e regi\u00e3o.\" \/>\n\t\t<meta property=\"og:type\" content=\"article\" \/>\n\t\t<meta property=\"og:title\" content=\"Festival do Dend\u00ea fortalece o afroturismo em Cama\u00e7ari | SECOM - Encontra Cama\u00e7ari\" \/>\n\t\t<meta property=\"og:description\" content=\"Festival do Dend\u00ea promove o afroturismo e gastronomia em Cama\u00e7ari.\" \/>\n\t\t<meta property=\"og:url\" content=\"https:\/\/www.encontracamacari.com.br\/sobre\/festival-do-dende-fortalece-o-afroturismo-em-camacari-secom\/\" \/>\n\t\t<meta property=\"article:published_time\" content=\"2026-03-22T06:03:30+00:00\" \/>\n\t\t<meta property=\"article:modified_time\" content=\"2026-03-22T06:03:30+00:00\" \/>\n\t\t<meta name=\"twitter:card\" content=\"summary_large_image\" \/>\n\t\t<meta name=\"twitter:title\" content=\"Festival do Dend\u00ea fortalece o afroturismo em Cama\u00e7ari | SECOM - Encontra Cama\u00e7ari\" \/>\n\t\t<meta name=\"twitter:description\" content=\"Festival do Dend\u00ea promove o afroturismo e gastronomia em Cama\u00e7ari.\" \/>\n\t\t<script type=\"application\/ld+json\" class=\"aioseo-schema\">\n\t\t\t{\"@context\":\"https:\\\/\\\/schema.org\",\"@graph\":[{\"@type\":\"BlogPosting\",\"@id\":\"https:\\\/\\\/www.encontracamacari.com.br\\\/sobre\\\/festival-do-dende-fortalece-o-afroturismo-em-camacari-secom\\\/#blogposting\",\"name\":\"Festival do Dend\\u00ea fortalece o afroturismo em Cama\\u00e7ari | SECOM - Encontra Cama\\u00e7ari\",\"headline\":\"Festival do Dend\\u00ea fortalece o afroturismo em Cama\\u00e7ari | SECOM\",\"author\":{\"@id\":\"https:\\\/\\\/www.encontracamacari.com.br\\\/sobre\\\/author\\\/ecamacari\\\/#author\"},\"publisher\":{\"@id\":\"https:\\\/\\\/www.encontracamacari.com.br\\\/sobre\\\/#organization\"},\"image\":{\"@type\":\"ImageObject\",\"url\":\"https:\\\/\\\/www.encontracamacari.com.br\\\/sobre\\\/wp-content\\\/uploads\\\/2026\\\/03\\\/festival-do-dende-fortalece-o-afroturismo-em-camacari-secom.webp\",\"width\":280,\"height\":280,\"caption\":\"festival do dend\\u00ea\"},\"datePublished\":\"2026-03-22T06:03:30+00:00\",\"dateModified\":\"2026-03-22T06:03:30+00:00\",\"inLanguage\":\"pt-BR\",\"mainEntityOfPage\":{\"@id\":\"https:\\\/\\\/www.encontracamacari.com.br\\\/sobre\\\/festival-do-dende-fortalece-o-afroturismo-em-camacari-secom\\\/#webpage\"},\"isPartOf\":{\"@id\":\"https:\\\/\\\/www.encontracamacari.com.br\\\/sobre\\\/festival-do-dende-fortalece-o-afroturismo-em-camacari-secom\\\/#webpage\"},\"articleSection\":\"Not\\u00edcias Cama\\u00e7ari\"},{\"@type\":\"BreadcrumbList\",\"@id\":\"https:\\\/\\\/www.encontracamacari.com.br\\\/sobre\\\/festival-do-dende-fortalece-o-afroturismo-em-camacari-secom\\\/#breadcrumblist\",\"itemListElement\":[{\"@type\":\"ListItem\",\"@id\":\"https:\\\/\\\/www.encontracamacari.com.br\\\/sobre#listItem\",\"position\":1,\"name\":\"Home\",\"item\":\"https:\\\/\\\/www.encontracamacari.com.br\\\/sobre\",\"nextItem\":{\"@type\":\"ListItem\",\"@id\":\"https:\\\/\\\/www.encontracamacari.com.br\\\/sobre\\\/noticias-em-camacari\\\/#listItem\",\"name\":\"Not\\u00edcias Cama\\u00e7ari\"}},{\"@type\":\"ListItem\",\"@id\":\"https:\\\/\\\/www.encontracamacari.com.br\\\/sobre\\\/noticias-em-camacari\\\/#listItem\",\"position\":2,\"name\":\"Not\\u00edcias Cama\\u00e7ari\",\"item\":\"https:\\\/\\\/www.encontracamacari.com.br\\\/sobre\\\/noticias-em-camacari\\\/\",\"nextItem\":{\"@type\":\"ListItem\",\"@id\":\"https:\\\/\\\/www.encontracamacari.com.br\\\/sobre\\\/festival-do-dende-fortalece-o-afroturismo-em-camacari-secom\\\/#listItem\",\"name\":\"Festival do Dend\\u00ea fortalece o afroturismo em Cama\\u00e7ari | SECOM\"},\"previousItem\":{\"@type\":\"ListItem\",\"@id\":\"https:\\\/\\\/www.encontracamacari.com.br\\\/sobre#listItem\",\"name\":\"Home\"}},{\"@type\":\"ListItem\",\"@id\":\"https:\\\/\\\/www.encontracamacari.com.br\\\/sobre\\\/festival-do-dende-fortalece-o-afroturismo-em-camacari-secom\\\/#listItem\",\"position\":3,\"name\":\"Festival do Dend\\u00ea fortalece o afroturismo em Cama\\u00e7ari | SECOM\",\"previousItem\":{\"@type\":\"ListItem\",\"@id\":\"https:\\\/\\\/www.encontracamacari.com.br\\\/sobre\\\/noticias-em-camacari\\\/#listItem\",\"name\":\"Not\\u00edcias Cama\\u00e7ari\"}}]},{\"@type\":\"Organization\",\"@id\":\"https:\\\/\\\/www.encontracamacari.com.br\\\/sobre\\\/#organization\",\"name\":\"Encontra Cama\\u00e7ari\",\"description\":\"Not\\u00edcias, eventos, informa\\u00e7\\u00f5es e dicas na cidade de Cama\\u00e7ari e regi\\u00e3o.\",\"url\":\"https:\\\/\\\/www.encontracamacari.com.br\\\/sobre\\\/\"},{\"@type\":\"Person\",\"@id\":\"https:\\\/\\\/www.encontracamacari.com.br\\\/sobre\\\/author\\\/ecamacari\\\/#author\",\"url\":\"https:\\\/\\\/www.encontracamacari.com.br\\\/sobre\\\/author\\\/ecamacari\\\/\",\"name\":\"Encontra Cama\\u00e7ari\",\"image\":{\"@type\":\"ImageObject\",\"@id\":\"https:\\\/\\\/www.encontracamacari.com.br\\\/sobre\\\/festival-do-dende-fortalece-o-afroturismo-em-camacari-secom\\\/#authorImage\",\"url\":\"https:\\\/\\\/secure.gravatar.com\\\/avatar\\\/507340682b8270222e1f208e23198b6ae7e2c6a1033ae84e99bc6bce4f82a387?s=96&d=mm&r=g\",\"width\":96,\"height\":96,\"caption\":\"Encontra Cama\\u00e7ari\"}},{\"@type\":\"WebPage\",\"@id\":\"https:\\\/\\\/www.encontracamacari.com.br\\\/sobre\\\/festival-do-dende-fortalece-o-afroturismo-em-camacari-secom\\\/#webpage\",\"url\":\"https:\\\/\\\/www.encontracamacari.com.br\\\/sobre\\\/festival-do-dende-fortalece-o-afroturismo-em-camacari-secom\\\/\",\"name\":\"Festival do Dend\\u00ea fortalece o afroturismo em Cama\\u00e7ari | SECOM - Encontra Cama\\u00e7ari\",\"description\":\"Festival do Dend\\u00ea promove o afroturismo e gastronomia em Cama\\u00e7ari.\",\"inLanguage\":\"pt-BR\",\"isPartOf\":{\"@id\":\"https:\\\/\\\/www.encontracamacari.com.br\\\/sobre\\\/#website\"},\"breadcrumb\":{\"@id\":\"https:\\\/\\\/www.encontracamacari.com.br\\\/sobre\\\/festival-do-dende-fortalece-o-afroturismo-em-camacari-secom\\\/#breadcrumblist\"},\"author\":{\"@id\":\"https:\\\/\\\/www.encontracamacari.com.br\\\/sobre\\\/author\\\/ecamacari\\\/#author\"},\"creator\":{\"@id\":\"https:\\\/\\\/www.encontracamacari.com.br\\\/sobre\\\/author\\\/ecamacari\\\/#author\"},\"image\":{\"@type\":\"ImageObject\",\"url\":\"https:\\\/\\\/www.encontracamacari.com.br\\\/sobre\\\/wp-content\\\/uploads\\\/2026\\\/03\\\/festival-do-dende-fortalece-o-afroturismo-em-camacari-secom.webp\",\"@id\":\"https:\\\/\\\/www.encontracamacari.com.br\\\/sobre\\\/festival-do-dende-fortalece-o-afroturismo-em-camacari-secom\\\/#mainImage\",\"width\":280,\"height\":280,\"caption\":\"festival do dend\\u00ea\"},\"primaryImageOfPage\":{\"@id\":\"https:\\\/\\\/www.encontracamacari.com.br\\\/sobre\\\/festival-do-dende-fortalece-o-afroturismo-em-camacari-secom\\\/#mainImage\"},\"datePublished\":\"2026-03-22T06:03:30+00:00\",\"dateModified\":\"2026-03-22T06:03:30+00:00\"},{\"@type\":\"WebSite\",\"@id\":\"https:\\\/\\\/www.encontracamacari.com.br\\\/sobre\\\/#website\",\"url\":\"https:\\\/\\\/www.encontracamacari.com.br\\\/sobre\\\/\",\"name\":\"Encontra Cama\\u00e7ari\",\"description\":\"Not\\u00edcias, eventos, informa\\u00e7\\u00f5es e dicas na cidade de Cama\\u00e7ari e regi\\u00e3o.\",\"inLanguage\":\"pt-BR\",\"publisher\":{\"@id\":\"https:\\\/\\\/www.encontracamacari.com.br\\\/sobre\\\/#organization\"}}]}\n\t\t<\/script>\n\t\t<!-- All in One SEO -->\n\n","aioseo_head_json":{"title":"Festival do Dend\u00ea fortalece o afroturismo em Cama\u00e7ari | SECOM - Encontra Cama\u00e7ari","description":"Festival do Dend\u00ea promove o afroturismo e gastronomia em Cama\u00e7ari.","canonical_url":"https:\/\/www.encontracamacari.com.br\/sobre\/festival-do-dende-fortalece-o-afroturismo-em-camacari-secom\/","robots":"max-image-preview:large","keywords":"","webmasterTools":{"miscellaneous":""},"schema":{"@context":"https:\/\/schema.org","@graph":[{"@type":"BlogPosting","@id":"https:\/\/www.encontracamacari.com.br\/sobre\/festival-do-dende-fortalece-o-afroturismo-em-camacari-secom\/#blogposting","name":"Festival do Dend\u00ea fortalece o afroturismo em Cama\u00e7ari | SECOM - Encontra Cama\u00e7ari","headline":"Festival do Dend\u00ea fortalece o afroturismo em Cama\u00e7ari | SECOM","author":{"@id":"https:\/\/www.encontracamacari.com.br\/sobre\/author\/ecamacari\/#author"},"publisher":{"@id":"https:\/\/www.encontracamacari.com.br\/sobre\/#organization"},"image":{"@type":"ImageObject","url":"https:\/\/www.encontracamacari.com.br\/sobre\/wp-content\/uploads\/2026\/03\/festival-do-dende-fortalece-o-afroturismo-em-camacari-secom.webp","width":280,"height":280,"caption":"festival do dend\u00ea"},"datePublished":"2026-03-22T06:03:30+00:00","dateModified":"2026-03-22T06:03:30+00:00","inLanguage":"pt-BR","mainEntityOfPage":{"@id":"https:\/\/www.encontracamacari.com.br\/sobre\/festival-do-dende-fortalece-o-afroturismo-em-camacari-secom\/#webpage"},"isPartOf":{"@id":"https:\/\/www.encontracamacari.com.br\/sobre\/festival-do-dende-fortalece-o-afroturismo-em-camacari-secom\/#webpage"},"articleSection":"Not\u00edcias Cama\u00e7ari"},{"@type":"BreadcrumbList","@id":"https:\/\/www.encontracamacari.com.br\/sobre\/festival-do-dende-fortalece-o-afroturismo-em-camacari-secom\/#breadcrumblist","itemListElement":[{"@type":"ListItem","@id":"https:\/\/www.encontracamacari.com.br\/sobre#listItem","position":1,"name":"Home","item":"https:\/\/www.encontracamacari.com.br\/sobre","nextItem":{"@type":"ListItem","@id":"https:\/\/www.encontracamacari.com.br\/sobre\/noticias-em-camacari\/#listItem","name":"Not\u00edcias Cama\u00e7ari"}},{"@type":"ListItem","@id":"https:\/\/www.encontracamacari.com.br\/sobre\/noticias-em-camacari\/#listItem","position":2,"name":"Not\u00edcias Cama\u00e7ari","item":"https:\/\/www.encontracamacari.com.br\/sobre\/noticias-em-camacari\/","nextItem":{"@type":"ListItem","@id":"https:\/\/www.encontracamacari.com.br\/sobre\/festival-do-dende-fortalece-o-afroturismo-em-camacari-secom\/#listItem","name":"Festival do Dend\u00ea fortalece o afroturismo em Cama\u00e7ari | SECOM"},"previousItem":{"@type":"ListItem","@id":"https:\/\/www.encontracamacari.com.br\/sobre#listItem","name":"Home"}},{"@type":"ListItem","@id":"https:\/\/www.encontracamacari.com.br\/sobre\/festival-do-dende-fortalece-o-afroturismo-em-camacari-secom\/#listItem","position":3,"name":"Festival do Dend\u00ea fortalece o afroturismo em Cama\u00e7ari | SECOM","previousItem":{"@type":"ListItem","@id":"https:\/\/www.encontracamacari.com.br\/sobre\/noticias-em-camacari\/#listItem","name":"Not\u00edcias Cama\u00e7ari"}}]},{"@type":"Organization","@id":"https:\/\/www.encontracamacari.com.br\/sobre\/#organization","name":"Encontra Cama\u00e7ari","description":"Not\u00edcias, eventos, informa\u00e7\u00f5es e dicas na cidade de Cama\u00e7ari e regi\u00e3o.","url":"https:\/\/www.encontracamacari.com.br\/sobre\/"},{"@type":"Person","@id":"https:\/\/www.encontracamacari.com.br\/sobre\/author\/ecamacari\/#author","url":"https:\/\/www.encontracamacari.com.br\/sobre\/author\/ecamacari\/","name":"Encontra Cama\u00e7ari","image":{"@type":"ImageObject","@id":"https:\/\/www.encontracamacari.com.br\/sobre\/festival-do-dende-fortalece-o-afroturismo-em-camacari-secom\/#authorImage","url":"https:\/\/secure.gravatar.com\/avatar\/507340682b8270222e1f208e23198b6ae7e2c6a1033ae84e99bc6bce4f82a387?s=96&d=mm&r=g","width":96,"height":96,"caption":"Encontra Cama\u00e7ari"}},{"@type":"WebPage","@id":"https:\/\/www.encontracamacari.com.br\/sobre\/festival-do-dende-fortalece-o-afroturismo-em-camacari-secom\/#webpage","url":"https:\/\/www.encontracamacari.com.br\/sobre\/festival-do-dende-fortalece-o-afroturismo-em-camacari-secom\/","name":"Festival do Dend\u00ea fortalece o afroturismo em Cama\u00e7ari | SECOM - Encontra Cama\u00e7ari","description":"Festival do Dend\u00ea promove o afroturismo e gastronomia em Cama\u00e7ari.","inLanguage":"pt-BR","isPartOf":{"@id":"https:\/\/www.encontracamacari.com.br\/sobre\/#website"},"breadcrumb":{"@id":"https:\/\/www.encontracamacari.com.br\/sobre\/festival-do-dende-fortalece-o-afroturismo-em-camacari-secom\/#breadcrumblist"},"author":{"@id":"https:\/\/www.encontracamacari.com.br\/sobre\/author\/ecamacari\/#author"},"creator":{"@id":"https:\/\/www.encontracamacari.com.br\/sobre\/author\/ecamacari\/#author"},"image":{"@type":"ImageObject","url":"https:\/\/www.encontracamacari.com.br\/sobre\/wp-content\/uploads\/2026\/03\/festival-do-dende-fortalece-o-afroturismo-em-camacari-secom.webp","@id":"https:\/\/www.encontracamacari.com.br\/sobre\/festival-do-dende-fortalece-o-afroturismo-em-camacari-secom\/#mainImage","width":280,"height":280,"caption":"festival do dend\u00ea"},"primaryImageOfPage":{"@id":"https:\/\/www.encontracamacari.com.br\/sobre\/festival-do-dende-fortalece-o-afroturismo-em-camacari-secom\/#mainImage"},"datePublished":"2026-03-22T06:03:30+00:00","dateModified":"2026-03-22T06:03:30+00:00"},{"@type":"WebSite","@id":"https:\/\/www.encontracamacari.com.br\/sobre\/#website","url":"https:\/\/www.encontracamacari.com.br\/sobre\/","name":"Encontra Cama\u00e7ari","description":"Not\u00edcias, eventos, informa\u00e7\u00f5es e dicas na cidade de Cama\u00e7ari e regi\u00e3o.","inLanguage":"pt-BR","publisher":{"@id":"https:\/\/www.encontracamacari.com.br\/sobre\/#organization"}}]},"og:locale":"pt_BR","og:site_name":"Encontra Cama\u00e7ari - Not\u00edcias, eventos, informa\u00e7\u00f5es e dicas na cidade de Cama\u00e7ari e regi\u00e3o.","og:type":"article","og:title":"Festival do Dend\u00ea fortalece o afroturismo em Cama\u00e7ari | SECOM - Encontra Cama\u00e7ari","og:description":"Festival do Dend\u00ea promove o afroturismo e gastronomia em Cama\u00e7ari.","og:url":"https:\/\/www.encontracamacari.com.br\/sobre\/festival-do-dende-fortalece-o-afroturismo-em-camacari-secom\/","article:published_time":"2026-03-22T06:03:30+00:00","article:modified_time":"2026-03-22T06:03:30+00:00","twitter:card":"summary_large_image","twitter:title":"Festival do Dend\u00ea fortalece o afroturismo em Cama\u00e7ari | SECOM - Encontra Cama\u00e7ari","twitter:description":"Festival do Dend\u00ea promove o afroturismo e gastronomia em Cama\u00e7ari."},"aioseo_meta_data":{"post_id":"808","title":null,"description":null,"keywords":null,"keyphrases":null,"primary_term":null,"canonical_url":null,"og_title":null,"og_description":null,"og_object_type":"default","og_image_type":"default","og_image_url":null,"og_image_width":null,"og_image_height":null,"og_image_custom_url":null,"og_image_custom_fields":null,"og_video":null,"og_custom_url":null,"og_article_section":null,"og_article_tags":null,"twitter_use_og":false,"twitter_card":"default","twitter_image_type":"default","twitter_image_url":null,"twitter_image_custom_url":null,"twitter_image_custom_fields":null,"twitter_title":null,"twitter_description":null,"schema":{"blockGraphs":[],"customGraphs":[],"default":{"data":{"Article":[],"Course":[],"Dataset":[],"FAQPage":[],"Movie":[],"Person":[],"Product":[],"ProductReview":[],"Car":[],"Recipe":[],"Service":[],"SoftwareApplication":[],"WebPage":[]},"graphName":"BlogPosting","isEnabled":true},"graphs":[]},"schema_type":"default","schema_type_options":null,"pillar_content":false,"robots_default":true,"robots_noindex":false,"robots_noarchive":false,"robots_nosnippet":false,"robots_nofollow":false,"robots_noimageindex":false,"robots_noodp":false,"robots_notranslate":false,"robots_max_snippet":null,"robots_max_videopreview":null,"robots_max_imagepreview":"large","priority":null,"frequency":null,"local_seo":null,"limit_modified_date":false,"created":"2026-03-22 06:03:34","updated":"2026-08-06 01:32:22","focus_keyword":null,"additional_keywords":null,"truseo_locale":null,"ai":null,"breadcrumb_settings":null,"seo_analyzer_scan_date":null},"aioseo_breadcrumb":"<div class=\"aioseo-breadcrumbs\"><span class=\"aioseo-breadcrumb\">\n\t\t\t<a href=\"https:\/\/www.encontracamacari.com.br\/sobre\" title=\"Home\">Home<\/a>\n\t\t<\/span><span class=\"aioseo-breadcrumb-separator\">&raquo;<\/span><span class=\"aioseo-breadcrumb\">\n\t\t\t<a href=\"https:\/\/www.encontracamacari.com.br\/sobre\/noticias-em-camacari\/\" title=\"Not\u00edcias Cama\u00e7ari\">Not\u00edcias Cama\u00e7ari<\/a>\n\t\t<\/span><span class=\"aioseo-breadcrumb-separator\">&raquo;<\/span><span class=\"aioseo-breadcrumb\">\n\t\t\tFestival do Dend\u00ea fortalece o afroturismo em Cama\u00e7ari | SECOM\n\t\t<\/span><\/div>","aioseo_breadcrumb_json":[{"label":"Home","link":"https:\/\/www.encontracamacari.com.br\/sobre"},{"label":"Not\u00edcias Cama\u00e7ari","link":"https:\/\/www.encontracamacari.com.br\/sobre\/noticias-em-camacari\/"},{"label":"Festival do Dend\u00ea fortalece o afroturismo em Cama\u00e7ari | SECOM","link":"https:\/\/www.encontracamacari.com.br\/sobre\/festival-do-dende-fortalece-o-afroturismo-em-camacari-secom\/"}],"_links":{"self":[{"href":"https:\/\/www.encontracamacari.com.br\/sobre\/wp-json\/wp\/v2\/posts\/808","targetHints":{"allow":["GET"]}}],"collection":[{"href":"https:\/\/www.encontracamacari.com.br\/sobre\/wp-json\/wp\/v2\/posts"}],"about":[{"href":"https:\/\/www.encontracamacari.com.br\/sobre\/wp-json\/wp\/v2\/types\/post"}],"author":[{"embeddable":true,"href":"https:\/\/www.encontracamacari.com.br\/sobre\/wp-json\/wp\/v2\/users\/1"}],"replies":[{"embeddable":true,"href":"https:\/\/www.encontracamacari.com.br\/sobre\/wp-json\/wp\/v2\/comments?post=808"}],"version-history":[{"count":0,"href":"https:\/\/www.encontracamacari.com.br\/sobre\/wp-json\/wp\/v2\/posts\/808\/revisions"}],"wp:featuredmedia":[{"embeddable":true,"href":"https:\/\/www.encontracamacari.com.br\/sobre\/wp-json\/wp\/v2\/media\/807"}],"wp:attachment":[{"href":"https:\/\/www.encontracamacari.com.br\/sobre\/wp-json\/wp\/v2\/media?parent=808"}],"wp:term":[{"taxonomy":"category","embeddable":true,"href":"https:\/\/www.encontracamacari.com.br\/sobre\/wp-json\/wp\/v2\/categories?post=808"},{"taxonomy":"post_tag","embeddable":true,"href":"https:\/\/www.encontracamacari.com.br\/sobre\/wp-json\/wp\/v2\/tags?post=808"}],"curies":[{"name":"wp","href":"https:\/\/api.w.org\/{rel}","templated":true}]}}