{"id":802,"date":"2026-03-21T06:05:16","date_gmt":"2026-03-21T06:05:16","guid":{"rendered":"https:\/\/www.encontracamacari.com.br\/sobre\/reuniao-da-comissao-de-politicas-publicas-para-infancia-adolescencia-e-juventude\/"},"modified":"2026-03-21T06:05:16","modified_gmt":"2026-03-21T06:05:16","slug":"reuniao-da-comissao-de-politicas-publicas-para-infancia-adolescencia-e-juventude","status":"publish","type":"post","link":"https:\/\/www.encontracamacari.com.br\/sobre\/reuniao-da-comissao-de-politicas-publicas-para-infancia-adolescencia-e-juventude\/","title":{"rendered":"Reuni\u00e3o da Comiss\u00e3o de Pol\u00edticas P\u00fablicas para Inf\u00e2ncia, Adolesc\u00eancia e Juventude"},"content":{"rendered":"<div class=\"2410bb7248a64bb1f71103797e0f239b\" data-index=\"1\" style=\"float: none; margin:0px;\">\n<ins class=\"adsbygoogle\"\r\n     style=\"display:block\"\r\n     data-ad-client=\"ca-pub-8585364105181520\"\r\n     data-ad-slot=\"8789329856\"\r\n     data-ad-format=\"auto\"\r\n     data-full-width-responsive=\"true\"><\/ins>\r\n<script>\r\n     (adsbygoogle = window.adsbygoogle || []).push({});\r\n<\/script>\n<\/div>\n<h2>A Import\u00e2ncia da Prote\u00e7\u00e3o Infantil nas Pol\u00edticas P\u00fablicas<\/h2>\n<p>A crian\u00e7a e o adolescente representam o futuro da sociedade, e sua prote\u00e7\u00e3o deve ser uma prioridade em qualquer pol\u00edtica p\u00fablica. O fortalecimento do processo legislativo que aborda quest\u00f5es relacionadas \u00e0 inf\u00e2ncia e adolesc\u00eancia \u00e9 fundamental para garantir que seus direitos sejam respeitados e protegidos. Iniciativas que promovem a conscientiza\u00e7\u00e3o e o combate ao abuso e explora\u00e7\u00e3o infantil s\u00e3o essenciais para transformar a sociedade e criar um ambiente seguro e saud\u00e1vel para os jovens.<\/p>\n<h2>Principais Projetos Discutidos na Reuni\u00e3o<\/h2>\n<p>No dia 18 de mar\u00e7o de 2026, a Comiss\u00e3o de Pol\u00edticas P\u00fablicas para Inf\u00e2ncia, Adolesc\u00eancia e Juventude se reuniu para deliberar sobre dois projetos de lei importantes:<\/p>\n<ul>\n<li><strong>Projeto de Lei do Legislativo N\u00ba 97\/2025:<\/strong> Proposto pelo Vereador Manoel Filho, este projeto visa instituir a &#8220;Semana Municipal de Conscientiza\u00e7\u00e3o e Combate ao Abuso e \u00e0 Explora\u00e7\u00e3o Sexual de Crian\u00e7as e Adolescentes&#8221; nas escolas de Cama\u00e7ari.<\/li>\n<li><strong>Projeto de Lei do Legislativo N\u00ba 109\/2025:<\/strong> De autoria do Vereador Maur\u00edcio Qualidade, essa proposta pro\u00edbe a contrata\u00e7\u00e3o de shows e eventos que fa\u00e7am apologia ao crime, ao uso de drogas ou ao sexo, direcionados ao p\u00fablico infanto-juvenil.<\/li>\n<\/ul>\n<h2>Pauta da Comiss\u00e3o para o M\u00eas de Mar\u00e7o<\/h2>\n<p>A reuni\u00e3o abordou a an\u00e1lise detalhada da pauta, onde foram apresentados e discutidos ambos os projetos de lei. Com a presen\u00e7a de todos os membros, o clima foi de colabora\u00e7\u00e3o e comprometimento com a prote\u00e7\u00e3o das crian\u00e7as e adolescentes do munic\u00edpio.<\/p>\n<p><img decoding=\"async\" src=\"https:\/\/www.encontracamacari.com.br\/sobre\/wp-content\/uploads\/2026\/03\/reuniao-da-comissao-de-politicas-publicas-para-infancia-adolescencia-e-juventude.webp\" alt=\"Reuni\u00e3o da Comiss\u00e3o de Pol\u00edticas P\u00fablicas para Inf\u00e2ncia, Adolesc\u00eancia e Juventude\" loading=\"lazy\" \/><\/p>\n<h2>Participa\u00e7\u00e3o dos Vereadores na Discuss\u00e3o<\/h2>\n<p>Os vereadores mostraram-se engajados e foram un\u00e2nimes na import\u00e2ncia dos projetos discutidos. A participa\u00e7\u00e3o efetiva de todos foi fundamental para enriquecer o debate, cada um contribuindo com suas perspectivas e experi\u00eancias, demonstrando a seriedade com que tratam a prote\u00e7\u00e3o dos direitos da inf\u00e2ncia.<\/p><div class=\"2410bb7248a64bb1f71103797e0f239b\" data-index=\"2\" style=\"float: none; margin:0px;\">\n<ins class=\"adsbygoogle\"\r\n     style=\"display:block; text-align:center;\"\r\n     data-ad-layout=\"in-article\"\r\n     data-ad-format=\"fluid\"\r\n     data-ad-client=\"ca-pub-8585364105181520\"\r\n     data-ad-slot=\"2899217073\"><\/ins>\r\n<script>\r\n     (adsbygoogle = window.adsbygoogle || []).push({});\r\n<\/script>\r\n\r\n<\/br><\/br>\n<\/div>\n\n<h2>Impactos da Conscientiza\u00e7\u00e3o sobre Abuso Infantil<\/h2>\n<p>A proposta da &#8220;Semana Municipal de Conscientiza\u00e7\u00e3o e Combate ao Abuso e \u00e0 Explora\u00e7\u00e3o Sexual de Crian\u00e7as e Adolescentes&#8221; visa n\u00e3o apenas informar, mas tamb\u00e9m mobilizar a comunidade escolar e incentiv\u00e1-la a ser um agente de mudan\u00e7a. O di\u00e1logo aberto sobre esse tema \u00e9 crucial para reduzir casos de abuso e promover um ambiente de seguran\u00e7a para as crian\u00e7as.<\/p>\n<h2>A Proposta de Proibi\u00e7\u00e3o de Shows Inapropriados<\/h2>\n<p>A ideia de proibir a contrata\u00e7\u00e3o de eventos que glorifiquem comportamentos inadequados busca proteger os jovens de influ\u00eancias prejudiciais. Este projeto pode servir como um modelo para outras cidades, inspirando uma mudan\u00e7a cultural que valorize pr\u00e1ticas art\u00edsticas respeitosas e que considerem o impacto de mensagens nocivas sobre a juventude.<\/p>\n<h2>Como a Lei Pode Proteger as Crian\u00e7as e Adolescentes<\/h2>\n<p>As leis propostas t\u00eam um foco claro na prote\u00e7\u00e3o e na educa\u00e7\u00e3o. Elas n\u00e3o apenas visam a preven\u00e7\u00e3o, mas tamb\u00e9m a conscientiza\u00e7\u00e3o sobre os direitos das crian\u00e7as. A implementa\u00e7\u00e3o eficaz dessas leis requer o envolvimento de toda a sociedade, incluindo escolas, fam\u00edlias e institui\u00e7\u00f5es governamentais.<\/p>\n<h2>Pr\u00f3ximas Etapas Ap\u00f3s a Aprova\u00e7\u00e3o das Leis<\/h2>\n<p>Com a aprova\u00e7\u00e3o dos projetos pela comiss\u00e3o, o pr\u00f3ximo passo \u00e9 levar as propostas ao plen\u00e1rio da C\u00e2mara Municipal para vota\u00e7\u00e3o. Caso sejam aprovadas, novas fases de execu\u00e7\u00e3o e conscientiza\u00e7\u00e3o precisar\u00e3o ser planejadas para garantir que as leis se tornem efetivas na pr\u00e1tica.<\/p>\n<h2>A Relev\u00e2ncia da Atua\u00e7\u00e3o Legislativa na Adolesc\u00eancia<\/h2>\n<p>A atua\u00e7\u00e3o dos legisladores em quest\u00f5es que envolvem a adolesc\u00eancia \u00e9 vital. As decis\u00f5es tomadas em reuni\u00f5es como esta moldam a realidade de muitas crian\u00e7as e adolescentes. Portanto, a responsabilidade dos vereadores vai al\u00e9m da simples vota\u00e7\u00e3o; eles devem ser defensores ativos dos direitos infantis.<\/p>\n<h2>Encaminhamentos da Reuni\u00e3o para a Comunidade<\/h2>\n<p>A reuni\u00e3o da Comiss\u00e3o de Pol\u00edticas P\u00fablicas para Inf\u00e2ncia, Adolesc\u00eancia e Juventude resultou em encaminhamentos que ser\u00e3o discutidos em outras plataformas, como assembleias e f\u00f3runs comunit\u00e1rios, visando trazer a popula\u00e7\u00e3o para participar das decis\u00f5es que impactam sua realidade.<\/p>\n<p>Os vereadores se comprometeram a trabalhar na divulga\u00e7\u00e3o das iniciativas discutidas, promovendo a participa\u00e7\u00e3o comunit\u00e1ria na implementa\u00e7\u00e3o das pol\u00edticas de prote\u00e7\u00e3o infantil, impactando positivamente a vida das futuras gera\u00e7\u00f5es.<\/p>\n<div class=\"2410bb7248a64bb1f71103797e0f239b\" data-index=\"3\" style=\"float: none; margin:0px;\">\n<\/br><\/br>\r\n\r\n<ins class=\"adsbygoogle\"\r\n     style=\"display:block\"\r\n     data-ad-format=\"fluid\"\r\n     data-ad-layout-key=\"-63+do+n-1s+9e\"\r\n     data-ad-client=\"ca-pub-8585364105181520\"\r\n     data-ad-slot=\"6838462089\"><\/ins>\r\n<script>\r\n     (adsbygoogle = window.adsbygoogle || []).push({});\r\n<\/script>\n<\/div>\n\n<div style=\"font-size: 0px; height: 0px; line-height: 0px; margin: 0; padding: 0; clear: both;\"><\/div>","protected":false},"excerpt":{"rendered":"<p>Descubra detalhes da reuni\u00e3o sobre pol\u00edticas p\u00fablicas para a inf\u00e2ncia em Cama\u00e7ari.<\/p>\n","protected":false},"author":1,"featured_media":801,"comment_status":"open","ping_status":"closed","sticky":false,"template":"","format":"standard","meta":{"footnotes":""},"categories":[1],"tags":[],"class_list":["post-802","post","type-post","status-publish","format-standard","has-post-thumbnail","hentry","category-noticias-em-camacari","has_thumb"],"aioseo_notices":[],"aioseo_head":"\n\t\t<!-- All in One SEO 5.0.0.1 - aioseo.com -->\n\t<meta name=\"description\" content=\"Descubra detalhes da reuni\u00e3o sobre pol\u00edticas p\u00fablicas para a inf\u00e2ncia em Cama\u00e7ari.\" \/>\n\t<meta name=\"robots\" content=\"max-image-preview:large\" \/>\n\t<meta name=\"author\" content=\"Encontra Cama\u00e7ari\"\/>\n\t<link rel=\"canonical\" href=\"https:\/\/www.encontracamacari.com.br\/sobre\/reuniao-da-comissao-de-politicas-publicas-para-infancia-adolescencia-e-juventude\/\" \/>\n\t<meta name=\"generator\" content=\"All in One SEO (AIOSEO) 5.0.0.1\" \/>\n\t\t<meta property=\"og:locale\" content=\"pt_BR\" \/>\n\t\t<meta property=\"og:site_name\" content=\"Encontra Cama\u00e7ari - Not\u00edcias, eventos, informa\u00e7\u00f5es e dicas na cidade de Cama\u00e7ari e regi\u00e3o.\" \/>\n\t\t<meta property=\"og:type\" content=\"article\" \/>\n\t\t<meta property=\"og:title\" content=\"Reuni\u00e3o da Comiss\u00e3o de Pol\u00edticas P\u00fablicas para Inf\u00e2ncia, Adolesc\u00eancia e Juventude - Encontra Cama\u00e7ari\" \/>\n\t\t<meta property=\"og:description\" content=\"Descubra detalhes da reuni\u00e3o sobre pol\u00edticas p\u00fablicas para a inf\u00e2ncia em Cama\u00e7ari.\" \/>\n\t\t<meta property=\"og:url\" content=\"https:\/\/www.encontracamacari.com.br\/sobre\/reuniao-da-comissao-de-politicas-publicas-para-infancia-adolescencia-e-juventude\/\" \/>\n\t\t<meta property=\"article:published_time\" content=\"2026-03-21T06:05:16+00:00\" \/>\n\t\t<meta property=\"article:modified_time\" content=\"2026-03-21T06:05:16+00:00\" \/>\n\t\t<meta name=\"twitter:card\" content=\"summary_large_image\" \/>\n\t\t<meta name=\"twitter:title\" content=\"Reuni\u00e3o da Comiss\u00e3o de Pol\u00edticas P\u00fablicas para Inf\u00e2ncia, Adolesc\u00eancia e Juventude - Encontra Cama\u00e7ari\" \/>\n\t\t<meta name=\"twitter:description\" content=\"Descubra detalhes da reuni\u00e3o sobre pol\u00edticas p\u00fablicas para a inf\u00e2ncia em Cama\u00e7ari.\" \/>\n\t\t<script type=\"application\/ld+json\" class=\"aioseo-schema\">\n\t\t\t{\"@context\":\"https:\\\/\\\/schema.org\",\"@graph\":[{\"@type\":\"BlogPosting\",\"@id\":\"https:\\\/\\\/www.encontracamacari.com.br\\\/sobre\\\/reuniao-da-comissao-de-politicas-publicas-para-infancia-adolescencia-e-juventude\\\/#blogposting\",\"name\":\"Reuni\\u00e3o da Comiss\\u00e3o de Pol\\u00edticas P\\u00fablicas para Inf\\u00e2ncia, Adolesc\\u00eancia e Juventude - Encontra Cama\\u00e7ari\",\"headline\":\"Reuni\\u00e3o da Comiss\\u00e3o de Pol\\u00edticas P\\u00fablicas para Inf\\u00e2ncia, Adolesc\\u00eancia e Juventude\",\"author\":{\"@id\":\"https:\\\/\\\/www.encontracamacari.com.br\\\/sobre\\\/author\\\/ecamacari\\\/#author\"},\"publisher\":{\"@id\":\"https:\\\/\\\/www.encontracamacari.com.br\\\/sobre\\\/#organization\"},\"image\":{\"@type\":\"ImageObject\",\"url\":\"https:\\\/\\\/www.encontracamacari.com.br\\\/sobre\\\/wp-content\\\/uploads\\\/2026\\\/03\\\/reuniao-da-comissao-de-politicas-publicas-para-infancia-adolescencia-e-juventude.webp\",\"width\":280,\"height\":280,\"caption\":\"Reuni\\u00e3o da Comiss\\u00e3o de Pol\\u00edticas P\\u00fablicas para Inf\\u00e2ncia, Adolesc\\u00eancia e Juventude\"},\"datePublished\":\"2026-03-21T06:05:16+00:00\",\"dateModified\":\"2026-03-21T06:05:16+00:00\",\"inLanguage\":\"pt-BR\",\"mainEntityOfPage\":{\"@id\":\"https:\\\/\\\/www.encontracamacari.com.br\\\/sobre\\\/reuniao-da-comissao-de-politicas-publicas-para-infancia-adolescencia-e-juventude\\\/#webpage\"},\"isPartOf\":{\"@id\":\"https:\\\/\\\/www.encontracamacari.com.br\\\/sobre\\\/reuniao-da-comissao-de-politicas-publicas-para-infancia-adolescencia-e-juventude\\\/#webpage\"},\"articleSection\":\"Not\\u00edcias Cama\\u00e7ari\"},{\"@type\":\"BreadcrumbList\",\"@id\":\"https:\\\/\\\/www.encontracamacari.com.br\\\/sobre\\\/reuniao-da-comissao-de-politicas-publicas-para-infancia-adolescencia-e-juventude\\\/#breadcrumblist\",\"itemListElement\":[{\"@type\":\"ListItem\",\"@id\":\"https:\\\/\\\/www.encontracamacari.com.br\\\/sobre#listItem\",\"position\":1,\"name\":\"Home\",\"item\":\"https:\\\/\\\/www.encontracamacari.com.br\\\/sobre\",\"nextItem\":{\"@type\":\"ListItem\",\"@id\":\"https:\\\/\\\/www.encontracamacari.com.br\\\/sobre\\\/noticias-em-camacari\\\/#listItem\",\"name\":\"Not\\u00edcias Cama\\u00e7ari\"}},{\"@type\":\"ListItem\",\"@id\":\"https:\\\/\\\/www.encontracamacari.com.br\\\/sobre\\\/noticias-em-camacari\\\/#listItem\",\"position\":2,\"name\":\"Not\\u00edcias Cama\\u00e7ari\",\"item\":\"https:\\\/\\\/www.encontracamacari.com.br\\\/sobre\\\/noticias-em-camacari\\\/\",\"nextItem\":{\"@type\":\"ListItem\",\"@id\":\"https:\\\/\\\/www.encontracamacari.com.br\\\/sobre\\\/reuniao-da-comissao-de-politicas-publicas-para-infancia-adolescencia-e-juventude\\\/#listItem\",\"name\":\"Reuni\\u00e3o da Comiss\\u00e3o de Pol\\u00edticas P\\u00fablicas para Inf\\u00e2ncia, Adolesc\\u00eancia e Juventude\"},\"previousItem\":{\"@type\":\"ListItem\",\"@id\":\"https:\\\/\\\/www.encontracamacari.com.br\\\/sobre#listItem\",\"name\":\"Home\"}},{\"@type\":\"ListItem\",\"@id\":\"https:\\\/\\\/www.encontracamacari.com.br\\\/sobre\\\/reuniao-da-comissao-de-politicas-publicas-para-infancia-adolescencia-e-juventude\\\/#listItem\",\"position\":3,\"name\":\"Reuni\\u00e3o da Comiss\\u00e3o de Pol\\u00edticas P\\u00fablicas para Inf\\u00e2ncia, Adolesc\\u00eancia e Juventude\",\"previousItem\":{\"@type\":\"ListItem\",\"@id\":\"https:\\\/\\\/www.encontracamacari.com.br\\\/sobre\\\/noticias-em-camacari\\\/#listItem\",\"name\":\"Not\\u00edcias Cama\\u00e7ari\"}}]},{\"@type\":\"Organization\",\"@id\":\"https:\\\/\\\/www.encontracamacari.com.br\\\/sobre\\\/#organization\",\"name\":\"Encontra Cama\\u00e7ari\",\"description\":\"Not\\u00edcias, eventos, informa\\u00e7\\u00f5es e dicas na cidade de Cama\\u00e7ari e regi\\u00e3o.\",\"url\":\"https:\\\/\\\/www.encontracamacari.com.br\\\/sobre\\\/\"},{\"@type\":\"Person\",\"@id\":\"https:\\\/\\\/www.encontracamacari.com.br\\\/sobre\\\/author\\\/ecamacari\\\/#author\",\"url\":\"https:\\\/\\\/www.encontracamacari.com.br\\\/sobre\\\/author\\\/ecamacari\\\/\",\"name\":\"Encontra Cama\\u00e7ari\",\"image\":{\"@type\":\"ImageObject\",\"@id\":\"https:\\\/\\\/www.encontracamacari.com.br\\\/sobre\\\/reuniao-da-comissao-de-politicas-publicas-para-infancia-adolescencia-e-juventude\\\/#authorImage\",\"url\":\"https:\\\/\\\/secure.gravatar.com\\\/avatar\\\/507340682b8270222e1f208e23198b6ae7e2c6a1033ae84e99bc6bce4f82a387?s=96&d=mm&r=g\",\"width\":96,\"height\":96,\"caption\":\"Encontra Cama\\u00e7ari\"}},{\"@type\":\"WebPage\",\"@id\":\"https:\\\/\\\/www.encontracamacari.com.br\\\/sobre\\\/reuniao-da-comissao-de-politicas-publicas-para-infancia-adolescencia-e-juventude\\\/#webpage\",\"url\":\"https:\\\/\\\/www.encontracamacari.com.br\\\/sobre\\\/reuniao-da-comissao-de-politicas-publicas-para-infancia-adolescencia-e-juventude\\\/\",\"name\":\"Reuni\\u00e3o da Comiss\\u00e3o de Pol\\u00edticas P\\u00fablicas para Inf\\u00e2ncia, Adolesc\\u00eancia e Juventude - Encontra Cama\\u00e7ari\",\"description\":\"Descubra detalhes da reuni\\u00e3o sobre pol\\u00edticas p\\u00fablicas para a inf\\u00e2ncia em Cama\\u00e7ari.\",\"inLanguage\":\"pt-BR\",\"isPartOf\":{\"@id\":\"https:\\\/\\\/www.encontracamacari.com.br\\\/sobre\\\/#website\"},\"breadcrumb\":{\"@id\":\"https:\\\/\\\/www.encontracamacari.com.br\\\/sobre\\\/reuniao-da-comissao-de-politicas-publicas-para-infancia-adolescencia-e-juventude\\\/#breadcrumblist\"},\"author\":{\"@id\":\"https:\\\/\\\/www.encontracamacari.com.br\\\/sobre\\\/author\\\/ecamacari\\\/#author\"},\"creator\":{\"@id\":\"https:\\\/\\\/www.encontracamacari.com.br\\\/sobre\\\/author\\\/ecamacari\\\/#author\"},\"image\":{\"@type\":\"ImageObject\",\"url\":\"https:\\\/\\\/www.encontracamacari.com.br\\\/sobre\\\/wp-content\\\/uploads\\\/2026\\\/03\\\/reuniao-da-comissao-de-politicas-publicas-para-infancia-adolescencia-e-juventude.webp\",\"@id\":\"https:\\\/\\\/www.encontracamacari.com.br\\\/sobre\\\/reuniao-da-comissao-de-politicas-publicas-para-infancia-adolescencia-e-juventude\\\/#mainImage\",\"width\":280,\"height\":280,\"caption\":\"Reuni\\u00e3o da Comiss\\u00e3o de Pol\\u00edticas P\\u00fablicas para Inf\\u00e2ncia, Adolesc\\u00eancia e Juventude\"},\"primaryImageOfPage\":{\"@id\":\"https:\\\/\\\/www.encontracamacari.com.br\\\/sobre\\\/reuniao-da-comissao-de-politicas-publicas-para-infancia-adolescencia-e-juventude\\\/#mainImage\"},\"datePublished\":\"2026-03-21T06:05:16+00:00\",\"dateModified\":\"2026-03-21T06:05:16+00:00\"},{\"@type\":\"WebSite\",\"@id\":\"https:\\\/\\\/www.encontracamacari.com.br\\\/sobre\\\/#website\",\"url\":\"https:\\\/\\\/www.encontracamacari.com.br\\\/sobre\\\/\",\"name\":\"Encontra Cama\\u00e7ari\",\"description\":\"Not\\u00edcias, eventos, informa\\u00e7\\u00f5es e dicas na cidade de Cama\\u00e7ari e regi\\u00e3o.\",\"inLanguage\":\"pt-BR\",\"publisher\":{\"@id\":\"https:\\\/\\\/www.encontracamacari.com.br\\\/sobre\\\/#organization\"}}]}\n\t\t<\/script>\n\t\t<!-- All in One SEO -->\n\n","aioseo_head_json":{"title":"Reuni\u00e3o da Comiss\u00e3o de Pol\u00edticas P\u00fablicas para Inf\u00e2ncia, Adolesc\u00eancia e Juventude - Encontra Cama\u00e7ari","description":"Descubra detalhes da reuni\u00e3o sobre pol\u00edticas p\u00fablicas para a inf\u00e2ncia em Cama\u00e7ari.","canonical_url":"https:\/\/www.encontracamacari.com.br\/sobre\/reuniao-da-comissao-de-politicas-publicas-para-infancia-adolescencia-e-juventude\/","robots":"max-image-preview:large","keywords":"","webmasterTools":{"miscellaneous":""},"schema":{"@context":"https:\/\/schema.org","@graph":[{"@type":"BlogPosting","@id":"https:\/\/www.encontracamacari.com.br\/sobre\/reuniao-da-comissao-de-politicas-publicas-para-infancia-adolescencia-e-juventude\/#blogposting","name":"Reuni\u00e3o da Comiss\u00e3o de Pol\u00edticas P\u00fablicas para Inf\u00e2ncia, Adolesc\u00eancia e Juventude - Encontra Cama\u00e7ari","headline":"Reuni\u00e3o da Comiss\u00e3o de Pol\u00edticas P\u00fablicas para Inf\u00e2ncia, Adolesc\u00eancia e Juventude","author":{"@id":"https:\/\/www.encontracamacari.com.br\/sobre\/author\/ecamacari\/#author"},"publisher":{"@id":"https:\/\/www.encontracamacari.com.br\/sobre\/#organization"},"image":{"@type":"ImageObject","url":"https:\/\/www.encontracamacari.com.br\/sobre\/wp-content\/uploads\/2026\/03\/reuniao-da-comissao-de-politicas-publicas-para-infancia-adolescencia-e-juventude.webp","width":280,"height":280,"caption":"Reuni\u00e3o da Comiss\u00e3o de Pol\u00edticas P\u00fablicas para Inf\u00e2ncia, Adolesc\u00eancia e Juventude"},"datePublished":"2026-03-21T06:05:16+00:00","dateModified":"2026-03-21T06:05:16+00:00","inLanguage":"pt-BR","mainEntityOfPage":{"@id":"https:\/\/www.encontracamacari.com.br\/sobre\/reuniao-da-comissao-de-politicas-publicas-para-infancia-adolescencia-e-juventude\/#webpage"},"isPartOf":{"@id":"https:\/\/www.encontracamacari.com.br\/sobre\/reuniao-da-comissao-de-politicas-publicas-para-infancia-adolescencia-e-juventude\/#webpage"},"articleSection":"Not\u00edcias Cama\u00e7ari"},{"@type":"BreadcrumbList","@id":"https:\/\/www.encontracamacari.com.br\/sobre\/reuniao-da-comissao-de-politicas-publicas-para-infancia-adolescencia-e-juventude\/#breadcrumblist","itemListElement":[{"@type":"ListItem","@id":"https:\/\/www.encontracamacari.com.br\/sobre#listItem","position":1,"name":"Home","item":"https:\/\/www.encontracamacari.com.br\/sobre","nextItem":{"@type":"ListItem","@id":"https:\/\/www.encontracamacari.com.br\/sobre\/noticias-em-camacari\/#listItem","name":"Not\u00edcias Cama\u00e7ari"}},{"@type":"ListItem","@id":"https:\/\/www.encontracamacari.com.br\/sobre\/noticias-em-camacari\/#listItem","position":2,"name":"Not\u00edcias Cama\u00e7ari","item":"https:\/\/www.encontracamacari.com.br\/sobre\/noticias-em-camacari\/","nextItem":{"@type":"ListItem","@id":"https:\/\/www.encontracamacari.com.br\/sobre\/reuniao-da-comissao-de-politicas-publicas-para-infancia-adolescencia-e-juventude\/#listItem","name":"Reuni\u00e3o da Comiss\u00e3o de Pol\u00edticas P\u00fablicas para Inf\u00e2ncia, Adolesc\u00eancia e Juventude"},"previousItem":{"@type":"ListItem","@id":"https:\/\/www.encontracamacari.com.br\/sobre#listItem","name":"Home"}},{"@type":"ListItem","@id":"https:\/\/www.encontracamacari.com.br\/sobre\/reuniao-da-comissao-de-politicas-publicas-para-infancia-adolescencia-e-juventude\/#listItem","position":3,"name":"Reuni\u00e3o da Comiss\u00e3o de Pol\u00edticas P\u00fablicas para Inf\u00e2ncia, Adolesc\u00eancia e Juventude","previousItem":{"@type":"ListItem","@id":"https:\/\/www.encontracamacari.com.br\/sobre\/noticias-em-camacari\/#listItem","name":"Not\u00edcias Cama\u00e7ari"}}]},{"@type":"Organization","@id":"https:\/\/www.encontracamacari.com.br\/sobre\/#organization","name":"Encontra Cama\u00e7ari","description":"Not\u00edcias, eventos, informa\u00e7\u00f5es e dicas na cidade de Cama\u00e7ari e regi\u00e3o.","url":"https:\/\/www.encontracamacari.com.br\/sobre\/"},{"@type":"Person","@id":"https:\/\/www.encontracamacari.com.br\/sobre\/author\/ecamacari\/#author","url":"https:\/\/www.encontracamacari.com.br\/sobre\/author\/ecamacari\/","name":"Encontra Cama\u00e7ari","image":{"@type":"ImageObject","@id":"https:\/\/www.encontracamacari.com.br\/sobre\/reuniao-da-comissao-de-politicas-publicas-para-infancia-adolescencia-e-juventude\/#authorImage","url":"https:\/\/secure.gravatar.com\/avatar\/507340682b8270222e1f208e23198b6ae7e2c6a1033ae84e99bc6bce4f82a387?s=96&d=mm&r=g","width":96,"height":96,"caption":"Encontra Cama\u00e7ari"}},{"@type":"WebPage","@id":"https:\/\/www.encontracamacari.com.br\/sobre\/reuniao-da-comissao-de-politicas-publicas-para-infancia-adolescencia-e-juventude\/#webpage","url":"https:\/\/www.encontracamacari.com.br\/sobre\/reuniao-da-comissao-de-politicas-publicas-para-infancia-adolescencia-e-juventude\/","name":"Reuni\u00e3o da Comiss\u00e3o de Pol\u00edticas P\u00fablicas para Inf\u00e2ncia, Adolesc\u00eancia e Juventude - Encontra Cama\u00e7ari","description":"Descubra detalhes da reuni\u00e3o sobre pol\u00edticas p\u00fablicas para a inf\u00e2ncia em Cama\u00e7ari.","inLanguage":"pt-BR","isPartOf":{"@id":"https:\/\/www.encontracamacari.com.br\/sobre\/#website"},"breadcrumb":{"@id":"https:\/\/www.encontracamacari.com.br\/sobre\/reuniao-da-comissao-de-politicas-publicas-para-infancia-adolescencia-e-juventude\/#breadcrumblist"},"author":{"@id":"https:\/\/www.encontracamacari.com.br\/sobre\/author\/ecamacari\/#author"},"creator":{"@id":"https:\/\/www.encontracamacari.com.br\/sobre\/author\/ecamacari\/#author"},"image":{"@type":"ImageObject","url":"https:\/\/www.encontracamacari.com.br\/sobre\/wp-content\/uploads\/2026\/03\/reuniao-da-comissao-de-politicas-publicas-para-infancia-adolescencia-e-juventude.webp","@id":"https:\/\/www.encontracamacari.com.br\/sobre\/reuniao-da-comissao-de-politicas-publicas-para-infancia-adolescencia-e-juventude\/#mainImage","width":280,"height":280,"caption":"Reuni\u00e3o da Comiss\u00e3o de Pol\u00edticas P\u00fablicas para Inf\u00e2ncia, Adolesc\u00eancia e Juventude"},"primaryImageOfPage":{"@id":"https:\/\/www.encontracamacari.com.br\/sobre\/reuniao-da-comissao-de-politicas-publicas-para-infancia-adolescencia-e-juventude\/#mainImage"},"datePublished":"2026-03-21T06:05:16+00:00","dateModified":"2026-03-21T06:05:16+00:00"},{"@type":"WebSite","@id":"https:\/\/www.encontracamacari.com.br\/sobre\/#website","url":"https:\/\/www.encontracamacari.com.br\/sobre\/","name":"Encontra Cama\u00e7ari","description":"Not\u00edcias, eventos, informa\u00e7\u00f5es e dicas na cidade de Cama\u00e7ari e regi\u00e3o.","inLanguage":"pt-BR","publisher":{"@id":"https:\/\/www.encontracamacari.com.br\/sobre\/#organization"}}]},"og:locale":"pt_BR","og:site_name":"Encontra Cama\u00e7ari - Not\u00edcias, eventos, informa\u00e7\u00f5es e dicas na cidade de Cama\u00e7ari e regi\u00e3o.","og:type":"article","og:title":"Reuni\u00e3o da Comiss\u00e3o de Pol\u00edticas P\u00fablicas para Inf\u00e2ncia, Adolesc\u00eancia e Juventude - Encontra Cama\u00e7ari","og:description":"Descubra detalhes da reuni\u00e3o sobre pol\u00edticas p\u00fablicas para a inf\u00e2ncia em Cama\u00e7ari.","og:url":"https:\/\/www.encontracamacari.com.br\/sobre\/reuniao-da-comissao-de-politicas-publicas-para-infancia-adolescencia-e-juventude\/","article:published_time":"2026-03-21T06:05:16+00:00","article:modified_time":"2026-03-21T06:05:16+00:00","twitter:card":"summary_large_image","twitter:title":"Reuni\u00e3o da Comiss\u00e3o de Pol\u00edticas P\u00fablicas para Inf\u00e2ncia, Adolesc\u00eancia e Juventude - Encontra Cama\u00e7ari","twitter:description":"Descubra detalhes da reuni\u00e3o sobre pol\u00edticas p\u00fablicas para a inf\u00e2ncia em Cama\u00e7ari."},"aioseo_meta_data":{"post_id":"802","title":null,"description":null,"keywords":null,"keyphrases":null,"primary_term":null,"canonical_url":null,"og_title":null,"og_description":null,"og_object_type":"default","og_image_type":"default","og_image_url":null,"og_image_width":null,"og_image_height":null,"og_image_custom_url":null,"og_image_custom_fields":null,"og_video":null,"og_custom_url":null,"og_article_section":null,"og_article_tags":null,"twitter_use_og":false,"twitter_card":"default","twitter_image_type":"default","twitter_image_url":null,"twitter_image_custom_url":null,"twitter_image_custom_fields":null,"twitter_title":null,"twitter_description":null,"schema":{"blockGraphs":[],"customGraphs":[],"default":{"data":{"Article":[],"Course":[],"Dataset":[],"FAQPage":[],"Movie":[],"Person":[],"Product":[],"ProductReview":[],"Car":[],"Recipe":[],"Service":[],"SoftwareApplication":[],"WebPage":[]},"graphName":"BlogPosting","isEnabled":true},"graphs":[]},"schema_type":"default","schema_type_options":null,"pillar_content":false,"robots_default":true,"robots_noindex":false,"robots_noarchive":false,"robots_nosnippet":false,"robots_nofollow":false,"robots_noimageindex":false,"robots_noodp":false,"robots_notranslate":false,"robots_max_snippet":null,"robots_max_videopreview":null,"robots_max_imagepreview":"large","priority":null,"frequency":null,"local_seo":null,"limit_modified_date":false,"created":"2026-03-21 06:05:22","updated":"2026-08-06 01:32:22","focus_keyword":null,"additional_keywords":null,"truseo_locale":null,"ai":null,"breadcrumb_settings":null,"seo_analyzer_scan_date":null},"aioseo_breadcrumb":"<div class=\"aioseo-breadcrumbs\"><span class=\"aioseo-breadcrumb\">\n\t\t\t<a href=\"https:\/\/www.encontracamacari.com.br\/sobre\" title=\"Home\">Home<\/a>\n\t\t<\/span><span class=\"aioseo-breadcrumb-separator\">&raquo;<\/span><span class=\"aioseo-breadcrumb\">\n\t\t\t<a href=\"https:\/\/www.encontracamacari.com.br\/sobre\/noticias-em-camacari\/\" title=\"Not\u00edcias Cama\u00e7ari\">Not\u00edcias Cama\u00e7ari<\/a>\n\t\t<\/span><span class=\"aioseo-breadcrumb-separator\">&raquo;<\/span><span class=\"aioseo-breadcrumb\">\n\t\t\tReuni\u00e3o da Comiss\u00e3o de Pol\u00edticas P\u00fablicas para Inf\u00e2ncia, Adolesc\u00eancia e Juventude\n\t\t<\/span><\/div>","aioseo_breadcrumb_json":[{"label":"Home","link":"https:\/\/www.encontracamacari.com.br\/sobre"},{"label":"Not\u00edcias Cama\u00e7ari","link":"https:\/\/www.encontracamacari.com.br\/sobre\/noticias-em-camacari\/"},{"label":"Reuni\u00e3o da Comiss\u00e3o de Pol\u00edticas P\u00fablicas para Inf\u00e2ncia, Adolesc\u00eancia e Juventude","link":"https:\/\/www.encontracamacari.com.br\/sobre\/reuniao-da-comissao-de-politicas-publicas-para-infancia-adolescencia-e-juventude\/"}],"_links":{"self":[{"href":"https:\/\/www.encontracamacari.com.br\/sobre\/wp-json\/wp\/v2\/posts\/802","targetHints":{"allow":["GET"]}}],"collection":[{"href":"https:\/\/www.encontracamacari.com.br\/sobre\/wp-json\/wp\/v2\/posts"}],"about":[{"href":"https:\/\/www.encontracamacari.com.br\/sobre\/wp-json\/wp\/v2\/types\/post"}],"author":[{"embeddable":true,"href":"https:\/\/www.encontracamacari.com.br\/sobre\/wp-json\/wp\/v2\/users\/1"}],"replies":[{"embeddable":true,"href":"https:\/\/www.encontracamacari.com.br\/sobre\/wp-json\/wp\/v2\/comments?post=802"}],"version-history":[{"count":0,"href":"https:\/\/www.encontracamacari.com.br\/sobre\/wp-json\/wp\/v2\/posts\/802\/revisions"}],"wp:featuredmedia":[{"embeddable":true,"href":"https:\/\/www.encontracamacari.com.br\/sobre\/wp-json\/wp\/v2\/media\/801"}],"wp:attachment":[{"href":"https:\/\/www.encontracamacari.com.br\/sobre\/wp-json\/wp\/v2\/media?parent=802"}],"wp:term":[{"taxonomy":"category","embeddable":true,"href":"https:\/\/www.encontracamacari.com.br\/sobre\/wp-json\/wp\/v2\/categories?post=802"},{"taxonomy":"post_tag","embeddable":true,"href":"https:\/\/www.encontracamacari.com.br\/sobre\/wp-json\/wp\/v2\/tags?post=802"}],"curies":[{"name":"wp","href":"https:\/\/api.w.org\/{rel}","templated":true}]}}