{"id":782,"date":"2026-03-17T06:02:49","date_gmt":"2026-03-17T06:02:49","guid":{"rendered":"https:\/\/www.encontracamacari.com.br\/sobre\/byd-amplia-operacao-e-inicia-segundo-turno-de-producao-em-camacari-ba\/"},"modified":"2026-03-17T06:02:49","modified_gmt":"2026-03-17T06:02:49","slug":"byd-amplia-operacao-e-inicia-segundo-turno-de-producao-em-camacari-ba","status":"publish","type":"post","link":"https:\/\/www.encontracamacari.com.br\/sobre\/byd-amplia-operacao-e-inicia-segundo-turno-de-producao-em-camacari-ba\/","title":{"rendered":"BYD amplia opera\u00e7\u00e3o e inicia segundo turno de produ\u00e7\u00e3o em Cama\u00e7ari (BA)"},"content":{"rendered":"<div class=\"2410bb7248a64bb1f71103797e0f239b\" data-index=\"1\" style=\"float: none; margin:0px;\">\n<ins class=\"adsbygoogle\"\r\n     style=\"display:block\"\r\n     data-ad-client=\"ca-pub-8585364105181520\"\r\n     data-ad-slot=\"8789329856\"\r\n     data-ad-format=\"auto\"\r\n     data-full-width-responsive=\"true\"><\/ins>\r\n<script>\r\n     (adsbygoogle = window.adsbygoogle || []).push({});\r\n<\/script>\n<\/div>\n<h2>Novo Turno e Aumento da Produ\u00e7\u00e3o<\/h2>\n<p>A unidade da BYD localizada em Cama\u00e7ari, na Bahia, deu inicio a um novo ciclo de produ\u00e7\u00e3o ao iniciar a opera\u00e7\u00e3o em dois turnos, no dia 16 de mar\u00e7o. Este esfor\u00e7o est\u00e1 ligado \u00e0 crescente demanda por ve\u00edculos el\u00e9tricos no Brasil e visa ampliar o volume de produ\u00e7\u00e3o, permitindo que a f\u00e1brica consiga atender melhor o mercado local, al\u00e9m de preparar-se para futuras expans\u00f5es.<\/p>\n<h2>Impacto no Mercado de Trabalho Local<\/h2>\n<p>Com a implementa\u00e7\u00e3o do segundo turno, a BYD mobilizou a contrata\u00e7\u00e3o de aproximadamente 800 novos trabalhadores, aumentando o quadro de funcion\u00e1rios para mais de 3.200 colaboradores. Essa a\u00e7\u00e3o tem um impacto positivo na economia local, criando novas oportunidades de emprego e contribuindo para a for\u00e7a de trabalho regional.<\/p>\n<h2>Adapta\u00e7\u00f5es na Linha de Montagem<\/h2>\n<p>A montagem dos ve\u00edculos est\u00e1 sendo realizada de maneira mais eficiente, com a divis\u00e3o das atividades em dois per\u00edodos distintos. O primeiro turno opera das 6h \u00e0s 15h30, enquanto o segundo vai das 15h30 a 00h37. Ambos os turnos seguem uma carga hor\u00e1ria de 42 horas semanais para os funcion\u00e1rios, otimizando assim os processos e aumentando a capacidade produtiva da f\u00e1brica.<\/p>\n<p><img decoding=\"async\" src=\"https:\/\/www.encontracamacari.com.br\/sobre\/wp-content\/uploads\/2026\/03\/byd-amplia-operacao-e-inicia-segundo-turno-de-producao-em-camacari-ba.webp\" alt=\"BYD produ\u00e7\u00e3o Cama\u00e7ari\" loading=\"lazy\" \/><\/p>\n<h2>Modelos Produzidos em Cama\u00e7ari<\/h2>\n<p>Atualmente, a unidade produz tr\u00eas modelos que s\u00e3o oferecidos ao mercado brasileiro: o <strong>BYD Dolphin Mini<\/strong>, <strong>BYD King<\/strong> e <strong>BYD Song Pro<\/strong>. Estes ve\u00edculos s\u00e3o projetados para atender a demanda crescente por solu\u00e7\u00f5es de mobilidade el\u00e9trica no pa\u00eds, garantindo que a BYD mantenha sua posi\u00e7\u00e3o competitiva.<\/p>\n<h2>A Estrat\u00e9gia de Crescimento da BYD<\/h2>\n<p>A decis\u00e3o de operar em dois turnos reflete a estrat\u00e9gia de crescimento da BYD, alinhada \u00e0 expans\u00e3o do mercado de ve\u00edculos eletrificados no Brasil. De acordo com Alexandre Baldy, vice-presidente s\u00eanior da BYD no Brasil, essa mudan\u00e7a visa n\u00e3o apenas aumentar a produ\u00e7\u00e3o, mas tamb\u00e9m responder mais rapidamente \u00e0 crescente demanda por ve\u00edculos el\u00e9tricos.<\/p><div class=\"2410bb7248a64bb1f71103797e0f239b\" data-index=\"2\" style=\"float: none; margin:0px;\">\n<ins class=\"adsbygoogle\"\r\n     style=\"display:block; text-align:center;\"\r\n     data-ad-layout=\"in-article\"\r\n     data-ad-format=\"fluid\"\r\n     data-ad-client=\"ca-pub-8585364105181520\"\r\n     data-ad-slot=\"2899217073\"><\/ins>\r\n<script>\r\n     (adsbygoogle = window.adsbygoogle || []).push({});\r\n<\/script>\r\n\r\n<\/br><\/br>\n<\/div>\n\n<h2>Recrutamento e Oportunidades de Emprego<\/h2>\n<p>A marca se comprometeu a fortalecer a equipe local, realizando contrata\u00e7\u00f5es em parceria com \u00f3rg\u00e3os de recrutamento municipais e estaduais. O objetivo \u00e9 selecionar profissionais para diversas fun\u00e7\u00f5es, incluindo produ\u00e7\u00e3o, log\u00edstica e opera\u00e7\u00e3o de empilhadeiras, garantindo que a f\u00e1brica opere com efici\u00eancia e atenda \u00e0s exig\u00eancias do mercado.<\/p>\n<h2>Expectativas para o Futuro da Produ\u00e7\u00e3o<\/h2>\n<p>Com a amplia\u00e7\u00e3o das opera\u00e7\u00f5es, h\u00e1 expectativas de que o n\u00famero total de funcion\u00e1rios ultrapasse os 6.200 no complexo de Cama\u00e7ari. Juntamente com cerca de 3.500 trabalhadores das empresas respons\u00e1veis pelas obras de amplia\u00e7\u00e3o, o n\u00famero total de pessoas envolvidas poder\u00e1 chegar a aproximadamente 10.000, fortalecendo ainda mais a presen\u00e7a da BYD no Brasil.<\/p>\n<h2>Alinhamento com a Demanda do Mercado<\/h2>\n<p>O in\u00edcio do segundo turno est\u00e1 diretamente conectado \u00e0s tend\u00eancias de mercado, onde a demanda por ve\u00edculos el\u00e9tricos vem crescendo exponencialmente. A amplia\u00e7\u00e3o da produ\u00e7\u00e3o possibilita que a BYD n\u00e3o apenas satisfa\u00e7a esse aumento na demanda, mas tamb\u00e9m se insira como uma refer\u00eancia na ind\u00fastria automotiva local.<\/p>\n<h2>Avan\u00e7os na Ind\u00fastria de Ve\u00edculos El\u00e9tricos<\/h2>\n<p>A expans\u00e3o da f\u00e1brica da BYD \u00e9 um passo significativo na dire\u00e7\u00e3o de fortalecer a ind\u00fastria de ve\u00edculos el\u00e9tricos no Brasil. A empresa est\u00e1 se posicionando para liderar o mercado ao impulsionar a produ\u00e7\u00e3o local e implementar inova\u00e7\u00f5es tecnol\u00f3gicas que atendam as necessidades dos consumidores brasileiros.<\/p>\n<h2>Perspectivas de Expans\u00e3o Global<\/h2>\n<p>A continuidade desse crescimento est\u00e1 alinhada com os planos globais da BYD, que busca expandir sua presen\u00e7a em diferentes mercados. Essa expans\u00e3o reflete um compromisso n\u00e3o apenas com o Brasil, mas tamb\u00e9m com a sustentabilidade e inova\u00e7\u00e3o no setor automotivo, impulsionando a transforma\u00e7\u00e3o da mobilidade urbana.<\/p>\n<div class=\"2410bb7248a64bb1f71103797e0f239b\" data-index=\"3\" style=\"float: none; margin:0px;\">\n<\/br><\/br>\r\n\r\n<ins class=\"adsbygoogle\"\r\n     style=\"display:block\"\r\n     data-ad-format=\"fluid\"\r\n     data-ad-layout-key=\"-63+do+n-1s+9e\"\r\n     data-ad-client=\"ca-pub-8585364105181520\"\r\n     data-ad-slot=\"6838462089\"><\/ins>\r\n<script>\r\n     (adsbygoogle = window.adsbygoogle || []).push({});\r\n<\/script>\n<\/div>\n\n<div style=\"font-size: 0px; height: 0px; line-height: 0px; margin: 0; padding: 0; clear: both;\"><\/div>","protected":false},"excerpt":{"rendered":"<p>BYD inicia segundo turno de produ\u00e7\u00e3o em Cama\u00e7ari, expandindo opera\u00e7\u00f5es e gerando novos empregos.<\/p>\n","protected":false},"author":1,"featured_media":781,"comment_status":"open","ping_status":"closed","sticky":false,"template":"","format":"standard","meta":{"footnotes":""},"categories":[1],"tags":[],"class_list":["post-782","post","type-post","status-publish","format-standard","has-post-thumbnail","hentry","category-noticias-em-camacari","has_thumb"],"aioseo_notices":[],"aioseo_head":"\n\t\t<!-- All in One SEO 5.0.0.1 - aioseo.com -->\n\t<meta name=\"description\" content=\"BYD inicia segundo turno de produ\u00e7\u00e3o em Cama\u00e7ari, expandindo opera\u00e7\u00f5es e gerando novos empregos.\" \/>\n\t<meta name=\"robots\" content=\"max-image-preview:large\" \/>\n\t<meta name=\"author\" content=\"Encontra Cama\u00e7ari\"\/>\n\t<link rel=\"canonical\" href=\"https:\/\/www.encontracamacari.com.br\/sobre\/byd-amplia-operacao-e-inicia-segundo-turno-de-producao-em-camacari-ba\/\" \/>\n\t<meta name=\"generator\" content=\"All in One SEO (AIOSEO) 5.0.0.1\" \/>\n\t\t<meta property=\"og:locale\" content=\"pt_BR\" \/>\n\t\t<meta property=\"og:site_name\" content=\"Encontra Cama\u00e7ari - Not\u00edcias, eventos, informa\u00e7\u00f5es e dicas na cidade de Cama\u00e7ari e regi\u00e3o.\" \/>\n\t\t<meta property=\"og:type\" content=\"article\" \/>\n\t\t<meta property=\"og:title\" content=\"BYD amplia opera\u00e7\u00e3o e inicia segundo turno de produ\u00e7\u00e3o em Cama\u00e7ari (BA) - Encontra Cama\u00e7ari\" \/>\n\t\t<meta property=\"og:description\" content=\"BYD inicia segundo turno de produ\u00e7\u00e3o em Cama\u00e7ari, expandindo opera\u00e7\u00f5es e gerando novos empregos.\" \/>\n\t\t<meta property=\"og:url\" content=\"https:\/\/www.encontracamacari.com.br\/sobre\/byd-amplia-operacao-e-inicia-segundo-turno-de-producao-em-camacari-ba\/\" \/>\n\t\t<meta property=\"article:published_time\" content=\"2026-03-17T06:02:49+00:00\" \/>\n\t\t<meta property=\"article:modified_time\" content=\"2026-03-17T06:02:49+00:00\" \/>\n\t\t<meta name=\"twitter:card\" content=\"summary_large_image\" \/>\n\t\t<meta name=\"twitter:title\" content=\"BYD amplia opera\u00e7\u00e3o e inicia segundo turno de produ\u00e7\u00e3o em Cama\u00e7ari (BA) - Encontra Cama\u00e7ari\" \/>\n\t\t<meta name=\"twitter:description\" content=\"BYD inicia segundo turno de produ\u00e7\u00e3o em Cama\u00e7ari, expandindo opera\u00e7\u00f5es e gerando novos empregos.\" \/>\n\t\t<script type=\"application\/ld+json\" class=\"aioseo-schema\">\n\t\t\t{\"@context\":\"https:\\\/\\\/schema.org\",\"@graph\":[{\"@type\":\"BlogPosting\",\"@id\":\"https:\\\/\\\/www.encontracamacari.com.br\\\/sobre\\\/byd-amplia-operacao-e-inicia-segundo-turno-de-producao-em-camacari-ba\\\/#blogposting\",\"name\":\"BYD amplia opera\\u00e7\\u00e3o e inicia segundo turno de produ\\u00e7\\u00e3o em Cama\\u00e7ari (BA) - Encontra Cama\\u00e7ari\",\"headline\":\"BYD amplia opera\\u00e7\\u00e3o e inicia segundo turno de produ\\u00e7\\u00e3o em Cama\\u00e7ari (BA)\",\"author\":{\"@id\":\"https:\\\/\\\/www.encontracamacari.com.br\\\/sobre\\\/author\\\/ecamacari\\\/#author\"},\"publisher\":{\"@id\":\"https:\\\/\\\/www.encontracamacari.com.br\\\/sobre\\\/#organization\"},\"image\":{\"@type\":\"ImageObject\",\"url\":\"https:\\\/\\\/www.encontracamacari.com.br\\\/sobre\\\/wp-content\\\/uploads\\\/2026\\\/03\\\/byd-amplia-operacao-e-inicia-segundo-turno-de-producao-em-camacari-ba.webp\",\"width\":280,\"height\":280,\"caption\":\"BYD produ\\u00e7\\u00e3o Cama\\u00e7ari\"},\"datePublished\":\"2026-03-17T06:02:49+00:00\",\"dateModified\":\"2026-03-17T06:02:49+00:00\",\"inLanguage\":\"pt-BR\",\"mainEntityOfPage\":{\"@id\":\"https:\\\/\\\/www.encontracamacari.com.br\\\/sobre\\\/byd-amplia-operacao-e-inicia-segundo-turno-de-producao-em-camacari-ba\\\/#webpage\"},\"isPartOf\":{\"@id\":\"https:\\\/\\\/www.encontracamacari.com.br\\\/sobre\\\/byd-amplia-operacao-e-inicia-segundo-turno-de-producao-em-camacari-ba\\\/#webpage\"},\"articleSection\":\"Not\\u00edcias Cama\\u00e7ari\"},{\"@type\":\"BreadcrumbList\",\"@id\":\"https:\\\/\\\/www.encontracamacari.com.br\\\/sobre\\\/byd-amplia-operacao-e-inicia-segundo-turno-de-producao-em-camacari-ba\\\/#breadcrumblist\",\"itemListElement\":[{\"@type\":\"ListItem\",\"@id\":\"https:\\\/\\\/www.encontracamacari.com.br\\\/sobre#listItem\",\"position\":1,\"name\":\"Home\",\"item\":\"https:\\\/\\\/www.encontracamacari.com.br\\\/sobre\",\"nextItem\":{\"@type\":\"ListItem\",\"@id\":\"https:\\\/\\\/www.encontracamacari.com.br\\\/sobre\\\/noticias-em-camacari\\\/#listItem\",\"name\":\"Not\\u00edcias Cama\\u00e7ari\"}},{\"@type\":\"ListItem\",\"@id\":\"https:\\\/\\\/www.encontracamacari.com.br\\\/sobre\\\/noticias-em-camacari\\\/#listItem\",\"position\":2,\"name\":\"Not\\u00edcias Cama\\u00e7ari\",\"item\":\"https:\\\/\\\/www.encontracamacari.com.br\\\/sobre\\\/noticias-em-camacari\\\/\",\"nextItem\":{\"@type\":\"ListItem\",\"@id\":\"https:\\\/\\\/www.encontracamacari.com.br\\\/sobre\\\/byd-amplia-operacao-e-inicia-segundo-turno-de-producao-em-camacari-ba\\\/#listItem\",\"name\":\"BYD amplia opera\\u00e7\\u00e3o e inicia segundo turno de produ\\u00e7\\u00e3o em Cama\\u00e7ari (BA)\"},\"previousItem\":{\"@type\":\"ListItem\",\"@id\":\"https:\\\/\\\/www.encontracamacari.com.br\\\/sobre#listItem\",\"name\":\"Home\"}},{\"@type\":\"ListItem\",\"@id\":\"https:\\\/\\\/www.encontracamacari.com.br\\\/sobre\\\/byd-amplia-operacao-e-inicia-segundo-turno-de-producao-em-camacari-ba\\\/#listItem\",\"position\":3,\"name\":\"BYD amplia opera\\u00e7\\u00e3o e inicia segundo turno de produ\\u00e7\\u00e3o em Cama\\u00e7ari (BA)\",\"previousItem\":{\"@type\":\"ListItem\",\"@id\":\"https:\\\/\\\/www.encontracamacari.com.br\\\/sobre\\\/noticias-em-camacari\\\/#listItem\",\"name\":\"Not\\u00edcias Cama\\u00e7ari\"}}]},{\"@type\":\"Organization\",\"@id\":\"https:\\\/\\\/www.encontracamacari.com.br\\\/sobre\\\/#organization\",\"name\":\"Encontra Cama\\u00e7ari\",\"description\":\"Not\\u00edcias, eventos, informa\\u00e7\\u00f5es e dicas na cidade de Cama\\u00e7ari e regi\\u00e3o.\",\"url\":\"https:\\\/\\\/www.encontracamacari.com.br\\\/sobre\\\/\"},{\"@type\":\"Person\",\"@id\":\"https:\\\/\\\/www.encontracamacari.com.br\\\/sobre\\\/author\\\/ecamacari\\\/#author\",\"url\":\"https:\\\/\\\/www.encontracamacari.com.br\\\/sobre\\\/author\\\/ecamacari\\\/\",\"name\":\"Encontra Cama\\u00e7ari\",\"image\":{\"@type\":\"ImageObject\",\"@id\":\"https:\\\/\\\/www.encontracamacari.com.br\\\/sobre\\\/byd-amplia-operacao-e-inicia-segundo-turno-de-producao-em-camacari-ba\\\/#authorImage\",\"url\":\"https:\\\/\\\/secure.gravatar.com\\\/avatar\\\/507340682b8270222e1f208e23198b6ae7e2c6a1033ae84e99bc6bce4f82a387?s=96&d=mm&r=g\",\"width\":96,\"height\":96,\"caption\":\"Encontra Cama\\u00e7ari\"}},{\"@type\":\"WebPage\",\"@id\":\"https:\\\/\\\/www.encontracamacari.com.br\\\/sobre\\\/byd-amplia-operacao-e-inicia-segundo-turno-de-producao-em-camacari-ba\\\/#webpage\",\"url\":\"https:\\\/\\\/www.encontracamacari.com.br\\\/sobre\\\/byd-amplia-operacao-e-inicia-segundo-turno-de-producao-em-camacari-ba\\\/\",\"name\":\"BYD amplia opera\\u00e7\\u00e3o e inicia segundo turno de produ\\u00e7\\u00e3o em Cama\\u00e7ari (BA) - Encontra Cama\\u00e7ari\",\"description\":\"BYD inicia segundo turno de produ\\u00e7\\u00e3o em Cama\\u00e7ari, expandindo opera\\u00e7\\u00f5es e gerando novos empregos.\",\"inLanguage\":\"pt-BR\",\"isPartOf\":{\"@id\":\"https:\\\/\\\/www.encontracamacari.com.br\\\/sobre\\\/#website\"},\"breadcrumb\":{\"@id\":\"https:\\\/\\\/www.encontracamacari.com.br\\\/sobre\\\/byd-amplia-operacao-e-inicia-segundo-turno-de-producao-em-camacari-ba\\\/#breadcrumblist\"},\"author\":{\"@id\":\"https:\\\/\\\/www.encontracamacari.com.br\\\/sobre\\\/author\\\/ecamacari\\\/#author\"},\"creator\":{\"@id\":\"https:\\\/\\\/www.encontracamacari.com.br\\\/sobre\\\/author\\\/ecamacari\\\/#author\"},\"image\":{\"@type\":\"ImageObject\",\"url\":\"https:\\\/\\\/www.encontracamacari.com.br\\\/sobre\\\/wp-content\\\/uploads\\\/2026\\\/03\\\/byd-amplia-operacao-e-inicia-segundo-turno-de-producao-em-camacari-ba.webp\",\"@id\":\"https:\\\/\\\/www.encontracamacari.com.br\\\/sobre\\\/byd-amplia-operacao-e-inicia-segundo-turno-de-producao-em-camacari-ba\\\/#mainImage\",\"width\":280,\"height\":280,\"caption\":\"BYD produ\\u00e7\\u00e3o Cama\\u00e7ari\"},\"primaryImageOfPage\":{\"@id\":\"https:\\\/\\\/www.encontracamacari.com.br\\\/sobre\\\/byd-amplia-operacao-e-inicia-segundo-turno-de-producao-em-camacari-ba\\\/#mainImage\"},\"datePublished\":\"2026-03-17T06:02:49+00:00\",\"dateModified\":\"2026-03-17T06:02:49+00:00\"},{\"@type\":\"WebSite\",\"@id\":\"https:\\\/\\\/www.encontracamacari.com.br\\\/sobre\\\/#website\",\"url\":\"https:\\\/\\\/www.encontracamacari.com.br\\\/sobre\\\/\",\"name\":\"Encontra Cama\\u00e7ari\",\"description\":\"Not\\u00edcias, eventos, informa\\u00e7\\u00f5es e dicas na cidade de Cama\\u00e7ari e regi\\u00e3o.\",\"inLanguage\":\"pt-BR\",\"publisher\":{\"@id\":\"https:\\\/\\\/www.encontracamacari.com.br\\\/sobre\\\/#organization\"}}]}\n\t\t<\/script>\n\t\t<!-- All in One SEO -->\n\n","aioseo_head_json":{"title":"BYD amplia opera\u00e7\u00e3o e inicia segundo turno de produ\u00e7\u00e3o em Cama\u00e7ari (BA) - Encontra Cama\u00e7ari","description":"BYD inicia segundo turno de produ\u00e7\u00e3o em Cama\u00e7ari, expandindo opera\u00e7\u00f5es e gerando novos empregos.","canonical_url":"https:\/\/www.encontracamacari.com.br\/sobre\/byd-amplia-operacao-e-inicia-segundo-turno-de-producao-em-camacari-ba\/","robots":"max-image-preview:large","keywords":"","webmasterTools":{"miscellaneous":""},"schema":{"@context":"https:\/\/schema.org","@graph":[{"@type":"BlogPosting","@id":"https:\/\/www.encontracamacari.com.br\/sobre\/byd-amplia-operacao-e-inicia-segundo-turno-de-producao-em-camacari-ba\/#blogposting","name":"BYD amplia opera\u00e7\u00e3o e inicia segundo turno de produ\u00e7\u00e3o em Cama\u00e7ari (BA) - Encontra Cama\u00e7ari","headline":"BYD amplia opera\u00e7\u00e3o e inicia segundo turno de produ\u00e7\u00e3o em Cama\u00e7ari (BA)","author":{"@id":"https:\/\/www.encontracamacari.com.br\/sobre\/author\/ecamacari\/#author"},"publisher":{"@id":"https:\/\/www.encontracamacari.com.br\/sobre\/#organization"},"image":{"@type":"ImageObject","url":"https:\/\/www.encontracamacari.com.br\/sobre\/wp-content\/uploads\/2026\/03\/byd-amplia-operacao-e-inicia-segundo-turno-de-producao-em-camacari-ba.webp","width":280,"height":280,"caption":"BYD produ\u00e7\u00e3o Cama\u00e7ari"},"datePublished":"2026-03-17T06:02:49+00:00","dateModified":"2026-03-17T06:02:49+00:00","inLanguage":"pt-BR","mainEntityOfPage":{"@id":"https:\/\/www.encontracamacari.com.br\/sobre\/byd-amplia-operacao-e-inicia-segundo-turno-de-producao-em-camacari-ba\/#webpage"},"isPartOf":{"@id":"https:\/\/www.encontracamacari.com.br\/sobre\/byd-amplia-operacao-e-inicia-segundo-turno-de-producao-em-camacari-ba\/#webpage"},"articleSection":"Not\u00edcias Cama\u00e7ari"},{"@type":"BreadcrumbList","@id":"https:\/\/www.encontracamacari.com.br\/sobre\/byd-amplia-operacao-e-inicia-segundo-turno-de-producao-em-camacari-ba\/#breadcrumblist","itemListElement":[{"@type":"ListItem","@id":"https:\/\/www.encontracamacari.com.br\/sobre#listItem","position":1,"name":"Home","item":"https:\/\/www.encontracamacari.com.br\/sobre","nextItem":{"@type":"ListItem","@id":"https:\/\/www.encontracamacari.com.br\/sobre\/noticias-em-camacari\/#listItem","name":"Not\u00edcias Cama\u00e7ari"}},{"@type":"ListItem","@id":"https:\/\/www.encontracamacari.com.br\/sobre\/noticias-em-camacari\/#listItem","position":2,"name":"Not\u00edcias Cama\u00e7ari","item":"https:\/\/www.encontracamacari.com.br\/sobre\/noticias-em-camacari\/","nextItem":{"@type":"ListItem","@id":"https:\/\/www.encontracamacari.com.br\/sobre\/byd-amplia-operacao-e-inicia-segundo-turno-de-producao-em-camacari-ba\/#listItem","name":"BYD amplia opera\u00e7\u00e3o e inicia segundo turno de produ\u00e7\u00e3o em Cama\u00e7ari (BA)"},"previousItem":{"@type":"ListItem","@id":"https:\/\/www.encontracamacari.com.br\/sobre#listItem","name":"Home"}},{"@type":"ListItem","@id":"https:\/\/www.encontracamacari.com.br\/sobre\/byd-amplia-operacao-e-inicia-segundo-turno-de-producao-em-camacari-ba\/#listItem","position":3,"name":"BYD amplia opera\u00e7\u00e3o e inicia segundo turno de produ\u00e7\u00e3o em Cama\u00e7ari (BA)","previousItem":{"@type":"ListItem","@id":"https:\/\/www.encontracamacari.com.br\/sobre\/noticias-em-camacari\/#listItem","name":"Not\u00edcias Cama\u00e7ari"}}]},{"@type":"Organization","@id":"https:\/\/www.encontracamacari.com.br\/sobre\/#organization","name":"Encontra Cama\u00e7ari","description":"Not\u00edcias, eventos, informa\u00e7\u00f5es e dicas na cidade de Cama\u00e7ari e regi\u00e3o.","url":"https:\/\/www.encontracamacari.com.br\/sobre\/"},{"@type":"Person","@id":"https:\/\/www.encontracamacari.com.br\/sobre\/author\/ecamacari\/#author","url":"https:\/\/www.encontracamacari.com.br\/sobre\/author\/ecamacari\/","name":"Encontra Cama\u00e7ari","image":{"@type":"ImageObject","@id":"https:\/\/www.encontracamacari.com.br\/sobre\/byd-amplia-operacao-e-inicia-segundo-turno-de-producao-em-camacari-ba\/#authorImage","url":"https:\/\/secure.gravatar.com\/avatar\/507340682b8270222e1f208e23198b6ae7e2c6a1033ae84e99bc6bce4f82a387?s=96&d=mm&r=g","width":96,"height":96,"caption":"Encontra Cama\u00e7ari"}},{"@type":"WebPage","@id":"https:\/\/www.encontracamacari.com.br\/sobre\/byd-amplia-operacao-e-inicia-segundo-turno-de-producao-em-camacari-ba\/#webpage","url":"https:\/\/www.encontracamacari.com.br\/sobre\/byd-amplia-operacao-e-inicia-segundo-turno-de-producao-em-camacari-ba\/","name":"BYD amplia opera\u00e7\u00e3o e inicia segundo turno de produ\u00e7\u00e3o em Cama\u00e7ari (BA) - Encontra Cama\u00e7ari","description":"BYD inicia segundo turno de produ\u00e7\u00e3o em Cama\u00e7ari, expandindo opera\u00e7\u00f5es e gerando novos empregos.","inLanguage":"pt-BR","isPartOf":{"@id":"https:\/\/www.encontracamacari.com.br\/sobre\/#website"},"breadcrumb":{"@id":"https:\/\/www.encontracamacari.com.br\/sobre\/byd-amplia-operacao-e-inicia-segundo-turno-de-producao-em-camacari-ba\/#breadcrumblist"},"author":{"@id":"https:\/\/www.encontracamacari.com.br\/sobre\/author\/ecamacari\/#author"},"creator":{"@id":"https:\/\/www.encontracamacari.com.br\/sobre\/author\/ecamacari\/#author"},"image":{"@type":"ImageObject","url":"https:\/\/www.encontracamacari.com.br\/sobre\/wp-content\/uploads\/2026\/03\/byd-amplia-operacao-e-inicia-segundo-turno-de-producao-em-camacari-ba.webp","@id":"https:\/\/www.encontracamacari.com.br\/sobre\/byd-amplia-operacao-e-inicia-segundo-turno-de-producao-em-camacari-ba\/#mainImage","width":280,"height":280,"caption":"BYD produ\u00e7\u00e3o Cama\u00e7ari"},"primaryImageOfPage":{"@id":"https:\/\/www.encontracamacari.com.br\/sobre\/byd-amplia-operacao-e-inicia-segundo-turno-de-producao-em-camacari-ba\/#mainImage"},"datePublished":"2026-03-17T06:02:49+00:00","dateModified":"2026-03-17T06:02:49+00:00"},{"@type":"WebSite","@id":"https:\/\/www.encontracamacari.com.br\/sobre\/#website","url":"https:\/\/www.encontracamacari.com.br\/sobre\/","name":"Encontra Cama\u00e7ari","description":"Not\u00edcias, eventos, informa\u00e7\u00f5es e dicas na cidade de Cama\u00e7ari e regi\u00e3o.","inLanguage":"pt-BR","publisher":{"@id":"https:\/\/www.encontracamacari.com.br\/sobre\/#organization"}}]},"og:locale":"pt_BR","og:site_name":"Encontra Cama\u00e7ari - Not\u00edcias, eventos, informa\u00e7\u00f5es e dicas na cidade de Cama\u00e7ari e regi\u00e3o.","og:type":"article","og:title":"BYD amplia opera\u00e7\u00e3o e inicia segundo turno de produ\u00e7\u00e3o em Cama\u00e7ari (BA) - Encontra Cama\u00e7ari","og:description":"BYD inicia segundo turno de produ\u00e7\u00e3o em Cama\u00e7ari, expandindo opera\u00e7\u00f5es e gerando novos empregos.","og:url":"https:\/\/www.encontracamacari.com.br\/sobre\/byd-amplia-operacao-e-inicia-segundo-turno-de-producao-em-camacari-ba\/","article:published_time":"2026-03-17T06:02:49+00:00","article:modified_time":"2026-03-17T06:02:49+00:00","twitter:card":"summary_large_image","twitter:title":"BYD amplia opera\u00e7\u00e3o e inicia segundo turno de produ\u00e7\u00e3o em Cama\u00e7ari (BA) - Encontra Cama\u00e7ari","twitter:description":"BYD inicia segundo turno de produ\u00e7\u00e3o em Cama\u00e7ari, expandindo opera\u00e7\u00f5es e gerando novos empregos."},"aioseo_meta_data":{"post_id":"782","title":null,"description":null,"keywords":null,"keyphrases":null,"primary_term":null,"canonical_url":null,"og_title":null,"og_description":null,"og_object_type":"default","og_image_type":"default","og_image_url":null,"og_image_width":null,"og_image_height":null,"og_image_custom_url":null,"og_image_custom_fields":null,"og_video":null,"og_custom_url":null,"og_article_section":null,"og_article_tags":null,"twitter_use_og":false,"twitter_card":"default","twitter_image_type":"default","twitter_image_url":null,"twitter_image_custom_url":null,"twitter_image_custom_fields":null,"twitter_title":null,"twitter_description":null,"schema":{"blockGraphs":[],"customGraphs":[],"default":{"data":{"Article":[],"Course":[],"Dataset":[],"FAQPage":[],"Movie":[],"Person":[],"Product":[],"ProductReview":[],"Car":[],"Recipe":[],"Service":[],"SoftwareApplication":[],"WebPage":[]},"graphName":"BlogPosting","isEnabled":true},"graphs":[]},"schema_type":"default","schema_type_options":null,"pillar_content":false,"robots_default":true,"robots_noindex":false,"robots_noarchive":false,"robots_nosnippet":false,"robots_nofollow":false,"robots_noimageindex":false,"robots_noodp":false,"robots_notranslate":false,"robots_max_snippet":null,"robots_max_videopreview":null,"robots_max_imagepreview":"large","priority":null,"frequency":null,"local_seo":null,"limit_modified_date":false,"created":"2026-03-17 06:02:54","updated":"2026-08-06 01:28:06","focus_keyword":null,"additional_keywords":null,"truseo_locale":null,"ai":null,"breadcrumb_settings":null,"seo_analyzer_scan_date":null},"aioseo_breadcrumb":"<div class=\"aioseo-breadcrumbs\"><span class=\"aioseo-breadcrumb\">\n\t\t\t<a href=\"https:\/\/www.encontracamacari.com.br\/sobre\" title=\"Home\">Home<\/a>\n\t\t<\/span><span class=\"aioseo-breadcrumb-separator\">&raquo;<\/span><span class=\"aioseo-breadcrumb\">\n\t\t\t<a href=\"https:\/\/www.encontracamacari.com.br\/sobre\/noticias-em-camacari\/\" title=\"Not\u00edcias Cama\u00e7ari\">Not\u00edcias Cama\u00e7ari<\/a>\n\t\t<\/span><span class=\"aioseo-breadcrumb-separator\">&raquo;<\/span><span class=\"aioseo-breadcrumb\">\n\t\t\tBYD amplia opera\u00e7\u00e3o e inicia segundo turno de produ\u00e7\u00e3o em Cama\u00e7ari (BA)\n\t\t<\/span><\/div>","aioseo_breadcrumb_json":[{"label":"Home","link":"https:\/\/www.encontracamacari.com.br\/sobre"},{"label":"Not\u00edcias Cama\u00e7ari","link":"https:\/\/www.encontracamacari.com.br\/sobre\/noticias-em-camacari\/"},{"label":"BYD amplia opera\u00e7\u00e3o e inicia segundo turno de produ\u00e7\u00e3o em Cama\u00e7ari (BA)","link":"https:\/\/www.encontracamacari.com.br\/sobre\/byd-amplia-operacao-e-inicia-segundo-turno-de-producao-em-camacari-ba\/"}],"_links":{"self":[{"href":"https:\/\/www.encontracamacari.com.br\/sobre\/wp-json\/wp\/v2\/posts\/782","targetHints":{"allow":["GET"]}}],"collection":[{"href":"https:\/\/www.encontracamacari.com.br\/sobre\/wp-json\/wp\/v2\/posts"}],"about":[{"href":"https:\/\/www.encontracamacari.com.br\/sobre\/wp-json\/wp\/v2\/types\/post"}],"author":[{"embeddable":true,"href":"https:\/\/www.encontracamacari.com.br\/sobre\/wp-json\/wp\/v2\/users\/1"}],"replies":[{"embeddable":true,"href":"https:\/\/www.encontracamacari.com.br\/sobre\/wp-json\/wp\/v2\/comments?post=782"}],"version-history":[{"count":0,"href":"https:\/\/www.encontracamacari.com.br\/sobre\/wp-json\/wp\/v2\/posts\/782\/revisions"}],"wp:featuredmedia":[{"embeddable":true,"href":"https:\/\/www.encontracamacari.com.br\/sobre\/wp-json\/wp\/v2\/media\/781"}],"wp:attachment":[{"href":"https:\/\/www.encontracamacari.com.br\/sobre\/wp-json\/wp\/v2\/media?parent=782"}],"wp:term":[{"taxonomy":"category","embeddable":true,"href":"https:\/\/www.encontracamacari.com.br\/sobre\/wp-json\/wp\/v2\/categories?post=782"},{"taxonomy":"post_tag","embeddable":true,"href":"https:\/\/www.encontracamacari.com.br\/sobre\/wp-json\/wp\/v2\/tags?post=782"}],"curies":[{"name":"wp","href":"https:\/\/api.w.org\/{rel}","templated":true}]}}