{"id":774,"date":"2026-03-14T06:03:48","date_gmt":"2026-03-14T06:03:48","guid":{"rendered":"https:\/\/www.encontracamacari.com.br\/sobre\/4a-sessao-ordinaria-do-1o-periodo-legislativo\/"},"modified":"2026-03-14T06:03:48","modified_gmt":"2026-03-14T06:03:48","slug":"4a-sessao-ordinaria-do-1o-periodo-legislativo","status":"publish","type":"post","link":"https:\/\/www.encontracamacari.com.br\/sobre\/4a-sessao-ordinaria-do-1o-periodo-legislativo\/","title":{"rendered":"4\u00aa Sess\u00e3o Ordin\u00e1ria do 1\u00ba Per\u00edodo Legislativo"},"content":{"rendered":"<div class=\"2410bb7248a64bb1f71103797e0f239b\" data-index=\"1\" style=\"float: none; margin:0px;\">\n<ins class=\"adsbygoogle\"\r\n     style=\"display:block\"\r\n     data-ad-client=\"ca-pub-8585364105181520\"\r\n     data-ad-slot=\"8789329856\"\r\n     data-ad-format=\"auto\"\r\n     data-full-width-responsive=\"true\"><\/ins>\r\n<script>\r\n     (adsbygoogle = window.adsbygoogle || []).push({});\r\n<\/script>\n<\/div>\n<h2>Principais Temas da 4\u00aa Sess\u00e3o Ordin\u00e1ria<\/h2>\n<p>A 4\u00aa Sess\u00e3o Ordin\u00e1ria do 1\u00ba Per\u00edodo Legislativo, realizada em 10 de mar\u00e7o de 2026, abordou diversos t\u00f3picos de relev\u00e2ncia para a popula\u00e7\u00e3o de Cama\u00e7ari. Durante a sess\u00e3o, foram discutidos projetos que impactam diretamente as \u00e1reas de sa\u00fade, educa\u00e7\u00e3o, infraestrutura e seguran\u00e7a p\u00fablica. Os vereadores apresentaram propostas e emendas, al\u00e9m de realizar delibera\u00e7\u00f5es que visam melhorar a qualidade de vida dos cidad\u00e3os.<\/p>\n<h2>Como Assistir aos V\u00eddeos da Sess\u00e3o<\/h2>\n<p>Para aqueles que desejam acompanhar as sess\u00f5es da C\u00e2mara Municipal, \u00e9 poss\u00edvel visualizar os v\u00eddeos das reuni\u00f5es atrav\u00e9s do site oficial da C\u00e2mara de Cama\u00e7ari. Basta acessar a se\u00e7\u00e3o dedicada \u00e0 TV C\u00e2mara, onde est\u00e3o dispon\u00edveis grava\u00e7\u00f5es das sess\u00f5es ordin\u00e1rias e extraordin\u00e1rias, permitindo que os cidad\u00e3os fiquem informados sobre as decis\u00f5es e discuss\u00f5es que impactam o munic\u00edpio.<\/p>\n<h2>Participa\u00e7\u00e3o Cidad\u00e3 nas Sess\u00f5es<\/h2>\n<p>A participa\u00e7\u00e3o da popula\u00e7\u00e3o \u00e9 fundamental nas atividades legislativas. Durante a 4\u00aa Sess\u00e3o Ordin\u00e1ria, cidad\u00e3os puderam se manifestar atrav\u00e9s de requerimentos e indica\u00e7\u00f5es. A C\u00e2mara tem se esfor\u00e7ado para aumentar a transpar\u00eancia e a acessibilidade, incentivando a presen\u00e7a e opini\u00f5es da comunidade nas delibera\u00e7\u00f5es. Isso inclui um canal de comunica\u00e7\u00e3o direta, visando estreitar os la\u00e7os entre os representantes e a popula\u00e7\u00e3o.<\/p>\n<h2>Vereadores em Destaque<\/h2>\n<p>Na 4\u00aa Sess\u00e3o Ordin\u00e1ria, alguns vereadores foram especialmente mencionados devido \u00e0 suas contribui\u00e7\u00f5es significativas. O presidente da C\u00e2mara, Niltinho Maturino, e os secret\u00e1rios Elias Natan e Manoel Filho foram elogiados por sua dedica\u00e7\u00e3o em tratar os temas relevantes para a cidade. Suas atua\u00e7\u00f5es destacadas refletem o comprometimento com a busca por solu\u00e7\u00f5es e a defesa dos interesses coletivos.<\/p>\n<h2>Mudan\u00e7as nas Leis Recentes<\/h2>\n<p>Na sess\u00e3o, foram apresentadas propostas de emenda a legisla\u00e7\u00f5es existentes, buscando adaptar as normas \u00e0s novas demandas sociais. As mudan\u00e7as propostas incluem o aperfei\u00e7oamento de pol\u00edticas p\u00fablicas em \u00e1reas-chave como sa\u00fade e educa\u00e7\u00e3o. \u00c9 importante que a popula\u00e7\u00e3o esteja atenta a essas mudan\u00e7as, pois elas podem influenciar diretamente na vida cotidiana dos cidad\u00e3os e na administra\u00e7\u00e3o municipal.<\/p><div class=\"2410bb7248a64bb1f71103797e0f239b\" data-index=\"2\" style=\"float: none; margin:0px;\">\n<ins class=\"adsbygoogle\"\r\n     style=\"display:block; text-align:center;\"\r\n     data-ad-layout=\"in-article\"\r\n     data-ad-format=\"fluid\"\r\n     data-ad-client=\"ca-pub-8585364105181520\"\r\n     data-ad-slot=\"2899217073\"><\/ins>\r\n<script>\r\n     (adsbygoogle = window.adsbygoogle || []).push({});\r\n<\/script>\r\n\r\n<\/br><\/br>\n<\/div>\n\n<h2>A Import\u00e2ncia da Transpar\u00eancia Legislativa<\/h2>\n<p>A transpar\u00eancia nas a\u00e7\u00f5es da C\u00e2mara \u00e9 um pilar fundamental para a democracia. Durante a reuni\u00e3o, foram discutidas iniciativas que visam aumentar a clareza sobre as decis\u00f5es e gastos do Legislativo. O compromisso com a transpar\u00eancia \u00e9 uma maneira de fortalecer a confian\u00e7a da popula\u00e7\u00e3o nas institui\u00e7\u00f5es e de garantir que os vereadores atuem em conson\u00e2ncia com os interesses p\u00fablicos.<\/p>\n<h2>Como as Sess\u00f5es Afetam Cama\u00e7ari<\/h2>\n<p>As decis\u00f5es tomadas nas sess\u00f5es ordin\u00e1rias promovem impactos diretos e significativos na vida dos cidad\u00e3os de Cama\u00e7ari. Projetos de lei que envolvem melhorias em infraestrutura, seguran\u00e7a e servi\u00e7os sociais necessitam ser discutidos abertamente, para que todos os setores da sociedade possam contribuir com suas opini\u00f5es e sugest\u00f5es. Assim, a C\u00e2mara Municipal assume o papel de mediadora entre as demandas da popula\u00e7\u00e3o e as solu\u00e7\u00f5es a serem implementadas.<\/p>\n<h2>Projetos em Andamento<\/h2>\n<p>Na 4\u00aa Sess\u00e3o Ordin\u00e1ria, foram apresentados v\u00e1rios projetos em andamentos que visam melhorias para o munic\u00edpio. Entre eles, destacam-se propostas relacionadas \u00e0 constru\u00e7\u00e3o de novas escolas, melhorias na sa\u00fade p\u00fablica e iniciativas de seguran\u00e7a. Vale a pena que os cidad\u00e3os acompanhem a evolu\u00e7\u00e3o desses projetos, pois eles s\u00e3o essenciais para o desenvolvimento de Cama\u00e7ari.<\/p>\n<h2>Agenda das Pr\u00f3ximas Sess\u00f5es<\/h2>\n<p>As pr\u00f3ximas sess\u00f5es ordin\u00e1rias est\u00e3o programadas para ocorrer todas \u00e0s ter\u00e7as e quintas, sempre \u00e0s 9h. Essa periodicidade oferece uma oportunidade constante de acompanhamento das atividades legislativas. A vota\u00e7\u00e3o de proposi\u00e7\u00f5es e a discuss\u00e3o sobre temas relevantes devem ser acompanhadas de perto por quem se interessa pelas decis\u00f5es que afetam a cidade.<\/p>\n<h2>Como Entrar em Contato com a C\u00e2mara<\/h2>\n<p>A comunica\u00e7\u00e3o com a C\u00e2mara Municipal de Cama\u00e7ari \u00e9 facilitada por meio de v\u00e1rios canais. Os cidad\u00e3os podem utilizar o e-mail da ouvidoria, <a href=\"mailto:ouvidoriacam@gmail.com\">ouvidoriacam@gmail.com<\/a>, ou entrar em contato pelo telefone **(71) 3621-6100**. Al\u00e9m disso, a C\u00e2mara disponibiliza um portal da transpar\u00eancia, que pode ser acessado atrav\u00e9s de seu site, permitindo que a comunidade tenha acesso a informa\u00e7\u00f5es detalhadas sobre as atividades legislativas e os gastos p\u00fablicos.<\/p>\n<div class=\"2410bb7248a64bb1f71103797e0f239b\" data-index=\"3\" style=\"float: none; margin:0px;\">\n<\/br><\/br>\r\n\r\n<ins class=\"adsbygoogle\"\r\n     style=\"display:block\"\r\n     data-ad-format=\"fluid\"\r\n     data-ad-layout-key=\"-63+do+n-1s+9e\"\r\n     data-ad-client=\"ca-pub-8585364105181520\"\r\n     data-ad-slot=\"6838462089\"><\/ins>\r\n<script>\r\n     (adsbygoogle = window.adsbygoogle || []).push({});\r\n<\/script>\n<\/div>\n\n<div style=\"font-size: 0px; height: 0px; line-height: 0px; margin: 0; padding: 0; clear: both;\"><\/div>","protected":false},"excerpt":{"rendered":"<p>Descubra tudo sobre a 4\u00aa Sess\u00e3o Ordin\u00e1ria e assista aos v\u00eddeos exclusivos.<\/p>\n","protected":false},"author":1,"featured_media":0,"comment_status":"open","ping_status":"closed","sticky":false,"template":"","format":"standard","meta":{"footnotes":""},"categories":[1],"tags":[],"class_list":["post-774","post","type-post","status-publish","format-standard","hentry","category-noticias-em-camacari"],"aioseo_notices":[],"aioseo_head":"\n\t\t<!-- All in One SEO 5.0.0.1 - aioseo.com -->\n\t<meta name=\"description\" content=\"Descubra tudo sobre a 4\u00aa Sess\u00e3o Ordin\u00e1ria e assista aos v\u00eddeos exclusivos.\" \/>\n\t<meta name=\"robots\" content=\"max-image-preview:large\" \/>\n\t<meta name=\"author\" content=\"Encontra Cama\u00e7ari\"\/>\n\t<link rel=\"canonical\" href=\"https:\/\/www.encontracamacari.com.br\/sobre\/4a-sessao-ordinaria-do-1o-periodo-legislativo\/\" \/>\n\t<meta name=\"generator\" content=\"All in One SEO (AIOSEO) 5.0.0.1\" \/>\n\t\t<meta property=\"og:locale\" content=\"pt_BR\" \/>\n\t\t<meta property=\"og:site_name\" content=\"Encontra Cama\u00e7ari - Not\u00edcias, eventos, informa\u00e7\u00f5es e dicas na cidade de Cama\u00e7ari e regi\u00e3o.\" \/>\n\t\t<meta property=\"og:type\" content=\"article\" \/>\n\t\t<meta property=\"og:title\" content=\"4\u00aa Sess\u00e3o Ordin\u00e1ria do 1\u00ba Per\u00edodo Legislativo - Encontra Cama\u00e7ari\" \/>\n\t\t<meta property=\"og:description\" content=\"Descubra tudo sobre a 4\u00aa Sess\u00e3o Ordin\u00e1ria e assista aos v\u00eddeos exclusivos.\" \/>\n\t\t<meta property=\"og:url\" content=\"https:\/\/www.encontracamacari.com.br\/sobre\/4a-sessao-ordinaria-do-1o-periodo-legislativo\/\" \/>\n\t\t<meta property=\"article:published_time\" content=\"2026-03-14T06:03:48+00:00\" \/>\n\t\t<meta property=\"article:modified_time\" content=\"2026-03-14T06:03:48+00:00\" \/>\n\t\t<meta name=\"twitter:card\" content=\"summary_large_image\" \/>\n\t\t<meta name=\"twitter:title\" content=\"4\u00aa Sess\u00e3o Ordin\u00e1ria do 1\u00ba Per\u00edodo Legislativo - Encontra Cama\u00e7ari\" \/>\n\t\t<meta name=\"twitter:description\" content=\"Descubra tudo sobre a 4\u00aa Sess\u00e3o Ordin\u00e1ria e assista aos v\u00eddeos exclusivos.\" \/>\n\t\t<script type=\"application\/ld+json\" class=\"aioseo-schema\">\n\t\t\t{\"@context\":\"https:\\\/\\\/schema.org\",\"@graph\":[{\"@type\":\"BlogPosting\",\"@id\":\"https:\\\/\\\/www.encontracamacari.com.br\\\/sobre\\\/4a-sessao-ordinaria-do-1o-periodo-legislativo\\\/#blogposting\",\"name\":\"4\\u00aa Sess\\u00e3o Ordin\\u00e1ria do 1\\u00ba Per\\u00edodo Legislativo - Encontra Cama\\u00e7ari\",\"headline\":\"4\\u00aa Sess\\u00e3o Ordin\\u00e1ria do 1\\u00ba Per\\u00edodo Legislativo\",\"author\":{\"@id\":\"https:\\\/\\\/www.encontracamacari.com.br\\\/sobre\\\/author\\\/ecamacari\\\/#author\"},\"publisher\":{\"@id\":\"https:\\\/\\\/www.encontracamacari.com.br\\\/sobre\\\/#organization\"},\"datePublished\":\"2026-03-14T06:03:48+00:00\",\"dateModified\":\"2026-03-14T06:03:48+00:00\",\"inLanguage\":\"pt-BR\",\"mainEntityOfPage\":{\"@id\":\"https:\\\/\\\/www.encontracamacari.com.br\\\/sobre\\\/4a-sessao-ordinaria-do-1o-periodo-legislativo\\\/#webpage\"},\"isPartOf\":{\"@id\":\"https:\\\/\\\/www.encontracamacari.com.br\\\/sobre\\\/4a-sessao-ordinaria-do-1o-periodo-legislativo\\\/#webpage\"},\"articleSection\":\"Not\\u00edcias Cama\\u00e7ari\"},{\"@type\":\"BreadcrumbList\",\"@id\":\"https:\\\/\\\/www.encontracamacari.com.br\\\/sobre\\\/4a-sessao-ordinaria-do-1o-periodo-legislativo\\\/#breadcrumblist\",\"itemListElement\":[{\"@type\":\"ListItem\",\"@id\":\"https:\\\/\\\/www.encontracamacari.com.br\\\/sobre#listItem\",\"position\":1,\"name\":\"Home\",\"item\":\"https:\\\/\\\/www.encontracamacari.com.br\\\/sobre\",\"nextItem\":{\"@type\":\"ListItem\",\"@id\":\"https:\\\/\\\/www.encontracamacari.com.br\\\/sobre\\\/noticias-em-camacari\\\/#listItem\",\"name\":\"Not\\u00edcias Cama\\u00e7ari\"}},{\"@type\":\"ListItem\",\"@id\":\"https:\\\/\\\/www.encontracamacari.com.br\\\/sobre\\\/noticias-em-camacari\\\/#listItem\",\"position\":2,\"name\":\"Not\\u00edcias Cama\\u00e7ari\",\"item\":\"https:\\\/\\\/www.encontracamacari.com.br\\\/sobre\\\/noticias-em-camacari\\\/\",\"nextItem\":{\"@type\":\"ListItem\",\"@id\":\"https:\\\/\\\/www.encontracamacari.com.br\\\/sobre\\\/4a-sessao-ordinaria-do-1o-periodo-legislativo\\\/#listItem\",\"name\":\"4\\u00aa Sess\\u00e3o Ordin\\u00e1ria do 1\\u00ba Per\\u00edodo Legislativo\"},\"previousItem\":{\"@type\":\"ListItem\",\"@id\":\"https:\\\/\\\/www.encontracamacari.com.br\\\/sobre#listItem\",\"name\":\"Home\"}},{\"@type\":\"ListItem\",\"@id\":\"https:\\\/\\\/www.encontracamacari.com.br\\\/sobre\\\/4a-sessao-ordinaria-do-1o-periodo-legislativo\\\/#listItem\",\"position\":3,\"name\":\"4\\u00aa Sess\\u00e3o Ordin\\u00e1ria do 1\\u00ba Per\\u00edodo Legislativo\",\"previousItem\":{\"@type\":\"ListItem\",\"@id\":\"https:\\\/\\\/www.encontracamacari.com.br\\\/sobre\\\/noticias-em-camacari\\\/#listItem\",\"name\":\"Not\\u00edcias Cama\\u00e7ari\"}}]},{\"@type\":\"Organization\",\"@id\":\"https:\\\/\\\/www.encontracamacari.com.br\\\/sobre\\\/#organization\",\"name\":\"Encontra Cama\\u00e7ari\",\"description\":\"Not\\u00edcias, eventos, informa\\u00e7\\u00f5es e dicas na cidade de Cama\\u00e7ari e regi\\u00e3o.\",\"url\":\"https:\\\/\\\/www.encontracamacari.com.br\\\/sobre\\\/\"},{\"@type\":\"Person\",\"@id\":\"https:\\\/\\\/www.encontracamacari.com.br\\\/sobre\\\/author\\\/ecamacari\\\/#author\",\"url\":\"https:\\\/\\\/www.encontracamacari.com.br\\\/sobre\\\/author\\\/ecamacari\\\/\",\"name\":\"Encontra Cama\\u00e7ari\",\"image\":{\"@type\":\"ImageObject\",\"@id\":\"https:\\\/\\\/www.encontracamacari.com.br\\\/sobre\\\/4a-sessao-ordinaria-do-1o-periodo-legislativo\\\/#authorImage\",\"url\":\"https:\\\/\\\/secure.gravatar.com\\\/avatar\\\/507340682b8270222e1f208e23198b6ae7e2c6a1033ae84e99bc6bce4f82a387?s=96&d=mm&r=g\",\"width\":96,\"height\":96,\"caption\":\"Encontra Cama\\u00e7ari\"}},{\"@type\":\"WebPage\",\"@id\":\"https:\\\/\\\/www.encontracamacari.com.br\\\/sobre\\\/4a-sessao-ordinaria-do-1o-periodo-legislativo\\\/#webpage\",\"url\":\"https:\\\/\\\/www.encontracamacari.com.br\\\/sobre\\\/4a-sessao-ordinaria-do-1o-periodo-legislativo\\\/\",\"name\":\"4\\u00aa Sess\\u00e3o Ordin\\u00e1ria do 1\\u00ba Per\\u00edodo Legislativo - Encontra Cama\\u00e7ari\",\"description\":\"Descubra tudo sobre a 4\\u00aa Sess\\u00e3o Ordin\\u00e1ria e assista aos v\\u00eddeos exclusivos.\",\"inLanguage\":\"pt-BR\",\"isPartOf\":{\"@id\":\"https:\\\/\\\/www.encontracamacari.com.br\\\/sobre\\\/#website\"},\"breadcrumb\":{\"@id\":\"https:\\\/\\\/www.encontracamacari.com.br\\\/sobre\\\/4a-sessao-ordinaria-do-1o-periodo-legislativo\\\/#breadcrumblist\"},\"author\":{\"@id\":\"https:\\\/\\\/www.encontracamacari.com.br\\\/sobre\\\/author\\\/ecamacari\\\/#author\"},\"creator\":{\"@id\":\"https:\\\/\\\/www.encontracamacari.com.br\\\/sobre\\\/author\\\/ecamacari\\\/#author\"},\"datePublished\":\"2026-03-14T06:03:48+00:00\",\"dateModified\":\"2026-03-14T06:03:48+00:00\"},{\"@type\":\"WebSite\",\"@id\":\"https:\\\/\\\/www.encontracamacari.com.br\\\/sobre\\\/#website\",\"url\":\"https:\\\/\\\/www.encontracamacari.com.br\\\/sobre\\\/\",\"name\":\"Encontra Cama\\u00e7ari\",\"description\":\"Not\\u00edcias, eventos, informa\\u00e7\\u00f5es e dicas na cidade de Cama\\u00e7ari e regi\\u00e3o.\",\"inLanguage\":\"pt-BR\",\"publisher\":{\"@id\":\"https:\\\/\\\/www.encontracamacari.com.br\\\/sobre\\\/#organization\"}}]}\n\t\t<\/script>\n\t\t<!-- All in One SEO -->\n\n","aioseo_head_json":{"title":"4\u00aa Sess\u00e3o Ordin\u00e1ria do 1\u00ba Per\u00edodo Legislativo - Encontra Cama\u00e7ari","description":"Descubra tudo sobre a 4\u00aa Sess\u00e3o Ordin\u00e1ria e assista aos v\u00eddeos exclusivos.","canonical_url":"https:\/\/www.encontracamacari.com.br\/sobre\/4a-sessao-ordinaria-do-1o-periodo-legislativo\/","robots":"max-image-preview:large","keywords":"","webmasterTools":{"miscellaneous":""},"schema":{"@context":"https:\/\/schema.org","@graph":[{"@type":"BlogPosting","@id":"https:\/\/www.encontracamacari.com.br\/sobre\/4a-sessao-ordinaria-do-1o-periodo-legislativo\/#blogposting","name":"4\u00aa Sess\u00e3o Ordin\u00e1ria do 1\u00ba Per\u00edodo Legislativo - Encontra Cama\u00e7ari","headline":"4\u00aa Sess\u00e3o Ordin\u00e1ria do 1\u00ba Per\u00edodo Legislativo","author":{"@id":"https:\/\/www.encontracamacari.com.br\/sobre\/author\/ecamacari\/#author"},"publisher":{"@id":"https:\/\/www.encontracamacari.com.br\/sobre\/#organization"},"datePublished":"2026-03-14T06:03:48+00:00","dateModified":"2026-03-14T06:03:48+00:00","inLanguage":"pt-BR","mainEntityOfPage":{"@id":"https:\/\/www.encontracamacari.com.br\/sobre\/4a-sessao-ordinaria-do-1o-periodo-legislativo\/#webpage"},"isPartOf":{"@id":"https:\/\/www.encontracamacari.com.br\/sobre\/4a-sessao-ordinaria-do-1o-periodo-legislativo\/#webpage"},"articleSection":"Not\u00edcias Cama\u00e7ari"},{"@type":"BreadcrumbList","@id":"https:\/\/www.encontracamacari.com.br\/sobre\/4a-sessao-ordinaria-do-1o-periodo-legislativo\/#breadcrumblist","itemListElement":[{"@type":"ListItem","@id":"https:\/\/www.encontracamacari.com.br\/sobre#listItem","position":1,"name":"Home","item":"https:\/\/www.encontracamacari.com.br\/sobre","nextItem":{"@type":"ListItem","@id":"https:\/\/www.encontracamacari.com.br\/sobre\/noticias-em-camacari\/#listItem","name":"Not\u00edcias Cama\u00e7ari"}},{"@type":"ListItem","@id":"https:\/\/www.encontracamacari.com.br\/sobre\/noticias-em-camacari\/#listItem","position":2,"name":"Not\u00edcias Cama\u00e7ari","item":"https:\/\/www.encontracamacari.com.br\/sobre\/noticias-em-camacari\/","nextItem":{"@type":"ListItem","@id":"https:\/\/www.encontracamacari.com.br\/sobre\/4a-sessao-ordinaria-do-1o-periodo-legislativo\/#listItem","name":"4\u00aa Sess\u00e3o Ordin\u00e1ria do 1\u00ba Per\u00edodo Legislativo"},"previousItem":{"@type":"ListItem","@id":"https:\/\/www.encontracamacari.com.br\/sobre#listItem","name":"Home"}},{"@type":"ListItem","@id":"https:\/\/www.encontracamacari.com.br\/sobre\/4a-sessao-ordinaria-do-1o-periodo-legislativo\/#listItem","position":3,"name":"4\u00aa Sess\u00e3o Ordin\u00e1ria do 1\u00ba Per\u00edodo Legislativo","previousItem":{"@type":"ListItem","@id":"https:\/\/www.encontracamacari.com.br\/sobre\/noticias-em-camacari\/#listItem","name":"Not\u00edcias Cama\u00e7ari"}}]},{"@type":"Organization","@id":"https:\/\/www.encontracamacari.com.br\/sobre\/#organization","name":"Encontra Cama\u00e7ari","description":"Not\u00edcias, eventos, informa\u00e7\u00f5es e dicas na cidade de Cama\u00e7ari e regi\u00e3o.","url":"https:\/\/www.encontracamacari.com.br\/sobre\/"},{"@type":"Person","@id":"https:\/\/www.encontracamacari.com.br\/sobre\/author\/ecamacari\/#author","url":"https:\/\/www.encontracamacari.com.br\/sobre\/author\/ecamacari\/","name":"Encontra Cama\u00e7ari","image":{"@type":"ImageObject","@id":"https:\/\/www.encontracamacari.com.br\/sobre\/4a-sessao-ordinaria-do-1o-periodo-legislativo\/#authorImage","url":"https:\/\/secure.gravatar.com\/avatar\/507340682b8270222e1f208e23198b6ae7e2c6a1033ae84e99bc6bce4f82a387?s=96&d=mm&r=g","width":96,"height":96,"caption":"Encontra Cama\u00e7ari"}},{"@type":"WebPage","@id":"https:\/\/www.encontracamacari.com.br\/sobre\/4a-sessao-ordinaria-do-1o-periodo-legislativo\/#webpage","url":"https:\/\/www.encontracamacari.com.br\/sobre\/4a-sessao-ordinaria-do-1o-periodo-legislativo\/","name":"4\u00aa Sess\u00e3o Ordin\u00e1ria do 1\u00ba Per\u00edodo Legislativo - Encontra Cama\u00e7ari","description":"Descubra tudo sobre a 4\u00aa Sess\u00e3o Ordin\u00e1ria e assista aos v\u00eddeos exclusivos.","inLanguage":"pt-BR","isPartOf":{"@id":"https:\/\/www.encontracamacari.com.br\/sobre\/#website"},"breadcrumb":{"@id":"https:\/\/www.encontracamacari.com.br\/sobre\/4a-sessao-ordinaria-do-1o-periodo-legislativo\/#breadcrumblist"},"author":{"@id":"https:\/\/www.encontracamacari.com.br\/sobre\/author\/ecamacari\/#author"},"creator":{"@id":"https:\/\/www.encontracamacari.com.br\/sobre\/author\/ecamacari\/#author"},"datePublished":"2026-03-14T06:03:48+00:00","dateModified":"2026-03-14T06:03:48+00:00"},{"@type":"WebSite","@id":"https:\/\/www.encontracamacari.com.br\/sobre\/#website","url":"https:\/\/www.encontracamacari.com.br\/sobre\/","name":"Encontra Cama\u00e7ari","description":"Not\u00edcias, eventos, informa\u00e7\u00f5es e dicas na cidade de Cama\u00e7ari e regi\u00e3o.","inLanguage":"pt-BR","publisher":{"@id":"https:\/\/www.encontracamacari.com.br\/sobre\/#organization"}}]},"og:locale":"pt_BR","og:site_name":"Encontra Cama\u00e7ari - Not\u00edcias, eventos, informa\u00e7\u00f5es e dicas na cidade de Cama\u00e7ari e regi\u00e3o.","og:type":"article","og:title":"4\u00aa Sess\u00e3o Ordin\u00e1ria do 1\u00ba Per\u00edodo Legislativo - Encontra Cama\u00e7ari","og:description":"Descubra tudo sobre a 4\u00aa Sess\u00e3o Ordin\u00e1ria e assista aos v\u00eddeos exclusivos.","og:url":"https:\/\/www.encontracamacari.com.br\/sobre\/4a-sessao-ordinaria-do-1o-periodo-legislativo\/","article:published_time":"2026-03-14T06:03:48+00:00","article:modified_time":"2026-03-14T06:03:48+00:00","twitter:card":"summary_large_image","twitter:title":"4\u00aa Sess\u00e3o Ordin\u00e1ria do 1\u00ba Per\u00edodo Legislativo - Encontra Cama\u00e7ari","twitter:description":"Descubra tudo sobre a 4\u00aa Sess\u00e3o Ordin\u00e1ria e assista aos v\u00eddeos exclusivos."},"aioseo_meta_data":{"post_id":"774","title":null,"description":null,"keywords":null,"keyphrases":null,"primary_term":null,"canonical_url":null,"og_title":null,"og_description":null,"og_object_type":"default","og_image_type":"default","og_image_url":null,"og_image_width":null,"og_image_height":null,"og_image_custom_url":null,"og_image_custom_fields":null,"og_video":null,"og_custom_url":null,"og_article_section":null,"og_article_tags":null,"twitter_use_og":false,"twitter_card":"default","twitter_image_type":"default","twitter_image_url":null,"twitter_image_custom_url":null,"twitter_image_custom_fields":null,"twitter_title":null,"twitter_description":null,"schema":{"blockGraphs":[],"customGraphs":[],"default":{"data":{"Article":[],"Course":[],"Dataset":[],"FAQPage":[],"Movie":[],"Person":[],"Product":[],"ProductReview":[],"Car":[],"Recipe":[],"Service":[],"SoftwareApplication":[],"WebPage":[]},"graphName":"BlogPosting","isEnabled":true},"graphs":[]},"schema_type":"default","schema_type_options":null,"pillar_content":false,"robots_default":true,"robots_noindex":false,"robots_noarchive":false,"robots_nosnippet":false,"robots_nofollow":false,"robots_noimageindex":false,"robots_noodp":false,"robots_notranslate":false,"robots_max_snippet":null,"robots_max_videopreview":null,"robots_max_imagepreview":"large","priority":null,"frequency":null,"local_seo":null,"limit_modified_date":false,"created":"2026-03-14 06:03:51","updated":"2026-08-06 01:28:06","focus_keyword":null,"additional_keywords":null,"truseo_locale":null,"ai":null,"breadcrumb_settings":null,"seo_analyzer_scan_date":null},"aioseo_breadcrumb":"<div class=\"aioseo-breadcrumbs\"><span class=\"aioseo-breadcrumb\">\n\t\t\t<a href=\"https:\/\/www.encontracamacari.com.br\/sobre\" title=\"Home\">Home<\/a>\n\t\t<\/span><span class=\"aioseo-breadcrumb-separator\">&raquo;<\/span><span class=\"aioseo-breadcrumb\">\n\t\t\t<a href=\"https:\/\/www.encontracamacari.com.br\/sobre\/noticias-em-camacari\/\" title=\"Not\u00edcias Cama\u00e7ari\">Not\u00edcias Cama\u00e7ari<\/a>\n\t\t<\/span><span class=\"aioseo-breadcrumb-separator\">&raquo;<\/span><span class=\"aioseo-breadcrumb\">\n\t\t\t4\u00aa Sess\u00e3o Ordin\u00e1ria do 1\u00ba Per\u00edodo Legislativo\n\t\t<\/span><\/div>","aioseo_breadcrumb_json":[{"label":"Home","link":"https:\/\/www.encontracamacari.com.br\/sobre"},{"label":"Not\u00edcias Cama\u00e7ari","link":"https:\/\/www.encontracamacari.com.br\/sobre\/noticias-em-camacari\/"},{"label":"4\u00aa Sess\u00e3o Ordin\u00e1ria do 1\u00ba Per\u00edodo Legislativo","link":"https:\/\/www.encontracamacari.com.br\/sobre\/4a-sessao-ordinaria-do-1o-periodo-legislativo\/"}],"_links":{"self":[{"href":"https:\/\/www.encontracamacari.com.br\/sobre\/wp-json\/wp\/v2\/posts\/774","targetHints":{"allow":["GET"]}}],"collection":[{"href":"https:\/\/www.encontracamacari.com.br\/sobre\/wp-json\/wp\/v2\/posts"}],"about":[{"href":"https:\/\/www.encontracamacari.com.br\/sobre\/wp-json\/wp\/v2\/types\/post"}],"author":[{"embeddable":true,"href":"https:\/\/www.encontracamacari.com.br\/sobre\/wp-json\/wp\/v2\/users\/1"}],"replies":[{"embeddable":true,"href":"https:\/\/www.encontracamacari.com.br\/sobre\/wp-json\/wp\/v2\/comments?post=774"}],"version-history":[{"count":0,"href":"https:\/\/www.encontracamacari.com.br\/sobre\/wp-json\/wp\/v2\/posts\/774\/revisions"}],"wp:attachment":[{"href":"https:\/\/www.encontracamacari.com.br\/sobre\/wp-json\/wp\/v2\/media?parent=774"}],"wp:term":[{"taxonomy":"category","embeddable":true,"href":"https:\/\/www.encontracamacari.com.br\/sobre\/wp-json\/wp\/v2\/categories?post=774"},{"taxonomy":"post_tag","embeddable":true,"href":"https:\/\/www.encontracamacari.com.br\/sobre\/wp-json\/wp\/v2\/tags?post=774"}],"curies":[{"name":"wp","href":"https:\/\/api.w.org\/{rel}","templated":true}]}}