{"id":761,"date":"2026-03-08T06:03:23","date_gmt":"2026-03-08T06:03:23","guid":{"rendered":"https:\/\/www.encontracamacari.com.br\/sobre\/investimentos-do-novo-pac-reforcam-unidades-basicas-de-saude-em-camacari\/"},"modified":"2026-03-08T06:03:23","modified_gmt":"2026-03-08T06:03:23","slug":"investimentos-do-novo-pac-reforcam-unidades-basicas-de-saude-em-camacari","status":"publish","type":"post","link":"https:\/\/www.encontracamacari.com.br\/sobre\/investimentos-do-novo-pac-reforcam-unidades-basicas-de-saude-em-camacari\/","title":{"rendered":"Investimentos do Novo PAC refor\u00e7am Unidades B\u00e1sicas de Sa\u00fade em Cama\u00e7ari"},"content":{"rendered":"<div class=\"2410bb7248a64bb1f71103797e0f239b\" data-index=\"1\" style=\"float: none; margin:0px;\">\n<ins class=\"adsbygoogle\"\r\n     style=\"display:block\"\r\n     data-ad-client=\"ca-pub-8585364105181520\"\r\n     data-ad-slot=\"8789329856\"\r\n     data-ad-format=\"auto\"\r\n     data-full-width-responsive=\"true\"><\/ins>\r\n<script>\r\n     (adsbygoogle = window.adsbygoogle || []).push({});\r\n<\/script>\n<\/div>\n<h2>Contexto dos Investimentos na Sa\u00fade<\/h2>\n<p>No cen\u00e1rio atual do Brasil, os investimentos em sa\u00fade s\u00e3o fundamentais para a melhoria da qualidade de vida da popula\u00e7\u00e3o. Em especial, o munic\u00edpio de Cama\u00e7ari tem se destacado na implementa\u00e7\u00e3o de a\u00e7\u00f5es voltadas para o fortalecimento da Aten\u00e7\u00e3o Prim\u00e1ria \u00e0 Sa\u00fade. Tais iniciativas s\u00e3o essenciais para garantir servi\u00e7os de sa\u00fade de qualidade e acess\u00edveis a todos os cidad\u00e3os.<\/p>\n<h2>O que \u00e9 o Novo PAC?<\/h2>\n<p>O Novo Programa de Acelera\u00e7\u00e3o do Crescimento (Novo PAC) \u00e9 uma iniciativa do governo federal que visa promover o desenvolvimento econ\u00f4mico e social atrav\u00e9s de investimentos em infraestrutura e servi\u00e7os essenciais, como a sa\u00fade. Este programa tem como foco a moderniza\u00e7\u00e3o de unidades de sa\u00fade e a melhoria das condi\u00e7\u00f5es de atendimento, visando proporcionar maior efic\u00e1cia e efici\u00eancia no servi\u00e7o p\u00fablico de sa\u00fade.<\/p>\n<h2>Equipamentos Modernos para UBS<\/h2>\n<p>Como parte dos esfor\u00e7os do Novo PAC, Cama\u00e7ari recebeu a entrega de 10 combos de equipamentos destinados \u00e0s Unidades B\u00e1sicas de Sa\u00fade (UBS). Esses kits s\u00e3o compostos por itens modernos, como:<\/p>\n<ul>\n<li><strong>Retin\u00f3grafo port\u00e1til:<\/strong> Ferramenta essencial para exames de fundo de olho.<\/li>\n<li><strong>Dermatosc\u00f3pio digital:<\/strong> Equipamento que auxilia na detec\u00e7\u00e3o de condi\u00e7\u00f5es dermatol\u00f3gicas.<\/li>\n<li><strong>Doppler vascular:<\/strong> Utilizado para avaliar a circula\u00e7\u00e3o sangu\u00ednea.<\/li>\n<li><strong>Desfibrilador externo autom\u00e1tico:<\/strong> Crucial em situa\u00e7\u00f5es de emerg\u00eancia card\u00edaca.<\/li>\n<li><strong>Eletrocardi\u00f3grafo:<\/strong> Equipamento que monitora a atividade el\u00e9trica do cora\u00e7\u00e3o.<\/li>\n<li><strong>Espir\u00f4metro digital:<\/strong> Utilizado para medir a capacidade pulmonar.<\/li>\n<li><strong>Ultrassom para fisioterapia:<\/strong> Essencial para diversos tratamentos de reabilita\u00e7\u00e3o.<\/li>\n<li><strong>C\u00e2mara fria exclusiva para vacinas:<\/strong> Mant\u00e9m as vacinas em condi\u00e7\u00f5es adequadas para garantir sua efic\u00e1cia.<\/li>\n<\/ul>\n<p>A inclus\u00e3o de tecnologia de ponta nos servi\u00e7os de sa\u00fade \u00e9 um passo importante para modernizar e otimizar o atendimento aos pacientes.<\/p>\n<h2>Benef\u00edcios para a Popula\u00e7\u00e3o de Cama\u00e7ari<\/h2>\n<p>Os investimentos em sa\u00fade trazem uma s\u00e9rie de benef\u00edcios diretos para a popula\u00e7\u00e3o de Cama\u00e7ari. O fortalecimento da Aten\u00e7\u00e3o Prim\u00e1ria contribui para:<\/p><div class=\"2410bb7248a64bb1f71103797e0f239b\" data-index=\"2\" style=\"float: none; margin:0px;\">\n<ins class=\"adsbygoogle\"\r\n     style=\"display:block; text-align:center;\"\r\n     data-ad-layout=\"in-article\"\r\n     data-ad-format=\"fluid\"\r\n     data-ad-client=\"ca-pub-8585364105181520\"\r\n     data-ad-slot=\"2899217073\"><\/ins>\r\n<script>\r\n     (adsbygoogle = window.adsbygoogle || []).push({});\r\n<\/script>\r\n\r\n<\/br><\/br>\n<\/div>\n\n<ul>\n<li><strong>Melhora na Acesso ao Atendimento:<\/strong> Com mais recursos, as UBS podem atender um n\u00famero maior de pacientes, reduzindo filas e tempos de espera.<\/li>\n<li><strong>Qualidade nos Servi\u00e7os:<\/strong> A moderniza\u00e7\u00e3o dos equipamentos resulta em diagn\u00f3sticos mais precisos e tratamentos mais eficazes.<\/li>\n<li><strong>Preven\u00e7\u00e3o de Doen\u00e7as:<\/strong> Equipamentos adequados auxiliam na detec\u00e7\u00e3o precoce de doen\u00e7as, melhorando as chances de sucesso no tratamento.<\/li>\n<li><strong>Aumento da Satisfa\u00e7\u00e3o dos Usu\u00e1rios:<\/strong> Pacientes tendem a ter uma experi\u00eancia mais positiva ao receber atendimento em unidades bem equipadas.<\/li>\n<\/ul>\n<h2>Mais Recursos para o Sistema \u00danico de Sa\u00fade<\/h2>\n<p>O Novo PAC destina um total de R$ 345 milh\u00f5es \u00e0 sa\u00fade na Bahia, com a inten\u00e7\u00e3o espec\u00edfica de ampliar a assist\u00eancia especializada e fortalecer a Aten\u00e7\u00e3o Prim\u00e1ria. Essa inje\u00e7\u00e3o de recursos \u00e9 vital para manter e expandir os servi\u00e7os oferecidos pelo Sistema \u00danico de Sa\u00fade (SUS), garantindo que mais pessoas tenham acesso a cuidados m\u00e9dicos adequados.<\/p>\n<h2>Parceria entre Uni\u00e3o, Estado e Munic\u00edpio<\/h2>\n<p>O sucesso dos investimentos em sa\u00fade em Cama\u00e7ari tamb\u00e9m se deve \u00e0 s\u00f3lida parceria entre os governos federal, estadual e municipal. Essa colabora\u00e7\u00e3o tem permitido a articula\u00e7\u00e3o de esfor\u00e7os em v\u00e1rias frentes, assegurando que os recursos sejam utilizados de forma eficaz e que as necessidades da popula\u00e7\u00e3o sejam atendidas de maneira integrada.<\/p>\n<h2>Constru\u00e7\u00e3o de Nova UBS em Jardim Limoeiro<\/h2>\n<p>Al\u00e9m dos equipamentos, o programa inclui a constru\u00e7\u00e3o de uma nova Unidade B\u00e1sica de Sa\u00fade (UBS) no bairro Jardim Limoeiro, com um investimento superior a R$ 4,1 milh\u00f5es. Essa nova unidade \u00e9 parte da estrat\u00e9gia para expandir a cobertura de sa\u00fade no munic\u00edpio, especialmente em \u00e1reas mais carentes, onde a demanda por servi\u00e7os de sa\u00fade \u00e9 significativa.<\/p>\n<h2>Impactos Esperados na Aten\u00e7\u00e3o Prim\u00e1ria<\/h2>\n<p>Os impactos dos novos investimentos na sa\u00fade na Aten\u00e7\u00e3o Prim\u00e1ria em Cama\u00e7ari s\u00e3o promissores. Espera-se que, com a introdu\u00e7\u00e3o de equipamentos modernos e de uma nova UBS, a comunidade tenha uma resposta mais \u00e1gil e abrangente \u00e0s suas necessidades de sa\u00fade. O foco em preven\u00e7\u00e3o e diagn\u00f3stico precoce pode reduzir a incid\u00eancia de doen\u00e7as mais graves, permitindo um gerenciamento mais eficaz da sa\u00fade p\u00fablica.<\/p>\n<h2>A Opini\u00e3o do Prefeito Luiz Caetano<\/h2>\n<p>O prefeito de Cama\u00e7ari, Luiz Caetano, ressaltou durante a cerim\u00f4nia de entrega dos equipamentos, a import\u00e2ncia da sinergia entre os diferentes n\u00edveis de governo. Ele afirmou: \u201cMais sa\u00fade pra Bahia, mais sa\u00fade pra Cama\u00e7ari. De forma unida com os governos federal e do estado podemos levar para as pessoas a\u00e7\u00f5es como essa. A vinda de novos equipamentos fortalece a sa\u00fade p\u00fablica da nossa cidade, modernizando os atendimentos.\u201d Essa vis\u00e3o colaborativa \u00e9 fundamental para o sucesso das iniciativas de sa\u00fade no munic\u00edpio.<\/p>\n<h2>Futuro da Sa\u00fade em Cama\u00e7ari<\/h2>\n<p>Com os investimentos promovidos pelo Novo PAC, o futuro da sa\u00fade em Cama\u00e7ari se apresenta de maneira otimista. A expectativa \u00e9 que, com o fortalecimento das UBS e a constru\u00e7\u00e3o de novas unidades, mais cidad\u00e3os tenham acesso a servi\u00e7os de sa\u00fade de qualidade. Essa transforma\u00e7\u00e3o n\u00e3o apenas beneficiar\u00e1 a sa\u00fade da popula\u00e7\u00e3o, mas tamb\u00e9m contribuir\u00e1 para um desenvolvimento social e econ\u00f4mico mais sustent\u00e1vel e integrado na regi\u00e3o.<\/p>\n<div class=\"2410bb7248a64bb1f71103797e0f239b\" data-index=\"3\" style=\"float: none; margin:0px;\">\n<\/br><\/br>\r\n\r\n<ins class=\"adsbygoogle\"\r\n     style=\"display:block\"\r\n     data-ad-format=\"fluid\"\r\n     data-ad-layout-key=\"-63+do+n-1s+9e\"\r\n     data-ad-client=\"ca-pub-8585364105181520\"\r\n     data-ad-slot=\"6838462089\"><\/ins>\r\n<script>\r\n     (adsbygoogle = window.adsbygoogle || []).push({});\r\n<\/script>\n<\/div>\n\n<div style=\"font-size: 0px; height: 0px; line-height: 0px; margin: 0; padding: 0; clear: both;\"><\/div>","protected":false},"excerpt":{"rendered":"<p>Investimentos do Novo PAC transformam a sa\u00fade em Cama\u00e7ari.<\/p>\n","protected":false},"author":1,"featured_media":0,"comment_status":"open","ping_status":"closed","sticky":false,"template":"","format":"standard","meta":{"footnotes":""},"categories":[20],"tags":[],"class_list":["post-761","post","type-post","status-publish","format-standard","hentry","category-saude-em-camacari"],"aioseo_notices":[],"aioseo_head":"\n\t\t<!-- All in One SEO 5.0.0.1 - aioseo.com -->\n\t<meta name=\"description\" content=\"Investimentos do Novo PAC transformam a sa\u00fade em Cama\u00e7ari.\" \/>\n\t<meta name=\"robots\" content=\"max-image-preview:large\" \/>\n\t<meta name=\"author\" content=\"Encontra Cama\u00e7ari\"\/>\n\t<link rel=\"canonical\" href=\"https:\/\/www.encontracamacari.com.br\/sobre\/investimentos-do-novo-pac-reforcam-unidades-basicas-de-saude-em-camacari\/\" \/>\n\t<meta name=\"generator\" content=\"All in One SEO (AIOSEO) 5.0.0.1\" \/>\n\t\t<meta property=\"og:locale\" content=\"pt_BR\" \/>\n\t\t<meta property=\"og:site_name\" content=\"Encontra Cama\u00e7ari - Not\u00edcias, eventos, informa\u00e7\u00f5es e dicas na cidade de Cama\u00e7ari e regi\u00e3o.\" \/>\n\t\t<meta property=\"og:type\" content=\"article\" \/>\n\t\t<meta property=\"og:title\" content=\"Investimentos do Novo PAC refor\u00e7am Unidades B\u00e1sicas de Sa\u00fade em Cama\u00e7ari - Encontra Cama\u00e7ari\" \/>\n\t\t<meta property=\"og:description\" content=\"Investimentos do Novo PAC transformam a sa\u00fade em Cama\u00e7ari.\" \/>\n\t\t<meta property=\"og:url\" content=\"https:\/\/www.encontracamacari.com.br\/sobre\/investimentos-do-novo-pac-reforcam-unidades-basicas-de-saude-em-camacari\/\" \/>\n\t\t<meta property=\"article:published_time\" content=\"2026-03-08T06:03:23+00:00\" \/>\n\t\t<meta property=\"article:modified_time\" content=\"2026-03-08T06:03:23+00:00\" \/>\n\t\t<meta name=\"twitter:card\" content=\"summary_large_image\" \/>\n\t\t<meta name=\"twitter:title\" content=\"Investimentos do Novo PAC refor\u00e7am Unidades B\u00e1sicas de Sa\u00fade em Cama\u00e7ari - Encontra Cama\u00e7ari\" \/>\n\t\t<meta name=\"twitter:description\" content=\"Investimentos do Novo PAC transformam a sa\u00fade em Cama\u00e7ari.\" \/>\n\t\t<script type=\"application\/ld+json\" class=\"aioseo-schema\">\n\t\t\t{\"@context\":\"https:\\\/\\\/schema.org\",\"@graph\":[{\"@type\":\"BlogPosting\",\"@id\":\"https:\\\/\\\/www.encontracamacari.com.br\\\/sobre\\\/investimentos-do-novo-pac-reforcam-unidades-basicas-de-saude-em-camacari\\\/#blogposting\",\"name\":\"Investimentos do Novo PAC refor\\u00e7am Unidades B\\u00e1sicas de Sa\\u00fade em Cama\\u00e7ari - Encontra Cama\\u00e7ari\",\"headline\":\"Investimentos do Novo PAC refor\\u00e7am Unidades B\\u00e1sicas de Sa\\u00fade em Cama\\u00e7ari\",\"author\":{\"@id\":\"https:\\\/\\\/www.encontracamacari.com.br\\\/sobre\\\/author\\\/ecamacari\\\/#author\"},\"publisher\":{\"@id\":\"https:\\\/\\\/www.encontracamacari.com.br\\\/sobre\\\/#organization\"},\"datePublished\":\"2026-03-08T06:03:23+00:00\",\"dateModified\":\"2026-03-08T06:03:23+00:00\",\"inLanguage\":\"pt-BR\",\"mainEntityOfPage\":{\"@id\":\"https:\\\/\\\/www.encontracamacari.com.br\\\/sobre\\\/investimentos-do-novo-pac-reforcam-unidades-basicas-de-saude-em-camacari\\\/#webpage\"},\"isPartOf\":{\"@id\":\"https:\\\/\\\/www.encontracamacari.com.br\\\/sobre\\\/investimentos-do-novo-pac-reforcam-unidades-basicas-de-saude-em-camacari\\\/#webpage\"},\"articleSection\":\"Sa\\u00fade Cama\\u00e7ari\"},{\"@type\":\"BreadcrumbList\",\"@id\":\"https:\\\/\\\/www.encontracamacari.com.br\\\/sobre\\\/investimentos-do-novo-pac-reforcam-unidades-basicas-de-saude-em-camacari\\\/#breadcrumblist\",\"itemListElement\":[{\"@type\":\"ListItem\",\"@id\":\"https:\\\/\\\/www.encontracamacari.com.br\\\/sobre#listItem\",\"position\":1,\"name\":\"Home\",\"item\":\"https:\\\/\\\/www.encontracamacari.com.br\\\/sobre\",\"nextItem\":{\"@type\":\"ListItem\",\"@id\":\"https:\\\/\\\/www.encontracamacari.com.br\\\/sobre\\\/saude-em-camacari\\\/#listItem\",\"name\":\"Sa\\u00fade Cama\\u00e7ari\"}},{\"@type\":\"ListItem\",\"@id\":\"https:\\\/\\\/www.encontracamacari.com.br\\\/sobre\\\/saude-em-camacari\\\/#listItem\",\"position\":2,\"name\":\"Sa\\u00fade Cama\\u00e7ari\",\"item\":\"https:\\\/\\\/www.encontracamacari.com.br\\\/sobre\\\/saude-em-camacari\\\/\",\"nextItem\":{\"@type\":\"ListItem\",\"@id\":\"https:\\\/\\\/www.encontracamacari.com.br\\\/sobre\\\/investimentos-do-novo-pac-reforcam-unidades-basicas-de-saude-em-camacari\\\/#listItem\",\"name\":\"Investimentos do Novo PAC refor\\u00e7am Unidades B\\u00e1sicas de Sa\\u00fade em Cama\\u00e7ari\"},\"previousItem\":{\"@type\":\"ListItem\",\"@id\":\"https:\\\/\\\/www.encontracamacari.com.br\\\/sobre#listItem\",\"name\":\"Home\"}},{\"@type\":\"ListItem\",\"@id\":\"https:\\\/\\\/www.encontracamacari.com.br\\\/sobre\\\/investimentos-do-novo-pac-reforcam-unidades-basicas-de-saude-em-camacari\\\/#listItem\",\"position\":3,\"name\":\"Investimentos do Novo PAC refor\\u00e7am Unidades B\\u00e1sicas de Sa\\u00fade em Cama\\u00e7ari\",\"previousItem\":{\"@type\":\"ListItem\",\"@id\":\"https:\\\/\\\/www.encontracamacari.com.br\\\/sobre\\\/saude-em-camacari\\\/#listItem\",\"name\":\"Sa\\u00fade Cama\\u00e7ari\"}}]},{\"@type\":\"Organization\",\"@id\":\"https:\\\/\\\/www.encontracamacari.com.br\\\/sobre\\\/#organization\",\"name\":\"Encontra Cama\\u00e7ari\",\"description\":\"Not\\u00edcias, eventos, informa\\u00e7\\u00f5es e dicas na cidade de Cama\\u00e7ari e regi\\u00e3o.\",\"url\":\"https:\\\/\\\/www.encontracamacari.com.br\\\/sobre\\\/\"},{\"@type\":\"Person\",\"@id\":\"https:\\\/\\\/www.encontracamacari.com.br\\\/sobre\\\/author\\\/ecamacari\\\/#author\",\"url\":\"https:\\\/\\\/www.encontracamacari.com.br\\\/sobre\\\/author\\\/ecamacari\\\/\",\"name\":\"Encontra Cama\\u00e7ari\",\"image\":{\"@type\":\"ImageObject\",\"@id\":\"https:\\\/\\\/www.encontracamacari.com.br\\\/sobre\\\/investimentos-do-novo-pac-reforcam-unidades-basicas-de-saude-em-camacari\\\/#authorImage\",\"url\":\"https:\\\/\\\/secure.gravatar.com\\\/avatar\\\/507340682b8270222e1f208e23198b6ae7e2c6a1033ae84e99bc6bce4f82a387?s=96&d=mm&r=g\",\"width\":96,\"height\":96,\"caption\":\"Encontra Cama\\u00e7ari\"}},{\"@type\":\"WebPage\",\"@id\":\"https:\\\/\\\/www.encontracamacari.com.br\\\/sobre\\\/investimentos-do-novo-pac-reforcam-unidades-basicas-de-saude-em-camacari\\\/#webpage\",\"url\":\"https:\\\/\\\/www.encontracamacari.com.br\\\/sobre\\\/investimentos-do-novo-pac-reforcam-unidades-basicas-de-saude-em-camacari\\\/\",\"name\":\"Investimentos do Novo PAC refor\\u00e7am Unidades B\\u00e1sicas de Sa\\u00fade em Cama\\u00e7ari - Encontra Cama\\u00e7ari\",\"description\":\"Investimentos do Novo PAC transformam a sa\\u00fade em Cama\\u00e7ari.\",\"inLanguage\":\"pt-BR\",\"isPartOf\":{\"@id\":\"https:\\\/\\\/www.encontracamacari.com.br\\\/sobre\\\/#website\"},\"breadcrumb\":{\"@id\":\"https:\\\/\\\/www.encontracamacari.com.br\\\/sobre\\\/investimentos-do-novo-pac-reforcam-unidades-basicas-de-saude-em-camacari\\\/#breadcrumblist\"},\"author\":{\"@id\":\"https:\\\/\\\/www.encontracamacari.com.br\\\/sobre\\\/author\\\/ecamacari\\\/#author\"},\"creator\":{\"@id\":\"https:\\\/\\\/www.encontracamacari.com.br\\\/sobre\\\/author\\\/ecamacari\\\/#author\"},\"datePublished\":\"2026-03-08T06:03:23+00:00\",\"dateModified\":\"2026-03-08T06:03:23+00:00\"},{\"@type\":\"WebSite\",\"@id\":\"https:\\\/\\\/www.encontracamacari.com.br\\\/sobre\\\/#website\",\"url\":\"https:\\\/\\\/www.encontracamacari.com.br\\\/sobre\\\/\",\"name\":\"Encontra Cama\\u00e7ari\",\"description\":\"Not\\u00edcias, eventos, informa\\u00e7\\u00f5es e dicas na cidade de Cama\\u00e7ari e regi\\u00e3o.\",\"inLanguage\":\"pt-BR\",\"publisher\":{\"@id\":\"https:\\\/\\\/www.encontracamacari.com.br\\\/sobre\\\/#organization\"}}]}\n\t\t<\/script>\n\t\t<!-- All in One SEO -->\n\n","aioseo_head_json":{"title":"Investimentos do Novo PAC refor\u00e7am Unidades B\u00e1sicas de Sa\u00fade em Cama\u00e7ari - Encontra Cama\u00e7ari","description":"Investimentos do Novo PAC transformam a sa\u00fade em Cama\u00e7ari.","canonical_url":"https:\/\/www.encontracamacari.com.br\/sobre\/investimentos-do-novo-pac-reforcam-unidades-basicas-de-saude-em-camacari\/","robots":"max-image-preview:large","keywords":"","webmasterTools":{"miscellaneous":""},"schema":{"@context":"https:\/\/schema.org","@graph":[{"@type":"BlogPosting","@id":"https:\/\/www.encontracamacari.com.br\/sobre\/investimentos-do-novo-pac-reforcam-unidades-basicas-de-saude-em-camacari\/#blogposting","name":"Investimentos do Novo PAC refor\u00e7am Unidades B\u00e1sicas de Sa\u00fade em Cama\u00e7ari - Encontra Cama\u00e7ari","headline":"Investimentos do Novo PAC refor\u00e7am Unidades B\u00e1sicas de Sa\u00fade em Cama\u00e7ari","author":{"@id":"https:\/\/www.encontracamacari.com.br\/sobre\/author\/ecamacari\/#author"},"publisher":{"@id":"https:\/\/www.encontracamacari.com.br\/sobre\/#organization"},"datePublished":"2026-03-08T06:03:23+00:00","dateModified":"2026-03-08T06:03:23+00:00","inLanguage":"pt-BR","mainEntityOfPage":{"@id":"https:\/\/www.encontracamacari.com.br\/sobre\/investimentos-do-novo-pac-reforcam-unidades-basicas-de-saude-em-camacari\/#webpage"},"isPartOf":{"@id":"https:\/\/www.encontracamacari.com.br\/sobre\/investimentos-do-novo-pac-reforcam-unidades-basicas-de-saude-em-camacari\/#webpage"},"articleSection":"Sa\u00fade Cama\u00e7ari"},{"@type":"BreadcrumbList","@id":"https:\/\/www.encontracamacari.com.br\/sobre\/investimentos-do-novo-pac-reforcam-unidades-basicas-de-saude-em-camacari\/#breadcrumblist","itemListElement":[{"@type":"ListItem","@id":"https:\/\/www.encontracamacari.com.br\/sobre#listItem","position":1,"name":"Home","item":"https:\/\/www.encontracamacari.com.br\/sobre","nextItem":{"@type":"ListItem","@id":"https:\/\/www.encontracamacari.com.br\/sobre\/saude-em-camacari\/#listItem","name":"Sa\u00fade Cama\u00e7ari"}},{"@type":"ListItem","@id":"https:\/\/www.encontracamacari.com.br\/sobre\/saude-em-camacari\/#listItem","position":2,"name":"Sa\u00fade Cama\u00e7ari","item":"https:\/\/www.encontracamacari.com.br\/sobre\/saude-em-camacari\/","nextItem":{"@type":"ListItem","@id":"https:\/\/www.encontracamacari.com.br\/sobre\/investimentos-do-novo-pac-reforcam-unidades-basicas-de-saude-em-camacari\/#listItem","name":"Investimentos do Novo PAC refor\u00e7am Unidades B\u00e1sicas de Sa\u00fade em Cama\u00e7ari"},"previousItem":{"@type":"ListItem","@id":"https:\/\/www.encontracamacari.com.br\/sobre#listItem","name":"Home"}},{"@type":"ListItem","@id":"https:\/\/www.encontracamacari.com.br\/sobre\/investimentos-do-novo-pac-reforcam-unidades-basicas-de-saude-em-camacari\/#listItem","position":3,"name":"Investimentos do Novo PAC refor\u00e7am Unidades B\u00e1sicas de Sa\u00fade em Cama\u00e7ari","previousItem":{"@type":"ListItem","@id":"https:\/\/www.encontracamacari.com.br\/sobre\/saude-em-camacari\/#listItem","name":"Sa\u00fade Cama\u00e7ari"}}]},{"@type":"Organization","@id":"https:\/\/www.encontracamacari.com.br\/sobre\/#organization","name":"Encontra Cama\u00e7ari","description":"Not\u00edcias, eventos, informa\u00e7\u00f5es e dicas na cidade de Cama\u00e7ari e regi\u00e3o.","url":"https:\/\/www.encontracamacari.com.br\/sobre\/"},{"@type":"Person","@id":"https:\/\/www.encontracamacari.com.br\/sobre\/author\/ecamacari\/#author","url":"https:\/\/www.encontracamacari.com.br\/sobre\/author\/ecamacari\/","name":"Encontra Cama\u00e7ari","image":{"@type":"ImageObject","@id":"https:\/\/www.encontracamacari.com.br\/sobre\/investimentos-do-novo-pac-reforcam-unidades-basicas-de-saude-em-camacari\/#authorImage","url":"https:\/\/secure.gravatar.com\/avatar\/507340682b8270222e1f208e23198b6ae7e2c6a1033ae84e99bc6bce4f82a387?s=96&d=mm&r=g","width":96,"height":96,"caption":"Encontra Cama\u00e7ari"}},{"@type":"WebPage","@id":"https:\/\/www.encontracamacari.com.br\/sobre\/investimentos-do-novo-pac-reforcam-unidades-basicas-de-saude-em-camacari\/#webpage","url":"https:\/\/www.encontracamacari.com.br\/sobre\/investimentos-do-novo-pac-reforcam-unidades-basicas-de-saude-em-camacari\/","name":"Investimentos do Novo PAC refor\u00e7am Unidades B\u00e1sicas de Sa\u00fade em Cama\u00e7ari - Encontra Cama\u00e7ari","description":"Investimentos do Novo PAC transformam a sa\u00fade em Cama\u00e7ari.","inLanguage":"pt-BR","isPartOf":{"@id":"https:\/\/www.encontracamacari.com.br\/sobre\/#website"},"breadcrumb":{"@id":"https:\/\/www.encontracamacari.com.br\/sobre\/investimentos-do-novo-pac-reforcam-unidades-basicas-de-saude-em-camacari\/#breadcrumblist"},"author":{"@id":"https:\/\/www.encontracamacari.com.br\/sobre\/author\/ecamacari\/#author"},"creator":{"@id":"https:\/\/www.encontracamacari.com.br\/sobre\/author\/ecamacari\/#author"},"datePublished":"2026-03-08T06:03:23+00:00","dateModified":"2026-03-08T06:03:23+00:00"},{"@type":"WebSite","@id":"https:\/\/www.encontracamacari.com.br\/sobre\/#website","url":"https:\/\/www.encontracamacari.com.br\/sobre\/","name":"Encontra Cama\u00e7ari","description":"Not\u00edcias, eventos, informa\u00e7\u00f5es e dicas na cidade de Cama\u00e7ari e regi\u00e3o.","inLanguage":"pt-BR","publisher":{"@id":"https:\/\/www.encontracamacari.com.br\/sobre\/#organization"}}]},"og:locale":"pt_BR","og:site_name":"Encontra Cama\u00e7ari - Not\u00edcias, eventos, informa\u00e7\u00f5es e dicas na cidade de Cama\u00e7ari e regi\u00e3o.","og:type":"article","og:title":"Investimentos do Novo PAC refor\u00e7am Unidades B\u00e1sicas de Sa\u00fade em Cama\u00e7ari - Encontra Cama\u00e7ari","og:description":"Investimentos do Novo PAC transformam a sa\u00fade em Cama\u00e7ari.","og:url":"https:\/\/www.encontracamacari.com.br\/sobre\/investimentos-do-novo-pac-reforcam-unidades-basicas-de-saude-em-camacari\/","article:published_time":"2026-03-08T06:03:23+00:00","article:modified_time":"2026-03-08T06:03:23+00:00","twitter:card":"summary_large_image","twitter:title":"Investimentos do Novo PAC refor\u00e7am Unidades B\u00e1sicas de Sa\u00fade em Cama\u00e7ari - Encontra Cama\u00e7ari","twitter:description":"Investimentos do Novo PAC transformam a sa\u00fade em Cama\u00e7ari."},"aioseo_meta_data":{"post_id":"761","title":null,"description":null,"keywords":null,"keyphrases":null,"primary_term":null,"canonical_url":null,"og_title":null,"og_description":null,"og_object_type":"default","og_image_type":"default","og_image_url":null,"og_image_width":null,"og_image_height":null,"og_image_custom_url":null,"og_image_custom_fields":null,"og_video":null,"og_custom_url":null,"og_article_section":null,"og_article_tags":null,"twitter_use_og":false,"twitter_card":"default","twitter_image_type":"default","twitter_image_url":null,"twitter_image_custom_url":null,"twitter_image_custom_fields":null,"twitter_title":null,"twitter_description":null,"schema":{"blockGraphs":[],"customGraphs":[],"default":{"data":{"Article":[],"Course":[],"Dataset":[],"FAQPage":[],"Movie":[],"Person":[],"Product":[],"ProductReview":[],"Car":[],"Recipe":[],"Service":[],"SoftwareApplication":[],"WebPage":[]},"graphName":"BlogPosting","isEnabled":true},"graphs":[]},"schema_type":"default","schema_type_options":null,"pillar_content":false,"robots_default":true,"robots_noindex":false,"robots_noarchive":false,"robots_nosnippet":false,"robots_nofollow":false,"robots_noimageindex":false,"robots_noodp":false,"robots_notranslate":false,"robots_max_snippet":null,"robots_max_videopreview":null,"robots_max_imagepreview":"large","priority":null,"frequency":null,"local_seo":null,"limit_modified_date":false,"created":"2026-03-08 06:03:28","updated":"2026-08-06 01:25:50","focus_keyword":null,"additional_keywords":null,"truseo_locale":null,"ai":null,"breadcrumb_settings":null,"seo_analyzer_scan_date":null},"aioseo_breadcrumb":"<div class=\"aioseo-breadcrumbs\"><span class=\"aioseo-breadcrumb\">\n\t\t\t<a href=\"https:\/\/www.encontracamacari.com.br\/sobre\" title=\"Home\">Home<\/a>\n\t\t<\/span><span class=\"aioseo-breadcrumb-separator\">&raquo;<\/span><span class=\"aioseo-breadcrumb\">\n\t\t\t<a href=\"https:\/\/www.encontracamacari.com.br\/sobre\/saude-em-camacari\/\" title=\"Sa\u00fade Cama\u00e7ari\">Sa\u00fade Cama\u00e7ari<\/a>\n\t\t<\/span><span class=\"aioseo-breadcrumb-separator\">&raquo;<\/span><span class=\"aioseo-breadcrumb\">\n\t\t\tInvestimentos do Novo PAC refor\u00e7am Unidades B\u00e1sicas de Sa\u00fade em Cama\u00e7ari\n\t\t<\/span><\/div>","aioseo_breadcrumb_json":[{"label":"Home","link":"https:\/\/www.encontracamacari.com.br\/sobre"},{"label":"Sa\u00fade Cama\u00e7ari","link":"https:\/\/www.encontracamacari.com.br\/sobre\/saude-em-camacari\/"},{"label":"Investimentos do Novo PAC refor\u00e7am Unidades B\u00e1sicas de Sa\u00fade em Cama\u00e7ari","link":"https:\/\/www.encontracamacari.com.br\/sobre\/investimentos-do-novo-pac-reforcam-unidades-basicas-de-saude-em-camacari\/"}],"_links":{"self":[{"href":"https:\/\/www.encontracamacari.com.br\/sobre\/wp-json\/wp\/v2\/posts\/761","targetHints":{"allow":["GET"]}}],"collection":[{"href":"https:\/\/www.encontracamacari.com.br\/sobre\/wp-json\/wp\/v2\/posts"}],"about":[{"href":"https:\/\/www.encontracamacari.com.br\/sobre\/wp-json\/wp\/v2\/types\/post"}],"author":[{"embeddable":true,"href":"https:\/\/www.encontracamacari.com.br\/sobre\/wp-json\/wp\/v2\/users\/1"}],"replies":[{"embeddable":true,"href":"https:\/\/www.encontracamacari.com.br\/sobre\/wp-json\/wp\/v2\/comments?post=761"}],"version-history":[{"count":0,"href":"https:\/\/www.encontracamacari.com.br\/sobre\/wp-json\/wp\/v2\/posts\/761\/revisions"}],"wp:attachment":[{"href":"https:\/\/www.encontracamacari.com.br\/sobre\/wp-json\/wp\/v2\/media?parent=761"}],"wp:term":[{"taxonomy":"category","embeddable":true,"href":"https:\/\/www.encontracamacari.com.br\/sobre\/wp-json\/wp\/v2\/categories?post=761"},{"taxonomy":"post_tag","embeddable":true,"href":"https:\/\/www.encontracamacari.com.br\/sobre\/wp-json\/wp\/v2\/tags?post=761"}],"curies":[{"name":"wp","href":"https:\/\/api.w.org\/{rel}","templated":true}]}}