{"id":752,"date":"2026-03-05T06:02:38","date_gmt":"2026-03-05T06:02:38","guid":{"rendered":"https:\/\/www.encontracamacari.com.br\/sobre\/idafro-aciona-cnj-apos-retirada-de-foto-de-candomblecista-de-exposicao-no-forum-de-camacari-ba\/"},"modified":"2026-03-05T06:02:38","modified_gmt":"2026-03-05T06:02:38","slug":"idafro-aciona-cnj-apos-retirada-de-foto-de-candomblecista-de-exposicao-no-forum-de-camacari-ba","status":"publish","type":"post","link":"https:\/\/www.encontracamacari.com.br\/sobre\/idafro-aciona-cnj-apos-retirada-de-foto-de-candomblecista-de-exposicao-no-forum-de-camacari-ba\/","title":{"rendered":"IDAFRO aciona CNJ ap\u00f3s retirada de foto de candomblecista de exposi\u00e7\u00e3o no F\u00f3rum de Cama\u00e7ari (BA)"},"content":{"rendered":"<div class=\"2410bb7248a64bb1f71103797e0f239b\" data-index=\"1\" style=\"float: none; margin:0px;\">\n<ins class=\"adsbygoogle\"\r\n     style=\"display:block\"\r\n     data-ad-client=\"ca-pub-8585364105181520\"\r\n     data-ad-slot=\"8789329856\"\r\n     data-ad-format=\"auto\"\r\n     data-full-width-responsive=\"true\"><\/ins>\r\n<script>\r\n     (adsbygoogle = window.adsbygoogle || []).push({});\r\n<\/script>\n<\/div>\n<h2>A pol\u00eamica da retirada da fotografia<\/h2>\n<p>Recentemente, uma situa\u00e7\u00e3o controvertida envolveu a retirada de uma fotografia de Solange Borges, uma candomblecista, de uma exposi\u00e7\u00e3o p\u00fablica no F\u00f3rum Clemente Mariani, em Cama\u00e7ari, na Bahia. O Instituto de Defesa dos Direitos das Religi\u00f5es Afro-Brasileiras (IDAFRO) e a pr\u00f3pria Solange Borges protocolaram um pedido formal ao Conselho Nacional de Justi\u00e7a (CNJ), questionando essa a\u00e7\u00e3o. O juiz respons\u00e1vel pela decis\u00e3o, Cesar Augusto Borges de Andrade, argumentou que a imagem, vinculada \u00e0 religi\u00e3o de matriz africana, n\u00e3o era condizente com os princ\u00edpios da laicidade do Estado. Tal ato gerou um intenso debate sobre a discrimina\u00e7\u00e3o religiosa, especialmente em um espa\u00e7o p\u00fablico que deveria respeitar a diversidade.<\/p>\n<h2>O papel do IDAFRO na defesa das religi\u00f5es afro-brasileiras<\/h2>\n<p>O IDAFRO desempenha um papel crucial na prote\u00e7\u00e3o dos direitos das religi\u00f5es afro-brasileiras. A entidade n\u00e3o se contentou em apenas manifestar descontentamento, mas tomou medidas legais para assegurar que o respeito \u00e0s pr\u00e1ticas religiosas e culturais fosse garantido. Al\u00e9m de solicitar a reintegra\u00e7\u00e3o da fotografia, o IDAFRO tamb\u00e9m visa levar o caso adiante com uma a\u00e7\u00e3o indenizat\u00f3ria contra o Estado da Bahia, argumentando que a retirada da fotografia configura uma clara discrimina\u00e7\u00e3o. A luta do IDAFRO reflete a necessidade de promover a liberdade religiosa e combater a intoler\u00e2ncia.<\/p>\n<h2>Solange Borges e sua luta por justi\u00e7a<\/h2>\n<p>Solange Borges, al\u00e9m de ser uma importante figura no Candombl\u00e9, \u00e9 tamb\u00e9m escritora e chef. Sua identidade, que abrange a cultura afro-brasileira, est\u00e1 profundamente entrela\u00e7ada na luta por visibilidade e respeito \u00e0s tradi\u00e7\u00f5es religiosas que representam uma parte significativa da hist\u00f3ria e cultura brasileiras. Para ela, a fotografar n\u00e3o \u00e9 apenas uma representa\u00e7\u00e3o pessoal, mas tamb\u00e9m um s\u00edmbolo da luta contra a discrimina\u00e7\u00e3o e a marginaliza\u00e7\u00e3o. Ao buscar Justi\u00e7a, Solange se posiciona como uma voz ativa e essencial no combate ao racismo religioso que ainda persiste em nossa sociedade.<\/p>\n<p><img decoding=\"async\" src=\"https:\/\/www.encontracamacari.com.br\/sobre\/wp-content\/uploads\/2026\/03\/idafro-aciona-cnj-apos-retirada-de-foto-de-candomblecista-de-exposicao-no-forum-de-camacari-ba.webp\" alt=\"discrimina\u00e7\u00e3o religiosa\" loading=\"lazy\" \/><\/p>\n<h2>A laicidade do Estado em debate<\/h2>\n<p>A laicidade do Estado \u00e9 um princ\u00edpio fundamental previsto pela Constitui\u00e7\u00e3o brasileira, assegurando a separa\u00e7\u00e3o entre religi\u00e3o e institui\u00e7\u00f5es governamentais. No entanto, o caso de Solange Borges levanta importantes quest\u00f5es sobre como esse princ\u00edpio \u00e9 interpretado e aplicado. O juiz que ordenou a retirada da fotografia mencionou que a presen\u00e7a de representa\u00e7\u00f5es religiosas de matriz africana n\u00e3o estaria de acordo com o espa\u00e7o secular do f\u00f3rum. A interpreta\u00e7\u00e3o de laicidade deve ser revisada, levando em considera\u00e7\u00e3o a diversidade cultural e religiosa da sociedade brasileira, que inclui um vasto leque de tradi\u00e7\u00f5es e credos.<\/p><div class=\"2410bb7248a64bb1f71103797e0f239b\" data-index=\"2\" style=\"float: none; margin:0px;\">\n<ins class=\"adsbygoogle\"\r\n     style=\"display:block; text-align:center;\"\r\n     data-ad-layout=\"in-article\"\r\n     data-ad-format=\"fluid\"\r\n     data-ad-client=\"ca-pub-8585364105181520\"\r\n     data-ad-slot=\"2899217073\"><\/ins>\r\n<script>\r\n     (adsbygoogle = window.adsbygoogle || []).push({});\r\n<\/script>\r\n\r\n<\/br><\/br>\n<\/div>\n\n<h2>Racismo religioso: um problema persistente<\/h2>\n<p>O racismo religioso \u00e9 um fen\u00f4meno que resulta em discrimina\u00e7\u00e3o e viol\u00eancia contra indiv\u00edduos e comunidades que praticam religi\u00f5es de matriz africana. O epis\u00f3dio envolvendo a fotografia de Solange \u00e9 um exemplo claro de como a intoler\u00e2ncia pode se manifestar nas institui\u00e7\u00f5es. A prote\u00e7\u00e3o da liberdade religiosa \u00e9 um pilar do Estado democr\u00e1tico, e a luta contra o racismo religioso deve ser constante para que as manifesta\u00e7\u00f5es culturais afro-brasileiras sejam respeitadas e valorizadas. A discrimina\u00e7\u00e3o religiosa n\u00e3o \u00e9 apenas um ataque a indiv\u00edduos, mas tamb\u00e9m um ataque \u00e0 diversidade cultural e \u00e0 identidade nacional.<\/p>\n<h2>Medidas legais e poss\u00edveis consequ\u00eancias<\/h2>\n<p>As medidas legais adotadas pelo IDAFRO e Solange Borges visam n\u00e3o apenas reparar uma injusti\u00e7a individual, mas tamb\u00e9m instaurar um precedente importante para o reconhecimento e a prote\u00e7\u00e3o dos direitos das religi\u00f5es afro-brasileiras. O resultado desse processo poder\u00e1 ter consequ\u00eancias amplas, influenciando pol\u00edticas p\u00fablicas e pr\u00e1ticas institucionais em rela\u00e7\u00e3o \u00e0 diversidade religiosa. A visibilidade desse caso tem potencial para sensibilizar a sociedade civil e promover um debate mais profundo sobre a laicidade, liberdade religiosa e igualdade.<\/p>\n<h2>A import\u00e2ncia da representatividade religiosa<\/h2>\n<p>A representatividade religiosa \u00e9 um tema crucial no contexto atual. A inclus\u00e3o de imagens e s\u00edmbolos de diferentes religi\u00f5es em espa\u00e7os p\u00fablicos n\u00e3o deve ser vista como uma ofensa, mas como uma celebra\u00e7\u00e3o da diversidade que caracteriza o Brasil. A visibilidade de l\u00edderes e praticantes de religi\u00f5es afro-brasileiras \u00e9 uma quest\u00e3o de respeito e reconhecimento. O apoio \u00e0 representatividade ajuda a combater estigmas e promove o entendimento intercultural, criando um ambiente mais harmonioso e justo para todos.<\/p>\n<h2>Como a sociedade pode apoiar essas iniciativas<\/h2>\n<p>A sociedade tem um papel essencial na luta contra a discrimina\u00e7\u00e3o religiosa e na promo\u00e7\u00e3o da igualdade. O apoio a iniciativas que defendem os direitos das religi\u00f5es afro-brasileiras pode acontecer atrav\u00e9s da participa\u00e7\u00e3o em eventos, manifesta\u00e7\u00f5es e campanhas de conscientiza\u00e7\u00e3o. Al\u00e9m disso, a educa\u00e7\u00e3o e o di\u00e1logo aberto sobre a diversidade religiosa s\u00e3o fundamentais para reduzir preconceitos. As redes sociais tamb\u00e9m oferecem um espa\u00e7o valioso para a dissemina\u00e7\u00e3o de informa\u00e7\u00f5es e apoiadores dessa causa, engajando mais pessoas na luta pela igualdade.<\/p>\n<h2>Impacto da a\u00e7\u00e3o no sistema de justi\u00e7a<\/h2>\n<p>O desdobramento desse caso tamb\u00e9m poder\u00e1 impactar o sistema de justi\u00e7a de modo significativo. A decis\u00e3o do CNJ poder\u00e1 estabelecer diretrizes sobre os limites da laicidade e o respeito \u00e0s express\u00f5es religiosas em espa\u00e7os p\u00fablicos. Essa a\u00e7\u00e3o pode incentivar outros grupos e indiv\u00edduos a buscarem justi\u00e7a em casos similares, criando um efeito cascata que promove a discuss\u00e3o e a reflex\u00e3o sobre direitos e igualdade religiosa em todo o pa\u00eds.<\/p>\n<h2>Reflex\u00f5es sobre respeito \u00e0s religi\u00f5es de matriz africana<\/h2>\n<p>Em todo o mundo, a luta contra a discrimina\u00e7\u00e3o religiosa continua a ser um desafio relevante. O caso de Solange Borges serve como um lembrete de que ainda precisamos trabalhar para garantir justi\u00e7a e igualdade para todos, independentemente de sua f\u00e9. Promover o respeito \u00e0s religi\u00f5es de matriz africana \u00e9 um passo essencial para assegurar que todos possam vivenciar suas cren\u00e7as em um ambiente seguro e respeitoso. A diversidade religiosa deve ser celebrada, e n\u00e3o vilipendiada, e a sociedade deve estar unida na promo\u00e7\u00e3o da paz e do entendimento entre os diferentes credos.<\/p>\n<div class=\"2410bb7248a64bb1f71103797e0f239b\" data-index=\"3\" style=\"float: none; margin:0px;\">\n<\/br><\/br>\r\n\r\n<ins class=\"adsbygoogle\"\r\n     style=\"display:block\"\r\n     data-ad-format=\"fluid\"\r\n     data-ad-layout-key=\"-63+do+n-1s+9e\"\r\n     data-ad-client=\"ca-pub-8585364105181520\"\r\n     data-ad-slot=\"6838462089\"><\/ins>\r\n<script>\r\n     (adsbygoogle = window.adsbygoogle || []).push({});\r\n<\/script>\n<\/div>\n\n<div style=\"font-size: 0px; height: 0px; line-height: 0px; margin: 0; padding: 0; clear: both;\"><\/div>","protected":false},"excerpt":{"rendered":"<p>IDAFRO aciona CNJ ap\u00f3s discrimina\u00e7\u00e3o religiosa contra candomblecista.<\/p>\n","protected":false},"author":1,"featured_media":751,"comment_status":"open","ping_status":"closed","sticky":false,"template":"","format":"standard","meta":{"footnotes":""},"categories":[1],"tags":[],"class_list":["post-752","post","type-post","status-publish","format-standard","has-post-thumbnail","hentry","category-noticias-em-camacari","has_thumb"],"aioseo_notices":[],"aioseo_head":"\n\t\t<!-- All in One SEO 5.0.0.1 - aioseo.com -->\n\t<meta name=\"description\" content=\"IDAFRO aciona CNJ ap\u00f3s discrimina\u00e7\u00e3o religiosa contra candomblecista.\" \/>\n\t<meta name=\"robots\" content=\"max-image-preview:large\" \/>\n\t<meta name=\"author\" content=\"Encontra Cama\u00e7ari\"\/>\n\t<link rel=\"canonical\" href=\"https:\/\/www.encontracamacari.com.br\/sobre\/idafro-aciona-cnj-apos-retirada-de-foto-de-candomblecista-de-exposicao-no-forum-de-camacari-ba\/\" \/>\n\t<meta name=\"generator\" content=\"All in One SEO (AIOSEO) 5.0.0.1\" \/>\n\t\t<meta property=\"og:locale\" content=\"pt_BR\" \/>\n\t\t<meta property=\"og:site_name\" content=\"Encontra Cama\u00e7ari - Not\u00edcias, eventos, informa\u00e7\u00f5es e dicas na cidade de Cama\u00e7ari e regi\u00e3o.\" \/>\n\t\t<meta property=\"og:type\" content=\"article\" \/>\n\t\t<meta property=\"og:title\" content=\"IDAFRO aciona CNJ ap\u00f3s retirada de foto de candomblecista de exposi\u00e7\u00e3o no F\u00f3rum de Cama\u00e7ari (BA) - Encontra Cama\u00e7ari\" \/>\n\t\t<meta property=\"og:description\" content=\"IDAFRO aciona CNJ ap\u00f3s discrimina\u00e7\u00e3o religiosa contra candomblecista.\" \/>\n\t\t<meta property=\"og:url\" content=\"https:\/\/www.encontracamacari.com.br\/sobre\/idafro-aciona-cnj-apos-retirada-de-foto-de-candomblecista-de-exposicao-no-forum-de-camacari-ba\/\" \/>\n\t\t<meta property=\"article:published_time\" content=\"2026-03-05T06:02:38+00:00\" \/>\n\t\t<meta property=\"article:modified_time\" content=\"2026-03-05T06:02:38+00:00\" \/>\n\t\t<meta name=\"twitter:card\" content=\"summary_large_image\" \/>\n\t\t<meta name=\"twitter:title\" content=\"IDAFRO aciona CNJ ap\u00f3s retirada de foto de candomblecista de exposi\u00e7\u00e3o no F\u00f3rum de Cama\u00e7ari (BA) - Encontra Cama\u00e7ari\" \/>\n\t\t<meta name=\"twitter:description\" content=\"IDAFRO aciona CNJ ap\u00f3s discrimina\u00e7\u00e3o religiosa contra candomblecista.\" \/>\n\t\t<script type=\"application\/ld+json\" class=\"aioseo-schema\">\n\t\t\t{\"@context\":\"https:\\\/\\\/schema.org\",\"@graph\":[{\"@type\":\"BlogPosting\",\"@id\":\"https:\\\/\\\/www.encontracamacari.com.br\\\/sobre\\\/idafro-aciona-cnj-apos-retirada-de-foto-de-candomblecista-de-exposicao-no-forum-de-camacari-ba\\\/#blogposting\",\"name\":\"IDAFRO aciona CNJ ap\\u00f3s retirada de foto de candomblecista de exposi\\u00e7\\u00e3o no F\\u00f3rum de Cama\\u00e7ari (BA) - Encontra Cama\\u00e7ari\",\"headline\":\"IDAFRO aciona CNJ ap\\u00f3s retirada de foto de candomblecista de exposi\\u00e7\\u00e3o no F\\u00f3rum de Cama\\u00e7ari (BA)\",\"author\":{\"@id\":\"https:\\\/\\\/www.encontracamacari.com.br\\\/sobre\\\/author\\\/ecamacari\\\/#author\"},\"publisher\":{\"@id\":\"https:\\\/\\\/www.encontracamacari.com.br\\\/sobre\\\/#organization\"},\"image\":{\"@type\":\"ImageObject\",\"url\":\"https:\\\/\\\/www.encontracamacari.com.br\\\/sobre\\\/wp-content\\\/uploads\\\/2026\\\/03\\\/idafro-aciona-cnj-apos-retirada-de-foto-de-candomblecista-de-exposicao-no-forum-de-camacari-ba.webp\",\"width\":280,\"height\":280,\"caption\":\"discrimina\\u00e7\\u00e3o religiosa\"},\"datePublished\":\"2026-03-05T06:02:38+00:00\",\"dateModified\":\"2026-03-05T06:02:38+00:00\",\"inLanguage\":\"pt-BR\",\"mainEntityOfPage\":{\"@id\":\"https:\\\/\\\/www.encontracamacari.com.br\\\/sobre\\\/idafro-aciona-cnj-apos-retirada-de-foto-de-candomblecista-de-exposicao-no-forum-de-camacari-ba\\\/#webpage\"},\"isPartOf\":{\"@id\":\"https:\\\/\\\/www.encontracamacari.com.br\\\/sobre\\\/idafro-aciona-cnj-apos-retirada-de-foto-de-candomblecista-de-exposicao-no-forum-de-camacari-ba\\\/#webpage\"},\"articleSection\":\"Not\\u00edcias Cama\\u00e7ari\"},{\"@type\":\"BreadcrumbList\",\"@id\":\"https:\\\/\\\/www.encontracamacari.com.br\\\/sobre\\\/idafro-aciona-cnj-apos-retirada-de-foto-de-candomblecista-de-exposicao-no-forum-de-camacari-ba\\\/#breadcrumblist\",\"itemListElement\":[{\"@type\":\"ListItem\",\"@id\":\"https:\\\/\\\/www.encontracamacari.com.br\\\/sobre#listItem\",\"position\":1,\"name\":\"Home\",\"item\":\"https:\\\/\\\/www.encontracamacari.com.br\\\/sobre\",\"nextItem\":{\"@type\":\"ListItem\",\"@id\":\"https:\\\/\\\/www.encontracamacari.com.br\\\/sobre\\\/noticias-em-camacari\\\/#listItem\",\"name\":\"Not\\u00edcias Cama\\u00e7ari\"}},{\"@type\":\"ListItem\",\"@id\":\"https:\\\/\\\/www.encontracamacari.com.br\\\/sobre\\\/noticias-em-camacari\\\/#listItem\",\"position\":2,\"name\":\"Not\\u00edcias Cama\\u00e7ari\",\"item\":\"https:\\\/\\\/www.encontracamacari.com.br\\\/sobre\\\/noticias-em-camacari\\\/\",\"nextItem\":{\"@type\":\"ListItem\",\"@id\":\"https:\\\/\\\/www.encontracamacari.com.br\\\/sobre\\\/idafro-aciona-cnj-apos-retirada-de-foto-de-candomblecista-de-exposicao-no-forum-de-camacari-ba\\\/#listItem\",\"name\":\"IDAFRO aciona CNJ ap\\u00f3s retirada de foto de candomblecista de exposi\\u00e7\\u00e3o no F\\u00f3rum de Cama\\u00e7ari (BA)\"},\"previousItem\":{\"@type\":\"ListItem\",\"@id\":\"https:\\\/\\\/www.encontracamacari.com.br\\\/sobre#listItem\",\"name\":\"Home\"}},{\"@type\":\"ListItem\",\"@id\":\"https:\\\/\\\/www.encontracamacari.com.br\\\/sobre\\\/idafro-aciona-cnj-apos-retirada-de-foto-de-candomblecista-de-exposicao-no-forum-de-camacari-ba\\\/#listItem\",\"position\":3,\"name\":\"IDAFRO aciona CNJ ap\\u00f3s retirada de foto de candomblecista de exposi\\u00e7\\u00e3o no F\\u00f3rum de Cama\\u00e7ari (BA)\",\"previousItem\":{\"@type\":\"ListItem\",\"@id\":\"https:\\\/\\\/www.encontracamacari.com.br\\\/sobre\\\/noticias-em-camacari\\\/#listItem\",\"name\":\"Not\\u00edcias Cama\\u00e7ari\"}}]},{\"@type\":\"Organization\",\"@id\":\"https:\\\/\\\/www.encontracamacari.com.br\\\/sobre\\\/#organization\",\"name\":\"Encontra Cama\\u00e7ari\",\"description\":\"Not\\u00edcias, eventos, informa\\u00e7\\u00f5es e dicas na cidade de Cama\\u00e7ari e regi\\u00e3o.\",\"url\":\"https:\\\/\\\/www.encontracamacari.com.br\\\/sobre\\\/\"},{\"@type\":\"Person\",\"@id\":\"https:\\\/\\\/www.encontracamacari.com.br\\\/sobre\\\/author\\\/ecamacari\\\/#author\",\"url\":\"https:\\\/\\\/www.encontracamacari.com.br\\\/sobre\\\/author\\\/ecamacari\\\/\",\"name\":\"Encontra Cama\\u00e7ari\",\"image\":{\"@type\":\"ImageObject\",\"@id\":\"https:\\\/\\\/www.encontracamacari.com.br\\\/sobre\\\/idafro-aciona-cnj-apos-retirada-de-foto-de-candomblecista-de-exposicao-no-forum-de-camacari-ba\\\/#authorImage\",\"url\":\"https:\\\/\\\/secure.gravatar.com\\\/avatar\\\/507340682b8270222e1f208e23198b6ae7e2c6a1033ae84e99bc6bce4f82a387?s=96&d=mm&r=g\",\"width\":96,\"height\":96,\"caption\":\"Encontra Cama\\u00e7ari\"}},{\"@type\":\"WebPage\",\"@id\":\"https:\\\/\\\/www.encontracamacari.com.br\\\/sobre\\\/idafro-aciona-cnj-apos-retirada-de-foto-de-candomblecista-de-exposicao-no-forum-de-camacari-ba\\\/#webpage\",\"url\":\"https:\\\/\\\/www.encontracamacari.com.br\\\/sobre\\\/idafro-aciona-cnj-apos-retirada-de-foto-de-candomblecista-de-exposicao-no-forum-de-camacari-ba\\\/\",\"name\":\"IDAFRO aciona CNJ ap\\u00f3s retirada de foto de candomblecista de exposi\\u00e7\\u00e3o no F\\u00f3rum de Cama\\u00e7ari (BA) - Encontra Cama\\u00e7ari\",\"description\":\"IDAFRO aciona CNJ ap\\u00f3s discrimina\\u00e7\\u00e3o religiosa contra candomblecista.\",\"inLanguage\":\"pt-BR\",\"isPartOf\":{\"@id\":\"https:\\\/\\\/www.encontracamacari.com.br\\\/sobre\\\/#website\"},\"breadcrumb\":{\"@id\":\"https:\\\/\\\/www.encontracamacari.com.br\\\/sobre\\\/idafro-aciona-cnj-apos-retirada-de-foto-de-candomblecista-de-exposicao-no-forum-de-camacari-ba\\\/#breadcrumblist\"},\"author\":{\"@id\":\"https:\\\/\\\/www.encontracamacari.com.br\\\/sobre\\\/author\\\/ecamacari\\\/#author\"},\"creator\":{\"@id\":\"https:\\\/\\\/www.encontracamacari.com.br\\\/sobre\\\/author\\\/ecamacari\\\/#author\"},\"image\":{\"@type\":\"ImageObject\",\"url\":\"https:\\\/\\\/www.encontracamacari.com.br\\\/sobre\\\/wp-content\\\/uploads\\\/2026\\\/03\\\/idafro-aciona-cnj-apos-retirada-de-foto-de-candomblecista-de-exposicao-no-forum-de-camacari-ba.webp\",\"@id\":\"https:\\\/\\\/www.encontracamacari.com.br\\\/sobre\\\/idafro-aciona-cnj-apos-retirada-de-foto-de-candomblecista-de-exposicao-no-forum-de-camacari-ba\\\/#mainImage\",\"width\":280,\"height\":280,\"caption\":\"discrimina\\u00e7\\u00e3o religiosa\"},\"primaryImageOfPage\":{\"@id\":\"https:\\\/\\\/www.encontracamacari.com.br\\\/sobre\\\/idafro-aciona-cnj-apos-retirada-de-foto-de-candomblecista-de-exposicao-no-forum-de-camacari-ba\\\/#mainImage\"},\"datePublished\":\"2026-03-05T06:02:38+00:00\",\"dateModified\":\"2026-03-05T06:02:38+00:00\"},{\"@type\":\"WebSite\",\"@id\":\"https:\\\/\\\/www.encontracamacari.com.br\\\/sobre\\\/#website\",\"url\":\"https:\\\/\\\/www.encontracamacari.com.br\\\/sobre\\\/\",\"name\":\"Encontra Cama\\u00e7ari\",\"description\":\"Not\\u00edcias, eventos, informa\\u00e7\\u00f5es e dicas na cidade de Cama\\u00e7ari e regi\\u00e3o.\",\"inLanguage\":\"pt-BR\",\"publisher\":{\"@id\":\"https:\\\/\\\/www.encontracamacari.com.br\\\/sobre\\\/#organization\"}}]}\n\t\t<\/script>\n\t\t<!-- All in One SEO -->\n\n","aioseo_head_json":{"title":"IDAFRO aciona CNJ ap\u00f3s retirada de foto de candomblecista de exposi\u00e7\u00e3o no F\u00f3rum de Cama\u00e7ari (BA) - Encontra Cama\u00e7ari","description":"IDAFRO aciona CNJ ap\u00f3s discrimina\u00e7\u00e3o religiosa contra candomblecista.","canonical_url":"https:\/\/www.encontracamacari.com.br\/sobre\/idafro-aciona-cnj-apos-retirada-de-foto-de-candomblecista-de-exposicao-no-forum-de-camacari-ba\/","robots":"max-image-preview:large","keywords":"","webmasterTools":{"miscellaneous":""},"schema":{"@context":"https:\/\/schema.org","@graph":[{"@type":"BlogPosting","@id":"https:\/\/www.encontracamacari.com.br\/sobre\/idafro-aciona-cnj-apos-retirada-de-foto-de-candomblecista-de-exposicao-no-forum-de-camacari-ba\/#blogposting","name":"IDAFRO aciona CNJ ap\u00f3s retirada de foto de candomblecista de exposi\u00e7\u00e3o no F\u00f3rum de Cama\u00e7ari (BA) - Encontra Cama\u00e7ari","headline":"IDAFRO aciona CNJ ap\u00f3s retirada de foto de candomblecista de exposi\u00e7\u00e3o no F\u00f3rum de Cama\u00e7ari (BA)","author":{"@id":"https:\/\/www.encontracamacari.com.br\/sobre\/author\/ecamacari\/#author"},"publisher":{"@id":"https:\/\/www.encontracamacari.com.br\/sobre\/#organization"},"image":{"@type":"ImageObject","url":"https:\/\/www.encontracamacari.com.br\/sobre\/wp-content\/uploads\/2026\/03\/idafro-aciona-cnj-apos-retirada-de-foto-de-candomblecista-de-exposicao-no-forum-de-camacari-ba.webp","width":280,"height":280,"caption":"discrimina\u00e7\u00e3o religiosa"},"datePublished":"2026-03-05T06:02:38+00:00","dateModified":"2026-03-05T06:02:38+00:00","inLanguage":"pt-BR","mainEntityOfPage":{"@id":"https:\/\/www.encontracamacari.com.br\/sobre\/idafro-aciona-cnj-apos-retirada-de-foto-de-candomblecista-de-exposicao-no-forum-de-camacari-ba\/#webpage"},"isPartOf":{"@id":"https:\/\/www.encontracamacari.com.br\/sobre\/idafro-aciona-cnj-apos-retirada-de-foto-de-candomblecista-de-exposicao-no-forum-de-camacari-ba\/#webpage"},"articleSection":"Not\u00edcias Cama\u00e7ari"},{"@type":"BreadcrumbList","@id":"https:\/\/www.encontracamacari.com.br\/sobre\/idafro-aciona-cnj-apos-retirada-de-foto-de-candomblecista-de-exposicao-no-forum-de-camacari-ba\/#breadcrumblist","itemListElement":[{"@type":"ListItem","@id":"https:\/\/www.encontracamacari.com.br\/sobre#listItem","position":1,"name":"Home","item":"https:\/\/www.encontracamacari.com.br\/sobre","nextItem":{"@type":"ListItem","@id":"https:\/\/www.encontracamacari.com.br\/sobre\/noticias-em-camacari\/#listItem","name":"Not\u00edcias Cama\u00e7ari"}},{"@type":"ListItem","@id":"https:\/\/www.encontracamacari.com.br\/sobre\/noticias-em-camacari\/#listItem","position":2,"name":"Not\u00edcias Cama\u00e7ari","item":"https:\/\/www.encontracamacari.com.br\/sobre\/noticias-em-camacari\/","nextItem":{"@type":"ListItem","@id":"https:\/\/www.encontracamacari.com.br\/sobre\/idafro-aciona-cnj-apos-retirada-de-foto-de-candomblecista-de-exposicao-no-forum-de-camacari-ba\/#listItem","name":"IDAFRO aciona CNJ ap\u00f3s retirada de foto de candomblecista de exposi\u00e7\u00e3o no F\u00f3rum de Cama\u00e7ari (BA)"},"previousItem":{"@type":"ListItem","@id":"https:\/\/www.encontracamacari.com.br\/sobre#listItem","name":"Home"}},{"@type":"ListItem","@id":"https:\/\/www.encontracamacari.com.br\/sobre\/idafro-aciona-cnj-apos-retirada-de-foto-de-candomblecista-de-exposicao-no-forum-de-camacari-ba\/#listItem","position":3,"name":"IDAFRO aciona CNJ ap\u00f3s retirada de foto de candomblecista de exposi\u00e7\u00e3o no F\u00f3rum de Cama\u00e7ari (BA)","previousItem":{"@type":"ListItem","@id":"https:\/\/www.encontracamacari.com.br\/sobre\/noticias-em-camacari\/#listItem","name":"Not\u00edcias Cama\u00e7ari"}}]},{"@type":"Organization","@id":"https:\/\/www.encontracamacari.com.br\/sobre\/#organization","name":"Encontra Cama\u00e7ari","description":"Not\u00edcias, eventos, informa\u00e7\u00f5es e dicas na cidade de Cama\u00e7ari e regi\u00e3o.","url":"https:\/\/www.encontracamacari.com.br\/sobre\/"},{"@type":"Person","@id":"https:\/\/www.encontracamacari.com.br\/sobre\/author\/ecamacari\/#author","url":"https:\/\/www.encontracamacari.com.br\/sobre\/author\/ecamacari\/","name":"Encontra Cama\u00e7ari","image":{"@type":"ImageObject","@id":"https:\/\/www.encontracamacari.com.br\/sobre\/idafro-aciona-cnj-apos-retirada-de-foto-de-candomblecista-de-exposicao-no-forum-de-camacari-ba\/#authorImage","url":"https:\/\/secure.gravatar.com\/avatar\/507340682b8270222e1f208e23198b6ae7e2c6a1033ae84e99bc6bce4f82a387?s=96&d=mm&r=g","width":96,"height":96,"caption":"Encontra Cama\u00e7ari"}},{"@type":"WebPage","@id":"https:\/\/www.encontracamacari.com.br\/sobre\/idafro-aciona-cnj-apos-retirada-de-foto-de-candomblecista-de-exposicao-no-forum-de-camacari-ba\/#webpage","url":"https:\/\/www.encontracamacari.com.br\/sobre\/idafro-aciona-cnj-apos-retirada-de-foto-de-candomblecista-de-exposicao-no-forum-de-camacari-ba\/","name":"IDAFRO aciona CNJ ap\u00f3s retirada de foto de candomblecista de exposi\u00e7\u00e3o no F\u00f3rum de Cama\u00e7ari (BA) - Encontra Cama\u00e7ari","description":"IDAFRO aciona CNJ ap\u00f3s discrimina\u00e7\u00e3o religiosa contra candomblecista.","inLanguage":"pt-BR","isPartOf":{"@id":"https:\/\/www.encontracamacari.com.br\/sobre\/#website"},"breadcrumb":{"@id":"https:\/\/www.encontracamacari.com.br\/sobre\/idafro-aciona-cnj-apos-retirada-de-foto-de-candomblecista-de-exposicao-no-forum-de-camacari-ba\/#breadcrumblist"},"author":{"@id":"https:\/\/www.encontracamacari.com.br\/sobre\/author\/ecamacari\/#author"},"creator":{"@id":"https:\/\/www.encontracamacari.com.br\/sobre\/author\/ecamacari\/#author"},"image":{"@type":"ImageObject","url":"https:\/\/www.encontracamacari.com.br\/sobre\/wp-content\/uploads\/2026\/03\/idafro-aciona-cnj-apos-retirada-de-foto-de-candomblecista-de-exposicao-no-forum-de-camacari-ba.webp","@id":"https:\/\/www.encontracamacari.com.br\/sobre\/idafro-aciona-cnj-apos-retirada-de-foto-de-candomblecista-de-exposicao-no-forum-de-camacari-ba\/#mainImage","width":280,"height":280,"caption":"discrimina\u00e7\u00e3o religiosa"},"primaryImageOfPage":{"@id":"https:\/\/www.encontracamacari.com.br\/sobre\/idafro-aciona-cnj-apos-retirada-de-foto-de-candomblecista-de-exposicao-no-forum-de-camacari-ba\/#mainImage"},"datePublished":"2026-03-05T06:02:38+00:00","dateModified":"2026-03-05T06:02:38+00:00"},{"@type":"WebSite","@id":"https:\/\/www.encontracamacari.com.br\/sobre\/#website","url":"https:\/\/www.encontracamacari.com.br\/sobre\/","name":"Encontra Cama\u00e7ari","description":"Not\u00edcias, eventos, informa\u00e7\u00f5es e dicas na cidade de Cama\u00e7ari e regi\u00e3o.","inLanguage":"pt-BR","publisher":{"@id":"https:\/\/www.encontracamacari.com.br\/sobre\/#organization"}}]},"og:locale":"pt_BR","og:site_name":"Encontra Cama\u00e7ari - Not\u00edcias, eventos, informa\u00e7\u00f5es e dicas na cidade de Cama\u00e7ari e regi\u00e3o.","og:type":"article","og:title":"IDAFRO aciona CNJ ap\u00f3s retirada de foto de candomblecista de exposi\u00e7\u00e3o no F\u00f3rum de Cama\u00e7ari (BA) - Encontra Cama\u00e7ari","og:description":"IDAFRO aciona CNJ ap\u00f3s discrimina\u00e7\u00e3o religiosa contra candomblecista.","og:url":"https:\/\/www.encontracamacari.com.br\/sobre\/idafro-aciona-cnj-apos-retirada-de-foto-de-candomblecista-de-exposicao-no-forum-de-camacari-ba\/","article:published_time":"2026-03-05T06:02:38+00:00","article:modified_time":"2026-03-05T06:02:38+00:00","twitter:card":"summary_large_image","twitter:title":"IDAFRO aciona CNJ ap\u00f3s retirada de foto de candomblecista de exposi\u00e7\u00e3o no F\u00f3rum de Cama\u00e7ari (BA) - Encontra Cama\u00e7ari","twitter:description":"IDAFRO aciona CNJ ap\u00f3s discrimina\u00e7\u00e3o religiosa contra candomblecista."},"aioseo_meta_data":{"post_id":"752","title":null,"description":null,"keywords":null,"keyphrases":null,"primary_term":null,"canonical_url":null,"og_title":null,"og_description":null,"og_object_type":"default","og_image_type":"default","og_image_url":null,"og_image_width":null,"og_image_height":null,"og_image_custom_url":null,"og_image_custom_fields":null,"og_video":null,"og_custom_url":null,"og_article_section":null,"og_article_tags":null,"twitter_use_og":false,"twitter_card":"default","twitter_image_type":"default","twitter_image_url":null,"twitter_image_custom_url":null,"twitter_image_custom_fields":null,"twitter_title":null,"twitter_description":null,"schema":{"blockGraphs":[],"customGraphs":[],"default":{"data":{"Article":[],"Course":[],"Dataset":[],"FAQPage":[],"Movie":[],"Person":[],"Product":[],"ProductReview":[],"Car":[],"Recipe":[],"Service":[],"SoftwareApplication":[],"WebPage":[]},"graphName":"BlogPosting","isEnabled":true},"graphs":[]},"schema_type":"default","schema_type_options":null,"pillar_content":false,"robots_default":true,"robots_noindex":false,"robots_noarchive":false,"robots_nosnippet":false,"robots_nofollow":false,"robots_noimageindex":false,"robots_noodp":false,"robots_notranslate":false,"robots_max_snippet":null,"robots_max_videopreview":null,"robots_max_imagepreview":"large","priority":null,"frequency":null,"local_seo":null,"limit_modified_date":false,"created":"2026-03-05 06:02:42","updated":"2026-08-06 01:18:29","focus_keyword":null,"additional_keywords":null,"truseo_locale":null,"ai":null,"breadcrumb_settings":null,"seo_analyzer_scan_date":null},"aioseo_breadcrumb":"<div class=\"aioseo-breadcrumbs\"><span class=\"aioseo-breadcrumb\">\n\t\t\t<a href=\"https:\/\/www.encontracamacari.com.br\/sobre\" title=\"Home\">Home<\/a>\n\t\t<\/span><span class=\"aioseo-breadcrumb-separator\">&raquo;<\/span><span class=\"aioseo-breadcrumb\">\n\t\t\t<a href=\"https:\/\/www.encontracamacari.com.br\/sobre\/noticias-em-camacari\/\" title=\"Not\u00edcias Cama\u00e7ari\">Not\u00edcias Cama\u00e7ari<\/a>\n\t\t<\/span><span class=\"aioseo-breadcrumb-separator\">&raquo;<\/span><span class=\"aioseo-breadcrumb\">\n\t\t\tIDAFRO aciona CNJ ap\u00f3s retirada de foto de candomblecista de exposi\u00e7\u00e3o no F\u00f3rum de Cama\u00e7ari (BA)\n\t\t<\/span><\/div>","aioseo_breadcrumb_json":[{"label":"Home","link":"https:\/\/www.encontracamacari.com.br\/sobre"},{"label":"Not\u00edcias Cama\u00e7ari","link":"https:\/\/www.encontracamacari.com.br\/sobre\/noticias-em-camacari\/"},{"label":"IDAFRO aciona CNJ ap\u00f3s retirada de foto de candomblecista de exposi\u00e7\u00e3o no F\u00f3rum de Cama\u00e7ari (BA)","link":"https:\/\/www.encontracamacari.com.br\/sobre\/idafro-aciona-cnj-apos-retirada-de-foto-de-candomblecista-de-exposicao-no-forum-de-camacari-ba\/"}],"_links":{"self":[{"href":"https:\/\/www.encontracamacari.com.br\/sobre\/wp-json\/wp\/v2\/posts\/752","targetHints":{"allow":["GET"]}}],"collection":[{"href":"https:\/\/www.encontracamacari.com.br\/sobre\/wp-json\/wp\/v2\/posts"}],"about":[{"href":"https:\/\/www.encontracamacari.com.br\/sobre\/wp-json\/wp\/v2\/types\/post"}],"author":[{"embeddable":true,"href":"https:\/\/www.encontracamacari.com.br\/sobre\/wp-json\/wp\/v2\/users\/1"}],"replies":[{"embeddable":true,"href":"https:\/\/www.encontracamacari.com.br\/sobre\/wp-json\/wp\/v2\/comments?post=752"}],"version-history":[{"count":0,"href":"https:\/\/www.encontracamacari.com.br\/sobre\/wp-json\/wp\/v2\/posts\/752\/revisions"}],"wp:featuredmedia":[{"embeddable":true,"href":"https:\/\/www.encontracamacari.com.br\/sobre\/wp-json\/wp\/v2\/media\/751"}],"wp:attachment":[{"href":"https:\/\/www.encontracamacari.com.br\/sobre\/wp-json\/wp\/v2\/media?parent=752"}],"wp:term":[{"taxonomy":"category","embeddable":true,"href":"https:\/\/www.encontracamacari.com.br\/sobre\/wp-json\/wp\/v2\/categories?post=752"},{"taxonomy":"post_tag","embeddable":true,"href":"https:\/\/www.encontracamacari.com.br\/sobre\/wp-json\/wp\/v2\/tags?post=752"}],"curies":[{"name":"wp","href":"https:\/\/api.w.org\/{rel}","templated":true}]}}