{"id":740,"date":"2026-03-02T06:04:26","date_gmt":"2026-03-02T06:04:26","guid":{"rendered":"https:\/\/www.encontracamacari.com.br\/sobre\/fabrica-camacari-ba\/"},"modified":"2026-03-02T06:04:26","modified_gmt":"2026-03-02T06:04:26","slug":"fabrica-camacari-ba","status":"publish","type":"post","link":"https:\/\/www.encontracamacari.com.br\/sobre\/fabrica-camacari-ba\/","title":{"rendered":"f\u00e1brica Cama\u00e7ari BA"},"content":{"rendered":"<div class=\"2410bb7248a64bb1f71103797e0f239b\" data-index=\"1\" style=\"float: none; margin:0px;\">\n<ins class=\"adsbygoogle\"\r\n     style=\"display:block\"\r\n     data-ad-client=\"ca-pub-8585364105181520\"\r\n     data-ad-slot=\"8789329856\"\r\n     data-ad-format=\"auto\"\r\n     data-full-width-responsive=\"true\"><\/ins>\r\n<script>\r\n     (adsbygoogle = window.adsbygoogle || []).push({});\r\n<\/script>\n<\/div>\n<h2>O Papel da F\u00e1brica Cama\u00e7ari na Economia<\/h2>\n<p>A F\u00e1brica Cama\u00e7ari, situada na Bahia, exerce um papel crucial na economia local e nacional. Com uma produ\u00e7\u00e3o diversificada, a planta n\u00e3o apenas gera empregos diretos, mas tamb\u00e9m impulsiona uma s\u00e9rie de atividades econ\u00f4micas nas regi\u00f5es circunvizinhas. Com seu dinamismo, a f\u00e1brica contribui para o desenvolvimento de v\u00e1rias cadeias produtivas, como a automotive, petroqu\u00edmica e material de constru\u00e7\u00e3o.<\/p>\n<h2>Setores em Destaque na F\u00e1brica Cama\u00e7ari<\/h2>\n<p>Dentre as diversas ind\u00fastrias presentes na F\u00e1brica Cama\u00e7ari, destaca-se o setor automotivo, que abriga montadoras e fornecedoras de pe\u00e7as. Este setor tem crescido exponencialmente, oferecendo ve\u00edculos e componentes que atendem a demanda tanto interna quanto externa. Al\u00e9m disso, a ind\u00fastria petroqu\u00edmica \u00e9 de grande relev\u00e2ncia, uma vez que processa insumos essenciais para diversas aplica\u00e7\u00f5es em setores como o de cosm\u00e9ticos e embalagens.<\/p>\n<h2>Oportunidades de Emprego na F\u00e1brica Cama\u00e7ari<\/h2>\n<p>A busca por m\u00e3o de obra qualificada \u00e9 uma constante na F\u00e1brica Cama\u00e7ari. Com um mercado de trabalho em expans\u00e3o, a f\u00e1brica oferece uma variedade de oportunidades de emprego que abrangem desde fun\u00e7\u00f5es operacionais at\u00e9 posi\u00e7\u00f5es t\u00e9cnicas e de gest\u00e3o. Os candidatos t\u00eam a chance de se inserirem em um ambiente din\u00e2mico e inovador, contribuindo para o crescimento da ind\u00fastria.<\/p>\n<p><img decoding=\"async\" src=\"https:\/\/www.encontracamacari.com.br\/sobre\/wp-content\/uploads\/2026\/03\/fabrica-camacari-ba.webp\" alt=\"f\u00e1brica Cama\u00e7ari BA\" loading=\"lazy\" \/><\/p>\n<h2>Projetos Sustent\u00e1veis e Inova\u00e7\u00f5es<\/h2>\n<p>A F\u00e1brica Cama\u00e7ari est\u00e1 comprometida com a sustentabilidade e a inova\u00e7\u00e3o. Projetos voltados para a redu\u00e7\u00e3o de res\u00edduos e o uso eficiente de recursos s\u00e3o implementados continuamente. A f\u00e1brica tem investido em tecnologias que minimizam o impacto ambiental ao mesmo tempo que otimizam a produ\u00e7\u00e3o. Tais iniciativas s\u00e3o fundamentais para garantir um futuro mais sustent\u00e1vel para a ind\u00fastria e para a regi\u00e3o.<\/p>\n<h2>Impacto da F\u00e1brica Cama\u00e7ari na Regi\u00e3o<\/h2>\n<p>O impacto da F\u00e1brica Cama\u00e7ari na regi\u00e3o \u00e9 not\u00e1vel. Al\u00e9m da gera\u00e7\u00e3o de empregos diretos, a instala\u00e7\u00e3o contribui para o aumento da renda familiar e impulsiona o com\u00e9rcio local. O desenvolvimento de infraestrutura assim como a melhoria dos servi\u00e7os p\u00fablicos s\u00e3o reflexos da presen\u00e7a dessa ind\u00fastria. A intera\u00e7\u00e3o entre a f\u00e1brica e a comunidade local \u00e9 estimulada por meio de programas sociais e parcerias, demonstrando um compromisso com o desenvolvimento social da \u00e1rea.<\/p><div class=\"2410bb7248a64bb1f71103797e0f239b\" data-index=\"2\" style=\"float: none; margin:0px;\">\n<ins class=\"adsbygoogle\"\r\n     style=\"display:block; text-align:center;\"\r\n     data-ad-layout=\"in-article\"\r\n     data-ad-format=\"fluid\"\r\n     data-ad-client=\"ca-pub-8585364105181520\"\r\n     data-ad-slot=\"2899217073\"><\/ins>\r\n<script>\r\n     (adsbygoogle = window.adsbygoogle || []).push({});\r\n<\/script>\r\n\r\n<\/br><\/br>\n<\/div>\n\n<h2>Vagas Recentes e Oportunidades de Carreira<\/h2>\n<p>As vagas dispon\u00edveis na F\u00e1brica Cama\u00e7ari s\u00e3o frequentemente atualizadas de acordo com a demanda do mercado. A f\u00e1brica busca profissionais de diversas \u00e1reas, incluindo engenharia, administra\u00e7\u00e3o, e opera\u00e7\u00f5es. Os interessados em trabalhar na f\u00e1brica devem acompanhar as oportunidades atrav\u00e9s de plataformas oficiais e redobrando aten\u00e7\u00e3o a requisitos espec\u00edficos de cada posi\u00e7\u00e3o.<\/p>\n<h2>Hist\u00f3rico e Evolu\u00e7\u00e3o da F\u00e1brica Cama\u00e7ari<\/h2>\n<p>A hist\u00f3ria da F\u00e1brica Cama\u00e7ari \u00e9 marcada por evolu\u00e7\u00e3o e inova\u00e7\u00e3o cont\u00ednua. Desde a sua funda\u00e7\u00e3o, a f\u00e1brica tem se adaptado \u00e0s novas tecnologias e \u00e0s necessidades do mercado. O crescimento da planta ao longo dos anos tamb\u00e9m reflete a capacidade da ind\u00fastria de se reinventar e de incorporar pr\u00e1ticas modernas de produ\u00e7\u00e3o.<\/p>\n<h2>Parcerias e Colabora\u00e7\u00f5es da F\u00e1brica Cama\u00e7ari<\/h2>\n<p>As parcerias s\u00e3o um pilar fundamental para o sucesso da F\u00e1brica Cama\u00e7ari. A coopera\u00e7\u00e3o com fornecedores, universidades e institui\u00e7\u00f5es de pesquisa possibilita o compartilhamento de conhecimento e o desenvolvimento de novas tecnologias. Essas colabora\u00e7\u00f5es s\u00e3o essenciais para manter a competitividade da f\u00e1brica no mercado e para promover a inova\u00e7\u00e3o.<\/p>\n<h2>Como se Candidatar a Vagas na F\u00e1brica<\/h2>\n<p>Para se candidatar a vagas na F\u00e1brica Cama\u00e7ari, os interessados devem acessar o site oficial da empresa ou plataformas de empregos. A apresenta\u00e7\u00e3o de curr\u00edculos deve ser feita de maneira clara e objetiva, enfatizando as experi\u00eancias e habilidades relevantes. \u00c9 importante estar atento as datas de abertura e fechamento das candidaturas.<\/p>\n<h2>Futuro da F\u00e1brica Cama\u00e7ari e sua Import\u00e2ncia<\/h2>\n<p>O futuro da F\u00e1brica Cama\u00e7ari \u00e9 promissor. Com a cont\u00ednua expans\u00e3o do setor industrial e o avan\u00e7o tecnol\u00f3gico, a f\u00e1brica se posiciona como uma refer\u00eancia em produ\u00e7\u00e3o e sustentabilidade. O compromisso com inova\u00e7\u00f5es e ado\u00e7\u00e3o de pr\u00e1ticas respons\u00e1veis indicam que a f\u00e1brica n\u00e3o somente assegurar\u00e1 seu lugar no mercado, mas tamb\u00e9m contribuir\u00e1 para um desenvolvimento sustent\u00e1vel em escala regional e nacional.<\/p>\n<div class=\"2410bb7248a64bb1f71103797e0f239b\" data-index=\"3\" style=\"float: none; margin:0px;\">\n<\/br><\/br>\r\n\r\n<ins class=\"adsbygoogle\"\r\n     style=\"display:block\"\r\n     data-ad-format=\"fluid\"\r\n     data-ad-layout-key=\"-63+do+n-1s+9e\"\r\n     data-ad-client=\"ca-pub-8585364105181520\"\r\n     data-ad-slot=\"6838462089\"><\/ins>\r\n<script>\r\n     (adsbygoogle = window.adsbygoogle || []).push({});\r\n<\/script>\n<\/div>\n\n<div style=\"font-size: 0px; height: 0px; line-height: 0px; margin: 0; padding: 0; clear: both;\"><\/div>","protected":false},"excerpt":{"rendered":"<p>F\u00e1brica Cama\u00e7ari BA \u00e9 um polo de oportunidades e inova\u00e7\u00f5es no Brasil.<\/p>\n","protected":false},"author":1,"featured_media":739,"comment_status":"open","ping_status":"closed","sticky":false,"template":"","format":"standard","meta":{"footnotes":""},"categories":[1],"tags":[],"class_list":["post-740","post","type-post","status-publish","format-standard","has-post-thumbnail","hentry","category-noticias-em-camacari","has_thumb"],"aioseo_notices":[],"aioseo_head":"\n\t\t<!-- All in One SEO 5.0.0.1 - aioseo.com -->\n\t<meta name=\"description\" content=\"F\u00e1brica Cama\u00e7ari BA \u00e9 um polo de oportunidades e inova\u00e7\u00f5es no Brasil.\" \/>\n\t<meta name=\"robots\" content=\"max-image-preview:large\" \/>\n\t<meta name=\"author\" content=\"Encontra Cama\u00e7ari\"\/>\n\t<link rel=\"canonical\" href=\"https:\/\/www.encontracamacari.com.br\/sobre\/fabrica-camacari-ba\/\" \/>\n\t<meta name=\"generator\" content=\"All in One SEO (AIOSEO) 5.0.0.1\" \/>\n\t\t<meta property=\"og:locale\" content=\"pt_BR\" \/>\n\t\t<meta property=\"og:site_name\" content=\"Encontra Cama\u00e7ari - Not\u00edcias, eventos, informa\u00e7\u00f5es e dicas na cidade de Cama\u00e7ari e regi\u00e3o.\" \/>\n\t\t<meta property=\"og:type\" content=\"article\" \/>\n\t\t<meta property=\"og:title\" content=\"f\u00e1brica Cama\u00e7ari BA - Encontra Cama\u00e7ari\" \/>\n\t\t<meta property=\"og:description\" content=\"F\u00e1brica Cama\u00e7ari BA \u00e9 um polo de oportunidades e inova\u00e7\u00f5es no Brasil.\" \/>\n\t\t<meta property=\"og:url\" content=\"https:\/\/www.encontracamacari.com.br\/sobre\/fabrica-camacari-ba\/\" \/>\n\t\t<meta property=\"article:published_time\" content=\"2026-03-02T06:04:26+00:00\" \/>\n\t\t<meta property=\"article:modified_time\" content=\"2026-03-02T06:04:26+00:00\" \/>\n\t\t<meta name=\"twitter:card\" content=\"summary_large_image\" \/>\n\t\t<meta name=\"twitter:title\" content=\"f\u00e1brica Cama\u00e7ari BA - Encontra Cama\u00e7ari\" \/>\n\t\t<meta name=\"twitter:description\" content=\"F\u00e1brica Cama\u00e7ari BA \u00e9 um polo de oportunidades e inova\u00e7\u00f5es no Brasil.\" \/>\n\t\t<script type=\"application\/ld+json\" class=\"aioseo-schema\">\n\t\t\t{\"@context\":\"https:\\\/\\\/schema.org\",\"@graph\":[{\"@type\":\"BlogPosting\",\"@id\":\"https:\\\/\\\/www.encontracamacari.com.br\\\/sobre\\\/fabrica-camacari-ba\\\/#blogposting\",\"name\":\"f\\u00e1brica Cama\\u00e7ari BA - Encontra Cama\\u00e7ari\",\"headline\":\"f\\u00e1brica Cama\\u00e7ari BA\",\"author\":{\"@id\":\"https:\\\/\\\/www.encontracamacari.com.br\\\/sobre\\\/author\\\/ecamacari\\\/#author\"},\"publisher\":{\"@id\":\"https:\\\/\\\/www.encontracamacari.com.br\\\/sobre\\\/#organization\"},\"image\":{\"@type\":\"ImageObject\",\"url\":\"https:\\\/\\\/www.encontracamacari.com.br\\\/sobre\\\/wp-content\\\/uploads\\\/2026\\\/03\\\/fabrica-camacari-ba.webp\",\"width\":280,\"height\":280,\"caption\":\"f\\u00e1brica Cama\\u00e7ari BA\"},\"datePublished\":\"2026-03-02T06:04:26+00:00\",\"dateModified\":\"2026-03-02T06:04:26+00:00\",\"inLanguage\":\"pt-BR\",\"mainEntityOfPage\":{\"@id\":\"https:\\\/\\\/www.encontracamacari.com.br\\\/sobre\\\/fabrica-camacari-ba\\\/#webpage\"},\"isPartOf\":{\"@id\":\"https:\\\/\\\/www.encontracamacari.com.br\\\/sobre\\\/fabrica-camacari-ba\\\/#webpage\"},\"articleSection\":\"Not\\u00edcias Cama\\u00e7ari\"},{\"@type\":\"BreadcrumbList\",\"@id\":\"https:\\\/\\\/www.encontracamacari.com.br\\\/sobre\\\/fabrica-camacari-ba\\\/#breadcrumblist\",\"itemListElement\":[{\"@type\":\"ListItem\",\"@id\":\"https:\\\/\\\/www.encontracamacari.com.br\\\/sobre#listItem\",\"position\":1,\"name\":\"Home\",\"item\":\"https:\\\/\\\/www.encontracamacari.com.br\\\/sobre\",\"nextItem\":{\"@type\":\"ListItem\",\"@id\":\"https:\\\/\\\/www.encontracamacari.com.br\\\/sobre\\\/noticias-em-camacari\\\/#listItem\",\"name\":\"Not\\u00edcias Cama\\u00e7ari\"}},{\"@type\":\"ListItem\",\"@id\":\"https:\\\/\\\/www.encontracamacari.com.br\\\/sobre\\\/noticias-em-camacari\\\/#listItem\",\"position\":2,\"name\":\"Not\\u00edcias Cama\\u00e7ari\",\"item\":\"https:\\\/\\\/www.encontracamacari.com.br\\\/sobre\\\/noticias-em-camacari\\\/\",\"nextItem\":{\"@type\":\"ListItem\",\"@id\":\"https:\\\/\\\/www.encontracamacari.com.br\\\/sobre\\\/fabrica-camacari-ba\\\/#listItem\",\"name\":\"f\\u00e1brica Cama\\u00e7ari BA\"},\"previousItem\":{\"@type\":\"ListItem\",\"@id\":\"https:\\\/\\\/www.encontracamacari.com.br\\\/sobre#listItem\",\"name\":\"Home\"}},{\"@type\":\"ListItem\",\"@id\":\"https:\\\/\\\/www.encontracamacari.com.br\\\/sobre\\\/fabrica-camacari-ba\\\/#listItem\",\"position\":3,\"name\":\"f\\u00e1brica Cama\\u00e7ari BA\",\"previousItem\":{\"@type\":\"ListItem\",\"@id\":\"https:\\\/\\\/www.encontracamacari.com.br\\\/sobre\\\/noticias-em-camacari\\\/#listItem\",\"name\":\"Not\\u00edcias Cama\\u00e7ari\"}}]},{\"@type\":\"Organization\",\"@id\":\"https:\\\/\\\/www.encontracamacari.com.br\\\/sobre\\\/#organization\",\"name\":\"Encontra Cama\\u00e7ari\",\"description\":\"Not\\u00edcias, eventos, informa\\u00e7\\u00f5es e dicas na cidade de Cama\\u00e7ari e regi\\u00e3o.\",\"url\":\"https:\\\/\\\/www.encontracamacari.com.br\\\/sobre\\\/\"},{\"@type\":\"Person\",\"@id\":\"https:\\\/\\\/www.encontracamacari.com.br\\\/sobre\\\/author\\\/ecamacari\\\/#author\",\"url\":\"https:\\\/\\\/www.encontracamacari.com.br\\\/sobre\\\/author\\\/ecamacari\\\/\",\"name\":\"Encontra Cama\\u00e7ari\",\"image\":{\"@type\":\"ImageObject\",\"@id\":\"https:\\\/\\\/www.encontracamacari.com.br\\\/sobre\\\/fabrica-camacari-ba\\\/#authorImage\",\"url\":\"https:\\\/\\\/secure.gravatar.com\\\/avatar\\\/507340682b8270222e1f208e23198b6ae7e2c6a1033ae84e99bc6bce4f82a387?s=96&d=mm&r=g\",\"width\":96,\"height\":96,\"caption\":\"Encontra Cama\\u00e7ari\"}},{\"@type\":\"WebPage\",\"@id\":\"https:\\\/\\\/www.encontracamacari.com.br\\\/sobre\\\/fabrica-camacari-ba\\\/#webpage\",\"url\":\"https:\\\/\\\/www.encontracamacari.com.br\\\/sobre\\\/fabrica-camacari-ba\\\/\",\"name\":\"f\\u00e1brica Cama\\u00e7ari BA - Encontra Cama\\u00e7ari\",\"description\":\"F\\u00e1brica Cama\\u00e7ari BA \\u00e9 um polo de oportunidades e inova\\u00e7\\u00f5es no Brasil.\",\"inLanguage\":\"pt-BR\",\"isPartOf\":{\"@id\":\"https:\\\/\\\/www.encontracamacari.com.br\\\/sobre\\\/#website\"},\"breadcrumb\":{\"@id\":\"https:\\\/\\\/www.encontracamacari.com.br\\\/sobre\\\/fabrica-camacari-ba\\\/#breadcrumblist\"},\"author\":{\"@id\":\"https:\\\/\\\/www.encontracamacari.com.br\\\/sobre\\\/author\\\/ecamacari\\\/#author\"},\"creator\":{\"@id\":\"https:\\\/\\\/www.encontracamacari.com.br\\\/sobre\\\/author\\\/ecamacari\\\/#author\"},\"image\":{\"@type\":\"ImageObject\",\"url\":\"https:\\\/\\\/www.encontracamacari.com.br\\\/sobre\\\/wp-content\\\/uploads\\\/2026\\\/03\\\/fabrica-camacari-ba.webp\",\"@id\":\"https:\\\/\\\/www.encontracamacari.com.br\\\/sobre\\\/fabrica-camacari-ba\\\/#mainImage\",\"width\":280,\"height\":280,\"caption\":\"f\\u00e1brica Cama\\u00e7ari BA\"},\"primaryImageOfPage\":{\"@id\":\"https:\\\/\\\/www.encontracamacari.com.br\\\/sobre\\\/fabrica-camacari-ba\\\/#mainImage\"},\"datePublished\":\"2026-03-02T06:04:26+00:00\",\"dateModified\":\"2026-03-02T06:04:26+00:00\"},{\"@type\":\"WebSite\",\"@id\":\"https:\\\/\\\/www.encontracamacari.com.br\\\/sobre\\\/#website\",\"url\":\"https:\\\/\\\/www.encontracamacari.com.br\\\/sobre\\\/\",\"name\":\"Encontra Cama\\u00e7ari\",\"description\":\"Not\\u00edcias, eventos, informa\\u00e7\\u00f5es e dicas na cidade de Cama\\u00e7ari e regi\\u00e3o.\",\"inLanguage\":\"pt-BR\",\"publisher\":{\"@id\":\"https:\\\/\\\/www.encontracamacari.com.br\\\/sobre\\\/#organization\"}}]}\n\t\t<\/script>\n\t\t<!-- All in One SEO -->\n\n","aioseo_head_json":{"title":"f\u00e1brica Cama\u00e7ari BA - Encontra Cama\u00e7ari","description":"F\u00e1brica Cama\u00e7ari BA \u00e9 um polo de oportunidades e inova\u00e7\u00f5es no Brasil.","canonical_url":"https:\/\/www.encontracamacari.com.br\/sobre\/fabrica-camacari-ba\/","robots":"max-image-preview:large","keywords":"","webmasterTools":{"miscellaneous":""},"schema":{"@context":"https:\/\/schema.org","@graph":[{"@type":"BlogPosting","@id":"https:\/\/www.encontracamacari.com.br\/sobre\/fabrica-camacari-ba\/#blogposting","name":"f\u00e1brica Cama\u00e7ari BA - Encontra Cama\u00e7ari","headline":"f\u00e1brica Cama\u00e7ari BA","author":{"@id":"https:\/\/www.encontracamacari.com.br\/sobre\/author\/ecamacari\/#author"},"publisher":{"@id":"https:\/\/www.encontracamacari.com.br\/sobre\/#organization"},"image":{"@type":"ImageObject","url":"https:\/\/www.encontracamacari.com.br\/sobre\/wp-content\/uploads\/2026\/03\/fabrica-camacari-ba.webp","width":280,"height":280,"caption":"f\u00e1brica Cama\u00e7ari BA"},"datePublished":"2026-03-02T06:04:26+00:00","dateModified":"2026-03-02T06:04:26+00:00","inLanguage":"pt-BR","mainEntityOfPage":{"@id":"https:\/\/www.encontracamacari.com.br\/sobre\/fabrica-camacari-ba\/#webpage"},"isPartOf":{"@id":"https:\/\/www.encontracamacari.com.br\/sobre\/fabrica-camacari-ba\/#webpage"},"articleSection":"Not\u00edcias Cama\u00e7ari"},{"@type":"BreadcrumbList","@id":"https:\/\/www.encontracamacari.com.br\/sobre\/fabrica-camacari-ba\/#breadcrumblist","itemListElement":[{"@type":"ListItem","@id":"https:\/\/www.encontracamacari.com.br\/sobre#listItem","position":1,"name":"Home","item":"https:\/\/www.encontracamacari.com.br\/sobre","nextItem":{"@type":"ListItem","@id":"https:\/\/www.encontracamacari.com.br\/sobre\/noticias-em-camacari\/#listItem","name":"Not\u00edcias Cama\u00e7ari"}},{"@type":"ListItem","@id":"https:\/\/www.encontracamacari.com.br\/sobre\/noticias-em-camacari\/#listItem","position":2,"name":"Not\u00edcias Cama\u00e7ari","item":"https:\/\/www.encontracamacari.com.br\/sobre\/noticias-em-camacari\/","nextItem":{"@type":"ListItem","@id":"https:\/\/www.encontracamacari.com.br\/sobre\/fabrica-camacari-ba\/#listItem","name":"f\u00e1brica Cama\u00e7ari BA"},"previousItem":{"@type":"ListItem","@id":"https:\/\/www.encontracamacari.com.br\/sobre#listItem","name":"Home"}},{"@type":"ListItem","@id":"https:\/\/www.encontracamacari.com.br\/sobre\/fabrica-camacari-ba\/#listItem","position":3,"name":"f\u00e1brica Cama\u00e7ari BA","previousItem":{"@type":"ListItem","@id":"https:\/\/www.encontracamacari.com.br\/sobre\/noticias-em-camacari\/#listItem","name":"Not\u00edcias Cama\u00e7ari"}}]},{"@type":"Organization","@id":"https:\/\/www.encontracamacari.com.br\/sobre\/#organization","name":"Encontra Cama\u00e7ari","description":"Not\u00edcias, eventos, informa\u00e7\u00f5es e dicas na cidade de Cama\u00e7ari e regi\u00e3o.","url":"https:\/\/www.encontracamacari.com.br\/sobre\/"},{"@type":"Person","@id":"https:\/\/www.encontracamacari.com.br\/sobre\/author\/ecamacari\/#author","url":"https:\/\/www.encontracamacari.com.br\/sobre\/author\/ecamacari\/","name":"Encontra Cama\u00e7ari","image":{"@type":"ImageObject","@id":"https:\/\/www.encontracamacari.com.br\/sobre\/fabrica-camacari-ba\/#authorImage","url":"https:\/\/secure.gravatar.com\/avatar\/507340682b8270222e1f208e23198b6ae7e2c6a1033ae84e99bc6bce4f82a387?s=96&d=mm&r=g","width":96,"height":96,"caption":"Encontra Cama\u00e7ari"}},{"@type":"WebPage","@id":"https:\/\/www.encontracamacari.com.br\/sobre\/fabrica-camacari-ba\/#webpage","url":"https:\/\/www.encontracamacari.com.br\/sobre\/fabrica-camacari-ba\/","name":"f\u00e1brica Cama\u00e7ari BA - Encontra Cama\u00e7ari","description":"F\u00e1brica Cama\u00e7ari BA \u00e9 um polo de oportunidades e inova\u00e7\u00f5es no Brasil.","inLanguage":"pt-BR","isPartOf":{"@id":"https:\/\/www.encontracamacari.com.br\/sobre\/#website"},"breadcrumb":{"@id":"https:\/\/www.encontracamacari.com.br\/sobre\/fabrica-camacari-ba\/#breadcrumblist"},"author":{"@id":"https:\/\/www.encontracamacari.com.br\/sobre\/author\/ecamacari\/#author"},"creator":{"@id":"https:\/\/www.encontracamacari.com.br\/sobre\/author\/ecamacari\/#author"},"image":{"@type":"ImageObject","url":"https:\/\/www.encontracamacari.com.br\/sobre\/wp-content\/uploads\/2026\/03\/fabrica-camacari-ba.webp","@id":"https:\/\/www.encontracamacari.com.br\/sobre\/fabrica-camacari-ba\/#mainImage","width":280,"height":280,"caption":"f\u00e1brica Cama\u00e7ari BA"},"primaryImageOfPage":{"@id":"https:\/\/www.encontracamacari.com.br\/sobre\/fabrica-camacari-ba\/#mainImage"},"datePublished":"2026-03-02T06:04:26+00:00","dateModified":"2026-03-02T06:04:26+00:00"},{"@type":"WebSite","@id":"https:\/\/www.encontracamacari.com.br\/sobre\/#website","url":"https:\/\/www.encontracamacari.com.br\/sobre\/","name":"Encontra Cama\u00e7ari","description":"Not\u00edcias, eventos, informa\u00e7\u00f5es e dicas na cidade de Cama\u00e7ari e regi\u00e3o.","inLanguage":"pt-BR","publisher":{"@id":"https:\/\/www.encontracamacari.com.br\/sobre\/#organization"}}]},"og:locale":"pt_BR","og:site_name":"Encontra Cama\u00e7ari - Not\u00edcias, eventos, informa\u00e7\u00f5es e dicas na cidade de Cama\u00e7ari e regi\u00e3o.","og:type":"article","og:title":"f\u00e1brica Cama\u00e7ari BA - Encontra Cama\u00e7ari","og:description":"F\u00e1brica Cama\u00e7ari BA \u00e9 um polo de oportunidades e inova\u00e7\u00f5es no Brasil.","og:url":"https:\/\/www.encontracamacari.com.br\/sobre\/fabrica-camacari-ba\/","article:published_time":"2026-03-02T06:04:26+00:00","article:modified_time":"2026-03-02T06:04:26+00:00","twitter:card":"summary_large_image","twitter:title":"f\u00e1brica Cama\u00e7ari BA - Encontra Cama\u00e7ari","twitter:description":"F\u00e1brica Cama\u00e7ari BA \u00e9 um polo de oportunidades e inova\u00e7\u00f5es no Brasil."},"aioseo_meta_data":{"post_id":"740","title":null,"description":null,"keywords":null,"keyphrases":null,"primary_term":null,"canonical_url":null,"og_title":null,"og_description":null,"og_object_type":"default","og_image_type":"default","og_image_url":null,"og_image_width":null,"og_image_height":null,"og_image_custom_url":null,"og_image_custom_fields":null,"og_video":null,"og_custom_url":null,"og_article_section":null,"og_article_tags":null,"twitter_use_og":false,"twitter_card":"default","twitter_image_type":"default","twitter_image_url":null,"twitter_image_custom_url":null,"twitter_image_custom_fields":null,"twitter_title":null,"twitter_description":null,"schema":{"blockGraphs":[],"customGraphs":[],"default":{"data":{"Article":[],"Course":[],"Dataset":[],"FAQPage":[],"Movie":[],"Person":[],"Product":[],"ProductReview":[],"Car":[],"Recipe":[],"Service":[],"SoftwareApplication":[],"WebPage":[]},"graphName":"BlogPosting","isEnabled":true},"graphs":[]},"schema_type":"default","schema_type_options":null,"pillar_content":false,"robots_default":true,"robots_noindex":false,"robots_noarchive":false,"robots_nosnippet":false,"robots_nofollow":false,"robots_noimageindex":false,"robots_noodp":false,"robots_notranslate":false,"robots_max_snippet":null,"robots_max_videopreview":null,"robots_max_imagepreview":"large","priority":null,"frequency":null,"local_seo":null,"limit_modified_date":false,"created":"2026-03-02 06:04:30","updated":"2026-08-06 01:18:29","focus_keyword":null,"additional_keywords":null,"truseo_locale":null,"ai":null,"breadcrumb_settings":null,"seo_analyzer_scan_date":null},"aioseo_breadcrumb":"<div class=\"aioseo-breadcrumbs\"><span class=\"aioseo-breadcrumb\">\n\t\t\t<a href=\"https:\/\/www.encontracamacari.com.br\/sobre\" title=\"Home\">Home<\/a>\n\t\t<\/span><span class=\"aioseo-breadcrumb-separator\">&raquo;<\/span><span class=\"aioseo-breadcrumb\">\n\t\t\t<a href=\"https:\/\/www.encontracamacari.com.br\/sobre\/noticias-em-camacari\/\" title=\"Not\u00edcias Cama\u00e7ari\">Not\u00edcias Cama\u00e7ari<\/a>\n\t\t<\/span><span class=\"aioseo-breadcrumb-separator\">&raquo;<\/span><span class=\"aioseo-breadcrumb\">\n\t\t\tf\u00e1brica Cama\u00e7ari BA\n\t\t<\/span><\/div>","aioseo_breadcrumb_json":[{"label":"Home","link":"https:\/\/www.encontracamacari.com.br\/sobre"},{"label":"Not\u00edcias Cama\u00e7ari","link":"https:\/\/www.encontracamacari.com.br\/sobre\/noticias-em-camacari\/"},{"label":"f\u00e1brica Cama\u00e7ari BA","link":"https:\/\/www.encontracamacari.com.br\/sobre\/fabrica-camacari-ba\/"}],"_links":{"self":[{"href":"https:\/\/www.encontracamacari.com.br\/sobre\/wp-json\/wp\/v2\/posts\/740","targetHints":{"allow":["GET"]}}],"collection":[{"href":"https:\/\/www.encontracamacari.com.br\/sobre\/wp-json\/wp\/v2\/posts"}],"about":[{"href":"https:\/\/www.encontracamacari.com.br\/sobre\/wp-json\/wp\/v2\/types\/post"}],"author":[{"embeddable":true,"href":"https:\/\/www.encontracamacari.com.br\/sobre\/wp-json\/wp\/v2\/users\/1"}],"replies":[{"embeddable":true,"href":"https:\/\/www.encontracamacari.com.br\/sobre\/wp-json\/wp\/v2\/comments?post=740"}],"version-history":[{"count":0,"href":"https:\/\/www.encontracamacari.com.br\/sobre\/wp-json\/wp\/v2\/posts\/740\/revisions"}],"wp:featuredmedia":[{"embeddable":true,"href":"https:\/\/www.encontracamacari.com.br\/sobre\/wp-json\/wp\/v2\/media\/739"}],"wp:attachment":[{"href":"https:\/\/www.encontracamacari.com.br\/sobre\/wp-json\/wp\/v2\/media?parent=740"}],"wp:term":[{"taxonomy":"category","embeddable":true,"href":"https:\/\/www.encontracamacari.com.br\/sobre\/wp-json\/wp\/v2\/categories?post=740"},{"taxonomy":"post_tag","embeddable":true,"href":"https:\/\/www.encontracamacari.com.br\/sobre\/wp-json\/wp\/v2\/tags?post=740"}],"curies":[{"name":"wp","href":"https:\/\/api.w.org\/{rel}","templated":true}]}}