{"id":736,"date":"2026-03-01T06:04:38","date_gmt":"2026-03-01T06:04:38","guid":{"rendered":"https:\/\/www.encontracamacari.com.br\/sobre\/bracell-abre-vagas-de-jovem-aprendiz-para-fabrica-de-camacari-com-acoes-afirmativas-para-pessoas-negras-e-pcds\/"},"modified":"2026-03-01T06:04:38","modified_gmt":"2026-03-01T06:04:38","slug":"bracell-abre-vagas-de-jovem-aprendiz-para-fabrica-de-camacari-com-acoes-afirmativas-para-pessoas-negras-e-pcds","status":"publish","type":"post","link":"https:\/\/www.encontracamacari.com.br\/sobre\/bracell-abre-vagas-de-jovem-aprendiz-para-fabrica-de-camacari-com-acoes-afirmativas-para-pessoas-negras-e-pcds\/","title":{"rendered":"Bracell abre vagas de Jovem Aprendiz para f\u00e1brica de Cama\u00e7ari com a\u00e7\u00f5es afirmativas para pessoas negras e PCDs"},"content":{"rendered":"<div class=\"2410bb7248a64bb1f71103797e0f239b\" data-index=\"1\" style=\"float: none; margin:0px;\">\n<ins class=\"adsbygoogle\"\r\n     style=\"display:block\"\r\n     data-ad-client=\"ca-pub-8585364105181520\"\r\n     data-ad-slot=\"8789329856\"\r\n     data-ad-format=\"auto\"\r\n     data-full-width-responsive=\"true\"><\/ins>\r\n<script>\r\n     (adsbygoogle = window.adsbygoogle || []).push({});\r\n<\/script>\n<\/div>\n<h2>O que \u00e9 o Programa Jovem Aprendiz da Bracell?<\/h2>\n<p>O Programa Jovem Aprendiz da Bracell visa proporcionar a jovens a oportunidade de ingressar no mundo do trabalho. Este programa permite que adolescentes ganhem experi\u00eancia profissional ao mesmo tempo em que recebem forma\u00e7\u00e3o adequada para suas futuras carreiras. Focado na inclus\u00e3o, o programa busca integrar diversos grupos sociais, promovendo uma for\u00e7a de trabalho mais diversificada e capacitada.<\/p>\n<h2>Vagas Abertas em Cama\u00e7ari<\/h2>\n<p>A Bracell anunciou a abertura de vagas para o Programa Jovem Aprendiz em sua unidade localizada na f\u00e1brica de Cama\u00e7ari. Os interessados em participar podem se inscrever at\u00e9 <strong>4 de fevereiro<\/strong>. Ao todo, est\u00e3o dispon\u00edveis <strong>seis vagas<\/strong> especialmente direcionadas para jovens que se autodeclaram negros e para pessoas com defici\u00eancia (PCDs).<\/p>\n<h2>Crit\u00e9rios para Participa\u00e7\u00e3o<\/h2>\n<p>Para se candidatar \u00e0s vagas do programa, os jovens devem atender aos seguintes requisitos:<\/p>\n<p><img decoding=\"async\" src=\"https:\/\/www.encontracamacari.com.br\/sobre\/wp-content\/uploads\/2026\/03\/bracell-abre-vagas-de-jovem-aprendiz-para-fabrica-de-camacari-com-acoes-afirmativas-para-pessoas-neg.webp\" alt=\"Jovem Aprendiz Bracell\" loading=\"lazy\" \/><\/p>\n<ul>\n<li><strong>Idade:<\/strong> Os candidatos devem ter entre <strong>18 e 21 anos<\/strong> para jovens negros, e a partir de <strong>18 anos<\/strong> para PCDs, sem limite m\u00e1ximo.<\/li>\n<li><strong>Localidade:<\/strong> Ser residente de Cama\u00e7ari ou Dias D\u2019\u00c1vila.<\/li>\n<li><strong>Inscri\u00e7\u00e3o:<\/strong> Atrav\u00e9s do site oficial da Bracell na se\u00e7\u00e3o de carreiras, na \u00e1rea destinada \u00e0s vaga de Aprendiz Administrativo.<\/li>\n<\/ul>\n<h2>Import\u00e2ncia da Inclus\u00e3o<\/h2>\n<p>O programa \u00e9 parte de uma iniciativa ampla para melhorar a inclus\u00e3o social, oferecendo oportunidades a jovens de setores frequentemente marginalizados. Com um foco espec\u00edfico na diversidade, a Bracell busca garantir que todos os segmentos da sociedade tenham a chance de entrar no mercado de trabalho e desenvolver seus talentos.<\/p><div class=\"2410bb7248a64bb1f71103797e0f239b\" data-index=\"2\" style=\"float: none; margin:0px;\">\n<ins class=\"adsbygoogle\"\r\n     style=\"display:block; text-align:center;\"\r\n     data-ad-layout=\"in-article\"\r\n     data-ad-format=\"fluid\"\r\n     data-ad-client=\"ca-pub-8585364105181520\"\r\n     data-ad-slot=\"2899217073\"><\/ins>\r\n<script>\r\n     (adsbygoogle = window.adsbygoogle || []).push({});\r\n<\/script>\r\n\r\n<\/br><\/br>\n<\/div>\n\n<h2>Depoimentos de Aprendizes<\/h2>\n<p>Os relatos dos participantes do programa mostram como essa experi\u00eancia tem sido enriquecedora. A aprendiz <strong>Renata Passos<\/strong>, residente de Cama\u00e7ari, comentou: &#8220;O programa me proporcionou n\u00e3o apenas aprendizado t\u00e9cnico, mas tamb\u00e9m a chance de desenvolver habilidades interpessoais que s\u00e3o essenciais no ambiente corporativo.&#8221; Outro exemplo \u00e9 <strong>Taila Santos<\/strong>, que come\u00e7ou como aprendiz em 2020 e foi efetivada na equipe de Recursos Humanos. Ela expressou como a jornada foi crucial para seu desenvolvimento profissional.<\/p>\n<h2>Parceria com CIEE<\/h2>\n<p>A forma\u00e7\u00e3o dos jovens no programa \u00e9 facilitada atrav\u00e9s de uma parceria com o <strong>Centro de Integra\u00e7\u00e3o Empresa-Escola (CIEE)<\/strong>, que oferece capacita\u00e7\u00e3o voltada para a fun\u00e7\u00e3o de assistente administrativo. Essa colabora\u00e7\u00e3o assegura que os aprendizes recebam instru\u00e7\u00f5es adequadas, preparando-os para os desafios do dia a dia em suas futuras carreiras.<\/p>\n<h2>O Papel do Jovem Aprendiz no Mercado<\/h2>\n<p>O Programa Jovem Aprendiz \u00e9 uma porta de entrada para o mercado de trabalho, permitindo que os jovens adquiram experi\u00eancia pr\u00e1tica enquanto se educam para suas futuras profiss\u00f5es. Esse tempo na Bracell n\u00e3o s\u00f3 melhora a empregabilidade dos jovens, mas tamb\u00e9m traz novas perspectivas e ideias para a empresa, favorecendo um ambiente de trabalho din\u00e2mico e inovador.<\/p>\n<h2>Bracell e a Diversidade<\/h2>\n<p>A Bracell se compromete a promover a diversidade em seus processos de contrata\u00e7\u00e3o. Dados internos da empresa mostram que a maioria dos aprendizes ativos \u00e9 composta por pessoas negras, refletindo um esfor\u00e7o em fazer da diversidade uma prioridade na cultura organizacional.<\/p>\n<h2>Benef\u00edcios das A\u00e7\u00f5es Afirmativas<\/h2>\n<p>As a\u00e7\u00f5es afirmativas iniciadas pela Bracell n\u00e3o apenas criam oportunidades para grupos historicamente desfavorecidos, mas tamb\u00e9m estimulam melhorias na coes\u00e3o social e cultivam um ambiente de trabalho mais inclusivo. A diversidade \u00e9 reconhecida como uma for\u00e7a, trazendo diferentes perspectivas que enriquecem a cultura corporativa e melhoram a tomada de decis\u00f5es.<\/p>\n<h2>Como se Inscrever no Programa<\/h2>\n<p>Os interessados em participar do Programa Jovem Aprendiz devem acessar o site da <strong>Bracell<\/strong> e navegar at\u00e9 a se\u00e7\u00e3o de carreiras. Uma vez l\u00e1, \u00e9 poss\u00edvel encontrar a op\u00e7\u00e3o espec\u00edfica para as vagas de Aprendiz Administrativo. \u00c9 fundamental que todos os documentos necess\u00e1rios estejam em ordem e que os candidatos preencham cuidadosamente todas as informa\u00e7\u00f5es solicitadas no formul\u00e1rio de inscri\u00e7\u00e3o.<\/p>\n<div class=\"2410bb7248a64bb1f71103797e0f239b\" data-index=\"3\" style=\"float: none; margin:0px;\">\n<\/br><\/br>\r\n\r\n<ins class=\"adsbygoogle\"\r\n     style=\"display:block\"\r\n     data-ad-format=\"fluid\"\r\n     data-ad-layout-key=\"-63+do+n-1s+9e\"\r\n     data-ad-client=\"ca-pub-8585364105181520\"\r\n     data-ad-slot=\"6838462089\"><\/ins>\r\n<script>\r\n     (adsbygoogle = window.adsbygoogle || []).push({});\r\n<\/script>\n<\/div>\n\n<div style=\"font-size: 0px; height: 0px; line-height: 0px; margin: 0; padding: 0; clear: both;\"><\/div>","protected":false},"excerpt":{"rendered":"<p>Bracell oferece oportunidades de Jovem Aprendiz focadas em inclus\u00e3o.<\/p>\n","protected":false},"author":1,"featured_media":735,"comment_status":"open","ping_status":"closed","sticky":false,"template":"","format":"standard","meta":{"footnotes":""},"categories":[1],"tags":[],"class_list":["post-736","post","type-post","status-publish","format-standard","has-post-thumbnail","hentry","category-noticias-em-camacari","has_thumb"],"aioseo_notices":[],"aioseo_head":"\n\t\t<!-- All in One SEO 5.0.0.1 - aioseo.com -->\n\t<meta name=\"description\" content=\"Bracell oferece oportunidades de Jovem Aprendiz focadas em inclus\u00e3o.\" \/>\n\t<meta name=\"robots\" content=\"max-image-preview:large\" \/>\n\t<meta name=\"author\" content=\"Encontra Cama\u00e7ari\"\/>\n\t<link rel=\"canonical\" href=\"https:\/\/www.encontracamacari.com.br\/sobre\/bracell-abre-vagas-de-jovem-aprendiz-para-fabrica-de-camacari-com-acoes-afirmativas-para-pessoas-negras-e-pcds\/\" \/>\n\t<meta name=\"generator\" content=\"All in One SEO (AIOSEO) 5.0.0.1\" \/>\n\t\t<meta property=\"og:locale\" content=\"pt_BR\" \/>\n\t\t<meta property=\"og:site_name\" content=\"Encontra Cama\u00e7ari - Not\u00edcias, eventos, informa\u00e7\u00f5es e dicas na cidade de Cama\u00e7ari e regi\u00e3o.\" \/>\n\t\t<meta property=\"og:type\" content=\"article\" \/>\n\t\t<meta property=\"og:title\" content=\"Bracell abre vagas de Jovem Aprendiz para f\u00e1brica de Cama\u00e7ari com a\u00e7\u00f5es afirmativas para pessoas negras e PCDs - Encontra Cama\u00e7ari\" \/>\n\t\t<meta property=\"og:description\" content=\"Bracell oferece oportunidades de Jovem Aprendiz focadas em inclus\u00e3o.\" \/>\n\t\t<meta property=\"og:url\" content=\"https:\/\/www.encontracamacari.com.br\/sobre\/bracell-abre-vagas-de-jovem-aprendiz-para-fabrica-de-camacari-com-acoes-afirmativas-para-pessoas-negras-e-pcds\/\" \/>\n\t\t<meta property=\"article:published_time\" content=\"2026-03-01T06:04:38+00:00\" \/>\n\t\t<meta property=\"article:modified_time\" content=\"2026-03-01T06:04:38+00:00\" \/>\n\t\t<meta name=\"twitter:card\" content=\"summary_large_image\" \/>\n\t\t<meta name=\"twitter:title\" content=\"Bracell abre vagas de Jovem Aprendiz para f\u00e1brica de Cama\u00e7ari com a\u00e7\u00f5es afirmativas para pessoas negras e PCDs - Encontra Cama\u00e7ari\" \/>\n\t\t<meta name=\"twitter:description\" content=\"Bracell oferece oportunidades de Jovem Aprendiz focadas em inclus\u00e3o.\" \/>\n\t\t<script type=\"application\/ld+json\" class=\"aioseo-schema\">\n\t\t\t{\"@context\":\"https:\\\/\\\/schema.org\",\"@graph\":[{\"@type\":\"BlogPosting\",\"@id\":\"https:\\\/\\\/www.encontracamacari.com.br\\\/sobre\\\/bracell-abre-vagas-de-jovem-aprendiz-para-fabrica-de-camacari-com-acoes-afirmativas-para-pessoas-negras-e-pcds\\\/#blogposting\",\"name\":\"Bracell abre vagas de Jovem Aprendiz para f\\u00e1brica de Cama\\u00e7ari com a\\u00e7\\u00f5es afirmativas para pessoas negras e PCDs - Encontra Cama\\u00e7ari\",\"headline\":\"Bracell abre vagas de Jovem Aprendiz para f\\u00e1brica de Cama\\u00e7ari com a\\u00e7\\u00f5es afirmativas para pessoas negras e PCDs\",\"author\":{\"@id\":\"https:\\\/\\\/www.encontracamacari.com.br\\\/sobre\\\/author\\\/ecamacari\\\/#author\"},\"publisher\":{\"@id\":\"https:\\\/\\\/www.encontracamacari.com.br\\\/sobre\\\/#organization\"},\"image\":{\"@type\":\"ImageObject\",\"url\":\"https:\\\/\\\/www.encontracamacari.com.br\\\/sobre\\\/wp-content\\\/uploads\\\/2026\\\/03\\\/bracell-abre-vagas-de-jovem-aprendiz-para-fabrica-de-camacari-com-acoes-afirmativas-para-pessoas-neg.webp\",\"width\":280,\"height\":280,\"caption\":\"Jovem Aprendiz Bracell\"},\"datePublished\":\"2026-03-01T06:04:38+00:00\",\"dateModified\":\"2026-03-01T06:04:38+00:00\",\"inLanguage\":\"pt-BR\",\"mainEntityOfPage\":{\"@id\":\"https:\\\/\\\/www.encontracamacari.com.br\\\/sobre\\\/bracell-abre-vagas-de-jovem-aprendiz-para-fabrica-de-camacari-com-acoes-afirmativas-para-pessoas-negras-e-pcds\\\/#webpage\"},\"isPartOf\":{\"@id\":\"https:\\\/\\\/www.encontracamacari.com.br\\\/sobre\\\/bracell-abre-vagas-de-jovem-aprendiz-para-fabrica-de-camacari-com-acoes-afirmativas-para-pessoas-negras-e-pcds\\\/#webpage\"},\"articleSection\":\"Not\\u00edcias Cama\\u00e7ari\"},{\"@type\":\"BreadcrumbList\",\"@id\":\"https:\\\/\\\/www.encontracamacari.com.br\\\/sobre\\\/bracell-abre-vagas-de-jovem-aprendiz-para-fabrica-de-camacari-com-acoes-afirmativas-para-pessoas-negras-e-pcds\\\/#breadcrumblist\",\"itemListElement\":[{\"@type\":\"ListItem\",\"@id\":\"https:\\\/\\\/www.encontracamacari.com.br\\\/sobre#listItem\",\"position\":1,\"name\":\"Home\",\"item\":\"https:\\\/\\\/www.encontracamacari.com.br\\\/sobre\",\"nextItem\":{\"@type\":\"ListItem\",\"@id\":\"https:\\\/\\\/www.encontracamacari.com.br\\\/sobre\\\/noticias-em-camacari\\\/#listItem\",\"name\":\"Not\\u00edcias Cama\\u00e7ari\"}},{\"@type\":\"ListItem\",\"@id\":\"https:\\\/\\\/www.encontracamacari.com.br\\\/sobre\\\/noticias-em-camacari\\\/#listItem\",\"position\":2,\"name\":\"Not\\u00edcias Cama\\u00e7ari\",\"item\":\"https:\\\/\\\/www.encontracamacari.com.br\\\/sobre\\\/noticias-em-camacari\\\/\",\"nextItem\":{\"@type\":\"ListItem\",\"@id\":\"https:\\\/\\\/www.encontracamacari.com.br\\\/sobre\\\/bracell-abre-vagas-de-jovem-aprendiz-para-fabrica-de-camacari-com-acoes-afirmativas-para-pessoas-negras-e-pcds\\\/#listItem\",\"name\":\"Bracell abre vagas de Jovem Aprendiz para f\\u00e1brica de Cama\\u00e7ari com a\\u00e7\\u00f5es afirmativas para pessoas negras e PCDs\"},\"previousItem\":{\"@type\":\"ListItem\",\"@id\":\"https:\\\/\\\/www.encontracamacari.com.br\\\/sobre#listItem\",\"name\":\"Home\"}},{\"@type\":\"ListItem\",\"@id\":\"https:\\\/\\\/www.encontracamacari.com.br\\\/sobre\\\/bracell-abre-vagas-de-jovem-aprendiz-para-fabrica-de-camacari-com-acoes-afirmativas-para-pessoas-negras-e-pcds\\\/#listItem\",\"position\":3,\"name\":\"Bracell abre vagas de Jovem Aprendiz para f\\u00e1brica de Cama\\u00e7ari com a\\u00e7\\u00f5es afirmativas para pessoas negras e PCDs\",\"previousItem\":{\"@type\":\"ListItem\",\"@id\":\"https:\\\/\\\/www.encontracamacari.com.br\\\/sobre\\\/noticias-em-camacari\\\/#listItem\",\"name\":\"Not\\u00edcias Cama\\u00e7ari\"}}]},{\"@type\":\"Organization\",\"@id\":\"https:\\\/\\\/www.encontracamacari.com.br\\\/sobre\\\/#organization\",\"name\":\"Encontra Cama\\u00e7ari\",\"description\":\"Not\\u00edcias, eventos, informa\\u00e7\\u00f5es e dicas na cidade de Cama\\u00e7ari e regi\\u00e3o.\",\"url\":\"https:\\\/\\\/www.encontracamacari.com.br\\\/sobre\\\/\"},{\"@type\":\"Person\",\"@id\":\"https:\\\/\\\/www.encontracamacari.com.br\\\/sobre\\\/author\\\/ecamacari\\\/#author\",\"url\":\"https:\\\/\\\/www.encontracamacari.com.br\\\/sobre\\\/author\\\/ecamacari\\\/\",\"name\":\"Encontra Cama\\u00e7ari\",\"image\":{\"@type\":\"ImageObject\",\"@id\":\"https:\\\/\\\/www.encontracamacari.com.br\\\/sobre\\\/bracell-abre-vagas-de-jovem-aprendiz-para-fabrica-de-camacari-com-acoes-afirmativas-para-pessoas-negras-e-pcds\\\/#authorImage\",\"url\":\"https:\\\/\\\/secure.gravatar.com\\\/avatar\\\/507340682b8270222e1f208e23198b6ae7e2c6a1033ae84e99bc6bce4f82a387?s=96&d=mm&r=g\",\"width\":96,\"height\":96,\"caption\":\"Encontra Cama\\u00e7ari\"}},{\"@type\":\"WebPage\",\"@id\":\"https:\\\/\\\/www.encontracamacari.com.br\\\/sobre\\\/bracell-abre-vagas-de-jovem-aprendiz-para-fabrica-de-camacari-com-acoes-afirmativas-para-pessoas-negras-e-pcds\\\/#webpage\",\"url\":\"https:\\\/\\\/www.encontracamacari.com.br\\\/sobre\\\/bracell-abre-vagas-de-jovem-aprendiz-para-fabrica-de-camacari-com-acoes-afirmativas-para-pessoas-negras-e-pcds\\\/\",\"name\":\"Bracell abre vagas de Jovem Aprendiz para f\\u00e1brica de Cama\\u00e7ari com a\\u00e7\\u00f5es afirmativas para pessoas negras e PCDs - Encontra Cama\\u00e7ari\",\"description\":\"Bracell oferece oportunidades de Jovem Aprendiz focadas em inclus\\u00e3o.\",\"inLanguage\":\"pt-BR\",\"isPartOf\":{\"@id\":\"https:\\\/\\\/www.encontracamacari.com.br\\\/sobre\\\/#website\"},\"breadcrumb\":{\"@id\":\"https:\\\/\\\/www.encontracamacari.com.br\\\/sobre\\\/bracell-abre-vagas-de-jovem-aprendiz-para-fabrica-de-camacari-com-acoes-afirmativas-para-pessoas-negras-e-pcds\\\/#breadcrumblist\"},\"author\":{\"@id\":\"https:\\\/\\\/www.encontracamacari.com.br\\\/sobre\\\/author\\\/ecamacari\\\/#author\"},\"creator\":{\"@id\":\"https:\\\/\\\/www.encontracamacari.com.br\\\/sobre\\\/author\\\/ecamacari\\\/#author\"},\"image\":{\"@type\":\"ImageObject\",\"url\":\"https:\\\/\\\/www.encontracamacari.com.br\\\/sobre\\\/wp-content\\\/uploads\\\/2026\\\/03\\\/bracell-abre-vagas-de-jovem-aprendiz-para-fabrica-de-camacari-com-acoes-afirmativas-para-pessoas-neg.webp\",\"@id\":\"https:\\\/\\\/www.encontracamacari.com.br\\\/sobre\\\/bracell-abre-vagas-de-jovem-aprendiz-para-fabrica-de-camacari-com-acoes-afirmativas-para-pessoas-negras-e-pcds\\\/#mainImage\",\"width\":280,\"height\":280,\"caption\":\"Jovem Aprendiz Bracell\"},\"primaryImageOfPage\":{\"@id\":\"https:\\\/\\\/www.encontracamacari.com.br\\\/sobre\\\/bracell-abre-vagas-de-jovem-aprendiz-para-fabrica-de-camacari-com-acoes-afirmativas-para-pessoas-negras-e-pcds\\\/#mainImage\"},\"datePublished\":\"2026-03-01T06:04:38+00:00\",\"dateModified\":\"2026-03-01T06:04:38+00:00\"},{\"@type\":\"WebSite\",\"@id\":\"https:\\\/\\\/www.encontracamacari.com.br\\\/sobre\\\/#website\",\"url\":\"https:\\\/\\\/www.encontracamacari.com.br\\\/sobre\\\/\",\"name\":\"Encontra Cama\\u00e7ari\",\"description\":\"Not\\u00edcias, eventos, informa\\u00e7\\u00f5es e dicas na cidade de Cama\\u00e7ari e regi\\u00e3o.\",\"inLanguage\":\"pt-BR\",\"publisher\":{\"@id\":\"https:\\\/\\\/www.encontracamacari.com.br\\\/sobre\\\/#organization\"}}]}\n\t\t<\/script>\n\t\t<!-- All in One SEO -->\n\n","aioseo_head_json":{"title":"Bracell abre vagas de Jovem Aprendiz para f\u00e1brica de Cama\u00e7ari com a\u00e7\u00f5es afirmativas para pessoas negras e PCDs - Encontra Cama\u00e7ari","description":"Bracell oferece oportunidades de Jovem Aprendiz focadas em inclus\u00e3o.","canonical_url":"https:\/\/www.encontracamacari.com.br\/sobre\/bracell-abre-vagas-de-jovem-aprendiz-para-fabrica-de-camacari-com-acoes-afirmativas-para-pessoas-negras-e-pcds\/","robots":"max-image-preview:large","keywords":"","webmasterTools":{"miscellaneous":""},"schema":{"@context":"https:\/\/schema.org","@graph":[{"@type":"BlogPosting","@id":"https:\/\/www.encontracamacari.com.br\/sobre\/bracell-abre-vagas-de-jovem-aprendiz-para-fabrica-de-camacari-com-acoes-afirmativas-para-pessoas-negras-e-pcds\/#blogposting","name":"Bracell abre vagas de Jovem Aprendiz para f\u00e1brica de Cama\u00e7ari com a\u00e7\u00f5es afirmativas para pessoas negras e PCDs - Encontra Cama\u00e7ari","headline":"Bracell abre vagas de Jovem Aprendiz para f\u00e1brica de Cama\u00e7ari com a\u00e7\u00f5es afirmativas para pessoas negras e PCDs","author":{"@id":"https:\/\/www.encontracamacari.com.br\/sobre\/author\/ecamacari\/#author"},"publisher":{"@id":"https:\/\/www.encontracamacari.com.br\/sobre\/#organization"},"image":{"@type":"ImageObject","url":"https:\/\/www.encontracamacari.com.br\/sobre\/wp-content\/uploads\/2026\/03\/bracell-abre-vagas-de-jovem-aprendiz-para-fabrica-de-camacari-com-acoes-afirmativas-para-pessoas-neg.webp","width":280,"height":280,"caption":"Jovem Aprendiz Bracell"},"datePublished":"2026-03-01T06:04:38+00:00","dateModified":"2026-03-01T06:04:38+00:00","inLanguage":"pt-BR","mainEntityOfPage":{"@id":"https:\/\/www.encontracamacari.com.br\/sobre\/bracell-abre-vagas-de-jovem-aprendiz-para-fabrica-de-camacari-com-acoes-afirmativas-para-pessoas-negras-e-pcds\/#webpage"},"isPartOf":{"@id":"https:\/\/www.encontracamacari.com.br\/sobre\/bracell-abre-vagas-de-jovem-aprendiz-para-fabrica-de-camacari-com-acoes-afirmativas-para-pessoas-negras-e-pcds\/#webpage"},"articleSection":"Not\u00edcias Cama\u00e7ari"},{"@type":"BreadcrumbList","@id":"https:\/\/www.encontracamacari.com.br\/sobre\/bracell-abre-vagas-de-jovem-aprendiz-para-fabrica-de-camacari-com-acoes-afirmativas-para-pessoas-negras-e-pcds\/#breadcrumblist","itemListElement":[{"@type":"ListItem","@id":"https:\/\/www.encontracamacari.com.br\/sobre#listItem","position":1,"name":"Home","item":"https:\/\/www.encontracamacari.com.br\/sobre","nextItem":{"@type":"ListItem","@id":"https:\/\/www.encontracamacari.com.br\/sobre\/noticias-em-camacari\/#listItem","name":"Not\u00edcias Cama\u00e7ari"}},{"@type":"ListItem","@id":"https:\/\/www.encontracamacari.com.br\/sobre\/noticias-em-camacari\/#listItem","position":2,"name":"Not\u00edcias Cama\u00e7ari","item":"https:\/\/www.encontracamacari.com.br\/sobre\/noticias-em-camacari\/","nextItem":{"@type":"ListItem","@id":"https:\/\/www.encontracamacari.com.br\/sobre\/bracell-abre-vagas-de-jovem-aprendiz-para-fabrica-de-camacari-com-acoes-afirmativas-para-pessoas-negras-e-pcds\/#listItem","name":"Bracell abre vagas de Jovem Aprendiz para f\u00e1brica de Cama\u00e7ari com a\u00e7\u00f5es afirmativas para pessoas negras e PCDs"},"previousItem":{"@type":"ListItem","@id":"https:\/\/www.encontracamacari.com.br\/sobre#listItem","name":"Home"}},{"@type":"ListItem","@id":"https:\/\/www.encontracamacari.com.br\/sobre\/bracell-abre-vagas-de-jovem-aprendiz-para-fabrica-de-camacari-com-acoes-afirmativas-para-pessoas-negras-e-pcds\/#listItem","position":3,"name":"Bracell abre vagas de Jovem Aprendiz para f\u00e1brica de Cama\u00e7ari com a\u00e7\u00f5es afirmativas para pessoas negras e PCDs","previousItem":{"@type":"ListItem","@id":"https:\/\/www.encontracamacari.com.br\/sobre\/noticias-em-camacari\/#listItem","name":"Not\u00edcias Cama\u00e7ari"}}]},{"@type":"Organization","@id":"https:\/\/www.encontracamacari.com.br\/sobre\/#organization","name":"Encontra Cama\u00e7ari","description":"Not\u00edcias, eventos, informa\u00e7\u00f5es e dicas na cidade de Cama\u00e7ari e regi\u00e3o.","url":"https:\/\/www.encontracamacari.com.br\/sobre\/"},{"@type":"Person","@id":"https:\/\/www.encontracamacari.com.br\/sobre\/author\/ecamacari\/#author","url":"https:\/\/www.encontracamacari.com.br\/sobre\/author\/ecamacari\/","name":"Encontra Cama\u00e7ari","image":{"@type":"ImageObject","@id":"https:\/\/www.encontracamacari.com.br\/sobre\/bracell-abre-vagas-de-jovem-aprendiz-para-fabrica-de-camacari-com-acoes-afirmativas-para-pessoas-negras-e-pcds\/#authorImage","url":"https:\/\/secure.gravatar.com\/avatar\/507340682b8270222e1f208e23198b6ae7e2c6a1033ae84e99bc6bce4f82a387?s=96&d=mm&r=g","width":96,"height":96,"caption":"Encontra Cama\u00e7ari"}},{"@type":"WebPage","@id":"https:\/\/www.encontracamacari.com.br\/sobre\/bracell-abre-vagas-de-jovem-aprendiz-para-fabrica-de-camacari-com-acoes-afirmativas-para-pessoas-negras-e-pcds\/#webpage","url":"https:\/\/www.encontracamacari.com.br\/sobre\/bracell-abre-vagas-de-jovem-aprendiz-para-fabrica-de-camacari-com-acoes-afirmativas-para-pessoas-negras-e-pcds\/","name":"Bracell abre vagas de Jovem Aprendiz para f\u00e1brica de Cama\u00e7ari com a\u00e7\u00f5es afirmativas para pessoas negras e PCDs - Encontra Cama\u00e7ari","description":"Bracell oferece oportunidades de Jovem Aprendiz focadas em inclus\u00e3o.","inLanguage":"pt-BR","isPartOf":{"@id":"https:\/\/www.encontracamacari.com.br\/sobre\/#website"},"breadcrumb":{"@id":"https:\/\/www.encontracamacari.com.br\/sobre\/bracell-abre-vagas-de-jovem-aprendiz-para-fabrica-de-camacari-com-acoes-afirmativas-para-pessoas-negras-e-pcds\/#breadcrumblist"},"author":{"@id":"https:\/\/www.encontracamacari.com.br\/sobre\/author\/ecamacari\/#author"},"creator":{"@id":"https:\/\/www.encontracamacari.com.br\/sobre\/author\/ecamacari\/#author"},"image":{"@type":"ImageObject","url":"https:\/\/www.encontracamacari.com.br\/sobre\/wp-content\/uploads\/2026\/03\/bracell-abre-vagas-de-jovem-aprendiz-para-fabrica-de-camacari-com-acoes-afirmativas-para-pessoas-neg.webp","@id":"https:\/\/www.encontracamacari.com.br\/sobre\/bracell-abre-vagas-de-jovem-aprendiz-para-fabrica-de-camacari-com-acoes-afirmativas-para-pessoas-negras-e-pcds\/#mainImage","width":280,"height":280,"caption":"Jovem Aprendiz Bracell"},"primaryImageOfPage":{"@id":"https:\/\/www.encontracamacari.com.br\/sobre\/bracell-abre-vagas-de-jovem-aprendiz-para-fabrica-de-camacari-com-acoes-afirmativas-para-pessoas-negras-e-pcds\/#mainImage"},"datePublished":"2026-03-01T06:04:38+00:00","dateModified":"2026-03-01T06:04:38+00:00"},{"@type":"WebSite","@id":"https:\/\/www.encontracamacari.com.br\/sobre\/#website","url":"https:\/\/www.encontracamacari.com.br\/sobre\/","name":"Encontra Cama\u00e7ari","description":"Not\u00edcias, eventos, informa\u00e7\u00f5es e dicas na cidade de Cama\u00e7ari e regi\u00e3o.","inLanguage":"pt-BR","publisher":{"@id":"https:\/\/www.encontracamacari.com.br\/sobre\/#organization"}}]},"og:locale":"pt_BR","og:site_name":"Encontra Cama\u00e7ari - Not\u00edcias, eventos, informa\u00e7\u00f5es e dicas na cidade de Cama\u00e7ari e regi\u00e3o.","og:type":"article","og:title":"Bracell abre vagas de Jovem Aprendiz para f\u00e1brica de Cama\u00e7ari com a\u00e7\u00f5es afirmativas para pessoas negras e PCDs - Encontra Cama\u00e7ari","og:description":"Bracell oferece oportunidades de Jovem Aprendiz focadas em inclus\u00e3o.","og:url":"https:\/\/www.encontracamacari.com.br\/sobre\/bracell-abre-vagas-de-jovem-aprendiz-para-fabrica-de-camacari-com-acoes-afirmativas-para-pessoas-negras-e-pcds\/","article:published_time":"2026-03-01T06:04:38+00:00","article:modified_time":"2026-03-01T06:04:38+00:00","twitter:card":"summary_large_image","twitter:title":"Bracell abre vagas de Jovem Aprendiz para f\u00e1brica de Cama\u00e7ari com a\u00e7\u00f5es afirmativas para pessoas negras e PCDs - Encontra Cama\u00e7ari","twitter:description":"Bracell oferece oportunidades de Jovem Aprendiz focadas em inclus\u00e3o."},"aioseo_meta_data":{"post_id":"736","title":null,"description":null,"keywords":null,"keyphrases":null,"primary_term":null,"canonical_url":null,"og_title":null,"og_description":null,"og_object_type":"default","og_image_type":"default","og_image_url":null,"og_image_width":null,"og_image_height":null,"og_image_custom_url":null,"og_image_custom_fields":null,"og_video":null,"og_custom_url":null,"og_article_section":null,"og_article_tags":null,"twitter_use_og":false,"twitter_card":"default","twitter_image_type":"default","twitter_image_url":null,"twitter_image_custom_url":null,"twitter_image_custom_fields":null,"twitter_title":null,"twitter_description":null,"schema":{"blockGraphs":[],"customGraphs":[],"default":{"data":{"Article":[],"Course":[],"Dataset":[],"FAQPage":[],"Movie":[],"Person":[],"Product":[],"ProductReview":[],"Car":[],"Recipe":[],"Service":[],"SoftwareApplication":[],"WebPage":[]},"graphName":"BlogPosting","isEnabled":true},"graphs":[]},"schema_type":"default","schema_type_options":null,"pillar_content":false,"robots_default":true,"robots_noindex":false,"robots_noarchive":false,"robots_nosnippet":false,"robots_nofollow":false,"robots_noimageindex":false,"robots_noodp":false,"robots_notranslate":false,"robots_max_snippet":null,"robots_max_videopreview":null,"robots_max_imagepreview":"large","priority":null,"frequency":null,"local_seo":null,"limit_modified_date":false,"created":"2026-03-01 06:04:42","updated":"2026-08-06 01:15:10","focus_keyword":null,"additional_keywords":null,"truseo_locale":null,"ai":null,"breadcrumb_settings":null,"seo_analyzer_scan_date":null},"aioseo_breadcrumb":"<div class=\"aioseo-breadcrumbs\"><span class=\"aioseo-breadcrumb\">\n\t\t\t<a href=\"https:\/\/www.encontracamacari.com.br\/sobre\" title=\"Home\">Home<\/a>\n\t\t<\/span><span class=\"aioseo-breadcrumb-separator\">&raquo;<\/span><span class=\"aioseo-breadcrumb\">\n\t\t\t<a href=\"https:\/\/www.encontracamacari.com.br\/sobre\/noticias-em-camacari\/\" title=\"Not\u00edcias Cama\u00e7ari\">Not\u00edcias Cama\u00e7ari<\/a>\n\t\t<\/span><span class=\"aioseo-breadcrumb-separator\">&raquo;<\/span><span class=\"aioseo-breadcrumb\">\n\t\t\tBracell abre vagas de Jovem Aprendiz para f\u00e1brica de Cama\u00e7ari com a\u00e7\u00f5es afirmativas para pessoas negras e PCDs\n\t\t<\/span><\/div>","aioseo_breadcrumb_json":[{"label":"Home","link":"https:\/\/www.encontracamacari.com.br\/sobre"},{"label":"Not\u00edcias Cama\u00e7ari","link":"https:\/\/www.encontracamacari.com.br\/sobre\/noticias-em-camacari\/"},{"label":"Bracell abre vagas de Jovem Aprendiz para f\u00e1brica de Cama\u00e7ari com a\u00e7\u00f5es afirmativas para pessoas negras e PCDs","link":"https:\/\/www.encontracamacari.com.br\/sobre\/bracell-abre-vagas-de-jovem-aprendiz-para-fabrica-de-camacari-com-acoes-afirmativas-para-pessoas-negras-e-pcds\/"}],"_links":{"self":[{"href":"https:\/\/www.encontracamacari.com.br\/sobre\/wp-json\/wp\/v2\/posts\/736","targetHints":{"allow":["GET"]}}],"collection":[{"href":"https:\/\/www.encontracamacari.com.br\/sobre\/wp-json\/wp\/v2\/posts"}],"about":[{"href":"https:\/\/www.encontracamacari.com.br\/sobre\/wp-json\/wp\/v2\/types\/post"}],"author":[{"embeddable":true,"href":"https:\/\/www.encontracamacari.com.br\/sobre\/wp-json\/wp\/v2\/users\/1"}],"replies":[{"embeddable":true,"href":"https:\/\/www.encontracamacari.com.br\/sobre\/wp-json\/wp\/v2\/comments?post=736"}],"version-history":[{"count":0,"href":"https:\/\/www.encontracamacari.com.br\/sobre\/wp-json\/wp\/v2\/posts\/736\/revisions"}],"wp:featuredmedia":[{"embeddable":true,"href":"https:\/\/www.encontracamacari.com.br\/sobre\/wp-json\/wp\/v2\/media\/735"}],"wp:attachment":[{"href":"https:\/\/www.encontracamacari.com.br\/sobre\/wp-json\/wp\/v2\/media?parent=736"}],"wp:term":[{"taxonomy":"category","embeddable":true,"href":"https:\/\/www.encontracamacari.com.br\/sobre\/wp-json\/wp\/v2\/categories?post=736"},{"taxonomy":"post_tag","embeddable":true,"href":"https:\/\/www.encontracamacari.com.br\/sobre\/wp-json\/wp\/v2\/tags?post=736"}],"curies":[{"name":"wp","href":"https:\/\/api.w.org\/{rel}","templated":true}]}}