{"id":726,"date":"2026-02-27T06:05:17","date_gmt":"2026-02-27T06:05:17","guid":{"rendered":"https:\/\/www.encontracamacari.com.br\/sobre\/audiencia-publica-para-apresentacao-da-prestacao-de-contas-do-3o-quadrimestre-de-2025\/"},"modified":"2026-02-27T06:05:17","modified_gmt":"2026-02-27T06:05:17","slug":"audiencia-publica-para-apresentacao-da-prestacao-de-contas-do-3o-quadrimestre-de-2025","status":"publish","type":"post","link":"https:\/\/www.encontracamacari.com.br\/sobre\/audiencia-publica-para-apresentacao-da-prestacao-de-contas-do-3o-quadrimestre-de-2025\/","title":{"rendered":"Audi\u00eancia P\u00fablica para apresenta\u00e7\u00e3o da Presta\u00e7\u00e3o de Contas do 3\u00ba Quadrimestre de 2025"},"content":{"rendered":"<div class=\"2410bb7248a64bb1f71103797e0f239b\" data-index=\"1\" style=\"float: none; margin:0px;\">\n<ins class=\"adsbygoogle\"\r\n     style=\"display:block\"\r\n     data-ad-client=\"ca-pub-8585364105181520\"\r\n     data-ad-slot=\"8789329856\"\r\n     data-ad-format=\"auto\"\r\n     data-full-width-responsive=\"true\"><\/ins>\r\n<script>\r\n     (adsbygoogle = window.adsbygoogle || []).push({});\r\n<\/script>\n<\/div>\n<h2>O que \u00e9 uma Audi\u00eancia P\u00fablica?<\/h2>\n<p>A Audi\u00eancia P\u00fablica \u00e9 um espa\u00e7o democr\u00e1tico reservado para que a popula\u00e7\u00e3o possa expressar suas opini\u00f5es e contribuir no debate sobre quest\u00f5es relevantes. Essas audi\u00eancias s\u00e3o frequentemente realizadas por \u00f3rg\u00e3os governamentais ou institui\u00e7\u00f5es p\u00fablicas para discutir temas que afetem a sociedade.<\/p>\n<h2>Import\u00e2ncia da Transpar\u00eancia na Gest\u00e3o P\u00fablica<\/h2>\n<p>A transpar\u00eancia \u00e9 fundamental na gest\u00e3o p\u00fablica, pois garante que os cidad\u00e3os tenham acesso \u00e0 informa\u00e7\u00e3o sobre como os recursos p\u00fablicos est\u00e3o sendo utilizados. Isso promove a confian\u00e7a entre a popula\u00e7\u00e3o e os governantes, al\u00e9m de estimular uma maior participa\u00e7\u00e3o cidad\u00e3 nas decis\u00f5es administrativas.<\/p>\n<h2>Como a SESAU Utiliza os Recursos P\u00fablicos?<\/h2>\n<p>A Secretaria de Sa\u00fade (SESAU) deve prestar contas sobre a utiliza\u00e7\u00e3o dos recursos destinados \u00e0 sa\u00fade p\u00fablica. Isso envolve a apresenta\u00e7\u00e3o de dados financeiros, relat\u00f3rios de atividades e resultados alcan\u00e7ados. A correta aplica\u00e7\u00e3o dos recursos \u00e9 essencial para que a popula\u00e7\u00e3o tenha acesso a servi\u00e7os de sa\u00fade de qualidade.<\/p>\n<p><img decoding=\"async\" src=\"https:\/\/www.encontracamacari.com.br\/sobre\/wp-content\/uploads\/2026\/02\/audiencia-publica-para-apresentacao-da-prestacao-de-contas-do-3-quadrimestre-de-2025.webp\" alt=\"audi\u00eancia p\u00fablica\" loading=\"lazy\" \/><\/p>\n<h2>Participa\u00e7\u00e3o Cidad\u00e3 em Audi\u00eancias P\u00fablicas<\/h2>\n<p>A participa\u00e7\u00e3o da popula\u00e7\u00e3o nas audi\u00eancias p\u00fablicas \u00e9 vital. \u00c9 esse o momento em que os cidad\u00e3os podem se pronunciar, fazer perguntas e sugerir melhorias nas pol\u00edticas p\u00fablicas. Os representantes da sociedade t\u00eam a chance de influenciar a gest\u00e3o governamental e contribuir para um processo democr\u00e1tico mais robusto.<\/p>\n<h2>Resultados e Impactos da Presta\u00e7\u00e3o de Contas<\/h2>\n<p>Os resultados das presta\u00e7\u00f5es de contas podem ser avaliados atrav\u00e9s do acompanhamento das a\u00e7\u00f5es que foram decididas nas audi\u00eancias. \u00c9 essencial medir o impacto das decis\u00f5es tomadas, a fim de entender se as necessidades da popula\u00e7\u00e3o est\u00e3o sendo atendidas adequadamente.<\/p><div class=\"2410bb7248a64bb1f71103797e0f239b\" data-index=\"2\" style=\"float: none; margin:0px;\">\n<ins class=\"adsbygoogle\"\r\n     style=\"display:block; text-align:center;\"\r\n     data-ad-layout=\"in-article\"\r\n     data-ad-format=\"fluid\"\r\n     data-ad-client=\"ca-pub-8585364105181520\"\r\n     data-ad-slot=\"2899217073\"><\/ins>\r\n<script>\r\n     (adsbygoogle = window.adsbygoogle || []).push({});\r\n<\/script>\r\n\r\n<\/br><\/br>\n<\/div>\n\n<h2>Destaques da Presta\u00e7\u00e3o de Contas de 2025<\/h2>\n<p>Durante a presta\u00e7\u00e3o de contas referente ao ano de 2025, alguns pontos se destacaram, como a efic\u00e1cia das campanhas de vacina\u00e7\u00e3o, investimentos em infraestrutura de sa\u00fade, e o aumento do acesso a tratamentos especializados. Essas informa\u00e7\u00f5es s\u00e3o relevantes para que a popula\u00e7\u00e3o saiba o que foi realizado e quais os pr\u00f3ximos passos.<\/p>\n<h2>Pr\u00f3ximas Etapas Ap\u00f3s a Audi\u00eancia P\u00fablica<\/h2>\n<p>Ap\u00f3s a audi\u00eancia p\u00fablica, \u00e9 comum que o \u00f3rg\u00e3o respons\u00e1vel elabore um relat\u00f3rio contendo todas as contribui\u00e7\u00f5es recebidas. Esse documento pode ser utilizado para embasar futuras propostas e a\u00e7\u00f5es da gest\u00e3o. Al\u00e9m disso, a convoca\u00e7\u00e3o de novas audi\u00eancias pode ser necess\u00e1ria para dar seguimento \u00e0s discuss\u00f5es em outras \u00e1reas.<\/p>\n<h2>A Relev\u00e2ncia da Presta\u00e7\u00e3o de Contas<\/h2>\n<p>A realiza\u00e7\u00e3o de uma presta\u00e7\u00e3o de contas \u00e9 indispens\u00e1vel para a boa governan\u00e7a. Por meio dela, a SESAU reitera seu compromisso com a transpar\u00eancia e a responsabilidade, condi\u00e7\u00f5es indispens\u00e1veis para um processo de gest\u00e3o eficaz e \u00e9tico.<\/p>\n<h2>Contribui\u00e7\u00f5es da Popula\u00e7\u00e3o para a Gest\u00e3o<\/h2>\n<p>Cidad\u00e3os t\u00eam um papel fundamental na constru\u00e7\u00e3o de pol\u00edticas p\u00fablicas. Suas contribui\u00e7\u00f5es nas audi\u00eancias p\u00fablicas ajudam a moldar as prioridades da gest\u00e3o p\u00fablica, garantindo que as necessidades reais da comunidade sejam contempladas nos planejamentos e a\u00e7\u00f5es governamentais.<\/p>\n<h2>Como Acompanhar as Atividades da C\u00e2mara Municipal<\/h2>\n<p>A popula\u00e7\u00e3o pode acompanhar as atividades da C\u00e2mara Municipal de v\u00e1rias maneiras, como atrav\u00e9s do portal de transpar\u00eancia, onde s\u00e3o disponibilizadas informa\u00e7\u00f5es sobre as audi\u00eancias, sess\u00f5es, e andamento dos projetos de lei. Al\u00e9m disso, as redes sociais da c\u00e2mara s\u00e3o uma ferramenta importante para manter os cidad\u00e3os informados sobre eventos e iniciativas.<\/p>\n<div class=\"2410bb7248a64bb1f71103797e0f239b\" data-index=\"3\" style=\"float: none; margin:0px;\">\n<\/br><\/br>\r\n\r\n<ins class=\"adsbygoogle\"\r\n     style=\"display:block\"\r\n     data-ad-format=\"fluid\"\r\n     data-ad-layout-key=\"-63+do+n-1s+9e\"\r\n     data-ad-client=\"ca-pub-8585364105181520\"\r\n     data-ad-slot=\"6838462089\"><\/ins>\r\n<script>\r\n     (adsbygoogle = window.adsbygoogle || []).push({});\r\n<\/script>\n<\/div>\n\n<div style=\"font-size: 0px; height: 0px; line-height: 0px; margin: 0; padding: 0; clear: both;\"><\/div>","protected":false},"excerpt":{"rendered":"<p>Audi\u00eancia P\u00fablica apresenta presta\u00e7\u00e3o de contas da SESAU para o 3\u00ba quadrimestre de 2025.<\/p>\n","protected":false},"author":1,"featured_media":725,"comment_status":"open","ping_status":"closed","sticky":false,"template":"","format":"standard","meta":{"footnotes":""},"categories":[1],"tags":[],"class_list":["post-726","post","type-post","status-publish","format-standard","has-post-thumbnail","hentry","category-noticias-em-camacari","has_thumb"],"aioseo_notices":[],"aioseo_head":"\n\t\t<!-- All in One SEO 5.0.0.1 - aioseo.com -->\n\t<meta name=\"description\" content=\"Audi\u00eancia P\u00fablica apresenta presta\u00e7\u00e3o de contas da SESAU para o 3\u00ba quadrimestre de 2025.\" \/>\n\t<meta name=\"robots\" content=\"max-image-preview:large\" \/>\n\t<meta name=\"author\" content=\"Encontra Cama\u00e7ari\"\/>\n\t<link rel=\"canonical\" href=\"https:\/\/www.encontracamacari.com.br\/sobre\/audiencia-publica-para-apresentacao-da-prestacao-de-contas-do-3o-quadrimestre-de-2025\/\" \/>\n\t<meta name=\"generator\" content=\"All in One SEO (AIOSEO) 5.0.0.1\" \/>\n\t\t<meta property=\"og:locale\" content=\"pt_BR\" \/>\n\t\t<meta property=\"og:site_name\" content=\"Encontra Cama\u00e7ari - Not\u00edcias, eventos, informa\u00e7\u00f5es e dicas na cidade de Cama\u00e7ari e regi\u00e3o.\" \/>\n\t\t<meta property=\"og:type\" content=\"article\" \/>\n\t\t<meta property=\"og:title\" content=\"Audi\u00eancia P\u00fablica para apresenta\u00e7\u00e3o da Presta\u00e7\u00e3o de Contas do 3\u00ba Quadrimestre de 2025 - Encontra Cama\u00e7ari\" \/>\n\t\t<meta property=\"og:description\" content=\"Audi\u00eancia P\u00fablica apresenta presta\u00e7\u00e3o de contas da SESAU para o 3\u00ba quadrimestre de 2025.\" \/>\n\t\t<meta property=\"og:url\" content=\"https:\/\/www.encontracamacari.com.br\/sobre\/audiencia-publica-para-apresentacao-da-prestacao-de-contas-do-3o-quadrimestre-de-2025\/\" \/>\n\t\t<meta property=\"article:published_time\" content=\"2026-02-27T06:05:17+00:00\" \/>\n\t\t<meta property=\"article:modified_time\" content=\"2026-02-27T06:05:17+00:00\" \/>\n\t\t<meta name=\"twitter:card\" content=\"summary_large_image\" \/>\n\t\t<meta name=\"twitter:title\" content=\"Audi\u00eancia P\u00fablica para apresenta\u00e7\u00e3o da Presta\u00e7\u00e3o de Contas do 3\u00ba Quadrimestre de 2025 - Encontra Cama\u00e7ari\" \/>\n\t\t<meta name=\"twitter:description\" content=\"Audi\u00eancia P\u00fablica apresenta presta\u00e7\u00e3o de contas da SESAU para o 3\u00ba quadrimestre de 2025.\" \/>\n\t\t<script type=\"application\/ld+json\" class=\"aioseo-schema\">\n\t\t\t{\"@context\":\"https:\\\/\\\/schema.org\",\"@graph\":[{\"@type\":\"BlogPosting\",\"@id\":\"https:\\\/\\\/www.encontracamacari.com.br\\\/sobre\\\/audiencia-publica-para-apresentacao-da-prestacao-de-contas-do-3o-quadrimestre-de-2025\\\/#blogposting\",\"name\":\"Audi\\u00eancia P\\u00fablica para apresenta\\u00e7\\u00e3o da Presta\\u00e7\\u00e3o de Contas do 3\\u00ba Quadrimestre de 2025 - Encontra Cama\\u00e7ari\",\"headline\":\"Audi\\u00eancia P\\u00fablica para apresenta\\u00e7\\u00e3o da Presta\\u00e7\\u00e3o de Contas do 3\\u00ba Quadrimestre de 2025\",\"author\":{\"@id\":\"https:\\\/\\\/www.encontracamacari.com.br\\\/sobre\\\/author\\\/ecamacari\\\/#author\"},\"publisher\":{\"@id\":\"https:\\\/\\\/www.encontracamacari.com.br\\\/sobre\\\/#organization\"},\"image\":{\"@type\":\"ImageObject\",\"url\":\"https:\\\/\\\/www.encontracamacari.com.br\\\/sobre\\\/wp-content\\\/uploads\\\/2026\\\/02\\\/audiencia-publica-para-apresentacao-da-prestacao-de-contas-do-3-quadrimestre-de-2025.webp\",\"width\":280,\"height\":280,\"caption\":\"audi\\u00eancia p\\u00fablica\"},\"datePublished\":\"2026-02-27T06:05:17+00:00\",\"dateModified\":\"2026-02-27T06:05:17+00:00\",\"inLanguage\":\"pt-BR\",\"mainEntityOfPage\":{\"@id\":\"https:\\\/\\\/www.encontracamacari.com.br\\\/sobre\\\/audiencia-publica-para-apresentacao-da-prestacao-de-contas-do-3o-quadrimestre-de-2025\\\/#webpage\"},\"isPartOf\":{\"@id\":\"https:\\\/\\\/www.encontracamacari.com.br\\\/sobre\\\/audiencia-publica-para-apresentacao-da-prestacao-de-contas-do-3o-quadrimestre-de-2025\\\/#webpage\"},\"articleSection\":\"Not\\u00edcias Cama\\u00e7ari\"},{\"@type\":\"BreadcrumbList\",\"@id\":\"https:\\\/\\\/www.encontracamacari.com.br\\\/sobre\\\/audiencia-publica-para-apresentacao-da-prestacao-de-contas-do-3o-quadrimestre-de-2025\\\/#breadcrumblist\",\"itemListElement\":[{\"@type\":\"ListItem\",\"@id\":\"https:\\\/\\\/www.encontracamacari.com.br\\\/sobre#listItem\",\"position\":1,\"name\":\"Home\",\"item\":\"https:\\\/\\\/www.encontracamacari.com.br\\\/sobre\",\"nextItem\":{\"@type\":\"ListItem\",\"@id\":\"https:\\\/\\\/www.encontracamacari.com.br\\\/sobre\\\/noticias-em-camacari\\\/#listItem\",\"name\":\"Not\\u00edcias Cama\\u00e7ari\"}},{\"@type\":\"ListItem\",\"@id\":\"https:\\\/\\\/www.encontracamacari.com.br\\\/sobre\\\/noticias-em-camacari\\\/#listItem\",\"position\":2,\"name\":\"Not\\u00edcias Cama\\u00e7ari\",\"item\":\"https:\\\/\\\/www.encontracamacari.com.br\\\/sobre\\\/noticias-em-camacari\\\/\",\"nextItem\":{\"@type\":\"ListItem\",\"@id\":\"https:\\\/\\\/www.encontracamacari.com.br\\\/sobre\\\/audiencia-publica-para-apresentacao-da-prestacao-de-contas-do-3o-quadrimestre-de-2025\\\/#listItem\",\"name\":\"Audi\\u00eancia P\\u00fablica para apresenta\\u00e7\\u00e3o da Presta\\u00e7\\u00e3o de Contas do 3\\u00ba Quadrimestre de 2025\"},\"previousItem\":{\"@type\":\"ListItem\",\"@id\":\"https:\\\/\\\/www.encontracamacari.com.br\\\/sobre#listItem\",\"name\":\"Home\"}},{\"@type\":\"ListItem\",\"@id\":\"https:\\\/\\\/www.encontracamacari.com.br\\\/sobre\\\/audiencia-publica-para-apresentacao-da-prestacao-de-contas-do-3o-quadrimestre-de-2025\\\/#listItem\",\"position\":3,\"name\":\"Audi\\u00eancia P\\u00fablica para apresenta\\u00e7\\u00e3o da Presta\\u00e7\\u00e3o de Contas do 3\\u00ba Quadrimestre de 2025\",\"previousItem\":{\"@type\":\"ListItem\",\"@id\":\"https:\\\/\\\/www.encontracamacari.com.br\\\/sobre\\\/noticias-em-camacari\\\/#listItem\",\"name\":\"Not\\u00edcias Cama\\u00e7ari\"}}]},{\"@type\":\"Organization\",\"@id\":\"https:\\\/\\\/www.encontracamacari.com.br\\\/sobre\\\/#organization\",\"name\":\"Encontra Cama\\u00e7ari\",\"description\":\"Not\\u00edcias, eventos, informa\\u00e7\\u00f5es e dicas na cidade de Cama\\u00e7ari e regi\\u00e3o.\",\"url\":\"https:\\\/\\\/www.encontracamacari.com.br\\\/sobre\\\/\"},{\"@type\":\"Person\",\"@id\":\"https:\\\/\\\/www.encontracamacari.com.br\\\/sobre\\\/author\\\/ecamacari\\\/#author\",\"url\":\"https:\\\/\\\/www.encontracamacari.com.br\\\/sobre\\\/author\\\/ecamacari\\\/\",\"name\":\"Encontra Cama\\u00e7ari\",\"image\":{\"@type\":\"ImageObject\",\"@id\":\"https:\\\/\\\/www.encontracamacari.com.br\\\/sobre\\\/audiencia-publica-para-apresentacao-da-prestacao-de-contas-do-3o-quadrimestre-de-2025\\\/#authorImage\",\"url\":\"https:\\\/\\\/secure.gravatar.com\\\/avatar\\\/507340682b8270222e1f208e23198b6ae7e2c6a1033ae84e99bc6bce4f82a387?s=96&d=mm&r=g\",\"width\":96,\"height\":96,\"caption\":\"Encontra Cama\\u00e7ari\"}},{\"@type\":\"WebPage\",\"@id\":\"https:\\\/\\\/www.encontracamacari.com.br\\\/sobre\\\/audiencia-publica-para-apresentacao-da-prestacao-de-contas-do-3o-quadrimestre-de-2025\\\/#webpage\",\"url\":\"https:\\\/\\\/www.encontracamacari.com.br\\\/sobre\\\/audiencia-publica-para-apresentacao-da-prestacao-de-contas-do-3o-quadrimestre-de-2025\\\/\",\"name\":\"Audi\\u00eancia P\\u00fablica para apresenta\\u00e7\\u00e3o da Presta\\u00e7\\u00e3o de Contas do 3\\u00ba Quadrimestre de 2025 - Encontra Cama\\u00e7ari\",\"description\":\"Audi\\u00eancia P\\u00fablica apresenta presta\\u00e7\\u00e3o de contas da SESAU para o 3\\u00ba quadrimestre de 2025.\",\"inLanguage\":\"pt-BR\",\"isPartOf\":{\"@id\":\"https:\\\/\\\/www.encontracamacari.com.br\\\/sobre\\\/#website\"},\"breadcrumb\":{\"@id\":\"https:\\\/\\\/www.encontracamacari.com.br\\\/sobre\\\/audiencia-publica-para-apresentacao-da-prestacao-de-contas-do-3o-quadrimestre-de-2025\\\/#breadcrumblist\"},\"author\":{\"@id\":\"https:\\\/\\\/www.encontracamacari.com.br\\\/sobre\\\/author\\\/ecamacari\\\/#author\"},\"creator\":{\"@id\":\"https:\\\/\\\/www.encontracamacari.com.br\\\/sobre\\\/author\\\/ecamacari\\\/#author\"},\"image\":{\"@type\":\"ImageObject\",\"url\":\"https:\\\/\\\/www.encontracamacari.com.br\\\/sobre\\\/wp-content\\\/uploads\\\/2026\\\/02\\\/audiencia-publica-para-apresentacao-da-prestacao-de-contas-do-3-quadrimestre-de-2025.webp\",\"@id\":\"https:\\\/\\\/www.encontracamacari.com.br\\\/sobre\\\/audiencia-publica-para-apresentacao-da-prestacao-de-contas-do-3o-quadrimestre-de-2025\\\/#mainImage\",\"width\":280,\"height\":280,\"caption\":\"audi\\u00eancia p\\u00fablica\"},\"primaryImageOfPage\":{\"@id\":\"https:\\\/\\\/www.encontracamacari.com.br\\\/sobre\\\/audiencia-publica-para-apresentacao-da-prestacao-de-contas-do-3o-quadrimestre-de-2025\\\/#mainImage\"},\"datePublished\":\"2026-02-27T06:05:17+00:00\",\"dateModified\":\"2026-02-27T06:05:17+00:00\"},{\"@type\":\"WebSite\",\"@id\":\"https:\\\/\\\/www.encontracamacari.com.br\\\/sobre\\\/#website\",\"url\":\"https:\\\/\\\/www.encontracamacari.com.br\\\/sobre\\\/\",\"name\":\"Encontra Cama\\u00e7ari\",\"description\":\"Not\\u00edcias, eventos, informa\\u00e7\\u00f5es e dicas na cidade de Cama\\u00e7ari e regi\\u00e3o.\",\"inLanguage\":\"pt-BR\",\"publisher\":{\"@id\":\"https:\\\/\\\/www.encontracamacari.com.br\\\/sobre\\\/#organization\"}}]}\n\t\t<\/script>\n\t\t<!-- All in One SEO -->\n\n","aioseo_head_json":{"title":"Audi\u00eancia P\u00fablica para apresenta\u00e7\u00e3o da Presta\u00e7\u00e3o de Contas do 3\u00ba Quadrimestre de 2025 - Encontra Cama\u00e7ari","description":"Audi\u00eancia P\u00fablica apresenta presta\u00e7\u00e3o de contas da SESAU para o 3\u00ba quadrimestre de 2025.","canonical_url":"https:\/\/www.encontracamacari.com.br\/sobre\/audiencia-publica-para-apresentacao-da-prestacao-de-contas-do-3o-quadrimestre-de-2025\/","robots":"max-image-preview:large","keywords":"","webmasterTools":{"miscellaneous":""},"schema":{"@context":"https:\/\/schema.org","@graph":[{"@type":"BlogPosting","@id":"https:\/\/www.encontracamacari.com.br\/sobre\/audiencia-publica-para-apresentacao-da-prestacao-de-contas-do-3o-quadrimestre-de-2025\/#blogposting","name":"Audi\u00eancia P\u00fablica para apresenta\u00e7\u00e3o da Presta\u00e7\u00e3o de Contas do 3\u00ba Quadrimestre de 2025 - Encontra Cama\u00e7ari","headline":"Audi\u00eancia P\u00fablica para apresenta\u00e7\u00e3o da Presta\u00e7\u00e3o de Contas do 3\u00ba Quadrimestre de 2025","author":{"@id":"https:\/\/www.encontracamacari.com.br\/sobre\/author\/ecamacari\/#author"},"publisher":{"@id":"https:\/\/www.encontracamacari.com.br\/sobre\/#organization"},"image":{"@type":"ImageObject","url":"https:\/\/www.encontracamacari.com.br\/sobre\/wp-content\/uploads\/2026\/02\/audiencia-publica-para-apresentacao-da-prestacao-de-contas-do-3-quadrimestre-de-2025.webp","width":280,"height":280,"caption":"audi\u00eancia p\u00fablica"},"datePublished":"2026-02-27T06:05:17+00:00","dateModified":"2026-02-27T06:05:17+00:00","inLanguage":"pt-BR","mainEntityOfPage":{"@id":"https:\/\/www.encontracamacari.com.br\/sobre\/audiencia-publica-para-apresentacao-da-prestacao-de-contas-do-3o-quadrimestre-de-2025\/#webpage"},"isPartOf":{"@id":"https:\/\/www.encontracamacari.com.br\/sobre\/audiencia-publica-para-apresentacao-da-prestacao-de-contas-do-3o-quadrimestre-de-2025\/#webpage"},"articleSection":"Not\u00edcias Cama\u00e7ari"},{"@type":"BreadcrumbList","@id":"https:\/\/www.encontracamacari.com.br\/sobre\/audiencia-publica-para-apresentacao-da-prestacao-de-contas-do-3o-quadrimestre-de-2025\/#breadcrumblist","itemListElement":[{"@type":"ListItem","@id":"https:\/\/www.encontracamacari.com.br\/sobre#listItem","position":1,"name":"Home","item":"https:\/\/www.encontracamacari.com.br\/sobre","nextItem":{"@type":"ListItem","@id":"https:\/\/www.encontracamacari.com.br\/sobre\/noticias-em-camacari\/#listItem","name":"Not\u00edcias Cama\u00e7ari"}},{"@type":"ListItem","@id":"https:\/\/www.encontracamacari.com.br\/sobre\/noticias-em-camacari\/#listItem","position":2,"name":"Not\u00edcias Cama\u00e7ari","item":"https:\/\/www.encontracamacari.com.br\/sobre\/noticias-em-camacari\/","nextItem":{"@type":"ListItem","@id":"https:\/\/www.encontracamacari.com.br\/sobre\/audiencia-publica-para-apresentacao-da-prestacao-de-contas-do-3o-quadrimestre-de-2025\/#listItem","name":"Audi\u00eancia P\u00fablica para apresenta\u00e7\u00e3o da Presta\u00e7\u00e3o de Contas do 3\u00ba Quadrimestre de 2025"},"previousItem":{"@type":"ListItem","@id":"https:\/\/www.encontracamacari.com.br\/sobre#listItem","name":"Home"}},{"@type":"ListItem","@id":"https:\/\/www.encontracamacari.com.br\/sobre\/audiencia-publica-para-apresentacao-da-prestacao-de-contas-do-3o-quadrimestre-de-2025\/#listItem","position":3,"name":"Audi\u00eancia P\u00fablica para apresenta\u00e7\u00e3o da Presta\u00e7\u00e3o de Contas do 3\u00ba Quadrimestre de 2025","previousItem":{"@type":"ListItem","@id":"https:\/\/www.encontracamacari.com.br\/sobre\/noticias-em-camacari\/#listItem","name":"Not\u00edcias Cama\u00e7ari"}}]},{"@type":"Organization","@id":"https:\/\/www.encontracamacari.com.br\/sobre\/#organization","name":"Encontra Cama\u00e7ari","description":"Not\u00edcias, eventos, informa\u00e7\u00f5es e dicas na cidade de Cama\u00e7ari e regi\u00e3o.","url":"https:\/\/www.encontracamacari.com.br\/sobre\/"},{"@type":"Person","@id":"https:\/\/www.encontracamacari.com.br\/sobre\/author\/ecamacari\/#author","url":"https:\/\/www.encontracamacari.com.br\/sobre\/author\/ecamacari\/","name":"Encontra Cama\u00e7ari","image":{"@type":"ImageObject","@id":"https:\/\/www.encontracamacari.com.br\/sobre\/audiencia-publica-para-apresentacao-da-prestacao-de-contas-do-3o-quadrimestre-de-2025\/#authorImage","url":"https:\/\/secure.gravatar.com\/avatar\/507340682b8270222e1f208e23198b6ae7e2c6a1033ae84e99bc6bce4f82a387?s=96&d=mm&r=g","width":96,"height":96,"caption":"Encontra Cama\u00e7ari"}},{"@type":"WebPage","@id":"https:\/\/www.encontracamacari.com.br\/sobre\/audiencia-publica-para-apresentacao-da-prestacao-de-contas-do-3o-quadrimestre-de-2025\/#webpage","url":"https:\/\/www.encontracamacari.com.br\/sobre\/audiencia-publica-para-apresentacao-da-prestacao-de-contas-do-3o-quadrimestre-de-2025\/","name":"Audi\u00eancia P\u00fablica para apresenta\u00e7\u00e3o da Presta\u00e7\u00e3o de Contas do 3\u00ba Quadrimestre de 2025 - Encontra Cama\u00e7ari","description":"Audi\u00eancia P\u00fablica apresenta presta\u00e7\u00e3o de contas da SESAU para o 3\u00ba quadrimestre de 2025.","inLanguage":"pt-BR","isPartOf":{"@id":"https:\/\/www.encontracamacari.com.br\/sobre\/#website"},"breadcrumb":{"@id":"https:\/\/www.encontracamacari.com.br\/sobre\/audiencia-publica-para-apresentacao-da-prestacao-de-contas-do-3o-quadrimestre-de-2025\/#breadcrumblist"},"author":{"@id":"https:\/\/www.encontracamacari.com.br\/sobre\/author\/ecamacari\/#author"},"creator":{"@id":"https:\/\/www.encontracamacari.com.br\/sobre\/author\/ecamacari\/#author"},"image":{"@type":"ImageObject","url":"https:\/\/www.encontracamacari.com.br\/sobre\/wp-content\/uploads\/2026\/02\/audiencia-publica-para-apresentacao-da-prestacao-de-contas-do-3-quadrimestre-de-2025.webp","@id":"https:\/\/www.encontracamacari.com.br\/sobre\/audiencia-publica-para-apresentacao-da-prestacao-de-contas-do-3o-quadrimestre-de-2025\/#mainImage","width":280,"height":280,"caption":"audi\u00eancia p\u00fablica"},"primaryImageOfPage":{"@id":"https:\/\/www.encontracamacari.com.br\/sobre\/audiencia-publica-para-apresentacao-da-prestacao-de-contas-do-3o-quadrimestre-de-2025\/#mainImage"},"datePublished":"2026-02-27T06:05:17+00:00","dateModified":"2026-02-27T06:05:17+00:00"},{"@type":"WebSite","@id":"https:\/\/www.encontracamacari.com.br\/sobre\/#website","url":"https:\/\/www.encontracamacari.com.br\/sobre\/","name":"Encontra Cama\u00e7ari","description":"Not\u00edcias, eventos, informa\u00e7\u00f5es e dicas na cidade de Cama\u00e7ari e regi\u00e3o.","inLanguage":"pt-BR","publisher":{"@id":"https:\/\/www.encontracamacari.com.br\/sobre\/#organization"}}]},"og:locale":"pt_BR","og:site_name":"Encontra Cama\u00e7ari - Not\u00edcias, eventos, informa\u00e7\u00f5es e dicas na cidade de Cama\u00e7ari e regi\u00e3o.","og:type":"article","og:title":"Audi\u00eancia P\u00fablica para apresenta\u00e7\u00e3o da Presta\u00e7\u00e3o de Contas do 3\u00ba Quadrimestre de 2025 - Encontra Cama\u00e7ari","og:description":"Audi\u00eancia P\u00fablica apresenta presta\u00e7\u00e3o de contas da SESAU para o 3\u00ba quadrimestre de 2025.","og:url":"https:\/\/www.encontracamacari.com.br\/sobre\/audiencia-publica-para-apresentacao-da-prestacao-de-contas-do-3o-quadrimestre-de-2025\/","article:published_time":"2026-02-27T06:05:17+00:00","article:modified_time":"2026-02-27T06:05:17+00:00","twitter:card":"summary_large_image","twitter:title":"Audi\u00eancia P\u00fablica para apresenta\u00e7\u00e3o da Presta\u00e7\u00e3o de Contas do 3\u00ba Quadrimestre de 2025 - Encontra Cama\u00e7ari","twitter:description":"Audi\u00eancia P\u00fablica apresenta presta\u00e7\u00e3o de contas da SESAU para o 3\u00ba quadrimestre de 2025."},"aioseo_meta_data":{"post_id":"726","title":null,"description":null,"keywords":null,"keyphrases":null,"primary_term":null,"canonical_url":null,"og_title":null,"og_description":null,"og_object_type":"default","og_image_type":"default","og_image_url":null,"og_image_width":null,"og_image_height":null,"og_image_custom_url":null,"og_image_custom_fields":null,"og_video":null,"og_custom_url":null,"og_article_section":null,"og_article_tags":null,"twitter_use_og":false,"twitter_card":"default","twitter_image_type":"default","twitter_image_url":null,"twitter_image_custom_url":null,"twitter_image_custom_fields":null,"twitter_title":null,"twitter_description":null,"schema":{"blockGraphs":[],"customGraphs":[],"default":{"data":{"Article":[],"Course":[],"Dataset":[],"FAQPage":[],"Movie":[],"Person":[],"Product":[],"ProductReview":[],"Car":[],"Recipe":[],"Service":[],"SoftwareApplication":[],"WebPage":[]},"graphName":"BlogPosting","isEnabled":true},"graphs":[]},"schema_type":"default","schema_type_options":null,"pillar_content":false,"robots_default":true,"robots_noindex":false,"robots_noarchive":false,"robots_nosnippet":false,"robots_nofollow":false,"robots_noimageindex":false,"robots_noodp":false,"robots_notranslate":false,"robots_max_snippet":null,"robots_max_videopreview":null,"robots_max_imagepreview":"large","priority":null,"frequency":null,"local_seo":null,"limit_modified_date":false,"created":"2026-02-27 06:05:20","updated":"2026-08-06 01:15:10","focus_keyword":null,"additional_keywords":null,"truseo_locale":null,"ai":null,"breadcrumb_settings":null,"seo_analyzer_scan_date":null},"aioseo_breadcrumb":"<div class=\"aioseo-breadcrumbs\"><span class=\"aioseo-breadcrumb\">\n\t\t\t<a href=\"https:\/\/www.encontracamacari.com.br\/sobre\" title=\"Home\">Home<\/a>\n\t\t<\/span><span class=\"aioseo-breadcrumb-separator\">&raquo;<\/span><span class=\"aioseo-breadcrumb\">\n\t\t\t<a href=\"https:\/\/www.encontracamacari.com.br\/sobre\/noticias-em-camacari\/\" title=\"Not\u00edcias Cama\u00e7ari\">Not\u00edcias Cama\u00e7ari<\/a>\n\t\t<\/span><span class=\"aioseo-breadcrumb-separator\">&raquo;<\/span><span class=\"aioseo-breadcrumb\">\n\t\t\tAudi\u00eancia P\u00fablica para apresenta\u00e7\u00e3o da Presta\u00e7\u00e3o de Contas do 3\u00ba Quadrimestre de 2025\n\t\t<\/span><\/div>","aioseo_breadcrumb_json":[{"label":"Home","link":"https:\/\/www.encontracamacari.com.br\/sobre"},{"label":"Not\u00edcias Cama\u00e7ari","link":"https:\/\/www.encontracamacari.com.br\/sobre\/noticias-em-camacari\/"},{"label":"Audi\u00eancia P\u00fablica para apresenta\u00e7\u00e3o da Presta\u00e7\u00e3o de Contas do 3\u00ba Quadrimestre de 2025","link":"https:\/\/www.encontracamacari.com.br\/sobre\/audiencia-publica-para-apresentacao-da-prestacao-de-contas-do-3o-quadrimestre-de-2025\/"}],"_links":{"self":[{"href":"https:\/\/www.encontracamacari.com.br\/sobre\/wp-json\/wp\/v2\/posts\/726","targetHints":{"allow":["GET"]}}],"collection":[{"href":"https:\/\/www.encontracamacari.com.br\/sobre\/wp-json\/wp\/v2\/posts"}],"about":[{"href":"https:\/\/www.encontracamacari.com.br\/sobre\/wp-json\/wp\/v2\/types\/post"}],"author":[{"embeddable":true,"href":"https:\/\/www.encontracamacari.com.br\/sobre\/wp-json\/wp\/v2\/users\/1"}],"replies":[{"embeddable":true,"href":"https:\/\/www.encontracamacari.com.br\/sobre\/wp-json\/wp\/v2\/comments?post=726"}],"version-history":[{"count":0,"href":"https:\/\/www.encontracamacari.com.br\/sobre\/wp-json\/wp\/v2\/posts\/726\/revisions"}],"wp:featuredmedia":[{"embeddable":true,"href":"https:\/\/www.encontracamacari.com.br\/sobre\/wp-json\/wp\/v2\/media\/725"}],"wp:attachment":[{"href":"https:\/\/www.encontracamacari.com.br\/sobre\/wp-json\/wp\/v2\/media?parent=726"}],"wp:term":[{"taxonomy":"category","embeddable":true,"href":"https:\/\/www.encontracamacari.com.br\/sobre\/wp-json\/wp\/v2\/categories?post=726"},{"taxonomy":"post_tag","embeddable":true,"href":"https:\/\/www.encontracamacari.com.br\/sobre\/wp-json\/wp\/v2\/tags?post=726"}],"curies":[{"name":"wp","href":"https:\/\/api.w.org\/{rel}","templated":true}]}}