{"id":724,"date":"2026-02-27T06:02:32","date_gmt":"2026-02-27T06:02:32","guid":{"rendered":"https:\/\/www.encontracamacari.com.br\/sobre\/1a-sessao-ordinaria-do-1o-periodo-legislativo-2026\/"},"modified":"2026-02-27T06:02:32","modified_gmt":"2026-02-27T06:02:32","slug":"1a-sessao-ordinaria-do-1o-periodo-legislativo-2026","status":"publish","type":"post","link":"https:\/\/www.encontracamacari.com.br\/sobre\/1a-sessao-ordinaria-do-1o-periodo-legislativo-2026\/","title":{"rendered":"1\u00aa Sess\u00e3o Ordin\u00e1ria do 1\u00ba Per\u00edodo Legislativo 2026"},"content":{"rendered":"<div class=\"2410bb7248a64bb1f71103797e0f239b\" data-index=\"1\" style=\"float: none; margin:0px;\">\n<ins class=\"adsbygoogle\"\r\n     style=\"display:block\"\r\n     data-ad-client=\"ca-pub-8585364105181520\"\r\n     data-ad-slot=\"8789329856\"\r\n     data-ad-format=\"auto\"\r\n     data-full-width-responsive=\"true\"><\/ins>\r\n<script>\r\n     (adsbygoogle = window.adsbygoogle || []).push({});\r\n<\/script>\n<\/div>\n<h2>Vis\u00e3o Geral da Sess\u00e3o Ordin\u00e1ria<\/h2>\n<p>A <strong>1\u00aa Sess\u00e3o Ordin\u00e1ria do 1\u00ba Per\u00edodo Legislativo de 2026<\/strong> foi realizada em 26 de fevereiro de 2026, marcando o in\u00edcio das atividades legislativas do ano na C\u00e2mara Municipal de Cama\u00e7ari. Durante esta sess\u00e3o, houve um debate significativo sobre os projetos e indica\u00e7\u00f5es que impactam a comunidade local. A presen\u00e7a dos vereadores e a participa\u00e7\u00e3o ativa foram not\u00f3rias, demonstrando o comprometimento com as quest\u00f5es da cidade.<\/p>\n<h2>Presen\u00e7as e Participa\u00e7\u00f5es dos Vereadores<\/h2>\n<p>A chamativa lista de presen\u00e7as incluiu vereadores da atual legislatura, todos comprometidos em contribuir para o desenvolvimento da cidade. \u00c9 importante destacar que a vota\u00e7\u00e3o e discuss\u00e3o dos projetos requer a presen\u00e7a e participa\u00e7\u00e3o dos representantes eleitos, que s\u00e3o fundamentais para a realiza\u00e7\u00e3o de um trabalho legislativo eficaz.<\/p>\n<ul>\n<li><strong>Niltinho Maturino<\/strong> &#8211; Presente<\/li>\n<li><strong>Dilson Magalh\u00e3es<\/strong> &#8211; Presente<\/li>\n<li><strong>Dentinho do Sindicato<\/strong> &#8211; Presente<\/li>\n<li><strong>Jamel\u00e3o<\/strong> &#8211; Presente<\/li>\n<li><strong>Dudu do Povo<\/strong> &#8211; Presente<\/li>\n<li><strong>Dr. Elias Natan<\/strong> &#8211; Presente<\/li>\n<li><strong>Sales Brito<\/strong> &#8211; Presente<\/li>\n<li><strong>Herbinho<\/strong> &#8211; Presente<\/li>\n<li><strong>Ivandel Pires<\/strong> &#8211; Presente<\/li>\n<li><strong>Jackson Josu\u00e9<\/strong> &#8211; Presente<\/li>\n<li><strong>Jamessom<\/strong> &#8211; Presente<\/li>\n<li><strong>Neidinha<\/strong> &#8211; Presente<\/li>\n<li><strong>Jo\u00e3o D\u00e3o<\/strong> &#8211; Presente<\/li>\n<li><strong>Kaique Ara<\/strong> &#8211; Presente<\/li>\n<li><strong>Luis\u00e3o<\/strong> &#8211; Presente<\/li>\n<li><strong>Manoel Jacar\u00e9<\/strong> &#8211; Presente<\/li>\n<li><strong>Manoel Filho<\/strong> &#8211; Presente<\/li>\n<li><strong>Maur\u00edcio Qualidade<\/strong> &#8211; Presente<\/li>\n<li><strong>Paulinho do Som<\/strong> &#8211; Presente<\/li>\n<li><strong>Dr. Samuka<\/strong> &#8211; Presente<\/li>\n<li><strong>Tagner Cerqueira<\/strong> &#8211; Presente<\/li>\n<li><strong>Tarcisio Coiffeur<\/strong> &#8211; Presente<\/li>\n<li><strong>Vagner Bispo<\/strong> &#8211; Presente<\/li>\n<\/ul>\n<h2>Principais Projetos Apresentados<\/h2>\n<p>Foram discutidos diversos projetos de lei e resolu\u00e7\u00f5es, alguns dos quais s\u00e3o de grande relev\u00e2ncia para a popula\u00e7\u00e3o de Cama\u00e7ari. Abaixo est\u00e3o listados os projetos de destaque que foram apresentados durante a sess\u00e3o:<\/p>\n<p><img decoding=\"async\" src=\"https:\/\/www.encontracamacari.com.br\/sobre\/wp-content\/uploads\/2026\/02\/1-sessao-ordinaria-do-1-periodo-legislativo-2026.webp\" alt=\"1\u00aa Sess\u00e3o Ordin\u00e1ria do 1\u00ba Per\u00edodo Legislativo 2026\" loading=\"lazy\" \/><\/p><div class=\"2410bb7248a64bb1f71103797e0f239b\" data-index=\"2\" style=\"float: none; margin:0px;\">\n<ins class=\"adsbygoogle\"\r\n     style=\"display:block; text-align:center;\"\r\n     data-ad-layout=\"in-article\"\r\n     data-ad-format=\"fluid\"\r\n     data-ad-client=\"ca-pub-8585364105181520\"\r\n     data-ad-slot=\"2899217073\"><\/ins>\r\n<script>\r\n     (adsbygoogle = window.adsbygoogle || []).push({});\r\n<\/script>\r\n\r\n<\/br><\/br>\n<\/div>\n\n<ul>\n<li><strong>Projeto de Lei do Legislativo N\u00ba 1\/2026:<\/strong> Iniciativa do vereador Dr. Elias Natan, que visa permitir a substitui\u00e7\u00e3o de multas de tr\u00e2nsito leves por medidas educativas.<\/li>\n<li><strong>Projeto de Lei do Legislativo N\u00ba 2\/2026:<\/strong> Proposto por Paulinho do Som, que denomina o \u201cCircuito Robert\u00e3o\u201d para fins art\u00edsticos e culturais no munic\u00edpio.<\/li>\n<li><strong>Projeto de Lei do Legislativo N\u00ba 3\/2026:<\/strong> Cria\u00e7\u00e3o do Programa Oftalmologia nas Escolas, de Dr. Samuka, para promover exames oftalmol\u00f3gicos.<\/li>\n<li><strong>Projeto de Lei do Legislativo N\u00ba 4\/2026:<\/strong> Regulamenta\u00e7\u00e3o de aplica\u00e7\u00e3o de multa da Lei Municipal n\u00ba 407 de 1998, por Jackson Josu\u00e9 e outros.<\/li>\n<li><strong>Projeto de Lei do Legislativo N\u00ba 5\/2026:<\/strong> Proposi\u00e7\u00e3o de Maur\u00edcio Qualidade, que institui um programa de incentivo \u00e0 cidadania ativa.<\/li>\n<li><strong>Projeto de Resolu\u00e7\u00e3o N\u00ba 1\/2026:<\/strong> Concede a Medalha Marqu\u00eas de Abrantes ao Desembargador Jos\u00e9 Edivaldo Rocha Rotondano, proposta por Jamessom.<\/li>\n<li><strong>Projeto de Resolu\u00e7\u00e3o N\u00ba 4\/2026:<\/strong> Concede a Medalha Desembargador Montenegro a Israel Bacelar de Souza, de autoria de Luis\u00e3o.<\/li>\n<li><strong>Mo\u00e7\u00e3o de Aplausos N\u00ba 3\/2026:<\/strong> Homenagem aos 15 anos da Diocese de Cama\u00e7ari, proposta por Kaique Ara.<\/li>\n<\/ul>\n<h2>Discuss\u00f5es sobre Economia Local<\/h2>\n<p>A C\u00e2mara tamb\u00e9m debateu a import\u00e2ncia de promover iniciativas que estimulem a economia local. Com diversos projetos que visam melhorar a infraestrutura e os servi\u00e7os na cidade, \u00e9 evidente que a colabora\u00e7\u00e3o entre os vereadores pode gerar impactos positivos para o com\u00e9rcio e ind\u00fastria local, al\u00e9m de melhorar a qualidade de vida dos cidad\u00e3os.<\/p>\n<h2>A Import\u00e2ncia do Debate Legislativo<\/h2>\n<p>O debate em torno dos projetos discutidos \u00e9 crucial para a democracia. Os vereadores t\u00eam o dever de escutar a popula\u00e7\u00e3o e refletir suas necessidades em suas propostas. Cada projeto elaborado \u00e9 uma oportunidade de atender demandas e promover avan\u00e7os na cidade.<\/p>\n<h2>Vota\u00e7\u00f5es e Resultados Importantes<\/h2>\n<p>Embora a sess\u00e3o tenha sido marcada por muitas discuss\u00f5es, ainda n\u00e3o houve vota\u00e7\u00f5es concretas durante este encontro. Assim, os pr\u00f3ximos dias ser\u00e3o importantes para que as propostas possam ser analisadas e votadas, levando em considera\u00e7\u00e3o as contribui\u00e7\u00f5es de todos os vereadores.<\/p>\n<h2>Repercuss\u00e3o na Comunidade<\/h2>\n<p>A popula\u00e7\u00e3o de Cama\u00e7ari acompanha de perto as a\u00e7\u00f5es da C\u00e2mara Municipal. A participa\u00e7\u00e3o cidad\u00e3 nas sess\u00f5es e a opini\u00e3o sobre os projetos discutidos s\u00e3o fundamentais para criar um ambiente colaborativo e transparente. Isso fortalece a rela\u00e7\u00e3o de confian\u00e7a entre o legislador e os eleitores.<\/p>\n<h2>As Iniciativas da Mesa Diretora<\/h2>\n<p>A Mesa Diretora, composta por figuras respeit\u00e1veis e ativas, tem um papel preponderante na condu\u00e7\u00e3o dos trabalhos legislativos. Sua responsabilidade em organizar a agenda e assegurar que os interesses da popula\u00e7\u00e3o sejam priorizados \u00e9 vital para o funcionamento da C\u00e2mara Municipal.<\/p>\n<h2>O Papel da C\u00e2mara Municipal<\/h2>\n<p>A C\u00e2mara Municipal \u00e9 o espa\u00e7o onde a voz do povo est\u00e1 representada. Suas atribui\u00e7\u00f5es v\u00e3o al\u00e9m de votar leis; ela tamb\u00e9m \u00e9 respons\u00e1vel por fiscalizar o Executivo e assegurar que as pol\u00edticas p\u00fablicas sejam implementadas de forma eficaz, promovendo melhorias \u00e0 sociedade.<\/p>\n<h2>Pr\u00f3ximos Passos para a Cama\u00e7ari<\/h2>\n<p>Com v\u00e1rias propostas em pauta e o compromisso dos vereadores, as pr\u00f3ximas sess\u00f5es prometem ser produtivas. A continuidade das discuss\u00f5es sobre os projetos poder\u00e1 trazer nova esperan\u00e7a para os cidad\u00e3os, uma vez que a implementa\u00e7\u00e3o das propostas pode resultar em impactos significativos para a comunidade local.<\/p>\n<div class=\"2410bb7248a64bb1f71103797e0f239b\" data-index=\"3\" style=\"float: none; margin:0px;\">\n<\/br><\/br>\r\n\r\n<ins class=\"adsbygoogle\"\r\n     style=\"display:block\"\r\n     data-ad-format=\"fluid\"\r\n     data-ad-layout-key=\"-63+do+n-1s+9e\"\r\n     data-ad-client=\"ca-pub-8585364105181520\"\r\n     data-ad-slot=\"6838462089\"><\/ins>\r\n<script>\r\n     (adsbygoogle = window.adsbygoogle || []).push({});\r\n<\/script>\n<\/div>\n\n<div style=\"font-size: 0px; height: 0px; line-height: 0px; margin: 0; padding: 0; clear: both;\"><\/div>","protected":false},"excerpt":{"rendered":"<p>1\u00aa Sess\u00e3o Ordin\u00e1ria do 1\u00ba Per\u00edodo Legislativo 2026 destaca eventos importantes.<\/p>\n","protected":false},"author":1,"featured_media":723,"comment_status":"open","ping_status":"closed","sticky":false,"template":"","format":"standard","meta":{"footnotes":""},"categories":[1],"tags":[],"class_list":["post-724","post","type-post","status-publish","format-standard","has-post-thumbnail","hentry","category-noticias-em-camacari","has_thumb"],"aioseo_notices":[],"aioseo_head":"\n\t\t<!-- All in One SEO 5.0.0.1 - aioseo.com -->\n\t<meta name=\"description\" content=\"1\u00aa Sess\u00e3o Ordin\u00e1ria do 1\u00ba Per\u00edodo Legislativo 2026 destaca eventos importantes.\" \/>\n\t<meta name=\"robots\" content=\"max-image-preview:large\" \/>\n\t<meta name=\"author\" content=\"Encontra Cama\u00e7ari\"\/>\n\t<link rel=\"canonical\" href=\"https:\/\/www.encontracamacari.com.br\/sobre\/1a-sessao-ordinaria-do-1o-periodo-legislativo-2026\/\" \/>\n\t<meta name=\"generator\" content=\"All in One SEO (AIOSEO) 5.0.0.1\" \/>\n\t\t<meta property=\"og:locale\" content=\"pt_BR\" \/>\n\t\t<meta property=\"og:site_name\" content=\"Encontra Cama\u00e7ari - Not\u00edcias, eventos, informa\u00e7\u00f5es e dicas na cidade de Cama\u00e7ari e regi\u00e3o.\" \/>\n\t\t<meta property=\"og:type\" content=\"article\" \/>\n\t\t<meta property=\"og:title\" content=\"1\u00aa Sess\u00e3o Ordin\u00e1ria do 1\u00ba Per\u00edodo Legislativo 2026 - Encontra Cama\u00e7ari\" \/>\n\t\t<meta property=\"og:description\" content=\"1\u00aa Sess\u00e3o Ordin\u00e1ria do 1\u00ba Per\u00edodo Legislativo 2026 destaca eventos importantes.\" \/>\n\t\t<meta property=\"og:url\" content=\"https:\/\/www.encontracamacari.com.br\/sobre\/1a-sessao-ordinaria-do-1o-periodo-legislativo-2026\/\" \/>\n\t\t<meta property=\"article:published_time\" content=\"2026-02-27T06:02:32+00:00\" \/>\n\t\t<meta property=\"article:modified_time\" content=\"2026-02-27T06:02:32+00:00\" \/>\n\t\t<meta name=\"twitter:card\" content=\"summary_large_image\" \/>\n\t\t<meta name=\"twitter:title\" content=\"1\u00aa Sess\u00e3o Ordin\u00e1ria do 1\u00ba Per\u00edodo Legislativo 2026 - Encontra Cama\u00e7ari\" \/>\n\t\t<meta name=\"twitter:description\" content=\"1\u00aa Sess\u00e3o Ordin\u00e1ria do 1\u00ba Per\u00edodo Legislativo 2026 destaca eventos importantes.\" \/>\n\t\t<script type=\"application\/ld+json\" class=\"aioseo-schema\">\n\t\t\t{\"@context\":\"https:\\\/\\\/schema.org\",\"@graph\":[{\"@type\":\"BlogPosting\",\"@id\":\"https:\\\/\\\/www.encontracamacari.com.br\\\/sobre\\\/1a-sessao-ordinaria-do-1o-periodo-legislativo-2026\\\/#blogposting\",\"name\":\"1\\u00aa Sess\\u00e3o Ordin\\u00e1ria do 1\\u00ba Per\\u00edodo Legislativo 2026 - Encontra Cama\\u00e7ari\",\"headline\":\"1\\u00aa Sess\\u00e3o Ordin\\u00e1ria do 1\\u00ba Per\\u00edodo Legislativo 2026\",\"author\":{\"@id\":\"https:\\\/\\\/www.encontracamacari.com.br\\\/sobre\\\/author\\\/ecamacari\\\/#author\"},\"publisher\":{\"@id\":\"https:\\\/\\\/www.encontracamacari.com.br\\\/sobre\\\/#organization\"},\"image\":{\"@type\":\"ImageObject\",\"url\":\"https:\\\/\\\/www.encontracamacari.com.br\\\/sobre\\\/wp-content\\\/uploads\\\/2026\\\/02\\\/1-sessao-ordinaria-do-1-periodo-legislativo-2026.webp\",\"width\":280,\"height\":280,\"caption\":\"1\\u00aa Sess\\u00e3o Ordin\\u00e1ria do 1\\u00ba Per\\u00edodo Legislativo 2026\"},\"datePublished\":\"2026-02-27T06:02:32+00:00\",\"dateModified\":\"2026-02-27T06:02:32+00:00\",\"inLanguage\":\"pt-BR\",\"mainEntityOfPage\":{\"@id\":\"https:\\\/\\\/www.encontracamacari.com.br\\\/sobre\\\/1a-sessao-ordinaria-do-1o-periodo-legislativo-2026\\\/#webpage\"},\"isPartOf\":{\"@id\":\"https:\\\/\\\/www.encontracamacari.com.br\\\/sobre\\\/1a-sessao-ordinaria-do-1o-periodo-legislativo-2026\\\/#webpage\"},\"articleSection\":\"Not\\u00edcias Cama\\u00e7ari\"},{\"@type\":\"BreadcrumbList\",\"@id\":\"https:\\\/\\\/www.encontracamacari.com.br\\\/sobre\\\/1a-sessao-ordinaria-do-1o-periodo-legislativo-2026\\\/#breadcrumblist\",\"itemListElement\":[{\"@type\":\"ListItem\",\"@id\":\"https:\\\/\\\/www.encontracamacari.com.br\\\/sobre#listItem\",\"position\":1,\"name\":\"Home\",\"item\":\"https:\\\/\\\/www.encontracamacari.com.br\\\/sobre\",\"nextItem\":{\"@type\":\"ListItem\",\"@id\":\"https:\\\/\\\/www.encontracamacari.com.br\\\/sobre\\\/noticias-em-camacari\\\/#listItem\",\"name\":\"Not\\u00edcias Cama\\u00e7ari\"}},{\"@type\":\"ListItem\",\"@id\":\"https:\\\/\\\/www.encontracamacari.com.br\\\/sobre\\\/noticias-em-camacari\\\/#listItem\",\"position\":2,\"name\":\"Not\\u00edcias Cama\\u00e7ari\",\"item\":\"https:\\\/\\\/www.encontracamacari.com.br\\\/sobre\\\/noticias-em-camacari\\\/\",\"nextItem\":{\"@type\":\"ListItem\",\"@id\":\"https:\\\/\\\/www.encontracamacari.com.br\\\/sobre\\\/1a-sessao-ordinaria-do-1o-periodo-legislativo-2026\\\/#listItem\",\"name\":\"1\\u00aa Sess\\u00e3o Ordin\\u00e1ria do 1\\u00ba Per\\u00edodo Legislativo 2026\"},\"previousItem\":{\"@type\":\"ListItem\",\"@id\":\"https:\\\/\\\/www.encontracamacari.com.br\\\/sobre#listItem\",\"name\":\"Home\"}},{\"@type\":\"ListItem\",\"@id\":\"https:\\\/\\\/www.encontracamacari.com.br\\\/sobre\\\/1a-sessao-ordinaria-do-1o-periodo-legislativo-2026\\\/#listItem\",\"position\":3,\"name\":\"1\\u00aa Sess\\u00e3o Ordin\\u00e1ria do 1\\u00ba Per\\u00edodo Legislativo 2026\",\"previousItem\":{\"@type\":\"ListItem\",\"@id\":\"https:\\\/\\\/www.encontracamacari.com.br\\\/sobre\\\/noticias-em-camacari\\\/#listItem\",\"name\":\"Not\\u00edcias Cama\\u00e7ari\"}}]},{\"@type\":\"Organization\",\"@id\":\"https:\\\/\\\/www.encontracamacari.com.br\\\/sobre\\\/#organization\",\"name\":\"Encontra Cama\\u00e7ari\",\"description\":\"Not\\u00edcias, eventos, informa\\u00e7\\u00f5es e dicas na cidade de Cama\\u00e7ari e regi\\u00e3o.\",\"url\":\"https:\\\/\\\/www.encontracamacari.com.br\\\/sobre\\\/\"},{\"@type\":\"Person\",\"@id\":\"https:\\\/\\\/www.encontracamacari.com.br\\\/sobre\\\/author\\\/ecamacari\\\/#author\",\"url\":\"https:\\\/\\\/www.encontracamacari.com.br\\\/sobre\\\/author\\\/ecamacari\\\/\",\"name\":\"Encontra Cama\\u00e7ari\",\"image\":{\"@type\":\"ImageObject\",\"@id\":\"https:\\\/\\\/www.encontracamacari.com.br\\\/sobre\\\/1a-sessao-ordinaria-do-1o-periodo-legislativo-2026\\\/#authorImage\",\"url\":\"https:\\\/\\\/secure.gravatar.com\\\/avatar\\\/507340682b8270222e1f208e23198b6ae7e2c6a1033ae84e99bc6bce4f82a387?s=96&d=mm&r=g\",\"width\":96,\"height\":96,\"caption\":\"Encontra Cama\\u00e7ari\"}},{\"@type\":\"WebPage\",\"@id\":\"https:\\\/\\\/www.encontracamacari.com.br\\\/sobre\\\/1a-sessao-ordinaria-do-1o-periodo-legislativo-2026\\\/#webpage\",\"url\":\"https:\\\/\\\/www.encontracamacari.com.br\\\/sobre\\\/1a-sessao-ordinaria-do-1o-periodo-legislativo-2026\\\/\",\"name\":\"1\\u00aa Sess\\u00e3o Ordin\\u00e1ria do 1\\u00ba Per\\u00edodo Legislativo 2026 - Encontra Cama\\u00e7ari\",\"description\":\"1\\u00aa Sess\\u00e3o Ordin\\u00e1ria do 1\\u00ba Per\\u00edodo Legislativo 2026 destaca eventos importantes.\",\"inLanguage\":\"pt-BR\",\"isPartOf\":{\"@id\":\"https:\\\/\\\/www.encontracamacari.com.br\\\/sobre\\\/#website\"},\"breadcrumb\":{\"@id\":\"https:\\\/\\\/www.encontracamacari.com.br\\\/sobre\\\/1a-sessao-ordinaria-do-1o-periodo-legislativo-2026\\\/#breadcrumblist\"},\"author\":{\"@id\":\"https:\\\/\\\/www.encontracamacari.com.br\\\/sobre\\\/author\\\/ecamacari\\\/#author\"},\"creator\":{\"@id\":\"https:\\\/\\\/www.encontracamacari.com.br\\\/sobre\\\/author\\\/ecamacari\\\/#author\"},\"image\":{\"@type\":\"ImageObject\",\"url\":\"https:\\\/\\\/www.encontracamacari.com.br\\\/sobre\\\/wp-content\\\/uploads\\\/2026\\\/02\\\/1-sessao-ordinaria-do-1-periodo-legislativo-2026.webp\",\"@id\":\"https:\\\/\\\/www.encontracamacari.com.br\\\/sobre\\\/1a-sessao-ordinaria-do-1o-periodo-legislativo-2026\\\/#mainImage\",\"width\":280,\"height\":280,\"caption\":\"1\\u00aa Sess\\u00e3o Ordin\\u00e1ria do 1\\u00ba Per\\u00edodo Legislativo 2026\"},\"primaryImageOfPage\":{\"@id\":\"https:\\\/\\\/www.encontracamacari.com.br\\\/sobre\\\/1a-sessao-ordinaria-do-1o-periodo-legislativo-2026\\\/#mainImage\"},\"datePublished\":\"2026-02-27T06:02:32+00:00\",\"dateModified\":\"2026-02-27T06:02:32+00:00\"},{\"@type\":\"WebSite\",\"@id\":\"https:\\\/\\\/www.encontracamacari.com.br\\\/sobre\\\/#website\",\"url\":\"https:\\\/\\\/www.encontracamacari.com.br\\\/sobre\\\/\",\"name\":\"Encontra Cama\\u00e7ari\",\"description\":\"Not\\u00edcias, eventos, informa\\u00e7\\u00f5es e dicas na cidade de Cama\\u00e7ari e regi\\u00e3o.\",\"inLanguage\":\"pt-BR\",\"publisher\":{\"@id\":\"https:\\\/\\\/www.encontracamacari.com.br\\\/sobre\\\/#organization\"}}]}\n\t\t<\/script>\n\t\t<!-- All in One SEO -->\n\n","aioseo_head_json":{"title":"1\u00aa Sess\u00e3o Ordin\u00e1ria do 1\u00ba Per\u00edodo Legislativo 2026 - Encontra Cama\u00e7ari","description":"1\u00aa Sess\u00e3o Ordin\u00e1ria do 1\u00ba Per\u00edodo Legislativo 2026 destaca eventos importantes.","canonical_url":"https:\/\/www.encontracamacari.com.br\/sobre\/1a-sessao-ordinaria-do-1o-periodo-legislativo-2026\/","robots":"max-image-preview:large","keywords":"","webmasterTools":{"miscellaneous":""},"schema":{"@context":"https:\/\/schema.org","@graph":[{"@type":"BlogPosting","@id":"https:\/\/www.encontracamacari.com.br\/sobre\/1a-sessao-ordinaria-do-1o-periodo-legislativo-2026\/#blogposting","name":"1\u00aa Sess\u00e3o Ordin\u00e1ria do 1\u00ba Per\u00edodo Legislativo 2026 - Encontra Cama\u00e7ari","headline":"1\u00aa Sess\u00e3o Ordin\u00e1ria do 1\u00ba Per\u00edodo Legislativo 2026","author":{"@id":"https:\/\/www.encontracamacari.com.br\/sobre\/author\/ecamacari\/#author"},"publisher":{"@id":"https:\/\/www.encontracamacari.com.br\/sobre\/#organization"},"image":{"@type":"ImageObject","url":"https:\/\/www.encontracamacari.com.br\/sobre\/wp-content\/uploads\/2026\/02\/1-sessao-ordinaria-do-1-periodo-legislativo-2026.webp","width":280,"height":280,"caption":"1\u00aa Sess\u00e3o Ordin\u00e1ria do 1\u00ba Per\u00edodo Legislativo 2026"},"datePublished":"2026-02-27T06:02:32+00:00","dateModified":"2026-02-27T06:02:32+00:00","inLanguage":"pt-BR","mainEntityOfPage":{"@id":"https:\/\/www.encontracamacari.com.br\/sobre\/1a-sessao-ordinaria-do-1o-periodo-legislativo-2026\/#webpage"},"isPartOf":{"@id":"https:\/\/www.encontracamacari.com.br\/sobre\/1a-sessao-ordinaria-do-1o-periodo-legislativo-2026\/#webpage"},"articleSection":"Not\u00edcias Cama\u00e7ari"},{"@type":"BreadcrumbList","@id":"https:\/\/www.encontracamacari.com.br\/sobre\/1a-sessao-ordinaria-do-1o-periodo-legislativo-2026\/#breadcrumblist","itemListElement":[{"@type":"ListItem","@id":"https:\/\/www.encontracamacari.com.br\/sobre#listItem","position":1,"name":"Home","item":"https:\/\/www.encontracamacari.com.br\/sobre","nextItem":{"@type":"ListItem","@id":"https:\/\/www.encontracamacari.com.br\/sobre\/noticias-em-camacari\/#listItem","name":"Not\u00edcias Cama\u00e7ari"}},{"@type":"ListItem","@id":"https:\/\/www.encontracamacari.com.br\/sobre\/noticias-em-camacari\/#listItem","position":2,"name":"Not\u00edcias Cama\u00e7ari","item":"https:\/\/www.encontracamacari.com.br\/sobre\/noticias-em-camacari\/","nextItem":{"@type":"ListItem","@id":"https:\/\/www.encontracamacari.com.br\/sobre\/1a-sessao-ordinaria-do-1o-periodo-legislativo-2026\/#listItem","name":"1\u00aa Sess\u00e3o Ordin\u00e1ria do 1\u00ba Per\u00edodo Legislativo 2026"},"previousItem":{"@type":"ListItem","@id":"https:\/\/www.encontracamacari.com.br\/sobre#listItem","name":"Home"}},{"@type":"ListItem","@id":"https:\/\/www.encontracamacari.com.br\/sobre\/1a-sessao-ordinaria-do-1o-periodo-legislativo-2026\/#listItem","position":3,"name":"1\u00aa Sess\u00e3o Ordin\u00e1ria do 1\u00ba Per\u00edodo Legislativo 2026","previousItem":{"@type":"ListItem","@id":"https:\/\/www.encontracamacari.com.br\/sobre\/noticias-em-camacari\/#listItem","name":"Not\u00edcias Cama\u00e7ari"}}]},{"@type":"Organization","@id":"https:\/\/www.encontracamacari.com.br\/sobre\/#organization","name":"Encontra Cama\u00e7ari","description":"Not\u00edcias, eventos, informa\u00e7\u00f5es e dicas na cidade de Cama\u00e7ari e regi\u00e3o.","url":"https:\/\/www.encontracamacari.com.br\/sobre\/"},{"@type":"Person","@id":"https:\/\/www.encontracamacari.com.br\/sobre\/author\/ecamacari\/#author","url":"https:\/\/www.encontracamacari.com.br\/sobre\/author\/ecamacari\/","name":"Encontra Cama\u00e7ari","image":{"@type":"ImageObject","@id":"https:\/\/www.encontracamacari.com.br\/sobre\/1a-sessao-ordinaria-do-1o-periodo-legislativo-2026\/#authorImage","url":"https:\/\/secure.gravatar.com\/avatar\/507340682b8270222e1f208e23198b6ae7e2c6a1033ae84e99bc6bce4f82a387?s=96&d=mm&r=g","width":96,"height":96,"caption":"Encontra Cama\u00e7ari"}},{"@type":"WebPage","@id":"https:\/\/www.encontracamacari.com.br\/sobre\/1a-sessao-ordinaria-do-1o-periodo-legislativo-2026\/#webpage","url":"https:\/\/www.encontracamacari.com.br\/sobre\/1a-sessao-ordinaria-do-1o-periodo-legislativo-2026\/","name":"1\u00aa Sess\u00e3o Ordin\u00e1ria do 1\u00ba Per\u00edodo Legislativo 2026 - Encontra Cama\u00e7ari","description":"1\u00aa Sess\u00e3o Ordin\u00e1ria do 1\u00ba Per\u00edodo Legislativo 2026 destaca eventos importantes.","inLanguage":"pt-BR","isPartOf":{"@id":"https:\/\/www.encontracamacari.com.br\/sobre\/#website"},"breadcrumb":{"@id":"https:\/\/www.encontracamacari.com.br\/sobre\/1a-sessao-ordinaria-do-1o-periodo-legislativo-2026\/#breadcrumblist"},"author":{"@id":"https:\/\/www.encontracamacari.com.br\/sobre\/author\/ecamacari\/#author"},"creator":{"@id":"https:\/\/www.encontracamacari.com.br\/sobre\/author\/ecamacari\/#author"},"image":{"@type":"ImageObject","url":"https:\/\/www.encontracamacari.com.br\/sobre\/wp-content\/uploads\/2026\/02\/1-sessao-ordinaria-do-1-periodo-legislativo-2026.webp","@id":"https:\/\/www.encontracamacari.com.br\/sobre\/1a-sessao-ordinaria-do-1o-periodo-legislativo-2026\/#mainImage","width":280,"height":280,"caption":"1\u00aa Sess\u00e3o Ordin\u00e1ria do 1\u00ba Per\u00edodo Legislativo 2026"},"primaryImageOfPage":{"@id":"https:\/\/www.encontracamacari.com.br\/sobre\/1a-sessao-ordinaria-do-1o-periodo-legislativo-2026\/#mainImage"},"datePublished":"2026-02-27T06:02:32+00:00","dateModified":"2026-02-27T06:02:32+00:00"},{"@type":"WebSite","@id":"https:\/\/www.encontracamacari.com.br\/sobre\/#website","url":"https:\/\/www.encontracamacari.com.br\/sobre\/","name":"Encontra Cama\u00e7ari","description":"Not\u00edcias, eventos, informa\u00e7\u00f5es e dicas na cidade de Cama\u00e7ari e regi\u00e3o.","inLanguage":"pt-BR","publisher":{"@id":"https:\/\/www.encontracamacari.com.br\/sobre\/#organization"}}]},"og:locale":"pt_BR","og:site_name":"Encontra Cama\u00e7ari - Not\u00edcias, eventos, informa\u00e7\u00f5es e dicas na cidade de Cama\u00e7ari e regi\u00e3o.","og:type":"article","og:title":"1\u00aa Sess\u00e3o Ordin\u00e1ria do 1\u00ba Per\u00edodo Legislativo 2026 - Encontra Cama\u00e7ari","og:description":"1\u00aa Sess\u00e3o Ordin\u00e1ria do 1\u00ba Per\u00edodo Legislativo 2026 destaca eventos importantes.","og:url":"https:\/\/www.encontracamacari.com.br\/sobre\/1a-sessao-ordinaria-do-1o-periodo-legislativo-2026\/","article:published_time":"2026-02-27T06:02:32+00:00","article:modified_time":"2026-02-27T06:02:32+00:00","twitter:card":"summary_large_image","twitter:title":"1\u00aa Sess\u00e3o Ordin\u00e1ria do 1\u00ba Per\u00edodo Legislativo 2026 - Encontra Cama\u00e7ari","twitter:description":"1\u00aa Sess\u00e3o Ordin\u00e1ria do 1\u00ba Per\u00edodo Legislativo 2026 destaca eventos importantes."},"aioseo_meta_data":{"post_id":"724","title":null,"description":null,"keywords":null,"keyphrases":null,"primary_term":null,"canonical_url":null,"og_title":null,"og_description":null,"og_object_type":"default","og_image_type":"default","og_image_url":null,"og_image_width":null,"og_image_height":null,"og_image_custom_url":null,"og_image_custom_fields":null,"og_video":null,"og_custom_url":null,"og_article_section":null,"og_article_tags":null,"twitter_use_og":false,"twitter_card":"default","twitter_image_type":"default","twitter_image_url":null,"twitter_image_custom_url":null,"twitter_image_custom_fields":null,"twitter_title":null,"twitter_description":null,"schema":{"blockGraphs":[],"customGraphs":[],"default":{"data":{"Article":[],"Course":[],"Dataset":[],"FAQPage":[],"Movie":[],"Person":[],"Product":[],"ProductReview":[],"Car":[],"Recipe":[],"Service":[],"SoftwareApplication":[],"WebPage":[]},"graphName":"BlogPosting","isEnabled":true},"graphs":[]},"schema_type":"default","schema_type_options":null,"pillar_content":false,"robots_default":true,"robots_noindex":false,"robots_noarchive":false,"robots_nosnippet":false,"robots_nofollow":false,"robots_noimageindex":false,"robots_noodp":false,"robots_notranslate":false,"robots_max_snippet":null,"robots_max_videopreview":null,"robots_max_imagepreview":"large","priority":null,"frequency":null,"local_seo":null,"limit_modified_date":false,"created":"2026-02-27 06:02:36","updated":"2026-08-06 01:15:10","focus_keyword":null,"additional_keywords":null,"truseo_locale":null,"ai":null,"breadcrumb_settings":null,"seo_analyzer_scan_date":null},"aioseo_breadcrumb":"<div class=\"aioseo-breadcrumbs\"><span class=\"aioseo-breadcrumb\">\n\t\t\t<a href=\"https:\/\/www.encontracamacari.com.br\/sobre\" title=\"Home\">Home<\/a>\n\t\t<\/span><span class=\"aioseo-breadcrumb-separator\">&raquo;<\/span><span class=\"aioseo-breadcrumb\">\n\t\t\t<a href=\"https:\/\/www.encontracamacari.com.br\/sobre\/noticias-em-camacari\/\" title=\"Not\u00edcias Cama\u00e7ari\">Not\u00edcias Cama\u00e7ari<\/a>\n\t\t<\/span><span class=\"aioseo-breadcrumb-separator\">&raquo;<\/span><span class=\"aioseo-breadcrumb\">\n\t\t\t1\u00aa Sess\u00e3o Ordin\u00e1ria do 1\u00ba Per\u00edodo Legislativo 2026\n\t\t<\/span><\/div>","aioseo_breadcrumb_json":[{"label":"Home","link":"https:\/\/www.encontracamacari.com.br\/sobre"},{"label":"Not\u00edcias Cama\u00e7ari","link":"https:\/\/www.encontracamacari.com.br\/sobre\/noticias-em-camacari\/"},{"label":"1\u00aa Sess\u00e3o Ordin\u00e1ria do 1\u00ba Per\u00edodo Legislativo 2026","link":"https:\/\/www.encontracamacari.com.br\/sobre\/1a-sessao-ordinaria-do-1o-periodo-legislativo-2026\/"}],"_links":{"self":[{"href":"https:\/\/www.encontracamacari.com.br\/sobre\/wp-json\/wp\/v2\/posts\/724","targetHints":{"allow":["GET"]}}],"collection":[{"href":"https:\/\/www.encontracamacari.com.br\/sobre\/wp-json\/wp\/v2\/posts"}],"about":[{"href":"https:\/\/www.encontracamacari.com.br\/sobre\/wp-json\/wp\/v2\/types\/post"}],"author":[{"embeddable":true,"href":"https:\/\/www.encontracamacari.com.br\/sobre\/wp-json\/wp\/v2\/users\/1"}],"replies":[{"embeddable":true,"href":"https:\/\/www.encontracamacari.com.br\/sobre\/wp-json\/wp\/v2\/comments?post=724"}],"version-history":[{"count":0,"href":"https:\/\/www.encontracamacari.com.br\/sobre\/wp-json\/wp\/v2\/posts\/724\/revisions"}],"wp:featuredmedia":[{"embeddable":true,"href":"https:\/\/www.encontracamacari.com.br\/sobre\/wp-json\/wp\/v2\/media\/723"}],"wp:attachment":[{"href":"https:\/\/www.encontracamacari.com.br\/sobre\/wp-json\/wp\/v2\/media?parent=724"}],"wp:term":[{"taxonomy":"category","embeddable":true,"href":"https:\/\/www.encontracamacari.com.br\/sobre\/wp-json\/wp\/v2\/categories?post=724"},{"taxonomy":"post_tag","embeddable":true,"href":"https:\/\/www.encontracamacari.com.br\/sobre\/wp-json\/wp\/v2\/tags?post=724"}],"curies":[{"name":"wp","href":"https:\/\/api.w.org\/{rel}","templated":true}]}}