{"id":716,"date":"2026-02-23T06:16:31","date_gmt":"2026-02-23T06:16:31","guid":{"rendered":"https:\/\/www.encontracamacari.com.br\/sobre\/camacari-cria-comite-para-monitorar-impactos-da-byd\/"},"modified":"2026-02-23T06:16:31","modified_gmt":"2026-02-23T06:16:31","slug":"camacari-cria-comite-para-monitorar-impactos-da-byd","status":"publish","type":"post","link":"https:\/\/www.encontracamacari.com.br\/sobre\/camacari-cria-comite-para-monitorar-impactos-da-byd\/","title":{"rendered":"CAMA\u00c7ARI CRIA COMIT\u00ca PARA MONITORAR IMPACTOS DA BYD"},"content":{"rendered":"<div class=\"2410bb7248a64bb1f71103797e0f239b\" data-index=\"1\" style=\"float: none; margin:0px;\">\n<ins class=\"adsbygoogle\"\r\n     style=\"display:block\"\r\n     data-ad-client=\"ca-pub-8585364105181520\"\r\n     data-ad-slot=\"8789329856\"\r\n     data-ad-format=\"auto\"\r\n     data-full-width-responsive=\"true\"><\/ins>\r\n<script>\r\n     (adsbygoogle = window.adsbygoogle || []).push({});\r\n<\/script>\n<\/div>\n<h2>O que \u00e9 o Comit\u00ea Gestor de Desenvolvimento Econ\u00f4mico?<\/h2>\n<p>O Comit\u00ea Gestor de Desenvolvimento Econ\u00f4mico e Inova\u00e7\u00e3o \u00e9 uma estrutura rec\u00e9m-criada na cidade de Cama\u00e7ari, localizada na Regi\u00e3o Metropolitana de Salvador. Este comit\u00ea tem uma fun\u00e7\u00e3o estrat\u00e9gica em acompanhar e avaliar os impactos da instala\u00e7\u00e3o da f\u00e1brica de ve\u00edculos da empresa BYD, uma gigante do setor automotivo, na economia local. A principal miss\u00e3o deste grupo \u00e9 promover um desenvolvimento econ\u00f4mico que considere a inova\u00e7\u00e3o e a moderniza\u00e7\u00e3o dos diversos setores da cidade.<\/p>\n<h2>Objetivos principais do comit\u00ea na cidade<\/h2>\n<p>Os objetivos do Comit\u00ea s\u00e3o diversos e visam, em primeiro lugar, ampliar a base econ\u00f4mica de Cama\u00e7ari. Isso inclui:<\/p>\n<ul>\n<li><strong>Atra\u00e7\u00e3o de Investimentos:<\/strong> Buscando trazer empresas que contribuam para a diversifica\u00e7\u00e3o econ\u00f4mica local.<\/li>\n<li><strong>Desenvolvimento do Setor de Servi\u00e7os:<\/strong> Incentivando o crescimento de servi\u00e7os como com\u00e9rcio, tecnologia e turismo.<\/li>\n<li><strong>Prepara\u00e7\u00e3o para a Reforma Tribut\u00e1ria:<\/strong> Adaptando-se \u00e0s novas regras tribut\u00e1rias que visam estabelecer uma nova l\u00f3gica de arrecada\u00e7\u00e3o.<\/li>\n<\/ul>\n<h2>Como a instala\u00e7\u00e3o da BYD pode impactar Cama\u00e7ari<\/h2>\n<p>A chegada da f\u00e1brica da BYD \u00e9 vista como um divisor de \u00e1guas para Cama\u00e7ari, pois promete modificar a economia local. A instala\u00e7\u00e3o da unidade fabril dever\u00e1 gerar uma quantidade significativa de empregos diretos e indiretos. Al\u00e9m disso, espera-se que o movimento na economia local aumente, elevando a demanda por diversos servi\u00e7os que acompanhar\u00e3o a produ\u00e7\u00e3o de ve\u00edculos. Essa mudan\u00e7a poder\u00e1 gerar um efeito cascata em outras \u00e1reas da economia, fortalecendo a cadeia produtiva.<\/p>\n<p><img decoding=\"async\" src=\"https:\/\/www.encontracamacari.com.br\/sobre\/wp-content\/uploads\/2026\/02\/camacari-cria-comite-para-monitorar-impactos-da-byd.webp\" alt=\"Cama\u00e7ari\" loading=\"lazy\" \/><\/p>\n<h2>A import\u00e2ncia da diversifica\u00e7\u00e3o econ\u00f4mica local<\/h2>\n<p>A diversifica\u00e7\u00e3o econ\u00f4mica \u00e9 fundamental para a sustentabilidade do crescimento de Cama\u00e7ari. A cidade tem historicamente dependido de um \u00fanico setor industrial, o que a torna vulner\u00e1vel a crises espec\u00edficas desse segmento. O comit\u00ea est\u00e1 focado na constru\u00e7\u00e3o de um ambiente econ\u00f4mico mais robusto, capaz de oferecer resili\u00eancia frente a mudan\u00e7as de mercado e crises. Implementar estrat\u00e9gias que incentivem a ind\u00fastria, os servi\u00e7os e a tecnologia ser\u00e1 essencial para criar uma economia mais equilibrada.<\/p>\n<h2>Como o comit\u00ea planeja estimular setores de servi\u00e7os<\/h2>\n<p>A abordagem prevista pelo comit\u00ea para estimular os setores de servi\u00e7os engloba a\u00e7\u00f5es pr\u00e1ticas e parcerias. Entre as estrat\u00e9gias adotadas, destacam-se:<\/p><div class=\"2410bb7248a64bb1f71103797e0f239b\" data-index=\"2\" style=\"float: none; margin:0px;\">\n<ins class=\"adsbygoogle\"\r\n     style=\"display:block; text-align:center;\"\r\n     data-ad-layout=\"in-article\"\r\n     data-ad-format=\"fluid\"\r\n     data-ad-client=\"ca-pub-8585364105181520\"\r\n     data-ad-slot=\"2899217073\"><\/ins>\r\n<script>\r\n     (adsbygoogle = window.adsbygoogle || []).push({});\r\n<\/script>\r\n\r\n<\/br><\/br>\n<\/div>\n\n<ul>\n<li><strong>Incentivos Fiscais:<\/strong> Propostas para criar condi\u00e7\u00f5es favor\u00e1veis \u00e0s empresas de servi\u00e7os atrav\u00e9s de isen\u00e7\u00f5es ou redu\u00e7\u00f5es tribut\u00e1rias.<\/li>\n<li><strong>Capacita\u00e7\u00e3o Profissional:<\/strong> Programas de forma\u00e7\u00e3o e certifica\u00e7\u00e3o para a popula\u00e7\u00e3o local que visam equip\u00e1-los com habilidades necess\u00e1rias em setores em crescimento.<\/li>\n<li><strong>Parcerias P\u00fablico-Privadas:<\/strong> Estabelecimento de colabora\u00e7\u00e3o entre o governo local e o setor privado para fomentar inova\u00e7\u00f5es e projetos comunit\u00e1rios.<\/li>\n<\/ul>\n<h2>Prepara\u00e7\u00e3o para a nova reforma tribut\u00e1ria<\/h2>\n<p>Com a imin\u00eancia da reforma tribut\u00e1ria, que muda a maneira como os impostos s\u00e3o cobrados das empresas, o comit\u00ea se destaca ao se preparar para essa nova realidade. A mudan\u00e7a do foco de arrecada\u00e7\u00e3o da origem para o destino de impostos requer um planejamento cuidadoso. O comit\u00ea est\u00e1 adotando medidas para assegurar que Cama\u00e7ari se adapte de maneira eficiente, evitando perdas financeiras para o munic\u00edpio e preparando a base econ\u00f4mica para novos desafios e oportunidades.<\/p>\n<h2>Quem s\u00e3o os integrantes do comit\u00ea<\/h2>\n<p>O Comit\u00ea Gestor de Desenvolvimento Econ\u00f4mico e Inova\u00e7\u00e3o \u00e9 composto por um grupo selecionado de l\u00edderes que representam diferentes \u00e1reas do governo da cidade. Entre eles, destacam-se:<\/p>\n<ul>\n<li><strong>Luiz Caetano:<\/strong> Prefeito de Cama\u00e7ari e l\u00edder do comit\u00ea.<\/li>\n<li><strong>Tet\u00ea Teles:<\/strong> Secret\u00e1rio de Servi\u00e7os P\u00fablicos.<\/li>\n<li><strong>Rodrigo Nogueira:<\/strong> Secret\u00e1rio de Desenvolvimento Urbano e Meio Ambiente.<\/li>\n<li><strong>Lu\u00eds Reis:<\/strong> Secret\u00e1rio da Fazenda.<\/li>\n<li><strong>Adriana Marcele:<\/strong> Secret\u00e1ria de Desenvolvimento Econ\u00f4mico.<\/li>\n<\/ul>\n<h2>Resultados j\u00e1 vis\u00edveis da atua\u00e7\u00e3o do comit\u00ea<\/h2>\n<p>Os esfor\u00e7os do comit\u00ea j\u00e1 est\u00e3o come\u00e7ando a produzir resultados. Em fevereiro, 438 pessoas conseguiram uma coloca\u00e7\u00e3o no mercado de trabalho atrav\u00e9s do CIAT, um servi\u00e7o da prefeitura que facilita a intera\u00e7\u00e3o entre empregadores e candidatos. Esse n\u00famero indica que as iniciativas para gera\u00e7\u00e3o de empregos est\u00e3o mostrando-se eficazes e refor\u00e7am a confian\u00e7a no planejamento econ\u00f4mico da cidade.<\/p>\n<h2>Expectativas para o mercado de trabalho em Cama\u00e7ari<\/h2>\n<p>Com a instala\u00e7\u00e3o da BYD e a crescente diversifica\u00e7\u00e3o econ\u00f4mica, as perspectivas para o mercado de trabalho em Cama\u00e7ari s\u00e3o otimistas. A expectativa \u00e9 de que novos postos de trabalho sejam criados n\u00e3o apenas na ind\u00fastria, mas tamb\u00e9m nos setores de servi\u00e7os e tecnologia. Isso \u00e9 visto como uma forma de contribuir para a melhora na qualidade de vida da popula\u00e7\u00e3o e o aumento da renda familiar.<\/p>\n<h2>O futuro econ\u00f4mico de Cama\u00e7ari com a BYD<\/h2>\n<p>O futuro econ\u00f4mico de Cama\u00e7ari est\u00e1 preso \u00e0 implementa\u00e7\u00e3o bem-sucedida das estrat\u00e9gias elaboradas pelo Comit\u00ea Gestor de Desenvolvimento Econ\u00f4mico e Inova\u00e7\u00e3o. Com a chegada da BYD, a cidade poder\u00e1 n\u00e3o s\u00f3 se reposicionar no mapa econ\u00f4mico do Brasil, mas tamb\u00e9m preparar cidad\u00e3os para um mercado din\u00e2mico e em constante transforma\u00e7\u00e3o. O comit\u00ea est\u00e1 comprometido em criar um ambiente inovador que propicie o desenvolvimento conjunto da ind\u00fastria, com\u00e9rcio e servi\u00e7os na regi\u00e3o.<\/p>\n<div class=\"2410bb7248a64bb1f71103797e0f239b\" data-index=\"3\" style=\"float: none; margin:0px;\">\n<\/br><\/br>\r\n\r\n<ins class=\"adsbygoogle\"\r\n     style=\"display:block\"\r\n     data-ad-format=\"fluid\"\r\n     data-ad-layout-key=\"-63+do+n-1s+9e\"\r\n     data-ad-client=\"ca-pub-8585364105181520\"\r\n     data-ad-slot=\"6838462089\"><\/ins>\r\n<script>\r\n     (adsbygoogle = window.adsbygoogle || []).push({});\r\n<\/script>\n<\/div>\n\n<div style=\"font-size: 0px; height: 0px; line-height: 0px; margin: 0; padding: 0; clear: both;\"><\/div>","protected":false},"excerpt":{"rendered":"<p>Cama\u00e7ari cria comit\u00ea para monitorar os impactos da BYD na economia local.<\/p>\n","protected":false},"author":1,"featured_media":715,"comment_status":"open","ping_status":"closed","sticky":false,"template":"","format":"standard","meta":{"footnotes":""},"categories":[1],"tags":[],"class_list":["post-716","post","type-post","status-publish","format-standard","has-post-thumbnail","hentry","category-noticias-em-camacari","has_thumb"],"aioseo_notices":[],"aioseo_head":"\n\t\t<!-- All in One SEO 5.0.0.1 - aioseo.com -->\n\t<meta name=\"description\" content=\"Cama\u00e7ari cria comit\u00ea para monitorar os impactos da BYD na economia local.\" \/>\n\t<meta name=\"robots\" content=\"max-image-preview:large\" \/>\n\t<meta name=\"author\" content=\"Encontra Cama\u00e7ari\"\/>\n\t<link rel=\"canonical\" href=\"https:\/\/www.encontracamacari.com.br\/sobre\/camacari-cria-comite-para-monitorar-impactos-da-byd\/\" \/>\n\t<meta name=\"generator\" content=\"All in One SEO (AIOSEO) 5.0.0.1\" \/>\n\t\t<meta property=\"og:locale\" content=\"pt_BR\" \/>\n\t\t<meta property=\"og:site_name\" content=\"Encontra Cama\u00e7ari - Not\u00edcias, eventos, informa\u00e7\u00f5es e dicas na cidade de Cama\u00e7ari e regi\u00e3o.\" \/>\n\t\t<meta property=\"og:type\" content=\"article\" \/>\n\t\t<meta property=\"og:title\" content=\"CAMA\u00c7ARI CRIA COMIT\u00ca PARA MONITORAR IMPACTOS DA BYD - Encontra Cama\u00e7ari\" \/>\n\t\t<meta property=\"og:description\" content=\"Cama\u00e7ari cria comit\u00ea para monitorar os impactos da BYD na economia local.\" \/>\n\t\t<meta property=\"og:url\" content=\"https:\/\/www.encontracamacari.com.br\/sobre\/camacari-cria-comite-para-monitorar-impactos-da-byd\/\" \/>\n\t\t<meta property=\"article:published_time\" content=\"2026-02-23T06:16:31+00:00\" \/>\n\t\t<meta property=\"article:modified_time\" content=\"2026-02-23T06:16:31+00:00\" \/>\n\t\t<meta name=\"twitter:card\" content=\"summary_large_image\" \/>\n\t\t<meta name=\"twitter:title\" content=\"CAMA\u00c7ARI CRIA COMIT\u00ca PARA MONITORAR IMPACTOS DA BYD - Encontra Cama\u00e7ari\" \/>\n\t\t<meta name=\"twitter:description\" content=\"Cama\u00e7ari cria comit\u00ea para monitorar os impactos da BYD na economia local.\" \/>\n\t\t<script type=\"application\/ld+json\" class=\"aioseo-schema\">\n\t\t\t{\"@context\":\"https:\\\/\\\/schema.org\",\"@graph\":[{\"@type\":\"BlogPosting\",\"@id\":\"https:\\\/\\\/www.encontracamacari.com.br\\\/sobre\\\/camacari-cria-comite-para-monitorar-impactos-da-byd\\\/#blogposting\",\"name\":\"CAMA\\u00c7ARI CRIA COMIT\\u00ca PARA MONITORAR IMPACTOS DA BYD - Encontra Cama\\u00e7ari\",\"headline\":\"CAMA\\u00c7ARI CRIA COMIT\\u00ca PARA MONITORAR IMPACTOS DA BYD\",\"author\":{\"@id\":\"https:\\\/\\\/www.encontracamacari.com.br\\\/sobre\\\/author\\\/ecamacari\\\/#author\"},\"publisher\":{\"@id\":\"https:\\\/\\\/www.encontracamacari.com.br\\\/sobre\\\/#organization\"},\"image\":{\"@type\":\"ImageObject\",\"url\":\"https:\\\/\\\/www.encontracamacari.com.br\\\/sobre\\\/wp-content\\\/uploads\\\/2026\\\/02\\\/camacari-cria-comite-para-monitorar-impactos-da-byd.webp\",\"width\":280,\"height\":280,\"caption\":\"Cama\\u00e7ari\"},\"datePublished\":\"2026-02-23T06:16:31+00:00\",\"dateModified\":\"2026-02-23T06:16:31+00:00\",\"inLanguage\":\"pt-BR\",\"mainEntityOfPage\":{\"@id\":\"https:\\\/\\\/www.encontracamacari.com.br\\\/sobre\\\/camacari-cria-comite-para-monitorar-impactos-da-byd\\\/#webpage\"},\"isPartOf\":{\"@id\":\"https:\\\/\\\/www.encontracamacari.com.br\\\/sobre\\\/camacari-cria-comite-para-monitorar-impactos-da-byd\\\/#webpage\"},\"articleSection\":\"Not\\u00edcias Cama\\u00e7ari\"},{\"@type\":\"BreadcrumbList\",\"@id\":\"https:\\\/\\\/www.encontracamacari.com.br\\\/sobre\\\/camacari-cria-comite-para-monitorar-impactos-da-byd\\\/#breadcrumblist\",\"itemListElement\":[{\"@type\":\"ListItem\",\"@id\":\"https:\\\/\\\/www.encontracamacari.com.br\\\/sobre#listItem\",\"position\":1,\"name\":\"Home\",\"item\":\"https:\\\/\\\/www.encontracamacari.com.br\\\/sobre\",\"nextItem\":{\"@type\":\"ListItem\",\"@id\":\"https:\\\/\\\/www.encontracamacari.com.br\\\/sobre\\\/noticias-em-camacari\\\/#listItem\",\"name\":\"Not\\u00edcias Cama\\u00e7ari\"}},{\"@type\":\"ListItem\",\"@id\":\"https:\\\/\\\/www.encontracamacari.com.br\\\/sobre\\\/noticias-em-camacari\\\/#listItem\",\"position\":2,\"name\":\"Not\\u00edcias Cama\\u00e7ari\",\"item\":\"https:\\\/\\\/www.encontracamacari.com.br\\\/sobre\\\/noticias-em-camacari\\\/\",\"nextItem\":{\"@type\":\"ListItem\",\"@id\":\"https:\\\/\\\/www.encontracamacari.com.br\\\/sobre\\\/camacari-cria-comite-para-monitorar-impactos-da-byd\\\/#listItem\",\"name\":\"CAMA\\u00c7ARI CRIA COMIT\\u00ca PARA MONITORAR IMPACTOS DA BYD\"},\"previousItem\":{\"@type\":\"ListItem\",\"@id\":\"https:\\\/\\\/www.encontracamacari.com.br\\\/sobre#listItem\",\"name\":\"Home\"}},{\"@type\":\"ListItem\",\"@id\":\"https:\\\/\\\/www.encontracamacari.com.br\\\/sobre\\\/camacari-cria-comite-para-monitorar-impactos-da-byd\\\/#listItem\",\"position\":3,\"name\":\"CAMA\\u00c7ARI CRIA COMIT\\u00ca PARA MONITORAR IMPACTOS DA BYD\",\"previousItem\":{\"@type\":\"ListItem\",\"@id\":\"https:\\\/\\\/www.encontracamacari.com.br\\\/sobre\\\/noticias-em-camacari\\\/#listItem\",\"name\":\"Not\\u00edcias Cama\\u00e7ari\"}}]},{\"@type\":\"Organization\",\"@id\":\"https:\\\/\\\/www.encontracamacari.com.br\\\/sobre\\\/#organization\",\"name\":\"Encontra Cama\\u00e7ari\",\"description\":\"Not\\u00edcias, eventos, informa\\u00e7\\u00f5es e dicas na cidade de Cama\\u00e7ari e regi\\u00e3o.\",\"url\":\"https:\\\/\\\/www.encontracamacari.com.br\\\/sobre\\\/\"},{\"@type\":\"Person\",\"@id\":\"https:\\\/\\\/www.encontracamacari.com.br\\\/sobre\\\/author\\\/ecamacari\\\/#author\",\"url\":\"https:\\\/\\\/www.encontracamacari.com.br\\\/sobre\\\/author\\\/ecamacari\\\/\",\"name\":\"Encontra Cama\\u00e7ari\",\"image\":{\"@type\":\"ImageObject\",\"@id\":\"https:\\\/\\\/www.encontracamacari.com.br\\\/sobre\\\/camacari-cria-comite-para-monitorar-impactos-da-byd\\\/#authorImage\",\"url\":\"https:\\\/\\\/secure.gravatar.com\\\/avatar\\\/507340682b8270222e1f208e23198b6ae7e2c6a1033ae84e99bc6bce4f82a387?s=96&d=mm&r=g\",\"width\":96,\"height\":96,\"caption\":\"Encontra Cama\\u00e7ari\"}},{\"@type\":\"WebPage\",\"@id\":\"https:\\\/\\\/www.encontracamacari.com.br\\\/sobre\\\/camacari-cria-comite-para-monitorar-impactos-da-byd\\\/#webpage\",\"url\":\"https:\\\/\\\/www.encontracamacari.com.br\\\/sobre\\\/camacari-cria-comite-para-monitorar-impactos-da-byd\\\/\",\"name\":\"CAMA\\u00c7ARI CRIA COMIT\\u00ca PARA MONITORAR IMPACTOS DA BYD - Encontra Cama\\u00e7ari\",\"description\":\"Cama\\u00e7ari cria comit\\u00ea para monitorar os impactos da BYD na economia local.\",\"inLanguage\":\"pt-BR\",\"isPartOf\":{\"@id\":\"https:\\\/\\\/www.encontracamacari.com.br\\\/sobre\\\/#website\"},\"breadcrumb\":{\"@id\":\"https:\\\/\\\/www.encontracamacari.com.br\\\/sobre\\\/camacari-cria-comite-para-monitorar-impactos-da-byd\\\/#breadcrumblist\"},\"author\":{\"@id\":\"https:\\\/\\\/www.encontracamacari.com.br\\\/sobre\\\/author\\\/ecamacari\\\/#author\"},\"creator\":{\"@id\":\"https:\\\/\\\/www.encontracamacari.com.br\\\/sobre\\\/author\\\/ecamacari\\\/#author\"},\"image\":{\"@type\":\"ImageObject\",\"url\":\"https:\\\/\\\/www.encontracamacari.com.br\\\/sobre\\\/wp-content\\\/uploads\\\/2026\\\/02\\\/camacari-cria-comite-para-monitorar-impactos-da-byd.webp\",\"@id\":\"https:\\\/\\\/www.encontracamacari.com.br\\\/sobre\\\/camacari-cria-comite-para-monitorar-impactos-da-byd\\\/#mainImage\",\"width\":280,\"height\":280,\"caption\":\"Cama\\u00e7ari\"},\"primaryImageOfPage\":{\"@id\":\"https:\\\/\\\/www.encontracamacari.com.br\\\/sobre\\\/camacari-cria-comite-para-monitorar-impactos-da-byd\\\/#mainImage\"},\"datePublished\":\"2026-02-23T06:16:31+00:00\",\"dateModified\":\"2026-02-23T06:16:31+00:00\"},{\"@type\":\"WebSite\",\"@id\":\"https:\\\/\\\/www.encontracamacari.com.br\\\/sobre\\\/#website\",\"url\":\"https:\\\/\\\/www.encontracamacari.com.br\\\/sobre\\\/\",\"name\":\"Encontra Cama\\u00e7ari\",\"description\":\"Not\\u00edcias, eventos, informa\\u00e7\\u00f5es e dicas na cidade de Cama\\u00e7ari e regi\\u00e3o.\",\"inLanguage\":\"pt-BR\",\"publisher\":{\"@id\":\"https:\\\/\\\/www.encontracamacari.com.br\\\/sobre\\\/#organization\"}}]}\n\t\t<\/script>\n\t\t<!-- All in One SEO -->\n\n","aioseo_head_json":{"title":"CAMA\u00c7ARI CRIA COMIT\u00ca PARA MONITORAR IMPACTOS DA BYD - Encontra Cama\u00e7ari","description":"Cama\u00e7ari cria comit\u00ea para monitorar os impactos da BYD na economia local.","canonical_url":"https:\/\/www.encontracamacari.com.br\/sobre\/camacari-cria-comite-para-monitorar-impactos-da-byd\/","robots":"max-image-preview:large","keywords":"","webmasterTools":{"miscellaneous":""},"schema":{"@context":"https:\/\/schema.org","@graph":[{"@type":"BlogPosting","@id":"https:\/\/www.encontracamacari.com.br\/sobre\/camacari-cria-comite-para-monitorar-impactos-da-byd\/#blogposting","name":"CAMA\u00c7ARI CRIA COMIT\u00ca PARA MONITORAR IMPACTOS DA BYD - Encontra Cama\u00e7ari","headline":"CAMA\u00c7ARI CRIA COMIT\u00ca PARA MONITORAR IMPACTOS DA BYD","author":{"@id":"https:\/\/www.encontracamacari.com.br\/sobre\/author\/ecamacari\/#author"},"publisher":{"@id":"https:\/\/www.encontracamacari.com.br\/sobre\/#organization"},"image":{"@type":"ImageObject","url":"https:\/\/www.encontracamacari.com.br\/sobre\/wp-content\/uploads\/2026\/02\/camacari-cria-comite-para-monitorar-impactos-da-byd.webp","width":280,"height":280,"caption":"Cama\u00e7ari"},"datePublished":"2026-02-23T06:16:31+00:00","dateModified":"2026-02-23T06:16:31+00:00","inLanguage":"pt-BR","mainEntityOfPage":{"@id":"https:\/\/www.encontracamacari.com.br\/sobre\/camacari-cria-comite-para-monitorar-impactos-da-byd\/#webpage"},"isPartOf":{"@id":"https:\/\/www.encontracamacari.com.br\/sobre\/camacari-cria-comite-para-monitorar-impactos-da-byd\/#webpage"},"articleSection":"Not\u00edcias Cama\u00e7ari"},{"@type":"BreadcrumbList","@id":"https:\/\/www.encontracamacari.com.br\/sobre\/camacari-cria-comite-para-monitorar-impactos-da-byd\/#breadcrumblist","itemListElement":[{"@type":"ListItem","@id":"https:\/\/www.encontracamacari.com.br\/sobre#listItem","position":1,"name":"Home","item":"https:\/\/www.encontracamacari.com.br\/sobre","nextItem":{"@type":"ListItem","@id":"https:\/\/www.encontracamacari.com.br\/sobre\/noticias-em-camacari\/#listItem","name":"Not\u00edcias Cama\u00e7ari"}},{"@type":"ListItem","@id":"https:\/\/www.encontracamacari.com.br\/sobre\/noticias-em-camacari\/#listItem","position":2,"name":"Not\u00edcias Cama\u00e7ari","item":"https:\/\/www.encontracamacari.com.br\/sobre\/noticias-em-camacari\/","nextItem":{"@type":"ListItem","@id":"https:\/\/www.encontracamacari.com.br\/sobre\/camacari-cria-comite-para-monitorar-impactos-da-byd\/#listItem","name":"CAMA\u00c7ARI CRIA COMIT\u00ca PARA MONITORAR IMPACTOS DA BYD"},"previousItem":{"@type":"ListItem","@id":"https:\/\/www.encontracamacari.com.br\/sobre#listItem","name":"Home"}},{"@type":"ListItem","@id":"https:\/\/www.encontracamacari.com.br\/sobre\/camacari-cria-comite-para-monitorar-impactos-da-byd\/#listItem","position":3,"name":"CAMA\u00c7ARI CRIA COMIT\u00ca PARA MONITORAR IMPACTOS DA BYD","previousItem":{"@type":"ListItem","@id":"https:\/\/www.encontracamacari.com.br\/sobre\/noticias-em-camacari\/#listItem","name":"Not\u00edcias Cama\u00e7ari"}}]},{"@type":"Organization","@id":"https:\/\/www.encontracamacari.com.br\/sobre\/#organization","name":"Encontra Cama\u00e7ari","description":"Not\u00edcias, eventos, informa\u00e7\u00f5es e dicas na cidade de Cama\u00e7ari e regi\u00e3o.","url":"https:\/\/www.encontracamacari.com.br\/sobre\/"},{"@type":"Person","@id":"https:\/\/www.encontracamacari.com.br\/sobre\/author\/ecamacari\/#author","url":"https:\/\/www.encontracamacari.com.br\/sobre\/author\/ecamacari\/","name":"Encontra Cama\u00e7ari","image":{"@type":"ImageObject","@id":"https:\/\/www.encontracamacari.com.br\/sobre\/camacari-cria-comite-para-monitorar-impactos-da-byd\/#authorImage","url":"https:\/\/secure.gravatar.com\/avatar\/507340682b8270222e1f208e23198b6ae7e2c6a1033ae84e99bc6bce4f82a387?s=96&d=mm&r=g","width":96,"height":96,"caption":"Encontra Cama\u00e7ari"}},{"@type":"WebPage","@id":"https:\/\/www.encontracamacari.com.br\/sobre\/camacari-cria-comite-para-monitorar-impactos-da-byd\/#webpage","url":"https:\/\/www.encontracamacari.com.br\/sobre\/camacari-cria-comite-para-monitorar-impactos-da-byd\/","name":"CAMA\u00c7ARI CRIA COMIT\u00ca PARA MONITORAR IMPACTOS DA BYD - Encontra Cama\u00e7ari","description":"Cama\u00e7ari cria comit\u00ea para monitorar os impactos da BYD na economia local.","inLanguage":"pt-BR","isPartOf":{"@id":"https:\/\/www.encontracamacari.com.br\/sobre\/#website"},"breadcrumb":{"@id":"https:\/\/www.encontracamacari.com.br\/sobre\/camacari-cria-comite-para-monitorar-impactos-da-byd\/#breadcrumblist"},"author":{"@id":"https:\/\/www.encontracamacari.com.br\/sobre\/author\/ecamacari\/#author"},"creator":{"@id":"https:\/\/www.encontracamacari.com.br\/sobre\/author\/ecamacari\/#author"},"image":{"@type":"ImageObject","url":"https:\/\/www.encontracamacari.com.br\/sobre\/wp-content\/uploads\/2026\/02\/camacari-cria-comite-para-monitorar-impactos-da-byd.webp","@id":"https:\/\/www.encontracamacari.com.br\/sobre\/camacari-cria-comite-para-monitorar-impactos-da-byd\/#mainImage","width":280,"height":280,"caption":"Cama\u00e7ari"},"primaryImageOfPage":{"@id":"https:\/\/www.encontracamacari.com.br\/sobre\/camacari-cria-comite-para-monitorar-impactos-da-byd\/#mainImage"},"datePublished":"2026-02-23T06:16:31+00:00","dateModified":"2026-02-23T06:16:31+00:00"},{"@type":"WebSite","@id":"https:\/\/www.encontracamacari.com.br\/sobre\/#website","url":"https:\/\/www.encontracamacari.com.br\/sobre\/","name":"Encontra Cama\u00e7ari","description":"Not\u00edcias, eventos, informa\u00e7\u00f5es e dicas na cidade de Cama\u00e7ari e regi\u00e3o.","inLanguage":"pt-BR","publisher":{"@id":"https:\/\/www.encontracamacari.com.br\/sobre\/#organization"}}]},"og:locale":"pt_BR","og:site_name":"Encontra Cama\u00e7ari - Not\u00edcias, eventos, informa\u00e7\u00f5es e dicas na cidade de Cama\u00e7ari e regi\u00e3o.","og:type":"article","og:title":"CAMA\u00c7ARI CRIA COMIT\u00ca PARA MONITORAR IMPACTOS DA BYD - Encontra Cama\u00e7ari","og:description":"Cama\u00e7ari cria comit\u00ea para monitorar os impactos da BYD na economia local.","og:url":"https:\/\/www.encontracamacari.com.br\/sobre\/camacari-cria-comite-para-monitorar-impactos-da-byd\/","article:published_time":"2026-02-23T06:16:31+00:00","article:modified_time":"2026-02-23T06:16:31+00:00","twitter:card":"summary_large_image","twitter:title":"CAMA\u00c7ARI CRIA COMIT\u00ca PARA MONITORAR IMPACTOS DA BYD - Encontra Cama\u00e7ari","twitter:description":"Cama\u00e7ari cria comit\u00ea para monitorar os impactos da BYD na economia local."},"aioseo_meta_data":{"post_id":"716","title":null,"description":null,"keywords":null,"keyphrases":null,"primary_term":null,"canonical_url":null,"og_title":null,"og_description":null,"og_object_type":"default","og_image_type":"default","og_image_url":null,"og_image_width":null,"og_image_height":null,"og_image_custom_url":null,"og_image_custom_fields":null,"og_video":null,"og_custom_url":null,"og_article_section":null,"og_article_tags":null,"twitter_use_og":false,"twitter_card":"default","twitter_image_type":"default","twitter_image_url":null,"twitter_image_custom_url":null,"twitter_image_custom_fields":null,"twitter_title":null,"twitter_description":null,"schema":{"blockGraphs":[],"customGraphs":[],"default":{"data":{"Article":[],"Course":[],"Dataset":[],"FAQPage":[],"Movie":[],"Person":[],"Product":[],"ProductReview":[],"Car":[],"Recipe":[],"Service":[],"SoftwareApplication":[],"WebPage":[]},"graphName":"BlogPosting","isEnabled":true},"graphs":[]},"schema_type":"default","schema_type_options":null,"pillar_content":false,"robots_default":true,"robots_noindex":false,"robots_noarchive":false,"robots_nosnippet":false,"robots_nofollow":false,"robots_noimageindex":false,"robots_noodp":false,"robots_notranslate":false,"robots_max_snippet":null,"robots_max_videopreview":null,"robots_max_imagepreview":"large","priority":null,"frequency":null,"local_seo":null,"limit_modified_date":false,"created":"2026-02-23 06:16:34","updated":"2026-08-06 01:13:03","focus_keyword":null,"additional_keywords":null,"truseo_locale":null,"ai":null,"breadcrumb_settings":null,"seo_analyzer_scan_date":null},"aioseo_breadcrumb":"<div class=\"aioseo-breadcrumbs\"><span class=\"aioseo-breadcrumb\">\n\t\t\t<a href=\"https:\/\/www.encontracamacari.com.br\/sobre\" title=\"Home\">Home<\/a>\n\t\t<\/span><span class=\"aioseo-breadcrumb-separator\">&raquo;<\/span><span class=\"aioseo-breadcrumb\">\n\t\t\t<a href=\"https:\/\/www.encontracamacari.com.br\/sobre\/noticias-em-camacari\/\" title=\"Not\u00edcias Cama\u00e7ari\">Not\u00edcias Cama\u00e7ari<\/a>\n\t\t<\/span><span class=\"aioseo-breadcrumb-separator\">&raquo;<\/span><span class=\"aioseo-breadcrumb\">\n\t\t\tCAMA\u00c7ARI CRIA COMIT\u00ca PARA MONITORAR IMPACTOS DA BYD\n\t\t<\/span><\/div>","aioseo_breadcrumb_json":[{"label":"Home","link":"https:\/\/www.encontracamacari.com.br\/sobre"},{"label":"Not\u00edcias Cama\u00e7ari","link":"https:\/\/www.encontracamacari.com.br\/sobre\/noticias-em-camacari\/"},{"label":"CAMA\u00c7ARI CRIA COMIT\u00ca PARA MONITORAR IMPACTOS DA BYD","link":"https:\/\/www.encontracamacari.com.br\/sobre\/camacari-cria-comite-para-monitorar-impactos-da-byd\/"}],"_links":{"self":[{"href":"https:\/\/www.encontracamacari.com.br\/sobre\/wp-json\/wp\/v2\/posts\/716","targetHints":{"allow":["GET"]}}],"collection":[{"href":"https:\/\/www.encontracamacari.com.br\/sobre\/wp-json\/wp\/v2\/posts"}],"about":[{"href":"https:\/\/www.encontracamacari.com.br\/sobre\/wp-json\/wp\/v2\/types\/post"}],"author":[{"embeddable":true,"href":"https:\/\/www.encontracamacari.com.br\/sobre\/wp-json\/wp\/v2\/users\/1"}],"replies":[{"embeddable":true,"href":"https:\/\/www.encontracamacari.com.br\/sobre\/wp-json\/wp\/v2\/comments?post=716"}],"version-history":[{"count":0,"href":"https:\/\/www.encontracamacari.com.br\/sobre\/wp-json\/wp\/v2\/posts\/716\/revisions"}],"wp:featuredmedia":[{"embeddable":true,"href":"https:\/\/www.encontracamacari.com.br\/sobre\/wp-json\/wp\/v2\/media\/715"}],"wp:attachment":[{"href":"https:\/\/www.encontracamacari.com.br\/sobre\/wp-json\/wp\/v2\/media?parent=716"}],"wp:term":[{"taxonomy":"category","embeddable":true,"href":"https:\/\/www.encontracamacari.com.br\/sobre\/wp-json\/wp\/v2\/categories?post=716"},{"taxonomy":"post_tag","embeddable":true,"href":"https:\/\/www.encontracamacari.com.br\/sobre\/wp-json\/wp\/v2\/tags?post=716"}],"curies":[{"name":"wp","href":"https:\/\/api.w.org\/{rel}","templated":true}]}}