{"id":712,"date":"2026-02-22T06:05:47","date_gmt":"2026-02-22T06:05:47","guid":{"rendered":"https:\/\/www.encontracamacari.com.br\/sobre\/joao-gomes-da-entrada-na-primeira-cnh-em-camacari\/"},"modified":"2026-02-22T06:05:47","modified_gmt":"2026-02-22T06:05:47","slug":"joao-gomes-da-entrada-na-primeira-cnh-em-camacari","status":"publish","type":"post","link":"https:\/\/www.encontracamacari.com.br\/sobre\/joao-gomes-da-entrada-na-primeira-cnh-em-camacari\/","title":{"rendered":"Jo\u00e3o Gomes d\u00e1 entrada na primeira CNH em Cama\u00e7ari"},"content":{"rendered":"<div class=\"2410bb7248a64bb1f71103797e0f239b\" data-index=\"1\" style=\"float: none; margin:0px;\">\n<ins class=\"adsbygoogle\"\r\n     style=\"display:block\"\r\n     data-ad-client=\"ca-pub-8585364105181520\"\r\n     data-ad-slot=\"8789329856\"\r\n     data-ad-format=\"auto\"\r\n     data-full-width-responsive=\"true\"><\/ins>\r\n<script>\r\n     (adsbygoogle = window.adsbygoogle || []).push({});\r\n<\/script>\n<\/div>\n<h2>O que motiva Jo\u00e3o Gomes a tirar a CNH?<\/h2>\n<p>Recentemente, o cantor Jo\u00e3o Gomes, conhecido por seu talento e carisma, decidiu iniciar o processo de obten\u00e7\u00e3o da sua primeira Carteira Nacional de Habilita\u00e7\u00e3o (CNH). A decis\u00e3o foi certamente influenciada por v\u00e1rios fatores, incluindo a necessidade de mobilidade e a nova fase que sua carreira est\u00e1 atravessando. A CNH n\u00e3o \u00e9 apenas um documento que habilita uma pessoa a dirigir, mas tamb\u00e9m representa uma nova liberdade e autonomia, especialmente para algu\u00e9m que, como Jo\u00e3o, \u00e9 frequentemente solicitado a se deslocar entre v\u00e1rias cidades para compromissos profissionais.<\/p>\n<h2>A escolha de Cama\u00e7ari para o processo<\/h2>\n<p>Jo\u00e3o Gomes optou por realizar o processo de habilita\u00e7\u00e3o em Cama\u00e7ari, na Regi\u00e3o Metropolitana de Salvador. Essa escolha pode ter ra\u00edzes pessoais e pr\u00e1ticas, uma vez que a cidade est\u00e1 pr\u00f3xima a sua terra natal, facilitando o deslocamento. Cama\u00e7ari, al\u00e9m de ser um local com infraestrutura adequada para a realiza\u00e7\u00e3o de exames e atendimento do Departamento Estadual de Tr\u00e2nsito da Bahia (Detran-BA), tamb\u00e9m representa uma cidade em crescimento e conectada a diversas possibilidades de desenvolvimento. Assim, a decis\u00e3o de Jo\u00e3o por esta localiza\u00e7\u00e3o pode ser vista como estrat\u00e9gica tanto para sua conveni\u00eancia quanto para suas necessidades imediatas.<\/p>\n<h2>Intera\u00e7\u00e3o de Jo\u00e3o Gomes com funcion\u00e1rios do Detran<\/h2>\n<p>Na ocasi\u00e3o de sua visita ao Ciretran em Cama\u00e7ari, Jo\u00e3o Gomes fez uma pausa para interagir com os funcion\u00e1rios do Detran. Essa proximidade demonstra o lado amig\u00e1vel e acess\u00edvel do cantor, que conseguiu se conectar com as pessoas ao seu redor, tirando fotos e trocando palavras gentis. Essa intera\u00e7\u00e3o traz \u00e0 tona a import\u00e2ncia do acolhimento e do respeito, tanto em rela\u00e7\u00e3o aos que trabalham nos servi\u00e7os p\u00fablicos quanto aos cidad\u00e3os. Ainda, essa atitude de cordialidade foi amplamente compartilhada nas redes sociais, mostrando que Jo\u00e3o n\u00e3o s\u00f3 se preocupa com sua imagem, mas tamb\u00e9m valoriza estas experi\u00eancias.<\/p>\n<p><img decoding=\"async\" src=\"https:\/\/www.encontracamacari.com.br\/sobre\/wp-content\/uploads\/2026\/02\/joao-gomes-da-entrada-na-primeira-cnh-em-camacari.webp\" alt=\"Jo\u00e3o Gomes primeira CNH\" loading=\"lazy\" \/><\/p>\n<h2>Impacto das redes sociais na carreira do cantor<\/h2>\n<p>As redes sociais desempenham um papel fundamental na carreira de artistas contempor\u00e2neos, e Jo\u00e3o Gomes n\u00e3o \u00e9 exce\u00e7\u00e3o a essa regra. Atrav\u00e9s de plataformas como Instagram e TikTok, o cantor tem se esfor\u00e7ado para manter uma conex\u00e3o pr\u00f3xima com seus f\u00e3s, compartilhando n\u00e3o apenas os aspectos de sua carreira, mas tamb\u00e9m momentos do seu dia a dia, incluindo sua recente experi\u00eancia ao tirar a CNH. Este tipo de engajamento \u00e9 estrat\u00e9gico, pois aproxima seus seguidores da realidade do artista, humanizando-o e tornando-o mais acess\u00edvel.<\/p><div class=\"2410bb7248a64bb1f71103797e0f239b\" data-index=\"2\" style=\"float: none; margin:0px;\">\n<ins class=\"adsbygoogle\"\r\n     style=\"display:block; text-align:center;\"\r\n     data-ad-layout=\"in-article\"\r\n     data-ad-format=\"fluid\"\r\n     data-ad-client=\"ca-pub-8585364105181520\"\r\n     data-ad-slot=\"2899217073\"><\/ins>\r\n<script>\r\n     (adsbygoogle = window.adsbygoogle || []).push({});\r\n<\/script>\r\n\r\n<\/br><\/br>\n<\/div>\n\n<h2>Possibilidade de transferir a CNH para outro estado<\/h2>\n<p>Um dos pontos interessantes levantados durante o processo de habilita\u00e7\u00e3o de Jo\u00e3o \u00e9 a possibilidade de transferir a CNH para outro estado, caso isso se torne necess\u00e1rio no futuro. O cantor, que reside em Pernambuco, pode acabar realizando a mudan\u00e7a de sua habilita\u00e7\u00e3o para l\u00e1 assim que finalizar o processo em Cama\u00e7ari. Este ponto \u00e9 importante, pois destaca a flexibilidade da legisla\u00e7\u00e3o brasileira em rela\u00e7\u00e3o \u00e0 habilita\u00e7\u00e3o, permitindo que o cidad\u00e3o mantenha sua CNH v\u00e1lida mesmo ao se mudar.<\/p>\n<h2>Jo\u00e3o Gomes: entre m\u00fasica e novos desafios<\/h2>\n<p>A trajet\u00f3ria de Jo\u00e3o Gomes na m\u00fasica j\u00e1 \u00e9 marcada por muitos desafios e conquistas. A decis\u00e3o de tirar a CNH \u00e9 apenas mais um passo em sua carreira, que inclui o lan\u00e7amento de novas m\u00fasicas e a realiza\u00e7\u00e3o de shows em todo o Brasil. Al\u00e9m disso, a habilita\u00e7\u00e3o representa um novo territ\u00f3rio a ser desbravado pelo cantor, permitindo-lhe viajar com mais liberdade e conforto. Essa nova fase pode abrir portas e oportunidades, tanto na sua vida pessoal quanto na profissional, refletindo seu desejo de progredir e se adaptar a essa nova realidade.<\/p>\n<h2>As expectativas do cantor com a CNH<\/h2>\n<p>Jo\u00e3o Gomes expressou suas expectativas em rela\u00e7\u00e3o \u00e0 CNH, revelando que almeja utilizar sua nova licen\u00e7a para facilitar seus deslocamentos durante a jornada art\u00edstica. Em um mundo onde a mobilidade \u00e9 essencial, possuir uma CNH pode ser um divisor de \u00e1guas para muitos artistas, permitindo que eles conduzam suas pr\u00f3prias turn\u00eas e garantam maior independ\u00eancia. As expectativas de Jo\u00e3o com a CNH refletem seu desejo de crescimento e evolu\u00e7\u00e3o em sua carreira, mostrando que ele est\u00e1 pronto para novos desafios.<\/p>\n<h2>Rea\u00e7\u00f5es dos f\u00e3s nas redes sociais<\/h2>\n<p>As rea\u00e7\u00f5es dos f\u00e3s nas redes sociais sobre a decis\u00e3o de Jo\u00e3o Gomes de tirar a CNH foram bastante positivas. Muitos seguidores parabenizaram o cantor e expressaram sua torcida para que ele alcance este novo marco em sua vida. As intera\u00e7\u00f5es dos f\u00e3s destacam a import\u00e2ncia da comunidade que o cantor construiu ao longo de sua trajet\u00f3ria profissional. Al\u00e9m disso, a rela\u00e7\u00e3o de amor e apoio que os f\u00e3s oferecem a ele impulsiona e motiva o artista em seus projetos e desafios.<\/p>\n<h2>A import\u00e2ncia da CNH para artistas<\/h2>\n<p>Para artistas como Jo\u00e3o Gomes, a CNH pode ser mais do que um simples documento; pode ser uma ferramenta que abre novas oportunidades. A capacidade de dirigir pode facilitar a participa\u00e7\u00e3o em eventos diversos, como entrevistas e shows, tornando o artista mais aut\u00f4nomo. Essa liberdade tem um impacto direto em sua carreira, contribuindo para uma agenda de compromissos mais flex\u00edvel e controlada pelo pr\u00f3prio artista. A CNH se torna, portanto, um s\u00edmbolo de crescimento e de maior controle sobre sua trajet\u00f3ria profissional.<\/p>\n<h2>Pr\u00f3ximos passos de Jo\u00e3o Gomes ap\u00f3s a CNH<\/h2>\n<p>Ap\u00f3s obter a CNH, Jo\u00e3o Gomes j\u00e1 est\u00e1 planejando seus pr\u00f3ximos passos. Ele deve continuar se dedicando \u00e0 sua carreira musical, aproveitando a nova liberdade que a habilita\u00e7\u00e3o trar\u00e1. Al\u00e9m de garantir mais mobilidade, o cantor est\u00e1 focado em diversas atividades art\u00edsticas, incluindo a composi\u00e7\u00e3o de novas m\u00fasicas e a realiza\u00e7\u00e3o de shows ao redor do Brasil. O sucesso de Jo\u00e3o tem sido not\u00e1vel, e a CNH promete ser um facilitador importante nessa caminhada.<\/p>\n<div class=\"2410bb7248a64bb1f71103797e0f239b\" data-index=\"3\" style=\"float: none; margin:0px;\">\n<\/br><\/br>\r\n\r\n<ins class=\"adsbygoogle\"\r\n     style=\"display:block\"\r\n     data-ad-format=\"fluid\"\r\n     data-ad-layout-key=\"-63+do+n-1s+9e\"\r\n     data-ad-client=\"ca-pub-8585364105181520\"\r\n     data-ad-slot=\"6838462089\"><\/ins>\r\n<script>\r\n     (adsbygoogle = window.adsbygoogle || []).push({});\r\n<\/script>\n<\/div>\n\n<div style=\"font-size: 0px; height: 0px; line-height: 0px; margin: 0; padding: 0; clear: both;\"><\/div>","protected":false},"excerpt":{"rendered":"<p>Jo\u00e3o Gomes inicia a jornada pela primeira CNH em Cama\u00e7ari. Confira!<\/p>\n","protected":false},"author":1,"featured_media":711,"comment_status":"open","ping_status":"closed","sticky":false,"template":"","format":"standard","meta":{"footnotes":""},"categories":[1],"tags":[],"class_list":["post-712","post","type-post","status-publish","format-standard","has-post-thumbnail","hentry","category-noticias-em-camacari","has_thumb"],"aioseo_notices":[],"aioseo_head":"\n\t\t<!-- All in One SEO 5.0.0.1 - aioseo.com -->\n\t<meta name=\"description\" content=\"Jo\u00e3o Gomes inicia a jornada pela primeira CNH em Cama\u00e7ari. Confira!\" \/>\n\t<meta name=\"robots\" content=\"max-image-preview:large\" \/>\n\t<meta name=\"author\" content=\"Encontra Cama\u00e7ari\"\/>\n\t<link rel=\"canonical\" href=\"https:\/\/www.encontracamacari.com.br\/sobre\/joao-gomes-da-entrada-na-primeira-cnh-em-camacari\/\" \/>\n\t<meta name=\"generator\" content=\"All in One SEO (AIOSEO) 5.0.0.1\" \/>\n\t\t<meta property=\"og:locale\" content=\"pt_BR\" \/>\n\t\t<meta property=\"og:site_name\" content=\"Encontra Cama\u00e7ari - Not\u00edcias, eventos, informa\u00e7\u00f5es e dicas na cidade de Cama\u00e7ari e regi\u00e3o.\" \/>\n\t\t<meta property=\"og:type\" content=\"article\" \/>\n\t\t<meta property=\"og:title\" content=\"Jo\u00e3o Gomes d\u00e1 entrada na primeira CNH em Cama\u00e7ari - Encontra Cama\u00e7ari\" \/>\n\t\t<meta property=\"og:description\" content=\"Jo\u00e3o Gomes inicia a jornada pela primeira CNH em Cama\u00e7ari. Confira!\" \/>\n\t\t<meta property=\"og:url\" content=\"https:\/\/www.encontracamacari.com.br\/sobre\/joao-gomes-da-entrada-na-primeira-cnh-em-camacari\/\" \/>\n\t\t<meta property=\"article:published_time\" content=\"2026-02-22T06:05:47+00:00\" \/>\n\t\t<meta property=\"article:modified_time\" content=\"2026-02-22T06:05:47+00:00\" \/>\n\t\t<meta name=\"twitter:card\" content=\"summary_large_image\" \/>\n\t\t<meta name=\"twitter:title\" content=\"Jo\u00e3o Gomes d\u00e1 entrada na primeira CNH em Cama\u00e7ari - Encontra Cama\u00e7ari\" \/>\n\t\t<meta name=\"twitter:description\" content=\"Jo\u00e3o Gomes inicia a jornada pela primeira CNH em Cama\u00e7ari. Confira!\" \/>\n\t\t<script type=\"application\/ld+json\" class=\"aioseo-schema\">\n\t\t\t{\"@context\":\"https:\\\/\\\/schema.org\",\"@graph\":[{\"@type\":\"BlogPosting\",\"@id\":\"https:\\\/\\\/www.encontracamacari.com.br\\\/sobre\\\/joao-gomes-da-entrada-na-primeira-cnh-em-camacari\\\/#blogposting\",\"name\":\"Jo\\u00e3o Gomes d\\u00e1 entrada na primeira CNH em Cama\\u00e7ari - Encontra Cama\\u00e7ari\",\"headline\":\"Jo\\u00e3o Gomes d\\u00e1 entrada na primeira CNH em Cama\\u00e7ari\",\"author\":{\"@id\":\"https:\\\/\\\/www.encontracamacari.com.br\\\/sobre\\\/author\\\/ecamacari\\\/#author\"},\"publisher\":{\"@id\":\"https:\\\/\\\/www.encontracamacari.com.br\\\/sobre\\\/#organization\"},\"image\":{\"@type\":\"ImageObject\",\"url\":\"https:\\\/\\\/www.encontracamacari.com.br\\\/sobre\\\/wp-content\\\/uploads\\\/2026\\\/02\\\/joao-gomes-da-entrada-na-primeira-cnh-em-camacari.webp\",\"width\":280,\"height\":280,\"caption\":\"Jo\\u00e3o Gomes primeira CNH\"},\"datePublished\":\"2026-02-22T06:05:47+00:00\",\"dateModified\":\"2026-02-22T06:05:47+00:00\",\"inLanguage\":\"pt-BR\",\"mainEntityOfPage\":{\"@id\":\"https:\\\/\\\/www.encontracamacari.com.br\\\/sobre\\\/joao-gomes-da-entrada-na-primeira-cnh-em-camacari\\\/#webpage\"},\"isPartOf\":{\"@id\":\"https:\\\/\\\/www.encontracamacari.com.br\\\/sobre\\\/joao-gomes-da-entrada-na-primeira-cnh-em-camacari\\\/#webpage\"},\"articleSection\":\"Not\\u00edcias Cama\\u00e7ari\"},{\"@type\":\"BreadcrumbList\",\"@id\":\"https:\\\/\\\/www.encontracamacari.com.br\\\/sobre\\\/joao-gomes-da-entrada-na-primeira-cnh-em-camacari\\\/#breadcrumblist\",\"itemListElement\":[{\"@type\":\"ListItem\",\"@id\":\"https:\\\/\\\/www.encontracamacari.com.br\\\/sobre#listItem\",\"position\":1,\"name\":\"Home\",\"item\":\"https:\\\/\\\/www.encontracamacari.com.br\\\/sobre\",\"nextItem\":{\"@type\":\"ListItem\",\"@id\":\"https:\\\/\\\/www.encontracamacari.com.br\\\/sobre\\\/noticias-em-camacari\\\/#listItem\",\"name\":\"Not\\u00edcias Cama\\u00e7ari\"}},{\"@type\":\"ListItem\",\"@id\":\"https:\\\/\\\/www.encontracamacari.com.br\\\/sobre\\\/noticias-em-camacari\\\/#listItem\",\"position\":2,\"name\":\"Not\\u00edcias Cama\\u00e7ari\",\"item\":\"https:\\\/\\\/www.encontracamacari.com.br\\\/sobre\\\/noticias-em-camacari\\\/\",\"nextItem\":{\"@type\":\"ListItem\",\"@id\":\"https:\\\/\\\/www.encontracamacari.com.br\\\/sobre\\\/joao-gomes-da-entrada-na-primeira-cnh-em-camacari\\\/#listItem\",\"name\":\"Jo\\u00e3o Gomes d\\u00e1 entrada na primeira CNH em Cama\\u00e7ari\"},\"previousItem\":{\"@type\":\"ListItem\",\"@id\":\"https:\\\/\\\/www.encontracamacari.com.br\\\/sobre#listItem\",\"name\":\"Home\"}},{\"@type\":\"ListItem\",\"@id\":\"https:\\\/\\\/www.encontracamacari.com.br\\\/sobre\\\/joao-gomes-da-entrada-na-primeira-cnh-em-camacari\\\/#listItem\",\"position\":3,\"name\":\"Jo\\u00e3o Gomes d\\u00e1 entrada na primeira CNH em Cama\\u00e7ari\",\"previousItem\":{\"@type\":\"ListItem\",\"@id\":\"https:\\\/\\\/www.encontracamacari.com.br\\\/sobre\\\/noticias-em-camacari\\\/#listItem\",\"name\":\"Not\\u00edcias Cama\\u00e7ari\"}}]},{\"@type\":\"Organization\",\"@id\":\"https:\\\/\\\/www.encontracamacari.com.br\\\/sobre\\\/#organization\",\"name\":\"Encontra Cama\\u00e7ari\",\"description\":\"Not\\u00edcias, eventos, informa\\u00e7\\u00f5es e dicas na cidade de Cama\\u00e7ari e regi\\u00e3o.\",\"url\":\"https:\\\/\\\/www.encontracamacari.com.br\\\/sobre\\\/\"},{\"@type\":\"Person\",\"@id\":\"https:\\\/\\\/www.encontracamacari.com.br\\\/sobre\\\/author\\\/ecamacari\\\/#author\",\"url\":\"https:\\\/\\\/www.encontracamacari.com.br\\\/sobre\\\/author\\\/ecamacari\\\/\",\"name\":\"Encontra Cama\\u00e7ari\",\"image\":{\"@type\":\"ImageObject\",\"@id\":\"https:\\\/\\\/www.encontracamacari.com.br\\\/sobre\\\/joao-gomes-da-entrada-na-primeira-cnh-em-camacari\\\/#authorImage\",\"url\":\"https:\\\/\\\/secure.gravatar.com\\\/avatar\\\/507340682b8270222e1f208e23198b6ae7e2c6a1033ae84e99bc6bce4f82a387?s=96&d=mm&r=g\",\"width\":96,\"height\":96,\"caption\":\"Encontra Cama\\u00e7ari\"}},{\"@type\":\"WebPage\",\"@id\":\"https:\\\/\\\/www.encontracamacari.com.br\\\/sobre\\\/joao-gomes-da-entrada-na-primeira-cnh-em-camacari\\\/#webpage\",\"url\":\"https:\\\/\\\/www.encontracamacari.com.br\\\/sobre\\\/joao-gomes-da-entrada-na-primeira-cnh-em-camacari\\\/\",\"name\":\"Jo\\u00e3o Gomes d\\u00e1 entrada na primeira CNH em Cama\\u00e7ari - Encontra Cama\\u00e7ari\",\"description\":\"Jo\\u00e3o Gomes inicia a jornada pela primeira CNH em Cama\\u00e7ari. Confira!\",\"inLanguage\":\"pt-BR\",\"isPartOf\":{\"@id\":\"https:\\\/\\\/www.encontracamacari.com.br\\\/sobre\\\/#website\"},\"breadcrumb\":{\"@id\":\"https:\\\/\\\/www.encontracamacari.com.br\\\/sobre\\\/joao-gomes-da-entrada-na-primeira-cnh-em-camacari\\\/#breadcrumblist\"},\"author\":{\"@id\":\"https:\\\/\\\/www.encontracamacari.com.br\\\/sobre\\\/author\\\/ecamacari\\\/#author\"},\"creator\":{\"@id\":\"https:\\\/\\\/www.encontracamacari.com.br\\\/sobre\\\/author\\\/ecamacari\\\/#author\"},\"image\":{\"@type\":\"ImageObject\",\"url\":\"https:\\\/\\\/www.encontracamacari.com.br\\\/sobre\\\/wp-content\\\/uploads\\\/2026\\\/02\\\/joao-gomes-da-entrada-na-primeira-cnh-em-camacari.webp\",\"@id\":\"https:\\\/\\\/www.encontracamacari.com.br\\\/sobre\\\/joao-gomes-da-entrada-na-primeira-cnh-em-camacari\\\/#mainImage\",\"width\":280,\"height\":280,\"caption\":\"Jo\\u00e3o Gomes primeira CNH\"},\"primaryImageOfPage\":{\"@id\":\"https:\\\/\\\/www.encontracamacari.com.br\\\/sobre\\\/joao-gomes-da-entrada-na-primeira-cnh-em-camacari\\\/#mainImage\"},\"datePublished\":\"2026-02-22T06:05:47+00:00\",\"dateModified\":\"2026-02-22T06:05:47+00:00\"},{\"@type\":\"WebSite\",\"@id\":\"https:\\\/\\\/www.encontracamacari.com.br\\\/sobre\\\/#website\",\"url\":\"https:\\\/\\\/www.encontracamacari.com.br\\\/sobre\\\/\",\"name\":\"Encontra Cama\\u00e7ari\",\"description\":\"Not\\u00edcias, eventos, informa\\u00e7\\u00f5es e dicas na cidade de Cama\\u00e7ari e regi\\u00e3o.\",\"inLanguage\":\"pt-BR\",\"publisher\":{\"@id\":\"https:\\\/\\\/www.encontracamacari.com.br\\\/sobre\\\/#organization\"}}]}\n\t\t<\/script>\n\t\t<!-- All in One SEO -->\n\n","aioseo_head_json":{"title":"Jo\u00e3o Gomes d\u00e1 entrada na primeira CNH em Cama\u00e7ari - Encontra Cama\u00e7ari","description":"Jo\u00e3o Gomes inicia a jornada pela primeira CNH em Cama\u00e7ari. Confira!","canonical_url":"https:\/\/www.encontracamacari.com.br\/sobre\/joao-gomes-da-entrada-na-primeira-cnh-em-camacari\/","robots":"max-image-preview:large","keywords":"","webmasterTools":{"miscellaneous":""},"schema":{"@context":"https:\/\/schema.org","@graph":[{"@type":"BlogPosting","@id":"https:\/\/www.encontracamacari.com.br\/sobre\/joao-gomes-da-entrada-na-primeira-cnh-em-camacari\/#blogposting","name":"Jo\u00e3o Gomes d\u00e1 entrada na primeira CNH em Cama\u00e7ari - Encontra Cama\u00e7ari","headline":"Jo\u00e3o Gomes d\u00e1 entrada na primeira CNH em Cama\u00e7ari","author":{"@id":"https:\/\/www.encontracamacari.com.br\/sobre\/author\/ecamacari\/#author"},"publisher":{"@id":"https:\/\/www.encontracamacari.com.br\/sobre\/#organization"},"image":{"@type":"ImageObject","url":"https:\/\/www.encontracamacari.com.br\/sobre\/wp-content\/uploads\/2026\/02\/joao-gomes-da-entrada-na-primeira-cnh-em-camacari.webp","width":280,"height":280,"caption":"Jo\u00e3o Gomes primeira CNH"},"datePublished":"2026-02-22T06:05:47+00:00","dateModified":"2026-02-22T06:05:47+00:00","inLanguage":"pt-BR","mainEntityOfPage":{"@id":"https:\/\/www.encontracamacari.com.br\/sobre\/joao-gomes-da-entrada-na-primeira-cnh-em-camacari\/#webpage"},"isPartOf":{"@id":"https:\/\/www.encontracamacari.com.br\/sobre\/joao-gomes-da-entrada-na-primeira-cnh-em-camacari\/#webpage"},"articleSection":"Not\u00edcias Cama\u00e7ari"},{"@type":"BreadcrumbList","@id":"https:\/\/www.encontracamacari.com.br\/sobre\/joao-gomes-da-entrada-na-primeira-cnh-em-camacari\/#breadcrumblist","itemListElement":[{"@type":"ListItem","@id":"https:\/\/www.encontracamacari.com.br\/sobre#listItem","position":1,"name":"Home","item":"https:\/\/www.encontracamacari.com.br\/sobre","nextItem":{"@type":"ListItem","@id":"https:\/\/www.encontracamacari.com.br\/sobre\/noticias-em-camacari\/#listItem","name":"Not\u00edcias Cama\u00e7ari"}},{"@type":"ListItem","@id":"https:\/\/www.encontracamacari.com.br\/sobre\/noticias-em-camacari\/#listItem","position":2,"name":"Not\u00edcias Cama\u00e7ari","item":"https:\/\/www.encontracamacari.com.br\/sobre\/noticias-em-camacari\/","nextItem":{"@type":"ListItem","@id":"https:\/\/www.encontracamacari.com.br\/sobre\/joao-gomes-da-entrada-na-primeira-cnh-em-camacari\/#listItem","name":"Jo\u00e3o Gomes d\u00e1 entrada na primeira CNH em Cama\u00e7ari"},"previousItem":{"@type":"ListItem","@id":"https:\/\/www.encontracamacari.com.br\/sobre#listItem","name":"Home"}},{"@type":"ListItem","@id":"https:\/\/www.encontracamacari.com.br\/sobre\/joao-gomes-da-entrada-na-primeira-cnh-em-camacari\/#listItem","position":3,"name":"Jo\u00e3o Gomes d\u00e1 entrada na primeira CNH em Cama\u00e7ari","previousItem":{"@type":"ListItem","@id":"https:\/\/www.encontracamacari.com.br\/sobre\/noticias-em-camacari\/#listItem","name":"Not\u00edcias Cama\u00e7ari"}}]},{"@type":"Organization","@id":"https:\/\/www.encontracamacari.com.br\/sobre\/#organization","name":"Encontra Cama\u00e7ari","description":"Not\u00edcias, eventos, informa\u00e7\u00f5es e dicas na cidade de Cama\u00e7ari e regi\u00e3o.","url":"https:\/\/www.encontracamacari.com.br\/sobre\/"},{"@type":"Person","@id":"https:\/\/www.encontracamacari.com.br\/sobre\/author\/ecamacari\/#author","url":"https:\/\/www.encontracamacari.com.br\/sobre\/author\/ecamacari\/","name":"Encontra Cama\u00e7ari","image":{"@type":"ImageObject","@id":"https:\/\/www.encontracamacari.com.br\/sobre\/joao-gomes-da-entrada-na-primeira-cnh-em-camacari\/#authorImage","url":"https:\/\/secure.gravatar.com\/avatar\/507340682b8270222e1f208e23198b6ae7e2c6a1033ae84e99bc6bce4f82a387?s=96&d=mm&r=g","width":96,"height":96,"caption":"Encontra Cama\u00e7ari"}},{"@type":"WebPage","@id":"https:\/\/www.encontracamacari.com.br\/sobre\/joao-gomes-da-entrada-na-primeira-cnh-em-camacari\/#webpage","url":"https:\/\/www.encontracamacari.com.br\/sobre\/joao-gomes-da-entrada-na-primeira-cnh-em-camacari\/","name":"Jo\u00e3o Gomes d\u00e1 entrada na primeira CNH em Cama\u00e7ari - Encontra Cama\u00e7ari","description":"Jo\u00e3o Gomes inicia a jornada pela primeira CNH em Cama\u00e7ari. Confira!","inLanguage":"pt-BR","isPartOf":{"@id":"https:\/\/www.encontracamacari.com.br\/sobre\/#website"},"breadcrumb":{"@id":"https:\/\/www.encontracamacari.com.br\/sobre\/joao-gomes-da-entrada-na-primeira-cnh-em-camacari\/#breadcrumblist"},"author":{"@id":"https:\/\/www.encontracamacari.com.br\/sobre\/author\/ecamacari\/#author"},"creator":{"@id":"https:\/\/www.encontracamacari.com.br\/sobre\/author\/ecamacari\/#author"},"image":{"@type":"ImageObject","url":"https:\/\/www.encontracamacari.com.br\/sobre\/wp-content\/uploads\/2026\/02\/joao-gomes-da-entrada-na-primeira-cnh-em-camacari.webp","@id":"https:\/\/www.encontracamacari.com.br\/sobre\/joao-gomes-da-entrada-na-primeira-cnh-em-camacari\/#mainImage","width":280,"height":280,"caption":"Jo\u00e3o Gomes primeira CNH"},"primaryImageOfPage":{"@id":"https:\/\/www.encontracamacari.com.br\/sobre\/joao-gomes-da-entrada-na-primeira-cnh-em-camacari\/#mainImage"},"datePublished":"2026-02-22T06:05:47+00:00","dateModified":"2026-02-22T06:05:47+00:00"},{"@type":"WebSite","@id":"https:\/\/www.encontracamacari.com.br\/sobre\/#website","url":"https:\/\/www.encontracamacari.com.br\/sobre\/","name":"Encontra Cama\u00e7ari","description":"Not\u00edcias, eventos, informa\u00e7\u00f5es e dicas na cidade de Cama\u00e7ari e regi\u00e3o.","inLanguage":"pt-BR","publisher":{"@id":"https:\/\/www.encontracamacari.com.br\/sobre\/#organization"}}]},"og:locale":"pt_BR","og:site_name":"Encontra Cama\u00e7ari - Not\u00edcias, eventos, informa\u00e7\u00f5es e dicas na cidade de Cama\u00e7ari e regi\u00e3o.","og:type":"article","og:title":"Jo\u00e3o Gomes d\u00e1 entrada na primeira CNH em Cama\u00e7ari - Encontra Cama\u00e7ari","og:description":"Jo\u00e3o Gomes inicia a jornada pela primeira CNH em Cama\u00e7ari. Confira!","og:url":"https:\/\/www.encontracamacari.com.br\/sobre\/joao-gomes-da-entrada-na-primeira-cnh-em-camacari\/","article:published_time":"2026-02-22T06:05:47+00:00","article:modified_time":"2026-02-22T06:05:47+00:00","twitter:card":"summary_large_image","twitter:title":"Jo\u00e3o Gomes d\u00e1 entrada na primeira CNH em Cama\u00e7ari - Encontra Cama\u00e7ari","twitter:description":"Jo\u00e3o Gomes inicia a jornada pela primeira CNH em Cama\u00e7ari. Confira!"},"aioseo_meta_data":{"post_id":"712","title":null,"description":null,"keywords":null,"keyphrases":null,"primary_term":null,"canonical_url":null,"og_title":null,"og_description":null,"og_object_type":"default","og_image_type":"default","og_image_url":null,"og_image_width":null,"og_image_height":null,"og_image_custom_url":null,"og_image_custom_fields":null,"og_video":null,"og_custom_url":null,"og_article_section":null,"og_article_tags":null,"twitter_use_og":false,"twitter_card":"default","twitter_image_type":"default","twitter_image_url":null,"twitter_image_custom_url":null,"twitter_image_custom_fields":null,"twitter_title":null,"twitter_description":null,"schema":{"blockGraphs":[],"customGraphs":[],"default":{"data":{"Article":[],"Course":[],"Dataset":[],"FAQPage":[],"Movie":[],"Person":[],"Product":[],"ProductReview":[],"Car":[],"Recipe":[],"Service":[],"SoftwareApplication":[],"WebPage":[]},"graphName":"BlogPosting","isEnabled":true},"graphs":[]},"schema_type":"default","schema_type_options":null,"pillar_content":false,"robots_default":true,"robots_noindex":false,"robots_noarchive":false,"robots_nosnippet":false,"robots_nofollow":false,"robots_noimageindex":false,"robots_noodp":false,"robots_notranslate":false,"robots_max_snippet":null,"robots_max_videopreview":null,"robots_max_imagepreview":"large","priority":null,"frequency":null,"local_seo":null,"limit_modified_date":false,"created":"2026-02-22 06:05:52","updated":"2026-08-06 01:13:03","focus_keyword":null,"additional_keywords":null,"truseo_locale":null,"ai":null,"breadcrumb_settings":null,"seo_analyzer_scan_date":null},"aioseo_breadcrumb":"<div class=\"aioseo-breadcrumbs\"><span class=\"aioseo-breadcrumb\">\n\t\t\t<a href=\"https:\/\/www.encontracamacari.com.br\/sobre\" title=\"Home\">Home<\/a>\n\t\t<\/span><span class=\"aioseo-breadcrumb-separator\">&raquo;<\/span><span class=\"aioseo-breadcrumb\">\n\t\t\t<a href=\"https:\/\/www.encontracamacari.com.br\/sobre\/noticias-em-camacari\/\" title=\"Not\u00edcias Cama\u00e7ari\">Not\u00edcias Cama\u00e7ari<\/a>\n\t\t<\/span><span class=\"aioseo-breadcrumb-separator\">&raquo;<\/span><span class=\"aioseo-breadcrumb\">\n\t\t\tJo\u00e3o Gomes d\u00e1 entrada na primeira CNH em Cama\u00e7ari\n\t\t<\/span><\/div>","aioseo_breadcrumb_json":[{"label":"Home","link":"https:\/\/www.encontracamacari.com.br\/sobre"},{"label":"Not\u00edcias Cama\u00e7ari","link":"https:\/\/www.encontracamacari.com.br\/sobre\/noticias-em-camacari\/"},{"label":"Jo\u00e3o Gomes d\u00e1 entrada na primeira CNH em Cama\u00e7ari","link":"https:\/\/www.encontracamacari.com.br\/sobre\/joao-gomes-da-entrada-na-primeira-cnh-em-camacari\/"}],"_links":{"self":[{"href":"https:\/\/www.encontracamacari.com.br\/sobre\/wp-json\/wp\/v2\/posts\/712","targetHints":{"allow":["GET"]}}],"collection":[{"href":"https:\/\/www.encontracamacari.com.br\/sobre\/wp-json\/wp\/v2\/posts"}],"about":[{"href":"https:\/\/www.encontracamacari.com.br\/sobre\/wp-json\/wp\/v2\/types\/post"}],"author":[{"embeddable":true,"href":"https:\/\/www.encontracamacari.com.br\/sobre\/wp-json\/wp\/v2\/users\/1"}],"replies":[{"embeddable":true,"href":"https:\/\/www.encontracamacari.com.br\/sobre\/wp-json\/wp\/v2\/comments?post=712"}],"version-history":[{"count":0,"href":"https:\/\/www.encontracamacari.com.br\/sobre\/wp-json\/wp\/v2\/posts\/712\/revisions"}],"wp:featuredmedia":[{"embeddable":true,"href":"https:\/\/www.encontracamacari.com.br\/sobre\/wp-json\/wp\/v2\/media\/711"}],"wp:attachment":[{"href":"https:\/\/www.encontracamacari.com.br\/sobre\/wp-json\/wp\/v2\/media?parent=712"}],"wp:term":[{"taxonomy":"category","embeddable":true,"href":"https:\/\/www.encontracamacari.com.br\/sobre\/wp-json\/wp\/v2\/categories?post=712"},{"taxonomy":"post_tag","embeddable":true,"href":"https:\/\/www.encontracamacari.com.br\/sobre\/wp-json\/wp\/v2\/tags?post=712"}],"curies":[{"name":"wp","href":"https:\/\/api.w.org\/{rel}","templated":true}]}}