{"id":696,"date":"2026-02-16T06:28:54","date_gmt":"2026-02-16T06:28:54","guid":{"rendered":"https:\/\/www.encontracamacari.com.br\/sobre\/fabrica-da-byd-pressiona-galpoes-na-bahia\/"},"modified":"2026-02-16T06:28:54","modified_gmt":"2026-02-16T06:28:54","slug":"fabrica-da-byd-pressiona-galpoes-na-bahia","status":"publish","type":"post","link":"https:\/\/www.encontracamacari.com.br\/sobre\/fabrica-da-byd-pressiona-galpoes-na-bahia\/","title":{"rendered":"F\u00e1brica da BYD pressiona galp\u00f5es na Bahia"},"content":{"rendered":"<div class=\"2410bb7248a64bb1f71103797e0f239b\" data-index=\"1\" style=\"float: none; margin:0px;\">\n<ins class=\"adsbygoogle\"\r\n     style=\"display:block\"\r\n     data-ad-client=\"ca-pub-8585364105181520\"\r\n     data-ad-slot=\"8789329856\"\r\n     data-ad-format=\"auto\"\r\n     data-full-width-responsive=\"true\"><\/ins>\r\n<script>\r\n     (adsbygoogle = window.adsbygoogle || []).push({});\r\n<\/script>\n<\/div>\n<h2>Impacto da F\u00e1brica da BYD na Bahia<\/h2>\n<p>A instala\u00e7\u00e3o da unidade fabril da BYD em Cama\u00e7ari, na Bahia, representa um marco significativo para a regi\u00e3o. A presen\u00e7a dessa montadora chinesa n\u00e3o apenas aumenta as opera\u00e7\u00f5es locais, mas tamb\u00e9m gera transforma\u00e7\u00f5es importantes na din\u00e2mica econ\u00f4mica da \u00e1rea. Com um foco em produ\u00e7\u00e3o de ve\u00edculos el\u00e9tricos, a BYD ajuda a impulsionar o desenvolvimento sustent\u00e1vel, criando novas oportunidades de emprego e fomentando a inova\u00e7\u00e3o.<\/p>\n<h2>Cen\u00e1rio Atual da Log\u00edstica em Cama\u00e7ari<\/h2>\n<p>O cen\u00e1rio log\u00edstico em Cama\u00e7ari, regi\u00e3o que abriga a nova f\u00e1brica, est\u00e1 em constante mudan\u00e7a. A chegada da BYD exacerbou a demanda por infraestrutura j\u00e1 existente, tornando a situa\u00e7\u00e3o desafiadora. A consultoria Binswanger relata uma dr\u00e1stica diminui\u00e7\u00e3o na disponibilidade de galp\u00f5es de alto padr\u00e3o, que caiu de 11,6% para apenas 2,2% desde o final de 2024.<\/p>\n<h2>Demanda por Galp\u00f5es Quadruplica<\/h2>\n<p>A necessidade de novos espa\u00e7os para armazenagem e opera\u00e7\u00f5es log\u00edsticas aumentou quatro vezes, indicando uma press\u00e3o significativa sobre o mercado imobili\u00e1rio local. Simone Santos, s\u00f3cia-diretora da Binswanger, comenta que essa demanda est\u00e1 diretamente ligada ao objetivo da BYD de utilizar 50% de conte\u00fado local nos ve\u00edculos fabricados, o que impulsiona ainda mais a busca por terrenos e galp\u00f5es.<\/p>\n<p><img decoding=\"async\" src=\"https:\/\/www.encontracamacari.com.br\/sobre\/wp-content\/uploads\/2026\/02\/fabrica-da-byd-pressiona-galpoes-na-bahia.webp\" alt=\"f\u00e1brica da BYD na Bahia\" loading=\"lazy\" \/><\/p>\n<h2>Conte\u00fado Local: Como Isso Afeta a Produ\u00e7\u00e3o?<\/h2>\n<p>A meta da BYD de incluir 50% de componentes locais em seus produtos n\u00e3o \u00e9 apenas uma estrat\u00e9gia comercial, mas tamb\u00e9m uma forma de integrar-se \u00e0 economia local. Este compromisso incentiva fornecedores locais a se prepararem para cumprir as exig\u00eancias da montadora, o que poder\u00e1 resultar em um ciclo positivo de desenvolvimento econ\u00f4mico regional.<\/p>\n<h2>Perspectivas para o Mercado Imobili\u00e1rio<\/h2>\n<p>As exig\u00eancias da BYD est\u00e3o alterando a din\u00e2mica do mercado imobili\u00e1rio em Cama\u00e7ari. Com a demanda crescente por espa\u00e7os log\u00edsticos e industriais, h\u00e1 indica\u00e7\u00f5es de que os pre\u00e7os dos terrenos podem subir. Essa situa\u00e7\u00e3o leva investidores a explorarem oportunidades de desenvolvimento, ampliando as op\u00e7\u00f5es dispon\u00edveis para atender \u00e0 nova realidade econ\u00f4mica da regi\u00e3o.<\/p><div class=\"2410bb7248a64bb1f71103797e0f239b\" data-index=\"2\" style=\"float: none; margin:0px;\">\n<ins class=\"adsbygoogle\"\r\n     style=\"display:block; text-align:center;\"\r\n     data-ad-layout=\"in-article\"\r\n     data-ad-format=\"fluid\"\r\n     data-ad-client=\"ca-pub-8585364105181520\"\r\n     data-ad-slot=\"2899217073\"><\/ins>\r\n<script>\r\n     (adsbygoogle = window.adsbygoogle || []).push({});\r\n<\/script>\r\n\r\n<\/br><\/br>\n<\/div>\n\n<h2>A Import\u00e2ncia da Infraestrutura Log\u00edstica<\/h2>\n<p>A infraestrutura log\u00edstica se torna um fator cr\u00edtico em um cen\u00e1rio onde a produ\u00e7\u00e3o industrial se expande. Ter acesso a estradas adequadas, portos e instala\u00e7\u00f5es de transporte \u00e9 vital para o sucesso da opera\u00e7\u00e3o da BYD e de seus parceiros. Um fluxo log\u00edstico eficiente n\u00e3o s\u00f3 melhora a produtividade como tamb\u00e9m reduz os custos operacionais.<\/p>\n<h2>Mudan\u00e7as no Paisagismo Empresarial<\/h2>\n<p>As mudan\u00e7as trazidas pela instala\u00e7\u00e3o da f\u00e1brica da BYD tamb\u00e9m estimulam um novo paisagismo empresarial em Cama\u00e7ari. Com o crescimento do setor automotivo e a necessidade de servi\u00e7os complementares, novas empresas est\u00e3o se estabelecendo na \u00e1rea, proporcionando um ecossistema que pode ajudar a sustentar o crescimento da montadora e de seus fornecedores.<\/p>\n<h2>Aumento da Competitividade<\/h2>\n<p>O aumento da competitividade na ind\u00fastria local \u00e9 um benef\u00edcio direto da instala\u00e7\u00e3o da BYD na Bahia. Com mais empresas buscando se estabelecer na regi\u00e3o devido \u00e0 demanda crescente, a concorr\u00eancia deve estimular a inova\u00e7\u00e3o e melhorias na efici\u00eancia. Isso pode resultar em produtos de maior qualidade e uma melhor experi\u00eancia para os consumidores.<\/p>\n<h2>Estudos Sobre o Desenvolvimento Sustent\u00e1vel<\/h2>\n<p>Com a BYD liderando a iniciativa de ve\u00edculos el\u00e9tricos na Bahia, a discuss\u00e3o sobre desenvolvimento sustent\u00e1vel se intensifica. Estudos sobre a efici\u00eancia energ\u00e9tica e a redu\u00e7\u00e3o da emiss\u00e3o de carbono s\u00e3o promovidos, e mais discuss\u00f5es sobre pr\u00e1ticas ambientais corretas s\u00e3o essenciais para garantir que o crescimento industrial seja sustent\u00e1vel a longo prazo.<\/p>\n<h2>Futuro da Ind\u00fastria na Bahia<\/h2>\n<p>O futuro da ind\u00fastria na Bahia parece promissor, especialmente com a preocupa\u00e7\u00e3o com a sustentabilidade e a moderniza\u00e7\u00e3o das opera\u00e7\u00f5es. A chegada da BYD e seu compromisso com a produ\u00e7\u00e3o local podem servir como um modelo para outras ind\u00fastrias se estabelecerem na regi\u00e3o, contribuindo para um futuro onde a Bahia se torna um centro regional de inova\u00e7\u00e3o e produ\u00e7\u00e3o sustent\u00e1vel.<\/p>\n<div class=\"2410bb7248a64bb1f71103797e0f239b\" data-index=\"3\" style=\"float: none; margin:0px;\">\n<\/br><\/br>\r\n\r\n<ins class=\"adsbygoogle\"\r\n     style=\"display:block\"\r\n     data-ad-format=\"fluid\"\r\n     data-ad-layout-key=\"-63+do+n-1s+9e\"\r\n     data-ad-client=\"ca-pub-8585364105181520\"\r\n     data-ad-slot=\"6838462089\"><\/ins>\r\n<script>\r\n     (adsbygoogle = window.adsbygoogle || []).push({});\r\n<\/script>\n<\/div>\n\n<div style=\"font-size: 0px; height: 0px; line-height: 0px; margin: 0; padding: 0; clear: both;\"><\/div>","protected":false},"excerpt":{"rendered":"<p>F\u00e1brica da BYD na Bahia est\u00e1 mudando a log\u00edstica da regi\u00e3o drasticamente.<\/p>\n","protected":false},"author":1,"featured_media":695,"comment_status":"open","ping_status":"closed","sticky":false,"template":"","format":"standard","meta":{"footnotes":""},"categories":[1],"tags":[],"class_list":["post-696","post","type-post","status-publish","format-standard","has-post-thumbnail","hentry","category-noticias-em-camacari","has_thumb"],"aioseo_notices":[],"aioseo_head":"\n\t\t<!-- All in One SEO 5.0.0.1 - aioseo.com -->\n\t<meta name=\"description\" content=\"F\u00e1brica da BYD na Bahia est\u00e1 mudando a log\u00edstica da regi\u00e3o drasticamente.\" \/>\n\t<meta name=\"robots\" content=\"max-image-preview:large\" \/>\n\t<meta name=\"author\" content=\"Encontra Cama\u00e7ari\"\/>\n\t<link rel=\"canonical\" href=\"https:\/\/www.encontracamacari.com.br\/sobre\/fabrica-da-byd-pressiona-galpoes-na-bahia\/\" \/>\n\t<meta name=\"generator\" content=\"All in One SEO (AIOSEO) 5.0.0.1\" \/>\n\t\t<meta property=\"og:locale\" content=\"pt_BR\" \/>\n\t\t<meta property=\"og:site_name\" content=\"Encontra Cama\u00e7ari - Not\u00edcias, eventos, informa\u00e7\u00f5es e dicas na cidade de Cama\u00e7ari e regi\u00e3o.\" \/>\n\t\t<meta property=\"og:type\" content=\"article\" \/>\n\t\t<meta property=\"og:title\" content=\"F\u00e1brica da BYD pressiona galp\u00f5es na Bahia - Encontra Cama\u00e7ari\" \/>\n\t\t<meta property=\"og:description\" content=\"F\u00e1brica da BYD na Bahia est\u00e1 mudando a log\u00edstica da regi\u00e3o drasticamente.\" \/>\n\t\t<meta property=\"og:url\" content=\"https:\/\/www.encontracamacari.com.br\/sobre\/fabrica-da-byd-pressiona-galpoes-na-bahia\/\" \/>\n\t\t<meta property=\"article:published_time\" content=\"2026-02-16T06:28:54+00:00\" \/>\n\t\t<meta property=\"article:modified_time\" content=\"2026-02-16T06:28:54+00:00\" \/>\n\t\t<meta name=\"twitter:card\" content=\"summary_large_image\" \/>\n\t\t<meta name=\"twitter:title\" content=\"F\u00e1brica da BYD pressiona galp\u00f5es na Bahia - Encontra Cama\u00e7ari\" \/>\n\t\t<meta name=\"twitter:description\" content=\"F\u00e1brica da BYD na Bahia est\u00e1 mudando a log\u00edstica da regi\u00e3o drasticamente.\" \/>\n\t\t<script type=\"application\/ld+json\" class=\"aioseo-schema\">\n\t\t\t{\"@context\":\"https:\\\/\\\/schema.org\",\"@graph\":[{\"@type\":\"BlogPosting\",\"@id\":\"https:\\\/\\\/www.encontracamacari.com.br\\\/sobre\\\/fabrica-da-byd-pressiona-galpoes-na-bahia\\\/#blogposting\",\"name\":\"F\\u00e1brica da BYD pressiona galp\\u00f5es na Bahia - Encontra Cama\\u00e7ari\",\"headline\":\"F\\u00e1brica da BYD pressiona galp\\u00f5es na Bahia\",\"author\":{\"@id\":\"https:\\\/\\\/www.encontracamacari.com.br\\\/sobre\\\/author\\\/ecamacari\\\/#author\"},\"publisher\":{\"@id\":\"https:\\\/\\\/www.encontracamacari.com.br\\\/sobre\\\/#organization\"},\"image\":{\"@type\":\"ImageObject\",\"url\":\"https:\\\/\\\/www.encontracamacari.com.br\\\/sobre\\\/wp-content\\\/uploads\\\/2026\\\/02\\\/fabrica-da-byd-pressiona-galpoes-na-bahia.webp\",\"width\":280,\"height\":280,\"caption\":\"f\\u00e1brica da BYD na Bahia\"},\"datePublished\":\"2026-02-16T06:28:54+00:00\",\"dateModified\":\"2026-02-16T06:28:54+00:00\",\"inLanguage\":\"pt-BR\",\"mainEntityOfPage\":{\"@id\":\"https:\\\/\\\/www.encontracamacari.com.br\\\/sobre\\\/fabrica-da-byd-pressiona-galpoes-na-bahia\\\/#webpage\"},\"isPartOf\":{\"@id\":\"https:\\\/\\\/www.encontracamacari.com.br\\\/sobre\\\/fabrica-da-byd-pressiona-galpoes-na-bahia\\\/#webpage\"},\"articleSection\":\"Not\\u00edcias Cama\\u00e7ari\"},{\"@type\":\"BreadcrumbList\",\"@id\":\"https:\\\/\\\/www.encontracamacari.com.br\\\/sobre\\\/fabrica-da-byd-pressiona-galpoes-na-bahia\\\/#breadcrumblist\",\"itemListElement\":[{\"@type\":\"ListItem\",\"@id\":\"https:\\\/\\\/www.encontracamacari.com.br\\\/sobre#listItem\",\"position\":1,\"name\":\"Home\",\"item\":\"https:\\\/\\\/www.encontracamacari.com.br\\\/sobre\",\"nextItem\":{\"@type\":\"ListItem\",\"@id\":\"https:\\\/\\\/www.encontracamacari.com.br\\\/sobre\\\/noticias-em-camacari\\\/#listItem\",\"name\":\"Not\\u00edcias Cama\\u00e7ari\"}},{\"@type\":\"ListItem\",\"@id\":\"https:\\\/\\\/www.encontracamacari.com.br\\\/sobre\\\/noticias-em-camacari\\\/#listItem\",\"position\":2,\"name\":\"Not\\u00edcias Cama\\u00e7ari\",\"item\":\"https:\\\/\\\/www.encontracamacari.com.br\\\/sobre\\\/noticias-em-camacari\\\/\",\"nextItem\":{\"@type\":\"ListItem\",\"@id\":\"https:\\\/\\\/www.encontracamacari.com.br\\\/sobre\\\/fabrica-da-byd-pressiona-galpoes-na-bahia\\\/#listItem\",\"name\":\"F\\u00e1brica da BYD pressiona galp\\u00f5es na Bahia\"},\"previousItem\":{\"@type\":\"ListItem\",\"@id\":\"https:\\\/\\\/www.encontracamacari.com.br\\\/sobre#listItem\",\"name\":\"Home\"}},{\"@type\":\"ListItem\",\"@id\":\"https:\\\/\\\/www.encontracamacari.com.br\\\/sobre\\\/fabrica-da-byd-pressiona-galpoes-na-bahia\\\/#listItem\",\"position\":3,\"name\":\"F\\u00e1brica da BYD pressiona galp\\u00f5es na Bahia\",\"previousItem\":{\"@type\":\"ListItem\",\"@id\":\"https:\\\/\\\/www.encontracamacari.com.br\\\/sobre\\\/noticias-em-camacari\\\/#listItem\",\"name\":\"Not\\u00edcias Cama\\u00e7ari\"}}]},{\"@type\":\"Organization\",\"@id\":\"https:\\\/\\\/www.encontracamacari.com.br\\\/sobre\\\/#organization\",\"name\":\"Encontra Cama\\u00e7ari\",\"description\":\"Not\\u00edcias, eventos, informa\\u00e7\\u00f5es e dicas na cidade de Cama\\u00e7ari e regi\\u00e3o.\",\"url\":\"https:\\\/\\\/www.encontracamacari.com.br\\\/sobre\\\/\"},{\"@type\":\"Person\",\"@id\":\"https:\\\/\\\/www.encontracamacari.com.br\\\/sobre\\\/author\\\/ecamacari\\\/#author\",\"url\":\"https:\\\/\\\/www.encontracamacari.com.br\\\/sobre\\\/author\\\/ecamacari\\\/\",\"name\":\"Encontra Cama\\u00e7ari\",\"image\":{\"@type\":\"ImageObject\",\"@id\":\"https:\\\/\\\/www.encontracamacari.com.br\\\/sobre\\\/fabrica-da-byd-pressiona-galpoes-na-bahia\\\/#authorImage\",\"url\":\"https:\\\/\\\/secure.gravatar.com\\\/avatar\\\/507340682b8270222e1f208e23198b6ae7e2c6a1033ae84e99bc6bce4f82a387?s=96&d=mm&r=g\",\"width\":96,\"height\":96,\"caption\":\"Encontra Cama\\u00e7ari\"}},{\"@type\":\"WebPage\",\"@id\":\"https:\\\/\\\/www.encontracamacari.com.br\\\/sobre\\\/fabrica-da-byd-pressiona-galpoes-na-bahia\\\/#webpage\",\"url\":\"https:\\\/\\\/www.encontracamacari.com.br\\\/sobre\\\/fabrica-da-byd-pressiona-galpoes-na-bahia\\\/\",\"name\":\"F\\u00e1brica da BYD pressiona galp\\u00f5es na Bahia - Encontra Cama\\u00e7ari\",\"description\":\"F\\u00e1brica da BYD na Bahia est\\u00e1 mudando a log\\u00edstica da regi\\u00e3o drasticamente.\",\"inLanguage\":\"pt-BR\",\"isPartOf\":{\"@id\":\"https:\\\/\\\/www.encontracamacari.com.br\\\/sobre\\\/#website\"},\"breadcrumb\":{\"@id\":\"https:\\\/\\\/www.encontracamacari.com.br\\\/sobre\\\/fabrica-da-byd-pressiona-galpoes-na-bahia\\\/#breadcrumblist\"},\"author\":{\"@id\":\"https:\\\/\\\/www.encontracamacari.com.br\\\/sobre\\\/author\\\/ecamacari\\\/#author\"},\"creator\":{\"@id\":\"https:\\\/\\\/www.encontracamacari.com.br\\\/sobre\\\/author\\\/ecamacari\\\/#author\"},\"image\":{\"@type\":\"ImageObject\",\"url\":\"https:\\\/\\\/www.encontracamacari.com.br\\\/sobre\\\/wp-content\\\/uploads\\\/2026\\\/02\\\/fabrica-da-byd-pressiona-galpoes-na-bahia.webp\",\"@id\":\"https:\\\/\\\/www.encontracamacari.com.br\\\/sobre\\\/fabrica-da-byd-pressiona-galpoes-na-bahia\\\/#mainImage\",\"width\":280,\"height\":280,\"caption\":\"f\\u00e1brica da BYD na Bahia\"},\"primaryImageOfPage\":{\"@id\":\"https:\\\/\\\/www.encontracamacari.com.br\\\/sobre\\\/fabrica-da-byd-pressiona-galpoes-na-bahia\\\/#mainImage\"},\"datePublished\":\"2026-02-16T06:28:54+00:00\",\"dateModified\":\"2026-02-16T06:28:54+00:00\"},{\"@type\":\"WebSite\",\"@id\":\"https:\\\/\\\/www.encontracamacari.com.br\\\/sobre\\\/#website\",\"url\":\"https:\\\/\\\/www.encontracamacari.com.br\\\/sobre\\\/\",\"name\":\"Encontra Cama\\u00e7ari\",\"description\":\"Not\\u00edcias, eventos, informa\\u00e7\\u00f5es e dicas na cidade de Cama\\u00e7ari e regi\\u00e3o.\",\"inLanguage\":\"pt-BR\",\"publisher\":{\"@id\":\"https:\\\/\\\/www.encontracamacari.com.br\\\/sobre\\\/#organization\"}}]}\n\t\t<\/script>\n\t\t<!-- All in One SEO -->\n\n","aioseo_head_json":{"title":"F\u00e1brica da BYD pressiona galp\u00f5es na Bahia - Encontra Cama\u00e7ari","description":"F\u00e1brica da BYD na Bahia est\u00e1 mudando a log\u00edstica da regi\u00e3o drasticamente.","canonical_url":"https:\/\/www.encontracamacari.com.br\/sobre\/fabrica-da-byd-pressiona-galpoes-na-bahia\/","robots":"max-image-preview:large","keywords":"","webmasterTools":{"miscellaneous":""},"schema":{"@context":"https:\/\/schema.org","@graph":[{"@type":"BlogPosting","@id":"https:\/\/www.encontracamacari.com.br\/sobre\/fabrica-da-byd-pressiona-galpoes-na-bahia\/#blogposting","name":"F\u00e1brica da BYD pressiona galp\u00f5es na Bahia - Encontra Cama\u00e7ari","headline":"F\u00e1brica da BYD pressiona galp\u00f5es na Bahia","author":{"@id":"https:\/\/www.encontracamacari.com.br\/sobre\/author\/ecamacari\/#author"},"publisher":{"@id":"https:\/\/www.encontracamacari.com.br\/sobre\/#organization"},"image":{"@type":"ImageObject","url":"https:\/\/www.encontracamacari.com.br\/sobre\/wp-content\/uploads\/2026\/02\/fabrica-da-byd-pressiona-galpoes-na-bahia.webp","width":280,"height":280,"caption":"f\u00e1brica da BYD na Bahia"},"datePublished":"2026-02-16T06:28:54+00:00","dateModified":"2026-02-16T06:28:54+00:00","inLanguage":"pt-BR","mainEntityOfPage":{"@id":"https:\/\/www.encontracamacari.com.br\/sobre\/fabrica-da-byd-pressiona-galpoes-na-bahia\/#webpage"},"isPartOf":{"@id":"https:\/\/www.encontracamacari.com.br\/sobre\/fabrica-da-byd-pressiona-galpoes-na-bahia\/#webpage"},"articleSection":"Not\u00edcias Cama\u00e7ari"},{"@type":"BreadcrumbList","@id":"https:\/\/www.encontracamacari.com.br\/sobre\/fabrica-da-byd-pressiona-galpoes-na-bahia\/#breadcrumblist","itemListElement":[{"@type":"ListItem","@id":"https:\/\/www.encontracamacari.com.br\/sobre#listItem","position":1,"name":"Home","item":"https:\/\/www.encontracamacari.com.br\/sobre","nextItem":{"@type":"ListItem","@id":"https:\/\/www.encontracamacari.com.br\/sobre\/noticias-em-camacari\/#listItem","name":"Not\u00edcias Cama\u00e7ari"}},{"@type":"ListItem","@id":"https:\/\/www.encontracamacari.com.br\/sobre\/noticias-em-camacari\/#listItem","position":2,"name":"Not\u00edcias Cama\u00e7ari","item":"https:\/\/www.encontracamacari.com.br\/sobre\/noticias-em-camacari\/","nextItem":{"@type":"ListItem","@id":"https:\/\/www.encontracamacari.com.br\/sobre\/fabrica-da-byd-pressiona-galpoes-na-bahia\/#listItem","name":"F\u00e1brica da BYD pressiona galp\u00f5es na Bahia"},"previousItem":{"@type":"ListItem","@id":"https:\/\/www.encontracamacari.com.br\/sobre#listItem","name":"Home"}},{"@type":"ListItem","@id":"https:\/\/www.encontracamacari.com.br\/sobre\/fabrica-da-byd-pressiona-galpoes-na-bahia\/#listItem","position":3,"name":"F\u00e1brica da BYD pressiona galp\u00f5es na Bahia","previousItem":{"@type":"ListItem","@id":"https:\/\/www.encontracamacari.com.br\/sobre\/noticias-em-camacari\/#listItem","name":"Not\u00edcias Cama\u00e7ari"}}]},{"@type":"Organization","@id":"https:\/\/www.encontracamacari.com.br\/sobre\/#organization","name":"Encontra Cama\u00e7ari","description":"Not\u00edcias, eventos, informa\u00e7\u00f5es e dicas na cidade de Cama\u00e7ari e regi\u00e3o.","url":"https:\/\/www.encontracamacari.com.br\/sobre\/"},{"@type":"Person","@id":"https:\/\/www.encontracamacari.com.br\/sobre\/author\/ecamacari\/#author","url":"https:\/\/www.encontracamacari.com.br\/sobre\/author\/ecamacari\/","name":"Encontra Cama\u00e7ari","image":{"@type":"ImageObject","@id":"https:\/\/www.encontracamacari.com.br\/sobre\/fabrica-da-byd-pressiona-galpoes-na-bahia\/#authorImage","url":"https:\/\/secure.gravatar.com\/avatar\/507340682b8270222e1f208e23198b6ae7e2c6a1033ae84e99bc6bce4f82a387?s=96&d=mm&r=g","width":96,"height":96,"caption":"Encontra Cama\u00e7ari"}},{"@type":"WebPage","@id":"https:\/\/www.encontracamacari.com.br\/sobre\/fabrica-da-byd-pressiona-galpoes-na-bahia\/#webpage","url":"https:\/\/www.encontracamacari.com.br\/sobre\/fabrica-da-byd-pressiona-galpoes-na-bahia\/","name":"F\u00e1brica da BYD pressiona galp\u00f5es na Bahia - Encontra Cama\u00e7ari","description":"F\u00e1brica da BYD na Bahia est\u00e1 mudando a log\u00edstica da regi\u00e3o drasticamente.","inLanguage":"pt-BR","isPartOf":{"@id":"https:\/\/www.encontracamacari.com.br\/sobre\/#website"},"breadcrumb":{"@id":"https:\/\/www.encontracamacari.com.br\/sobre\/fabrica-da-byd-pressiona-galpoes-na-bahia\/#breadcrumblist"},"author":{"@id":"https:\/\/www.encontracamacari.com.br\/sobre\/author\/ecamacari\/#author"},"creator":{"@id":"https:\/\/www.encontracamacari.com.br\/sobre\/author\/ecamacari\/#author"},"image":{"@type":"ImageObject","url":"https:\/\/www.encontracamacari.com.br\/sobre\/wp-content\/uploads\/2026\/02\/fabrica-da-byd-pressiona-galpoes-na-bahia.webp","@id":"https:\/\/www.encontracamacari.com.br\/sobre\/fabrica-da-byd-pressiona-galpoes-na-bahia\/#mainImage","width":280,"height":280,"caption":"f\u00e1brica da BYD na Bahia"},"primaryImageOfPage":{"@id":"https:\/\/www.encontracamacari.com.br\/sobre\/fabrica-da-byd-pressiona-galpoes-na-bahia\/#mainImage"},"datePublished":"2026-02-16T06:28:54+00:00","dateModified":"2026-02-16T06:28:54+00:00"},{"@type":"WebSite","@id":"https:\/\/www.encontracamacari.com.br\/sobre\/#website","url":"https:\/\/www.encontracamacari.com.br\/sobre\/","name":"Encontra Cama\u00e7ari","description":"Not\u00edcias, eventos, informa\u00e7\u00f5es e dicas na cidade de Cama\u00e7ari e regi\u00e3o.","inLanguage":"pt-BR","publisher":{"@id":"https:\/\/www.encontracamacari.com.br\/sobre\/#organization"}}]},"og:locale":"pt_BR","og:site_name":"Encontra Cama\u00e7ari - Not\u00edcias, eventos, informa\u00e7\u00f5es e dicas na cidade de Cama\u00e7ari e regi\u00e3o.","og:type":"article","og:title":"F\u00e1brica da BYD pressiona galp\u00f5es na Bahia - Encontra Cama\u00e7ari","og:description":"F\u00e1brica da BYD na Bahia est\u00e1 mudando a log\u00edstica da regi\u00e3o drasticamente.","og:url":"https:\/\/www.encontracamacari.com.br\/sobre\/fabrica-da-byd-pressiona-galpoes-na-bahia\/","article:published_time":"2026-02-16T06:28:54+00:00","article:modified_time":"2026-02-16T06:28:54+00:00","twitter:card":"summary_large_image","twitter:title":"F\u00e1brica da BYD pressiona galp\u00f5es na Bahia - Encontra Cama\u00e7ari","twitter:description":"F\u00e1brica da BYD na Bahia est\u00e1 mudando a log\u00edstica da regi\u00e3o drasticamente."},"aioseo_meta_data":{"post_id":"696","title":null,"description":null,"keywords":null,"keyphrases":null,"primary_term":null,"canonical_url":null,"og_title":null,"og_description":null,"og_object_type":"default","og_image_type":"default","og_image_url":null,"og_image_width":null,"og_image_height":null,"og_image_custom_url":null,"og_image_custom_fields":null,"og_video":null,"og_custom_url":null,"og_article_section":null,"og_article_tags":null,"twitter_use_og":false,"twitter_card":"default","twitter_image_type":"default","twitter_image_url":null,"twitter_image_custom_url":null,"twitter_image_custom_fields":null,"twitter_title":null,"twitter_description":null,"schema":{"blockGraphs":[],"customGraphs":[],"default":{"data":{"Article":[],"Course":[],"Dataset":[],"FAQPage":[],"Movie":[],"Person":[],"Product":[],"ProductReview":[],"Car":[],"Recipe":[],"Service":[],"SoftwareApplication":[],"WebPage":[]},"graphName":"BlogPosting","isEnabled":true},"graphs":[]},"schema_type":"default","schema_type_options":null,"pillar_content":false,"robots_default":true,"robots_noindex":false,"robots_noarchive":false,"robots_nosnippet":false,"robots_nofollow":false,"robots_noimageindex":false,"robots_noodp":false,"robots_notranslate":false,"robots_max_snippet":null,"robots_max_videopreview":null,"robots_max_imagepreview":"large","priority":null,"frequency":null,"local_seo":null,"limit_modified_date":false,"created":"2026-02-16 06:28:59","updated":"2026-08-06 01:07:38","focus_keyword":null,"additional_keywords":null,"truseo_locale":null,"ai":null,"breadcrumb_settings":null,"seo_analyzer_scan_date":null},"aioseo_breadcrumb":"<div class=\"aioseo-breadcrumbs\"><span class=\"aioseo-breadcrumb\">\n\t\t\t<a href=\"https:\/\/www.encontracamacari.com.br\/sobre\" title=\"Home\">Home<\/a>\n\t\t<\/span><span class=\"aioseo-breadcrumb-separator\">&raquo;<\/span><span class=\"aioseo-breadcrumb\">\n\t\t\t<a href=\"https:\/\/www.encontracamacari.com.br\/sobre\/noticias-em-camacari\/\" title=\"Not\u00edcias Cama\u00e7ari\">Not\u00edcias Cama\u00e7ari<\/a>\n\t\t<\/span><span class=\"aioseo-breadcrumb-separator\">&raquo;<\/span><span class=\"aioseo-breadcrumb\">\n\t\t\tF\u00e1brica da BYD pressiona galp\u00f5es na Bahia\n\t\t<\/span><\/div>","aioseo_breadcrumb_json":[{"label":"Home","link":"https:\/\/www.encontracamacari.com.br\/sobre"},{"label":"Not\u00edcias Cama\u00e7ari","link":"https:\/\/www.encontracamacari.com.br\/sobre\/noticias-em-camacari\/"},{"label":"F\u00e1brica da BYD pressiona galp\u00f5es na Bahia","link":"https:\/\/www.encontracamacari.com.br\/sobre\/fabrica-da-byd-pressiona-galpoes-na-bahia\/"}],"_links":{"self":[{"href":"https:\/\/www.encontracamacari.com.br\/sobre\/wp-json\/wp\/v2\/posts\/696","targetHints":{"allow":["GET"]}}],"collection":[{"href":"https:\/\/www.encontracamacari.com.br\/sobre\/wp-json\/wp\/v2\/posts"}],"about":[{"href":"https:\/\/www.encontracamacari.com.br\/sobre\/wp-json\/wp\/v2\/types\/post"}],"author":[{"embeddable":true,"href":"https:\/\/www.encontracamacari.com.br\/sobre\/wp-json\/wp\/v2\/users\/1"}],"replies":[{"embeddable":true,"href":"https:\/\/www.encontracamacari.com.br\/sobre\/wp-json\/wp\/v2\/comments?post=696"}],"version-history":[{"count":0,"href":"https:\/\/www.encontracamacari.com.br\/sobre\/wp-json\/wp\/v2\/posts\/696\/revisions"}],"wp:featuredmedia":[{"embeddable":true,"href":"https:\/\/www.encontracamacari.com.br\/sobre\/wp-json\/wp\/v2\/media\/695"}],"wp:attachment":[{"href":"https:\/\/www.encontracamacari.com.br\/sobre\/wp-json\/wp\/v2\/media?parent=696"}],"wp:term":[{"taxonomy":"category","embeddable":true,"href":"https:\/\/www.encontracamacari.com.br\/sobre\/wp-json\/wp\/v2\/categories?post=696"},{"taxonomy":"post_tag","embeddable":true,"href":"https:\/\/www.encontracamacari.com.br\/sobre\/wp-json\/wp\/v2\/tags?post=696"}],"curies":[{"name":"wp","href":"https:\/\/api.w.org\/{rel}","templated":true}]}}