{"id":670,"date":"2026-02-07T06:15:06","date_gmt":"2026-02-07T06:15:06","guid":{"rendered":"https:\/\/www.encontracamacari.com.br\/sobre\/camacari-ganha-investimentos-do-novo-pac-saude-fortalecendo-servicos-da-atencao-primaria\/"},"modified":"2026-02-07T06:15:06","modified_gmt":"2026-02-07T06:15:06","slug":"camacari-ganha-investimentos-do-novo-pac-saude-fortalecendo-servicos-da-atencao-primaria","status":"publish","type":"post","link":"https:\/\/www.encontracamacari.com.br\/sobre\/camacari-ganha-investimentos-do-novo-pac-saude-fortalecendo-servicos-da-atencao-primaria\/","title":{"rendered":"Cama\u00e7ari ganha investimentos do Novo PAC Sa\u00fade fortalecendo servi\u00e7os da Aten\u00e7\u00e3o Prim\u00e1ria"},"content":{"rendered":"<div class=\"2410bb7248a64bb1f71103797e0f239b\" data-index=\"1\" style=\"float: none; margin:0px;\">\n<ins class=\"adsbygoogle\"\r\n     style=\"display:block\"\r\n     data-ad-client=\"ca-pub-8585364105181520\"\r\n     data-ad-slot=\"8789329856\"\r\n     data-ad-format=\"auto\"\r\n     data-full-width-responsive=\"true\"><\/ins>\r\n<script>\r\n     (adsbygoogle = window.adsbygoogle || []).push({});\r\n<\/script>\n<\/div>\n<h2>Impacto dos Investimentos na Sa\u00fade Municipal<\/h2>\n<p>A recente iniciativa do Novo PAC Sa\u00fade traz uma nova era para a sa\u00fade p\u00fablica em Cama\u00e7ari, destacando a colabora\u00e7\u00e3o entre os diferentes n\u00edveis de governo. Essa uni\u00e3o resulta n\u00e3o apenas na amplia\u00e7\u00e3o dos servi\u00e7os de sa\u00fade, mas tamb\u00e9m na melhoria da qualidade de vida dos cidad\u00e3os, promovendo um acesso mais amplo e eficaz aos cuidados m\u00e9dicos essenciais.<\/p>\n<h2>Unidades B\u00e1sicas de Sa\u00fade: O Que S\u00e3o?<\/h2>\n<p>As Unidades B\u00e1sicas de Sa\u00fade (UBS) s\u00e3o espa\u00e7os fundamentais para a promo\u00e7\u00e3o da sa\u00fade e preven\u00e7\u00e3o de doen\u00e7as. Elas atuam como a porta de entrada do Sistema \u00danico de Sa\u00fade (SUS), oferecendo servi\u00e7os como consultas m\u00e9dicas, vacinas e acompanhamento de doen\u00e7as cr\u00f4nicas. Com a inclus\u00e3o de novas UBS em Cama\u00e7ari, a cidade se aproxima de padr\u00f5es mais altos de atendimento, beneficiando diretamente a popula\u00e7\u00e3o local.<\/p>\n<h2>Equipamentos Modernos para Aten\u00e7\u00e3o Prim\u00e1ria<\/h2>\n<p>Para que a aten\u00e7\u00e3o b\u00e1sica funcione de maneira eficiente, \u00e9 crucial que as UBS estejam equipadas com tecnologia adequada. O novo pacote de investimentos inclui uma vasta gama de equipamentos, como:<\/p>\n<p><img decoding=\"async\" src=\"https:\/\/www.encontracamacari.com.br\/sobre\/wp-content\/uploads\/2026\/02\/camacari-ganha-investimentos-do-novo-pac-saude-fortalecendo-servicos-da-atencao-primaria.webp\" alt=\"investimentos do Novo PAC Sa\u00fade\" loading=\"lazy\" \/><\/p>\n<ul>\n<li>Retin\u00f3grafo port\u00e1til<\/li>\n<li>Dermatosc\u00f3pio digital<\/li>\n<li>Doppler vascular port\u00e1til<\/li>\n<li>Laser terap\u00eautico de baixa pot\u00eancia<\/li>\n<li>Ultrassom para fisioterapia<\/li>\n<li>Dinam\u00f4metro digital<\/li>\n<li>Desfibrilador externo autom\u00e1tico<\/li>\n<li>Balan\u00e7a port\u00e1til digital<\/li>\n<li>Eletrocaut\u00e9rio<\/li>\n<li>Espir\u00f4metro digital<\/li>\n<li>Otosc\u00f3pio digital<\/li>\n<li>Eletrocardi\u00f3grafo<\/li>\n<li>T\u00e1bua de propriocep\u00e7\u00e3o<\/li>\n<li>Cadeira de rodas<\/li>\n<li>Fot\u00f3foro cl\u00ednico<\/li>\n<li>C\u00e2mara fria exclusiva para vacinas<\/li>\n<\/ul>\n<p>Esses equipamentos s\u00e3o essenciais para o diagn\u00f3stico precoce e o manejo de v\u00e1rias condi\u00e7\u00f5es de sa\u00fade, elevando a capacidade de atendimento nas UBS.<\/p>\n<h2>A Import\u00e2ncia da Aten\u00e7\u00e3o B\u00e1sica<\/h2>\n<p>A Aten\u00e7\u00e3o B\u00e1sica \u00e9 um componente vital da sa\u00fade p\u00fablica, especialmente em um pa\u00eds como o Brasil. Ela proporciona o primeiro contato da popula\u00e7\u00e3o com o sistema de sa\u00fade, permitindo que problemas de sa\u00fade sejam diagnosticados e tratados antes de se tornarem graves. Al\u00e9m disso, com o fortalecimento da Aten\u00e7\u00e3o B\u00e1sica, espera-se uma preven\u00e7\u00e3o maior de doen\u00e7as, reduzindo a necessidade de interna\u00e7\u00f5es e atendimentos de urg\u00eancia.<\/p>\n<h2>O Papel dos Governos na Sa\u00fade P\u00fablica<\/h2>\n<p>Os governos federal, estadual e municipal t\u00eam um papel interdependente na constru\u00e7\u00e3o de uma sa\u00fade p\u00fablica de qualidade. A atua\u00e7\u00e3o conjunta \u00e9 essencial para garantir que os recursos sejam alocados de forma eficaz e que as diretrizes de sa\u00fade sejam implementadas com sucesso nas comunidades. A vincula\u00e7\u00e3o dos investimentos do Novo PAC Sa\u00fade demonstra a inten\u00e7\u00e3o de criar um sistema mais coeso e responsivo \u00e0s necessidades da popula\u00e7\u00e3o.<\/p><div class=\"2410bb7248a64bb1f71103797e0f239b\" data-index=\"2\" style=\"float: none; margin:0px;\">\n<ins class=\"adsbygoogle\"\r\n     style=\"display:block; text-align:center;\"\r\n     data-ad-layout=\"in-article\"\r\n     data-ad-format=\"fluid\"\r\n     data-ad-client=\"ca-pub-8585364105181520\"\r\n     data-ad-slot=\"2899217073\"><\/ins>\r\n<script>\r\n     (adsbygoogle = window.adsbygoogle || []).push({});\r\n<\/script>\r\n\r\n<\/br><\/br>\n<\/div>\n\n<h2>Resultados Esperados em Cama\u00e7ari<\/h2>\n<p>A implementa\u00e7\u00e3o dos investimentos no setor de sa\u00fade em Cama\u00e7ari tem o potencial de trazer resultados imediatos e a longo prazo, incluindo:<\/p>\n<ul>\n<li>Maior acesso aos servi\u00e7os de sa\u00fade essenciais<\/li>\n<li>Diminui\u00e7\u00e3o das filas para atendimentos<\/li>\n<li>Aumento da cobertura vacinal<\/li>\n<li>Gest\u00e3o mais eficiente dos recursos p\u00fablicos<\/li>\n<li>Qualidade de vida aprimorada para os cidad\u00e3os<\/li>\n<\/ul>\n<p>Essas melhorias s\u00e3o fundamentais para o desenvolvimento da cidade e para a sa\u00fade da sua popula\u00e7\u00e3o.<\/p>\n<h2>Desafios e Oportunidades na Sa\u00fade Local<\/h2>\n<p>Apesar dos avan\u00e7os, desafios permanecem na gest\u00e3o da sa\u00fade em Cama\u00e7ari. Entre eles est\u00e3o:<\/p>\n<ul>\n<li>Falta de pessoal qualificado em algumas \u00e1reas<\/li>\n<li>Diferen\u00e7as de acesso entre regi\u00f5es da cidade<\/li>\n<li>Necessidade de infraestrutura adequada<\/li>\n<\/ul>\n<p>Contudo, cada um desses desafios tamb\u00e9m apresenta uma oportunidade de crescimento e desenvolvimento. A capacita\u00e7\u00e3o de profissionais e a moderniza\u00e7\u00e3o das instala\u00e7\u00f5es s\u00e3o caminhos que devem ser seguidos para alcan\u00e7ar uma sa\u00fade p\u00fablica de excel\u00eancia.<\/p>\n<h2>Experi\u00eancias de Outras Cidades<\/h2>\n<p>Cidades que j\u00e1 implementaram estrat\u00e9gias semelhantes ao Novo PAC Sa\u00fade mostram que \u00e9 poss\u00edvel transformar a sa\u00fade p\u00fablica. Por exemplo, munic\u00edpios que investiram na amplia\u00e7\u00e3o da Aten\u00e7\u00e3o B\u00e1sica e na moderniza\u00e7\u00e3o dos equipamentos est\u00e3o colhendo frutos na forma de melhorias nos \u00edndices de sa\u00fade e satisfa\u00e7\u00e3o dos usu\u00e1rios. Essas experi\u00eancias podem servir de modelo para Cama\u00e7ari, fornecendo diretrizes e boas pr\u00e1ticas a serem adotadas.<\/p>\n<h2>Futuro da Sa\u00fade em Cama\u00e7ari<\/h2>\n<p>O futuro da sa\u00fade em Cama\u00e7ari depende de uma continuidade nos esfor\u00e7os de investimento, capacita\u00e7\u00e3o e inova\u00e7\u00e3o. A aposta em tecnologias que possibilitem telessa\u00fade e gerenciamento remoto de pacientes, por exemplo, pode ser uma sa\u00edda eficaz para melhorar o acesso e a qualidade do atendimento, especialmente em \u00e1reas mais isoladas.<\/p>\n<h2>Como a Comunidade Pode Participar<\/h2>\n<p>A participa\u00e7\u00e3o da comunidade \u00e9 vital para o sucesso das iniciativas de sa\u00fade. Os cidad\u00e3os podem contribuir atrav\u00e9s de: <\/p>\n<ul>\n<li>Participa\u00e7\u00e3o em conselhos comunit\u00e1rios de sa\u00fade<\/li>\n<li>Feedback sobre os servi\u00e7os prestados<\/li>\n<li>Engajamento em campanhas de sa\u00fade e preven\u00e7\u00e3o<\/li>\n<li>Mobiliza\u00e7\u00e3o social para o fortalecimento do SUS<\/li>\n<\/ul>\n<p>Essa colabora\u00e7\u00e3o entre a popula\u00e7\u00e3o e o governo \u00e9 essencial para criar um sistema de sa\u00fade mais justo e acess\u00edvel, que atenda \u00e0s necessidades de todos os cidad\u00e3os.<\/p>\n<div class=\"2410bb7248a64bb1f71103797e0f239b\" data-index=\"3\" style=\"float: none; margin:0px;\">\n<\/br><\/br>\r\n\r\n<ins class=\"adsbygoogle\"\r\n     style=\"display:block\"\r\n     data-ad-format=\"fluid\"\r\n     data-ad-layout-key=\"-63+do+n-1s+9e\"\r\n     data-ad-client=\"ca-pub-8585364105181520\"\r\n     data-ad-slot=\"6838462089\"><\/ins>\r\n<script>\r\n     (adsbygoogle = window.adsbygoogle || []).push({});\r\n<\/script>\n<\/div>\n\n<div style=\"font-size: 0px; height: 0px; line-height: 0px; margin: 0; padding: 0; clear: both;\"><\/div>","protected":false},"excerpt":{"rendered":"<p>Cama\u00e7ari recebe investimentos do Novo PAC Sa\u00fade, fortalecendo a aten\u00e7\u00e3o prim\u00e1ria.<\/p>\n","protected":false},"author":1,"featured_media":669,"comment_status":"open","ping_status":"closed","sticky":false,"template":"","format":"standard","meta":{"footnotes":""},"categories":[1],"tags":[],"class_list":["post-670","post","type-post","status-publish","format-standard","has-post-thumbnail","hentry","category-noticias-em-camacari","has_thumb"],"aioseo_notices":[],"aioseo_head":"\n\t\t<!-- All in One SEO 5.0.0.1 - aioseo.com -->\n\t<meta name=\"description\" content=\"Cama\u00e7ari recebe investimentos do Novo PAC Sa\u00fade, fortalecendo a aten\u00e7\u00e3o prim\u00e1ria.\" \/>\n\t<meta name=\"robots\" content=\"max-image-preview:large\" \/>\n\t<meta name=\"author\" content=\"Encontra Cama\u00e7ari\"\/>\n\t<link rel=\"canonical\" href=\"https:\/\/www.encontracamacari.com.br\/sobre\/camacari-ganha-investimentos-do-novo-pac-saude-fortalecendo-servicos-da-atencao-primaria\/\" \/>\n\t<meta name=\"generator\" content=\"All in One SEO (AIOSEO) 5.0.0.1\" \/>\n\t\t<meta property=\"og:locale\" content=\"pt_BR\" \/>\n\t\t<meta property=\"og:site_name\" content=\"Encontra Cama\u00e7ari - Not\u00edcias, eventos, informa\u00e7\u00f5es e dicas na cidade de Cama\u00e7ari e regi\u00e3o.\" \/>\n\t\t<meta property=\"og:type\" content=\"article\" \/>\n\t\t<meta property=\"og:title\" content=\"Cama\u00e7ari ganha investimentos do Novo PAC Sa\u00fade fortalecendo servi\u00e7os da Aten\u00e7\u00e3o Prim\u00e1ria - Encontra Cama\u00e7ari\" \/>\n\t\t<meta property=\"og:description\" content=\"Cama\u00e7ari recebe investimentos do Novo PAC Sa\u00fade, fortalecendo a aten\u00e7\u00e3o prim\u00e1ria.\" \/>\n\t\t<meta property=\"og:url\" content=\"https:\/\/www.encontracamacari.com.br\/sobre\/camacari-ganha-investimentos-do-novo-pac-saude-fortalecendo-servicos-da-atencao-primaria\/\" \/>\n\t\t<meta property=\"article:published_time\" content=\"2026-02-07T06:15:06+00:00\" \/>\n\t\t<meta property=\"article:modified_time\" content=\"2026-02-07T06:15:06+00:00\" \/>\n\t\t<meta name=\"twitter:card\" content=\"summary_large_image\" \/>\n\t\t<meta name=\"twitter:title\" content=\"Cama\u00e7ari ganha investimentos do Novo PAC Sa\u00fade fortalecendo servi\u00e7os da Aten\u00e7\u00e3o Prim\u00e1ria - Encontra Cama\u00e7ari\" \/>\n\t\t<meta name=\"twitter:description\" content=\"Cama\u00e7ari recebe investimentos do Novo PAC Sa\u00fade, fortalecendo a aten\u00e7\u00e3o prim\u00e1ria.\" \/>\n\t\t<script type=\"application\/ld+json\" class=\"aioseo-schema\">\n\t\t\t{\"@context\":\"https:\\\/\\\/schema.org\",\"@graph\":[{\"@type\":\"BlogPosting\",\"@id\":\"https:\\\/\\\/www.encontracamacari.com.br\\\/sobre\\\/camacari-ganha-investimentos-do-novo-pac-saude-fortalecendo-servicos-da-atencao-primaria\\\/#blogposting\",\"name\":\"Cama\\u00e7ari ganha investimentos do Novo PAC Sa\\u00fade fortalecendo servi\\u00e7os da Aten\\u00e7\\u00e3o Prim\\u00e1ria - Encontra Cama\\u00e7ari\",\"headline\":\"Cama\\u00e7ari ganha investimentos do Novo PAC Sa\\u00fade fortalecendo servi\\u00e7os da Aten\\u00e7\\u00e3o Prim\\u00e1ria\",\"author\":{\"@id\":\"https:\\\/\\\/www.encontracamacari.com.br\\\/sobre\\\/author\\\/ecamacari\\\/#author\"},\"publisher\":{\"@id\":\"https:\\\/\\\/www.encontracamacari.com.br\\\/sobre\\\/#organization\"},\"image\":{\"@type\":\"ImageObject\",\"url\":\"https:\\\/\\\/www.encontracamacari.com.br\\\/sobre\\\/wp-content\\\/uploads\\\/2026\\\/02\\\/camacari-ganha-investimentos-do-novo-pac-saude-fortalecendo-servicos-da-atencao-primaria.webp\",\"width\":280,\"height\":280,\"caption\":\"investimentos do Novo PAC Sa\\u00fade\"},\"datePublished\":\"2026-02-07T06:15:06+00:00\",\"dateModified\":\"2026-02-07T06:15:06+00:00\",\"inLanguage\":\"pt-BR\",\"mainEntityOfPage\":{\"@id\":\"https:\\\/\\\/www.encontracamacari.com.br\\\/sobre\\\/camacari-ganha-investimentos-do-novo-pac-saude-fortalecendo-servicos-da-atencao-primaria\\\/#webpage\"},\"isPartOf\":{\"@id\":\"https:\\\/\\\/www.encontracamacari.com.br\\\/sobre\\\/camacari-ganha-investimentos-do-novo-pac-saude-fortalecendo-servicos-da-atencao-primaria\\\/#webpage\"},\"articleSection\":\"Not\\u00edcias Cama\\u00e7ari\"},{\"@type\":\"BreadcrumbList\",\"@id\":\"https:\\\/\\\/www.encontracamacari.com.br\\\/sobre\\\/camacari-ganha-investimentos-do-novo-pac-saude-fortalecendo-servicos-da-atencao-primaria\\\/#breadcrumblist\",\"itemListElement\":[{\"@type\":\"ListItem\",\"@id\":\"https:\\\/\\\/www.encontracamacari.com.br\\\/sobre#listItem\",\"position\":1,\"name\":\"Home\",\"item\":\"https:\\\/\\\/www.encontracamacari.com.br\\\/sobre\",\"nextItem\":{\"@type\":\"ListItem\",\"@id\":\"https:\\\/\\\/www.encontracamacari.com.br\\\/sobre\\\/noticias-em-camacari\\\/#listItem\",\"name\":\"Not\\u00edcias Cama\\u00e7ari\"}},{\"@type\":\"ListItem\",\"@id\":\"https:\\\/\\\/www.encontracamacari.com.br\\\/sobre\\\/noticias-em-camacari\\\/#listItem\",\"position\":2,\"name\":\"Not\\u00edcias Cama\\u00e7ari\",\"item\":\"https:\\\/\\\/www.encontracamacari.com.br\\\/sobre\\\/noticias-em-camacari\\\/\",\"nextItem\":{\"@type\":\"ListItem\",\"@id\":\"https:\\\/\\\/www.encontracamacari.com.br\\\/sobre\\\/camacari-ganha-investimentos-do-novo-pac-saude-fortalecendo-servicos-da-atencao-primaria\\\/#listItem\",\"name\":\"Cama\\u00e7ari ganha investimentos do Novo PAC Sa\\u00fade fortalecendo servi\\u00e7os da Aten\\u00e7\\u00e3o Prim\\u00e1ria\"},\"previousItem\":{\"@type\":\"ListItem\",\"@id\":\"https:\\\/\\\/www.encontracamacari.com.br\\\/sobre#listItem\",\"name\":\"Home\"}},{\"@type\":\"ListItem\",\"@id\":\"https:\\\/\\\/www.encontracamacari.com.br\\\/sobre\\\/camacari-ganha-investimentos-do-novo-pac-saude-fortalecendo-servicos-da-atencao-primaria\\\/#listItem\",\"position\":3,\"name\":\"Cama\\u00e7ari ganha investimentos do Novo PAC Sa\\u00fade fortalecendo servi\\u00e7os da Aten\\u00e7\\u00e3o Prim\\u00e1ria\",\"previousItem\":{\"@type\":\"ListItem\",\"@id\":\"https:\\\/\\\/www.encontracamacari.com.br\\\/sobre\\\/noticias-em-camacari\\\/#listItem\",\"name\":\"Not\\u00edcias Cama\\u00e7ari\"}}]},{\"@type\":\"Organization\",\"@id\":\"https:\\\/\\\/www.encontracamacari.com.br\\\/sobre\\\/#organization\",\"name\":\"Encontra Cama\\u00e7ari\",\"description\":\"Not\\u00edcias, eventos, informa\\u00e7\\u00f5es e dicas na cidade de Cama\\u00e7ari e regi\\u00e3o.\",\"url\":\"https:\\\/\\\/www.encontracamacari.com.br\\\/sobre\\\/\"},{\"@type\":\"Person\",\"@id\":\"https:\\\/\\\/www.encontracamacari.com.br\\\/sobre\\\/author\\\/ecamacari\\\/#author\",\"url\":\"https:\\\/\\\/www.encontracamacari.com.br\\\/sobre\\\/author\\\/ecamacari\\\/\",\"name\":\"Encontra Cama\\u00e7ari\",\"image\":{\"@type\":\"ImageObject\",\"@id\":\"https:\\\/\\\/www.encontracamacari.com.br\\\/sobre\\\/camacari-ganha-investimentos-do-novo-pac-saude-fortalecendo-servicos-da-atencao-primaria\\\/#authorImage\",\"url\":\"https:\\\/\\\/secure.gravatar.com\\\/avatar\\\/507340682b8270222e1f208e23198b6ae7e2c6a1033ae84e99bc6bce4f82a387?s=96&d=mm&r=g\",\"width\":96,\"height\":96,\"caption\":\"Encontra Cama\\u00e7ari\"}},{\"@type\":\"WebPage\",\"@id\":\"https:\\\/\\\/www.encontracamacari.com.br\\\/sobre\\\/camacari-ganha-investimentos-do-novo-pac-saude-fortalecendo-servicos-da-atencao-primaria\\\/#webpage\",\"url\":\"https:\\\/\\\/www.encontracamacari.com.br\\\/sobre\\\/camacari-ganha-investimentos-do-novo-pac-saude-fortalecendo-servicos-da-atencao-primaria\\\/\",\"name\":\"Cama\\u00e7ari ganha investimentos do Novo PAC Sa\\u00fade fortalecendo servi\\u00e7os da Aten\\u00e7\\u00e3o Prim\\u00e1ria - Encontra Cama\\u00e7ari\",\"description\":\"Cama\\u00e7ari recebe investimentos do Novo PAC Sa\\u00fade, fortalecendo a aten\\u00e7\\u00e3o prim\\u00e1ria.\",\"inLanguage\":\"pt-BR\",\"isPartOf\":{\"@id\":\"https:\\\/\\\/www.encontracamacari.com.br\\\/sobre\\\/#website\"},\"breadcrumb\":{\"@id\":\"https:\\\/\\\/www.encontracamacari.com.br\\\/sobre\\\/camacari-ganha-investimentos-do-novo-pac-saude-fortalecendo-servicos-da-atencao-primaria\\\/#breadcrumblist\"},\"author\":{\"@id\":\"https:\\\/\\\/www.encontracamacari.com.br\\\/sobre\\\/author\\\/ecamacari\\\/#author\"},\"creator\":{\"@id\":\"https:\\\/\\\/www.encontracamacari.com.br\\\/sobre\\\/author\\\/ecamacari\\\/#author\"},\"image\":{\"@type\":\"ImageObject\",\"url\":\"https:\\\/\\\/www.encontracamacari.com.br\\\/sobre\\\/wp-content\\\/uploads\\\/2026\\\/02\\\/camacari-ganha-investimentos-do-novo-pac-saude-fortalecendo-servicos-da-atencao-primaria.webp\",\"@id\":\"https:\\\/\\\/www.encontracamacari.com.br\\\/sobre\\\/camacari-ganha-investimentos-do-novo-pac-saude-fortalecendo-servicos-da-atencao-primaria\\\/#mainImage\",\"width\":280,\"height\":280,\"caption\":\"investimentos do Novo PAC Sa\\u00fade\"},\"primaryImageOfPage\":{\"@id\":\"https:\\\/\\\/www.encontracamacari.com.br\\\/sobre\\\/camacari-ganha-investimentos-do-novo-pac-saude-fortalecendo-servicos-da-atencao-primaria\\\/#mainImage\"},\"datePublished\":\"2026-02-07T06:15:06+00:00\",\"dateModified\":\"2026-02-07T06:15:06+00:00\"},{\"@type\":\"WebSite\",\"@id\":\"https:\\\/\\\/www.encontracamacari.com.br\\\/sobre\\\/#website\",\"url\":\"https:\\\/\\\/www.encontracamacari.com.br\\\/sobre\\\/\",\"name\":\"Encontra Cama\\u00e7ari\",\"description\":\"Not\\u00edcias, eventos, informa\\u00e7\\u00f5es e dicas na cidade de Cama\\u00e7ari e regi\\u00e3o.\",\"inLanguage\":\"pt-BR\",\"publisher\":{\"@id\":\"https:\\\/\\\/www.encontracamacari.com.br\\\/sobre\\\/#organization\"}}]}\n\t\t<\/script>\n\t\t<!-- All in One SEO -->\n\n","aioseo_head_json":{"title":"Cama\u00e7ari ganha investimentos do Novo PAC Sa\u00fade fortalecendo servi\u00e7os da Aten\u00e7\u00e3o Prim\u00e1ria - Encontra Cama\u00e7ari","description":"Cama\u00e7ari recebe investimentos do Novo PAC Sa\u00fade, fortalecendo a aten\u00e7\u00e3o prim\u00e1ria.","canonical_url":"https:\/\/www.encontracamacari.com.br\/sobre\/camacari-ganha-investimentos-do-novo-pac-saude-fortalecendo-servicos-da-atencao-primaria\/","robots":"max-image-preview:large","keywords":"","webmasterTools":{"miscellaneous":""},"schema":{"@context":"https:\/\/schema.org","@graph":[{"@type":"BlogPosting","@id":"https:\/\/www.encontracamacari.com.br\/sobre\/camacari-ganha-investimentos-do-novo-pac-saude-fortalecendo-servicos-da-atencao-primaria\/#blogposting","name":"Cama\u00e7ari ganha investimentos do Novo PAC Sa\u00fade fortalecendo servi\u00e7os da Aten\u00e7\u00e3o Prim\u00e1ria - Encontra Cama\u00e7ari","headline":"Cama\u00e7ari ganha investimentos do Novo PAC Sa\u00fade fortalecendo servi\u00e7os da Aten\u00e7\u00e3o Prim\u00e1ria","author":{"@id":"https:\/\/www.encontracamacari.com.br\/sobre\/author\/ecamacari\/#author"},"publisher":{"@id":"https:\/\/www.encontracamacari.com.br\/sobre\/#organization"},"image":{"@type":"ImageObject","url":"https:\/\/www.encontracamacari.com.br\/sobre\/wp-content\/uploads\/2026\/02\/camacari-ganha-investimentos-do-novo-pac-saude-fortalecendo-servicos-da-atencao-primaria.webp","width":280,"height":280,"caption":"investimentos do Novo PAC Sa\u00fade"},"datePublished":"2026-02-07T06:15:06+00:00","dateModified":"2026-02-07T06:15:06+00:00","inLanguage":"pt-BR","mainEntityOfPage":{"@id":"https:\/\/www.encontracamacari.com.br\/sobre\/camacari-ganha-investimentos-do-novo-pac-saude-fortalecendo-servicos-da-atencao-primaria\/#webpage"},"isPartOf":{"@id":"https:\/\/www.encontracamacari.com.br\/sobre\/camacari-ganha-investimentos-do-novo-pac-saude-fortalecendo-servicos-da-atencao-primaria\/#webpage"},"articleSection":"Not\u00edcias Cama\u00e7ari"},{"@type":"BreadcrumbList","@id":"https:\/\/www.encontracamacari.com.br\/sobre\/camacari-ganha-investimentos-do-novo-pac-saude-fortalecendo-servicos-da-atencao-primaria\/#breadcrumblist","itemListElement":[{"@type":"ListItem","@id":"https:\/\/www.encontracamacari.com.br\/sobre#listItem","position":1,"name":"Home","item":"https:\/\/www.encontracamacari.com.br\/sobre","nextItem":{"@type":"ListItem","@id":"https:\/\/www.encontracamacari.com.br\/sobre\/noticias-em-camacari\/#listItem","name":"Not\u00edcias Cama\u00e7ari"}},{"@type":"ListItem","@id":"https:\/\/www.encontracamacari.com.br\/sobre\/noticias-em-camacari\/#listItem","position":2,"name":"Not\u00edcias Cama\u00e7ari","item":"https:\/\/www.encontracamacari.com.br\/sobre\/noticias-em-camacari\/","nextItem":{"@type":"ListItem","@id":"https:\/\/www.encontracamacari.com.br\/sobre\/camacari-ganha-investimentos-do-novo-pac-saude-fortalecendo-servicos-da-atencao-primaria\/#listItem","name":"Cama\u00e7ari ganha investimentos do Novo PAC Sa\u00fade fortalecendo servi\u00e7os da Aten\u00e7\u00e3o Prim\u00e1ria"},"previousItem":{"@type":"ListItem","@id":"https:\/\/www.encontracamacari.com.br\/sobre#listItem","name":"Home"}},{"@type":"ListItem","@id":"https:\/\/www.encontracamacari.com.br\/sobre\/camacari-ganha-investimentos-do-novo-pac-saude-fortalecendo-servicos-da-atencao-primaria\/#listItem","position":3,"name":"Cama\u00e7ari ganha investimentos do Novo PAC Sa\u00fade fortalecendo servi\u00e7os da Aten\u00e7\u00e3o Prim\u00e1ria","previousItem":{"@type":"ListItem","@id":"https:\/\/www.encontracamacari.com.br\/sobre\/noticias-em-camacari\/#listItem","name":"Not\u00edcias Cama\u00e7ari"}}]},{"@type":"Organization","@id":"https:\/\/www.encontracamacari.com.br\/sobre\/#organization","name":"Encontra Cama\u00e7ari","description":"Not\u00edcias, eventos, informa\u00e7\u00f5es e dicas na cidade de Cama\u00e7ari e regi\u00e3o.","url":"https:\/\/www.encontracamacari.com.br\/sobre\/"},{"@type":"Person","@id":"https:\/\/www.encontracamacari.com.br\/sobre\/author\/ecamacari\/#author","url":"https:\/\/www.encontracamacari.com.br\/sobre\/author\/ecamacari\/","name":"Encontra Cama\u00e7ari","image":{"@type":"ImageObject","@id":"https:\/\/www.encontracamacari.com.br\/sobre\/camacari-ganha-investimentos-do-novo-pac-saude-fortalecendo-servicos-da-atencao-primaria\/#authorImage","url":"https:\/\/secure.gravatar.com\/avatar\/507340682b8270222e1f208e23198b6ae7e2c6a1033ae84e99bc6bce4f82a387?s=96&d=mm&r=g","width":96,"height":96,"caption":"Encontra Cama\u00e7ari"}},{"@type":"WebPage","@id":"https:\/\/www.encontracamacari.com.br\/sobre\/camacari-ganha-investimentos-do-novo-pac-saude-fortalecendo-servicos-da-atencao-primaria\/#webpage","url":"https:\/\/www.encontracamacari.com.br\/sobre\/camacari-ganha-investimentos-do-novo-pac-saude-fortalecendo-servicos-da-atencao-primaria\/","name":"Cama\u00e7ari ganha investimentos do Novo PAC Sa\u00fade fortalecendo servi\u00e7os da Aten\u00e7\u00e3o Prim\u00e1ria - Encontra Cama\u00e7ari","description":"Cama\u00e7ari recebe investimentos do Novo PAC Sa\u00fade, fortalecendo a aten\u00e7\u00e3o prim\u00e1ria.","inLanguage":"pt-BR","isPartOf":{"@id":"https:\/\/www.encontracamacari.com.br\/sobre\/#website"},"breadcrumb":{"@id":"https:\/\/www.encontracamacari.com.br\/sobre\/camacari-ganha-investimentos-do-novo-pac-saude-fortalecendo-servicos-da-atencao-primaria\/#breadcrumblist"},"author":{"@id":"https:\/\/www.encontracamacari.com.br\/sobre\/author\/ecamacari\/#author"},"creator":{"@id":"https:\/\/www.encontracamacari.com.br\/sobre\/author\/ecamacari\/#author"},"image":{"@type":"ImageObject","url":"https:\/\/www.encontracamacari.com.br\/sobre\/wp-content\/uploads\/2026\/02\/camacari-ganha-investimentos-do-novo-pac-saude-fortalecendo-servicos-da-atencao-primaria.webp","@id":"https:\/\/www.encontracamacari.com.br\/sobre\/camacari-ganha-investimentos-do-novo-pac-saude-fortalecendo-servicos-da-atencao-primaria\/#mainImage","width":280,"height":280,"caption":"investimentos do Novo PAC Sa\u00fade"},"primaryImageOfPage":{"@id":"https:\/\/www.encontracamacari.com.br\/sobre\/camacari-ganha-investimentos-do-novo-pac-saude-fortalecendo-servicos-da-atencao-primaria\/#mainImage"},"datePublished":"2026-02-07T06:15:06+00:00","dateModified":"2026-02-07T06:15:06+00:00"},{"@type":"WebSite","@id":"https:\/\/www.encontracamacari.com.br\/sobre\/#website","url":"https:\/\/www.encontracamacari.com.br\/sobre\/","name":"Encontra Cama\u00e7ari","description":"Not\u00edcias, eventos, informa\u00e7\u00f5es e dicas na cidade de Cama\u00e7ari e regi\u00e3o.","inLanguage":"pt-BR","publisher":{"@id":"https:\/\/www.encontracamacari.com.br\/sobre\/#organization"}}]},"og:locale":"pt_BR","og:site_name":"Encontra Cama\u00e7ari - Not\u00edcias, eventos, informa\u00e7\u00f5es e dicas na cidade de Cama\u00e7ari e regi\u00e3o.","og:type":"article","og:title":"Cama\u00e7ari ganha investimentos do Novo PAC Sa\u00fade fortalecendo servi\u00e7os da Aten\u00e7\u00e3o Prim\u00e1ria - Encontra Cama\u00e7ari","og:description":"Cama\u00e7ari recebe investimentos do Novo PAC Sa\u00fade, fortalecendo a aten\u00e7\u00e3o prim\u00e1ria.","og:url":"https:\/\/www.encontracamacari.com.br\/sobre\/camacari-ganha-investimentos-do-novo-pac-saude-fortalecendo-servicos-da-atencao-primaria\/","article:published_time":"2026-02-07T06:15:06+00:00","article:modified_time":"2026-02-07T06:15:06+00:00","twitter:card":"summary_large_image","twitter:title":"Cama\u00e7ari ganha investimentos do Novo PAC Sa\u00fade fortalecendo servi\u00e7os da Aten\u00e7\u00e3o Prim\u00e1ria - Encontra Cama\u00e7ari","twitter:description":"Cama\u00e7ari recebe investimentos do Novo PAC Sa\u00fade, fortalecendo a aten\u00e7\u00e3o prim\u00e1ria."},"aioseo_meta_data":{"post_id":"670","title":null,"description":null,"keywords":null,"keyphrases":null,"primary_term":null,"canonical_url":null,"og_title":null,"og_description":null,"og_object_type":"default","og_image_type":"default","og_image_url":null,"og_image_width":null,"og_image_height":null,"og_image_custom_url":null,"og_image_custom_fields":null,"og_video":null,"og_custom_url":null,"og_article_section":null,"og_article_tags":null,"twitter_use_og":false,"twitter_card":"default","twitter_image_type":"default","twitter_image_url":null,"twitter_image_custom_url":null,"twitter_image_custom_fields":null,"twitter_title":null,"twitter_description":null,"schema":{"blockGraphs":[],"customGraphs":[],"default":{"data":{"Article":[],"Course":[],"Dataset":[],"FAQPage":[],"Movie":[],"Person":[],"Product":[],"ProductReview":[],"Car":[],"Recipe":[],"Service":[],"SoftwareApplication":[],"WebPage":[]},"graphName":"BlogPosting","isEnabled":true},"graphs":[]},"schema_type":"default","schema_type_options":null,"pillar_content":false,"robots_default":true,"robots_noindex":false,"robots_noarchive":false,"robots_nosnippet":false,"robots_nofollow":false,"robots_noimageindex":false,"robots_noodp":false,"robots_notranslate":false,"robots_max_snippet":null,"robots_max_videopreview":null,"robots_max_imagepreview":"large","priority":null,"frequency":null,"local_seo":null,"limit_modified_date":false,"created":"2026-02-07 06:15:11","updated":"2026-08-06 01:06:06","focus_keyword":null,"additional_keywords":null,"truseo_locale":null,"ai":null,"breadcrumb_settings":null,"seo_analyzer_scan_date":null},"aioseo_breadcrumb":"<div class=\"aioseo-breadcrumbs\"><span class=\"aioseo-breadcrumb\">\n\t\t\t<a href=\"https:\/\/www.encontracamacari.com.br\/sobre\" title=\"Home\">Home<\/a>\n\t\t<\/span><span class=\"aioseo-breadcrumb-separator\">&raquo;<\/span><span class=\"aioseo-breadcrumb\">\n\t\t\t<a href=\"https:\/\/www.encontracamacari.com.br\/sobre\/noticias-em-camacari\/\" title=\"Not\u00edcias Cama\u00e7ari\">Not\u00edcias Cama\u00e7ari<\/a>\n\t\t<\/span><span class=\"aioseo-breadcrumb-separator\">&raquo;<\/span><span class=\"aioseo-breadcrumb\">\n\t\t\tCama\u00e7ari ganha investimentos do Novo PAC Sa\u00fade fortalecendo servi\u00e7os da Aten\u00e7\u00e3o Prim\u00e1ria\n\t\t<\/span><\/div>","aioseo_breadcrumb_json":[{"label":"Home","link":"https:\/\/www.encontracamacari.com.br\/sobre"},{"label":"Not\u00edcias Cama\u00e7ari","link":"https:\/\/www.encontracamacari.com.br\/sobre\/noticias-em-camacari\/"},{"label":"Cama\u00e7ari ganha investimentos do Novo PAC Sa\u00fade fortalecendo servi\u00e7os da Aten\u00e7\u00e3o Prim\u00e1ria","link":"https:\/\/www.encontracamacari.com.br\/sobre\/camacari-ganha-investimentos-do-novo-pac-saude-fortalecendo-servicos-da-atencao-primaria\/"}],"_links":{"self":[{"href":"https:\/\/www.encontracamacari.com.br\/sobre\/wp-json\/wp\/v2\/posts\/670","targetHints":{"allow":["GET"]}}],"collection":[{"href":"https:\/\/www.encontracamacari.com.br\/sobre\/wp-json\/wp\/v2\/posts"}],"about":[{"href":"https:\/\/www.encontracamacari.com.br\/sobre\/wp-json\/wp\/v2\/types\/post"}],"author":[{"embeddable":true,"href":"https:\/\/www.encontracamacari.com.br\/sobre\/wp-json\/wp\/v2\/users\/1"}],"replies":[{"embeddable":true,"href":"https:\/\/www.encontracamacari.com.br\/sobre\/wp-json\/wp\/v2\/comments?post=670"}],"version-history":[{"count":0,"href":"https:\/\/www.encontracamacari.com.br\/sobre\/wp-json\/wp\/v2\/posts\/670\/revisions"}],"wp:featuredmedia":[{"embeddable":true,"href":"https:\/\/www.encontracamacari.com.br\/sobre\/wp-json\/wp\/v2\/media\/669"}],"wp:attachment":[{"href":"https:\/\/www.encontracamacari.com.br\/sobre\/wp-json\/wp\/v2\/media?parent=670"}],"wp:term":[{"taxonomy":"category","embeddable":true,"href":"https:\/\/www.encontracamacari.com.br\/sobre\/wp-json\/wp\/v2\/categories?post=670"},{"taxonomy":"post_tag","embeddable":true,"href":"https:\/\/www.encontracamacari.com.br\/sobre\/wp-json\/wp\/v2\/tags?post=670"}],"curies":[{"name":"wp","href":"https:\/\/api.w.org\/{rel}","templated":true}]}}