{"id":665,"date":"2026-02-06T06:15:32","date_gmt":"2026-02-06T06:15:32","guid":{"rendered":"https:\/\/www.encontracamacari.com.br\/sobre\/byd-afirma-que-meta-e-atingir-50-de-nacionalizacao-na-fabrica-de-camacari-em-2027\/"},"modified":"2026-02-06T06:15:32","modified_gmt":"2026-02-06T06:15:32","slug":"byd-afirma-que-meta-e-atingir-50-de-nacionalizacao-na-fabrica-de-camacari-em-2027","status":"publish","type":"post","link":"https:\/\/www.encontracamacari.com.br\/sobre\/byd-afirma-que-meta-e-atingir-50-de-nacionalizacao-na-fabrica-de-camacari-em-2027\/","title":{"rendered":"BYD AFIRMA QUE META \u00c9 ATINGIR 50% DE NACIONALIZA\u00c7\u00c3O NA F\u00c1BRICA DE CAMA\u00c7ARI EM 2027"},"content":{"rendered":"<div class=\"2410bb7248a64bb1f71103797e0f239b\" data-index=\"1\" style=\"float: none; margin:0px;\">\n<ins class=\"adsbygoogle\"\r\n     style=\"display:block\"\r\n     data-ad-client=\"ca-pub-8585364105181520\"\r\n     data-ad-slot=\"8789329856\"\r\n     data-ad-format=\"auto\"\r\n     data-full-width-responsive=\"true\"><\/ins>\r\n<script>\r\n     (adsbygoogle = window.adsbygoogle || []).push({});\r\n<\/script>\n<\/div>\n<h2>O Compromisso da BYD com a Nacionaliza\u00e7\u00e3o<\/h2>\n<p>A BYD, uma das maiores montadoras de ve\u00edculos el\u00e9tricos mundialmente, firmou seu compromisso com o processo de nacionaliza\u00e7\u00e3o na f\u00e1brica localizada em Cama\u00e7ari, na Bahia. O objetivo, conforme anunciado pela empresa, \u00e9 que 50% dos componentes utilizados na produ\u00e7\u00e3o dos ve\u00edculos sejam fabricados no Brasil at\u00e9 o ano de 2027. Esta meta foi declarada pelo vice-presidente s\u00eanior Alexandre Baldy, que enfatizou a import\u00e2ncia desse movimento n\u00e3o apenas para a empresa, mas tamb\u00e9m para a economia local.<\/p>\n<h2>Benef\u00edcios da Nacionaliza\u00e7\u00e3o para a Ind\u00fastria Brasileira<\/h2>\n<p>Optar pela nacionaliza\u00e7\u00e3o traz v\u00e1rias vantagens significativas. Primeiramente, isso pode resultar em uma redu\u00e7\u00e3o dos custos de importa\u00e7\u00e3o, o que impacta diretamente no pre\u00e7o final dos ve\u00edculos. Al\u00e9m disso, a amplia\u00e7\u00e3o da base industrial brasileira contribui para a gera\u00e7\u00e3o de empregos locais e o fortalecimento da cadeia produtiva nacional. Isso ainda promove a diversidade econ\u00f4mica, j\u00e1 que mais fornecedores locais estar\u00e3o envolvidos na produ\u00e7\u00e3o dos ve\u00edculos.<\/p>\n<h2>Detalhes da F\u00e1brica de Cama\u00e7ari<\/h2>\n<p>A f\u00e1brica da BYD em Cama\u00e7ari \u00e9 um exemplo de modernidade e efici\u00eancia. Estrategicamente localizada, a unidade se beneficia n\u00e3o s\u00f3 da proximidade com os principais centros de produ\u00e7\u00e3o do estado, mas tamb\u00e9m de uma infraestrutura que suporta a expans\u00e3o e a inova\u00e7\u00e3o. Rigorosos padr\u00f5es de qualidade s\u00e3o mantidos em todas as etapas do processo de produ\u00e7\u00e3o, assegurando que os ve\u00edculos atendam \u00e0s exig\u00eancias do mercado.<\/p>\n<p><img decoding=\"async\" src=\"https:\/\/www.encontracamacari.com.br\/sobre\/wp-content\/uploads\/2026\/02\/byd-afirma-que-meta-e-atingir-50-de-nacionalizacao-na-fabrica-de-camacari-em-2027.webp\" alt=\"nacionaliza\u00e7\u00e3o\" loading=\"lazy\" \/><\/p>\n<h2>Fornecedores Homologados: Um Marco Importante<\/h2>\n<p>A empresa j\u00e1 homologou mais de 200 fornecedores, o que representa um passo crucial na implementa\u00e7\u00e3o de sua meta de nacionaliza\u00e7\u00e3o. A escolha por estes fornecedores seguiu crit\u00e9rios rigorosos de qualidade e capacidade produtiva, garantindo que todas as pe\u00e7as estejam em conformidade com os padr\u00f5es globais da ind\u00fastria automotiva. Este processo de homologa\u00e7\u00e3o \u00e9 fundamental para assegurar que a produ\u00e7\u00e3o interna n\u00e3o comprometa a qualidade necess\u00e1ria dos ve\u00edculos.<\/p><div class=\"2410bb7248a64bb1f71103797e0f239b\" data-index=\"2\" style=\"float: none; margin:0px;\">\n<ins class=\"adsbygoogle\"\r\n     style=\"display:block; text-align:center;\"\r\n     data-ad-layout=\"in-article\"\r\n     data-ad-format=\"fluid\"\r\n     data-ad-client=\"ca-pub-8585364105181520\"\r\n     data-ad-slot=\"2899217073\"><\/ins>\r\n<script>\r\n     (adsbygoogle = window.adsbygoogle || []).push({});\r\n<\/script>\r\n\r\n<\/br><\/br>\n<\/div>\n\n<h2>Perspectivas de Crescimento da Produ\u00e7\u00e3o<\/h2>\n<p>Com a conclus\u00e3o dos processos de nacionaliza\u00e7\u00e3o, a expectativa \u00e9 que a capacidade produtiva da f\u00e1brica aumente significativamente. De acordo com os planos, a produ\u00e7\u00e3o anual pode passar de 150 mil ve\u00edculos atualmente para impressionantes 600 mil at\u00e9 o final de 2030. Esta expans\u00e3o n\u00e3o s\u00f3 reflete a confian\u00e7a na demanda de ve\u00edculos el\u00e9tricos, mas tamb\u00e9m a inten\u00e7\u00e3o da BYD de solidificar sua presen\u00e7a no mercado brasileiro.<\/p>\n<h2>Impacto Econ\u00f4mico na Bahia<\/h2>\n<p>A iniciativa de nacionaliza\u00e7\u00e3o da BYD promete trazer benef\u00edcios econ\u00f4micos substanciais para a Bahia. Al\u00e9m da gera\u00e7\u00e3o de novos empregos nas \u00e1reas de fabrica\u00e7\u00e3o e log\u00edstica, o aumento na produ\u00e7\u00e3o de ve\u00edculos contribuir\u00e1 para a circula\u00e7\u00e3o de riquezas na regi\u00e3o. Com mais fornecedores locais envolvidos, a economia local poder\u00e1 se diversificar e crescer de forma sustent\u00e1vel.<\/p>\n<h2>Planos de Expans\u00e3o para o Futuro<\/h2>\n<p>A BYD n\u00e3o se limita apenas ao aumento da produ\u00e7\u00e3o. A empresa planeja expandir ainda mais sua instala\u00e7\u00e3o, adquirindo um terreno adjacente que permita uma extens\u00e3o da capacidade produtiva. Isso \u00e9 parte de uma vis\u00e3o de longo prazo de transformar a f\u00e1brica em um centro de excel\u00eancia para a produ\u00e7\u00e3o de ve\u00edculos el\u00e9tricos n\u00e3o apenas no Brasil, mas na Am\u00e9rica Latina.<\/p>\n<h2>A Tecnologia das Baterias na F\u00e1brica de Cama\u00e7ari<\/h2>\n<p>A produ\u00e7\u00e3o de baterias \u00e9 outro pilar significativo para a estrat\u00e9gia da BYD em Cama\u00e7ari. A f\u00e1brica pretende tamb\u00e9m montar baterias de l\u00edtio, essenciais para a operatividade dos ve\u00edculos el\u00e9tricos. A tecnologia envolvida na produ\u00e7\u00e3o dessas baterias ser\u00e1 desenvolvida internamente pela BYD, o que garantir\u00e1 n\u00e3o apenas efici\u00eancia, mas tamb\u00e9m custos mais competitivos.<\/p>\n<h2>Desafios Enfrentados na Nacionaliza\u00e7\u00e3o<\/h2>\n<p>Embora a nacionaliza\u00e7\u00e3o traga numerosas vantagens, existem desafios a serem superados. Um dos principais obst\u00e1culos \u00e9 a adapta\u00e7\u00e3o dos fornecedores locais aos padr\u00f5es internacionais de qualidade exigidos pela industria automotiva. Al\u00e9m disso, a empresa deve navegar por quest\u00f5es burocr\u00e1ticas e regulat\u00f3rias que muitas vezes s\u00e3o complexas e demoram a ser resolvidas. Superar esses desafios requer investimento em capacita\u00e7\u00e3o e gerenciamento eficaz das opera\u00e7\u00f5es.<\/p>\n<h2>O Papel do Governo no Processo de Nacionaliza\u00e7\u00e3o<\/h2>\n<p>O governo desempenha um papel fundamental na facilita\u00e7\u00e3o deste processo de nacionaliza\u00e7\u00e3o. Atrav\u00e9s da concess\u00e3o de incentivos fiscais e suporte log\u00edstico, o governo ajuda a criar um ambiente favor\u00e1vel \u00e0 opera\u00e7\u00e3o das montadoras. Dessa forma, a parceria entre a BYD e as esferas governamentais se mostra essencial para o alcance dos objetivos da empresa.<\/p>\n<div class=\"2410bb7248a64bb1f71103797e0f239b\" data-index=\"3\" style=\"float: none; margin:0px;\">\n<\/br><\/br>\r\n\r\n<ins class=\"adsbygoogle\"\r\n     style=\"display:block\"\r\n     data-ad-format=\"fluid\"\r\n     data-ad-layout-key=\"-63+do+n-1s+9e\"\r\n     data-ad-client=\"ca-pub-8585364105181520\"\r\n     data-ad-slot=\"6838462089\"><\/ins>\r\n<script>\r\n     (adsbygoogle = window.adsbygoogle || []).push({});\r\n<\/script>\n<\/div>\n\n<div style=\"font-size: 0px; height: 0px; line-height: 0px; margin: 0; padding: 0; clear: both;\"><\/div>","protected":false},"excerpt":{"rendered":"<p>BYD anuncia sua meta de 50% de nacionaliza\u00e7\u00e3o na f\u00e1brica de Cama\u00e7ari at\u00e9 2027.<\/p>\n","protected":false},"author":1,"featured_media":664,"comment_status":"open","ping_status":"closed","sticky":false,"template":"","format":"standard","meta":{"footnotes":""},"categories":[1],"tags":[],"class_list":["post-665","post","type-post","status-publish","format-standard","has-post-thumbnail","hentry","category-noticias-em-camacari","has_thumb"],"aioseo_notices":[],"aioseo_head":"\n\t\t<!-- All in One SEO 5.0.0.1 - aioseo.com -->\n\t<meta name=\"description\" content=\"BYD anuncia sua meta de 50% de nacionaliza\u00e7\u00e3o na f\u00e1brica de Cama\u00e7ari at\u00e9 2027.\" \/>\n\t<meta name=\"robots\" content=\"max-image-preview:large\" \/>\n\t<meta name=\"author\" content=\"Encontra Cama\u00e7ari\"\/>\n\t<link rel=\"canonical\" href=\"https:\/\/www.encontracamacari.com.br\/sobre\/byd-afirma-que-meta-e-atingir-50-de-nacionalizacao-na-fabrica-de-camacari-em-2027\/\" \/>\n\t<meta name=\"generator\" content=\"All in One SEO (AIOSEO) 5.0.0.1\" \/>\n\t\t<meta property=\"og:locale\" content=\"pt_BR\" \/>\n\t\t<meta property=\"og:site_name\" content=\"Encontra Cama\u00e7ari - Not\u00edcias, eventos, informa\u00e7\u00f5es e dicas na cidade de Cama\u00e7ari e regi\u00e3o.\" \/>\n\t\t<meta property=\"og:type\" content=\"article\" \/>\n\t\t<meta property=\"og:title\" content=\"BYD AFIRMA QUE META \u00c9 ATINGIR 50% DE NACIONALIZA\u00c7\u00c3O NA F\u00c1BRICA DE CAMA\u00c7ARI EM 2027 - Encontra Cama\u00e7ari\" \/>\n\t\t<meta property=\"og:description\" content=\"BYD anuncia sua meta de 50% de nacionaliza\u00e7\u00e3o na f\u00e1brica de Cama\u00e7ari at\u00e9 2027.\" \/>\n\t\t<meta property=\"og:url\" content=\"https:\/\/www.encontracamacari.com.br\/sobre\/byd-afirma-que-meta-e-atingir-50-de-nacionalizacao-na-fabrica-de-camacari-em-2027\/\" \/>\n\t\t<meta property=\"article:published_time\" content=\"2026-02-06T06:15:32+00:00\" \/>\n\t\t<meta property=\"article:modified_time\" content=\"2026-02-06T06:15:32+00:00\" \/>\n\t\t<meta name=\"twitter:card\" content=\"summary_large_image\" \/>\n\t\t<meta name=\"twitter:title\" content=\"BYD AFIRMA QUE META \u00c9 ATINGIR 50% DE NACIONALIZA\u00c7\u00c3O NA F\u00c1BRICA DE CAMA\u00c7ARI EM 2027 - Encontra Cama\u00e7ari\" \/>\n\t\t<meta name=\"twitter:description\" content=\"BYD anuncia sua meta de 50% de nacionaliza\u00e7\u00e3o na f\u00e1brica de Cama\u00e7ari at\u00e9 2027.\" \/>\n\t\t<script type=\"application\/ld+json\" class=\"aioseo-schema\">\n\t\t\t{\"@context\":\"https:\\\/\\\/schema.org\",\"@graph\":[{\"@type\":\"BlogPosting\",\"@id\":\"https:\\\/\\\/www.encontracamacari.com.br\\\/sobre\\\/byd-afirma-que-meta-e-atingir-50-de-nacionalizacao-na-fabrica-de-camacari-em-2027\\\/#blogposting\",\"name\":\"BYD AFIRMA QUE META \\u00c9 ATINGIR 50% DE NACIONALIZA\\u00c7\\u00c3O NA F\\u00c1BRICA DE CAMA\\u00c7ARI EM 2027 - Encontra Cama\\u00e7ari\",\"headline\":\"BYD AFIRMA QUE META \\u00c9 ATINGIR 50% DE NACIONALIZA\\u00c7\\u00c3O NA F\\u00c1BRICA DE CAMA\\u00c7ARI EM 2027\",\"author\":{\"@id\":\"https:\\\/\\\/www.encontracamacari.com.br\\\/sobre\\\/author\\\/ecamacari\\\/#author\"},\"publisher\":{\"@id\":\"https:\\\/\\\/www.encontracamacari.com.br\\\/sobre\\\/#organization\"},\"image\":{\"@type\":\"ImageObject\",\"url\":\"https:\\\/\\\/www.encontracamacari.com.br\\\/sobre\\\/wp-content\\\/uploads\\\/2026\\\/02\\\/byd-afirma-que-meta-e-atingir-50-de-nacionalizacao-na-fabrica-de-camacari-em-2027.webp\",\"width\":280,\"height\":280,\"caption\":\"nacionaliza\\u00e7\\u00e3o\"},\"datePublished\":\"2026-02-06T06:15:32+00:00\",\"dateModified\":\"2026-02-06T06:15:32+00:00\",\"inLanguage\":\"pt-BR\",\"mainEntityOfPage\":{\"@id\":\"https:\\\/\\\/www.encontracamacari.com.br\\\/sobre\\\/byd-afirma-que-meta-e-atingir-50-de-nacionalizacao-na-fabrica-de-camacari-em-2027\\\/#webpage\"},\"isPartOf\":{\"@id\":\"https:\\\/\\\/www.encontracamacari.com.br\\\/sobre\\\/byd-afirma-que-meta-e-atingir-50-de-nacionalizacao-na-fabrica-de-camacari-em-2027\\\/#webpage\"},\"articleSection\":\"Not\\u00edcias Cama\\u00e7ari\"},{\"@type\":\"BreadcrumbList\",\"@id\":\"https:\\\/\\\/www.encontracamacari.com.br\\\/sobre\\\/byd-afirma-que-meta-e-atingir-50-de-nacionalizacao-na-fabrica-de-camacari-em-2027\\\/#breadcrumblist\",\"itemListElement\":[{\"@type\":\"ListItem\",\"@id\":\"https:\\\/\\\/www.encontracamacari.com.br\\\/sobre#listItem\",\"position\":1,\"name\":\"Home\",\"item\":\"https:\\\/\\\/www.encontracamacari.com.br\\\/sobre\",\"nextItem\":{\"@type\":\"ListItem\",\"@id\":\"https:\\\/\\\/www.encontracamacari.com.br\\\/sobre\\\/noticias-em-camacari\\\/#listItem\",\"name\":\"Not\\u00edcias Cama\\u00e7ari\"}},{\"@type\":\"ListItem\",\"@id\":\"https:\\\/\\\/www.encontracamacari.com.br\\\/sobre\\\/noticias-em-camacari\\\/#listItem\",\"position\":2,\"name\":\"Not\\u00edcias Cama\\u00e7ari\",\"item\":\"https:\\\/\\\/www.encontracamacari.com.br\\\/sobre\\\/noticias-em-camacari\\\/\",\"nextItem\":{\"@type\":\"ListItem\",\"@id\":\"https:\\\/\\\/www.encontracamacari.com.br\\\/sobre\\\/byd-afirma-que-meta-e-atingir-50-de-nacionalizacao-na-fabrica-de-camacari-em-2027\\\/#listItem\",\"name\":\"BYD AFIRMA QUE META \\u00c9 ATINGIR 50% DE NACIONALIZA\\u00c7\\u00c3O NA F\\u00c1BRICA DE CAMA\\u00c7ARI EM 2027\"},\"previousItem\":{\"@type\":\"ListItem\",\"@id\":\"https:\\\/\\\/www.encontracamacari.com.br\\\/sobre#listItem\",\"name\":\"Home\"}},{\"@type\":\"ListItem\",\"@id\":\"https:\\\/\\\/www.encontracamacari.com.br\\\/sobre\\\/byd-afirma-que-meta-e-atingir-50-de-nacionalizacao-na-fabrica-de-camacari-em-2027\\\/#listItem\",\"position\":3,\"name\":\"BYD AFIRMA QUE META \\u00c9 ATINGIR 50% DE NACIONALIZA\\u00c7\\u00c3O NA F\\u00c1BRICA DE CAMA\\u00c7ARI EM 2027\",\"previousItem\":{\"@type\":\"ListItem\",\"@id\":\"https:\\\/\\\/www.encontracamacari.com.br\\\/sobre\\\/noticias-em-camacari\\\/#listItem\",\"name\":\"Not\\u00edcias Cama\\u00e7ari\"}}]},{\"@type\":\"Organization\",\"@id\":\"https:\\\/\\\/www.encontracamacari.com.br\\\/sobre\\\/#organization\",\"name\":\"Encontra Cama\\u00e7ari\",\"description\":\"Not\\u00edcias, eventos, informa\\u00e7\\u00f5es e dicas na cidade de Cama\\u00e7ari e regi\\u00e3o.\",\"url\":\"https:\\\/\\\/www.encontracamacari.com.br\\\/sobre\\\/\"},{\"@type\":\"Person\",\"@id\":\"https:\\\/\\\/www.encontracamacari.com.br\\\/sobre\\\/author\\\/ecamacari\\\/#author\",\"url\":\"https:\\\/\\\/www.encontracamacari.com.br\\\/sobre\\\/author\\\/ecamacari\\\/\",\"name\":\"Encontra Cama\\u00e7ari\",\"image\":{\"@type\":\"ImageObject\",\"@id\":\"https:\\\/\\\/www.encontracamacari.com.br\\\/sobre\\\/byd-afirma-que-meta-e-atingir-50-de-nacionalizacao-na-fabrica-de-camacari-em-2027\\\/#authorImage\",\"url\":\"https:\\\/\\\/secure.gravatar.com\\\/avatar\\\/507340682b8270222e1f208e23198b6ae7e2c6a1033ae84e99bc6bce4f82a387?s=96&d=mm&r=g\",\"width\":96,\"height\":96,\"caption\":\"Encontra Cama\\u00e7ari\"}},{\"@type\":\"WebPage\",\"@id\":\"https:\\\/\\\/www.encontracamacari.com.br\\\/sobre\\\/byd-afirma-que-meta-e-atingir-50-de-nacionalizacao-na-fabrica-de-camacari-em-2027\\\/#webpage\",\"url\":\"https:\\\/\\\/www.encontracamacari.com.br\\\/sobre\\\/byd-afirma-que-meta-e-atingir-50-de-nacionalizacao-na-fabrica-de-camacari-em-2027\\\/\",\"name\":\"BYD AFIRMA QUE META \\u00c9 ATINGIR 50% DE NACIONALIZA\\u00c7\\u00c3O NA F\\u00c1BRICA DE CAMA\\u00c7ARI EM 2027 - Encontra Cama\\u00e7ari\",\"description\":\"BYD anuncia sua meta de 50% de nacionaliza\\u00e7\\u00e3o na f\\u00e1brica de Cama\\u00e7ari at\\u00e9 2027.\",\"inLanguage\":\"pt-BR\",\"isPartOf\":{\"@id\":\"https:\\\/\\\/www.encontracamacari.com.br\\\/sobre\\\/#website\"},\"breadcrumb\":{\"@id\":\"https:\\\/\\\/www.encontracamacari.com.br\\\/sobre\\\/byd-afirma-que-meta-e-atingir-50-de-nacionalizacao-na-fabrica-de-camacari-em-2027\\\/#breadcrumblist\"},\"author\":{\"@id\":\"https:\\\/\\\/www.encontracamacari.com.br\\\/sobre\\\/author\\\/ecamacari\\\/#author\"},\"creator\":{\"@id\":\"https:\\\/\\\/www.encontracamacari.com.br\\\/sobre\\\/author\\\/ecamacari\\\/#author\"},\"image\":{\"@type\":\"ImageObject\",\"url\":\"https:\\\/\\\/www.encontracamacari.com.br\\\/sobre\\\/wp-content\\\/uploads\\\/2026\\\/02\\\/byd-afirma-que-meta-e-atingir-50-de-nacionalizacao-na-fabrica-de-camacari-em-2027.webp\",\"@id\":\"https:\\\/\\\/www.encontracamacari.com.br\\\/sobre\\\/byd-afirma-que-meta-e-atingir-50-de-nacionalizacao-na-fabrica-de-camacari-em-2027\\\/#mainImage\",\"width\":280,\"height\":280,\"caption\":\"nacionaliza\\u00e7\\u00e3o\"},\"primaryImageOfPage\":{\"@id\":\"https:\\\/\\\/www.encontracamacari.com.br\\\/sobre\\\/byd-afirma-que-meta-e-atingir-50-de-nacionalizacao-na-fabrica-de-camacari-em-2027\\\/#mainImage\"},\"datePublished\":\"2026-02-06T06:15:32+00:00\",\"dateModified\":\"2026-02-06T06:15:32+00:00\"},{\"@type\":\"WebSite\",\"@id\":\"https:\\\/\\\/www.encontracamacari.com.br\\\/sobre\\\/#website\",\"url\":\"https:\\\/\\\/www.encontracamacari.com.br\\\/sobre\\\/\",\"name\":\"Encontra Cama\\u00e7ari\",\"description\":\"Not\\u00edcias, eventos, informa\\u00e7\\u00f5es e dicas na cidade de Cama\\u00e7ari e regi\\u00e3o.\",\"inLanguage\":\"pt-BR\",\"publisher\":{\"@id\":\"https:\\\/\\\/www.encontracamacari.com.br\\\/sobre\\\/#organization\"}}]}\n\t\t<\/script>\n\t\t<!-- All in One SEO -->\n\n","aioseo_head_json":{"title":"BYD AFIRMA QUE META \u00c9 ATINGIR 50% DE NACIONALIZA\u00c7\u00c3O NA F\u00c1BRICA DE CAMA\u00c7ARI EM 2027 - Encontra Cama\u00e7ari","description":"BYD anuncia sua meta de 50% de nacionaliza\u00e7\u00e3o na f\u00e1brica de Cama\u00e7ari at\u00e9 2027.","canonical_url":"https:\/\/www.encontracamacari.com.br\/sobre\/byd-afirma-que-meta-e-atingir-50-de-nacionalizacao-na-fabrica-de-camacari-em-2027\/","robots":"max-image-preview:large","keywords":"","webmasterTools":{"miscellaneous":""},"schema":{"@context":"https:\/\/schema.org","@graph":[{"@type":"BlogPosting","@id":"https:\/\/www.encontracamacari.com.br\/sobre\/byd-afirma-que-meta-e-atingir-50-de-nacionalizacao-na-fabrica-de-camacari-em-2027\/#blogposting","name":"BYD AFIRMA QUE META \u00c9 ATINGIR 50% DE NACIONALIZA\u00c7\u00c3O NA F\u00c1BRICA DE CAMA\u00c7ARI EM 2027 - Encontra Cama\u00e7ari","headline":"BYD AFIRMA QUE META \u00c9 ATINGIR 50% DE NACIONALIZA\u00c7\u00c3O NA F\u00c1BRICA DE CAMA\u00c7ARI EM 2027","author":{"@id":"https:\/\/www.encontracamacari.com.br\/sobre\/author\/ecamacari\/#author"},"publisher":{"@id":"https:\/\/www.encontracamacari.com.br\/sobre\/#organization"},"image":{"@type":"ImageObject","url":"https:\/\/www.encontracamacari.com.br\/sobre\/wp-content\/uploads\/2026\/02\/byd-afirma-que-meta-e-atingir-50-de-nacionalizacao-na-fabrica-de-camacari-em-2027.webp","width":280,"height":280,"caption":"nacionaliza\u00e7\u00e3o"},"datePublished":"2026-02-06T06:15:32+00:00","dateModified":"2026-02-06T06:15:32+00:00","inLanguage":"pt-BR","mainEntityOfPage":{"@id":"https:\/\/www.encontracamacari.com.br\/sobre\/byd-afirma-que-meta-e-atingir-50-de-nacionalizacao-na-fabrica-de-camacari-em-2027\/#webpage"},"isPartOf":{"@id":"https:\/\/www.encontracamacari.com.br\/sobre\/byd-afirma-que-meta-e-atingir-50-de-nacionalizacao-na-fabrica-de-camacari-em-2027\/#webpage"},"articleSection":"Not\u00edcias Cama\u00e7ari"},{"@type":"BreadcrumbList","@id":"https:\/\/www.encontracamacari.com.br\/sobre\/byd-afirma-que-meta-e-atingir-50-de-nacionalizacao-na-fabrica-de-camacari-em-2027\/#breadcrumblist","itemListElement":[{"@type":"ListItem","@id":"https:\/\/www.encontracamacari.com.br\/sobre#listItem","position":1,"name":"Home","item":"https:\/\/www.encontracamacari.com.br\/sobre","nextItem":{"@type":"ListItem","@id":"https:\/\/www.encontracamacari.com.br\/sobre\/noticias-em-camacari\/#listItem","name":"Not\u00edcias Cama\u00e7ari"}},{"@type":"ListItem","@id":"https:\/\/www.encontracamacari.com.br\/sobre\/noticias-em-camacari\/#listItem","position":2,"name":"Not\u00edcias Cama\u00e7ari","item":"https:\/\/www.encontracamacari.com.br\/sobre\/noticias-em-camacari\/","nextItem":{"@type":"ListItem","@id":"https:\/\/www.encontracamacari.com.br\/sobre\/byd-afirma-que-meta-e-atingir-50-de-nacionalizacao-na-fabrica-de-camacari-em-2027\/#listItem","name":"BYD AFIRMA QUE META \u00c9 ATINGIR 50% DE NACIONALIZA\u00c7\u00c3O NA F\u00c1BRICA DE CAMA\u00c7ARI EM 2027"},"previousItem":{"@type":"ListItem","@id":"https:\/\/www.encontracamacari.com.br\/sobre#listItem","name":"Home"}},{"@type":"ListItem","@id":"https:\/\/www.encontracamacari.com.br\/sobre\/byd-afirma-que-meta-e-atingir-50-de-nacionalizacao-na-fabrica-de-camacari-em-2027\/#listItem","position":3,"name":"BYD AFIRMA QUE META \u00c9 ATINGIR 50% DE NACIONALIZA\u00c7\u00c3O NA F\u00c1BRICA DE CAMA\u00c7ARI EM 2027","previousItem":{"@type":"ListItem","@id":"https:\/\/www.encontracamacari.com.br\/sobre\/noticias-em-camacari\/#listItem","name":"Not\u00edcias Cama\u00e7ari"}}]},{"@type":"Organization","@id":"https:\/\/www.encontracamacari.com.br\/sobre\/#organization","name":"Encontra Cama\u00e7ari","description":"Not\u00edcias, eventos, informa\u00e7\u00f5es e dicas na cidade de Cama\u00e7ari e regi\u00e3o.","url":"https:\/\/www.encontracamacari.com.br\/sobre\/"},{"@type":"Person","@id":"https:\/\/www.encontracamacari.com.br\/sobre\/author\/ecamacari\/#author","url":"https:\/\/www.encontracamacari.com.br\/sobre\/author\/ecamacari\/","name":"Encontra Cama\u00e7ari","image":{"@type":"ImageObject","@id":"https:\/\/www.encontracamacari.com.br\/sobre\/byd-afirma-que-meta-e-atingir-50-de-nacionalizacao-na-fabrica-de-camacari-em-2027\/#authorImage","url":"https:\/\/secure.gravatar.com\/avatar\/507340682b8270222e1f208e23198b6ae7e2c6a1033ae84e99bc6bce4f82a387?s=96&d=mm&r=g","width":96,"height":96,"caption":"Encontra Cama\u00e7ari"}},{"@type":"WebPage","@id":"https:\/\/www.encontracamacari.com.br\/sobre\/byd-afirma-que-meta-e-atingir-50-de-nacionalizacao-na-fabrica-de-camacari-em-2027\/#webpage","url":"https:\/\/www.encontracamacari.com.br\/sobre\/byd-afirma-que-meta-e-atingir-50-de-nacionalizacao-na-fabrica-de-camacari-em-2027\/","name":"BYD AFIRMA QUE META \u00c9 ATINGIR 50% DE NACIONALIZA\u00c7\u00c3O NA F\u00c1BRICA DE CAMA\u00c7ARI EM 2027 - Encontra Cama\u00e7ari","description":"BYD anuncia sua meta de 50% de nacionaliza\u00e7\u00e3o na f\u00e1brica de Cama\u00e7ari at\u00e9 2027.","inLanguage":"pt-BR","isPartOf":{"@id":"https:\/\/www.encontracamacari.com.br\/sobre\/#website"},"breadcrumb":{"@id":"https:\/\/www.encontracamacari.com.br\/sobre\/byd-afirma-que-meta-e-atingir-50-de-nacionalizacao-na-fabrica-de-camacari-em-2027\/#breadcrumblist"},"author":{"@id":"https:\/\/www.encontracamacari.com.br\/sobre\/author\/ecamacari\/#author"},"creator":{"@id":"https:\/\/www.encontracamacari.com.br\/sobre\/author\/ecamacari\/#author"},"image":{"@type":"ImageObject","url":"https:\/\/www.encontracamacari.com.br\/sobre\/wp-content\/uploads\/2026\/02\/byd-afirma-que-meta-e-atingir-50-de-nacionalizacao-na-fabrica-de-camacari-em-2027.webp","@id":"https:\/\/www.encontracamacari.com.br\/sobre\/byd-afirma-que-meta-e-atingir-50-de-nacionalizacao-na-fabrica-de-camacari-em-2027\/#mainImage","width":280,"height":280,"caption":"nacionaliza\u00e7\u00e3o"},"primaryImageOfPage":{"@id":"https:\/\/www.encontracamacari.com.br\/sobre\/byd-afirma-que-meta-e-atingir-50-de-nacionalizacao-na-fabrica-de-camacari-em-2027\/#mainImage"},"datePublished":"2026-02-06T06:15:32+00:00","dateModified":"2026-02-06T06:15:32+00:00"},{"@type":"WebSite","@id":"https:\/\/www.encontracamacari.com.br\/sobre\/#website","url":"https:\/\/www.encontracamacari.com.br\/sobre\/","name":"Encontra Cama\u00e7ari","description":"Not\u00edcias, eventos, informa\u00e7\u00f5es e dicas na cidade de Cama\u00e7ari e regi\u00e3o.","inLanguage":"pt-BR","publisher":{"@id":"https:\/\/www.encontracamacari.com.br\/sobre\/#organization"}}]},"og:locale":"pt_BR","og:site_name":"Encontra Cama\u00e7ari - Not\u00edcias, eventos, informa\u00e7\u00f5es e dicas na cidade de Cama\u00e7ari e regi\u00e3o.","og:type":"article","og:title":"BYD AFIRMA QUE META \u00c9 ATINGIR 50% DE NACIONALIZA\u00c7\u00c3O NA F\u00c1BRICA DE CAMA\u00c7ARI EM 2027 - Encontra Cama\u00e7ari","og:description":"BYD anuncia sua meta de 50% de nacionaliza\u00e7\u00e3o na f\u00e1brica de Cama\u00e7ari at\u00e9 2027.","og:url":"https:\/\/www.encontracamacari.com.br\/sobre\/byd-afirma-que-meta-e-atingir-50-de-nacionalizacao-na-fabrica-de-camacari-em-2027\/","article:published_time":"2026-02-06T06:15:32+00:00","article:modified_time":"2026-02-06T06:15:32+00:00","twitter:card":"summary_large_image","twitter:title":"BYD AFIRMA QUE META \u00c9 ATINGIR 50% DE NACIONALIZA\u00c7\u00c3O NA F\u00c1BRICA DE CAMA\u00c7ARI EM 2027 - Encontra Cama\u00e7ari","twitter:description":"BYD anuncia sua meta de 50% de nacionaliza\u00e7\u00e3o na f\u00e1brica de Cama\u00e7ari at\u00e9 2027."},"aioseo_meta_data":{"post_id":"665","title":null,"description":null,"keywords":null,"keyphrases":null,"primary_term":null,"canonical_url":null,"og_title":null,"og_description":null,"og_object_type":"default","og_image_type":"default","og_image_url":null,"og_image_width":null,"og_image_height":null,"og_image_custom_url":null,"og_image_custom_fields":null,"og_video":null,"og_custom_url":null,"og_article_section":null,"og_article_tags":null,"twitter_use_og":false,"twitter_card":"default","twitter_image_type":"default","twitter_image_url":null,"twitter_image_custom_url":null,"twitter_image_custom_fields":null,"twitter_title":null,"twitter_description":null,"schema":{"blockGraphs":[],"customGraphs":[],"default":{"data":{"Article":[],"Course":[],"Dataset":[],"FAQPage":[],"Movie":[],"Person":[],"Product":[],"ProductReview":[],"Car":[],"Recipe":[],"Service":[],"SoftwareApplication":[],"WebPage":[]},"graphName":"BlogPosting","isEnabled":true},"graphs":[]},"schema_type":"default","schema_type_options":null,"pillar_content":false,"robots_default":true,"robots_noindex":false,"robots_noarchive":false,"robots_nosnippet":false,"robots_nofollow":false,"robots_noimageindex":false,"robots_noodp":false,"robots_notranslate":false,"robots_max_snippet":null,"robots_max_videopreview":null,"robots_max_imagepreview":"large","priority":null,"frequency":null,"local_seo":null,"limit_modified_date":false,"created":"2026-02-06 06:15:37","updated":"2026-08-06 01:06:06","focus_keyword":null,"additional_keywords":null,"truseo_locale":null,"ai":null,"breadcrumb_settings":null,"seo_analyzer_scan_date":null},"aioseo_breadcrumb":"<div class=\"aioseo-breadcrumbs\"><span class=\"aioseo-breadcrumb\">\n\t\t\t<a href=\"https:\/\/www.encontracamacari.com.br\/sobre\" title=\"Home\">Home<\/a>\n\t\t<\/span><span class=\"aioseo-breadcrumb-separator\">&raquo;<\/span><span class=\"aioseo-breadcrumb\">\n\t\t\t<a href=\"https:\/\/www.encontracamacari.com.br\/sobre\/noticias-em-camacari\/\" title=\"Not\u00edcias Cama\u00e7ari\">Not\u00edcias Cama\u00e7ari<\/a>\n\t\t<\/span><span class=\"aioseo-breadcrumb-separator\">&raquo;<\/span><span class=\"aioseo-breadcrumb\">\n\t\t\tBYD AFIRMA QUE META \u00c9 ATINGIR 50% DE NACIONALIZA\u00c7\u00c3O NA F\u00c1BRICA DE CAMA\u00c7ARI EM 2027\n\t\t<\/span><\/div>","aioseo_breadcrumb_json":[{"label":"Home","link":"https:\/\/www.encontracamacari.com.br\/sobre"},{"label":"Not\u00edcias Cama\u00e7ari","link":"https:\/\/www.encontracamacari.com.br\/sobre\/noticias-em-camacari\/"},{"label":"BYD AFIRMA QUE META \u00c9 ATINGIR 50% DE NACIONALIZA\u00c7\u00c3O NA F\u00c1BRICA DE CAMA\u00c7ARI EM 2027","link":"https:\/\/www.encontracamacari.com.br\/sobre\/byd-afirma-que-meta-e-atingir-50-de-nacionalizacao-na-fabrica-de-camacari-em-2027\/"}],"_links":{"self":[{"href":"https:\/\/www.encontracamacari.com.br\/sobre\/wp-json\/wp\/v2\/posts\/665","targetHints":{"allow":["GET"]}}],"collection":[{"href":"https:\/\/www.encontracamacari.com.br\/sobre\/wp-json\/wp\/v2\/posts"}],"about":[{"href":"https:\/\/www.encontracamacari.com.br\/sobre\/wp-json\/wp\/v2\/types\/post"}],"author":[{"embeddable":true,"href":"https:\/\/www.encontracamacari.com.br\/sobre\/wp-json\/wp\/v2\/users\/1"}],"replies":[{"embeddable":true,"href":"https:\/\/www.encontracamacari.com.br\/sobre\/wp-json\/wp\/v2\/comments?post=665"}],"version-history":[{"count":0,"href":"https:\/\/www.encontracamacari.com.br\/sobre\/wp-json\/wp\/v2\/posts\/665\/revisions"}],"wp:featuredmedia":[{"embeddable":true,"href":"https:\/\/www.encontracamacari.com.br\/sobre\/wp-json\/wp\/v2\/media\/664"}],"wp:attachment":[{"href":"https:\/\/www.encontracamacari.com.br\/sobre\/wp-json\/wp\/v2\/media?parent=665"}],"wp:term":[{"taxonomy":"category","embeddable":true,"href":"https:\/\/www.encontracamacari.com.br\/sobre\/wp-json\/wp\/v2\/categories?post=665"},{"taxonomy":"post_tag","embeddable":true,"href":"https:\/\/www.encontracamacari.com.br\/sobre\/wp-json\/wp\/v2\/tags?post=665"}],"curies":[{"name":"wp","href":"https:\/\/api.w.org\/{rel}","templated":true}]}}