{"id":649,"date":"2026-02-03T06:16:11","date_gmt":"2026-02-03T06:16:11","guid":{"rendered":"https:\/\/www.encontracamacari.com.br\/sobre\/rede-publica-municipal-de-ensino-de-camacari-abre-matriculas-para-novos-alunos\/"},"modified":"2026-02-03T06:16:11","modified_gmt":"2026-02-03T06:16:11","slug":"rede-publica-municipal-de-ensino-de-camacari-abre-matriculas-para-novos-alunos","status":"publish","type":"post","link":"https:\/\/www.encontracamacari.com.br\/sobre\/rede-publica-municipal-de-ensino-de-camacari-abre-matriculas-para-novos-alunos\/","title":{"rendered":"Rede P\u00fablica Municipal de Ensino de Cama\u00e7ari abre matr\u00edculas para novos alunos"},"content":{"rendered":"<div class=\"2410bb7248a64bb1f71103797e0f239b\" data-index=\"1\" style=\"float: none; margin:0px;\">\n<ins class=\"adsbygoogle\"\r\n     style=\"display:block\"\r\n     data-ad-client=\"ca-pub-8585364105181520\"\r\n     data-ad-slot=\"8789329856\"\r\n     data-ad-format=\"auto\"\r\n     data-full-width-responsive=\"true\"><\/ins>\r\n<script>\r\n     (adsbygoogle = window.adsbygoogle || []).push({});\r\n<\/script>\n<\/div>\n<h2>Abertura de Matr\u00edculas na Rede Municipal de Cama\u00e7ari<\/h2>\n<p>As matr\u00edculas para novos alunos na Rede Municipal de Ensino de Cama\u00e7ari est\u00e3o oficialmente abertas para o ano letivo de 2026. A Secretaria de Educa\u00e7\u00e3o do munic\u00edpio anunciou que todos aqueles que enfrentarem dificuldades para realizar a pr\u00e9-matr\u00edcula online t\u00eam a op\u00e7\u00e3o de ir diretamente at\u00e9 a escola de sua escolha ou, se preferirem, podem esclarecer d\u00favidas atrav\u00e9s do WhatsApp pelo n\u00famero <strong>(71) 98796-8484<\/strong>.<\/p>\n<h2>Como Realizar a Matr\u00edcula Online<\/h2>\n<p>A inscri\u00e7\u00e3o dos alunos pode ser feita de forma pr\u00e1tica e r\u00e1pida por meio do Portal de Matr\u00edculas 2026. Basta acessar o site <a href=\"https:\/\/matricula.camacari.ba.gov.br\/\">https:\/\/matricula.camacari.ba.gov.br\/<\/a> e seguir as instru\u00e7\u00f5es para garantir uma vaga, evitando assim filas. Feito isso, o respons\u00e1vel legal deve se apresentar na unidade escolar escolhida, levando em m\u00e3os toda a documenta\u00e7\u00e3o necess\u00e1ria para a confirma\u00e7\u00e3o da matr\u00edcula.<\/p>\n<h2>Documentos Necess\u00e1rios para a Matr\u00edcula<\/h2>\n<p>Para efetuar a matr\u00edcula pessoalmente, os documentos solicitados s\u00e3o:<\/p>\n<p><img decoding=\"async\" src=\"https:\/\/www.encontracamacari.com.br\/sobre\/wp-content\/uploads\/2026\/02\/rede-publica-municipal-de-ensino-de-camacari-abre-matriculas-para-novos-alunos.webp\" alt=\"matr\u00edculas abertas na rede municipal de ensino em Cama\u00e7ari\" loading=\"lazy\" \/><\/p>\n<ul>\n<li>Certid\u00e3o de nascimento ou RG do aluno.<\/li>\n<li>CPF do aluno.<\/li>\n<li>Hist\u00f3rico escolar ou declara\u00e7\u00e3o de transfer\u00eancia.<\/li>\n<li>Cart\u00e3o do SUS.<\/li>\n<li>Cart\u00e3o de vacina\u00e7\u00e3o.<\/li>\n<li>Laudo ou relat\u00f3rio m\u00e9dico (quando houver).<\/li>\n<li>Duas fotografias 3&#215;4.<\/li>\n<li>Documentos do respons\u00e1vel legal, que incluem RG e CPF.<\/li>\n<li>Comprovante de resid\u00eancia atualizado.<\/li>\n<li>Espelho do Cadastro \u00danico, se for benefici\u00e1rio do Programa Bolsa Fam\u00edlia.<\/li>\n<\/ul>\n<h2>Per\u00edodo de Matr\u00edculas para Alunos PcD<\/h2>\n<p>Os primeiros dias de matr\u00edcula, especificamente nos dias <strong>26 e 27 de janeiro<\/strong>, foram reservados exclusivamente para o p\u00fablico PcD (pessoas com defici\u00eancia). Para esses alunos, o processo de matr\u00edcula est\u00e1 acess\u00edvel durante todo o per\u00edodo de inscri\u00e7\u00f5es, que se estende at\u00e9 o dia 30 de janeiro.<\/p><div class=\"2410bb7248a64bb1f71103797e0f239b\" data-index=\"2\" style=\"float: none; margin:0px;\">\n<ins class=\"adsbygoogle\"\r\n     style=\"display:block; text-align:center;\"\r\n     data-ad-layout=\"in-article\"\r\n     data-ad-format=\"fluid\"\r\n     data-ad-client=\"ca-pub-8585364105181520\"\r\n     data-ad-slot=\"2899217073\"><\/ins>\r\n<script>\r\n     (adsbygoogle = window.adsbygoogle || []).push({});\r\n<\/script>\r\n\r\n<\/br><\/br>\n<\/div>\n\n<h2>D\u00favidas Frequentes Sobre a Pr\u00e9-Matr\u00edcula<\/h2>\n<p>Se houver perguntas sobre o processo de pr\u00e9-matr\u00edcula, a Secretaria de Educa\u00e7\u00e3o disponibiliza atendimento pelo WhatsApp. Os profissionais da institui\u00e7\u00e3o est\u00e3o prontos para resolver quest\u00f5es e auxiliar no que for necess\u00e1rio durante a matr\u00edcula.<\/p>\n<h2>Agenda de Matr\u00edculas para 2026<\/h2>\n<p>As datas importantes referentes ao per\u00edodo de matr\u00edculas s\u00e3o:<\/p>\n<ul>\n<li><strong>26 e 27 de janeiro:<\/strong> Exclusivo para alunos PcD.<\/li>\n<li><strong>28 a 30 de janeiro:<\/strong> Todos os demais estudantes podem se matricular.<\/li>\n<\/ul>\n<h2>Import\u00e2ncia da Pr\u00e9-Matr\u00edcula<\/h2>\n<p>A pr\u00e9-matr\u00edcula \u00e9 um passo crucial para garantir que as institui\u00e7\u00f5es de ensino possam organizar suas turmas e recursos adequadamente. Ao fazer esse registro antecipado, \u00e9 poss\u00edvel assegurar uma melhor experi\u00eancia para os alunos e suas fam\u00edlias, al\u00e9m de facilitar o planejamento das atividades escolares.<\/p>\n<h2>Valida\u00e7\u00e3o da Matr\u00edcula na Unidade Escolar<\/h2>\n<p>Ap\u00f3s a pr\u00e9-matr\u00edcula online, o comparecimento \u00e0 unidade escolar onde o aluno foi registrado \u00e9 essencial. Isso deve ocorrer com a documenta\u00e7\u00e3o necess\u00e1ria em m\u00e3os para que a matr\u00edcula seja validada e efetivada.<\/p>\n<h2>Facilidade com a Matr\u00edcula Online<\/h2>\n<p>A possibilidade de realizar a matr\u00edcula online representa uma grande comodidade para os pais e respons\u00e1veis. Este m\u00e9todo reduz a necessidade de filas e tempos de espera, al\u00e9m de tornar o processo mais acess\u00edvel e eficiente.<\/p>\n<h2>Contato para Mais Informa\u00e7\u00f5es<\/h2>\n<p>Para quem ainda possui d\u00favidas ou necessita de mais esclarecimentos sobre o processo, \u00e9 poss\u00edvel entrar em contato diretamente pelo WhatsApp <strong>(71) 98796-8484<\/strong> ou visitar a institui\u00e7\u00e3o de ensino desejada.<\/p>\n<h2>In\u00edcio das Aulas na Rede Municipal<\/h2>\n<p>O in\u00edcio das aulas est\u00e1 previsto para o dia <strong>9 de fevereiro de 2026<\/strong>. Portanto, \u00e9 fundamental que as matr\u00edculas sejam realizadas dentro do prazo estabelecido para que todos os alunos possam come\u00e7ar o ano letivo sem contratempos.<\/p>\n<div class=\"2410bb7248a64bb1f71103797e0f239b\" data-index=\"3\" style=\"float: none; margin:0px;\">\n<\/br><\/br>\r\n\r\n<ins class=\"adsbygoogle\"\r\n     style=\"display:block\"\r\n     data-ad-format=\"fluid\"\r\n     data-ad-layout-key=\"-63+do+n-1s+9e\"\r\n     data-ad-client=\"ca-pub-8585364105181520\"\r\n     data-ad-slot=\"6838462089\"><\/ins>\r\n<script>\r\n     (adsbygoogle = window.adsbygoogle || []).push({});\r\n<\/script>\n<\/div>\n\n<div style=\"font-size: 0px; height: 0px; line-height: 0px; margin: 0; padding: 0; clear: both;\"><\/div>","protected":false},"excerpt":{"rendered":"<p>Matr\u00edculas abertas para novos alunos na Rede Municipal de Cama\u00e7ari. Saiba como garantir a vaga do seu filho!<\/p>\n","protected":false},"author":1,"featured_media":648,"comment_status":"open","ping_status":"closed","sticky":false,"template":"","format":"standard","meta":{"footnotes":""},"categories":[1],"tags":[],"class_list":["post-649","post","type-post","status-publish","format-standard","has-post-thumbnail","hentry","category-noticias-em-camacari","has_thumb"],"aioseo_notices":[],"aioseo_head":"\n\t\t<!-- All in One SEO 5.0.0.1 - aioseo.com -->\n\t<meta name=\"description\" content=\"Matr\u00edculas abertas para novos alunos na Rede Municipal de Cama\u00e7ari. Saiba como garantir a vaga do seu filho!\" \/>\n\t<meta name=\"robots\" content=\"max-image-preview:large\" \/>\n\t<meta name=\"author\" content=\"Encontra Cama\u00e7ari\"\/>\n\t<link rel=\"canonical\" href=\"https:\/\/www.encontracamacari.com.br\/sobre\/rede-publica-municipal-de-ensino-de-camacari-abre-matriculas-para-novos-alunos\/\" \/>\n\t<meta name=\"generator\" content=\"All in One SEO (AIOSEO) 5.0.0.1\" \/>\n\t\t<meta property=\"og:locale\" content=\"pt_BR\" \/>\n\t\t<meta property=\"og:site_name\" content=\"Encontra Cama\u00e7ari - Not\u00edcias, eventos, informa\u00e7\u00f5es e dicas na cidade de Cama\u00e7ari e regi\u00e3o.\" \/>\n\t\t<meta property=\"og:type\" content=\"article\" \/>\n\t\t<meta property=\"og:title\" content=\"Rede P\u00fablica Municipal de Ensino de Cama\u00e7ari abre matr\u00edculas para novos alunos - Encontra Cama\u00e7ari\" \/>\n\t\t<meta property=\"og:description\" content=\"Matr\u00edculas abertas para novos alunos na Rede Municipal de Cama\u00e7ari. Saiba como garantir a vaga do seu filho!\" \/>\n\t\t<meta property=\"og:url\" content=\"https:\/\/www.encontracamacari.com.br\/sobre\/rede-publica-municipal-de-ensino-de-camacari-abre-matriculas-para-novos-alunos\/\" \/>\n\t\t<meta property=\"article:published_time\" content=\"2026-02-03T06:16:11+00:00\" \/>\n\t\t<meta property=\"article:modified_time\" content=\"2026-02-03T06:16:11+00:00\" \/>\n\t\t<meta name=\"twitter:card\" content=\"summary_large_image\" \/>\n\t\t<meta name=\"twitter:title\" content=\"Rede P\u00fablica Municipal de Ensino de Cama\u00e7ari abre matr\u00edculas para novos alunos - Encontra Cama\u00e7ari\" \/>\n\t\t<meta name=\"twitter:description\" content=\"Matr\u00edculas abertas para novos alunos na Rede Municipal de Cama\u00e7ari. Saiba como garantir a vaga do seu filho!\" \/>\n\t\t<script type=\"application\/ld+json\" class=\"aioseo-schema\">\n\t\t\t{\"@context\":\"https:\\\/\\\/schema.org\",\"@graph\":[{\"@type\":\"BlogPosting\",\"@id\":\"https:\\\/\\\/www.encontracamacari.com.br\\\/sobre\\\/rede-publica-municipal-de-ensino-de-camacari-abre-matriculas-para-novos-alunos\\\/#blogposting\",\"name\":\"Rede P\\u00fablica Municipal de Ensino de Cama\\u00e7ari abre matr\\u00edculas para novos alunos - Encontra Cama\\u00e7ari\",\"headline\":\"Rede P\\u00fablica Municipal de Ensino de Cama\\u00e7ari abre matr\\u00edculas para novos alunos\",\"author\":{\"@id\":\"https:\\\/\\\/www.encontracamacari.com.br\\\/sobre\\\/author\\\/ecamacari\\\/#author\"},\"publisher\":{\"@id\":\"https:\\\/\\\/www.encontracamacari.com.br\\\/sobre\\\/#organization\"},\"image\":{\"@type\":\"ImageObject\",\"url\":\"https:\\\/\\\/www.encontracamacari.com.br\\\/sobre\\\/wp-content\\\/uploads\\\/2026\\\/02\\\/rede-publica-municipal-de-ensino-de-camacari-abre-matriculas-para-novos-alunos.webp\",\"width\":280,\"height\":280,\"caption\":\"matr\\u00edculas abertas na rede municipal de ensino em Cama\\u00e7ari\"},\"datePublished\":\"2026-02-03T06:16:11+00:00\",\"dateModified\":\"2026-02-03T06:16:11+00:00\",\"inLanguage\":\"pt-BR\",\"mainEntityOfPage\":{\"@id\":\"https:\\\/\\\/www.encontracamacari.com.br\\\/sobre\\\/rede-publica-municipal-de-ensino-de-camacari-abre-matriculas-para-novos-alunos\\\/#webpage\"},\"isPartOf\":{\"@id\":\"https:\\\/\\\/www.encontracamacari.com.br\\\/sobre\\\/rede-publica-municipal-de-ensino-de-camacari-abre-matriculas-para-novos-alunos\\\/#webpage\"},\"articleSection\":\"Not\\u00edcias Cama\\u00e7ari\"},{\"@type\":\"BreadcrumbList\",\"@id\":\"https:\\\/\\\/www.encontracamacari.com.br\\\/sobre\\\/rede-publica-municipal-de-ensino-de-camacari-abre-matriculas-para-novos-alunos\\\/#breadcrumblist\",\"itemListElement\":[{\"@type\":\"ListItem\",\"@id\":\"https:\\\/\\\/www.encontracamacari.com.br\\\/sobre#listItem\",\"position\":1,\"name\":\"Home\",\"item\":\"https:\\\/\\\/www.encontracamacari.com.br\\\/sobre\",\"nextItem\":{\"@type\":\"ListItem\",\"@id\":\"https:\\\/\\\/www.encontracamacari.com.br\\\/sobre\\\/noticias-em-camacari\\\/#listItem\",\"name\":\"Not\\u00edcias Cama\\u00e7ari\"}},{\"@type\":\"ListItem\",\"@id\":\"https:\\\/\\\/www.encontracamacari.com.br\\\/sobre\\\/noticias-em-camacari\\\/#listItem\",\"position\":2,\"name\":\"Not\\u00edcias Cama\\u00e7ari\",\"item\":\"https:\\\/\\\/www.encontracamacari.com.br\\\/sobre\\\/noticias-em-camacari\\\/\",\"nextItem\":{\"@type\":\"ListItem\",\"@id\":\"https:\\\/\\\/www.encontracamacari.com.br\\\/sobre\\\/rede-publica-municipal-de-ensino-de-camacari-abre-matriculas-para-novos-alunos\\\/#listItem\",\"name\":\"Rede P\\u00fablica Municipal de Ensino de Cama\\u00e7ari abre matr\\u00edculas para novos alunos\"},\"previousItem\":{\"@type\":\"ListItem\",\"@id\":\"https:\\\/\\\/www.encontracamacari.com.br\\\/sobre#listItem\",\"name\":\"Home\"}},{\"@type\":\"ListItem\",\"@id\":\"https:\\\/\\\/www.encontracamacari.com.br\\\/sobre\\\/rede-publica-municipal-de-ensino-de-camacari-abre-matriculas-para-novos-alunos\\\/#listItem\",\"position\":3,\"name\":\"Rede P\\u00fablica Municipal de Ensino de Cama\\u00e7ari abre matr\\u00edculas para novos alunos\",\"previousItem\":{\"@type\":\"ListItem\",\"@id\":\"https:\\\/\\\/www.encontracamacari.com.br\\\/sobre\\\/noticias-em-camacari\\\/#listItem\",\"name\":\"Not\\u00edcias Cama\\u00e7ari\"}}]},{\"@type\":\"Organization\",\"@id\":\"https:\\\/\\\/www.encontracamacari.com.br\\\/sobre\\\/#organization\",\"name\":\"Encontra Cama\\u00e7ari\",\"description\":\"Not\\u00edcias, eventos, informa\\u00e7\\u00f5es e dicas na cidade de Cama\\u00e7ari e regi\\u00e3o.\",\"url\":\"https:\\\/\\\/www.encontracamacari.com.br\\\/sobre\\\/\"},{\"@type\":\"Person\",\"@id\":\"https:\\\/\\\/www.encontracamacari.com.br\\\/sobre\\\/author\\\/ecamacari\\\/#author\",\"url\":\"https:\\\/\\\/www.encontracamacari.com.br\\\/sobre\\\/author\\\/ecamacari\\\/\",\"name\":\"Encontra Cama\\u00e7ari\",\"image\":{\"@type\":\"ImageObject\",\"@id\":\"https:\\\/\\\/www.encontracamacari.com.br\\\/sobre\\\/rede-publica-municipal-de-ensino-de-camacari-abre-matriculas-para-novos-alunos\\\/#authorImage\",\"url\":\"https:\\\/\\\/secure.gravatar.com\\\/avatar\\\/507340682b8270222e1f208e23198b6ae7e2c6a1033ae84e99bc6bce4f82a387?s=96&d=mm&r=g\",\"width\":96,\"height\":96,\"caption\":\"Encontra Cama\\u00e7ari\"}},{\"@type\":\"WebPage\",\"@id\":\"https:\\\/\\\/www.encontracamacari.com.br\\\/sobre\\\/rede-publica-municipal-de-ensino-de-camacari-abre-matriculas-para-novos-alunos\\\/#webpage\",\"url\":\"https:\\\/\\\/www.encontracamacari.com.br\\\/sobre\\\/rede-publica-municipal-de-ensino-de-camacari-abre-matriculas-para-novos-alunos\\\/\",\"name\":\"Rede P\\u00fablica Municipal de Ensino de Cama\\u00e7ari abre matr\\u00edculas para novos alunos - Encontra Cama\\u00e7ari\",\"description\":\"Matr\\u00edculas abertas para novos alunos na Rede Municipal de Cama\\u00e7ari. Saiba como garantir a vaga do seu filho!\",\"inLanguage\":\"pt-BR\",\"isPartOf\":{\"@id\":\"https:\\\/\\\/www.encontracamacari.com.br\\\/sobre\\\/#website\"},\"breadcrumb\":{\"@id\":\"https:\\\/\\\/www.encontracamacari.com.br\\\/sobre\\\/rede-publica-municipal-de-ensino-de-camacari-abre-matriculas-para-novos-alunos\\\/#breadcrumblist\"},\"author\":{\"@id\":\"https:\\\/\\\/www.encontracamacari.com.br\\\/sobre\\\/author\\\/ecamacari\\\/#author\"},\"creator\":{\"@id\":\"https:\\\/\\\/www.encontracamacari.com.br\\\/sobre\\\/author\\\/ecamacari\\\/#author\"},\"image\":{\"@type\":\"ImageObject\",\"url\":\"https:\\\/\\\/www.encontracamacari.com.br\\\/sobre\\\/wp-content\\\/uploads\\\/2026\\\/02\\\/rede-publica-municipal-de-ensino-de-camacari-abre-matriculas-para-novos-alunos.webp\",\"@id\":\"https:\\\/\\\/www.encontracamacari.com.br\\\/sobre\\\/rede-publica-municipal-de-ensino-de-camacari-abre-matriculas-para-novos-alunos\\\/#mainImage\",\"width\":280,\"height\":280,\"caption\":\"matr\\u00edculas abertas na rede municipal de ensino em Cama\\u00e7ari\"},\"primaryImageOfPage\":{\"@id\":\"https:\\\/\\\/www.encontracamacari.com.br\\\/sobre\\\/rede-publica-municipal-de-ensino-de-camacari-abre-matriculas-para-novos-alunos\\\/#mainImage\"},\"datePublished\":\"2026-02-03T06:16:11+00:00\",\"dateModified\":\"2026-02-03T06:16:11+00:00\"},{\"@type\":\"WebSite\",\"@id\":\"https:\\\/\\\/www.encontracamacari.com.br\\\/sobre\\\/#website\",\"url\":\"https:\\\/\\\/www.encontracamacari.com.br\\\/sobre\\\/\",\"name\":\"Encontra Cama\\u00e7ari\",\"description\":\"Not\\u00edcias, eventos, informa\\u00e7\\u00f5es e dicas na cidade de Cama\\u00e7ari e regi\\u00e3o.\",\"inLanguage\":\"pt-BR\",\"publisher\":{\"@id\":\"https:\\\/\\\/www.encontracamacari.com.br\\\/sobre\\\/#organization\"}}]}\n\t\t<\/script>\n\t\t<!-- All in One SEO -->\n\n","aioseo_head_json":{"title":"Rede P\u00fablica Municipal de Ensino de Cama\u00e7ari abre matr\u00edculas para novos alunos - Encontra Cama\u00e7ari","description":"Matr\u00edculas abertas para novos alunos na Rede Municipal de Cama\u00e7ari. Saiba como garantir a vaga do seu filho!","canonical_url":"https:\/\/www.encontracamacari.com.br\/sobre\/rede-publica-municipal-de-ensino-de-camacari-abre-matriculas-para-novos-alunos\/","robots":"max-image-preview:large","keywords":"","webmasterTools":{"miscellaneous":""},"schema":{"@context":"https:\/\/schema.org","@graph":[{"@type":"BlogPosting","@id":"https:\/\/www.encontracamacari.com.br\/sobre\/rede-publica-municipal-de-ensino-de-camacari-abre-matriculas-para-novos-alunos\/#blogposting","name":"Rede P\u00fablica Municipal de Ensino de Cama\u00e7ari abre matr\u00edculas para novos alunos - Encontra Cama\u00e7ari","headline":"Rede P\u00fablica Municipal de Ensino de Cama\u00e7ari abre matr\u00edculas para novos alunos","author":{"@id":"https:\/\/www.encontracamacari.com.br\/sobre\/author\/ecamacari\/#author"},"publisher":{"@id":"https:\/\/www.encontracamacari.com.br\/sobre\/#organization"},"image":{"@type":"ImageObject","url":"https:\/\/www.encontracamacari.com.br\/sobre\/wp-content\/uploads\/2026\/02\/rede-publica-municipal-de-ensino-de-camacari-abre-matriculas-para-novos-alunos.webp","width":280,"height":280,"caption":"matr\u00edculas abertas na rede municipal de ensino em Cama\u00e7ari"},"datePublished":"2026-02-03T06:16:11+00:00","dateModified":"2026-02-03T06:16:11+00:00","inLanguage":"pt-BR","mainEntityOfPage":{"@id":"https:\/\/www.encontracamacari.com.br\/sobre\/rede-publica-municipal-de-ensino-de-camacari-abre-matriculas-para-novos-alunos\/#webpage"},"isPartOf":{"@id":"https:\/\/www.encontracamacari.com.br\/sobre\/rede-publica-municipal-de-ensino-de-camacari-abre-matriculas-para-novos-alunos\/#webpage"},"articleSection":"Not\u00edcias Cama\u00e7ari"},{"@type":"BreadcrumbList","@id":"https:\/\/www.encontracamacari.com.br\/sobre\/rede-publica-municipal-de-ensino-de-camacari-abre-matriculas-para-novos-alunos\/#breadcrumblist","itemListElement":[{"@type":"ListItem","@id":"https:\/\/www.encontracamacari.com.br\/sobre#listItem","position":1,"name":"Home","item":"https:\/\/www.encontracamacari.com.br\/sobre","nextItem":{"@type":"ListItem","@id":"https:\/\/www.encontracamacari.com.br\/sobre\/noticias-em-camacari\/#listItem","name":"Not\u00edcias Cama\u00e7ari"}},{"@type":"ListItem","@id":"https:\/\/www.encontracamacari.com.br\/sobre\/noticias-em-camacari\/#listItem","position":2,"name":"Not\u00edcias Cama\u00e7ari","item":"https:\/\/www.encontracamacari.com.br\/sobre\/noticias-em-camacari\/","nextItem":{"@type":"ListItem","@id":"https:\/\/www.encontracamacari.com.br\/sobre\/rede-publica-municipal-de-ensino-de-camacari-abre-matriculas-para-novos-alunos\/#listItem","name":"Rede P\u00fablica Municipal de Ensino de Cama\u00e7ari abre matr\u00edculas para novos alunos"},"previousItem":{"@type":"ListItem","@id":"https:\/\/www.encontracamacari.com.br\/sobre#listItem","name":"Home"}},{"@type":"ListItem","@id":"https:\/\/www.encontracamacari.com.br\/sobre\/rede-publica-municipal-de-ensino-de-camacari-abre-matriculas-para-novos-alunos\/#listItem","position":3,"name":"Rede P\u00fablica Municipal de Ensino de Cama\u00e7ari abre matr\u00edculas para novos alunos","previousItem":{"@type":"ListItem","@id":"https:\/\/www.encontracamacari.com.br\/sobre\/noticias-em-camacari\/#listItem","name":"Not\u00edcias Cama\u00e7ari"}}]},{"@type":"Organization","@id":"https:\/\/www.encontracamacari.com.br\/sobre\/#organization","name":"Encontra Cama\u00e7ari","description":"Not\u00edcias, eventos, informa\u00e7\u00f5es e dicas na cidade de Cama\u00e7ari e regi\u00e3o.","url":"https:\/\/www.encontracamacari.com.br\/sobre\/"},{"@type":"Person","@id":"https:\/\/www.encontracamacari.com.br\/sobre\/author\/ecamacari\/#author","url":"https:\/\/www.encontracamacari.com.br\/sobre\/author\/ecamacari\/","name":"Encontra Cama\u00e7ari","image":{"@type":"ImageObject","@id":"https:\/\/www.encontracamacari.com.br\/sobre\/rede-publica-municipal-de-ensino-de-camacari-abre-matriculas-para-novos-alunos\/#authorImage","url":"https:\/\/secure.gravatar.com\/avatar\/507340682b8270222e1f208e23198b6ae7e2c6a1033ae84e99bc6bce4f82a387?s=96&d=mm&r=g","width":96,"height":96,"caption":"Encontra Cama\u00e7ari"}},{"@type":"WebPage","@id":"https:\/\/www.encontracamacari.com.br\/sobre\/rede-publica-municipal-de-ensino-de-camacari-abre-matriculas-para-novos-alunos\/#webpage","url":"https:\/\/www.encontracamacari.com.br\/sobre\/rede-publica-municipal-de-ensino-de-camacari-abre-matriculas-para-novos-alunos\/","name":"Rede P\u00fablica Municipal de Ensino de Cama\u00e7ari abre matr\u00edculas para novos alunos - Encontra Cama\u00e7ari","description":"Matr\u00edculas abertas para novos alunos na Rede Municipal de Cama\u00e7ari. Saiba como garantir a vaga do seu filho!","inLanguage":"pt-BR","isPartOf":{"@id":"https:\/\/www.encontracamacari.com.br\/sobre\/#website"},"breadcrumb":{"@id":"https:\/\/www.encontracamacari.com.br\/sobre\/rede-publica-municipal-de-ensino-de-camacari-abre-matriculas-para-novos-alunos\/#breadcrumblist"},"author":{"@id":"https:\/\/www.encontracamacari.com.br\/sobre\/author\/ecamacari\/#author"},"creator":{"@id":"https:\/\/www.encontracamacari.com.br\/sobre\/author\/ecamacari\/#author"},"image":{"@type":"ImageObject","url":"https:\/\/www.encontracamacari.com.br\/sobre\/wp-content\/uploads\/2026\/02\/rede-publica-municipal-de-ensino-de-camacari-abre-matriculas-para-novos-alunos.webp","@id":"https:\/\/www.encontracamacari.com.br\/sobre\/rede-publica-municipal-de-ensino-de-camacari-abre-matriculas-para-novos-alunos\/#mainImage","width":280,"height":280,"caption":"matr\u00edculas abertas na rede municipal de ensino em Cama\u00e7ari"},"primaryImageOfPage":{"@id":"https:\/\/www.encontracamacari.com.br\/sobre\/rede-publica-municipal-de-ensino-de-camacari-abre-matriculas-para-novos-alunos\/#mainImage"},"datePublished":"2026-02-03T06:16:11+00:00","dateModified":"2026-02-03T06:16:11+00:00"},{"@type":"WebSite","@id":"https:\/\/www.encontracamacari.com.br\/sobre\/#website","url":"https:\/\/www.encontracamacari.com.br\/sobre\/","name":"Encontra Cama\u00e7ari","description":"Not\u00edcias, eventos, informa\u00e7\u00f5es e dicas na cidade de Cama\u00e7ari e regi\u00e3o.","inLanguage":"pt-BR","publisher":{"@id":"https:\/\/www.encontracamacari.com.br\/sobre\/#organization"}}]},"og:locale":"pt_BR","og:site_name":"Encontra Cama\u00e7ari - Not\u00edcias, eventos, informa\u00e7\u00f5es e dicas na cidade de Cama\u00e7ari e regi\u00e3o.","og:type":"article","og:title":"Rede P\u00fablica Municipal de Ensino de Cama\u00e7ari abre matr\u00edculas para novos alunos - Encontra Cama\u00e7ari","og:description":"Matr\u00edculas abertas para novos alunos na Rede Municipal de Cama\u00e7ari. Saiba como garantir a vaga do seu filho!","og:url":"https:\/\/www.encontracamacari.com.br\/sobre\/rede-publica-municipal-de-ensino-de-camacari-abre-matriculas-para-novos-alunos\/","article:published_time":"2026-02-03T06:16:11+00:00","article:modified_time":"2026-02-03T06:16:11+00:00","twitter:card":"summary_large_image","twitter:title":"Rede P\u00fablica Municipal de Ensino de Cama\u00e7ari abre matr\u00edculas para novos alunos - Encontra Cama\u00e7ari","twitter:description":"Matr\u00edculas abertas para novos alunos na Rede Municipal de Cama\u00e7ari. Saiba como garantir a vaga do seu filho!"},"aioseo_meta_data":{"post_id":"649","title":null,"description":null,"keywords":null,"keyphrases":null,"primary_term":null,"canonical_url":null,"og_title":null,"og_description":null,"og_object_type":"default","og_image_type":"default","og_image_url":null,"og_image_width":null,"og_image_height":null,"og_image_custom_url":null,"og_image_custom_fields":null,"og_video":null,"og_custom_url":null,"og_article_section":null,"og_article_tags":null,"twitter_use_og":false,"twitter_card":"default","twitter_image_type":"default","twitter_image_url":null,"twitter_image_custom_url":null,"twitter_image_custom_fields":null,"twitter_title":null,"twitter_description":null,"schema":{"blockGraphs":[],"customGraphs":[],"default":{"data":{"Article":[],"Course":[],"Dataset":[],"FAQPage":[],"Movie":[],"Person":[],"Product":[],"ProductReview":[],"Car":[],"Recipe":[],"Service":[],"SoftwareApplication":[],"WebPage":[]},"graphName":"BlogPosting","isEnabled":true},"graphs":[]},"schema_type":"default","schema_type_options":null,"pillar_content":false,"robots_default":true,"robots_noindex":false,"robots_noarchive":false,"robots_nosnippet":false,"robots_nofollow":false,"robots_noimageindex":false,"robots_noodp":false,"robots_notranslate":false,"robots_max_snippet":null,"robots_max_videopreview":null,"robots_max_imagepreview":"large","priority":null,"frequency":null,"local_seo":null,"limit_modified_date":false,"created":"2026-02-03 06:16:16","updated":"2026-08-06 01:04:40","focus_keyword":null,"additional_keywords":null,"truseo_locale":null,"ai":null,"breadcrumb_settings":null,"seo_analyzer_scan_date":null},"aioseo_breadcrumb":"<div class=\"aioseo-breadcrumbs\"><span class=\"aioseo-breadcrumb\">\n\t\t\t<a href=\"https:\/\/www.encontracamacari.com.br\/sobre\" title=\"Home\">Home<\/a>\n\t\t<\/span><span class=\"aioseo-breadcrumb-separator\">&raquo;<\/span><span class=\"aioseo-breadcrumb\">\n\t\t\t<a href=\"https:\/\/www.encontracamacari.com.br\/sobre\/noticias-em-camacari\/\" title=\"Not\u00edcias Cama\u00e7ari\">Not\u00edcias Cama\u00e7ari<\/a>\n\t\t<\/span><span class=\"aioseo-breadcrumb-separator\">&raquo;<\/span><span class=\"aioseo-breadcrumb\">\n\t\t\tRede P\u00fablica Municipal de Ensino de Cama\u00e7ari abre matr\u00edculas para novos alunos\n\t\t<\/span><\/div>","aioseo_breadcrumb_json":[{"label":"Home","link":"https:\/\/www.encontracamacari.com.br\/sobre"},{"label":"Not\u00edcias Cama\u00e7ari","link":"https:\/\/www.encontracamacari.com.br\/sobre\/noticias-em-camacari\/"},{"label":"Rede P\u00fablica Municipal de Ensino de Cama\u00e7ari abre matr\u00edculas para novos alunos","link":"https:\/\/www.encontracamacari.com.br\/sobre\/rede-publica-municipal-de-ensino-de-camacari-abre-matriculas-para-novos-alunos\/"}],"_links":{"self":[{"href":"https:\/\/www.encontracamacari.com.br\/sobre\/wp-json\/wp\/v2\/posts\/649","targetHints":{"allow":["GET"]}}],"collection":[{"href":"https:\/\/www.encontracamacari.com.br\/sobre\/wp-json\/wp\/v2\/posts"}],"about":[{"href":"https:\/\/www.encontracamacari.com.br\/sobre\/wp-json\/wp\/v2\/types\/post"}],"author":[{"embeddable":true,"href":"https:\/\/www.encontracamacari.com.br\/sobre\/wp-json\/wp\/v2\/users\/1"}],"replies":[{"embeddable":true,"href":"https:\/\/www.encontracamacari.com.br\/sobre\/wp-json\/wp\/v2\/comments?post=649"}],"version-history":[{"count":0,"href":"https:\/\/www.encontracamacari.com.br\/sobre\/wp-json\/wp\/v2\/posts\/649\/revisions"}],"wp:featuredmedia":[{"embeddable":true,"href":"https:\/\/www.encontracamacari.com.br\/sobre\/wp-json\/wp\/v2\/media\/648"}],"wp:attachment":[{"href":"https:\/\/www.encontracamacari.com.br\/sobre\/wp-json\/wp\/v2\/media?parent=649"}],"wp:term":[{"taxonomy":"category","embeddable":true,"href":"https:\/\/www.encontracamacari.com.br\/sobre\/wp-json\/wp\/v2\/categories?post=649"},{"taxonomy":"post_tag","embeddable":true,"href":"https:\/\/www.encontracamacari.com.br\/sobre\/wp-json\/wp\/v2\/tags?post=649"}],"curies":[{"name":"wp","href":"https:\/\/api.w.org\/{rel}","templated":true}]}}