{"id":643,"date":"2026-01-31T06:16:45","date_gmt":"2026-01-31T06:16:45","guid":{"rendered":"https:\/\/www.encontracamacari.com.br\/sobre\/secult-divulga-1a-lista-de-habilitacao-documental-do-edital-ativacao-cultural-de-camacari\/"},"modified":"2026-01-31T06:16:45","modified_gmt":"2026-01-31T06:16:45","slug":"secult-divulga-1a-lista-de-habilitacao-documental-do-edital-ativacao-cultural-de-camacari","status":"publish","type":"post","link":"https:\/\/www.encontracamacari.com.br\/sobre\/secult-divulga-1a-lista-de-habilitacao-documental-do-edital-ativacao-cultural-de-camacari\/","title":{"rendered":"Secult divulga 1\u00aa lista de habilita\u00e7\u00e3o documental do edital Ativa\u00e7\u00e3o Cultural de Cama\u00e7ari"},"content":{"rendered":"<div class=\"2410bb7248a64bb1f71103797e0f239b\" data-index=\"1\" style=\"float: none; margin:0px;\">\n<ins class=\"adsbygoogle\"\r\n     style=\"display:block\"\r\n     data-ad-client=\"ca-pub-8585364105181520\"\r\n     data-ad-slot=\"8789329856\"\r\n     data-ad-format=\"auto\"\r\n     data-full-width-responsive=\"true\"><\/ins>\r\n<script>\r\n     (adsbygoogle = window.adsbygoogle || []).push({});\r\n<\/script>\n<\/div>\n<h2>O que \u00e9 o edital de Ativa\u00e7\u00e3o Cultural?<\/h2>\n<p>O edital Ativa\u00e7\u00e3o Cultural \u00e9 uma iniciativa da Prefeitura de Cama\u00e7ari, gerida pela Secretaria de Cultura (Secult), cujo prop\u00f3sito \u00e9 fomentar a cultura local atrav\u00e9s da sele\u00e7\u00e3o de propostas art\u00edsticas. Este edital visa estabelecer um banco de profissionais qualificados, possibilitando a oferta de servi\u00e7os de apresenta\u00e7\u00f5es em diversas \u00e1reas art\u00edsticas, promovendo o acesso \u00e0 cultura nas diferentes regi\u00f5es do munic\u00edpio.<\/p>\n<h2>Quem pode se inscrever?<\/h2>\n<p>A participa\u00e7\u00e3o no edital \u00e9 aberta a artistas e grupos que atuam nas \u00e1reas culturais especificadas. Os proponentes devem garantir que atendem aos crit\u00e9rios estabelecidos no edital, incluindo o correto preenchimento da ficha de inscri\u00e7\u00e3o e anexa\u00e7\u00e3o da documenta\u00e7\u00e3o necess\u00e1ria. Qualquer um que tenha interesse em promover atividades culturais e que se encaixe nas categorias mencionadas \u00e9 bem-vindo a se inscrever.<\/p>\n<h2>Import\u00e2ncia da habilita\u00e7\u00e3o cultural<\/h2>\n<p>A habilita\u00e7\u00e3o cultural \u00e9 uma etapa fundamental do processo, pois serve como um filtro que assegura que apenas propostas s\u00e9rias e bem estruturadas avancem no edital. Essa avalia\u00e7\u00e3o cobre pontos importantes como a viabilidade do projeto e a experi\u00eancia do proponente, garantindo que as iniciativas culturais possuam qualidade e relev\u00e2ncia para a comunidade.<\/p>\n<p><img decoding=\"async\" src=\"https:\/\/www.encontracamacari.com.br\/sobre\/wp-content\/uploads\/2026\/01\/secult-divulga-1-lista-de-habilitacao-documental-do-edital-ativacao-cultural-de-camacari.webp\" alt=\"ativa\u00e7\u00e3o cultural de Cama\u00e7ari\" loading=\"lazy\" \/><\/p>\n<h2>Como funciona o processo de habilita\u00e7\u00e3o<\/h2>\n<p>O processo de habilita\u00e7\u00e3o d\u00e1 in\u00edcio com a an\u00e1lise documental dos proponentes, que precisam apresentar toda a documenta\u00e7\u00e3o solicitada. A avalia\u00e7\u00e3o se dar\u00e1 com base em crit\u00e9rios como a proposta art\u00edstica que ser\u00e1 apresentada, o portf\u00f3lio e o curr\u00edculo da equipe envolvida. As propostas aprovadas seguir\u00e3o para uma fase de habilita\u00e7\u00e3o cultural, onde ser\u00e3o examinadas de forma mais detalhada.<\/p>\n<h2>Modalidades contempladas no edital<\/h2>\n<p>As modalidades art\u00edsticas que o edital contempla incluem:<\/p><div class=\"2410bb7248a64bb1f71103797e0f239b\" data-index=\"2\" style=\"float: none; margin:0px;\">\n<ins class=\"adsbygoogle\"\r\n     style=\"display:block; text-align:center;\"\r\n     data-ad-layout=\"in-article\"\r\n     data-ad-format=\"fluid\"\r\n     data-ad-client=\"ca-pub-8585364105181520\"\r\n     data-ad-slot=\"2899217073\"><\/ins>\r\n<script>\r\n     (adsbygoogle = window.adsbygoogle || []).push({});\r\n<\/script>\r\n\r\n<\/br><\/br>\n<\/div>\n\n<ul>\n<li><strong>M\u00fasica:<\/strong> Inclui shows e apresenta\u00e7\u00f5es musicais.<\/li>\n<li><strong>Dan\u00e7a:<\/strong> Abrange espet\u00e1culos e mostras de dan\u00e7a.<\/li>\n<li><strong>Artes Visuais:<\/strong> Focando em exposi\u00e7\u00f5es e feiras de arte.<\/li>\n<li><strong>Teatro:<\/strong> Englobando espet\u00e1culos e mostras teatrais.<\/li>\n<li><strong>Literatura:<\/strong> Envolvendo publica\u00e7\u00e3o de livros, sarais e feiras liter\u00e1rias.<\/li>\n<li><strong>Cinema\/Audiovisual:<\/strong> Produ\u00e7\u00e3o de curtas, videoclipes, cineclubes e exibi\u00e7\u00f5es de filmes.<\/li>\n<li><strong>Cultura Popular:<\/strong> Cortes e apresenta\u00e7\u00f5es t\u00edpicas, incluindo trios nordestinos.<\/li>\n<li><strong>Quadrilhas:<\/strong> Apresenta\u00e7\u00f5es de quadrilhas juninas.<\/li>\n<\/ul>\n<h2>Prazos e formas de inscri\u00e7\u00e3o<\/h2>\n<p>As inscri\u00e7\u00f5es para o edital Ativa\u00e7\u00e3o Cultural de Cama\u00e7ari est\u00e3o abertas durante todo o per\u00edodo de vig\u00eancia do edital, que se estende at\u00e9 8 de dezembro de 2026. Os interessados devem se inscrever online por meio do formul\u00e1rio dispon\u00edvel no Portal da Secult, onde tamb\u00e9m podem acessar a \u00edntegra do edital. A periodicidade das publica\u00e7\u00f5es de lista de votos ser\u00e1 mantida para manter todos os participantes informados.<\/p>\n<h2>Recursos e contesta\u00e7\u00f5es: como proceder<\/h2>\n<p>A lista de habilita\u00e7\u00e3o documental foi divulgada pela Portaria n\u00ba 38\/2026, permitindo aos proponentes um prazo de tr\u00eas dias \u00fateis, ap\u00f3s a publica\u00e7\u00e3o, para apresentarem qualquer recurso que considerem necess\u00e1rio. \u00c9 essencial que os candidatos estejam atentos a esses prazos e sigam as orienta\u00e7\u00f5es para contesta\u00e7\u00e3o.<\/p>\n<h2>Remunera\u00e7\u00e3o para artistas e grupos<\/h2>\n<p>A remunera\u00e7\u00e3o prevista para os artistas e grupos que forem selecionados varia conforme a categoria em que se enquadram:<\/p>\n<ul>\n<li><strong>Categoria B:<\/strong> R$ 3.000 para artistas e grupos de at\u00e9 tr\u00eas integrantes.<\/li>\n<li><strong>Categoria A:<\/strong> R$ 5.000 para grupos a partir de quatro integrantes.<\/li>\n<li><strong>Categoria C:<\/strong> R$ 10.000 para conjuntos com dez ou mais integrantes.<\/li>\n<\/ul>\n<h2>Pr\u00f3ximos passos ap\u00f3s a habilita\u00e7\u00e3o<\/h2>\n<p>Ap\u00f3s a fase de habilita\u00e7\u00e3o, os proponentes que tiveram suas propostas aprovadas ser\u00e3o convocados conforme a demanda de servi\u00e7os, seguindo as necessidades do munic\u00edpio e as modalidades espec\u00edficas requeridas. Essa convoca\u00e7\u00e3o ser\u00e1 realizada sempre que houver oportunidades de realiza\u00e7\u00e3o de apresenta\u00e7\u00f5es art\u00edsticas.<\/p>\n<h2>Contato para mais informa\u00e7\u00f5es<\/h2>\n<p>Para esclarecimentos e informa\u00e7\u00f5es adicionais, os interessados podem entrar em contato com a Secretaria de Cultura atrav\u00e9s do e-mail ceasc.camacari@gmail.com ou telefone (71) 3644-9824. Essa linha de comunica\u00e7\u00e3o \u00e9 fundamental para resolver d\u00favidas sobre o edital e garantir que todos os detalhes sejam compreendidos pelos proponentes.<\/p>\n<div class=\"2410bb7248a64bb1f71103797e0f239b\" data-index=\"3\" style=\"float: none; margin:0px;\">\n<\/br><\/br>\r\n\r\n<ins class=\"adsbygoogle\"\r\n     style=\"display:block\"\r\n     data-ad-format=\"fluid\"\r\n     data-ad-layout-key=\"-63+do+n-1s+9e\"\r\n     data-ad-client=\"ca-pub-8585364105181520\"\r\n     data-ad-slot=\"6838462089\"><\/ins>\r\n<script>\r\n     (adsbygoogle = window.adsbygoogle || []).push({});\r\n<\/script>\n<\/div>\n\n<div style=\"font-size: 0px; height: 0px; line-height: 0px; margin: 0; padding: 0; clear: both;\"><\/div>","protected":false},"excerpt":{"rendered":"<p>Ativa\u00e7\u00e3o Cultural de Cama\u00e7ari divulga a 1\u00aa lista de habilita\u00e7\u00e3o de proponentes.<\/p>\n","protected":false},"author":1,"featured_media":642,"comment_status":"open","ping_status":"closed","sticky":false,"template":"","format":"standard","meta":{"footnotes":""},"categories":[1],"tags":[],"class_list":["post-643","post","type-post","status-publish","format-standard","has-post-thumbnail","hentry","category-noticias-em-camacari","has_thumb"],"aioseo_notices":[],"aioseo_head":"\n\t\t<!-- All in One SEO 5.0.0.1 - aioseo.com -->\n\t<meta name=\"description\" content=\"Ativa\u00e7\u00e3o Cultural de Cama\u00e7ari divulga a 1\u00aa lista de habilita\u00e7\u00e3o de proponentes.\" \/>\n\t<meta name=\"robots\" content=\"max-image-preview:large\" \/>\n\t<meta name=\"author\" content=\"Encontra Cama\u00e7ari\"\/>\n\t<link rel=\"canonical\" href=\"https:\/\/www.encontracamacari.com.br\/sobre\/secult-divulga-1a-lista-de-habilitacao-documental-do-edital-ativacao-cultural-de-camacari\/\" \/>\n\t<meta name=\"generator\" content=\"All in One SEO (AIOSEO) 5.0.0.1\" \/>\n\t\t<meta property=\"og:locale\" content=\"pt_BR\" \/>\n\t\t<meta property=\"og:site_name\" content=\"Encontra Cama\u00e7ari - Not\u00edcias, eventos, informa\u00e7\u00f5es e dicas na cidade de Cama\u00e7ari e regi\u00e3o.\" \/>\n\t\t<meta property=\"og:type\" content=\"article\" \/>\n\t\t<meta property=\"og:title\" content=\"Secult divulga 1\u00aa lista de habilita\u00e7\u00e3o documental do edital Ativa\u00e7\u00e3o Cultural de Cama\u00e7ari - Encontra Cama\u00e7ari\" \/>\n\t\t<meta property=\"og:description\" content=\"Ativa\u00e7\u00e3o Cultural de Cama\u00e7ari divulga a 1\u00aa lista de habilita\u00e7\u00e3o de proponentes.\" \/>\n\t\t<meta property=\"og:url\" content=\"https:\/\/www.encontracamacari.com.br\/sobre\/secult-divulga-1a-lista-de-habilitacao-documental-do-edital-ativacao-cultural-de-camacari\/\" \/>\n\t\t<meta property=\"article:published_time\" content=\"2026-01-31T06:16:45+00:00\" \/>\n\t\t<meta property=\"article:modified_time\" content=\"2026-01-31T06:16:45+00:00\" \/>\n\t\t<meta name=\"twitter:card\" content=\"summary_large_image\" \/>\n\t\t<meta name=\"twitter:title\" content=\"Secult divulga 1\u00aa lista de habilita\u00e7\u00e3o documental do edital Ativa\u00e7\u00e3o Cultural de Cama\u00e7ari - Encontra Cama\u00e7ari\" \/>\n\t\t<meta name=\"twitter:description\" content=\"Ativa\u00e7\u00e3o Cultural de Cama\u00e7ari divulga a 1\u00aa lista de habilita\u00e7\u00e3o de proponentes.\" \/>\n\t\t<script type=\"application\/ld+json\" class=\"aioseo-schema\">\n\t\t\t{\"@context\":\"https:\\\/\\\/schema.org\",\"@graph\":[{\"@type\":\"BlogPosting\",\"@id\":\"https:\\\/\\\/www.encontracamacari.com.br\\\/sobre\\\/secult-divulga-1a-lista-de-habilitacao-documental-do-edital-ativacao-cultural-de-camacari\\\/#blogposting\",\"name\":\"Secult divulga 1\\u00aa lista de habilita\\u00e7\\u00e3o documental do edital Ativa\\u00e7\\u00e3o Cultural de Cama\\u00e7ari - Encontra Cama\\u00e7ari\",\"headline\":\"Secult divulga 1\\u00aa lista de habilita\\u00e7\\u00e3o documental do edital Ativa\\u00e7\\u00e3o Cultural de Cama\\u00e7ari\",\"author\":{\"@id\":\"https:\\\/\\\/www.encontracamacari.com.br\\\/sobre\\\/author\\\/ecamacari\\\/#author\"},\"publisher\":{\"@id\":\"https:\\\/\\\/www.encontracamacari.com.br\\\/sobre\\\/#organization\"},\"image\":{\"@type\":\"ImageObject\",\"url\":\"https:\\\/\\\/www.encontracamacari.com.br\\\/sobre\\\/wp-content\\\/uploads\\\/2026\\\/01\\\/secult-divulga-1-lista-de-habilitacao-documental-do-edital-ativacao-cultural-de-camacari.webp\",\"width\":280,\"height\":280,\"caption\":\"ativa\\u00e7\\u00e3o cultural de Cama\\u00e7ari\"},\"datePublished\":\"2026-01-31T06:16:45+00:00\",\"dateModified\":\"2026-01-31T06:16:45+00:00\",\"inLanguage\":\"pt-BR\",\"mainEntityOfPage\":{\"@id\":\"https:\\\/\\\/www.encontracamacari.com.br\\\/sobre\\\/secult-divulga-1a-lista-de-habilitacao-documental-do-edital-ativacao-cultural-de-camacari\\\/#webpage\"},\"isPartOf\":{\"@id\":\"https:\\\/\\\/www.encontracamacari.com.br\\\/sobre\\\/secult-divulga-1a-lista-de-habilitacao-documental-do-edital-ativacao-cultural-de-camacari\\\/#webpage\"},\"articleSection\":\"Not\\u00edcias Cama\\u00e7ari\"},{\"@type\":\"BreadcrumbList\",\"@id\":\"https:\\\/\\\/www.encontracamacari.com.br\\\/sobre\\\/secult-divulga-1a-lista-de-habilitacao-documental-do-edital-ativacao-cultural-de-camacari\\\/#breadcrumblist\",\"itemListElement\":[{\"@type\":\"ListItem\",\"@id\":\"https:\\\/\\\/www.encontracamacari.com.br\\\/sobre#listItem\",\"position\":1,\"name\":\"Home\",\"item\":\"https:\\\/\\\/www.encontracamacari.com.br\\\/sobre\",\"nextItem\":{\"@type\":\"ListItem\",\"@id\":\"https:\\\/\\\/www.encontracamacari.com.br\\\/sobre\\\/noticias-em-camacari\\\/#listItem\",\"name\":\"Not\\u00edcias Cama\\u00e7ari\"}},{\"@type\":\"ListItem\",\"@id\":\"https:\\\/\\\/www.encontracamacari.com.br\\\/sobre\\\/noticias-em-camacari\\\/#listItem\",\"position\":2,\"name\":\"Not\\u00edcias Cama\\u00e7ari\",\"item\":\"https:\\\/\\\/www.encontracamacari.com.br\\\/sobre\\\/noticias-em-camacari\\\/\",\"nextItem\":{\"@type\":\"ListItem\",\"@id\":\"https:\\\/\\\/www.encontracamacari.com.br\\\/sobre\\\/secult-divulga-1a-lista-de-habilitacao-documental-do-edital-ativacao-cultural-de-camacari\\\/#listItem\",\"name\":\"Secult divulga 1\\u00aa lista de habilita\\u00e7\\u00e3o documental do edital Ativa\\u00e7\\u00e3o Cultural de Cama\\u00e7ari\"},\"previousItem\":{\"@type\":\"ListItem\",\"@id\":\"https:\\\/\\\/www.encontracamacari.com.br\\\/sobre#listItem\",\"name\":\"Home\"}},{\"@type\":\"ListItem\",\"@id\":\"https:\\\/\\\/www.encontracamacari.com.br\\\/sobre\\\/secult-divulga-1a-lista-de-habilitacao-documental-do-edital-ativacao-cultural-de-camacari\\\/#listItem\",\"position\":3,\"name\":\"Secult divulga 1\\u00aa lista de habilita\\u00e7\\u00e3o documental do edital Ativa\\u00e7\\u00e3o Cultural de Cama\\u00e7ari\",\"previousItem\":{\"@type\":\"ListItem\",\"@id\":\"https:\\\/\\\/www.encontracamacari.com.br\\\/sobre\\\/noticias-em-camacari\\\/#listItem\",\"name\":\"Not\\u00edcias Cama\\u00e7ari\"}}]},{\"@type\":\"Organization\",\"@id\":\"https:\\\/\\\/www.encontracamacari.com.br\\\/sobre\\\/#organization\",\"name\":\"Encontra Cama\\u00e7ari\",\"description\":\"Not\\u00edcias, eventos, informa\\u00e7\\u00f5es e dicas na cidade de Cama\\u00e7ari e regi\\u00e3o.\",\"url\":\"https:\\\/\\\/www.encontracamacari.com.br\\\/sobre\\\/\"},{\"@type\":\"Person\",\"@id\":\"https:\\\/\\\/www.encontracamacari.com.br\\\/sobre\\\/author\\\/ecamacari\\\/#author\",\"url\":\"https:\\\/\\\/www.encontracamacari.com.br\\\/sobre\\\/author\\\/ecamacari\\\/\",\"name\":\"Encontra Cama\\u00e7ari\",\"image\":{\"@type\":\"ImageObject\",\"@id\":\"https:\\\/\\\/www.encontracamacari.com.br\\\/sobre\\\/secult-divulga-1a-lista-de-habilitacao-documental-do-edital-ativacao-cultural-de-camacari\\\/#authorImage\",\"url\":\"https:\\\/\\\/secure.gravatar.com\\\/avatar\\\/507340682b8270222e1f208e23198b6ae7e2c6a1033ae84e99bc6bce4f82a387?s=96&d=mm&r=g\",\"width\":96,\"height\":96,\"caption\":\"Encontra Cama\\u00e7ari\"}},{\"@type\":\"WebPage\",\"@id\":\"https:\\\/\\\/www.encontracamacari.com.br\\\/sobre\\\/secult-divulga-1a-lista-de-habilitacao-documental-do-edital-ativacao-cultural-de-camacari\\\/#webpage\",\"url\":\"https:\\\/\\\/www.encontracamacari.com.br\\\/sobre\\\/secult-divulga-1a-lista-de-habilitacao-documental-do-edital-ativacao-cultural-de-camacari\\\/\",\"name\":\"Secult divulga 1\\u00aa lista de habilita\\u00e7\\u00e3o documental do edital Ativa\\u00e7\\u00e3o Cultural de Cama\\u00e7ari - Encontra Cama\\u00e7ari\",\"description\":\"Ativa\\u00e7\\u00e3o Cultural de Cama\\u00e7ari divulga a 1\\u00aa lista de habilita\\u00e7\\u00e3o de proponentes.\",\"inLanguage\":\"pt-BR\",\"isPartOf\":{\"@id\":\"https:\\\/\\\/www.encontracamacari.com.br\\\/sobre\\\/#website\"},\"breadcrumb\":{\"@id\":\"https:\\\/\\\/www.encontracamacari.com.br\\\/sobre\\\/secult-divulga-1a-lista-de-habilitacao-documental-do-edital-ativacao-cultural-de-camacari\\\/#breadcrumblist\"},\"author\":{\"@id\":\"https:\\\/\\\/www.encontracamacari.com.br\\\/sobre\\\/author\\\/ecamacari\\\/#author\"},\"creator\":{\"@id\":\"https:\\\/\\\/www.encontracamacari.com.br\\\/sobre\\\/author\\\/ecamacari\\\/#author\"},\"image\":{\"@type\":\"ImageObject\",\"url\":\"https:\\\/\\\/www.encontracamacari.com.br\\\/sobre\\\/wp-content\\\/uploads\\\/2026\\\/01\\\/secult-divulga-1-lista-de-habilitacao-documental-do-edital-ativacao-cultural-de-camacari.webp\",\"@id\":\"https:\\\/\\\/www.encontracamacari.com.br\\\/sobre\\\/secult-divulga-1a-lista-de-habilitacao-documental-do-edital-ativacao-cultural-de-camacari\\\/#mainImage\",\"width\":280,\"height\":280,\"caption\":\"ativa\\u00e7\\u00e3o cultural de Cama\\u00e7ari\"},\"primaryImageOfPage\":{\"@id\":\"https:\\\/\\\/www.encontracamacari.com.br\\\/sobre\\\/secult-divulga-1a-lista-de-habilitacao-documental-do-edital-ativacao-cultural-de-camacari\\\/#mainImage\"},\"datePublished\":\"2026-01-31T06:16:45+00:00\",\"dateModified\":\"2026-01-31T06:16:45+00:00\"},{\"@type\":\"WebSite\",\"@id\":\"https:\\\/\\\/www.encontracamacari.com.br\\\/sobre\\\/#website\",\"url\":\"https:\\\/\\\/www.encontracamacari.com.br\\\/sobre\\\/\",\"name\":\"Encontra Cama\\u00e7ari\",\"description\":\"Not\\u00edcias, eventos, informa\\u00e7\\u00f5es e dicas na cidade de Cama\\u00e7ari e regi\\u00e3o.\",\"inLanguage\":\"pt-BR\",\"publisher\":{\"@id\":\"https:\\\/\\\/www.encontracamacari.com.br\\\/sobre\\\/#organization\"}}]}\n\t\t<\/script>\n\t\t<!-- All in One SEO -->\n\n","aioseo_head_json":{"title":"Secult divulga 1\u00aa lista de habilita\u00e7\u00e3o documental do edital Ativa\u00e7\u00e3o Cultural de Cama\u00e7ari - Encontra Cama\u00e7ari","description":"Ativa\u00e7\u00e3o Cultural de Cama\u00e7ari divulga a 1\u00aa lista de habilita\u00e7\u00e3o de proponentes.","canonical_url":"https:\/\/www.encontracamacari.com.br\/sobre\/secult-divulga-1a-lista-de-habilitacao-documental-do-edital-ativacao-cultural-de-camacari\/","robots":"max-image-preview:large","keywords":"","webmasterTools":{"miscellaneous":""},"schema":{"@context":"https:\/\/schema.org","@graph":[{"@type":"BlogPosting","@id":"https:\/\/www.encontracamacari.com.br\/sobre\/secult-divulga-1a-lista-de-habilitacao-documental-do-edital-ativacao-cultural-de-camacari\/#blogposting","name":"Secult divulga 1\u00aa lista de habilita\u00e7\u00e3o documental do edital Ativa\u00e7\u00e3o Cultural de Cama\u00e7ari - Encontra Cama\u00e7ari","headline":"Secult divulga 1\u00aa lista de habilita\u00e7\u00e3o documental do edital Ativa\u00e7\u00e3o Cultural de Cama\u00e7ari","author":{"@id":"https:\/\/www.encontracamacari.com.br\/sobre\/author\/ecamacari\/#author"},"publisher":{"@id":"https:\/\/www.encontracamacari.com.br\/sobre\/#organization"},"image":{"@type":"ImageObject","url":"https:\/\/www.encontracamacari.com.br\/sobre\/wp-content\/uploads\/2026\/01\/secult-divulga-1-lista-de-habilitacao-documental-do-edital-ativacao-cultural-de-camacari.webp","width":280,"height":280,"caption":"ativa\u00e7\u00e3o cultural de Cama\u00e7ari"},"datePublished":"2026-01-31T06:16:45+00:00","dateModified":"2026-01-31T06:16:45+00:00","inLanguage":"pt-BR","mainEntityOfPage":{"@id":"https:\/\/www.encontracamacari.com.br\/sobre\/secult-divulga-1a-lista-de-habilitacao-documental-do-edital-ativacao-cultural-de-camacari\/#webpage"},"isPartOf":{"@id":"https:\/\/www.encontracamacari.com.br\/sobre\/secult-divulga-1a-lista-de-habilitacao-documental-do-edital-ativacao-cultural-de-camacari\/#webpage"},"articleSection":"Not\u00edcias Cama\u00e7ari"},{"@type":"BreadcrumbList","@id":"https:\/\/www.encontracamacari.com.br\/sobre\/secult-divulga-1a-lista-de-habilitacao-documental-do-edital-ativacao-cultural-de-camacari\/#breadcrumblist","itemListElement":[{"@type":"ListItem","@id":"https:\/\/www.encontracamacari.com.br\/sobre#listItem","position":1,"name":"Home","item":"https:\/\/www.encontracamacari.com.br\/sobre","nextItem":{"@type":"ListItem","@id":"https:\/\/www.encontracamacari.com.br\/sobre\/noticias-em-camacari\/#listItem","name":"Not\u00edcias Cama\u00e7ari"}},{"@type":"ListItem","@id":"https:\/\/www.encontracamacari.com.br\/sobre\/noticias-em-camacari\/#listItem","position":2,"name":"Not\u00edcias Cama\u00e7ari","item":"https:\/\/www.encontracamacari.com.br\/sobre\/noticias-em-camacari\/","nextItem":{"@type":"ListItem","@id":"https:\/\/www.encontracamacari.com.br\/sobre\/secult-divulga-1a-lista-de-habilitacao-documental-do-edital-ativacao-cultural-de-camacari\/#listItem","name":"Secult divulga 1\u00aa lista de habilita\u00e7\u00e3o documental do edital Ativa\u00e7\u00e3o Cultural de Cama\u00e7ari"},"previousItem":{"@type":"ListItem","@id":"https:\/\/www.encontracamacari.com.br\/sobre#listItem","name":"Home"}},{"@type":"ListItem","@id":"https:\/\/www.encontracamacari.com.br\/sobre\/secult-divulga-1a-lista-de-habilitacao-documental-do-edital-ativacao-cultural-de-camacari\/#listItem","position":3,"name":"Secult divulga 1\u00aa lista de habilita\u00e7\u00e3o documental do edital Ativa\u00e7\u00e3o Cultural de Cama\u00e7ari","previousItem":{"@type":"ListItem","@id":"https:\/\/www.encontracamacari.com.br\/sobre\/noticias-em-camacari\/#listItem","name":"Not\u00edcias Cama\u00e7ari"}}]},{"@type":"Organization","@id":"https:\/\/www.encontracamacari.com.br\/sobre\/#organization","name":"Encontra Cama\u00e7ari","description":"Not\u00edcias, eventos, informa\u00e7\u00f5es e dicas na cidade de Cama\u00e7ari e regi\u00e3o.","url":"https:\/\/www.encontracamacari.com.br\/sobre\/"},{"@type":"Person","@id":"https:\/\/www.encontracamacari.com.br\/sobre\/author\/ecamacari\/#author","url":"https:\/\/www.encontracamacari.com.br\/sobre\/author\/ecamacari\/","name":"Encontra Cama\u00e7ari","image":{"@type":"ImageObject","@id":"https:\/\/www.encontracamacari.com.br\/sobre\/secult-divulga-1a-lista-de-habilitacao-documental-do-edital-ativacao-cultural-de-camacari\/#authorImage","url":"https:\/\/secure.gravatar.com\/avatar\/507340682b8270222e1f208e23198b6ae7e2c6a1033ae84e99bc6bce4f82a387?s=96&d=mm&r=g","width":96,"height":96,"caption":"Encontra Cama\u00e7ari"}},{"@type":"WebPage","@id":"https:\/\/www.encontracamacari.com.br\/sobre\/secult-divulga-1a-lista-de-habilitacao-documental-do-edital-ativacao-cultural-de-camacari\/#webpage","url":"https:\/\/www.encontracamacari.com.br\/sobre\/secult-divulga-1a-lista-de-habilitacao-documental-do-edital-ativacao-cultural-de-camacari\/","name":"Secult divulga 1\u00aa lista de habilita\u00e7\u00e3o documental do edital Ativa\u00e7\u00e3o Cultural de Cama\u00e7ari - Encontra Cama\u00e7ari","description":"Ativa\u00e7\u00e3o Cultural de Cama\u00e7ari divulga a 1\u00aa lista de habilita\u00e7\u00e3o de proponentes.","inLanguage":"pt-BR","isPartOf":{"@id":"https:\/\/www.encontracamacari.com.br\/sobre\/#website"},"breadcrumb":{"@id":"https:\/\/www.encontracamacari.com.br\/sobre\/secult-divulga-1a-lista-de-habilitacao-documental-do-edital-ativacao-cultural-de-camacari\/#breadcrumblist"},"author":{"@id":"https:\/\/www.encontracamacari.com.br\/sobre\/author\/ecamacari\/#author"},"creator":{"@id":"https:\/\/www.encontracamacari.com.br\/sobre\/author\/ecamacari\/#author"},"image":{"@type":"ImageObject","url":"https:\/\/www.encontracamacari.com.br\/sobre\/wp-content\/uploads\/2026\/01\/secult-divulga-1-lista-de-habilitacao-documental-do-edital-ativacao-cultural-de-camacari.webp","@id":"https:\/\/www.encontracamacari.com.br\/sobre\/secult-divulga-1a-lista-de-habilitacao-documental-do-edital-ativacao-cultural-de-camacari\/#mainImage","width":280,"height":280,"caption":"ativa\u00e7\u00e3o cultural de Cama\u00e7ari"},"primaryImageOfPage":{"@id":"https:\/\/www.encontracamacari.com.br\/sobre\/secult-divulga-1a-lista-de-habilitacao-documental-do-edital-ativacao-cultural-de-camacari\/#mainImage"},"datePublished":"2026-01-31T06:16:45+00:00","dateModified":"2026-01-31T06:16:45+00:00"},{"@type":"WebSite","@id":"https:\/\/www.encontracamacari.com.br\/sobre\/#website","url":"https:\/\/www.encontracamacari.com.br\/sobre\/","name":"Encontra Cama\u00e7ari","description":"Not\u00edcias, eventos, informa\u00e7\u00f5es e dicas na cidade de Cama\u00e7ari e regi\u00e3o.","inLanguage":"pt-BR","publisher":{"@id":"https:\/\/www.encontracamacari.com.br\/sobre\/#organization"}}]},"og:locale":"pt_BR","og:site_name":"Encontra Cama\u00e7ari - Not\u00edcias, eventos, informa\u00e7\u00f5es e dicas na cidade de Cama\u00e7ari e regi\u00e3o.","og:type":"article","og:title":"Secult divulga 1\u00aa lista de habilita\u00e7\u00e3o documental do edital Ativa\u00e7\u00e3o Cultural de Cama\u00e7ari - Encontra Cama\u00e7ari","og:description":"Ativa\u00e7\u00e3o Cultural de Cama\u00e7ari divulga a 1\u00aa lista de habilita\u00e7\u00e3o de proponentes.","og:url":"https:\/\/www.encontracamacari.com.br\/sobre\/secult-divulga-1a-lista-de-habilitacao-documental-do-edital-ativacao-cultural-de-camacari\/","article:published_time":"2026-01-31T06:16:45+00:00","article:modified_time":"2026-01-31T06:16:45+00:00","twitter:card":"summary_large_image","twitter:title":"Secult divulga 1\u00aa lista de habilita\u00e7\u00e3o documental do edital Ativa\u00e7\u00e3o Cultural de Cama\u00e7ari - Encontra Cama\u00e7ari","twitter:description":"Ativa\u00e7\u00e3o Cultural de Cama\u00e7ari divulga a 1\u00aa lista de habilita\u00e7\u00e3o de proponentes."},"aioseo_meta_data":{"post_id":"643","title":null,"description":null,"keywords":null,"keyphrases":null,"primary_term":null,"canonical_url":null,"og_title":null,"og_description":null,"og_object_type":"default","og_image_type":"default","og_image_url":null,"og_image_width":null,"og_image_height":null,"og_image_custom_url":null,"og_image_custom_fields":null,"og_video":null,"og_custom_url":null,"og_article_section":null,"og_article_tags":null,"twitter_use_og":false,"twitter_card":"default","twitter_image_type":"default","twitter_image_url":null,"twitter_image_custom_url":null,"twitter_image_custom_fields":null,"twitter_title":null,"twitter_description":null,"schema":{"blockGraphs":[],"customGraphs":[],"default":{"data":{"Article":[],"Course":[],"Dataset":[],"FAQPage":[],"Movie":[],"Person":[],"Product":[],"ProductReview":[],"Car":[],"Recipe":[],"Service":[],"SoftwareApplication":[],"WebPage":[]},"graphName":"BlogPosting","isEnabled":true},"graphs":[]},"schema_type":"default","schema_type_options":null,"pillar_content":false,"robots_default":true,"robots_noindex":false,"robots_noarchive":false,"robots_nosnippet":false,"robots_nofollow":false,"robots_noimageindex":false,"robots_noodp":false,"robots_notranslate":false,"robots_max_snippet":null,"robots_max_videopreview":null,"robots_max_imagepreview":"large","priority":null,"frequency":null,"local_seo":null,"limit_modified_date":false,"created":"2026-01-31 06:16:50","updated":"2026-08-06 01:04:40","focus_keyword":null,"additional_keywords":null,"truseo_locale":null,"ai":null,"breadcrumb_settings":null,"seo_analyzer_scan_date":null},"aioseo_breadcrumb":"<div class=\"aioseo-breadcrumbs\"><span class=\"aioseo-breadcrumb\">\n\t\t\t<a href=\"https:\/\/www.encontracamacari.com.br\/sobre\" title=\"Home\">Home<\/a>\n\t\t<\/span><span class=\"aioseo-breadcrumb-separator\">&raquo;<\/span><span class=\"aioseo-breadcrumb\">\n\t\t\t<a href=\"https:\/\/www.encontracamacari.com.br\/sobre\/noticias-em-camacari\/\" title=\"Not\u00edcias Cama\u00e7ari\">Not\u00edcias Cama\u00e7ari<\/a>\n\t\t<\/span><span class=\"aioseo-breadcrumb-separator\">&raquo;<\/span><span class=\"aioseo-breadcrumb\">\n\t\t\tSecult divulga 1\u00aa lista de habilita\u00e7\u00e3o documental do edital Ativa\u00e7\u00e3o Cultural de Cama\u00e7ari\n\t\t<\/span><\/div>","aioseo_breadcrumb_json":[{"label":"Home","link":"https:\/\/www.encontracamacari.com.br\/sobre"},{"label":"Not\u00edcias Cama\u00e7ari","link":"https:\/\/www.encontracamacari.com.br\/sobre\/noticias-em-camacari\/"},{"label":"Secult divulga 1\u00aa lista de habilita\u00e7\u00e3o documental do edital Ativa\u00e7\u00e3o Cultural de Cama\u00e7ari","link":"https:\/\/www.encontracamacari.com.br\/sobre\/secult-divulga-1a-lista-de-habilitacao-documental-do-edital-ativacao-cultural-de-camacari\/"}],"_links":{"self":[{"href":"https:\/\/www.encontracamacari.com.br\/sobre\/wp-json\/wp\/v2\/posts\/643","targetHints":{"allow":["GET"]}}],"collection":[{"href":"https:\/\/www.encontracamacari.com.br\/sobre\/wp-json\/wp\/v2\/posts"}],"about":[{"href":"https:\/\/www.encontracamacari.com.br\/sobre\/wp-json\/wp\/v2\/types\/post"}],"author":[{"embeddable":true,"href":"https:\/\/www.encontracamacari.com.br\/sobre\/wp-json\/wp\/v2\/users\/1"}],"replies":[{"embeddable":true,"href":"https:\/\/www.encontracamacari.com.br\/sobre\/wp-json\/wp\/v2\/comments?post=643"}],"version-history":[{"count":0,"href":"https:\/\/www.encontracamacari.com.br\/sobre\/wp-json\/wp\/v2\/posts\/643\/revisions"}],"wp:featuredmedia":[{"embeddable":true,"href":"https:\/\/www.encontracamacari.com.br\/sobre\/wp-json\/wp\/v2\/media\/642"}],"wp:attachment":[{"href":"https:\/\/www.encontracamacari.com.br\/sobre\/wp-json\/wp\/v2\/media?parent=643"}],"wp:term":[{"taxonomy":"category","embeddable":true,"href":"https:\/\/www.encontracamacari.com.br\/sobre\/wp-json\/wp\/v2\/categories?post=643"},{"taxonomy":"post_tag","embeddable":true,"href":"https:\/\/www.encontracamacari.com.br\/sobre\/wp-json\/wp\/v2\/tags?post=643"}],"curies":[{"name":"wp","href":"https:\/\/api.w.org\/{rel}","templated":true}]}}