{"id":641,"date":"2026-01-31T06:15:30","date_gmt":"2026-01-31T06:15:30","guid":{"rendered":"https:\/\/www.encontracamacari.com.br\/sobre\/bracell-abre-inscricoes-para-programa-de-aprendizagem-em-sao-paulo-e-bahia\/"},"modified":"2026-01-31T06:15:30","modified_gmt":"2026-01-31T06:15:30","slug":"bracell-abre-inscricoes-para-programa-de-aprendizagem-em-sao-paulo-e-bahia","status":"publish","type":"post","link":"https:\/\/www.encontracamacari.com.br\/sobre\/bracell-abre-inscricoes-para-programa-de-aprendizagem-em-sao-paulo-e-bahia\/","title":{"rendered":"Bracell abre inscri\u00e7\u00f5es para programa de aprendizagem em S\u00e3o Paulo e Bahia"},"content":{"rendered":"<div class=\"2410bb7248a64bb1f71103797e0f239b\" data-index=\"1\" style=\"float: none; margin:0px;\">\n<ins class=\"adsbygoogle\"\r\n     style=\"display:block\"\r\n     data-ad-client=\"ca-pub-8585364105181520\"\r\n     data-ad-slot=\"8789329856\"\r\n     data-ad-format=\"auto\"\r\n     data-full-width-responsive=\"true\"><\/ins>\r\n<script>\r\n     (adsbygoogle = window.adsbygoogle || []).push({});\r\n<\/script>\n<\/div>\n<h2>Programa Chega Junto: O que \u00e9?<\/h2>\n<p>O Programa Chega Junto, promovido pela Bracell, \u00e9 uma iniciativa voltada para a capacita\u00e7\u00e3o de jovens sem experi\u00eancia pr\u00e9via no mercado de trabalho. Este programa tem como objetivo principal oferecer um modelo de aprendizado que combine ensinamentos te\u00f3ricos e pr\u00e1ticos, preparando os participantes para atuarem de maneira efetiva em um ambiente industrial. Com inscri\u00e7\u00f5es abertas em diversas localidades, o programa simboliza o comprometimento da Bracell com a forma\u00e7\u00e3o de novos talentos, promovendo ao mesmo tempo a inclus\u00e3o social e a diversidade.<\/p>\n<h2>Vagas em Len\u00e7\u00f3is Paulista (SP)<\/h2>\n<p>A unidade da Bracell em Len\u00e7\u00f3is Paulista oferece oportunidades direcionadas a jovens entre 18 e 22 anos. \u00c9 importante ressaltar que, para candidatos com defici\u00eancia (PCDs), n\u00e3o h\u00e1 limite de idade estabelecido. O programa prev\u00ea uma carga hor\u00e1ria de 30 horas semanais, com dura\u00e7\u00e3o de at\u00e9 dois anos. Os interessados devem residir em locais pr\u00f3ximos, como Len\u00e7\u00f3is Paulista, Bauru, Botucatu, entre outros munic\u00edpios da regi\u00e3o.<\/p>\n<h3>Benef\u00edcios oferecidos:<\/h3>\n<ul>\n<li><strong>Bolsa-aux\u00edlio:<\/strong> Os aprendizes receber\u00e3o uma ajuda financeira durante o per\u00edodo do programa.<\/li>\n<li><strong>Refeit\u00f3rio no local:<\/strong> Disponibilidade de refei\u00e7\u00f5es para os participantes.<\/li>\n<li><strong>Transporte fretado:<\/strong> Facilidades para deslocamento at\u00e9 a unidade.<\/li>\n<li><strong>Seguro de vida:<\/strong> Prote\u00e7\u00e3o para os aprendizes durante sua jornada.<\/li>\n<li><strong>Plano de sa\u00fade e odontol\u00f3gico:<\/strong> Cuidado integral para os participantes.<\/li>\n<li><strong>Wellhub (Gympass):<\/strong> Acesso a benef\u00edcios relacionados a atividades f\u00edsicas e bem-estar.<\/li>\n<\/ul>\n<h2>Vagas em Cama\u00e7ari (BA)<\/h2>\n<p>Na unidade de Cama\u00e7ari, na Bahia, a Bracell est\u00e1 disponibilizando seis vagas para aprendizes na \u00e1rea administrativa. Para esse ciclo, as vagas s\u00e3o destinadas especificamente a jovens autodeclarados negros com idades entre 18 e 21 anos, al\u00e9m de PCDs, que tamb\u00e9m devem ter pelo menos 18 anos, sem limite m\u00e1ximo de idade.<\/p>\n<p><img decoding=\"async\" src=\"https:\/\/www.encontracamacari.com.br\/sobre\/wp-content\/uploads\/2026\/01\/bracell-abre-inscricoes-para-programa-de-aprendizagem-em-sao-paulo-e-bahia.webp\" alt=\"programa de aprendizagem\" loading=\"lazy\" \/><\/p>\n<h3>Crit\u00e9rios de Resid\u00eancia:<\/h3>\n<p>Os candidatos devem residir em Cama\u00e7ari ou Dias D\u2019\u00c1vila, que est\u00e3o localizados na Regi\u00e3o Metropolitana de Salvador. As inscri\u00e7\u00f5es para essas oportunidades estar\u00e3o abertas at\u00e9 o dia 4 de fevereiro.<\/p><div class=\"2410bb7248a64bb1f71103797e0f239b\" data-index=\"2\" style=\"float: none; margin:0px;\">\n<ins class=\"adsbygoogle\"\r\n     style=\"display:block; text-align:center;\"\r\n     data-ad-layout=\"in-article\"\r\n     data-ad-format=\"fluid\"\r\n     data-ad-client=\"ca-pub-8585364105181520\"\r\n     data-ad-slot=\"2899217073\"><\/ins>\r\n<script>\r\n     (adsbygoogle = window.adsbygoogle || []).push({});\r\n<\/script>\r\n\r\n<\/br><\/br>\n<\/div>\n\n<h2>Forma\u00e7\u00e3o e Capacita\u00e7\u00e3o<\/h2>\n<p>Os participantes do programa em Cama\u00e7ari ser\u00e3o capacitados para a fun\u00e7\u00e3o de assistente administrativo. A forma\u00e7\u00e3o ser\u00e1 realizada atrav\u00e9s de um curso oferecido pelo Centro de Integra\u00e7\u00e3o Empresa-Escola (CIEE), assegurando que os aprendizes adquiram as compet\u00eancias necess\u00e1rias para desempenhar suas fun\u00e7\u00f5es de forma eficiente.<\/p>\n<h2>Benef\u00edcios do Programa<\/h2>\n<p>O Programa Chega Junto traz uma s\u00e9rie de vantagens tanto para os aprendizes quanto para a empresa. Os benefici\u00e1rios poder\u00e3o aprimorar suas habilidades e se desenvolver profissionalmente, enquanto a Bracell investe na forma\u00e7\u00e3o de m\u00e3o de obra qualificada e diversificada, contribuindo significativamente para a sociedade.<\/p>\n<h2>Impacto na Forma\u00e7\u00e3o de Jovens<\/h2>\n<p>Com uma proposta educativa que vai al\u00e9m da capacita\u00e7\u00e3o t\u00e9cnica, o programa visa moldar jovens preparados para enfrentar os desafios do mercado atual. Ao fornecer um espa\u00e7o para o aprendizado, a Bracell se posiciona como uma catalisadora de mudan\u00e7as, promovendo uma integra\u00e7\u00e3o social por interm\u00e9dio do emprego.<\/p>\n<h2>Inclus\u00e3o e Diversidade na Bracell<\/h2>\n<p>A Bracell tem um firme compromisso com a inclus\u00e3o e a diversidade. Segundo Eduardo Penhalosa, gerente s\u00eanior de RH da empresa, a estrutura do programa foi desenhada para favorecer a inclus\u00e3o econ\u00f4mica, refletindo tamb\u00e9m na cor da pele dos participantes. Um dado importante \u00e9 que, atualmente, 67% dos aprendizes contratados s\u00e3o pessoas negras, evidenciando a pol\u00edtica ativa da companhia em promover a equidade racial no ambiente de trabalho.<\/p>\n<h2>A Import\u00e2ncia da Aprendizagem<\/h2>\n<p>A aprendizagem \u00e9 um aspecto essencial na forma\u00e7\u00e3o de profissionais. O Programa Chega Junto oferece uma base s\u00f3lida para que os jovens ingressem no mercado de trabalho, adquirindo as habilidades exigidas pelas ind\u00fastrias modernas. Essa experi\u00eancia n\u00e3o s\u00f3 contribui para o crescimento profissional, mas tamb\u00e9m para o desenvolvimento pessoal dos participantes.<\/p>\n<h2>Como se Inscrever<\/h2>\n<p>Os interessados em participar do Programa Chega Junto devem se inscrever at\u00e9 as data limite especificadas para cada local. Em Len\u00e7\u00f3is Paulista, as inscri\u00e7\u00f5es podem ser realizadas no site oficial da Bracell at\u00e9 o dia 31 de janeiro. Para Cama\u00e7ari, o prazo se estende at\u00e9 4 de fevereiro. \u00c9 fundamental que os candidatos atendam aos crit\u00e9rios de elegibilidade apresentados anteriormente.<\/p>\n<h2>Depoimentos de Aprendizes<\/h2>\n<p>O acompanhamento dos aprendizes e suas experi\u00eancias dentro do programa \u00e9 fundamental. \u00c9 importante coletar depoimentos que demonstrem como a iniciativa impactou suas vidas e contribuiu para seu desenvolvimento pessoal e profissional.<\/p>\n<div class=\"2410bb7248a64bb1f71103797e0f239b\" data-index=\"3\" style=\"float: none; margin:0px;\">\n<\/br><\/br>\r\n\r\n<ins class=\"adsbygoogle\"\r\n     style=\"display:block\"\r\n     data-ad-format=\"fluid\"\r\n     data-ad-layout-key=\"-63+do+n-1s+9e\"\r\n     data-ad-client=\"ca-pub-8585364105181520\"\r\n     data-ad-slot=\"6838462089\"><\/ins>\r\n<script>\r\n     (adsbygoogle = window.adsbygoogle || []).push({});\r\n<\/script>\n<\/div>\n\n<div style=\"font-size: 0px; height: 0px; line-height: 0px; margin: 0; padding: 0; clear: both;\"><\/div>","protected":false},"excerpt":{"rendered":"<p>Bracell oferece programa de aprendizagem para jovens em SP e BA!<\/p>\n","protected":false},"author":1,"featured_media":640,"comment_status":"open","ping_status":"closed","sticky":false,"template":"","format":"standard","meta":{"footnotes":""},"categories":[1],"tags":[],"class_list":["post-641","post","type-post","status-publish","format-standard","has-post-thumbnail","hentry","category-noticias-em-camacari","has_thumb"],"aioseo_notices":[],"aioseo_head":"\n\t\t<!-- All in One SEO 5.0.0.1 - aioseo.com -->\n\t<meta name=\"description\" content=\"Bracell oferece programa de aprendizagem para jovens em SP e BA!\" \/>\n\t<meta name=\"robots\" content=\"max-image-preview:large\" \/>\n\t<meta name=\"author\" content=\"Encontra Cama\u00e7ari\"\/>\n\t<link rel=\"canonical\" href=\"https:\/\/www.encontracamacari.com.br\/sobre\/bracell-abre-inscricoes-para-programa-de-aprendizagem-em-sao-paulo-e-bahia\/\" \/>\n\t<meta name=\"generator\" content=\"All in One SEO (AIOSEO) 5.0.0.1\" \/>\n\t\t<meta property=\"og:locale\" content=\"pt_BR\" \/>\n\t\t<meta property=\"og:site_name\" content=\"Encontra Cama\u00e7ari - Not\u00edcias, eventos, informa\u00e7\u00f5es e dicas na cidade de Cama\u00e7ari e regi\u00e3o.\" \/>\n\t\t<meta property=\"og:type\" content=\"article\" \/>\n\t\t<meta property=\"og:title\" content=\"Bracell abre inscri\u00e7\u00f5es para programa de aprendizagem em S\u00e3o Paulo e Bahia - Encontra Cama\u00e7ari\" \/>\n\t\t<meta property=\"og:description\" content=\"Bracell oferece programa de aprendizagem para jovens em SP e BA!\" \/>\n\t\t<meta property=\"og:url\" content=\"https:\/\/www.encontracamacari.com.br\/sobre\/bracell-abre-inscricoes-para-programa-de-aprendizagem-em-sao-paulo-e-bahia\/\" \/>\n\t\t<meta property=\"article:published_time\" content=\"2026-01-31T06:15:30+00:00\" \/>\n\t\t<meta property=\"article:modified_time\" content=\"2026-01-31T06:15:30+00:00\" \/>\n\t\t<meta name=\"twitter:card\" content=\"summary_large_image\" \/>\n\t\t<meta name=\"twitter:title\" content=\"Bracell abre inscri\u00e7\u00f5es para programa de aprendizagem em S\u00e3o Paulo e Bahia - Encontra Cama\u00e7ari\" \/>\n\t\t<meta name=\"twitter:description\" content=\"Bracell oferece programa de aprendizagem para jovens em SP e BA!\" \/>\n\t\t<script type=\"application\/ld+json\" class=\"aioseo-schema\">\n\t\t\t{\"@context\":\"https:\\\/\\\/schema.org\",\"@graph\":[{\"@type\":\"BlogPosting\",\"@id\":\"https:\\\/\\\/www.encontracamacari.com.br\\\/sobre\\\/bracell-abre-inscricoes-para-programa-de-aprendizagem-em-sao-paulo-e-bahia\\\/#blogposting\",\"name\":\"Bracell abre inscri\\u00e7\\u00f5es para programa de aprendizagem em S\\u00e3o Paulo e Bahia - Encontra Cama\\u00e7ari\",\"headline\":\"Bracell abre inscri\\u00e7\\u00f5es para programa de aprendizagem em S\\u00e3o Paulo e Bahia\",\"author\":{\"@id\":\"https:\\\/\\\/www.encontracamacari.com.br\\\/sobre\\\/author\\\/ecamacari\\\/#author\"},\"publisher\":{\"@id\":\"https:\\\/\\\/www.encontracamacari.com.br\\\/sobre\\\/#organization\"},\"image\":{\"@type\":\"ImageObject\",\"url\":\"https:\\\/\\\/www.encontracamacari.com.br\\\/sobre\\\/wp-content\\\/uploads\\\/2026\\\/01\\\/bracell-abre-inscricoes-para-programa-de-aprendizagem-em-sao-paulo-e-bahia.webp\",\"width\":280,\"height\":280,\"caption\":\"programa de aprendizagem\"},\"datePublished\":\"2026-01-31T06:15:30+00:00\",\"dateModified\":\"2026-01-31T06:15:30+00:00\",\"inLanguage\":\"pt-BR\",\"mainEntityOfPage\":{\"@id\":\"https:\\\/\\\/www.encontracamacari.com.br\\\/sobre\\\/bracell-abre-inscricoes-para-programa-de-aprendizagem-em-sao-paulo-e-bahia\\\/#webpage\"},\"isPartOf\":{\"@id\":\"https:\\\/\\\/www.encontracamacari.com.br\\\/sobre\\\/bracell-abre-inscricoes-para-programa-de-aprendizagem-em-sao-paulo-e-bahia\\\/#webpage\"},\"articleSection\":\"Not\\u00edcias Cama\\u00e7ari\"},{\"@type\":\"BreadcrumbList\",\"@id\":\"https:\\\/\\\/www.encontracamacari.com.br\\\/sobre\\\/bracell-abre-inscricoes-para-programa-de-aprendizagem-em-sao-paulo-e-bahia\\\/#breadcrumblist\",\"itemListElement\":[{\"@type\":\"ListItem\",\"@id\":\"https:\\\/\\\/www.encontracamacari.com.br\\\/sobre#listItem\",\"position\":1,\"name\":\"Home\",\"item\":\"https:\\\/\\\/www.encontracamacari.com.br\\\/sobre\",\"nextItem\":{\"@type\":\"ListItem\",\"@id\":\"https:\\\/\\\/www.encontracamacari.com.br\\\/sobre\\\/noticias-em-camacari\\\/#listItem\",\"name\":\"Not\\u00edcias Cama\\u00e7ari\"}},{\"@type\":\"ListItem\",\"@id\":\"https:\\\/\\\/www.encontracamacari.com.br\\\/sobre\\\/noticias-em-camacari\\\/#listItem\",\"position\":2,\"name\":\"Not\\u00edcias Cama\\u00e7ari\",\"item\":\"https:\\\/\\\/www.encontracamacari.com.br\\\/sobre\\\/noticias-em-camacari\\\/\",\"nextItem\":{\"@type\":\"ListItem\",\"@id\":\"https:\\\/\\\/www.encontracamacari.com.br\\\/sobre\\\/bracell-abre-inscricoes-para-programa-de-aprendizagem-em-sao-paulo-e-bahia\\\/#listItem\",\"name\":\"Bracell abre inscri\\u00e7\\u00f5es para programa de aprendizagem em S\\u00e3o Paulo e Bahia\"},\"previousItem\":{\"@type\":\"ListItem\",\"@id\":\"https:\\\/\\\/www.encontracamacari.com.br\\\/sobre#listItem\",\"name\":\"Home\"}},{\"@type\":\"ListItem\",\"@id\":\"https:\\\/\\\/www.encontracamacari.com.br\\\/sobre\\\/bracell-abre-inscricoes-para-programa-de-aprendizagem-em-sao-paulo-e-bahia\\\/#listItem\",\"position\":3,\"name\":\"Bracell abre inscri\\u00e7\\u00f5es para programa de aprendizagem em S\\u00e3o Paulo e Bahia\",\"previousItem\":{\"@type\":\"ListItem\",\"@id\":\"https:\\\/\\\/www.encontracamacari.com.br\\\/sobre\\\/noticias-em-camacari\\\/#listItem\",\"name\":\"Not\\u00edcias Cama\\u00e7ari\"}}]},{\"@type\":\"Organization\",\"@id\":\"https:\\\/\\\/www.encontracamacari.com.br\\\/sobre\\\/#organization\",\"name\":\"Encontra Cama\\u00e7ari\",\"description\":\"Not\\u00edcias, eventos, informa\\u00e7\\u00f5es e dicas na cidade de Cama\\u00e7ari e regi\\u00e3o.\",\"url\":\"https:\\\/\\\/www.encontracamacari.com.br\\\/sobre\\\/\"},{\"@type\":\"Person\",\"@id\":\"https:\\\/\\\/www.encontracamacari.com.br\\\/sobre\\\/author\\\/ecamacari\\\/#author\",\"url\":\"https:\\\/\\\/www.encontracamacari.com.br\\\/sobre\\\/author\\\/ecamacari\\\/\",\"name\":\"Encontra Cama\\u00e7ari\",\"image\":{\"@type\":\"ImageObject\",\"@id\":\"https:\\\/\\\/www.encontracamacari.com.br\\\/sobre\\\/bracell-abre-inscricoes-para-programa-de-aprendizagem-em-sao-paulo-e-bahia\\\/#authorImage\",\"url\":\"https:\\\/\\\/secure.gravatar.com\\\/avatar\\\/507340682b8270222e1f208e23198b6ae7e2c6a1033ae84e99bc6bce4f82a387?s=96&d=mm&r=g\",\"width\":96,\"height\":96,\"caption\":\"Encontra Cama\\u00e7ari\"}},{\"@type\":\"WebPage\",\"@id\":\"https:\\\/\\\/www.encontracamacari.com.br\\\/sobre\\\/bracell-abre-inscricoes-para-programa-de-aprendizagem-em-sao-paulo-e-bahia\\\/#webpage\",\"url\":\"https:\\\/\\\/www.encontracamacari.com.br\\\/sobre\\\/bracell-abre-inscricoes-para-programa-de-aprendizagem-em-sao-paulo-e-bahia\\\/\",\"name\":\"Bracell abre inscri\\u00e7\\u00f5es para programa de aprendizagem em S\\u00e3o Paulo e Bahia - Encontra Cama\\u00e7ari\",\"description\":\"Bracell oferece programa de aprendizagem para jovens em SP e BA!\",\"inLanguage\":\"pt-BR\",\"isPartOf\":{\"@id\":\"https:\\\/\\\/www.encontracamacari.com.br\\\/sobre\\\/#website\"},\"breadcrumb\":{\"@id\":\"https:\\\/\\\/www.encontracamacari.com.br\\\/sobre\\\/bracell-abre-inscricoes-para-programa-de-aprendizagem-em-sao-paulo-e-bahia\\\/#breadcrumblist\"},\"author\":{\"@id\":\"https:\\\/\\\/www.encontracamacari.com.br\\\/sobre\\\/author\\\/ecamacari\\\/#author\"},\"creator\":{\"@id\":\"https:\\\/\\\/www.encontracamacari.com.br\\\/sobre\\\/author\\\/ecamacari\\\/#author\"},\"image\":{\"@type\":\"ImageObject\",\"url\":\"https:\\\/\\\/www.encontracamacari.com.br\\\/sobre\\\/wp-content\\\/uploads\\\/2026\\\/01\\\/bracell-abre-inscricoes-para-programa-de-aprendizagem-em-sao-paulo-e-bahia.webp\",\"@id\":\"https:\\\/\\\/www.encontracamacari.com.br\\\/sobre\\\/bracell-abre-inscricoes-para-programa-de-aprendizagem-em-sao-paulo-e-bahia\\\/#mainImage\",\"width\":280,\"height\":280,\"caption\":\"programa de aprendizagem\"},\"primaryImageOfPage\":{\"@id\":\"https:\\\/\\\/www.encontracamacari.com.br\\\/sobre\\\/bracell-abre-inscricoes-para-programa-de-aprendizagem-em-sao-paulo-e-bahia\\\/#mainImage\"},\"datePublished\":\"2026-01-31T06:15:30+00:00\",\"dateModified\":\"2026-01-31T06:15:30+00:00\"},{\"@type\":\"WebSite\",\"@id\":\"https:\\\/\\\/www.encontracamacari.com.br\\\/sobre\\\/#website\",\"url\":\"https:\\\/\\\/www.encontracamacari.com.br\\\/sobre\\\/\",\"name\":\"Encontra Cama\\u00e7ari\",\"description\":\"Not\\u00edcias, eventos, informa\\u00e7\\u00f5es e dicas na cidade de Cama\\u00e7ari e regi\\u00e3o.\",\"inLanguage\":\"pt-BR\",\"publisher\":{\"@id\":\"https:\\\/\\\/www.encontracamacari.com.br\\\/sobre\\\/#organization\"}}]}\n\t\t<\/script>\n\t\t<!-- All in One SEO -->\n\n","aioseo_head_json":{"title":"Bracell abre inscri\u00e7\u00f5es para programa de aprendizagem em S\u00e3o Paulo e Bahia - Encontra Cama\u00e7ari","description":"Bracell oferece programa de aprendizagem para jovens em SP e BA!","canonical_url":"https:\/\/www.encontracamacari.com.br\/sobre\/bracell-abre-inscricoes-para-programa-de-aprendizagem-em-sao-paulo-e-bahia\/","robots":"max-image-preview:large","keywords":"","webmasterTools":{"miscellaneous":""},"schema":{"@context":"https:\/\/schema.org","@graph":[{"@type":"BlogPosting","@id":"https:\/\/www.encontracamacari.com.br\/sobre\/bracell-abre-inscricoes-para-programa-de-aprendizagem-em-sao-paulo-e-bahia\/#blogposting","name":"Bracell abre inscri\u00e7\u00f5es para programa de aprendizagem em S\u00e3o Paulo e Bahia - Encontra Cama\u00e7ari","headline":"Bracell abre inscri\u00e7\u00f5es para programa de aprendizagem em S\u00e3o Paulo e Bahia","author":{"@id":"https:\/\/www.encontracamacari.com.br\/sobre\/author\/ecamacari\/#author"},"publisher":{"@id":"https:\/\/www.encontracamacari.com.br\/sobre\/#organization"},"image":{"@type":"ImageObject","url":"https:\/\/www.encontracamacari.com.br\/sobre\/wp-content\/uploads\/2026\/01\/bracell-abre-inscricoes-para-programa-de-aprendizagem-em-sao-paulo-e-bahia.webp","width":280,"height":280,"caption":"programa de aprendizagem"},"datePublished":"2026-01-31T06:15:30+00:00","dateModified":"2026-01-31T06:15:30+00:00","inLanguage":"pt-BR","mainEntityOfPage":{"@id":"https:\/\/www.encontracamacari.com.br\/sobre\/bracell-abre-inscricoes-para-programa-de-aprendizagem-em-sao-paulo-e-bahia\/#webpage"},"isPartOf":{"@id":"https:\/\/www.encontracamacari.com.br\/sobre\/bracell-abre-inscricoes-para-programa-de-aprendizagem-em-sao-paulo-e-bahia\/#webpage"},"articleSection":"Not\u00edcias Cama\u00e7ari"},{"@type":"BreadcrumbList","@id":"https:\/\/www.encontracamacari.com.br\/sobre\/bracell-abre-inscricoes-para-programa-de-aprendizagem-em-sao-paulo-e-bahia\/#breadcrumblist","itemListElement":[{"@type":"ListItem","@id":"https:\/\/www.encontracamacari.com.br\/sobre#listItem","position":1,"name":"Home","item":"https:\/\/www.encontracamacari.com.br\/sobre","nextItem":{"@type":"ListItem","@id":"https:\/\/www.encontracamacari.com.br\/sobre\/noticias-em-camacari\/#listItem","name":"Not\u00edcias Cama\u00e7ari"}},{"@type":"ListItem","@id":"https:\/\/www.encontracamacari.com.br\/sobre\/noticias-em-camacari\/#listItem","position":2,"name":"Not\u00edcias Cama\u00e7ari","item":"https:\/\/www.encontracamacari.com.br\/sobre\/noticias-em-camacari\/","nextItem":{"@type":"ListItem","@id":"https:\/\/www.encontracamacari.com.br\/sobre\/bracell-abre-inscricoes-para-programa-de-aprendizagem-em-sao-paulo-e-bahia\/#listItem","name":"Bracell abre inscri\u00e7\u00f5es para programa de aprendizagem em S\u00e3o Paulo e Bahia"},"previousItem":{"@type":"ListItem","@id":"https:\/\/www.encontracamacari.com.br\/sobre#listItem","name":"Home"}},{"@type":"ListItem","@id":"https:\/\/www.encontracamacari.com.br\/sobre\/bracell-abre-inscricoes-para-programa-de-aprendizagem-em-sao-paulo-e-bahia\/#listItem","position":3,"name":"Bracell abre inscri\u00e7\u00f5es para programa de aprendizagem em S\u00e3o Paulo e Bahia","previousItem":{"@type":"ListItem","@id":"https:\/\/www.encontracamacari.com.br\/sobre\/noticias-em-camacari\/#listItem","name":"Not\u00edcias Cama\u00e7ari"}}]},{"@type":"Organization","@id":"https:\/\/www.encontracamacari.com.br\/sobre\/#organization","name":"Encontra Cama\u00e7ari","description":"Not\u00edcias, eventos, informa\u00e7\u00f5es e dicas na cidade de Cama\u00e7ari e regi\u00e3o.","url":"https:\/\/www.encontracamacari.com.br\/sobre\/"},{"@type":"Person","@id":"https:\/\/www.encontracamacari.com.br\/sobre\/author\/ecamacari\/#author","url":"https:\/\/www.encontracamacari.com.br\/sobre\/author\/ecamacari\/","name":"Encontra Cama\u00e7ari","image":{"@type":"ImageObject","@id":"https:\/\/www.encontracamacari.com.br\/sobre\/bracell-abre-inscricoes-para-programa-de-aprendizagem-em-sao-paulo-e-bahia\/#authorImage","url":"https:\/\/secure.gravatar.com\/avatar\/507340682b8270222e1f208e23198b6ae7e2c6a1033ae84e99bc6bce4f82a387?s=96&d=mm&r=g","width":96,"height":96,"caption":"Encontra Cama\u00e7ari"}},{"@type":"WebPage","@id":"https:\/\/www.encontracamacari.com.br\/sobre\/bracell-abre-inscricoes-para-programa-de-aprendizagem-em-sao-paulo-e-bahia\/#webpage","url":"https:\/\/www.encontracamacari.com.br\/sobre\/bracell-abre-inscricoes-para-programa-de-aprendizagem-em-sao-paulo-e-bahia\/","name":"Bracell abre inscri\u00e7\u00f5es para programa de aprendizagem em S\u00e3o Paulo e Bahia - Encontra Cama\u00e7ari","description":"Bracell oferece programa de aprendizagem para jovens em SP e BA!","inLanguage":"pt-BR","isPartOf":{"@id":"https:\/\/www.encontracamacari.com.br\/sobre\/#website"},"breadcrumb":{"@id":"https:\/\/www.encontracamacari.com.br\/sobre\/bracell-abre-inscricoes-para-programa-de-aprendizagem-em-sao-paulo-e-bahia\/#breadcrumblist"},"author":{"@id":"https:\/\/www.encontracamacari.com.br\/sobre\/author\/ecamacari\/#author"},"creator":{"@id":"https:\/\/www.encontracamacari.com.br\/sobre\/author\/ecamacari\/#author"},"image":{"@type":"ImageObject","url":"https:\/\/www.encontracamacari.com.br\/sobre\/wp-content\/uploads\/2026\/01\/bracell-abre-inscricoes-para-programa-de-aprendizagem-em-sao-paulo-e-bahia.webp","@id":"https:\/\/www.encontracamacari.com.br\/sobre\/bracell-abre-inscricoes-para-programa-de-aprendizagem-em-sao-paulo-e-bahia\/#mainImage","width":280,"height":280,"caption":"programa de aprendizagem"},"primaryImageOfPage":{"@id":"https:\/\/www.encontracamacari.com.br\/sobre\/bracell-abre-inscricoes-para-programa-de-aprendizagem-em-sao-paulo-e-bahia\/#mainImage"},"datePublished":"2026-01-31T06:15:30+00:00","dateModified":"2026-01-31T06:15:30+00:00"},{"@type":"WebSite","@id":"https:\/\/www.encontracamacari.com.br\/sobre\/#website","url":"https:\/\/www.encontracamacari.com.br\/sobre\/","name":"Encontra Cama\u00e7ari","description":"Not\u00edcias, eventos, informa\u00e7\u00f5es e dicas na cidade de Cama\u00e7ari e regi\u00e3o.","inLanguage":"pt-BR","publisher":{"@id":"https:\/\/www.encontracamacari.com.br\/sobre\/#organization"}}]},"og:locale":"pt_BR","og:site_name":"Encontra Cama\u00e7ari - Not\u00edcias, eventos, informa\u00e7\u00f5es e dicas na cidade de Cama\u00e7ari e regi\u00e3o.","og:type":"article","og:title":"Bracell abre inscri\u00e7\u00f5es para programa de aprendizagem em S\u00e3o Paulo e Bahia - Encontra Cama\u00e7ari","og:description":"Bracell oferece programa de aprendizagem para jovens em SP e BA!","og:url":"https:\/\/www.encontracamacari.com.br\/sobre\/bracell-abre-inscricoes-para-programa-de-aprendizagem-em-sao-paulo-e-bahia\/","article:published_time":"2026-01-31T06:15:30+00:00","article:modified_time":"2026-01-31T06:15:30+00:00","twitter:card":"summary_large_image","twitter:title":"Bracell abre inscri\u00e7\u00f5es para programa de aprendizagem em S\u00e3o Paulo e Bahia - Encontra Cama\u00e7ari","twitter:description":"Bracell oferece programa de aprendizagem para jovens em SP e BA!"},"aioseo_meta_data":{"post_id":"641","title":null,"description":null,"keywords":null,"keyphrases":null,"primary_term":null,"canonical_url":null,"og_title":null,"og_description":null,"og_object_type":"default","og_image_type":"default","og_image_url":null,"og_image_width":null,"og_image_height":null,"og_image_custom_url":null,"og_image_custom_fields":null,"og_video":null,"og_custom_url":null,"og_article_section":null,"og_article_tags":null,"twitter_use_og":false,"twitter_card":"default","twitter_image_type":"default","twitter_image_url":null,"twitter_image_custom_url":null,"twitter_image_custom_fields":null,"twitter_title":null,"twitter_description":null,"schema":{"blockGraphs":[],"customGraphs":[],"default":{"data":{"Article":[],"Course":[],"Dataset":[],"FAQPage":[],"Movie":[],"Person":[],"Product":[],"ProductReview":[],"Car":[],"Recipe":[],"Service":[],"SoftwareApplication":[],"WebPage":[]},"graphName":"BlogPosting","isEnabled":true},"graphs":[]},"schema_type":"default","schema_type_options":null,"pillar_content":false,"robots_default":true,"robots_noindex":false,"robots_noarchive":false,"robots_nosnippet":false,"robots_nofollow":false,"robots_noimageindex":false,"robots_noodp":false,"robots_notranslate":false,"robots_max_snippet":null,"robots_max_videopreview":null,"robots_max_imagepreview":"large","priority":null,"frequency":null,"local_seo":null,"limit_modified_date":false,"created":"2026-01-31 06:15:35","updated":"2026-08-06 01:04:40","focus_keyword":null,"additional_keywords":null,"truseo_locale":null,"ai":null,"breadcrumb_settings":null,"seo_analyzer_scan_date":null},"aioseo_breadcrumb":"<div class=\"aioseo-breadcrumbs\"><span class=\"aioseo-breadcrumb\">\n\t\t\t<a href=\"https:\/\/www.encontracamacari.com.br\/sobre\" title=\"Home\">Home<\/a>\n\t\t<\/span><span class=\"aioseo-breadcrumb-separator\">&raquo;<\/span><span class=\"aioseo-breadcrumb\">\n\t\t\t<a href=\"https:\/\/www.encontracamacari.com.br\/sobre\/noticias-em-camacari\/\" title=\"Not\u00edcias Cama\u00e7ari\">Not\u00edcias Cama\u00e7ari<\/a>\n\t\t<\/span><span class=\"aioseo-breadcrumb-separator\">&raquo;<\/span><span class=\"aioseo-breadcrumb\">\n\t\t\tBracell abre inscri\u00e7\u00f5es para programa de aprendizagem em S\u00e3o Paulo e Bahia\n\t\t<\/span><\/div>","aioseo_breadcrumb_json":[{"label":"Home","link":"https:\/\/www.encontracamacari.com.br\/sobre"},{"label":"Not\u00edcias Cama\u00e7ari","link":"https:\/\/www.encontracamacari.com.br\/sobre\/noticias-em-camacari\/"},{"label":"Bracell abre inscri\u00e7\u00f5es para programa de aprendizagem em S\u00e3o Paulo e Bahia","link":"https:\/\/www.encontracamacari.com.br\/sobre\/bracell-abre-inscricoes-para-programa-de-aprendizagem-em-sao-paulo-e-bahia\/"}],"_links":{"self":[{"href":"https:\/\/www.encontracamacari.com.br\/sobre\/wp-json\/wp\/v2\/posts\/641","targetHints":{"allow":["GET"]}}],"collection":[{"href":"https:\/\/www.encontracamacari.com.br\/sobre\/wp-json\/wp\/v2\/posts"}],"about":[{"href":"https:\/\/www.encontracamacari.com.br\/sobre\/wp-json\/wp\/v2\/types\/post"}],"author":[{"embeddable":true,"href":"https:\/\/www.encontracamacari.com.br\/sobre\/wp-json\/wp\/v2\/users\/1"}],"replies":[{"embeddable":true,"href":"https:\/\/www.encontracamacari.com.br\/sobre\/wp-json\/wp\/v2\/comments?post=641"}],"version-history":[{"count":0,"href":"https:\/\/www.encontracamacari.com.br\/sobre\/wp-json\/wp\/v2\/posts\/641\/revisions"}],"wp:featuredmedia":[{"embeddable":true,"href":"https:\/\/www.encontracamacari.com.br\/sobre\/wp-json\/wp\/v2\/media\/640"}],"wp:attachment":[{"href":"https:\/\/www.encontracamacari.com.br\/sobre\/wp-json\/wp\/v2\/media?parent=641"}],"wp:term":[{"taxonomy":"category","embeddable":true,"href":"https:\/\/www.encontracamacari.com.br\/sobre\/wp-json\/wp\/v2\/categories?post=641"},{"taxonomy":"post_tag","embeddable":true,"href":"https:\/\/www.encontracamacari.com.br\/sobre\/wp-json\/wp\/v2\/tags?post=641"}],"curies":[{"name":"wp","href":"https:\/\/api.w.org\/{rel}","templated":true}]}}