{"id":634,"date":"2026-01-27T06:18:14","date_gmt":"2026-01-27T06:18:14","guid":{"rendered":"https:\/\/www.encontracamacari.com.br\/sobre\/lavagens-de-monte-gordo-e-vila-de-abrantes-movimentam-orla-de-camacari-dias-23-e-24\/"},"modified":"2026-01-27T06:18:14","modified_gmt":"2026-01-27T06:18:14","slug":"lavagens-de-monte-gordo-e-vila-de-abrantes-movimentam-orla-de-camacari-dias-23-e-24","status":"publish","type":"post","link":"https:\/\/www.encontracamacari.com.br\/sobre\/lavagens-de-monte-gordo-e-vila-de-abrantes-movimentam-orla-de-camacari-dias-23-e-24\/","title":{"rendered":"Lavagens de Monte Gordo e Vila de Abrantes movimentam orla de Cama\u00e7ari dias 23 e 24"},"content":{"rendered":"<div class=\"2410bb7248a64bb1f71103797e0f239b\" data-index=\"1\" style=\"float: none; margin:0px;\">\n<ins class=\"adsbygoogle\"\r\n     style=\"display:block\"\r\n     data-ad-client=\"ca-pub-8585364105181520\"\r\n     data-ad-slot=\"8789329856\"\r\n     data-ad-format=\"auto\"\r\n     data-full-width-responsive=\"true\"><\/ins>\r\n<script>\r\n     (adsbygoogle = window.adsbygoogle || []).push({});\r\n<\/script>\n<\/div>\n<h2>O que s\u00e3o as Lavagens de Monte Gordo e Vila de Abrantes?<\/h2>\n<p>As Lavagens de Monte Gordo e Vila de Abrantes s\u00e3o festividades populares que ocorrem na orla de Cama\u00e7ari, na Bahia. Essas celebra\u00e7\u00f5es s\u00e3o marcadas por uma rica combina\u00e7\u00e3o de religi\u00e3o e cultura, servindo como um momento de conex\u00e3o comunit\u00e1ria e express\u00e3o de tradi\u00e7\u00f5es locais. O evento \u00e9 esperado anualmente, atraindo tanto moradores quanto turistas, e se destaca como uma das manifesta\u00e7\u00f5es culturais mais vibrantes da regi\u00e3o.<\/p>\n<h2>A Import\u00e2ncia Cultural das Festividades em Cama\u00e7ari<\/h2>\n<p>As festividades de Monte Gordo e Vila de Abrantes n\u00e3o apenas preservam a heran\u00e7a cultural, mas tamb\u00e9m refor\u00e7am a identidade comunit\u00e1ria. Esses eventos oferecem in\u00fameras atividades que envolvem a m\u00fasica, a dan\u00e7a e a religiosidade, criando um ambiente festivo e de celebra\u00e7\u00e3o da cultura local. Eles refletem a hist\u00f3ria da regi\u00e3o e a conex\u00e3o com as ra\u00edzes africanas e ind\u00edgenas, fortalecendo la\u00e7os entre as gera\u00e7\u00f5es e promovendo a troca de experi\u00eancias entre participantes.<\/p>\n<h2>Programa\u00e7\u00e3o da Lavagem de Monte Gordo<\/h2>\n<p>A Lavagem de Monte Gordo acontece em um contexto de celebra\u00e7\u00f5es significativas. Com in\u00edcio na sexta-feira (23), a festividade inicia-se com um cortejo que j\u00e1 se tornou tradicional. Este evento religiosamente significativo \u00e9 um tributo a S\u00e3o Francisco de Assis, padroeiro da localidade, e est\u00e1 agendado para come\u00e7ar \u00e0s 10h. A prociss\u00e3o, que inclui a participa\u00e7\u00e3o marcante das baianas, percorre um trajeto de cerca de tr\u00eas quil\u00f4metros. Durante o percurso, a popula\u00e7\u00e3o pode apreciar a m\u00fasica de charangas, contribuindo para a atmosfera vibrante do evento.<\/p>\n<p><img decoding=\"async\" src=\"https:\/\/www.encontracamacari.com.br\/sobre\/wp-content\/uploads\/2026\/01\/lavagens-de-monte-gordo-e-vila-de-abrantes-movimentam-orla-de-camacari-dias-23-e-24.webp\" alt=\"lavagens de Monte Gordo e Vila de Abrantes\" loading=\"lazy\" \/><\/p>\n<h2>O Cortejo Religioso e Suas Ra\u00edzes<\/h2>\n<p>O cortejo religioso de Monte Gordo \u00e9 um elemento central das festividades. Nele, as baianas, com suas vestimentas t\u00edpicas, simbolizam a luta e a resist\u00eancia cultural. Gravuras de f\u00e9 e tradi\u00e7\u00e3o, elas conduzem a prociss\u00e3o que segue da Pra\u00e7a Central de Guarajuba at\u00e9 a capela em homenagem ao santo, no Centro Comercial de Monte Gordo. Este evento \u00e9 mais do que uma mera celebra\u00e7\u00e3o; \u00e9 uma manifesta\u00e7\u00e3o da devo\u00e7\u00e3o religiosa, enraizada na espiritualidade local e na viv\u00eancia coletiva.<\/p>\n<h2>A M\u00fasica e a Dan\u00e7a nas Celebra\u00e7\u00f5es<\/h2>\n<p>As festividades incluem uma variedade de apresenta\u00e7\u00f5es musicais que ocorrem a partir do s\u00e1bado \u00e0 noite. Os grupos culturais locais desempenham um papel vital, unindo a comunidade por meio da m\u00fasica e dan\u00e7a. A programa\u00e7\u00e3o musical \u00e9 cuidadosamente elaborada para atender aos diferentes gostos, garantindo que todos possam se envolver e desfrutar da energia contagiante do evento. Essas atividades n\u00e3o apenas entret\u00eam, mas tamb\u00e9m ajudam a reviver e preservar o rico folclore da regi\u00e3o.<\/p><div class=\"2410bb7248a64bb1f71103797e0f239b\" data-index=\"2\" style=\"float: none; margin:0px;\">\n<ins class=\"adsbygoogle\"\r\n     style=\"display:block; text-align:center;\"\r\n     data-ad-layout=\"in-article\"\r\n     data-ad-format=\"fluid\"\r\n     data-ad-client=\"ca-pub-8585364105181520\"\r\n     data-ad-slot=\"2899217073\"><\/ins>\r\n<script>\r\n     (adsbygoogle = window.adsbygoogle || []).push({});\r\n<\/script>\r\n\r\n<\/br><\/br>\n<\/div>\n\n<h2>A Lavagem em Vila de Abrantes: Tradi\u00e7\u00f5es que Persistem<\/h2>\n<p>Em Vila de Abrantes, a festa tem como figura central S\u00e3o Sebasti\u00e3o. O cortejo religioso ocorre no s\u00e1bado (24), \u00e0s 10h, reunindo baianas, autoridades e fi\u00e9is, todos seguindo da Avenida Tiradentes rumo \u00e0 Igreja Matriz do Divino Esp\u00edrito Santo. O evento \u00e9 uma continua\u00e7\u00e3o das tradi\u00e7\u00f5es que atravessam gera\u00e7\u00f5es, refletindo a heran\u00e7a cultural da comunidade local.<\/p>\n<h2>Como Participar das Festividades<\/h2>\n<p>Para aqueles que desejam participar das Lavagens de Monte Gordo e Vila de Abrantes, a ades\u00e3o ao evento \u00e9 bastante acess\u00edvel. A participa\u00e7\u00e3o pode ser individual ou em grupos, oferecendo uma oportunidade incr\u00edvel para aprender sobre a cultura local enquanto se diverte. Os visitantes s\u00e3o encorajados a se vestir de maneira tradicional para melhor se integrar ao ambiente festivo e respeitar as tradi\u00e7\u00f5es que permeiam esses eventos.<\/p>\n<h2>A Contribui\u00e7\u00e3o das Lavagens para o Turismo Local<\/h2>\n<p>As lavagens n\u00e3o s\u00e3o apenas uma celebra\u00e7\u00e3o da cultura local, mas tamb\u00e9m um impulsionador do turismo em Cama\u00e7ari. Ao atrair visitantes de diferentes lugares, as festividades ajudam a gerar receita adicional para a economia local. Os com\u00e9rcios e as pousadas da regi\u00e3o se beneficiam significativamente do aumento do fluxo tur\u00edstico durante esses eventos, promovendo o desenvolvimento econ\u00f4mico e a valoriza\u00e7\u00e3o das tradi\u00e7\u00f5es locais.<\/p>\n<h2>Apoio da Prefeitura nas Festividades<\/h2>\n<p>A Prefeitura de Cama\u00e7ari desempenha um papel crucial na realiza\u00e7\u00e3o das festividades, coordenando o evento por meio da sua Coordena\u00e7\u00e3o de Eventos e das Secretarias de Governo e Cultura. O apoio do poder p\u00fablico assegura que as festividades sejam organizadas com seguran\u00e7a, proporcionando uma experi\u00eancia agrad\u00e1vel para todos os participantes. Este esfor\u00e7o coletivo demonstra o compromisso da administra\u00e7\u00e3o municipal em valorizar a cultura local e proporcionar um espa\u00e7o de confraterniza\u00e7\u00e3o entre a comunidade.<\/p>\n<h2>Reflex\u00e3o sobre a Identidade Cultural em Cama\u00e7ari<\/h2>\n<p>As Lavagens de Monte Gordo e Vila de Abrantes v\u00e3o al\u00e9m das festividades superficiais; elas representam um momento de reflex\u00e3o sobre a identidade cultural de Cama\u00e7ari. Esses eventos celebram a diversidade e a riqueza cultural do munic\u00edpio, promovendo um ambiente de respeito e valoriza\u00e7\u00e3o das diferentes tradi\u00e7\u00f5es que comp\u00f5em a sociedade. \u00c9 um jeito de reafirmar a import\u00e2ncia das ra\u00edzes culturais e como elas moldam a conviv\u00eancia e o sentimento de perten\u00e7a no munic\u00edpio.<\/p>\n<p>Com uma programa\u00e7\u00e3o intensa e variada, as Lavagens prometem ser mais uma vez um espet\u00e1culo de cores, m\u00fasica e f\u00e9. Qualquer pessoa que aprecia cultura e tradi\u00e7\u00e3o encontrar\u00e1 nas festividades de Monte Gordo e Vila de Abrantes uma experi\u00eancia \u00fanica e enriquecedora, refletindo a verdadeira ess\u00eancia da cultura baiana. Por isso, n\u00e3o deixe de participar e vivenciar esse momento de celebra\u00e7\u00e3o e uni\u00e3o de todos os envolvidos.<\/p>\n<div class=\"2410bb7248a64bb1f71103797e0f239b\" data-index=\"3\" style=\"float: none; margin:0px;\">\n<\/br><\/br>\r\n\r\n<ins class=\"adsbygoogle\"\r\n     style=\"display:block\"\r\n     data-ad-format=\"fluid\"\r\n     data-ad-layout-key=\"-63+do+n-1s+9e\"\r\n     data-ad-client=\"ca-pub-8585364105181520\"\r\n     data-ad-slot=\"6838462089\"><\/ins>\r\n<script>\r\n     (adsbygoogle = window.adsbygoogle || []).push({});\r\n<\/script>\n<\/div>\n\n<div style=\"font-size: 0px; height: 0px; line-height: 0px; margin: 0; padding: 0; clear: both;\"><\/div>","protected":false},"excerpt":{"rendered":"<p>Lavagens de Monte Gordo e Vila de Abrantes trazem cultura e lazer para Cama\u00e7ari.<\/p>\n","protected":false},"author":1,"featured_media":633,"comment_status":"open","ping_status":"closed","sticky":false,"template":"","format":"standard","meta":{"footnotes":""},"categories":[1],"tags":[],"class_list":["post-634","post","type-post","status-publish","format-standard","has-post-thumbnail","hentry","category-noticias-em-camacari","has_thumb"],"aioseo_notices":[],"aioseo_head":"\n\t\t<!-- All in One SEO 5.0.0.1 - aioseo.com -->\n\t<meta name=\"description\" content=\"Lavagens de Monte Gordo e Vila de Abrantes trazem cultura e lazer para Cama\u00e7ari.\" \/>\n\t<meta name=\"robots\" content=\"max-image-preview:large\" \/>\n\t<meta name=\"author\" content=\"Encontra Cama\u00e7ari\"\/>\n\t<link rel=\"canonical\" href=\"https:\/\/www.encontracamacari.com.br\/sobre\/lavagens-de-monte-gordo-e-vila-de-abrantes-movimentam-orla-de-camacari-dias-23-e-24\/\" \/>\n\t<meta name=\"generator\" content=\"All in One SEO (AIOSEO) 5.0.0.1\" \/>\n\t\t<meta property=\"og:locale\" content=\"pt_BR\" \/>\n\t\t<meta property=\"og:site_name\" content=\"Encontra Cama\u00e7ari - Not\u00edcias, eventos, informa\u00e7\u00f5es e dicas na cidade de Cama\u00e7ari e regi\u00e3o.\" \/>\n\t\t<meta property=\"og:type\" content=\"article\" \/>\n\t\t<meta property=\"og:title\" content=\"Lavagens de Monte Gordo e Vila de Abrantes movimentam orla de Cama\u00e7ari dias 23 e 24 - Encontra Cama\u00e7ari\" \/>\n\t\t<meta property=\"og:description\" content=\"Lavagens de Monte Gordo e Vila de Abrantes trazem cultura e lazer para Cama\u00e7ari.\" \/>\n\t\t<meta property=\"og:url\" content=\"https:\/\/www.encontracamacari.com.br\/sobre\/lavagens-de-monte-gordo-e-vila-de-abrantes-movimentam-orla-de-camacari-dias-23-e-24\/\" \/>\n\t\t<meta property=\"article:published_time\" content=\"2026-01-27T06:18:14+00:00\" \/>\n\t\t<meta property=\"article:modified_time\" content=\"2026-01-27T06:18:14+00:00\" \/>\n\t\t<meta name=\"twitter:card\" content=\"summary_large_image\" \/>\n\t\t<meta name=\"twitter:title\" content=\"Lavagens de Monte Gordo e Vila de Abrantes movimentam orla de Cama\u00e7ari dias 23 e 24 - Encontra Cama\u00e7ari\" \/>\n\t\t<meta name=\"twitter:description\" content=\"Lavagens de Monte Gordo e Vila de Abrantes trazem cultura e lazer para Cama\u00e7ari.\" \/>\n\t\t<script type=\"application\/ld+json\" class=\"aioseo-schema\">\n\t\t\t{\"@context\":\"https:\\\/\\\/schema.org\",\"@graph\":[{\"@type\":\"BlogPosting\",\"@id\":\"https:\\\/\\\/www.encontracamacari.com.br\\\/sobre\\\/lavagens-de-monte-gordo-e-vila-de-abrantes-movimentam-orla-de-camacari-dias-23-e-24\\\/#blogposting\",\"name\":\"Lavagens de Monte Gordo e Vila de Abrantes movimentam orla de Cama\\u00e7ari dias 23 e 24 - Encontra Cama\\u00e7ari\",\"headline\":\"Lavagens de Monte Gordo e Vila de Abrantes movimentam orla de Cama\\u00e7ari dias 23 e 24\",\"author\":{\"@id\":\"https:\\\/\\\/www.encontracamacari.com.br\\\/sobre\\\/author\\\/ecamacari\\\/#author\"},\"publisher\":{\"@id\":\"https:\\\/\\\/www.encontracamacari.com.br\\\/sobre\\\/#organization\"},\"image\":{\"@type\":\"ImageObject\",\"url\":\"https:\\\/\\\/www.encontracamacari.com.br\\\/sobre\\\/wp-content\\\/uploads\\\/2026\\\/01\\\/lavagens-de-monte-gordo-e-vila-de-abrantes-movimentam-orla-de-camacari-dias-23-e-24.webp\",\"width\":280,\"height\":280,\"caption\":\"lavagens de Monte Gordo e Vila de Abrantes\"},\"datePublished\":\"2026-01-27T06:18:14+00:00\",\"dateModified\":\"2026-01-27T06:18:14+00:00\",\"inLanguage\":\"pt-BR\",\"mainEntityOfPage\":{\"@id\":\"https:\\\/\\\/www.encontracamacari.com.br\\\/sobre\\\/lavagens-de-monte-gordo-e-vila-de-abrantes-movimentam-orla-de-camacari-dias-23-e-24\\\/#webpage\"},\"isPartOf\":{\"@id\":\"https:\\\/\\\/www.encontracamacari.com.br\\\/sobre\\\/lavagens-de-monte-gordo-e-vila-de-abrantes-movimentam-orla-de-camacari-dias-23-e-24\\\/#webpage\"},\"articleSection\":\"Not\\u00edcias Cama\\u00e7ari\"},{\"@type\":\"BreadcrumbList\",\"@id\":\"https:\\\/\\\/www.encontracamacari.com.br\\\/sobre\\\/lavagens-de-monte-gordo-e-vila-de-abrantes-movimentam-orla-de-camacari-dias-23-e-24\\\/#breadcrumblist\",\"itemListElement\":[{\"@type\":\"ListItem\",\"@id\":\"https:\\\/\\\/www.encontracamacari.com.br\\\/sobre#listItem\",\"position\":1,\"name\":\"Home\",\"item\":\"https:\\\/\\\/www.encontracamacari.com.br\\\/sobre\",\"nextItem\":{\"@type\":\"ListItem\",\"@id\":\"https:\\\/\\\/www.encontracamacari.com.br\\\/sobre\\\/noticias-em-camacari\\\/#listItem\",\"name\":\"Not\\u00edcias Cama\\u00e7ari\"}},{\"@type\":\"ListItem\",\"@id\":\"https:\\\/\\\/www.encontracamacari.com.br\\\/sobre\\\/noticias-em-camacari\\\/#listItem\",\"position\":2,\"name\":\"Not\\u00edcias Cama\\u00e7ari\",\"item\":\"https:\\\/\\\/www.encontracamacari.com.br\\\/sobre\\\/noticias-em-camacari\\\/\",\"nextItem\":{\"@type\":\"ListItem\",\"@id\":\"https:\\\/\\\/www.encontracamacari.com.br\\\/sobre\\\/lavagens-de-monte-gordo-e-vila-de-abrantes-movimentam-orla-de-camacari-dias-23-e-24\\\/#listItem\",\"name\":\"Lavagens de Monte Gordo e Vila de Abrantes movimentam orla de Cama\\u00e7ari dias 23 e 24\"},\"previousItem\":{\"@type\":\"ListItem\",\"@id\":\"https:\\\/\\\/www.encontracamacari.com.br\\\/sobre#listItem\",\"name\":\"Home\"}},{\"@type\":\"ListItem\",\"@id\":\"https:\\\/\\\/www.encontracamacari.com.br\\\/sobre\\\/lavagens-de-monte-gordo-e-vila-de-abrantes-movimentam-orla-de-camacari-dias-23-e-24\\\/#listItem\",\"position\":3,\"name\":\"Lavagens de Monte Gordo e Vila de Abrantes movimentam orla de Cama\\u00e7ari dias 23 e 24\",\"previousItem\":{\"@type\":\"ListItem\",\"@id\":\"https:\\\/\\\/www.encontracamacari.com.br\\\/sobre\\\/noticias-em-camacari\\\/#listItem\",\"name\":\"Not\\u00edcias Cama\\u00e7ari\"}}]},{\"@type\":\"Organization\",\"@id\":\"https:\\\/\\\/www.encontracamacari.com.br\\\/sobre\\\/#organization\",\"name\":\"Encontra Cama\\u00e7ari\",\"description\":\"Not\\u00edcias, eventos, informa\\u00e7\\u00f5es e dicas na cidade de Cama\\u00e7ari e regi\\u00e3o.\",\"url\":\"https:\\\/\\\/www.encontracamacari.com.br\\\/sobre\\\/\"},{\"@type\":\"Person\",\"@id\":\"https:\\\/\\\/www.encontracamacari.com.br\\\/sobre\\\/author\\\/ecamacari\\\/#author\",\"url\":\"https:\\\/\\\/www.encontracamacari.com.br\\\/sobre\\\/author\\\/ecamacari\\\/\",\"name\":\"Encontra Cama\\u00e7ari\",\"image\":{\"@type\":\"ImageObject\",\"@id\":\"https:\\\/\\\/www.encontracamacari.com.br\\\/sobre\\\/lavagens-de-monte-gordo-e-vila-de-abrantes-movimentam-orla-de-camacari-dias-23-e-24\\\/#authorImage\",\"url\":\"https:\\\/\\\/secure.gravatar.com\\\/avatar\\\/507340682b8270222e1f208e23198b6ae7e2c6a1033ae84e99bc6bce4f82a387?s=96&d=mm&r=g\",\"width\":96,\"height\":96,\"caption\":\"Encontra Cama\\u00e7ari\"}},{\"@type\":\"WebPage\",\"@id\":\"https:\\\/\\\/www.encontracamacari.com.br\\\/sobre\\\/lavagens-de-monte-gordo-e-vila-de-abrantes-movimentam-orla-de-camacari-dias-23-e-24\\\/#webpage\",\"url\":\"https:\\\/\\\/www.encontracamacari.com.br\\\/sobre\\\/lavagens-de-monte-gordo-e-vila-de-abrantes-movimentam-orla-de-camacari-dias-23-e-24\\\/\",\"name\":\"Lavagens de Monte Gordo e Vila de Abrantes movimentam orla de Cama\\u00e7ari dias 23 e 24 - Encontra Cama\\u00e7ari\",\"description\":\"Lavagens de Monte Gordo e Vila de Abrantes trazem cultura e lazer para Cama\\u00e7ari.\",\"inLanguage\":\"pt-BR\",\"isPartOf\":{\"@id\":\"https:\\\/\\\/www.encontracamacari.com.br\\\/sobre\\\/#website\"},\"breadcrumb\":{\"@id\":\"https:\\\/\\\/www.encontracamacari.com.br\\\/sobre\\\/lavagens-de-monte-gordo-e-vila-de-abrantes-movimentam-orla-de-camacari-dias-23-e-24\\\/#breadcrumblist\"},\"author\":{\"@id\":\"https:\\\/\\\/www.encontracamacari.com.br\\\/sobre\\\/author\\\/ecamacari\\\/#author\"},\"creator\":{\"@id\":\"https:\\\/\\\/www.encontracamacari.com.br\\\/sobre\\\/author\\\/ecamacari\\\/#author\"},\"image\":{\"@type\":\"ImageObject\",\"url\":\"https:\\\/\\\/www.encontracamacari.com.br\\\/sobre\\\/wp-content\\\/uploads\\\/2026\\\/01\\\/lavagens-de-monte-gordo-e-vila-de-abrantes-movimentam-orla-de-camacari-dias-23-e-24.webp\",\"@id\":\"https:\\\/\\\/www.encontracamacari.com.br\\\/sobre\\\/lavagens-de-monte-gordo-e-vila-de-abrantes-movimentam-orla-de-camacari-dias-23-e-24\\\/#mainImage\",\"width\":280,\"height\":280,\"caption\":\"lavagens de Monte Gordo e Vila de Abrantes\"},\"primaryImageOfPage\":{\"@id\":\"https:\\\/\\\/www.encontracamacari.com.br\\\/sobre\\\/lavagens-de-monte-gordo-e-vila-de-abrantes-movimentam-orla-de-camacari-dias-23-e-24\\\/#mainImage\"},\"datePublished\":\"2026-01-27T06:18:14+00:00\",\"dateModified\":\"2026-01-27T06:18:14+00:00\"},{\"@type\":\"WebSite\",\"@id\":\"https:\\\/\\\/www.encontracamacari.com.br\\\/sobre\\\/#website\",\"url\":\"https:\\\/\\\/www.encontracamacari.com.br\\\/sobre\\\/\",\"name\":\"Encontra Cama\\u00e7ari\",\"description\":\"Not\\u00edcias, eventos, informa\\u00e7\\u00f5es e dicas na cidade de Cama\\u00e7ari e regi\\u00e3o.\",\"inLanguage\":\"pt-BR\",\"publisher\":{\"@id\":\"https:\\\/\\\/www.encontracamacari.com.br\\\/sobre\\\/#organization\"}}]}\n\t\t<\/script>\n\t\t<!-- All in One SEO -->\n\n","aioseo_head_json":{"title":"Lavagens de Monte Gordo e Vila de Abrantes movimentam orla de Cama\u00e7ari dias 23 e 24 - Encontra Cama\u00e7ari","description":"Lavagens de Monte Gordo e Vila de Abrantes trazem cultura e lazer para Cama\u00e7ari.","canonical_url":"https:\/\/www.encontracamacari.com.br\/sobre\/lavagens-de-monte-gordo-e-vila-de-abrantes-movimentam-orla-de-camacari-dias-23-e-24\/","robots":"max-image-preview:large","keywords":"","webmasterTools":{"miscellaneous":""},"schema":{"@context":"https:\/\/schema.org","@graph":[{"@type":"BlogPosting","@id":"https:\/\/www.encontracamacari.com.br\/sobre\/lavagens-de-monte-gordo-e-vila-de-abrantes-movimentam-orla-de-camacari-dias-23-e-24\/#blogposting","name":"Lavagens de Monte Gordo e Vila de Abrantes movimentam orla de Cama\u00e7ari dias 23 e 24 - Encontra Cama\u00e7ari","headline":"Lavagens de Monte Gordo e Vila de Abrantes movimentam orla de Cama\u00e7ari dias 23 e 24","author":{"@id":"https:\/\/www.encontracamacari.com.br\/sobre\/author\/ecamacari\/#author"},"publisher":{"@id":"https:\/\/www.encontracamacari.com.br\/sobre\/#organization"},"image":{"@type":"ImageObject","url":"https:\/\/www.encontracamacari.com.br\/sobre\/wp-content\/uploads\/2026\/01\/lavagens-de-monte-gordo-e-vila-de-abrantes-movimentam-orla-de-camacari-dias-23-e-24.webp","width":280,"height":280,"caption":"lavagens de Monte Gordo e Vila de Abrantes"},"datePublished":"2026-01-27T06:18:14+00:00","dateModified":"2026-01-27T06:18:14+00:00","inLanguage":"pt-BR","mainEntityOfPage":{"@id":"https:\/\/www.encontracamacari.com.br\/sobre\/lavagens-de-monte-gordo-e-vila-de-abrantes-movimentam-orla-de-camacari-dias-23-e-24\/#webpage"},"isPartOf":{"@id":"https:\/\/www.encontracamacari.com.br\/sobre\/lavagens-de-monte-gordo-e-vila-de-abrantes-movimentam-orla-de-camacari-dias-23-e-24\/#webpage"},"articleSection":"Not\u00edcias Cama\u00e7ari"},{"@type":"BreadcrumbList","@id":"https:\/\/www.encontracamacari.com.br\/sobre\/lavagens-de-monte-gordo-e-vila-de-abrantes-movimentam-orla-de-camacari-dias-23-e-24\/#breadcrumblist","itemListElement":[{"@type":"ListItem","@id":"https:\/\/www.encontracamacari.com.br\/sobre#listItem","position":1,"name":"Home","item":"https:\/\/www.encontracamacari.com.br\/sobre","nextItem":{"@type":"ListItem","@id":"https:\/\/www.encontracamacari.com.br\/sobre\/noticias-em-camacari\/#listItem","name":"Not\u00edcias Cama\u00e7ari"}},{"@type":"ListItem","@id":"https:\/\/www.encontracamacari.com.br\/sobre\/noticias-em-camacari\/#listItem","position":2,"name":"Not\u00edcias Cama\u00e7ari","item":"https:\/\/www.encontracamacari.com.br\/sobre\/noticias-em-camacari\/","nextItem":{"@type":"ListItem","@id":"https:\/\/www.encontracamacari.com.br\/sobre\/lavagens-de-monte-gordo-e-vila-de-abrantes-movimentam-orla-de-camacari-dias-23-e-24\/#listItem","name":"Lavagens de Monte Gordo e Vila de Abrantes movimentam orla de Cama\u00e7ari dias 23 e 24"},"previousItem":{"@type":"ListItem","@id":"https:\/\/www.encontracamacari.com.br\/sobre#listItem","name":"Home"}},{"@type":"ListItem","@id":"https:\/\/www.encontracamacari.com.br\/sobre\/lavagens-de-monte-gordo-e-vila-de-abrantes-movimentam-orla-de-camacari-dias-23-e-24\/#listItem","position":3,"name":"Lavagens de Monte Gordo e Vila de Abrantes movimentam orla de Cama\u00e7ari dias 23 e 24","previousItem":{"@type":"ListItem","@id":"https:\/\/www.encontracamacari.com.br\/sobre\/noticias-em-camacari\/#listItem","name":"Not\u00edcias Cama\u00e7ari"}}]},{"@type":"Organization","@id":"https:\/\/www.encontracamacari.com.br\/sobre\/#organization","name":"Encontra Cama\u00e7ari","description":"Not\u00edcias, eventos, informa\u00e7\u00f5es e dicas na cidade de Cama\u00e7ari e regi\u00e3o.","url":"https:\/\/www.encontracamacari.com.br\/sobre\/"},{"@type":"Person","@id":"https:\/\/www.encontracamacari.com.br\/sobre\/author\/ecamacari\/#author","url":"https:\/\/www.encontracamacari.com.br\/sobre\/author\/ecamacari\/","name":"Encontra Cama\u00e7ari","image":{"@type":"ImageObject","@id":"https:\/\/www.encontracamacari.com.br\/sobre\/lavagens-de-monte-gordo-e-vila-de-abrantes-movimentam-orla-de-camacari-dias-23-e-24\/#authorImage","url":"https:\/\/secure.gravatar.com\/avatar\/507340682b8270222e1f208e23198b6ae7e2c6a1033ae84e99bc6bce4f82a387?s=96&d=mm&r=g","width":96,"height":96,"caption":"Encontra Cama\u00e7ari"}},{"@type":"WebPage","@id":"https:\/\/www.encontracamacari.com.br\/sobre\/lavagens-de-monte-gordo-e-vila-de-abrantes-movimentam-orla-de-camacari-dias-23-e-24\/#webpage","url":"https:\/\/www.encontracamacari.com.br\/sobre\/lavagens-de-monte-gordo-e-vila-de-abrantes-movimentam-orla-de-camacari-dias-23-e-24\/","name":"Lavagens de Monte Gordo e Vila de Abrantes movimentam orla de Cama\u00e7ari dias 23 e 24 - Encontra Cama\u00e7ari","description":"Lavagens de Monte Gordo e Vila de Abrantes trazem cultura e lazer para Cama\u00e7ari.","inLanguage":"pt-BR","isPartOf":{"@id":"https:\/\/www.encontracamacari.com.br\/sobre\/#website"},"breadcrumb":{"@id":"https:\/\/www.encontracamacari.com.br\/sobre\/lavagens-de-monte-gordo-e-vila-de-abrantes-movimentam-orla-de-camacari-dias-23-e-24\/#breadcrumblist"},"author":{"@id":"https:\/\/www.encontracamacari.com.br\/sobre\/author\/ecamacari\/#author"},"creator":{"@id":"https:\/\/www.encontracamacari.com.br\/sobre\/author\/ecamacari\/#author"},"image":{"@type":"ImageObject","url":"https:\/\/www.encontracamacari.com.br\/sobre\/wp-content\/uploads\/2026\/01\/lavagens-de-monte-gordo-e-vila-de-abrantes-movimentam-orla-de-camacari-dias-23-e-24.webp","@id":"https:\/\/www.encontracamacari.com.br\/sobre\/lavagens-de-monte-gordo-e-vila-de-abrantes-movimentam-orla-de-camacari-dias-23-e-24\/#mainImage","width":280,"height":280,"caption":"lavagens de Monte Gordo e Vila de Abrantes"},"primaryImageOfPage":{"@id":"https:\/\/www.encontracamacari.com.br\/sobre\/lavagens-de-monte-gordo-e-vila-de-abrantes-movimentam-orla-de-camacari-dias-23-e-24\/#mainImage"},"datePublished":"2026-01-27T06:18:14+00:00","dateModified":"2026-01-27T06:18:14+00:00"},{"@type":"WebSite","@id":"https:\/\/www.encontracamacari.com.br\/sobre\/#website","url":"https:\/\/www.encontracamacari.com.br\/sobre\/","name":"Encontra Cama\u00e7ari","description":"Not\u00edcias, eventos, informa\u00e7\u00f5es e dicas na cidade de Cama\u00e7ari e regi\u00e3o.","inLanguage":"pt-BR","publisher":{"@id":"https:\/\/www.encontracamacari.com.br\/sobre\/#organization"}}]},"og:locale":"pt_BR","og:site_name":"Encontra Cama\u00e7ari - Not\u00edcias, eventos, informa\u00e7\u00f5es e dicas na cidade de Cama\u00e7ari e regi\u00e3o.","og:type":"article","og:title":"Lavagens de Monte Gordo e Vila de Abrantes movimentam orla de Cama\u00e7ari dias 23 e 24 - Encontra Cama\u00e7ari","og:description":"Lavagens de Monte Gordo e Vila de Abrantes trazem cultura e lazer para Cama\u00e7ari.","og:url":"https:\/\/www.encontracamacari.com.br\/sobre\/lavagens-de-monte-gordo-e-vila-de-abrantes-movimentam-orla-de-camacari-dias-23-e-24\/","article:published_time":"2026-01-27T06:18:14+00:00","article:modified_time":"2026-01-27T06:18:14+00:00","twitter:card":"summary_large_image","twitter:title":"Lavagens de Monte Gordo e Vila de Abrantes movimentam orla de Cama\u00e7ari dias 23 e 24 - Encontra Cama\u00e7ari","twitter:description":"Lavagens de Monte Gordo e Vila de Abrantes trazem cultura e lazer para Cama\u00e7ari."},"aioseo_meta_data":{"post_id":"634","title":null,"description":null,"keywords":null,"keyphrases":null,"primary_term":null,"canonical_url":null,"og_title":null,"og_description":null,"og_object_type":"default","og_image_type":"default","og_image_url":null,"og_image_width":null,"og_image_height":null,"og_image_custom_url":null,"og_image_custom_fields":null,"og_video":null,"og_custom_url":null,"og_article_section":null,"og_article_tags":null,"twitter_use_og":false,"twitter_card":"default","twitter_image_type":"default","twitter_image_url":null,"twitter_image_custom_url":null,"twitter_image_custom_fields":null,"twitter_title":null,"twitter_description":null,"schema":{"blockGraphs":[],"customGraphs":[],"default":{"data":{"Article":[],"Course":[],"Dataset":[],"FAQPage":[],"Movie":[],"Person":[],"Product":[],"ProductReview":[],"Car":[],"Recipe":[],"Service":[],"SoftwareApplication":[],"WebPage":[]},"graphName":"BlogPosting","isEnabled":true},"graphs":[]},"schema_type":"default","schema_type_options":null,"pillar_content":false,"robots_default":true,"robots_noindex":false,"robots_noarchive":false,"robots_nosnippet":false,"robots_nofollow":false,"robots_noimageindex":false,"robots_noodp":false,"robots_notranslate":false,"robots_max_snippet":null,"robots_max_videopreview":null,"robots_max_imagepreview":"large","priority":null,"frequency":null,"local_seo":null,"limit_modified_date":false,"created":"2026-01-27 06:18:21","updated":"2026-08-06 01:03:40","focus_keyword":null,"additional_keywords":null,"truseo_locale":null,"ai":null,"breadcrumb_settings":null,"seo_analyzer_scan_date":null},"aioseo_breadcrumb":"<div class=\"aioseo-breadcrumbs\"><span class=\"aioseo-breadcrumb\">\n\t\t\t<a href=\"https:\/\/www.encontracamacari.com.br\/sobre\" title=\"Home\">Home<\/a>\n\t\t<\/span><span class=\"aioseo-breadcrumb-separator\">&raquo;<\/span><span class=\"aioseo-breadcrumb\">\n\t\t\t<a href=\"https:\/\/www.encontracamacari.com.br\/sobre\/noticias-em-camacari\/\" title=\"Not\u00edcias Cama\u00e7ari\">Not\u00edcias Cama\u00e7ari<\/a>\n\t\t<\/span><span class=\"aioseo-breadcrumb-separator\">&raquo;<\/span><span class=\"aioseo-breadcrumb\">\n\t\t\tLavagens de Monte Gordo e Vila de Abrantes movimentam orla de Cama\u00e7ari dias 23 e 24\n\t\t<\/span><\/div>","aioseo_breadcrumb_json":[{"label":"Home","link":"https:\/\/www.encontracamacari.com.br\/sobre"},{"label":"Not\u00edcias Cama\u00e7ari","link":"https:\/\/www.encontracamacari.com.br\/sobre\/noticias-em-camacari\/"},{"label":"Lavagens de Monte Gordo e Vila de Abrantes movimentam orla de Cama\u00e7ari dias 23 e 24","link":"https:\/\/www.encontracamacari.com.br\/sobre\/lavagens-de-monte-gordo-e-vila-de-abrantes-movimentam-orla-de-camacari-dias-23-e-24\/"}],"_links":{"self":[{"href":"https:\/\/www.encontracamacari.com.br\/sobre\/wp-json\/wp\/v2\/posts\/634","targetHints":{"allow":["GET"]}}],"collection":[{"href":"https:\/\/www.encontracamacari.com.br\/sobre\/wp-json\/wp\/v2\/posts"}],"about":[{"href":"https:\/\/www.encontracamacari.com.br\/sobre\/wp-json\/wp\/v2\/types\/post"}],"author":[{"embeddable":true,"href":"https:\/\/www.encontracamacari.com.br\/sobre\/wp-json\/wp\/v2\/users\/1"}],"replies":[{"embeddable":true,"href":"https:\/\/www.encontracamacari.com.br\/sobre\/wp-json\/wp\/v2\/comments?post=634"}],"version-history":[{"count":0,"href":"https:\/\/www.encontracamacari.com.br\/sobre\/wp-json\/wp\/v2\/posts\/634\/revisions"}],"wp:featuredmedia":[{"embeddable":true,"href":"https:\/\/www.encontracamacari.com.br\/sobre\/wp-json\/wp\/v2\/media\/633"}],"wp:attachment":[{"href":"https:\/\/www.encontracamacari.com.br\/sobre\/wp-json\/wp\/v2\/media?parent=634"}],"wp:term":[{"taxonomy":"category","embeddable":true,"href":"https:\/\/www.encontracamacari.com.br\/sobre\/wp-json\/wp\/v2\/categories?post=634"},{"taxonomy":"post_tag","embeddable":true,"href":"https:\/\/www.encontracamacari.com.br\/sobre\/wp-json\/wp\/v2\/tags?post=634"}],"curies":[{"name":"wp","href":"https:\/\/api.w.org\/{rel}","templated":true}]}}