{"id":626,"date":"2026-01-25T06:15:14","date_gmt":"2026-01-25T06:15:14","guid":{"rendered":"https:\/\/www.encontracamacari.com.br\/sobre\/audio-spm-e-sesab-dialogam-para-implantacao-de-servico-de-cuidado-paliativo-perinatal-na-maternidade-regional-de-camacari\/"},"modified":"2026-01-25T06:15:14","modified_gmt":"2026-01-25T06:15:14","slug":"audio-spm-e-sesab-dialogam-para-implantacao-de-servico-de-cuidado-paliativo-perinatal-na-maternidade-regional-de-camacari","status":"publish","type":"post","link":"https:\/\/www.encontracamacari.com.br\/sobre\/audio-spm-e-sesab-dialogam-para-implantacao-de-servico-de-cuidado-paliativo-perinatal-na-maternidade-regional-de-camacari\/","title":{"rendered":"\u00c1UDIO: SPM e Sesab dialogam para implanta\u00e7\u00e3o de servi\u00e7o de cuidado paliativo perinatal na Maternidade Regional de Cama\u00e7ari"},"content":{"rendered":"<div class=\"2410bb7248a64bb1f71103797e0f239b\" data-index=\"1\" style=\"float: none; margin:0px;\">\n<ins class=\"adsbygoogle\"\r\n     style=\"display:block\"\r\n     data-ad-client=\"ca-pub-8585364105181520\"\r\n     data-ad-slot=\"8789329856\"\r\n     data-ad-format=\"auto\"\r\n     data-full-width-responsive=\"true\"><\/ins>\r\n<script>\r\n     (adsbygoogle = window.adsbygoogle || []).push({});\r\n<\/script>\n<\/div>\n<h2>Visita T\u00e9cnica \u00e0 Maternidade Regional de Cama\u00e7ari<\/h2>\n<p>Em uma iniciativa significativa, a Secretaria de Pol\u00edticas para as Mulheres da Bahia (SPM) e a Secretaria da Sa\u00fade do Estado da Bahia (Sesab) organizaram uma visita t\u00e9cnica \u00e0 Maternidade Regional de Cama\u00e7ari. Este evento ocorreu na quarta-feira e teve como principal objetivo avaliar a viabilidade de implementar um servi\u00e7o de cuidado paliativo perinatal, essencial na amplia\u00e7\u00e3o da aten\u00e7\u00e3o humanizada para mulheres e fam\u00edlias enfrentando a dor de perdas gestacionais, neonatais e infantis.<\/p>\n<h2>Objetivos da Implementa\u00e7\u00e3o do Servi\u00e7o<\/h2>\n<p>A cria\u00e7\u00e3o do servi\u00e7o de cuidado paliativo perinatal visa garantir uma abordagem mais sens\u00edvel e compreensiva para aquelas que sofrem com a perda durante a gesta\u00e7\u00e3o e no per\u00edodo neonatal. O objetivo \u00e9 tornar a assist\u00eancia m\u00e9dica mais acess\u00edvel e humanizada, respeitando as necessidades emocionais e psicol\u00f3gicas das fam\u00edlias. A implanta\u00e7\u00e3o deste servi\u00e7o pretende oferecer suporte adequado e melhorar a qualidade de vida dessas mulheres e suas fam\u00edlias, proporcionando um ambiente de cuidado que acolha a dor e o luto.<\/p>\n<h2>Import\u00e2ncia do Cuidado Paliativo Perinatal<\/h2>\n<p>O cuidado paliativo perinatal \u00e9 de extrema import\u00e2ncia, pois busca aliviar o sofrimento da mulher e sua fam\u00edlia em momentos cr\u00edticos. Este modelo de cuidado n\u00e3o se restringe apenas \u00e0 cura f\u00edsica, mas abrange a assist\u00eancia emocional e psicol\u00f3gica. Consequentemente, a implementa\u00e7\u00e3o desse servi\u00e7o pode contribuir significativamente para a sa\u00fade mental e bem-estar das m\u00e3es e suas fam\u00edlias, ajudando na supera\u00e7\u00e3o do luto e no processo de reconstru\u00e7\u00e3o da vida ap\u00f3s a perda.<\/p>\n<p><img decoding=\"async\" src=\"https:\/\/www.encontracamacari.com.br\/sobre\/wp-content\/uploads\/2026\/01\/audio-spm-e-sesab-dialogam-para-implantacao-de-servico-de-cuidado-paliativo-perinatal-na-maternidade.webp\" alt=\"cuidado paliativo perinatal\" loading=\"lazy\" \/><\/p>\n<h2>Atendendo \u00e0s Necessidades das Fam\u00edlias<\/h2>\n<p>Familiares que enfrentam a perda de um filho durante a gesta\u00e7\u00e3o ou ap\u00f3s o nascimento geralmente sentem-se desamparados, o que torna essencial a cria\u00e7\u00e3o de espa\u00e7os dedicados ao apoio. O servi\u00e7o proposto n\u00e3o s\u00f3 oferece atendimento m\u00e9dico, mas tamb\u00e9m inclui suporte psicol\u00f3gico e social. Com essa abordagem, as fam\u00edlias ter\u00e3o acesso a recursos que podem facilitar a comunica\u00e7\u00e3o e o entendimento do luto, promovendo um espa\u00e7o seguro para expressar suas emo\u00e7\u00f5es e buscar a devida orienta\u00e7\u00e3o.<\/p>\n<h2>Desdobramentos das A\u00e7\u00f5es da SPM e Sesab<\/h2>\n<p>A visita t\u00e9cnica \u00e0 Maternidade Regional \u00e9 um desdobramento imediato das a\u00e7\u00f5es promovidas pela SPM e Sesab ao longo do m\u00eas de outubro, programa conhecido por suas atividades de sensibiliza\u00e7\u00e3o sobre cuidados paliativos e a conscientiza\u00e7\u00e3o acerca das perdas gestacionais, neonatais e infantis. Durante este m\u00eas, diversas iniciativas foram realizadas para aumentar a visibilidade desse tema sens\u00edvel e a import\u00e2ncia das pol\u00edticas p\u00fablicas que garantam apoio emocional e assist\u00eancia adequada \u00e0s fam\u00edlias.<\/p><div class=\"2410bb7248a64bb1f71103797e0f239b\" data-index=\"2\" style=\"float: none; margin:0px;\">\n<ins class=\"adsbygoogle\"\r\n     style=\"display:block; text-align:center;\"\r\n     data-ad-layout=\"in-article\"\r\n     data-ad-format=\"fluid\"\r\n     data-ad-client=\"ca-pub-8585364105181520\"\r\n     data-ad-slot=\"2899217073\"><\/ins>\r\n<script>\r\n     (adsbygoogle = window.adsbygoogle || []).push({});\r\n<\/script>\r\n\r\n<\/br><\/br>\n<\/div>\n\n<h2>Outubro: M\u00eas de Conscientiza\u00e7\u00e3o sobre Perdas<\/h2>\n<p>Durante o m\u00eas de outubro, foram organizadas atividades e eventos com a finalidade de informar e educar o p\u00fablico sobre a relev\u00e2ncia dos cuidados paliativos, al\u00e9m de promover o entendimento das complexidades envolvidas nas perdas de gesta\u00e7\u00e3o. Essa \u00e9poca foi marcada por palestras, workshops e a\u00e7\u00f5es educativas que enfatizaram a import\u00e2ncia de uma assist\u00eancia integral, humanizada e sens\u00edvel \u00e0s necessidades das mulheres e suas fam\u00edlias.<\/p>\n<h2>Apoio Emocional: Uma Necessidade Vital<\/h2>\n<p>O apoio emocional \u00e9 um aspecto vital no contexto do cuidado paliativo perinatal. Muitas vezes, m\u00e3es e fam\u00edlias que vivenciam essas perdas enfrentam traumas profundos que podem levar a problemas de sa\u00fade mental, como depress\u00e3o e ansiedade. O servi\u00e7o que est\u00e1 sendo planejado deve incluir profissionais capacitados para oferecer suporte psicol\u00f3gico cont\u00ednuo, workshops para grupos de apoio e interven\u00e7\u00f5es que ajudem as fam\u00edlias a expressar o luto e a buscar a cura emocional.<\/p>\n<h2>Alinhamento com o Programa M\u00e3e Bahia<\/h2>\n<p>A iniciativa de desenvolver um servi\u00e7o de cuidado paliativo perinatal est\u00e1 alinhada com o Programa M\u00e3e Bahia, institu\u00eddo pelo governo do estado. Este programa busca promover a sa\u00fade da mulher e fortalecer a rede de apoio e assist\u00eancia \u00e0s gestantes e m\u00e3es, contribuindo para uma maternidade mais segura e acolhedora. O alinhamento entre as iniciativas revela um compromisso do governo em priorizar a sa\u00fade e o bem-estar das mulheres na Bahia.<\/p>\n<h2>Iniciativas do Governo Federal em Cuidado Paliativo<\/h2>\n<p>Al\u00e9m das a\u00e7\u00f5es estaduais, o governo federal tamb\u00e9m tem promovido iniciativas que visam refor\u00e7ar o cuidado paliativo em todo o Brasil. Essas a\u00e7\u00f5es incluem diretrizes para a forma\u00e7\u00e3o de profissionais de sa\u00fade para atuar em contextos de cuidado paliativo, tratamentos que priorizam a qualidade de vida dos pacientes e suas fam\u00edlias, e projetos de lei que visam garantir a assist\u00eancia integral e humanizada na \u00e1rea de sa\u00fade.<\/p>\n<h2>Futuro do Cuidado Sa\u00fade Perinatal na Bahia<\/h2>\n<p>O futuro do cuidado em sa\u00fade perinatal na Bahia \u00e9 promissor, especialmente com a implementa\u00e7\u00e3o do servi\u00e7o de cuidado paliativo perinatal. As expectativas s\u00e3o de que, com a colabora\u00e7\u00e3o entre a SPM, Sesab e a maternidade, novas formas de assist\u00eancia emergir\u00e3o, possibilitando um suporte emocional e f\u00edsico mais robusto para as m\u00e3es e fam\u00edlias que enfrentam a dor da perda. Essa iniciativa representa um passo significativo em dire\u00e7\u00e3o \u00e0 humaniza\u00e7\u00e3o da sa\u00fade e \u00e0 valoriza\u00e7\u00e3o da experi\u00eancia feminina durante a gesta\u00e7\u00e3o e o luto.<\/p>\n<div class=\"2410bb7248a64bb1f71103797e0f239b\" data-index=\"3\" style=\"float: none; margin:0px;\">\n<\/br><\/br>\r\n\r\n<ins class=\"adsbygoogle\"\r\n     style=\"display:block\"\r\n     data-ad-format=\"fluid\"\r\n     data-ad-layout-key=\"-63+do+n-1s+9e\"\r\n     data-ad-client=\"ca-pub-8585364105181520\"\r\n     data-ad-slot=\"6838462089\"><\/ins>\r\n<script>\r\n     (adsbygoogle = window.adsbygoogle || []).push({});\r\n<\/script>\n<\/div>\n\n<div style=\"font-size: 0px; height: 0px; line-height: 0px; margin: 0; padding: 0; clear: both;\"><\/div>","protected":false},"excerpt":{"rendered":"<p>Cuidado paliativo perinatal: SPM e Sesab promovem visita \u00e0 maternidade.<\/p>\n","protected":false},"author":1,"featured_media":625,"comment_status":"open","ping_status":"closed","sticky":false,"template":"","format":"standard","meta":{"footnotes":""},"categories":[1],"tags":[],"class_list":["post-626","post","type-post","status-publish","format-standard","has-post-thumbnail","hentry","category-noticias-em-camacari","has_thumb"],"aioseo_notices":[],"aioseo_head":"\n\t\t<!-- All in One SEO 5.0.0.1 - aioseo.com -->\n\t<meta name=\"description\" content=\"Cuidado paliativo perinatal: SPM e Sesab promovem visita \u00e0 maternidade.\" \/>\n\t<meta name=\"robots\" content=\"max-image-preview:large\" \/>\n\t<meta name=\"author\" content=\"Encontra Cama\u00e7ari\"\/>\n\t<link rel=\"canonical\" href=\"https:\/\/www.encontracamacari.com.br\/sobre\/audio-spm-e-sesab-dialogam-para-implantacao-de-servico-de-cuidado-paliativo-perinatal-na-maternidade-regional-de-camacari\/\" \/>\n\t<meta name=\"generator\" content=\"All in One SEO (AIOSEO) 5.0.0.1\" \/>\n\t\t<meta property=\"og:locale\" content=\"pt_BR\" \/>\n\t\t<meta property=\"og:site_name\" content=\"Encontra Cama\u00e7ari - Not\u00edcias, eventos, informa\u00e7\u00f5es e dicas na cidade de Cama\u00e7ari e regi\u00e3o.\" \/>\n\t\t<meta property=\"og:type\" content=\"article\" \/>\n\t\t<meta property=\"og:title\" content=\"\u00c1UDIO: SPM e Sesab dialogam para implanta\u00e7\u00e3o de servi\u00e7o de cuidado paliativo perinatal na Maternidade Regional de Cama\u00e7ari - Encontra Cama\u00e7ari\" \/>\n\t\t<meta property=\"og:description\" content=\"Cuidado paliativo perinatal: SPM e Sesab promovem visita \u00e0 maternidade.\" \/>\n\t\t<meta property=\"og:url\" content=\"https:\/\/www.encontracamacari.com.br\/sobre\/audio-spm-e-sesab-dialogam-para-implantacao-de-servico-de-cuidado-paliativo-perinatal-na-maternidade-regional-de-camacari\/\" \/>\n\t\t<meta property=\"article:published_time\" content=\"2026-01-25T06:15:14+00:00\" \/>\n\t\t<meta property=\"article:modified_time\" content=\"2026-01-25T06:15:14+00:00\" \/>\n\t\t<meta name=\"twitter:card\" content=\"summary_large_image\" \/>\n\t\t<meta name=\"twitter:title\" content=\"\u00c1UDIO: SPM e Sesab dialogam para implanta\u00e7\u00e3o de servi\u00e7o de cuidado paliativo perinatal na Maternidade Regional de Cama\u00e7ari - Encontra Cama\u00e7ari\" \/>\n\t\t<meta name=\"twitter:description\" content=\"Cuidado paliativo perinatal: SPM e Sesab promovem visita \u00e0 maternidade.\" \/>\n\t\t<script type=\"application\/ld+json\" class=\"aioseo-schema\">\n\t\t\t{\"@context\":\"https:\\\/\\\/schema.org\",\"@graph\":[{\"@type\":\"BlogPosting\",\"@id\":\"https:\\\/\\\/www.encontracamacari.com.br\\\/sobre\\\/audio-spm-e-sesab-dialogam-para-implantacao-de-servico-de-cuidado-paliativo-perinatal-na-maternidade-regional-de-camacari\\\/#blogposting\",\"name\":\"\\u00c1UDIO: SPM e Sesab dialogam para implanta\\u00e7\\u00e3o de servi\\u00e7o de cuidado paliativo perinatal na Maternidade Regional de Cama\\u00e7ari - Encontra Cama\\u00e7ari\",\"headline\":\"\\u00c1UDIO: SPM e Sesab dialogam para implanta\\u00e7\\u00e3o de servi\\u00e7o de cuidado paliativo perinatal na Maternidade Regional de Cama\\u00e7ari\",\"author\":{\"@id\":\"https:\\\/\\\/www.encontracamacari.com.br\\\/sobre\\\/author\\\/ecamacari\\\/#author\"},\"publisher\":{\"@id\":\"https:\\\/\\\/www.encontracamacari.com.br\\\/sobre\\\/#organization\"},\"image\":{\"@type\":\"ImageObject\",\"url\":\"https:\\\/\\\/www.encontracamacari.com.br\\\/sobre\\\/wp-content\\\/uploads\\\/2026\\\/01\\\/audio-spm-e-sesab-dialogam-para-implantacao-de-servico-de-cuidado-paliativo-perinatal-na-maternidade.webp\",\"width\":280,\"height\":280,\"caption\":\"cuidado paliativo perinatal\"},\"datePublished\":\"2026-01-25T06:15:14+00:00\",\"dateModified\":\"2026-01-25T06:15:14+00:00\",\"inLanguage\":\"pt-BR\",\"mainEntityOfPage\":{\"@id\":\"https:\\\/\\\/www.encontracamacari.com.br\\\/sobre\\\/audio-spm-e-sesab-dialogam-para-implantacao-de-servico-de-cuidado-paliativo-perinatal-na-maternidade-regional-de-camacari\\\/#webpage\"},\"isPartOf\":{\"@id\":\"https:\\\/\\\/www.encontracamacari.com.br\\\/sobre\\\/audio-spm-e-sesab-dialogam-para-implantacao-de-servico-de-cuidado-paliativo-perinatal-na-maternidade-regional-de-camacari\\\/#webpage\"},\"articleSection\":\"Not\\u00edcias Cama\\u00e7ari\"},{\"@type\":\"BreadcrumbList\",\"@id\":\"https:\\\/\\\/www.encontracamacari.com.br\\\/sobre\\\/audio-spm-e-sesab-dialogam-para-implantacao-de-servico-de-cuidado-paliativo-perinatal-na-maternidade-regional-de-camacari\\\/#breadcrumblist\",\"itemListElement\":[{\"@type\":\"ListItem\",\"@id\":\"https:\\\/\\\/www.encontracamacari.com.br\\\/sobre#listItem\",\"position\":1,\"name\":\"Home\",\"item\":\"https:\\\/\\\/www.encontracamacari.com.br\\\/sobre\",\"nextItem\":{\"@type\":\"ListItem\",\"@id\":\"https:\\\/\\\/www.encontracamacari.com.br\\\/sobre\\\/noticias-em-camacari\\\/#listItem\",\"name\":\"Not\\u00edcias Cama\\u00e7ari\"}},{\"@type\":\"ListItem\",\"@id\":\"https:\\\/\\\/www.encontracamacari.com.br\\\/sobre\\\/noticias-em-camacari\\\/#listItem\",\"position\":2,\"name\":\"Not\\u00edcias Cama\\u00e7ari\",\"item\":\"https:\\\/\\\/www.encontracamacari.com.br\\\/sobre\\\/noticias-em-camacari\\\/\",\"nextItem\":{\"@type\":\"ListItem\",\"@id\":\"https:\\\/\\\/www.encontracamacari.com.br\\\/sobre\\\/audio-spm-e-sesab-dialogam-para-implantacao-de-servico-de-cuidado-paliativo-perinatal-na-maternidade-regional-de-camacari\\\/#listItem\",\"name\":\"\\u00c1UDIO: SPM e Sesab dialogam para implanta\\u00e7\\u00e3o de servi\\u00e7o de cuidado paliativo perinatal na Maternidade Regional de Cama\\u00e7ari\"},\"previousItem\":{\"@type\":\"ListItem\",\"@id\":\"https:\\\/\\\/www.encontracamacari.com.br\\\/sobre#listItem\",\"name\":\"Home\"}},{\"@type\":\"ListItem\",\"@id\":\"https:\\\/\\\/www.encontracamacari.com.br\\\/sobre\\\/audio-spm-e-sesab-dialogam-para-implantacao-de-servico-de-cuidado-paliativo-perinatal-na-maternidade-regional-de-camacari\\\/#listItem\",\"position\":3,\"name\":\"\\u00c1UDIO: SPM e Sesab dialogam para implanta\\u00e7\\u00e3o de servi\\u00e7o de cuidado paliativo perinatal na Maternidade Regional de Cama\\u00e7ari\",\"previousItem\":{\"@type\":\"ListItem\",\"@id\":\"https:\\\/\\\/www.encontracamacari.com.br\\\/sobre\\\/noticias-em-camacari\\\/#listItem\",\"name\":\"Not\\u00edcias Cama\\u00e7ari\"}}]},{\"@type\":\"Organization\",\"@id\":\"https:\\\/\\\/www.encontracamacari.com.br\\\/sobre\\\/#organization\",\"name\":\"Encontra Cama\\u00e7ari\",\"description\":\"Not\\u00edcias, eventos, informa\\u00e7\\u00f5es e dicas na cidade de Cama\\u00e7ari e regi\\u00e3o.\",\"url\":\"https:\\\/\\\/www.encontracamacari.com.br\\\/sobre\\\/\"},{\"@type\":\"Person\",\"@id\":\"https:\\\/\\\/www.encontracamacari.com.br\\\/sobre\\\/author\\\/ecamacari\\\/#author\",\"url\":\"https:\\\/\\\/www.encontracamacari.com.br\\\/sobre\\\/author\\\/ecamacari\\\/\",\"name\":\"Encontra Cama\\u00e7ari\",\"image\":{\"@type\":\"ImageObject\",\"@id\":\"https:\\\/\\\/www.encontracamacari.com.br\\\/sobre\\\/audio-spm-e-sesab-dialogam-para-implantacao-de-servico-de-cuidado-paliativo-perinatal-na-maternidade-regional-de-camacari\\\/#authorImage\",\"url\":\"https:\\\/\\\/secure.gravatar.com\\\/avatar\\\/507340682b8270222e1f208e23198b6ae7e2c6a1033ae84e99bc6bce4f82a387?s=96&d=mm&r=g\",\"width\":96,\"height\":96,\"caption\":\"Encontra Cama\\u00e7ari\"}},{\"@type\":\"WebPage\",\"@id\":\"https:\\\/\\\/www.encontracamacari.com.br\\\/sobre\\\/audio-spm-e-sesab-dialogam-para-implantacao-de-servico-de-cuidado-paliativo-perinatal-na-maternidade-regional-de-camacari\\\/#webpage\",\"url\":\"https:\\\/\\\/www.encontracamacari.com.br\\\/sobre\\\/audio-spm-e-sesab-dialogam-para-implantacao-de-servico-de-cuidado-paliativo-perinatal-na-maternidade-regional-de-camacari\\\/\",\"name\":\"\\u00c1UDIO: SPM e Sesab dialogam para implanta\\u00e7\\u00e3o de servi\\u00e7o de cuidado paliativo perinatal na Maternidade Regional de Cama\\u00e7ari - Encontra Cama\\u00e7ari\",\"description\":\"Cuidado paliativo perinatal: SPM e Sesab promovem visita \\u00e0 maternidade.\",\"inLanguage\":\"pt-BR\",\"isPartOf\":{\"@id\":\"https:\\\/\\\/www.encontracamacari.com.br\\\/sobre\\\/#website\"},\"breadcrumb\":{\"@id\":\"https:\\\/\\\/www.encontracamacari.com.br\\\/sobre\\\/audio-spm-e-sesab-dialogam-para-implantacao-de-servico-de-cuidado-paliativo-perinatal-na-maternidade-regional-de-camacari\\\/#breadcrumblist\"},\"author\":{\"@id\":\"https:\\\/\\\/www.encontracamacari.com.br\\\/sobre\\\/author\\\/ecamacari\\\/#author\"},\"creator\":{\"@id\":\"https:\\\/\\\/www.encontracamacari.com.br\\\/sobre\\\/author\\\/ecamacari\\\/#author\"},\"image\":{\"@type\":\"ImageObject\",\"url\":\"https:\\\/\\\/www.encontracamacari.com.br\\\/sobre\\\/wp-content\\\/uploads\\\/2026\\\/01\\\/audio-spm-e-sesab-dialogam-para-implantacao-de-servico-de-cuidado-paliativo-perinatal-na-maternidade.webp\",\"@id\":\"https:\\\/\\\/www.encontracamacari.com.br\\\/sobre\\\/audio-spm-e-sesab-dialogam-para-implantacao-de-servico-de-cuidado-paliativo-perinatal-na-maternidade-regional-de-camacari\\\/#mainImage\",\"width\":280,\"height\":280,\"caption\":\"cuidado paliativo perinatal\"},\"primaryImageOfPage\":{\"@id\":\"https:\\\/\\\/www.encontracamacari.com.br\\\/sobre\\\/audio-spm-e-sesab-dialogam-para-implantacao-de-servico-de-cuidado-paliativo-perinatal-na-maternidade-regional-de-camacari\\\/#mainImage\"},\"datePublished\":\"2026-01-25T06:15:14+00:00\",\"dateModified\":\"2026-01-25T06:15:14+00:00\"},{\"@type\":\"WebSite\",\"@id\":\"https:\\\/\\\/www.encontracamacari.com.br\\\/sobre\\\/#website\",\"url\":\"https:\\\/\\\/www.encontracamacari.com.br\\\/sobre\\\/\",\"name\":\"Encontra Cama\\u00e7ari\",\"description\":\"Not\\u00edcias, eventos, informa\\u00e7\\u00f5es e dicas na cidade de Cama\\u00e7ari e regi\\u00e3o.\",\"inLanguage\":\"pt-BR\",\"publisher\":{\"@id\":\"https:\\\/\\\/www.encontracamacari.com.br\\\/sobre\\\/#organization\"}}]}\n\t\t<\/script>\n\t\t<!-- All in One SEO -->\n\n","aioseo_head_json":{"title":"\u00c1UDIO: SPM e Sesab dialogam para implanta\u00e7\u00e3o de servi\u00e7o de cuidado paliativo perinatal na Maternidade Regional de Cama\u00e7ari - Encontra Cama\u00e7ari","description":"Cuidado paliativo perinatal: SPM e Sesab promovem visita \u00e0 maternidade.","canonical_url":"https:\/\/www.encontracamacari.com.br\/sobre\/audio-spm-e-sesab-dialogam-para-implantacao-de-servico-de-cuidado-paliativo-perinatal-na-maternidade-regional-de-camacari\/","robots":"max-image-preview:large","keywords":"","webmasterTools":{"miscellaneous":""},"schema":{"@context":"https:\/\/schema.org","@graph":[{"@type":"BlogPosting","@id":"https:\/\/www.encontracamacari.com.br\/sobre\/audio-spm-e-sesab-dialogam-para-implantacao-de-servico-de-cuidado-paliativo-perinatal-na-maternidade-regional-de-camacari\/#blogposting","name":"\u00c1UDIO: SPM e Sesab dialogam para implanta\u00e7\u00e3o de servi\u00e7o de cuidado paliativo perinatal na Maternidade Regional de Cama\u00e7ari - Encontra Cama\u00e7ari","headline":"\u00c1UDIO: SPM e Sesab dialogam para implanta\u00e7\u00e3o de servi\u00e7o de cuidado paliativo perinatal na Maternidade Regional de Cama\u00e7ari","author":{"@id":"https:\/\/www.encontracamacari.com.br\/sobre\/author\/ecamacari\/#author"},"publisher":{"@id":"https:\/\/www.encontracamacari.com.br\/sobre\/#organization"},"image":{"@type":"ImageObject","url":"https:\/\/www.encontracamacari.com.br\/sobre\/wp-content\/uploads\/2026\/01\/audio-spm-e-sesab-dialogam-para-implantacao-de-servico-de-cuidado-paliativo-perinatal-na-maternidade.webp","width":280,"height":280,"caption":"cuidado paliativo perinatal"},"datePublished":"2026-01-25T06:15:14+00:00","dateModified":"2026-01-25T06:15:14+00:00","inLanguage":"pt-BR","mainEntityOfPage":{"@id":"https:\/\/www.encontracamacari.com.br\/sobre\/audio-spm-e-sesab-dialogam-para-implantacao-de-servico-de-cuidado-paliativo-perinatal-na-maternidade-regional-de-camacari\/#webpage"},"isPartOf":{"@id":"https:\/\/www.encontracamacari.com.br\/sobre\/audio-spm-e-sesab-dialogam-para-implantacao-de-servico-de-cuidado-paliativo-perinatal-na-maternidade-regional-de-camacari\/#webpage"},"articleSection":"Not\u00edcias Cama\u00e7ari"},{"@type":"BreadcrumbList","@id":"https:\/\/www.encontracamacari.com.br\/sobre\/audio-spm-e-sesab-dialogam-para-implantacao-de-servico-de-cuidado-paliativo-perinatal-na-maternidade-regional-de-camacari\/#breadcrumblist","itemListElement":[{"@type":"ListItem","@id":"https:\/\/www.encontracamacari.com.br\/sobre#listItem","position":1,"name":"Home","item":"https:\/\/www.encontracamacari.com.br\/sobre","nextItem":{"@type":"ListItem","@id":"https:\/\/www.encontracamacari.com.br\/sobre\/noticias-em-camacari\/#listItem","name":"Not\u00edcias Cama\u00e7ari"}},{"@type":"ListItem","@id":"https:\/\/www.encontracamacari.com.br\/sobre\/noticias-em-camacari\/#listItem","position":2,"name":"Not\u00edcias Cama\u00e7ari","item":"https:\/\/www.encontracamacari.com.br\/sobre\/noticias-em-camacari\/","nextItem":{"@type":"ListItem","@id":"https:\/\/www.encontracamacari.com.br\/sobre\/audio-spm-e-sesab-dialogam-para-implantacao-de-servico-de-cuidado-paliativo-perinatal-na-maternidade-regional-de-camacari\/#listItem","name":"\u00c1UDIO: SPM e Sesab dialogam para implanta\u00e7\u00e3o de servi\u00e7o de cuidado paliativo perinatal na Maternidade Regional de Cama\u00e7ari"},"previousItem":{"@type":"ListItem","@id":"https:\/\/www.encontracamacari.com.br\/sobre#listItem","name":"Home"}},{"@type":"ListItem","@id":"https:\/\/www.encontracamacari.com.br\/sobre\/audio-spm-e-sesab-dialogam-para-implantacao-de-servico-de-cuidado-paliativo-perinatal-na-maternidade-regional-de-camacari\/#listItem","position":3,"name":"\u00c1UDIO: SPM e Sesab dialogam para implanta\u00e7\u00e3o de servi\u00e7o de cuidado paliativo perinatal na Maternidade Regional de Cama\u00e7ari","previousItem":{"@type":"ListItem","@id":"https:\/\/www.encontracamacari.com.br\/sobre\/noticias-em-camacari\/#listItem","name":"Not\u00edcias Cama\u00e7ari"}}]},{"@type":"Organization","@id":"https:\/\/www.encontracamacari.com.br\/sobre\/#organization","name":"Encontra Cama\u00e7ari","description":"Not\u00edcias, eventos, informa\u00e7\u00f5es e dicas na cidade de Cama\u00e7ari e regi\u00e3o.","url":"https:\/\/www.encontracamacari.com.br\/sobre\/"},{"@type":"Person","@id":"https:\/\/www.encontracamacari.com.br\/sobre\/author\/ecamacari\/#author","url":"https:\/\/www.encontracamacari.com.br\/sobre\/author\/ecamacari\/","name":"Encontra Cama\u00e7ari","image":{"@type":"ImageObject","@id":"https:\/\/www.encontracamacari.com.br\/sobre\/audio-spm-e-sesab-dialogam-para-implantacao-de-servico-de-cuidado-paliativo-perinatal-na-maternidade-regional-de-camacari\/#authorImage","url":"https:\/\/secure.gravatar.com\/avatar\/507340682b8270222e1f208e23198b6ae7e2c6a1033ae84e99bc6bce4f82a387?s=96&d=mm&r=g","width":96,"height":96,"caption":"Encontra Cama\u00e7ari"}},{"@type":"WebPage","@id":"https:\/\/www.encontracamacari.com.br\/sobre\/audio-spm-e-sesab-dialogam-para-implantacao-de-servico-de-cuidado-paliativo-perinatal-na-maternidade-regional-de-camacari\/#webpage","url":"https:\/\/www.encontracamacari.com.br\/sobre\/audio-spm-e-sesab-dialogam-para-implantacao-de-servico-de-cuidado-paliativo-perinatal-na-maternidade-regional-de-camacari\/","name":"\u00c1UDIO: SPM e Sesab dialogam para implanta\u00e7\u00e3o de servi\u00e7o de cuidado paliativo perinatal na Maternidade Regional de Cama\u00e7ari - Encontra Cama\u00e7ari","description":"Cuidado paliativo perinatal: SPM e Sesab promovem visita \u00e0 maternidade.","inLanguage":"pt-BR","isPartOf":{"@id":"https:\/\/www.encontracamacari.com.br\/sobre\/#website"},"breadcrumb":{"@id":"https:\/\/www.encontracamacari.com.br\/sobre\/audio-spm-e-sesab-dialogam-para-implantacao-de-servico-de-cuidado-paliativo-perinatal-na-maternidade-regional-de-camacari\/#breadcrumblist"},"author":{"@id":"https:\/\/www.encontracamacari.com.br\/sobre\/author\/ecamacari\/#author"},"creator":{"@id":"https:\/\/www.encontracamacari.com.br\/sobre\/author\/ecamacari\/#author"},"image":{"@type":"ImageObject","url":"https:\/\/www.encontracamacari.com.br\/sobre\/wp-content\/uploads\/2026\/01\/audio-spm-e-sesab-dialogam-para-implantacao-de-servico-de-cuidado-paliativo-perinatal-na-maternidade.webp","@id":"https:\/\/www.encontracamacari.com.br\/sobre\/audio-spm-e-sesab-dialogam-para-implantacao-de-servico-de-cuidado-paliativo-perinatal-na-maternidade-regional-de-camacari\/#mainImage","width":280,"height":280,"caption":"cuidado paliativo perinatal"},"primaryImageOfPage":{"@id":"https:\/\/www.encontracamacari.com.br\/sobre\/audio-spm-e-sesab-dialogam-para-implantacao-de-servico-de-cuidado-paliativo-perinatal-na-maternidade-regional-de-camacari\/#mainImage"},"datePublished":"2026-01-25T06:15:14+00:00","dateModified":"2026-01-25T06:15:14+00:00"},{"@type":"WebSite","@id":"https:\/\/www.encontracamacari.com.br\/sobre\/#website","url":"https:\/\/www.encontracamacari.com.br\/sobre\/","name":"Encontra Cama\u00e7ari","description":"Not\u00edcias, eventos, informa\u00e7\u00f5es e dicas na cidade de Cama\u00e7ari e regi\u00e3o.","inLanguage":"pt-BR","publisher":{"@id":"https:\/\/www.encontracamacari.com.br\/sobre\/#organization"}}]},"og:locale":"pt_BR","og:site_name":"Encontra Cama\u00e7ari - Not\u00edcias, eventos, informa\u00e7\u00f5es e dicas na cidade de Cama\u00e7ari e regi\u00e3o.","og:type":"article","og:title":"\u00c1UDIO: SPM e Sesab dialogam para implanta\u00e7\u00e3o de servi\u00e7o de cuidado paliativo perinatal na Maternidade Regional de Cama\u00e7ari - Encontra Cama\u00e7ari","og:description":"Cuidado paliativo perinatal: SPM e Sesab promovem visita \u00e0 maternidade.","og:url":"https:\/\/www.encontracamacari.com.br\/sobre\/audio-spm-e-sesab-dialogam-para-implantacao-de-servico-de-cuidado-paliativo-perinatal-na-maternidade-regional-de-camacari\/","article:published_time":"2026-01-25T06:15:14+00:00","article:modified_time":"2026-01-25T06:15:14+00:00","twitter:card":"summary_large_image","twitter:title":"\u00c1UDIO: SPM e Sesab dialogam para implanta\u00e7\u00e3o de servi\u00e7o de cuidado paliativo perinatal na Maternidade Regional de Cama\u00e7ari - Encontra Cama\u00e7ari","twitter:description":"Cuidado paliativo perinatal: SPM e Sesab promovem visita \u00e0 maternidade."},"aioseo_meta_data":{"post_id":"626","title":null,"description":null,"keywords":null,"keyphrases":null,"primary_term":null,"canonical_url":null,"og_title":null,"og_description":null,"og_object_type":"default","og_image_type":"default","og_image_url":null,"og_image_width":null,"og_image_height":null,"og_image_custom_url":null,"og_image_custom_fields":null,"og_video":null,"og_custom_url":null,"og_article_section":null,"og_article_tags":null,"twitter_use_og":false,"twitter_card":"default","twitter_image_type":"default","twitter_image_url":null,"twitter_image_custom_url":null,"twitter_image_custom_fields":null,"twitter_title":null,"twitter_description":null,"schema":{"blockGraphs":[],"customGraphs":[],"default":{"data":{"Article":[],"Course":[],"Dataset":[],"FAQPage":[],"Movie":[],"Person":[],"Product":[],"ProductReview":[],"Car":[],"Recipe":[],"Service":[],"SoftwareApplication":[],"WebPage":[]},"graphName":"BlogPosting","isEnabled":true},"graphs":[]},"schema_type":"default","schema_type_options":null,"pillar_content":false,"robots_default":true,"robots_noindex":false,"robots_noarchive":false,"robots_nosnippet":false,"robots_nofollow":false,"robots_noimageindex":false,"robots_noodp":false,"robots_notranslate":false,"robots_max_snippet":null,"robots_max_videopreview":null,"robots_max_imagepreview":"large","priority":null,"frequency":null,"local_seo":null,"limit_modified_date":false,"created":"2026-01-25 06:15:19","updated":"2026-08-06 01:03:40","focus_keyword":null,"additional_keywords":null,"truseo_locale":null,"ai":null,"breadcrumb_settings":null,"seo_analyzer_scan_date":null},"aioseo_breadcrumb":"<div class=\"aioseo-breadcrumbs\"><span class=\"aioseo-breadcrumb\">\n\t\t\t<a href=\"https:\/\/www.encontracamacari.com.br\/sobre\" title=\"Home\">Home<\/a>\n\t\t<\/span><span class=\"aioseo-breadcrumb-separator\">&raquo;<\/span><span class=\"aioseo-breadcrumb\">\n\t\t\t<a href=\"https:\/\/www.encontracamacari.com.br\/sobre\/noticias-em-camacari\/\" title=\"Not\u00edcias Cama\u00e7ari\">Not\u00edcias Cama\u00e7ari<\/a>\n\t\t<\/span><span class=\"aioseo-breadcrumb-separator\">&raquo;<\/span><span class=\"aioseo-breadcrumb\">\n\t\t\t\u00c1UDIO: SPM e Sesab dialogam para implanta\u00e7\u00e3o de servi\u00e7o de cuidado paliativo perinatal na Maternidade Regional de Cama\u00e7ari\n\t\t<\/span><\/div>","aioseo_breadcrumb_json":[{"label":"Home","link":"https:\/\/www.encontracamacari.com.br\/sobre"},{"label":"Not\u00edcias Cama\u00e7ari","link":"https:\/\/www.encontracamacari.com.br\/sobre\/noticias-em-camacari\/"},{"label":"\u00c1UDIO: SPM e Sesab dialogam para implanta\u00e7\u00e3o de servi\u00e7o de cuidado paliativo perinatal na Maternidade Regional de Cama\u00e7ari","link":"https:\/\/www.encontracamacari.com.br\/sobre\/audio-spm-e-sesab-dialogam-para-implantacao-de-servico-de-cuidado-paliativo-perinatal-na-maternidade-regional-de-camacari\/"}],"_links":{"self":[{"href":"https:\/\/www.encontracamacari.com.br\/sobre\/wp-json\/wp\/v2\/posts\/626","targetHints":{"allow":["GET"]}}],"collection":[{"href":"https:\/\/www.encontracamacari.com.br\/sobre\/wp-json\/wp\/v2\/posts"}],"about":[{"href":"https:\/\/www.encontracamacari.com.br\/sobre\/wp-json\/wp\/v2\/types\/post"}],"author":[{"embeddable":true,"href":"https:\/\/www.encontracamacari.com.br\/sobre\/wp-json\/wp\/v2\/users\/1"}],"replies":[{"embeddable":true,"href":"https:\/\/www.encontracamacari.com.br\/sobre\/wp-json\/wp\/v2\/comments?post=626"}],"version-history":[{"count":0,"href":"https:\/\/www.encontracamacari.com.br\/sobre\/wp-json\/wp\/v2\/posts\/626\/revisions"}],"wp:featuredmedia":[{"embeddable":true,"href":"https:\/\/www.encontracamacari.com.br\/sobre\/wp-json\/wp\/v2\/media\/625"}],"wp:attachment":[{"href":"https:\/\/www.encontracamacari.com.br\/sobre\/wp-json\/wp\/v2\/media?parent=626"}],"wp:term":[{"taxonomy":"category","embeddable":true,"href":"https:\/\/www.encontracamacari.com.br\/sobre\/wp-json\/wp\/v2\/categories?post=626"},{"taxonomy":"post_tag","embeddable":true,"href":"https:\/\/www.encontracamacari.com.br\/sobre\/wp-json\/wp\/v2\/tags?post=626"}],"curies":[{"name":"wp","href":"https:\/\/api.w.org\/{rel}","templated":true}]}}