{"id":616,"date":"2026-01-23T06:16:33","date_gmt":"2026-01-23T06:16:33","guid":{"rendered":"https:\/\/www.encontracamacari.com.br\/sobre\/anfavea-diz-que-manter-isencao-para-skd-e-ckd-vai-gerar-demissoes-em-massa\/"},"modified":"2026-01-23T06:16:33","modified_gmt":"2026-01-23T06:16:33","slug":"anfavea-diz-que-manter-isencao-para-skd-e-ckd-vai-gerar-demissoes-em-massa","status":"publish","type":"post","link":"https:\/\/www.encontracamacari.com.br\/sobre\/anfavea-diz-que-manter-isencao-para-skd-e-ckd-vai-gerar-demissoes-em-massa\/","title":{"rendered":"Anfavea diz que manter isen\u00e7\u00e3o para SKD e CKD vai gerar demiss\u00f5es em massa"},"content":{"rendered":"<div class=\"2410bb7248a64bb1f71103797e0f239b\" data-index=\"1\" style=\"float: none; margin:0px;\">\n<ins class=\"adsbygoogle\"\r\n     style=\"display:block\"\r\n     data-ad-client=\"ca-pub-8585364105181520\"\r\n     data-ad-slot=\"8789329856\"\r\n     data-ad-format=\"auto\"\r\n     data-full-width-responsive=\"true\"><\/ins>\r\n<script>\r\n     (adsbygoogle = window.adsbygoogle || []).push({});\r\n<\/script>\n<\/div>\n<h2>O que s\u00e3o SKD e CKD?<\/h2>\n<p>Os termos <strong>SKD<\/strong> (Semi Knocked Down) e <strong>CKD<\/strong> (Completely Knocked Down) referem-se a diferentes m\u00e9todos de importa\u00e7\u00e3o e montagem de ve\u00edculos. O SKD envolve a importa\u00e7\u00e3o de ve\u00edculos em um estado semi-montado, enquanto o CKD refere-se a ve\u00edculos importados desmontados, que necessitam de montagem cuidadosa nas instala\u00e7\u00f5es do pa\u00eds de destino. Esses m\u00e9todos s\u00e3o frequentemente utilizados por montadoras que buscam reduzir custos de importa\u00e7\u00e3o e se adaptar \u00e0s pol\u00edticas locais de produ\u00e7\u00e3o.<\/p>\n<h2>Impactos da Isen\u00e7\u00e3o de Impostos<\/h2>\n<p>Atualmente, a isen\u00e7\u00e3o de impostos de importa\u00e7\u00e3o para ve\u00edculos eletrificados est\u00e1 sob an\u00e1lise. Se permanecer, pode ter s\u00e9rias implica\u00e7\u00f5es para o mercado local. A <strong>Anfavea<\/strong>, a associa\u00e7\u00e3o brasileira dos fabricantes de ve\u00edculos, argumenta que a continuidade dessa isen\u00e7\u00e3o pode distorcer o mercado, levando a uma onda de demiss\u00f5es significativas na ind\u00fastria automotiva. O temor \u00e9 que cerca de 69 mil postos de trabalho possam ser eliminados devido a essa pr\u00e1tica.<\/p>\n<h2>A Vis\u00e3o da Anfavea<\/h2>\n<p>A Anfavea j\u00e1 expressou suas preocupa\u00e7\u00f5es sobre como a isen\u00e7\u00e3o poderia desencadear uma transforma\u00e7\u00e3o no setor automotivo. Segundo a Associa\u00e7\u00e3o, a substitui\u00e7\u00e3o de produ\u00e7\u00e3o local por montagem de kits importados n\u00e3o apenas comprometeria milhares de empregos diretos, mas tamb\u00e9m causaria danos significativos \u00e0 cadeia produtiva do setor. A vis\u00e3o da Anfavea \u00e9 de que manter o incentivo \u00e9 prejudicial ao desenvolvimento da ind\u00fastria brasileira.<\/p>\n<p><img decoding=\"async\" src=\"https:\/\/www.encontracamacari.com.br\/sobre\/wp-content\/uploads\/2026\/01\/anfavea-diz-que-manter-isencao-para-skd-e-ckd-vai-gerar-demissoes-em-massa.webp\" alt=\"isen\u00e7\u00e3o de impostos\" loading=\"lazy\" \/><\/p>\n<h2>Negocia\u00e7\u00f5es com o Governo<\/h2>\n<p>A <strong>BYD<\/strong>, uma das montadoras que mais se beneficia da isen\u00e7\u00e3o de impostos, est\u00e1 em negocia\u00e7\u00f5es com o governo para prorrogar o benef\u00edcio por mais seis meses. A primeira autoriza\u00e7\u00e3o dada em julho de 2025 permitiu a isen\u00e7\u00e3o por um prazo de seis meses e um montante de at\u00e9 US$ 463 milh\u00f5es. A expectativa \u00e9 que a BYD consiga captar mais recursos, j\u00e1 que a montadora est\u00e1 investindo na expans\u00e3o de sua planta em Cama\u00e7ari, na Bahia.<\/p>\n<h2>Quando Termina a Isen\u00e7\u00e3o?<\/h2>\n<p>O prazo final para a isen\u00e7\u00e3o de imposto de importa\u00e7\u00e3o atualmente \u00e9 31 de janeiro de 2026. Ap\u00f3s essa data, espera-se que as al\u00edquotas passem a ser restabelecidas, com uma taxa entre 25% e 30% para ve\u00edculos montados (SKD) e 35% a partir de 1\u00ba de julho de 2026. Para ve\u00edculos desmontados (CKD), a taxa de imposto de 14% ser\u00e1 elevada para 35% a partir de 1\u00ba de janeiro de 2027.<\/p><div class=\"2410bb7248a64bb1f71103797e0f239b\" data-index=\"2\" style=\"float: none; margin:0px;\">\n<ins class=\"adsbygoogle\"\r\n     style=\"display:block; text-align:center;\"\r\n     data-ad-layout=\"in-article\"\r\n     data-ad-format=\"fluid\"\r\n     data-ad-client=\"ca-pub-8585364105181520\"\r\n     data-ad-slot=\"2899217073\"><\/ins>\r\n<script>\r\n     (adsbygoogle = window.adsbygoogle || []).push({});\r\n<\/script>\r\n\r\n<\/br><\/br>\n<\/div>\n\n<h2>Perdas Econ\u00f4micas Previstas<\/h2>\n<p>Al\u00e9m dos impactos diretos no emprego, as consequ\u00eancias econ\u00f4micas de prolongar as isen\u00e7\u00f5es tamb\u00e9m s\u00e3o alarmantes. Um estudo realizado pela Anfavea estima que a ind\u00fastria automotiva pode enfrentar perdas que chegam a R$ 103 bilh\u00f5es anualmente, o que representa uma significativa queda na arrecada\u00e7\u00e3o de tributos e fortemente pode afetar os fabricantes de autope\u00e7as. Estes fatores contribuem para um cen\u00e1rio econ\u00f4mico preocupante para o setor e para o pa\u00eds como um todo.<\/p>\n<h2>A Situa\u00e7\u00e3o da Ind\u00fastria Automotiva<\/h2>\n<p>O setor automotivo no Brasil est\u00e1 sob constante press\u00e3o. Com a evolu\u00e7\u00e3o do mercado de ve\u00edculos, especialmente os el\u00e9tricos, as montadoras precisam se adaptar n\u00e3o apenas \u00e0s demandas dos consumidores, mas tamb\u00e9m \u00e0s pol\u00edticas governamentais em rela\u00e7\u00e3o a impostos e incentivos. A situa\u00e7\u00e3o atual envolvendo isen\u00e7\u00f5es representa um teste cr\u00edtico para a sustentabilidade e o crescimento da ind\u00fastria no Brasil.<\/p>\n<h2>Por que a BYD \u00e9 Beneficiada?<\/h2>\n<p>A BYD, uma das l\u00edderes na produ\u00e7\u00e3o de ve\u00edculos el\u00e9tricos, tem se destacado entre as benefici\u00e1rias das isen\u00e7\u00f5es devido \u00e0 sua estrat\u00e9gia de ingressar no mercado brasileiro com produtos competitivos. Ao utilizar o modelo SKD e CKD, a empresa busca n\u00e3o apenas economizar em impostos, mas tamb\u00e9m fortalecer sua posi\u00e7\u00e3o no mercado local, promovendo inova\u00e7\u00f5es e melhorias na efici\u00eancia de produ\u00e7\u00e3o.<\/p>\n<h2>Alternativas para a Ind\u00fastria<\/h2>\n<p>Para que a ind\u00fastria automotiva brasileira mantenha sua competitividade, diversas alternativas podem ser exploradas. Isso inclui a necessidade de investimento em tecnologias de ponta, desenvolvimento de pol\u00edticas que fomentem a inova\u00e7\u00e3o, al\u00e9m de fortalecimento da forma\u00e7\u00e3o de m\u00e3o de obra qualificada. As montadoras precisam integrar suas opera\u00e7\u00f5es locais com estrat\u00e9gias globais para garantir sua relev\u00e2ncia frente a um mercado cada vez mais din\u00e2mico.<\/p>\n<h2>O Futuro da Produ\u00e7\u00e3o Nacional<\/h2>\n<p>O futuro da produ\u00e7\u00e3o automotiva no Brasil depender\u00e1 de decis\u00f5es cruciais que ser\u00e3o tomadas em rela\u00e7\u00e3o a incentivos fiscais e pol\u00edticas de importa\u00e7\u00e3o. A forma como o governo e as montadoras se posicionarem nesse cen\u00e1rio ser\u00e1 fundamental para determinar a competitividade do setor e o futuro de muitos empregos. A necessidade de uma abordagem equilibrada que beneficie tanto a ind\u00fastria quanto os consumidores ser\u00e1 essencial para um crescimento sustent\u00e1vel.<\/p>\n<div class=\"2410bb7248a64bb1f71103797e0f239b\" data-index=\"3\" style=\"float: none; margin:0px;\">\n<\/br><\/br>\r\n\r\n<ins class=\"adsbygoogle\"\r\n     style=\"display:block\"\r\n     data-ad-format=\"fluid\"\r\n     data-ad-layout-key=\"-63+do+n-1s+9e\"\r\n     data-ad-client=\"ca-pub-8585364105181520\"\r\n     data-ad-slot=\"6838462089\"><\/ins>\r\n<script>\r\n     (adsbygoogle = window.adsbygoogle || []).push({});\r\n<\/script>\n<\/div>\n\n<div style=\"font-size: 0px; height: 0px; line-height: 0px; margin: 0; padding: 0; clear: both;\"><\/div>","protected":false},"excerpt":{"rendered":"<p>Manter isen\u00e7\u00e3o de impostos para SKD e CKD pode custar milhares de empregos e impactar a ind\u00fastria automotiva.<\/p>\n","protected":false},"author":1,"featured_media":615,"comment_status":"open","ping_status":"closed","sticky":false,"template":"","format":"standard","meta":{"footnotes":""},"categories":[1],"tags":[],"class_list":["post-616","post","type-post","status-publish","format-standard","has-post-thumbnail","hentry","category-noticias-em-camacari","has_thumb"],"aioseo_notices":[],"aioseo_head":"\n\t\t<!-- All in One SEO 5.0.0.1 - aioseo.com -->\n\t<meta name=\"description\" content=\"Manter isen\u00e7\u00e3o de impostos para SKD e CKD pode custar milhares de empregos e impactar a ind\u00fastria automotiva.\" \/>\n\t<meta name=\"robots\" content=\"max-image-preview:large\" \/>\n\t<meta name=\"author\" content=\"Encontra Cama\u00e7ari\"\/>\n\t<link rel=\"canonical\" href=\"https:\/\/www.encontracamacari.com.br\/sobre\/anfavea-diz-que-manter-isencao-para-skd-e-ckd-vai-gerar-demissoes-em-massa\/\" \/>\n\t<meta name=\"generator\" content=\"All in One SEO (AIOSEO) 5.0.0.1\" \/>\n\t\t<meta property=\"og:locale\" content=\"pt_BR\" \/>\n\t\t<meta property=\"og:site_name\" content=\"Encontra Cama\u00e7ari - Not\u00edcias, eventos, informa\u00e7\u00f5es e dicas na cidade de Cama\u00e7ari e regi\u00e3o.\" \/>\n\t\t<meta property=\"og:type\" content=\"article\" \/>\n\t\t<meta property=\"og:title\" content=\"Anfavea diz que manter isen\u00e7\u00e3o para SKD e CKD vai gerar demiss\u00f5es em massa - Encontra Cama\u00e7ari\" \/>\n\t\t<meta property=\"og:description\" content=\"Manter isen\u00e7\u00e3o de impostos para SKD e CKD pode custar milhares de empregos e impactar a ind\u00fastria automotiva.\" \/>\n\t\t<meta property=\"og:url\" content=\"https:\/\/www.encontracamacari.com.br\/sobre\/anfavea-diz-que-manter-isencao-para-skd-e-ckd-vai-gerar-demissoes-em-massa\/\" \/>\n\t\t<meta property=\"article:published_time\" content=\"2026-01-23T06:16:33+00:00\" \/>\n\t\t<meta property=\"article:modified_time\" content=\"2026-01-23T06:16:33+00:00\" \/>\n\t\t<meta name=\"twitter:card\" content=\"summary_large_image\" \/>\n\t\t<meta name=\"twitter:title\" content=\"Anfavea diz que manter isen\u00e7\u00e3o para SKD e CKD vai gerar demiss\u00f5es em massa - Encontra Cama\u00e7ari\" \/>\n\t\t<meta name=\"twitter:description\" content=\"Manter isen\u00e7\u00e3o de impostos para SKD e CKD pode custar milhares de empregos e impactar a ind\u00fastria automotiva.\" \/>\n\t\t<script type=\"application\/ld+json\" class=\"aioseo-schema\">\n\t\t\t{\"@context\":\"https:\\\/\\\/schema.org\",\"@graph\":[{\"@type\":\"BlogPosting\",\"@id\":\"https:\\\/\\\/www.encontracamacari.com.br\\\/sobre\\\/anfavea-diz-que-manter-isencao-para-skd-e-ckd-vai-gerar-demissoes-em-massa\\\/#blogposting\",\"name\":\"Anfavea diz que manter isen\\u00e7\\u00e3o para SKD e CKD vai gerar demiss\\u00f5es em massa - Encontra Cama\\u00e7ari\",\"headline\":\"Anfavea diz que manter isen\\u00e7\\u00e3o para SKD e CKD vai gerar demiss\\u00f5es em massa\",\"author\":{\"@id\":\"https:\\\/\\\/www.encontracamacari.com.br\\\/sobre\\\/author\\\/ecamacari\\\/#author\"},\"publisher\":{\"@id\":\"https:\\\/\\\/www.encontracamacari.com.br\\\/sobre\\\/#organization\"},\"image\":{\"@type\":\"ImageObject\",\"url\":\"https:\\\/\\\/www.encontracamacari.com.br\\\/sobre\\\/wp-content\\\/uploads\\\/2026\\\/01\\\/anfavea-diz-que-manter-isencao-para-skd-e-ckd-vai-gerar-demissoes-em-massa.webp\",\"width\":280,\"height\":280,\"caption\":\"isen\\u00e7\\u00e3o de impostos\"},\"datePublished\":\"2026-01-23T06:16:33+00:00\",\"dateModified\":\"2026-01-23T06:16:33+00:00\",\"inLanguage\":\"pt-BR\",\"mainEntityOfPage\":{\"@id\":\"https:\\\/\\\/www.encontracamacari.com.br\\\/sobre\\\/anfavea-diz-que-manter-isencao-para-skd-e-ckd-vai-gerar-demissoes-em-massa\\\/#webpage\"},\"isPartOf\":{\"@id\":\"https:\\\/\\\/www.encontracamacari.com.br\\\/sobre\\\/anfavea-diz-que-manter-isencao-para-skd-e-ckd-vai-gerar-demissoes-em-massa\\\/#webpage\"},\"articleSection\":\"Not\\u00edcias Cama\\u00e7ari\"},{\"@type\":\"BreadcrumbList\",\"@id\":\"https:\\\/\\\/www.encontracamacari.com.br\\\/sobre\\\/anfavea-diz-que-manter-isencao-para-skd-e-ckd-vai-gerar-demissoes-em-massa\\\/#breadcrumblist\",\"itemListElement\":[{\"@type\":\"ListItem\",\"@id\":\"https:\\\/\\\/www.encontracamacari.com.br\\\/sobre#listItem\",\"position\":1,\"name\":\"Home\",\"item\":\"https:\\\/\\\/www.encontracamacari.com.br\\\/sobre\",\"nextItem\":{\"@type\":\"ListItem\",\"@id\":\"https:\\\/\\\/www.encontracamacari.com.br\\\/sobre\\\/noticias-em-camacari\\\/#listItem\",\"name\":\"Not\\u00edcias Cama\\u00e7ari\"}},{\"@type\":\"ListItem\",\"@id\":\"https:\\\/\\\/www.encontracamacari.com.br\\\/sobre\\\/noticias-em-camacari\\\/#listItem\",\"position\":2,\"name\":\"Not\\u00edcias Cama\\u00e7ari\",\"item\":\"https:\\\/\\\/www.encontracamacari.com.br\\\/sobre\\\/noticias-em-camacari\\\/\",\"nextItem\":{\"@type\":\"ListItem\",\"@id\":\"https:\\\/\\\/www.encontracamacari.com.br\\\/sobre\\\/anfavea-diz-que-manter-isencao-para-skd-e-ckd-vai-gerar-demissoes-em-massa\\\/#listItem\",\"name\":\"Anfavea diz que manter isen\\u00e7\\u00e3o para SKD e CKD vai gerar demiss\\u00f5es em massa\"},\"previousItem\":{\"@type\":\"ListItem\",\"@id\":\"https:\\\/\\\/www.encontracamacari.com.br\\\/sobre#listItem\",\"name\":\"Home\"}},{\"@type\":\"ListItem\",\"@id\":\"https:\\\/\\\/www.encontracamacari.com.br\\\/sobre\\\/anfavea-diz-que-manter-isencao-para-skd-e-ckd-vai-gerar-demissoes-em-massa\\\/#listItem\",\"position\":3,\"name\":\"Anfavea diz que manter isen\\u00e7\\u00e3o para SKD e CKD vai gerar demiss\\u00f5es em massa\",\"previousItem\":{\"@type\":\"ListItem\",\"@id\":\"https:\\\/\\\/www.encontracamacari.com.br\\\/sobre\\\/noticias-em-camacari\\\/#listItem\",\"name\":\"Not\\u00edcias Cama\\u00e7ari\"}}]},{\"@type\":\"Organization\",\"@id\":\"https:\\\/\\\/www.encontracamacari.com.br\\\/sobre\\\/#organization\",\"name\":\"Encontra Cama\\u00e7ari\",\"description\":\"Not\\u00edcias, eventos, informa\\u00e7\\u00f5es e dicas na cidade de Cama\\u00e7ari e regi\\u00e3o.\",\"url\":\"https:\\\/\\\/www.encontracamacari.com.br\\\/sobre\\\/\"},{\"@type\":\"Person\",\"@id\":\"https:\\\/\\\/www.encontracamacari.com.br\\\/sobre\\\/author\\\/ecamacari\\\/#author\",\"url\":\"https:\\\/\\\/www.encontracamacari.com.br\\\/sobre\\\/author\\\/ecamacari\\\/\",\"name\":\"Encontra Cama\\u00e7ari\",\"image\":{\"@type\":\"ImageObject\",\"@id\":\"https:\\\/\\\/www.encontracamacari.com.br\\\/sobre\\\/anfavea-diz-que-manter-isencao-para-skd-e-ckd-vai-gerar-demissoes-em-massa\\\/#authorImage\",\"url\":\"https:\\\/\\\/secure.gravatar.com\\\/avatar\\\/507340682b8270222e1f208e23198b6ae7e2c6a1033ae84e99bc6bce4f82a387?s=96&d=mm&r=g\",\"width\":96,\"height\":96,\"caption\":\"Encontra Cama\\u00e7ari\"}},{\"@type\":\"WebPage\",\"@id\":\"https:\\\/\\\/www.encontracamacari.com.br\\\/sobre\\\/anfavea-diz-que-manter-isencao-para-skd-e-ckd-vai-gerar-demissoes-em-massa\\\/#webpage\",\"url\":\"https:\\\/\\\/www.encontracamacari.com.br\\\/sobre\\\/anfavea-diz-que-manter-isencao-para-skd-e-ckd-vai-gerar-demissoes-em-massa\\\/\",\"name\":\"Anfavea diz que manter isen\\u00e7\\u00e3o para SKD e CKD vai gerar demiss\\u00f5es em massa - Encontra Cama\\u00e7ari\",\"description\":\"Manter isen\\u00e7\\u00e3o de impostos para SKD e CKD pode custar milhares de empregos e impactar a ind\\u00fastria automotiva.\",\"inLanguage\":\"pt-BR\",\"isPartOf\":{\"@id\":\"https:\\\/\\\/www.encontracamacari.com.br\\\/sobre\\\/#website\"},\"breadcrumb\":{\"@id\":\"https:\\\/\\\/www.encontracamacari.com.br\\\/sobre\\\/anfavea-diz-que-manter-isencao-para-skd-e-ckd-vai-gerar-demissoes-em-massa\\\/#breadcrumblist\"},\"author\":{\"@id\":\"https:\\\/\\\/www.encontracamacari.com.br\\\/sobre\\\/author\\\/ecamacari\\\/#author\"},\"creator\":{\"@id\":\"https:\\\/\\\/www.encontracamacari.com.br\\\/sobre\\\/author\\\/ecamacari\\\/#author\"},\"image\":{\"@type\":\"ImageObject\",\"url\":\"https:\\\/\\\/www.encontracamacari.com.br\\\/sobre\\\/wp-content\\\/uploads\\\/2026\\\/01\\\/anfavea-diz-que-manter-isencao-para-skd-e-ckd-vai-gerar-demissoes-em-massa.webp\",\"@id\":\"https:\\\/\\\/www.encontracamacari.com.br\\\/sobre\\\/anfavea-diz-que-manter-isencao-para-skd-e-ckd-vai-gerar-demissoes-em-massa\\\/#mainImage\",\"width\":280,\"height\":280,\"caption\":\"isen\\u00e7\\u00e3o de impostos\"},\"primaryImageOfPage\":{\"@id\":\"https:\\\/\\\/www.encontracamacari.com.br\\\/sobre\\\/anfavea-diz-que-manter-isencao-para-skd-e-ckd-vai-gerar-demissoes-em-massa\\\/#mainImage\"},\"datePublished\":\"2026-01-23T06:16:33+00:00\",\"dateModified\":\"2026-01-23T06:16:33+00:00\"},{\"@type\":\"WebSite\",\"@id\":\"https:\\\/\\\/www.encontracamacari.com.br\\\/sobre\\\/#website\",\"url\":\"https:\\\/\\\/www.encontracamacari.com.br\\\/sobre\\\/\",\"name\":\"Encontra Cama\\u00e7ari\",\"description\":\"Not\\u00edcias, eventos, informa\\u00e7\\u00f5es e dicas na cidade de Cama\\u00e7ari e regi\\u00e3o.\",\"inLanguage\":\"pt-BR\",\"publisher\":{\"@id\":\"https:\\\/\\\/www.encontracamacari.com.br\\\/sobre\\\/#organization\"}}]}\n\t\t<\/script>\n\t\t<!-- All in One SEO -->\n\n","aioseo_head_json":{"title":"Anfavea diz que manter isen\u00e7\u00e3o para SKD e CKD vai gerar demiss\u00f5es em massa - Encontra Cama\u00e7ari","description":"Manter isen\u00e7\u00e3o de impostos para SKD e CKD pode custar milhares de empregos e impactar a ind\u00fastria automotiva.","canonical_url":"https:\/\/www.encontracamacari.com.br\/sobre\/anfavea-diz-que-manter-isencao-para-skd-e-ckd-vai-gerar-demissoes-em-massa\/","robots":"max-image-preview:large","keywords":"","webmasterTools":{"miscellaneous":""},"schema":{"@context":"https:\/\/schema.org","@graph":[{"@type":"BlogPosting","@id":"https:\/\/www.encontracamacari.com.br\/sobre\/anfavea-diz-que-manter-isencao-para-skd-e-ckd-vai-gerar-demissoes-em-massa\/#blogposting","name":"Anfavea diz que manter isen\u00e7\u00e3o para SKD e CKD vai gerar demiss\u00f5es em massa - Encontra Cama\u00e7ari","headline":"Anfavea diz que manter isen\u00e7\u00e3o para SKD e CKD vai gerar demiss\u00f5es em massa","author":{"@id":"https:\/\/www.encontracamacari.com.br\/sobre\/author\/ecamacari\/#author"},"publisher":{"@id":"https:\/\/www.encontracamacari.com.br\/sobre\/#organization"},"image":{"@type":"ImageObject","url":"https:\/\/www.encontracamacari.com.br\/sobre\/wp-content\/uploads\/2026\/01\/anfavea-diz-que-manter-isencao-para-skd-e-ckd-vai-gerar-demissoes-em-massa.webp","width":280,"height":280,"caption":"isen\u00e7\u00e3o de impostos"},"datePublished":"2026-01-23T06:16:33+00:00","dateModified":"2026-01-23T06:16:33+00:00","inLanguage":"pt-BR","mainEntityOfPage":{"@id":"https:\/\/www.encontracamacari.com.br\/sobre\/anfavea-diz-que-manter-isencao-para-skd-e-ckd-vai-gerar-demissoes-em-massa\/#webpage"},"isPartOf":{"@id":"https:\/\/www.encontracamacari.com.br\/sobre\/anfavea-diz-que-manter-isencao-para-skd-e-ckd-vai-gerar-demissoes-em-massa\/#webpage"},"articleSection":"Not\u00edcias Cama\u00e7ari"},{"@type":"BreadcrumbList","@id":"https:\/\/www.encontracamacari.com.br\/sobre\/anfavea-diz-que-manter-isencao-para-skd-e-ckd-vai-gerar-demissoes-em-massa\/#breadcrumblist","itemListElement":[{"@type":"ListItem","@id":"https:\/\/www.encontracamacari.com.br\/sobre#listItem","position":1,"name":"Home","item":"https:\/\/www.encontracamacari.com.br\/sobre","nextItem":{"@type":"ListItem","@id":"https:\/\/www.encontracamacari.com.br\/sobre\/noticias-em-camacari\/#listItem","name":"Not\u00edcias Cama\u00e7ari"}},{"@type":"ListItem","@id":"https:\/\/www.encontracamacari.com.br\/sobre\/noticias-em-camacari\/#listItem","position":2,"name":"Not\u00edcias Cama\u00e7ari","item":"https:\/\/www.encontracamacari.com.br\/sobre\/noticias-em-camacari\/","nextItem":{"@type":"ListItem","@id":"https:\/\/www.encontracamacari.com.br\/sobre\/anfavea-diz-que-manter-isencao-para-skd-e-ckd-vai-gerar-demissoes-em-massa\/#listItem","name":"Anfavea diz que manter isen\u00e7\u00e3o para SKD e CKD vai gerar demiss\u00f5es em massa"},"previousItem":{"@type":"ListItem","@id":"https:\/\/www.encontracamacari.com.br\/sobre#listItem","name":"Home"}},{"@type":"ListItem","@id":"https:\/\/www.encontracamacari.com.br\/sobre\/anfavea-diz-que-manter-isencao-para-skd-e-ckd-vai-gerar-demissoes-em-massa\/#listItem","position":3,"name":"Anfavea diz que manter isen\u00e7\u00e3o para SKD e CKD vai gerar demiss\u00f5es em massa","previousItem":{"@type":"ListItem","@id":"https:\/\/www.encontracamacari.com.br\/sobre\/noticias-em-camacari\/#listItem","name":"Not\u00edcias Cama\u00e7ari"}}]},{"@type":"Organization","@id":"https:\/\/www.encontracamacari.com.br\/sobre\/#organization","name":"Encontra Cama\u00e7ari","description":"Not\u00edcias, eventos, informa\u00e7\u00f5es e dicas na cidade de Cama\u00e7ari e regi\u00e3o.","url":"https:\/\/www.encontracamacari.com.br\/sobre\/"},{"@type":"Person","@id":"https:\/\/www.encontracamacari.com.br\/sobre\/author\/ecamacari\/#author","url":"https:\/\/www.encontracamacari.com.br\/sobre\/author\/ecamacari\/","name":"Encontra Cama\u00e7ari","image":{"@type":"ImageObject","@id":"https:\/\/www.encontracamacari.com.br\/sobre\/anfavea-diz-que-manter-isencao-para-skd-e-ckd-vai-gerar-demissoes-em-massa\/#authorImage","url":"https:\/\/secure.gravatar.com\/avatar\/507340682b8270222e1f208e23198b6ae7e2c6a1033ae84e99bc6bce4f82a387?s=96&d=mm&r=g","width":96,"height":96,"caption":"Encontra Cama\u00e7ari"}},{"@type":"WebPage","@id":"https:\/\/www.encontracamacari.com.br\/sobre\/anfavea-diz-que-manter-isencao-para-skd-e-ckd-vai-gerar-demissoes-em-massa\/#webpage","url":"https:\/\/www.encontracamacari.com.br\/sobre\/anfavea-diz-que-manter-isencao-para-skd-e-ckd-vai-gerar-demissoes-em-massa\/","name":"Anfavea diz que manter isen\u00e7\u00e3o para SKD e CKD vai gerar demiss\u00f5es em massa - Encontra Cama\u00e7ari","description":"Manter isen\u00e7\u00e3o de impostos para SKD e CKD pode custar milhares de empregos e impactar a ind\u00fastria automotiva.","inLanguage":"pt-BR","isPartOf":{"@id":"https:\/\/www.encontracamacari.com.br\/sobre\/#website"},"breadcrumb":{"@id":"https:\/\/www.encontracamacari.com.br\/sobre\/anfavea-diz-que-manter-isencao-para-skd-e-ckd-vai-gerar-demissoes-em-massa\/#breadcrumblist"},"author":{"@id":"https:\/\/www.encontracamacari.com.br\/sobre\/author\/ecamacari\/#author"},"creator":{"@id":"https:\/\/www.encontracamacari.com.br\/sobre\/author\/ecamacari\/#author"},"image":{"@type":"ImageObject","url":"https:\/\/www.encontracamacari.com.br\/sobre\/wp-content\/uploads\/2026\/01\/anfavea-diz-que-manter-isencao-para-skd-e-ckd-vai-gerar-demissoes-em-massa.webp","@id":"https:\/\/www.encontracamacari.com.br\/sobre\/anfavea-diz-que-manter-isencao-para-skd-e-ckd-vai-gerar-demissoes-em-massa\/#mainImage","width":280,"height":280,"caption":"isen\u00e7\u00e3o de impostos"},"primaryImageOfPage":{"@id":"https:\/\/www.encontracamacari.com.br\/sobre\/anfavea-diz-que-manter-isencao-para-skd-e-ckd-vai-gerar-demissoes-em-massa\/#mainImage"},"datePublished":"2026-01-23T06:16:33+00:00","dateModified":"2026-01-23T06:16:33+00:00"},{"@type":"WebSite","@id":"https:\/\/www.encontracamacari.com.br\/sobre\/#website","url":"https:\/\/www.encontracamacari.com.br\/sobre\/","name":"Encontra Cama\u00e7ari","description":"Not\u00edcias, eventos, informa\u00e7\u00f5es e dicas na cidade de Cama\u00e7ari e regi\u00e3o.","inLanguage":"pt-BR","publisher":{"@id":"https:\/\/www.encontracamacari.com.br\/sobre\/#organization"}}]},"og:locale":"pt_BR","og:site_name":"Encontra Cama\u00e7ari - Not\u00edcias, eventos, informa\u00e7\u00f5es e dicas na cidade de Cama\u00e7ari e regi\u00e3o.","og:type":"article","og:title":"Anfavea diz que manter isen\u00e7\u00e3o para SKD e CKD vai gerar demiss\u00f5es em massa - Encontra Cama\u00e7ari","og:description":"Manter isen\u00e7\u00e3o de impostos para SKD e CKD pode custar milhares de empregos e impactar a ind\u00fastria automotiva.","og:url":"https:\/\/www.encontracamacari.com.br\/sobre\/anfavea-diz-que-manter-isencao-para-skd-e-ckd-vai-gerar-demissoes-em-massa\/","article:published_time":"2026-01-23T06:16:33+00:00","article:modified_time":"2026-01-23T06:16:33+00:00","twitter:card":"summary_large_image","twitter:title":"Anfavea diz que manter isen\u00e7\u00e3o para SKD e CKD vai gerar demiss\u00f5es em massa - Encontra Cama\u00e7ari","twitter:description":"Manter isen\u00e7\u00e3o de impostos para SKD e CKD pode custar milhares de empregos e impactar a ind\u00fastria automotiva."},"aioseo_meta_data":{"post_id":"616","title":null,"description":null,"keywords":null,"keyphrases":null,"primary_term":null,"canonical_url":null,"og_title":null,"og_description":null,"og_object_type":"default","og_image_type":"default","og_image_url":null,"og_image_width":null,"og_image_height":null,"og_image_custom_url":null,"og_image_custom_fields":null,"og_video":null,"og_custom_url":null,"og_article_section":null,"og_article_tags":null,"twitter_use_og":false,"twitter_card":"default","twitter_image_type":"default","twitter_image_url":null,"twitter_image_custom_url":null,"twitter_image_custom_fields":null,"twitter_title":null,"twitter_description":null,"schema":{"blockGraphs":[],"customGraphs":[],"default":{"data":{"Article":[],"Course":[],"Dataset":[],"FAQPage":[],"Movie":[],"Person":[],"Product":[],"ProductReview":[],"Car":[],"Recipe":[],"Service":[],"SoftwareApplication":[],"WebPage":[]},"graphName":"BlogPosting","isEnabled":true},"graphs":[]},"schema_type":"default","schema_type_options":null,"pillar_content":false,"robots_default":true,"robots_noindex":false,"robots_noarchive":false,"robots_nosnippet":false,"robots_nofollow":false,"robots_noimageindex":false,"robots_noodp":false,"robots_notranslate":false,"robots_max_snippet":null,"robots_max_videopreview":null,"robots_max_imagepreview":"large","priority":null,"frequency":null,"local_seo":null,"limit_modified_date":false,"created":"2026-01-23 06:16:36","updated":"2026-08-06 01:01:51","focus_keyword":null,"additional_keywords":null,"truseo_locale":null,"ai":null,"breadcrumb_settings":null,"seo_analyzer_scan_date":null},"aioseo_breadcrumb":"<div class=\"aioseo-breadcrumbs\"><span class=\"aioseo-breadcrumb\">\n\t\t\t<a href=\"https:\/\/www.encontracamacari.com.br\/sobre\" title=\"Home\">Home<\/a>\n\t\t<\/span><span class=\"aioseo-breadcrumb-separator\">&raquo;<\/span><span class=\"aioseo-breadcrumb\">\n\t\t\t<a href=\"https:\/\/www.encontracamacari.com.br\/sobre\/noticias-em-camacari\/\" title=\"Not\u00edcias Cama\u00e7ari\">Not\u00edcias Cama\u00e7ari<\/a>\n\t\t<\/span><span class=\"aioseo-breadcrumb-separator\">&raquo;<\/span><span class=\"aioseo-breadcrumb\">\n\t\t\tAnfavea diz que manter isen\u00e7\u00e3o para SKD e CKD vai gerar demiss\u00f5es em massa\n\t\t<\/span><\/div>","aioseo_breadcrumb_json":[{"label":"Home","link":"https:\/\/www.encontracamacari.com.br\/sobre"},{"label":"Not\u00edcias Cama\u00e7ari","link":"https:\/\/www.encontracamacari.com.br\/sobre\/noticias-em-camacari\/"},{"label":"Anfavea diz que manter isen\u00e7\u00e3o para SKD e CKD vai gerar demiss\u00f5es em massa","link":"https:\/\/www.encontracamacari.com.br\/sobre\/anfavea-diz-que-manter-isencao-para-skd-e-ckd-vai-gerar-demissoes-em-massa\/"}],"_links":{"self":[{"href":"https:\/\/www.encontracamacari.com.br\/sobre\/wp-json\/wp\/v2\/posts\/616","targetHints":{"allow":["GET"]}}],"collection":[{"href":"https:\/\/www.encontracamacari.com.br\/sobre\/wp-json\/wp\/v2\/posts"}],"about":[{"href":"https:\/\/www.encontracamacari.com.br\/sobre\/wp-json\/wp\/v2\/types\/post"}],"author":[{"embeddable":true,"href":"https:\/\/www.encontracamacari.com.br\/sobre\/wp-json\/wp\/v2\/users\/1"}],"replies":[{"embeddable":true,"href":"https:\/\/www.encontracamacari.com.br\/sobre\/wp-json\/wp\/v2\/comments?post=616"}],"version-history":[{"count":0,"href":"https:\/\/www.encontracamacari.com.br\/sobre\/wp-json\/wp\/v2\/posts\/616\/revisions"}],"wp:featuredmedia":[{"embeddable":true,"href":"https:\/\/www.encontracamacari.com.br\/sobre\/wp-json\/wp\/v2\/media\/615"}],"wp:attachment":[{"href":"https:\/\/www.encontracamacari.com.br\/sobre\/wp-json\/wp\/v2\/media?parent=616"}],"wp:term":[{"taxonomy":"category","embeddable":true,"href":"https:\/\/www.encontracamacari.com.br\/sobre\/wp-json\/wp\/v2\/categories?post=616"},{"taxonomy":"post_tag","embeddable":true,"href":"https:\/\/www.encontracamacari.com.br\/sobre\/wp-json\/wp\/v2\/tags?post=616"}],"curies":[{"name":"wp","href":"https:\/\/api.w.org\/{rel}","templated":true}]}}