{"id":612,"date":"2026-01-22T06:19:39","date_gmt":"2026-01-22T06:19:39","guid":{"rendered":"https:\/\/www.encontracamacari.com.br\/sobre\/caetano-afirma-que-nova-rodoviaria-da-bahia-vai-beneficiar-camacari-e-toda-a-regiao-metropolitana\/"},"modified":"2026-01-22T06:19:39","modified_gmt":"2026-01-22T06:19:39","slug":"caetano-afirma-que-nova-rodoviaria-da-bahia-vai-beneficiar-camacari-e-toda-a-regiao-metropolitana","status":"publish","type":"post","link":"https:\/\/www.encontracamacari.com.br\/sobre\/caetano-afirma-que-nova-rodoviaria-da-bahia-vai-beneficiar-camacari-e-toda-a-regiao-metropolitana\/","title":{"rendered":"Caetano afirma que nova Rodovi\u00e1ria da Bahia vai beneficiar Cama\u00e7ari e toda a Regi\u00e3o Metropolitana"},"content":{"rendered":"<div class=\"2410bb7248a64bb1f71103797e0f239b\" data-index=\"1\" style=\"float: none; margin:0px;\">\n<ins class=\"adsbygoogle\"\r\n     style=\"display:block\"\r\n     data-ad-client=\"ca-pub-8585364105181520\"\r\n     data-ad-slot=\"8789329856\"\r\n     data-ad-format=\"auto\"\r\n     data-full-width-responsive=\"true\"><\/ins>\r\n<script>\r\n     (adsbygoogle = window.adsbygoogle || []).push({});\r\n<\/script>\n<\/div>\n<h2>Vis\u00e3o Geral do Novo Terminal<\/h2>\n<p>A nova <strong>Rodovi\u00e1ria da Bahia<\/strong>, tamb\u00e9m conhecida como Terminal Salvador, foi projetada para atender a um crescente fluxo de passageiros e proporcionar uma experi\u00eancia de viagem mais eficiente e confort\u00e1vel. Ocupando uma \u00e1rea total de <strong>127.235 metros quadrados<\/strong>, esta nova estrutura ser\u00e1 um marco na mobilidade urbana na Bahia.<\/p>\n<p>O terminal conta com <strong>41 plataformas de embarque<\/strong>, <strong>24 plataformas de desembarque<\/strong> e <strong>34 \u00e1reas para estacionamento de ve\u00edculos operacionais<\/strong>. A infraestrutura inclui ainda salas VIP, um estacionamento que acomoda <strong>847 ve\u00edculos<\/strong>, incluindo <strong>711 vagas rotativas<\/strong> e uma unidade do <strong>Servi\u00e7o de Atendimento ao Cidad\u00e3o (SAC)<\/strong>. Essas caracter\u00edsticas foram cuidadosamente planejadas para otimizar o fluxo de passageiros e oferecer facilidades que v\u00e3o al\u00e9m do simples embarque e desembarque.<\/p>\n<p>Ademais, a nova rodovi\u00e1ria foi estrategicamente localizada \u00e0s margens da <strong>BR-324<\/strong>, um dos principais corredores rodovi\u00e1rios do estado, facilitando a integra\u00e7\u00e3o com outras modalidades de transporte, como o <strong>metr\u00f4<\/strong> e <strong>VLT<\/strong>. Com essa nova estrutura, espera-se n\u00e3o apenas melhorar a log\u00edstica do transporte rodovi\u00e1rio, mas tamb\u00e9m impulsionar o desenvolvimento econ\u00f4mico da regi\u00e3o metropolitana e adjac\u00eancias.<\/p>\n<p><img decoding=\"async\" src=\"https:\/\/www.encontracamacari.com.br\/sobre\/wp-content\/uploads\/2026\/01\/caetano-afirma-que-nova-rodoviaria-da-bahia-vai-beneficiar-camacari-e-toda-a-regiao-metropolitana.webp\" alt=\"nova Rodovi\u00e1ria da Bahia\" loading=\"lazy\" \/><\/p>\n<h2>Impactos na Mobilidade Regional<\/h2>\n<p>A nova Rodovi\u00e1ria da Bahia tem o potencial de transformar significativamente a mobilidade urbana na regi\u00e3o metropolitana de Salvador. Com a capacidade para atender uma demanda maior de passageiros, ela se torna um ponto central no sistema de transporte p\u00fablico.<\/p>\n<p>O prefeito de Cama\u00e7ari, <strong>Luiz Caetano<\/strong>, afirmou que a nova rodovi\u00e1ria representa um avan\u00e7o crucial n\u00e3o apenas para Salvador, mas para munic\u00edpios vizinhos. O objetivo primordial \u00e9 melhorar a integra\u00e7\u00e3o entre diferentes cidades, permitindo que os moradores de bairros distantes possam acessar a capital com maior facilidade. A rodovi\u00e1ria facilitar\u00e1 o deslocamento di\u00e1rio dos trabalhadores, estudantes e demais cidad\u00e3os que dependem do transporte p\u00fablico.<\/p>\n<p>Al\u00e9m disso, a rodovi\u00e1ria far\u00e1 parte de uma rede de transporte que inclui melhorias na infraestrutura vi\u00e1ria e a constru\u00e7\u00e3o de viadutos, que contribuir\u00e3o para aliviar o tr\u00e1fego nas principais vias da regi\u00e3o. Essas obras visam otimizar o fluxo de ve\u00edculos, reduzindo congestionamentos e proporcionando uma experi\u00eancia de viagem mais \u00e1gil e agrad\u00e1vel para todos os usu\u00e1rios.<\/p>\n<h2>O que Esperar da Nova Infraestrutura<\/h2>\n<p>Os usu\u00e1rios da nova Rodovi\u00e1ria da Bahia podem esperar uma s\u00e9rie de melhorias e inova\u00e7\u00f5es que atender\u00e3o \u00e0 demanda crescente por transporte eficiente. A nova infraestrutura foi desenvolvida para ser moderna e tecnol\u00f3gica. Uma das expectativas \u00e9 a implementa\u00e7\u00e3o de <strong>pain\u00e9is digitais<\/strong> com informa\u00e7\u00f5es em tempo real sobre hor\u00e1rios de partidas e chegadas, o que facilitar\u00e1 ainda mais a vida dos viajantes.<\/p>\n<p>Al\u00e9m disso, o terminal contar\u00e1 com \u00e1reas de espera confort\u00e1veis, acessibilidade para pessoas com defici\u00eancia, e uma ampla variedade de op\u00e7\u00f5es comerciais, incluindo lojas, lanchonetes e quiosques, que visam oferecer uma melhor experi\u00eancia durante a viagem. Os passageiros poder\u00e3o desfrutar de um ambiente bem projetado, que prioriza tanto a est\u00e9tica quanto a funcionalidade.<\/p>\n<p>Outro ponto a ser destacado \u00e9 a presen\u00e7a de seguran\u00e7a refor\u00e7ada, com monitoramento cont\u00ednuo e a presen\u00e7a de equipes de seguran\u00e7a, garantindo a tranquilidade dos usu\u00e1rios ao transitarem pelo terminal.<\/p>\n<h2>Aspectos Econ\u00f4micos da Obra<\/h2>\n<p>A nova Rodovi\u00e1ria da Bahia tamb\u00e9m representa um investimento consider\u00e1vel no desenvolvimento econ\u00f4mico da regi\u00e3o. O projeto envolveu um custeio significativo, o que se reflete na expectativa de cria\u00e7\u00e3o de milhares de empregos, tanto durante a fase de constru\u00e7\u00e3o quanto nas opera\u00e7\u00f5es p\u00f3s-inaugura\u00e7\u00e3o.<\/p>\n<p>Al\u00e9m da gera\u00e7\u00e3o de empregos, a rodovi\u00e1ria promete aquecer a economia local. A presen\u00e7a de um terminal moderno atrai investimentos, com\u00e9rcio e servi\u00e7os, que contribuem para o crescimento econ\u00f4mico da \u00e1rea circunvizinha. Os investidores perceber\u00e3o a nova rodovi\u00e1ria como uma oportunidade para expandir seus neg\u00f3cios, estimulando a economia local.<\/p>\n<p>Os benef\u00edcios econ\u00f4micos n\u00e3o se limitam apenas ao com\u00e9rcio. O aumento da efici\u00eancia no transporte poderia resultar na diminui\u00e7\u00e3o dos custos de log\u00edstica para as empresas que dependem da movimenta\u00e7\u00e3o de pessoas e mercadorias, potencializando o setor de servi\u00e7os. Isso, por sua vez, pode atrair novas empresas que buscam instalar suas opera\u00e7\u00f5es em um local com maior acessibilidade.<\/p>\n<h2>Integra\u00e7\u00e3o com o Metr\u00f4 e VLT<\/h2>\n<p>A nova Rodovi\u00e1ria da Bahia foi projetada para estabelecer uma integra\u00e7\u00e3o efetiva com os sistemas de transporte metrovi\u00e1rio e o VLT (Ve\u00edculo Leve sobre Trilhos). Essa integra\u00e7\u00e3o \u00e9 vital para criar um sistema de transporte coeso que atenda \u00e0s demandas da popula\u00e7\u00e3o.<\/p>\n<p>A conex\u00e3o com o metr\u00f4 permitir\u00e1 que os usu\u00e1rios cancelem a necessidade de percorrer grandes dist\u00e2ncias para acessar a rodovi\u00e1ria, tornando o acesso muito mais simples e r\u00e1pido. Da mesma forma, a integra\u00e7\u00e3o com o VLT passar\u00e1 a impulsionar o interc\u00e2mbio de passageiros entre diferentes modais, facilitando o deslocamento pela cidade.<\/p><div class=\"2410bb7248a64bb1f71103797e0f239b\" data-index=\"2\" style=\"float: none; margin:0px;\">\n<ins class=\"adsbygoogle\"\r\n     style=\"display:block; text-align:center;\"\r\n     data-ad-layout=\"in-article\"\r\n     data-ad-format=\"fluid\"\r\n     data-ad-client=\"ca-pub-8585364105181520\"\r\n     data-ad-slot=\"2899217073\"><\/ins>\r\n<script>\r\n     (adsbygoogle = window.adsbygoogle || []).push({});\r\n<\/script>\r\n\r\n<\/br><\/br>\n<\/div>\n\n<p>Essa interconex\u00e3o contribuir\u00e1 para um sistema intermodal eficiente e pode incentivar o uso do transporte p\u00fablico, reduzindo a depend\u00eancia do transporte individual e contribuindo para a diminui\u00e7\u00e3o do tr\u00e1fego nas ruas da capital. A proposta \u00e9 n\u00e3o apenas facilitar a mobilidade, mas tamb\u00e9m colaborar para um ambiente mais sustent\u00e1vel e menos polu\u00eddo.<\/p>\n<h2>Benef\u00edcios para a Popula\u00e7\u00e3o de Cama\u00e7ari<\/h2>\n<p>Os benef\u00edcios da nova Rodovi\u00e1ria da Bahia s\u00e3o evidentes, especialmente para a popula\u00e7\u00e3o de Cama\u00e7ari, que ver\u00e1 melhorias significativas em sua mobilidade. A nova estrutura facilitar\u00e1 o acesso a servi\u00e7os e oportunidades dispon\u00edveis na capital e em outras regi\u00f5es.<\/p>\n<p>A nova rodovi\u00e1ria se transformar\u00e1 em uma via de liga\u00e7\u00e3o para os cidad\u00e3os de Cama\u00e7ari, que, muitas vezes, buscam servi\u00e7os de sa\u00fade, educa\u00e7\u00e3o e trabalho em Salvador. O acesso facilitado ao transporte poder\u00e1 diminuir o tempo de deslocamento e aumentar a qualidade de vida dos habitantes, tornando as rotinas mais pr\u00e1ticas.<\/p>\n<p>Al\u00e9m disso, os comerciantes locais poder\u00e3o se beneficiar diretamente da circula\u00e7\u00e3o de passageiros, contribuindo para o fortalecimento da economia local. Os novos empregos gerados pela rodovi\u00e1ria, somados \u00e0 melhoria do com\u00e9rcio, representam um efeito positivo em cadeia que beneficiar\u00e1 a comunidade como um todo.<\/p>\n<h2>Eventos e Inaugura\u00e7\u00f5es do Terminal<\/h2>\n<p>A inaugura\u00e7\u00e3o da nova Rodovi\u00e1ria da Bahia ser\u00e1 marcada por eventos que celebrar\u00e3o essa importante conquista para a popula\u00e7\u00e3o. Espera-se que l\u00edderes pol\u00edticos, empres\u00e1rios e a comunidade local estejam presentes para comemorar a abertura e reconhecer o impacto positivo que a rodovi\u00e1ria trar\u00e1 para a regi\u00e3o.<\/p>\n<p>Um evento grandioso, com atra\u00e7\u00f5es culturais, pode n\u00e3o apenas dar in\u00edcio \u00e0s opera\u00e7\u00f5es do terminal, mas tamb\u00e9m unir a comunidade, enfatizando a import\u00e2ncia da rodovi\u00e1ria como um s\u00edmbolo de progresso e inova\u00e7\u00e3o. Al\u00e9m das festividades de inaugura\u00e7\u00e3o, ser\u00e3o promovidos eventos peri\u00f3dicos de conscientiza\u00e7\u00e3o sobre sistema de transporte e sobre como usufruir melhor das vantagens trazidas pela nova estrutura.<\/p>\n<p>O governo local tamb\u00e9m planeja criar iniciativas que incentivem o uso do transporte p\u00fablico, \u00e0 medida que a nova infraestrutura for oficialmente inaugurada. Essas a\u00e7\u00f5es visam aproximar a popula\u00e7\u00e3o da nova rodovi\u00e1ria e promover um engajamento da comunidade com as melhorias na mobilidade.<\/p>\n<h2>Perspectivas Futuras para a Bahia<\/h2>\n<p>A nova Rodovi\u00e1ria da Bahia abre um cap\u00edtulo promissor para o transporte p\u00fablico e para a mobilidade urbana no estado. Com a infraestrutura renovada, espera-se que Salvador e munic\u00edpios vizinhos se tornem cada vez mais conectados, criando oportunidades para o desenvolvimento econ\u00f4mico e social na regi\u00e3o.<\/p>\n<p>A rodovi\u00e1ria ser\u00e1 um elo cr\u00edtico na estrat\u00e9gia de moderniza\u00e7\u00e3o do transporte na Bahia, visando a inclus\u00e3o e a sustentabilidade. As iniciativas de melhoria da mobilidade n\u00e3o ficar\u00e3o restritas apenas ao terminal, com investimentos adicionais em transporte p\u00fablico, pavimenta\u00e7\u00e3o de ruas e outras obras de infraestrutura esperadas.<\/p>\n<p>Assim, a nova rodovi\u00e1ria, acompanhada de planos de expans\u00e3o para o sistema de transporte, sinaliza um futuro positivo, trazendo expectativa de mais acessibilidade, efici\u00eancia e um ambiente urbano mais amig\u00e1vel para os cidad\u00e3os baianos.<\/p>\n<h2>O Papel do Governador na Inaugura\u00e7\u00e3o<\/h2>\n<p>O governador da Bahia, <strong>Jer\u00f4nimo Rodrigues<\/strong>, desempenha um papel fundamental na conclus\u00e3o e inaugura\u00e7\u00e3o da nova Rodovi\u00e1ria da Bahia. Com um compromisso claro com a melhoria da infraestrutura do estado, ele garantiu que as obras ocorressem de forma r\u00e1pida e eficiente, respeitando prazos que beneficiem a popula\u00e7\u00e3o.<\/p>\n<p>O governador enfatizou em suas falas durante a cerim\u00f4nia de inaugura\u00e7\u00e3o a import\u00e2ncia da rodovi\u00e1ria n\u00e3o apenas como uma estrutura de transporte, mas como um s\u00edmbolo de desenvolvimento e progresso. Ele destacou que o novo terminal \u00e9 resultado de um trabalho colaborativo entre diferentes esferas do governo e a sociedade civil. O apoio de l\u00edderes pol\u00edticos e da comunidade foi essencial para a realiza\u00e7\u00e3o do projeto e dos investimentos necess\u00e1rios.<\/p>\n<p>Al\u00e9m disso, a presen\u00e7a do governador na inaugura\u00e7\u00e3o refor\u00e7a seu compromisso em priorizar as necessidades da popula\u00e7\u00e3o, mostrando que ele est\u00e1 atento \u00e0s demandas e se preocupa em implementar solu\u00e7\u00f5es que melhorem a qualidade de vida dos baianos.<\/p>\n<h2>Depoimentos de Usu\u00e1rios e Autoridades<\/h2>\n<p>Os primeiros impactos da nova Rodovi\u00e1ria da Bahia podem ser medidos atrav\u00e9s de depoimentos de usu\u00e1rios e autoridades que participaram da cerim\u00f4nia de inaugura\u00e7\u00e3o. Muitos cidad\u00e3os expressaram sua satisfa\u00e7\u00e3o com a nova infraestrutura, destacando o qu\u00e3o acess\u00edvel e moderna \u00e9 a rodovi\u00e1ria.<\/p>\n<p>Usu\u00e1rios relatam que a estrutura moderna facilita n\u00e3o apenas o embarque e desembarque, mas tamb\u00e9m oferece um ambiente agrad\u00e1vel, tornando a experi\u00eancia de viagem muito mais positiva. A ideia de ter um local bem planejado e com acesso a servi\u00e7os adicionais, como lojas e alimenta\u00e7\u00e3o, \u00e9 vista como um benef\u00edcio significativo.<\/p>\n<p>Por sua vez, autoridades presentes ao evento, como o presidente da empresa respons\u00e1vel pela constru\u00e7\u00e3o do terminal, demonstraram otimismo em rela\u00e7\u00e3o ao futuro da mobilidade na Bahia. Eles refor\u00e7aram o impacto econ\u00f4mico positivo que o terminal trar\u00e1 para as opera\u00e7\u00f5es di\u00e1rias e como ele se alinha \u00e0 necessidade de moderniza\u00e7\u00e3o dos sistemas de transporte.<\/p>\n<p>A nova rodovi\u00e1ria \u00e9 vista por muitos como um passo importante para a Bahia, um sinal de que o governo est\u00e1 comprometido em transformar a realidade do transporte p\u00fablico e da mobilidade urbana, o que \u00e9 extremamente necess\u00e1rio em uma cidade em crescimento como Salvador.<\/p>\n<div class=\"2410bb7248a64bb1f71103797e0f239b\" data-index=\"3\" style=\"float: none; margin:0px;\">\n<\/br><\/br>\r\n\r\n<ins class=\"adsbygoogle\"\r\n     style=\"display:block\"\r\n     data-ad-format=\"fluid\"\r\n     data-ad-layout-key=\"-63+do+n-1s+9e\"\r\n     data-ad-client=\"ca-pub-8585364105181520\"\r\n     data-ad-slot=\"6838462089\"><\/ins>\r\n<script>\r\n     (adsbygoogle = window.adsbygoogle || []).push({});\r\n<\/script>\n<\/div>\n\n<div style=\"font-size: 0px; height: 0px; line-height: 0px; margin: 0; padding: 0; clear: both;\"><\/div>","protected":false},"excerpt":{"rendered":"<p>Nova Rodovi\u00e1ria da Bahia trar\u00e1 benef\u00edcios para Cama\u00e7ari e regi\u00e3o metropolitana.<\/p>\n","protected":false},"author":1,"featured_media":611,"comment_status":"open","ping_status":"closed","sticky":false,"template":"","format":"standard","meta":{"footnotes":""},"categories":[1],"tags":[],"class_list":["post-612","post","type-post","status-publish","format-standard","has-post-thumbnail","hentry","category-noticias-em-camacari","has_thumb"],"aioseo_notices":[],"aioseo_head":"\n\t\t<!-- All in One SEO 5.0.0.1 - aioseo.com -->\n\t<meta name=\"description\" content=\"Nova Rodovi\u00e1ria da Bahia trar\u00e1 benef\u00edcios para Cama\u00e7ari e regi\u00e3o metropolitana.\" \/>\n\t<meta name=\"robots\" content=\"max-image-preview:large\" \/>\n\t<meta name=\"author\" content=\"Encontra Cama\u00e7ari\"\/>\n\t<link rel=\"canonical\" href=\"https:\/\/www.encontracamacari.com.br\/sobre\/caetano-afirma-que-nova-rodoviaria-da-bahia-vai-beneficiar-camacari-e-toda-a-regiao-metropolitana\/\" \/>\n\t<meta name=\"generator\" content=\"All in One SEO (AIOSEO) 5.0.0.1\" \/>\n\t\t<meta property=\"og:locale\" content=\"pt_BR\" \/>\n\t\t<meta property=\"og:site_name\" content=\"Encontra Cama\u00e7ari - Not\u00edcias, eventos, informa\u00e7\u00f5es e dicas na cidade de Cama\u00e7ari e regi\u00e3o.\" \/>\n\t\t<meta property=\"og:type\" content=\"article\" \/>\n\t\t<meta property=\"og:title\" content=\"Caetano afirma que nova Rodovi\u00e1ria da Bahia vai beneficiar Cama\u00e7ari e toda a Regi\u00e3o Metropolitana - Encontra Cama\u00e7ari\" \/>\n\t\t<meta property=\"og:description\" content=\"Nova Rodovi\u00e1ria da Bahia trar\u00e1 benef\u00edcios para Cama\u00e7ari e regi\u00e3o metropolitana.\" \/>\n\t\t<meta property=\"og:url\" content=\"https:\/\/www.encontracamacari.com.br\/sobre\/caetano-afirma-que-nova-rodoviaria-da-bahia-vai-beneficiar-camacari-e-toda-a-regiao-metropolitana\/\" \/>\n\t\t<meta property=\"article:published_time\" content=\"2026-01-22T06:19:39+00:00\" \/>\n\t\t<meta property=\"article:modified_time\" content=\"2026-01-22T06:19:39+00:00\" \/>\n\t\t<meta name=\"twitter:card\" content=\"summary_large_image\" \/>\n\t\t<meta name=\"twitter:title\" content=\"Caetano afirma que nova Rodovi\u00e1ria da Bahia vai beneficiar Cama\u00e7ari e toda a Regi\u00e3o Metropolitana - Encontra Cama\u00e7ari\" \/>\n\t\t<meta name=\"twitter:description\" content=\"Nova Rodovi\u00e1ria da Bahia trar\u00e1 benef\u00edcios para Cama\u00e7ari e regi\u00e3o metropolitana.\" \/>\n\t\t<script type=\"application\/ld+json\" class=\"aioseo-schema\">\n\t\t\t{\"@context\":\"https:\\\/\\\/schema.org\",\"@graph\":[{\"@type\":\"BlogPosting\",\"@id\":\"https:\\\/\\\/www.encontracamacari.com.br\\\/sobre\\\/caetano-afirma-que-nova-rodoviaria-da-bahia-vai-beneficiar-camacari-e-toda-a-regiao-metropolitana\\\/#blogposting\",\"name\":\"Caetano afirma que nova Rodovi\\u00e1ria da Bahia vai beneficiar Cama\\u00e7ari e toda a Regi\\u00e3o Metropolitana - Encontra Cama\\u00e7ari\",\"headline\":\"Caetano afirma que nova Rodovi\\u00e1ria da Bahia vai beneficiar Cama\\u00e7ari e toda a Regi\\u00e3o Metropolitana\",\"author\":{\"@id\":\"https:\\\/\\\/www.encontracamacari.com.br\\\/sobre\\\/author\\\/ecamacari\\\/#author\"},\"publisher\":{\"@id\":\"https:\\\/\\\/www.encontracamacari.com.br\\\/sobre\\\/#organization\"},\"image\":{\"@type\":\"ImageObject\",\"url\":\"https:\\\/\\\/www.encontracamacari.com.br\\\/sobre\\\/wp-content\\\/uploads\\\/2026\\\/01\\\/caetano-afirma-que-nova-rodoviaria-da-bahia-vai-beneficiar-camacari-e-toda-a-regiao-metropolitana.webp\",\"width\":280,\"height\":280,\"caption\":\"nova Rodovi\\u00e1ria da Bahia\"},\"datePublished\":\"2026-01-22T06:19:39+00:00\",\"dateModified\":\"2026-01-22T06:19:39+00:00\",\"inLanguage\":\"pt-BR\",\"mainEntityOfPage\":{\"@id\":\"https:\\\/\\\/www.encontracamacari.com.br\\\/sobre\\\/caetano-afirma-que-nova-rodoviaria-da-bahia-vai-beneficiar-camacari-e-toda-a-regiao-metropolitana\\\/#webpage\"},\"isPartOf\":{\"@id\":\"https:\\\/\\\/www.encontracamacari.com.br\\\/sobre\\\/caetano-afirma-que-nova-rodoviaria-da-bahia-vai-beneficiar-camacari-e-toda-a-regiao-metropolitana\\\/#webpage\"},\"articleSection\":\"Not\\u00edcias Cama\\u00e7ari\"},{\"@type\":\"BreadcrumbList\",\"@id\":\"https:\\\/\\\/www.encontracamacari.com.br\\\/sobre\\\/caetano-afirma-que-nova-rodoviaria-da-bahia-vai-beneficiar-camacari-e-toda-a-regiao-metropolitana\\\/#breadcrumblist\",\"itemListElement\":[{\"@type\":\"ListItem\",\"@id\":\"https:\\\/\\\/www.encontracamacari.com.br\\\/sobre#listItem\",\"position\":1,\"name\":\"Home\",\"item\":\"https:\\\/\\\/www.encontracamacari.com.br\\\/sobre\",\"nextItem\":{\"@type\":\"ListItem\",\"@id\":\"https:\\\/\\\/www.encontracamacari.com.br\\\/sobre\\\/noticias-em-camacari\\\/#listItem\",\"name\":\"Not\\u00edcias Cama\\u00e7ari\"}},{\"@type\":\"ListItem\",\"@id\":\"https:\\\/\\\/www.encontracamacari.com.br\\\/sobre\\\/noticias-em-camacari\\\/#listItem\",\"position\":2,\"name\":\"Not\\u00edcias Cama\\u00e7ari\",\"item\":\"https:\\\/\\\/www.encontracamacari.com.br\\\/sobre\\\/noticias-em-camacari\\\/\",\"nextItem\":{\"@type\":\"ListItem\",\"@id\":\"https:\\\/\\\/www.encontracamacari.com.br\\\/sobre\\\/caetano-afirma-que-nova-rodoviaria-da-bahia-vai-beneficiar-camacari-e-toda-a-regiao-metropolitana\\\/#listItem\",\"name\":\"Caetano afirma que nova Rodovi\\u00e1ria da Bahia vai beneficiar Cama\\u00e7ari e toda a Regi\\u00e3o Metropolitana\"},\"previousItem\":{\"@type\":\"ListItem\",\"@id\":\"https:\\\/\\\/www.encontracamacari.com.br\\\/sobre#listItem\",\"name\":\"Home\"}},{\"@type\":\"ListItem\",\"@id\":\"https:\\\/\\\/www.encontracamacari.com.br\\\/sobre\\\/caetano-afirma-que-nova-rodoviaria-da-bahia-vai-beneficiar-camacari-e-toda-a-regiao-metropolitana\\\/#listItem\",\"position\":3,\"name\":\"Caetano afirma que nova Rodovi\\u00e1ria da Bahia vai beneficiar Cama\\u00e7ari e toda a Regi\\u00e3o Metropolitana\",\"previousItem\":{\"@type\":\"ListItem\",\"@id\":\"https:\\\/\\\/www.encontracamacari.com.br\\\/sobre\\\/noticias-em-camacari\\\/#listItem\",\"name\":\"Not\\u00edcias Cama\\u00e7ari\"}}]},{\"@type\":\"Organization\",\"@id\":\"https:\\\/\\\/www.encontracamacari.com.br\\\/sobre\\\/#organization\",\"name\":\"Encontra Cama\\u00e7ari\",\"description\":\"Not\\u00edcias, eventos, informa\\u00e7\\u00f5es e dicas na cidade de Cama\\u00e7ari e regi\\u00e3o.\",\"url\":\"https:\\\/\\\/www.encontracamacari.com.br\\\/sobre\\\/\"},{\"@type\":\"Person\",\"@id\":\"https:\\\/\\\/www.encontracamacari.com.br\\\/sobre\\\/author\\\/ecamacari\\\/#author\",\"url\":\"https:\\\/\\\/www.encontracamacari.com.br\\\/sobre\\\/author\\\/ecamacari\\\/\",\"name\":\"Encontra Cama\\u00e7ari\",\"image\":{\"@type\":\"ImageObject\",\"@id\":\"https:\\\/\\\/www.encontracamacari.com.br\\\/sobre\\\/caetano-afirma-que-nova-rodoviaria-da-bahia-vai-beneficiar-camacari-e-toda-a-regiao-metropolitana\\\/#authorImage\",\"url\":\"https:\\\/\\\/secure.gravatar.com\\\/avatar\\\/507340682b8270222e1f208e23198b6ae7e2c6a1033ae84e99bc6bce4f82a387?s=96&d=mm&r=g\",\"width\":96,\"height\":96,\"caption\":\"Encontra Cama\\u00e7ari\"}},{\"@type\":\"WebPage\",\"@id\":\"https:\\\/\\\/www.encontracamacari.com.br\\\/sobre\\\/caetano-afirma-que-nova-rodoviaria-da-bahia-vai-beneficiar-camacari-e-toda-a-regiao-metropolitana\\\/#webpage\",\"url\":\"https:\\\/\\\/www.encontracamacari.com.br\\\/sobre\\\/caetano-afirma-que-nova-rodoviaria-da-bahia-vai-beneficiar-camacari-e-toda-a-regiao-metropolitana\\\/\",\"name\":\"Caetano afirma que nova Rodovi\\u00e1ria da Bahia vai beneficiar Cama\\u00e7ari e toda a Regi\\u00e3o Metropolitana - Encontra Cama\\u00e7ari\",\"description\":\"Nova Rodovi\\u00e1ria da Bahia trar\\u00e1 benef\\u00edcios para Cama\\u00e7ari e regi\\u00e3o metropolitana.\",\"inLanguage\":\"pt-BR\",\"isPartOf\":{\"@id\":\"https:\\\/\\\/www.encontracamacari.com.br\\\/sobre\\\/#website\"},\"breadcrumb\":{\"@id\":\"https:\\\/\\\/www.encontracamacari.com.br\\\/sobre\\\/caetano-afirma-que-nova-rodoviaria-da-bahia-vai-beneficiar-camacari-e-toda-a-regiao-metropolitana\\\/#breadcrumblist\"},\"author\":{\"@id\":\"https:\\\/\\\/www.encontracamacari.com.br\\\/sobre\\\/author\\\/ecamacari\\\/#author\"},\"creator\":{\"@id\":\"https:\\\/\\\/www.encontracamacari.com.br\\\/sobre\\\/author\\\/ecamacari\\\/#author\"},\"image\":{\"@type\":\"ImageObject\",\"url\":\"https:\\\/\\\/www.encontracamacari.com.br\\\/sobre\\\/wp-content\\\/uploads\\\/2026\\\/01\\\/caetano-afirma-que-nova-rodoviaria-da-bahia-vai-beneficiar-camacari-e-toda-a-regiao-metropolitana.webp\",\"@id\":\"https:\\\/\\\/www.encontracamacari.com.br\\\/sobre\\\/caetano-afirma-que-nova-rodoviaria-da-bahia-vai-beneficiar-camacari-e-toda-a-regiao-metropolitana\\\/#mainImage\",\"width\":280,\"height\":280,\"caption\":\"nova Rodovi\\u00e1ria da Bahia\"},\"primaryImageOfPage\":{\"@id\":\"https:\\\/\\\/www.encontracamacari.com.br\\\/sobre\\\/caetano-afirma-que-nova-rodoviaria-da-bahia-vai-beneficiar-camacari-e-toda-a-regiao-metropolitana\\\/#mainImage\"},\"datePublished\":\"2026-01-22T06:19:39+00:00\",\"dateModified\":\"2026-01-22T06:19:39+00:00\"},{\"@type\":\"WebSite\",\"@id\":\"https:\\\/\\\/www.encontracamacari.com.br\\\/sobre\\\/#website\",\"url\":\"https:\\\/\\\/www.encontracamacari.com.br\\\/sobre\\\/\",\"name\":\"Encontra Cama\\u00e7ari\",\"description\":\"Not\\u00edcias, eventos, informa\\u00e7\\u00f5es e dicas na cidade de Cama\\u00e7ari e regi\\u00e3o.\",\"inLanguage\":\"pt-BR\",\"publisher\":{\"@id\":\"https:\\\/\\\/www.encontracamacari.com.br\\\/sobre\\\/#organization\"}}]}\n\t\t<\/script>\n\t\t<!-- All in One SEO -->\n\n","aioseo_head_json":{"title":"Caetano afirma que nova Rodovi\u00e1ria da Bahia vai beneficiar Cama\u00e7ari e toda a Regi\u00e3o Metropolitana - Encontra Cama\u00e7ari","description":"Nova Rodovi\u00e1ria da Bahia trar\u00e1 benef\u00edcios para Cama\u00e7ari e regi\u00e3o metropolitana.","canonical_url":"https:\/\/www.encontracamacari.com.br\/sobre\/caetano-afirma-que-nova-rodoviaria-da-bahia-vai-beneficiar-camacari-e-toda-a-regiao-metropolitana\/","robots":"max-image-preview:large","keywords":"","webmasterTools":{"miscellaneous":""},"schema":{"@context":"https:\/\/schema.org","@graph":[{"@type":"BlogPosting","@id":"https:\/\/www.encontracamacari.com.br\/sobre\/caetano-afirma-que-nova-rodoviaria-da-bahia-vai-beneficiar-camacari-e-toda-a-regiao-metropolitana\/#blogposting","name":"Caetano afirma que nova Rodovi\u00e1ria da Bahia vai beneficiar Cama\u00e7ari e toda a Regi\u00e3o Metropolitana - Encontra Cama\u00e7ari","headline":"Caetano afirma que nova Rodovi\u00e1ria da Bahia vai beneficiar Cama\u00e7ari e toda a Regi\u00e3o Metropolitana","author":{"@id":"https:\/\/www.encontracamacari.com.br\/sobre\/author\/ecamacari\/#author"},"publisher":{"@id":"https:\/\/www.encontracamacari.com.br\/sobre\/#organization"},"image":{"@type":"ImageObject","url":"https:\/\/www.encontracamacari.com.br\/sobre\/wp-content\/uploads\/2026\/01\/caetano-afirma-que-nova-rodoviaria-da-bahia-vai-beneficiar-camacari-e-toda-a-regiao-metropolitana.webp","width":280,"height":280,"caption":"nova Rodovi\u00e1ria da Bahia"},"datePublished":"2026-01-22T06:19:39+00:00","dateModified":"2026-01-22T06:19:39+00:00","inLanguage":"pt-BR","mainEntityOfPage":{"@id":"https:\/\/www.encontracamacari.com.br\/sobre\/caetano-afirma-que-nova-rodoviaria-da-bahia-vai-beneficiar-camacari-e-toda-a-regiao-metropolitana\/#webpage"},"isPartOf":{"@id":"https:\/\/www.encontracamacari.com.br\/sobre\/caetano-afirma-que-nova-rodoviaria-da-bahia-vai-beneficiar-camacari-e-toda-a-regiao-metropolitana\/#webpage"},"articleSection":"Not\u00edcias Cama\u00e7ari"},{"@type":"BreadcrumbList","@id":"https:\/\/www.encontracamacari.com.br\/sobre\/caetano-afirma-que-nova-rodoviaria-da-bahia-vai-beneficiar-camacari-e-toda-a-regiao-metropolitana\/#breadcrumblist","itemListElement":[{"@type":"ListItem","@id":"https:\/\/www.encontracamacari.com.br\/sobre#listItem","position":1,"name":"Home","item":"https:\/\/www.encontracamacari.com.br\/sobre","nextItem":{"@type":"ListItem","@id":"https:\/\/www.encontracamacari.com.br\/sobre\/noticias-em-camacari\/#listItem","name":"Not\u00edcias Cama\u00e7ari"}},{"@type":"ListItem","@id":"https:\/\/www.encontracamacari.com.br\/sobre\/noticias-em-camacari\/#listItem","position":2,"name":"Not\u00edcias Cama\u00e7ari","item":"https:\/\/www.encontracamacari.com.br\/sobre\/noticias-em-camacari\/","nextItem":{"@type":"ListItem","@id":"https:\/\/www.encontracamacari.com.br\/sobre\/caetano-afirma-que-nova-rodoviaria-da-bahia-vai-beneficiar-camacari-e-toda-a-regiao-metropolitana\/#listItem","name":"Caetano afirma que nova Rodovi\u00e1ria da Bahia vai beneficiar Cama\u00e7ari e toda a Regi\u00e3o Metropolitana"},"previousItem":{"@type":"ListItem","@id":"https:\/\/www.encontracamacari.com.br\/sobre#listItem","name":"Home"}},{"@type":"ListItem","@id":"https:\/\/www.encontracamacari.com.br\/sobre\/caetano-afirma-que-nova-rodoviaria-da-bahia-vai-beneficiar-camacari-e-toda-a-regiao-metropolitana\/#listItem","position":3,"name":"Caetano afirma que nova Rodovi\u00e1ria da Bahia vai beneficiar Cama\u00e7ari e toda a Regi\u00e3o Metropolitana","previousItem":{"@type":"ListItem","@id":"https:\/\/www.encontracamacari.com.br\/sobre\/noticias-em-camacari\/#listItem","name":"Not\u00edcias Cama\u00e7ari"}}]},{"@type":"Organization","@id":"https:\/\/www.encontracamacari.com.br\/sobre\/#organization","name":"Encontra Cama\u00e7ari","description":"Not\u00edcias, eventos, informa\u00e7\u00f5es e dicas na cidade de Cama\u00e7ari e regi\u00e3o.","url":"https:\/\/www.encontracamacari.com.br\/sobre\/"},{"@type":"Person","@id":"https:\/\/www.encontracamacari.com.br\/sobre\/author\/ecamacari\/#author","url":"https:\/\/www.encontracamacari.com.br\/sobre\/author\/ecamacari\/","name":"Encontra Cama\u00e7ari","image":{"@type":"ImageObject","@id":"https:\/\/www.encontracamacari.com.br\/sobre\/caetano-afirma-que-nova-rodoviaria-da-bahia-vai-beneficiar-camacari-e-toda-a-regiao-metropolitana\/#authorImage","url":"https:\/\/secure.gravatar.com\/avatar\/507340682b8270222e1f208e23198b6ae7e2c6a1033ae84e99bc6bce4f82a387?s=96&d=mm&r=g","width":96,"height":96,"caption":"Encontra Cama\u00e7ari"}},{"@type":"WebPage","@id":"https:\/\/www.encontracamacari.com.br\/sobre\/caetano-afirma-que-nova-rodoviaria-da-bahia-vai-beneficiar-camacari-e-toda-a-regiao-metropolitana\/#webpage","url":"https:\/\/www.encontracamacari.com.br\/sobre\/caetano-afirma-que-nova-rodoviaria-da-bahia-vai-beneficiar-camacari-e-toda-a-regiao-metropolitana\/","name":"Caetano afirma que nova Rodovi\u00e1ria da Bahia vai beneficiar Cama\u00e7ari e toda a Regi\u00e3o Metropolitana - Encontra Cama\u00e7ari","description":"Nova Rodovi\u00e1ria da Bahia trar\u00e1 benef\u00edcios para Cama\u00e7ari e regi\u00e3o metropolitana.","inLanguage":"pt-BR","isPartOf":{"@id":"https:\/\/www.encontracamacari.com.br\/sobre\/#website"},"breadcrumb":{"@id":"https:\/\/www.encontracamacari.com.br\/sobre\/caetano-afirma-que-nova-rodoviaria-da-bahia-vai-beneficiar-camacari-e-toda-a-regiao-metropolitana\/#breadcrumblist"},"author":{"@id":"https:\/\/www.encontracamacari.com.br\/sobre\/author\/ecamacari\/#author"},"creator":{"@id":"https:\/\/www.encontracamacari.com.br\/sobre\/author\/ecamacari\/#author"},"image":{"@type":"ImageObject","url":"https:\/\/www.encontracamacari.com.br\/sobre\/wp-content\/uploads\/2026\/01\/caetano-afirma-que-nova-rodoviaria-da-bahia-vai-beneficiar-camacari-e-toda-a-regiao-metropolitana.webp","@id":"https:\/\/www.encontracamacari.com.br\/sobre\/caetano-afirma-que-nova-rodoviaria-da-bahia-vai-beneficiar-camacari-e-toda-a-regiao-metropolitana\/#mainImage","width":280,"height":280,"caption":"nova Rodovi\u00e1ria da Bahia"},"primaryImageOfPage":{"@id":"https:\/\/www.encontracamacari.com.br\/sobre\/caetano-afirma-que-nova-rodoviaria-da-bahia-vai-beneficiar-camacari-e-toda-a-regiao-metropolitana\/#mainImage"},"datePublished":"2026-01-22T06:19:39+00:00","dateModified":"2026-01-22T06:19:39+00:00"},{"@type":"WebSite","@id":"https:\/\/www.encontracamacari.com.br\/sobre\/#website","url":"https:\/\/www.encontracamacari.com.br\/sobre\/","name":"Encontra Cama\u00e7ari","description":"Not\u00edcias, eventos, informa\u00e7\u00f5es e dicas na cidade de Cama\u00e7ari e regi\u00e3o.","inLanguage":"pt-BR","publisher":{"@id":"https:\/\/www.encontracamacari.com.br\/sobre\/#organization"}}]},"og:locale":"pt_BR","og:site_name":"Encontra Cama\u00e7ari - Not\u00edcias, eventos, informa\u00e7\u00f5es e dicas na cidade de Cama\u00e7ari e regi\u00e3o.","og:type":"article","og:title":"Caetano afirma que nova Rodovi\u00e1ria da Bahia vai beneficiar Cama\u00e7ari e toda a Regi\u00e3o Metropolitana - Encontra Cama\u00e7ari","og:description":"Nova Rodovi\u00e1ria da Bahia trar\u00e1 benef\u00edcios para Cama\u00e7ari e regi\u00e3o metropolitana.","og:url":"https:\/\/www.encontracamacari.com.br\/sobre\/caetano-afirma-que-nova-rodoviaria-da-bahia-vai-beneficiar-camacari-e-toda-a-regiao-metropolitana\/","article:published_time":"2026-01-22T06:19:39+00:00","article:modified_time":"2026-01-22T06:19:39+00:00","twitter:card":"summary_large_image","twitter:title":"Caetano afirma que nova Rodovi\u00e1ria da Bahia vai beneficiar Cama\u00e7ari e toda a Regi\u00e3o Metropolitana - Encontra Cama\u00e7ari","twitter:description":"Nova Rodovi\u00e1ria da Bahia trar\u00e1 benef\u00edcios para Cama\u00e7ari e regi\u00e3o metropolitana."},"aioseo_meta_data":{"post_id":"612","title":null,"description":null,"keywords":null,"keyphrases":null,"primary_term":null,"canonical_url":null,"og_title":null,"og_description":null,"og_object_type":"default","og_image_type":"default","og_image_url":null,"og_image_width":null,"og_image_height":null,"og_image_custom_url":null,"og_image_custom_fields":null,"og_video":null,"og_custom_url":null,"og_article_section":null,"og_article_tags":null,"twitter_use_og":false,"twitter_card":"default","twitter_image_type":"default","twitter_image_url":null,"twitter_image_custom_url":null,"twitter_image_custom_fields":null,"twitter_title":null,"twitter_description":null,"schema":{"blockGraphs":[],"customGraphs":[],"default":{"data":{"Article":[],"Course":[],"Dataset":[],"FAQPage":[],"Movie":[],"Person":[],"Product":[],"ProductReview":[],"Car":[],"Recipe":[],"Service":[],"SoftwareApplication":[],"WebPage":[]},"graphName":"BlogPosting","isEnabled":true},"graphs":[]},"schema_type":"default","schema_type_options":null,"pillar_content":false,"robots_default":true,"robots_noindex":false,"robots_noarchive":false,"robots_nosnippet":false,"robots_nofollow":false,"robots_noimageindex":false,"robots_noodp":false,"robots_notranslate":false,"robots_max_snippet":null,"robots_max_videopreview":null,"robots_max_imagepreview":"large","priority":null,"frequency":null,"local_seo":null,"limit_modified_date":false,"created":"2026-01-22 06:19:44","updated":"2026-08-06 01:01:51","focus_keyword":null,"additional_keywords":null,"truseo_locale":null,"ai":null,"breadcrumb_settings":null,"seo_analyzer_scan_date":null},"aioseo_breadcrumb":"<div class=\"aioseo-breadcrumbs\"><span class=\"aioseo-breadcrumb\">\n\t\t\t<a href=\"https:\/\/www.encontracamacari.com.br\/sobre\" title=\"Home\">Home<\/a>\n\t\t<\/span><span class=\"aioseo-breadcrumb-separator\">&raquo;<\/span><span class=\"aioseo-breadcrumb\">\n\t\t\t<a href=\"https:\/\/www.encontracamacari.com.br\/sobre\/noticias-em-camacari\/\" title=\"Not\u00edcias Cama\u00e7ari\">Not\u00edcias Cama\u00e7ari<\/a>\n\t\t<\/span><span class=\"aioseo-breadcrumb-separator\">&raquo;<\/span><span class=\"aioseo-breadcrumb\">\n\t\t\tCaetano afirma que nova Rodovi\u00e1ria da Bahia vai beneficiar Cama\u00e7ari e toda a Regi\u00e3o Metropolitana\n\t\t<\/span><\/div>","aioseo_breadcrumb_json":[{"label":"Home","link":"https:\/\/www.encontracamacari.com.br\/sobre"},{"label":"Not\u00edcias Cama\u00e7ari","link":"https:\/\/www.encontracamacari.com.br\/sobre\/noticias-em-camacari\/"},{"label":"Caetano afirma que nova Rodovi\u00e1ria da Bahia vai beneficiar Cama\u00e7ari e toda a Regi\u00e3o Metropolitana","link":"https:\/\/www.encontracamacari.com.br\/sobre\/caetano-afirma-que-nova-rodoviaria-da-bahia-vai-beneficiar-camacari-e-toda-a-regiao-metropolitana\/"}],"_links":{"self":[{"href":"https:\/\/www.encontracamacari.com.br\/sobre\/wp-json\/wp\/v2\/posts\/612","targetHints":{"allow":["GET"]}}],"collection":[{"href":"https:\/\/www.encontracamacari.com.br\/sobre\/wp-json\/wp\/v2\/posts"}],"about":[{"href":"https:\/\/www.encontracamacari.com.br\/sobre\/wp-json\/wp\/v2\/types\/post"}],"author":[{"embeddable":true,"href":"https:\/\/www.encontracamacari.com.br\/sobre\/wp-json\/wp\/v2\/users\/1"}],"replies":[{"embeddable":true,"href":"https:\/\/www.encontracamacari.com.br\/sobre\/wp-json\/wp\/v2\/comments?post=612"}],"version-history":[{"count":0,"href":"https:\/\/www.encontracamacari.com.br\/sobre\/wp-json\/wp\/v2\/posts\/612\/revisions"}],"wp:featuredmedia":[{"embeddable":true,"href":"https:\/\/www.encontracamacari.com.br\/sobre\/wp-json\/wp\/v2\/media\/611"}],"wp:attachment":[{"href":"https:\/\/www.encontracamacari.com.br\/sobre\/wp-json\/wp\/v2\/media?parent=612"}],"wp:term":[{"taxonomy":"category","embeddable":true,"href":"https:\/\/www.encontracamacari.com.br\/sobre\/wp-json\/wp\/v2\/categories?post=612"},{"taxonomy":"post_tag","embeddable":true,"href":"https:\/\/www.encontracamacari.com.br\/sobre\/wp-json\/wp\/v2\/tags?post=612"}],"curies":[{"name":"wp","href":"https:\/\/api.w.org\/{rel}","templated":true}]}}