{"id":610,"date":"2026-01-22T06:17:25","date_gmt":"2026-01-22T06:17:25","guid":{"rendered":"https:\/\/www.encontracamacari.com.br\/sobre\/geddel-vieira-e-agredido-em-reveillon-na-bahia\/"},"modified":"2026-01-22T06:17:25","modified_gmt":"2026-01-22T06:17:25","slug":"geddel-vieira-e-agredido-em-reveillon-na-bahia","status":"publish","type":"post","link":"https:\/\/www.encontracamacari.com.br\/sobre\/geddel-vieira-e-agredido-em-reveillon-na-bahia\/","title":{"rendered":"Geddel Vieira \u00e9 agredido em R\u00e9veillon na Bahia"},"content":{"rendered":"<div class=\"2410bb7248a64bb1f71103797e0f239b\" data-index=\"1\" style=\"float: none; margin:0px;\">\n<ins class=\"adsbygoogle\"\r\n     style=\"display:block\"\r\n     data-ad-client=\"ca-pub-8585364105181520\"\r\n     data-ad-slot=\"8789329856\"\r\n     data-ad-format=\"auto\"\r\n     data-full-width-responsive=\"true\"><\/ins>\r\n<script>\r\n     (adsbygoogle = window.adsbygoogle || []).push({});\r\n<\/script>\n<\/div>\n<h2>O Incidente Durante a Celebra\u00e7\u00e3o<\/h2>\n<p>No in\u00edcio do ano, uma s\u00e9rie de eventos ocorre em diferentes partes do Brasil, celebrando a chegada do novo ano com festas, fogos de artif\u00edcio e uma atmosfera de alegria. No entanto, a celebra\u00e7\u00e3o de R\u00e9veillon de 2025 na Bahia tomou um rumo inesperado quando o ex-ministro Geddel Vieira Lima foi agredido em um condom\u00ednio em Cama\u00e7ari. O incidente ocorreu por volta das 1h30 da madrugada de 1\u00ba de janeiro, no condom\u00ednio Interlagos, onde Geddel passou a virada do ano com sua fam\u00edlia.<\/p>\n<p>Segundo relatos, um homem abordou Geddel por tr\u00e1s e o surpreendeu com um \u201cmata-le\u00e3o\u201d. Inicialmente, Geddel pensou que se tratava de uma brincadeira, mas a situa\u00e7\u00e3o rapidamente se tornou s\u00e9ria quando o agressor proferiu a frase alarmante: &#8220;todo pol\u00edtico tem que morrer.&#8221; Esta declara\u00e7\u00e3o n\u00e3o s\u00f3 intensificou o p\u00e2nico no local como tamb\u00e9m levantou quest\u00f5es sobre a seguran\u00e7a de pessoas p\u00fablicas e a natureza da viol\u00eancia pol\u00edtica e social no Brasil.<\/p>\n<p>Durante a luta pela liberdade, Geddel, em um ato de defesa, conseguiu se desvencilhar do agressor ao golpe\u00e1-lo com uma garrafa. Apesar da viol\u00eancia do incidente, Geddel n\u00e3o ficou gravemente ferido, mas o ocorrido deixou marcas em sua seguran\u00e7a emocional e f\u00edsica. O ex-ministro, que \u00e9 figura proeminente na pol\u00edtica baiana, comentou sobre o susto e a seriedade da situa\u00e7\u00e3o.<\/p>\n<p><img decoding=\"async\" src=\"https:\/\/www.encontracamacari.com.br\/sobre\/wp-content\/uploads\/2026\/01\/geddel-vieira-e-agredido-em-reveillon-na-bahia.webp\" alt=\"Geddel Vieira agredido\" loading=\"lazy\" \/><\/p>\n<h2>A Identifica\u00e7\u00e3o do Agressor<\/h2>\n<p>Ap\u00f3s o incidente, Geddel n\u00e3o hesitou em procurar ajuda e comunicar o ocorrido \u00e0s autoridades. Ele informou que as grava\u00e7\u00f5es das c\u00e2meras de seguran\u00e7a do condom\u00ednio foram entregues \u00e0 Pol\u00edcia Civil da Bahia. Essas imagens s\u00e3o cruciais para entender a din\u00e2mica do ataque e para a identifica\u00e7\u00e3o do agressor. De acordo com Geddel, o homem respons\u00e1vel pela agress\u00e3o j\u00e1 foi identificado, e a informa\u00e7\u00e3o de que ele n\u00e3o reside no condom\u00ednio pode indicar que se tratava de um intruso que se aproveitou da festividade para cometer o ato.<\/p>\n<p>A identifica\u00e7\u00e3o do agressor tamb\u00e9m levanta quest\u00f5es sobre a seguran\u00e7a em eventos de grande porte e nas \u00e1reas onde moradores e visitantes se re\u00fanem. \u00c9 fundamental que os condom\u00ednios contem com sistemas de seguran\u00e7a eficazes, especialmente durante celebra\u00e7\u00f5es em que a presen\u00e7a de pessoas \u00e9 elevada.<\/p>\n<h2>O Papel da Seguran\u00e7a no Condom\u00ednio<\/h2>\n<p>O incidente envolvendo Geddel Vieira Lima ressalta a import\u00e2ncia do papel da seguran\u00e7a em condom\u00ednios, especialmente durante per\u00edodos de festividade. A seguran\u00e7a privada, que geralmente est\u00e1 encarregada de monitorar o acesso ao local e garantir a ordem, deve estar sempre atenta a qualquer comportamento suspeito ou intrus\u00f5es. Durante o R\u00e9veillon, a seguran\u00e7a deve ser redobrada, visto que as celebra\u00e7\u00f5es costumam atrair um grande n\u00famero de pessoas, incluindo visitantes que n\u00e3o s\u00e3o moradores regulares.<\/p>\n<p>O condom\u00ednio Interlagos, onde ocorreu o incidente, precisa avaliar se suas medidas de seguran\u00e7a foram adequadas. Isso inclui a presen\u00e7a de seguran\u00e7as treinados, o monitoramento eficaz das c\u00e2meras de seguran\u00e7a e a implementa\u00e7\u00e3o de protocolos de emerg\u00eancia. Geddel, ap\u00f3s o incidente, indicou que tomar\u00e1 &#8220;todas as medidas jur\u00eddicas cab\u00edveis&#8221; para garantir sua seguran\u00e7a e a de sua fam\u00edlia, o que sublinha a responsabilidade do condom\u00ednio e das autoridades em proteger os cidad\u00e3os.<\/p>\n<h2>Rea\u00e7\u00f5es nas Redes Sociais<\/h2>\n<p>Ap\u00f3s a divulga\u00e7\u00e3o do incidente, as redes sociais rapidamente se tornaram um espa\u00e7o de debate e solidariedade por parte do p\u00fablico, que se manifestou em diversas plataformas sobre a agress\u00e3o sofrida pelo ex-ministro. Em um mundo onde not\u00edcias correm rapidamente, as rea\u00e7\u00f5es foram em sua maioria de apoio e indigna\u00e7\u00e3o. Muitos internautas expressaram preocupa\u00e7\u00e3o com a seguran\u00e7a de pol\u00edticos e cidad\u00e3os, destacando que este tipo de viol\u00eancia n\u00e3o deve ser normalizado.<\/p>\n<p>Al\u00e9m disso, o assunto gerou discuss\u00f5es sobre a situa\u00e7\u00e3o pol\u00edtica do Brasil e a polariza\u00e7\u00e3o crescente, que pode estar incentivando atos de viol\u00eancia contra figuras pol\u00edticas. As redes sociais se tornaram um canal importante para discutir a seguran\u00e7a p\u00fablica e a necessidade de um di\u00e1logo aberto sobre como prevenir agress\u00f5es \u00e0 vida democr\u00e1tica e ao respeito entre os cidad\u00e3os.<\/p>\n<h2>Implica\u00e7\u00f5es Jur\u00eddicas do Caso<\/h2>\n<p>A agress\u00e3o sofrida por Geddel Vieira Lima n\u00e3o s\u00f3 levantou quest\u00f5es sobre seguran\u00e7a, mas tamb\u00e9m implica\u00e7\u00f5es jur\u00eddicas significativas. O ex-ministro declarou que tomar\u00e1 medidas legais, o que sugere que um processo judicial pode ser iniciado. As autoridades competentes devem investigar o caso a fundo, analisando n\u00e3o apenas a a\u00e7\u00e3o do agressor, mas tamb\u00e9m as condi\u00e7\u00f5es em que o ataque ocorreu.<\/p><div class=\"2410bb7248a64bb1f71103797e0f239b\" data-index=\"2\" style=\"float: none; margin:0px;\">\n<ins class=\"adsbygoogle\"\r\n     style=\"display:block; text-align:center;\"\r\n     data-ad-layout=\"in-article\"\r\n     data-ad-format=\"fluid\"\r\n     data-ad-client=\"ca-pub-8585364105181520\"\r\n     data-ad-slot=\"2899217073\"><\/ins>\r\n<script>\r\n     (adsbygoogle = window.adsbygoogle || []).push({});\r\n<\/script>\r\n\r\n<\/br><\/br>\n<\/div>\n\n<p>Dependendo das circunst\u00e2ncias, o agressor pode enfrentar acusa\u00e7\u00f5es que variam de agress\u00e3o a amea\u00e7as de morte, dadas as declara\u00e7\u00f5es feitas durante o ataque. A legisla\u00e7\u00e3o brasileira prev\u00ea puni\u00e7\u00f5es severas para crimes de viol\u00eancia, e a mobiliza\u00e7\u00e3o de autoridades e a press\u00e3o p\u00fablica podem resultar em maior rigor nas investiga\u00e7\u00f5es e futuras puni\u00e7\u00f5es. A resposta da justi\u00e7a ser\u00e1 observada de perto, n\u00e3o s\u00f3 pelos envolvidos, mas por toda a sociedade.<\/p>\n<h2>A Import\u00e2ncia de Garantir a Seguran\u00e7a<\/h2>\n<p>Este incidente destaca a import\u00e2ncia de garantir a seguran\u00e7a n\u00e3o apenas de figuras p\u00fablicas, mas de todos os cidad\u00e3os. A seguran\u00e7a em espa\u00e7os p\u00fablicos e privados precisa ser uma prioridade, especialmente em eventos que re\u00fanem grandes multid\u00f5es. Condom\u00ednios e \u00e1reas residenciais devem revisar suas pol\u00edticas de seguran\u00e7a, atualizando procedimentos e intensificando o treinamento dos guardas.<\/p>\n<p>Al\u00e9m disso, \u00e9 crucial que comunidades e autoridades locais colaborem para discutir e implementar medidas que possam prevenir tais incidentes. Isso inclui investimentos em infraestrutura de seguran\u00e7a, como melhor ilumina\u00e7\u00e3o e c\u00e2meras de vigil\u00e2ncia, bem como promover uma cultura de cidadania e respeito \u00e1 vizinhan\u00e7a.<\/p>\n<h2>An\u00e1lise do Clima Pol\u00edtico Atual<\/h2>\n<p>O clima pol\u00edtico no Brasil nos \u00faltimos anos tem sido marcado por polariza\u00e7\u00e3o e tens\u00f5es crescentes. A agress\u00e3o a Geddel Vieira Lima pode ser compreendida dentro de um contexto maior de instabilidade social e pol\u00edtica, onde figuras p\u00fablicas frequentemente se tornam alvos de hostilidade. A ret\u00f3rica de \u00f3dio e viol\u00eancia nas redes sociais pode ser um fator exacerbador, levando alguns indiv\u00edduos a agir de forma agressiva em rela\u00e7\u00e3o a outros que representam ideologias diferentes.<\/p>\n<p>Estudos indicam que a desconfian\u00e7a nas institui\u00e7\u00f5es democr\u00e1ticas e a falta de di\u00e1logo construtivo entre diferentes grupos sociais contribuem para um ambiente prop\u00edcio \u00e0 viol\u00eancia. A sociedade precisa encontrar meios de promover um debate civilizado e respeitoso, onde diverg\u00eancias n\u00e3o resultem em ataques f\u00edsicos ou verbais, refor\u00e7ando a necessidade de a\u00e7\u00f5es coletivas em prol da paz e da seguran\u00e7a.<\/p>\n<h2>Contexto do R\u00e9veillon na Bahia<\/h2>\n<p>O R\u00e9veillon na Bahia \u00e9 famoso por suas festas vibrantes, com uma cultura rica de m\u00fasica e dan\u00e7a. No entanto, enquanto muitos celebram, a inseguran\u00e7a pode ser uma preocupa\u00e7\u00e3o, especialmente em grandes aglomera\u00e7\u00f5es. A presen\u00e7a de novatos pode aumentar em festas populares, o que, embora traga uma atmosfera festiva, tamb\u00e9m pode criar situa\u00e7\u00f5es de risco.<\/p>\n<p>As autoridades locais devem considerar planos de seguran\u00e7a adequados para eventos de grande porte, garantindo que festeiros e residentes sintam-se verdadeiramente seguros. Isso envolve n\u00e3o apenas seguran\u00e7a privada, mas tamb\u00e9m uma colabora\u00e7\u00e3o eficaz entre as pol\u00edcias civil e militar, al\u00e9m do envolvimento da comunidade em criar um ambiente seguro para todos.<\/p>\n<h2>Depoimentos de Testemunhas<\/h2>\n<p>A narrativa do incidente pode ser complementada por depoimentos de pessoas que estavam na festa e presenciaram a viol\u00eancia. Esses relatos s\u00e3o valiosos, pois ajudam a entender o que aconteceu e contribuem para a investiga\u00e7\u00e3o. O testemunho de outros r\u00e9us da situa\u00e7\u00e3o pode oferecer perspectivas diferentes sobre como o incidente ocorreu e a rea\u00e7\u00e3o da seguran\u00e7a.<\/p>\n<p>As testemunhas tamb\u00e9m desempenham um papel fundamental na responsabiliza\u00e7\u00e3o do agressor. Caso se dirijam \u00e0s autoridades e compartilhem suas experi\u00eancias, poder\u00e1 haver maior clareza sobre o que motivou a agress\u00e3o e como futuras ocorr\u00eancias podem ser evitadas, solidificando a ideia de que a comunidade deve unir for\u00e7as em momentos de crise.<\/p>\n<h2>O Futuro de Geddel Vieira Ap\u00f3s o Incidente<\/h2>\n<p>Ap\u00f3s um evento traum\u00e1tico como a agress\u00e3o, o futuro de Geddel Vieira Lima pode ser impactado de v\u00e1rias maneiras. Al\u00e9m das quest\u00f5es legais que ele enfrentar\u00e1 em rela\u00e7\u00e3o ao agressor, o ex-ministro pode precisar lidar com o estresse emocional e psicol\u00f3gico gerado por tais experi\u00eancias. A busca por terapia ou apoio emocional pode ser uma etapa importante para recuperar sua paz de esp\u00edrito e confian\u00e7a.<\/p>\n<p>Neste contexto, Geddel tamb\u00e9m pode optar por se tornar uma voz ativa na discuss\u00e3o sobre seguran\u00e7a e prote\u00e7\u00e3o para figuras p\u00fablicas e cidad\u00e3os, transformando a experi\u00eancia negativa em uma plataforma para promover mudan\u00e7as. Ao fazer isso, poder\u00e1 assim contribuir para a constru\u00e7\u00e3o de um ambiente mais seguro, onde o debate pol\u00edtico ocorra sem medo de viol\u00eancia ou intimida\u00e7\u00e3o.<\/p>\n<div class=\"2410bb7248a64bb1f71103797e0f239b\" data-index=\"3\" style=\"float: none; margin:0px;\">\n<\/br><\/br>\r\n\r\n<ins class=\"adsbygoogle\"\r\n     style=\"display:block\"\r\n     data-ad-format=\"fluid\"\r\n     data-ad-layout-key=\"-63+do+n-1s+9e\"\r\n     data-ad-client=\"ca-pub-8585364105181520\"\r\n     data-ad-slot=\"6838462089\"><\/ins>\r\n<script>\r\n     (adsbygoogle = window.adsbygoogle || []).push({});\r\n<\/script>\n<\/div>\n\n<div style=\"font-size: 0px; height: 0px; line-height: 0px; margin: 0; padding: 0; clear: both;\"><\/div>","protected":false},"excerpt":{"rendered":"<p>Geddel Vieira foi agredido em um condom\u00ednio na Bahia durante o R\u00e9veillon.<\/p>\n","protected":false},"author":1,"featured_media":609,"comment_status":"open","ping_status":"closed","sticky":false,"template":"","format":"standard","meta":{"footnotes":""},"categories":[1],"tags":[],"class_list":["post-610","post","type-post","status-publish","format-standard","has-post-thumbnail","hentry","category-noticias-em-camacari","has_thumb"],"aioseo_notices":[],"aioseo_head":"\n\t\t<!-- All in One SEO 5.0.0.1 - aioseo.com -->\n\t<meta name=\"description\" content=\"Geddel Vieira foi agredido em um condom\u00ednio na Bahia durante o R\u00e9veillon.\" \/>\n\t<meta name=\"robots\" content=\"max-image-preview:large\" \/>\n\t<meta name=\"author\" content=\"Encontra Cama\u00e7ari\"\/>\n\t<link rel=\"canonical\" href=\"https:\/\/www.encontracamacari.com.br\/sobre\/geddel-vieira-e-agredido-em-reveillon-na-bahia\/\" \/>\n\t<meta name=\"generator\" content=\"All in One SEO (AIOSEO) 5.0.0.1\" \/>\n\t\t<meta property=\"og:locale\" content=\"pt_BR\" \/>\n\t\t<meta property=\"og:site_name\" content=\"Encontra Cama\u00e7ari - Not\u00edcias, eventos, informa\u00e7\u00f5es e dicas na cidade de Cama\u00e7ari e regi\u00e3o.\" \/>\n\t\t<meta property=\"og:type\" content=\"article\" \/>\n\t\t<meta property=\"og:title\" content=\"Geddel Vieira \u00e9 agredido em R\u00e9veillon na Bahia - Encontra Cama\u00e7ari\" \/>\n\t\t<meta property=\"og:description\" content=\"Geddel Vieira foi agredido em um condom\u00ednio na Bahia durante o R\u00e9veillon.\" \/>\n\t\t<meta property=\"og:url\" content=\"https:\/\/www.encontracamacari.com.br\/sobre\/geddel-vieira-e-agredido-em-reveillon-na-bahia\/\" \/>\n\t\t<meta property=\"article:published_time\" content=\"2026-01-22T06:17:25+00:00\" \/>\n\t\t<meta property=\"article:modified_time\" content=\"2026-01-22T06:17:25+00:00\" \/>\n\t\t<meta name=\"twitter:card\" content=\"summary_large_image\" \/>\n\t\t<meta name=\"twitter:title\" content=\"Geddel Vieira \u00e9 agredido em R\u00e9veillon na Bahia - Encontra Cama\u00e7ari\" \/>\n\t\t<meta name=\"twitter:description\" content=\"Geddel Vieira foi agredido em um condom\u00ednio na Bahia durante o R\u00e9veillon.\" \/>\n\t\t<script type=\"application\/ld+json\" class=\"aioseo-schema\">\n\t\t\t{\"@context\":\"https:\\\/\\\/schema.org\",\"@graph\":[{\"@type\":\"BlogPosting\",\"@id\":\"https:\\\/\\\/www.encontracamacari.com.br\\\/sobre\\\/geddel-vieira-e-agredido-em-reveillon-na-bahia\\\/#blogposting\",\"name\":\"Geddel Vieira \\u00e9 agredido em R\\u00e9veillon na Bahia - Encontra Cama\\u00e7ari\",\"headline\":\"Geddel Vieira \\u00e9 agredido em R\\u00e9veillon na Bahia\",\"author\":{\"@id\":\"https:\\\/\\\/www.encontracamacari.com.br\\\/sobre\\\/author\\\/ecamacari\\\/#author\"},\"publisher\":{\"@id\":\"https:\\\/\\\/www.encontracamacari.com.br\\\/sobre\\\/#organization\"},\"image\":{\"@type\":\"ImageObject\",\"url\":\"https:\\\/\\\/www.encontracamacari.com.br\\\/sobre\\\/wp-content\\\/uploads\\\/2026\\\/01\\\/geddel-vieira-e-agredido-em-reveillon-na-bahia.webp\",\"width\":280,\"height\":280,\"caption\":\"Geddel Vieira agredido\"},\"datePublished\":\"2026-01-22T06:17:25+00:00\",\"dateModified\":\"2026-01-22T06:17:25+00:00\",\"inLanguage\":\"pt-BR\",\"mainEntityOfPage\":{\"@id\":\"https:\\\/\\\/www.encontracamacari.com.br\\\/sobre\\\/geddel-vieira-e-agredido-em-reveillon-na-bahia\\\/#webpage\"},\"isPartOf\":{\"@id\":\"https:\\\/\\\/www.encontracamacari.com.br\\\/sobre\\\/geddel-vieira-e-agredido-em-reveillon-na-bahia\\\/#webpage\"},\"articleSection\":\"Not\\u00edcias Cama\\u00e7ari\"},{\"@type\":\"BreadcrumbList\",\"@id\":\"https:\\\/\\\/www.encontracamacari.com.br\\\/sobre\\\/geddel-vieira-e-agredido-em-reveillon-na-bahia\\\/#breadcrumblist\",\"itemListElement\":[{\"@type\":\"ListItem\",\"@id\":\"https:\\\/\\\/www.encontracamacari.com.br\\\/sobre#listItem\",\"position\":1,\"name\":\"Home\",\"item\":\"https:\\\/\\\/www.encontracamacari.com.br\\\/sobre\",\"nextItem\":{\"@type\":\"ListItem\",\"@id\":\"https:\\\/\\\/www.encontracamacari.com.br\\\/sobre\\\/noticias-em-camacari\\\/#listItem\",\"name\":\"Not\\u00edcias Cama\\u00e7ari\"}},{\"@type\":\"ListItem\",\"@id\":\"https:\\\/\\\/www.encontracamacari.com.br\\\/sobre\\\/noticias-em-camacari\\\/#listItem\",\"position\":2,\"name\":\"Not\\u00edcias Cama\\u00e7ari\",\"item\":\"https:\\\/\\\/www.encontracamacari.com.br\\\/sobre\\\/noticias-em-camacari\\\/\",\"nextItem\":{\"@type\":\"ListItem\",\"@id\":\"https:\\\/\\\/www.encontracamacari.com.br\\\/sobre\\\/geddel-vieira-e-agredido-em-reveillon-na-bahia\\\/#listItem\",\"name\":\"Geddel Vieira \\u00e9 agredido em R\\u00e9veillon na Bahia\"},\"previousItem\":{\"@type\":\"ListItem\",\"@id\":\"https:\\\/\\\/www.encontracamacari.com.br\\\/sobre#listItem\",\"name\":\"Home\"}},{\"@type\":\"ListItem\",\"@id\":\"https:\\\/\\\/www.encontracamacari.com.br\\\/sobre\\\/geddel-vieira-e-agredido-em-reveillon-na-bahia\\\/#listItem\",\"position\":3,\"name\":\"Geddel Vieira \\u00e9 agredido em R\\u00e9veillon na Bahia\",\"previousItem\":{\"@type\":\"ListItem\",\"@id\":\"https:\\\/\\\/www.encontracamacari.com.br\\\/sobre\\\/noticias-em-camacari\\\/#listItem\",\"name\":\"Not\\u00edcias Cama\\u00e7ari\"}}]},{\"@type\":\"Organization\",\"@id\":\"https:\\\/\\\/www.encontracamacari.com.br\\\/sobre\\\/#organization\",\"name\":\"Encontra Cama\\u00e7ari\",\"description\":\"Not\\u00edcias, eventos, informa\\u00e7\\u00f5es e dicas na cidade de Cama\\u00e7ari e regi\\u00e3o.\",\"url\":\"https:\\\/\\\/www.encontracamacari.com.br\\\/sobre\\\/\"},{\"@type\":\"Person\",\"@id\":\"https:\\\/\\\/www.encontracamacari.com.br\\\/sobre\\\/author\\\/ecamacari\\\/#author\",\"url\":\"https:\\\/\\\/www.encontracamacari.com.br\\\/sobre\\\/author\\\/ecamacari\\\/\",\"name\":\"Encontra Cama\\u00e7ari\",\"image\":{\"@type\":\"ImageObject\",\"@id\":\"https:\\\/\\\/www.encontracamacari.com.br\\\/sobre\\\/geddel-vieira-e-agredido-em-reveillon-na-bahia\\\/#authorImage\",\"url\":\"https:\\\/\\\/secure.gravatar.com\\\/avatar\\\/507340682b8270222e1f208e23198b6ae7e2c6a1033ae84e99bc6bce4f82a387?s=96&d=mm&r=g\",\"width\":96,\"height\":96,\"caption\":\"Encontra Cama\\u00e7ari\"}},{\"@type\":\"WebPage\",\"@id\":\"https:\\\/\\\/www.encontracamacari.com.br\\\/sobre\\\/geddel-vieira-e-agredido-em-reveillon-na-bahia\\\/#webpage\",\"url\":\"https:\\\/\\\/www.encontracamacari.com.br\\\/sobre\\\/geddel-vieira-e-agredido-em-reveillon-na-bahia\\\/\",\"name\":\"Geddel Vieira \\u00e9 agredido em R\\u00e9veillon na Bahia - Encontra Cama\\u00e7ari\",\"description\":\"Geddel Vieira foi agredido em um condom\\u00ednio na Bahia durante o R\\u00e9veillon.\",\"inLanguage\":\"pt-BR\",\"isPartOf\":{\"@id\":\"https:\\\/\\\/www.encontracamacari.com.br\\\/sobre\\\/#website\"},\"breadcrumb\":{\"@id\":\"https:\\\/\\\/www.encontracamacari.com.br\\\/sobre\\\/geddel-vieira-e-agredido-em-reveillon-na-bahia\\\/#breadcrumblist\"},\"author\":{\"@id\":\"https:\\\/\\\/www.encontracamacari.com.br\\\/sobre\\\/author\\\/ecamacari\\\/#author\"},\"creator\":{\"@id\":\"https:\\\/\\\/www.encontracamacari.com.br\\\/sobre\\\/author\\\/ecamacari\\\/#author\"},\"image\":{\"@type\":\"ImageObject\",\"url\":\"https:\\\/\\\/www.encontracamacari.com.br\\\/sobre\\\/wp-content\\\/uploads\\\/2026\\\/01\\\/geddel-vieira-e-agredido-em-reveillon-na-bahia.webp\",\"@id\":\"https:\\\/\\\/www.encontracamacari.com.br\\\/sobre\\\/geddel-vieira-e-agredido-em-reveillon-na-bahia\\\/#mainImage\",\"width\":280,\"height\":280,\"caption\":\"Geddel Vieira agredido\"},\"primaryImageOfPage\":{\"@id\":\"https:\\\/\\\/www.encontracamacari.com.br\\\/sobre\\\/geddel-vieira-e-agredido-em-reveillon-na-bahia\\\/#mainImage\"},\"datePublished\":\"2026-01-22T06:17:25+00:00\",\"dateModified\":\"2026-01-22T06:17:25+00:00\"},{\"@type\":\"WebSite\",\"@id\":\"https:\\\/\\\/www.encontracamacari.com.br\\\/sobre\\\/#website\",\"url\":\"https:\\\/\\\/www.encontracamacari.com.br\\\/sobre\\\/\",\"name\":\"Encontra Cama\\u00e7ari\",\"description\":\"Not\\u00edcias, eventos, informa\\u00e7\\u00f5es e dicas na cidade de Cama\\u00e7ari e regi\\u00e3o.\",\"inLanguage\":\"pt-BR\",\"publisher\":{\"@id\":\"https:\\\/\\\/www.encontracamacari.com.br\\\/sobre\\\/#organization\"}}]}\n\t\t<\/script>\n\t\t<!-- All in One SEO -->\n\n","aioseo_head_json":{"title":"Geddel Vieira \u00e9 agredido em R\u00e9veillon na Bahia - Encontra Cama\u00e7ari","description":"Geddel Vieira foi agredido em um condom\u00ednio na Bahia durante o R\u00e9veillon.","canonical_url":"https:\/\/www.encontracamacari.com.br\/sobre\/geddel-vieira-e-agredido-em-reveillon-na-bahia\/","robots":"max-image-preview:large","keywords":"","webmasterTools":{"miscellaneous":""},"schema":{"@context":"https:\/\/schema.org","@graph":[{"@type":"BlogPosting","@id":"https:\/\/www.encontracamacari.com.br\/sobre\/geddel-vieira-e-agredido-em-reveillon-na-bahia\/#blogposting","name":"Geddel Vieira \u00e9 agredido em R\u00e9veillon na Bahia - Encontra Cama\u00e7ari","headline":"Geddel Vieira \u00e9 agredido em R\u00e9veillon na Bahia","author":{"@id":"https:\/\/www.encontracamacari.com.br\/sobre\/author\/ecamacari\/#author"},"publisher":{"@id":"https:\/\/www.encontracamacari.com.br\/sobre\/#organization"},"image":{"@type":"ImageObject","url":"https:\/\/www.encontracamacari.com.br\/sobre\/wp-content\/uploads\/2026\/01\/geddel-vieira-e-agredido-em-reveillon-na-bahia.webp","width":280,"height":280,"caption":"Geddel Vieira agredido"},"datePublished":"2026-01-22T06:17:25+00:00","dateModified":"2026-01-22T06:17:25+00:00","inLanguage":"pt-BR","mainEntityOfPage":{"@id":"https:\/\/www.encontracamacari.com.br\/sobre\/geddel-vieira-e-agredido-em-reveillon-na-bahia\/#webpage"},"isPartOf":{"@id":"https:\/\/www.encontracamacari.com.br\/sobre\/geddel-vieira-e-agredido-em-reveillon-na-bahia\/#webpage"},"articleSection":"Not\u00edcias Cama\u00e7ari"},{"@type":"BreadcrumbList","@id":"https:\/\/www.encontracamacari.com.br\/sobre\/geddel-vieira-e-agredido-em-reveillon-na-bahia\/#breadcrumblist","itemListElement":[{"@type":"ListItem","@id":"https:\/\/www.encontracamacari.com.br\/sobre#listItem","position":1,"name":"Home","item":"https:\/\/www.encontracamacari.com.br\/sobre","nextItem":{"@type":"ListItem","@id":"https:\/\/www.encontracamacari.com.br\/sobre\/noticias-em-camacari\/#listItem","name":"Not\u00edcias Cama\u00e7ari"}},{"@type":"ListItem","@id":"https:\/\/www.encontracamacari.com.br\/sobre\/noticias-em-camacari\/#listItem","position":2,"name":"Not\u00edcias Cama\u00e7ari","item":"https:\/\/www.encontracamacari.com.br\/sobre\/noticias-em-camacari\/","nextItem":{"@type":"ListItem","@id":"https:\/\/www.encontracamacari.com.br\/sobre\/geddel-vieira-e-agredido-em-reveillon-na-bahia\/#listItem","name":"Geddel Vieira \u00e9 agredido em R\u00e9veillon na Bahia"},"previousItem":{"@type":"ListItem","@id":"https:\/\/www.encontracamacari.com.br\/sobre#listItem","name":"Home"}},{"@type":"ListItem","@id":"https:\/\/www.encontracamacari.com.br\/sobre\/geddel-vieira-e-agredido-em-reveillon-na-bahia\/#listItem","position":3,"name":"Geddel Vieira \u00e9 agredido em R\u00e9veillon na Bahia","previousItem":{"@type":"ListItem","@id":"https:\/\/www.encontracamacari.com.br\/sobre\/noticias-em-camacari\/#listItem","name":"Not\u00edcias Cama\u00e7ari"}}]},{"@type":"Organization","@id":"https:\/\/www.encontracamacari.com.br\/sobre\/#organization","name":"Encontra Cama\u00e7ari","description":"Not\u00edcias, eventos, informa\u00e7\u00f5es e dicas na cidade de Cama\u00e7ari e regi\u00e3o.","url":"https:\/\/www.encontracamacari.com.br\/sobre\/"},{"@type":"Person","@id":"https:\/\/www.encontracamacari.com.br\/sobre\/author\/ecamacari\/#author","url":"https:\/\/www.encontracamacari.com.br\/sobre\/author\/ecamacari\/","name":"Encontra Cama\u00e7ari","image":{"@type":"ImageObject","@id":"https:\/\/www.encontracamacari.com.br\/sobre\/geddel-vieira-e-agredido-em-reveillon-na-bahia\/#authorImage","url":"https:\/\/secure.gravatar.com\/avatar\/507340682b8270222e1f208e23198b6ae7e2c6a1033ae84e99bc6bce4f82a387?s=96&d=mm&r=g","width":96,"height":96,"caption":"Encontra Cama\u00e7ari"}},{"@type":"WebPage","@id":"https:\/\/www.encontracamacari.com.br\/sobre\/geddel-vieira-e-agredido-em-reveillon-na-bahia\/#webpage","url":"https:\/\/www.encontracamacari.com.br\/sobre\/geddel-vieira-e-agredido-em-reveillon-na-bahia\/","name":"Geddel Vieira \u00e9 agredido em R\u00e9veillon na Bahia - Encontra Cama\u00e7ari","description":"Geddel Vieira foi agredido em um condom\u00ednio na Bahia durante o R\u00e9veillon.","inLanguage":"pt-BR","isPartOf":{"@id":"https:\/\/www.encontracamacari.com.br\/sobre\/#website"},"breadcrumb":{"@id":"https:\/\/www.encontracamacari.com.br\/sobre\/geddel-vieira-e-agredido-em-reveillon-na-bahia\/#breadcrumblist"},"author":{"@id":"https:\/\/www.encontracamacari.com.br\/sobre\/author\/ecamacari\/#author"},"creator":{"@id":"https:\/\/www.encontracamacari.com.br\/sobre\/author\/ecamacari\/#author"},"image":{"@type":"ImageObject","url":"https:\/\/www.encontracamacari.com.br\/sobre\/wp-content\/uploads\/2026\/01\/geddel-vieira-e-agredido-em-reveillon-na-bahia.webp","@id":"https:\/\/www.encontracamacari.com.br\/sobre\/geddel-vieira-e-agredido-em-reveillon-na-bahia\/#mainImage","width":280,"height":280,"caption":"Geddel Vieira agredido"},"primaryImageOfPage":{"@id":"https:\/\/www.encontracamacari.com.br\/sobre\/geddel-vieira-e-agredido-em-reveillon-na-bahia\/#mainImage"},"datePublished":"2026-01-22T06:17:25+00:00","dateModified":"2026-01-22T06:17:25+00:00"},{"@type":"WebSite","@id":"https:\/\/www.encontracamacari.com.br\/sobre\/#website","url":"https:\/\/www.encontracamacari.com.br\/sobre\/","name":"Encontra Cama\u00e7ari","description":"Not\u00edcias, eventos, informa\u00e7\u00f5es e dicas na cidade de Cama\u00e7ari e regi\u00e3o.","inLanguage":"pt-BR","publisher":{"@id":"https:\/\/www.encontracamacari.com.br\/sobre\/#organization"}}]},"og:locale":"pt_BR","og:site_name":"Encontra Cama\u00e7ari - Not\u00edcias, eventos, informa\u00e7\u00f5es e dicas na cidade de Cama\u00e7ari e regi\u00e3o.","og:type":"article","og:title":"Geddel Vieira \u00e9 agredido em R\u00e9veillon na Bahia - Encontra Cama\u00e7ari","og:description":"Geddel Vieira foi agredido em um condom\u00ednio na Bahia durante o R\u00e9veillon.","og:url":"https:\/\/www.encontracamacari.com.br\/sobre\/geddel-vieira-e-agredido-em-reveillon-na-bahia\/","article:published_time":"2026-01-22T06:17:25+00:00","article:modified_time":"2026-01-22T06:17:25+00:00","twitter:card":"summary_large_image","twitter:title":"Geddel Vieira \u00e9 agredido em R\u00e9veillon na Bahia - Encontra Cama\u00e7ari","twitter:description":"Geddel Vieira foi agredido em um condom\u00ednio na Bahia durante o R\u00e9veillon."},"aioseo_meta_data":{"post_id":"610","title":null,"description":null,"keywords":null,"keyphrases":null,"primary_term":null,"canonical_url":null,"og_title":null,"og_description":null,"og_object_type":"default","og_image_type":"default","og_image_url":null,"og_image_width":null,"og_image_height":null,"og_image_custom_url":null,"og_image_custom_fields":null,"og_video":null,"og_custom_url":null,"og_article_section":null,"og_article_tags":null,"twitter_use_og":false,"twitter_card":"default","twitter_image_type":"default","twitter_image_url":null,"twitter_image_custom_url":null,"twitter_image_custom_fields":null,"twitter_title":null,"twitter_description":null,"schema":{"blockGraphs":[],"customGraphs":[],"default":{"data":{"Article":[],"Course":[],"Dataset":[],"FAQPage":[],"Movie":[],"Person":[],"Product":[],"ProductReview":[],"Car":[],"Recipe":[],"Service":[],"SoftwareApplication":[],"WebPage":[]},"graphName":"BlogPosting","isEnabled":true},"graphs":[]},"schema_type":"default","schema_type_options":null,"pillar_content":false,"robots_default":true,"robots_noindex":false,"robots_noarchive":false,"robots_nosnippet":false,"robots_nofollow":false,"robots_noimageindex":false,"robots_noodp":false,"robots_notranslate":false,"robots_max_snippet":null,"robots_max_videopreview":null,"robots_max_imagepreview":"large","priority":null,"frequency":null,"local_seo":null,"limit_modified_date":false,"created":"2026-01-22 06:17:31","updated":"2026-08-06 01:01:51","focus_keyword":null,"additional_keywords":null,"truseo_locale":null,"ai":null,"breadcrumb_settings":null,"seo_analyzer_scan_date":null},"aioseo_breadcrumb":"<div class=\"aioseo-breadcrumbs\"><span class=\"aioseo-breadcrumb\">\n\t\t\t<a href=\"https:\/\/www.encontracamacari.com.br\/sobre\" title=\"Home\">Home<\/a>\n\t\t<\/span><span class=\"aioseo-breadcrumb-separator\">&raquo;<\/span><span class=\"aioseo-breadcrumb\">\n\t\t\t<a href=\"https:\/\/www.encontracamacari.com.br\/sobre\/noticias-em-camacari\/\" title=\"Not\u00edcias Cama\u00e7ari\">Not\u00edcias Cama\u00e7ari<\/a>\n\t\t<\/span><span class=\"aioseo-breadcrumb-separator\">&raquo;<\/span><span class=\"aioseo-breadcrumb\">\n\t\t\tGeddel Vieira \u00e9 agredido em R\u00e9veillon na Bahia\n\t\t<\/span><\/div>","aioseo_breadcrumb_json":[{"label":"Home","link":"https:\/\/www.encontracamacari.com.br\/sobre"},{"label":"Not\u00edcias Cama\u00e7ari","link":"https:\/\/www.encontracamacari.com.br\/sobre\/noticias-em-camacari\/"},{"label":"Geddel Vieira \u00e9 agredido em R\u00e9veillon na Bahia","link":"https:\/\/www.encontracamacari.com.br\/sobre\/geddel-vieira-e-agredido-em-reveillon-na-bahia\/"}],"_links":{"self":[{"href":"https:\/\/www.encontracamacari.com.br\/sobre\/wp-json\/wp\/v2\/posts\/610","targetHints":{"allow":["GET"]}}],"collection":[{"href":"https:\/\/www.encontracamacari.com.br\/sobre\/wp-json\/wp\/v2\/posts"}],"about":[{"href":"https:\/\/www.encontracamacari.com.br\/sobre\/wp-json\/wp\/v2\/types\/post"}],"author":[{"embeddable":true,"href":"https:\/\/www.encontracamacari.com.br\/sobre\/wp-json\/wp\/v2\/users\/1"}],"replies":[{"embeddable":true,"href":"https:\/\/www.encontracamacari.com.br\/sobre\/wp-json\/wp\/v2\/comments?post=610"}],"version-history":[{"count":0,"href":"https:\/\/www.encontracamacari.com.br\/sobre\/wp-json\/wp\/v2\/posts\/610\/revisions"}],"wp:featuredmedia":[{"embeddable":true,"href":"https:\/\/www.encontracamacari.com.br\/sobre\/wp-json\/wp\/v2\/media\/609"}],"wp:attachment":[{"href":"https:\/\/www.encontracamacari.com.br\/sobre\/wp-json\/wp\/v2\/media?parent=610"}],"wp:term":[{"taxonomy":"category","embeddable":true,"href":"https:\/\/www.encontracamacari.com.br\/sobre\/wp-json\/wp\/v2\/categories?post=610"},{"taxonomy":"post_tag","embeddable":true,"href":"https:\/\/www.encontracamacari.com.br\/sobre\/wp-json\/wp\/v2\/tags?post=610"}],"curies":[{"name":"wp","href":"https:\/\/api.w.org\/{rel}","templated":true}]}}