{"id":586,"date":"2026-01-17T06:19:45","date_gmt":"2026-01-17T06:19:45","guid":{"rendered":"https:\/\/www.encontracamacari.com.br\/sobre\/byd-retoma-producao-em-camacari-e-chega-a-quase-20-mil-veiculos-produzidos\/"},"modified":"2026-01-17T06:19:45","modified_gmt":"2026-01-17T06:19:45","slug":"byd-retoma-producao-em-camacari-e-chega-a-quase-20-mil-veiculos-produzidos","status":"publish","type":"post","link":"https:\/\/www.encontracamacari.com.br\/sobre\/byd-retoma-producao-em-camacari-e-chega-a-quase-20-mil-veiculos-produzidos\/","title":{"rendered":"BYD retoma produ\u00e7\u00e3o em Cama\u00e7ari e chega a quase 20 mil ve\u00edculos produzidos"},"content":{"rendered":"<div class=\"2410bb7248a64bb1f71103797e0f239b\" data-index=\"1\" style=\"float: none; margin:0px;\">\n<ins class=\"adsbygoogle\"\r\n     style=\"display:block\"\r\n     data-ad-client=\"ca-pub-8585364105181520\"\r\n     data-ad-slot=\"8789329856\"\r\n     data-ad-format=\"auto\"\r\n     data-full-width-responsive=\"true\"><\/ins>\r\n<script>\r\n     (adsbygoogle = window.adsbygoogle || []).push({});\r\n<\/script>\n<\/div>\n<h2>O retorno da produ\u00e7\u00e3o na f\u00e1brica em Cama\u00e7ari<\/h2>\n<p>A <strong>BYD<\/strong>, uma das l\u00edderes globais na fabrica\u00e7\u00e3o de ve\u00edculos el\u00e9tricos, retomou as suas atividades na f\u00e1brica de <strong>Cama\u00e7ari<\/strong>, Bahia, no dia <strong>8 de janeiro de 2026<\/strong>, ap\u00f3s um recesso iniciado em <strong>20 de dezembro de 2025<\/strong>. Esta retomada marca n\u00e3o apenas o rein\u00edcio da produ\u00e7\u00e3o, mas tamb\u00e9m representa um passo significativo em dire\u00e7\u00e3o ao fortalecimento das opera\u00e7\u00f5es da empresa no Brasil. A planta baiana, inaugurada em <strong>9 de outubro de 2025<\/strong>, j\u00e1 havia produzido aproximadamente 18 mil ve\u00edculos at\u00e9 ent\u00e3o, destacando-se pela produ\u00e7\u00e3o dos modelos <strong>Dolphin Mini<\/strong>, <strong>King<\/strong> e <strong>Song Pro<\/strong>.<\/p>\n<p>O Vice-Presidente S\u00eanior da BYD no Brasil, <strong>Alexandre Baldy<\/strong>, elogiou o desempenho da f\u00e1brica no \u00faltimo ano. Ele ressaltou que a produ\u00e7\u00e3o alcan\u00e7ada em 2025 foi extraordin\u00e1ria, considerando a ades\u00e3o local dos trabalhadores brasileiros. Este fator foi decisivo para garantir que a BYD conseguisse uma significativa penetra\u00e7\u00e3o no mercado de ve\u00edculos el\u00e9tricos no Brasil, um segmento em expans\u00e3o e crescente. O retorno da produ\u00e7\u00e3o \u00e9 um indicativo claro do compromisso da empresa com o mercado brasileiro e com os trabalhadores locais, consolidando sua presen\u00e7a no cen\u00e1rio automotivo nacional.<\/p>\n<p>Al\u00e9m disso, a f\u00e1brica em Cama\u00e7ari se destaca por ser uma das maiores estruturas de produ\u00e7\u00e3o automotiva do continente, permitindo \u00e0 BYD oferecer produtos de alta qualidade e tecnologia a pre\u00e7os competitivos. A efici\u00eancia da produ\u00e7\u00e3o local tamb\u00e9m permite \u00e0 empresa atender rapidamente \u00e0 demanda dos consumidores brasileiros, que est\u00e3o cada vez mais interessados em alternativas sustent\u00e1veis de transporte. Com a retomada das opera\u00e7\u00f5es, a BYD se posiciona ainda mais como um ator relevante na transforma\u00e7\u00e3o do mercado automotivo brasileiro.<\/p>\n<p><img decoding=\"async\" src=\"https:\/\/www.encontracamacari.com.br\/sobre\/wp-content\/uploads\/2026\/01\/byd-retoma-producao-em-camacari-e-chega-a-quase-20-mil-veiculos-produzidos.webp\" alt=\"BYD retoma produ\u00e7\u00e3o em Cama\u00e7ari e chega a quase 20 mil ve\u00edculos produzidos\" loading=\"lazy\" \/><\/p>\n<h2>Resultados impressionantes: quase 20 mil ve\u00edculos<\/h2>\n<p>Em seu primeiro ano de opera\u00e7\u00f5es, a BYD em Cama\u00e7ari alcan\u00e7ou um resultado not\u00e1vel: a produ\u00e7\u00e3o de quase <strong>20 mil ve\u00edculos<\/strong>. Este n\u00famero n\u00e3o \u00e9 apenas significativo em termos de volume, mas tamb\u00e9m simboliza a capacidade da empresa de se adaptar \u00e0s necessidades do mercado e de inovar na produ\u00e7\u00e3o de ve\u00edculos el\u00e9tricos. O crescimento constante da demanda por ve\u00edculos el\u00e9tricos no Brasil, assim como o apoio governamental a iniciativas sustent\u00e1veis, contribui para esse resultado impressionante.<\/p>\n<p>A produ\u00e7\u00e3o dos modelos <strong>Dolphin Mini<\/strong>, <strong>King<\/strong> e <strong>Song Pro<\/strong> reflete n\u00e3o apenas a diversidade de produtos oferecidos, mas tamb\u00e9m o compromisso da BYD em fornecer ve\u00edculos que atendem \u00e0s prefer\u00eancias e necessidades dos consumidores brasileiros. Os modelos est\u00e3o alinhados com as tend\u00eancias de mobilidade urbana sustent\u00e1vel, al\u00e9m de oferecerem caracter\u00edsticas de seguran\u00e7a e tecnologia que atendem aos altos padr\u00f5es exigidos pelos usu\u00e1rios.<\/p>\n<p>Os n\u00fameros de produ\u00e7\u00e3o impressionantes tamb\u00e9m s\u00e3o um reflexo do trabalho e dedica\u00e7\u00e3o dos mais de 2 mil colaboradores que atuam na f\u00e1brica. Esta equipe \u00e9 a espinha dorsal das opera\u00e7\u00f5es da BYD em Cama\u00e7ari, e seu comprometimento tem sido fundamental para alcan\u00e7ar esses resultados. O sucesso inicial \u00e9 um indicador do potencial futuro da BYD no Brasil, especialmente \u00e0 medida que a empresa continua a expandir suas opera\u00e7\u00f5es e a otimizar suas linhas de produ\u00e7\u00e3o.<\/p>\n<h2>A import\u00e2ncia da produ\u00e7\u00e3o local para a BYD<\/h2>\n<p>Produzir ve\u00edculos no Brasil, especialmente em Cama\u00e7ari, \u00e9 de extrema import\u00e2ncia para a BYD. A f\u00e1brica local n\u00e3o apenas permite que a empresa reduza custos relacionados ao transporte e importa\u00e7\u00e3o, mas tamb\u00e9m refor\u00e7a o seu compromisso com a economia brasileira. A produ\u00e7\u00e3o local \u00e9 um diferencial competitivo, pois permite que a empresa responda rapidamente \u00e0s demandas de mercado e adapte a produ\u00e7\u00e3o \u00e0s prefer\u00eancias dos consumidores.<\/p>\n<p>Outro aspecto crucial \u00e9 a cria\u00e7\u00e3o de empregos. A f\u00e1brica de Cama\u00e7ari, que atualmente emprega mais de 2 mil pessoas, tem a previs\u00e3o de aumentar esse n\u00famero para cerca de 5 mil at\u00e9 o final de 2026. Isso representa uma contribui\u00e7\u00e3o significativa para a economia local, proporcionando oportunidades de trabalho em um setor que est\u00e1 em r\u00e1pida expans\u00e3o, como o de ve\u00edculos el\u00e9tricos. Essa capacidade de gerar empregos \u00e9 crucial para o desenvolvimento econ\u00f4mico de Cama\u00e7ari e regi\u00e3o, ajudando a melhorar a qualidade de vida da popula\u00e7\u00e3o.<\/p>\n<p>Al\u00e9m disso, a presen\u00e7a da BYD no Brasil fortalece a cadeia de suprimentos nacional. Com a f\u00e1brica instalada, a empresa tem a oportunidade de estabelecer parcerias com fornecedores locais, o que pode resultar na cria\u00e7\u00e3o de um ecossistema robusto de produ\u00e7\u00e3o automotiva. Isso n\u00e3o apenas impulsiona a economia local atrav\u00e9s da gera\u00e7\u00e3o de empregos, mas tamb\u00e9m contribui para a capacita\u00e7\u00e3o da m\u00e3o de obra local, gerando um ganho de conhecimento e experi\u00eancia.<\/p>\n<h2>Perspectivas de crescimento em 2026<\/h2>\n<p>Com os resultados positivos j\u00e1 alcan\u00e7ados, as perspectivas de crescimento para a BYD em 2026 s\u00e3o promissoras. A empresa tem planos ambiciosos para expandir ainda mais a produ\u00e7\u00e3o em sua f\u00e1brica de Cama\u00e7ari, com a inten\u00e7\u00e3o de incorporar novos modelos e aumentar a capacidade produtiva. Baldy indicou que a opera\u00e7\u00e3o das f\u00e1bricas de estamparia, soldagem e pintura est\u00e1 nos planos da empresa, permitindo um controle mais abrangente sobre o processo produtivo.<\/p>\n<p>A BYD tamb\u00e9m pretende continuar investindo na tecnologia de seus ve\u00edculos, o que \u00e9 fundamental para se manter competitiva no mercado de ve\u00edculos el\u00e9tricos, que est\u00e1 em constante evolu\u00e7\u00e3o. A companhia ter\u00e1 que se adaptar rapidamente \u00e0s inova\u00e7\u00f5es tecnol\u00f3gicas para atender aos consumidores que buscam n\u00e3o apenas um ve\u00edculo, mas uma experi\u00eancia de mobilidade. Esse foco em tecnologia pode incluir melhorias em baterias, sistemas de carga e conectividade dos ve\u00edculos.<\/p>\n<p>Al\u00e9m disso, a BYD est\u00e1 atenta \u00e0 necessidade de atender \u00e0s demandas espec\u00edficas do mercado brasileiro. Identificar e incorporar fornecedores locais \u00e9 uma estrat\u00e9gia-chave, pois isso poder\u00e1 ajudar a empresa a ser mais competitiva em termos de custo, especialmente com a previs\u00e3o de mudan\u00e7as nas tarifas para ve\u00edculos importados. A opera\u00e7\u00e3o da f\u00e1brica em Cama\u00e7ari ser\u00e1 decisiva para que a BYD permane\u00e7a competitiva no mercado, garantindo produtos acess\u00edveis para os consumidores.<\/p>\n<h2>O impacto da f\u00e1brica na economia local<\/h2>\n<p>A instala\u00e7\u00e3o da f\u00e1brica da BYD em Cama\u00e7ari n\u00e3o apenas trouxe benef\u00edcios diretos em termos de gera\u00e7\u00e3o de empregos, mas tamb\u00e9m teve um impacto positivo na economia local de maneira mais ampla. A cria\u00e7\u00e3o de novos empregos e a capacita\u00e7\u00e3o de trabalhadores locais contribuem para a melhoria da qualidade de vida na regi\u00e3o. O aumento na demanda por solu\u00e7\u00f5es sustent\u00e1veis de transporte tamb\u00e9m est\u00e1 ajudando a impulsionar outros setores, como a constru\u00e7\u00e3o civil e servi\u00e7os, pois a necessidade de infraestrutura para suportar a opera\u00e7\u00e3o de ve\u00edculos el\u00e9tricos cresce.<\/p><div class=\"2410bb7248a64bb1f71103797e0f239b\" data-index=\"2\" style=\"float: none; margin:0px;\">\n<ins class=\"adsbygoogle\"\r\n     style=\"display:block; text-align:center;\"\r\n     data-ad-layout=\"in-article\"\r\n     data-ad-format=\"fluid\"\r\n     data-ad-client=\"ca-pub-8585364105181520\"\r\n     data-ad-slot=\"2899217073\"><\/ins>\r\n<script>\r\n     (adsbygoogle = window.adsbygoogle || []).push({});\r\n<\/script>\r\n\r\n<\/br><\/br>\n<\/div>\n\n<p>Al\u00e9m disso, a f\u00e1brica impulsionou a economia local atrav\u00e9s do fortalecimento de parcerias com fornecedores regionais. \u00c0 medida que a BYD busca ampliar sua rede de fornecimento, novas oportunidades para neg\u00f3cios locais s\u00e3o criadas. Essa interdepend\u00eancia entre grandes ind\u00fastrias e pequenas empresas locais \u00e9 vital para o desenvolvimento econ\u00f4mico sustent\u00e1vel na regi\u00e3o.<\/p>\n<p>Um outro aspecto a ser considerado \u00e9 o impacto tribut\u00e1rio. O funcionamento da f\u00e1brica gera receitas para os cofres p\u00fablicos, o que pode ser utilizado em investimentos em infraestrutura, educa\u00e7\u00e3o e sa\u00fade na regi\u00e3o. Essa colabora\u00e7\u00e3o entre a empresa e os poderes p\u00fablicos \u00e9 essencial para um desenvolvimento conjunto, onde todos se beneficiam.<\/p>\n<h2>A estrat\u00e9gia da BYD para expans\u00e3o no Brasil<\/h2>\n<p>Para apoiar seu crescimento no Brasil, a BYD est\u00e1 adotando uma estrat\u00e9gia focada na produ\u00e7\u00e3o local, inova\u00e7\u00e3o e sustentabilidade. Um dos principais pilares dessa estrat\u00e9gia \u00e9 a expans\u00e3o das opera\u00e7\u00f5es da f\u00e1brica em Cama\u00e7ari, que permitir\u00e1 \u00e0 empresa aumentar a produ\u00e7\u00e3o e oferecer uma gama mais ampla de modelos para o mercado brasileiro. Cabe destacar que o investimento em tecnologia \u00e9 crucial para garantir que os ve\u00edculos produzidos atendam \u00e0s expectativas dos consumidores em termos de efici\u00eancia energ\u00e9tica e seguran\u00e7a.<\/p>\n<p>A incorpora\u00e7\u00e3o de fornecedores locais ser\u00e1 essencial para o sucesso da BYD. O relacionamento pr\u00f3ximo com empresas brasileiras ajudar\u00e1 a otimizar a cadeia de suprimentos, refor\u00e7ando a competitividade da BYD. Ao se conectar com fornecedores locais, a empresa minimiza custos de transporte e fortalece a economia regional, criando um ciclo positivo de desenvolvimento.<\/p>\n<p>Al\u00e9m disso, a empresa tem se comprometido a se envolver em iniciativas de responsabilidade social e ambiental. Isso inclui campanhas de conscientiza\u00e7\u00e3o sobre a import\u00e2ncia da mobilidade sustent\u00e1vel e o incentivo ao uso de ve\u00edculos el\u00e9tricos no Brasil. A BYD percebe a necessidade de educar o consumidor sobre as vantagens dos ve\u00edculos el\u00e9tricos, que v\u00e3o al\u00e9m da economia de custos a longo prazo, abrangendo renda ambiental e reduzindo emiss\u00f5es de carbono.<\/p>\n<h2>Ve\u00edculos eletrificados: tend\u00eancia crescente no Brasil<\/h2>\n<p>A crescente preocupa\u00e7\u00e3o com as altera\u00e7\u00f5es clim\u00e1ticas e a busca por alternativas sustent\u00e1veis t\u00eam impulsionado a demanda por ve\u00edculos eletrificados no Brasil. Cada vez mais, os consumidores est\u00e3o adotando solu\u00e7\u00f5es de transporte que reduzem a depend\u00eancia de combust\u00edveis f\u00f3sseis e contribuem para a redu\u00e7\u00e3o da emiss\u00e3o de poluentes. Os ve\u00edculos el\u00e9tricos imprensinam-se, ent\u00e3o, como uma alternativa vi\u00e1vel e sustent\u00e1vel para o futuro dos transportes.<\/p>\n<p>A BYD, ao produzir ve\u00edculos el\u00e9tricos, est\u00e1 na vanguarda dessa mudan\u00e7a. A empresa oferece modelos que n\u00e3o s\u00f3 atendem as demandas ambientais, mas tamb\u00e9m proporcionam conforto e seguran\u00e7a aos usu\u00e1rios. Esses ve\u00edculos est\u00e3o se tornando cada vez mais desej\u00e1veis, especialmente diante do aumento dos pre\u00e7os dos combust\u00edveis f\u00f3sseis e das crescentes tarifas de impostos sobre autom\u00f3veis tradicionais.<\/p>\n<p>As pol\u00edticas governamentais tamb\u00e9m t\u00eam incentivado a ado\u00e7\u00e3o de ve\u00edculos el\u00e9tricos, atrav\u00e9s de subs\u00eddios, isen\u00e7\u00f5es fiscais e outros benef\u00edcios que tornam a compra de um ve\u00edculo el\u00e9trico mais atraente. \u00c0 medida que a infraestrutura para suportar ve\u00edculos el\u00e9tricos, como esta\u00e7\u00f5es de carregamento, se expande, a ado\u00e7\u00e3o desses ve\u00edculos se torna mais pr\u00e1tica e acess\u00edvel.<\/p>\n<h2>Colaboradores: o motor da produ\u00e7\u00e3o da BYD<\/h2>\n<p>Os colaboradores da BYD em Cama\u00e7ari s\u00e3o a for\u00e7a motriz por tr\u00e1s do sucesso da empresa. Com mais de 2 mil trabalhadores, a equipe desempenha um papel crucial n\u00e3o apenas na produ\u00e7\u00e3o, mas tamb\u00e9m na implementa\u00e7\u00e3o das normas de qualidade e seguran\u00e7a nos processos. A contribui\u00e7\u00e3o deles \u00e9 vital para a cria\u00e7\u00e3o de ve\u00edculos que n\u00e3o s\u00f3 atendem, mas superam as expectativas dos consumidores.<\/p>\n<p>A empresa tem investido no treinamento e capacita\u00e7\u00e3o de seus colaboradores, reconhecendo que um time bem treinado \u00e9 fundamental para garantir efici\u00eancia e qualidade em todos os processos produtivos. O desenvolvimento cont\u00ednuo da equipe \u00e9 uma prioridade para a BYD, que acredita que o conhecimento e a motiva\u00e7\u00e3o dos colaboradores s\u00e3o essenciais para a inova\u00e7\u00e3o e adapta\u00e7\u00e3o \u00e0s novas tecnologias.<\/p>\n<p>Al\u00e9m disso, a cultura organizacional da BYD foca na valoriza\u00e7\u00e3o do empregado, criando um ambiente de trabalho que estimula o engajamento e a colabora\u00e7\u00e3o. Programas de reconhecimento e incentivos para performance s\u00e3o algumas das estrat\u00e9gias implementadas pela empresa para motivar seus colaboradores. O crescimento da equipe tamb\u00e9m reflete o progresso da produ\u00e7\u00e3o local, j\u00e1 que a perspectiva \u00e9 aumentar o n\u00famero de empregados para cerca de cinco mil at\u00e9 o final de 2026.<\/p>\n<h2>Hist\u00f3rico da BYD no mercado brasileiro<\/h2>\n<p>A BYD j\u00e1 possui mais de uma d\u00e9cada de atua\u00e7\u00e3o no Brasil, onde se estabeleceu como um dos principais players no setor de ve\u00edculos el\u00e9tricos. Desde seu in\u00edcio, a empresa tem se concentrado em trazer tecnologias inovadoras e sustent\u00e1veis para o pa\u00eds. Com diversas f\u00e1bricas, incluindo aquelas dedicadas \u00e0 produ\u00e7\u00e3o de m\u00f3dulos fotovoltaicos e baterias, a BYD tem se dedicado a oferecer solu\u00e7\u00f5es integradas para o mercado brasileiro.<\/p>\n<p>No Brasil, a empresa n\u00e3o s\u00f3 fortaleceu sua atua\u00e7\u00e3o no segmento de ve\u00edculos, mas tamb\u00e9m contribuiu para o desenvolvimento de inova\u00e7\u00f5es em energia renov\u00e1vel. Os investimentos em tecnologia, juntamente com uma vis\u00e3o voltada para a sustentabilidade, t\u00eam trazido um impacto positivo para a imagem da marca entre os consumidores brasileiros.<\/p>\n<p>A expans\u00e3o mais recente para a f\u00e1brica em Cama\u00e7ari \u00e9 um marco importante para a BYD, solidificando sua presen\u00e7a no Brasil e permitindo um alcance mais efetivo a um p\u00fablico que busca alternativas de mobilidade el\u00e9trica. Este hist\u00f3rico de inova\u00e7\u00e3o e compromisso com o mercado local propicia \u00e0 empresa um posicionamento \u00fanico e vantajoso frente \u00e0 concorr\u00eancia.<\/p>\n<h2>Compromisso com a sustentabilidade e inova\u00e7\u00e3o<\/h2>\n<p>A BYD se destaca n\u00e3o apenas pela qualidade de seus produtos, mas tamb\u00e9m pelo s\u00f3lido compromisso com a sustentabilidade. A empresa tem como meta principal a redu\u00e7\u00e3o da temperatura global e se esfor\u00e7a constantemente para implantar solu\u00e7\u00f5es que minimizem o impacto ambiental. Desde o uso de recursos renov\u00e1veis na produ\u00e7\u00e3o at\u00e9 a oferta de ve\u00edculos el\u00e9tricos, o foco em pr\u00e1ticas sustent\u00e1veis \u00e9 uma constante na estrat\u00e9gia da empresa.<\/p>\n<p>Al\u00e9m disso, a BYD investe em pesquisa e desenvolvimento para garantir que suas inova\u00e7\u00f5es tecnol\u00f3gicas estejam sempre alinhadas com as necessidades do mercado. A busca por solu\u00e7\u00f5es que otimizam o uso da energia e melhoram a efici\u00eancia dos ve\u00edculos produzem um ciclo positivo que beneficia tanto a empresa quanto os consumidores.<\/p>\n<p>No contexto atual, onde a sustentabilidade \u00e9 uma prioridade global, o compromisso da BYD com a inova\u00e7\u00e3o ambiental se torna ainda mais relevante. \u00c0 medida que a conscientiza\u00e7\u00e3o sobre quest\u00f5es clim\u00e1ticas cresce, sua posi\u00e7\u00e3o como l\u00edder na fabrica\u00e7\u00e3o de ve\u00edculos el\u00e9tricos consolida a empresa n\u00e3o apenas como uma escolha de consumo, mas como uma parceira na transi\u00e7\u00e3o para um futuro mais sustent\u00e1vel.<\/p>\n<div class=\"2410bb7248a64bb1f71103797e0f239b\" data-index=\"3\" style=\"float: none; margin:0px;\">\n<\/br><\/br>\r\n\r\n<ins class=\"adsbygoogle\"\r\n     style=\"display:block\"\r\n     data-ad-format=\"fluid\"\r\n     data-ad-layout-key=\"-63+do+n-1s+9e\"\r\n     data-ad-client=\"ca-pub-8585364105181520\"\r\n     data-ad-slot=\"6838462089\"><\/ins>\r\n<script>\r\n     (adsbygoogle = window.adsbygoogle || []).push({});\r\n<\/script>\n<\/div>\n\n<div style=\"font-size: 0px; height: 0px; line-height: 0px; margin: 0; padding: 0; clear: both;\"><\/div>","protected":false},"excerpt":{"rendered":"<p>BYD retoma produ\u00e7\u00e3o em Cama\u00e7ari e acumula quase 20 mil ve\u00edculos produzidos desde a inaugura\u00e7\u00e3o.<\/p>\n","protected":false},"author":1,"featured_media":585,"comment_status":"open","ping_status":"closed","sticky":false,"template":"","format":"standard","meta":{"footnotes":""},"categories":[1],"tags":[],"class_list":["post-586","post","type-post","status-publish","format-standard","has-post-thumbnail","hentry","category-noticias-em-camacari","has_thumb"],"aioseo_notices":[],"aioseo_head":"\n\t\t<!-- All in One SEO 5.0.0.1 - aioseo.com -->\n\t<meta name=\"description\" content=\"BYD retoma produ\u00e7\u00e3o em Cama\u00e7ari e acumula quase 20 mil ve\u00edculos produzidos desde a inaugura\u00e7\u00e3o.\" \/>\n\t<meta name=\"robots\" content=\"max-image-preview:large\" \/>\n\t<meta name=\"author\" content=\"Encontra Cama\u00e7ari\"\/>\n\t<link rel=\"canonical\" href=\"https:\/\/www.encontracamacari.com.br\/sobre\/byd-retoma-producao-em-camacari-e-chega-a-quase-20-mil-veiculos-produzidos\/\" \/>\n\t<meta name=\"generator\" content=\"All in One SEO (AIOSEO) 5.0.0.1\" \/>\n\t\t<meta property=\"og:locale\" content=\"pt_BR\" \/>\n\t\t<meta property=\"og:site_name\" content=\"Encontra Cama\u00e7ari - Not\u00edcias, eventos, informa\u00e7\u00f5es e dicas na cidade de Cama\u00e7ari e regi\u00e3o.\" \/>\n\t\t<meta property=\"og:type\" content=\"article\" \/>\n\t\t<meta property=\"og:title\" content=\"BYD retoma produ\u00e7\u00e3o em Cama\u00e7ari e chega a quase 20 mil ve\u00edculos produzidos - Encontra Cama\u00e7ari\" \/>\n\t\t<meta property=\"og:description\" content=\"BYD retoma produ\u00e7\u00e3o em Cama\u00e7ari e acumula quase 20 mil ve\u00edculos produzidos desde a inaugura\u00e7\u00e3o.\" \/>\n\t\t<meta property=\"og:url\" content=\"https:\/\/www.encontracamacari.com.br\/sobre\/byd-retoma-producao-em-camacari-e-chega-a-quase-20-mil-veiculos-produzidos\/\" \/>\n\t\t<meta property=\"article:published_time\" content=\"2026-01-17T06:19:45+00:00\" \/>\n\t\t<meta property=\"article:modified_time\" content=\"2026-01-17T06:19:45+00:00\" \/>\n\t\t<meta name=\"twitter:card\" content=\"summary_large_image\" \/>\n\t\t<meta name=\"twitter:title\" content=\"BYD retoma produ\u00e7\u00e3o em Cama\u00e7ari e chega a quase 20 mil ve\u00edculos produzidos - Encontra Cama\u00e7ari\" \/>\n\t\t<meta name=\"twitter:description\" content=\"BYD retoma produ\u00e7\u00e3o em Cama\u00e7ari e acumula quase 20 mil ve\u00edculos produzidos desde a inaugura\u00e7\u00e3o.\" \/>\n\t\t<script type=\"application\/ld+json\" class=\"aioseo-schema\">\n\t\t\t{\"@context\":\"https:\\\/\\\/schema.org\",\"@graph\":[{\"@type\":\"BlogPosting\",\"@id\":\"https:\\\/\\\/www.encontracamacari.com.br\\\/sobre\\\/byd-retoma-producao-em-camacari-e-chega-a-quase-20-mil-veiculos-produzidos\\\/#blogposting\",\"name\":\"BYD retoma produ\\u00e7\\u00e3o em Cama\\u00e7ari e chega a quase 20 mil ve\\u00edculos produzidos - Encontra Cama\\u00e7ari\",\"headline\":\"BYD retoma produ\\u00e7\\u00e3o em Cama\\u00e7ari e chega a quase 20 mil ve\\u00edculos produzidos\",\"author\":{\"@id\":\"https:\\\/\\\/www.encontracamacari.com.br\\\/sobre\\\/author\\\/ecamacari\\\/#author\"},\"publisher\":{\"@id\":\"https:\\\/\\\/www.encontracamacari.com.br\\\/sobre\\\/#organization\"},\"image\":{\"@type\":\"ImageObject\",\"url\":\"https:\\\/\\\/www.encontracamacari.com.br\\\/sobre\\\/wp-content\\\/uploads\\\/2026\\\/01\\\/byd-retoma-producao-em-camacari-e-chega-a-quase-20-mil-veiculos-produzidos.webp\",\"width\":280,\"height\":280,\"caption\":\"BYD retoma produ\\u00e7\\u00e3o em Cama\\u00e7ari e chega a quase 20 mil ve\\u00edculos produzidos\"},\"datePublished\":\"2026-01-17T06:19:45+00:00\",\"dateModified\":\"2026-01-17T06:19:45+00:00\",\"inLanguage\":\"pt-BR\",\"mainEntityOfPage\":{\"@id\":\"https:\\\/\\\/www.encontracamacari.com.br\\\/sobre\\\/byd-retoma-producao-em-camacari-e-chega-a-quase-20-mil-veiculos-produzidos\\\/#webpage\"},\"isPartOf\":{\"@id\":\"https:\\\/\\\/www.encontracamacari.com.br\\\/sobre\\\/byd-retoma-producao-em-camacari-e-chega-a-quase-20-mil-veiculos-produzidos\\\/#webpage\"},\"articleSection\":\"Not\\u00edcias Cama\\u00e7ari\"},{\"@type\":\"BreadcrumbList\",\"@id\":\"https:\\\/\\\/www.encontracamacari.com.br\\\/sobre\\\/byd-retoma-producao-em-camacari-e-chega-a-quase-20-mil-veiculos-produzidos\\\/#breadcrumblist\",\"itemListElement\":[{\"@type\":\"ListItem\",\"@id\":\"https:\\\/\\\/www.encontracamacari.com.br\\\/sobre#listItem\",\"position\":1,\"name\":\"Home\",\"item\":\"https:\\\/\\\/www.encontracamacari.com.br\\\/sobre\",\"nextItem\":{\"@type\":\"ListItem\",\"@id\":\"https:\\\/\\\/www.encontracamacari.com.br\\\/sobre\\\/noticias-em-camacari\\\/#listItem\",\"name\":\"Not\\u00edcias Cama\\u00e7ari\"}},{\"@type\":\"ListItem\",\"@id\":\"https:\\\/\\\/www.encontracamacari.com.br\\\/sobre\\\/noticias-em-camacari\\\/#listItem\",\"position\":2,\"name\":\"Not\\u00edcias Cama\\u00e7ari\",\"item\":\"https:\\\/\\\/www.encontracamacari.com.br\\\/sobre\\\/noticias-em-camacari\\\/\",\"nextItem\":{\"@type\":\"ListItem\",\"@id\":\"https:\\\/\\\/www.encontracamacari.com.br\\\/sobre\\\/byd-retoma-producao-em-camacari-e-chega-a-quase-20-mil-veiculos-produzidos\\\/#listItem\",\"name\":\"BYD retoma produ\\u00e7\\u00e3o em Cama\\u00e7ari e chega a quase 20 mil ve\\u00edculos produzidos\"},\"previousItem\":{\"@type\":\"ListItem\",\"@id\":\"https:\\\/\\\/www.encontracamacari.com.br\\\/sobre#listItem\",\"name\":\"Home\"}},{\"@type\":\"ListItem\",\"@id\":\"https:\\\/\\\/www.encontracamacari.com.br\\\/sobre\\\/byd-retoma-producao-em-camacari-e-chega-a-quase-20-mil-veiculos-produzidos\\\/#listItem\",\"position\":3,\"name\":\"BYD retoma produ\\u00e7\\u00e3o em Cama\\u00e7ari e chega a quase 20 mil ve\\u00edculos produzidos\",\"previousItem\":{\"@type\":\"ListItem\",\"@id\":\"https:\\\/\\\/www.encontracamacari.com.br\\\/sobre\\\/noticias-em-camacari\\\/#listItem\",\"name\":\"Not\\u00edcias Cama\\u00e7ari\"}}]},{\"@type\":\"Organization\",\"@id\":\"https:\\\/\\\/www.encontracamacari.com.br\\\/sobre\\\/#organization\",\"name\":\"Encontra Cama\\u00e7ari\",\"description\":\"Not\\u00edcias, eventos, informa\\u00e7\\u00f5es e dicas na cidade de Cama\\u00e7ari e regi\\u00e3o.\",\"url\":\"https:\\\/\\\/www.encontracamacari.com.br\\\/sobre\\\/\"},{\"@type\":\"Person\",\"@id\":\"https:\\\/\\\/www.encontracamacari.com.br\\\/sobre\\\/author\\\/ecamacari\\\/#author\",\"url\":\"https:\\\/\\\/www.encontracamacari.com.br\\\/sobre\\\/author\\\/ecamacari\\\/\",\"name\":\"Encontra Cama\\u00e7ari\",\"image\":{\"@type\":\"ImageObject\",\"@id\":\"https:\\\/\\\/www.encontracamacari.com.br\\\/sobre\\\/byd-retoma-producao-em-camacari-e-chega-a-quase-20-mil-veiculos-produzidos\\\/#authorImage\",\"url\":\"https:\\\/\\\/secure.gravatar.com\\\/avatar\\\/507340682b8270222e1f208e23198b6ae7e2c6a1033ae84e99bc6bce4f82a387?s=96&d=mm&r=g\",\"width\":96,\"height\":96,\"caption\":\"Encontra Cama\\u00e7ari\"}},{\"@type\":\"WebPage\",\"@id\":\"https:\\\/\\\/www.encontracamacari.com.br\\\/sobre\\\/byd-retoma-producao-em-camacari-e-chega-a-quase-20-mil-veiculos-produzidos\\\/#webpage\",\"url\":\"https:\\\/\\\/www.encontracamacari.com.br\\\/sobre\\\/byd-retoma-producao-em-camacari-e-chega-a-quase-20-mil-veiculos-produzidos\\\/\",\"name\":\"BYD retoma produ\\u00e7\\u00e3o em Cama\\u00e7ari e chega a quase 20 mil ve\\u00edculos produzidos - Encontra Cama\\u00e7ari\",\"description\":\"BYD retoma produ\\u00e7\\u00e3o em Cama\\u00e7ari e acumula quase 20 mil ve\\u00edculos produzidos desde a inaugura\\u00e7\\u00e3o.\",\"inLanguage\":\"pt-BR\",\"isPartOf\":{\"@id\":\"https:\\\/\\\/www.encontracamacari.com.br\\\/sobre\\\/#website\"},\"breadcrumb\":{\"@id\":\"https:\\\/\\\/www.encontracamacari.com.br\\\/sobre\\\/byd-retoma-producao-em-camacari-e-chega-a-quase-20-mil-veiculos-produzidos\\\/#breadcrumblist\"},\"author\":{\"@id\":\"https:\\\/\\\/www.encontracamacari.com.br\\\/sobre\\\/author\\\/ecamacari\\\/#author\"},\"creator\":{\"@id\":\"https:\\\/\\\/www.encontracamacari.com.br\\\/sobre\\\/author\\\/ecamacari\\\/#author\"},\"image\":{\"@type\":\"ImageObject\",\"url\":\"https:\\\/\\\/www.encontracamacari.com.br\\\/sobre\\\/wp-content\\\/uploads\\\/2026\\\/01\\\/byd-retoma-producao-em-camacari-e-chega-a-quase-20-mil-veiculos-produzidos.webp\",\"@id\":\"https:\\\/\\\/www.encontracamacari.com.br\\\/sobre\\\/byd-retoma-producao-em-camacari-e-chega-a-quase-20-mil-veiculos-produzidos\\\/#mainImage\",\"width\":280,\"height\":280,\"caption\":\"BYD retoma produ\\u00e7\\u00e3o em Cama\\u00e7ari e chega a quase 20 mil ve\\u00edculos produzidos\"},\"primaryImageOfPage\":{\"@id\":\"https:\\\/\\\/www.encontracamacari.com.br\\\/sobre\\\/byd-retoma-producao-em-camacari-e-chega-a-quase-20-mil-veiculos-produzidos\\\/#mainImage\"},\"datePublished\":\"2026-01-17T06:19:45+00:00\",\"dateModified\":\"2026-01-17T06:19:45+00:00\"},{\"@type\":\"WebSite\",\"@id\":\"https:\\\/\\\/www.encontracamacari.com.br\\\/sobre\\\/#website\",\"url\":\"https:\\\/\\\/www.encontracamacari.com.br\\\/sobre\\\/\",\"name\":\"Encontra Cama\\u00e7ari\",\"description\":\"Not\\u00edcias, eventos, informa\\u00e7\\u00f5es e dicas na cidade de Cama\\u00e7ari e regi\\u00e3o.\",\"inLanguage\":\"pt-BR\",\"publisher\":{\"@id\":\"https:\\\/\\\/www.encontracamacari.com.br\\\/sobre\\\/#organization\"}}]}\n\t\t<\/script>\n\t\t<!-- All in One SEO -->\n\n","aioseo_head_json":{"title":"BYD retoma produ\u00e7\u00e3o em Cama\u00e7ari e chega a quase 20 mil ve\u00edculos produzidos - Encontra Cama\u00e7ari","description":"BYD retoma produ\u00e7\u00e3o em Cama\u00e7ari e acumula quase 20 mil ve\u00edculos produzidos desde a inaugura\u00e7\u00e3o.","canonical_url":"https:\/\/www.encontracamacari.com.br\/sobre\/byd-retoma-producao-em-camacari-e-chega-a-quase-20-mil-veiculos-produzidos\/","robots":"max-image-preview:large","keywords":"","webmasterTools":{"miscellaneous":""},"schema":{"@context":"https:\/\/schema.org","@graph":[{"@type":"BlogPosting","@id":"https:\/\/www.encontracamacari.com.br\/sobre\/byd-retoma-producao-em-camacari-e-chega-a-quase-20-mil-veiculos-produzidos\/#blogposting","name":"BYD retoma produ\u00e7\u00e3o em Cama\u00e7ari e chega a quase 20 mil ve\u00edculos produzidos - Encontra Cama\u00e7ari","headline":"BYD retoma produ\u00e7\u00e3o em Cama\u00e7ari e chega a quase 20 mil ve\u00edculos produzidos","author":{"@id":"https:\/\/www.encontracamacari.com.br\/sobre\/author\/ecamacari\/#author"},"publisher":{"@id":"https:\/\/www.encontracamacari.com.br\/sobre\/#organization"},"image":{"@type":"ImageObject","url":"https:\/\/www.encontracamacari.com.br\/sobre\/wp-content\/uploads\/2026\/01\/byd-retoma-producao-em-camacari-e-chega-a-quase-20-mil-veiculos-produzidos.webp","width":280,"height":280,"caption":"BYD retoma produ\u00e7\u00e3o em Cama\u00e7ari e chega a quase 20 mil ve\u00edculos produzidos"},"datePublished":"2026-01-17T06:19:45+00:00","dateModified":"2026-01-17T06:19:45+00:00","inLanguage":"pt-BR","mainEntityOfPage":{"@id":"https:\/\/www.encontracamacari.com.br\/sobre\/byd-retoma-producao-em-camacari-e-chega-a-quase-20-mil-veiculos-produzidos\/#webpage"},"isPartOf":{"@id":"https:\/\/www.encontracamacari.com.br\/sobre\/byd-retoma-producao-em-camacari-e-chega-a-quase-20-mil-veiculos-produzidos\/#webpage"},"articleSection":"Not\u00edcias Cama\u00e7ari"},{"@type":"BreadcrumbList","@id":"https:\/\/www.encontracamacari.com.br\/sobre\/byd-retoma-producao-em-camacari-e-chega-a-quase-20-mil-veiculos-produzidos\/#breadcrumblist","itemListElement":[{"@type":"ListItem","@id":"https:\/\/www.encontracamacari.com.br\/sobre#listItem","position":1,"name":"Home","item":"https:\/\/www.encontracamacari.com.br\/sobre","nextItem":{"@type":"ListItem","@id":"https:\/\/www.encontracamacari.com.br\/sobre\/noticias-em-camacari\/#listItem","name":"Not\u00edcias Cama\u00e7ari"}},{"@type":"ListItem","@id":"https:\/\/www.encontracamacari.com.br\/sobre\/noticias-em-camacari\/#listItem","position":2,"name":"Not\u00edcias Cama\u00e7ari","item":"https:\/\/www.encontracamacari.com.br\/sobre\/noticias-em-camacari\/","nextItem":{"@type":"ListItem","@id":"https:\/\/www.encontracamacari.com.br\/sobre\/byd-retoma-producao-em-camacari-e-chega-a-quase-20-mil-veiculos-produzidos\/#listItem","name":"BYD retoma produ\u00e7\u00e3o em Cama\u00e7ari e chega a quase 20 mil ve\u00edculos produzidos"},"previousItem":{"@type":"ListItem","@id":"https:\/\/www.encontracamacari.com.br\/sobre#listItem","name":"Home"}},{"@type":"ListItem","@id":"https:\/\/www.encontracamacari.com.br\/sobre\/byd-retoma-producao-em-camacari-e-chega-a-quase-20-mil-veiculos-produzidos\/#listItem","position":3,"name":"BYD retoma produ\u00e7\u00e3o em Cama\u00e7ari e chega a quase 20 mil ve\u00edculos produzidos","previousItem":{"@type":"ListItem","@id":"https:\/\/www.encontracamacari.com.br\/sobre\/noticias-em-camacari\/#listItem","name":"Not\u00edcias Cama\u00e7ari"}}]},{"@type":"Organization","@id":"https:\/\/www.encontracamacari.com.br\/sobre\/#organization","name":"Encontra Cama\u00e7ari","description":"Not\u00edcias, eventos, informa\u00e7\u00f5es e dicas na cidade de Cama\u00e7ari e regi\u00e3o.","url":"https:\/\/www.encontracamacari.com.br\/sobre\/"},{"@type":"Person","@id":"https:\/\/www.encontracamacari.com.br\/sobre\/author\/ecamacari\/#author","url":"https:\/\/www.encontracamacari.com.br\/sobre\/author\/ecamacari\/","name":"Encontra Cama\u00e7ari","image":{"@type":"ImageObject","@id":"https:\/\/www.encontracamacari.com.br\/sobre\/byd-retoma-producao-em-camacari-e-chega-a-quase-20-mil-veiculos-produzidos\/#authorImage","url":"https:\/\/secure.gravatar.com\/avatar\/507340682b8270222e1f208e23198b6ae7e2c6a1033ae84e99bc6bce4f82a387?s=96&d=mm&r=g","width":96,"height":96,"caption":"Encontra Cama\u00e7ari"}},{"@type":"WebPage","@id":"https:\/\/www.encontracamacari.com.br\/sobre\/byd-retoma-producao-em-camacari-e-chega-a-quase-20-mil-veiculos-produzidos\/#webpage","url":"https:\/\/www.encontracamacari.com.br\/sobre\/byd-retoma-producao-em-camacari-e-chega-a-quase-20-mil-veiculos-produzidos\/","name":"BYD retoma produ\u00e7\u00e3o em Cama\u00e7ari e chega a quase 20 mil ve\u00edculos produzidos - Encontra Cama\u00e7ari","description":"BYD retoma produ\u00e7\u00e3o em Cama\u00e7ari e acumula quase 20 mil ve\u00edculos produzidos desde a inaugura\u00e7\u00e3o.","inLanguage":"pt-BR","isPartOf":{"@id":"https:\/\/www.encontracamacari.com.br\/sobre\/#website"},"breadcrumb":{"@id":"https:\/\/www.encontracamacari.com.br\/sobre\/byd-retoma-producao-em-camacari-e-chega-a-quase-20-mil-veiculos-produzidos\/#breadcrumblist"},"author":{"@id":"https:\/\/www.encontracamacari.com.br\/sobre\/author\/ecamacari\/#author"},"creator":{"@id":"https:\/\/www.encontracamacari.com.br\/sobre\/author\/ecamacari\/#author"},"image":{"@type":"ImageObject","url":"https:\/\/www.encontracamacari.com.br\/sobre\/wp-content\/uploads\/2026\/01\/byd-retoma-producao-em-camacari-e-chega-a-quase-20-mil-veiculos-produzidos.webp","@id":"https:\/\/www.encontracamacari.com.br\/sobre\/byd-retoma-producao-em-camacari-e-chega-a-quase-20-mil-veiculos-produzidos\/#mainImage","width":280,"height":280,"caption":"BYD retoma produ\u00e7\u00e3o em Cama\u00e7ari e chega a quase 20 mil ve\u00edculos produzidos"},"primaryImageOfPage":{"@id":"https:\/\/www.encontracamacari.com.br\/sobre\/byd-retoma-producao-em-camacari-e-chega-a-quase-20-mil-veiculos-produzidos\/#mainImage"},"datePublished":"2026-01-17T06:19:45+00:00","dateModified":"2026-01-17T06:19:45+00:00"},{"@type":"WebSite","@id":"https:\/\/www.encontracamacari.com.br\/sobre\/#website","url":"https:\/\/www.encontracamacari.com.br\/sobre\/","name":"Encontra Cama\u00e7ari","description":"Not\u00edcias, eventos, informa\u00e7\u00f5es e dicas na cidade de Cama\u00e7ari e regi\u00e3o.","inLanguage":"pt-BR","publisher":{"@id":"https:\/\/www.encontracamacari.com.br\/sobre\/#organization"}}]},"og:locale":"pt_BR","og:site_name":"Encontra Cama\u00e7ari - Not\u00edcias, eventos, informa\u00e7\u00f5es e dicas na cidade de Cama\u00e7ari e regi\u00e3o.","og:type":"article","og:title":"BYD retoma produ\u00e7\u00e3o em Cama\u00e7ari e chega a quase 20 mil ve\u00edculos produzidos - Encontra Cama\u00e7ari","og:description":"BYD retoma produ\u00e7\u00e3o em Cama\u00e7ari e acumula quase 20 mil ve\u00edculos produzidos desde a inaugura\u00e7\u00e3o.","og:url":"https:\/\/www.encontracamacari.com.br\/sobre\/byd-retoma-producao-em-camacari-e-chega-a-quase-20-mil-veiculos-produzidos\/","article:published_time":"2026-01-17T06:19:45+00:00","article:modified_time":"2026-01-17T06:19:45+00:00","twitter:card":"summary_large_image","twitter:title":"BYD retoma produ\u00e7\u00e3o em Cama\u00e7ari e chega a quase 20 mil ve\u00edculos produzidos - Encontra Cama\u00e7ari","twitter:description":"BYD retoma produ\u00e7\u00e3o em Cama\u00e7ari e acumula quase 20 mil ve\u00edculos produzidos desde a inaugura\u00e7\u00e3o."},"aioseo_meta_data":{"post_id":"586","title":null,"description":null,"keywords":null,"keyphrases":null,"primary_term":null,"canonical_url":null,"og_title":null,"og_description":null,"og_object_type":"default","og_image_type":"default","og_image_url":null,"og_image_width":null,"og_image_height":null,"og_image_custom_url":null,"og_image_custom_fields":null,"og_video":null,"og_custom_url":null,"og_article_section":null,"og_article_tags":null,"twitter_use_og":false,"twitter_card":"default","twitter_image_type":"default","twitter_image_url":null,"twitter_image_custom_url":null,"twitter_image_custom_fields":null,"twitter_title":null,"twitter_description":null,"schema":{"blockGraphs":[],"customGraphs":[],"default":{"data":{"Article":[],"Course":[],"Dataset":[],"FAQPage":[],"Movie":[],"Person":[],"Product":[],"ProductReview":[],"Car":[],"Recipe":[],"Service":[],"SoftwareApplication":[],"WebPage":[]},"graphName":"BlogPosting","isEnabled":true},"graphs":[]},"schema_type":"default","schema_type_options":null,"pillar_content":false,"robots_default":true,"robots_noindex":false,"robots_noarchive":false,"robots_nosnippet":false,"robots_nofollow":false,"robots_noimageindex":false,"robots_noodp":false,"robots_notranslate":false,"robots_max_snippet":null,"robots_max_videopreview":null,"robots_max_imagepreview":"large","priority":null,"frequency":null,"local_seo":null,"limit_modified_date":false,"created":"2026-01-17 06:19:49","updated":"2026-08-06 00:59:58","focus_keyword":null,"additional_keywords":null,"truseo_locale":null,"ai":null,"breadcrumb_settings":null,"seo_analyzer_scan_date":null},"aioseo_breadcrumb":"<div class=\"aioseo-breadcrumbs\"><span class=\"aioseo-breadcrumb\">\n\t\t\t<a href=\"https:\/\/www.encontracamacari.com.br\/sobre\" title=\"Home\">Home<\/a>\n\t\t<\/span><span class=\"aioseo-breadcrumb-separator\">&raquo;<\/span><span class=\"aioseo-breadcrumb\">\n\t\t\t<a href=\"https:\/\/www.encontracamacari.com.br\/sobre\/noticias-em-camacari\/\" title=\"Not\u00edcias Cama\u00e7ari\">Not\u00edcias Cama\u00e7ari<\/a>\n\t\t<\/span><span class=\"aioseo-breadcrumb-separator\">&raquo;<\/span><span class=\"aioseo-breadcrumb\">\n\t\t\tBYD retoma produ\u00e7\u00e3o em Cama\u00e7ari e chega a quase 20 mil ve\u00edculos produzidos\n\t\t<\/span><\/div>","aioseo_breadcrumb_json":[{"label":"Home","link":"https:\/\/www.encontracamacari.com.br\/sobre"},{"label":"Not\u00edcias Cama\u00e7ari","link":"https:\/\/www.encontracamacari.com.br\/sobre\/noticias-em-camacari\/"},{"label":"BYD retoma produ\u00e7\u00e3o em Cama\u00e7ari e chega a quase 20 mil ve\u00edculos produzidos","link":"https:\/\/www.encontracamacari.com.br\/sobre\/byd-retoma-producao-em-camacari-e-chega-a-quase-20-mil-veiculos-produzidos\/"}],"_links":{"self":[{"href":"https:\/\/www.encontracamacari.com.br\/sobre\/wp-json\/wp\/v2\/posts\/586","targetHints":{"allow":["GET"]}}],"collection":[{"href":"https:\/\/www.encontracamacari.com.br\/sobre\/wp-json\/wp\/v2\/posts"}],"about":[{"href":"https:\/\/www.encontracamacari.com.br\/sobre\/wp-json\/wp\/v2\/types\/post"}],"author":[{"embeddable":true,"href":"https:\/\/www.encontracamacari.com.br\/sobre\/wp-json\/wp\/v2\/users\/1"}],"replies":[{"embeddable":true,"href":"https:\/\/www.encontracamacari.com.br\/sobre\/wp-json\/wp\/v2\/comments?post=586"}],"version-history":[{"count":0,"href":"https:\/\/www.encontracamacari.com.br\/sobre\/wp-json\/wp\/v2\/posts\/586\/revisions"}],"wp:featuredmedia":[{"embeddable":true,"href":"https:\/\/www.encontracamacari.com.br\/sobre\/wp-json\/wp\/v2\/media\/585"}],"wp:attachment":[{"href":"https:\/\/www.encontracamacari.com.br\/sobre\/wp-json\/wp\/v2\/media?parent=586"}],"wp:term":[{"taxonomy":"category","embeddable":true,"href":"https:\/\/www.encontracamacari.com.br\/sobre\/wp-json\/wp\/v2\/categories?post=586"},{"taxonomy":"post_tag","embeddable":true,"href":"https:\/\/www.encontracamacari.com.br\/sobre\/wp-json\/wp\/v2\/tags?post=586"}],"curies":[{"name":"wp","href":"https:\/\/api.w.org\/{rel}","templated":true}]}}