{"id":584,"date":"2026-01-17T06:17:18","date_gmt":"2026-01-17T06:17:18","guid":{"rendered":"https:\/\/www.encontracamacari.com.br\/sobre\/terreiro-unzo-tateto-lembi-recebe-titulo-honorifico-de-promotor-da-igualdade-racial-em-camacari-bahia\/"},"modified":"2026-01-17T06:17:18","modified_gmt":"2026-01-17T06:17:18","slug":"terreiro-unzo-tateto-lembi-recebe-titulo-honorifico-de-promotor-da-igualdade-racial-em-camacari-bahia","status":"publish","type":"post","link":"https:\/\/www.encontracamacari.com.br\/sobre\/terreiro-unzo-tateto-lembi-recebe-titulo-honorifico-de-promotor-da-igualdade-racial-em-camacari-bahia\/","title":{"rendered":"Terreiro Unz\u00f3 Tat\u00eato Lembi recebe t\u00edtulo honor\u00edfico de promotor da igualdade racial, em Cama\u00e7ari\/Bahia"},"content":{"rendered":"<div class=\"2410bb7248a64bb1f71103797e0f239b\" data-index=\"1\" style=\"float: none; margin:0px;\">\n<ins class=\"adsbygoogle\"\r\n     style=\"display:block\"\r\n     data-ad-client=\"ca-pub-8585364105181520\"\r\n     data-ad-slot=\"8789329856\"\r\n     data-ad-format=\"auto\"\r\n     data-full-width-responsive=\"true\"><\/ins>\r\n<script>\r\n     (adsbygoogle = window.adsbygoogle || []).push({});\r\n<\/script>\n<\/div>\n<h2>A Import\u00e2ncia do Reconhecimento Honor\u00edfico<\/h2>\n<p>O reconhecimento honor\u00edfico \u00e9 uma ferramenta fundamental para a valoriza\u00e7\u00e3o e o fortalecimento de esfor\u00e7os que promovem a igualdade racial no Brasil. A entrega de t\u00edtulos, como o que foi concedido ao Terreiro Unz\u00f3 Tat\u00eato Lembi, \u00e9 um s\u00edmbolo de reconhecimento n\u00e3o apenas do trabalho realizado, mas tamb\u00e9m da import\u00e2ncia hist\u00f3rica e cultural das comunidades afro-brasileiras. Tais homenagens ajudam a conscientizar a sociedade sobre a relev\u00e2ncia das tradi\u00e7\u00f5es africanas e o legado cultural que elas representam.<\/p>\n<p>Este tipo de reconhecimento estimula a continuidade de a\u00e7\u00f5es que visem a promo\u00e7\u00e3o e prote\u00e7\u00e3o dos direitos das religi\u00f5es de matriz africana, al\u00e9m de combater discrimina\u00e7\u00f5es e preconceitos. Assim, celebrar e homenagear institui\u00e7\u00f5es como o Terreiro Unz\u00f3 Tat\u00eato Lembi contribui para a constru\u00e7\u00e3o de um Brasil mais igualit\u00e1rio e justo, onde todas as culturas e religi\u00f5es possam ser respeitadas e valorizadas.<\/p>\n<h2>Hist\u00f3rico do Terreiro Unz\u00f3 Tat\u00eato Lembi<\/h2>\n<p>O Terreiro Unz\u00f3 Tat\u00eato Lembi foi fundado em 1\u00ba de maio de 1995, na cidade de Cama\u00e7ari, na Bahia. Este terreiro de candombl\u00e9 pertence \u00e0 Na\u00e7\u00e3o Angola\/Bantu e foi criado sob a lideran\u00e7a de T\u00e1ta Ricardo Tavares, conhecido como Lemb\u00e1kesy. Desde sua funda\u00e7\u00e3o, o terreiro se estabeleceu como um importante centro de resist\u00eancia cultural e social, atuando em diversas frentes para a promo\u00e7\u00e3o das tradi\u00e7\u00f5es africanas e do respeito \u00e0s suas pr\u00e1ticas religiosas.<\/p>\n<p><img decoding=\"async\" src=\"https:\/\/www.encontracamacari.com.br\/sobre\/wp-content\/uploads\/2026\/01\/terreiro-unzo-tateto-lembi-recebe-titulo-honorifico-de-promotor-da-igualdade-racial-em-camacari-bahi.webp\" alt=\"Terreiro Unz\u00f3 Tat\u00eato Lembi\" loading=\"lazy\" \/><\/p>\n<p>Localizado em uma \u00e1rea de rica biodiversidade, o terreiro \u00e9 considerado um espa\u00e7o sagrado e ambientalmente protegido. Este ambiente n\u00e3o apenas sustenta a pr\u00e1tica religiosa, mas tamb\u00e9m permite a realiza\u00e7\u00e3o de atividades socioculturais voltadas para a comunidade, promovendo integra\u00e7\u00f5es e trocas que fortalecem a identidade afro-brasileira.<\/p>\n<h2>Comemora\u00e7\u00e3o e Festividades<\/h2>\n<p>A celebra\u00e7\u00e3o da entrega do t\u00edtulo honor\u00edfico ao Terreiro Unz\u00f3 Tat\u00eato Lembi ocorreu em uma sexta-feira especial, dia em que muitos religiosos de matriz africana usam vestidos brancos em homenagem a suas tradi\u00e7\u00f5es. Este simbolismo refor\u00e7ou a conex\u00e3o com a ancestralidade e as pr\u00e1ticas culturais que s\u00e3o t\u00e3o significativas para as comunidades afro-brasileiras. A presen\u00e7a da Ministra da Igualdade Racial, Anielle Franco, e de v\u00e1rios outros representantes da cultura afro durante a cerim\u00f4nia tamb\u00e9m trouxe um peso significativo, dignificando o evento e suas causas.<\/p>\n<p>As festividades no terreiro costumam incluir dan\u00e7as, m\u00fasicas e cerim\u00f4nias que exaltam a cultura africana, criando um espa\u00e7o de socializa\u00e7\u00e3o e reflex\u00e3o sobre a import\u00e2ncia da ancestralidade. Esta celebra\u00e7\u00e3o n\u00e3o \u00e9 apenas uma homenagem ao terreiro, mas tamb\u00e9m uma reafirma\u00e7\u00e3o do compromisso da sociedade em promover a igualdade racial e a diversidade cultural.<\/p>\n<h2>A Luta pela Igualdade Racial<\/h2>\n<p>A luta pela igualdade racial no Brasil \u00e9 um esfor\u00e7o cont\u00ednuo que desafia estruturas hist\u00f3ricas de opress\u00e3o e discrimina\u00e7\u00e3o. O Terreiro Unz\u00f3 Tat\u00eato Lembi, atrav\u00e9s de suas atividades e de suas proje\u00e7\u00f5es sociais, tem desempenhado um papel crucial na promo\u00e7\u00e3o de direitos, resist\u00eancia cultural e prote\u00e7\u00e3o das pr\u00e1ticas religiosas afro-brasileiras.<\/p>\n<p>Reconhecer o trabalho desses terreiros e das lideran\u00e7as que atuam nessas comunidades \u00e9 fundamental para que haja uma mudan\u00e7a significativa na forma como a sociedade enxerga a cultura afro-brasileira. Essa luta n\u00e3o \u00e9 apenas de uma parte da popula\u00e7\u00e3o, mas deve ser um compromisso coletivo que envolve o governo, institui\u00e7\u00f5es sociais e cada cidad\u00e3o brasileiro.<\/p>\n<h2>Import\u00e2ncia das Religi\u00f5es de Matriz Africana<\/h2>\n<p>As religi\u00f5es de matriz africana, como o candombl\u00e9 e a umbanda, representam uma rica diversidade cultural que faz parte da identidade brasileira. A respeito disso, o Terreiro Unz\u00f3 Tat\u00eato Lembi se destaca como um espa\u00e7o de preserva\u00e7\u00e3o e promo\u00e7\u00e3o dessas pr\u00e1ticas. A valoriza\u00e7\u00e3o das religi\u00f5es afro-brasileiras \u00e9 crucial, pois elas oferecem n\u00e3o apenas uma forma de espiritualidade, mas tamb\u00e9m um modo de vida que promove valores como a solidariedade, respeito e amor ao pr\u00f3ximo.<\/p><div class=\"2410bb7248a64bb1f71103797e0f239b\" data-index=\"2\" style=\"float: none; margin:0px;\">\n<ins class=\"adsbygoogle\"\r\n     style=\"display:block; text-align:center;\"\r\n     data-ad-layout=\"in-article\"\r\n     data-ad-format=\"fluid\"\r\n     data-ad-client=\"ca-pub-8585364105181520\"\r\n     data-ad-slot=\"2899217073\"><\/ins>\r\n<script>\r\n     (adsbygoogle = window.adsbygoogle || []).push({});\r\n<\/script>\r\n\r\n<\/br><\/br>\n<\/div>\n\n<p>Al\u00e9m disso, o respeito aos cultos afro-brasileiros contribui para a diminui\u00e7\u00e3o da intoler\u00e2ncia religiosa, um problema que afeta muitas comunidades at\u00e9 hoje. O reconhecimento formal desses espa\u00e7os sagrados e das suas atividades \u00e9 um passo importante para promover a justi\u00e7a social e a igualdade entre todos os cidad\u00e3os, independentemente de suas cren\u00e7as religiosas.<\/p>\n<h2>Atividades Socioculturais Desenvolvidas<\/h2>\n<p>O Terreiro Unz\u00f3 Tat\u00eato Lembi n\u00e3o \u00e9 apenas um local de culto, mas tamb\u00e9m um centro de atividades socioculturais que beneficiam a comunidade local. Entre as diversas iniciativas promovidas, destacam-se palestras sobre a cultura africana, cursos sobre tradi\u00e7\u00f5es religiosas, e eventos que engajam a comunidade em torno das ancestralidades africanas.<\/p>\n<p>Essas atividades contribuem significativamente para a conscientiza\u00e7\u00e3o e a educa\u00e7\u00e3o da popula\u00e7\u00e3o local sobre a cultura afro-brasileira. Atrav\u00e9s de festivais e celebra\u00e7\u00f5es, o terreiro se posiciona como um local de resist\u00eancia e de luta contra as desigualdades raciais e sociais, oferecendo um espa\u00e7o seguro e acolhedor para todos.<\/p>\n<h2>Lideran\u00e7a e Influ\u00eancia da Ministra Anielle Franco<\/h2>\n<p>A presen\u00e7a da Ministra Anielle Franco na cerim\u00f4nia de entrega do t\u00edtulo honor\u00edfico ao Terreiro Unz\u00f3 Tat\u00eato Lembi fortalece a conex\u00e3o do governo com a causa da igualdade racial. A ministra, uma importante voz na luta pelos direitos humanos e pela valoriza\u00e7\u00e3o da diversidade cultural no Brasil, reitera a import\u00e2ncia do reconhecimento e do apoio \u00e0s tradi\u00e7\u00f5es africanas como parte da identidade do pa\u00eds.<\/p>\n<p>Al\u00e9m de seu papel honor\u00edfico, Anielle Franco tem sido uma defensora incans\u00e1vel de pol\u00edticas que visam a prote\u00e7\u00e3o e promo\u00e7\u00e3o dos direitos das popula\u00e7\u00f5es marginalizadas. A sua lideran\u00e7a e suas a\u00e7\u00f5es s\u00e3o essenciais para a continuidade das pol\u00edticas p\u00fablicas voltadas para a igualdade racial e para a luta contra a intoler\u00e2ncia religiosa.<\/p>\n<h2>A\u00e7\u00f5es do Governo Brasileiro na Igualdade Racial<\/h2>\n<p>O governo brasileiro, atrav\u00e9s do Minist\u00e9rio da Igualdade Racial e outras institui\u00e7\u00f5es, tem adotado v\u00e1rias pol\u00edticas e a\u00e7\u00f5es que visam promover a igualdade racial e combater a discrimina\u00e7\u00e3o. A cria\u00e7\u00e3o de programas espec\u00edficos e a valoriza\u00e7\u00e3o de culturas afro-brasileiras s\u00e3o algumas das iniciativas que ajudam a avan\u00e7ar nesta luta. Essas a\u00e7\u00f5es n\u00e3o apenas reconhecem a import\u00e2ncia das religi\u00f5es de matriz africana, mas tamb\u00e9m promovem seu respeito e prote\u00e7\u00e3o legal.<\/p>\n<p>Al\u00e9m disso, a implementa\u00e7\u00e3o de pol\u00edticas p\u00fablicas que atendam diretamente as necessidades das comunidades afro-brasileiras \u00e9 uma quest\u00e3o crucial que o governo vem trabalhando. \u00c9 necess\u00e1rio assegurar que as vozes e as demandas desses grupos sejam ouvidas e atendidas, promovendo uma verdadeira inclus\u00e3o social.<\/p>\n<h2>O Papel dos Terreiros na Comunidade<\/h2>\n<p>Os terreiros, como o Unz\u00f3 Tat\u00eato Lembi, desempenham um papel fundamental no fortalecimento da comunidade. Eles s\u00e3o pontos de encontro social e cultural que promovem a educa\u00e7\u00e3o, a solidariedade e a ajuda m\u00fatua. Em muitos casos, os terreiros oferecem servi\u00e7os de assist\u00eancia social, apoio psicol\u00f3gico e orienta\u00e7\u00e3o para quest\u00f5es de sa\u00fade.<\/p>\n<p>Al\u00e9m disso, os terreiros se tornam espa\u00e7os de resist\u00eancia cultural onde a identidade \u00e9 refor\u00e7ada e celebrada. Eles desempenham um papel essencial na forma\u00e7\u00e3o de uma consci\u00eancia coletiva e no fortalecimento da autoestima da popula\u00e7\u00e3o afro-brasileira, estimulando a abertura de di\u00e1logos inclusivos sobre ra\u00e7a e cultura.<\/p>\n<h2>Compromisso com a Valoriza\u00e7\u00e3o da Cultura Afro-Brasileira<\/h2>\n<p>O compromisso com a valoriza\u00e7\u00e3o da cultura afro-brasileira \u00e9 uma responsabilidade coletiva que inclui governos, institui\u00e7\u00f5es culturais, comunidades religiosas e a sociedade civil. O reconhecimento do Terreiro Unz\u00f3 Tat\u00eato Lembi e a homenagem recebida s\u00e3o exemplos claros de como essa valoriza\u00e7\u00e3o pode e deve ser feita de forma concreta e significativa. <\/p>\n<p>Iniciativas que promovem a educa\u00e7\u00e3o e a cultura afro-brasileira dentro do curr\u00edculo escolar, por exemplo, s\u00e3o essenciais para garantir que as futuras gera\u00e7\u00f5es entendam a riqueza das tradi\u00e7\u00f5es afro-brasileiras e o seu impacto na forma\u00e7\u00e3o da sociedade brasileira. \u00c9 imperativo que o respeito e a valoriza\u00e7\u00e3o dessas culturas sejam promovidos em todos os n\u00edveis, promovendo uma sociedade mais justa e igualit\u00e1ria.<\/p>\n<div class=\"2410bb7248a64bb1f71103797e0f239b\" data-index=\"3\" style=\"float: none; margin:0px;\">\n<\/br><\/br>\r\n\r\n<ins class=\"adsbygoogle\"\r\n     style=\"display:block\"\r\n     data-ad-format=\"fluid\"\r\n     data-ad-layout-key=\"-63+do+n-1s+9e\"\r\n     data-ad-client=\"ca-pub-8585364105181520\"\r\n     data-ad-slot=\"6838462089\"><\/ins>\r\n<script>\r\n     (adsbygoogle = window.adsbygoogle || []).push({});\r\n<\/script>\n<\/div>\n\n<div style=\"font-size: 0px; height: 0px; line-height: 0px; margin: 0; padding: 0; clear: both;\"><\/div>","protected":false},"excerpt":{"rendered":"<p>Terreiro Unz\u00f3 Tat\u00eato Lembi \u00e9 reconhecido por sua luta pela igualdade racial.<\/p>\n","protected":false},"author":1,"featured_media":583,"comment_status":"open","ping_status":"closed","sticky":false,"template":"","format":"standard","meta":{"footnotes":""},"categories":[1],"tags":[],"class_list":["post-584","post","type-post","status-publish","format-standard","has-post-thumbnail","hentry","category-noticias-em-camacari","has_thumb"],"aioseo_notices":[],"aioseo_head":"\n\t\t<!-- All in One SEO 5.0.0.1 - aioseo.com -->\n\t<meta name=\"description\" content=\"Terreiro Unz\u00f3 Tat\u00eato Lembi \u00e9 reconhecido por sua luta pela igualdade racial.\" \/>\n\t<meta name=\"robots\" content=\"max-image-preview:large\" \/>\n\t<meta name=\"author\" content=\"Encontra Cama\u00e7ari\"\/>\n\t<link rel=\"canonical\" href=\"https:\/\/www.encontracamacari.com.br\/sobre\/terreiro-unzo-tateto-lembi-recebe-titulo-honorifico-de-promotor-da-igualdade-racial-em-camacari-bahia\/\" \/>\n\t<meta name=\"generator\" content=\"All in One SEO (AIOSEO) 5.0.0.1\" \/>\n\t\t<meta property=\"og:locale\" content=\"pt_BR\" \/>\n\t\t<meta property=\"og:site_name\" content=\"Encontra Cama\u00e7ari - Not\u00edcias, eventos, informa\u00e7\u00f5es e dicas na cidade de Cama\u00e7ari e regi\u00e3o.\" \/>\n\t\t<meta property=\"og:type\" content=\"article\" \/>\n\t\t<meta property=\"og:title\" content=\"Terreiro Unz\u00f3 Tat\u00eato Lembi recebe t\u00edtulo honor\u00edfico de promotor da igualdade racial, em Cama\u00e7ari\/Bahia - Encontra Cama\u00e7ari\" \/>\n\t\t<meta property=\"og:description\" content=\"Terreiro Unz\u00f3 Tat\u00eato Lembi \u00e9 reconhecido por sua luta pela igualdade racial.\" \/>\n\t\t<meta property=\"og:url\" content=\"https:\/\/www.encontracamacari.com.br\/sobre\/terreiro-unzo-tateto-lembi-recebe-titulo-honorifico-de-promotor-da-igualdade-racial-em-camacari-bahia\/\" \/>\n\t\t<meta property=\"article:published_time\" content=\"2026-01-17T06:17:18+00:00\" \/>\n\t\t<meta property=\"article:modified_time\" content=\"2026-01-17T06:17:18+00:00\" \/>\n\t\t<meta name=\"twitter:card\" content=\"summary_large_image\" \/>\n\t\t<meta name=\"twitter:title\" content=\"Terreiro Unz\u00f3 Tat\u00eato Lembi recebe t\u00edtulo honor\u00edfico de promotor da igualdade racial, em Cama\u00e7ari\/Bahia - Encontra Cama\u00e7ari\" \/>\n\t\t<meta name=\"twitter:description\" content=\"Terreiro Unz\u00f3 Tat\u00eato Lembi \u00e9 reconhecido por sua luta pela igualdade racial.\" \/>\n\t\t<script type=\"application\/ld+json\" class=\"aioseo-schema\">\n\t\t\t{\"@context\":\"https:\\\/\\\/schema.org\",\"@graph\":[{\"@type\":\"BlogPosting\",\"@id\":\"https:\\\/\\\/www.encontracamacari.com.br\\\/sobre\\\/terreiro-unzo-tateto-lembi-recebe-titulo-honorifico-de-promotor-da-igualdade-racial-em-camacari-bahia\\\/#blogposting\",\"name\":\"Terreiro Unz\\u00f3 Tat\\u00eato Lembi recebe t\\u00edtulo honor\\u00edfico de promotor da igualdade racial, em Cama\\u00e7ari\\\/Bahia - Encontra Cama\\u00e7ari\",\"headline\":\"Terreiro Unz\\u00f3 Tat\\u00eato Lembi recebe t\\u00edtulo honor\\u00edfico de promotor da igualdade racial, em Cama\\u00e7ari\\\/Bahia\",\"author\":{\"@id\":\"https:\\\/\\\/www.encontracamacari.com.br\\\/sobre\\\/author\\\/ecamacari\\\/#author\"},\"publisher\":{\"@id\":\"https:\\\/\\\/www.encontracamacari.com.br\\\/sobre\\\/#organization\"},\"image\":{\"@type\":\"ImageObject\",\"url\":\"https:\\\/\\\/www.encontracamacari.com.br\\\/sobre\\\/wp-content\\\/uploads\\\/2026\\\/01\\\/terreiro-unzo-tateto-lembi-recebe-titulo-honorifico-de-promotor-da-igualdade-racial-em-camacari-bahi.webp\",\"width\":280,\"height\":280,\"caption\":\"Terreiro Unz\\u00f3 Tat\\u00eato Lembi\"},\"datePublished\":\"2026-01-17T06:17:18+00:00\",\"dateModified\":\"2026-01-17T06:17:18+00:00\",\"inLanguage\":\"pt-BR\",\"mainEntityOfPage\":{\"@id\":\"https:\\\/\\\/www.encontracamacari.com.br\\\/sobre\\\/terreiro-unzo-tateto-lembi-recebe-titulo-honorifico-de-promotor-da-igualdade-racial-em-camacari-bahia\\\/#webpage\"},\"isPartOf\":{\"@id\":\"https:\\\/\\\/www.encontracamacari.com.br\\\/sobre\\\/terreiro-unzo-tateto-lembi-recebe-titulo-honorifico-de-promotor-da-igualdade-racial-em-camacari-bahia\\\/#webpage\"},\"articleSection\":\"Not\\u00edcias Cama\\u00e7ari\"},{\"@type\":\"BreadcrumbList\",\"@id\":\"https:\\\/\\\/www.encontracamacari.com.br\\\/sobre\\\/terreiro-unzo-tateto-lembi-recebe-titulo-honorifico-de-promotor-da-igualdade-racial-em-camacari-bahia\\\/#breadcrumblist\",\"itemListElement\":[{\"@type\":\"ListItem\",\"@id\":\"https:\\\/\\\/www.encontracamacari.com.br\\\/sobre#listItem\",\"position\":1,\"name\":\"Home\",\"item\":\"https:\\\/\\\/www.encontracamacari.com.br\\\/sobre\",\"nextItem\":{\"@type\":\"ListItem\",\"@id\":\"https:\\\/\\\/www.encontracamacari.com.br\\\/sobre\\\/noticias-em-camacari\\\/#listItem\",\"name\":\"Not\\u00edcias Cama\\u00e7ari\"}},{\"@type\":\"ListItem\",\"@id\":\"https:\\\/\\\/www.encontracamacari.com.br\\\/sobre\\\/noticias-em-camacari\\\/#listItem\",\"position\":2,\"name\":\"Not\\u00edcias Cama\\u00e7ari\",\"item\":\"https:\\\/\\\/www.encontracamacari.com.br\\\/sobre\\\/noticias-em-camacari\\\/\",\"nextItem\":{\"@type\":\"ListItem\",\"@id\":\"https:\\\/\\\/www.encontracamacari.com.br\\\/sobre\\\/terreiro-unzo-tateto-lembi-recebe-titulo-honorifico-de-promotor-da-igualdade-racial-em-camacari-bahia\\\/#listItem\",\"name\":\"Terreiro Unz\\u00f3 Tat\\u00eato Lembi recebe t\\u00edtulo honor\\u00edfico de promotor da igualdade racial, em Cama\\u00e7ari\\\/Bahia\"},\"previousItem\":{\"@type\":\"ListItem\",\"@id\":\"https:\\\/\\\/www.encontracamacari.com.br\\\/sobre#listItem\",\"name\":\"Home\"}},{\"@type\":\"ListItem\",\"@id\":\"https:\\\/\\\/www.encontracamacari.com.br\\\/sobre\\\/terreiro-unzo-tateto-lembi-recebe-titulo-honorifico-de-promotor-da-igualdade-racial-em-camacari-bahia\\\/#listItem\",\"position\":3,\"name\":\"Terreiro Unz\\u00f3 Tat\\u00eato Lembi recebe t\\u00edtulo honor\\u00edfico de promotor da igualdade racial, em Cama\\u00e7ari\\\/Bahia\",\"previousItem\":{\"@type\":\"ListItem\",\"@id\":\"https:\\\/\\\/www.encontracamacari.com.br\\\/sobre\\\/noticias-em-camacari\\\/#listItem\",\"name\":\"Not\\u00edcias Cama\\u00e7ari\"}}]},{\"@type\":\"Organization\",\"@id\":\"https:\\\/\\\/www.encontracamacari.com.br\\\/sobre\\\/#organization\",\"name\":\"Encontra Cama\\u00e7ari\",\"description\":\"Not\\u00edcias, eventos, informa\\u00e7\\u00f5es e dicas na cidade de Cama\\u00e7ari e regi\\u00e3o.\",\"url\":\"https:\\\/\\\/www.encontracamacari.com.br\\\/sobre\\\/\"},{\"@type\":\"Person\",\"@id\":\"https:\\\/\\\/www.encontracamacari.com.br\\\/sobre\\\/author\\\/ecamacari\\\/#author\",\"url\":\"https:\\\/\\\/www.encontracamacari.com.br\\\/sobre\\\/author\\\/ecamacari\\\/\",\"name\":\"Encontra Cama\\u00e7ari\",\"image\":{\"@type\":\"ImageObject\",\"@id\":\"https:\\\/\\\/www.encontracamacari.com.br\\\/sobre\\\/terreiro-unzo-tateto-lembi-recebe-titulo-honorifico-de-promotor-da-igualdade-racial-em-camacari-bahia\\\/#authorImage\",\"url\":\"https:\\\/\\\/secure.gravatar.com\\\/avatar\\\/507340682b8270222e1f208e23198b6ae7e2c6a1033ae84e99bc6bce4f82a387?s=96&d=mm&r=g\",\"width\":96,\"height\":96,\"caption\":\"Encontra Cama\\u00e7ari\"}},{\"@type\":\"WebPage\",\"@id\":\"https:\\\/\\\/www.encontracamacari.com.br\\\/sobre\\\/terreiro-unzo-tateto-lembi-recebe-titulo-honorifico-de-promotor-da-igualdade-racial-em-camacari-bahia\\\/#webpage\",\"url\":\"https:\\\/\\\/www.encontracamacari.com.br\\\/sobre\\\/terreiro-unzo-tateto-lembi-recebe-titulo-honorifico-de-promotor-da-igualdade-racial-em-camacari-bahia\\\/\",\"name\":\"Terreiro Unz\\u00f3 Tat\\u00eato Lembi recebe t\\u00edtulo honor\\u00edfico de promotor da igualdade racial, em Cama\\u00e7ari\\\/Bahia - Encontra Cama\\u00e7ari\",\"description\":\"Terreiro Unz\\u00f3 Tat\\u00eato Lembi \\u00e9 reconhecido por sua luta pela igualdade racial.\",\"inLanguage\":\"pt-BR\",\"isPartOf\":{\"@id\":\"https:\\\/\\\/www.encontracamacari.com.br\\\/sobre\\\/#website\"},\"breadcrumb\":{\"@id\":\"https:\\\/\\\/www.encontracamacari.com.br\\\/sobre\\\/terreiro-unzo-tateto-lembi-recebe-titulo-honorifico-de-promotor-da-igualdade-racial-em-camacari-bahia\\\/#breadcrumblist\"},\"author\":{\"@id\":\"https:\\\/\\\/www.encontracamacari.com.br\\\/sobre\\\/author\\\/ecamacari\\\/#author\"},\"creator\":{\"@id\":\"https:\\\/\\\/www.encontracamacari.com.br\\\/sobre\\\/author\\\/ecamacari\\\/#author\"},\"image\":{\"@type\":\"ImageObject\",\"url\":\"https:\\\/\\\/www.encontracamacari.com.br\\\/sobre\\\/wp-content\\\/uploads\\\/2026\\\/01\\\/terreiro-unzo-tateto-lembi-recebe-titulo-honorifico-de-promotor-da-igualdade-racial-em-camacari-bahi.webp\",\"@id\":\"https:\\\/\\\/www.encontracamacari.com.br\\\/sobre\\\/terreiro-unzo-tateto-lembi-recebe-titulo-honorifico-de-promotor-da-igualdade-racial-em-camacari-bahia\\\/#mainImage\",\"width\":280,\"height\":280,\"caption\":\"Terreiro Unz\\u00f3 Tat\\u00eato Lembi\"},\"primaryImageOfPage\":{\"@id\":\"https:\\\/\\\/www.encontracamacari.com.br\\\/sobre\\\/terreiro-unzo-tateto-lembi-recebe-titulo-honorifico-de-promotor-da-igualdade-racial-em-camacari-bahia\\\/#mainImage\"},\"datePublished\":\"2026-01-17T06:17:18+00:00\",\"dateModified\":\"2026-01-17T06:17:18+00:00\"},{\"@type\":\"WebSite\",\"@id\":\"https:\\\/\\\/www.encontracamacari.com.br\\\/sobre\\\/#website\",\"url\":\"https:\\\/\\\/www.encontracamacari.com.br\\\/sobre\\\/\",\"name\":\"Encontra Cama\\u00e7ari\",\"description\":\"Not\\u00edcias, eventos, informa\\u00e7\\u00f5es e dicas na cidade de Cama\\u00e7ari e regi\\u00e3o.\",\"inLanguage\":\"pt-BR\",\"publisher\":{\"@id\":\"https:\\\/\\\/www.encontracamacari.com.br\\\/sobre\\\/#organization\"}}]}\n\t\t<\/script>\n\t\t<!-- All in One SEO -->\n\n","aioseo_head_json":{"title":"Terreiro Unz\u00f3 Tat\u00eato Lembi recebe t\u00edtulo honor\u00edfico de promotor da igualdade racial, em Cama\u00e7ari\/Bahia - Encontra Cama\u00e7ari","description":"Terreiro Unz\u00f3 Tat\u00eato Lembi \u00e9 reconhecido por sua luta pela igualdade racial.","canonical_url":"https:\/\/www.encontracamacari.com.br\/sobre\/terreiro-unzo-tateto-lembi-recebe-titulo-honorifico-de-promotor-da-igualdade-racial-em-camacari-bahia\/","robots":"max-image-preview:large","keywords":"","webmasterTools":{"miscellaneous":""},"schema":{"@context":"https:\/\/schema.org","@graph":[{"@type":"BlogPosting","@id":"https:\/\/www.encontracamacari.com.br\/sobre\/terreiro-unzo-tateto-lembi-recebe-titulo-honorifico-de-promotor-da-igualdade-racial-em-camacari-bahia\/#blogposting","name":"Terreiro Unz\u00f3 Tat\u00eato Lembi recebe t\u00edtulo honor\u00edfico de promotor da igualdade racial, em Cama\u00e7ari\/Bahia - Encontra Cama\u00e7ari","headline":"Terreiro Unz\u00f3 Tat\u00eato Lembi recebe t\u00edtulo honor\u00edfico de promotor da igualdade racial, em Cama\u00e7ari\/Bahia","author":{"@id":"https:\/\/www.encontracamacari.com.br\/sobre\/author\/ecamacari\/#author"},"publisher":{"@id":"https:\/\/www.encontracamacari.com.br\/sobre\/#organization"},"image":{"@type":"ImageObject","url":"https:\/\/www.encontracamacari.com.br\/sobre\/wp-content\/uploads\/2026\/01\/terreiro-unzo-tateto-lembi-recebe-titulo-honorifico-de-promotor-da-igualdade-racial-em-camacari-bahi.webp","width":280,"height":280,"caption":"Terreiro Unz\u00f3 Tat\u00eato Lembi"},"datePublished":"2026-01-17T06:17:18+00:00","dateModified":"2026-01-17T06:17:18+00:00","inLanguage":"pt-BR","mainEntityOfPage":{"@id":"https:\/\/www.encontracamacari.com.br\/sobre\/terreiro-unzo-tateto-lembi-recebe-titulo-honorifico-de-promotor-da-igualdade-racial-em-camacari-bahia\/#webpage"},"isPartOf":{"@id":"https:\/\/www.encontracamacari.com.br\/sobre\/terreiro-unzo-tateto-lembi-recebe-titulo-honorifico-de-promotor-da-igualdade-racial-em-camacari-bahia\/#webpage"},"articleSection":"Not\u00edcias Cama\u00e7ari"},{"@type":"BreadcrumbList","@id":"https:\/\/www.encontracamacari.com.br\/sobre\/terreiro-unzo-tateto-lembi-recebe-titulo-honorifico-de-promotor-da-igualdade-racial-em-camacari-bahia\/#breadcrumblist","itemListElement":[{"@type":"ListItem","@id":"https:\/\/www.encontracamacari.com.br\/sobre#listItem","position":1,"name":"Home","item":"https:\/\/www.encontracamacari.com.br\/sobre","nextItem":{"@type":"ListItem","@id":"https:\/\/www.encontracamacari.com.br\/sobre\/noticias-em-camacari\/#listItem","name":"Not\u00edcias Cama\u00e7ari"}},{"@type":"ListItem","@id":"https:\/\/www.encontracamacari.com.br\/sobre\/noticias-em-camacari\/#listItem","position":2,"name":"Not\u00edcias Cama\u00e7ari","item":"https:\/\/www.encontracamacari.com.br\/sobre\/noticias-em-camacari\/","nextItem":{"@type":"ListItem","@id":"https:\/\/www.encontracamacari.com.br\/sobre\/terreiro-unzo-tateto-lembi-recebe-titulo-honorifico-de-promotor-da-igualdade-racial-em-camacari-bahia\/#listItem","name":"Terreiro Unz\u00f3 Tat\u00eato Lembi recebe t\u00edtulo honor\u00edfico de promotor da igualdade racial, em Cama\u00e7ari\/Bahia"},"previousItem":{"@type":"ListItem","@id":"https:\/\/www.encontracamacari.com.br\/sobre#listItem","name":"Home"}},{"@type":"ListItem","@id":"https:\/\/www.encontracamacari.com.br\/sobre\/terreiro-unzo-tateto-lembi-recebe-titulo-honorifico-de-promotor-da-igualdade-racial-em-camacari-bahia\/#listItem","position":3,"name":"Terreiro Unz\u00f3 Tat\u00eato Lembi recebe t\u00edtulo honor\u00edfico de promotor da igualdade racial, em Cama\u00e7ari\/Bahia","previousItem":{"@type":"ListItem","@id":"https:\/\/www.encontracamacari.com.br\/sobre\/noticias-em-camacari\/#listItem","name":"Not\u00edcias Cama\u00e7ari"}}]},{"@type":"Organization","@id":"https:\/\/www.encontracamacari.com.br\/sobre\/#organization","name":"Encontra Cama\u00e7ari","description":"Not\u00edcias, eventos, informa\u00e7\u00f5es e dicas na cidade de Cama\u00e7ari e regi\u00e3o.","url":"https:\/\/www.encontracamacari.com.br\/sobre\/"},{"@type":"Person","@id":"https:\/\/www.encontracamacari.com.br\/sobre\/author\/ecamacari\/#author","url":"https:\/\/www.encontracamacari.com.br\/sobre\/author\/ecamacari\/","name":"Encontra Cama\u00e7ari","image":{"@type":"ImageObject","@id":"https:\/\/www.encontracamacari.com.br\/sobre\/terreiro-unzo-tateto-lembi-recebe-titulo-honorifico-de-promotor-da-igualdade-racial-em-camacari-bahia\/#authorImage","url":"https:\/\/secure.gravatar.com\/avatar\/507340682b8270222e1f208e23198b6ae7e2c6a1033ae84e99bc6bce4f82a387?s=96&d=mm&r=g","width":96,"height":96,"caption":"Encontra Cama\u00e7ari"}},{"@type":"WebPage","@id":"https:\/\/www.encontracamacari.com.br\/sobre\/terreiro-unzo-tateto-lembi-recebe-titulo-honorifico-de-promotor-da-igualdade-racial-em-camacari-bahia\/#webpage","url":"https:\/\/www.encontracamacari.com.br\/sobre\/terreiro-unzo-tateto-lembi-recebe-titulo-honorifico-de-promotor-da-igualdade-racial-em-camacari-bahia\/","name":"Terreiro Unz\u00f3 Tat\u00eato Lembi recebe t\u00edtulo honor\u00edfico de promotor da igualdade racial, em Cama\u00e7ari\/Bahia - Encontra Cama\u00e7ari","description":"Terreiro Unz\u00f3 Tat\u00eato Lembi \u00e9 reconhecido por sua luta pela igualdade racial.","inLanguage":"pt-BR","isPartOf":{"@id":"https:\/\/www.encontracamacari.com.br\/sobre\/#website"},"breadcrumb":{"@id":"https:\/\/www.encontracamacari.com.br\/sobre\/terreiro-unzo-tateto-lembi-recebe-titulo-honorifico-de-promotor-da-igualdade-racial-em-camacari-bahia\/#breadcrumblist"},"author":{"@id":"https:\/\/www.encontracamacari.com.br\/sobre\/author\/ecamacari\/#author"},"creator":{"@id":"https:\/\/www.encontracamacari.com.br\/sobre\/author\/ecamacari\/#author"},"image":{"@type":"ImageObject","url":"https:\/\/www.encontracamacari.com.br\/sobre\/wp-content\/uploads\/2026\/01\/terreiro-unzo-tateto-lembi-recebe-titulo-honorifico-de-promotor-da-igualdade-racial-em-camacari-bahi.webp","@id":"https:\/\/www.encontracamacari.com.br\/sobre\/terreiro-unzo-tateto-lembi-recebe-titulo-honorifico-de-promotor-da-igualdade-racial-em-camacari-bahia\/#mainImage","width":280,"height":280,"caption":"Terreiro Unz\u00f3 Tat\u00eato Lembi"},"primaryImageOfPage":{"@id":"https:\/\/www.encontracamacari.com.br\/sobre\/terreiro-unzo-tateto-lembi-recebe-titulo-honorifico-de-promotor-da-igualdade-racial-em-camacari-bahia\/#mainImage"},"datePublished":"2026-01-17T06:17:18+00:00","dateModified":"2026-01-17T06:17:18+00:00"},{"@type":"WebSite","@id":"https:\/\/www.encontracamacari.com.br\/sobre\/#website","url":"https:\/\/www.encontracamacari.com.br\/sobre\/","name":"Encontra Cama\u00e7ari","description":"Not\u00edcias, eventos, informa\u00e7\u00f5es e dicas na cidade de Cama\u00e7ari e regi\u00e3o.","inLanguage":"pt-BR","publisher":{"@id":"https:\/\/www.encontracamacari.com.br\/sobre\/#organization"}}]},"og:locale":"pt_BR","og:site_name":"Encontra Cama\u00e7ari - Not\u00edcias, eventos, informa\u00e7\u00f5es e dicas na cidade de Cama\u00e7ari e regi\u00e3o.","og:type":"article","og:title":"Terreiro Unz\u00f3 Tat\u00eato Lembi recebe t\u00edtulo honor\u00edfico de promotor da igualdade racial, em Cama\u00e7ari\/Bahia - Encontra Cama\u00e7ari","og:description":"Terreiro Unz\u00f3 Tat\u00eato Lembi \u00e9 reconhecido por sua luta pela igualdade racial.","og:url":"https:\/\/www.encontracamacari.com.br\/sobre\/terreiro-unzo-tateto-lembi-recebe-titulo-honorifico-de-promotor-da-igualdade-racial-em-camacari-bahia\/","article:published_time":"2026-01-17T06:17:18+00:00","article:modified_time":"2026-01-17T06:17:18+00:00","twitter:card":"summary_large_image","twitter:title":"Terreiro Unz\u00f3 Tat\u00eato Lembi recebe t\u00edtulo honor\u00edfico de promotor da igualdade racial, em Cama\u00e7ari\/Bahia - Encontra Cama\u00e7ari","twitter:description":"Terreiro Unz\u00f3 Tat\u00eato Lembi \u00e9 reconhecido por sua luta pela igualdade racial."},"aioseo_meta_data":{"post_id":"584","title":null,"description":null,"keywords":null,"keyphrases":null,"primary_term":null,"canonical_url":null,"og_title":null,"og_description":null,"og_object_type":"default","og_image_type":"default","og_image_url":null,"og_image_width":null,"og_image_height":null,"og_image_custom_url":null,"og_image_custom_fields":null,"og_video":null,"og_custom_url":null,"og_article_section":null,"og_article_tags":null,"twitter_use_og":false,"twitter_card":"default","twitter_image_type":"default","twitter_image_url":null,"twitter_image_custom_url":null,"twitter_image_custom_fields":null,"twitter_title":null,"twitter_description":null,"schema":{"blockGraphs":[],"customGraphs":[],"default":{"data":{"Article":[],"Course":[],"Dataset":[],"FAQPage":[],"Movie":[],"Person":[],"Product":[],"ProductReview":[],"Car":[],"Recipe":[],"Service":[],"SoftwareApplication":[],"WebPage":[]},"graphName":"BlogPosting","isEnabled":true},"graphs":[]},"schema_type":"default","schema_type_options":null,"pillar_content":false,"robots_default":true,"robots_noindex":false,"robots_noarchive":false,"robots_nosnippet":false,"robots_nofollow":false,"robots_noimageindex":false,"robots_noodp":false,"robots_notranslate":false,"robots_max_snippet":null,"robots_max_videopreview":null,"robots_max_imagepreview":"large","priority":null,"frequency":null,"local_seo":null,"limit_modified_date":false,"created":"2026-01-17 06:17:23","updated":"2026-08-06 00:59:58","focus_keyword":null,"additional_keywords":null,"truseo_locale":null,"ai":null,"breadcrumb_settings":null,"seo_analyzer_scan_date":null},"aioseo_breadcrumb":"<div class=\"aioseo-breadcrumbs\"><span class=\"aioseo-breadcrumb\">\n\t\t\t<a href=\"https:\/\/www.encontracamacari.com.br\/sobre\" title=\"Home\">Home<\/a>\n\t\t<\/span><span class=\"aioseo-breadcrumb-separator\">&raquo;<\/span><span class=\"aioseo-breadcrumb\">\n\t\t\t<a href=\"https:\/\/www.encontracamacari.com.br\/sobre\/noticias-em-camacari\/\" title=\"Not\u00edcias Cama\u00e7ari\">Not\u00edcias Cama\u00e7ari<\/a>\n\t\t<\/span><span class=\"aioseo-breadcrumb-separator\">&raquo;<\/span><span class=\"aioseo-breadcrumb\">\n\t\t\tTerreiro Unz\u00f3 Tat\u00eato Lembi recebe t\u00edtulo honor\u00edfico de promotor da igualdade racial, em Cama\u00e7ari\/Bahia\n\t\t<\/span><\/div>","aioseo_breadcrumb_json":[{"label":"Home","link":"https:\/\/www.encontracamacari.com.br\/sobre"},{"label":"Not\u00edcias Cama\u00e7ari","link":"https:\/\/www.encontracamacari.com.br\/sobre\/noticias-em-camacari\/"},{"label":"Terreiro Unz\u00f3 Tat\u00eato Lembi recebe t\u00edtulo honor\u00edfico de promotor da igualdade racial, em Cama\u00e7ari\/Bahia","link":"https:\/\/www.encontracamacari.com.br\/sobre\/terreiro-unzo-tateto-lembi-recebe-titulo-honorifico-de-promotor-da-igualdade-racial-em-camacari-bahia\/"}],"_links":{"self":[{"href":"https:\/\/www.encontracamacari.com.br\/sobre\/wp-json\/wp\/v2\/posts\/584","targetHints":{"allow":["GET"]}}],"collection":[{"href":"https:\/\/www.encontracamacari.com.br\/sobre\/wp-json\/wp\/v2\/posts"}],"about":[{"href":"https:\/\/www.encontracamacari.com.br\/sobre\/wp-json\/wp\/v2\/types\/post"}],"author":[{"embeddable":true,"href":"https:\/\/www.encontracamacari.com.br\/sobre\/wp-json\/wp\/v2\/users\/1"}],"replies":[{"embeddable":true,"href":"https:\/\/www.encontracamacari.com.br\/sobre\/wp-json\/wp\/v2\/comments?post=584"}],"version-history":[{"count":0,"href":"https:\/\/www.encontracamacari.com.br\/sobre\/wp-json\/wp\/v2\/posts\/584\/revisions"}],"wp:featuredmedia":[{"embeddable":true,"href":"https:\/\/www.encontracamacari.com.br\/sobre\/wp-json\/wp\/v2\/media\/583"}],"wp:attachment":[{"href":"https:\/\/www.encontracamacari.com.br\/sobre\/wp-json\/wp\/v2\/media?parent=584"}],"wp:term":[{"taxonomy":"category","embeddable":true,"href":"https:\/\/www.encontracamacari.com.br\/sobre\/wp-json\/wp\/v2\/categories?post=584"},{"taxonomy":"post_tag","embeddable":true,"href":"https:\/\/www.encontracamacari.com.br\/sobre\/wp-json\/wp\/v2\/tags?post=584"}],"curies":[{"name":"wp","href":"https:\/\/api.w.org\/{rel}","templated":true}]}}