{"id":582,"date":"2026-01-17T06:15:48","date_gmt":"2026-01-17T06:15:48","guid":{"rendered":"https:\/\/www.encontracamacari.com.br\/sobre\/em-camacari-ba-mir-lanca-campanha-nacional-e-realiza-adesoes-de-municipios-a-politicas-de-igualdade-racial\/"},"modified":"2026-01-17T06:15:48","modified_gmt":"2026-01-17T06:15:48","slug":"em-camacari-ba-mir-lanca-campanha-nacional-e-realiza-adesoes-de-municipios-a-politicas-de-igualdade-racial","status":"publish","type":"post","link":"https:\/\/www.encontracamacari.com.br\/sobre\/em-camacari-ba-mir-lanca-campanha-nacional-e-realiza-adesoes-de-municipios-a-politicas-de-igualdade-racial\/","title":{"rendered":"Em Cama\u00e7ari (BA), MIR lan\u00e7a campanha nacional e realiza ades\u00f5es de munic\u00edpios a pol\u00edticas de igualdade racial"},"content":{"rendered":"<div class=\"2410bb7248a64bb1f71103797e0f239b\" data-index=\"1\" style=\"float: none; margin:0px;\">\n<ins class=\"adsbygoogle\"\r\n     style=\"display:block\"\r\n     data-ad-client=\"ca-pub-8585364105181520\"\r\n     data-ad-slot=\"8789329856\"\r\n     data-ad-format=\"auto\"\r\n     data-full-width-responsive=\"true\"><\/ins>\r\n<script>\r\n     (adsbygoogle = window.adsbygoogle || []).push({});\r\n<\/script>\n<\/div>\n<h2>Caminhos para a Igualdade Racial<\/h2>\n<p>A busca pela igualdade racial \u00e9 um dos pilares fundamentais para a constru\u00e7\u00e3o de uma sociedade mais justa e equitativa. No Brasil, a desigualdade racial manifesta-se atrav\u00e9s de disparidades em diversas \u00e1reas, como educa\u00e7\u00e3o, sa\u00fade, trabalho e direitos civis. Para enfrentar essa realidade, \u00e9 essencial adotar estrat\u00e9gias que promovam a equidade e o respeito \u00e0s diversidades \u00e9tnico-raciais.<\/p>\n<p>Esses caminhos para a igualdade racial passam por pol\u00edticas p\u00fablicas eficazes, que devem ser articuladas em n\u00edvel federal, estadual e municipal. A implementa\u00e7\u00e3o de a\u00e7\u00f5es que visam a promo\u00e7\u00e3o da igualdade racial envolve concertos entre diferentes inst\u00e2ncias do governo e da sociedade civil, apenas assim ser\u00e1 poss\u00edvel mudar a narrativa e promover a inclus\u00e3o de grupos historicamente marginalizados.<\/p>\n<p>Um exemplo deste esfor\u00e7o s\u00e3o as pol\u00edticas de a\u00e7\u00e3o afirmativa que buscam garantir oportunidades iguais para a popula\u00e7\u00e3o negra e ind\u00edgena, enfatizando a import\u00e2ncia de se rever quotas em institui\u00e7\u00f5es educacionais e no mercado de trabalho. Al\u00e9m disso, programas de conscientiza\u00e7\u00e3o e sensibiliza\u00e7\u00e3o para o combate ao racismo s\u00e3o essenciais para desenvolver uma cultura de respeito e valoriza\u00e7\u00e3o da diversidade racial.<\/p>\n<p><img decoding=\"async\" src=\"https:\/\/www.encontracamacari.com.br\/sobre\/wp-content\/uploads\/2026\/01\/em-camacari-ba-mir-lanca-campanha-nacional-e-realiza-adesoes-de-municipios-a-politicas-de-igualdade-.webp\" alt=\"igualdade racial\" loading=\"lazy\" \/><\/p>\n<h2>Ades\u00e3o de Munic\u00edpios a Pol\u00edticas P\u00fablicas<\/h2>\n<p>A ades\u00e3o de munic\u00edpios \u00e0s pol\u00edticas p\u00fablicas de promo\u00e7\u00e3o da igualdade racial \u00e9 um passo significante para a constru\u00e7\u00e3o de um Brasil mais justo. Ao totalizar a ades\u00e3o de 23 munic\u00edpios na Bahia a diversas pol\u00edticas, como a Pol\u00edtica Nacional para Povos e Comunidades Tradicionais de Terreiro e de Matriz Africana (PNPTMA) e a Pol\u00edtica Nacional de Gest\u00e3o Territorial e Ambiental Quilombola (PNGTAQ), o Minist\u00e9rio da Igualdade Racial evidencia a import\u00e2ncia de estrat\u00e9gias locais na luta pela igualdade racial.<\/p>\n<p>A participa\u00e7\u00e3o dos munic\u00edpios neste processo n\u00e3o s\u00f3 fortalece as pr\u00e1ticas j\u00e1 existentes, mas tamb\u00e9m estimula um ambiente de coopera\u00e7\u00e3o e colabora\u00e7\u00e3o entre as comunidades. Isso possibilita a cria\u00e7\u00e3o de um sistema mais robusto de defesa dos direitos da popula\u00e7\u00e3o negra e de comunidades tradicionais, afirmando a necessidade de estruturas que priorizem a escuta das especificidades culturais de cada localidade.<\/p>\n<p>Ademais, a ades\u00e3o \u00e0 Pol\u00edtica Nacional de Promo\u00e7\u00e3o da Igualdade Racial (PNPIR) ajuda a construir medidas concretas que promovam a repara\u00e7\u00e3o das desigualdades hist\u00f3ricas e sociais na popula\u00e7\u00e3o negra e afro-brasileira, visando uma transforma\u00e7\u00e3o efetiva no longo prazo.<\/p>\n<h2>Import\u00e2ncia da Escuta da Popula\u00e7\u00e3o<\/h2>\n<p>Um dos aspectos mais cruciais em qualquer pol\u00edtica p\u00fablica \u00e9 a escuta ativa da popula\u00e7\u00e3o. \u00c9 indispens\u00e1vel que as estrat\u00e9gias de promo\u00e7\u00e3o da igualdade racial sejam constru\u00eddas a partir das demandas e realidades vividas pelas comunidades diretamente afetadas. Ao dar voz aos cidad\u00e3os, o governo pode elaborar solu\u00e7\u00f5es que realmente atendam \u00e0s necessidades locais.<\/p>\n<p>Programas que incentivam o di\u00e1logo com as pessoas afetadas por quest\u00f5es de desigualdade racial garantem que suas viv\u00eancias sejam reconhecidas e consideradas. Para isso, audi\u00eancias p\u00fablicas, f\u00f3runs e consultorias s\u00e3o ferramentas valiosas, permitindo que as pessoas expressam suas opini\u00f5es e contribuam para a formula\u00e7\u00e3o de pol\u00edticas mais justas e inclusivas.<\/p>\n<p>A escuta tamb\u00e9m fortalece a confian\u00e7a entre o governo e a comunidade. Quando a popula\u00e7\u00e3o percebe que suas reclama\u00e7\u00f5es e sugest\u00f5es s\u00e3o levadas em considera\u00e7\u00e3o, ela se sente mais valorizada e engajada no processo de constru\u00e7\u00e3o das solu\u00e7\u00f5es necess\u00e1rias para a promo\u00e7\u00e3o da igualdade racial.<\/p>\n<h2>Eventos de Entrega e Compromisso<\/h2>\n<p>Os eventos de entrega de pol\u00edticas p\u00fablicas s\u00e3o momentos emblem\u00e1ticos, pois simbolizam a concretiza\u00e7\u00e3o de acordos e compromissos assumidos entre diferentes n\u00edveis de governo e a sociedade. Durante esses eventos, \u00e9 comum que sejam apresentados relatos de experi\u00eancias bem-sucedidas, destacando iniciativas que se revelaram eficazes na luta pela igualdade racial.<\/p>\n<p>Esses encontros tamb\u00e9m funcionam como um espa\u00e7o para firmar novas parcerias e fortalecer os v\u00ednculos entre os participantes. A presen\u00e7a de lideran\u00e7as comunit\u00e1rias, aliados e agentes p\u00fablicos demonstra um apoio coletivo para a implementa\u00e7\u00e3o de a\u00e7\u00f5es que visam um futuro mais igualit\u00e1rio. \u00c9 neste contexto que se cria um ambiente de sinergia, onde todos se sentem parte do processo.<\/p>\n<p>Ao formalizar a ades\u00e3o a pol\u00edticas p\u00fablicas, promove-se a accountability, um aspecto fundamental para garantir que todos os envolvidos estejam comprometidos a produzir resultados positivos. A transpar\u00eancia nos processos \u00e9 fundamental para fortalecer a confian\u00e7a e a responsabilidade m\u00fatua entre as inst\u00e2ncias governamentais e as comunidades.<\/p>\n<h2>Campanha &#8216;Sem Racismo o Carnaval Brilha Mais&#8217;<\/h2>\n<p>O carnaval, uma das festas mais populares do Brasil, \u00e9 tamb\u00e9m um espa\u00e7o que deve ser celebrado por sua diversidade e inclus\u00e3o. A campanha &#8220;Sem Racismo o Carnaval Brilha Mais&#8221; refor\u00e7a a import\u00e2ncia de criar ambientes respeitosos e acolhedores durante uma festividade que \u00e9 um patrim\u00f4nio cultural. A campanha busca fomentar o respeito, a diversidade e os direitos humanos, unindo esfor\u00e7os de m\u00faltiplos \u00f3rg\u00e3os para enfrentar a discrimina\u00e7\u00e3o racial durante este per\u00edodo.<\/p>\n<p>Esta iniciativa \u00e9 um exemplo pr\u00e1tico de como a\u00e7\u00f5es de conscientiza\u00e7\u00e3o podem ser implementadas em um evento de grande visibilidade, promovendo um respeito que deve ser uma pr\u00e1tica di\u00e1ria. Informar e educar os foli\u00f5es sobre a import\u00e2ncia de celebrar a diversidade \u00e9 essential para desconstruir preconceitos e fortalecer a conviv\u00eancia harmoniosa entre diferentes grupos sociais.<\/p><div class=\"2410bb7248a64bb1f71103797e0f239b\" data-index=\"2\" style=\"float: none; margin:0px;\">\n<ins class=\"adsbygoogle\"\r\n     style=\"display:block; text-align:center;\"\r\n     data-ad-layout=\"in-article\"\r\n     data-ad-format=\"fluid\"\r\n     data-ad-client=\"ca-pub-8585364105181520\"\r\n     data-ad-slot=\"2899217073\"><\/ins>\r\n<script>\r\n     (adsbygoogle = window.adsbygoogle || []).push({});\r\n<\/script>\r\n\r\n<\/br><\/br>\n<\/div>\n\n<p>Com essa campanha, promove-se tamb\u00e9m a valoriza\u00e7\u00e3o da cultura afro-brasileira, refor\u00e7ando a identidade e a hist\u00f3ria do povo negro no Brasil, que muitas vezes foram silenciados. Assim, ao celebrar a igualdade racial no carnaval, a sociedade pode contribuir para uma mudan\u00e7a cultural necess\u00e1ria, onde o respeito e a conviv\u00eancia pac\u00edfica sejam a norma, e n\u00e3o a exce\u00e7\u00e3o.<\/p>\n<h2>Avan\u00e7os na Pol\u00edtica Nacional para Comunidades Tradicionais<\/h2>\n<p>A Pol\u00edtica Nacional para Povos e Comunidades Tradicionais \u00e9 uma iniciativa que visa garantir direitos e promover o desenvolvimento sustent\u00e1vel desses grupos no Brasil. As comunidades tradicionais s\u00e3o marcadas por uma rica diversidade cultural e, frequentemente, enfrentam dificuldades em seu reconhecimento e na garantia de seus direitos.<\/p>\n<p>Com a ades\u00e3o a essa pol\u00edtica, os munic\u00edpios se comprometem a implementar iniciativas que reconhe\u00e7am e valorizem a cultura, o modo de vida e os saberes dessas comunidades. Isso contribui significativamente para a preserva\u00e7\u00e3o da identidade cultural e a promo\u00e7\u00e3o do desenvolvimento sustent\u00e1vel, garantindo que as comunidades possam se organizar e reivindicar seus direitos de forma mais efetiva.<\/p>\n<p>Al\u00e9m disso, a pol\u00edtica aborda quest\u00f5es de acessibilidade aos servi\u00e7os b\u00e1sicos, como educa\u00e7\u00e3o e sa\u00fade, buscando eliminar as barreiras que dificultam a inclus\u00e3o social dessas popula\u00e7\u00f5es. Ao promover o acesso a oportunidades e recursos, busca-se fortalecer a autonomia das comunidades tradicionais, permitindo que possam trilhar caminhos pr\u00f3prios de desenvolvimento.<\/p>\n<h2>O Papel do Sinapir na Igualdade Racial<\/h2>\n<p>O Sistema Nacional de Promo\u00e7\u00e3o da Igualdade Racial (Sinapir) \u00e9 um dispositivo fundamental na promo\u00e7\u00e3o de pol\u00edticas de igualdade racial. Ele atua como um canal de articula\u00e7\u00e3o entre os diferentes \u00f3rg\u00e3os p\u00fablicos, assegurando que as a\u00e7\u00f5es a serem realizadas em \u00e2mbito local, estadual e federal estejam em sintonia com as necessidades das comunidades.<\/p>\n<p>O Sinapir possibilita a sistematiza\u00e7\u00e3o das informa\u00e7\u00f5es sobre a popula\u00e7\u00e3o negra e outras minorias, criando um banco de dados que facilita a an\u00e1lise e a formula\u00e7\u00e3o de pol\u00edticas p\u00fablicas eficazes. A partir dessa coleta de informa\u00e7\u00f5es, \u00e9 poss\u00edvel identificar prioridades e implementar a\u00e7\u00f5es focadas que respondam diretamente \u00e0s desigualdades sociais.<\/p>\n<p>Al\u00e9m disso, o Sinapir \u00e9 crucial para a forma\u00e7\u00e3o de parcerias com entidades da sociedade civil, promovendo uma atua\u00e7\u00e3o coordenada e integrada. Esse trabalho conjunto \u00e9 vital para que as a\u00e7\u00f5es de promo\u00e7\u00e3o da igualdade n\u00e3o se limitem a pol\u00edticas pontuais, mas que se transformem em uma verdadeira implementa\u00e7\u00e3o da cidadania plena para a popula\u00e7\u00e3o negra e demais comunidades tradicionais.<\/p>\n<h2>Estrat\u00e9gias para Enfrentamento ao Racismo<\/h2>\n<p>O enfrentamento ao racismo requer um conjunto diversificado de estrat\u00e9gias que atuem em v\u00e1rios n\u00edveis da sociedade. \u00c9 fundamental, primeiramente, a implementa\u00e7\u00e3o de campanhas de conscientiza\u00e7\u00e3o que promovam o respeito \u00e0s diferen\u00e7as e \u00e0 diversidade racial, mostrando os danos causados pela discrimina\u00e7\u00e3o e preconceito.<\/p>\n<p>Outro aspecto importante \u00e9 a educa\u00e7\u00e3o. \u00c9 imprescind\u00edvel que escolas abordem a hist\u00f3ria da popula\u00e7\u00e3o negra, suas conquistas e a rica contribui\u00e7\u00e3o que esta comunidade traz \u00e0 cultura brasileira. Por meio da educa\u00e7\u00e3o antirracista, \u00e9 poss\u00edvel trabalhar desde a inf\u00e2ncia para a constru\u00e7\u00e3o de uma sociedade mais justa e igualit\u00e1ria.<\/p>\n<p>Al\u00e9m disso, \u00e9 necess\u00e1rio garantir a promo\u00e7\u00e3o de pol\u00edticas que incentivem a representatividade em espa\u00e7os de decis\u00e3o, como meios de comunica\u00e7\u00e3o, na pol\u00edtica e em lideran\u00e7as comunit\u00e1rias. Quando pessoas de diferentes etnias ocupam posi\u00e7\u00f5es de lideran\u00e7a, isso altera a narrativa e desafia estere\u00f3tipos, permitindo que novas perspectivas sejam apresentadas e acolhidas.<\/p>\n<h2>Colabora\u00e7\u00e3o entre Governo e Comunidades<\/h2>\n<p>A colabora\u00e7\u00e3o entre o governo e as comunidades \u00e9 essencial para o progresso no que diz respeito \u00e0 igualdade racial. Essa parceria deve transcender rela\u00e7\u00f5es de conveni\u00eancia, buscando o fortalecimento do di\u00e1logo e a constru\u00e7\u00e3o de confian\u00e7a. Os governos devem abrir canais de comunica\u00e7\u00e3o efetivos que permitam \u00e0s comunidades expressar suas preocupa\u00e7\u00f5es e demandas.<\/p>\n<p>Por meio de conselhos e f\u00f3runs de discuss\u00e3o, como o Conselho Nacional de Promo\u00e7\u00e3o da Igualdade Racial (CNPIR), as comunidades t\u00eam a oportunidade de influenciar as pol\u00edticas que as afetam. Esse espa\u00e7o possibilita que a comunidade exer\u00e7a controle social, garantindo que suas necessidades sejam atendidas nas pol\u00edticas p\u00fablicas.<\/p>\n<p>A colabora\u00e7\u00e3o deve ser vista como um processo cont\u00ednuo de aprendizado e adapta\u00e7\u00e3o, onde ambos os lados est\u00e3o dispostos a dialogar e reconhecer as limita\u00e7\u00f5es e desafios enfrentados. Quando o governo e as comunidades trabalham juntos, os resultados s\u00e3o mais eficazes e sustent\u00e1veis.<\/p>\n<h2>Futuro da Igualdade Racial no Brasil<\/h2>\n<p>O futuro da igualdade racial no Brasil depende fundamentalmente dos esfor\u00e7os cont\u00ednuos para redefinir as estruturas sociais que perpetuam a desigualdade. O que se observa \u00e9 uma crescente consci\u00eancia dos problemas enfrentados pela popula\u00e7\u00e3o negra e das comunidades tradicionais, o que gera espa\u00e7o para discuss\u00f5es mais profundas e mudan\u00e7as significativas.<\/p>\n<p>Entretanto, a resist\u00eancia \u00e0 mudan\u00e7a ainda \u00e9 palp\u00e1vel, manifestando-se atrav\u00e9s de discursos e pr\u00e1ticas discriminat\u00f3rias. Portanto, \u00e9 crucial continuar investindo em educa\u00e7\u00e3o, conscientiza\u00e7\u00e3o e pol\u00edticas p\u00fablicas que realmente busquem desmantelar estruturas de racismo e discrimina\u00e7\u00e3o.<\/p>\n<p>Visualizando um futuro onde o respeito \u00e0 diversidade \u00e9 a regra e n\u00e3o a exce\u00e7\u00e3o, \u00e9 necess\u00e1rio que todos os setores da sociedade \u2013 incluindo governo, escolas, empresas e organiza\u00e7\u00f5es n\u00e3o governamentais \u2013 se unam nessa luta. A transforma\u00e7\u00e3o ser\u00e1 um reflexo do comprometimento coletivo e da vontade de se construir uma sociedade verdadeiramente inclusiva, onde todos os cidad\u00e3os, independentemente de sua ra\u00e7a, tenham iguais oportunidades e direitos.<\/p>\n<div class=\"2410bb7248a64bb1f71103797e0f239b\" data-index=\"3\" style=\"float: none; margin:0px;\">\n<\/br><\/br>\r\n\r\n<ins class=\"adsbygoogle\"\r\n     style=\"display:block\"\r\n     data-ad-format=\"fluid\"\r\n     data-ad-layout-key=\"-63+do+n-1s+9e\"\r\n     data-ad-client=\"ca-pub-8585364105181520\"\r\n     data-ad-slot=\"6838462089\"><\/ins>\r\n<script>\r\n     (adsbygoogle = window.adsbygoogle || []).push({});\r\n<\/script>\n<\/div>\n\n<div style=\"font-size: 0px; height: 0px; line-height: 0px; margin: 0; padding: 0; clear: both;\"><\/div>","protected":false},"excerpt":{"rendered":"<p>Campanha nacional do MIR em Cama\u00e7ari para promover igualdade racial nos munic\u00edpios.<\/p>\n","protected":false},"author":1,"featured_media":581,"comment_status":"open","ping_status":"closed","sticky":false,"template":"","format":"standard","meta":{"footnotes":""},"categories":[1],"tags":[],"class_list":["post-582","post","type-post","status-publish","format-standard","has-post-thumbnail","hentry","category-noticias-em-camacari","has_thumb"],"aioseo_notices":[],"aioseo_head":"\n\t\t<!-- All in One SEO 5.0.0.1 - aioseo.com -->\n\t<meta name=\"description\" content=\"Campanha nacional do MIR em Cama\u00e7ari para promover igualdade racial nos munic\u00edpios.\" \/>\n\t<meta name=\"robots\" content=\"max-image-preview:large\" \/>\n\t<meta name=\"author\" content=\"Encontra Cama\u00e7ari\"\/>\n\t<link rel=\"canonical\" href=\"https:\/\/www.encontracamacari.com.br\/sobre\/em-camacari-ba-mir-lanca-campanha-nacional-e-realiza-adesoes-de-municipios-a-politicas-de-igualdade-racial\/\" \/>\n\t<meta name=\"generator\" content=\"All in One SEO (AIOSEO) 5.0.0.1\" \/>\n\t\t<meta property=\"og:locale\" content=\"pt_BR\" \/>\n\t\t<meta property=\"og:site_name\" content=\"Encontra Cama\u00e7ari - Not\u00edcias, eventos, informa\u00e7\u00f5es e dicas na cidade de Cama\u00e7ari e regi\u00e3o.\" \/>\n\t\t<meta property=\"og:type\" content=\"article\" \/>\n\t\t<meta property=\"og:title\" content=\"Em Cama\u00e7ari (BA), MIR lan\u00e7a campanha nacional e realiza ades\u00f5es de munic\u00edpios a pol\u00edticas de igualdade racial - Encontra Cama\u00e7ari\" \/>\n\t\t<meta property=\"og:description\" content=\"Campanha nacional do MIR em Cama\u00e7ari para promover igualdade racial nos munic\u00edpios.\" \/>\n\t\t<meta property=\"og:url\" content=\"https:\/\/www.encontracamacari.com.br\/sobre\/em-camacari-ba-mir-lanca-campanha-nacional-e-realiza-adesoes-de-municipios-a-politicas-de-igualdade-racial\/\" \/>\n\t\t<meta property=\"article:published_time\" content=\"2026-01-17T06:15:48+00:00\" \/>\n\t\t<meta property=\"article:modified_time\" content=\"2026-01-17T06:15:48+00:00\" \/>\n\t\t<meta name=\"twitter:card\" content=\"summary_large_image\" \/>\n\t\t<meta name=\"twitter:title\" content=\"Em Cama\u00e7ari (BA), MIR lan\u00e7a campanha nacional e realiza ades\u00f5es de munic\u00edpios a pol\u00edticas de igualdade racial - Encontra Cama\u00e7ari\" \/>\n\t\t<meta name=\"twitter:description\" content=\"Campanha nacional do MIR em Cama\u00e7ari para promover igualdade racial nos munic\u00edpios.\" \/>\n\t\t<script type=\"application\/ld+json\" class=\"aioseo-schema\">\n\t\t\t{\"@context\":\"https:\\\/\\\/schema.org\",\"@graph\":[{\"@type\":\"BlogPosting\",\"@id\":\"https:\\\/\\\/www.encontracamacari.com.br\\\/sobre\\\/em-camacari-ba-mir-lanca-campanha-nacional-e-realiza-adesoes-de-municipios-a-politicas-de-igualdade-racial\\\/#blogposting\",\"name\":\"Em Cama\\u00e7ari (BA), MIR lan\\u00e7a campanha nacional e realiza ades\\u00f5es de munic\\u00edpios a pol\\u00edticas de igualdade racial - Encontra Cama\\u00e7ari\",\"headline\":\"Em Cama\\u00e7ari (BA), MIR lan\\u00e7a campanha nacional e realiza ades\\u00f5es de munic\\u00edpios a pol\\u00edticas de igualdade racial\",\"author\":{\"@id\":\"https:\\\/\\\/www.encontracamacari.com.br\\\/sobre\\\/author\\\/ecamacari\\\/#author\"},\"publisher\":{\"@id\":\"https:\\\/\\\/www.encontracamacari.com.br\\\/sobre\\\/#organization\"},\"image\":{\"@type\":\"ImageObject\",\"url\":\"https:\\\/\\\/www.encontracamacari.com.br\\\/sobre\\\/wp-content\\\/uploads\\\/2026\\\/01\\\/em-camacari-ba-mir-lanca-campanha-nacional-e-realiza-adesoes-de-municipios-a-politicas-de-igualdade-.webp\",\"width\":280,\"height\":280,\"caption\":\"igualdade racial\"},\"datePublished\":\"2026-01-17T06:15:48+00:00\",\"dateModified\":\"2026-01-17T06:15:48+00:00\",\"inLanguage\":\"pt-BR\",\"mainEntityOfPage\":{\"@id\":\"https:\\\/\\\/www.encontracamacari.com.br\\\/sobre\\\/em-camacari-ba-mir-lanca-campanha-nacional-e-realiza-adesoes-de-municipios-a-politicas-de-igualdade-racial\\\/#webpage\"},\"isPartOf\":{\"@id\":\"https:\\\/\\\/www.encontracamacari.com.br\\\/sobre\\\/em-camacari-ba-mir-lanca-campanha-nacional-e-realiza-adesoes-de-municipios-a-politicas-de-igualdade-racial\\\/#webpage\"},\"articleSection\":\"Not\\u00edcias Cama\\u00e7ari\"},{\"@type\":\"BreadcrumbList\",\"@id\":\"https:\\\/\\\/www.encontracamacari.com.br\\\/sobre\\\/em-camacari-ba-mir-lanca-campanha-nacional-e-realiza-adesoes-de-municipios-a-politicas-de-igualdade-racial\\\/#breadcrumblist\",\"itemListElement\":[{\"@type\":\"ListItem\",\"@id\":\"https:\\\/\\\/www.encontracamacari.com.br\\\/sobre#listItem\",\"position\":1,\"name\":\"Home\",\"item\":\"https:\\\/\\\/www.encontracamacari.com.br\\\/sobre\",\"nextItem\":{\"@type\":\"ListItem\",\"@id\":\"https:\\\/\\\/www.encontracamacari.com.br\\\/sobre\\\/noticias-em-camacari\\\/#listItem\",\"name\":\"Not\\u00edcias Cama\\u00e7ari\"}},{\"@type\":\"ListItem\",\"@id\":\"https:\\\/\\\/www.encontracamacari.com.br\\\/sobre\\\/noticias-em-camacari\\\/#listItem\",\"position\":2,\"name\":\"Not\\u00edcias Cama\\u00e7ari\",\"item\":\"https:\\\/\\\/www.encontracamacari.com.br\\\/sobre\\\/noticias-em-camacari\\\/\",\"nextItem\":{\"@type\":\"ListItem\",\"@id\":\"https:\\\/\\\/www.encontracamacari.com.br\\\/sobre\\\/em-camacari-ba-mir-lanca-campanha-nacional-e-realiza-adesoes-de-municipios-a-politicas-de-igualdade-racial\\\/#listItem\",\"name\":\"Em Cama\\u00e7ari (BA), MIR lan\\u00e7a campanha nacional e realiza ades\\u00f5es de munic\\u00edpios a pol\\u00edticas de igualdade racial\"},\"previousItem\":{\"@type\":\"ListItem\",\"@id\":\"https:\\\/\\\/www.encontracamacari.com.br\\\/sobre#listItem\",\"name\":\"Home\"}},{\"@type\":\"ListItem\",\"@id\":\"https:\\\/\\\/www.encontracamacari.com.br\\\/sobre\\\/em-camacari-ba-mir-lanca-campanha-nacional-e-realiza-adesoes-de-municipios-a-politicas-de-igualdade-racial\\\/#listItem\",\"position\":3,\"name\":\"Em Cama\\u00e7ari (BA), MIR lan\\u00e7a campanha nacional e realiza ades\\u00f5es de munic\\u00edpios a pol\\u00edticas de igualdade racial\",\"previousItem\":{\"@type\":\"ListItem\",\"@id\":\"https:\\\/\\\/www.encontracamacari.com.br\\\/sobre\\\/noticias-em-camacari\\\/#listItem\",\"name\":\"Not\\u00edcias Cama\\u00e7ari\"}}]},{\"@type\":\"Organization\",\"@id\":\"https:\\\/\\\/www.encontracamacari.com.br\\\/sobre\\\/#organization\",\"name\":\"Encontra Cama\\u00e7ari\",\"description\":\"Not\\u00edcias, eventos, informa\\u00e7\\u00f5es e dicas na cidade de Cama\\u00e7ari e regi\\u00e3o.\",\"url\":\"https:\\\/\\\/www.encontracamacari.com.br\\\/sobre\\\/\"},{\"@type\":\"Person\",\"@id\":\"https:\\\/\\\/www.encontracamacari.com.br\\\/sobre\\\/author\\\/ecamacari\\\/#author\",\"url\":\"https:\\\/\\\/www.encontracamacari.com.br\\\/sobre\\\/author\\\/ecamacari\\\/\",\"name\":\"Encontra Cama\\u00e7ari\",\"image\":{\"@type\":\"ImageObject\",\"@id\":\"https:\\\/\\\/www.encontracamacari.com.br\\\/sobre\\\/em-camacari-ba-mir-lanca-campanha-nacional-e-realiza-adesoes-de-municipios-a-politicas-de-igualdade-racial\\\/#authorImage\",\"url\":\"https:\\\/\\\/secure.gravatar.com\\\/avatar\\\/507340682b8270222e1f208e23198b6ae7e2c6a1033ae84e99bc6bce4f82a387?s=96&d=mm&r=g\",\"width\":96,\"height\":96,\"caption\":\"Encontra Cama\\u00e7ari\"}},{\"@type\":\"WebPage\",\"@id\":\"https:\\\/\\\/www.encontracamacari.com.br\\\/sobre\\\/em-camacari-ba-mir-lanca-campanha-nacional-e-realiza-adesoes-de-municipios-a-politicas-de-igualdade-racial\\\/#webpage\",\"url\":\"https:\\\/\\\/www.encontracamacari.com.br\\\/sobre\\\/em-camacari-ba-mir-lanca-campanha-nacional-e-realiza-adesoes-de-municipios-a-politicas-de-igualdade-racial\\\/\",\"name\":\"Em Cama\\u00e7ari (BA), MIR lan\\u00e7a campanha nacional e realiza ades\\u00f5es de munic\\u00edpios a pol\\u00edticas de igualdade racial - Encontra Cama\\u00e7ari\",\"description\":\"Campanha nacional do MIR em Cama\\u00e7ari para promover igualdade racial nos munic\\u00edpios.\",\"inLanguage\":\"pt-BR\",\"isPartOf\":{\"@id\":\"https:\\\/\\\/www.encontracamacari.com.br\\\/sobre\\\/#website\"},\"breadcrumb\":{\"@id\":\"https:\\\/\\\/www.encontracamacari.com.br\\\/sobre\\\/em-camacari-ba-mir-lanca-campanha-nacional-e-realiza-adesoes-de-municipios-a-politicas-de-igualdade-racial\\\/#breadcrumblist\"},\"author\":{\"@id\":\"https:\\\/\\\/www.encontracamacari.com.br\\\/sobre\\\/author\\\/ecamacari\\\/#author\"},\"creator\":{\"@id\":\"https:\\\/\\\/www.encontracamacari.com.br\\\/sobre\\\/author\\\/ecamacari\\\/#author\"},\"image\":{\"@type\":\"ImageObject\",\"url\":\"https:\\\/\\\/www.encontracamacari.com.br\\\/sobre\\\/wp-content\\\/uploads\\\/2026\\\/01\\\/em-camacari-ba-mir-lanca-campanha-nacional-e-realiza-adesoes-de-municipios-a-politicas-de-igualdade-.webp\",\"@id\":\"https:\\\/\\\/www.encontracamacari.com.br\\\/sobre\\\/em-camacari-ba-mir-lanca-campanha-nacional-e-realiza-adesoes-de-municipios-a-politicas-de-igualdade-racial\\\/#mainImage\",\"width\":280,\"height\":280,\"caption\":\"igualdade racial\"},\"primaryImageOfPage\":{\"@id\":\"https:\\\/\\\/www.encontracamacari.com.br\\\/sobre\\\/em-camacari-ba-mir-lanca-campanha-nacional-e-realiza-adesoes-de-municipios-a-politicas-de-igualdade-racial\\\/#mainImage\"},\"datePublished\":\"2026-01-17T06:15:48+00:00\",\"dateModified\":\"2026-01-17T06:15:48+00:00\"},{\"@type\":\"WebSite\",\"@id\":\"https:\\\/\\\/www.encontracamacari.com.br\\\/sobre\\\/#website\",\"url\":\"https:\\\/\\\/www.encontracamacari.com.br\\\/sobre\\\/\",\"name\":\"Encontra Cama\\u00e7ari\",\"description\":\"Not\\u00edcias, eventos, informa\\u00e7\\u00f5es e dicas na cidade de Cama\\u00e7ari e regi\\u00e3o.\",\"inLanguage\":\"pt-BR\",\"publisher\":{\"@id\":\"https:\\\/\\\/www.encontracamacari.com.br\\\/sobre\\\/#organization\"}}]}\n\t\t<\/script>\n\t\t<!-- All in One SEO -->\n\n","aioseo_head_json":{"title":"Em Cama\u00e7ari (BA), MIR lan\u00e7a campanha nacional e realiza ades\u00f5es de munic\u00edpios a pol\u00edticas de igualdade racial - Encontra Cama\u00e7ari","description":"Campanha nacional do MIR em Cama\u00e7ari para promover igualdade racial nos munic\u00edpios.","canonical_url":"https:\/\/www.encontracamacari.com.br\/sobre\/em-camacari-ba-mir-lanca-campanha-nacional-e-realiza-adesoes-de-municipios-a-politicas-de-igualdade-racial\/","robots":"max-image-preview:large","keywords":"","webmasterTools":{"miscellaneous":""},"schema":{"@context":"https:\/\/schema.org","@graph":[{"@type":"BlogPosting","@id":"https:\/\/www.encontracamacari.com.br\/sobre\/em-camacari-ba-mir-lanca-campanha-nacional-e-realiza-adesoes-de-municipios-a-politicas-de-igualdade-racial\/#blogposting","name":"Em Cama\u00e7ari (BA), MIR lan\u00e7a campanha nacional e realiza ades\u00f5es de munic\u00edpios a pol\u00edticas de igualdade racial - Encontra Cama\u00e7ari","headline":"Em Cama\u00e7ari (BA), MIR lan\u00e7a campanha nacional e realiza ades\u00f5es de munic\u00edpios a pol\u00edticas de igualdade racial","author":{"@id":"https:\/\/www.encontracamacari.com.br\/sobre\/author\/ecamacari\/#author"},"publisher":{"@id":"https:\/\/www.encontracamacari.com.br\/sobre\/#organization"},"image":{"@type":"ImageObject","url":"https:\/\/www.encontracamacari.com.br\/sobre\/wp-content\/uploads\/2026\/01\/em-camacari-ba-mir-lanca-campanha-nacional-e-realiza-adesoes-de-municipios-a-politicas-de-igualdade-.webp","width":280,"height":280,"caption":"igualdade racial"},"datePublished":"2026-01-17T06:15:48+00:00","dateModified":"2026-01-17T06:15:48+00:00","inLanguage":"pt-BR","mainEntityOfPage":{"@id":"https:\/\/www.encontracamacari.com.br\/sobre\/em-camacari-ba-mir-lanca-campanha-nacional-e-realiza-adesoes-de-municipios-a-politicas-de-igualdade-racial\/#webpage"},"isPartOf":{"@id":"https:\/\/www.encontracamacari.com.br\/sobre\/em-camacari-ba-mir-lanca-campanha-nacional-e-realiza-adesoes-de-municipios-a-politicas-de-igualdade-racial\/#webpage"},"articleSection":"Not\u00edcias Cama\u00e7ari"},{"@type":"BreadcrumbList","@id":"https:\/\/www.encontracamacari.com.br\/sobre\/em-camacari-ba-mir-lanca-campanha-nacional-e-realiza-adesoes-de-municipios-a-politicas-de-igualdade-racial\/#breadcrumblist","itemListElement":[{"@type":"ListItem","@id":"https:\/\/www.encontracamacari.com.br\/sobre#listItem","position":1,"name":"Home","item":"https:\/\/www.encontracamacari.com.br\/sobre","nextItem":{"@type":"ListItem","@id":"https:\/\/www.encontracamacari.com.br\/sobre\/noticias-em-camacari\/#listItem","name":"Not\u00edcias Cama\u00e7ari"}},{"@type":"ListItem","@id":"https:\/\/www.encontracamacari.com.br\/sobre\/noticias-em-camacari\/#listItem","position":2,"name":"Not\u00edcias Cama\u00e7ari","item":"https:\/\/www.encontracamacari.com.br\/sobre\/noticias-em-camacari\/","nextItem":{"@type":"ListItem","@id":"https:\/\/www.encontracamacari.com.br\/sobre\/em-camacari-ba-mir-lanca-campanha-nacional-e-realiza-adesoes-de-municipios-a-politicas-de-igualdade-racial\/#listItem","name":"Em Cama\u00e7ari (BA), MIR lan\u00e7a campanha nacional e realiza ades\u00f5es de munic\u00edpios a pol\u00edticas de igualdade racial"},"previousItem":{"@type":"ListItem","@id":"https:\/\/www.encontracamacari.com.br\/sobre#listItem","name":"Home"}},{"@type":"ListItem","@id":"https:\/\/www.encontracamacari.com.br\/sobre\/em-camacari-ba-mir-lanca-campanha-nacional-e-realiza-adesoes-de-municipios-a-politicas-de-igualdade-racial\/#listItem","position":3,"name":"Em Cama\u00e7ari (BA), MIR lan\u00e7a campanha nacional e realiza ades\u00f5es de munic\u00edpios a pol\u00edticas de igualdade racial","previousItem":{"@type":"ListItem","@id":"https:\/\/www.encontracamacari.com.br\/sobre\/noticias-em-camacari\/#listItem","name":"Not\u00edcias Cama\u00e7ari"}}]},{"@type":"Organization","@id":"https:\/\/www.encontracamacari.com.br\/sobre\/#organization","name":"Encontra Cama\u00e7ari","description":"Not\u00edcias, eventos, informa\u00e7\u00f5es e dicas na cidade de Cama\u00e7ari e regi\u00e3o.","url":"https:\/\/www.encontracamacari.com.br\/sobre\/"},{"@type":"Person","@id":"https:\/\/www.encontracamacari.com.br\/sobre\/author\/ecamacari\/#author","url":"https:\/\/www.encontracamacari.com.br\/sobre\/author\/ecamacari\/","name":"Encontra Cama\u00e7ari","image":{"@type":"ImageObject","@id":"https:\/\/www.encontracamacari.com.br\/sobre\/em-camacari-ba-mir-lanca-campanha-nacional-e-realiza-adesoes-de-municipios-a-politicas-de-igualdade-racial\/#authorImage","url":"https:\/\/secure.gravatar.com\/avatar\/507340682b8270222e1f208e23198b6ae7e2c6a1033ae84e99bc6bce4f82a387?s=96&d=mm&r=g","width":96,"height":96,"caption":"Encontra Cama\u00e7ari"}},{"@type":"WebPage","@id":"https:\/\/www.encontracamacari.com.br\/sobre\/em-camacari-ba-mir-lanca-campanha-nacional-e-realiza-adesoes-de-municipios-a-politicas-de-igualdade-racial\/#webpage","url":"https:\/\/www.encontracamacari.com.br\/sobre\/em-camacari-ba-mir-lanca-campanha-nacional-e-realiza-adesoes-de-municipios-a-politicas-de-igualdade-racial\/","name":"Em Cama\u00e7ari (BA), MIR lan\u00e7a campanha nacional e realiza ades\u00f5es de munic\u00edpios a pol\u00edticas de igualdade racial - Encontra Cama\u00e7ari","description":"Campanha nacional do MIR em Cama\u00e7ari para promover igualdade racial nos munic\u00edpios.","inLanguage":"pt-BR","isPartOf":{"@id":"https:\/\/www.encontracamacari.com.br\/sobre\/#website"},"breadcrumb":{"@id":"https:\/\/www.encontracamacari.com.br\/sobre\/em-camacari-ba-mir-lanca-campanha-nacional-e-realiza-adesoes-de-municipios-a-politicas-de-igualdade-racial\/#breadcrumblist"},"author":{"@id":"https:\/\/www.encontracamacari.com.br\/sobre\/author\/ecamacari\/#author"},"creator":{"@id":"https:\/\/www.encontracamacari.com.br\/sobre\/author\/ecamacari\/#author"},"image":{"@type":"ImageObject","url":"https:\/\/www.encontracamacari.com.br\/sobre\/wp-content\/uploads\/2026\/01\/em-camacari-ba-mir-lanca-campanha-nacional-e-realiza-adesoes-de-municipios-a-politicas-de-igualdade-.webp","@id":"https:\/\/www.encontracamacari.com.br\/sobre\/em-camacari-ba-mir-lanca-campanha-nacional-e-realiza-adesoes-de-municipios-a-politicas-de-igualdade-racial\/#mainImage","width":280,"height":280,"caption":"igualdade racial"},"primaryImageOfPage":{"@id":"https:\/\/www.encontracamacari.com.br\/sobre\/em-camacari-ba-mir-lanca-campanha-nacional-e-realiza-adesoes-de-municipios-a-politicas-de-igualdade-racial\/#mainImage"},"datePublished":"2026-01-17T06:15:48+00:00","dateModified":"2026-01-17T06:15:48+00:00"},{"@type":"WebSite","@id":"https:\/\/www.encontracamacari.com.br\/sobre\/#website","url":"https:\/\/www.encontracamacari.com.br\/sobre\/","name":"Encontra Cama\u00e7ari","description":"Not\u00edcias, eventos, informa\u00e7\u00f5es e dicas na cidade de Cama\u00e7ari e regi\u00e3o.","inLanguage":"pt-BR","publisher":{"@id":"https:\/\/www.encontracamacari.com.br\/sobre\/#organization"}}]},"og:locale":"pt_BR","og:site_name":"Encontra Cama\u00e7ari - Not\u00edcias, eventos, informa\u00e7\u00f5es e dicas na cidade de Cama\u00e7ari e regi\u00e3o.","og:type":"article","og:title":"Em Cama\u00e7ari (BA), MIR lan\u00e7a campanha nacional e realiza ades\u00f5es de munic\u00edpios a pol\u00edticas de igualdade racial - Encontra Cama\u00e7ari","og:description":"Campanha nacional do MIR em Cama\u00e7ari para promover igualdade racial nos munic\u00edpios.","og:url":"https:\/\/www.encontracamacari.com.br\/sobre\/em-camacari-ba-mir-lanca-campanha-nacional-e-realiza-adesoes-de-municipios-a-politicas-de-igualdade-racial\/","article:published_time":"2026-01-17T06:15:48+00:00","article:modified_time":"2026-01-17T06:15:48+00:00","twitter:card":"summary_large_image","twitter:title":"Em Cama\u00e7ari (BA), MIR lan\u00e7a campanha nacional e realiza ades\u00f5es de munic\u00edpios a pol\u00edticas de igualdade racial - Encontra Cama\u00e7ari","twitter:description":"Campanha nacional do MIR em Cama\u00e7ari para promover igualdade racial nos munic\u00edpios."},"aioseo_meta_data":{"post_id":"582","title":null,"description":null,"keywords":null,"keyphrases":null,"primary_term":null,"canonical_url":null,"og_title":null,"og_description":null,"og_object_type":"default","og_image_type":"default","og_image_url":null,"og_image_width":null,"og_image_height":null,"og_image_custom_url":null,"og_image_custom_fields":null,"og_video":null,"og_custom_url":null,"og_article_section":null,"og_article_tags":null,"twitter_use_og":false,"twitter_card":"default","twitter_image_type":"default","twitter_image_url":null,"twitter_image_custom_url":null,"twitter_image_custom_fields":null,"twitter_title":null,"twitter_description":null,"schema":{"blockGraphs":[],"customGraphs":[],"default":{"data":{"Article":[],"Course":[],"Dataset":[],"FAQPage":[],"Movie":[],"Person":[],"Product":[],"ProductReview":[],"Car":[],"Recipe":[],"Service":[],"SoftwareApplication":[],"WebPage":[]},"graphName":"BlogPosting","isEnabled":true},"graphs":[]},"schema_type":"default","schema_type_options":null,"pillar_content":false,"robots_default":true,"robots_noindex":false,"robots_noarchive":false,"robots_nosnippet":false,"robots_nofollow":false,"robots_noimageindex":false,"robots_noodp":false,"robots_notranslate":false,"robots_max_snippet":null,"robots_max_videopreview":null,"robots_max_imagepreview":"large","priority":null,"frequency":null,"local_seo":null,"limit_modified_date":false,"created":"2026-01-17 06:15:52","updated":"2026-08-06 00:59:58","focus_keyword":null,"additional_keywords":null,"truseo_locale":null,"ai":null,"breadcrumb_settings":null,"seo_analyzer_scan_date":null},"aioseo_breadcrumb":"<div class=\"aioseo-breadcrumbs\"><span class=\"aioseo-breadcrumb\">\n\t\t\t<a href=\"https:\/\/www.encontracamacari.com.br\/sobre\" title=\"Home\">Home<\/a>\n\t\t<\/span><span class=\"aioseo-breadcrumb-separator\">&raquo;<\/span><span class=\"aioseo-breadcrumb\">\n\t\t\t<a href=\"https:\/\/www.encontracamacari.com.br\/sobre\/noticias-em-camacari\/\" title=\"Not\u00edcias Cama\u00e7ari\">Not\u00edcias Cama\u00e7ari<\/a>\n\t\t<\/span><span class=\"aioseo-breadcrumb-separator\">&raquo;<\/span><span class=\"aioseo-breadcrumb\">\n\t\t\tEm Cama\u00e7ari (BA), MIR lan\u00e7a campanha nacional e realiza ades\u00f5es de munic\u00edpios a pol\u00edticas de igualdade racial\n\t\t<\/span><\/div>","aioseo_breadcrumb_json":[{"label":"Home","link":"https:\/\/www.encontracamacari.com.br\/sobre"},{"label":"Not\u00edcias Cama\u00e7ari","link":"https:\/\/www.encontracamacari.com.br\/sobre\/noticias-em-camacari\/"},{"label":"Em Cama\u00e7ari (BA), MIR lan\u00e7a campanha nacional e realiza ades\u00f5es de munic\u00edpios a pol\u00edticas de igualdade racial","link":"https:\/\/www.encontracamacari.com.br\/sobre\/em-camacari-ba-mir-lanca-campanha-nacional-e-realiza-adesoes-de-municipios-a-politicas-de-igualdade-racial\/"}],"_links":{"self":[{"href":"https:\/\/www.encontracamacari.com.br\/sobre\/wp-json\/wp\/v2\/posts\/582","targetHints":{"allow":["GET"]}}],"collection":[{"href":"https:\/\/www.encontracamacari.com.br\/sobre\/wp-json\/wp\/v2\/posts"}],"about":[{"href":"https:\/\/www.encontracamacari.com.br\/sobre\/wp-json\/wp\/v2\/types\/post"}],"author":[{"embeddable":true,"href":"https:\/\/www.encontracamacari.com.br\/sobre\/wp-json\/wp\/v2\/users\/1"}],"replies":[{"embeddable":true,"href":"https:\/\/www.encontracamacari.com.br\/sobre\/wp-json\/wp\/v2\/comments?post=582"}],"version-history":[{"count":0,"href":"https:\/\/www.encontracamacari.com.br\/sobre\/wp-json\/wp\/v2\/posts\/582\/revisions"}],"wp:featuredmedia":[{"embeddable":true,"href":"https:\/\/www.encontracamacari.com.br\/sobre\/wp-json\/wp\/v2\/media\/581"}],"wp:attachment":[{"href":"https:\/\/www.encontracamacari.com.br\/sobre\/wp-json\/wp\/v2\/media?parent=582"}],"wp:term":[{"taxonomy":"category","embeddable":true,"href":"https:\/\/www.encontracamacari.com.br\/sobre\/wp-json\/wp\/v2\/categories?post=582"},{"taxonomy":"post_tag","embeddable":true,"href":"https:\/\/www.encontracamacari.com.br\/sobre\/wp-json\/wp\/v2\/tags?post=582"}],"curies":[{"name":"wp","href":"https:\/\/api.w.org\/{rel}","templated":true}]}}