{"id":556,"date":"2026-01-12T05:37:54","date_gmt":"2026-01-12T05:37:54","guid":{"rendered":"https:\/\/www.encontracamacari.com.br\/sobre\/fabrica-da-byd-em-camacari-se-aproxima-de-20-mil-carros-produzidos\/"},"modified":"2026-01-12T05:37:54","modified_gmt":"2026-01-12T05:37:54","slug":"fabrica-da-byd-em-camacari-se-aproxima-de-20-mil-carros-produzidos","status":"publish","type":"post","link":"https:\/\/www.encontracamacari.com.br\/sobre\/fabrica-da-byd-em-camacari-se-aproxima-de-20-mil-carros-produzidos\/","title":{"rendered":"F\u00e1brica da BYD em Cama\u00e7ari se aproxima de 20 mil carros produzidos"},"content":{"rendered":"<div class=\"2410bb7248a64bb1f71103797e0f239b\" data-index=\"1\" style=\"float: none; margin:0px;\">\n<ins class=\"adsbygoogle\"\r\n     style=\"display:block\"\r\n     data-ad-client=\"ca-pub-8585364105181520\"\r\n     data-ad-slot=\"8789329856\"\r\n     data-ad-format=\"auto\"\r\n     data-full-width-responsive=\"true\"><\/ins>\r\n<script>\r\n     (adsbygoogle = window.adsbygoogle || []).push({});\r\n<\/script>\n<\/div>\n<h2>Retorno das Atividades na F\u00e1brica<\/h2>\n<p>A f\u00e1brica da BYD em Cama\u00e7ari, na Bahia, \u00e9 um marco no setor automotivo brasileiro, especialmente no contexto atual de transforma\u00e7\u00e3o da ind\u00fastria. O in\u00edcio de suas opera\u00e7\u00f5es em outubro de 2025 foi recebido com grande expectativa, n\u00e3o s\u00f3 pela empresa, mas tamb\u00e9m pelo mercado e pela comunidade local. Ap\u00f3s um recesso de fim de ano que come\u00e7ou em 20 de dezembro, a planta retomou suas atividades no dia 8 de janeiro de 2026, reiniciando assim a produ\u00e7\u00e3o de ve\u00edculos el\u00e9tricos e h\u00edbridos, contribuindo para a meta de atingir um total de 20 mil unidades produzidas em um curto espa\u00e7o de tempo.<\/p>\n<p>O retorno \u00e0s atividades na f\u00e1brica \u00e9 mais do que um sinal de normalidade ap\u00f3s as festividades. Ele representa um passo crucial na estrat\u00e9gia da BYD de solidificar sua presen\u00e7a no mercado brasileiro e, especialmente, na regi\u00e3o nordeste. A produ\u00e7\u00e3o est\u00e1 concentrada em modelos como o <strong>Dolphin Mini<\/strong>, <strong>King<\/strong> e <strong>Song Pro<\/strong>, que j\u00e1 come\u00e7aram a se destacar entre os consumidores brasileiros devido a suas caracter\u00edsticas inovadoras e \u00e0 efici\u00eancia energ\u00e9tica.<\/p>\n<p>Al\u00e9m disso, esta reabertura traz uma nova abordagem para a mobilidade el\u00e9trica no Brasil, alinhando-se com a tend\u00eancia global de sustentabilidade. Aumentando gradativamente a garagem de ve\u00edculos el\u00e9tricos, a BYD confirma seu compromisso com a prote\u00e7\u00e3o ambiental, utilizando os mais modernos processos produtivos e promovendo uma pol\u00edtica de energias limpas.<\/p>\n<p><img decoding=\"async\" src=\"https:\/\/www.encontracamacari.com.br\/sobre\/wp-content\/uploads\/2026\/01\/fabrica-da-byd-em-camacari-se-aproxima-de-20-mil-carros-produzidos.webp\" alt=\"f\u00e1brica da BYD em Cama\u00e7ari\" loading=\"lazy\" \/><\/p>\n<h2>Produ\u00e7\u00e3o de Ve\u00edculos Eletrificados<\/h2>\n<p>O foco da BYD em Cama\u00e7ari est\u00e1 na produ\u00e7\u00e3o de ve\u00edculos eletrificados, uma categoria que representa o futuro da mobilidade. Com o mundo caminhando em dire\u00e7\u00e3o a uma economia verde, a relev\u00e2ncia dos ve\u00edculos el\u00e9tricos e h\u00edbridos \u00e9 ineg\u00e1vel. A capacidade da f\u00e1brica de Cama\u00e7ari de produzir modelos que atendem \u00e0s exig\u00eancias crescentes dos consumidores \u00e9 um reflexo das inova\u00e7\u00f5es implementadas na linha de montagem.<\/p>\n<p>Os ve\u00edculos da BYD, como o <strong>Dolphin Mini<\/strong> e o <strong>King<\/strong>, s\u00e3o projetados n\u00e3o apenas para melhorar a experi\u00eancia do usu\u00e1rio, mas tamb\u00e9m para reduzir a emiss\u00e3o de gases poluentes, promovendo uma alternativa vi\u00e1vel aos autom\u00f3veis \u00e0 combust\u00e3o. A empresa utiliza tecnologia de ponta em suas baterias e sistemas de motoriza\u00e7\u00e3o, proporcionando efici\u00eancia energ\u00e9tica e aumentando a autonomia dos ve\u00edculos.<\/p>\n<p>Al\u00e9m disso, a escolha do Brasil como centro de produ\u00e7\u00e3o para esses modelos refor\u00e7a a inten\u00e7\u00e3o da BYD de ser protagonista em um mercado cada vez mais competitivo. Com a produ\u00e7\u00e3o local, a empresa n\u00e3o s\u00f3 reduz custos log\u00edsticos, mas tamb\u00e9m responde \u00e0s demandas do p\u00fablico com mais agilidade, fortalecendo a aceita\u00e7\u00e3o de seus modelos no pa\u00eds.<\/p>\n<h2>Contribui\u00e7\u00f5es para a Economia Local<\/h2>\n<p>A abertura da f\u00e1brica da BYD em Cama\u00e7ari tem grandes implica\u00e7\u00f5es para a economia local. A cria\u00e7\u00e3o de mais de 2 mil empregos diretos \u00e9 um impacto imediato, mas as ramifica\u00e7\u00f5es s\u00e3o ainda mais amplas. Neg\u00f3cios locais e fornecedores tamb\u00e9m se beneficam do aumento da atividade econ\u00f4mica na regi\u00e3o. Com um plano de aumentar o n\u00famero de colaboradores para cerca de 5 mil, a BYD demonstra seu compromisso com o desenvolvimento econ\u00f4mico local.<\/p>\n<p>O movimento econ\u00f4mico gerado pela f\u00e1brica vai al\u00e9m do emprego. Ele promete revitalizar o com\u00e9rcio local, gerar uma demanda maior por servi\u00e7os e incentivar a capacita\u00e7\u00e3o profissional da for\u00e7a de trabalho. Com parcerias firmadas entre a empresa e as institui\u00e7\u00f5es de ensino t\u00e9cnico da regi\u00e3o, surge uma oportunidade de forma\u00e7\u00e3o de m\u00e3o de obra qualificada, que poder\u00e1 integrar a equipe da f\u00e1brica e outros setores.<\/p>\n<p>Atrav\u00e9s do desenvolvimento de uma rede de fornecedores locais, a BYD tamb\u00e9m impulsiona o fornecimento de insumos e pe\u00e7as de forma mais sustent\u00e1vel. Isso, por sua vez, contribui para a distribui\u00e7\u00e3o de renda e a dinamiza\u00e7\u00e3o da economia regional, criando uma estrutura robusta e resiliente.<\/p>\n<h2>Estrat\u00e9gia de Produ\u00e7\u00e3o Nacional<\/h2>\n<p>Uma das principais estrat\u00e9gias da BYD em Cama\u00e7ari \u00e9 o foco na produ\u00e7\u00e3o nacional. Esta decis\u00e3o n\u00e3o apenas facilita a agilidade na adapta\u00e7\u00e3o \u00e0s necessidades do mercado, mas tamb\u00e9m se alinha com as pol\u00edticas de incentivo \u00e0 ind\u00fastria nacional. Ao produzir no Brasil, a BYD reduz sua depend\u00eancia de importa\u00e7\u00e3o de ve\u00edculos e pe\u00e7as, garantindo maior competitividade em um mercado em crescimento.<\/p>\n<p>A produ\u00e7\u00e3o local de ve\u00edculos el\u00e9tricos \u00e9 um diferencial competitivo significativo, especialmente em um segmento em franca expans\u00e3o. O compromisso da BYD em se estabelecer no Brasil representa uma mudan\u00e7a no panorama do setor automotivo tradicional. A utiliza\u00e7\u00e3o de tecnologia avan\u00e7ada e a introdu\u00e7\u00e3o de pr\u00e1ticas sustent\u00e1veis de fabrica\u00e7\u00e3o ajudam a solidificar sua posi\u00e7\u00e3o no mercado.<\/p>\n<p>Al\u00e9m de contribuir para a economia local, a estrat\u00e9gia de produ\u00e7\u00e3o nacional da BYD atende a uma demanda crescente por op\u00e7\u00f5es de transporte mais sustent\u00e1veis. Com os incentivos do governo em rela\u00e7\u00e3o a tecnologias de redu\u00e7\u00e3o de emiss\u00f5es, a BYD posiciona-se como uma l\u00edder inovadora na ind\u00fastria, promovendo a transi\u00e7\u00e3o para uma mobilidade mais verde.<\/p>\n<h2>Impacto na Empregabilidade na Regi\u00e3o<\/h2>\n<p>O impacto da f\u00e1brica da BYD na regi\u00e3o vai al\u00e9m da simples cria\u00e7\u00e3o de empregos. A empresa implementou um plano de treinamento e capacita\u00e7\u00e3o cont\u00ednua para seus funcion\u00e1rios, o que n\u00e3o apenas melhora a qualidade do trabalho, mas tamb\u00e9m aprimora as habilidades da for\u00e7a de trabalho local. Isso permite que os colaboradores se tornem mais vers\u00e1teis e preparados para atender \u00e0s demandas de uma ind\u00fastria em r\u00e1pida evolu\u00e7\u00e3o.<\/p><div class=\"2410bb7248a64bb1f71103797e0f239b\" data-index=\"2\" style=\"float: none; margin:0px;\">\n<ins class=\"adsbygoogle\"\r\n     style=\"display:block; text-align:center;\"\r\n     data-ad-layout=\"in-article\"\r\n     data-ad-format=\"fluid\"\r\n     data-ad-client=\"ca-pub-8585364105181520\"\r\n     data-ad-slot=\"2899217073\"><\/ins>\r\n<script>\r\n     (adsbygoogle = window.adsbygoogle || []).push({});\r\n<\/script>\r\n\r\n<\/br><\/br>\n<\/div>\n\n<p>Com um investimento significativo em treinamento, a BYD est\u00e1 contribuindo para a cria\u00e7\u00e3o de uma m\u00e3o de obra altamente qualificada, o que pode trazer benef\u00edcios duradouros para a economia local. O aumento de habilidades t\u00e9cnicas e gerenciais proporciona um avan\u00e7o na empregabilidade geral da regi\u00e3o, criando um ciclo positivo que pode inspirar outras empresas a seguir o mesmo caminho.<\/p>\n<p>Al\u00e9m disso, o crescimento da for\u00e7a de trabalho na BYD pode gerar um impacto positivo nos \u00edndices de educa\u00e7\u00e3o, sa\u00fade e bem-estar na comunidade. A eleva\u00e7\u00e3o dos n\u00edveis de renda e a maior capacidade de consumo podem impulsionar o com\u00e9rcio local e fomentar o desenvolvimento de servi\u00e7os nas \u00e1reas de sa\u00fade, educa\u00e7\u00e3o e lazer.<\/p>\n<h2>Futuro da Mobilidade Sustent\u00e1vel<\/h2>\n<p>O futuro da mobilidade sustent\u00e1vel \u00e9 um t\u00f3pico quente no cen\u00e1rio global e a BYD est\u00e1 na vanguarda dessa transforma\u00e7\u00e3o. \u00c0 medida que a presen\u00e7a da empresa se consolidar no Brasil, a expectativa \u00e9 que ela continue a desenvolver tecnologias inovadoras que tornam os ve\u00edculos el\u00e9tricos e h\u00edbridos mais acess\u00edveis e atrativos para os consumidores.<\/p>\n<p>O investimento em infraestrutura de recarga e em parcerias com governos e institui\u00e7\u00f5es locais \u00e9 fundamental para expandir a ado\u00e7\u00e3o desses alternativas de transporte. A conscientiza\u00e7\u00e3o sobre os benef\u00edcios ambientais dos ve\u00edculos el\u00e9tricos e suas op\u00e7\u00f5es de energias renov\u00e1veis est\u00e1 crescendo, e a BYD quer ser parte central desse movimento.<\/p>\n<p>Com o aumento da produ\u00e7\u00e3o e a gama diversificada de modelos, a BYD pode atender a diferentes perfis de consumidores, desde aqueles que buscam solu\u00e7\u00f5es mais econ\u00f4micas at\u00e9 aqueles preocupados com a sustentabilidade e o desempenho. A empresa n\u00e3o est\u00e1 apenas pela inova\u00e7\u00e3o na ind\u00fastria automotiva; ela tamb\u00e9m contribui para um futuro mais sustent\u00e1vel e limpo para as pr\u00f3ximas gera\u00e7\u00f5es.<\/p>\n<h2>Desafios da Ind\u00fastria Automotiva<\/h2>\n<p>Apesar das perspectivas positivas, a ind\u00fastria automotiva enfrenta desafios significativos. O setor precisa enfrentar quest\u00f5es como a regulamenta\u00e7\u00e3o governamental, a concorr\u00eancia global e as flutua\u00e7\u00f5es nos pre\u00e7os das mat\u00e9rias-primas. Na Bahia, a BYD deve se atentar \u00e0s particularidades do mercado e \u00e0s expectativas dos consumidores, que est\u00e3o se tornando cada vez mais exigentes em rela\u00e7\u00e3o \u00e0 sustentabilidade e inova\u00e7\u00e3o.<\/p>\n<p>A crescente popularidade dos ve\u00edculos el\u00e9tricos tamb\u00e9m trouxe uma s\u00e9rie de preocupa\u00e7\u00f5es sobre a infraestrutura de recarga e os custos de opera\u00e7\u00e3o e manuten\u00e7\u00e3o. A BYD deve se concentrar em oferecer suporte para os consumidores, desenvolvendo solu\u00e7\u00f5es que melhorem a experi\u00eancia de possuir um ve\u00edculo el\u00e9trico.<\/p>\n<p>Outro desafio \u00e9 a necessidade de constante inova\u00e7\u00e3o em um setor que evolui rapidamente. A empresa deve continuar investindo em pesquisa e desenvolvimento para criar novos modelos e tecnologias que atendam \u00e0s demandas do mercado, garantindo sua competitividade a longo prazo.<\/p>\n<h2>Import\u00e2ncia da Produ\u00e7\u00e3o Local<\/h2>\n<p>A produ\u00e7\u00e3o local \u00e9 um pilar fundamental para o sucesso da BYD em Cama\u00e7ari. Al\u00e9m de ser uma medida de efici\u00eancia econ\u00f4mica, a fabrica\u00e7\u00e3o local permite que a empresa tenha um melhor controle sobre a qualidade dos produtos. Isso \u00e9 especialmente importante no setor automotivo, onde a seguran\u00e7a e a confiabilidade s\u00e3o cruciais.<\/p>\n<p>A produ\u00e7\u00e3o local ainda proporciona uma redu\u00e7\u00e3o significativa dos custos log\u00edsticos. Com menos depend\u00eancia de importa\u00e7\u00f5es, a BYD pode responder mais rapidamente \u00e0s flutua\u00e7\u00f5es da demanda e \u00e0s necessidades dos consumidores. Isso resulta em uma melhor administra\u00e7\u00e3o de recursos e um ciclo de produ\u00e7\u00e3o mais eficiente.<\/p>\n<p>Al\u00e9m disso, a presen\u00e7a da f\u00e1brica no Brasil fortalece o sentimento de nacionalidade e a identidade da marca entre os consumidores. O p\u00fablico brasileiro tende a valorizar produtos fabricados localmente, criando um v\u00ednculo emocional que pode traduzir-se em lealdade \u00e0 marca.<\/p>\n<h2>Avan\u00e7os Tecnol\u00f3gicos na Produ\u00e7\u00e3o<\/h2>\n<p>A BYD est\u00e1 na vanguarda da inova\u00e7\u00e3o tecnol\u00f3gica em seus processos de fabrica\u00e7\u00e3o. O uso de automatiza\u00e7\u00e3o e rob\u00f3tica na linha de montagem n\u00e3o apenas aumenta a efici\u00eancia, mas tamb\u00e9m melhora a precis\u00e3o na produ\u00e7\u00e3o. Isso resulta em ve\u00edculos de alta qualidade, com menos desperd\u00edcio e maior confiabilidade.<\/p>\n<p>A integra\u00e7\u00e3o de tecnologias de carregamento r\u00e1pido e sistemas de gerenciamento de energia tamb\u00e9m \u00e9 uma prioridade para a empresa. As inova\u00e7\u00f5es em baterias, que aumentam a autonomia dos ve\u00edculos el\u00e9tricos, s\u00e3o essenciais para atender a um p\u00fablico que quer mais liberdade e menos preocupa\u00e7\u00f5es. A BYD vem trabalhando incansavelmente para desenvolver solu\u00e7\u00f5es que visam n\u00e3o apenas melhorar a experi\u00eancia do usu\u00e1rio, mas tamb\u00e9m reduzir o impacto ambiental de seus produtos.<\/p>\n<p>A implementa\u00e7\u00e3o de t\u00e9cnicas de produ\u00e7\u00e3o sustent\u00e1vel, como o uso de materiais recicl\u00e1veis e a redu\u00e7\u00e3o de emiss\u00f5es, tamb\u00e9m faz parte da filosofia da BYD. Esses avan\u00e7os tecnol\u00f3gicos s\u00e3o uma parte fundamental da estrat\u00e9gia de produ\u00e7\u00e3o e refletem um compromisso com a inova\u00e7\u00e3o e a responsabilidade social.<\/p>\n<h2>Expectativas para os Pr\u00f3ximos Meses<\/h2>\n<p>O ano de 2026 promete ser um per\u00edodo crucial para a BYD em termos de expans\u00e3o e consolida\u00e7\u00e3o no mercado automotivo brasileiro. A empresa est\u00e1 otimista quanto ao aumento da produ\u00e7\u00e3o e ao lan\u00e7amento de novos modelos que atender\u00e3o a diferentes demandas do consumidor. Al\u00e9m disso, a expectativa \u00e9 que a f\u00e1brica em Cama\u00e7ari seja um exemplo de inova\u00e7\u00e3o e sustentabilidade para outras empresas no setor.<\/p>\n<p>\u00c0 medida que a conscientiza\u00e7\u00e3o sobre a import\u00e2ncia da mobilidade el\u00e9trica cresce, a BYD est\u00e1 posicionada para desempenhar um papel crucial na transforma\u00e7\u00e3o do mercado. O fortalecimento de sua presen\u00e7a, atrav\u00e9s da produ\u00e7\u00e3o local e do investimento em tecnologia, deve impulsionar a aceita\u00e7\u00e3o dos ve\u00edculos eletrificados entre os consumidores brasileiros.<\/p>\n<p>Com uma popula\u00e7\u00e3o cada vez mais preocupada com as quest\u00f5es ambientais, a BYD se v\u00ea diante de uma grande oportunidade de crescimento. Atrav\u00e9s da cria\u00e7\u00e3o de modelos que atendem a essas novas expectativas, a empresa pode democratizar a experi\u00eancia de dirigir um ve\u00edculo el\u00e9trico e se consolidar como um l\u00edder nesse setor em franca expans\u00e3o.<\/p>\n<div class=\"2410bb7248a64bb1f71103797e0f239b\" data-index=\"3\" style=\"float: none; margin:0px;\">\n<\/br><\/br>\r\n\r\n<ins class=\"adsbygoogle\"\r\n     style=\"display:block\"\r\n     data-ad-format=\"fluid\"\r\n     data-ad-layout-key=\"-63+do+n-1s+9e\"\r\n     data-ad-client=\"ca-pub-8585364105181520\"\r\n     data-ad-slot=\"6838462089\"><\/ins>\r\n<script>\r\n     (adsbygoogle = window.adsbygoogle || []).push({});\r\n<\/script>\n<\/div>\n\n<div style=\"font-size: 0px; height: 0px; line-height: 0px; margin: 0; padding: 0; clear: both;\"><\/div>","protected":false},"excerpt":{"rendered":"<p>F\u00e1brica da BYD em Cama\u00e7ari: pr\u00f3ximo marco hist\u00f3rico na produ\u00e7\u00e3o automotiva.<\/p>\n","protected":false},"author":1,"featured_media":555,"comment_status":"open","ping_status":"closed","sticky":false,"template":"","format":"standard","meta":{"footnotes":""},"categories":[1],"tags":[],"class_list":["post-556","post","type-post","status-publish","format-standard","has-post-thumbnail","hentry","category-noticias-em-camacari","has_thumb"],"aioseo_notices":[],"aioseo_head":"\n\t\t<!-- All in One SEO 5.0.0.1 - aioseo.com -->\n\t<meta name=\"description\" content=\"F\u00e1brica da BYD em Cama\u00e7ari: pr\u00f3ximo marco hist\u00f3rico na produ\u00e7\u00e3o automotiva.\" \/>\n\t<meta name=\"robots\" content=\"max-image-preview:large\" \/>\n\t<meta name=\"author\" content=\"Encontra Cama\u00e7ari\"\/>\n\t<link rel=\"canonical\" href=\"https:\/\/www.encontracamacari.com.br\/sobre\/fabrica-da-byd-em-camacari-se-aproxima-de-20-mil-carros-produzidos\/\" \/>\n\t<meta name=\"generator\" content=\"All in One SEO (AIOSEO) 5.0.0.1\" \/>\n\t\t<meta property=\"og:locale\" content=\"pt_BR\" \/>\n\t\t<meta property=\"og:site_name\" content=\"Encontra Cama\u00e7ari - Not\u00edcias, eventos, informa\u00e7\u00f5es e dicas na cidade de Cama\u00e7ari e regi\u00e3o.\" \/>\n\t\t<meta property=\"og:type\" content=\"article\" \/>\n\t\t<meta property=\"og:title\" content=\"F\u00e1brica da BYD em Cama\u00e7ari se aproxima de 20 mil carros produzidos - Encontra Cama\u00e7ari\" \/>\n\t\t<meta property=\"og:description\" content=\"F\u00e1brica da BYD em Cama\u00e7ari: pr\u00f3ximo marco hist\u00f3rico na produ\u00e7\u00e3o automotiva.\" \/>\n\t\t<meta property=\"og:url\" content=\"https:\/\/www.encontracamacari.com.br\/sobre\/fabrica-da-byd-em-camacari-se-aproxima-de-20-mil-carros-produzidos\/\" \/>\n\t\t<meta property=\"article:published_time\" content=\"2026-01-12T05:37:54+00:00\" \/>\n\t\t<meta property=\"article:modified_time\" content=\"2026-01-12T05:37:54+00:00\" \/>\n\t\t<meta name=\"twitter:card\" content=\"summary_large_image\" \/>\n\t\t<meta name=\"twitter:title\" content=\"F\u00e1brica da BYD em Cama\u00e7ari se aproxima de 20 mil carros produzidos - Encontra Cama\u00e7ari\" \/>\n\t\t<meta name=\"twitter:description\" content=\"F\u00e1brica da BYD em Cama\u00e7ari: pr\u00f3ximo marco hist\u00f3rico na produ\u00e7\u00e3o automotiva.\" \/>\n\t\t<script type=\"application\/ld+json\" class=\"aioseo-schema\">\n\t\t\t{\"@context\":\"https:\\\/\\\/schema.org\",\"@graph\":[{\"@type\":\"BlogPosting\",\"@id\":\"https:\\\/\\\/www.encontracamacari.com.br\\\/sobre\\\/fabrica-da-byd-em-camacari-se-aproxima-de-20-mil-carros-produzidos\\\/#blogposting\",\"name\":\"F\\u00e1brica da BYD em Cama\\u00e7ari se aproxima de 20 mil carros produzidos - Encontra Cama\\u00e7ari\",\"headline\":\"F\\u00e1brica da BYD em Cama\\u00e7ari se aproxima de 20 mil carros produzidos\",\"author\":{\"@id\":\"https:\\\/\\\/www.encontracamacari.com.br\\\/sobre\\\/author\\\/ecamacari\\\/#author\"},\"publisher\":{\"@id\":\"https:\\\/\\\/www.encontracamacari.com.br\\\/sobre\\\/#organization\"},\"image\":{\"@type\":\"ImageObject\",\"url\":\"https:\\\/\\\/www.encontracamacari.com.br\\\/sobre\\\/wp-content\\\/uploads\\\/2026\\\/01\\\/fabrica-da-byd-em-camacari-se-aproxima-de-20-mil-carros-produzidos.webp\",\"width\":280,\"height\":280,\"caption\":\"f\\u00e1brica da BYD em Cama\\u00e7ari\"},\"datePublished\":\"2026-01-12T05:37:54+00:00\",\"dateModified\":\"2026-01-12T05:37:54+00:00\",\"inLanguage\":\"pt-BR\",\"mainEntityOfPage\":{\"@id\":\"https:\\\/\\\/www.encontracamacari.com.br\\\/sobre\\\/fabrica-da-byd-em-camacari-se-aproxima-de-20-mil-carros-produzidos\\\/#webpage\"},\"isPartOf\":{\"@id\":\"https:\\\/\\\/www.encontracamacari.com.br\\\/sobre\\\/fabrica-da-byd-em-camacari-se-aproxima-de-20-mil-carros-produzidos\\\/#webpage\"},\"articleSection\":\"Not\\u00edcias Cama\\u00e7ari\"},{\"@type\":\"BreadcrumbList\",\"@id\":\"https:\\\/\\\/www.encontracamacari.com.br\\\/sobre\\\/fabrica-da-byd-em-camacari-se-aproxima-de-20-mil-carros-produzidos\\\/#breadcrumblist\",\"itemListElement\":[{\"@type\":\"ListItem\",\"@id\":\"https:\\\/\\\/www.encontracamacari.com.br\\\/sobre#listItem\",\"position\":1,\"name\":\"Home\",\"item\":\"https:\\\/\\\/www.encontracamacari.com.br\\\/sobre\",\"nextItem\":{\"@type\":\"ListItem\",\"@id\":\"https:\\\/\\\/www.encontracamacari.com.br\\\/sobre\\\/noticias-em-camacari\\\/#listItem\",\"name\":\"Not\\u00edcias Cama\\u00e7ari\"}},{\"@type\":\"ListItem\",\"@id\":\"https:\\\/\\\/www.encontracamacari.com.br\\\/sobre\\\/noticias-em-camacari\\\/#listItem\",\"position\":2,\"name\":\"Not\\u00edcias Cama\\u00e7ari\",\"item\":\"https:\\\/\\\/www.encontracamacari.com.br\\\/sobre\\\/noticias-em-camacari\\\/\",\"nextItem\":{\"@type\":\"ListItem\",\"@id\":\"https:\\\/\\\/www.encontracamacari.com.br\\\/sobre\\\/fabrica-da-byd-em-camacari-se-aproxima-de-20-mil-carros-produzidos\\\/#listItem\",\"name\":\"F\\u00e1brica da BYD em Cama\\u00e7ari se aproxima de 20 mil carros produzidos\"},\"previousItem\":{\"@type\":\"ListItem\",\"@id\":\"https:\\\/\\\/www.encontracamacari.com.br\\\/sobre#listItem\",\"name\":\"Home\"}},{\"@type\":\"ListItem\",\"@id\":\"https:\\\/\\\/www.encontracamacari.com.br\\\/sobre\\\/fabrica-da-byd-em-camacari-se-aproxima-de-20-mil-carros-produzidos\\\/#listItem\",\"position\":3,\"name\":\"F\\u00e1brica da BYD em Cama\\u00e7ari se aproxima de 20 mil carros produzidos\",\"previousItem\":{\"@type\":\"ListItem\",\"@id\":\"https:\\\/\\\/www.encontracamacari.com.br\\\/sobre\\\/noticias-em-camacari\\\/#listItem\",\"name\":\"Not\\u00edcias Cama\\u00e7ari\"}}]},{\"@type\":\"Organization\",\"@id\":\"https:\\\/\\\/www.encontracamacari.com.br\\\/sobre\\\/#organization\",\"name\":\"Encontra Cama\\u00e7ari\",\"description\":\"Not\\u00edcias, eventos, informa\\u00e7\\u00f5es e dicas na cidade de Cama\\u00e7ari e regi\\u00e3o.\",\"url\":\"https:\\\/\\\/www.encontracamacari.com.br\\\/sobre\\\/\"},{\"@type\":\"Person\",\"@id\":\"https:\\\/\\\/www.encontracamacari.com.br\\\/sobre\\\/author\\\/ecamacari\\\/#author\",\"url\":\"https:\\\/\\\/www.encontracamacari.com.br\\\/sobre\\\/author\\\/ecamacari\\\/\",\"name\":\"Encontra Cama\\u00e7ari\",\"image\":{\"@type\":\"ImageObject\",\"@id\":\"https:\\\/\\\/www.encontracamacari.com.br\\\/sobre\\\/fabrica-da-byd-em-camacari-se-aproxima-de-20-mil-carros-produzidos\\\/#authorImage\",\"url\":\"https:\\\/\\\/secure.gravatar.com\\\/avatar\\\/507340682b8270222e1f208e23198b6ae7e2c6a1033ae84e99bc6bce4f82a387?s=96&d=mm&r=g\",\"width\":96,\"height\":96,\"caption\":\"Encontra Cama\\u00e7ari\"}},{\"@type\":\"WebPage\",\"@id\":\"https:\\\/\\\/www.encontracamacari.com.br\\\/sobre\\\/fabrica-da-byd-em-camacari-se-aproxima-de-20-mil-carros-produzidos\\\/#webpage\",\"url\":\"https:\\\/\\\/www.encontracamacari.com.br\\\/sobre\\\/fabrica-da-byd-em-camacari-se-aproxima-de-20-mil-carros-produzidos\\\/\",\"name\":\"F\\u00e1brica da BYD em Cama\\u00e7ari se aproxima de 20 mil carros produzidos - Encontra Cama\\u00e7ari\",\"description\":\"F\\u00e1brica da BYD em Cama\\u00e7ari: pr\\u00f3ximo marco hist\\u00f3rico na produ\\u00e7\\u00e3o automotiva.\",\"inLanguage\":\"pt-BR\",\"isPartOf\":{\"@id\":\"https:\\\/\\\/www.encontracamacari.com.br\\\/sobre\\\/#website\"},\"breadcrumb\":{\"@id\":\"https:\\\/\\\/www.encontracamacari.com.br\\\/sobre\\\/fabrica-da-byd-em-camacari-se-aproxima-de-20-mil-carros-produzidos\\\/#breadcrumblist\"},\"author\":{\"@id\":\"https:\\\/\\\/www.encontracamacari.com.br\\\/sobre\\\/author\\\/ecamacari\\\/#author\"},\"creator\":{\"@id\":\"https:\\\/\\\/www.encontracamacari.com.br\\\/sobre\\\/author\\\/ecamacari\\\/#author\"},\"image\":{\"@type\":\"ImageObject\",\"url\":\"https:\\\/\\\/www.encontracamacari.com.br\\\/sobre\\\/wp-content\\\/uploads\\\/2026\\\/01\\\/fabrica-da-byd-em-camacari-se-aproxima-de-20-mil-carros-produzidos.webp\",\"@id\":\"https:\\\/\\\/www.encontracamacari.com.br\\\/sobre\\\/fabrica-da-byd-em-camacari-se-aproxima-de-20-mil-carros-produzidos\\\/#mainImage\",\"width\":280,\"height\":280,\"caption\":\"f\\u00e1brica da BYD em Cama\\u00e7ari\"},\"primaryImageOfPage\":{\"@id\":\"https:\\\/\\\/www.encontracamacari.com.br\\\/sobre\\\/fabrica-da-byd-em-camacari-se-aproxima-de-20-mil-carros-produzidos\\\/#mainImage\"},\"datePublished\":\"2026-01-12T05:37:54+00:00\",\"dateModified\":\"2026-01-12T05:37:54+00:00\"},{\"@type\":\"WebSite\",\"@id\":\"https:\\\/\\\/www.encontracamacari.com.br\\\/sobre\\\/#website\",\"url\":\"https:\\\/\\\/www.encontracamacari.com.br\\\/sobre\\\/\",\"name\":\"Encontra Cama\\u00e7ari\",\"description\":\"Not\\u00edcias, eventos, informa\\u00e7\\u00f5es e dicas na cidade de Cama\\u00e7ari e regi\\u00e3o.\",\"inLanguage\":\"pt-BR\",\"publisher\":{\"@id\":\"https:\\\/\\\/www.encontracamacari.com.br\\\/sobre\\\/#organization\"}}]}\n\t\t<\/script>\n\t\t<!-- All in One SEO -->\n\n","aioseo_head_json":{"title":"F\u00e1brica da BYD em Cama\u00e7ari se aproxima de 20 mil carros produzidos - Encontra Cama\u00e7ari","description":"F\u00e1brica da BYD em Cama\u00e7ari: pr\u00f3ximo marco hist\u00f3rico na produ\u00e7\u00e3o automotiva.","canonical_url":"https:\/\/www.encontracamacari.com.br\/sobre\/fabrica-da-byd-em-camacari-se-aproxima-de-20-mil-carros-produzidos\/","robots":"max-image-preview:large","keywords":"","webmasterTools":{"miscellaneous":""},"schema":{"@context":"https:\/\/schema.org","@graph":[{"@type":"BlogPosting","@id":"https:\/\/www.encontracamacari.com.br\/sobre\/fabrica-da-byd-em-camacari-se-aproxima-de-20-mil-carros-produzidos\/#blogposting","name":"F\u00e1brica da BYD em Cama\u00e7ari se aproxima de 20 mil carros produzidos - Encontra Cama\u00e7ari","headline":"F\u00e1brica da BYD em Cama\u00e7ari se aproxima de 20 mil carros produzidos","author":{"@id":"https:\/\/www.encontracamacari.com.br\/sobre\/author\/ecamacari\/#author"},"publisher":{"@id":"https:\/\/www.encontracamacari.com.br\/sobre\/#organization"},"image":{"@type":"ImageObject","url":"https:\/\/www.encontracamacari.com.br\/sobre\/wp-content\/uploads\/2026\/01\/fabrica-da-byd-em-camacari-se-aproxima-de-20-mil-carros-produzidos.webp","width":280,"height":280,"caption":"f\u00e1brica da BYD em Cama\u00e7ari"},"datePublished":"2026-01-12T05:37:54+00:00","dateModified":"2026-01-12T05:37:54+00:00","inLanguage":"pt-BR","mainEntityOfPage":{"@id":"https:\/\/www.encontracamacari.com.br\/sobre\/fabrica-da-byd-em-camacari-se-aproxima-de-20-mil-carros-produzidos\/#webpage"},"isPartOf":{"@id":"https:\/\/www.encontracamacari.com.br\/sobre\/fabrica-da-byd-em-camacari-se-aproxima-de-20-mil-carros-produzidos\/#webpage"},"articleSection":"Not\u00edcias Cama\u00e7ari"},{"@type":"BreadcrumbList","@id":"https:\/\/www.encontracamacari.com.br\/sobre\/fabrica-da-byd-em-camacari-se-aproxima-de-20-mil-carros-produzidos\/#breadcrumblist","itemListElement":[{"@type":"ListItem","@id":"https:\/\/www.encontracamacari.com.br\/sobre#listItem","position":1,"name":"Home","item":"https:\/\/www.encontracamacari.com.br\/sobre","nextItem":{"@type":"ListItem","@id":"https:\/\/www.encontracamacari.com.br\/sobre\/noticias-em-camacari\/#listItem","name":"Not\u00edcias Cama\u00e7ari"}},{"@type":"ListItem","@id":"https:\/\/www.encontracamacari.com.br\/sobre\/noticias-em-camacari\/#listItem","position":2,"name":"Not\u00edcias Cama\u00e7ari","item":"https:\/\/www.encontracamacari.com.br\/sobre\/noticias-em-camacari\/","nextItem":{"@type":"ListItem","@id":"https:\/\/www.encontracamacari.com.br\/sobre\/fabrica-da-byd-em-camacari-se-aproxima-de-20-mil-carros-produzidos\/#listItem","name":"F\u00e1brica da BYD em Cama\u00e7ari se aproxima de 20 mil carros produzidos"},"previousItem":{"@type":"ListItem","@id":"https:\/\/www.encontracamacari.com.br\/sobre#listItem","name":"Home"}},{"@type":"ListItem","@id":"https:\/\/www.encontracamacari.com.br\/sobre\/fabrica-da-byd-em-camacari-se-aproxima-de-20-mil-carros-produzidos\/#listItem","position":3,"name":"F\u00e1brica da BYD em Cama\u00e7ari se aproxima de 20 mil carros produzidos","previousItem":{"@type":"ListItem","@id":"https:\/\/www.encontracamacari.com.br\/sobre\/noticias-em-camacari\/#listItem","name":"Not\u00edcias Cama\u00e7ari"}}]},{"@type":"Organization","@id":"https:\/\/www.encontracamacari.com.br\/sobre\/#organization","name":"Encontra Cama\u00e7ari","description":"Not\u00edcias, eventos, informa\u00e7\u00f5es e dicas na cidade de Cama\u00e7ari e regi\u00e3o.","url":"https:\/\/www.encontracamacari.com.br\/sobre\/"},{"@type":"Person","@id":"https:\/\/www.encontracamacari.com.br\/sobre\/author\/ecamacari\/#author","url":"https:\/\/www.encontracamacari.com.br\/sobre\/author\/ecamacari\/","name":"Encontra Cama\u00e7ari","image":{"@type":"ImageObject","@id":"https:\/\/www.encontracamacari.com.br\/sobre\/fabrica-da-byd-em-camacari-se-aproxima-de-20-mil-carros-produzidos\/#authorImage","url":"https:\/\/secure.gravatar.com\/avatar\/507340682b8270222e1f208e23198b6ae7e2c6a1033ae84e99bc6bce4f82a387?s=96&d=mm&r=g","width":96,"height":96,"caption":"Encontra Cama\u00e7ari"}},{"@type":"WebPage","@id":"https:\/\/www.encontracamacari.com.br\/sobre\/fabrica-da-byd-em-camacari-se-aproxima-de-20-mil-carros-produzidos\/#webpage","url":"https:\/\/www.encontracamacari.com.br\/sobre\/fabrica-da-byd-em-camacari-se-aproxima-de-20-mil-carros-produzidos\/","name":"F\u00e1brica da BYD em Cama\u00e7ari se aproxima de 20 mil carros produzidos - Encontra Cama\u00e7ari","description":"F\u00e1brica da BYD em Cama\u00e7ari: pr\u00f3ximo marco hist\u00f3rico na produ\u00e7\u00e3o automotiva.","inLanguage":"pt-BR","isPartOf":{"@id":"https:\/\/www.encontracamacari.com.br\/sobre\/#website"},"breadcrumb":{"@id":"https:\/\/www.encontracamacari.com.br\/sobre\/fabrica-da-byd-em-camacari-se-aproxima-de-20-mil-carros-produzidos\/#breadcrumblist"},"author":{"@id":"https:\/\/www.encontracamacari.com.br\/sobre\/author\/ecamacari\/#author"},"creator":{"@id":"https:\/\/www.encontracamacari.com.br\/sobre\/author\/ecamacari\/#author"},"image":{"@type":"ImageObject","url":"https:\/\/www.encontracamacari.com.br\/sobre\/wp-content\/uploads\/2026\/01\/fabrica-da-byd-em-camacari-se-aproxima-de-20-mil-carros-produzidos.webp","@id":"https:\/\/www.encontracamacari.com.br\/sobre\/fabrica-da-byd-em-camacari-se-aproxima-de-20-mil-carros-produzidos\/#mainImage","width":280,"height":280,"caption":"f\u00e1brica da BYD em Cama\u00e7ari"},"primaryImageOfPage":{"@id":"https:\/\/www.encontracamacari.com.br\/sobre\/fabrica-da-byd-em-camacari-se-aproxima-de-20-mil-carros-produzidos\/#mainImage"},"datePublished":"2026-01-12T05:37:54+00:00","dateModified":"2026-01-12T05:37:54+00:00"},{"@type":"WebSite","@id":"https:\/\/www.encontracamacari.com.br\/sobre\/#website","url":"https:\/\/www.encontracamacari.com.br\/sobre\/","name":"Encontra Cama\u00e7ari","description":"Not\u00edcias, eventos, informa\u00e7\u00f5es e dicas na cidade de Cama\u00e7ari e regi\u00e3o.","inLanguage":"pt-BR","publisher":{"@id":"https:\/\/www.encontracamacari.com.br\/sobre\/#organization"}}]},"og:locale":"pt_BR","og:site_name":"Encontra Cama\u00e7ari - Not\u00edcias, eventos, informa\u00e7\u00f5es e dicas na cidade de Cama\u00e7ari e regi\u00e3o.","og:type":"article","og:title":"F\u00e1brica da BYD em Cama\u00e7ari se aproxima de 20 mil carros produzidos - Encontra Cama\u00e7ari","og:description":"F\u00e1brica da BYD em Cama\u00e7ari: pr\u00f3ximo marco hist\u00f3rico na produ\u00e7\u00e3o automotiva.","og:url":"https:\/\/www.encontracamacari.com.br\/sobre\/fabrica-da-byd-em-camacari-se-aproxima-de-20-mil-carros-produzidos\/","article:published_time":"2026-01-12T05:37:54+00:00","article:modified_time":"2026-01-12T05:37:54+00:00","twitter:card":"summary_large_image","twitter:title":"F\u00e1brica da BYD em Cama\u00e7ari se aproxima de 20 mil carros produzidos - Encontra Cama\u00e7ari","twitter:description":"F\u00e1brica da BYD em Cama\u00e7ari: pr\u00f3ximo marco hist\u00f3rico na produ\u00e7\u00e3o automotiva."},"aioseo_meta_data":{"post_id":"556","title":null,"description":null,"keywords":null,"keyphrases":null,"primary_term":null,"canonical_url":null,"og_title":null,"og_description":null,"og_object_type":"default","og_image_type":"default","og_image_url":null,"og_image_width":null,"og_image_height":null,"og_image_custom_url":null,"og_image_custom_fields":null,"og_video":null,"og_custom_url":null,"og_article_section":null,"og_article_tags":null,"twitter_use_og":false,"twitter_card":"default","twitter_image_type":"default","twitter_image_url":null,"twitter_image_custom_url":null,"twitter_image_custom_fields":null,"twitter_title":null,"twitter_description":null,"schema":{"blockGraphs":[],"customGraphs":[],"default":{"data":{"Article":[],"Course":[],"Dataset":[],"FAQPage":[],"Movie":[],"Person":[],"Product":[],"ProductReview":[],"Car":[],"Recipe":[],"Service":[],"SoftwareApplication":[],"WebPage":[]},"graphName":"BlogPosting","isEnabled":true},"graphs":[]},"schema_type":"default","schema_type_options":null,"pillar_content":false,"robots_default":true,"robots_noindex":false,"robots_noarchive":false,"robots_nosnippet":false,"robots_nofollow":false,"robots_noimageindex":false,"robots_noodp":false,"robots_notranslate":false,"robots_max_snippet":null,"robots_max_videopreview":null,"robots_max_imagepreview":"large","priority":null,"frequency":null,"local_seo":null,"limit_modified_date":false,"created":"2026-01-12 05:37:58","updated":"2026-08-06 00:50:38","focus_keyword":null,"additional_keywords":null,"truseo_locale":null,"ai":null,"breadcrumb_settings":null,"seo_analyzer_scan_date":null},"aioseo_breadcrumb":"<div class=\"aioseo-breadcrumbs\"><span class=\"aioseo-breadcrumb\">\n\t\t\t<a href=\"https:\/\/www.encontracamacari.com.br\/sobre\" title=\"Home\">Home<\/a>\n\t\t<\/span><span class=\"aioseo-breadcrumb-separator\">&raquo;<\/span><span class=\"aioseo-breadcrumb\">\n\t\t\t<a href=\"https:\/\/www.encontracamacari.com.br\/sobre\/noticias-em-camacari\/\" title=\"Not\u00edcias Cama\u00e7ari\">Not\u00edcias Cama\u00e7ari<\/a>\n\t\t<\/span><span class=\"aioseo-breadcrumb-separator\">&raquo;<\/span><span class=\"aioseo-breadcrumb\">\n\t\t\tF\u00e1brica da BYD em Cama\u00e7ari se aproxima de 20 mil carros produzidos\n\t\t<\/span><\/div>","aioseo_breadcrumb_json":[{"label":"Home","link":"https:\/\/www.encontracamacari.com.br\/sobre"},{"label":"Not\u00edcias Cama\u00e7ari","link":"https:\/\/www.encontracamacari.com.br\/sobre\/noticias-em-camacari\/"},{"label":"F\u00e1brica da BYD em Cama\u00e7ari se aproxima de 20 mil carros produzidos","link":"https:\/\/www.encontracamacari.com.br\/sobre\/fabrica-da-byd-em-camacari-se-aproxima-de-20-mil-carros-produzidos\/"}],"_links":{"self":[{"href":"https:\/\/www.encontracamacari.com.br\/sobre\/wp-json\/wp\/v2\/posts\/556","targetHints":{"allow":["GET"]}}],"collection":[{"href":"https:\/\/www.encontracamacari.com.br\/sobre\/wp-json\/wp\/v2\/posts"}],"about":[{"href":"https:\/\/www.encontracamacari.com.br\/sobre\/wp-json\/wp\/v2\/types\/post"}],"author":[{"embeddable":true,"href":"https:\/\/www.encontracamacari.com.br\/sobre\/wp-json\/wp\/v2\/users\/1"}],"replies":[{"embeddable":true,"href":"https:\/\/www.encontracamacari.com.br\/sobre\/wp-json\/wp\/v2\/comments?post=556"}],"version-history":[{"count":0,"href":"https:\/\/www.encontracamacari.com.br\/sobre\/wp-json\/wp\/v2\/posts\/556\/revisions"}],"wp:featuredmedia":[{"embeddable":true,"href":"https:\/\/www.encontracamacari.com.br\/sobre\/wp-json\/wp\/v2\/media\/555"}],"wp:attachment":[{"href":"https:\/\/www.encontracamacari.com.br\/sobre\/wp-json\/wp\/v2\/media?parent=556"}],"wp:term":[{"taxonomy":"category","embeddable":true,"href":"https:\/\/www.encontracamacari.com.br\/sobre\/wp-json\/wp\/v2\/categories?post=556"},{"taxonomy":"post_tag","embeddable":true,"href":"https:\/\/www.encontracamacari.com.br\/sobre\/wp-json\/wp\/v2\/tags?post=556"}],"curies":[{"name":"wp","href":"https:\/\/api.w.org\/{rel}","templated":true}]}}