{"id":554,"date":"2026-01-12T05:34:59","date_gmt":"2026-01-12T05:34:59","guid":{"rendered":"https:\/\/www.encontracamacari.com.br\/sobre\/em-abril-byd-comeca-a-produzir-e-nao-apenas-montar-carros-na-fabrica-em-camacari\/"},"modified":"2026-01-12T05:34:59","modified_gmt":"2026-01-12T05:34:59","slug":"em-abril-byd-comeca-a-produzir-e-nao-apenas-montar-carros-na-fabrica-em-camacari","status":"publish","type":"post","link":"https:\/\/www.encontracamacari.com.br\/sobre\/em-abril-byd-comeca-a-produzir-e-nao-apenas-montar-carros-na-fabrica-em-camacari\/","title":{"rendered":"EM ABRIL, BYD COME\u00c7A A PRODUZIR, E N\u00c3O APENAS MONTAR CARROS, NA F\u00c1BRICA EM CAMA\u00c7ARI"},"content":{"rendered":"<div class=\"2410bb7248a64bb1f71103797e0f239b\" data-index=\"1\" style=\"float: none; margin:0px;\">\n<ins class=\"adsbygoogle\"\r\n     style=\"display:block\"\r\n     data-ad-client=\"ca-pub-8585364105181520\"\r\n     data-ad-slot=\"8789329856\"\r\n     data-ad-format=\"auto\"\r\n     data-full-width-responsive=\"true\"><\/ins>\r\n<script>\r\n     (adsbygoogle = window.adsbygoogle || []).push({});\r\n<\/script>\n<\/div>\n<h2>Mudan\u00e7as na Produ\u00e7\u00e3o da BYD em Cama\u00e7ari<\/h2>\n<p>A ind\u00fastria automotiva brasileira est\u00e1 prestes a testemunhar uma transforma\u00e7\u00e3o significante com a decis\u00e3o da BYD, uma das principais montadoras de ve\u00edculos el\u00e9tricos do mundo, de alterar sua abordagem de produ\u00e7\u00e3o na f\u00e1brica localizada em Cama\u00e7ari, na Bahia. A partir de abril de 2026, a empresa deixar\u00e1 de realizar apenas a montagem de ve\u00edculos e passar\u00e1 a produzir efetivamente, implementando processos fundamentais como estamparia, solda e pintura. Essa mudan\u00e7a representa um importante passo na evolu\u00e7\u00e3o da f\u00e1brica, que visa agregar valor local e ampliar a capacidade produtiva.<\/p>\n<p>O primeiro passo para essa modifica\u00e7\u00e3o j\u00e1 foi dado com a chegada dos equipamentos necess\u00e1rios para a realiza\u00e7\u00e3o desses processos. At\u00e9 o momento, a f\u00e1brica tem se dedicado essencialmente \u00e0 montagem do que s\u00e3o conhecidos como ve\u00edculos semimontados, ou CKD (Completely Knocked Down). Esses ve\u00edculos, embora sejam montados no Brasil, ainda t\u00eam uma depend\u00eancia grande de componentes importados. A nova estrat\u00e9gia da empresa busca aumentar a propor\u00e7\u00e3o de componentes fabricados localmente, tornando a opera\u00e7\u00e3o mais independente e sustent\u00e1vel.<\/p>\n<p>Essa mudan\u00e7a n\u00e3o \u00e9 apenas uma quest\u00e3o de aumento de capacidade. Envolve tamb\u00e9m a cria\u00e7\u00e3o de empregos e um impacto positivo na economia local. A expans\u00e3o da opera\u00e7\u00e3o permitir\u00e1 que a BYD n\u00e3o s\u00f3 atenda melhor o mercado interno, mas tamb\u00e9m se prepare para exporta\u00e7\u00f5es futuras, aumentando assim a competitividade da ind\u00fastria automobil\u00edstica brasileira no cen\u00e1rio global.<\/p>\n<p><img decoding=\"async\" src=\"https:\/\/www.encontracamacari.com.br\/sobre\/wp-content\/uploads\/2026\/01\/em-abril-byd-comeca-a-produzir-e-nao-apenas-montar-carros-na-fabrica-em-camacari.webp\" alt=\"produzir carros em Cama\u00e7ari\" loading=\"lazy\" \/><\/p>\n<h2>Import\u00e2ncia da Nacionaliza\u00e7\u00e3o na Ind\u00fastria Automotiva<\/h2>\n<p>A nacionaliza\u00e7\u00e3o da produ\u00e7\u00e3o na ind\u00fastria automotiva \u00e9 um fator crucial para o desenvolvimento econ\u00f4mico e tecnol\u00f3gico de um pa\u00eds. No caso do Brasil, a maior parte dos ve\u00edculos ainda \u00e9 montada com componentes importados, o que contribui para um d\u00e9ficit na balan\u00e7a comercial e limita a capacidade do pa\u00eds de competir em um mercado globalizado. A decis\u00e3o da BYD de nacionalizar parte de sua produ\u00e7\u00e3o se alinha com uma tend\u00eancia crescente entre diversas montadoras no pa\u00eds.<\/p>\n<p>A produ\u00e7\u00e3o local n\u00e3o apenas diminui a depend\u00eancia de fornecedores internacionais, mas tamb\u00e9m promove o desenvolvimento de tecnologias e compet\u00eancias locais. Ao introduzir processos de fabrica\u00e7\u00e3o complexos, como a estamparia e a solda, a BYD est\u00e1 contribuindo para um ecossistema industrial que pode suportar a inova\u00e7\u00e3o. Isso \u00e9 especialmente relevante em um setor onde a efici\u00eancia e a capacidade de adapta\u00e7\u00e3o s\u00e3o fundamentais para o sucesso.<\/p>\n<p>Al\u00e9m disso, a nacionaliza\u00e7\u00e3o pode levar \u00e0 redu\u00e7\u00e3o no pre\u00e7o final dos ve\u00edculos, uma vez que a importa\u00e7\u00e3o de componentes est\u00e1 sujeita a impostos e taxas que encarecem os produtos. Ve\u00edculos fabricados com pe\u00e7as locais podem ser vendidos a pre\u00e7os mais competitivos, facilitando o acesso dos consumidores e estimulando o mercado automobil\u00edstico como um todo.<\/p>\n<h2>Processos de Estamparia, Solda e Pintura<\/h2>\n<p>Estamparia, solda e pintura s\u00e3o etapas cruciais na produ\u00e7\u00e3o automotiva. A estamparia envolve a forma\u00e7\u00e3o de chapas de metal, que ser\u00e3o utilizadas para criar a carroceria do ve\u00edculo. Este processo \u00e9 fundamental para garantir a integridade estrutural e a seguran\u00e7a do autom\u00f3vel. Na solda, diversas partes s\u00e3o unidas de forma robusta, garantindo que a carroceria seja resistente e dur\u00e1vel. Por fim, a pintura n\u00e3o apenas confere um acabamento est\u00e9tico, mas tamb\u00e9m protege o ve\u00edculo contra corros\u00e3o e outros danos ambientais.<\/p>\n<p>Com a implementa\u00e7\u00e3o desses processos, a f\u00e1brica da BYD em Cama\u00e7ari n\u00e3o s\u00f3 passar\u00e1 a criar produtos finais de maior qualidade, mas tamb\u00e9m abrir\u00e1 oportunidade para a capacita\u00e7\u00e3o de seus trabalhadores. O aprendizado e a experi\u00eancia adquiridos nessas etapas s\u00e3o inestim\u00e1veis, contribuindo para a forma\u00e7\u00e3o de uma m\u00e3o-de-obra mais qualificada no Brasil. Portanto, al\u00e9m de se tornar um centro de produ\u00e7\u00e3o mais eficiente, a instala\u00e7\u00e3o se tornar\u00e1 tamb\u00e9m um polo de forma\u00e7\u00e3o de profissionais especializados na \u00e1rea automotiva.<\/p>\n<h2>Novos Modelos de Carros a Caminho<\/h2>\n<p>Em adi\u00e7\u00e3o aos avan\u00e7os na produ\u00e7\u00e3o, a BYD tamb\u00e9m est\u00e1 prestes a lan\u00e7ar novos modelos de ve\u00edculos em sua opera\u00e7\u00e3o brasileira. Entre as novidades, est\u00e1 a introdu\u00e7\u00e3o do modelo h\u00edbrido plug-in chamado Song Plus, que come\u00e7ar\u00e1 a ser produzido em Cama\u00e7ari ainda em 2026. Este modelo \u00e9 especialmente significativo, pois funcionar\u00e1 com motores a combust\u00e3o interna e el\u00e9trico, podendo ser recarregado por uma tomada.<\/p>\n<p>Essa inova\u00e7\u00e3o n\u00e3o apenas diversifica a linha de produtos da BYD, mas tamb\u00e9m representa um avan\u00e7o em dire\u00e7\u00e3o \u00e0 sustentabilidade. Os carros h\u00edbridos plug-in oferecem uma alternativa vi\u00e1vel para os consumidores que buscam reduzir sua pegada de carbono, ao mesmo tempo em que ainda desfrutam da conveni\u00eancia de um motor a combust\u00e3o.<\/p>\n<p>A capacidade de produzir ve\u00edculos h\u00edbridos que aceitam etanol, em parceria com engenheiros brasileiros, mostra uma tentativa da BYD de atender ao mercado local de maneira mais eficiente e adaptada \u00e0s prefer\u00eancias dos consumidores. Al\u00e9m disso, isso promove a integra\u00e7\u00e3o de energias renov\u00e1veis na matriz automotiva, um passo importante para a sustentabilidade e a redu\u00e7\u00e3o de emiss\u00f5es em ambientes urbanos.<\/p>\n<h2>Aumento no N\u00famero de Funcion\u00e1rios na F\u00e1brica<\/h2>\n<p>\u00c0 medida que a produ\u00e7\u00e3o se expande e novos processos s\u00e3o implementados na f\u00e1brica em Cama\u00e7ari, a BYD tamb\u00e9m planeja aumentar o n\u00famero de funcion\u00e1rios. O objetivo \u00e9 expandir a atual for\u00e7a de trabalho de 2.000 para cerca de 5.000 funcion\u00e1rios at\u00e9 o final de 2026. Esse crescimento expressivo n\u00e3o s\u00f3 demonstra a confian\u00e7a da empresa na demanda por ve\u00edculos no Brasil, como tamb\u00e9m convida novos talentos a ingressar no setor automotivo.<\/p>\n<p>O processo de contrata\u00e7\u00e3o ser\u00e1 fundamental para garantir que haja m\u00e3o-de-obra qualificada pronta para operar as novas m\u00e1quinas e equipamentos que ser\u00e3o introduzidos na f\u00e1brica. A capacita\u00e7\u00e3o dos novos empregados ser\u00e1 uma prioridade, bem como o treinamento cont\u00ednuo dos funcion\u00e1rios j\u00e1 existentes, para que a f\u00e1brica mantenha os mais altos padr\u00f5es de qualidade e efici\u00eancia.<\/p><div class=\"2410bb7248a64bb1f71103797e0f239b\" data-index=\"2\" style=\"float: none; margin:0px;\">\n<ins class=\"adsbygoogle\"\r\n     style=\"display:block; text-align:center;\"\r\n     data-ad-layout=\"in-article\"\r\n     data-ad-format=\"fluid\"\r\n     data-ad-client=\"ca-pub-8585364105181520\"\r\n     data-ad-slot=\"2899217073\"><\/ins>\r\n<script>\r\n     (adsbygoogle = window.adsbygoogle || []).push({});\r\n<\/script>\r\n\r\n<\/br><\/br>\n<\/div>\n\n<p>Essas novas oportunidades de emprego tamb\u00e9m t\u00eam um impacto positivo na comunidade local, contribuindo para a redu\u00e7\u00e3o do desemprego e a promo\u00e7\u00e3o do desenvolvimento socioecon\u00f4mico na Bahia. A proposta da BYD de se tornar uma empregadora significativa na regi\u00e3o representa um compromisso n\u00e3o apenas com o crescimento da empresa, mas tamb\u00e9m com o bem-estar da popula\u00e7\u00e3o local.<\/p>\n<h2>Expectativas de Produ\u00e7\u00e3o para o Futuro<\/h2>\n<p>Com a introdu\u00e7\u00e3o de novos processos, expans\u00e3o de pessoal e novos modelos de ve\u00edculos, a f\u00e1brica da BYD em Cama\u00e7ari est\u00e1 se preparando para uma produ\u00e7\u00e3o em larga escala. O n\u00famero de ve\u00edculos produzidos mensalmente deve aumentar de 4 a 5 mil para impressionantes 20 mil ve\u00edculos por m\u00eas. Essa meta ambiciosa n\u00e3o apenas demonstra a confian\u00e7a da empresa no potencial do mercado brasileiro, mas tamb\u00e9m representa um compromisso com a qualidade e a inova\u00e7\u00e3o.<\/p>\n<p>A expectativa \u00e9 que o aumento significativo na produ\u00e7\u00e3o n\u00e3o apenas beneficie a empresa, mas tamb\u00e9m impacte positivamente a economia local, aumentando a movimenta\u00e7\u00e3o do com\u00e9rcio e criando um ciclo virtuoso de desenvolvimento econ\u00f4mico. Com um ambiente industrial em crescimento, as empresas locais poder\u00e3o se beneficiar de uma rede de fornecimento mais robusta, criando um efeito cascata de oportunidades de neg\u00f3cios.<\/p>\n<h2>Tecnologia H\u00edbrida em Desenvolvimento<\/h2>\n<p>Criando oportunidades para inova\u00e7\u00f5es na ind\u00fastria automotiva, a tecnologia h\u00edbrida que est\u00e1 sendo desenvolvida na f\u00e1brica da BYD em Cama\u00e7ari \u00e9 um excelente exemplo de como \u00e9 poss\u00edvel unir conhecimento t\u00e9cnico ao desenvolvimento sustent\u00e1vel. O modelo h\u00edbrido plug-in Song Plus n\u00e3o representa apenas um produto, mas uma vis\u00e3o de futuro onde a mobilidade sustent\u00e1vel \u00e9 uma realidade acess\u00edvel.<\/p>\n<p>Um dos principais desafios que a ind\u00fastria enfrenta \u00e9 criar ve\u00edculos que n\u00e3o apenas cumpram as normas de seguran\u00e7a, mas tamb\u00e9m sejam acess\u00edveis financeiramente ao consumidor brasileiro. A BYD parece estar atenta a esse aspecto, pois a possibilidade de utiliza\u00e7\u00e3o de etanol como parte da matriz energ\u00e9tica oferece uma alternativa interessante que pode facilitar a ado\u00e7\u00e3o de ve\u00edculos h\u00edbridos no Brasil, onde a produ\u00e7\u00e3o de etanol \u00e9 amplamente incentivada.<\/p>\n<p>Al\u00e9m disso, a colabora\u00e7\u00e3o entre engenheiros brasileiros e chineses tem o potencial de acelerar o desenvolvimento de solu\u00e7\u00f5es inovadoras que atendam \u00e0s caracter\u00edsticas espec\u00edficas do mercado local. Essa troca de conhecimento e tecnologia entre diferentes locais do mundo \u00e9 um modelo de colabora\u00e7\u00e3o que pode resultar em produtos cada vez mais adaptados \u00e0s necessidades dos consumidores.<\/p>\n<h2>Impacto da Nova Legisla\u00e7\u00e3o sobre Com\u00e9rcio<\/h2>\n<p>Outro aspecto importante relacionado \u00e0 expans\u00e3o da produ\u00e7\u00e3o da BYD em Cama\u00e7ari \u00e9 a nova legisla\u00e7\u00e3o que est\u00e1 em vigor no Brasil. O governo brasileiro fixou o dia 31 de janeiro de 2023 como prazo para a importa\u00e7\u00e3o de ve\u00edculos semimontados sem a cobran\u00e7a de Imposto de Importa\u00e7\u00e3o. A partir de fevereiro, esse imposto ter\u00e1 um aumento consider\u00e1vel, passando para 35%.<\/p>\n<p>Essa mudan\u00e7a na legisla\u00e7\u00e3o cria um horizonte completamente diferente para a opera\u00e7\u00e3o da BYD no Brasil. Ao nacionalizar sua produ\u00e7\u00e3o, a empresa n\u00e3o apenas evita os altos impostos impostos sobre ve\u00edculos importados, mas tamb\u00e9m se posiciona favoravelmente para explorar o sistema de vendas diretas, que pode resultar em pre\u00e7os mais acess\u00edveis para setores como t\u00e1xi, frotistas e pessoas com defici\u00eancia.<\/p>\n<p>Sendo assim, a BYD est\u00e1 em uma posi\u00e7\u00e3o vantajosa para n\u00e3o s\u00f3 resistir \u00e0 alta dos impostos sobre importa\u00e7\u00f5es, mas tamb\u00e9m para aumentar sua competitividade no mercado interno. A adaptabilidade a essas mudan\u00e7as \u00e9 uma caracter\u00edstica chave para o sucesso na ind\u00fastria automotiva, e a escolha pela produ\u00e7\u00e3o local pode se revelar como uma decis\u00e3o estrat\u00e9gica bem-sucedida no contexto atual.<\/p>\n<h2>Prepara\u00e7\u00e3o para a Expans\u00e3o na Exporta\u00e7\u00e3o<\/h2>\n<p>Com a infraestrutura adequada sendo estabelecida em Cama\u00e7ari, a BYD tamb\u00e9m est\u00e1 mirando a expans\u00e3o internacional. A capacidade de produzir localmente n\u00e3o s\u00f3 permite que a empresa venda mais ve\u00edculos no Brasil, mas tamb\u00e9m se prepara para atender outros mercados internacionais. Este movimento \u00e9 crucial para qualquer empresa que deseja permanecer relevante em um mercado cada vez mais globalizado.<\/p>\n<p>A produ\u00e7\u00e3o em larga escala pode colocar a BYD na posi\u00e7\u00e3o ideal para exportar ve\u00edculos tanto para outros pa\u00edses da Am\u00e9rica Latina, quanto al\u00e9m. O avan\u00e7o no desenvolvimento de seus modelos h\u00edbridos e el\u00e9tricos se alinha com tend\u00eancias globais que buscam alternativas mais sustent\u00e1veis, e a empresa est\u00e1 se colocando na vanguarda dessa revolu\u00e7\u00e3o.<\/p>\n<p>Preparar-se para exporta\u00e7\u00f5es requer n\u00e3o apenas mais capacidade de produ\u00e7\u00e3o, mas tamb\u00e9m um entendimento s\u00f3lido das demandas e regulamentos internacionais. Isso representa um desafio, mas tamb\u00e9m uma oportunidade significativa. \u00c0 medida que a empresa estabelece sua marca em mercados externos, pode tamb\u00e9m influenciar positivamente a imagem do Brasil como um produtor qualificado na ind\u00fastria automotiva.<\/p>\n<h2>Colabora\u00e7\u00e3o Internacional em Projetos de Produ\u00e7\u00e3o<\/h2>\n<p>Por fim, a colabora\u00e7\u00e3o internacional entre Brasil e China na produ\u00e7\u00e3o dos novos modelos de ve\u00edculos, como o h\u00edbrido plug-in, pode representar um novo modelo de desenvolvimento na ind\u00fastria automotiva. Essa troca de conhecimentos, pr\u00e1ticas e tecnologias \u00e9 um dos aspectos mais enriquecedores da globaliza\u00e7\u00e3o, permitindo que pa\u00edses compartilhem e ampliem suas compet\u00eancias.<\/p>\n<p>A BYD se beneficia dessa rela\u00e7\u00e3o atrav\u00e9s do acesso a tecnologia avan\u00e7ada e know-how, enquanto engenheiros brasileiros t\u00eam a oportunidade de se firmar como refer\u00eancias no desenvolvimento e implementa\u00e7\u00e3o de tecnologias sustent\u00e1veis. Essa colabora\u00e7\u00e3o n\u00e3o s\u00f3 potencializa o conhecimento t\u00e9cnico, mas tamb\u00e9m fomenta a cria\u00e7\u00e3o de redes de inova\u00e7\u00e3o que podem gerar produtos de alta qualidade adaptados \u00e0s necessidades do mercado brasileiro e mundial.<\/p>\n<p>Al\u00e9m disso, \u00e0 medida que a colabora\u00e7\u00e3o internacional se fortalece, o Brasil pode tornar-se um hub regional de desenvolvimento e produ\u00e7\u00e3o na ind\u00fastria automotiva. Esse protagonismo \u00e9 essencial para o fortalecimento da sua economia e para a cidadania, promovendo n\u00e3o apenas a produ\u00e7\u00e3o de ve\u00edculos, mas uma vis\u00e3o mais ampla de transforma\u00e7\u00e3o industrial e tecnol\u00f3gica.<\/p>\n<div class=\"2410bb7248a64bb1f71103797e0f239b\" data-index=\"3\" style=\"float: none; margin:0px;\">\n<\/br><\/br>\r\n\r\n<ins class=\"adsbygoogle\"\r\n     style=\"display:block\"\r\n     data-ad-format=\"fluid\"\r\n     data-ad-layout-key=\"-63+do+n-1s+9e\"\r\n     data-ad-client=\"ca-pub-8585364105181520\"\r\n     data-ad-slot=\"6838462089\"><\/ins>\r\n<script>\r\n     (adsbygoogle = window.adsbygoogle || []).push({});\r\n<\/script>\n<\/div>\n\n<div style=\"font-size: 0px; height: 0px; line-height: 0px; margin: 0; padding: 0; clear: both;\"><\/div>","protected":false},"excerpt":{"rendered":"<p>Em abril, BYD come\u00e7a a produzir carros em Cama\u00e7ari, expandindo opera\u00e7\u00f5es na Bahia.<\/p>\n","protected":false},"author":1,"featured_media":553,"comment_status":"open","ping_status":"closed","sticky":false,"template":"","format":"standard","meta":{"footnotes":""},"categories":[1],"tags":[],"class_list":["post-554","post","type-post","status-publish","format-standard","has-post-thumbnail","hentry","category-noticias-em-camacari","has_thumb"],"aioseo_notices":[],"aioseo_head":"\n\t\t<!-- All in One SEO 5.0.0.1 - aioseo.com -->\n\t<meta name=\"description\" content=\"Em abril, BYD come\u00e7a a produzir carros em Cama\u00e7ari, expandindo opera\u00e7\u00f5es na Bahia.\" \/>\n\t<meta name=\"robots\" content=\"max-image-preview:large\" \/>\n\t<meta name=\"author\" content=\"Encontra Cama\u00e7ari\"\/>\n\t<link rel=\"canonical\" href=\"https:\/\/www.encontracamacari.com.br\/sobre\/em-abril-byd-comeca-a-produzir-e-nao-apenas-montar-carros-na-fabrica-em-camacari\/\" \/>\n\t<meta name=\"generator\" content=\"All in One SEO (AIOSEO) 5.0.0.1\" \/>\n\t\t<meta property=\"og:locale\" content=\"pt_BR\" \/>\n\t\t<meta property=\"og:site_name\" content=\"Encontra Cama\u00e7ari - Not\u00edcias, eventos, informa\u00e7\u00f5es e dicas na cidade de Cama\u00e7ari e regi\u00e3o.\" \/>\n\t\t<meta property=\"og:type\" content=\"article\" \/>\n\t\t<meta property=\"og:title\" content=\"EM ABRIL, BYD COME\u00c7A A PRODUZIR, E N\u00c3O APENAS MONTAR CARROS, NA F\u00c1BRICA EM CAMA\u00c7ARI - Encontra Cama\u00e7ari\" \/>\n\t\t<meta property=\"og:description\" content=\"Em abril, BYD come\u00e7a a produzir carros em Cama\u00e7ari, expandindo opera\u00e7\u00f5es na Bahia.\" \/>\n\t\t<meta property=\"og:url\" content=\"https:\/\/www.encontracamacari.com.br\/sobre\/em-abril-byd-comeca-a-produzir-e-nao-apenas-montar-carros-na-fabrica-em-camacari\/\" \/>\n\t\t<meta property=\"article:published_time\" content=\"2026-01-12T05:34:59+00:00\" \/>\n\t\t<meta property=\"article:modified_time\" content=\"2026-01-12T05:34:59+00:00\" \/>\n\t\t<meta name=\"twitter:card\" content=\"summary_large_image\" \/>\n\t\t<meta name=\"twitter:title\" content=\"EM ABRIL, BYD COME\u00c7A A PRODUZIR, E N\u00c3O APENAS MONTAR CARROS, NA F\u00c1BRICA EM CAMA\u00c7ARI - Encontra Cama\u00e7ari\" \/>\n\t\t<meta name=\"twitter:description\" content=\"Em abril, BYD come\u00e7a a produzir carros em Cama\u00e7ari, expandindo opera\u00e7\u00f5es na Bahia.\" \/>\n\t\t<script type=\"application\/ld+json\" class=\"aioseo-schema\">\n\t\t\t{\"@context\":\"https:\\\/\\\/schema.org\",\"@graph\":[{\"@type\":\"BlogPosting\",\"@id\":\"https:\\\/\\\/www.encontracamacari.com.br\\\/sobre\\\/em-abril-byd-comeca-a-produzir-e-nao-apenas-montar-carros-na-fabrica-em-camacari\\\/#blogposting\",\"name\":\"EM ABRIL, BYD COME\\u00c7A A PRODUZIR, E N\\u00c3O APENAS MONTAR CARROS, NA F\\u00c1BRICA EM CAMA\\u00c7ARI - Encontra Cama\\u00e7ari\",\"headline\":\"EM ABRIL, BYD COME\\u00c7A A PRODUZIR, E N\\u00c3O APENAS MONTAR CARROS, NA F\\u00c1BRICA EM CAMA\\u00c7ARI\",\"author\":{\"@id\":\"https:\\\/\\\/www.encontracamacari.com.br\\\/sobre\\\/author\\\/ecamacari\\\/#author\"},\"publisher\":{\"@id\":\"https:\\\/\\\/www.encontracamacari.com.br\\\/sobre\\\/#organization\"},\"image\":{\"@type\":\"ImageObject\",\"url\":\"https:\\\/\\\/www.encontracamacari.com.br\\\/sobre\\\/wp-content\\\/uploads\\\/2026\\\/01\\\/em-abril-byd-comeca-a-produzir-e-nao-apenas-montar-carros-na-fabrica-em-camacari.webp\",\"width\":280,\"height\":280,\"caption\":\"produzir carros em Cama\\u00e7ari\"},\"datePublished\":\"2026-01-12T05:34:59+00:00\",\"dateModified\":\"2026-01-12T05:34:59+00:00\",\"inLanguage\":\"pt-BR\",\"mainEntityOfPage\":{\"@id\":\"https:\\\/\\\/www.encontracamacari.com.br\\\/sobre\\\/em-abril-byd-comeca-a-produzir-e-nao-apenas-montar-carros-na-fabrica-em-camacari\\\/#webpage\"},\"isPartOf\":{\"@id\":\"https:\\\/\\\/www.encontracamacari.com.br\\\/sobre\\\/em-abril-byd-comeca-a-produzir-e-nao-apenas-montar-carros-na-fabrica-em-camacari\\\/#webpage\"},\"articleSection\":\"Not\\u00edcias Cama\\u00e7ari\"},{\"@type\":\"BreadcrumbList\",\"@id\":\"https:\\\/\\\/www.encontracamacari.com.br\\\/sobre\\\/em-abril-byd-comeca-a-produzir-e-nao-apenas-montar-carros-na-fabrica-em-camacari\\\/#breadcrumblist\",\"itemListElement\":[{\"@type\":\"ListItem\",\"@id\":\"https:\\\/\\\/www.encontracamacari.com.br\\\/sobre#listItem\",\"position\":1,\"name\":\"Home\",\"item\":\"https:\\\/\\\/www.encontracamacari.com.br\\\/sobre\",\"nextItem\":{\"@type\":\"ListItem\",\"@id\":\"https:\\\/\\\/www.encontracamacari.com.br\\\/sobre\\\/noticias-em-camacari\\\/#listItem\",\"name\":\"Not\\u00edcias Cama\\u00e7ari\"}},{\"@type\":\"ListItem\",\"@id\":\"https:\\\/\\\/www.encontracamacari.com.br\\\/sobre\\\/noticias-em-camacari\\\/#listItem\",\"position\":2,\"name\":\"Not\\u00edcias Cama\\u00e7ari\",\"item\":\"https:\\\/\\\/www.encontracamacari.com.br\\\/sobre\\\/noticias-em-camacari\\\/\",\"nextItem\":{\"@type\":\"ListItem\",\"@id\":\"https:\\\/\\\/www.encontracamacari.com.br\\\/sobre\\\/em-abril-byd-comeca-a-produzir-e-nao-apenas-montar-carros-na-fabrica-em-camacari\\\/#listItem\",\"name\":\"EM ABRIL, BYD COME\\u00c7A A PRODUZIR, E N\\u00c3O APENAS MONTAR CARROS, NA F\\u00c1BRICA EM CAMA\\u00c7ARI\"},\"previousItem\":{\"@type\":\"ListItem\",\"@id\":\"https:\\\/\\\/www.encontracamacari.com.br\\\/sobre#listItem\",\"name\":\"Home\"}},{\"@type\":\"ListItem\",\"@id\":\"https:\\\/\\\/www.encontracamacari.com.br\\\/sobre\\\/em-abril-byd-comeca-a-produzir-e-nao-apenas-montar-carros-na-fabrica-em-camacari\\\/#listItem\",\"position\":3,\"name\":\"EM ABRIL, BYD COME\\u00c7A A PRODUZIR, E N\\u00c3O APENAS MONTAR CARROS, NA F\\u00c1BRICA EM CAMA\\u00c7ARI\",\"previousItem\":{\"@type\":\"ListItem\",\"@id\":\"https:\\\/\\\/www.encontracamacari.com.br\\\/sobre\\\/noticias-em-camacari\\\/#listItem\",\"name\":\"Not\\u00edcias Cama\\u00e7ari\"}}]},{\"@type\":\"Organization\",\"@id\":\"https:\\\/\\\/www.encontracamacari.com.br\\\/sobre\\\/#organization\",\"name\":\"Encontra Cama\\u00e7ari\",\"description\":\"Not\\u00edcias, eventos, informa\\u00e7\\u00f5es e dicas na cidade de Cama\\u00e7ari e regi\\u00e3o.\",\"url\":\"https:\\\/\\\/www.encontracamacari.com.br\\\/sobre\\\/\"},{\"@type\":\"Person\",\"@id\":\"https:\\\/\\\/www.encontracamacari.com.br\\\/sobre\\\/author\\\/ecamacari\\\/#author\",\"url\":\"https:\\\/\\\/www.encontracamacari.com.br\\\/sobre\\\/author\\\/ecamacari\\\/\",\"name\":\"Encontra Cama\\u00e7ari\",\"image\":{\"@type\":\"ImageObject\",\"@id\":\"https:\\\/\\\/www.encontracamacari.com.br\\\/sobre\\\/em-abril-byd-comeca-a-produzir-e-nao-apenas-montar-carros-na-fabrica-em-camacari\\\/#authorImage\",\"url\":\"https:\\\/\\\/secure.gravatar.com\\\/avatar\\\/507340682b8270222e1f208e23198b6ae7e2c6a1033ae84e99bc6bce4f82a387?s=96&d=mm&r=g\",\"width\":96,\"height\":96,\"caption\":\"Encontra Cama\\u00e7ari\"}},{\"@type\":\"WebPage\",\"@id\":\"https:\\\/\\\/www.encontracamacari.com.br\\\/sobre\\\/em-abril-byd-comeca-a-produzir-e-nao-apenas-montar-carros-na-fabrica-em-camacari\\\/#webpage\",\"url\":\"https:\\\/\\\/www.encontracamacari.com.br\\\/sobre\\\/em-abril-byd-comeca-a-produzir-e-nao-apenas-montar-carros-na-fabrica-em-camacari\\\/\",\"name\":\"EM ABRIL, BYD COME\\u00c7A A PRODUZIR, E N\\u00c3O APENAS MONTAR CARROS, NA F\\u00c1BRICA EM CAMA\\u00c7ARI - Encontra Cama\\u00e7ari\",\"description\":\"Em abril, BYD come\\u00e7a a produzir carros em Cama\\u00e7ari, expandindo opera\\u00e7\\u00f5es na Bahia.\",\"inLanguage\":\"pt-BR\",\"isPartOf\":{\"@id\":\"https:\\\/\\\/www.encontracamacari.com.br\\\/sobre\\\/#website\"},\"breadcrumb\":{\"@id\":\"https:\\\/\\\/www.encontracamacari.com.br\\\/sobre\\\/em-abril-byd-comeca-a-produzir-e-nao-apenas-montar-carros-na-fabrica-em-camacari\\\/#breadcrumblist\"},\"author\":{\"@id\":\"https:\\\/\\\/www.encontracamacari.com.br\\\/sobre\\\/author\\\/ecamacari\\\/#author\"},\"creator\":{\"@id\":\"https:\\\/\\\/www.encontracamacari.com.br\\\/sobre\\\/author\\\/ecamacari\\\/#author\"},\"image\":{\"@type\":\"ImageObject\",\"url\":\"https:\\\/\\\/www.encontracamacari.com.br\\\/sobre\\\/wp-content\\\/uploads\\\/2026\\\/01\\\/em-abril-byd-comeca-a-produzir-e-nao-apenas-montar-carros-na-fabrica-em-camacari.webp\",\"@id\":\"https:\\\/\\\/www.encontracamacari.com.br\\\/sobre\\\/em-abril-byd-comeca-a-produzir-e-nao-apenas-montar-carros-na-fabrica-em-camacari\\\/#mainImage\",\"width\":280,\"height\":280,\"caption\":\"produzir carros em Cama\\u00e7ari\"},\"primaryImageOfPage\":{\"@id\":\"https:\\\/\\\/www.encontracamacari.com.br\\\/sobre\\\/em-abril-byd-comeca-a-produzir-e-nao-apenas-montar-carros-na-fabrica-em-camacari\\\/#mainImage\"},\"datePublished\":\"2026-01-12T05:34:59+00:00\",\"dateModified\":\"2026-01-12T05:34:59+00:00\"},{\"@type\":\"WebSite\",\"@id\":\"https:\\\/\\\/www.encontracamacari.com.br\\\/sobre\\\/#website\",\"url\":\"https:\\\/\\\/www.encontracamacari.com.br\\\/sobre\\\/\",\"name\":\"Encontra Cama\\u00e7ari\",\"description\":\"Not\\u00edcias, eventos, informa\\u00e7\\u00f5es e dicas na cidade de Cama\\u00e7ari e regi\\u00e3o.\",\"inLanguage\":\"pt-BR\",\"publisher\":{\"@id\":\"https:\\\/\\\/www.encontracamacari.com.br\\\/sobre\\\/#organization\"}}]}\n\t\t<\/script>\n\t\t<!-- All in One SEO -->\n\n","aioseo_head_json":{"title":"EM ABRIL, BYD COME\u00c7A A PRODUZIR, E N\u00c3O APENAS MONTAR CARROS, NA F\u00c1BRICA EM CAMA\u00c7ARI - Encontra Cama\u00e7ari","description":"Em abril, BYD come\u00e7a a produzir carros em Cama\u00e7ari, expandindo opera\u00e7\u00f5es na Bahia.","canonical_url":"https:\/\/www.encontracamacari.com.br\/sobre\/em-abril-byd-comeca-a-produzir-e-nao-apenas-montar-carros-na-fabrica-em-camacari\/","robots":"max-image-preview:large","keywords":"","webmasterTools":{"miscellaneous":""},"schema":{"@context":"https:\/\/schema.org","@graph":[{"@type":"BlogPosting","@id":"https:\/\/www.encontracamacari.com.br\/sobre\/em-abril-byd-comeca-a-produzir-e-nao-apenas-montar-carros-na-fabrica-em-camacari\/#blogposting","name":"EM ABRIL, BYD COME\u00c7A A PRODUZIR, E N\u00c3O APENAS MONTAR CARROS, NA F\u00c1BRICA EM CAMA\u00c7ARI - Encontra Cama\u00e7ari","headline":"EM ABRIL, BYD COME\u00c7A A PRODUZIR, E N\u00c3O APENAS MONTAR CARROS, NA F\u00c1BRICA EM CAMA\u00c7ARI","author":{"@id":"https:\/\/www.encontracamacari.com.br\/sobre\/author\/ecamacari\/#author"},"publisher":{"@id":"https:\/\/www.encontracamacari.com.br\/sobre\/#organization"},"image":{"@type":"ImageObject","url":"https:\/\/www.encontracamacari.com.br\/sobre\/wp-content\/uploads\/2026\/01\/em-abril-byd-comeca-a-produzir-e-nao-apenas-montar-carros-na-fabrica-em-camacari.webp","width":280,"height":280,"caption":"produzir carros em Cama\u00e7ari"},"datePublished":"2026-01-12T05:34:59+00:00","dateModified":"2026-01-12T05:34:59+00:00","inLanguage":"pt-BR","mainEntityOfPage":{"@id":"https:\/\/www.encontracamacari.com.br\/sobre\/em-abril-byd-comeca-a-produzir-e-nao-apenas-montar-carros-na-fabrica-em-camacari\/#webpage"},"isPartOf":{"@id":"https:\/\/www.encontracamacari.com.br\/sobre\/em-abril-byd-comeca-a-produzir-e-nao-apenas-montar-carros-na-fabrica-em-camacari\/#webpage"},"articleSection":"Not\u00edcias Cama\u00e7ari"},{"@type":"BreadcrumbList","@id":"https:\/\/www.encontracamacari.com.br\/sobre\/em-abril-byd-comeca-a-produzir-e-nao-apenas-montar-carros-na-fabrica-em-camacari\/#breadcrumblist","itemListElement":[{"@type":"ListItem","@id":"https:\/\/www.encontracamacari.com.br\/sobre#listItem","position":1,"name":"Home","item":"https:\/\/www.encontracamacari.com.br\/sobre","nextItem":{"@type":"ListItem","@id":"https:\/\/www.encontracamacari.com.br\/sobre\/noticias-em-camacari\/#listItem","name":"Not\u00edcias Cama\u00e7ari"}},{"@type":"ListItem","@id":"https:\/\/www.encontracamacari.com.br\/sobre\/noticias-em-camacari\/#listItem","position":2,"name":"Not\u00edcias Cama\u00e7ari","item":"https:\/\/www.encontracamacari.com.br\/sobre\/noticias-em-camacari\/","nextItem":{"@type":"ListItem","@id":"https:\/\/www.encontracamacari.com.br\/sobre\/em-abril-byd-comeca-a-produzir-e-nao-apenas-montar-carros-na-fabrica-em-camacari\/#listItem","name":"EM ABRIL, BYD COME\u00c7A A PRODUZIR, E N\u00c3O APENAS MONTAR CARROS, NA F\u00c1BRICA EM CAMA\u00c7ARI"},"previousItem":{"@type":"ListItem","@id":"https:\/\/www.encontracamacari.com.br\/sobre#listItem","name":"Home"}},{"@type":"ListItem","@id":"https:\/\/www.encontracamacari.com.br\/sobre\/em-abril-byd-comeca-a-produzir-e-nao-apenas-montar-carros-na-fabrica-em-camacari\/#listItem","position":3,"name":"EM ABRIL, BYD COME\u00c7A A PRODUZIR, E N\u00c3O APENAS MONTAR CARROS, NA F\u00c1BRICA EM CAMA\u00c7ARI","previousItem":{"@type":"ListItem","@id":"https:\/\/www.encontracamacari.com.br\/sobre\/noticias-em-camacari\/#listItem","name":"Not\u00edcias Cama\u00e7ari"}}]},{"@type":"Organization","@id":"https:\/\/www.encontracamacari.com.br\/sobre\/#organization","name":"Encontra Cama\u00e7ari","description":"Not\u00edcias, eventos, informa\u00e7\u00f5es e dicas na cidade de Cama\u00e7ari e regi\u00e3o.","url":"https:\/\/www.encontracamacari.com.br\/sobre\/"},{"@type":"Person","@id":"https:\/\/www.encontracamacari.com.br\/sobre\/author\/ecamacari\/#author","url":"https:\/\/www.encontracamacari.com.br\/sobre\/author\/ecamacari\/","name":"Encontra Cama\u00e7ari","image":{"@type":"ImageObject","@id":"https:\/\/www.encontracamacari.com.br\/sobre\/em-abril-byd-comeca-a-produzir-e-nao-apenas-montar-carros-na-fabrica-em-camacari\/#authorImage","url":"https:\/\/secure.gravatar.com\/avatar\/507340682b8270222e1f208e23198b6ae7e2c6a1033ae84e99bc6bce4f82a387?s=96&d=mm&r=g","width":96,"height":96,"caption":"Encontra Cama\u00e7ari"}},{"@type":"WebPage","@id":"https:\/\/www.encontracamacari.com.br\/sobre\/em-abril-byd-comeca-a-produzir-e-nao-apenas-montar-carros-na-fabrica-em-camacari\/#webpage","url":"https:\/\/www.encontracamacari.com.br\/sobre\/em-abril-byd-comeca-a-produzir-e-nao-apenas-montar-carros-na-fabrica-em-camacari\/","name":"EM ABRIL, BYD COME\u00c7A A PRODUZIR, E N\u00c3O APENAS MONTAR CARROS, NA F\u00c1BRICA EM CAMA\u00c7ARI - Encontra Cama\u00e7ari","description":"Em abril, BYD come\u00e7a a produzir carros em Cama\u00e7ari, expandindo opera\u00e7\u00f5es na Bahia.","inLanguage":"pt-BR","isPartOf":{"@id":"https:\/\/www.encontracamacari.com.br\/sobre\/#website"},"breadcrumb":{"@id":"https:\/\/www.encontracamacari.com.br\/sobre\/em-abril-byd-comeca-a-produzir-e-nao-apenas-montar-carros-na-fabrica-em-camacari\/#breadcrumblist"},"author":{"@id":"https:\/\/www.encontracamacari.com.br\/sobre\/author\/ecamacari\/#author"},"creator":{"@id":"https:\/\/www.encontracamacari.com.br\/sobre\/author\/ecamacari\/#author"},"image":{"@type":"ImageObject","url":"https:\/\/www.encontracamacari.com.br\/sobre\/wp-content\/uploads\/2026\/01\/em-abril-byd-comeca-a-produzir-e-nao-apenas-montar-carros-na-fabrica-em-camacari.webp","@id":"https:\/\/www.encontracamacari.com.br\/sobre\/em-abril-byd-comeca-a-produzir-e-nao-apenas-montar-carros-na-fabrica-em-camacari\/#mainImage","width":280,"height":280,"caption":"produzir carros em Cama\u00e7ari"},"primaryImageOfPage":{"@id":"https:\/\/www.encontracamacari.com.br\/sobre\/em-abril-byd-comeca-a-produzir-e-nao-apenas-montar-carros-na-fabrica-em-camacari\/#mainImage"},"datePublished":"2026-01-12T05:34:59+00:00","dateModified":"2026-01-12T05:34:59+00:00"},{"@type":"WebSite","@id":"https:\/\/www.encontracamacari.com.br\/sobre\/#website","url":"https:\/\/www.encontracamacari.com.br\/sobre\/","name":"Encontra Cama\u00e7ari","description":"Not\u00edcias, eventos, informa\u00e7\u00f5es e dicas na cidade de Cama\u00e7ari e regi\u00e3o.","inLanguage":"pt-BR","publisher":{"@id":"https:\/\/www.encontracamacari.com.br\/sobre\/#organization"}}]},"og:locale":"pt_BR","og:site_name":"Encontra Cama\u00e7ari - Not\u00edcias, eventos, informa\u00e7\u00f5es e dicas na cidade de Cama\u00e7ari e regi\u00e3o.","og:type":"article","og:title":"EM ABRIL, BYD COME\u00c7A A PRODUZIR, E N\u00c3O APENAS MONTAR CARROS, NA F\u00c1BRICA EM CAMA\u00c7ARI - Encontra Cama\u00e7ari","og:description":"Em abril, BYD come\u00e7a a produzir carros em Cama\u00e7ari, expandindo opera\u00e7\u00f5es na Bahia.","og:url":"https:\/\/www.encontracamacari.com.br\/sobre\/em-abril-byd-comeca-a-produzir-e-nao-apenas-montar-carros-na-fabrica-em-camacari\/","article:published_time":"2026-01-12T05:34:59+00:00","article:modified_time":"2026-01-12T05:34:59+00:00","twitter:card":"summary_large_image","twitter:title":"EM ABRIL, BYD COME\u00c7A A PRODUZIR, E N\u00c3O APENAS MONTAR CARROS, NA F\u00c1BRICA EM CAMA\u00c7ARI - Encontra Cama\u00e7ari","twitter:description":"Em abril, BYD come\u00e7a a produzir carros em Cama\u00e7ari, expandindo opera\u00e7\u00f5es na Bahia."},"aioseo_meta_data":{"post_id":"554","title":null,"description":null,"keywords":null,"keyphrases":null,"primary_term":null,"canonical_url":null,"og_title":null,"og_description":null,"og_object_type":"default","og_image_type":"default","og_image_url":null,"og_image_width":null,"og_image_height":null,"og_image_custom_url":null,"og_image_custom_fields":null,"og_video":null,"og_custom_url":null,"og_article_section":null,"og_article_tags":null,"twitter_use_og":false,"twitter_card":"default","twitter_image_type":"default","twitter_image_url":null,"twitter_image_custom_url":null,"twitter_image_custom_fields":null,"twitter_title":null,"twitter_description":null,"schema":{"blockGraphs":[],"customGraphs":[],"default":{"data":{"Article":[],"Course":[],"Dataset":[],"FAQPage":[],"Movie":[],"Person":[],"Product":[],"ProductReview":[],"Car":[],"Recipe":[],"Service":[],"SoftwareApplication":[],"WebPage":[]},"graphName":"BlogPosting","isEnabled":true},"graphs":[]},"schema_type":"default","schema_type_options":null,"pillar_content":false,"robots_default":true,"robots_noindex":false,"robots_noarchive":false,"robots_nosnippet":false,"robots_nofollow":false,"robots_noimageindex":false,"robots_noodp":false,"robots_notranslate":false,"robots_max_snippet":null,"robots_max_videopreview":null,"robots_max_imagepreview":"large","priority":null,"frequency":null,"local_seo":null,"limit_modified_date":false,"created":"2026-01-12 05:35:04","updated":"2026-08-06 00:50:38","focus_keyword":null,"additional_keywords":null,"truseo_locale":null,"ai":null,"breadcrumb_settings":null,"seo_analyzer_scan_date":null},"aioseo_breadcrumb":"<div class=\"aioseo-breadcrumbs\"><span class=\"aioseo-breadcrumb\">\n\t\t\t<a href=\"https:\/\/www.encontracamacari.com.br\/sobre\" title=\"Home\">Home<\/a>\n\t\t<\/span><span class=\"aioseo-breadcrumb-separator\">&raquo;<\/span><span class=\"aioseo-breadcrumb\">\n\t\t\t<a href=\"https:\/\/www.encontracamacari.com.br\/sobre\/noticias-em-camacari\/\" title=\"Not\u00edcias Cama\u00e7ari\">Not\u00edcias Cama\u00e7ari<\/a>\n\t\t<\/span><span class=\"aioseo-breadcrumb-separator\">&raquo;<\/span><span class=\"aioseo-breadcrumb\">\n\t\t\tEM ABRIL, BYD COME\u00c7A A PRODUZIR, E N\u00c3O APENAS MONTAR CARROS, NA F\u00c1BRICA EM CAMA\u00c7ARI\n\t\t<\/span><\/div>","aioseo_breadcrumb_json":[{"label":"Home","link":"https:\/\/www.encontracamacari.com.br\/sobre"},{"label":"Not\u00edcias Cama\u00e7ari","link":"https:\/\/www.encontracamacari.com.br\/sobre\/noticias-em-camacari\/"},{"label":"EM ABRIL, BYD COME\u00c7A A PRODUZIR, E N\u00c3O APENAS MONTAR CARROS, NA F\u00c1BRICA EM CAMA\u00c7ARI","link":"https:\/\/www.encontracamacari.com.br\/sobre\/em-abril-byd-comeca-a-produzir-e-nao-apenas-montar-carros-na-fabrica-em-camacari\/"}],"_links":{"self":[{"href":"https:\/\/www.encontracamacari.com.br\/sobre\/wp-json\/wp\/v2\/posts\/554","targetHints":{"allow":["GET"]}}],"collection":[{"href":"https:\/\/www.encontracamacari.com.br\/sobre\/wp-json\/wp\/v2\/posts"}],"about":[{"href":"https:\/\/www.encontracamacari.com.br\/sobre\/wp-json\/wp\/v2\/types\/post"}],"author":[{"embeddable":true,"href":"https:\/\/www.encontracamacari.com.br\/sobre\/wp-json\/wp\/v2\/users\/1"}],"replies":[{"embeddable":true,"href":"https:\/\/www.encontracamacari.com.br\/sobre\/wp-json\/wp\/v2\/comments?post=554"}],"version-history":[{"count":0,"href":"https:\/\/www.encontracamacari.com.br\/sobre\/wp-json\/wp\/v2\/posts\/554\/revisions"}],"wp:featuredmedia":[{"embeddable":true,"href":"https:\/\/www.encontracamacari.com.br\/sobre\/wp-json\/wp\/v2\/media\/553"}],"wp:attachment":[{"href":"https:\/\/www.encontracamacari.com.br\/sobre\/wp-json\/wp\/v2\/media?parent=554"}],"wp:term":[{"taxonomy":"category","embeddable":true,"href":"https:\/\/www.encontracamacari.com.br\/sobre\/wp-json\/wp\/v2\/categories?post=554"},{"taxonomy":"post_tag","embeddable":true,"href":"https:\/\/www.encontracamacari.com.br\/sobre\/wp-json\/wp\/v2\/tags?post=554"}],"curies":[{"name":"wp","href":"https:\/\/api.w.org\/{rel}","templated":true}]}}