{"id":532,"date":"2026-01-08T14:43:39","date_gmt":"2026-01-08T14:43:39","guid":{"rendered":"https:\/\/www.encontracamacari.com.br\/sobre\/matricula-da-rede-municipal-de-ensino-de-camacari-tem-inicio-nesta-quinta\/"},"modified":"2026-01-08T14:43:39","modified_gmt":"2026-01-08T14:43:39","slug":"matricula-da-rede-municipal-de-ensino-de-camacari-tem-inicio-nesta-quinta","status":"publish","type":"post","link":"https:\/\/www.encontracamacari.com.br\/sobre\/matricula-da-rede-municipal-de-ensino-de-camacari-tem-inicio-nesta-quinta\/","title":{"rendered":"Matr\u00edcula da rede municipal de ensino de Cama\u00e7ari tem in\u00edcio nesta quinta"},"content":{"rendered":"<div class=\"2410bb7248a64bb1f71103797e0f239b\" data-index=\"1\" style=\"float: none; margin:0px;\">\n<ins class=\"adsbygoogle\"\r\n     style=\"display:block\"\r\n     data-ad-client=\"ca-pub-8585364105181520\"\r\n     data-ad-slot=\"8789329856\"\r\n     data-ad-format=\"auto\"\r\n     data-full-width-responsive=\"true\"><\/ins>\r\n<script>\r\n     (adsbygoogle = window.adsbygoogle || []).push({});\r\n<\/script>\n<\/div>\n<h2>O que \u00e9 a matr\u00edcula da rede municipal de ensino?<\/h2>\n<p>A matr\u00edcula da rede municipal de ensino \u00e9 um processo fundamental que permite a inscri\u00e7\u00e3o de alunos nas escolas p\u00fablicas administradas pela prefeitura. Esse procedimento \u00e9 crucial para o planejamento e a organiza\u00e7\u00e3o do ano letivo, garantindo que todos os alunos tenham acesso \u00e0 educa\u00e7\u00e3o de qualidade. No Brasil, a educa\u00e7\u00e3o \u00e9 um direito assegurado pela Constitui\u00e7\u00e3o, e a matr\u00edcula \u00e9 o primeiro passo para que as crian\u00e7as e adolescentes possam usufruir desse direito.<\/p>\n<p>O processo de matr\u00edcula envolve v\u00e1rias etapas, desde a transfer\u00eancia interna de alunos que j\u00e1 fazem parte da rede at\u00e9 a inclus\u00e3o de novos estudantes. A Secretaria de Educa\u00e7\u00e3o de cada munic\u00edpio \u00e9 respons\u00e1vel por regulamentar e acompanhar esse processo, assegurando que ele ocorra de maneira transparente e eficiente.<\/p>\n<p>As matr\u00edculas acontecem anualmente, geralmente no in\u00edcio do ano letivo, mas podem ocorrer em outras \u00e9pocas do ano, especialmente em casos de transfer\u00eancias e novas inclus\u00f5es. Nesse contexto, a cidade de Cama\u00e7ari, na Bahia, se destaca por suas iniciativas que buscam facilitar e otimizar o acesso \u00e0 educa\u00e7\u00e3o para todos os cidad\u00e3os.<\/p>\n<p><img decoding=\"async\" src=\"https:\/\/www.encontracamacari.com.br\/sobre\/wp-content\/uploads\/2026\/01\/matricula-da-rede-municipal-de-ensino-de-camacari-tem-inicio-nesta-quinta.webp\" alt=\"matr\u00edcula da rede municipal de ensino de Cama\u00e7ari\" loading=\"lazy\" \/><\/p>\n<h2>Quando come\u00e7a o processo de matr\u00edcula?<\/h2>\n<p>De acordo com o calend\u00e1rio divulgado pela Secretaria de Educa\u00e7\u00e3o de Cama\u00e7ari (Seduc), o processo de matr\u00edcula para o ano letivo de 2026 come\u00e7ou no dia 8 de janeiro de 2026. As datas s\u00e3o definidas com anteced\u00eancia e divulgadas amplamente para que todos os respons\u00e1veis pelos alunos estejam informados sobre os prazos.<\/p>\n<p>No primeiro dia, a transfer\u00eancia interna foi autorizada para alunos que j\u00e1 estavam matriculados nas unidades de ensino da rede municipal ou em escolas comunit\u00e1rias conveniadas. Essas transfer\u00eancias s\u00e3o importantes porque garantem a continuidade da educa\u00e7\u00e3o dos alunos e permitem que eles mantenham seus v\u00ednculos com a escola.<\/p>\n<p>A transfer\u00eancia interna foi seguida por uma nova rodada de matr\u00edculas para novos alunos nos dias 26 e 27 de janeiro. As datas s\u00e3o estabelecidas em um cronograma que busca atender primeiramente os alunos com defici\u00eancia (PcD), al\u00e9m dos estudantes regulares. Por fim, um per\u00edodo adicional para a matr\u00edcula de estudantes regulares foi programado entre 28 e 30 de janeiro.<\/p>\n<h2>Quem pode solicitar a transfer\u00eancia interna?<\/h2>\n<p>A transfer\u00eancia interna \u00e9 destinada a alunos que j\u00e1 est\u00e3o matriculados na rede municipal de ensino, bem como aqueles que concluem o ano letivo em escolas comunit\u00e1rias ou conveniadas. Isso significa que qualquer estudante que finalize um ciclo escolar e deseje mudar de escola dentro do mesmo sistema pode solicitar essa transfer\u00eancia.<\/p>\n<p>Um detalhe importante \u00e9 que a Seduc prioriza as demandas dos alunos com defici\u00eancia (PcD), permitindo que eles realizem suas transfer\u00eancias em datas espec\u00edficas e tamb\u00e9m em outras ocasi\u00f5es. Essa prioridade \u00e9 um reflexo do compromisso da secretaria em garantir que todos os estudantes tenham as mesmas oportunidades, independentemente de suas necessidades especiais.<\/p>\n<p>O processo de transfer\u00eancia interna \u00e9 essencial para a manuten\u00e7\u00e3o dos v\u00ednculos educacionais e para que os alunos possam continuar seu aprendizado sem interrup\u00e7\u00f5es. Isso contribui para que alunos que mudam de resid\u00eancia ou desejam mudar de escola por outros motivos possam realizar essa transi\u00e7\u00e3o de maneira suave e organizada.<\/p>\n<h2>Como realizar a pr\u00e9-matr\u00edcula online?<\/h2>\n<p>A pr\u00e9-matr\u00edcula online \u00e9 uma inova\u00e7\u00e3o que visa facilitar o acesso \u00e0 educa\u00e7\u00e3o e eliminar filas nos per\u00edodos de matr\u00edcula. A Seduc Cama\u00e7ari desenvolveu um sistema online que permite aos pais ou respons\u00e1veis efetuarem a pr\u00e9-inscri\u00e7\u00e3o pelo site: <strong><a href=\"https:\/\/matricula.camacari.ba.gov.br\">matricula.camacari.ba.gov.br<\/a><\/strong>.<\/p>\n<p>Para realizar a pr\u00e9-matr\u00edcula, \u00e9 necess\u00e1rio que o respons\u00e1vel entre no site e preencha o formul\u00e1rio com as informa\u00e7\u00f5es do aluno, como nome completo, data de nascimento, CPF e outros dados relevantes. Esse sistema oferece uma interface simples e intuitiva, que orienta o usu\u00e1rio em cada etapa do processo.<\/p>\n<p>Ap\u00f3s concluir a pr\u00e9-matr\u00edcula online, o respons\u00e1vel deve comparecer \u00e0 escola escolhida com a documenta\u00e7\u00e3o necess\u00e1ria para validar e efetivar a matr\u00edcula. Essa etapa \u00e9 crucial, pois garante que todos os dados informados sejam confirmados e que a inscri\u00e7\u00e3o no sistema seja registrada corretamente.<\/p>\n<p>Al\u00e9m da comodidade, a pr\u00e9-matr\u00edcula online contribui para a organiza\u00e7\u00e3o do fluxo de atendimentos nas escolas, reduzindo o tempo de espera e otimizando os recursos humanos dispon\u00edveis.  Assim, os respons\u00e1veis podem se planejar melhor e evitar a correria dos \u00faltimos dias, garantindo uma experi\u00eancia mais tranquila.<\/p>\n<h2>Documentos necess\u00e1rios para efetiva\u00e7\u00e3o da matr\u00edcula<\/h2>\n<p>Para a efetiva\u00e7\u00e3o da matr\u00edcula na rede municipal de Cama\u00e7ari, a apresenta\u00e7\u00e3o de uma s\u00e9rie de documentos \u00e9 obrigat\u00f3ria. Esses documentos s\u00e3o essenciais para garantir a identifica\u00e7\u00e3o do aluno e os registros necess\u00e1rios para o in\u00edcio das atividades escolares. Os principais documentos exigidos s\u00e3o:<\/p>\n<ul>\n<li><strong>Certid\u00e3o de Nascimento ou RG do Estudante:<\/strong> Este documento comprova a identidade e a idade do aluno.<\/li>\n<li><strong>CPF do Estudante:<\/strong> A documenta\u00e7\u00e3o do CPF \u00e9 necess\u00e1ria para a inclus\u00e3o do estudante no sistema.<\/li>\n<li><strong>Hist\u00f3rico Escolar ou Declara\u00e7\u00e3o de Transfer\u00eancia:<\/strong> Este documento fornece informa\u00e7\u00f5es sobre o desempenho acad\u00eamico pr\u00e9vio e a situa\u00e7\u00e3o escolar do aluno.<\/li>\n<li><strong>Cart\u00e3o do SUS:<\/strong> O cart\u00e3o do Sistema \u00danico de Sa\u00fade \u00e9 importante para o acesso a servi\u00e7os de sa\u00fade, se necess\u00e1rio.<\/li>\n<li><strong>Cart\u00e3o de Vacina\u00e7\u00e3o:<\/strong> Comprova que o estudante est\u00e1 com as vacinas em dia, um requisito fundamental para a matr\u00edcula.<\/li>\n<li><strong>Laudo ou Relat\u00f3rio M\u00e9dico (se houver):<\/strong> Para alunos com defici\u00eancia, esse documento pode ser necess\u00e1rio para o suporte adequado.<\/li>\n<li><strong>RG e CPF do Respons\u00e1vel Legal:<\/strong> Estes documentos s\u00e3o solicitados para confirmar a responsabilidade sobre o aluno.<\/li>\n<li><strong>Comprovante de Resid\u00eancia Atualizado:<\/strong> Este documento \u00e9 necess\u00e1rio para validar o endere\u00e7o de resid\u00eancia do aluno.<\/li>\n<li><strong>Duas Fotos 3\u00d74:<\/strong> As fotografias s\u00e3o essenciais para a documenta\u00e7\u00e3o do aluno nos registros escolares.<\/li>\n<li><strong>Telefone para Contato:<\/strong> Informar um telefone \u00e9 crucial para comunica\u00e7\u00f5es futuras.<\/li>\n<li><strong>Espelho do Cadastro \u00danico para benefici\u00e1rios do Programa Bolsa Fam\u00edlia (se aplic\u00e1vel):<\/strong> Este documento \u00e9 importante para a inclus\u00e3o em programas sociais.<\/li>\n<\/ul>\n<p>\u00c9 fundamental que os respons\u00e1veis se atentem a toda a documenta\u00e7\u00e3o necess\u00e1ria para evitar contratempos durante a efetiva\u00e7\u00e3o da matr\u00edcula. A aus\u00eancia de algum documento pode resultar em atrasos e dificuldades que poderiam ser evitadas com um bom planejamento.<\/p><div class=\"2410bb7248a64bb1f71103797e0f239b\" data-index=\"2\" style=\"float: none; margin:0px;\">\n<ins class=\"adsbygoogle\"\r\n     style=\"display:block; text-align:center;\"\r\n     data-ad-layout=\"in-article\"\r\n     data-ad-format=\"fluid\"\r\n     data-ad-client=\"ca-pub-8585364105181520\"\r\n     data-ad-slot=\"2899217073\"><\/ins>\r\n<script>\r\n     (adsbygoogle = window.adsbygoogle || []).push({});\r\n<\/script>\r\n\r\n<\/br><\/br>\n<\/div>\n\n<h2>Import\u00e2ncia da matr\u00edcula para o ano letivo<\/h2>\n<p>A matr\u00edcula \u00e9 um passo essencial e n\u00e3o apenas uma formalidade. Ela representa a inclus\u00e3o do aluno no sistema educacional e permite que ele tenha acesso a direitos como o aprendizado em ambiente escolar e a participa\u00e7\u00e3o em atividades pedag\u00f3gicas. O processo de matr\u00edcula garante o planejamento das turmas, a aloca\u00e7\u00e3o de professores, al\u00e9m da distribui\u00e7\u00e3o de recursos necess\u00e1rios para o funcionamento das escolas.<\/p>\n<p>Al\u00e9m disso, a matr\u00edcula \u00e9 importante para a constru\u00e7\u00e3o de pol\u00edticas educacionais mais eficazes. Com dados precisos sobre a quantidade de alunos matriculados, as autoridades podem desenvolver programas e estrat\u00e9gias que atendam melhor \u00e0s necessidades da comunidade escolar. \u00c9 a partir dessas informa\u00e7\u00f5es que se pode identificar \u00e1reas que precisam de melhorias, bem como o desenvolvimento de a\u00e7\u00f5es para promover a inclus\u00e3o e a equidade no ensino.<\/p>\n<p>Outro aspecto relevante \u00e9 que a matr\u00edcula propicia um momento de reflex\u00e3o para as fam\u00edlias sobre a educa\u00e7\u00e3o dos filhos, o que \u00e9 fundamental para o desenvolvimento social e emocional do estudante. Ela oferece uma oportunidade de di\u00e1logo entre os respons\u00e1veis e a escola, permitindo que haja um acompanhamento das atividades e do progresso acad\u00eamico durante o ano letivo.<\/p>\n<h2>Como atender alunos com defici\u00eancia<\/h2>\n<p>A Secretaria de Educa\u00e7\u00e3o de Cama\u00e7ari tem como prioridade o atendimento de alunos com defici\u00eancia em todas as etapas do processo de matr\u00edcula. Para isso, s\u00e3o adotadas diversas medidas que buscam garantir uma educa\u00e7\u00e3o inclusiva e de qualidade. Entre essas iniciativas, destaca-se a sensibiliza\u00e7\u00e3o das escolas sobre a import\u00e2ncia da inclus\u00e3o.<\/p>\n<p>Durante o processo de matr\u00edcula, alunos com defici\u00eancia t\u00eam prioridade tanto na transfer\u00eancia interna quanto na matr\u00edcula. Al\u00e9m disso, a entrega de laudos m\u00e9dicos ou relat\u00f3rios que descrevem a situa\u00e7\u00e3o de cada estudante \u00e9 fundamental para que a escola possa planejar o atendimento e suporte educacional adequado. Isso pode envolver a disponibiliza\u00e7\u00e3o de recursos especiais, materiais adaptados e forma\u00e7\u00e3o espec\u00edfica para os professores.<\/p>\n<p>A educa\u00e7\u00e3o inclusiva visa n\u00e3o apenas a matr\u00edcula dos alunos com defici\u00eancia, mas tamb\u00e9m a cria\u00e7\u00e3o de um ambiente escolar que respeite e valorizem as diferen\u00e7as. Para isso, \u00e9 necess\u00e1rio um trabalho conjunto de todos os envolvidos, incluindo escolas, pais e comunidade em geral.<\/p>\n<h2>Dicas para evitar filas e complica\u00e7\u00f5es<\/h2>\n<p>O per\u00edodo de matr\u00edcula pode ser estressante, especialmente quando se trata de filas longas e esperas. No entanto, algumas medidas podem ser tomadas para facilitar esse processo e evitar complica\u00e7\u00f5es:<\/p>\n<ul>\n<li><strong>Planeje com Anteced\u00eancia:<\/strong> Conhe\u00e7a as datas importantes e organize-se para realizar a pr\u00e9-matr\u00edcula online o quanto antes.<\/li>\n<li><strong>Documenta\u00e7\u00e3o Completa:<\/strong> Certifique-se de que toda a documenta\u00e7\u00e3o necess\u00e1ria esteja em ordem e completa antes de ir \u00e0 escola.<\/li>\n<li><strong>Compare\u00e7a em Dias Menos Movimentados:<\/strong> Caso n\u00e3o consiga realizar a pr\u00e9-matr\u00edcula online, escolha dias e hor\u00e1rios que costumam ser menos movimentados para comparecer \u00e0 escola.<\/li>\n<li><strong>Use a Tecnologia a Seu Favor:<\/strong> Utilize o WhatsApp ou outros meios de comunica\u00e7\u00e3o dispon\u00edveis para tirar d\u00favidas antes de comparecer \u00e0 escola.<\/li>\n<li><strong>Tenha Paci\u00eancia:<\/strong> Entenda que muitos outros respons\u00e1veis tamb\u00e9m est\u00e3o passando pelo mesmo processo e mantenha uma atitude positiva.<\/li>\n<\/ul>\n<p>Seguindo essas dicas, \u00e9 poss\u00edvel tornar o processo de matr\u00edcula muito mais tranquilo e eficiente, contribuindo para um in\u00edcio de ano letivo mais harmonioso.<\/p>\n<h2>Contatos para d\u00favidas sobre a matr\u00edcula<\/h2>\n<p>Para garantir que todas as d\u00favidas sobre o processo de matr\u00edcula sejam esclarecidas, a Secretaria de Educa\u00e7\u00e3o de Cama\u00e7ari disponibiliza canais de contato para o p\u00fablico. \u00c9 vital que os pais ou respons\u00e1veis n\u00e3o hesitem em buscar informa\u00e7\u00f5es em caso de d\u00favidas.<\/p>\n<p>Um dos principais meios de contato \u00e9 o WhatsApp, onde os respons\u00e1veis podem enviar mensagens e obter respostas r\u00e1pidas sobre o processo de matr\u00edcula. O n\u00famero dispon\u00edvel para esse suporte \u00e9: <strong>(71) 98796-8484<\/strong>. Al\u00e9m disso, \u00e9 recomend\u00e1vel visitar o site oficial da Seduc, onde informa\u00e7\u00f5es relevantes, avisos e atualiza\u00e7\u00f5es podem ser acessadas.<\/p>\n<p>Manter-se informado \u00e9 um passo essencial para garantir que todos os procedimentos sejam cumpridos de forma correta e dentro dos prazos estabelecidos. Isso ajuda a evitar imprevistos e contribuir para um bom in\u00edcio de ano letivo.<\/p>\n<h2>Acompanhe o calend\u00e1rio de matr\u00edculas<\/h2>\n<p>Por fim, \u00e9 crucial que os respons\u00e1veis acompanhem o calend\u00e1rio de matr\u00edculas divulgado pela Seduc. Esse calend\u00e1rio n\u00e3o apenas proporciona prazos claros para as etapas de matr\u00edcula e transfer\u00eancia, mas tamb\u00e9m serve como guia para planejamentos futuros.<\/p>\n<p>A import\u00e2ncia do acompanhamento cont\u00ednuo n\u00e3o pode ser subestimada, uma vez que mudan\u00e7as podem ocorrer e novas informa\u00e7\u00f5es podem ser publicadas ao longo do per\u00edodo de matr\u00edcula. A Seduc se esfor\u00e7a para fornecer atualiza\u00e7\u00f5es constantes e garantir que todos estejam cientes das novidades necess\u00e1rias para a correta realiza\u00e7\u00e3o do processo de matr\u00edcula.<\/p>\n<p>Os canais de comunica\u00e7\u00e3o da Seduc por meio de telefone, e-mail e redes sociais, s\u00e3o uma excelente maneira de manter-se atualizado com base nas informa\u00e7\u00f5es mais recentes. Isso assegura que os alunos e suas fam\u00edlias estejam sempre bem informados e prontos para enfrentar qualquer desafio durante o processo de matr\u00edcula.<\/p>\n<div class=\"2410bb7248a64bb1f71103797e0f239b\" data-index=\"3\" style=\"float: none; margin:0px;\">\n<\/br><\/br>\r\n\r\n<ins class=\"adsbygoogle\"\r\n     style=\"display:block\"\r\n     data-ad-format=\"fluid\"\r\n     data-ad-layout-key=\"-63+do+n-1s+9e\"\r\n     data-ad-client=\"ca-pub-8585364105181520\"\r\n     data-ad-slot=\"6838462089\"><\/ins>\r\n<script>\r\n     (adsbygoogle = window.adsbygoogle || []).push({});\r\n<\/script>\n<\/div>\n\n<div style=\"font-size: 0px; height: 0px; line-height: 0px; margin: 0; padding: 0; clear: both;\"><\/div>","protected":false},"excerpt":{"rendered":"<p>Matr\u00edcula da rede municipal de ensino de Cama\u00e7ari inicia-se hoje com prazos e orienta\u00e7\u00f5es importantes para pais e alunos.<\/p>\n","protected":false},"author":1,"featured_media":531,"comment_status":"open","ping_status":"closed","sticky":false,"template":"","format":"standard","meta":{"footnotes":""},"categories":[1],"tags":[],"class_list":["post-532","post","type-post","status-publish","format-standard","has-post-thumbnail","hentry","category-noticias-em-camacari","has_thumb"],"aioseo_notices":[],"aioseo_head":"\n\t\t<!-- All in One SEO 5.0.0.1 - aioseo.com -->\n\t<meta name=\"description\" content=\"Matr\u00edcula da rede municipal de ensino de Cama\u00e7ari inicia-se hoje com prazos e orienta\u00e7\u00f5es importantes para pais e alunos.\" \/>\n\t<meta name=\"robots\" content=\"max-image-preview:large\" \/>\n\t<meta name=\"author\" content=\"Encontra Cama\u00e7ari\"\/>\n\t<link rel=\"canonical\" href=\"https:\/\/www.encontracamacari.com.br\/sobre\/matricula-da-rede-municipal-de-ensino-de-camacari-tem-inicio-nesta-quinta\/\" \/>\n\t<meta name=\"generator\" content=\"All in One SEO (AIOSEO) 5.0.0.1\" \/>\n\t\t<meta property=\"og:locale\" content=\"pt_BR\" \/>\n\t\t<meta property=\"og:site_name\" content=\"Encontra Cama\u00e7ari - Not\u00edcias, eventos, informa\u00e7\u00f5es e dicas na cidade de Cama\u00e7ari e regi\u00e3o.\" \/>\n\t\t<meta property=\"og:type\" content=\"article\" \/>\n\t\t<meta property=\"og:title\" content=\"Matr\u00edcula da rede municipal de ensino de Cama\u00e7ari tem in\u00edcio nesta quinta - Encontra Cama\u00e7ari\" \/>\n\t\t<meta property=\"og:description\" content=\"Matr\u00edcula da rede municipal de ensino de Cama\u00e7ari inicia-se hoje com prazos e orienta\u00e7\u00f5es importantes para pais e alunos.\" \/>\n\t\t<meta property=\"og:url\" content=\"https:\/\/www.encontracamacari.com.br\/sobre\/matricula-da-rede-municipal-de-ensino-de-camacari-tem-inicio-nesta-quinta\/\" \/>\n\t\t<meta property=\"article:published_time\" content=\"2026-01-08T14:43:39+00:00\" \/>\n\t\t<meta property=\"article:modified_time\" content=\"2026-01-08T14:43:39+00:00\" \/>\n\t\t<meta name=\"twitter:card\" content=\"summary_large_image\" \/>\n\t\t<meta name=\"twitter:title\" content=\"Matr\u00edcula da rede municipal de ensino de Cama\u00e7ari tem in\u00edcio nesta quinta - Encontra Cama\u00e7ari\" \/>\n\t\t<meta name=\"twitter:description\" content=\"Matr\u00edcula da rede municipal de ensino de Cama\u00e7ari inicia-se hoje com prazos e orienta\u00e7\u00f5es importantes para pais e alunos.\" \/>\n\t\t<script type=\"application\/ld+json\" class=\"aioseo-schema\">\n\t\t\t{\"@context\":\"https:\\\/\\\/schema.org\",\"@graph\":[{\"@type\":\"BlogPosting\",\"@id\":\"https:\\\/\\\/www.encontracamacari.com.br\\\/sobre\\\/matricula-da-rede-municipal-de-ensino-de-camacari-tem-inicio-nesta-quinta\\\/#blogposting\",\"name\":\"Matr\\u00edcula da rede municipal de ensino de Cama\\u00e7ari tem in\\u00edcio nesta quinta - Encontra Cama\\u00e7ari\",\"headline\":\"Matr\\u00edcula da rede municipal de ensino de Cama\\u00e7ari tem in\\u00edcio nesta quinta\",\"author\":{\"@id\":\"https:\\\/\\\/www.encontracamacari.com.br\\\/sobre\\\/author\\\/ecamacari\\\/#author\"},\"publisher\":{\"@id\":\"https:\\\/\\\/www.encontracamacari.com.br\\\/sobre\\\/#organization\"},\"image\":{\"@type\":\"ImageObject\",\"url\":\"https:\\\/\\\/www.encontracamacari.com.br\\\/sobre\\\/wp-content\\\/uploads\\\/2026\\\/01\\\/matricula-da-rede-municipal-de-ensino-de-camacari-tem-inicio-nesta-quinta.webp\",\"width\":320,\"height\":280,\"caption\":\"matr\\u00edcula da rede municipal de ensino de Cama\\u00e7ari\"},\"datePublished\":\"2026-01-08T14:43:39+00:00\",\"dateModified\":\"2026-01-08T14:43:39+00:00\",\"inLanguage\":\"pt-BR\",\"mainEntityOfPage\":{\"@id\":\"https:\\\/\\\/www.encontracamacari.com.br\\\/sobre\\\/matricula-da-rede-municipal-de-ensino-de-camacari-tem-inicio-nesta-quinta\\\/#webpage\"},\"isPartOf\":{\"@id\":\"https:\\\/\\\/www.encontracamacari.com.br\\\/sobre\\\/matricula-da-rede-municipal-de-ensino-de-camacari-tem-inicio-nesta-quinta\\\/#webpage\"},\"articleSection\":\"Not\\u00edcias Cama\\u00e7ari\"},{\"@type\":\"BreadcrumbList\",\"@id\":\"https:\\\/\\\/www.encontracamacari.com.br\\\/sobre\\\/matricula-da-rede-municipal-de-ensino-de-camacari-tem-inicio-nesta-quinta\\\/#breadcrumblist\",\"itemListElement\":[{\"@type\":\"ListItem\",\"@id\":\"https:\\\/\\\/www.encontracamacari.com.br\\\/sobre#listItem\",\"position\":1,\"name\":\"Home\",\"item\":\"https:\\\/\\\/www.encontracamacari.com.br\\\/sobre\",\"nextItem\":{\"@type\":\"ListItem\",\"@id\":\"https:\\\/\\\/www.encontracamacari.com.br\\\/sobre\\\/noticias-em-camacari\\\/#listItem\",\"name\":\"Not\\u00edcias Cama\\u00e7ari\"}},{\"@type\":\"ListItem\",\"@id\":\"https:\\\/\\\/www.encontracamacari.com.br\\\/sobre\\\/noticias-em-camacari\\\/#listItem\",\"position\":2,\"name\":\"Not\\u00edcias Cama\\u00e7ari\",\"item\":\"https:\\\/\\\/www.encontracamacari.com.br\\\/sobre\\\/noticias-em-camacari\\\/\",\"nextItem\":{\"@type\":\"ListItem\",\"@id\":\"https:\\\/\\\/www.encontracamacari.com.br\\\/sobre\\\/matricula-da-rede-municipal-de-ensino-de-camacari-tem-inicio-nesta-quinta\\\/#listItem\",\"name\":\"Matr\\u00edcula da rede municipal de ensino de Cama\\u00e7ari tem in\\u00edcio nesta quinta\"},\"previousItem\":{\"@type\":\"ListItem\",\"@id\":\"https:\\\/\\\/www.encontracamacari.com.br\\\/sobre#listItem\",\"name\":\"Home\"}},{\"@type\":\"ListItem\",\"@id\":\"https:\\\/\\\/www.encontracamacari.com.br\\\/sobre\\\/matricula-da-rede-municipal-de-ensino-de-camacari-tem-inicio-nesta-quinta\\\/#listItem\",\"position\":3,\"name\":\"Matr\\u00edcula da rede municipal de ensino de Cama\\u00e7ari tem in\\u00edcio nesta quinta\",\"previousItem\":{\"@type\":\"ListItem\",\"@id\":\"https:\\\/\\\/www.encontracamacari.com.br\\\/sobre\\\/noticias-em-camacari\\\/#listItem\",\"name\":\"Not\\u00edcias Cama\\u00e7ari\"}}]},{\"@type\":\"Organization\",\"@id\":\"https:\\\/\\\/www.encontracamacari.com.br\\\/sobre\\\/#organization\",\"name\":\"Encontra Cama\\u00e7ari\",\"description\":\"Not\\u00edcias, eventos, informa\\u00e7\\u00f5es e dicas na cidade de Cama\\u00e7ari e regi\\u00e3o.\",\"url\":\"https:\\\/\\\/www.encontracamacari.com.br\\\/sobre\\\/\"},{\"@type\":\"Person\",\"@id\":\"https:\\\/\\\/www.encontracamacari.com.br\\\/sobre\\\/author\\\/ecamacari\\\/#author\",\"url\":\"https:\\\/\\\/www.encontracamacari.com.br\\\/sobre\\\/author\\\/ecamacari\\\/\",\"name\":\"Encontra Cama\\u00e7ari\",\"image\":{\"@type\":\"ImageObject\",\"@id\":\"https:\\\/\\\/www.encontracamacari.com.br\\\/sobre\\\/matricula-da-rede-municipal-de-ensino-de-camacari-tem-inicio-nesta-quinta\\\/#authorImage\",\"url\":\"https:\\\/\\\/secure.gravatar.com\\\/avatar\\\/507340682b8270222e1f208e23198b6ae7e2c6a1033ae84e99bc6bce4f82a387?s=96&d=mm&r=g\",\"width\":96,\"height\":96,\"caption\":\"Encontra Cama\\u00e7ari\"}},{\"@type\":\"WebPage\",\"@id\":\"https:\\\/\\\/www.encontracamacari.com.br\\\/sobre\\\/matricula-da-rede-municipal-de-ensino-de-camacari-tem-inicio-nesta-quinta\\\/#webpage\",\"url\":\"https:\\\/\\\/www.encontracamacari.com.br\\\/sobre\\\/matricula-da-rede-municipal-de-ensino-de-camacari-tem-inicio-nesta-quinta\\\/\",\"name\":\"Matr\\u00edcula da rede municipal de ensino de Cama\\u00e7ari tem in\\u00edcio nesta quinta - Encontra Cama\\u00e7ari\",\"description\":\"Matr\\u00edcula da rede municipal de ensino de Cama\\u00e7ari inicia-se hoje com prazos e orienta\\u00e7\\u00f5es importantes para pais e alunos.\",\"inLanguage\":\"pt-BR\",\"isPartOf\":{\"@id\":\"https:\\\/\\\/www.encontracamacari.com.br\\\/sobre\\\/#website\"},\"breadcrumb\":{\"@id\":\"https:\\\/\\\/www.encontracamacari.com.br\\\/sobre\\\/matricula-da-rede-municipal-de-ensino-de-camacari-tem-inicio-nesta-quinta\\\/#breadcrumblist\"},\"author\":{\"@id\":\"https:\\\/\\\/www.encontracamacari.com.br\\\/sobre\\\/author\\\/ecamacari\\\/#author\"},\"creator\":{\"@id\":\"https:\\\/\\\/www.encontracamacari.com.br\\\/sobre\\\/author\\\/ecamacari\\\/#author\"},\"image\":{\"@type\":\"ImageObject\",\"url\":\"https:\\\/\\\/www.encontracamacari.com.br\\\/sobre\\\/wp-content\\\/uploads\\\/2026\\\/01\\\/matricula-da-rede-municipal-de-ensino-de-camacari-tem-inicio-nesta-quinta.webp\",\"@id\":\"https:\\\/\\\/www.encontracamacari.com.br\\\/sobre\\\/matricula-da-rede-municipal-de-ensino-de-camacari-tem-inicio-nesta-quinta\\\/#mainImage\",\"width\":320,\"height\":280,\"caption\":\"matr\\u00edcula da rede municipal de ensino de Cama\\u00e7ari\"},\"primaryImageOfPage\":{\"@id\":\"https:\\\/\\\/www.encontracamacari.com.br\\\/sobre\\\/matricula-da-rede-municipal-de-ensino-de-camacari-tem-inicio-nesta-quinta\\\/#mainImage\"},\"datePublished\":\"2026-01-08T14:43:39+00:00\",\"dateModified\":\"2026-01-08T14:43:39+00:00\"},{\"@type\":\"WebSite\",\"@id\":\"https:\\\/\\\/www.encontracamacari.com.br\\\/sobre\\\/#website\",\"url\":\"https:\\\/\\\/www.encontracamacari.com.br\\\/sobre\\\/\",\"name\":\"Encontra Cama\\u00e7ari\",\"description\":\"Not\\u00edcias, eventos, informa\\u00e7\\u00f5es e dicas na cidade de Cama\\u00e7ari e regi\\u00e3o.\",\"inLanguage\":\"pt-BR\",\"publisher\":{\"@id\":\"https:\\\/\\\/www.encontracamacari.com.br\\\/sobre\\\/#organization\"}}]}\n\t\t<\/script>\n\t\t<!-- All in One SEO -->\n\n","aioseo_head_json":{"title":"Matr\u00edcula da rede municipal de ensino de Cama\u00e7ari tem in\u00edcio nesta quinta - Encontra Cama\u00e7ari","description":"Matr\u00edcula da rede municipal de ensino de Cama\u00e7ari inicia-se hoje com prazos e orienta\u00e7\u00f5es importantes para pais e alunos.","canonical_url":"https:\/\/www.encontracamacari.com.br\/sobre\/matricula-da-rede-municipal-de-ensino-de-camacari-tem-inicio-nesta-quinta\/","robots":"max-image-preview:large","keywords":"","webmasterTools":{"miscellaneous":""},"schema":{"@context":"https:\/\/schema.org","@graph":[{"@type":"BlogPosting","@id":"https:\/\/www.encontracamacari.com.br\/sobre\/matricula-da-rede-municipal-de-ensino-de-camacari-tem-inicio-nesta-quinta\/#blogposting","name":"Matr\u00edcula da rede municipal de ensino de Cama\u00e7ari tem in\u00edcio nesta quinta - Encontra Cama\u00e7ari","headline":"Matr\u00edcula da rede municipal de ensino de Cama\u00e7ari tem in\u00edcio nesta quinta","author":{"@id":"https:\/\/www.encontracamacari.com.br\/sobre\/author\/ecamacari\/#author"},"publisher":{"@id":"https:\/\/www.encontracamacari.com.br\/sobre\/#organization"},"image":{"@type":"ImageObject","url":"https:\/\/www.encontracamacari.com.br\/sobre\/wp-content\/uploads\/2026\/01\/matricula-da-rede-municipal-de-ensino-de-camacari-tem-inicio-nesta-quinta.webp","width":320,"height":280,"caption":"matr\u00edcula da rede municipal de ensino de Cama\u00e7ari"},"datePublished":"2026-01-08T14:43:39+00:00","dateModified":"2026-01-08T14:43:39+00:00","inLanguage":"pt-BR","mainEntityOfPage":{"@id":"https:\/\/www.encontracamacari.com.br\/sobre\/matricula-da-rede-municipal-de-ensino-de-camacari-tem-inicio-nesta-quinta\/#webpage"},"isPartOf":{"@id":"https:\/\/www.encontracamacari.com.br\/sobre\/matricula-da-rede-municipal-de-ensino-de-camacari-tem-inicio-nesta-quinta\/#webpage"},"articleSection":"Not\u00edcias Cama\u00e7ari"},{"@type":"BreadcrumbList","@id":"https:\/\/www.encontracamacari.com.br\/sobre\/matricula-da-rede-municipal-de-ensino-de-camacari-tem-inicio-nesta-quinta\/#breadcrumblist","itemListElement":[{"@type":"ListItem","@id":"https:\/\/www.encontracamacari.com.br\/sobre#listItem","position":1,"name":"Home","item":"https:\/\/www.encontracamacari.com.br\/sobre","nextItem":{"@type":"ListItem","@id":"https:\/\/www.encontracamacari.com.br\/sobre\/noticias-em-camacari\/#listItem","name":"Not\u00edcias Cama\u00e7ari"}},{"@type":"ListItem","@id":"https:\/\/www.encontracamacari.com.br\/sobre\/noticias-em-camacari\/#listItem","position":2,"name":"Not\u00edcias Cama\u00e7ari","item":"https:\/\/www.encontracamacari.com.br\/sobre\/noticias-em-camacari\/","nextItem":{"@type":"ListItem","@id":"https:\/\/www.encontracamacari.com.br\/sobre\/matricula-da-rede-municipal-de-ensino-de-camacari-tem-inicio-nesta-quinta\/#listItem","name":"Matr\u00edcula da rede municipal de ensino de Cama\u00e7ari tem in\u00edcio nesta quinta"},"previousItem":{"@type":"ListItem","@id":"https:\/\/www.encontracamacari.com.br\/sobre#listItem","name":"Home"}},{"@type":"ListItem","@id":"https:\/\/www.encontracamacari.com.br\/sobre\/matricula-da-rede-municipal-de-ensino-de-camacari-tem-inicio-nesta-quinta\/#listItem","position":3,"name":"Matr\u00edcula da rede municipal de ensino de Cama\u00e7ari tem in\u00edcio nesta quinta","previousItem":{"@type":"ListItem","@id":"https:\/\/www.encontracamacari.com.br\/sobre\/noticias-em-camacari\/#listItem","name":"Not\u00edcias Cama\u00e7ari"}}]},{"@type":"Organization","@id":"https:\/\/www.encontracamacari.com.br\/sobre\/#organization","name":"Encontra Cama\u00e7ari","description":"Not\u00edcias, eventos, informa\u00e7\u00f5es e dicas na cidade de Cama\u00e7ari e regi\u00e3o.","url":"https:\/\/www.encontracamacari.com.br\/sobre\/"},{"@type":"Person","@id":"https:\/\/www.encontracamacari.com.br\/sobre\/author\/ecamacari\/#author","url":"https:\/\/www.encontracamacari.com.br\/sobre\/author\/ecamacari\/","name":"Encontra Cama\u00e7ari","image":{"@type":"ImageObject","@id":"https:\/\/www.encontracamacari.com.br\/sobre\/matricula-da-rede-municipal-de-ensino-de-camacari-tem-inicio-nesta-quinta\/#authorImage","url":"https:\/\/secure.gravatar.com\/avatar\/507340682b8270222e1f208e23198b6ae7e2c6a1033ae84e99bc6bce4f82a387?s=96&d=mm&r=g","width":96,"height":96,"caption":"Encontra Cama\u00e7ari"}},{"@type":"WebPage","@id":"https:\/\/www.encontracamacari.com.br\/sobre\/matricula-da-rede-municipal-de-ensino-de-camacari-tem-inicio-nesta-quinta\/#webpage","url":"https:\/\/www.encontracamacari.com.br\/sobre\/matricula-da-rede-municipal-de-ensino-de-camacari-tem-inicio-nesta-quinta\/","name":"Matr\u00edcula da rede municipal de ensino de Cama\u00e7ari tem in\u00edcio nesta quinta - Encontra Cama\u00e7ari","description":"Matr\u00edcula da rede municipal de ensino de Cama\u00e7ari inicia-se hoje com prazos e orienta\u00e7\u00f5es importantes para pais e alunos.","inLanguage":"pt-BR","isPartOf":{"@id":"https:\/\/www.encontracamacari.com.br\/sobre\/#website"},"breadcrumb":{"@id":"https:\/\/www.encontracamacari.com.br\/sobre\/matricula-da-rede-municipal-de-ensino-de-camacari-tem-inicio-nesta-quinta\/#breadcrumblist"},"author":{"@id":"https:\/\/www.encontracamacari.com.br\/sobre\/author\/ecamacari\/#author"},"creator":{"@id":"https:\/\/www.encontracamacari.com.br\/sobre\/author\/ecamacari\/#author"},"image":{"@type":"ImageObject","url":"https:\/\/www.encontracamacari.com.br\/sobre\/wp-content\/uploads\/2026\/01\/matricula-da-rede-municipal-de-ensino-de-camacari-tem-inicio-nesta-quinta.webp","@id":"https:\/\/www.encontracamacari.com.br\/sobre\/matricula-da-rede-municipal-de-ensino-de-camacari-tem-inicio-nesta-quinta\/#mainImage","width":320,"height":280,"caption":"matr\u00edcula da rede municipal de ensino de Cama\u00e7ari"},"primaryImageOfPage":{"@id":"https:\/\/www.encontracamacari.com.br\/sobre\/matricula-da-rede-municipal-de-ensino-de-camacari-tem-inicio-nesta-quinta\/#mainImage"},"datePublished":"2026-01-08T14:43:39+00:00","dateModified":"2026-01-08T14:43:39+00:00"},{"@type":"WebSite","@id":"https:\/\/www.encontracamacari.com.br\/sobre\/#website","url":"https:\/\/www.encontracamacari.com.br\/sobre\/","name":"Encontra Cama\u00e7ari","description":"Not\u00edcias, eventos, informa\u00e7\u00f5es e dicas na cidade de Cama\u00e7ari e regi\u00e3o.","inLanguage":"pt-BR","publisher":{"@id":"https:\/\/www.encontracamacari.com.br\/sobre\/#organization"}}]},"og:locale":"pt_BR","og:site_name":"Encontra Cama\u00e7ari - Not\u00edcias, eventos, informa\u00e7\u00f5es e dicas na cidade de Cama\u00e7ari e regi\u00e3o.","og:type":"article","og:title":"Matr\u00edcula da rede municipal de ensino de Cama\u00e7ari tem in\u00edcio nesta quinta - Encontra Cama\u00e7ari","og:description":"Matr\u00edcula da rede municipal de ensino de Cama\u00e7ari inicia-se hoje com prazos e orienta\u00e7\u00f5es importantes para pais e alunos.","og:url":"https:\/\/www.encontracamacari.com.br\/sobre\/matricula-da-rede-municipal-de-ensino-de-camacari-tem-inicio-nesta-quinta\/","article:published_time":"2026-01-08T14:43:39+00:00","article:modified_time":"2026-01-08T14:43:39+00:00","twitter:card":"summary_large_image","twitter:title":"Matr\u00edcula da rede municipal de ensino de Cama\u00e7ari tem in\u00edcio nesta quinta - Encontra Cama\u00e7ari","twitter:description":"Matr\u00edcula da rede municipal de ensino de Cama\u00e7ari inicia-se hoje com prazos e orienta\u00e7\u00f5es importantes para pais e alunos."},"aioseo_meta_data":{"post_id":"532","title":null,"description":null,"keywords":null,"keyphrases":null,"primary_term":null,"canonical_url":null,"og_title":null,"og_description":null,"og_object_type":"default","og_image_type":"default","og_image_url":null,"og_image_width":null,"og_image_height":null,"og_image_custom_url":null,"og_image_custom_fields":null,"og_video":null,"og_custom_url":null,"og_article_section":null,"og_article_tags":null,"twitter_use_og":false,"twitter_card":"default","twitter_image_type":"default","twitter_image_url":null,"twitter_image_custom_url":null,"twitter_image_custom_fields":null,"twitter_title":null,"twitter_description":null,"schema":{"blockGraphs":[],"customGraphs":[],"default":{"data":{"Article":[],"Course":[],"Dataset":[],"FAQPage":[],"Movie":[],"Person":[],"Product":[],"ProductReview":[],"Car":[],"Recipe":[],"Service":[],"SoftwareApplication":[],"WebPage":[]},"graphName":"BlogPosting","isEnabled":true},"graphs":[]},"schema_type":"default","schema_type_options":null,"pillar_content":false,"robots_default":true,"robots_noindex":false,"robots_noarchive":false,"robots_nosnippet":false,"robots_nofollow":false,"robots_noimageindex":false,"robots_noodp":false,"robots_notranslate":false,"robots_max_snippet":null,"robots_max_videopreview":null,"robots_max_imagepreview":"large","priority":null,"frequency":null,"local_seo":null,"limit_modified_date":false,"created":"2026-01-08 14:43:43","updated":"2026-08-06 00:45:38","focus_keyword":null,"additional_keywords":null,"truseo_locale":null,"ai":null,"breadcrumb_settings":null,"seo_analyzer_scan_date":null},"aioseo_breadcrumb":"<div class=\"aioseo-breadcrumbs\"><span class=\"aioseo-breadcrumb\">\n\t\t\t<a href=\"https:\/\/www.encontracamacari.com.br\/sobre\" title=\"Home\">Home<\/a>\n\t\t<\/span><span class=\"aioseo-breadcrumb-separator\">&raquo;<\/span><span class=\"aioseo-breadcrumb\">\n\t\t\t<a href=\"https:\/\/www.encontracamacari.com.br\/sobre\/noticias-em-camacari\/\" title=\"Not\u00edcias Cama\u00e7ari\">Not\u00edcias Cama\u00e7ari<\/a>\n\t\t<\/span><span class=\"aioseo-breadcrumb-separator\">&raquo;<\/span><span class=\"aioseo-breadcrumb\">\n\t\t\tMatr\u00edcula da rede municipal de ensino de Cama\u00e7ari tem in\u00edcio nesta quinta\n\t\t<\/span><\/div>","aioseo_breadcrumb_json":[{"label":"Home","link":"https:\/\/www.encontracamacari.com.br\/sobre"},{"label":"Not\u00edcias Cama\u00e7ari","link":"https:\/\/www.encontracamacari.com.br\/sobre\/noticias-em-camacari\/"},{"label":"Matr\u00edcula da rede municipal de ensino de Cama\u00e7ari tem in\u00edcio nesta quinta","link":"https:\/\/www.encontracamacari.com.br\/sobre\/matricula-da-rede-municipal-de-ensino-de-camacari-tem-inicio-nesta-quinta\/"}],"_links":{"self":[{"href":"https:\/\/www.encontracamacari.com.br\/sobre\/wp-json\/wp\/v2\/posts\/532","targetHints":{"allow":["GET"]}}],"collection":[{"href":"https:\/\/www.encontracamacari.com.br\/sobre\/wp-json\/wp\/v2\/posts"}],"about":[{"href":"https:\/\/www.encontracamacari.com.br\/sobre\/wp-json\/wp\/v2\/types\/post"}],"author":[{"embeddable":true,"href":"https:\/\/www.encontracamacari.com.br\/sobre\/wp-json\/wp\/v2\/users\/1"}],"replies":[{"embeddable":true,"href":"https:\/\/www.encontracamacari.com.br\/sobre\/wp-json\/wp\/v2\/comments?post=532"}],"version-history":[{"count":0,"href":"https:\/\/www.encontracamacari.com.br\/sobre\/wp-json\/wp\/v2\/posts\/532\/revisions"}],"wp:featuredmedia":[{"embeddable":true,"href":"https:\/\/www.encontracamacari.com.br\/sobre\/wp-json\/wp\/v2\/media\/531"}],"wp:attachment":[{"href":"https:\/\/www.encontracamacari.com.br\/sobre\/wp-json\/wp\/v2\/media?parent=532"}],"wp:term":[{"taxonomy":"category","embeddable":true,"href":"https:\/\/www.encontracamacari.com.br\/sobre\/wp-json\/wp\/v2\/categories?post=532"},{"taxonomy":"post_tag","embeddable":true,"href":"https:\/\/www.encontracamacari.com.br\/sobre\/wp-json\/wp\/v2\/tags?post=532"}],"curies":[{"name":"wp","href":"https:\/\/api.w.org\/{rel}","templated":true}]}}