{"id":53,"date":"2014-01-08T14:02:31","date_gmt":"2014-01-08T14:02:31","guid":{"rendered":"http:\/\/www.encontracamacari.com.br\/noticias\/?p=53"},"modified":"2019-04-29T20:48:25","modified_gmt":"2019-04-29T20:48:25","slug":"academia-de-ginastica-publica-inicia-matriculas-em-camacari","status":"publish","type":"post","link":"https:\/\/www.encontracamacari.com.br\/sobre\/academia-de-ginastica-publica-inicia-matriculas-em-camacari\/","title":{"rendered":"Academia de Gin\u00e1stica P\u00fablica inicia matr\u00edculas em Cama\u00e7ari"},"content":{"rendered":"<div class=\"2410bb7248a64bb1f71103797e0f239b\" data-index=\"1\" style=\"float: none; margin:0px;\">\n<ins class=\"adsbygoogle\"\r\n     style=\"display:block\"\r\n     data-ad-client=\"ca-pub-8585364105181520\"\r\n     data-ad-slot=\"8789329856\"\r\n     data-ad-format=\"auto\"\r\n     data-full-width-responsive=\"true\"><\/ins>\r\n<script>\r\n     (adsbygoogle = window.adsbygoogle || []).push({});\r\n<\/script>\n<\/div>\n<p>A matr\u00edcula e a rematr\u00edcula da Academia de Gin\u00e1stica P\u00fablica da Sedel (Secretaria do Esporte e Lazer) come\u00e7aram nesta quarta-feira (08\/01). Os processos acontecem das 8h \u00e0s 16h, no Est\u00e1dio Armando Oliveira, localizado no bairro Verdes Horizontes.<\/p>\n<p>Este ano, ser\u00e3o oferecidas 100 novas vagas, destinadas \u00e0s pessoas de ambos os sexos, com idade a partir dos 30 anos. O objetivo da academia, que j\u00e1 contempla 420 alunos, \u00e9 promover a pr\u00e1tica esportiva.<\/p><div class=\"2410bb7248a64bb1f71103797e0f239b\" data-index=\"2\" style=\"float: none; margin:0px;\">\n<ins class=\"adsbygoogle\"\r\n     style=\"display:block; text-align:center;\"\r\n     data-ad-layout=\"in-article\"\r\n     data-ad-format=\"fluid\"\r\n     data-ad-client=\"ca-pub-8585364105181520\"\r\n     data-ad-slot=\"2899217073\"><\/ins>\r\n<script>\r\n     (adsbygoogle = window.adsbygoogle || []).push({});\r\n<\/script>\r\n\r\n<\/br><\/br>\n<\/div>\n\n<p>No ato da matricula, o candidato deve apresentar atestado ou laudo m\u00e9dico &#8211; que confirme que os alunos est\u00e3o aptos a desenvolverem atividades f\u00edsicas -, RG e comprovante de resid\u00eancia. Para aqueles que v\u00e3o fazer a rematr\u00edcula \u00e9 necess\u00e1rio apenas o atestado e um documento com foto.<\/p>\n<p>As atividades da Academia de Gin\u00e1stica P\u00fablica s\u00e3o muscula\u00e7\u00e3o, gin\u00e1stica aer\u00f3bica, flexibilidade e alongamento, todas com dura\u00e7\u00e3o de 1h e ministradas por tr\u00eas profissionais da \u00e1rea de educa\u00e7\u00e3o f\u00edsica. As aulas s\u00e3o realizadas de ter\u00e7a a sexta-feira, das 8h \u00e0s 12h e das 14h \u00e0s 17h.<\/p>\n<div class=\"2410bb7248a64bb1f71103797e0f239b\" data-index=\"3\" style=\"float: none; margin:0px;\">\n<\/br><\/br>\r\n\r\n<ins class=\"adsbygoogle\"\r\n     style=\"display:block\"\r\n     data-ad-format=\"fluid\"\r\n     data-ad-layout-key=\"-63+do+n-1s+9e\"\r\n     data-ad-client=\"ca-pub-8585364105181520\"\r\n     data-ad-slot=\"6838462089\"><\/ins>\r\n<script>\r\n     (adsbygoogle = window.adsbygoogle || []).push({});\r\n<\/script>\n<\/div>\n\n<div style=\"font-size: 0px; height: 0px; line-height: 0px; margin: 0; padding: 0; clear: both;\"><\/div>","protected":false},"excerpt":{"rendered":"<p>A matr\u00edcula e a rematr\u00edcula da Academia de Gin\u00e1stica P\u00fablica da Sedel (Secretaria do Esporte e Lazer) come\u00e7aram nesta quarta-feira (08\/01). Os processos acontecem das 8h \u00e0s 16h, no Est\u00e1dio Armando Oliveira, localizado no bairro Verdes Horizontes. Este ano, ser\u00e3o oferecidas 100 novas vagas, destinadas \u00e0s pessoas de ambos os sexos, com idade a partir dos 30 anos. O objetivo da academia, que j\u00e1 contempla 420 alunos, \u00e9 promover a pr\u00e1tica esportiva. No ato da matricula, o candidato deve apresentar atestado ou laudo m\u00e9dico &#8211; que confirme que os alunos est\u00e3o aptos a desenvolverem atividades f\u00edsicas -, RG e comprovante <\/p>\n","protected":false},"author":1,"featured_media":0,"comment_status":"open","ping_status":"closed","sticky":false,"template":"","format":"standard","meta":{"footnotes":""},"categories":[1],"tags":[],"class_list":["post-53","post","type-post","status-publish","format-standard","hentry","category-noticias-em-camacari"],"aioseo_notices":[],"aioseo_head":"\n\t\t<!-- All in One SEO 5.0.0.1 - aioseo.com -->\n\t<meta name=\"description\" content=\"A matr\u00edcula e a rematr\u00edcula da Academia de Gin\u00e1stica P\u00fablica da Sedel (Secretaria do Esporte e Lazer) come\u00e7aram nesta quarta-feira (08\/01). Os processos acontecem das 8h \u00e0s 16h, no Est\u00e1dio Armando Oliveira, localizado no bairro Verdes Horizontes. Este ano, ser\u00e3o oferecidas 100 novas vagas, destinadas \u00e0s pessoas de ambos os sexos, com idade a partir\" \/>\n\t<meta name=\"robots\" content=\"max-image-preview:large\" \/>\n\t<meta name=\"author\" content=\"Encontra Cama\u00e7ari\"\/>\n\t<link rel=\"canonical\" href=\"https:\/\/www.encontracamacari.com.br\/sobre\/academia-de-ginastica-publica-inicia-matriculas-em-camacari\/\" \/>\n\t<meta name=\"generator\" content=\"All in One SEO (AIOSEO) 5.0.0.1\" \/>\n\t\t<meta property=\"og:locale\" content=\"pt_BR\" \/>\n\t\t<meta property=\"og:site_name\" content=\"Encontra Cama\u00e7ari - Not\u00edcias, eventos, informa\u00e7\u00f5es e dicas na cidade de Cama\u00e7ari e regi\u00e3o.\" \/>\n\t\t<meta property=\"og:type\" content=\"article\" \/>\n\t\t<meta property=\"og:title\" content=\"Academia de Gin\u00e1stica P\u00fablica inicia matr\u00edculas em Cama\u00e7ari - Encontra Cama\u00e7ari\" \/>\n\t\t<meta property=\"og:description\" content=\"A matr\u00edcula e a rematr\u00edcula da Academia de Gin\u00e1stica P\u00fablica da Sedel (Secretaria do Esporte e Lazer) come\u00e7aram nesta quarta-feira (08\/01). Os processos acontecem das 8h \u00e0s 16h, no Est\u00e1dio Armando Oliveira, localizado no bairro Verdes Horizontes. Este ano, ser\u00e3o oferecidas 100 novas vagas, destinadas \u00e0s pessoas de ambos os sexos, com idade a partir\" \/>\n\t\t<meta property=\"og:url\" content=\"https:\/\/www.encontracamacari.com.br\/sobre\/academia-de-ginastica-publica-inicia-matriculas-em-camacari\/\" \/>\n\t\t<meta property=\"article:published_time\" content=\"2014-01-08T14:02:31+00:00\" \/>\n\t\t<meta property=\"article:modified_time\" content=\"2019-04-29T20:48:25+00:00\" \/>\n\t\t<meta name=\"twitter:card\" content=\"summary_large_image\" \/>\n\t\t<meta name=\"twitter:title\" content=\"Academia de Gin\u00e1stica P\u00fablica inicia matr\u00edculas em Cama\u00e7ari - Encontra Cama\u00e7ari\" \/>\n\t\t<meta name=\"twitter:description\" content=\"A matr\u00edcula e a rematr\u00edcula da Academia de Gin\u00e1stica P\u00fablica da Sedel (Secretaria do Esporte e Lazer) come\u00e7aram nesta quarta-feira (08\/01). Os processos acontecem das 8h \u00e0s 16h, no Est\u00e1dio Armando Oliveira, localizado no bairro Verdes Horizontes. Este ano, ser\u00e3o oferecidas 100 novas vagas, destinadas \u00e0s pessoas de ambos os sexos, com idade a partir\" \/>\n\t\t<script type=\"application\/ld+json\" class=\"aioseo-schema\">\n\t\t\t{\"@context\":\"https:\\\/\\\/schema.org\",\"@graph\":[{\"@type\":\"BlogPosting\",\"@id\":\"https:\\\/\\\/www.encontracamacari.com.br\\\/sobre\\\/academia-de-ginastica-publica-inicia-matriculas-em-camacari\\\/#blogposting\",\"name\":\"Academia de Gin\\u00e1stica P\\u00fablica inicia matr\\u00edculas em Cama\\u00e7ari - Encontra Cama\\u00e7ari\",\"headline\":\"Academia de Gin\\u00e1stica P\\u00fablica inicia matr\\u00edculas em Cama\\u00e7ari\",\"author\":{\"@id\":\"https:\\\/\\\/www.encontracamacari.com.br\\\/sobre\\\/author\\\/ecamacari\\\/#author\"},\"publisher\":{\"@id\":\"https:\\\/\\\/www.encontracamacari.com.br\\\/sobre\\\/#organization\"},\"datePublished\":\"2014-01-08T14:02:31+00:00\",\"dateModified\":\"2019-04-29T20:48:25+00:00\",\"inLanguage\":\"pt-BR\",\"mainEntityOfPage\":{\"@id\":\"https:\\\/\\\/www.encontracamacari.com.br\\\/sobre\\\/academia-de-ginastica-publica-inicia-matriculas-em-camacari\\\/#webpage\"},\"isPartOf\":{\"@id\":\"https:\\\/\\\/www.encontracamacari.com.br\\\/sobre\\\/academia-de-ginastica-publica-inicia-matriculas-em-camacari\\\/#webpage\"},\"articleSection\":\"Not\\u00edcias Cama\\u00e7ari\"},{\"@type\":\"BreadcrumbList\",\"@id\":\"https:\\\/\\\/www.encontracamacari.com.br\\\/sobre\\\/academia-de-ginastica-publica-inicia-matriculas-em-camacari\\\/#breadcrumblist\",\"itemListElement\":[{\"@type\":\"ListItem\",\"@id\":\"https:\\\/\\\/www.encontracamacari.com.br\\\/sobre#listItem\",\"position\":1,\"name\":\"Home\",\"item\":\"https:\\\/\\\/www.encontracamacari.com.br\\\/sobre\",\"nextItem\":{\"@type\":\"ListItem\",\"@id\":\"https:\\\/\\\/www.encontracamacari.com.br\\\/sobre\\\/noticias-em-camacari\\\/#listItem\",\"name\":\"Not\\u00edcias Cama\\u00e7ari\"}},{\"@type\":\"ListItem\",\"@id\":\"https:\\\/\\\/www.encontracamacari.com.br\\\/sobre\\\/noticias-em-camacari\\\/#listItem\",\"position\":2,\"name\":\"Not\\u00edcias Cama\\u00e7ari\",\"item\":\"https:\\\/\\\/www.encontracamacari.com.br\\\/sobre\\\/noticias-em-camacari\\\/\",\"nextItem\":{\"@type\":\"ListItem\",\"@id\":\"https:\\\/\\\/www.encontracamacari.com.br\\\/sobre\\\/academia-de-ginastica-publica-inicia-matriculas-em-camacari\\\/#listItem\",\"name\":\"Academia de Gin\\u00e1stica P\\u00fablica inicia matr\\u00edculas em Cama\\u00e7ari\"},\"previousItem\":{\"@type\":\"ListItem\",\"@id\":\"https:\\\/\\\/www.encontracamacari.com.br\\\/sobre#listItem\",\"name\":\"Home\"}},{\"@type\":\"ListItem\",\"@id\":\"https:\\\/\\\/www.encontracamacari.com.br\\\/sobre\\\/academia-de-ginastica-publica-inicia-matriculas-em-camacari\\\/#listItem\",\"position\":3,\"name\":\"Academia de Gin\\u00e1stica P\\u00fablica inicia matr\\u00edculas em Cama\\u00e7ari\",\"previousItem\":{\"@type\":\"ListItem\",\"@id\":\"https:\\\/\\\/www.encontracamacari.com.br\\\/sobre\\\/noticias-em-camacari\\\/#listItem\",\"name\":\"Not\\u00edcias Cama\\u00e7ari\"}}]},{\"@type\":\"Organization\",\"@id\":\"https:\\\/\\\/www.encontracamacari.com.br\\\/sobre\\\/#organization\",\"name\":\"Encontra Cama\\u00e7ari\",\"description\":\"Not\\u00edcias, eventos, informa\\u00e7\\u00f5es e dicas na cidade de Cama\\u00e7ari e regi\\u00e3o.\",\"url\":\"https:\\\/\\\/www.encontracamacari.com.br\\\/sobre\\\/\"},{\"@type\":\"Person\",\"@id\":\"https:\\\/\\\/www.encontracamacari.com.br\\\/sobre\\\/author\\\/ecamacari\\\/#author\",\"url\":\"https:\\\/\\\/www.encontracamacari.com.br\\\/sobre\\\/author\\\/ecamacari\\\/\",\"name\":\"Encontra Cama\\u00e7ari\",\"image\":{\"@type\":\"ImageObject\",\"@id\":\"https:\\\/\\\/www.encontracamacari.com.br\\\/sobre\\\/academia-de-ginastica-publica-inicia-matriculas-em-camacari\\\/#authorImage\",\"url\":\"https:\\\/\\\/secure.gravatar.com\\\/avatar\\\/507340682b8270222e1f208e23198b6ae7e2c6a1033ae84e99bc6bce4f82a387?s=96&d=mm&r=g\",\"width\":96,\"height\":96,\"caption\":\"Encontra Cama\\u00e7ari\"}},{\"@type\":\"WebPage\",\"@id\":\"https:\\\/\\\/www.encontracamacari.com.br\\\/sobre\\\/academia-de-ginastica-publica-inicia-matriculas-em-camacari\\\/#webpage\",\"url\":\"https:\\\/\\\/www.encontracamacari.com.br\\\/sobre\\\/academia-de-ginastica-publica-inicia-matriculas-em-camacari\\\/\",\"name\":\"Academia de Gin\\u00e1stica P\\u00fablica inicia matr\\u00edculas em Cama\\u00e7ari - Encontra Cama\\u00e7ari\",\"description\":\"A matr\\u00edcula e a rematr\\u00edcula da Academia de Gin\\u00e1stica P\\u00fablica da Sedel (Secretaria do Esporte e Lazer) come\\u00e7aram nesta quarta-feira (08\\\/01). Os processos acontecem das 8h \\u00e0s 16h, no Est\\u00e1dio Armando Oliveira, localizado no bairro Verdes Horizontes. Este ano, ser\\u00e3o oferecidas 100 novas vagas, destinadas \\u00e0s pessoas de ambos os sexos, com idade a partir\",\"inLanguage\":\"pt-BR\",\"isPartOf\":{\"@id\":\"https:\\\/\\\/www.encontracamacari.com.br\\\/sobre\\\/#website\"},\"breadcrumb\":{\"@id\":\"https:\\\/\\\/www.encontracamacari.com.br\\\/sobre\\\/academia-de-ginastica-publica-inicia-matriculas-em-camacari\\\/#breadcrumblist\"},\"author\":{\"@id\":\"https:\\\/\\\/www.encontracamacari.com.br\\\/sobre\\\/author\\\/ecamacari\\\/#author\"},\"creator\":{\"@id\":\"https:\\\/\\\/www.encontracamacari.com.br\\\/sobre\\\/author\\\/ecamacari\\\/#author\"},\"datePublished\":\"2014-01-08T14:02:31+00:00\",\"dateModified\":\"2019-04-29T20:48:25+00:00\"},{\"@type\":\"WebSite\",\"@id\":\"https:\\\/\\\/www.encontracamacari.com.br\\\/sobre\\\/#website\",\"url\":\"https:\\\/\\\/www.encontracamacari.com.br\\\/sobre\\\/\",\"name\":\"Encontra Cama\\u00e7ari\",\"description\":\"Not\\u00edcias, eventos, informa\\u00e7\\u00f5es e dicas na cidade de Cama\\u00e7ari e regi\\u00e3o.\",\"inLanguage\":\"pt-BR\",\"publisher\":{\"@id\":\"https:\\\/\\\/www.encontracamacari.com.br\\\/sobre\\\/#organization\"}}]}\n\t\t<\/script>\n\t\t<!-- All in One SEO -->\n\n","aioseo_head_json":{"title":"Academia de Gin\u00e1stica P\u00fablica inicia matr\u00edculas em Cama\u00e7ari - Encontra Cama\u00e7ari","description":"A matr\u00edcula e a rematr\u00edcula da Academia de Gin\u00e1stica P\u00fablica da Sedel (Secretaria do Esporte e Lazer) come\u00e7aram nesta quarta-feira (08\/01). Os processos acontecem das 8h \u00e0s 16h, no Est\u00e1dio Armando Oliveira, localizado no bairro Verdes Horizontes. Este ano, ser\u00e3o oferecidas 100 novas vagas, destinadas \u00e0s pessoas de ambos os sexos, com idade a partir","canonical_url":"https:\/\/www.encontracamacari.com.br\/sobre\/academia-de-ginastica-publica-inicia-matriculas-em-camacari\/","robots":"max-image-preview:large","keywords":"","webmasterTools":{"miscellaneous":""},"schema":{"@context":"https:\/\/schema.org","@graph":[{"@type":"BlogPosting","@id":"https:\/\/www.encontracamacari.com.br\/sobre\/academia-de-ginastica-publica-inicia-matriculas-em-camacari\/#blogposting","name":"Academia de Gin\u00e1stica P\u00fablica inicia matr\u00edculas em Cama\u00e7ari - Encontra Cama\u00e7ari","headline":"Academia de Gin\u00e1stica P\u00fablica inicia matr\u00edculas em Cama\u00e7ari","author":{"@id":"https:\/\/www.encontracamacari.com.br\/sobre\/author\/ecamacari\/#author"},"publisher":{"@id":"https:\/\/www.encontracamacari.com.br\/sobre\/#organization"},"datePublished":"2014-01-08T14:02:31+00:00","dateModified":"2019-04-29T20:48:25+00:00","inLanguage":"pt-BR","mainEntityOfPage":{"@id":"https:\/\/www.encontracamacari.com.br\/sobre\/academia-de-ginastica-publica-inicia-matriculas-em-camacari\/#webpage"},"isPartOf":{"@id":"https:\/\/www.encontracamacari.com.br\/sobre\/academia-de-ginastica-publica-inicia-matriculas-em-camacari\/#webpage"},"articleSection":"Not\u00edcias Cama\u00e7ari"},{"@type":"BreadcrumbList","@id":"https:\/\/www.encontracamacari.com.br\/sobre\/academia-de-ginastica-publica-inicia-matriculas-em-camacari\/#breadcrumblist","itemListElement":[{"@type":"ListItem","@id":"https:\/\/www.encontracamacari.com.br\/sobre#listItem","position":1,"name":"Home","item":"https:\/\/www.encontracamacari.com.br\/sobre","nextItem":{"@type":"ListItem","@id":"https:\/\/www.encontracamacari.com.br\/sobre\/noticias-em-camacari\/#listItem","name":"Not\u00edcias Cama\u00e7ari"}},{"@type":"ListItem","@id":"https:\/\/www.encontracamacari.com.br\/sobre\/noticias-em-camacari\/#listItem","position":2,"name":"Not\u00edcias Cama\u00e7ari","item":"https:\/\/www.encontracamacari.com.br\/sobre\/noticias-em-camacari\/","nextItem":{"@type":"ListItem","@id":"https:\/\/www.encontracamacari.com.br\/sobre\/academia-de-ginastica-publica-inicia-matriculas-em-camacari\/#listItem","name":"Academia de Gin\u00e1stica P\u00fablica inicia matr\u00edculas em Cama\u00e7ari"},"previousItem":{"@type":"ListItem","@id":"https:\/\/www.encontracamacari.com.br\/sobre#listItem","name":"Home"}},{"@type":"ListItem","@id":"https:\/\/www.encontracamacari.com.br\/sobre\/academia-de-ginastica-publica-inicia-matriculas-em-camacari\/#listItem","position":3,"name":"Academia de Gin\u00e1stica P\u00fablica inicia matr\u00edculas em Cama\u00e7ari","previousItem":{"@type":"ListItem","@id":"https:\/\/www.encontracamacari.com.br\/sobre\/noticias-em-camacari\/#listItem","name":"Not\u00edcias Cama\u00e7ari"}}]},{"@type":"Organization","@id":"https:\/\/www.encontracamacari.com.br\/sobre\/#organization","name":"Encontra Cama\u00e7ari","description":"Not\u00edcias, eventos, informa\u00e7\u00f5es e dicas na cidade de Cama\u00e7ari e regi\u00e3o.","url":"https:\/\/www.encontracamacari.com.br\/sobre\/"},{"@type":"Person","@id":"https:\/\/www.encontracamacari.com.br\/sobre\/author\/ecamacari\/#author","url":"https:\/\/www.encontracamacari.com.br\/sobre\/author\/ecamacari\/","name":"Encontra Cama\u00e7ari","image":{"@type":"ImageObject","@id":"https:\/\/www.encontracamacari.com.br\/sobre\/academia-de-ginastica-publica-inicia-matriculas-em-camacari\/#authorImage","url":"https:\/\/secure.gravatar.com\/avatar\/507340682b8270222e1f208e23198b6ae7e2c6a1033ae84e99bc6bce4f82a387?s=96&d=mm&r=g","width":96,"height":96,"caption":"Encontra Cama\u00e7ari"}},{"@type":"WebPage","@id":"https:\/\/www.encontracamacari.com.br\/sobre\/academia-de-ginastica-publica-inicia-matriculas-em-camacari\/#webpage","url":"https:\/\/www.encontracamacari.com.br\/sobre\/academia-de-ginastica-publica-inicia-matriculas-em-camacari\/","name":"Academia de Gin\u00e1stica P\u00fablica inicia matr\u00edculas em Cama\u00e7ari - Encontra Cama\u00e7ari","description":"A matr\u00edcula e a rematr\u00edcula da Academia de Gin\u00e1stica P\u00fablica da Sedel (Secretaria do Esporte e Lazer) come\u00e7aram nesta quarta-feira (08\/01). Os processos acontecem das 8h \u00e0s 16h, no Est\u00e1dio Armando Oliveira, localizado no bairro Verdes Horizontes. Este ano, ser\u00e3o oferecidas 100 novas vagas, destinadas \u00e0s pessoas de ambos os sexos, com idade a partir","inLanguage":"pt-BR","isPartOf":{"@id":"https:\/\/www.encontracamacari.com.br\/sobre\/#website"},"breadcrumb":{"@id":"https:\/\/www.encontracamacari.com.br\/sobre\/academia-de-ginastica-publica-inicia-matriculas-em-camacari\/#breadcrumblist"},"author":{"@id":"https:\/\/www.encontracamacari.com.br\/sobre\/author\/ecamacari\/#author"},"creator":{"@id":"https:\/\/www.encontracamacari.com.br\/sobre\/author\/ecamacari\/#author"},"datePublished":"2014-01-08T14:02:31+00:00","dateModified":"2019-04-29T20:48:25+00:00"},{"@type":"WebSite","@id":"https:\/\/www.encontracamacari.com.br\/sobre\/#website","url":"https:\/\/www.encontracamacari.com.br\/sobre\/","name":"Encontra Cama\u00e7ari","description":"Not\u00edcias, eventos, informa\u00e7\u00f5es e dicas na cidade de Cama\u00e7ari e regi\u00e3o.","inLanguage":"pt-BR","publisher":{"@id":"https:\/\/www.encontracamacari.com.br\/sobre\/#organization"}}]},"og:locale":"pt_BR","og:site_name":"Encontra Cama\u00e7ari - Not\u00edcias, eventos, informa\u00e7\u00f5es e dicas na cidade de Cama\u00e7ari e regi\u00e3o.","og:type":"article","og:title":"Academia de Gin\u00e1stica P\u00fablica inicia matr\u00edculas em Cama\u00e7ari - Encontra Cama\u00e7ari","og:description":"A matr\u00edcula e a rematr\u00edcula da Academia de Gin\u00e1stica P\u00fablica da Sedel (Secretaria do Esporte e Lazer) come\u00e7aram nesta quarta-feira (08\/01). Os processos acontecem das 8h \u00e0s 16h, no Est\u00e1dio Armando Oliveira, localizado no bairro Verdes Horizontes. Este ano, ser\u00e3o oferecidas 100 novas vagas, destinadas \u00e0s pessoas de ambos os sexos, com idade a partir","og:url":"https:\/\/www.encontracamacari.com.br\/sobre\/academia-de-ginastica-publica-inicia-matriculas-em-camacari\/","article:published_time":"2014-01-08T14:02:31+00:00","article:modified_time":"2019-04-29T20:48:25+00:00","twitter:card":"summary_large_image","twitter:title":"Academia de Gin\u00e1stica P\u00fablica inicia matr\u00edculas em Cama\u00e7ari - Encontra Cama\u00e7ari","twitter:description":"A matr\u00edcula e a rematr\u00edcula da Academia de Gin\u00e1stica P\u00fablica da Sedel (Secretaria do Esporte e Lazer) come\u00e7aram nesta quarta-feira (08\/01). Os processos acontecem das 8h \u00e0s 16h, no Est\u00e1dio Armando Oliveira, localizado no bairro Verdes Horizontes. Este ano, ser\u00e3o oferecidas 100 novas vagas, destinadas \u00e0s pessoas de ambos os sexos, com idade a partir"},"aioseo_meta_data":{"post_id":"53","title":null,"description":null,"keywords":null,"keyphrases":null,"primary_term":null,"canonical_url":null,"og_title":null,"og_description":null,"og_object_type":"default","og_image_type":"default","og_image_url":null,"og_image_width":null,"og_image_height":null,"og_image_custom_url":null,"og_image_custom_fields":null,"og_video":null,"og_custom_url":null,"og_article_section":null,"og_article_tags":null,"twitter_use_og":false,"twitter_card":"default","twitter_image_type":"default","twitter_image_url":null,"twitter_image_custom_url":null,"twitter_image_custom_fields":null,"twitter_title":null,"twitter_description":null,"schema":{"blockGraphs":[],"customGraphs":[],"default":{"data":{"Article":[],"Course":[],"Dataset":[],"FAQPage":[],"Movie":[],"Person":[],"Product":[],"ProductReview":[],"Car":[],"Recipe":[],"Service":[],"SoftwareApplication":[],"WebPage":[]},"graphName":"BlogPosting","isEnabled":true},"graphs":[]},"schema_type":"default","schema_type_options":null,"pillar_content":false,"robots_default":true,"robots_noindex":false,"robots_noarchive":false,"robots_nosnippet":false,"robots_nofollow":false,"robots_noimageindex":false,"robots_noodp":false,"robots_notranslate":false,"robots_max_snippet":null,"robots_max_videopreview":null,"robots_max_imagepreview":"large","priority":null,"frequency":null,"local_seo":null,"limit_modified_date":false,"created":"2022-09-09 18:45:11","updated":"2026-08-05 23:22:15","focus_keyword":null,"additional_keywords":null,"truseo_locale":null,"ai":null,"breadcrumb_settings":null,"seo_analyzer_scan_date":null},"aioseo_breadcrumb":"<div class=\"aioseo-breadcrumbs\"><span class=\"aioseo-breadcrumb\">\n\t\t\t<a href=\"https:\/\/www.encontracamacari.com.br\/sobre\" title=\"Home\">Home<\/a>\n\t\t<\/span><span class=\"aioseo-breadcrumb-separator\">&raquo;<\/span><span class=\"aioseo-breadcrumb\">\n\t\t\t<a href=\"https:\/\/www.encontracamacari.com.br\/sobre\/noticias-em-camacari\/\" title=\"Not\u00edcias Cama\u00e7ari\">Not\u00edcias Cama\u00e7ari<\/a>\n\t\t<\/span><span class=\"aioseo-breadcrumb-separator\">&raquo;<\/span><span class=\"aioseo-breadcrumb\">\n\t\t\tAcademia de Gin\u00e1stica P\u00fablica inicia matr\u00edculas em Cama\u00e7ari\n\t\t<\/span><\/div>","aioseo_breadcrumb_json":[{"label":"Home","link":"https:\/\/www.encontracamacari.com.br\/sobre"},{"label":"Not\u00edcias Cama\u00e7ari","link":"https:\/\/www.encontracamacari.com.br\/sobre\/noticias-em-camacari\/"},{"label":"Academia de Gin\u00e1stica P\u00fablica inicia matr\u00edculas em Cama\u00e7ari","link":"https:\/\/www.encontracamacari.com.br\/sobre\/academia-de-ginastica-publica-inicia-matriculas-em-camacari\/"}],"_links":{"self":[{"href":"https:\/\/www.encontracamacari.com.br\/sobre\/wp-json\/wp\/v2\/posts\/53","targetHints":{"allow":["GET"]}}],"collection":[{"href":"https:\/\/www.encontracamacari.com.br\/sobre\/wp-json\/wp\/v2\/posts"}],"about":[{"href":"https:\/\/www.encontracamacari.com.br\/sobre\/wp-json\/wp\/v2\/types\/post"}],"author":[{"embeddable":true,"href":"https:\/\/www.encontracamacari.com.br\/sobre\/wp-json\/wp\/v2\/users\/1"}],"replies":[{"embeddable":true,"href":"https:\/\/www.encontracamacari.com.br\/sobre\/wp-json\/wp\/v2\/comments?post=53"}],"version-history":[{"count":2,"href":"https:\/\/www.encontracamacari.com.br\/sobre\/wp-json\/wp\/v2\/posts\/53\/revisions"}],"predecessor-version":[{"id":154,"href":"https:\/\/www.encontracamacari.com.br\/sobre\/wp-json\/wp\/v2\/posts\/53\/revisions\/154"}],"wp:attachment":[{"href":"https:\/\/www.encontracamacari.com.br\/sobre\/wp-json\/wp\/v2\/media?parent=53"}],"wp:term":[{"taxonomy":"category","embeddable":true,"href":"https:\/\/www.encontracamacari.com.br\/sobre\/wp-json\/wp\/v2\/categories?post=53"},{"taxonomy":"post_tag","embeddable":true,"href":"https:\/\/www.encontracamacari.com.br\/sobre\/wp-json\/wp\/v2\/tags?post=53"}],"curies":[{"name":"wp","href":"https:\/\/api.w.org\/{rel}","templated":true}]}}