{"id":520,"date":"2026-01-05T05:44:19","date_gmt":"2026-01-05T05:44:19","guid":{"rendered":"https:\/\/www.encontracamacari.com.br\/sobre\/entrega-de-cestas-de-natal-em-camacari-e-marcada-por-organizacao-e-acolhimento\/"},"modified":"2026-01-05T05:44:19","modified_gmt":"2026-01-05T05:44:19","slug":"entrega-de-cestas-de-natal-em-camacari-e-marcada-por-organizacao-e-acolhimento","status":"publish","type":"post","link":"https:\/\/www.encontracamacari.com.br\/sobre\/entrega-de-cestas-de-natal-em-camacari-e-marcada-por-organizacao-e-acolhimento\/","title":{"rendered":"Entrega de Cestas de Natal em Cama\u00e7ari \u00e9 marcada por organiza\u00e7\u00e3o e acolhimento"},"content":{"rendered":"<div class=\"2410bb7248a64bb1f71103797e0f239b\" data-index=\"1\" style=\"float: none; margin:0px;\">\n<ins class=\"adsbygoogle\"\r\n     style=\"display:block\"\r\n     data-ad-client=\"ca-pub-8585364105181520\"\r\n     data-ad-slot=\"8789329856\"\r\n     data-ad-format=\"auto\"\r\n     data-full-width-responsive=\"true\"><\/ins>\r\n<script>\r\n     (adsbygoogle = window.adsbygoogle || []).push({});\r\n<\/script>\n<\/div>\n<h2>A Prepara\u00e7\u00e3o das Cestas de Natal<\/h2>\n<p>A prepara\u00e7\u00e3o das cestas de Natal em Cama\u00e7ari \u00e9 um processo que envolve planejamento, organiza\u00e7\u00e3o e, acima de tudo, um compromisso com a solidariedade e a inclus\u00e3o social. Todos os anos, a prefeitura realiza uma a\u00e7\u00e3o que tem como objetivo proporcionar uma celebra\u00e7\u00e3o mais digna para as fam\u00edlias em situa\u00e7\u00e3o de vulnerabilidade. No ano de 2025, a Secretaria de Desenvolvimento Social e Cidadania iniciou os preparativos meses antes da data, reunindo uma equipe dedicada e mobilizando recursos para garantir que cada cesta estivesse devidamente equipada.<\/p>\n<p>Os itens que comp\u00f5em as cestas s\u00e3o cuidadosamente selecionados para atender \u00e0s necessidades b\u00e1sicas das fam\u00edlias. Este ano, a cesta \u00e9 composta por alimentos essenciais, como arroz, feij\u00e3o, a\u00e7\u00facar, \u00f3leo, e tamb\u00e9m inclui itens festivos, como panetones, que trazem um toque especial \u00e0s ceias natalinas. O processo de montagem das cestas passa por diversas etapas, incluindo a compra dos alimentos, a verifica\u00e7\u00e3o da qualidade dos produtos e a embalagem, feita por volunt\u00e1rios que se disp\u00f5em a ajudar nesta a\u00e7\u00e3o.<\/p>\n<p>Al\u00e9m disso, a diversifica\u00e7\u00e3o dos itens \u00e9 um ponto importante. As cestas n\u00e3o s\u00f3 fornecem alimentos b\u00e1sicos, mas tamb\u00e9m itens que ajudam a compor uma ceia mais completa. A inclus\u00e3o de mistura para bolo e frango congelado, por exemplo, evidencia a preocupa\u00e7\u00e3o em atender \u00e0s diferentes prefer\u00eancias e necessidades dos benefici\u00e1rios. Essa prepara\u00e7\u00e3o cuidadosa garante que as cestas n\u00e3o sejam apenas um aux\u00edlio material, mas tamb\u00e9m um gesto de carinho e considera\u00e7\u00e3o durante as festividades.<\/p>\n<p><img decoding=\"async\" src=\"https:\/\/www.encontracamacari.com.br\/sobre\/wp-content\/uploads\/2026\/01\/entrega-de-cestas-de-natal-em-camacari-e-marcada-por-organizacao-e-acolhimento.webp\" alt=\"cestas de natal em cama\u00e7ari\" loading=\"lazy\" \/><\/p>\n<h2>O Papel da Secretaria de Desenvolvimento Social<\/h2>\n<p>A Secretaria de Desenvolvimento Social e Cidadania de Cama\u00e7ari, tamb\u00e9m conhecida como Sedes, desempenha um papel fundamental na organiza\u00e7\u00e3o e execu\u00e7\u00e3o da entrega das cestas de Natal. A Sedes \u00e9 respons\u00e1vel por todo o planejamento log\u00edstico da a\u00e7\u00e3o, desde a sele\u00e7\u00e3o dos benefici\u00e1rios at\u00e9 a distribui\u00e7\u00e3o das cestas. Com uma equipe treinada e comprometida, a secretaria atua em diferentes frentes para garantir que todos os aspectos da opera\u00e7\u00e3o sejam realizados de forma eficiente e humanizada.<\/p>\n<p>O acompanhamento das fam\u00edlias beneficiadas \u00e9 outro aspecto importante do trabalho da Sedes. A secretaria realiza um mapeamento para identificar quem s\u00e3o as pessoas em situa\u00e7\u00e3o de vulnerabilidade e quais s\u00e3o suas necessidades espec\u00edficas. Essa abordagem permite que a entrega das cestas seja direcionada, n\u00e3o apenas a quem est\u00e1 em necessidade, mas tamb\u00e9m a quem realmente faz parte das comunidades em situa\u00e7\u00e3o de risco social.<\/p>\n<p>Al\u00e9m disso, a secretaria promove um trabalho de sensibiliza\u00e7\u00e3o e acolhimento durante a distribui\u00e7\u00e3o. Funcion\u00e1rios e volunt\u00e1rios s\u00e3o orientados a receber os benefici\u00e1rios com respeito e empatia, criando um ambiente acolhedor. Durante as entregas, as pessoas s\u00e3o informadas sobre outros programas sociais e servi\u00e7os dispon\u00edveis na cidade, fortalecendo assim a rede de apoio \u00e0 popula\u00e7\u00e3o carente.<\/p>\n<h2>Benef\u00edcios para as Fam\u00edlias<\/h2>\n<p>Os benef\u00edcios das cestas de Natal v\u00e3o muito al\u00e9m da simples doa\u00e7\u00e3o de alimentos. Para muitas fam\u00edlias de Cama\u00e7ari, essas cestas representam a oportunidade de celebrar o Natal de maneira mais digna e recheada de esperan\u00e7a. O apoio material possibilita que essas fam\u00edlias tenham uma ceia mais rica, que pode at\u00e9 incluir pratos t\u00edpicos da festa, algo que muitas vezes n\u00e3o seria poss\u00edvel no cotidiano devido a limita\u00e7\u00f5es financeiras.<\/p>\n<p>O impacto emocional desse gesto tamb\u00e9m \u00e9 significativo. Ao receber uma cesta de Natal, as fam\u00edlias se sentem valorizadas e lembradas, o que pode ser um fator importante para a autoestima e a motiva\u00e7\u00e3o. Em entrevistas realizadas com benefici\u00e1rios, muitos expressaram gratid\u00e3o e al\u00edvio, mencionando que a cesta n\u00e3o apenas ajuda a suprir uma necessidade imediata, mas tamb\u00e9m traz alegria e esperan\u00e7a durante as festividades. Para alguns, esse gesto cria um sentimento de conex\u00e3o com a comunidade e a administra\u00e7\u00e3o p\u00fablica, refor\u00e7ando a ideia de que h\u00e1 apoio nas dificuldades.<\/p>\n<p>Al\u00e9m do apoio material e emocional, a entrega das cestas tamb\u00e9m promove um sentimento de solidariedade entre os moradores. Muitas pessoas se mobilizam para ajudar, seja atrav\u00e9s de doa\u00e7\u00f5es ou voluntariado, mostrando que a uni\u00e3o pode gerar um impacto positivo na vida das pessoas. Esse envolvimento comunit\u00e1rio \u00e9 fundamental para fortalecer os la\u00e7os sociais e criar uma cultura de solidariedade em Cama\u00e7ari.<\/p>\n<h2>O Impacto Social da Iniciativa<\/h2>\n<p>O impacto social da entrega das cestas de Natal em Cama\u00e7ari \u00e9 amplo e significativo. Primeiramente, ao direcionar esfor\u00e7os a pessoas em situa\u00e7\u00e3o de vulnerabilidade, a prefeitura contribui diretamente para a redu\u00e7\u00e3o da inseguran\u00e7a alimentar em certas comunidades. Isso \u00e9 crucial em \u00e9pocas festivas, onde as expectativas sociais em rela\u00e7\u00e3o a ceias e celebra\u00e7\u00f5es s\u00e3o mais acentuadas.<\/p>\n<p>Essa a\u00e7\u00e3o tamb\u00e9m altera a din\u00e2mica dentro das comunidades, j\u00e1 que o apoio recebido pode influenciar positivamente a din\u00e2mica familiar. Muitas fam\u00edlias mencionam que a cesta de Natal transforma o Natal, que poderia ser apenas mais um dia no calend\u00e1rio, em um momento especial de uni\u00e3o. Isso demonstra como a assist\u00eancia social vai al\u00e9m da ajuda material, mas tamb\u00e9m proporciona meio de intera\u00e7\u00e3o e constru\u00e7\u00e3o de mem\u00f3rias afetivas.<\/p>\n<p>A entrega das cestas tamb\u00e9m representa uma inova\u00e7\u00e3o nas pol\u00edticas sociais da cidade. O fortalecimento do compromisso com a seguran\u00e7a alimentar \u00e9 um reflexo das mudan\u00e7as que est\u00e3o ocorrendo na estrutura administrativa, que busca integrar a\u00e7\u00f5es sociais com o desenvolvimento local. \u00c0 medida que as administra\u00e7\u00f5es p\u00fablicas assumem um papel ativo na prote\u00e7\u00e3o das popula\u00e7\u00f5es vulner\u00e1veis, a cidade de Cama\u00e7ari se compromete com o bem-estar de todos os seus cidad\u00e3os.<\/p>\n<h2>Testemunhos de Quem Recebeu<\/h2>\n<p>Os testemunhos de benefici\u00e1rios das cestas de Natal s\u00e3o emocionantes e reveladores. Muitas hist\u00f3rias compartilham de um profundo sentimento de gratid\u00e3o e esperan\u00e7a. Um exemplo \u00e9 o relato de Roberta dos Reis, de 51 anos, que reside em Arembepe. Sua experi\u00eancia ao retirar a cesta foi marcada por uma sensa\u00e7\u00e3o de acolhimento, destacando a aten\u00e7\u00e3o recebida durante o processo. Ela expressou que, gra\u00e7as \u00e0 cesta, seu Natal seria muito mais alegre e farto, mudando a perspectiva de um momento que poderia ser marcado por dificuldades.<\/p>\n<p>Outro testemunho impactante \u00e9 o de Nara Santos, de 21 anos, uma jovem gr\u00e1vida e desempregada. Nara enfatizou a import\u00e2ncia da cesta em sua vida, afirmando que o alimento recebido ajudaria a compor sua ceia de Natal e reduziria a carga de preocupa\u00e7\u00e3o financeira, o que lhe permitiria se concentrar mais em sua sa\u00fade e bem-estar. Contar com esse aux\u00edlio social n\u00e3o s\u00f3 impacta sua situa\u00e7\u00e3o imediata, mas tamb\u00e9m gera maior confian\u00e7a no futuro.<\/p><div class=\"2410bb7248a64bb1f71103797e0f239b\" data-index=\"2\" style=\"float: none; margin:0px;\">\n<ins class=\"adsbygoogle\"\r\n     style=\"display:block; text-align:center;\"\r\n     data-ad-layout=\"in-article\"\r\n     data-ad-format=\"fluid\"\r\n     data-ad-client=\"ca-pub-8585364105181520\"\r\n     data-ad-slot=\"2899217073\"><\/ins>\r\n<script>\r\n     (adsbygoogle = window.adsbygoogle || []).push({});\r\n<\/script>\r\n\r\n<\/br><\/br>\n<\/div>\n\n<p>Esses relatos representam apenas uma fra\u00e7\u00e3o das muitas vidas que a iniciativa toca todos os anos. Para muitos, \u00e9 o reconhecimento de que suas lutas di\u00e1rias s\u00e3o ouvidas e atendidas, recriando um sentimento de esperan\u00e7a em torno das festividades, que podem ser desafiadoras para quem enfrenta a inseguran\u00e7a financeira.<\/p>\n<h2>A Log\u00edstica de Distribui\u00e7\u00e3o<\/h2>\n<p>A log\u00edstica de distribui\u00e7\u00e3o das cestas de Natal \u00e9 uma parte cr\u00edtica do processo que exige planejamento detalhado e coordena\u00e7\u00e3o. A secret\u00e1ria de Desenvolvimento Social e Cidadania, Jeane Gleyde, fala sobre a import\u00e2ncia de estruturar cada etapa com efici\u00eancia. A distribui\u00e7\u00e3o n\u00e3o ocorre de forma aleat\u00f3ria, mas sim em locais estrat\u00e9gicos que s\u00e3o escolhidos com base na concentra\u00e7\u00e3o de benefici\u00e1rios.<\/p>\n<p>Os pontos de entrega s\u00e3o amplamente divulgados, e o atendimento \u00e9 realizado em hor\u00e1rios espec\u00edficos para facilitar o acesso por parte das fam\u00edlias. Durante a distribui\u00e7\u00e3o, a equipe de volunt\u00e1rios e funcion\u00e1rios est\u00e1 treinada para atender rapidamente, respeitando o tempo e a dignidade dos benefici\u00e1rios. Isso inclui verificar documentos e cupons de forma \u00e1gil.<\/p>\n<p>A log\u00edstica ainda inclui a mobiliza\u00e7\u00e3o de caminh\u00f5es e ve\u00edculos para transportar as cestas desde o centro de distribui\u00e7\u00e3o at\u00e9 os pontos de entrega. Esse transporte \u00e9 planejado para garantir que todos os locais recebam as cestas de forma simult\u00e2nea. A comunica\u00e7\u00e3o entre as equipes tamb\u00e9m \u00e9 essencial, garantindo que nenhum ponto fique sem atendimento e evitando longas filas e esperas desnecess\u00e1rias.<\/p>\n<h2>Pontos de Entrega das Cestas<\/h2>\n<p>Os pontos de entrega das cestas de Natal de 2025 foram essencialmente distribu\u00eddos em locais estrat\u00e9gicos por toda a cidade de Cama\u00e7ari, incluindo a orla e a zona rural. As escolas municipais e centros de educa\u00e7\u00e3o serviram como as principais instala\u00e7\u00f5es de distribui\u00e7\u00e3o. Um exemplo \u00e9 a Escola Municipal Gilt\u00f4nia Pereira de Souza, em Arembepe, que se destacou como um dos principais locais de entrega.<\/p>\n<p>Ao todo, mais de dez pontos foram estabelecidos, como a Escola Municipal Eliza Dias de Azevedo em Vila de Abrantes, onde as expectativas eram altas. Informa\u00e7\u00f5es sobre hor\u00e1rios e documentos necess\u00e1rios foram amplamente divulgadas, permitindo que os benefici\u00e1rios fossem informados sobre como proceder.<\/p>\n<p>A localiza\u00e7\u00e3o estrat\u00e9gica dos pontos de distribui\u00e7\u00e3o garantiu que as cestas pudessem alcan\u00e7ar o maior n\u00famero poss\u00edvel de fam\u00edlias. A combina\u00e7\u00e3o de pontos fixos e itinerantes foi uma escolha positiva, permitindo que \u00e1reas mais remotas tamb\u00e9m fossem contempladas. A acessibilidade \u00e9 um fator vital no sucesso da a\u00e7\u00e3o, e a prefeitura de Cama\u00e7ari se comprometeu a assegurar que todos tivessem acesso a essas ajudas essenciais.<\/p>\n<h2>Novidades nas Cestas deste Ano<\/h2>\n<p>Uma das grandes novidades nas cestas de Natal deste ano foi a amplia\u00e7\u00e3o na variedade de itens oferecidos. Al\u00e9m dos alimentos b\u00e1sicos, como arroz e feij\u00e3o, os benefici\u00e1rios receberam tamb\u00e9m novos produtos, como mistura para bolo, farinha de trigo e panetones. A inclus\u00e3o do frango congelado, al\u00e9m de aumentar a quantidade total de alimentos na cesta, tamb\u00e9m demonstra um esfor\u00e7o para oferecer op\u00e7\u00f5es que podem ser preparadas de maneira festiva, agradando os paladares das fam\u00edlias.<\/p>\n<p>A adi\u00e7\u00e3o desses itens n\u00e3o s\u00f3 diversifica a alimenta\u00e7\u00e3o das fam\u00edlias, mas tamb\u00e9m traz uma sensa\u00e7\u00e3o de celebra\u00e7\u00e3o ao Natal. Os panetones, por exemplo, s\u00e3o um s\u00edmbolo das festas e muitos benefici\u00e1rios expressaram alegria ao receb\u00ea-los em suas cestas. Essa pequena mudan\u00e7a demonstra como a Prefeitura de Cama\u00e7ari est\u00e1 atenta n\u00e3o apenas \u00e0s necessidades b\u00e1sicas, mas tamb\u00e9m \u00e0 marca\u00e7\u00e3o de momentos especiais na vida das pessoas.<\/p>\n<p>Essas novidades n\u00e3o apenas melhoraram a qualidade das cestas entregues, mas tamb\u00e9m contribu\u00edram para o fortalecimento da imagem da administra\u00e7\u00e3o como uma gest\u00e3o sens\u00edvel e respons\u00e1vel. Repensar a composi\u00e7\u00e3o das cestas \u00e9 um passo importante para manter a relev\u00e2ncia da a\u00e7\u00e3o social ao longo dos anos.<\/p>\n<h2>A Import\u00e2ncia da Solidariedade<\/h2>\n<p>A solidariedade \u00e9 um tema central nas a\u00e7\u00f5es sociais realizadas em Cama\u00e7ari, especialmente durante o per\u00edodo natalino. Ao entregar as cestas de Natal, a administra\u00e7\u00e3o municipal reafirma seu compromisso com a popula\u00e7\u00e3o mais vulner\u00e1vel, e isso gera um efeito positivo tanto para quem recebe quanto para quem participa do processo. O verdadeiro significado do Natal como um momento de uni\u00e3o e generosidade encontra espa\u00e7o nas atitudes de ajuda m\u00fatua que emergem dessas iniciativas.<\/p>\n<p>Durante o per\u00edodo de entrega, a mobiliza\u00e7\u00e3o de volunt\u00e1rios, doa\u00e7\u00f5es e at\u00e9 parcerias com comerciantes locais s\u00e3o exemplos de como a solidariedade pode se manifestar de formas diversas. Isso contribui n\u00e3o apenas para a concretiza\u00e7\u00e3o da a\u00e7\u00e3o de entrega das cestas, mas tamb\u00e9m para o fortalecimento do v\u00ednculo comunit\u00e1rio, onde todos se sentem parte da solu\u00e7\u00e3o dos problemas sociais.<\/p>\n<p>A solidariedade, neste contexto, vai al\u00e9m do ato de dar. \u00c9 um incentivo \u00e0 empatia e compreens\u00e3o das dificuldades do pr\u00f3ximo, mostrando que todos podem contribuir com suas capacidades, seja atrav\u00e9s de doa\u00e7\u00f5es, trabalho volunt\u00e1rio ou at\u00e9 mesmo apoio simb\u00f3lico. Ao exemplificar essa liga\u00e7\u00e3o na pr\u00e1tica, Cama\u00e7ari se torna um modelo positivo para a promo\u00e7\u00e3o de bem-estar social.<\/p>\n<h2>Futuro das A\u00e7\u00f5es Sociais em Cama\u00e7ari<\/h2>\n<p>O futuro das a\u00e7\u00f5es sociais em Cama\u00e7ari \u00e9 promissor, especialmente com o crescimento das iniciativas voltadas para seguran\u00e7a alimentar e apoio ao bem-estar das popula\u00e7\u00f5es vulner\u00e1veis. As experi\u00eancias adquiridas ao longo dos anos, inclusive a entrega das cestas de Natal, servem de par\u00e2metro para o desenvolvimento de futuras a\u00e7\u00f5es que poder\u00e3o ser ainda mais eficazes e abrangentes.<\/p>\n<p>A continuidade do engajamento da administra\u00e7\u00e3o p\u00fablica com a popula\u00e7\u00e3o \u00e9 essencial. Isso pode incluir a amplia\u00e7\u00e3o dos servi\u00e7os oferecidos, a diversifica\u00e7\u00e3o das ajudas e uma comunica\u00e7\u00e3o constante sobre as necessidades e expectativas dos cidad\u00e3os. A forma como as a\u00e7\u00f5es sociais s\u00e3o moldadas pelos feedbacks da popula\u00e7\u00e3o \u00e9 crucial para garantir que essas iniciativas sejam relevantes e atendam \u00e0s reais demandas.<\/p>\n<p>O fortalecimento de parcerias com a sociedade civil e o setor privado tamb\u00e9m aparece como uma estrat\u00e9gia vi\u00e1vel para ampliar o alcance das a\u00e7\u00f5es sociais. Criando uma rede colaborativa, ser\u00e1 poss\u00edvel reunir mais recursos e ideias, ajudando a criar solu\u00e7\u00f5es inovadoras para os problemas enfrentados por Cama\u00e7ari. Isso poder\u00e1 resultar em um ciclo positivo que n\u00e3o apenas transformar\u00e1 a realidade atual, mas contribuir\u00e1 para um futuro mais justo e igualit\u00e1rio.<\/p>\n<div class=\"2410bb7248a64bb1f71103797e0f239b\" data-index=\"3\" style=\"float: none; margin:0px;\">\n<\/br><\/br>\r\n\r\n<ins class=\"adsbygoogle\"\r\n     style=\"display:block\"\r\n     data-ad-format=\"fluid\"\r\n     data-ad-layout-key=\"-63+do+n-1s+9e\"\r\n     data-ad-client=\"ca-pub-8585364105181520\"\r\n     data-ad-slot=\"6838462089\"><\/ins>\r\n<script>\r\n     (adsbygoogle = window.adsbygoogle || []).push({});\r\n<\/script>\n<\/div>\n\n<div style=\"font-size: 0px; height: 0px; line-height: 0px; margin: 0; padding: 0; clear: both;\"><\/div>","protected":false},"excerpt":{"rendered":"<p>Cestas de Natal em Cama\u00e7ari refletem acolhimento e organiza\u00e7\u00e3o na entrega.<\/p>\n","protected":false},"author":1,"featured_media":519,"comment_status":"open","ping_status":"closed","sticky":false,"template":"","format":"standard","meta":{"footnotes":""},"categories":[1],"tags":[],"class_list":["post-520","post","type-post","status-publish","format-standard","has-post-thumbnail","hentry","category-noticias-em-camacari","has_thumb"],"aioseo_notices":[],"aioseo_head":"\n\t\t<!-- All in One SEO 5.0.0.1 - aioseo.com -->\n\t<meta name=\"description\" content=\"Cestas de Natal em Cama\u00e7ari refletem acolhimento e organiza\u00e7\u00e3o na entrega.\" \/>\n\t<meta name=\"robots\" content=\"max-image-preview:large\" \/>\n\t<meta name=\"author\" content=\"Encontra Cama\u00e7ari\"\/>\n\t<link rel=\"canonical\" href=\"https:\/\/www.encontracamacari.com.br\/sobre\/entrega-de-cestas-de-natal-em-camacari-e-marcada-por-organizacao-e-acolhimento\/\" \/>\n\t<meta name=\"generator\" content=\"All in One SEO (AIOSEO) 5.0.0.1\" \/>\n\t\t<meta property=\"og:locale\" content=\"pt_BR\" \/>\n\t\t<meta property=\"og:site_name\" content=\"Encontra Cama\u00e7ari - Not\u00edcias, eventos, informa\u00e7\u00f5es e dicas na cidade de Cama\u00e7ari e regi\u00e3o.\" \/>\n\t\t<meta property=\"og:type\" content=\"article\" \/>\n\t\t<meta property=\"og:title\" content=\"Entrega de Cestas de Natal em Cama\u00e7ari \u00e9 marcada por organiza\u00e7\u00e3o e acolhimento - Encontra Cama\u00e7ari\" \/>\n\t\t<meta property=\"og:description\" content=\"Cestas de Natal em Cama\u00e7ari refletem acolhimento e organiza\u00e7\u00e3o na entrega.\" \/>\n\t\t<meta property=\"og:url\" content=\"https:\/\/www.encontracamacari.com.br\/sobre\/entrega-de-cestas-de-natal-em-camacari-e-marcada-por-organizacao-e-acolhimento\/\" \/>\n\t\t<meta property=\"article:published_time\" content=\"2026-01-05T05:44:19+00:00\" \/>\n\t\t<meta property=\"article:modified_time\" content=\"2026-01-05T05:44:19+00:00\" \/>\n\t\t<meta name=\"twitter:card\" content=\"summary_large_image\" \/>\n\t\t<meta name=\"twitter:title\" content=\"Entrega de Cestas de Natal em Cama\u00e7ari \u00e9 marcada por organiza\u00e7\u00e3o e acolhimento - Encontra Cama\u00e7ari\" \/>\n\t\t<meta name=\"twitter:description\" content=\"Cestas de Natal em Cama\u00e7ari refletem acolhimento e organiza\u00e7\u00e3o na entrega.\" \/>\n\t\t<script type=\"application\/ld+json\" class=\"aioseo-schema\">\n\t\t\t{\"@context\":\"https:\\\/\\\/schema.org\",\"@graph\":[{\"@type\":\"BlogPosting\",\"@id\":\"https:\\\/\\\/www.encontracamacari.com.br\\\/sobre\\\/entrega-de-cestas-de-natal-em-camacari-e-marcada-por-organizacao-e-acolhimento\\\/#blogposting\",\"name\":\"Entrega de Cestas de Natal em Cama\\u00e7ari \\u00e9 marcada por organiza\\u00e7\\u00e3o e acolhimento - Encontra Cama\\u00e7ari\",\"headline\":\"Entrega de Cestas de Natal em Cama\\u00e7ari \\u00e9 marcada por organiza\\u00e7\\u00e3o e acolhimento\",\"author\":{\"@id\":\"https:\\\/\\\/www.encontracamacari.com.br\\\/sobre\\\/author\\\/ecamacari\\\/#author\"},\"publisher\":{\"@id\":\"https:\\\/\\\/www.encontracamacari.com.br\\\/sobre\\\/#organization\"},\"image\":{\"@type\":\"ImageObject\",\"url\":\"https:\\\/\\\/www.encontracamacari.com.br\\\/sobre\\\/wp-content\\\/uploads\\\/2026\\\/01\\\/entrega-de-cestas-de-natal-em-camacari-e-marcada-por-organizacao-e-acolhimento.webp\",\"width\":280,\"height\":280,\"caption\":\"cestas de natal em cama\\u00e7ari\"},\"datePublished\":\"2026-01-05T05:44:19+00:00\",\"dateModified\":\"2026-01-05T05:44:19+00:00\",\"inLanguage\":\"pt-BR\",\"mainEntityOfPage\":{\"@id\":\"https:\\\/\\\/www.encontracamacari.com.br\\\/sobre\\\/entrega-de-cestas-de-natal-em-camacari-e-marcada-por-organizacao-e-acolhimento\\\/#webpage\"},\"isPartOf\":{\"@id\":\"https:\\\/\\\/www.encontracamacari.com.br\\\/sobre\\\/entrega-de-cestas-de-natal-em-camacari-e-marcada-por-organizacao-e-acolhimento\\\/#webpage\"},\"articleSection\":\"Not\\u00edcias Cama\\u00e7ari\"},{\"@type\":\"BreadcrumbList\",\"@id\":\"https:\\\/\\\/www.encontracamacari.com.br\\\/sobre\\\/entrega-de-cestas-de-natal-em-camacari-e-marcada-por-organizacao-e-acolhimento\\\/#breadcrumblist\",\"itemListElement\":[{\"@type\":\"ListItem\",\"@id\":\"https:\\\/\\\/www.encontracamacari.com.br\\\/sobre#listItem\",\"position\":1,\"name\":\"Home\",\"item\":\"https:\\\/\\\/www.encontracamacari.com.br\\\/sobre\",\"nextItem\":{\"@type\":\"ListItem\",\"@id\":\"https:\\\/\\\/www.encontracamacari.com.br\\\/sobre\\\/noticias-em-camacari\\\/#listItem\",\"name\":\"Not\\u00edcias Cama\\u00e7ari\"}},{\"@type\":\"ListItem\",\"@id\":\"https:\\\/\\\/www.encontracamacari.com.br\\\/sobre\\\/noticias-em-camacari\\\/#listItem\",\"position\":2,\"name\":\"Not\\u00edcias Cama\\u00e7ari\",\"item\":\"https:\\\/\\\/www.encontracamacari.com.br\\\/sobre\\\/noticias-em-camacari\\\/\",\"nextItem\":{\"@type\":\"ListItem\",\"@id\":\"https:\\\/\\\/www.encontracamacari.com.br\\\/sobre\\\/entrega-de-cestas-de-natal-em-camacari-e-marcada-por-organizacao-e-acolhimento\\\/#listItem\",\"name\":\"Entrega de Cestas de Natal em Cama\\u00e7ari \\u00e9 marcada por organiza\\u00e7\\u00e3o e acolhimento\"},\"previousItem\":{\"@type\":\"ListItem\",\"@id\":\"https:\\\/\\\/www.encontracamacari.com.br\\\/sobre#listItem\",\"name\":\"Home\"}},{\"@type\":\"ListItem\",\"@id\":\"https:\\\/\\\/www.encontracamacari.com.br\\\/sobre\\\/entrega-de-cestas-de-natal-em-camacari-e-marcada-por-organizacao-e-acolhimento\\\/#listItem\",\"position\":3,\"name\":\"Entrega de Cestas de Natal em Cama\\u00e7ari \\u00e9 marcada por organiza\\u00e7\\u00e3o e acolhimento\",\"previousItem\":{\"@type\":\"ListItem\",\"@id\":\"https:\\\/\\\/www.encontracamacari.com.br\\\/sobre\\\/noticias-em-camacari\\\/#listItem\",\"name\":\"Not\\u00edcias Cama\\u00e7ari\"}}]},{\"@type\":\"Organization\",\"@id\":\"https:\\\/\\\/www.encontracamacari.com.br\\\/sobre\\\/#organization\",\"name\":\"Encontra Cama\\u00e7ari\",\"description\":\"Not\\u00edcias, eventos, informa\\u00e7\\u00f5es e dicas na cidade de Cama\\u00e7ari e regi\\u00e3o.\",\"url\":\"https:\\\/\\\/www.encontracamacari.com.br\\\/sobre\\\/\"},{\"@type\":\"Person\",\"@id\":\"https:\\\/\\\/www.encontracamacari.com.br\\\/sobre\\\/author\\\/ecamacari\\\/#author\",\"url\":\"https:\\\/\\\/www.encontracamacari.com.br\\\/sobre\\\/author\\\/ecamacari\\\/\",\"name\":\"Encontra Cama\\u00e7ari\",\"image\":{\"@type\":\"ImageObject\",\"@id\":\"https:\\\/\\\/www.encontracamacari.com.br\\\/sobre\\\/entrega-de-cestas-de-natal-em-camacari-e-marcada-por-organizacao-e-acolhimento\\\/#authorImage\",\"url\":\"https:\\\/\\\/secure.gravatar.com\\\/avatar\\\/507340682b8270222e1f208e23198b6ae7e2c6a1033ae84e99bc6bce4f82a387?s=96&d=mm&r=g\",\"width\":96,\"height\":96,\"caption\":\"Encontra Cama\\u00e7ari\"}},{\"@type\":\"WebPage\",\"@id\":\"https:\\\/\\\/www.encontracamacari.com.br\\\/sobre\\\/entrega-de-cestas-de-natal-em-camacari-e-marcada-por-organizacao-e-acolhimento\\\/#webpage\",\"url\":\"https:\\\/\\\/www.encontracamacari.com.br\\\/sobre\\\/entrega-de-cestas-de-natal-em-camacari-e-marcada-por-organizacao-e-acolhimento\\\/\",\"name\":\"Entrega de Cestas de Natal em Cama\\u00e7ari \\u00e9 marcada por organiza\\u00e7\\u00e3o e acolhimento - Encontra Cama\\u00e7ari\",\"description\":\"Cestas de Natal em Cama\\u00e7ari refletem acolhimento e organiza\\u00e7\\u00e3o na entrega.\",\"inLanguage\":\"pt-BR\",\"isPartOf\":{\"@id\":\"https:\\\/\\\/www.encontracamacari.com.br\\\/sobre\\\/#website\"},\"breadcrumb\":{\"@id\":\"https:\\\/\\\/www.encontracamacari.com.br\\\/sobre\\\/entrega-de-cestas-de-natal-em-camacari-e-marcada-por-organizacao-e-acolhimento\\\/#breadcrumblist\"},\"author\":{\"@id\":\"https:\\\/\\\/www.encontracamacari.com.br\\\/sobre\\\/author\\\/ecamacari\\\/#author\"},\"creator\":{\"@id\":\"https:\\\/\\\/www.encontracamacari.com.br\\\/sobre\\\/author\\\/ecamacari\\\/#author\"},\"image\":{\"@type\":\"ImageObject\",\"url\":\"https:\\\/\\\/www.encontracamacari.com.br\\\/sobre\\\/wp-content\\\/uploads\\\/2026\\\/01\\\/entrega-de-cestas-de-natal-em-camacari-e-marcada-por-organizacao-e-acolhimento.webp\",\"@id\":\"https:\\\/\\\/www.encontracamacari.com.br\\\/sobre\\\/entrega-de-cestas-de-natal-em-camacari-e-marcada-por-organizacao-e-acolhimento\\\/#mainImage\",\"width\":280,\"height\":280,\"caption\":\"cestas de natal em cama\\u00e7ari\"},\"primaryImageOfPage\":{\"@id\":\"https:\\\/\\\/www.encontracamacari.com.br\\\/sobre\\\/entrega-de-cestas-de-natal-em-camacari-e-marcada-por-organizacao-e-acolhimento\\\/#mainImage\"},\"datePublished\":\"2026-01-05T05:44:19+00:00\",\"dateModified\":\"2026-01-05T05:44:19+00:00\"},{\"@type\":\"WebSite\",\"@id\":\"https:\\\/\\\/www.encontracamacari.com.br\\\/sobre\\\/#website\",\"url\":\"https:\\\/\\\/www.encontracamacari.com.br\\\/sobre\\\/\",\"name\":\"Encontra Cama\\u00e7ari\",\"description\":\"Not\\u00edcias, eventos, informa\\u00e7\\u00f5es e dicas na cidade de Cama\\u00e7ari e regi\\u00e3o.\",\"inLanguage\":\"pt-BR\",\"publisher\":{\"@id\":\"https:\\\/\\\/www.encontracamacari.com.br\\\/sobre\\\/#organization\"}}]}\n\t\t<\/script>\n\t\t<!-- All in One SEO -->\n\n","aioseo_head_json":{"title":"Entrega de Cestas de Natal em Cama\u00e7ari \u00e9 marcada por organiza\u00e7\u00e3o e acolhimento - Encontra Cama\u00e7ari","description":"Cestas de Natal em Cama\u00e7ari refletem acolhimento e organiza\u00e7\u00e3o na entrega.","canonical_url":"https:\/\/www.encontracamacari.com.br\/sobre\/entrega-de-cestas-de-natal-em-camacari-e-marcada-por-organizacao-e-acolhimento\/","robots":"max-image-preview:large","keywords":"","webmasterTools":{"miscellaneous":""},"schema":{"@context":"https:\/\/schema.org","@graph":[{"@type":"BlogPosting","@id":"https:\/\/www.encontracamacari.com.br\/sobre\/entrega-de-cestas-de-natal-em-camacari-e-marcada-por-organizacao-e-acolhimento\/#blogposting","name":"Entrega de Cestas de Natal em Cama\u00e7ari \u00e9 marcada por organiza\u00e7\u00e3o e acolhimento - Encontra Cama\u00e7ari","headline":"Entrega de Cestas de Natal em Cama\u00e7ari \u00e9 marcada por organiza\u00e7\u00e3o e acolhimento","author":{"@id":"https:\/\/www.encontracamacari.com.br\/sobre\/author\/ecamacari\/#author"},"publisher":{"@id":"https:\/\/www.encontracamacari.com.br\/sobre\/#organization"},"image":{"@type":"ImageObject","url":"https:\/\/www.encontracamacari.com.br\/sobre\/wp-content\/uploads\/2026\/01\/entrega-de-cestas-de-natal-em-camacari-e-marcada-por-organizacao-e-acolhimento.webp","width":280,"height":280,"caption":"cestas de natal em cama\u00e7ari"},"datePublished":"2026-01-05T05:44:19+00:00","dateModified":"2026-01-05T05:44:19+00:00","inLanguage":"pt-BR","mainEntityOfPage":{"@id":"https:\/\/www.encontracamacari.com.br\/sobre\/entrega-de-cestas-de-natal-em-camacari-e-marcada-por-organizacao-e-acolhimento\/#webpage"},"isPartOf":{"@id":"https:\/\/www.encontracamacari.com.br\/sobre\/entrega-de-cestas-de-natal-em-camacari-e-marcada-por-organizacao-e-acolhimento\/#webpage"},"articleSection":"Not\u00edcias Cama\u00e7ari"},{"@type":"BreadcrumbList","@id":"https:\/\/www.encontracamacari.com.br\/sobre\/entrega-de-cestas-de-natal-em-camacari-e-marcada-por-organizacao-e-acolhimento\/#breadcrumblist","itemListElement":[{"@type":"ListItem","@id":"https:\/\/www.encontracamacari.com.br\/sobre#listItem","position":1,"name":"Home","item":"https:\/\/www.encontracamacari.com.br\/sobre","nextItem":{"@type":"ListItem","@id":"https:\/\/www.encontracamacari.com.br\/sobre\/noticias-em-camacari\/#listItem","name":"Not\u00edcias Cama\u00e7ari"}},{"@type":"ListItem","@id":"https:\/\/www.encontracamacari.com.br\/sobre\/noticias-em-camacari\/#listItem","position":2,"name":"Not\u00edcias Cama\u00e7ari","item":"https:\/\/www.encontracamacari.com.br\/sobre\/noticias-em-camacari\/","nextItem":{"@type":"ListItem","@id":"https:\/\/www.encontracamacari.com.br\/sobre\/entrega-de-cestas-de-natal-em-camacari-e-marcada-por-organizacao-e-acolhimento\/#listItem","name":"Entrega de Cestas de Natal em Cama\u00e7ari \u00e9 marcada por organiza\u00e7\u00e3o e acolhimento"},"previousItem":{"@type":"ListItem","@id":"https:\/\/www.encontracamacari.com.br\/sobre#listItem","name":"Home"}},{"@type":"ListItem","@id":"https:\/\/www.encontracamacari.com.br\/sobre\/entrega-de-cestas-de-natal-em-camacari-e-marcada-por-organizacao-e-acolhimento\/#listItem","position":3,"name":"Entrega de Cestas de Natal em Cama\u00e7ari \u00e9 marcada por organiza\u00e7\u00e3o e acolhimento","previousItem":{"@type":"ListItem","@id":"https:\/\/www.encontracamacari.com.br\/sobre\/noticias-em-camacari\/#listItem","name":"Not\u00edcias Cama\u00e7ari"}}]},{"@type":"Organization","@id":"https:\/\/www.encontracamacari.com.br\/sobre\/#organization","name":"Encontra Cama\u00e7ari","description":"Not\u00edcias, eventos, informa\u00e7\u00f5es e dicas na cidade de Cama\u00e7ari e regi\u00e3o.","url":"https:\/\/www.encontracamacari.com.br\/sobre\/"},{"@type":"Person","@id":"https:\/\/www.encontracamacari.com.br\/sobre\/author\/ecamacari\/#author","url":"https:\/\/www.encontracamacari.com.br\/sobre\/author\/ecamacari\/","name":"Encontra Cama\u00e7ari","image":{"@type":"ImageObject","@id":"https:\/\/www.encontracamacari.com.br\/sobre\/entrega-de-cestas-de-natal-em-camacari-e-marcada-por-organizacao-e-acolhimento\/#authorImage","url":"https:\/\/secure.gravatar.com\/avatar\/507340682b8270222e1f208e23198b6ae7e2c6a1033ae84e99bc6bce4f82a387?s=96&d=mm&r=g","width":96,"height":96,"caption":"Encontra Cama\u00e7ari"}},{"@type":"WebPage","@id":"https:\/\/www.encontracamacari.com.br\/sobre\/entrega-de-cestas-de-natal-em-camacari-e-marcada-por-organizacao-e-acolhimento\/#webpage","url":"https:\/\/www.encontracamacari.com.br\/sobre\/entrega-de-cestas-de-natal-em-camacari-e-marcada-por-organizacao-e-acolhimento\/","name":"Entrega de Cestas de Natal em Cama\u00e7ari \u00e9 marcada por organiza\u00e7\u00e3o e acolhimento - Encontra Cama\u00e7ari","description":"Cestas de Natal em Cama\u00e7ari refletem acolhimento e organiza\u00e7\u00e3o na entrega.","inLanguage":"pt-BR","isPartOf":{"@id":"https:\/\/www.encontracamacari.com.br\/sobre\/#website"},"breadcrumb":{"@id":"https:\/\/www.encontracamacari.com.br\/sobre\/entrega-de-cestas-de-natal-em-camacari-e-marcada-por-organizacao-e-acolhimento\/#breadcrumblist"},"author":{"@id":"https:\/\/www.encontracamacari.com.br\/sobre\/author\/ecamacari\/#author"},"creator":{"@id":"https:\/\/www.encontracamacari.com.br\/sobre\/author\/ecamacari\/#author"},"image":{"@type":"ImageObject","url":"https:\/\/www.encontracamacari.com.br\/sobre\/wp-content\/uploads\/2026\/01\/entrega-de-cestas-de-natal-em-camacari-e-marcada-por-organizacao-e-acolhimento.webp","@id":"https:\/\/www.encontracamacari.com.br\/sobre\/entrega-de-cestas-de-natal-em-camacari-e-marcada-por-organizacao-e-acolhimento\/#mainImage","width":280,"height":280,"caption":"cestas de natal em cama\u00e7ari"},"primaryImageOfPage":{"@id":"https:\/\/www.encontracamacari.com.br\/sobre\/entrega-de-cestas-de-natal-em-camacari-e-marcada-por-organizacao-e-acolhimento\/#mainImage"},"datePublished":"2026-01-05T05:44:19+00:00","dateModified":"2026-01-05T05:44:19+00:00"},{"@type":"WebSite","@id":"https:\/\/www.encontracamacari.com.br\/sobre\/#website","url":"https:\/\/www.encontracamacari.com.br\/sobre\/","name":"Encontra Cama\u00e7ari","description":"Not\u00edcias, eventos, informa\u00e7\u00f5es e dicas na cidade de Cama\u00e7ari e regi\u00e3o.","inLanguage":"pt-BR","publisher":{"@id":"https:\/\/www.encontracamacari.com.br\/sobre\/#organization"}}]},"og:locale":"pt_BR","og:site_name":"Encontra Cama\u00e7ari - Not\u00edcias, eventos, informa\u00e7\u00f5es e dicas na cidade de Cama\u00e7ari e regi\u00e3o.","og:type":"article","og:title":"Entrega de Cestas de Natal em Cama\u00e7ari \u00e9 marcada por organiza\u00e7\u00e3o e acolhimento - Encontra Cama\u00e7ari","og:description":"Cestas de Natal em Cama\u00e7ari refletem acolhimento e organiza\u00e7\u00e3o na entrega.","og:url":"https:\/\/www.encontracamacari.com.br\/sobre\/entrega-de-cestas-de-natal-em-camacari-e-marcada-por-organizacao-e-acolhimento\/","article:published_time":"2026-01-05T05:44:19+00:00","article:modified_time":"2026-01-05T05:44:19+00:00","twitter:card":"summary_large_image","twitter:title":"Entrega de Cestas de Natal em Cama\u00e7ari \u00e9 marcada por organiza\u00e7\u00e3o e acolhimento - Encontra Cama\u00e7ari","twitter:description":"Cestas de Natal em Cama\u00e7ari refletem acolhimento e organiza\u00e7\u00e3o na entrega."},"aioseo_meta_data":{"post_id":"520","title":null,"description":null,"keywords":null,"keyphrases":null,"primary_term":null,"canonical_url":null,"og_title":null,"og_description":null,"og_object_type":"default","og_image_type":"default","og_image_url":null,"og_image_width":null,"og_image_height":null,"og_image_custom_url":null,"og_image_custom_fields":null,"og_video":null,"og_custom_url":null,"og_article_section":null,"og_article_tags":null,"twitter_use_og":false,"twitter_card":"default","twitter_image_type":"default","twitter_image_url":null,"twitter_image_custom_url":null,"twitter_image_custom_fields":null,"twitter_title":null,"twitter_description":null,"schema":{"blockGraphs":[],"customGraphs":[],"default":{"data":{"Article":[],"Course":[],"Dataset":[],"FAQPage":[],"Movie":[],"Person":[],"Product":[],"ProductReview":[],"Car":[],"Recipe":[],"Service":[],"SoftwareApplication":[],"WebPage":[]},"graphName":"BlogPosting","isEnabled":true},"graphs":[]},"schema_type":"default","schema_type_options":null,"pillar_content":false,"robots_default":true,"robots_noindex":false,"robots_noarchive":false,"robots_nosnippet":false,"robots_nofollow":false,"robots_noimageindex":false,"robots_noodp":false,"robots_notranslate":false,"robots_max_snippet":null,"robots_max_videopreview":null,"robots_max_imagepreview":"large","priority":null,"frequency":null,"local_seo":null,"limit_modified_date":false,"created":"2026-01-05 05:44:23","updated":"2026-08-06 00:45:38","focus_keyword":null,"additional_keywords":null,"truseo_locale":null,"ai":null,"breadcrumb_settings":null,"seo_analyzer_scan_date":null},"aioseo_breadcrumb":"<div class=\"aioseo-breadcrumbs\"><span class=\"aioseo-breadcrumb\">\n\t\t\t<a href=\"https:\/\/www.encontracamacari.com.br\/sobre\" title=\"Home\">Home<\/a>\n\t\t<\/span><span class=\"aioseo-breadcrumb-separator\">&raquo;<\/span><span class=\"aioseo-breadcrumb\">\n\t\t\t<a href=\"https:\/\/www.encontracamacari.com.br\/sobre\/noticias-em-camacari\/\" title=\"Not\u00edcias Cama\u00e7ari\">Not\u00edcias Cama\u00e7ari<\/a>\n\t\t<\/span><span class=\"aioseo-breadcrumb-separator\">&raquo;<\/span><span class=\"aioseo-breadcrumb\">\n\t\t\tEntrega de Cestas de Natal em Cama\u00e7ari \u00e9 marcada por organiza\u00e7\u00e3o e acolhimento\n\t\t<\/span><\/div>","aioseo_breadcrumb_json":[{"label":"Home","link":"https:\/\/www.encontracamacari.com.br\/sobre"},{"label":"Not\u00edcias Cama\u00e7ari","link":"https:\/\/www.encontracamacari.com.br\/sobre\/noticias-em-camacari\/"},{"label":"Entrega de Cestas de Natal em Cama\u00e7ari \u00e9 marcada por organiza\u00e7\u00e3o e acolhimento","link":"https:\/\/www.encontracamacari.com.br\/sobre\/entrega-de-cestas-de-natal-em-camacari-e-marcada-por-organizacao-e-acolhimento\/"}],"_links":{"self":[{"href":"https:\/\/www.encontracamacari.com.br\/sobre\/wp-json\/wp\/v2\/posts\/520","targetHints":{"allow":["GET"]}}],"collection":[{"href":"https:\/\/www.encontracamacari.com.br\/sobre\/wp-json\/wp\/v2\/posts"}],"about":[{"href":"https:\/\/www.encontracamacari.com.br\/sobre\/wp-json\/wp\/v2\/types\/post"}],"author":[{"embeddable":true,"href":"https:\/\/www.encontracamacari.com.br\/sobre\/wp-json\/wp\/v2\/users\/1"}],"replies":[{"embeddable":true,"href":"https:\/\/www.encontracamacari.com.br\/sobre\/wp-json\/wp\/v2\/comments?post=520"}],"version-history":[{"count":0,"href":"https:\/\/www.encontracamacari.com.br\/sobre\/wp-json\/wp\/v2\/posts\/520\/revisions"}],"wp:featuredmedia":[{"embeddable":true,"href":"https:\/\/www.encontracamacari.com.br\/sobre\/wp-json\/wp\/v2\/media\/519"}],"wp:attachment":[{"href":"https:\/\/www.encontracamacari.com.br\/sobre\/wp-json\/wp\/v2\/media?parent=520"}],"wp:term":[{"taxonomy":"category","embeddable":true,"href":"https:\/\/www.encontracamacari.com.br\/sobre\/wp-json\/wp\/v2\/categories?post=520"},{"taxonomy":"post_tag","embeddable":true,"href":"https:\/\/www.encontracamacari.com.br\/sobre\/wp-json\/wp\/v2\/tags?post=520"}],"curies":[{"name":"wp","href":"https:\/\/api.w.org\/{rel}","templated":true}]}}